{"id":2492,"date":"2022-08-15T22:03:31","date_gmt":"2022-08-15T22:03:31","guid":{"rendered":"https:\/\/urbe.com.ar\/wp\/?p=2492"},"modified":"2022-08-15T22:03:33","modified_gmt":"2022-08-15T22:03:33","slug":"transiciones-a-una-movilidad-sustentable-situacion-actual-y-desafios","status":"publish","type":"post","link":"https:\/\/urbe.com.ar\/wp\/transiciones-a-una-movilidad-sustentable-situacion-actual-y-desafios\/","title":{"rendered":"Transiciones a una movilidad sustentable:\u00a0situaci\u00f3n actual y desaf\u00edos."},"content":{"rendered":"\n[et_pb_section fb_built=\u00bb1&#8243; _builder_version=\u00bb4.16&#8243; custom_padding=\u00bb0px|||||\u00bb global_colors_info=\u00bb{}\u00bb theme_builder_area=\u00bbpost_content\u00bb][et_pb_row _builder_version=\u00bb4.16&#8243; global_colors_info=\u00bb{}\u00bb theme_builder_area=\u00bbpost_content\u00bb][et_pb_column type=\u00bb4_4&#8243; _builder_version=\u00bb4.16&#8243; global_colors_info=\u00bb{}\u00bb theme_builder_area=\u00bbpost_content\u00bb][et_pb_text disabled_on=\u00bbon|on|on\u00bb _builder_version=\u00bb4.17.6&#8243; hover_enabled=\u00bb0&#8243; disabled=\u00bbon\u00bb global_colors_info=\u00bb{}\u00bb theme_builder_area=\u00bbpost_content\u00bb sticky_enabled=\u00bb0&#8243;]<p><span>En el mes de Agosto Fundaci\u00f3n Urbe fue parte de una serie de di\u00e1logos estrat\u00e9gicos sobre sistemas de transporte y la transici\u00f3n hacia una movilidad m\u00e1s sostenible en el AMBA. En la siguiente\u00a0<\/span><i>Ficha de Recomendaciones de pol\u00edticas p\u00fablicas<\/i><span>\u00a0presentamos los conceptos claves y una Caja de Herramientas de aportes.\u00a0<\/span><\/p>[\/et_pb_text][et_pb_text _builder_version=\u00bb4.17.6&#8243; header_font=\u00bb|600|||||||\u00bb header_font_size=\u00bb32px\u00bb header_2_font_size=\u00bb22px\u00bb hover_enabled=\u00bb0&#8243; global_colors_info=\u00bb{}\u00bb theme_builder_area=\u00bbpost_content\u00bb sticky_enabled=\u00bb0&#8243;]<h1><span>Transiciones a una movilidad sustentable:\u00a0<\/span><span>situaci\u00f3n actual y desaf\u00edos.<\/span><\/h1>[\/et_pb_text][et_pb_text _builder_version=\u00bb4.16&#8243; global_colors_info=\u00bb{}\u00bb theme_builder_area=\u00bbpost_content\u00bb]<hr>[\/et_pb_text][et_pb_image src=\u00bbhttps:\/\/urbe.com.ar\/wp\/wp-content\/uploads\/2022\/08\/Fondo_PB_Movilidad-scaled.gif\u00bb alt=\u00bbfondo\u00bb title_text=\u00bbpexels-katerina-holmes-5905959&#8243; force_fullwidth=\u00bbon\u00bb disabled_on=\u00bbon|on|on\u00bb _builder_version=\u00bb4.17.6&#8243; hover_enabled=\u00bb0&#8243; global_colors_info=\u00bb{}\u00bb theme_builder_area=\u00bbpost_content\u00bb sticky_enabled=\u00bb0&#8243; disabled=\u00bbon\u00bb][\/et_pb_image][et_pb_text _builder_version=\u00bb4.17.6&#8243; text_font_size=\u00bb17px\u00bb text_orientation=\u00bbjustified\u00bb hover_enabled=\u00bb0&#8243; text_font_size_tablet=\u00bb\u00bb text_font_size_phone=\u00bb15px\u00bb text_font_size_last_edited=\u00bbon|desktop\u00bb global_colors_info=\u00bb{}\u00bb theme_builder_area=\u00bbpost_content\u00bb sticky_enabled=\u00bb0&#8243;]<div><span style=\"font-size: large;\">En el mes de Agosto Fundaci\u00f3n Urbe fue parte de una serie de di\u00e1logos estrat\u00e9gicos sobre sistemas de transporte y la transici\u00f3n hacia una movilidad m\u00e1s sostenible en el AMBA. En la siguiente<span>\u00a0<\/span><i>Ficha de Recomendaciones de pol\u00edticas p\u00fablicas<\/i><span>\u00a0<\/span>presentamos los conceptos claves y una Caja de Herramientas de aportes.\u00a0<\/span><\/div>\n<div><\/div>[\/et_pb_text][et_pb_text _builder_version=\u00bb4.17.6&#8243; text_font_size=\u00bb17px\u00bb text_orientation=\u00bbjustified\u00bb hover_enabled=\u00bb0&#8243; text_font_size_tablet=\u00bb\u00bb text_font_size_phone=\u00bb15px\u00bb text_font_size_last_edited=\u00bbon|desktop\u00bb global_colors_info=\u00bb{}\u00bb theme_builder_area=\u00bbpost_content\u00bb sticky_enabled=\u00bb0&#8243;]<a href=\"https:\/\/urbe.com.ar\/wp\/wp-content\/uploads\/2022\/08\/URBE_RPP_Movilidad_Agosto.pdf\" download=\"Ficha de recomendaciones\">Ver Ficha de Recomendaciones<\/a>[\/et_pb_text][\/et_pb_column][\/et_pb_row][\/et_pb_section]\n","protected":false},"excerpt":{"rendered":"<p>En el mes de Agosto Fundaci\u00f3n Urbe fue parte de una serie de di\u00e1logos estrat\u00e9gicos sobre sistemas de transporte y la transici\u00f3n hacia una movilidad m\u00e1s sostenible en el AMBA. En la siguiente\u00a0Ficha de Recomendaciones de pol\u00edticas p\u00fablicas\u00a0presentamos los conceptos claves y una Caja de Herramientas de aportes.\u00a0Transiciones a una movilidad sustentable:\u00a0situaci\u00f3n actual y desaf\u00edos.En [&hellip;]<\/p>\n","protected":false},"author":2,"featured_media":2495,"comment_status":"closed","ping_status":"closed","sticky":false,"template":"","format":"standard","meta":{"_et_pb_use_builder":"on","_et_pb_old_content":"","_et_gb_content_width":"1080","_jetpack_memberships_contains_paid_content":false,"footnotes":""},"categories":[33,31],"tags":[],"class_list":["post-2492","post","type-post","status-publish","format-standard","has-post-thumbnail","hentry","category-notas","category-slide"],"yoast_head":"<!-- This site is optimized with the Yoast SEO plugin v27.5 - https:\/\/yoast.com\/product\/yoast-seo-wordpress\/ -->\n<title>Transiciones a una movilidad sustentable:\u00a0situaci\u00f3n actual y desaf\u00edos. - Fundaci\u00f3n Urbe<\/title>\n<meta name=\"robots\" content=\"index, follow, max-snippet:-1, max-image-preview:large, max-video-preview:-1\" \/>\n<link rel=\"canonical\" href=\"https:\/\/urbe.com.ar\/wp\/transiciones-a-una-movilidad-sustentable-situacion-actual-y-desafios\/\" \/>\n<meta property=\"og:locale\" content=\"es_ES\" \/>\n<meta property=\"og:type\" content=\"article\" \/>\n<meta property=\"og:title\" content=\"Transiciones a una movilidad sustentable:\u00a0situaci\u00f3n actual y desaf\u00edos. - Fundaci\u00f3n Urbe\" \/>\n<meta property=\"og:description\" content=\"En el mes de Agosto Fundaci\u00f3n Urbe fue parte de una serie de di\u00e1logos estrat\u00e9gicos sobre sistemas de transporte y la transici\u00f3n hacia una movilidad m\u00e1s sostenible en el AMBA. En la siguiente\u00a0Ficha de Recomendaciones de pol\u00edticas p\u00fablicas\u00a0presentamos los conceptos claves y una Caja de Herramientas de aportes.\u00a0Transiciones a una movilidad sustentable:\u00a0situaci\u00f3n actual y desaf\u00edos.En [&hellip;]\" \/>\n<meta property=\"og:url\" content=\"https:\/\/urbe.com.ar\/wp\/transiciones-a-una-movilidad-sustentable-situacion-actual-y-desafios\/\" \/>\n<meta property=\"og:site_name\" content=\"Fundaci\u00f3n Urbe\" \/>\n<meta property=\"article:published_time\" content=\"2022-08-15T22:03:31+00:00\" \/>\n<meta property=\"article:modified_time\" content=\"2022-08-15T22:03:33+00:00\" \/>\n<meta property=\"og:image\" content=\"https:\/\/urbe.com.ar\/wp\/wp-content\/uploads\/2022\/08\/Fondo_PB_Movilidad-scaled.gif\" \/>\n\t<meta property=\"og:image:width\" content=\"2560\" \/>\n\t<meta property=\"og:image:height\" content=\"1536\" \/>\n\t<meta property=\"og:image:type\" content=\"image\/gif\" \/>\n<meta name=\"author\" content=\"Admin_Urbe\" \/>\n<meta name=\"twitter:card\" content=\"summary_large_image\" \/>\n<meta name=\"twitter:label1\" content=\"Escrito por\" \/>\n\t<meta name=\"twitter:data1\" content=\"Admin_Urbe\" \/>\n\t<meta name=\"twitter:label2\" content=\"Tiempo de lectura\" \/>\n\t<meta name=\"twitter:data2\" content=\"1 minuto\" \/>\n<script type=\"application\/ld+json\" class=\"yoast-schema-graph\">{\"@context\":\"https:\\\/\\\/schema.org\",\"@graph\":[{\"@type\":\"Article\",\"@id\":\"https:\\\/\\\/urbe.com.ar\\\/wp\\\/transiciones-a-una-movilidad-sustentable-situacion-actual-y-desafios\\\/#article\",\"isPartOf\":{\"@id\":\"https:\\\/\\\/urbe.com.ar\\\/wp\\\/transiciones-a-una-movilidad-sustentable-situacion-actual-y-desafios\\\/\"},\"author\":{\"name\":\"Admin_Urbe\",\"@id\":\"https:\\\/\\\/urbe.com.ar\\\/wp\\\/#\\\/schema\\\/person\\\/6eb3e83c215b12e07f3981b58fdaf67f\"},\"headline\":\"Transiciones a una movilidad sustentable:\u00a0situaci\u00f3n actual y desaf\u00edos.\",\"datePublished\":\"2022-08-15T22:03:31+00:00\",\"dateModified\":\"2022-08-15T22:03:33+00:00\",\"mainEntityOfPage\":{\"@id\":\"https:\\\/\\\/urbe.com.ar\\\/wp\\\/transiciones-a-una-movilidad-sustentable-situacion-actual-y-desafios\\\/\"},\"wordCount\":400,\"publisher\":{\"@id\":\"https:\\\/\\\/urbe.com.ar\\\/wp\\\/#organization\"},\"image\":{\"@id\":\"https:\\\/\\\/urbe.com.ar\\\/wp\\\/transiciones-a-una-movilidad-sustentable-situacion-actual-y-desafios\\\/#primaryimage\"},\"thumbnailUrl\":\"https:\\\/\\\/urbe.com.ar\\\/wp\\\/wp-content\\\/uploads\\\/2022\\\/08\\\/Fondo_PB_Movilidad-scaled.gif\",\"articleSection\":[\"Notas\",\"Slide\"],\"inLanguage\":\"es\"},{\"@type\":\"WebPage\",\"@id\":\"https:\\\/\\\/urbe.com.ar\\\/wp\\\/transiciones-a-una-movilidad-sustentable-situacion-actual-y-desafios\\\/\",\"url\":\"https:\\\/\\\/urbe.com.ar\\\/wp\\\/transiciones-a-una-movilidad-sustentable-situacion-actual-y-desafios\\\/\",\"name\":\"Transiciones a una movilidad sustentable:\u00a0situaci\u00f3n actual y desaf\u00edos. - Fundaci\u00f3n Urbe\",\"isPartOf\":{\"@id\":\"https:\\\/\\\/urbe.com.ar\\\/wp\\\/#website\"},\"primaryImageOfPage\":{\"@id\":\"https:\\\/\\\/urbe.com.ar\\\/wp\\\/transiciones-a-una-movilidad-sustentable-situacion-actual-y-desafios\\\/#primaryimage\"},\"image\":{\"@id\":\"https:\\\/\\\/urbe.com.ar\\\/wp\\\/transiciones-a-una-movilidad-sustentable-situacion-actual-y-desafios\\\/#primaryimage\"},\"thumbnailUrl\":\"https:\\\/\\\/urbe.com.ar\\\/wp\\\/wp-content\\\/uploads\\\/2022\\\/08\\\/Fondo_PB_Movilidad-scaled.gif\",\"datePublished\":\"2022-08-15T22:03:31+00:00\",\"dateModified\":\"2022-08-15T22:03:33+00:00\",\"inLanguage\":\"es\",\"potentialAction\":[{\"@type\":\"ReadAction\",\"target\":[\"https:\\\/\\\/urbe.com.ar\\\/wp\\\/transiciones-a-una-movilidad-sustentable-situacion-actual-y-desafios\\\/\"]}]},{\"@type\":\"ImageObject\",\"inLanguage\":\"es\",\"@id\":\"https:\\\/\\\/urbe.com.ar\\\/wp\\\/transiciones-a-una-movilidad-sustentable-situacion-actual-y-desafios\\\/#primaryimage\",\"url\":\"https:\\\/\\\/urbe.com.ar\\\/wp\\\/wp-content\\\/uploads\\\/2022\\\/08\\\/Fondo_PB_Movilidad-scaled.gif\",\"contentUrl\":\"https:\\\/\\\/urbe.com.ar\\\/wp\\\/wp-content\\\/uploads\\\/2022\\\/08\\\/Fondo_PB_Movilidad-scaled.gif\",\"width\":2560,\"height\":1536,\"caption\":\"fondo\"},{\"@type\":\"WebSite\",\"@id\":\"https:\\\/\\\/urbe.com.ar\\\/wp\\\/#website\",\"url\":\"https:\\\/\\\/urbe.com.ar\\\/wp\\\/\",\"name\":\"Fundaci\u00f3n Urbe\",\"description\":\"\",\"publisher\":{\"@id\":\"https:\\\/\\\/urbe.com.ar\\\/wp\\\/#organization\"},\"potentialAction\":[{\"@type\":\"SearchAction\",\"target\":{\"@type\":\"EntryPoint\",\"urlTemplate\":\"https:\\\/\\\/urbe.com.ar\\\/wp\\\/?s={search_term_string}\"},\"query-input\":{\"@type\":\"PropertyValueSpecification\",\"valueRequired\":true,\"valueName\":\"search_term_string\"}}],\"inLanguage\":\"es\"},{\"@type\":\"Organization\",\"@id\":\"https:\\\/\\\/urbe.com.ar\\\/wp\\\/#organization\",\"name\":\"Fundaci\u00f3n Urbe\",\"url\":\"https:\\\/\\\/urbe.com.ar\\\/wp\\\/\",\"logo\":{\"@type\":\"ImageObject\",\"inLanguage\":\"es\",\"@id\":\"https:\\\/\\\/urbe.com.ar\\\/wp\\\/#\\\/schema\\\/logo\\\/image\\\/\",\"url\":\"https:\\\/\\\/urbe.com.ar\\\/wp\\\/wp-content\\\/uploads\\\/2017\\\/07\\\/LOGO.png\",\"contentUrl\":\"https:\\\/\\\/urbe.com.ar\\\/wp\\\/wp-content\\\/uploads\\\/2017\\\/07\\\/LOGO.png\",\"width\":1912,\"height\":2092,\"caption\":\"Fundaci\u00f3n Urbe\"},\"image\":{\"@id\":\"https:\\\/\\\/urbe.com.ar\\\/wp\\\/#\\\/schema\\\/logo\\\/image\\\/\"}},{\"@type\":\"Person\",\"@id\":\"https:\\\/\\\/urbe.com.ar\\\/wp\\\/#\\\/schema\\\/person\\\/6eb3e83c215b12e07f3981b58fdaf67f\",\"name\":\"Admin_Urbe\",\"image\":{\"@type\":\"ImageObject\",\"inLanguage\":\"es\",\"@id\":\"https:\\\/\\\/secure.gravatar.com\\\/avatar\\\/e2dd9f57ae862b47511e1ff7521fa6e56e3cace6eba2d673283fb20dbf90c81d?s=96&d=mm&r=g\",\"url\":\"https:\\\/\\\/secure.gravatar.com\\\/avatar\\\/e2dd9f57ae862b47511e1ff7521fa6e56e3cace6eba2d673283fb20dbf90c81d?s=96&d=mm&r=g\",\"contentUrl\":\"https:\\\/\\\/secure.gravatar.com\\\/avatar\\\/e2dd9f57ae862b47511e1ff7521fa6e56e3cace6eba2d673283fb20dbf90c81d?s=96&d=mm&r=g\",\"caption\":\"Admin_Urbe\"}}]}<\/script>\n<!-- \/ Yoast SEO plugin. -->","yoast_head_json":{"title":"Transiciones a una movilidad sustentable:\u00a0situaci\u00f3n actual y desaf\u00edos. - Fundaci\u00f3n Urbe","robots":{"index":"index","follow":"follow","max-snippet":"max-snippet:-1","max-image-preview":"max-image-preview:large","max-video-preview":"max-video-preview:-1"},"canonical":"https:\/\/urbe.com.ar\/wp\/transiciones-a-una-movilidad-sustentable-situacion-actual-y-desafios\/","og_locale":"es_ES","og_type":"article","og_title":"Transiciones a una movilidad sustentable:\u00a0situaci\u00f3n actual y desaf\u00edos. - Fundaci\u00f3n Urbe","og_description":"En el mes de Agosto Fundaci\u00f3n Urbe fue parte de una serie de di\u00e1logos estrat\u00e9gicos sobre sistemas de transporte y la transici\u00f3n hacia una movilidad m\u00e1s sostenible en el AMBA. En la siguiente\u00a0Ficha de Recomendaciones de pol\u00edticas p\u00fablicas\u00a0presentamos los conceptos claves y una Caja de Herramientas de aportes.\u00a0Transiciones a una movilidad sustentable:\u00a0situaci\u00f3n actual y desaf\u00edos.En [&hellip;]","og_url":"https:\/\/urbe.com.ar\/wp\/transiciones-a-una-movilidad-sustentable-situacion-actual-y-desafios\/","og_site_name":"Fundaci\u00f3n Urbe","article_published_time":"2022-08-15T22:03:31+00:00","article_modified_time":"2022-08-15T22:03:33+00:00","og_image":[{"width":2560,"height":1536,"url":"https:\/\/urbe.com.ar\/wp\/wp-content\/uploads\/2022\/08\/Fondo_PB_Movilidad-scaled.gif","type":"image\/gif"}],"author":"Admin_Urbe","twitter_card":"summary_large_image","twitter_misc":{"Escrito por":"Admin_Urbe","Tiempo de lectura":"1 minuto"},"schema":{"@context":"https:\/\/schema.org","@graph":[{"@type":"Article","@id":"https:\/\/urbe.com.ar\/wp\/transiciones-a-una-movilidad-sustentable-situacion-actual-y-desafios\/#article","isPartOf":{"@id":"https:\/\/urbe.com.ar\/wp\/transiciones-a-una-movilidad-sustentable-situacion-actual-y-desafios\/"},"author":{"name":"Admin_Urbe","@id":"https:\/\/urbe.com.ar\/wp\/#\/schema\/person\/6eb3e83c215b12e07f3981b58fdaf67f"},"headline":"Transiciones a una movilidad sustentable:\u00a0situaci\u00f3n actual y desaf\u00edos.","datePublished":"2022-08-15T22:03:31+00:00","dateModified":"2022-08-15T22:03:33+00:00","mainEntityOfPage":{"@id":"https:\/\/urbe.com.ar\/wp\/transiciones-a-una-movilidad-sustentable-situacion-actual-y-desafios\/"},"wordCount":400,"publisher":{"@id":"https:\/\/urbe.com.ar\/wp\/#organization"},"image":{"@id":"https:\/\/urbe.com.ar\/wp\/transiciones-a-una-movilidad-sustentable-situacion-actual-y-desafios\/#primaryimage"},"thumbnailUrl":"https:\/\/urbe.com.ar\/wp\/wp-content\/uploads\/2022\/08\/Fondo_PB_Movilidad-scaled.gif","articleSection":["Notas","Slide"],"inLanguage":"es"},{"@type":"WebPage","@id":"https:\/\/urbe.com.ar\/wp\/transiciones-a-una-movilidad-sustentable-situacion-actual-y-desafios\/","url":"https:\/\/urbe.com.ar\/wp\/transiciones-a-una-movilidad-sustentable-situacion-actual-y-desafios\/","name":"Transiciones a una movilidad sustentable:\u00a0situaci\u00f3n actual y desaf\u00edos. - Fundaci\u00f3n Urbe","isPartOf":{"@id":"https:\/\/urbe.com.ar\/wp\/#website"},"primaryImageOfPage":{"@id":"https:\/\/urbe.com.ar\/wp\/transiciones-a-una-movilidad-sustentable-situacion-actual-y-desafios\/#primaryimage"},"image":{"@id":"https:\/\/urbe.com.ar\/wp\/transiciones-a-una-movilidad-sustentable-situacion-actual-y-desafios\/#primaryimage"},"thumbnailUrl":"https:\/\/urbe.com.ar\/wp\/wp-content\/uploads\/2022\/08\/Fondo_PB_Movilidad-scaled.gif","datePublished":"2022-08-15T22:03:31+00:00","dateModified":"2022-08-15T22:03:33+00:00","inLanguage":"es","potentialAction":[{"@type":"ReadAction","target":["https:\/\/urbe.com.ar\/wp\/transiciones-a-una-movilidad-sustentable-situacion-actual-y-desafios\/"]}]},{"@type":"ImageObject","inLanguage":"es","@id":"https:\/\/urbe.com.ar\/wp\/transiciones-a-una-movilidad-sustentable-situacion-actual-y-desafios\/#primaryimage","url":"https:\/\/urbe.com.ar\/wp\/wp-content\/uploads\/2022\/08\/Fondo_PB_Movilidad-scaled.gif","contentUrl":"https:\/\/urbe.com.ar\/wp\/wp-content\/uploads\/2022\/08\/Fondo_PB_Movilidad-scaled.gif","width":2560,"height":1536,"caption":"fondo"},{"@type":"WebSite","@id":"https:\/\/urbe.com.ar\/wp\/#website","url":"https:\/\/urbe.com.ar\/wp\/","name":"Fundaci\u00f3n Urbe","description":"","publisher":{"@id":"https:\/\/urbe.com.ar\/wp\/#organization"},"potentialAction":[{"@type":"SearchAction","target":{"@type":"EntryPoint","urlTemplate":"https:\/\/urbe.com.ar\/wp\/?s={search_term_string}"},"query-input":{"@type":"PropertyValueSpecification","valueRequired":true,"valueName":"search_term_string"}}],"inLanguage":"es"},{"@type":"Organization","@id":"https:\/\/urbe.com.ar\/wp\/#organization","name":"Fundaci\u00f3n Urbe","url":"https:\/\/urbe.com.ar\/wp\/","logo":{"@type":"ImageObject","inLanguage":"es","@id":"https:\/\/urbe.com.ar\/wp\/#\/schema\/logo\/image\/","url":"https:\/\/urbe.com.ar\/wp\/wp-content\/uploads\/2017\/07\/LOGO.png","contentUrl":"https:\/\/urbe.com.ar\/wp\/wp-content\/uploads\/2017\/07\/LOGO.png","width":1912,"height":2092,"caption":"Fundaci\u00f3n Urbe"},"image":{"@id":"https:\/\/urbe.com.ar\/wp\/#\/schema\/logo\/image\/"}},{"@type":"Person","@id":"https:\/\/urbe.com.ar\/wp\/#\/schema\/person\/6eb3e83c215b12e07f3981b58fdaf67f","name":"Admin_Urbe","image":{"@type":"ImageObject","inLanguage":"es","@id":"https:\/\/secure.gravatar.com\/avatar\/e2dd9f57ae862b47511e1ff7521fa6e56e3cace6eba2d673283fb20dbf90c81d?s=96&d=mm&r=g","url":"https:\/\/secure.gravatar.com\/avatar\/e2dd9f57ae862b47511e1ff7521fa6e56e3cace6eba2d673283fb20dbf90c81d?s=96&d=mm&r=g","contentUrl":"https:\/\/secure.gravatar.com\/avatar\/e2dd9f57ae862b47511e1ff7521fa6e56e3cace6eba2d673283fb20dbf90c81d?s=96&d=mm&r=g","caption":"Admin_Urbe"}}]}},"jetpack_featured_media_url":"https:\/\/urbe.com.ar\/wp\/wp-content\/uploads\/2022\/08\/Fondo_PB_Movilidad-scaled.gif","jetpack_sharing_enabled":true,"_links":{"self":[{"href":"https:\/\/urbe.com.ar\/wp\/wp-json\/wp\/v2\/posts\/2492","targetHints":{"allow":["GET"]}}],"collection":[{"href":"https:\/\/urbe.com.ar\/wp\/wp-json\/wp\/v2\/posts"}],"about":[{"href":"https:\/\/urbe.com.ar\/wp\/wp-json\/wp\/v2\/types\/post"}],"author":[{"embeddable":true,"href":"https:\/\/urbe.com.ar\/wp\/wp-json\/wp\/v2\/users\/2"}],"replies":[{"embeddable":true,"href":"https:\/\/urbe.com.ar\/wp\/wp-json\/wp\/v2\/comments?post=2492"}],"version-history":[{"count":3,"href":"https:\/\/urbe.com.ar\/wp\/wp-json\/wp\/v2\/posts\/2492\/revisions"}],"predecessor-version":[{"id":2497,"href":"https:\/\/urbe.com.ar\/wp\/wp-json\/wp\/v2\/posts\/2492\/revisions\/2497"}],"wp:featuredmedia":[{"embeddable":true,"href":"https:\/\/urbe.com.ar\/wp\/wp-json\/wp\/v2\/media\/2495"}],"wp:attachment":[{"href":"https:\/\/urbe.com.ar\/wp\/wp-json\/wp\/v2\/media?parent=2492"}],"wp:term":[{"taxonomy":"category","embeddable":true,"href":"https:\/\/urbe.com.ar\/wp\/wp-json\/wp\/v2\/categories?post=2492"},{"taxonomy":"post_tag","embeddable":true,"href":"https:\/\/urbe.com.ar\/wp\/wp-json\/wp\/v2\/tags?post=2492"}],"curies":[{"name":"wp","href":"https:\/\/api.w.org\/{rel}","templated":true}]}}