{"id":9973,"date":"2024-07-20T06:43:41","date_gmt":"2024-07-20T06:43:41","guid":{"rendered":"https:\/\/urbe.com.ar\/revista\/?p=9973"},"modified":"2024-07-20T06:43:43","modified_gmt":"2024-07-20T06:43:43","slug":"politicas-culturales-para-el-futuro-del-peronismo","status":"publish","type":"post","link":"https:\/\/urbe.com.ar\/revista\/politicas-culturales-para-el-futuro-del-peronismo\/","title":{"rendered":"Pol\u00edticas culturales para el futuro del peronismo"},"content":{"rendered":"\n[et_pb_section fb_built=\u00bb1&#8243; disabled_on=\u00bbon|on|on\u00bb _builder_version=\u00bb4.20.0&#8243; disabled=\u00bbon\u00bb global_colors_info=\u00bb{}\u00bb][et_pb_row _builder_version=\u00bb4.25.1&#8243; global_colors_info=\u00bb{}\u00bb][et_pb_column type=\u00bb4_4&#8243; _builder_version=\u00bb4.18.0&#8243; global_colors_info=\u00bb{}\u00bb][et_pb_text disabled_on=\u00bbon|on|on\u00bb _builder_version=\u00bb4.27.0&#8243; text_font=\u00bbTitillium Web||||||||\u00bb custom_padding=\u00bb||28px|||\u00bb disabled=\u00bbon\u00bb global_colors_info=\u00bb{}\u00bb]<b>Federico Escribal<\/b>\u00a0| Federico Escribal propone una serie de lineamientos para una pol\u00edtica cultural que tenga como sujeto al Pueblo argentino, en lugar de orientarse s\u00f3lo al colectivo art\u00edstico. La democracia cultural, los derechos y la diversidad pueden ser los ejes de una propuesta transformadora, que tiene prop\u00f3sitos claros: convencer al Pueblo de su condici\u00f3n, recuperar la visi\u00f3n de un territorio integrado y solidario y frenar la desagregaci\u00f3n\u00a0nacional.[\/et_pb_text][\/et_pb_column][\/et_pb_row][\/et_pb_section][et_pb_section fb_built=\u00bb1&#8243; _builder_version=\u00bb4.25.1&#8243; _module_preset=\u00bbdefault\u00bb global_colors_info=\u00bb{}\u00bb][et_pb_row _builder_version=\u00bb4.25.1&#8243; background_color=\u00bb#ffffff\u00bb background_enable_image=\u00bboff\u00bb custom_margin=\u00bb40px||20px||false|false\u00bb custom_padding=\u00bb12px|0px|12px|0px|true|true\u00bb border_color_left=\u00bb#F2AF46&#8243; global_colors_info=\u00bb{}\u00bb][et_pb_column type=\u00bb4_4&#8243; _builder_version=\u00bb4.25.1&#8243; global_colors_info=\u00bb{}\u00bb][et_pb_text _builder_version=\u00bb4.27.0&#8243; text_font=\u00bbTitillium Web|600|||||||\u00bb text_text_color=\u00bb#000000&#8243; text_font_size=\u00bb18px\u00bb header_text_align=\u00bbcenter\u00bb header_font_size=\u00bb35px\u00bb background_color=\u00bbRGBA(255,255,255,0)\u00bb background_layout=\u00bbdark\u00bb custom_margin=\u00bb2%|0%|2%|0%|true|true\u00bb custom_padding=\u00bb|||13px|false|false\u00bb border_color_all=\u00bb#F2AF46&#8243; global_colors_info=\u00bb{}\u00bb]<p style=\"text-align: center;\"><strong>Urbe<\/strong><\/p>[\/et_pb_text][et_pb_text _builder_version=\u00bb4.26.1&#8243; text_font=\u00bbTitillium Web|300|||||||\u00bb text_text_color=\u00bb#000000&#8243; text_line_height=\u00bb1.4em\u00bb header_font=\u00bb|700||on|||||\u00bb header_text_align=\u00bbleft\u00bb header_text_color=\u00bb#272727&#8243; header_font_size=\u00bb4em\u00bb background_color=\u00bbRGBA(255,255,255,0)\u00bb background_enable_image=\u00bboff\u00bb background_size=\u00bbstretch\u00bb width=\u00bb100%\u00bb module_alignment=\u00bbleft\u00bb min_height=\u00bb71px\u00bb custom_margin=\u00bb3%|0%|3%|0%|true|true\u00bb custom_padding=\u00bb|0%|0px|0%|false|true\u00bb global_colors_info=\u00bb{}\u00bb]<h1 style=\"text-align: center;\">Pol\u00edticas culturales para el futuro del peronismo<\/h1>[\/et_pb_text][et_pb_text admin_label=\u00bbParrafo 1&#8243; _builder_version=\u00bb4.26.0&#8243; text_font=\u00bbTitillium Web||||||||\u00bb text_text_color=\u00bb#000000&#8243; text_font_size=\u00bb20px\u00bb text_line_height=\u00bb2em\u00bb custom_margin=\u00bb2%|0%|2%|0%|true|true\u00bb custom_padding=\u00bb||0px|||\u00bb text_font_size_tablet=\u00bb17px\u00bb text_font_size_phone=\u00bb16px\u00bb text_font_size_last_edited=\u00bbon|phone\u00bb locked=\u00bboff\u00bb inline_fonts=\u00bbRubik,Alkalami,Titillium Web\u00bb global_colors_info=\u00bb{}\u00bb]<p style=\"text-align: center;\">Federico Escribal propone una serie de lineamientos para una pol\u00edtica cultural que tenga como sujeto al Pueblo argentino, en lugar de orientarse s\u00f3lo al colectivo art\u00edstico. La democracia cultural, los derechos y la diversidad pueden ser los ejes de una propuesta transformadora, que tiene prop\u00f3sitos claros: convencer al Pueblo de su condici\u00f3n, recuperar la visi\u00f3n de un territorio integrado y solidario y frenar la desagregaci\u00f3n\u00a0nacional.<\/p>\n<p><span style=\"font-weight: 400;\"><\/span><\/p>[\/et_pb_text][et_pb_text _builder_version=\u00bb4.25.2&#8243; text_font=\u00bbTitillium Web||||||||\u00bb text_text_color=\u00bb#000000&#8243; text_font_size=\u00bb18px\u00bb header_text_align=\u00bbcenter\u00bb header_text_color=\u00bb#057E7E\u00bb header_font_size=\u00bb35px\u00bb text_orientation=\u00bbjustified\u00bb custom_margin=\u00bb2%|0%|2%|0%|true|true\u00bb custom_padding=\u00bb|||13px|false|false\u00bb border_color_left=\u00bb#F2AF46&#8243; global_colors_info=\u00bb{}\u00bb]<p style=\"text-align: center;\">Por <b>Federico Escribal<\/b><br \/><span style=\"font-size: medium;\">20 de julio de 2024<\/span><\/p>[\/et_pb_text][et_pb_image src=\u00bbhttps:\/\/urbe.com.ar\/revista\/wp-content\/uploads\/2024\/07\/banner-web-2.jpg\u00bb title_text=\u00bbbanner-web\u00bb disabled_on=\u00bboff|off|off\u00bb _builder_version=\u00bb4.27.0&#8243; background_enable_image=\u00bboff\u00bb custom_margin=\u00bb5%|0%|5%|0%|true|true\u00bb custom_margin_tablet=\u00bb\u00bb custom_margin_phone=\u00bb6%|0%|6%|0%|true|true\u00bb custom_margin_last_edited=\u00bbon|phone\u00bb hover_enabled=\u00bb0&#8243; global_colors_info=\u00bb{}\u00bb sticky_enabled=\u00bb0&#8243;][\/et_pb_image][\/et_pb_column][\/et_pb_row][et_pb_row column_structure=\u00bb1_2,1_2&#8243; use_custom_gutter=\u00bbon\u00bb gutter_width=\u00bb1&#8243; make_equal=\u00bbon\u00bb disabled_on=\u00bbon|off|off\u00bb _builder_version=\u00bb4.16&#8243; background_color=\u00bb#ffffff\u00bb custom_margin=\u00bb||||false|false\u00bb custom_padding=\u00bb0px||0px|0%|false|false\u00bb locked=\u00bboff\u00bb global_colors_info=\u00bb{}\u00bb][et_pb_column type=\u00bb1_2&#8243; _builder_version=\u00bb4.16&#8243; background_color=\u00bb#ffffff\u00bb custom_css_main_element=\u00bbwidth: 60% !important;\u00bb global_colors_info=\u00bb{}\u00bb][\/et_pb_column][et_pb_column type=\u00bb1_2&#8243; _builder_version=\u00bb4.16&#8243; custom_css_main_element=\u00bb||width: 40% !important;||margin: auto;||display: flex;||flex-direction: column;||justify-content: center;\u00bb global_colors_info=\u00bb{}\u00bb][et_pb_code _builder_version=\u00bb4.16&#8243; text_orientation=\u00bbcenter\u00bb module_alignment=\u00bbcenter\u00bb custom_margin=\u00bb2%||2%||true|false\u00bb custom_padding=\u00bb|6.7%||6.7%|false|true\u00bb global_colors_info=\u00bb{}\u00bb]<div class=\"addtoany_shortcode\"><div class=\"a2a_kit a2a_kit_size_32 addtoany_list\" data-a2a-url=\"https:\/\/urbe.com.ar\/revista\/politicas-culturales-para-el-futuro-del-peronismo\/\" data-a2a-title=\"Pol\u00edticas culturales para el futuro del peronismo\"><a class=\"a2a_button_facebook\" href=\"https:\/\/www.addtoany.com\/add_to\/facebook?linkurl=https%3A%2F%2Furbe.com.ar%2Frevista%2Fpoliticas-culturales-para-el-futuro-del-peronismo%2F&amp;linkname=Pol%C3%ADticas%20culturales%20para%20el%20futuro%20del%20peronismo\" title=\"Facebook\" rel=\"nofollow noopener\" target=\"_blank\"><\/a><a class=\"a2a_button_whatsapp\" href=\"https:\/\/www.addtoany.com\/add_to\/whatsapp?linkurl=https%3A%2F%2Furbe.com.ar%2Frevista%2Fpoliticas-culturales-para-el-futuro-del-peronismo%2F&amp;linkname=Pol%C3%ADticas%20culturales%20para%20el%20futuro%20del%20peronismo\" title=\"WhatsApp\" rel=\"nofollow noopener\" target=\"_blank\"><\/a><a class=\"a2a_button_twitter\" href=\"https:\/\/www.addtoany.com\/add_to\/twitter?linkurl=https%3A%2F%2Furbe.com.ar%2Frevista%2Fpoliticas-culturales-para-el-futuro-del-peronismo%2F&amp;linkname=Pol%C3%ADticas%20culturales%20para%20el%20futuro%20del%20peronismo\" title=\"Twitter\" rel=\"nofollow noopener\" target=\"_blank\"><\/a><a class=\"a2a_button_email\" href=\"https:\/\/www.addtoany.com\/add_to\/email?linkurl=https%3A%2F%2Furbe.com.ar%2Frevista%2Fpoliticas-culturales-para-el-futuro-del-peronismo%2F&amp;linkname=Pol%C3%ADticas%20culturales%20para%20el%20futuro%20del%20peronismo\" title=\"Email\" rel=\"nofollow noopener\" target=\"_blank\"><\/a><a class=\"a2a_button_copy_link\" href=\"https:\/\/www.addtoany.com\/add_to\/copy_link?linkurl=https%3A%2F%2Furbe.com.ar%2Frevista%2Fpoliticas-culturales-para-el-futuro-del-peronismo%2F&amp;linkname=Pol%C3%ADticas%20culturales%20para%20el%20futuro%20del%20peronismo\" title=\"Copy Link\" rel=\"nofollow noopener\" target=\"_blank\"><\/a><\/div><\/div>[\/et_pb_code][\/et_pb_column][\/et_pb_row][et_pb_row use_custom_gutter=\u00bbon\u00bb gutter_width=\u00bb1&#8243; make_equal=\u00bbon\u00bb disabled_on=\u00bboff|on|on\u00bb _builder_version=\u00bb4.16&#8243; background_color=\u00bb#ffffff\u00bb custom_margin=\u00bb||||false|false\u00bb custom_padding=\u00bb0px||0px|0%|false|false\u00bb locked=\u00bboff\u00bb global_colors_info=\u00bb{}\u00bb][et_pb_column type=\u00bb4_4&#8243; _builder_version=\u00bb4.16&#8243; background_color=\u00bb#ffffff\u00bb global_colors_info=\u00bb{}\u00bb][et_pb_code disabled_on=\u00bboff|off|off\u00bb _builder_version=\u00bb4.16&#8243; _module_preset=\u00bbdefault\u00bb text_orientation=\u00bbcenter\u00bb width=\u00bb100%\u00bb width_tablet=\u00bb\u00bb width_phone=\u00bb100%\u00bb width_last_edited=\u00bbon|phone\u00bb max_width=\u00bb100%\u00bb max_width_tablet=\u00bb\u00bb max_width_phone=\u00bb\u00bb max_width_last_edited=\u00bbon|tablet\u00bb module_alignment=\u00bbright\u00bb custom_margin_tablet=\u00bb\u00bb custom_margin_phone=\u00bb\u00bb custom_margin_last_edited=\u00bbon|phone\u00bb module_alignment_tablet=\u00bb\u00bb module_alignment_phone=\u00bbcenter\u00bb module_alignment_last_edited=\u00bbon|desktop\u00bb global_colors_info=\u00bb{}\u00bb]<div class=\"addtoany_shortcode\"><div class=\"a2a_kit a2a_kit_size_32 addtoany_list\" data-a2a-url=\"https:\/\/urbe.com.ar\/revista\/politicas-culturales-para-el-futuro-del-peronismo\/\" data-a2a-title=\"Pol\u00edticas culturales para el futuro del peronismo\"><a class=\"a2a_button_facebook\" href=\"https:\/\/www.addtoany.com\/add_to\/facebook?linkurl=https%3A%2F%2Furbe.com.ar%2Frevista%2Fpoliticas-culturales-para-el-futuro-del-peronismo%2F&amp;linkname=Pol%C3%ADticas%20culturales%20para%20el%20futuro%20del%20peronismo\" title=\"Facebook\" rel=\"nofollow noopener\" target=\"_blank\"><\/a><a class=\"a2a_button_whatsapp\" href=\"https:\/\/www.addtoany.com\/add_to\/whatsapp?linkurl=https%3A%2F%2Furbe.com.ar%2Frevista%2Fpoliticas-culturales-para-el-futuro-del-peronismo%2F&amp;linkname=Pol%C3%ADticas%20culturales%20para%20el%20futuro%20del%20peronismo\" title=\"WhatsApp\" rel=\"nofollow noopener\" target=\"_blank\"><\/a><a class=\"a2a_button_twitter\" href=\"https:\/\/www.addtoany.com\/add_to\/twitter?linkurl=https%3A%2F%2Furbe.com.ar%2Frevista%2Fpoliticas-culturales-para-el-futuro-del-peronismo%2F&amp;linkname=Pol%C3%ADticas%20culturales%20para%20el%20futuro%20del%20peronismo\" title=\"Twitter\" rel=\"nofollow noopener\" target=\"_blank\"><\/a><a class=\"a2a_button_email\" href=\"https:\/\/www.addtoany.com\/add_to\/email?linkurl=https%3A%2F%2Furbe.com.ar%2Frevista%2Fpoliticas-culturales-para-el-futuro-del-peronismo%2F&amp;linkname=Pol%C3%ADticas%20culturales%20para%20el%20futuro%20del%20peronismo\" title=\"Email\" rel=\"nofollow noopener\" target=\"_blank\"><\/a><a class=\"a2a_button_copy_link\" href=\"https:\/\/www.addtoany.com\/add_to\/copy_link?linkurl=https%3A%2F%2Furbe.com.ar%2Frevista%2Fpoliticas-culturales-para-el-futuro-del-peronismo%2F&amp;linkname=Pol%C3%ADticas%20culturales%20para%20el%20futuro%20del%20peronismo\" title=\"Copy Link\" rel=\"nofollow noopener\" target=\"_blank\"><\/a><\/div><\/div>[\/et_pb_code][\/et_pb_column][\/et_pb_row][et_pb_row _builder_version=\u00bb4.25.1&#8243; background_color=\u00bb#ffffff\u00bb width=\u00bb100%\u00bb custom_padding=\u00bb0px||3px|0px||\u00bb global_colors_info=\u00bb{}\u00bb][et_pb_column type=\u00bb4_4&#8243; _builder_version=\u00bb4.25.1&#8243; global_colors_info=\u00bb{}\u00bb][et_pb_text admin_label=\u00bbParrafo 1&#8243; _builder_version=\u00bb4.25.2&#8243; text_font=\u00bbTitillium Web||||||||\u00bb text_text_color=\u00bb#000000&#8243; text_font_size=\u00bb20px\u00bb text_line_height=\u00bb2em\u00bb custom_margin=\u00bb2%|0%|2%|0%|true|true\u00bb custom_padding=\u00bb||0px|0px||\u00bb text_font_size_tablet=\u00bb17px\u00bb text_font_size_phone=\u00bb16px\u00bb text_font_size_last_edited=\u00bbon|phone\u00bb locked=\u00bboff\u00bb inline_fonts=\u00bbRubik,Alkalami,Titillium Web\u00bb global_colors_info=\u00bb{}\u00bb]<p><span style=\"font-weight: 400; font-size: large;\">En un momento donde pareciera que la \u00fanica forma de entrar en el debate pol\u00edtico es de manera patol\u00f3gica, en los \u00faltimos meses ocurri\u00f3 algo que quienes nos dedicamos a los cruces entre cultura y poder, anhel\u00e1bamos hace tiempo. Ahora bien, la forma en la que la cultura en tanto objeto de la pol\u00edtica p\u00fablica entr\u00f3 al debate mainstream, nos recuerda -una vez m\u00e1s- que a veces debemos temer a la concreci\u00f3n de nuestros deseos.<\/span><\/p>\n<p><span style=\"font-weight: 400; font-size: large;\"><\/span><\/p>\n<p><span style=\"font-weight: 400; font-size: large;\"><\/span><\/p>\n<p><span style=\"font-weight: 400; font-size: large;\"><\/span><\/p>\n<p><span style=\"font-size: large;\"><b>La cultura en el discurso pol\u00edtico del momento<\/b><\/span><\/p>\n<p><span style=\"font-weight: 400; font-size: large;\"><\/span><\/p>\n<p><span style=\"font-weight: 400; font-size: large;\">En el marco de la marcada degradaci\u00f3n del debate p\u00fablico, incluyendo una particular sa\u00f1a contra cualquier discurso que valore el bienestar colectivo o la felicidad, el requerimiento de \u201cesfuerzos fiscales\u201d para atender la cultura y las artes pareciera haber tomado el sentido de una aberraci\u00f3n para un sector (\u00bfmayoritario?) de nuestra sociedad.<\/span><\/p>\n<p><span style=\"font-size: large;\"><span style=\"font-weight: 400;\"><\/span><\/span><\/p>\n<p><span style=\"font-size: large;\"><span style=\"font-weight: 400;\">Un primer coqueteo en este sentido, tibio e inf\u00e9rtil, se hab\u00eda dado a inicios de la pandemia. Cuando el Gobierno nacional incluy\u00f3 a los trabajadores del sector en posiblemente la primera pol\u00edtica de sostenimiento del ingreso anunciada. Detr\u00e1s de un pu\u00f1ado de trayectorias exitosas, encumbradas en el <\/span><i><span style=\"font-weight: 400;\">star system<\/span><\/i><span style=\"font-weight: 400;\"> dise\u00f1ado por las corporaciones de la industria cultural occidental, ganando millonadas y ostent\u00e1ndolas, se esconde un iceberg masivo, caracterizado por la precarizaci\u00f3n y la falta de ingresos recurrentes. Y ahora, adem\u00e1s, se intensifica ese cuestionamiento disfrazado de piedad, la pregunt\u00e1 del porqu\u00e9 la decisi\u00f3n por la vocaci\u00f3n art\u00edstica, percibida como una pulsi\u00f3n adolescente que debiera haber sido abandonada oportunamente. Carga con el pecado de ser percibida no solo como improductiva (el \u00fanico pecado capital vigente en el siglo XXI), sino incluso un lastre econ\u00f3mico, y -en consecuencia- social (\u201cte voy a dar con la guitarra en la cabeza\u201d).<\/span><\/span><\/p>\n<p><span style=\"font-weight: 400; font-size: large;\"><\/span><\/p>\n<p><span style=\"font-weight: 400; font-size: large;\">En 2020, con el lanzamiento de las Becas Sostener Cultura instrumentadas por el Fondo Nacional de las Artes, hubo un ensayo en redes sociales por parte de los \u201cefectores comunicacionales\u201d que han masterizado el dominio del term\u00f3metro de las redes sociales (si, los @Juan86783647023654 de la no-vida) buscando homologar a las y los artistas con esa categor\u00eda instalada para el bastardeo del \u201cplanero\u201d. El otorgamiento de $20.000 a artistas en \u201csituaci\u00f3n de vulnerabilidad, que pertenezcan mayormente a sectores de la econom\u00eda informal\u201d intent\u00f3 presentarse a la sociedad como una inmoralidad, un berret\u00edn de mantenidos sin ning\u00fan tipo de funci\u00f3n social. Si bien fue un intento ef\u00edmero, que se desinfl\u00f3 r\u00e1pidamente, y no logr\u00f3 prender m\u00e1s all\u00e1 de algunas cuentas radicalizadas, conten\u00eda en potencia el n\u00facleo de lo que terminar\u00e1 siendo el discurso de la pol\u00edtica cultural oficial en el Gobierno de Milei: acoso medi\u00e1tico y raz\u00f3n economicista de la cultura.\u00a0<\/span><\/p>\n<p><span style=\"font-weight: 400; font-size: large;\"><\/span><\/p>\n<p><span style=\"font-weight: 400; font-size: large;\">Si en ese momento no prendi\u00f3, en este, Laligate mediante, los ac\u00f3litos del espacio gobernante han logrado construir una pol\u00e9mica en torno a la pertinencia del financiamiento p\u00fablico de las artes. Alineados a la estrategia de \u201cguerras culturales\u201d -craneadas en el contexto norteamericano, y fuertemente instrumentalizadas por Jair Mes\u00edas Bolsonaro en su per\u00edodo como presidente del Brasil- la propuesta anarcocapitalista promueve una asociaci\u00f3n de la pr\u00e1ctica art\u00edstica con la vagancia, y -de ah\u00ed, por autopista- abonar a profundizar la patologizaci\u00f3n de todos quienes se interesen en alg\u00fan sentido de la vida que exceda el de ganar dinero.\u00a0<\/span><\/p>\n<p><span style=\"font-size: large;\"><span style=\"font-weight: 400;\"><\/span><\/span><\/p>\n<p><span style=\"font-size: large;\"><span style=\"font-weight: 400;\">Existen diferentes argumentos para justificar el financiamiento de la cultura y las artes por parte del\u00a0 Estado, estableciendo acciones sostenidas en el tiempo a cuya dimensi\u00f3n estrat\u00e9gica, en el \u00faltimo medio siglo, se ha llamado <\/span><i><span style=\"font-weight: 400;\">pol\u00edtica cultural<\/span><\/i><span style=\"font-weight: 400;\">. Cierta historiograf\u00eda oficial pone el punto cero en la Francia de posguerra, y valora como fundacional la gesti\u00f3n del escritor Andr\u00e9 Malraux. El proyecto cultural de De Gaulle se orientaba a la reconstrucci\u00f3n del autoestima nacional de un pueblo orgulloso pero vencido, e indudablemente ciertas innovaciones en torno a c\u00f3mo asumi\u00f3 la cultura como responsabilidad del sector p\u00fablico influyeron en diferentes lugares del mundo por d\u00e9cadas. Pero hoy debemos comprender el sesgo colonial de esta narrativa. Procesos como el de las <\/span><i><span style=\"font-weight: 400;\">misiones culturales<\/span><\/i><span style=\"font-weight: 400;\"> ideadas por Vasconcelos a inicios del siglo pasado -m\u00e1s cercano a la educaci\u00f3n sarmientina, en su esp\u00edritu occidentalizador, buscando configurar una sociedad moderna que acompa\u00f1e el proyecto de pa\u00eds alineado a los valores euroc\u00e9ntricos de las oligarqu\u00edas locales-, o la extraordinaria gesti\u00f3n del \u201cTanque\u201d Vel\u00e1zquez en la Comisi\u00f3n de Bibliotecas Populares en el peronismo cl\u00e1sico, multiplicando exponencialmente el acceso al libro, tanto por v\u00eda de la distribuci\u00f3n directa como por medio de la apertura de bibliotecas en todo el pa\u00eds, incluyendo sindicatos y \u00e1mbitos de las Fuerzas Armadas, sugieren que la incidencia sobre el campo de lo simb\u00f3lico por parte del Estado no es una fantas\u00eda de progresistas \/ populistas.<\/span><\/span><\/p>\n<p><span style=\"font-weight: 400; font-size: large;\"><\/span><\/p>\n<p><span style=\"font-weight: 400; font-size: large;\">Adicionalmente, como ya se ha dicho, en la segunda mitad del siglo XX y con las Naciones Unidas como marco, la sociedad global acord\u00f3 incluir la cultura como una de las dimensiones constitutivas de los Derechos Humanos. Su garant\u00eda incluye, necesariamente, la observancia de una serie de Derechos Culturales, bien tipificados (a la identidad cultural, a la formaci\u00f3n art\u00edstica, a la diversidad cultural y el multiling\u00fcismo, etc\u00e9tera). En nuestro pa\u00eds, por designio de la reforma constitucional de 1994, estos derechos est\u00e1n instaurados con rango constitucional, por ser parte de instrumentos internacionales ratificados por la Argentina. Esto implica, al menos en el marco de la Rep\u00fablica, que quien pretenda desafiarlos debiera construir un soporte de poder suficiente para modificar la Constituci\u00f3n.\u00a0<\/span><\/p>\n<p><span style=\"font-size: large;\"><span style=\"font-weight: 400;\"><\/span><\/span><\/p>\n<p><span style=\"font-size: large;\"><span style=\"font-weight: 400;\">Por ello, las tempranas declaraciones del responsable de la cartera nacional de Cultura, el productor teatral Leonardo Cifelli, quien antes de asumir ya adelantaba que \u201cel Estado va a estar participando en aquello en lo que \u00b4<\/span><i><span style=\"font-weight: 400;\">salga hecho<\/span><\/i><span style=\"font-weight: 400;\">\u00b4\u201d constituyen, en s\u00ed, adem\u00e1s de un gesto de profunda ignorancia, un curioso adelanto de la vulneraci\u00f3n de derechos colectivos e individuales. A la vez, marida muy bien con la t\u00f3nica de este gobierno que encuentra en la demolici\u00f3n del inter\u00e9s p\u00fablico su principal objetivo.<\/span><\/span><\/p>\n<p><span style=\"font-size: large;\"><span style=\"font-weight: 400;\"><\/span><\/span><\/p>\n<p><span style=\"font-size: large;\"><span style=\"font-weight: 400;\"><\/span><\/span><\/p>\n<p><span style=\"font-size: large;\"><b>Por casa<\/b><\/span><\/p>\n<p><span style=\"font-size: large;\"><b><\/b><\/span><\/p>\n<p><span style=\"font-weight: 400; font-size: large;\">Pero aqu\u00ed no nos interesa la observaci\u00f3n sobre este experimento pol\u00edtico; sino m\u00e1s bien una introspecci\u00f3n sobre la responsabilidad del movimiento nacional en relaci\u00f3n a la relevancia de las pol\u00edticas culturales.<\/span><\/p>\n<p><span style=\"font-weight: 400; font-size: large;\"><\/span><\/p>\n<p><span style=\"font-weight: 400; font-size: large;\">Tan curiosa es nuestra actualidad que el ataque de la antipatria a ese becerro de oro que son los artistas populares provoc\u00f3 una reacci\u00f3n en la aletargada dirigencia del campo nacional. Siguiendo el tratamiento de los espacios pol\u00edtico-partidarios a la materia, y atento a la escasa prioridad que le han dado los Gobiernos transformadores a la cultura en la Argentina reciente, la inclusi\u00f3n del t\u00f3pico en\u00a0 el documento del Congreso del Partido Justicialista realizado en marzo en Ferrocarril Oeste, con tanta centralidad, en el inicio del mismo, podr\u00eda producirnos algo similar a la ilusi\u00f3n. La menci\u00f3n recupera del Modelo Argentino enunciado por Per\u00f3n en su tercera presidencia la idea de un nacionalismo cultural en el que la \u201cArgentina es el hogar\u201d. Pero este peronismo groggy, que cuenta los segundos para volver al rinc\u00f3n, recibir un enjuague y ver si en el pr\u00f3ximo round tiene mejor suerte, pareciera estar devolviendo reactivamente el golpe. Nada indica que haya tomado consciencia de lo que tiene para aprender -particularmente en el nivel dirigencial- sobre la cuesti\u00f3n.<\/span><\/p>\n<p><span style=\"font-weight: 400; font-size: large;\"><\/span><\/p>\n<p><span style=\"font-size: large;\"><span style=\"font-weight: 400;\">La cultura debiera resultar del mayor inter\u00e9s estrat\u00e9gico para un proyecto pol\u00edtico que busque ser disruptivo del orden capturado por intereses ajenos al nacional. Tomando la m\u00e1xima de Gustavo Cirigliano, no puede haber pol\u00edtica cultural sin un proyecto nacional que la contenga y oriente. Para entender qu\u00e9 proponemos que se considere en este terreno, traemos dos miradas sobre lo cultural que arraigan en su funci\u00f3n pol\u00edtica. Una es la idea, recogida por UNESCO en la Conferencia Mundial de Pol\u00edticas Culturales de M\u00e9xico en 1982, de que la cultura son los modos singulares de vida pero -tambi\u00e9n- los <\/span><i><span style=\"font-weight: 400;\">sistemas de valores<\/span><\/i><span style=\"font-weight: 400;\">. La otra, el aporte geocultural de Rodolfo Kusch cuando sugiere que la cultura es la forma que encuentra una comunidad para <\/span><i><span style=\"font-weight: 400;\">domiciliarse <\/span><\/i><span style=\"font-weight: 400;\">en el mundo; de volver h\u00e1bitat, hogar, ese entorno que otros pueden percibir hostil o ajeno.\u00a0<\/span><\/span><\/p>\n<p><span style=\"font-size: large;\"><span style=\"font-weight: 400;\"><\/span><\/span><\/p>\n<p><span style=\"font-size: large;\"><span style=\"font-weight: 400;\">La cultura aparece, desde este \u00e1ngulo, como algo superador a tener al m\u00fasico taquillero en el festival local de referencia. \u00bfC\u00f3mo buscamos moldear el sistema de valores, no para venerar la estampita del lider de turno, sino para impedir que <\/span><i><span style=\"font-weight: 400;\">la guita es m\u00e1s que la vida<\/span><\/i><span style=\"font-weight: 400;\"> se consolide como sentido com\u00fan? El sistema de valores de nuestro Pueblo tiene que ser acompa\u00f1ado para germinar, trayendo la analog\u00eda de cuando volv\u00eda Per\u00f3n, como se le cante las pelotas. Ahora bien, esto implica desmalezar los yuyos del falso liberalismo, que con la m\u00e1scara del \u201crespeto irrestricto\u201d avanza sin restricciones sobre los derechos y el bienestar. Aqu\u00ed, celebrar -como se hizo hace poco- la <\/span><i><span style=\"font-weight: 400;\">ausencia de adoctrinamiento <\/span><\/i><span style=\"font-weight: 400;\">de los gobiernos populares es una nueva zoncera. El Estado adoctrina como una derivaci\u00f3n intr\u00ednseca de su constituci\u00f3n (foco de identidad compartida, dir\u00e1 O\u00b4Donnell). El problema es en qu\u00e9 sentido, para qu\u00e9, de qu\u00e9 manera, lo hace.<\/span><\/span><\/p>\n<p><span style=\"font-size: large;\"><span style=\"font-weight: 400;\"><\/span><\/span><\/p>\n<p><span style=\"font-weight: 400; font-size: large;\">Al pedir consideraci\u00f3n para la agenda cultural no pedimos limosna a la dirigencia pol\u00edtica, o a la militancia. No se trata de extender la piedad buenista del progresismo puertas adentro, para contener a los \u201ccumpas a los que le gusta el arte\u201d. Es al vesre: si no hay pol\u00edtica cultural sin proyecto nacional, tampoco hay condiciones de sostenibilidad para un proyecto nacional popular de justicia social sin una pol\u00edtica cultural atrevida. Entendamoslo porque se hace tarde: las transformaciones pol\u00edticas acumulan en la cultura, o se desvanecen como gigante de sal vadeando un r\u00edo (\u00bfse acuerdan c\u00f3mo nos maravillamos horrorizados en marzo de 2016 con la velocidad del desguace macrista del Estado? Envidia del mejor desarmadero de autos del conurbano).\u00a0<\/span><\/p>\n<p><span style=\"font-weight: 400; font-size: large;\"><\/span><\/p>\n<p><span style=\"font-weight: 400; font-size: large;\">Proponemos incluir, entonces, en el proyecto pol\u00edtico un componente audaz en pol\u00edtica cultural. Que se olvide de disputar los c\u00e1nones de legitimaci\u00f3n y coso con los circuitos art\u00edsticos establecidos (por qui\u00e9n y para qu\u00e9 \u00a1una vez pregunt\u00e1telo!, maestro) y busque intervenir severamente en los quilombos reales que atraviesa nuestra sociedad. Quiz\u00e1 hayan notado un incremento de la ludopat\u00eda digital en la juventud argentina. Quiz\u00e1 sepan que la accidentolog\u00eda vial es la principal causa de muerte sostenida a\u00f1o tras a\u00f1o en este hermoso pa\u00eds. Con un esfuerzo austero podemos llegar a encontrar algunos rasgos impuestos sobre las subjetividades que aportan a estos fen\u00f3menos\u2026 \u00bfCu\u00e1ndo se va a hacer cargo el Estado de trabajar estas agendas desde la cultura?<\/span><\/p>\n<p><span style=\"font-weight: 400; font-size: large;\"><\/span><\/p>\n<p><span style=\"font-weight: 400; font-size: large;\">Lamentablemente, la f\u00f3rmula de convocar alg\u00fan artista medianamente conocido, e ideol\u00f3gicamente af\u00edn, multiplicando las contrataciones art\u00edsticas y esparci\u00e9ndolas cual siembra a granel por el territorio nacional no pareciera haber contribuido de una manera determinante a la consolidaci\u00f3n de un proyecto de Naci\u00f3n compartido. Quiz\u00e1 sea momento de ir por otro lado.\u00a0<\/span><\/p>\n<p><span style=\"font-weight: 400; font-size: large;\"><\/span><\/p>\n<p><span style=\"font-weight: 400; font-size: large;\">El problema no es el adoctrinamiento. Es la autocelebraci\u00f3n.<\/span><\/p>\n<p><span style=\"font-weight: 400; font-size: large;\"><\/span><\/p>\n<p><span style=\"font-weight: 400; font-size: large;\"><\/span><\/p>\n<p><span style=\"font-size: large;\"><b>Conciliemos<\/b><\/span><\/p>\n<p><span style=\"font-size: large;\"><b><\/b><\/span><\/p>\n<p><span style=\"font-size: large;\"><span style=\"font-weight: 400;\">Este diagn\u00f3stico no implica desconocer aquello que los gobiernos populares de la Argentina reciente tienen en la columna del haber. Aciertos fundantes, entre los que destaca la con-memoraci\u00f3n del Bicentenario de la Revoluci\u00f3n de Mayo, la creaci\u00f3n de medios audiovisuales para distribuir narrativas de disputa (Paka Paka, a la cabeza), un incremento sensible de la inversi\u00f3n p\u00fablica en cultura (pasando de algo m\u00e1s de $160 millones en 2008 a $1462 millones en 2014)), y el desarrollo de una extensa y federalmente distribuida infraestructura cultural<span>\u00b9<\/span><\/span><span style=\"font-weight: 400;\">.\u00a0<\/span><\/span><\/p>\n<p><span style=\"font-size: large;\"><span style=\"font-weight: 400;\"><\/span><\/span><\/p>\n<p><span style=\"font-size: large;\"><span style=\"font-weight: 400;\">Pero el principal problema -de varios- que han tenido estas pol\u00edticas es que intentaron ser un hijo sano del modelo civilizatorio occidental hegem\u00f3nico. As\u00ed, la pol\u00edtica cultural sigui\u00f3 presa de los vetustos par\u00e1metros que impusieron nuestras \u00e9lites en su deseo sobreideologizado de convertirnos en una expresi\u00f3n europea en Am\u00e9rica<span>\u00b2<\/span><\/span><span style=\"font-weight: 400;\">. Parece espuma academicista, hasta que se le presta atenci\u00f3n a los argumentos de \u201cllevar la cultura a los barrios\u201d de responsables de programas o articuladores territoriales, devenidos en microsarmientitos que aparentan tener \u201cConflicto y armon\u00edas de las razas en Am\u00e9rica\u201d en la mesa de luz.\u00a0<\/span><\/span><\/p>\n<p><span style=\"font-size: large;\"><span style=\"font-weight: 400;\"><\/span><\/span><\/p>\n<p><span style=\"font-weight: 400; font-size: large;\">Inmediatamente despu\u00e9s, se cede a la tentaci\u00f3n. La \u201cinclusi\u00f3n social\u201d, que tan linda suena y nos inhibe a pensar por qu\u00e9 incluso de este lado se dej\u00f3 de hablar de \u201cjusticia social\u201d nos lleva a buscar las tan loables \u201cinclusiones\u201d, la educativa, la sanitaria\u2026 \u00bfla cultural? Que el Estado busque incluir a alguien en la cultura implica percibirlo como excluido de ella. Nuevamente, parece que de lo que aparec\u00edan excluidos algunos era de los consumos \u201ccultos\u201d de la cultura, pero no del propio sistema de valores, naturalmente. Salvo el caso de Robinson Crusoe, el verdadero excluido cultural. En fin\u2026<\/span><\/p>\n<p><span style=\"font-weight: 400; font-size: large;\"><\/span><\/p>\n<p><span style=\"font-weight: 400; font-size: large;\">Sin jam\u00e1s prestar suficiente atenci\u00f3n a la necesidad acuciante de un marco normativo integral, y arm\u00f3nico que regule los fen\u00f3menos de la cultura, cada vez m\u00e1s determinados globalmente y desde una l\u00f3gica economicista, nuestros organigramas, pol\u00edticas, programas y acciones han repetido una\u00a0 l\u00f3gica arte-c\u00e9ntrica, heredada de una geograf\u00eda y un tiempo ajenos. Presos de la colonizaci\u00f3n pedag\u00f3gica que denunciamos, el objetivo es \u201cel acceso\u201d de las mayor\u00edas -percibidas como vulgares- a las producciones v\u00e1lidas. La Cultura. Ya sea por \u201cel circuito\u201d de especialistas, ya sea por la industria cultural y la masividad.\u00a0<\/span><\/p>\n<p><span style=\"font-weight: 400; font-size: large;\"><\/span><\/p>\n<p><span style=\"font-weight: 400; font-size: large;\">El problema es que esa operaci\u00f3n que se intent\u00f3 sin \u00e9xito en 2020, ahora no solamente es la agenda de Gobierno, sino que presenta argumentos con fuerte soporte social. Si en el retorno a la democracia organizar un recital multitudinario en la 9 de Julio, con nuestros mejores artistas, era la excusa para recuperar el espacio p\u00fablico y reconstruir los v\u00ednculos sociales dinamitados por la cultura del terror, lenta y progresivamente hemos logrado vaciar de sentido, por repitencia, esa herramienta de la pol\u00edtica cultural. El \u00fanico momento donde ese tipo de intervenci\u00f3n volvi\u00f3 a generar \u00e9pica fue en las jornadas del Bicentenario, en las que parec\u00eda que todo ser\u00eda posible para esta generaci\u00f3n de argentinos.<\/span><\/p>\n<p><span style=\"font-weight: 400; font-size: large;\"><\/span><\/p>\n<p><span style=\"font-size: large;\"><span style=\"font-weight: 400;\">Hoy hay que ver que ese <\/span><i><span style=\"font-weight: 400;\">eventismo<\/span><\/i><span style=\"font-weight: 400;\"> exacerbado aparece, a los ojos de las mayor\u00edas sociales, m\u00e1s emparentado al gasto de los depravados fiscales (gran operaci\u00f3n sobre el sentido del Ministerio de la Maldad) que a un goce ciudadano justificable. Aunque sean los mismos vecinos que, durante el a\u00f1o, le miden el aceite al intendente de turno a ver qu\u00e9 n\u00famero pone, comparando la fiesta de este a\u00f1o con las pasadas.<\/span><\/span><span style=\"font-weight: 400; font-size: large;\"><\/span><\/p>\n<p><span style=\"font-weight: 400;\"><\/span><\/p>[\/et_pb_text][et_pb_text _builder_version=\u00bb4.27.0&#8243; text_font=\u00bbTitillium Web||||||||\u00bb text_text_color=\u00bb#000000&#8243; text_font_size=\u00bb17px\u00bb text_line_height=\u00bb1.5em\u00bb min_height=\u00bb17.5px\u00bb custom_margin=\u00bb2.5%|0%|2.5%|0%|true|true\u00bb custom_padding=\u00bb||0px|9px|false|false\u00bb text_font_size_tablet=\u00bb17px\u00bb text_font_size_phone=\u00bb16px\u00bb text_font_size_last_edited=\u00bbon|phone\u00bb border_width_left=\u00bb2px\u00bb border_color_left=\u00bb#272727&#8243; global_colors_info=\u00bb{}\u00bb]<p><em><span style=\"font-weight: 400; font-size: small;\"><strong>\u00b9<\/strong> Su detalle &#8211; destac\u00e1ndose la construcci\u00f3n de 120 Casas del Bicentenario a lo largo y ancho del pa\u00eds- uede encontrarse con detalle en Franco (2011).<br \/><strong>\u00b2<\/strong> Segovia (CITA) encuentra que -as\u00ed como busc\u00f3 maestras estadounidenses para nuestras Escuelas- el Sarmiento presidente design\u00f3 un enviado a Europa para conocer y reproducir en nuestro pa\u00eds el funcionamiento del ecosistema art\u00edstico burgu\u00e9s. <\/span><\/em><\/p>[\/et_pb_text][et_pb_code _builder_version=\u00bb4.27.0&#8243; _module_preset=\u00bbdefault\u00bb text_orientation=\u00bbcenter\u00bb global_colors_info=\u00bb{}\u00bb]  <a href=\"https:\/\/www.legislatura.gob.ar\/\" target=\"_blank\" rel=\"noopener\"><!-- [et_pb_line_break_holder] -->    <img data-recalc-dims=\"1\" decoding=\"async\" src=\"https:\/\/i0.wp.com\/imgur.com\/rLjBjeU.png?w=1080&#038;ssl=1\" alt=\"Legislatura-1\"><!-- [et_pb_line_break_holder] -->  <\/a>[\/et_pb_code][et_pb_text admin_label=\u00bbParrafo 1&#8243; _builder_version=\u00bb4.27.0&#8243; text_font=\u00bbTitillium Web||||||||\u00bb text_text_color=\u00bb#000000&#8243; text_font_size=\u00bb20px\u00bb text_line_height=\u00bb2em\u00bb custom_margin=\u00bb2%|0%|2%|0%|true|true\u00bb custom_padding=\u00bb||0px|||\u00bb text_font_size_tablet=\u00bb17px\u00bb text_font_size_phone=\u00bb16px\u00bb text_font_size_last_edited=\u00bbon|phone\u00bb locked=\u00bboff\u00bb inline_fonts=\u00bbRubik,Alkalami,Titillium Web\u00bb global_colors_info=\u00bb{}\u00bb]<p><span style=\"font-weight: 400; font-size: large;\">Otra zoncera es la de designar a cargo de las \u00e1reas de cultura -organismos encargados de dise\u00f1ar, implementar y evaluar pol\u00edticas culturales p\u00fablicas- a artistas populares \u201cdel palo\u201d. Misteriosa \u00e1lgebra que concluye que, si es un artista sensible y progresista, ha de contar con la capacidad de dise\u00f1ar y llevar adelante una pol\u00edtica cultural compleja \u00bfNo hay falla argumental? Como viajero asiduo de colectivo y subte \u00bfPuedo aspirar genuinamente a encabezar la cartera de Transporte? \u00bfDesignamos Ministro de Salud a quien m\u00e1s tiempo haya pasado en un hospital p\u00fablico?<\/span><\/p>\n<p><span style=\"font-weight: 400; font-size: large;\"><\/span><\/p>\n<p><span style=\"font-weight: 400; font-size: large;\">Resabio del Romanticismo, que adhiere al arte un sentido suprahumano, con adjetivos que ya resultan insultantes (\u201cEl arte es el alimento del alma\u201d) termina incluso aguando las mejores pol\u00edticas, que efectivamente han germinado en las \u00faltimas dos d\u00e9cadas, pero con soporte presupuestario y pol\u00edtico absolutamente marginal. Mucho discurso y poca profundidad en lo vinculado a la democracia cultural, los derechos culturales, la diversidad cultural.<\/span><\/p>\n<p><span style=\"font-weight: 400; font-size: large;\"><\/span><\/p>\n<p><span style=\"font-weight: 400; font-size: large;\"><\/span><\/p>\n<p><span style=\"font-weight: 400; font-size: large;\"><\/span><\/p>\n<p><span style=\"font-weight: 400; font-size: large;\"><\/span><\/p>\n<p style=\"font-size: 20px; background-color: #ffffff;\"><\/p>\n<p><span style=\"font-size: large;\"><b>Para qui\u00e9n<\/b><\/span><\/p>\n<p><span style=\"font-weight: 400; font-size: large;\">Estos ser\u00edan los ejes de un enfoque que piense la pol\u00edtica cultural con el Pueblo argentino como sujeto, en lugar de repetir una orientada exclusivamente al campo art\u00edstico.<\/span><\/p>\n<p><span style=\"font-weight: 400; font-size: large;\"><\/span><\/p>\n<p><span style=\"font-weight: 400; font-size: large;\">Por ejemplo: habiendo distribuido millones de computadoras a estudiantes, achicando la brecha digital, \u00bfCu\u00e1l era el impedimento para dotar a las mismas de un software de edici\u00f3n de audio? \u00bfDe disponer un ecosistema para que el piber\u00edo muestre lo que iba creando? \u00bfAcompa\u00f1arlos a subir su m\u00fasica a las plataformas? Ni hablar de lo que suceder\u00eda si se dispone de\u00a0 algunos productores formados -que en nuestro pa\u00eds, abundan- para fortalecer las capacidades t\u00e9cnicas\u2026<\/span><\/p>\n<p><span style=\"font-weight: 400; font-size: large;\"><\/span><\/p>\n<p><span style=\"font-size: large;\"><span style=\"font-weight: 400;\">Es el semillero lo que la pol\u00edtica cultural generalmente no ve. Imaginemos el esc\u00e1ndalo que se dar\u00eda si el Estado nacional resolviese otorgar un subsidio a un futbolista consagrado, por ejemplo para que de una cl\u00ednica deportiva en alg\u00fan rinc\u00f3n del pa\u00eds. Resultar\u00eda un bochornoso esc\u00e1ndalo nacional. Ahora bien, esos crecientes presupuestos para la cultura que festejamos han sido captados, mayormente, por artistas consagrados -principalmente m\u00fasicos- (cuando no al alquiler de equipos que el Estado podr\u00eda adquirir con mayor conveniencia). Una de las pocas pol\u00edticas de desarrollo de vocaciones art\u00edsticas -los Juegos Evita, que han incluido disciplinas art\u00edsticas desde 2006- identifican trayectorias destacadas en todas las provincias a\u00f1o tras a\u00f1o\u2026 a las que despu\u00e9s se desatiende sistem\u00e1ticamente, al menos desde el Estado nacional<span>\u00b3<\/span><\/span><span style=\"font-weight: 400;\">.<\/span><\/span><\/p>\n<p><span style=\"font-size: large;\"><span style=\"font-weight: 400;\"><\/span><\/span><\/p>\n<p><span style=\"font-weight: 400; font-size: large;\">En la pol\u00edtica cultural argentina, nadie eval\u00faa nada. Tan solo se mide el impacto econ\u00f3mico del sector. Brotan programas con objetivos loables y abstractos, que dan lugar a acciones argumentalmente desvinculadas de esos objetivos que las enmarcan, que pasan sin que nadie se pregunte en qu\u00e9 medida aportaron a desandar los problemas diagnosticados.\u00a0<\/span><\/p>\n<p><span style=\"font-weight: 400; font-size: large;\"><\/span><\/p>\n<p><span style=\"font-weight: 400; font-size: large;\">El movimiento nacional cuenta con cuadros t\u00e9cnicos con un conocimiento profundo de las tendencias de las pol\u00edticas culturales a nivel mundial, y especialmente en el plano regional, que ha sido -con Brasil a la cabeza- especialmente innovador en este terreno desde el comienzo del siglo. Existen diagn\u00f3sticos compartidos sobre c\u00f3mo ordenar la estructura normativa y avanzar en pol\u00edticas culturales en perspectiva de derechos. Pero, por un motivo u otro, nunca es el momento pol\u00edtico para avanzar en el terreno legislativo.<\/span><\/p>\n<p><span style=\"font-weight: 400;\"><\/span><\/p>[\/et_pb_text][et_pb_text _builder_version=\u00bb4.27.0&#8243; text_font=\u00bbTitillium Web||||||||\u00bb text_text_color=\u00bb#000000&#8243; text_font_size=\u00bb17px\u00bb text_line_height=\u00bb1.5em\u00bb min_height=\u00bb17.5px\u00bb custom_margin=\u00bb2.5%|0%|2.5%|0%|true|true\u00bb custom_padding=\u00bb||0px|9px|false|false\u00bb text_font_size_tablet=\u00bb17px\u00bb text_font_size_phone=\u00bb16px\u00bb text_font_size_last_edited=\u00bbon|phone\u00bb border_width_left=\u00bb2px\u00bb border_color_left=\u00bb#272727&#8243; global_colors_info=\u00bb{}\u00bb]<em><span style=\"font-weight: 400; font-size: small;\"><strong>\u00b3<\/strong> <span style=\"font-weight: 400;\">Ser\u00eda injusto no reconocer el trabajo de algunas provincias (Formosa, Chaco, Tucum\u00e1n, La Rioja, entre otras) en acompa\u00f1ar el desarrollo ulterior de algunas carreras.<\/span><\/span><\/em>[\/et_pb_text][et_pb_image src=\u00bbhttps:\/\/urbe.com.ar\/revista\/wp-content\/uploads\/2023\/05\/WhatsApp-Image-2023-03-13-at-16.37.45.jpeg\u00bb title_text=\u00bbWhatsApp Image 2023-03-13 at 16.37.45&#8243; align=\u00bbcenter\u00bb _builder_version=\u00bb4.26.0&#8243; _module_preset=\u00bbdefault\u00bb custom_margin=\u00bb3%||3%||true|false\u00bb global_colors_info=\u00bb{}\u00bb][\/et_pb_image][et_pb_text admin_label=\u00bbParrafo 1&#8243; _builder_version=\u00bb4.27.0&#8243; text_font=\u00bbTitillium Web||||||||\u00bb text_text_color=\u00bb#000000&#8243; text_font_size=\u00bb20px\u00bb text_line_height=\u00bb2em\u00bb custom_margin=\u00bb2%|0%|2%|0%|true|true\u00bb custom_padding=\u00bb||0px|||\u00bb text_font_size_tablet=\u00bb17px\u00bb text_font_size_phone=\u00bb16px\u00bb text_font_size_last_edited=\u00bbon|phone\u00bb locked=\u00bboff\u00bb inline_fonts=\u00bbRubik,Alkalami,Titillium Web\u00bb global_colors_info=\u00bb{}\u00bb]<p><span style=\"font-size: large;\"><span style=\"font-weight: 400;\">Tambi\u00e9n envejecen en el campo de las ideas proyectos espec\u00edficos que podr\u00edan ser de alto impacto. Solo por citar un ejemplo, uno orientado a la creaci\u00f3n de un Centro de Alto Rendimiento Art\u00edstico, recurriendo a los aprendizajes del campo de la pol\u00edtica deportiva, y generando un espacio de intercambio sostenido en el tiempo entre generaciones y lenguajes expresivos<\/span><span style=\"font-weight: 400;\">.\u00a0<\/span><\/span><\/p>\n<p><span style=\"font-size: large;\"><span style=\"font-weight: 400;\"><\/span><\/span><\/p>\n<p><span style=\"font-weight: 400; font-size: large;\">M\u00e1s all\u00e1 de la pertinencia puntual de cada una de esas ideas y propuestas, resulta insensato, para cualquiera que milita un proyecto pol\u00edtico con intenci\u00f3n transformadora, sostener la l\u00ednea consolidada. Las pol\u00edticas culturales de los gobiernos populares han sazonado con ciertos contenidos progresistas una matriz dise\u00f1ada para excluir al Pueblo del pleno ejercicio de su expresi\u00f3n simb\u00f3lica, y desatendido con ello su condici\u00f3n en tanto sujeto de derecho cultural. Es momento de que eso termine.<\/span><\/p>\n<p><span style=\"font-weight: 400; font-size: large;\"><\/span><\/p>\n<p><span style=\"font-size: large;\"><span style=\"font-weight: 400;\">No es desde la defensa de los <\/span><i><span style=\"font-weight: 400;\">artistas del palo<\/span><\/i><span style=\"font-weight: 400;\"> que vamos a disputar poder con las pretendidas <\/span><i><span style=\"font-weight: 400;\">guerras culturales<\/span><\/i><span style=\"font-weight: 400;\"> del bolsonarismo criollo. La respuesta, como siempre, est\u00e1 en esos sectores de nuestra sociedad que se empecinan en seguir siendo Pueblo, a\u00fan con el viento helado en la cara, y los tapones ajenos en la pantorrilla. Existe un laboratorio social de excelencia en la trama de organizaciones libres del Pueblo que vienen cocinando a fuego lento innovaciones en t\u00e9rminos de democracia cultural que requieren ser empoderadas, permiti\u00e9ndoles constituirse en red y confederarse para impactos exponenciales.\u00a0<\/span><\/span><\/p>\n<p><span style=\"font-size: large;\"><span style=\"font-weight: 400;\"><\/span><\/span><\/p>\n<p><span style=\"font-weight: 400; font-size: large;\">Medio siglo pas\u00f3 desde la presentaci\u00f3n del \u00faltimo aporte doctrinario trascendente del General Per\u00f3n. En el Modelo Argentino para el Proyecto Nacional, entre muchos aportes de vanguardia para la \u00e9poca, insisti\u00f3 con el car\u00e1cter humanista de nuestro movimiento, pero tambi\u00e9n con la necesidad de asumir la propia posici\u00f3n para aportar a ello: Argentina es el hogar. Hoy, el principal desaf\u00edo para la cultura es volver a convencer al Pueblo de su condici\u00f3n, enamorarlo de la convivencia en el marco de ese hogar. Recuperar la visi\u00f3n de un territorio integrado y solidario. Frenar la desagregaci\u00f3n nacional.<\/span><\/p>\n<p><span style=\"font-weight: 400; font-size: large;\"><\/span><\/p>\n<p><span style=\"font-weight: 400; font-size: large;\">Incidir en el horizonte de deseos, liberar la capacidad de imaginar futuros deseados, contribuir a subjetividades situadas, no es adoctrinar. Estimular un sistema de valores determinado es, en fin, transformar el mundo en el sentido que so\u00f1amos desde que nos descubrimos sujetos pol\u00edticos. Es ah\u00ed donde la cultura encuentra su funci\u00f3n social. Lleg\u00f3 la hora de asumirlo para construir una nueva versi\u00f3n que nos permita la grandeza de la Patria, pero tambi\u00e9n, junto a ella, la felicidad del Pueblo, que est\u00e1 determinada por la cultura.<\/span><\/p>\n<p><span style=\"font-weight: 400;\"><\/span><\/p>[\/et_pb_text][et_pb_text _builder_version=\u00bb4.27.0&#8243; text_font=\u00bbTitillium Web||||||||\u00bb text_text_color=\u00bb#000000&#8243; text_font_size=\u00bb17px\u00bb text_line_height=\u00bb1.5em\u00bb min_height=\u00bb17.5px\u00bb custom_margin=\u00bb2.5%|0%|2.5%|0%|true|true\u00bb custom_padding=\u00bb||0px|9px|false|false\u00bb text_font_size_tablet=\u00bb17px\u00bb text_font_size_phone=\u00bb16px\u00bb text_font_size_last_edited=\u00bbon|phone\u00bb border_width_left=\u00bb2px\u00bb border_color_left=\u00bb#272727&#8243; global_colors_info=\u00bb{}\u00bb]<p><em><span style=\"font-weight: 400; font-size: small;\"><strong>\u2074<\/strong> <span style=\"font-weight: 400;\">Su autor es Daniel Cholakian.<\/span><\/span><\/em><\/p>[\/et_pb_text][et_pb_text _builder_version=\u00bb4.27.0&#8243; _module_preset=\u00bbdefault\u00bb text_font=\u00bbTitillium Web||||||||\u00bb text_text_color=\u00bb#272727&#8243; background_color=\u00bb#f2f2f2&#8243; custom_margin=\u00bb112px|||||\u00bb custom_padding=\u00bb14px|14px|14px|14px|true|true\u00bb global_colors_info=\u00bb{}\u00bb]<p style=\"text-align: center;\"><span style=\"font-size: large;\"><strong>Federico Escribal<\/strong><\/span><\/p>\n<p style=\"text-align: center;\">\u00bfTe gust\u00f3 la nota? Seguilo en sus redes &#x1f447;<\/p>\n<p style=\"text-align: center;\"><a href=\"https:\/\/www.instagram.com\/fede_escribal\/\">@fede_escribal<\/a>\n<a href=\"https:\/\/www.twitter.com\/fede_escribal\/\">@fede_escribal<\/a><\/p>[\/et_pb_text][et_pb_blog fullwidth=\u00bboff\u00bb posts_number=\u00bb3&#8243; include_categories=\u00bbcurrent\u00bb meta_date=\u00bbj M,Y\u00bb excerpt_length=\u00bb80&#8243; show_author=\u00bboff\u00bb show_categories=\u00bboff\u00bb show_pagination=\u00bboff\u00bb masonry_tile_background_color=\u00bb#FFFFFF\u00bb disabled_on=\u00bbon|off|off\u00bb module_class=\u00bbpa-blog \u00bb _builder_version=\u00bb4.25.1&#8243; header_font=\u00bb|700|||||||\u00bb header_text_color=\u00bb#FFFFFF\u00bb header_font_size=\u00bb20px\u00bb body_font=\u00bb|600|||||||\u00bb body_text_color=\u00bb#FFFFFF\u00bb meta_text_color=\u00bb#FFFFFF\u00bb read_more_text_color=\u00bb#FFFFFF\u00bb background_color=\u00bb#FFFFFF\u00bb min_height=\u00bb100px\u00bb custom_margin=\u00bb0px||0%||false|false\u00bb custom_margin_tablet=\u00bb0%||||false|false\u00bb custom_margin_phone=\u00bb\u00bb custom_margin_last_edited=\u00bbon|desktop\u00bb custom_padding=\u00bb||0px|||\u00bb header_text_shadow_style=\u00bbpreset3&#8243; header_text_shadow_color=\u00bb#000000&#8243; body_text_shadow_style=\u00bbpreset3&#8243; body_text_shadow_color=\u00bb#000000&#8243; meta_text_shadow_style=\u00bbpreset3&#8243; meta_text_shadow_color=\u00bb#000000&#8243; border_color_all_image=\u00bb#FFFFFF\u00bb border_width_top_image=\u00bb2px\u00bb text_shadow_style=\u00bbpreset3&#8243; text_shadow_blur_strength=\u00bb0.54em\u00bb text_shadow_color=\u00bb#000000&#8243; global_colors_info=\u00bb{}\u00bb][\/et_pb_blog][et_pb_image src=\u00bbhttps:\/\/urbe.com.ar\/revista\/wp-content\/uploads\/2023\/05\/banner-escritores-copy.jpg\u00bb title_text=\u00bbbanner escritores copy\u00bb _builder_version=\u00bb4.21.0&#8243; _module_preset=\u00bbdefault\u00bb custom_margin=\u00bb15%||||false|false\u00bb global_colors_info=\u00bb{}\u00bb][\/et_pb_image][\/et_pb_column][\/et_pb_row][\/et_pb_section]\n","protected":false},"excerpt":{"rendered":"<p>Por <b>Federico Escribal<\/b><\/p>\n","protected":false},"author":10,"featured_media":9980,"comment_status":"closed","ping_status":"closed","sticky":false,"template":"","format":"standard","meta":{"_et_pb_use_builder":"on","_et_pb_old_content":"","_et_gb_content_width":"1080","_jetpack_memberships_contains_paid_content":false,"footnotes":""},"categories":[32],"tags":[],"class_list":["post-9973","post","type-post","status-publish","format-standard","has-post-thumbnail","hentry","category-urbe-urbe"],"yoast_head":"<!-- This site is optimized with the Yoast SEO plugin v27.5 - https:\/\/yoast.com\/product\/yoast-seo-wordpress\/ -->\n<title>Pol\u00edticas culturales para el futuro del peronismo - Revista Urbe<\/title>\n<meta name=\"robots\" content=\"index, follow, max-snippet:-1, max-image-preview:large, max-video-preview:-1\" \/>\n<link rel=\"canonical\" href=\"https:\/\/urbe.com.ar\/revista\/politicas-culturales-para-el-futuro-del-peronismo\/\" \/>\n<meta property=\"og:locale\" content=\"es_ES\" \/>\n<meta property=\"og:type\" content=\"article\" \/>\n<meta property=\"og:title\" content=\"Pol\u00edticas culturales para el futuro del peronismo - Revista Urbe\" \/>\n<meta property=\"og:description\" content=\"Por Federico Escribal\" \/>\n<meta property=\"og:url\" content=\"https:\/\/urbe.com.ar\/revista\/politicas-culturales-para-el-futuro-del-peronismo\/\" \/>\n<meta property=\"og:site_name\" content=\"Revista Urbe\" \/>\n<meta property=\"article:published_time\" content=\"2024-07-20T06:43:41+00:00\" \/>\n<meta property=\"article:modified_time\" content=\"2024-07-20T06:43:43+00:00\" \/>\n<meta property=\"og:image\" content=\"https:\/\/urbe.com.ar\/revista\/wp-content\/uploads\/2024\/07\/miniatura-copia-4-1024x922.jpg\" \/>\n\t<meta property=\"og:image:width\" content=\"1024\" \/>\n\t<meta property=\"og:image:height\" content=\"922\" \/>\n\t<meta property=\"og:image:type\" content=\"image\/jpeg\" \/>\n<meta name=\"author\" content=\"Alejo Bernhardt\" \/>\n<meta name=\"twitter:card\" content=\"summary_large_image\" \/>\n<meta name=\"twitter:creator\" content=\"@Revistaurbe_\" \/>\n<meta name=\"twitter:site\" content=\"@Revistaurbe_\" \/>\n<meta name=\"twitter:label1\" content=\"Escrito por\" \/>\n\t<meta name=\"twitter:data1\" content=\"Alejo Bernhardt\" \/>\n\t<meta name=\"twitter:label2\" content=\"Tiempo de lectura\" \/>\n\t<meta name=\"twitter:data2\" content=\"18 minutos\" \/>\n<script type=\"application\/ld+json\" class=\"yoast-schema-graph\">{\"@context\":\"https:\\\/\\\/schema.org\",\"@graph\":[{\"@type\":\"Article\",\"@id\":\"https:\\\/\\\/urbe.com.ar\\\/revista\\\/politicas-culturales-para-el-futuro-del-peronismo\\\/#article\",\"isPartOf\":{\"@id\":\"https:\\\/\\\/urbe.com.ar\\\/revista\\\/politicas-culturales-para-el-futuro-del-peronismo\\\/\"},\"author\":{\"name\":\"Alejo Bernhardt\",\"@id\":\"https:\\\/\\\/urbe.com.ar\\\/revista\\\/#\\\/schema\\\/person\\\/4ddcf051fa628850264f4c6d61f63ee2\"},\"headline\":\"Pol\u00edticas culturales para el futuro del peronismo\",\"datePublished\":\"2024-07-20T06:43:41+00:00\",\"dateModified\":\"2024-07-20T06:43:43+00:00\",\"mainEntityOfPage\":{\"@id\":\"https:\\\/\\\/urbe.com.ar\\\/revista\\\/politicas-culturales-para-el-futuro-del-peronismo\\\/\"},\"wordCount\":5127,\"image\":{\"@id\":\"https:\\\/\\\/urbe.com.ar\\\/revista\\\/politicas-culturales-para-el-futuro-del-peronismo\\\/#primaryimage\"},\"thumbnailUrl\":\"https:\\\/\\\/i0.wp.com\\\/urbe.com.ar\\\/revista\\\/wp-content\\\/uploads\\\/2024\\\/07\\\/miniatura-copia-4.jpg?fit=2551%2C2297&ssl=1\",\"articleSection\":[\"URBE\"],\"inLanguage\":\"es\"},{\"@type\":\"WebPage\",\"@id\":\"https:\\\/\\\/urbe.com.ar\\\/revista\\\/politicas-culturales-para-el-futuro-del-peronismo\\\/\",\"url\":\"https:\\\/\\\/urbe.com.ar\\\/revista\\\/politicas-culturales-para-el-futuro-del-peronismo\\\/\",\"name\":\"Pol\u00edticas culturales para el futuro del peronismo - Revista Urbe\",\"isPartOf\":{\"@id\":\"https:\\\/\\\/urbe.com.ar\\\/revista\\\/#website\"},\"primaryImageOfPage\":{\"@id\":\"https:\\\/\\\/urbe.com.ar\\\/revista\\\/politicas-culturales-para-el-futuro-del-peronismo\\\/#primaryimage\"},\"image\":{\"@id\":\"https:\\\/\\\/urbe.com.ar\\\/revista\\\/politicas-culturales-para-el-futuro-del-peronismo\\\/#primaryimage\"},\"thumbnailUrl\":\"https:\\\/\\\/i0.wp.com\\\/urbe.com.ar\\\/revista\\\/wp-content\\\/uploads\\\/2024\\\/07\\\/miniatura-copia-4.jpg?fit=2551%2C2297&ssl=1\",\"datePublished\":\"2024-07-20T06:43:41+00:00\",\"dateModified\":\"2024-07-20T06:43:43+00:00\",\"author\":{\"@id\":\"https:\\\/\\\/urbe.com.ar\\\/revista\\\/#\\\/schema\\\/person\\\/4ddcf051fa628850264f4c6d61f63ee2\"},\"breadcrumb\":{\"@id\":\"https:\\\/\\\/urbe.com.ar\\\/revista\\\/politicas-culturales-para-el-futuro-del-peronismo\\\/#breadcrumb\"},\"inLanguage\":\"es\",\"potentialAction\":[{\"@type\":\"ReadAction\",\"target\":[\"https:\\\/\\\/urbe.com.ar\\\/revista\\\/politicas-culturales-para-el-futuro-del-peronismo\\\/\"]}]},{\"@type\":\"ImageObject\",\"inLanguage\":\"es\",\"@id\":\"https:\\\/\\\/urbe.com.ar\\\/revista\\\/politicas-culturales-para-el-futuro-del-peronismo\\\/#primaryimage\",\"url\":\"https:\\\/\\\/i0.wp.com\\\/urbe.com.ar\\\/revista\\\/wp-content\\\/uploads\\\/2024\\\/07\\\/miniatura-copia-4.jpg?fit=2551%2C2297&ssl=1\",\"contentUrl\":\"https:\\\/\\\/i0.wp.com\\\/urbe.com.ar\\\/revista\\\/wp-content\\\/uploads\\\/2024\\\/07\\\/miniatura-copia-4.jpg?fit=2551%2C2297&ssl=1\",\"width\":2551,\"height\":2297},{\"@type\":\"BreadcrumbList\",\"@id\":\"https:\\\/\\\/urbe.com.ar\\\/revista\\\/politicas-culturales-para-el-futuro-del-peronismo\\\/#breadcrumb\",\"itemListElement\":[{\"@type\":\"ListItem\",\"position\":1,\"name\":\"Portada\",\"item\":\"https:\\\/\\\/urbe.com.ar\\\/revista\\\/\"},{\"@type\":\"ListItem\",\"position\":2,\"name\":\"Pol\u00edticas culturales para el futuro del peronismo\"}]},{\"@type\":\"WebSite\",\"@id\":\"https:\\\/\\\/urbe.com.ar\\\/revista\\\/#website\",\"url\":\"https:\\\/\\\/urbe.com.ar\\\/revista\\\/\",\"name\":\"Revista Urbe\",\"description\":\"\",\"potentialAction\":[{\"@type\":\"SearchAction\",\"target\":{\"@type\":\"EntryPoint\",\"urlTemplate\":\"https:\\\/\\\/urbe.com.ar\\\/revista\\\/?s={search_term_string}\"},\"query-input\":{\"@type\":\"PropertyValueSpecification\",\"valueRequired\":true,\"valueName\":\"search_term_string\"}}],\"inLanguage\":\"es\"},{\"@type\":\"Person\",\"@id\":\"https:\\\/\\\/urbe.com.ar\\\/revista\\\/#\\\/schema\\\/person\\\/4ddcf051fa628850264f4c6d61f63ee2\",\"name\":\"Alejo Bernhardt\",\"image\":{\"@type\":\"ImageObject\",\"inLanguage\":\"es\",\"@id\":\"https:\\\/\\\/secure.gravatar.com\\\/avatar\\\/e17892015a0b2fe0e47a8387056c05584647b09de53f1ac00adae78b2f4fb443?s=96&d=mm&r=g\",\"url\":\"https:\\\/\\\/secure.gravatar.com\\\/avatar\\\/e17892015a0b2fe0e47a8387056c05584647b09de53f1ac00adae78b2f4fb443?s=96&d=mm&r=g\",\"contentUrl\":\"https:\\\/\\\/secure.gravatar.com\\\/avatar\\\/e17892015a0b2fe0e47a8387056c05584647b09de53f1ac00adae78b2f4fb443?s=96&d=mm&r=g\",\"caption\":\"Alejo Bernhardt\"},\"url\":\"https:\\\/\\\/urbe.com.ar\\\/revista\\\/author\\\/alejo-bernhardt\\\/\"}]}<\/script>\n<!-- \/ Yoast SEO plugin. -->","yoast_head_json":{"title":"Pol\u00edticas culturales para el futuro del peronismo - Revista Urbe","robots":{"index":"index","follow":"follow","max-snippet":"max-snippet:-1","max-image-preview":"max-image-preview:large","max-video-preview":"max-video-preview:-1"},"canonical":"https:\/\/urbe.com.ar\/revista\/politicas-culturales-para-el-futuro-del-peronismo\/","og_locale":"es_ES","og_type":"article","og_title":"Pol\u00edticas culturales para el futuro del peronismo - Revista Urbe","og_description":"Por Federico Escribal","og_url":"https:\/\/urbe.com.ar\/revista\/politicas-culturales-para-el-futuro-del-peronismo\/","og_site_name":"Revista Urbe","article_published_time":"2024-07-20T06:43:41+00:00","article_modified_time":"2024-07-20T06:43:43+00:00","og_image":[{"width":1024,"height":922,"url":"https:\/\/urbe.com.ar\/revista\/wp-content\/uploads\/2024\/07\/miniatura-copia-4-1024x922.jpg","type":"image\/jpeg"}],"author":"Alejo Bernhardt","twitter_card":"summary_large_image","twitter_creator":"@Revistaurbe_","twitter_site":"@Revistaurbe_","twitter_misc":{"Escrito por":"Alejo Bernhardt","Tiempo de lectura":"18 minutos"},"schema":{"@context":"https:\/\/schema.org","@graph":[{"@type":"Article","@id":"https:\/\/urbe.com.ar\/revista\/politicas-culturales-para-el-futuro-del-peronismo\/#article","isPartOf":{"@id":"https:\/\/urbe.com.ar\/revista\/politicas-culturales-para-el-futuro-del-peronismo\/"},"author":{"name":"Alejo Bernhardt","@id":"https:\/\/urbe.com.ar\/revista\/#\/schema\/person\/4ddcf051fa628850264f4c6d61f63ee2"},"headline":"Pol\u00edticas culturales para el futuro del peronismo","datePublished":"2024-07-20T06:43:41+00:00","dateModified":"2024-07-20T06:43:43+00:00","mainEntityOfPage":{"@id":"https:\/\/urbe.com.ar\/revista\/politicas-culturales-para-el-futuro-del-peronismo\/"},"wordCount":5127,"image":{"@id":"https:\/\/urbe.com.ar\/revista\/politicas-culturales-para-el-futuro-del-peronismo\/#primaryimage"},"thumbnailUrl":"https:\/\/i0.wp.com\/urbe.com.ar\/revista\/wp-content\/uploads\/2024\/07\/miniatura-copia-4.jpg?fit=2551%2C2297&ssl=1","articleSection":["URBE"],"inLanguage":"es"},{"@type":"WebPage","@id":"https:\/\/urbe.com.ar\/revista\/politicas-culturales-para-el-futuro-del-peronismo\/","url":"https:\/\/urbe.com.ar\/revista\/politicas-culturales-para-el-futuro-del-peronismo\/","name":"Pol\u00edticas culturales para el futuro del peronismo - Revista Urbe","isPartOf":{"@id":"https:\/\/urbe.com.ar\/revista\/#website"},"primaryImageOfPage":{"@id":"https:\/\/urbe.com.ar\/revista\/politicas-culturales-para-el-futuro-del-peronismo\/#primaryimage"},"image":{"@id":"https:\/\/urbe.com.ar\/revista\/politicas-culturales-para-el-futuro-del-peronismo\/#primaryimage"},"thumbnailUrl":"https:\/\/i0.wp.com\/urbe.com.ar\/revista\/wp-content\/uploads\/2024\/07\/miniatura-copia-4.jpg?fit=2551%2C2297&ssl=1","datePublished":"2024-07-20T06:43:41+00:00","dateModified":"2024-07-20T06:43:43+00:00","author":{"@id":"https:\/\/urbe.com.ar\/revista\/#\/schema\/person\/4ddcf051fa628850264f4c6d61f63ee2"},"breadcrumb":{"@id":"https:\/\/urbe.com.ar\/revista\/politicas-culturales-para-el-futuro-del-peronismo\/#breadcrumb"},"inLanguage":"es","potentialAction":[{"@type":"ReadAction","target":["https:\/\/urbe.com.ar\/revista\/politicas-culturales-para-el-futuro-del-peronismo\/"]}]},{"@type":"ImageObject","inLanguage":"es","@id":"https:\/\/urbe.com.ar\/revista\/politicas-culturales-para-el-futuro-del-peronismo\/#primaryimage","url":"https:\/\/i0.wp.com\/urbe.com.ar\/revista\/wp-content\/uploads\/2024\/07\/miniatura-copia-4.jpg?fit=2551%2C2297&ssl=1","contentUrl":"https:\/\/i0.wp.com\/urbe.com.ar\/revista\/wp-content\/uploads\/2024\/07\/miniatura-copia-4.jpg?fit=2551%2C2297&ssl=1","width":2551,"height":2297},{"@type":"BreadcrumbList","@id":"https:\/\/urbe.com.ar\/revista\/politicas-culturales-para-el-futuro-del-peronismo\/#breadcrumb","itemListElement":[{"@type":"ListItem","position":1,"name":"Portada","item":"https:\/\/urbe.com.ar\/revista\/"},{"@type":"ListItem","position":2,"name":"Pol\u00edticas culturales para el futuro del peronismo"}]},{"@type":"WebSite","@id":"https:\/\/urbe.com.ar\/revista\/#website","url":"https:\/\/urbe.com.ar\/revista\/","name":"Revista Urbe","description":"","potentialAction":[{"@type":"SearchAction","target":{"@type":"EntryPoint","urlTemplate":"https:\/\/urbe.com.ar\/revista\/?s={search_term_string}"},"query-input":{"@type":"PropertyValueSpecification","valueRequired":true,"valueName":"search_term_string"}}],"inLanguage":"es"},{"@type":"Person","@id":"https:\/\/urbe.com.ar\/revista\/#\/schema\/person\/4ddcf051fa628850264f4c6d61f63ee2","name":"Alejo Bernhardt","image":{"@type":"ImageObject","inLanguage":"es","@id":"https:\/\/secure.gravatar.com\/avatar\/e17892015a0b2fe0e47a8387056c05584647b09de53f1ac00adae78b2f4fb443?s=96&d=mm&r=g","url":"https:\/\/secure.gravatar.com\/avatar\/e17892015a0b2fe0e47a8387056c05584647b09de53f1ac00adae78b2f4fb443?s=96&d=mm&r=g","contentUrl":"https:\/\/secure.gravatar.com\/avatar\/e17892015a0b2fe0e47a8387056c05584647b09de53f1ac00adae78b2f4fb443?s=96&d=mm&r=g","caption":"Alejo Bernhardt"},"url":"https:\/\/urbe.com.ar\/revista\/author\/alejo-bernhardt\/"}]}},"jetpack_featured_media_url":"https:\/\/i0.wp.com\/urbe.com.ar\/revista\/wp-content\/uploads\/2024\/07\/miniatura-copia-4.jpg?fit=2551%2C2297&ssl=1","jetpack_sharing_enabled":true,"_links":{"self":[{"href":"https:\/\/urbe.com.ar\/revista\/wp-json\/wp\/v2\/posts\/9973","targetHints":{"allow":["GET"]}}],"collection":[{"href":"https:\/\/urbe.com.ar\/revista\/wp-json\/wp\/v2\/posts"}],"about":[{"href":"https:\/\/urbe.com.ar\/revista\/wp-json\/wp\/v2\/types\/post"}],"author":[{"embeddable":true,"href":"https:\/\/urbe.com.ar\/revista\/wp-json\/wp\/v2\/users\/10"}],"replies":[{"embeddable":true,"href":"https:\/\/urbe.com.ar\/revista\/wp-json\/wp\/v2\/comments?post=9973"}],"version-history":[{"count":8,"href":"https:\/\/urbe.com.ar\/revista\/wp-json\/wp\/v2\/posts\/9973\/revisions"}],"predecessor-version":[{"id":9984,"href":"https:\/\/urbe.com.ar\/revista\/wp-json\/wp\/v2\/posts\/9973\/revisions\/9984"}],"wp:featuredmedia":[{"embeddable":true,"href":"https:\/\/urbe.com.ar\/revista\/wp-json\/wp\/v2\/media\/9980"}],"wp:attachment":[{"href":"https:\/\/urbe.com.ar\/revista\/wp-json\/wp\/v2\/media?parent=9973"}],"wp:term":[{"taxonomy":"category","embeddable":true,"href":"https:\/\/urbe.com.ar\/revista\/wp-json\/wp\/v2\/categories?post=9973"},{"taxonomy":"post_tag","embeddable":true,"href":"https:\/\/urbe.com.ar\/revista\/wp-json\/wp\/v2\/tags?post=9973"}],"curies":[{"name":"wp","href":"https:\/\/api.w.org\/{rel}","templated":true}]}}