{"id":9709,"date":"2024-05-29T05:09:26","date_gmt":"2024-05-29T05:09:26","guid":{"rendered":"https:\/\/urbe.com.ar\/revista\/?p=9709"},"modified":"2024-05-29T15:49:56","modified_gmt":"2024-05-29T15:49:56","slug":"el-tango-es-la-representacion-musical-del-ser-nacional-entrevista-a-tomi-lago","status":"publish","type":"post","link":"https:\/\/urbe.com.ar\/revista\/el-tango-es-la-representacion-musical-del-ser-nacional-entrevista-a-tomi-lago\/","title":{"rendered":"\u00abEl tango es la representaci\u00f3n musical del ser nacional\u00bb, Entrevista a Tomi Lago"},"content":{"rendered":"<p>[et_pb_section fb_built=\u00bb1&#8243; disabled_on=\u00bbon|on|on\u00bb _builder_version=\u00bb4.20.0&#8243; disabled=\u00bbon\u00bb global_colors_info=\u00bb{}\u00bb][et_pb_row _builder_version=\u00bb4.25.1&#8243; global_colors_info=\u00bb{}\u00bb][et_pb_column type=\u00bb4_4&#8243; _builder_version=\u00bb4.18.0&#8243; global_colors_info=\u00bb{}\u00bb][et_pb_text disabled_on=\u00bbon|on|on\u00bb _builder_version=\u00bb4.25.1&#8243; text_font=\u00bbTitillium Web||||||||\u00bb custom_padding=\u00bb||28px|||\u00bb disabled=\u00bbon\u00bb global_colors_info=\u00bb{}\u00bb]<\/p>\n<p><b>Entrevista Urbe<\/b> | Tomi Lago canta tango hace mucho. Con su viejo viviendo en Espa\u00f1a hace m\u00e1s de 20 a\u00f1os y su hermano que m\u00e1s recientemente decidi\u00f3 irse a Holanda, cantar tango fue para \u00e9l una manera de confirmar su decisi\u00f3n de quedarse. Profesor de boxeo, peronista militante, ex estudiante de Ciencia Pol\u00edtica en la UBA, produjo y program\u00f3 ciclos en el Centro Cultural Simona y empez\u00f3 a cantar en un bodeg\u00f3n con taxistas y polic\u00edas.<\/p>\n<p>[\/et_pb_text][\/et_pb_column][\/et_pb_row][\/et_pb_section][et_pb_section fb_built=\u00bb1&#8243; _builder_version=\u00bb4.25.1&#8243; _module_preset=\u00bbdefault\u00bb global_colors_info=\u00bb{}\u00bb][et_pb_row _builder_version=\u00bb4.25.1&#8243; background_color=\u00bb#ffffff\u00bb background_enable_image=\u00bboff\u00bb custom_margin=\u00bb40px||20px||false|false\u00bb custom_padding=\u00bb12px|0px|12px|0px|true|true\u00bb border_color_left=\u00bb#F2AF46&#8243; global_colors_info=\u00bb{}\u00bb][et_pb_column type=\u00bb4_4&#8243; _builder_version=\u00bb4.25.1&#8243; global_colors_info=\u00bb{}\u00bb][et_pb_text _builder_version=\u00bb4.25.1&#8243; text_font=\u00bbTitillium Web|600|||||||\u00bb text_text_color=\u00bb#000000&#8243; text_font_size=\u00bb18px\u00bb header_text_align=\u00bbcenter\u00bb header_font_size=\u00bb35px\u00bb background_color=\u00bbRGBA(255,255,255,0)\u00bb background_layout=\u00bbdark\u00bb custom_margin=\u00bb2%|0%|2%|0%|true|true\u00bb custom_padding=\u00bb|||13px|false|false\u00bb border_color_all=\u00bb#F2AF46&#8243; global_colors_info=\u00bb{}\u00bb]<\/p>\n<p style=\"text-align: center;\"><strong>M\u00fasica<\/strong><\/p>\n<p>[\/et_pb_text][et_pb_text _builder_version=\u00bb4.25.1&#8243; text_font=\u00bbTitillium Web|300|||||||\u00bb text_text_color=\u00bb#000000&#8243; text_line_height=\u00bb1.4em\u00bb header_font=\u00bb|700||on|||||\u00bb header_text_align=\u00bbleft\u00bb header_text_color=\u00bb#272727&#8243; header_font_size=\u00bb4em\u00bb background_color=\u00bbRGBA(255,255,255,0)\u00bb background_enable_image=\u00bboff\u00bb background_size=\u00bbstretch\u00bb width=\u00bb100%\u00bb module_alignment=\u00bbleft\u00bb min_height=\u00bb71px\u00bb custom_margin=\u00bb3%|0%|3%|0%|true|true\u00bb custom_padding=\u00bb|0%|0px|0%|false|true\u00bb global_colors_info=\u00bb{}\u00bb]<\/p>\n<h1 style=\"text-align: center;\">\u00abEl tango es la representaci\u00f3n musical del ser nacional\u00bb, Entrevista a Tomi Lago<\/h1>\n<p>[\/et_pb_text][et_pb_text _builder_version=\u00bb4.25.1&#8243; text_font=\u00bbTitillium Web||||||||\u00bb text_text_color=\u00bb#000000&#8243; text_font_size=\u00bb18px\u00bb header_text_align=\u00bbcenter\u00bb header_text_color=\u00bb#057E7E\u00bb header_font_size=\u00bb35px\u00bb text_orientation=\u00bbjustified\u00bb custom_margin=\u00bb2%|0%|2%|0%|true|true\u00bb custom_padding=\u00bb|||13px|false|false\u00bb border_color_left=\u00bb#F2AF46&#8243; global_colors_info=\u00bb{}\u00bb]<\/p>\n<p style=\"text-align: center;\">Por <b>Francisco Calatayud<\/b><br \/>\n<span style=\"font-size: small;\">29 de mayo de 2024<\/span><\/p>\n<p>[\/et_pb_text][et_pb_image src=\u00bbhttps:\/\/urbe.com.ar\/revista\/wp-content\/uploads\/2024\/05\/banner-web-7.jpg\u00bb title_text=\u00bbbanner-web\u00bb disabled_on=\u00bboff|off|off\u00bb _builder_version=\u00bb4.25.1&#8243; background_enable_image=\u00bboff\u00bb custom_margin=\u00bb5%|0%|5%|0%|true|true\u00bb custom_margin_tablet=\u00bb\u00bb custom_margin_phone=\u00bb6%|0%|6%|0%|true|true\u00bb custom_margin_last_edited=\u00bbon|phone\u00bb global_colors_info=\u00bb{}\u00bb][\/et_pb_image][\/et_pb_column][\/et_pb_row][et_pb_row column_structure=\u00bb1_2,1_2&#8243; use_custom_gutter=\u00bbon\u00bb gutter_width=\u00bb1&#8243; make_equal=\u00bbon\u00bb disabled_on=\u00bbon|off|off\u00bb _builder_version=\u00bb4.16&#8243; background_color=\u00bb#ffffff\u00bb custom_margin=\u00bb||||false|false\u00bb custom_padding=\u00bb0px||0px|0%|false|false\u00bb locked=\u00bboff\u00bb global_colors_info=\u00bb{}\u00bb][et_pb_column type=\u00bb1_2&#8243; _builder_version=\u00bb4.16&#8243; background_color=\u00bb#ffffff\u00bb custom_css_main_element=\u00bbwidth: 60% !important;\u00bb global_colors_info=\u00bb{}\u00bb][\/et_pb_column][et_pb_column type=\u00bb1_2&#8243; _builder_version=\u00bb4.16&#8243; custom_css_main_element=\u00bb||width: 40% !important;||margin: auto;||display: flex;||flex-direction: column;||justify-content: center;\u00bb global_colors_info=\u00bb{}\u00bb][et_pb_code _builder_version=\u00bb4.16&#8243; text_orientation=\u00bbcenter\u00bb module_alignment=\u00bbcenter\u00bb custom_margin=\u00bb2%||2%||true|false\u00bb custom_padding=\u00bb|6.7%||6.7%|false|true\u00bb global_colors_info=\u00bb{}\u00bb]<div class=\"addtoany_shortcode\"><div class=\"a2a_kit a2a_kit_size_32 addtoany_list\" data-a2a-url=\"https:\/\/urbe.com.ar\/revista\/el-tango-es-la-representacion-musical-del-ser-nacional-entrevista-a-tomi-lago\/\" data-a2a-title=\"\u00abEl tango es la representaci\u00f3n musical del ser nacional\u00bb, Entrevista a Tomi Lago\"><a class=\"a2a_button_facebook\" href=\"https:\/\/www.addtoany.com\/add_to\/facebook?linkurl=https%3A%2F%2Furbe.com.ar%2Frevista%2Fel-tango-es-la-representacion-musical-del-ser-nacional-entrevista-a-tomi-lago%2F&amp;linkname=%C2%ABEl%20tango%20es%20la%20representaci%C3%B3n%20musical%20del%20ser%20nacional%C2%BB%2C%20Entrevista%20a%20Tomi%20Lago\" title=\"Facebook\" rel=\"nofollow noopener\" target=\"_blank\"><\/a><a class=\"a2a_button_whatsapp\" href=\"https:\/\/www.addtoany.com\/add_to\/whatsapp?linkurl=https%3A%2F%2Furbe.com.ar%2Frevista%2Fel-tango-es-la-representacion-musical-del-ser-nacional-entrevista-a-tomi-lago%2F&amp;linkname=%C2%ABEl%20tango%20es%20la%20representaci%C3%B3n%20musical%20del%20ser%20nacional%C2%BB%2C%20Entrevista%20a%20Tomi%20Lago\" title=\"WhatsApp\" rel=\"nofollow noopener\" target=\"_blank\"><\/a><a class=\"a2a_button_twitter\" href=\"https:\/\/www.addtoany.com\/add_to\/twitter?linkurl=https%3A%2F%2Furbe.com.ar%2Frevista%2Fel-tango-es-la-representacion-musical-del-ser-nacional-entrevista-a-tomi-lago%2F&amp;linkname=%C2%ABEl%20tango%20es%20la%20representaci%C3%B3n%20musical%20del%20ser%20nacional%C2%BB%2C%20Entrevista%20a%20Tomi%20Lago\" title=\"Twitter\" rel=\"nofollow noopener\" target=\"_blank\"><\/a><a class=\"a2a_button_email\" href=\"https:\/\/www.addtoany.com\/add_to\/email?linkurl=https%3A%2F%2Furbe.com.ar%2Frevista%2Fel-tango-es-la-representacion-musical-del-ser-nacional-entrevista-a-tomi-lago%2F&amp;linkname=%C2%ABEl%20tango%20es%20la%20representaci%C3%B3n%20musical%20del%20ser%20nacional%C2%BB%2C%20Entrevista%20a%20Tomi%20Lago\" title=\"Email\" rel=\"nofollow noopener\" target=\"_blank\"><\/a><a class=\"a2a_button_copy_link\" href=\"https:\/\/www.addtoany.com\/add_to\/copy_link?linkurl=https%3A%2F%2Furbe.com.ar%2Frevista%2Fel-tango-es-la-representacion-musical-del-ser-nacional-entrevista-a-tomi-lago%2F&amp;linkname=%C2%ABEl%20tango%20es%20la%20representaci%C3%B3n%20musical%20del%20ser%20nacional%C2%BB%2C%20Entrevista%20a%20Tomi%20Lago\" title=\"Copy Link\" rel=\"nofollow noopener\" target=\"_blank\"><\/a><\/div><\/div>[\/et_pb_code][\/et_pb_column][\/et_pb_row][et_pb_row use_custom_gutter=\u00bbon\u00bb gutter_width=\u00bb1&#8243; make_equal=\u00bbon\u00bb disabled_on=\u00bboff|on|on\u00bb _builder_version=\u00bb4.16&#8243; background_color=\u00bb#ffffff\u00bb custom_margin=\u00bb||||false|false\u00bb custom_padding=\u00bb0px||0px|0%|false|false\u00bb locked=\u00bboff\u00bb global_colors_info=\u00bb{}\u00bb][et_pb_column type=\u00bb4_4&#8243; _builder_version=\u00bb4.16&#8243; background_color=\u00bb#ffffff\u00bb global_colors_info=\u00bb{}\u00bb][et_pb_code disabled_on=\u00bboff|off|off\u00bb _builder_version=\u00bb4.16&#8243; _module_preset=\u00bbdefault\u00bb text_orientation=\u00bbcenter\u00bb width=\u00bb100%\u00bb width_tablet=\u00bb\u00bb width_phone=\u00bb100%\u00bb width_last_edited=\u00bbon|phone\u00bb max_width=\u00bb100%\u00bb max_width_tablet=\u00bb\u00bb max_width_phone=\u00bb\u00bb max_width_last_edited=\u00bbon|tablet\u00bb module_alignment=\u00bbright\u00bb custom_margin_tablet=\u00bb\u00bb custom_margin_phone=\u00bb\u00bb custom_margin_last_edited=\u00bbon|phone\u00bb module_alignment_tablet=\u00bb\u00bb module_alignment_phone=\u00bbcenter\u00bb module_alignment_last_edited=\u00bbon|desktop\u00bb global_colors_info=\u00bb{}\u00bb]<div class=\"addtoany_shortcode\"><div class=\"a2a_kit a2a_kit_size_32 addtoany_list\" data-a2a-url=\"https:\/\/urbe.com.ar\/revista\/el-tango-es-la-representacion-musical-del-ser-nacional-entrevista-a-tomi-lago\/\" data-a2a-title=\"\u00abEl tango es la representaci\u00f3n musical del ser nacional\u00bb, Entrevista a Tomi Lago\"><a class=\"a2a_button_facebook\" href=\"https:\/\/www.addtoany.com\/add_to\/facebook?linkurl=https%3A%2F%2Furbe.com.ar%2Frevista%2Fel-tango-es-la-representacion-musical-del-ser-nacional-entrevista-a-tomi-lago%2F&amp;linkname=%C2%ABEl%20tango%20es%20la%20representaci%C3%B3n%20musical%20del%20ser%20nacional%C2%BB%2C%20Entrevista%20a%20Tomi%20Lago\" title=\"Facebook\" rel=\"nofollow noopener\" target=\"_blank\"><\/a><a class=\"a2a_button_whatsapp\" href=\"https:\/\/www.addtoany.com\/add_to\/whatsapp?linkurl=https%3A%2F%2Furbe.com.ar%2Frevista%2Fel-tango-es-la-representacion-musical-del-ser-nacional-entrevista-a-tomi-lago%2F&amp;linkname=%C2%ABEl%20tango%20es%20la%20representaci%C3%B3n%20musical%20del%20ser%20nacional%C2%BB%2C%20Entrevista%20a%20Tomi%20Lago\" title=\"WhatsApp\" rel=\"nofollow noopener\" target=\"_blank\"><\/a><a class=\"a2a_button_twitter\" href=\"https:\/\/www.addtoany.com\/add_to\/twitter?linkurl=https%3A%2F%2Furbe.com.ar%2Frevista%2Fel-tango-es-la-representacion-musical-del-ser-nacional-entrevista-a-tomi-lago%2F&amp;linkname=%C2%ABEl%20tango%20es%20la%20representaci%C3%B3n%20musical%20del%20ser%20nacional%C2%BB%2C%20Entrevista%20a%20Tomi%20Lago\" title=\"Twitter\" rel=\"nofollow noopener\" target=\"_blank\"><\/a><a class=\"a2a_button_email\" href=\"https:\/\/www.addtoany.com\/add_to\/email?linkurl=https%3A%2F%2Furbe.com.ar%2Frevista%2Fel-tango-es-la-representacion-musical-del-ser-nacional-entrevista-a-tomi-lago%2F&amp;linkname=%C2%ABEl%20tango%20es%20la%20representaci%C3%B3n%20musical%20del%20ser%20nacional%C2%BB%2C%20Entrevista%20a%20Tomi%20Lago\" title=\"Email\" rel=\"nofollow noopener\" target=\"_blank\"><\/a><a class=\"a2a_button_copy_link\" href=\"https:\/\/www.addtoany.com\/add_to\/copy_link?linkurl=https%3A%2F%2Furbe.com.ar%2Frevista%2Fel-tango-es-la-representacion-musical-del-ser-nacional-entrevista-a-tomi-lago%2F&amp;linkname=%C2%ABEl%20tango%20es%20la%20representaci%C3%B3n%20musical%20del%20ser%20nacional%C2%BB%2C%20Entrevista%20a%20Tomi%20Lago\" title=\"Copy Link\" rel=\"nofollow noopener\" target=\"_blank\"><\/a><\/div><\/div>[\/et_pb_code][\/et_pb_column][\/et_pb_row][et_pb_row _builder_version=\u00bb4.25.1&#8243; background_color=\u00bb#ffffff\u00bb width=\u00bb100%\u00bb custom_padding=\u00bb0px||3px|0px||\u00bb global_colors_info=\u00bb{}\u00bb][et_pb_column type=\u00bb4_4&#8243; _builder_version=\u00bb4.25.1&#8243; global_colors_info=\u00bb{}\u00bb][et_pb_text admin_label=\u00bbParrafo 1&#8243; _builder_version=\u00bb4.25.1&#8243; text_font=\u00bbTitillium Web||||||||\u00bb text_text_color=\u00bb#000000&#8243; text_font_size=\u00bb20px\u00bb text_line_height=\u00bb2em\u00bb custom_margin=\u00bb2%|0%|2%|0%|true|true\u00bb custom_padding=\u00bb||0px|||\u00bb text_font_size_tablet=\u00bb17px\u00bb text_font_size_phone=\u00bb16px\u00bb text_font_size_last_edited=\u00bbon|phone\u00bb locked=\u00bboff\u00bb inline_fonts=\u00bbRubik,Alkalami,Titillium Web\u00bb global_colors_info=\u00bb{}\u00bb]<\/p>\n<p><span style=\"font-weight: 400; font-size: large;\">Tomi Lago canta tango hace mucho. Con su viejo viviendo en Espa\u00f1a hace m\u00e1s de 20 a\u00f1os y su hermano que m\u00e1s recientemente decidi\u00f3 irse a Holanda, cantar tango fue para \u00e9l una manera de confirmar su decisi\u00f3n de quedarse. Profesor de boxeo, peronista militante, ex estudiante de Ciencia Pol\u00edtica en la UBA, produjo y program\u00f3 ciclos en el Centro Cultural Simona y empez\u00f3 a cantar en un bodeg\u00f3n con taxistas y polic\u00edas. En 2020 sac\u00f3 su primer trabajo, \u201cUn Gui\u00f1o\u201d, donde ya mostraba su intenci\u00f3n de hacer un tango que le hable a su \u00e9poca, y al a\u00f1o siguiente sali\u00f3 \u201cUn Picasso\u201d, un EP que ya combinaba distintos g\u00e9neros. El a\u00f1o pasado lanz\u00f3 \u201cEl Consorcio\u201d, su \u00e1lbum debut, por el que gan\u00f3 una nominaci\u00f3n a los Premios Gardel en la categor\u00eda de Mejor Nuevo Artista. Francisco Calatayud charl\u00f3 con \u00e9l en Urbe para descifrar en donde se cruzan el tango, la identidad nacional, la coyuntura pol\u00edtica y el nuevo ambiente de la m\u00fasica.<\/span><\/p>\n<p><span style=\"font-weight: 400; font-size: large;\"><\/span><\/p>\n<p><span style=\"font-size: large;\"><b><i>\u00bfTe consideras m\u00e1s un m\u00fasico que hace tango o un tanguero que se anima a otras cosas?<\/i><\/b><\/span><\/p>\n<p><span style=\"font-size: large;\"><b><i><\/i><\/b><\/span><\/p>\n<p><span style=\"font-weight: 400; font-size: large;\">Opci\u00f3n B. Es m\u00e1s, no me considero m\u00fasico honestamente. Me van a retar por decir esto, no es muy marketinero, pero considero que primero soy cantor, int\u00e9rprete, y despu\u00e9s tambi\u00e9n compositor.<\/span><\/p>\n<p><span style=\"font-weight: 400; font-size: large;\"><\/span><\/p>\n<p><span style=\"font-weight: 400; font-size: large;\">Despu\u00e9s bueno, la viola un poco me ayuda para componer y para boludear en un asado. Mi abuela, que por suerte todav\u00eda vive y tiene 90 a\u00f1os, cuando le digo que voy a tocar me dice \u201cpero vos cantas\u201d, un poco me ubica eso, ja. El tango tiene eso de que ya tradicionalmente hay uno que hace la letra y otro que hace la m\u00fasica. Hay una divisi\u00f3n del trabajo. En general los cantores no compon\u00edan. Yo escribo letras, compongo con Joaqu\u00edn Plada y con Nano Napoli (Ni\u00f1o Etc.) Yo ven\u00eda con mucha actividad programando ah\u00ed en Simona, hab\u00eda bandas, hab\u00eda joda. Y en la pandemia se cort\u00f3 toda esa vor\u00e1gine. Yo ven\u00eda cantando tangos cl\u00e1sicos y Plada me dijo que ten\u00eda un tango para mi, que ten\u00eda un tango para mi. Y no estaba seguro, pero lo terminamos, lo editamos y lo largamos, y hasta ahora fue el que mejor le fue, ja.<\/span><\/p>\n<p><span style=\"font-weight: 400;\"><\/span><\/p>\n<p>[\/et_pb_text][et_pb_image src=\u00bbhttps:\/\/urbe.com.ar\/revista\/wp-content\/uploads\/2024\/05\/Imagen-de-WhatsApp-2024-05-22-a-la0_e92920e0.jpg\u00bb title_text=\u00bbImagen de WhatsApp 2024-05-22 a la0_e92920e0&#8243; align=\u00bbcenter\u00bb _builder_version=\u00bb4.25.1&#8243; _module_preset=\u00bbdefault\u00bb global_colors_info=\u00bb{}\u00bb][\/et_pb_image][et_pb_text admin_label=\u00bbParrafo 1&#8243; _builder_version=\u00bb4.25.1&#8243; text_font=\u00bbTitillium Web||||||||\u00bb text_text_color=\u00bb#000000&#8243; text_font_size=\u00bb20px\u00bb text_line_height=\u00bb2em\u00bb custom_margin=\u00bb2%|0%|2%|0%|true|true\u00bb custom_padding=\u00bb||0px|||\u00bb text_font_size_tablet=\u00bb17px\u00bb text_font_size_phone=\u00bb16px\u00bb text_font_size_last_edited=\u00bbon|phone\u00bb locked=\u00bboff\u00bb inline_fonts=\u00bbRubik,Alkalami,Titillium Web\u00bb global_colors_info=\u00bb{}\u00bb]<\/p>\n<p><span style=\"font-size: large;\"><b><i>\u00bfC\u00f3mo te llevas con la producci\u00f3n?<\/i><\/b><\/span><\/p>\n<p><span style=\"font-size: large;\"><b><i><\/i><\/b><\/span><\/p>\n<p><span style=\"font-weight: 400; font-size: large;\">No me llevo. Obviamente opino y doy alguna sugerencia, pero no es mi parte favorita. Prefiero la composici\u00f3n, que es un juego hermoso de tirar giladas y ver cuando sale algo bueno. Despu\u00e9s me encanta tocar en vivo, pero la producci\u00f3n se la dejo a los que saben.<\/span><\/p>\n<p><span style=\"font-weight: 400; font-size: large;\"><\/span><\/p>\n<p><span style=\"font-size: large;\"><b><i>\u00bfCu\u00e1les son los l\u00edmites del tango? \u00bfHasta d\u00f3nde te gusta llevarlo?<\/i><\/b><\/span><\/p>\n<p><span style=\"font-size: large;\"><b><i><\/i><\/b><\/span><\/p>\n<p><span style=\"font-size: large;\"><span style=\"font-weight: 400;\">Mira, mis primeras bandas, de chico, eran de reggae, ska. A mi me gustan el rock cl\u00e1sico y el tango. Para mi Troilo y Goyeneche son Lennon y McCartney, pero yo creo que el tango no tiene l\u00edmites. <\/span><b>Creo que me paro desde el tango<\/b><span style=\"font-weight: 400;\"> porque canto medio as\u00ed, por mi color de voz, porque encaro las composiciones por ah\u00ed, pero <\/span><b>no defiendo que esto sea el nuevo tango, me chupa un huevo.<\/b><span style=\"font-weight: 400;\"> Me pasa que me dicen \u201cesto no es tango\u201d, y bueno esta bien, tenes razon. No es una orquesta t\u00edpica, no es dos guitarras, que se yo. Para ir m\u00e1s atr\u00e1s a Piazzolla le dec\u00edan \u201cesto no es tango\u201d, y para mi tienen raz\u00f3n. Es verdad si dicen que no es tango, es post-tango o es jazz, tiene elementos. Siempre hay un choque en ese sentido. Lo que pasa tambi\u00e9n es que es un g\u00e9nero que tiene 130 o 150 a\u00f1os ya, y ni hablar la milonga, que es anterior. Y de esos 150, digamos que la mitad fueron de crecimiento. No hay muchos g\u00e9neros que puedan decir eso, el rock habr\u00e1 tenido 30 a\u00f1os de crecimiento, eso es bastante importante. Pero despu\u00e9s de eso, de Piazzolla, hubo camadas que yo igual escucho, Adriana Varela, la Fernandez Fierro, pero en general se volvi\u00f3 un g\u00e9nero un tanto conservador. Y entiendo tambi\u00e9n que ese conservadurismo, valga la redundancia, es para conservar algo del original, y lo valoro y me gusta ir a los bodegones y a las milongas y me encanta cantar a Gardel. No se que es lo que hay que hacer, pero a mi me gusta no perder ese contacto, tener una mano ah\u00ed. Pero tampoco me gusta abrazarme a eso porque sino va a quedar ah\u00ed.<\/span><b> Un poco lo que buscamos con este proyecto es ponerle una mano nueva, darle sonidos nuevos.<\/b><span style=\"font-weight: 400;\"> Por ejemplo mi versi\u00f3n de Tinta Roja, la mejor versi\u00f3n ya la hizo el Polaco Goyeneche, ni me caliento, mejor hacer algo distinto. Y ah\u00ed, por ejemplo, si entra en juego la producci\u00f3n.<\/span><\/span><\/p>\n<p><span style=\"font-size: large;\"><span style=\"font-weight: 400;\"><\/span><\/span><\/p>\n<p><span style=\"font-size: large;\"><b><i>\u00bfC\u00f3mo es esto que dec\u00edas de que te paras desde el tango?<\/i><\/b><\/span><\/p>\n<p><span style=\"font-size: large;\"><b><i><\/i><\/b><\/span><\/p>\n<p><span style=\"font-size: large;\"><span style=\"font-weight: 400;\">Bueno, es algo que excede lo musical. Yo nac\u00ed en el Hospital Italiano, viv\u00ed en Flores hasta los 8 a\u00f1os, despu\u00e9s me mud\u00e9 a Colegiales, osea soy m\u00e1s porte\u00f1o que la mierda viste. Ya es una cosa de usos y costumbres, de que me gusta charlar con amigos en un caf\u00e9, es algo identitario. <\/span><b>El tango es claramente la m\u00fasica de Buenos Aires<\/b><span style=\"font-weight: 400;\">, y todav\u00eda quedan algunos lugares. Yo vivo ac\u00e1 por Warnes, y hay un mec\u00e1nico que siempre paso y est\u00e1 escuchando a Troilo, y eso es Buenos Aires.Yo creo, como dice Moreno, en el nacionalismo de inclusi\u00f3n.<\/span><b> La conformaci\u00f3n de la identidad nacional es recibir y amalgamar, y para mi el punto m\u00e1ximo de eso es el tango.<\/b><span style=\"font-weight: 400;\"> Pero despu\u00e9s vinieron venezolanos y colombianos y eso es m\u00fasica que se escucha tambi\u00e9n, y tambi\u00e9n es m\u00fasica de Buenos Aires. Pero primero es el tango, y yo por eso me paro desde ahi, despues me voy a la mierda y canto boleros o canto blues.<\/span><\/span><\/p>\n<p><span style=\"font-weight: 400;\"><\/span><\/p>\n<p>[\/et_pb_text][et_pb_image src=\u00bbhttps:\/\/urbe.com.ar\/revista\/wp-content\/uploads\/2024\/05\/Imagen-de-WhatsApp-2024-05-22-a-las-10.09.12_081cec64.jpg\u00bb title_text=\u00bbImagen de WhatsApp 2024-05-22 a las 10.09.12_081cec64&#8243; align=\u00bbcenter\u00bb _builder_version=\u00bb4.25.1&#8243; _module_preset=\u00bbdefault\u00bb global_colors_info=\u00bb{}\u00bb][\/et_pb_image][et_pb_text admin_label=\u00bbParrafo 1&#8243; _builder_version=\u00bb4.25.1&#8243; text_font=\u00bbTitillium Web||||||||\u00bb text_text_color=\u00bb#000000&#8243; text_font_size=\u00bb20px\u00bb text_line_height=\u00bb2em\u00bb custom_margin=\u00bb2%|0%|2%|0%|true|true\u00bb custom_padding=\u00bb||0px|||\u00bb text_font_size_tablet=\u00bb17px\u00bb text_font_size_phone=\u00bb16px\u00bb text_font_size_last_edited=\u00bbon|phone\u00bb locked=\u00bboff\u00bb inline_fonts=\u00bbRubik,Alkalami,Titillium Web\u00bb global_colors_info=\u00bb{}\u00bb]<\/p>\n<p><span style=\"font-size: large;\"><b><i>Has hecho salsa, has hecho samba y dem\u00e1s, \u00bfhay una b\u00fasqueda de lo latinoamericano o lo haces porque te gusta?<\/i><\/b><\/span><\/p>\n<p><span style=\"font-size: large;\"><b><i><\/i><\/b><\/span><\/p>\n<p><span style=\"font-weight: 400; font-size: large;\">Las dos cosas. Obviamente me gusta, pero tambi\u00e9n tengo un sentimiento Iberoamericano, dir\u00eda. Tengo unas fantas\u00edas sobre lo que hubiese sido si no hubi\u00e9semos dividido los pa\u00edses, o si los ingleses no se hubiesen metido en el siglo XIX. Uruguay, Paraguay, Bolivia, Per\u00fa, Chile, creo que somos el mismo pa\u00eds en alg\u00fan punto. Pienso que tenemos las mismas diferencias un porte\u00f1o con un juje\u00f1o o un mendocino que con alguien que vive en Montevideo, La Paz o Santiago, que no son muchas. Despu\u00e9s bueno, Brasil es un continente entero, \u00bfno? Tienen otros procesos de independizaci\u00f3n y dem\u00e1s, pero yo los incluyo tambi\u00e9n con Portugal.<\/span><\/p>\n<p><span style=\"font-weight: 400; font-size: large;\"><\/span><\/p>\n<p><span style=\"font-size: large;\"><b><i>\u00bfVes una l\u00ednea que une a las tristezas del tango, del bolero, de la samba como algo americano?<\/i><\/b><\/span><\/p>\n<p><span style=\"font-size: large;\"><b><i><\/i><\/b><\/span><\/p>\n<p><span style=\"font-size: large;\"><span style=\"font-weight: 400;\">Y al blues y al jazz tambi\u00e9n, los negros excluidos de norteamerica. Y el reggae tambi\u00e9n es tercer mundo. Al final ah\u00ed hay algo m\u00e1s de clase que de otra cosa. <\/span><b>Y todo tiene una ra\u00edz negra, pero lo que pasa es que hace poco ten\u00edamos un presidente que dec\u00eda que venimos de los barcos.<\/b><span style=\"font-weight: 400;\"> Ese es el porte\u00f1o que nos hace quedar mal al resto. Hay mucha invisibilizaci\u00f3n de lo negro aca, pero por ejemplo la palabra tango, aunque hay muchas teorias, se cree que viene de tang\u00f3, que era el lugar donde los negros, los indios, los gauchos, mestizos y criollos se juntaban a joder y bailar candombe. Y despu\u00e9s con la milonga tambi\u00e9n, hay algo del 3\/3\/2 que obviamente viene de \u00c1frica. Que paso por los balcanes, que paso por los \u00e1rabes y que con los espa\u00f1oles vino para ac\u00e1. Y ese fraseo tan caracter\u00edstico de la guitarra en la milonga, <\/span><i><span style=\"font-weight: 400;\">tum tum-tum, tum tum-tum. <\/span><\/i><span style=\"font-weight: 400;\">Hab\u00eda p\u00e1rrafos del Martin Fierro se recitaban con ese fraseo, porque eran el cuento de la experiencia del sufrimiento del gaucho. Y eso es parecido a los negros del sur de Estados Unidos, de los esclavos brasileros o de los azucareros cubanos. El tango empieza as\u00ed, super clase baja. La payada criolla era un poco el relato de lo que hab\u00eda pasado en el d\u00eda. Por decirte Artigas, o gente as\u00ed, tocaban la guitarra. El tipo era protector de la Banda Oriental y no se cuantas provincias y despu\u00e9s estaba con todos los mu\u00f1ecos en el fuego cantando y chupando. Hay una tradici\u00f3n de contar lo que pas\u00f3 en el d\u00eda que eso si trato de mantenerlo.<\/span><\/span><\/p>\n<p><span style=\"font-size: large;\"><span style=\"font-weight: 400;\"><\/span><\/span><\/p>\n<p><span style=\"font-size: large;\"><b><i>El tango supo ser m\u00fasica de arrabales, y a ese lugar despu\u00e9s lo supo ocupar la cumbia, el rock barrial, el rap. \u00bfTe tira especialmente eso?<\/i><\/b><\/span><\/p>\n<p><span style=\"font-size: large;\"><b><i><\/i><\/b><\/span><\/p>\n<p><span style=\"font-size: large;\"><b>Yo creo que el tango es el primer g\u00e9nero urbano,<\/b><span style=\"font-weight: 400;\"> y ch\u00fapense esta. Empieza ah\u00ed, en la calle, en el arrabal, pero despu\u00e9s toma su forma definitiva. La melancol\u00eda, la nostalgia, eso que no le gustaba a Borges, eso si llego de los barcos, y con los instrumentos de all\u00e1. Pero eso se mezcl\u00f3 con lo que ac\u00e1 ya hab\u00eda. En Estados Unidos pasaba que cada comunidad se quedaba encerrada en s\u00ed misma: los irlandeses con los irlandeses, los tanos con los tanos, y as\u00ed. Pero aca en Argentina paso algo muy distinto, y en los conventillos el criollo se juntaba con el europeo y con el negro, y al final se armo eso. Esa alianza, <\/span><b>el tango, es la representaci\u00f3n musical del ser nacional.<\/b><span style=\"font-weight: 400;\"> Y por supuesto que es mestizo. Pero hay algo del tango que, por lo menos hasta Piazzolla, no ten\u00eda bater\u00eda, y la percusi\u00f3n la hac\u00eda con los violines o con el piano. Horacio Salgan por ejemplo, que ten\u00eda ra\u00edces negras, le pegaba al piano como si fuese percusi\u00f3n. Y con la m\u00fasica de ahora me pasa que est\u00e1 todo bien, me gusta para salir y voy a una fiesta de electr\u00f3nica y no pasa nada y me divierto, pero est\u00e1 muy centrado en lo r\u00edtmico. En mi casa no lo escucho. Me gusta m\u00e1s el siglo XX, m\u00e1s de la canci\u00f3n est\u00e1ndar, estrofa estribillo interludio, los cantantes. Y los reggaetoneros de ahora no tienen tanta melod\u00eda, no le dan bola a la armon\u00eda. Y me gustan canciones de dos acordes igual, obvio, Troilo dec\u00eda que hay que tocar bien los silencios. Pero eso me aleja. No quiero ser un viejo a los 33 a\u00f1os, pero eso me aleja. Hay excepciones igual que me gustan.<\/span><\/span><\/p>\n<p><span style=\"font-size: large;\"><span style=\"font-weight: 400;\"><\/span><\/span><\/p>\n<p><span style=\"font-size: large;\"><b><i>\u00bfPor ejemplo?<\/i><\/b><\/span><\/p>\n<p><span style=\"font-size: large;\"><b><i><\/i><\/b><\/span><\/p>\n<p><span style=\"font-weight: 400; font-size: large;\">La otra vez lo fui a ver a Fonso y Las Paritarias, que me encanta. Creo que agarro una batuta ah\u00ed que hab\u00eda dejado Marilina, que tambi\u00e9n me encanta. Los Winona Ryders, que no se si los escucho tanto pero en vivo me gustaron y mucho. Feli Colina me encanta, me gusta mucho lo que propone. Me identifica adem\u00e1s porque, ella siendo salte\u00f1a, usando sonidos nuevos, mantiene el sentimiento original. Y despu\u00e9s obvio, hay compositores de tango nuevo. Hay muchos que son una cagada, y hay otros que no. Hay muchos pibes que tocan muy, muy bien. La verdad es que los que m\u00e1s escucho ya tienen m\u00e1s de 50 a\u00f1os, Cucuza, el Chino Laborde, y bueno, Juli Lasso que debe tener menos de 40. Pero despu\u00e9s escucho mucho a los Beatles, viste, David Bowie.<\/span><\/p>\n<p><span style=\"font-weight: 400; font-size: large;\"><\/span><\/p>\n<p><span style=\"font-size: large;\"><b><i>\u00bfY el candombe?<\/i><\/b><\/span><\/p>\n<p><span style=\"font-size: large;\"><b><i><\/i><\/b><\/span><\/p>\n<p><span style=\"font-size: large;\"><span style=\"font-weight: 400;\">Me encanta, pero ves, ah\u00ed se logra algo de la distensi\u00f3n y del baile sin ser un pelotudo. Teniendo una melod\u00eda, y cantando una letra que diga algo, viste. <\/span><i><span style=\"font-weight: 400;\">Amor profundo lo que siento al cantar, poco hay en el mundo que me haga sentir igual<\/span><\/i><span style=\"font-weight: 400;\">. Ya ah\u00ed <\/span><b>lo que te plantea Jaime Ross es que el chab\u00f3n tiene una angustia existencial que lo \u00fanico que se la saca es cantar<\/b><span style=\"font-weight: 400;\">. Est\u00e1 bueno porque mientras tanto lo pod\u00e9s bailar. Facundo Balta tambi\u00e9n me gusta mucho por ejemplo, hace como un neo candombe que est\u00e1 muy bueno. La familia de mi novia es casi toda uruguaya, as\u00ed que voy casi todos los a\u00f1os para all\u00e1. Para mi somos el mismo pa\u00eds, lo separaron los ingleses porque necesitaban un puerto aca nomas.<\/span><\/span><\/p>\n<p><span style=\"font-size: large;\"><span style=\"font-weight: 400;\"><\/span><\/span><\/p>\n<p><span style=\"font-size: large;\"><b><i>\u00bfSe puede entrar al tango as\u00ed nom\u00e1s o hay que ser un porte\u00f1o de ley? \u00bfTe espera el tango?<\/i><\/b><\/span><\/p>\n<p><span style=\"font-size: large;\"><b><i><\/i><\/b><\/span><\/p>\n<p><span style=\"font-size: large;\"><span style=\"font-weight: 400;\">Bueno esa an\u00e9cdota es muy linda, muy representativa. Un notero le dice al Polaco que no le gusta el tango y el le dice \u201cvos tranquilo, el tango te espera\u201d. Y es as\u00ed, hay un punto en el que ya te separaste, ya te peleaste con un amigo, ya te rompieron el coraz\u00f3n, y adem\u00e1s te suena porque ya lo escuchaste. <\/span><b>El tango te da historias pero tambi\u00e9n te advierte sobre un futuro que ya vendr\u00e1.<\/b><span style=\"font-weight: 400;\"> Si no te rompieron el coraz\u00f3n o no te pas\u00f3 que te cruzaste con un falluto, tranquilo negro, ya te va a pasar. Si tengo que recomendarle algo a un pibe de 16, 17 a\u00f1os, le dir\u00eda que encare por el rock quiz\u00e1s. Charly, Calamaro, Fito, tienen todas cosas que se nota que escuchaban mucho tango. Lo m\u00e1s cercano a eso es el Polaco Goyeneche igual, idealmente empezar\u00eda por ah\u00ed. Adriana Varela por ejemplo, que fue alumna del Polaco, es una mina que escucha rock, ahora tiene 70 y pico de a\u00f1os pero es una rockera que canta tango. Y a los pibes m\u00e1s chicos les dir\u00eda que prueben, que se fijen y si no les gusta no lo escuchen. Yo lo recomiendo, porque es como un pensamiento triste que se baila, dec\u00eda Disc\u00e9polo.<\/span><\/span><\/p>\n<p><span style=\"font-size: large;\"><span style=\"font-weight: 400;\"><\/span><\/span><\/p>\n<p><span style=\"font-size: large;\"><b><i>Y en el cruce con el folklore, \u00bfqu\u00e9 pasa ah\u00ed? \u00bfHay tango fuera de Buenos Aires?<\/i><\/b><\/span><\/p>\n<p><span style=\"font-size: large;\"><b><i><\/i><\/b><\/span><\/p>\n<p><span style=\"font-weight: 400; font-size: large;\">Por supuesto, hay tangos camperos que son m\u00e1s parecidos al folklore, y ni hablar la milonga. Hay un tango que es urbano, que te va a pegar m\u00e1s si sos de Rosario, de Mendoza capital, de C\u00f3rdoba capital. Pero hay otros tangos que aunque no sean los m\u00e1s conocidos son m\u00e1s camperos, y la milonga est\u00e1 mucho m\u00e1s cerca del folklore tambi\u00e9n. El folklore me parece que no tuvo su Piazzolla, por eso quiz\u00e1s se qued\u00f3 un poco en lo musical y por eso me gusta tanto lo que hace Feli, me parece re importante.\u00a0<\/span><\/p>\n<p><span style=\"font-weight: 400; font-size: large;\"><\/span><\/p>\n<p><span style=\"font-size: large;\"><span style=\"font-weight: 400;\">Por otro lado, todo tiene una acci\u00f3n y una reacci\u00f3n, y creo que con toda esta homogeneizaci\u00f3n de la m\u00fasica y full ritmo y dem\u00e1s, sucedi\u00f3 la respuesta que fueron una espa\u00f1ola, Rosal\u00eda, un espa\u00f1ol, C Tangana, por ejemplo. Escriben muy bien, me encantan, y viste que agarran cosas del flamenco, de la rumba catalana, Tangana hasta canta un poco de tango, poco por suerte. Hay algo tambi\u00e9n de oferta y demanda, de relaci\u00f3n de mercado, porque era todo lo mismo lo que hab\u00eda. Pero tambi\u00e9n hay grupos de poder que buscan eso. No es casualidad, porque si todo viene de Puerto Rico, que es una colonia yankee, \u00bfpor qu\u00e9 te pensas que quieren que sea todo un <\/span><i><span style=\"font-weight: 400;\">tum ba dum ta tum <\/span><\/i><span style=\"font-weight: 400;\">y todo eso? Lo bancamos eh, pero no es solo eso Latinoamerica. Y la respuesta del oyente, que se satura, es culpa de ellos tambi\u00e9n. En la reivindicaci\u00f3n de estos g\u00e9neros, nacionales, regionales dir\u00eda, ah\u00ed aparece la particularidad. Y lo que siento es que los que nos animemos a renovar un toque, y me incluyo, bajo el riesgo de que nos digan que no hacemos tango o folklore, vamos a lograr que se genere una cosa nueva.<\/span><\/span><\/p>\n<p><span style=\"font-weight: 400;\"><\/span><\/p>\n<p>[\/et_pb_text][et_pb_image src=\u00bbhttps:\/\/urbe.com.ar\/revista\/wp-content\/uploads\/2024\/05\/Imagen-de-WhatsApp-2024-05-22-a-las-10.09.13_90cd3659.jpg\u00bb title_text=\u00bbImagen de WhatsApp 2024-05-22 a las 10.09.13_90cd3659&#8243; align=\u00bbcenter\u00bb _builder_version=\u00bb4.25.1&#8243; _module_preset=\u00bbdefault\u00bb global_colors_info=\u00bb{}\u00bb][\/et_pb_image][et_pb_text admin_label=\u00bbParrafo 1&#8243; _builder_version=\u00bb4.25.1&#8243; text_font=\u00bbTitillium Web||||||||\u00bb text_text_color=\u00bb#000000&#8243; text_font_size=\u00bb20px\u00bb text_line_height=\u00bb2em\u00bb custom_margin=\u00bb2%|0%|2%|0%|true|true\u00bb custom_padding=\u00bb||0px|||\u00bb text_font_size_tablet=\u00bb17px\u00bb text_font_size_phone=\u00bb16px\u00bb text_font_size_last_edited=\u00bbon|phone\u00bb locked=\u00bboff\u00bb inline_fonts=\u00bbRubik,Alkalami,Titillium Web\u00bb global_colors_info=\u00bb{}\u00bb]<\/p>\n<p><span style=\"font-size: large;\"><b><i>\u00bfA d\u00f3nde va el tango? \u00bfVa alg\u00fan lado o ya es otra cosa, post-tango?<\/i><\/b><\/span><\/p>\n<p><span style=\"font-size: large;\"><b><i><\/i><\/b><\/span><\/p>\n<p><span style=\"font-size: large;\"><span style=\"font-weight: 400;\">Si, yo creo que es post-tango, si. Porque el circuito del tango termina acotado a un par de lugares ac\u00e1 y a que los que est\u00e1n pegados vayan en el verano a Europa o a Jap\u00f3n y toquen los cl\u00e1sicos. Es un plan buen\u00edsimo, no estoy en contra para nada porque adem\u00e1s ah\u00ed hay guita. A mi me encanta tocar aca, voy con calma, me tomo un vinito, pero es dif\u00edcil armar mucho. Igual, olvidate, <\/span><b>el tango va a donde lo llevemos<\/b><span style=\"font-weight: 400;\">.<\/span><\/span><\/p>\n<p><span style=\"font-size: large;\"><span style=\"font-weight: 400;\"><\/span><\/span><\/p>\n<p><span style=\"font-size: large;\"><b><i>\u00bfQue se viene ahora, un single, un disco?<\/i><\/b><\/span><\/p>\n<p><span style=\"font-size: large;\"><b><i><\/i><\/b><\/span><\/p>\n<p><span style=\"font-weight: 400; font-size: large;\">Y, viste como es el tema del marketing. A mi no me molesta igual, mientras no se metan en la m\u00fasica. Yo pienso el disco entero y me gustar\u00eda sacarlo as\u00ed, pero tambi\u00e9n quiero vivir de esto as\u00ed que puedo resignar los tiempos a veces. Hay que darle de comer al algoritmo y yo lo entiendo. Esta semana me voy a meter a grabar el pr\u00f3ximo single, que va a salir a finales de junio, principios de julio, por ah\u00ed, que es medio una milonga, pero un poco as\u00ed con un sinte tambi\u00e9n. La letra habla un poco del amor sin compromiso, de c\u00f3mo no nos comprometemos porque estamos todos esclavizados en internet y laburando y auto explotandonos entonces llegamos con todo hasta ah\u00ed. Pero es una cr\u00edtica un poco con un humor viste, como no me da para ser Manzi ni Disc\u00e9polo trato de agarrar esos temas.<\/span><\/p>\n<p><span style=\"font-weight: 400; font-size: large;\"><\/span><\/p>\n<p><span style=\"font-size: large;\"><b><i>El Polaco dec\u00eda a veces que \u00e9l cantaba as\u00ed porque no estaba a la altura de Gardel para cantar cl\u00e1sico. \u00bfSent\u00eds algo de eso, como un cierto pudor desde el respeto?<\/i><\/b><\/span><\/p>\n<p><span style=\"font-size: large;\"><b><i><\/i><\/b><\/span><\/p>\n<p><span style=\"font-size: large;\"><span style=\"font-weight: 400;\">No, no dir\u00eda que pudor. Es conciencia de realidad directamente. Los admiro. <\/span><b>Para m\u00ed en cuanto a letras es lo m\u00e1s alto que lleg\u00f3 en el planeta Tierra. Disc\u00e9polo, Manzi, Spinetta, el Indio Solari, Charly tambi\u00e9n.<\/b><span style=\"font-weight: 400;\"> Son contadas las excepciones, los Beatles y David Bowie tambi\u00e9n. A mi me encantan los Rolling Stones pero no le llegan ni cerca. Rock yankee casi ni escucho. Pero los de ac\u00e1, Spinetta, Disc\u00e9polo, no le llegan ni cerca. <\/span><i><span style=\"font-weight: 400;\">Pero un fr\u00edo cruel que es peor que el odio, punto muerto de las almas, tumba horrenda de mi amor<\/span><\/i><span style=\"font-weight: 400;\">. Los jazzeros cantan cualquier poronga, la m\u00fasica es espectacular pero las letras\u2026 El espa\u00f1ol tambi\u00e9n es un idioma riqu\u00edsimo, m\u00e1s que el ingl\u00e9s. No puede ser que con todas las palabras que tenemos est\u00e1n todos garchando en el auto, yendo al shopping, que te la meti dura y no se que no se cuanto. Un poco de bronca me da. Despu\u00e9s obvio, me gusta mucho Dillom por ejemplo, me encanto su \u00faltimo disco, me parece un capo. Tambi\u00e9n hay algo de que sac\u00f3 su disco entero, sin cortes, porque ya tiene gente que espera ese disco. Wos tambi\u00e9n, por ejemplo, me gusta. Lo banco mucho a \u00e9l, le daba clases de boxeo. Me parece que de toda esa camada del Quinto Escal\u00f3n y dem\u00e1s son los que m\u00e1s tienen algo para decir. Catriel y Paco tambi\u00e9n me gustan mucho, sus discos solistas.\u00a0<\/span><\/span><\/p>\n<p><span style=\"font-size: large;\"><span style=\"font-weight: 400;\"><\/span><\/span><\/p>\n<p><span style=\"font-size: large;\"><span style=\"font-weight: 400;\">Dillom me gusta porque es muy zarpado pero sin ser un facho, porque sino sos Marra. La producci\u00f3n es buen\u00edsima, tiene el tema con Calamaro que me encanta, el de Lali, y despu\u00e9s bueno, tiene un tema que mata a una mina. Y est\u00e1 bueno eso porque hay que entender que hay temas que se inspiran en la vida real y otros que est\u00e1s contando un cuento. El tango tiene mucho de eso. Son discusiones que hasta tengo con mi novia, que me agarra y me dice \u201c\u00bfy esto a quien se lo escribiste?\u201d, y muchas veces es m\u00e1s imaginaci\u00f3n, narrativa, y te agarras de algo de aca que tenes una realidad muy inspiradora. Yo nunca fui al turf ponele, mi generaci\u00f3n ya no juega a los burros, por m\u00e1s que sea re porte\u00f1o. Pero <\/span><i><span style=\"font-weight: 400;\">Por Una Cabeza<\/span><\/i><span style=\"font-weight: 400;\"> puede hablar de otra cosa, de que tomaste de m\u00e1s, te garchaste a la que no te tenias que garchar, te jugaste con algo que no iba, <\/span><i><span style=\"font-weight: 400;\">pero si alg\u00fan pingo llega a ser fija el domingo, yo me juego entero, qu\u00e9 le voy a hacer. <\/span><\/i><span style=\"font-weight: 400;\">Es simb\u00f3lico.\u00a0<\/span><\/span><\/p>\n<p><span style=\"font-size: large;\"><span style=\"font-weight: 400;\"><\/span><\/span><\/p>\n<p><span style=\"font-size: large;\"><b><i>Hay un hilo conductor tambi\u00e9n de saber que es todo una cagada pero que vos estas jugado.<\/i><\/b><\/span><\/p>\n<p><span style=\"font-size: large;\"><b><i><\/i><\/b><\/span><\/p>\n<p><span style=\"font-size: large;\"><span style=\"font-weight: 400;\">Es que por eso te digo que el tango es la representaci\u00f3n del ser nacional, es la sensaci\u00f3n de vivir ac\u00e1. Ni siquiera si sos de las mil familias o tienes mil hect\u00e1reas en La Pampa zafas, porque de repente viniste a Buenos Aires y te rompieron el BMW y te robaron el iPhone. <\/span><b>Vivir ac\u00e1 es una aventura, y eso es lo inspirador tambi\u00e9n. No s\u00e9, \u00bfalguno conoce una letra de Holanda?<\/b><span style=\"font-weight: 400;\"> Ganan cinco mil d\u00f3lares por mes eh, pero yo no cambio por nada vivir ac\u00e1. Pero despu\u00e9s de eso, con las migraciones y dem\u00e1s, nosotros tambi\u00e9n lo exportamos. En Jap\u00f3n es impresionante como lo cantan, en Kimono y por fon\u00e9tica. Y hay tangos en finlandes, en Alemania hay 50 o 60 milongas, osea que algo un poco universal hay tambi\u00e9n. Yo con todo esto del reggaeton y lo r\u00edtmico que te digo, de todas maneras me encanta que los mejores sean nuestros, ya sea Duki, Maria Becerra, Tini, Emilia o el que sea. Exportar cultura es muy importante para un pa\u00eds. El tema es que esta es un poco una \u00e9poca vac\u00eda tambi\u00e9n, pero el tango con su tradici\u00f3n\u2026 yo creo que esa es la respuesta. A los que pueda convencer, los convencer\u00e9. Ojala se arme m\u00e1s movimiento, y m\u00e1s pibes y pibas se animen a agarrar elementos por lo menos, como se hizo en los \u201880 con Fito, Charly, Spinetta. Hay mucha cultura que viene de ah\u00ed viste, por algo se llaman los Premios Gardel.<\/span><\/span><\/p>\n<p><span style=\"font-size: large;\"><span style=\"font-weight: 400;\"><\/span><\/span><\/p>\n<p><span style=\"font-size: large;\"><b><i>Te quer\u00eda preguntar por eso, \u00bfqu\u00e9 te pasa con los Gardel?<\/i><\/b><\/span><\/p>\n<p><span style=\"font-size: large;\"><b><i><\/i><\/b><\/span><\/p>\n<p><span style=\"font-weight: 400; font-size: large;\">Me alegr\u00f3 mucho entrar como nuevo artista, obvio, iremos ah\u00ed a pasear con los pibes. Pero siento que hay tambi\u00e9n un cierto conservadurismo, como hablamos. Los nominados a tango son todos unos animales, que tienen que estar todos nominados, pero me gustar\u00eda que hubiera alg\u00fan sub 50 nominado. No lo digo por mi, obviamente, pero pasa a veces que no se abre mucho la puerta. Cucuzza, por ejemplo, te la abre mucho, los de La Chiclana y el Chino Laborde tambi\u00e9n, pero a veces el ambiente es muy cerrado.<\/span><\/p>\n<p><span style=\"font-weight: 400; font-size: large;\"><\/span><\/p>\n<p><span style=\"font-size: large;\"><b><i>Contame un poco de tu relaci\u00f3n con el peronismo.<\/i><\/b><\/span><\/p>\n<p><span style=\"font-size: large;\"><b><i><\/i><\/b><\/span><\/p>\n<p><span style=\"font-size: large;\"><span style=\"font-weight: 400;\">Mira, as\u00ed como en la m\u00fasica hay m\u00fasicos honestos y deshonestos, en la pol\u00edtica hay partidos populares y partidos olig\u00e1rquicos, aristocr\u00e1ticos. Pero es complicado, por ejemplo <\/span><b>yo creo que Milei es popular, por m\u00e1s que nos pese.<\/b><span style=\"font-weight: 400;\"> Un chabon de clase media, de Devoto, aunque re mambeado obvio, y para mal, claro. El radicalismo era un partido popular, la familia de mi abuelo era yrigoyenista. Fue el primer presidente que llevaron a la plaza, el primero despu\u00e9s de la Ley Saenz Pe\u00f1a. El primer jingle pol\u00edtico, o bueno no se si el primero, pero Gardel le hizo un jingle a Yrigoyen. Pero bueno, mi educaci\u00f3n pol\u00edtica siempre tuvo mucho del boca en boca, que me parece que es super importante, y que hay algo de la noci\u00f3n de nuestra historia que no se tiene muy en cuenta. Al venir los inmigrantes, por el 1880, con Mitre que instalaba la doctrina del libre comercio, de mirar al Atl\u00e1ntico, de la l\u00ednea de Rivadavia, se perdi\u00f3 la tradici\u00f3n oral. No hab\u00eda un abuelo que te cuente que ac\u00e1 estuvo Rosas, Dorrego, Mariano Moreno, Belgrano, San Mart\u00edn, que eran tipos que pensaban una Am\u00e9rica grande.<\/span><\/span><\/p>\n<p><span style=\"font-size: large;\"><span style=\"font-weight: 400;\"><\/span><\/span><\/p>\n<p><span style=\"font-size: large;\"><span style=\"font-weight: 400;\">A mis 12 a\u00f1os asume Nestor. En mi militancia del secundario yo estaba m\u00e1s tirado a la izquierda, pero siempre tuve un cari\u00f1o por el kirchnerismo. <\/span><b>Para m\u00ed la identidad pol\u00edtica del ser nacional es el peronismo.<\/b><span style=\"font-weight: 400;\"> Volviendo a lo de Estados Unidos y sus comunidades, el peronismo justamente es el que logra que esas comunidades se junten. Pero ojo, tambi\u00e9n Roca, 60 a\u00f1os antes, porque con la educaci\u00f3n p\u00fablica los tanos se cruzaban con los espa\u00f1oles, con los judios, con los polacos, y as\u00ed surge todo esto. Mi vieja es una rusa de Villa Crespo y mi viejo es un tano de por ah\u00ed, y capaz que tengo familiares que estuvieron en Auschwitz y otros que hab\u00edan estado con Mussolini, no lo s\u00e9. Pero ac\u00e1 hubo paz.\u00a0<\/span><\/span><\/p>\n<p><span style=\"font-size: large;\"><span style=\"font-weight: 400;\"><\/span><\/span><\/p>\n<p><span style=\"font-size: large;\"><span style=\"font-weight: 400;\">Despu\u00e9s arranco a militar org\u00e1nicamente, me meto en la facultad y dem\u00e1s, pero estuve muy poco ah\u00ed la verdad. Entonces mi formaci\u00f3n de contenido m\u00e1s acad\u00e9mico, si queres decirle as\u00ed, se da en la militancia. Fue en debates de discusi\u00f3n, leyendo a Jauretche, a Galasso, y debati\u00e9ndolos y pensando al pa\u00eds desde ac\u00e1, con las costumbres de ac\u00e1. Y obvio que est\u00e1 muy relacionado al tango, porque a mi no me agarra el berret\u00edn del tango solamente por lo musical, me agarra tambi\u00e9n por lo hist\u00f3rico, por reivindicar lo nacional. Eso fue muy fuerte para mi. Y en 2015, con Macri, nosotros lo que nos propusimos fue poner un centro cultural para atraer a la gente y conformar otra din\u00e1mica que el PJ porte\u00f1o, esa era la idea. Y termin\u00f3 siendo un lugar de referencia, a tal punto de que en el 19, cuando ganamos las PASO y las generales los pibes del bunker se vinieron a Simona, cortamos \u00c1lvarez Thomas, 2000 personas. Ten\u00edamos mi\u00e9rcoles de milonga, jueves de jazz, viernes de bandita y a la noche y el s\u00e1bado hab\u00eda joda. Pero tambi\u00e9n ten\u00edamos reuniones y arm\u00e1bamos comandos de campa\u00f1a, paralelos, por fuera de la org\u00e1nica de entonces. Lo que era la Patrulla Perdida, haciamos intervenciones en los subtes, intervenciones art\u00edsticas y cosas as\u00ed, por fuera de la campa\u00f1a, sin un mango, as\u00ed, todo a pulm\u00f3n. As\u00ed que fue una cosa muy noble, y adem\u00e1s militabamos en el barrio, en Chacarita, en la Villa Fraga. Cu\u00e1ndo fue la pandemia, con un par armamos un comedor, armamos festivales, juntabamos ropa, morfi. Tra\u00edamos artistas que tocaban ah\u00ed en la entrada de la <\/span><i><span style=\"font-weight: 400;\">llavi<\/span><\/i><span style=\"font-weight: 400;\"> y junt\u00e1bamos cosas, pelotas, juguetes, dem\u00e1s. Es una de las cosas que m\u00e1s estoy orgulloso en mi vida. <\/span><b>Yo creo que la soluci\u00f3n para que se rompa este ciclo en el que venimos es que la comunidad se organice, lograr que la gente se acerque a la pol\u00edtica.<\/b><span style=\"font-weight: 400;\"> Ahora est\u00e1 jodido, no se como se va a resolver, pero seguro lo va a hacer el peronismo.\u00a0<\/span><\/span><\/p>\n<p><span style=\"font-weight: 400;\"><\/span><\/p>\n<p>[\/et_pb_text][et_pb_text _builder_version=\u00bb4.25.1&#8243; _module_preset=\u00bbdefault\u00bb text_font=\u00bbTitillium Web||||||||\u00bb text_text_color=\u00bb#272727&#8243; background_color=\u00bb#f2f2f2&#8243; custom_margin=\u00bb112px|||||\u00bb custom_padding=\u00bb14px|14px|14px|14px|true|true\u00bb global_colors_info=\u00bb{}\u00bb]<\/p>\n<p style=\"text-align: center;\"><span style=\"font-size: large;\"><strong>Francisco Calatayud<\/strong><\/span><\/p>\n<p style=\"text-align: center;\">\u00bfTe gust\u00f3 la nota? Seguilo en sus redes &#x1f447;<\/p>\n<p style=\"text-align: center;\"><a href=\"https:\/\/www.instagram.com\/francalata\/\">@francalata<\/a><\/p>\n<p style=\"text-align: center;\"><a href=\"https:\/\/www.x.com\/fcalata\/\">@fcalata<\/a><\/p>\n<p>[\/et_pb_text][et_pb_blog fullwidth=\u00bboff\u00bb posts_number=\u00bb3&#8243; include_categories=\u00bbcurrent\u00bb meta_date=\u00bbj M,Y\u00bb excerpt_length=\u00bb80&#8243; show_author=\u00bboff\u00bb show_categories=\u00bboff\u00bb show_pagination=\u00bboff\u00bb masonry_tile_background_color=\u00bb#FFFFFF\u00bb disabled_on=\u00bbon|off|off\u00bb module_class=\u00bbpa-blog \u00bb _builder_version=\u00bb4.25.1&#8243; header_font=\u00bb|700|||||||\u00bb header_text_color=\u00bb#FFFFFF\u00bb header_font_size=\u00bb20px\u00bb body_font=\u00bb|600|||||||\u00bb body_text_color=\u00bb#FFFFFF\u00bb meta_text_color=\u00bb#FFFFFF\u00bb read_more_text_color=\u00bb#FFFFFF\u00bb background_color=\u00bb#FFFFFF\u00bb min_height=\u00bb100px\u00bb custom_margin=\u00bb0px||0%||false|false\u00bb custom_margin_tablet=\u00bb0%||||false|false\u00bb custom_margin_phone=\u00bb\u00bb custom_margin_last_edited=\u00bbon|desktop\u00bb custom_padding=\u00bb||0px|||\u00bb header_text_shadow_style=\u00bbpreset3&#8243; header_text_shadow_color=\u00bb#000000&#8243; body_text_shadow_style=\u00bbpreset3&#8243; body_text_shadow_color=\u00bb#000000&#8243; meta_text_shadow_style=\u00bbpreset3&#8243; meta_text_shadow_color=\u00bb#000000&#8243; border_color_all_image=\u00bb#FFFFFF\u00bb border_width_top_image=\u00bb2px\u00bb text_shadow_style=\u00bbpreset3&#8243; text_shadow_blur_strength=\u00bb0.54em\u00bb text_shadow_color=\u00bb#000000&#8243; global_colors_info=\u00bb{}\u00bb][\/et_pb_blog][et_pb_image src=\u00bbhttps:\/\/urbe.com.ar\/revista\/wp-content\/uploads\/2023\/05\/banner-escritores-copy.jpg\u00bb title_text=\u00bbbanner escritores copy\u00bb _builder_version=\u00bb4.21.0&#8243; _module_preset=\u00bbdefault\u00bb custom_margin=\u00bb15%||||false|false\u00bb global_colors_info=\u00bb{}\u00bb][\/et_pb_image][\/et_pb_column][\/et_pb_row][\/et_pb_section]<\/p>\n","protected":false},"excerpt":{"rendered":"<p>Por <b>Francisco Calatayud<\/b><\/p>\n","protected":false},"author":10,"featured_media":9718,"comment_status":"closed","ping_status":"closed","sticky":false,"template":"","format":"standard","meta":{"_et_pb_use_builder":"on","_et_pb_old_content":"","_et_gb_content_width":"1080","_jetpack_memberships_contains_paid_content":false,"footnotes":""},"categories":[26],"tags":[],"class_list":["post-9709","post","type-post","status-publish","format-standard","has-post-thumbnail","hentry","category-musica"],"yoast_head":"<!-- This site is optimized with the Yoast SEO plugin v27.5 - https:\/\/yoast.com\/product\/yoast-seo-wordpress\/ -->\n<title>&quot;El tango es la representaci\u00f3n musical del ser nacional&quot;, Entrevista a Tomi Lago - Revista Urbe<\/title>\n<meta name=\"robots\" content=\"index, follow, max-snippet:-1, max-image-preview:large, max-video-preview:-1\" \/>\n<link rel=\"canonical\" href=\"https:\/\/urbe.com.ar\/revista\/el-tango-es-la-representacion-musical-del-ser-nacional-entrevista-a-tomi-lago\/\" \/>\n<meta property=\"og:locale\" content=\"es_ES\" \/>\n<meta property=\"og:type\" content=\"article\" \/>\n<meta property=\"og:title\" content=\"&quot;El tango es la representaci\u00f3n musical del ser nacional&quot;, Entrevista a Tomi Lago - Revista Urbe\" \/>\n<meta property=\"og:description\" content=\"Por Francisco Calatayud\" \/>\n<meta property=\"og:url\" content=\"https:\/\/urbe.com.ar\/revista\/el-tango-es-la-representacion-musical-del-ser-nacional-entrevista-a-tomi-lago\/\" \/>\n<meta property=\"og:site_name\" content=\"Revista Urbe\" \/>\n<meta property=\"article:published_time\" content=\"2024-05-29T05:09:26+00:00\" \/>\n<meta property=\"article:modified_time\" content=\"2024-05-29T15:49:56+00:00\" \/>\n<meta property=\"og:image\" content=\"https:\/\/urbe.com.ar\/revista\/wp-content\/uploads\/2024\/05\/miniatura-copia-6-1024x922.jpg\" \/>\n\t<meta property=\"og:image:width\" content=\"1024\" \/>\n\t<meta property=\"og:image:height\" content=\"922\" \/>\n\t<meta property=\"og:image:type\" content=\"image\/jpeg\" \/>\n<meta name=\"author\" content=\"Alejo Bernhardt\" \/>\n<meta name=\"twitter:card\" content=\"summary_large_image\" \/>\n<meta name=\"twitter:creator\" content=\"@Revistaurbe_\" \/>\n<meta name=\"twitter:site\" content=\"@Revistaurbe_\" \/>\n<meta name=\"twitter:label1\" content=\"Escrito por\" \/>\n\t<meta name=\"twitter:data1\" content=\"Alejo Bernhardt\" \/>\n\t<meta name=\"twitter:label2\" content=\"Tiempo de lectura\" \/>\n\t<meta name=\"twitter:data2\" content=\"22 minutos\" \/>\n<script type=\"application\/ld+json\" class=\"yoast-schema-graph\">{\"@context\":\"https:\\\/\\\/schema.org\",\"@graph\":[{\"@type\":\"Article\",\"@id\":\"https:\\\/\\\/urbe.com.ar\\\/revista\\\/el-tango-es-la-representacion-musical-del-ser-nacional-entrevista-a-tomi-lago\\\/#article\",\"isPartOf\":{\"@id\":\"https:\\\/\\\/urbe.com.ar\\\/revista\\\/el-tango-es-la-representacion-musical-del-ser-nacional-entrevista-a-tomi-lago\\\/\"},\"author\":{\"name\":\"Alejo Bernhardt\",\"@id\":\"https:\\\/\\\/urbe.com.ar\\\/revista\\\/#\\\/schema\\\/person\\\/4ddcf051fa628850264f4c6d61f63ee2\"},\"headline\":\"\u00abEl tango es la representaci\u00f3n musical del ser nacional\u00bb, Entrevista a Tomi Lago\",\"datePublished\":\"2024-05-29T05:09:26+00:00\",\"dateModified\":\"2024-05-29T15:49:56+00:00\",\"mainEntityOfPage\":{\"@id\":\"https:\\\/\\\/urbe.com.ar\\\/revista\\\/el-tango-es-la-representacion-musical-del-ser-nacional-entrevista-a-tomi-lago\\\/\"},\"wordCount\":5890,\"image\":{\"@id\":\"https:\\\/\\\/urbe.com.ar\\\/revista\\\/el-tango-es-la-representacion-musical-del-ser-nacional-entrevista-a-tomi-lago\\\/#primaryimage\"},\"thumbnailUrl\":\"https:\\\/\\\/i0.wp.com\\\/urbe.com.ar\\\/revista\\\/wp-content\\\/uploads\\\/2024\\\/05\\\/miniatura-copia-6.jpg?fit=2551%2C2297&ssl=1\",\"articleSection\":[\"M\u00daSICA\"],\"inLanguage\":\"es\"},{\"@type\":\"WebPage\",\"@id\":\"https:\\\/\\\/urbe.com.ar\\\/revista\\\/el-tango-es-la-representacion-musical-del-ser-nacional-entrevista-a-tomi-lago\\\/\",\"url\":\"https:\\\/\\\/urbe.com.ar\\\/revista\\\/el-tango-es-la-representacion-musical-del-ser-nacional-entrevista-a-tomi-lago\\\/\",\"name\":\"\\\"El tango es la representaci\u00f3n musical del ser nacional\\\", Entrevista a Tomi Lago - Revista Urbe\",\"isPartOf\":{\"@id\":\"https:\\\/\\\/urbe.com.ar\\\/revista\\\/#website\"},\"primaryImageOfPage\":{\"@id\":\"https:\\\/\\\/urbe.com.ar\\\/revista\\\/el-tango-es-la-representacion-musical-del-ser-nacional-entrevista-a-tomi-lago\\\/#primaryimage\"},\"image\":{\"@id\":\"https:\\\/\\\/urbe.com.ar\\\/revista\\\/el-tango-es-la-representacion-musical-del-ser-nacional-entrevista-a-tomi-lago\\\/#primaryimage\"},\"thumbnailUrl\":\"https:\\\/\\\/i0.wp.com\\\/urbe.com.ar\\\/revista\\\/wp-content\\\/uploads\\\/2024\\\/05\\\/miniatura-copia-6.jpg?fit=2551%2C2297&ssl=1\",\"datePublished\":\"2024-05-29T05:09:26+00:00\",\"dateModified\":\"2024-05-29T15:49:56+00:00\",\"author\":{\"@id\":\"https:\\\/\\\/urbe.com.ar\\\/revista\\\/#\\\/schema\\\/person\\\/4ddcf051fa628850264f4c6d61f63ee2\"},\"breadcrumb\":{\"@id\":\"https:\\\/\\\/urbe.com.ar\\\/revista\\\/el-tango-es-la-representacion-musical-del-ser-nacional-entrevista-a-tomi-lago\\\/#breadcrumb\"},\"inLanguage\":\"es\",\"potentialAction\":[{\"@type\":\"ReadAction\",\"target\":[\"https:\\\/\\\/urbe.com.ar\\\/revista\\\/el-tango-es-la-representacion-musical-del-ser-nacional-entrevista-a-tomi-lago\\\/\"]}]},{\"@type\":\"ImageObject\",\"inLanguage\":\"es\",\"@id\":\"https:\\\/\\\/urbe.com.ar\\\/revista\\\/el-tango-es-la-representacion-musical-del-ser-nacional-entrevista-a-tomi-lago\\\/#primaryimage\",\"url\":\"https:\\\/\\\/i0.wp.com\\\/urbe.com.ar\\\/revista\\\/wp-content\\\/uploads\\\/2024\\\/05\\\/miniatura-copia-6.jpg?fit=2551%2C2297&ssl=1\",\"contentUrl\":\"https:\\\/\\\/i0.wp.com\\\/urbe.com.ar\\\/revista\\\/wp-content\\\/uploads\\\/2024\\\/05\\\/miniatura-copia-6.jpg?fit=2551%2C2297&ssl=1\",\"width\":2551,\"height\":2297},{\"@type\":\"BreadcrumbList\",\"@id\":\"https:\\\/\\\/urbe.com.ar\\\/revista\\\/el-tango-es-la-representacion-musical-del-ser-nacional-entrevista-a-tomi-lago\\\/#breadcrumb\",\"itemListElement\":[{\"@type\":\"ListItem\",\"position\":1,\"name\":\"Portada\",\"item\":\"https:\\\/\\\/urbe.com.ar\\\/revista\\\/\"},{\"@type\":\"ListItem\",\"position\":2,\"name\":\"&#8220;El tango es la representaci\u00f3n musical del ser nacional&#8221;, Entrevista a Tomi Lago\"}]},{\"@type\":\"WebSite\",\"@id\":\"https:\\\/\\\/urbe.com.ar\\\/revista\\\/#website\",\"url\":\"https:\\\/\\\/urbe.com.ar\\\/revista\\\/\",\"name\":\"Revista Urbe\",\"description\":\"\",\"potentialAction\":[{\"@type\":\"SearchAction\",\"target\":{\"@type\":\"EntryPoint\",\"urlTemplate\":\"https:\\\/\\\/urbe.com.ar\\\/revista\\\/?s={search_term_string}\"},\"query-input\":{\"@type\":\"PropertyValueSpecification\",\"valueRequired\":true,\"valueName\":\"search_term_string\"}}],\"inLanguage\":\"es\"},{\"@type\":\"Person\",\"@id\":\"https:\\\/\\\/urbe.com.ar\\\/revista\\\/#\\\/schema\\\/person\\\/4ddcf051fa628850264f4c6d61f63ee2\",\"name\":\"Alejo Bernhardt\",\"image\":{\"@type\":\"ImageObject\",\"inLanguage\":\"es\",\"@id\":\"https:\\\/\\\/secure.gravatar.com\\\/avatar\\\/e17892015a0b2fe0e47a8387056c05584647b09de53f1ac00adae78b2f4fb443?s=96&d=mm&r=g\",\"url\":\"https:\\\/\\\/secure.gravatar.com\\\/avatar\\\/e17892015a0b2fe0e47a8387056c05584647b09de53f1ac00adae78b2f4fb443?s=96&d=mm&r=g\",\"contentUrl\":\"https:\\\/\\\/secure.gravatar.com\\\/avatar\\\/e17892015a0b2fe0e47a8387056c05584647b09de53f1ac00adae78b2f4fb443?s=96&d=mm&r=g\",\"caption\":\"Alejo Bernhardt\"},\"url\":\"https:\\\/\\\/urbe.com.ar\\\/revista\\\/author\\\/alejo-bernhardt\\\/\"}]}<\/script>\n<!-- \/ Yoast SEO plugin. -->","yoast_head_json":{"title":"\"El tango es la representaci\u00f3n musical del ser nacional\", Entrevista a Tomi Lago - Revista Urbe","robots":{"index":"index","follow":"follow","max-snippet":"max-snippet:-1","max-image-preview":"max-image-preview:large","max-video-preview":"max-video-preview:-1"},"canonical":"https:\/\/urbe.com.ar\/revista\/el-tango-es-la-representacion-musical-del-ser-nacional-entrevista-a-tomi-lago\/","og_locale":"es_ES","og_type":"article","og_title":"\"El tango es la representaci\u00f3n musical del ser nacional\", Entrevista a Tomi Lago - Revista Urbe","og_description":"Por Francisco Calatayud","og_url":"https:\/\/urbe.com.ar\/revista\/el-tango-es-la-representacion-musical-del-ser-nacional-entrevista-a-tomi-lago\/","og_site_name":"Revista Urbe","article_published_time":"2024-05-29T05:09:26+00:00","article_modified_time":"2024-05-29T15:49:56+00:00","og_image":[{"width":1024,"height":922,"url":"https:\/\/urbe.com.ar\/revista\/wp-content\/uploads\/2024\/05\/miniatura-copia-6-1024x922.jpg","type":"image\/jpeg"}],"author":"Alejo Bernhardt","twitter_card":"summary_large_image","twitter_creator":"@Revistaurbe_","twitter_site":"@Revistaurbe_","twitter_misc":{"Escrito por":"Alejo Bernhardt","Tiempo de lectura":"22 minutos"},"schema":{"@context":"https:\/\/schema.org","@graph":[{"@type":"Article","@id":"https:\/\/urbe.com.ar\/revista\/el-tango-es-la-representacion-musical-del-ser-nacional-entrevista-a-tomi-lago\/#article","isPartOf":{"@id":"https:\/\/urbe.com.ar\/revista\/el-tango-es-la-representacion-musical-del-ser-nacional-entrevista-a-tomi-lago\/"},"author":{"name":"Alejo Bernhardt","@id":"https:\/\/urbe.com.ar\/revista\/#\/schema\/person\/4ddcf051fa628850264f4c6d61f63ee2"},"headline":"\u00abEl tango es la representaci\u00f3n musical del ser nacional\u00bb, Entrevista a Tomi Lago","datePublished":"2024-05-29T05:09:26+00:00","dateModified":"2024-05-29T15:49:56+00:00","mainEntityOfPage":{"@id":"https:\/\/urbe.com.ar\/revista\/el-tango-es-la-representacion-musical-del-ser-nacional-entrevista-a-tomi-lago\/"},"wordCount":5890,"image":{"@id":"https:\/\/urbe.com.ar\/revista\/el-tango-es-la-representacion-musical-del-ser-nacional-entrevista-a-tomi-lago\/#primaryimage"},"thumbnailUrl":"https:\/\/i0.wp.com\/urbe.com.ar\/revista\/wp-content\/uploads\/2024\/05\/miniatura-copia-6.jpg?fit=2551%2C2297&ssl=1","articleSection":["M\u00daSICA"],"inLanguage":"es"},{"@type":"WebPage","@id":"https:\/\/urbe.com.ar\/revista\/el-tango-es-la-representacion-musical-del-ser-nacional-entrevista-a-tomi-lago\/","url":"https:\/\/urbe.com.ar\/revista\/el-tango-es-la-representacion-musical-del-ser-nacional-entrevista-a-tomi-lago\/","name":"\"El tango es la representaci\u00f3n musical del ser nacional\", Entrevista a Tomi Lago - Revista Urbe","isPartOf":{"@id":"https:\/\/urbe.com.ar\/revista\/#website"},"primaryImageOfPage":{"@id":"https:\/\/urbe.com.ar\/revista\/el-tango-es-la-representacion-musical-del-ser-nacional-entrevista-a-tomi-lago\/#primaryimage"},"image":{"@id":"https:\/\/urbe.com.ar\/revista\/el-tango-es-la-representacion-musical-del-ser-nacional-entrevista-a-tomi-lago\/#primaryimage"},"thumbnailUrl":"https:\/\/i0.wp.com\/urbe.com.ar\/revista\/wp-content\/uploads\/2024\/05\/miniatura-copia-6.jpg?fit=2551%2C2297&ssl=1","datePublished":"2024-05-29T05:09:26+00:00","dateModified":"2024-05-29T15:49:56+00:00","author":{"@id":"https:\/\/urbe.com.ar\/revista\/#\/schema\/person\/4ddcf051fa628850264f4c6d61f63ee2"},"breadcrumb":{"@id":"https:\/\/urbe.com.ar\/revista\/el-tango-es-la-representacion-musical-del-ser-nacional-entrevista-a-tomi-lago\/#breadcrumb"},"inLanguage":"es","potentialAction":[{"@type":"ReadAction","target":["https:\/\/urbe.com.ar\/revista\/el-tango-es-la-representacion-musical-del-ser-nacional-entrevista-a-tomi-lago\/"]}]},{"@type":"ImageObject","inLanguage":"es","@id":"https:\/\/urbe.com.ar\/revista\/el-tango-es-la-representacion-musical-del-ser-nacional-entrevista-a-tomi-lago\/#primaryimage","url":"https:\/\/i0.wp.com\/urbe.com.ar\/revista\/wp-content\/uploads\/2024\/05\/miniatura-copia-6.jpg?fit=2551%2C2297&ssl=1","contentUrl":"https:\/\/i0.wp.com\/urbe.com.ar\/revista\/wp-content\/uploads\/2024\/05\/miniatura-copia-6.jpg?fit=2551%2C2297&ssl=1","width":2551,"height":2297},{"@type":"BreadcrumbList","@id":"https:\/\/urbe.com.ar\/revista\/el-tango-es-la-representacion-musical-del-ser-nacional-entrevista-a-tomi-lago\/#breadcrumb","itemListElement":[{"@type":"ListItem","position":1,"name":"Portada","item":"https:\/\/urbe.com.ar\/revista\/"},{"@type":"ListItem","position":2,"name":"&#8220;El tango es la representaci\u00f3n musical del ser nacional&#8221;, Entrevista a Tomi Lago"}]},{"@type":"WebSite","@id":"https:\/\/urbe.com.ar\/revista\/#website","url":"https:\/\/urbe.com.ar\/revista\/","name":"Revista Urbe","description":"","potentialAction":[{"@type":"SearchAction","target":{"@type":"EntryPoint","urlTemplate":"https:\/\/urbe.com.ar\/revista\/?s={search_term_string}"},"query-input":{"@type":"PropertyValueSpecification","valueRequired":true,"valueName":"search_term_string"}}],"inLanguage":"es"},{"@type":"Person","@id":"https:\/\/urbe.com.ar\/revista\/#\/schema\/person\/4ddcf051fa628850264f4c6d61f63ee2","name":"Alejo Bernhardt","image":{"@type":"ImageObject","inLanguage":"es","@id":"https:\/\/secure.gravatar.com\/avatar\/e17892015a0b2fe0e47a8387056c05584647b09de53f1ac00adae78b2f4fb443?s=96&d=mm&r=g","url":"https:\/\/secure.gravatar.com\/avatar\/e17892015a0b2fe0e47a8387056c05584647b09de53f1ac00adae78b2f4fb443?s=96&d=mm&r=g","contentUrl":"https:\/\/secure.gravatar.com\/avatar\/e17892015a0b2fe0e47a8387056c05584647b09de53f1ac00adae78b2f4fb443?s=96&d=mm&r=g","caption":"Alejo Bernhardt"},"url":"https:\/\/urbe.com.ar\/revista\/author\/alejo-bernhardt\/"}]}},"jetpack_featured_media_url":"https:\/\/i0.wp.com\/urbe.com.ar\/revista\/wp-content\/uploads\/2024\/05\/miniatura-copia-6.jpg?fit=2551%2C2297&ssl=1","jetpack_sharing_enabled":true,"_links":{"self":[{"href":"https:\/\/urbe.com.ar\/revista\/wp-json\/wp\/v2\/posts\/9709","targetHints":{"allow":["GET"]}}],"collection":[{"href":"https:\/\/urbe.com.ar\/revista\/wp-json\/wp\/v2\/posts"}],"about":[{"href":"https:\/\/urbe.com.ar\/revista\/wp-json\/wp\/v2\/types\/post"}],"author":[{"embeddable":true,"href":"https:\/\/urbe.com.ar\/revista\/wp-json\/wp\/v2\/users\/10"}],"replies":[{"embeddable":true,"href":"https:\/\/urbe.com.ar\/revista\/wp-json\/wp\/v2\/comments?post=9709"}],"version-history":[{"count":5,"href":"https:\/\/urbe.com.ar\/revista\/wp-json\/wp\/v2\/posts\/9709\/revisions"}],"predecessor-version":[{"id":9720,"href":"https:\/\/urbe.com.ar\/revista\/wp-json\/wp\/v2\/posts\/9709\/revisions\/9720"}],"wp:featuredmedia":[{"embeddable":true,"href":"https:\/\/urbe.com.ar\/revista\/wp-json\/wp\/v2\/media\/9718"}],"wp:attachment":[{"href":"https:\/\/urbe.com.ar\/revista\/wp-json\/wp\/v2\/media?parent=9709"}],"wp:term":[{"taxonomy":"category","embeddable":true,"href":"https:\/\/urbe.com.ar\/revista\/wp-json\/wp\/v2\/categories?post=9709"},{"taxonomy":"post_tag","embeddable":true,"href":"https:\/\/urbe.com.ar\/revista\/wp-json\/wp\/v2\/tags?post=9709"}],"curies":[{"name":"wp","href":"https:\/\/api.w.org\/{rel}","templated":true}]}}