{"id":9670,"date":"2024-05-22T15:55:06","date_gmt":"2024-05-22T15:55:06","guid":{"rendered":"https:\/\/urbe.com.ar\/revista\/?p=9670"},"modified":"2024-05-22T15:58:05","modified_gmt":"2024-05-22T15:58:05","slug":"museo-nacional-de-la-basura-iii","status":"publish","type":"post","link":"https:\/\/urbe.com.ar\/revista\/museo-nacional-de-la-basura-iii\/","title":{"rendered":"Museo Nacional de la Basura III: Cuatro historias de N\u00e9stor C."},"content":{"rendered":"<p>[et_pb_section fb_built=\u00bb1&#8243; disabled_on=\u00bbon|on|on\u00bb _builder_version=\u00bb4.20.0&#8243; disabled=\u00bbon\u00bb global_colors_info=\u00bb{}\u00bb][et_pb_row _builder_version=\u00bb4.18.0&#8243; global_colors_info=\u00bb{}\u00bb][et_pb_column type=\u00bb4_4&#8243; _builder_version=\u00bb4.18.0&#8243; global_colors_info=\u00bb{}\u00bb][et_pb_text disabled_on=\u00bbon|on|on\u00bb _builder_version=\u00bb4.25.1&#8243; text_font=\u00bbTitillium Web||||||||\u00bb custom_padding=\u00bb||28px|||\u00bb disabled=\u00bbon\u00bb global_colors_info=\u00bb{}\u00bb]<\/p>\n<p>Por <b>Manuel Cant\u00f3n <\/b>| Este ensayo se ocupa de estos problemas con un lente existencialista. Tomando algunas lecturas de Jean Paul Sartre, Simone de Beauvoir y tambi\u00e9n de Jorge Luis Borges, piensa los l\u00edmites de la voluntad humana.<\/p>\n<p>[\/et_pb_text][\/et_pb_column][\/et_pb_row][\/et_pb_section][et_pb_section fb_built=\u00bb1&#8243; _builder_version=\u00bb4.25.1&#8243; _module_preset=\u00bbdefault\u00bb global_colors_info=\u00bb{}\u00bb][et_pb_row _builder_version=\u00bb4.25.1&#8243; background_color=\u00bb#ffffff\u00bb background_enable_image=\u00bboff\u00bb custom_margin=\u00bb40px||20px||false|false\u00bb custom_padding=\u00bb12px|0px|12px|0px|true|true\u00bb border_color_left=\u00bb#F2AF46&#8243; global_colors_info=\u00bb{}\u00bb][et_pb_column type=\u00bb4_4&#8243; _builder_version=\u00bb4.25.1&#8243; global_colors_info=\u00bb{}\u00bb][et_pb_text _builder_version=\u00bb4.25.1&#8243; text_font=\u00bbTitillium Web|600|||||||\u00bb text_text_color=\u00bb#000000&#8243; text_font_size=\u00bb18px\u00bb header_text_align=\u00bbcenter\u00bb header_font_size=\u00bb35px\u00bb background_color=\u00bbRGBA(255,255,255,0)\u00bb background_layout=\u00bbdark\u00bb custom_margin=\u00bb2%|0%|2%|0%|true|true\u00bb custom_padding=\u00bb|||13px|false|false\u00bb border_color_all=\u00bb#F2AF46&#8243; global_colors_info=\u00bb{}\u00bb]<\/p>\n<p style=\"text-align: center;\"><strong>Artificios<\/strong><\/p>\n<p>[\/et_pb_text][et_pb_text _builder_version=\u00bb4.25.1&#8243; text_font=\u00bbTitillium Web|300|||||||\u00bb text_text_color=\u00bb#000000&#8243; text_line_height=\u00bb1.4em\u00bb header_font=\u00bb|700||on|||||\u00bb header_text_align=\u00bbleft\u00bb header_text_color=\u00bb#272727&#8243; header_font_size=\u00bb4em\u00bb background_color=\u00bbRGBA(255,255,255,0)\u00bb background_enable_image=\u00bboff\u00bb background_size=\u00bbstretch\u00bb width=\u00bb100%\u00bb module_alignment=\u00bbleft\u00bb min_height=\u00bb71px\u00bb custom_margin=\u00bb3%|0%|3%|0%|true|true\u00bb custom_padding=\u00bb|0%|0px|0%|false|true\u00bb global_colors_info=\u00bb{}\u00bb]<\/p>\n<h1 style=\"text-align: center;\">MUSEO NACIONAL DE LA BASURA III: CUATRO HISTORIAS DE N\u00c9STOR C.<\/h1>\n<p>[\/et_pb_text][et_pb_text _builder_version=\u00bb4.25.1&#8243; text_font=\u00bbTitillium Web||||||||\u00bb text_text_color=\u00bb#000000&#8243; text_font_size=\u00bb18px\u00bb header_text_align=\u00bbcenter\u00bb header_text_color=\u00bb#057E7E\u00bb header_font_size=\u00bb35px\u00bb text_orientation=\u00bbjustified\u00bb custom_margin=\u00bb2%|0%|2%|0%|true|true\u00bb custom_padding=\u00bb|||13px|false|false\u00bb border_color_left=\u00bb#F2AF46&#8243; global_colors_info=\u00bb{}\u00bb]<\/p>\n<p style=\"text-align: center;\">Por <b>Manuel Cant\u00f3n<\/b><br \/><span style=\"font-size: small;\">22 de mayo de 2024<\/span><\/p>\n<p>[\/et_pb_text][et_pb_image src=\u00bbhttps:\/\/urbe.com.ar\/revista\/wp-content\/uploads\/2024\/05\/banner-web-5.jpg\u00bb title_text=\u00bbbanner-web\u00bb disabled_on=\u00bboff|off|off\u00bb _builder_version=\u00bb4.25.1&#8243; background_enable_image=\u00bboff\u00bb custom_margin=\u00bb5%|0%|5%|0%|true|true\u00bb custom_margin_tablet=\u00bb\u00bb custom_margin_phone=\u00bb6%|0%|6%|0%|true|true\u00bb custom_margin_last_edited=\u00bbon|phone\u00bb hover_enabled=\u00bb0&#8243; global_colors_info=\u00bb{}\u00bb sticky_enabled=\u00bb0&#8243;][\/et_pb_image][\/et_pb_column][\/et_pb_row][et_pb_row column_structure=\u00bb1_2,1_2&#8243; use_custom_gutter=\u00bbon\u00bb gutter_width=\u00bb1&#8243; make_equal=\u00bbon\u00bb disabled_on=\u00bbon|off|off\u00bb _builder_version=\u00bb4.16&#8243; background_color=\u00bb#ffffff\u00bb custom_margin=\u00bb||||false|false\u00bb custom_padding=\u00bb0px||0px|0%|false|false\u00bb locked=\u00bboff\u00bb global_colors_info=\u00bb{}\u00bb][et_pb_column type=\u00bb1_2&#8243; _builder_version=\u00bb4.16&#8243; background_color=\u00bb#ffffff\u00bb custom_css_main_element=\u00bbwidth: 60% !important;\u00bb global_colors_info=\u00bb{}\u00bb][\/et_pb_column][et_pb_column type=\u00bb1_2&#8243; _builder_version=\u00bb4.16&#8243; custom_css_main_element=\u00bb||width: 40% !important;||margin: auto;||display: flex;||flex-direction: column;||justify-content: center;\u00bb global_colors_info=\u00bb{}\u00bb][et_pb_code _builder_version=\u00bb4.16&#8243; text_orientation=\u00bbcenter\u00bb module_alignment=\u00bbcenter\u00bb custom_margin=\u00bb2%||2%||true|false\u00bb custom_padding=\u00bb|6.7%||6.7%|false|true\u00bb global_colors_info=\u00bb{}\u00bb]<div class=\"addtoany_shortcode\"><div class=\"a2a_kit a2a_kit_size_32 addtoany_list\" data-a2a-url=\"https:\/\/urbe.com.ar\/revista\/museo-nacional-de-la-basura-iii\/\" data-a2a-title=\"Museo Nacional de la Basura III: Cuatro historias de N\u00e9stor C.\"><a class=\"a2a_button_facebook\" href=\"https:\/\/www.addtoany.com\/add_to\/facebook?linkurl=https%3A%2F%2Furbe.com.ar%2Frevista%2Fmuseo-nacional-de-la-basura-iii%2F&amp;linkname=Museo%20Nacional%20de%20la%20Basura%20III%3A%20Cuatro%20historias%20de%20N%C3%A9stor%20C.\" title=\"Facebook\" rel=\"nofollow noopener\" target=\"_blank\"><\/a><a class=\"a2a_button_whatsapp\" href=\"https:\/\/www.addtoany.com\/add_to\/whatsapp?linkurl=https%3A%2F%2Furbe.com.ar%2Frevista%2Fmuseo-nacional-de-la-basura-iii%2F&amp;linkname=Museo%20Nacional%20de%20la%20Basura%20III%3A%20Cuatro%20historias%20de%20N%C3%A9stor%20C.\" title=\"WhatsApp\" rel=\"nofollow noopener\" target=\"_blank\"><\/a><a class=\"a2a_button_twitter\" href=\"https:\/\/www.addtoany.com\/add_to\/twitter?linkurl=https%3A%2F%2Furbe.com.ar%2Frevista%2Fmuseo-nacional-de-la-basura-iii%2F&amp;linkname=Museo%20Nacional%20de%20la%20Basura%20III%3A%20Cuatro%20historias%20de%20N%C3%A9stor%20C.\" title=\"Twitter\" rel=\"nofollow noopener\" target=\"_blank\"><\/a><a class=\"a2a_button_email\" href=\"https:\/\/www.addtoany.com\/add_to\/email?linkurl=https%3A%2F%2Furbe.com.ar%2Frevista%2Fmuseo-nacional-de-la-basura-iii%2F&amp;linkname=Museo%20Nacional%20de%20la%20Basura%20III%3A%20Cuatro%20historias%20de%20N%C3%A9stor%20C.\" title=\"Email\" rel=\"nofollow noopener\" target=\"_blank\"><\/a><a class=\"a2a_button_copy_link\" href=\"https:\/\/www.addtoany.com\/add_to\/copy_link?linkurl=https%3A%2F%2Furbe.com.ar%2Frevista%2Fmuseo-nacional-de-la-basura-iii%2F&amp;linkname=Museo%20Nacional%20de%20la%20Basura%20III%3A%20Cuatro%20historias%20de%20N%C3%A9stor%20C.\" title=\"Copy Link\" rel=\"nofollow noopener\" target=\"_blank\"><\/a><\/div><\/div>[\/et_pb_code][\/et_pb_column][\/et_pb_row][et_pb_row use_custom_gutter=\u00bbon\u00bb gutter_width=\u00bb1&#8243; make_equal=\u00bbon\u00bb disabled_on=\u00bboff|on|on\u00bb _builder_version=\u00bb4.16&#8243; background_color=\u00bb#ffffff\u00bb custom_margin=\u00bb||||false|false\u00bb custom_padding=\u00bb0px||0px|0%|false|false\u00bb locked=\u00bboff\u00bb global_colors_info=\u00bb{}\u00bb][et_pb_column type=\u00bb4_4&#8243; _builder_version=\u00bb4.16&#8243; background_color=\u00bb#ffffff\u00bb global_colors_info=\u00bb{}\u00bb][et_pb_code disabled_on=\u00bboff|off|off\u00bb _builder_version=\u00bb4.16&#8243; _module_preset=\u00bbdefault\u00bb text_orientation=\u00bbcenter\u00bb width=\u00bb100%\u00bb width_tablet=\u00bb\u00bb width_phone=\u00bb100%\u00bb width_last_edited=\u00bbon|phone\u00bb max_width=\u00bb100%\u00bb max_width_tablet=\u00bb\u00bb max_width_phone=\u00bb\u00bb max_width_last_edited=\u00bbon|tablet\u00bb module_alignment=\u00bbright\u00bb custom_margin_tablet=\u00bb\u00bb custom_margin_phone=\u00bb\u00bb custom_margin_last_edited=\u00bbon|phone\u00bb module_alignment_tablet=\u00bb\u00bb module_alignment_phone=\u00bbcenter\u00bb module_alignment_last_edited=\u00bbon|desktop\u00bb global_colors_info=\u00bb{}\u00bb]<div class=\"addtoany_shortcode\"><div class=\"a2a_kit a2a_kit_size_32 addtoany_list\" data-a2a-url=\"https:\/\/urbe.com.ar\/revista\/museo-nacional-de-la-basura-iii\/\" data-a2a-title=\"Museo Nacional de la Basura III: Cuatro historias de N\u00e9stor C.\"><a class=\"a2a_button_facebook\" href=\"https:\/\/www.addtoany.com\/add_to\/facebook?linkurl=https%3A%2F%2Furbe.com.ar%2Frevista%2Fmuseo-nacional-de-la-basura-iii%2F&amp;linkname=Museo%20Nacional%20de%20la%20Basura%20III%3A%20Cuatro%20historias%20de%20N%C3%A9stor%20C.\" title=\"Facebook\" rel=\"nofollow noopener\" target=\"_blank\"><\/a><a class=\"a2a_button_whatsapp\" href=\"https:\/\/www.addtoany.com\/add_to\/whatsapp?linkurl=https%3A%2F%2Furbe.com.ar%2Frevista%2Fmuseo-nacional-de-la-basura-iii%2F&amp;linkname=Museo%20Nacional%20de%20la%20Basura%20III%3A%20Cuatro%20historias%20de%20N%C3%A9stor%20C.\" title=\"WhatsApp\" rel=\"nofollow noopener\" target=\"_blank\"><\/a><a class=\"a2a_button_twitter\" href=\"https:\/\/www.addtoany.com\/add_to\/twitter?linkurl=https%3A%2F%2Furbe.com.ar%2Frevista%2Fmuseo-nacional-de-la-basura-iii%2F&amp;linkname=Museo%20Nacional%20de%20la%20Basura%20III%3A%20Cuatro%20historias%20de%20N%C3%A9stor%20C.\" title=\"Twitter\" rel=\"nofollow noopener\" target=\"_blank\"><\/a><a class=\"a2a_button_email\" href=\"https:\/\/www.addtoany.com\/add_to\/email?linkurl=https%3A%2F%2Furbe.com.ar%2Frevista%2Fmuseo-nacional-de-la-basura-iii%2F&amp;linkname=Museo%20Nacional%20de%20la%20Basura%20III%3A%20Cuatro%20historias%20de%20N%C3%A9stor%20C.\" title=\"Email\" rel=\"nofollow noopener\" target=\"_blank\"><\/a><a class=\"a2a_button_copy_link\" href=\"https:\/\/www.addtoany.com\/add_to\/copy_link?linkurl=https%3A%2F%2Furbe.com.ar%2Frevista%2Fmuseo-nacional-de-la-basura-iii%2F&amp;linkname=Museo%20Nacional%20de%20la%20Basura%20III%3A%20Cuatro%20historias%20de%20N%C3%A9stor%20C.\" title=\"Copy Link\" rel=\"nofollow noopener\" target=\"_blank\"><\/a><\/div><\/div>[\/et_pb_code][\/et_pb_column][\/et_pb_row][et_pb_row _builder_version=\u00bb4.25.1&#8243; background_color=\u00bb#ffffff\u00bb width=\u00bb100%\u00bb custom_padding=\u00bb0px||3px|0px||\u00bb global_colors_info=\u00bb{}\u00bb][et_pb_column type=\u00bb4_4&#8243; _builder_version=\u00bb4.25.1&#8243; global_colors_info=\u00bb{}\u00bb][et_pb_text admin_label=\u00bbParrafo 1&#8243; _builder_version=\u00bb4.25.1&#8243; text_font=\u00bbTitillium Web||||||||\u00bb text_text_color=\u00bb#000000&#8243; text_font_size=\u00bb20px\u00bb text_line_height=\u00bb2em\u00bb custom_margin=\u00bb2%|0%|2%|0%|true|true\u00bb custom_padding=\u00bb||0px|||\u00bb text_font_size_tablet=\u00bb17px\u00bb text_font_size_phone=\u00bb16px\u00bb text_font_size_last_edited=\u00bbon|phone\u00bb locked=\u00bboff\u00bb inline_fonts=\u00bbRubik,Alkalami,Titillium Web\u00bb global_colors_info=\u00bb{}\u00bb]<\/p>\n<p><span style=\"font-size: large;\"><i><span style=\"font-weight: 400;\">Museo Nacional de la Basura<\/span><\/i><span style=\"font-weight: 400;\">, la serie que componen estas notas, empez\u00f3 con una <\/span><a href=\"https:\/\/urbe.com.ar\/revista\/una-introduccion-al-mundo-de-la-basura\/\"><span style=\"font-weight: 400;\">introducci\u00f3n personal<\/span><\/a><span style=\"font-weight: 400;\"> y sigui\u00f3 con una <\/span><a href=\"https:\/\/urbe.com.ar\/revista\/yo-rompere-tus-fotos\/\"><span style=\"font-weight: 400;\">investigaci\u00f3n detectivesca<\/span><\/a><span style=\"font-weight: 400;\">.<\/span><span style=\"font-weight: 400;\"> Ahora me gustar\u00eda traer algo distinto. En esta nota no hay grandes hallazgos o descubrimientos, y ni siquiera hay buenas fotos. Creo, sin embargo, que hay algo distinto: intimidad, desparpajo y, quiz\u00e1s, un poco de locura.\u00a0<\/span><\/span><\/p>\n<p><span style=\"font-size: large;\"><span style=\"font-weight: 400;\"><\/span><\/span><\/p>\n<p><span style=\"font-weight: 400; font-size: large;\">Hoy les traigo cuatro historias humildes, m\u00e1s o menos bien contadas por sus protagonistas. Como datan del 2003, casi todos siguen vivos. Por eso \u2014aviso desde ahora\u2014 voy a cambiar los nombres en riguroso orden alfab\u00e9tico.<\/span><\/p>\n<p><span style=\"font-weight: 400; font-size: large;\"><\/span><\/p>\n<p><span style=\"font-weight: 400; font-size: large;\">Espero que me disculpen, entonces, por contar la vida de alguien como si no perteneciera a nadie. Creo que es mejor as\u00ed.\u00a0<\/span><\/p>\n<p>&nbsp;<\/p>\n<p><span style=\"font-weight: 400; font-size: large;\">***<\/span><\/p>\n<p>&nbsp;<\/p>\n<p><span style=\"font-size: large;\"><span style=\"font-weight: 400;\">En diciembre de 2022 encontr\u00e9, al lado de un container sobre la calle Mansilla, una linda pila de papeles. Me llam\u00f3 la atenci\u00f3n que hubiera un libro; siempre estoy buscando libros gratis, y cada tanto los encuentro. Por eso tengo, aunque no lo le\u00ed, <\/span><i><span style=\"font-weight: 400;\">El esp\u00eda que surgi\u00f3 del fr\u00edo<\/span><\/i><span style=\"font-weight: 400;\">, de John Le Carr\u00e9, y por eso tengo tambi\u00e9n <\/span><i><span style=\"font-weight: 400;\">Antolog\u00eda de la literatura fant\u00e1stica<\/span><\/i><span style=\"font-weight: 400;\">, de Borges, Bioy y Silvina Ocampo, que s\u00ed le\u00ed y recomiendo.\u00a0<\/span><\/span><\/p>\n<p><span style=\"font-size: large;\"><span style=\"font-weight: 400;\"><\/span><\/span><\/p>\n<p><span style=\"font-weight: 400; font-size: large;\">Esta vez no tuve suerte. En esa pila, el \u00fanico libro era la memoria \u00e1rida de un congreso psicoanal\u00edtico:<\/span><\/p>\n<p><span style=\"font-weight: 400;\"><\/span><\/p>\n<p>[\/et_pb_text][et_pb_image src=\u00bbhttps:\/\/urbe.com.ar\/revista\/wp-content\/uploads\/2024\/05\/Screenshot_41.png\u00bb title_text=\u00bbScreenshot_41&#8243; align=\u00bbcenter\u00bb _builder_version=\u00bb4.25.1&#8243; _module_preset=\u00bbdefault\u00bb global_colors_info=\u00bb{}\u00bb][\/et_pb_image][et_pb_text admin_label=\u00bbParrafo 1&#8243; _builder_version=\u00bb4.25.0&#8243; text_font=\u00bbTitillium Web||||||||\u00bb text_text_color=\u00bb#000000&#8243; text_font_size=\u00bb17px\u00bb text_line_height=\u00bb2em\u00bb custom_margin=\u00bb2%|0%|2%|0%|true|true\u00bb custom_padding=\u00bb||0px|||\u00bb text_font_size_tablet=\u00bb17px\u00bb text_font_size_phone=\u00bb16px\u00bb text_font_size_last_edited=\u00bbon|phone\u00bb locked=\u00bboff\u00bb inline_fonts=\u00bbRubik,Alkalami,Titillium Web\u00bb global_colors_info=\u00bb{}\u00bb]<\/p>\n<p><span style=\"font-weight: 400; font-size: large;\">Los dem\u00e1s papeles tambi\u00e9n hab\u00edan sido de un psicoanalista: N\u00e9stor C. En su mayor\u00eda, eran documentos chatos y rutinarios, a los que es muy dif\u00edcil sacarles algo interesante. Hab\u00eda un talonario de facturas, un libro contable, unas boletas de luz. Si me interesara el espionaje en vez del voyeurismo, podr\u00eda haberles encontrado alg\u00fan uso, pero no es el caso.<\/span><\/p>\n<p><span style=\"font-weight: 400; font-size: large;\"><\/span><\/p>\n<p><span style=\"font-weight: 400; font-size: large;\">Por suerte eso no era todo. En esa pila hab\u00eda tambi\u00e9n algo excepcional, algo que justifica, creo yo, que hoy est\u00e9 escribiendo sobre el tema. En esa pila, en el container sobre la calle Mansilla, hab\u00eda \u2014por accidente: esas cosas no se tiran\u2014 un bloc de notas con membrete del Banco de Boston.\u00a0<\/span><\/p>\n<p><span style=\"font-weight: 400; font-size: large;\"><\/span><\/p>\n<p><span style=\"font-weight: 400; font-size: large;\">N\u00e9stor C., nuestro psicoanalista amigo, hab\u00eda apuntado en ese bloc, durante todo 2003, sus entrevistas con pacientes nuevos. Era un registro manuscrito \u2014muy confusamente manuscrito\u2014 del momento en que una persona desconocida entraba a su consultorio, en la calle Ecuador, se sentaba o se reclinaba en un sill\u00f3n, y de corrido, casi sin parar, contaba toda su vida. Desde el principio.\u00a0<\/span><\/p>\n<p>&nbsp;<\/p>\n<p><span style=\"font-weight: 400; font-size: large;\">***<\/span><\/p>\n<p>&nbsp;<\/p>\n<p><span style=\"font-weight: 400; font-size: large;\">El bloc de notas tiene quince entradas. En el encabezado de cada una figuran el nombre del paciente, su direcci\u00f3n, su edad, la fecha y, a veces, el profesional que hizo la derivaci\u00f3n. Abajo de eso hay un relato.\u00a0<\/span><\/p>\n<p><span style=\"font-weight: 400; font-size: large;\"><\/span><\/p>\n<p><span style=\"font-weight: 400; font-size: large;\">N\u00e9stor escribe mucho, escribe r\u00e1pido, escribe mal. Usa una cursiva abigarrada y pr\u00e1ctica llena de abreviaturas. Son notas para s\u00ed mismo; su funci\u00f3n es recordar y no contar. Es imposible reconstruir la historia de cada uno de los quince pacientes: a veces la conexi\u00f3n entre las notas es muy d\u00e9bil o directamente inexplicable, y a veces la historia es tan ordinaria que no tiene sentido hacer el esfuerzo.\u00a0<\/span><\/p>\n<p><span style=\"font-weight: 400; font-size: large;\"><\/span><\/p>\n<p><span style=\"font-weight: 400; font-size: large;\">Con el tiempo me acostumbr\u00e9 a la caligraf\u00eda m\u00e9dica de N\u00e9stor, y llegu\u00e9 a deducir su sistema de abreviaturas. Tampoco era muy complejo: \u201cq\u201d en vez de \u201cque\u201d, \u201cp\u201d en vez de \u201cpadre\u201d, los signos de hombre y mujer en casi cualquier caso pertinente. Cuatro termos de mate me alcanzaron para pasar el bloc a un archivo de Word.\u00a0<\/span><\/p>\n<p><span style=\"font-weight: 400; font-size: large;\"><\/span><\/p>\n<p><span style=\"font-weight: 400; font-size: large;\">El resultado fueron quince biograf\u00edas. Eleg\u00ed cuatro para esta nota, sin otro criterio que el capricho; son representativas, pero tambi\u00e9n podr\u00edan serlo otras. Trat\u00e9 de respetar, en esta especie de transcripci\u00f3n comentada, el estilo narrativo de cada paciente, con sus repeticiones y sus man\u00edas; eso produjo relatos dispersos y quiz\u00e1s poco atractivos, pero fieles. Estoy dejando, contra lo que recomienda el refr\u00e1n, que la verdad arruine una buena historia. Sin embargo, siento que cualquier otra cosa perjudicar\u00eda lo m\u00e1s interesante de estos papeles: la posibilidad, en general reservada a los psicoanalistas, de escuchar c\u00f3mo un desconocido cuenta su vida cuando no hay nadie para desmentirlo.\u00a0<\/span><\/p>\n<p><span style=\"font-weight: 400; font-size: large;\"><\/span><\/p>\n<p><span style=\"font-weight: 400; font-size: large;\">Sin m\u00e1s pre\u00e1mbulos, presento entonces el cuerpo de esta nota: las cuatro historias de N\u00e9stor C.\u00a0<\/span><\/p>\n<p>&nbsp;<\/p>\n<p><span style=\"font-weight: 400; font-size: large;\">***<\/span><\/p>\n<p>&nbsp;<\/p>\n<ol>\n<li><span style=\"font-size: large;\"><b> La historia de Alejandra<\/b><\/span><span style=\"font-size: large;\"><b><\/b><\/span><\/li>\n<\/ol>\n<p><span style=\"font-size: large;\"><span style=\"font-weight: 400;\"><\/span><\/span><\/p>\n<p><span style=\"font-size: large;\"><span style=\"font-weight: 400;\">Alejandra tiene cuarenta y tres a\u00f1os. Naci\u00f3 en General Pico, La Pampa; ahora \u2014<\/span><i><span style=\"font-weight: 400;\">ahora<\/span><\/i><span style=\"font-weight: 400;\"> significa en 2003\u2014, y desde hace alg\u00fan tiempo, vive en un edificio en Saavedra. No s\u00e9 c\u00f3mo se ver\u00eda cuando entr\u00f3 al consultorio, pero en 2024 las fotos en Instagram la muestran como una jubilada delgada y coqueta, con el pelo bien cuidado y el cuerpo pl\u00e1stico de los deportistas veteranos.<\/span><\/span><\/p>\n<p><span style=\"font-size: large;\"><span style=\"font-weight: 400;\"><\/span><\/span><\/p>\n<p><span style=\"font-weight: 400; font-size: large;\">Ni bien entra al consultorio, lo primero que menciona es su \u201cmigraci\u00f3n traum\u00e1tica\u201d. En 1978, a los dieciocho a\u00f1os, huy\u00f3 de la casa de su vieja.\u00a0<\/span><\/p>\n<p><span style=\"font-weight: 400; font-size: large;\"><\/span><\/p>\n<p><span style=\"font-weight: 400; font-size: large;\">Ese lugar, dice Alejandra, era asfixiante. Sus viejos se hab\u00edan separado el a\u00f1o anterior. Al viejo no lo vio nunca m\u00e1s: se fue con otra mujer \u2014otra mujer de la casa, dice\u2014 y perdi\u00f3 todo contacto. No sabe d\u00f3nde est\u00e1 ni le interesa; asume que est\u00e1 vivo, porque de otra forma el tr\u00e1mite legal la habr\u00eda alcanzado, pero para ella da lo mismo. Quiz\u00e1s haya hermanos, quiz\u00e1s no. Ella, hasta donde sabe, es hija \u00fanica.\u00a0<\/span><\/p>\n<p><span style=\"font-weight: 400; font-size: large;\"><\/span><\/p>\n<p><span style=\"font-weight: 400; font-size: large;\">En 1978, poco despu\u00e9s de la separaci\u00f3n, la vieja de Alejandra tuvo su primer intento de suicidio. Tom\u00f3 veneno; agoniz\u00f3, vomit\u00f3 y sobrevivi\u00f3. No quiso ver a ning\u00fan m\u00e9dico. Era una depresiva melanc\u00f3lica, dice Alejandra, totalmente incurable.<\/span><\/p>\n<p><span style=\"font-weight: 400; font-size: large;\"><\/span><\/p>\n<p><span style=\"font-weight: 400; font-size: large;\">A los dieciocho, Alejandra vino a Buenos Aires. Se instal\u00f3 en el departamento de su primer novio, Mart\u00edn. Se conoc\u00edan del pueblo, pero \u00e9l ya viv\u00eda ac\u00e1 desde hac\u00eda dos a\u00f1os; hab\u00edan tenido un encuentro intenso y fugaz durante el verano y ella, de alguna manera, lo convenci\u00f3 de recibirla. Fue bueno conmigo, dice Alejandra, pero yo nunca estuve enamorada de \u00e9l.\u00a0<\/span><\/p>\n<p><span style=\"font-weight: 400; font-size: large;\"><\/span><\/p>\n<p><span style=\"font-weight: 400; font-size: large;\">Mart\u00edn era solo una v\u00eda de escape, aclara. Lo dej\u00f3 al poco tiempo. A\u00f1os despu\u00e9s, a los treinta, conoci\u00f3 a Guillermo, su primer marido. Se casaron a sus treinta y ocho para adoptar a una nena, Catalina. Ella era hija biol\u00f3gica de la empleada dom\u00e9stica de uno de sus t\u00edos. Todos los papeles est\u00e1n en orden.\u00a0<\/span><\/p>\n<p><span style=\"font-weight: 400; font-size: large;\"><\/span><\/p>\n<p><span style=\"font-weight: 400; font-size: large;\">Guillermo y Alejandra se separaron un a\u00f1o despu\u00e9s de adoptar a Catalina. Creo que nunca estuve enamorada, dice ella. Quiz\u00e1s en alg\u00fan momento a los veinte a\u00f1os. Pero no, creo que nunca estuve enamorada. Todos los hombres que conoc\u00ed fueron un medio para un fin. Mart\u00edn me ayud\u00f3 a irme del pueblo, Guillermo a tener una hija. Cuando eso estaba resuelto, me separaba.\u00a0<\/span><\/p>\n<p><span style=\"font-weight: 400; font-size: large;\"><\/span><\/p>\n<p><span style=\"font-weight: 400; font-size: large;\">Ahora Alejandra est\u00e1 saliendo con un hombre casado. Llevan dos meses. Conoce y quiere a su esposa; le da culpa, pero no tanto como para dejarlo. Tampoco siente que est\u00e9 enamorada de \u00e9l.\u00a0<\/span><\/p>\n<p><span style=\"font-weight: 400; font-size: large;\"><\/span><\/p>\n<p><span style=\"font-weight: 400; font-size: large;\">Pero ese no es su problema.\u00a0<\/span><\/p>\n<p><span style=\"font-weight: 400; font-size: large;\"><\/span><\/p>\n<p><span style=\"font-weight: 400; font-size: large;\">Hace poco muri\u00f3 la vieja de Alejandra. Otro intento de suicidio, el cuarto; tambi\u00e9n veneno.\u00a0<\/span><\/p>\n<p><span style=\"font-weight: 400; font-size: large;\"><\/span><\/p>\n<p><span style=\"font-weight: 400; font-size: large;\">(En este momento, N\u00e9stor anota y subraya: no quiere hablar del tema).\u00a0<\/span><\/p>\n<p><span style=\"font-weight: 400; font-size: large;\"><\/span><\/p>\n<p><span style=\"font-weight: 400; font-size: large;\">Poco tiempo despu\u00e9s del suicidio, dos hombres entraron a robar a su casa. Les dio todo: la caja, el reloj, la cadena de oro. El ladr\u00f3n \u2014haciendo uso de un modismo visionario\u2014 le dijo \u201cand\u00e1 p\u2019all\u00e1\u201d y la tuvo en un rinc\u00f3n mientras terminaba de dar vuelta la casa. Alejandra solo pod\u00eda pensar en Catalina, su hija, y en qu\u00e9 habr\u00eda pasado si ella hubiera estado ah\u00ed en vez de con el padre.\u00a0<\/span><\/p>\n<p><span style=\"font-weight: 400;\"><\/span><\/p>\n<p>[\/et_pb_text][et_pb_button _builder_version=\u00bb4.25.0&#8243; _module_preset=\u00bbdefault\u00bb global_colors_info=\u00bb{}\u00bb][\/et_pb_button][et_pb_image src=\u00bbhttps:\/\/urbe.com.ar\/revista\/wp-content\/uploads\/2024\/05\/Screenshot_42.png\u00bb title_text=\u00bbScreenshot_42&#8243; align=\u00bbcenter\u00bb _builder_version=\u00bb4.25.1&#8243; _module_preset=\u00bbdefault\u00bb global_colors_info=\u00bb{}\u00bb][\/et_pb_image][et_pb_text admin_label=\u00bbParrafo 1&#8243; _builder_version=\u00bb4.25.0&#8243; text_font=\u00bbTitillium Web||||||||\u00bb text_text_color=\u00bb#000000&#8243; text_font_size=\u00bb17px\u00bb text_line_height=\u00bb2em\u00bb custom_margin=\u00bb2%|0%|2%|0%|true|true\u00bb custom_padding=\u00bb||0px|||\u00bb text_font_size_tablet=\u00bb17px\u00bb text_font_size_phone=\u00bb16px\u00bb text_font_size_last_edited=\u00bbon|phone\u00bb locked=\u00bboff\u00bb inline_fonts=\u00bbRubik,Alkalami,Titillium Web\u00bb global_colors_info=\u00bb{}\u00bb]<\/p>\n<p><span style=\"font-weight: 400; font-size: large;\">Ahora tiene miedo a la oscuridad. Nunca antes le hab\u00eda pasado: no duerme. Tiene miedo a heredar la locura de su madre. Tiene miedo a que la madre biol\u00f3gica de Catalina se arrepienta. Tiene miedo a su propia familia biol\u00f3gica.\u00a0<\/span><\/p>\n<p><span style=\"font-weight: 400; font-size: large;\"><\/span><\/p>\n<p><span style=\"font-weight: 400; font-size: large;\">Tiene miedo, en general. A veces ni sabe por qu\u00e9.\u00a0<\/span><\/p>\n<p><span style=\"font-weight: 400; font-size: large;\"><\/span><\/p>\n<p><span style=\"font-weight: 400; font-size: large;\">La sensaci\u00f3n es literalmente paralizante. Camina por la calle y se queda dura. Mira a la nada. No sabe si respira o no. Cuando el episodio termina, se da cuenta de que pasaron veinte, treinta minutos. Tiene esos ataques una vez por semana; pueden venir en cualquier momento, pero le agarran sobre todo en la calle. Se pregunta si alguna vez a su madre le pas\u00f3 lo mismo.\u00a0<\/span><\/p>\n<p><span style=\"font-weight: 400; font-size: large;\"><\/span><\/p>\n<p><span style=\"font-weight: 400; font-size: large;\">Vuelve el lunes a las 10:35.\u00a0<\/span><\/p>\n<p>&nbsp;<\/p>\n<p><span style=\"font-weight: 400; font-size: large;\">***<\/span><\/p>\n<p>&nbsp;<\/p>\n<ol start=\"2\">\n<li><span style=\"font-size: large;\"><b> La historia de Bautista\u00a0<\/b><\/span><\/li>\n<\/ol>\n<p><span style=\"font-weight: 400; font-size: large;\"><\/span><\/p>\n<p><span style=\"font-weight: 400; font-size: large;\">Bautista naci\u00f3 en Jun\u00edn. Tiene veintis\u00e9is a\u00f1os. Es hoy, y seguramente ya era en 2003, un hombre rubio, lindo en el sentido m\u00e1s f\u00e1cil del t\u00e9rmino. Podr\u00eda hacer de gal\u00e1n en una telenovela sin plata para Nicol\u00e1s V\u00e1squez. Probablemente entonces era m\u00e1s flaco que ahora. Probablemente ten\u00eda menos tatuajes (un drag\u00f3n en el antebrazo, un tribal en el cuello). Probablemente no usara anteojos.\u00a0<\/span><\/p>\n<p><span style=\"font-weight: 400; font-size: large;\"><\/span><\/p>\n<p><span style=\"font-weight: 400; font-size: large;\">Esta no es su primera vez en terapia: a los catorce o quince empez\u00f3 a tratarse con Raquel, en Jun\u00edn. Estaba en una etapa de mucha rebeld\u00eda. Se escapaba de casa, se emborrachaba, romp\u00eda cosas. Repiti\u00f3 el a\u00f1o en el colegio.\u00a0<\/span><\/p>\n<p><span style=\"font-weight: 400; font-size: large;\"><\/span><\/p>\n<p><span style=\"font-weight: 400; font-size: large;\">Tengo una familia muy particular, dice Bautista. En esa \u00e9poca viv\u00eda con mi t\u00eda Lucy, mi abuela y mis hermanos. Soy el segundo de siete. Yo no quer\u00eda estar en casa. Hac\u00eda cualquier cosa para no estar en casa.\u00a0<\/span><\/p>\n<p><span style=\"font-weight: 400;\"><\/span><\/p>\n<p>[\/et_pb_text][et_pb_image src=\u00bbhttps:\/\/urbe.com.ar\/revista\/wp-content\/uploads\/2024\/05\/Screenshot_43.png\u00bb title_text=\u00bbScreenshot_43&#8243; align=\u00bbcenter\u00bb _builder_version=\u00bb4.25.1&#8243; _module_preset=\u00bbdefault\u00bb global_colors_info=\u00bb{}\u00bb][\/et_pb_image][et_pb_text admin_label=\u00bbParrafo 1&#8243; _builder_version=\u00bb4.25.0&#8243; text_font=\u00bbTitillium Web||||||||\u00bb text_text_color=\u00bb#000000&#8243; text_font_size=\u00bb17px\u00bb text_line_height=\u00bb2em\u00bb custom_margin=\u00bb2%|0%|2%|0%|true|true\u00bb custom_padding=\u00bb||0px|||\u00bb text_font_size_tablet=\u00bb17px\u00bb text_font_size_phone=\u00bb16px\u00bb text_font_size_last_edited=\u00bbon|phone\u00bb locked=\u00bboff\u00bb inline_fonts=\u00bbRubik,Alkalami,Titillium Web\u00bb global_colors_info=\u00bb{}\u00bb]<\/p>\n<p><span style=\"font-weight: 400; font-size: large;\">Bautista salta de un tema a otro con mucha facilidad. Antes de seguir hablando de su familia, dice: tengo miedo a estancarme. (N\u00e9stor subraya la frase). Lo frustra mucho no tener un rumbo. Eso pasa, dice, porque su estructura familiar lo presionaba, pero no lo conten\u00eda. Bautista repite la frase varias veces: lo presionaba, pero no lo conten\u00eda. Su t\u00eda Lucy era muy exigente. Su abuela, una espa\u00f1ola de noventa y pico de a\u00f1os, era r\u00edgida. Ten\u00eda un cuadro de Francisco Franco en su cuarto. Siempre hablaba de \u00e9l como el General\u00edsimo.\u00a0<\/span><\/p>\n<p><span style=\"font-weight: 400; font-size: large;\"><\/span><\/p>\n<p><span style=\"font-weight: 400; font-size: large;\">En mi infancia pasaron cosas muy jodidas, dice Bautista. Cosas que mi familia no supo manejar. Mi vieja se muri\u00f3 de un infarto cuando yo ten\u00eda once a\u00f1os. Al toque le diagnosticaron c\u00e1ncer a mi viejo. Como ten\u00eda que viajar seguido a Buenos Aires para tratarse, decidieron que lo mejor era que nosotros vivi\u00e9ramos con la t\u00eda Lucy. Eso habr\u00e1 durado uno, dos a\u00f1os. Despu\u00e9s mi pap\u00e1 se muri\u00f3. Yo estaba terminando primer a\u00f1o del secundario.\u00a0<\/span><\/p>\n<p><span style=\"font-weight: 400; font-size: large;\"><\/span><\/p>\n<p><span style=\"font-weight: 400; font-size: large;\">Fue una \u00e9poca dif\u00edcil. Bautista se volvi\u00f3 conflictivo; ah\u00ed empezaron la rebeld\u00eda y los problemas en la escuela, y despu\u00e9s la terapia.\u00a0<\/span><\/p>\n<p><span style=\"font-weight: 400; font-size: large;\"><\/span><\/p>\n<p><span style=\"font-weight: 400; font-size: large;\">Al poco tiempo, su hermano mayor, Fernando, se mud\u00f3 a La Plata a estudiar Contabilidad. Bautista lo sigui\u00f3, pero para estudiar Econom\u00eda. Fernando se recibi\u00f3 con honores, Bautista dej\u00f3 porque no se animaba a dar un final. Decidi\u00f3 mudarse a Buenos Aires y empezar de nuevo. Se anot\u00f3 en Ingenier\u00eda Inform\u00e1tica en la UADE. La dej\u00f3 al a\u00f1o.\u00a0<\/span><\/p>\n<p><span style=\"font-weight: 400; font-size: large;\"><\/span><\/p>\n<p><span style=\"font-weight: 400; font-size: large;\">Fernando me presiona mucho, dice. Quiere que estudie o trabaje. Yo pens\u00e9 en hacer una carrera menos convencional, algo con inform\u00e1tica. El problema es que Fernando se cree Dios. Vive en C\u00f3rdoba y le parece que puede dirigir nuestras vidas desde all\u00e1. A mi pap\u00e1 solo le importa la plata.\u00a0<\/span><\/p>\n<p><span style=\"font-weight: 400; font-size: large;\"><\/span><\/p>\n<p><span style=\"font-weight: 400; font-size: large;\">(No detecta el fallido, anota N\u00e9stor).\u00a0\u00a0<\/span><\/p>\n<p><span style=\"font-weight: 400; font-size: large;\"><\/span><\/p>\n<p><span style=\"font-weight: 400; font-size: large;\">Bautista sigue: Fernando y yo estamos en las ant\u00edpodas. \u00c9l mide un metro noventa, est\u00e1 de novio desde los catorce a\u00f1os, hace todo lo que le dicen\u2026 Yo soy m\u00e1s bien solitario y no me importa tanto el qu\u00e9 dir\u00e1n, c\u00f3mo me ven. Y \u00e9l no entiende lo que significa para m\u00ed. No me llama nunca.\u00a0<\/span><\/p>\n<p><span style=\"font-weight: 400; font-size: large;\"><\/span><\/p>\n<p><span style=\"font-weight: 400; font-size: large;\">(Ante la pregunta por el padre, el paciente responde: mi viejo nunca hizo nada por m\u00ed).\u00a0<\/span><\/p>\n<p><span style=\"font-weight: 400; font-size: large;\"><\/span><\/p>\n<p><span style=\"font-weight: 400; font-size: large;\">Bautista aclara que no necesita trabajar. Se mantiene con el alquiler de un campo heredado. De todas formas, repite, tiene miedo a estancarse, as\u00ed que hace cursos de ingl\u00e9s y de computaci\u00f3n. A veces cree que deber\u00eda empezar una carrera ahora y recibirse antes de los treinta. Cualquiera, una corta, aunque preferir\u00eda hacer algo sin enga\u00f1arse, que le gustara realmente. Sus viejos siempre fantasearon con tener los siete t\u00edtulos de sus hijos colgados de la pared.\u00a0<\/span><\/p>\n<p><span style=\"font-weight: 400; font-size: large;\"><\/span><\/p>\n<p><span style=\"font-weight: 400; font-size: large;\">Bautista dedica mucho tiempo a su pareja, Sof\u00eda, una soci\u00f3loga juje\u00f1a. Se conocieron en Buenos Aires en el cumplea\u00f1os de un amigo en com\u00fan. Ella es acad\u00e9micamente brillante, habla cuatro idiomas, trotskista. Todo lo contrario a su familia conservadora. Adem\u00e1s, dice Bautista, Sof\u00eda es muy abierta en lo social y en lo sexual. Yo soy m\u00e1s fr\u00edo en todo.\u00a0<\/span><\/p>\n<p><span style=\"font-weight: 400; font-size: large;\"><\/span><\/p>\n<p><span style=\"font-weight: 400; font-size: large;\">Pero Sof\u00eda tambi\u00e9n suele tener per\u00edodos depresivos. A veces, Bautista siente que funciona como su psic\u00f3logo. Igual nada de lo que dice es real, agrega, para m\u00ed se hace la pobrecita para que la mimen. Yo tambi\u00e9n dramatizo mucho todo.\u00a0<\/span><\/p>\n<p><span style=\"font-weight: 400; font-size: large;\"><\/span><\/p>\n<p><span style=\"font-weight: 400; font-size: large;\">\u00daltimamente piensa en irse. Quiere vender el campo, comprar algo en Mendoza y mudarse para all\u00e1. No lo hace porque cree que el hermano no lo permitir\u00eda. Tampoco sabe qu\u00e9 m\u00e1s hacer con el tiempo.\u00a0<\/span><\/p>\n<p><span style=\"font-weight: 400; font-size: large;\"><\/span><\/p>\n<p><span style=\"font-weight: 400; font-size: large;\">Vuelve el jueves a las 9:40.<\/span><\/p>\n<p>&nbsp;<\/p>\n<p><span style=\"font-weight: 400; font-size: large;\">***<\/span><\/p>\n<p>&nbsp;<\/p>\n<ol start=\"3\">\n<li><span style=\"font-size: large;\"><b> La historia de Claudia<\/b><\/span><\/li>\n<\/ol>\n<p><span style=\"font-weight: 400; font-size: large;\"><\/span><\/p>\n<p><span style=\"font-weight: 400; font-size: large;\">Claudia tiene cuarenta y cinco a\u00f1os. Es ama de casa. Tiene dos hijas propias, una del primer marido y una del actual, y tres hijastros. Vive en Olivos con su pareja y su hija menor. Lo odia: le resulta inc\u00f3modo, lejos de todo, y le parece demasiado arreglado. Es como vivir en un zool\u00f3gico, dice.\u00a0\u00a0<\/span><\/p>\n<p><span style=\"font-weight: 400; font-size: large;\"><\/span><\/p>\n<p><span style=\"font-weight: 400; font-size: large;\">Viene de una familia de la Marina. Su viejo, hu\u00e9rfano, el mayor de cuatro hermanos, fue oficial naval. Adem\u00e1s estudi\u00f3 para ser abogado y contador. Dej\u00f3 la Marina en 1977, cuando un grupo armado lo ametrall\u00f3 desde un auto. Desde entonces se dedic\u00f3 a la abogac\u00eda. Ella no sabe qu\u00e9 grupo fue responsable del incidente, ni cu\u00e1les fueron los motivos. No se habla en la familia y ella siempre prefiri\u00f3 no preguntar. Ahora su padre est\u00e1 muerto y ella est\u00e1 segura de que no se va a enterar nunca.\u00a0<\/span><\/p>\n<p><span style=\"font-weight: 400;\"><\/span><\/p>\n<p>[\/et_pb_text][et_pb_image src=\u00bbhttps:\/\/urbe.com.ar\/revista\/wp-content\/uploads\/2024\/05\/Screenshot_44.png\u00bb title_text=\u00bbScreenshot_44&#8243; align=\u00bbcenter\u00bb _builder_version=\u00bb4.25.1&#8243; _module_preset=\u00bbdefault\u00bb global_colors_info=\u00bb{}\u00bb][\/et_pb_image][et_pb_text admin_label=\u00bbParrafo 1&#8243; _builder_version=\u00bb4.25.0&#8243; text_font=\u00bbTitillium Web||||||||\u00bb text_text_color=\u00bb#000000&#8243; text_font_size=\u00bb17px\u00bb text_line_height=\u00bb2em\u00bb custom_margin=\u00bb2%|0%|2%|0%|true|true\u00bb custom_padding=\u00bb||0px|||\u00bb text_font_size_tablet=\u00bb17px\u00bb text_font_size_phone=\u00bb16px\u00bb text_font_size_last_edited=\u00bbon|phone\u00bb locked=\u00bboff\u00bb inline_fonts=\u00bbRubik,Alkalami,Titillium Web\u00bb global_colors_info=\u00bb{}\u00bb]<\/p>\n<p><span style=\"font-weight: 400; font-size: large;\">Se cas\u00f3 a los veintiun a\u00f1os. Su primer marido tambi\u00e9n era marino. Con \u00e9l se fue a vivir a Bah\u00eda Blanca; tampoco le gustaba. Era como una prisi\u00f3n, dice.\u00a0<\/span><\/p>\n<p><span style=\"font-weight: 400; font-size: large;\"><\/span><\/p>\n<p><span style=\"font-weight: 400; font-size: large;\">Su divorcio, a los treinta, fue arduo y accidentado. Decidi\u00f3 que lo mejor era poner distancia y se vino a vivir a Buenos Aires. En esa \u00e9poca conoci\u00f3 a su segundo marido, ingeniero agr\u00f3nomo, que la sac\u00f3 de la endogamia naval.\u00a0<\/span><\/p>\n<p><span style=\"font-weight: 400; font-size: large;\"><\/span><\/p>\n<p><span style=\"font-weight: 400; font-size: large;\">Claudia siente que est\u00e1 atravesando un momento de cambio. Toda su vida se dedic\u00f3 a su familia, pero ahora sus hijas est\u00e1n grandes y no la necesitan. Cree que le lleg\u00f3 su momento, pero no sabe bien qu\u00e9 significa. Nunca trabaj\u00f3, nunca fue due\u00f1a de su tiempo. Ahora s\u00ed y eso la desespera.\u00a0<\/span><\/p>\n<p><span style=\"font-weight: 400; font-size: large;\"><\/span><\/p>\n<p><span style=\"font-weight: 400; font-size: large;\">Su terapeuta anterior la convenci\u00f3 de explorar sus intereses. Empez\u00f3 clases de guitarra y se anot\u00f3 en el CBC de Filosof\u00eda. Sin entrar en detalles, Claudia cuenta que tambi\u00e9n se involucr\u00f3 en un proyecto de investigaci\u00f3n que incluye beb\u00e9s. Dice que eso le gusta, que la hace sentir \u00fatil.\u00a0<\/span><\/p>\n<p><span style=\"font-weight: 400; font-size: large;\"><\/span><\/p>\n<p><span style=\"font-weight: 400; font-size: large;\">En paralelo a ese proceso de autodescubrimiento, Claudia siente mucho miedo. Su hermano tiene problemas graves del coraz\u00f3n. Tuvo un infarto, lo sobrevivi\u00f3, hizo un tratamiento largo en la Cl\u00ednica Mayo de Estados Unidos. No ser\u00eda raro que muriera pronto; en ese caso, piensa Claudia, ella tendr\u00eda que hacerse cargo de sus hijas. No llega a decirlo en voz alta, o por lo menos N\u00e9stor no lo anota, pero queda claro que terminar\u00eda con esa libertad a la que reci\u00e9n se est\u00e1 acostumbrado. Eso le da miedo y la ilusiona a la vez.\u00a0<\/span><\/p>\n<p><span style=\"font-weight: 400; font-size: large;\"><\/span><\/p>\n<p><span style=\"font-weight: 400; font-size: large;\">Hace poco, Claudia se resbal\u00f3 y se quebr\u00f3 un hueso metacarpiano de la mano. Todo el tiempo hace cuentas: su abuelo muri\u00f3 a su edad, su viejo un poco m\u00e1s grande, a su hermano le puede tocar pronto. Ella cree que est\u00e1 cerca de la muerte y no sabe qu\u00e9 hacer con esa informaci\u00f3n. Siente que, si se muere ahora, no va a dejar nada atr\u00e1s. Ya nadie la necesita.\u00a0<\/span><\/p>\n<p><span style=\"font-weight: 400; font-size: large;\"><\/span><\/p>\n<p><span style=\"font-weight: 400; font-size: large;\">No dice si vuelve o no.\u00a0<\/span><\/p>\n<p>&nbsp;<\/p>\n<p><span style=\"font-weight: 400; font-size: large;\">***<\/span><\/p>\n<p>&nbsp;<\/p>\n<ol start=\"4\">\n<li><span style=\"font-size: large;\"><b> La historia de Daniela<\/b><\/span><\/li>\n<\/ol>\n<p><span style=\"font-weight: 400; font-size: large;\"><\/span><\/p>\n<p><span style=\"font-weight: 400; font-size: large;\">Daniela tiene veintiocho a\u00f1os. Es fot\u00f3grafa. Se cri\u00f3 en Ameghino y vino a Buenos Aires a estudiar Nutrici\u00f3n, pero no hizo ni un cuatrimestre del CBC. Hoy \u20142024\u2014, en su cara de alto mantenimiento se notan los rastros de varios tratamientos no invasivos y de alguna cirug\u00eda desafortunada. En la \u00fanica foto vieja que tiene en su Instagram, donde parece tener veinte a\u00f1os, se le reconocen algunos de los rasgos que la hac\u00edan hermosa: el pelo negro y denso, los ojos almendrados, la nariz peque\u00f1a y pecosa.\u00a0<\/span><\/p>\n<p><span style=\"font-weight: 400; font-size: large;\"><\/span><\/p>\n<p><span style=\"font-weight: 400; font-size: large;\">Ni bien empieza la entrevista, Daniela cuenta su primer recuerdo: una siesta, a los cuatro o cinco a\u00f1os, en la que apoy\u00f3 la mano en su pelvis y le gust\u00f3. Inmediatamente despu\u00e9s dice: mi viejo ten\u00eda una amante.\u00a0<\/span><\/p>\n<p><span style=\"font-weight: 400; font-size: large;\"><\/span><\/p>\n<p><span style=\"font-weight: 400; font-size: large;\">La situaci\u00f3n estaba bastante blanqueada. Pasaban a saludarla cuando volv\u00edan del colegio. Mi viejo le dec\u00eda \u201cmi negra\u201d, comenta Daniela; y agrega, despu\u00e9s de una pausa: a m\u00ed tambi\u00e9n me dec\u00eda \u201cmi negra\u201d.\u00a0<\/span><\/p>\n<p><span style=\"font-weight: 400;\"><\/span><\/p>\n<p>[\/et_pb_text][et_pb_image src=\u00bbhttps:\/\/urbe.com.ar\/revista\/wp-content\/uploads\/2024\/05\/Screenshot_45.png\u00bb title_text=\u00bbScreenshot_45&#8243; align=\u00bbcenter\u00bb _builder_version=\u00bb4.25.1&#8243; _module_preset=\u00bbdefault\u00bb global_colors_info=\u00bb{}\u00bb][\/et_pb_image][et_pb_text admin_label=\u00bbParrafo 1&#8243; _builder_version=\u00bb4.25.0&#8243; text_font=\u00bbTitillium Web||||||||\u00bb text_text_color=\u00bb#000000&#8243; text_font_size=\u00bb17px\u00bb text_line_height=\u00bb2em\u00bb custom_margin=\u00bb2%|0%|2%|0%|true|true\u00bb custom_padding=\u00bb||0px|||\u00bb text_font_size_tablet=\u00bb17px\u00bb text_font_size_phone=\u00bb16px\u00bb text_font_size_last_edited=\u00bbon|phone\u00bb locked=\u00bboff\u00bb inline_fonts=\u00bbRubik,Alkalami,Titillium Web\u00bb global_colors_info=\u00bb{}\u00bb]<\/p>\n<p><span style=\"font-weight: 400; font-size: large;\">El viejo muri\u00f3 cuando Daniela ten\u00eda diez a\u00f1os. Le dio un infarto mientras estaba con la amante. Fue un esc\u00e1ndalo en el pueblo, todo el mundo lo sab\u00eda, dice. En parte por eso me fui ni bien pude.\u00a0<\/span><\/p>\n<p><span style=\"font-weight: 400; font-size: large;\"><\/span><\/p>\n<p><span style=\"font-weight: 400; font-size: large;\">Hace poco, Daniela descubri\u00f3 algunos detalles sobre la vida de su viejo. Es una historia complicada, dice. Fue criado por su abuela creyendo que era su madre. Su hermana era, en realidad, su madre biol\u00f3gica. Lo tuvo a los quince a\u00f1os. Daniela la conoci\u00f3 como su t\u00eda y, aunque hoy en d\u00eda no tiene mucho contacto, se le hace dif\u00edcil pensar en ella como su abuela.\u00a0<\/span><\/p>\n<p><span style=\"font-weight: 400; font-size: large;\"><\/span><\/p>\n<p><span style=\"font-weight: 400; font-size: large;\">Daniela considera que ah\u00ed est\u00e1 el origen de sus problemas con los hombres. Duran poco, van y vienen. Siento que puedo despertar pasi\u00f3n, dice, pero no amor.\u00a0<\/span><\/p>\n<p><span style=\"font-weight: 400; font-size: large;\"><\/span><\/p>\n<p><span style=\"font-weight: 400; font-size: large;\">Pone el ejemplo de su primer novio, Mart\u00edn. A \u00e9l siempre le gustaron otras chicas, incluyendo la mejor amiga de Daniela, In\u00e9s. Ella sufr\u00eda la mirada desviada de su novio, la competencia subterr\u00e1nea de su amiga. Igual, agrega, yo tampoco era muy distinta. En realidad a m\u00ed me gustaba el hermano de Mart\u00edn, Hern\u00e1n. Finalmente, cuando Mart\u00edn la dej\u00f3 por In\u00e9s, ella se puso en pareja con Hern\u00e1n, su ex cu\u00f1ado.\u00a0<\/span><\/p>\n<p><span style=\"font-weight: 400; font-size: large;\"><\/span><\/p>\n<p><span style=\"font-weight: 400; font-size: large;\">Cort\u00f3 con Hern\u00e1n cuando supo que tambi\u00e9n le gustaban los hombres. Sent\u00eda que no pod\u00eda competir.\u00a0<\/span><\/p>\n<p><span style=\"font-weight: 400; font-size: large;\"><\/span><\/p>\n<p><span style=\"font-weight: 400; font-size: large;\">Pero con otras mujeres s\u00ed pod\u00edas competir, dice N\u00e9stor. Como tu amiga.\u00a0<\/span><\/p>\n<p><span style=\"font-weight: 400; font-size: large;\"><\/span><\/p>\n<p><span style=\"font-weight: 400; font-size: large;\">Eso no lo puedo elegir, dice Daniela.\u00a0<\/span><\/p>\n<p><span style=\"font-weight: 400; font-size: large;\"><\/span><\/p>\n<p><span style=\"font-weight: 400; font-size: large;\">De todas formas, ella considera que todos sus novios la dejaron. Soy una persona muy sufrida, dice. A veces siento que tengo el mundo en mi contra.\u00a0<\/span><\/p>\n<p><span style=\"font-weight: 400; font-size: large;\"><\/span><\/p>\n<p><span style=\"font-weight: 400; font-size: large;\">Vuelve el lunes a las ocho.\u00a0<\/span><\/p>\n<p><span style=\"font-weight: 400; font-size: large;\"><\/span><\/p>\n<p><span style=\"font-weight: 400; font-size: large;\">(Quiso despedirme con un beso, anota N\u00e9stor, pero yo me negu\u00e9).\u00a0<\/span><\/p>\n<p>&nbsp;<\/p>\n<p><span style=\"font-weight: 400; font-size: large;\">***<\/span><\/p>\n<p>&nbsp;<\/p>\n<p><span style=\"font-weight: 400; font-size: large;\">Entre los apuntes de N\u00e9stor hay otra mujer de la Marina \u2014\u00bfse habr\u00e1n recomendado?\u2014, un inseguro sin gracia, un adicto en recuperaci\u00f3n con tendencias psic\u00f3ticas, un jud\u00edo virando a la ortodoxia, un figur\u00f3n del mundo del f\u00fatbol y alg\u00fan que otro personaje m\u00e1s. No son historias demasiado distintas a estas, y por eso mismo no s\u00e9 si tiene sentido incluirlas. Creo que el inter\u00e9s no cambia: escuchar, aunque sea de segunda mano, la forma en que un desconocido se presenta a s\u00ed mismo; y leer, entre l\u00edneas y con algo de malicia, lo que est\u00e1n escondiendo.<\/span><\/p>\n<p><span style=\"font-weight: 400; font-size: large;\"><\/span><\/p>\n<p><span style=\"font-weight: 400; font-size: large;\">Creo que es un ejercicio distinto al que me suele tocar. En general, los papeles que encuentro se parecen al juego de unir puntos numerados, esperando que al final aparezca un dibujo. Ac\u00e1 el dibujo ya est\u00e1. No va a pasar lo mismo en el siguiente, que es probablemente el lote m\u00e1s disperso y dudoso que tengo. Es una historia alemana, que abarca un siglo y monedas, y de la que solo tengo una idea general y quiz\u00e1s equivocada.<\/span><\/p>\n<p><span style=\"font-weight: 400; font-size: large;\"><\/span><\/p>\n<p><span style=\"font-weight: 400; font-size: large;\">Vuelvo el mes que viene.\u00a0<\/span><\/p>\n<p><span style=\"font-weight: 400;\"><\/span><\/p>\n<p>[\/et_pb_text][et_pb_text _builder_version=\u00bb4.25.1&#8243; _module_preset=\u00bbdefault\u00bb text_font=\u00bbTitillium Web||||||||\u00bb text_text_color=\u00bb#272727&#8243; background_color=\u00bb#f2f2f2&#8243; text_orientation=\u00bbcenter\u00bb custom_margin=\u00bb112px|||||\u00bb custom_padding=\u00bb14px|14px|14px|14px|true|true\u00bb hover_enabled=\u00bb0&#8243; global_colors_info=\u00bb{}\u00bb sticky_enabled=\u00bb0&#8243;]<\/p>\n<p><span style=\"font-size: large;\"><strong>Manuel Cant\u00f3n<\/strong><\/span><\/p>\n<p>\u00bfTe gust\u00f3 la nota? Seguilo en sus redes &#x1f447;<\/p>\n<p><a href=\"https:\/\/www.instagram.com\/manu.canton\/\">@manu.canton<\/a><br \/><a href=\"https:\/\/www.twitter.com\/humanu_ser\/\">@humanu_ser<\/a><\/p>\n<p>[\/et_pb_text][et_pb_blog fullwidth=\u00bboff\u00bb posts_number=\u00bb3&#8243; include_categories=\u00bbcurrent\u00bb meta_date=\u00bbj M,Y\u00bb excerpt_length=\u00bb80&#8243; show_author=\u00bboff\u00bb show_categories=\u00bboff\u00bb show_pagination=\u00bboff\u00bb masonry_tile_background_color=\u00bb#FFFFFF\u00bb disabled_on=\u00bbon|off|off\u00bb module_class=\u00bbpa-blog \u00bb _builder_version=\u00bb4.25.1&#8243; header_font=\u00bb|700|||||||\u00bb header_text_color=\u00bb#FFFFFF\u00bb header_font_size=\u00bb20px\u00bb body_font=\u00bb|600|||||||\u00bb body_text_color=\u00bb#FFFFFF\u00bb meta_text_color=\u00bb#FFFFFF\u00bb read_more_text_color=\u00bb#FFFFFF\u00bb background_color=\u00bb#FFFFFF\u00bb min_height=\u00bb100px\u00bb custom_margin=\u00bb0px||0%||false|false\u00bb custom_margin_tablet=\u00bb0%||||false|false\u00bb custom_margin_phone=\u00bb\u00bb custom_margin_last_edited=\u00bbon|desktop\u00bb custom_padding=\u00bb||0px|||\u00bb header_text_shadow_style=\u00bbpreset3&#8243; header_text_shadow_color=\u00bb#000000&#8243; body_text_shadow_style=\u00bbpreset3&#8243; body_text_shadow_color=\u00bb#000000&#8243; meta_text_shadow_style=\u00bbpreset3&#8243; meta_text_shadow_color=\u00bb#000000&#8243; border_color_all_image=\u00bb#FFFFFF\u00bb border_width_top_image=\u00bb2px\u00bb text_shadow_style=\u00bbpreset3&#8243; text_shadow_blur_strength=\u00bb0.54em\u00bb text_shadow_color=\u00bb#000000&#8243; global_colors_info=\u00bb{}\u00bb][\/et_pb_blog][et_pb_image src=\u00bbhttps:\/\/urbe.com.ar\/revista\/wp-content\/uploads\/2023\/05\/banner-escritores-copy.jpg\u00bb title_text=\u00bbbanner escritores copy\u00bb _builder_version=\u00bb4.21.0&#8243; _module_preset=\u00bbdefault\u00bb custom_margin=\u00bb15%||||false|false\u00bb global_colors_info=\u00bb{}\u00bb][\/et_pb_image][\/et_pb_column][\/et_pb_row][\/et_pb_section]<\/p>\n","protected":false},"excerpt":{"rendered":"<p>Por <b>Manuel Cant\u00f3n<\/b><\/p>\n","protected":false},"author":10,"featured_media":9680,"comment_status":"closed","ping_status":"closed","sticky":false,"template":"","format":"standard","meta":{"_et_pb_use_builder":"on","_et_pb_old_content":"","_et_gb_content_width":"1080","_jetpack_memberships_contains_paid_content":false,"footnotes":""},"categories":[33],"tags":[],"class_list":["post-9670","post","type-post","status-publish","format-standard","has-post-thumbnail","hentry","category-artificios-artificios"],"yoast_head":"<!-- This site is optimized with the Yoast SEO plugin v27.5 - https:\/\/yoast.com\/product\/yoast-seo-wordpress\/ -->\n<title>Museo Nacional de la Basura III: Cuatro historias de N\u00e9stor C. - Revista Urbe<\/title>\n<meta name=\"robots\" content=\"index, follow, max-snippet:-1, max-image-preview:large, max-video-preview:-1\" \/>\n<link rel=\"canonical\" href=\"https:\/\/urbe.com.ar\/revista\/museo-nacional-de-la-basura-iii\/\" \/>\n<meta property=\"og:locale\" content=\"es_ES\" \/>\n<meta property=\"og:type\" content=\"article\" \/>\n<meta property=\"og:title\" content=\"Museo Nacional de la Basura III: Cuatro historias de N\u00e9stor C. - Revista Urbe\" \/>\n<meta property=\"og:description\" content=\"Por Manuel Cant\u00f3n\" \/>\n<meta property=\"og:url\" content=\"https:\/\/urbe.com.ar\/revista\/museo-nacional-de-la-basura-iii\/\" \/>\n<meta property=\"og:site_name\" content=\"Revista Urbe\" \/>\n<meta property=\"article:published_time\" content=\"2024-05-22T15:55:06+00:00\" \/>\n<meta property=\"article:modified_time\" content=\"2024-05-22T15:58:05+00:00\" \/>\n<meta property=\"og:image\" content=\"https:\/\/urbe.com.ar\/revista\/wp-content\/uploads\/2024\/05\/miniatura-copia-5-1024x922.jpg\" \/>\n\t<meta property=\"og:image:width\" content=\"1024\" \/>\n\t<meta property=\"og:image:height\" content=\"922\" \/>\n\t<meta property=\"og:image:type\" content=\"image\/jpeg\" \/>\n<meta name=\"author\" content=\"Alejo Bernhardt\" \/>\n<meta name=\"twitter:card\" content=\"summary_large_image\" \/>\n<meta name=\"twitter:creator\" content=\"@Revistaurbe_\" \/>\n<meta name=\"twitter:site\" content=\"@Revistaurbe_\" \/>\n<meta name=\"twitter:label1\" content=\"Escrito por\" \/>\n\t<meta name=\"twitter:data1\" content=\"Alejo Bernhardt\" \/>\n\t<meta name=\"twitter:label2\" content=\"Tiempo de lectura\" \/>\n\t<meta name=\"twitter:data2\" content=\"18 minutos\" \/>\n<script type=\"application\/ld+json\" class=\"yoast-schema-graph\">{\"@context\":\"https:\\\/\\\/schema.org\",\"@graph\":[{\"@type\":\"Article\",\"@id\":\"https:\\\/\\\/urbe.com.ar\\\/revista\\\/museo-nacional-de-la-basura-iii\\\/#article\",\"isPartOf\":{\"@id\":\"https:\\\/\\\/urbe.com.ar\\\/revista\\\/museo-nacional-de-la-basura-iii\\\/\"},\"author\":{\"name\":\"Alejo Bernhardt\",\"@id\":\"https:\\\/\\\/urbe.com.ar\\\/revista\\\/#\\\/schema\\\/person\\\/4ddcf051fa628850264f4c6d61f63ee2\"},\"headline\":\"Museo Nacional de la Basura III: Cuatro historias de N\u00e9stor C.\",\"datePublished\":\"2024-05-22T15:55:06+00:00\",\"dateModified\":\"2024-05-22T15:58:05+00:00\",\"mainEntityOfPage\":{\"@id\":\"https:\\\/\\\/urbe.com.ar\\\/revista\\\/museo-nacional-de-la-basura-iii\\\/\"},\"wordCount\":4910,\"image\":{\"@id\":\"https:\\\/\\\/urbe.com.ar\\\/revista\\\/museo-nacional-de-la-basura-iii\\\/#primaryimage\"},\"thumbnailUrl\":\"https:\\\/\\\/i0.wp.com\\\/urbe.com.ar\\\/revista\\\/wp-content\\\/uploads\\\/2024\\\/05\\\/miniatura-copia-5.jpg?fit=2551%2C2297&ssl=1\",\"articleSection\":[\"ARTIFICIOS\"],\"inLanguage\":\"es\"},{\"@type\":\"WebPage\",\"@id\":\"https:\\\/\\\/urbe.com.ar\\\/revista\\\/museo-nacional-de-la-basura-iii\\\/\",\"url\":\"https:\\\/\\\/urbe.com.ar\\\/revista\\\/museo-nacional-de-la-basura-iii\\\/\",\"name\":\"Museo Nacional de la Basura III: Cuatro historias de N\u00e9stor C. - Revista Urbe\",\"isPartOf\":{\"@id\":\"https:\\\/\\\/urbe.com.ar\\\/revista\\\/#website\"},\"primaryImageOfPage\":{\"@id\":\"https:\\\/\\\/urbe.com.ar\\\/revista\\\/museo-nacional-de-la-basura-iii\\\/#primaryimage\"},\"image\":{\"@id\":\"https:\\\/\\\/urbe.com.ar\\\/revista\\\/museo-nacional-de-la-basura-iii\\\/#primaryimage\"},\"thumbnailUrl\":\"https:\\\/\\\/i0.wp.com\\\/urbe.com.ar\\\/revista\\\/wp-content\\\/uploads\\\/2024\\\/05\\\/miniatura-copia-5.jpg?fit=2551%2C2297&ssl=1\",\"datePublished\":\"2024-05-22T15:55:06+00:00\",\"dateModified\":\"2024-05-22T15:58:05+00:00\",\"author\":{\"@id\":\"https:\\\/\\\/urbe.com.ar\\\/revista\\\/#\\\/schema\\\/person\\\/4ddcf051fa628850264f4c6d61f63ee2\"},\"breadcrumb\":{\"@id\":\"https:\\\/\\\/urbe.com.ar\\\/revista\\\/museo-nacional-de-la-basura-iii\\\/#breadcrumb\"},\"inLanguage\":\"es\",\"potentialAction\":[{\"@type\":\"ReadAction\",\"target\":[\"https:\\\/\\\/urbe.com.ar\\\/revista\\\/museo-nacional-de-la-basura-iii\\\/\"]}]},{\"@type\":\"ImageObject\",\"inLanguage\":\"es\",\"@id\":\"https:\\\/\\\/urbe.com.ar\\\/revista\\\/museo-nacional-de-la-basura-iii\\\/#primaryimage\",\"url\":\"https:\\\/\\\/i0.wp.com\\\/urbe.com.ar\\\/revista\\\/wp-content\\\/uploads\\\/2024\\\/05\\\/miniatura-copia-5.jpg?fit=2551%2C2297&ssl=1\",\"contentUrl\":\"https:\\\/\\\/i0.wp.com\\\/urbe.com.ar\\\/revista\\\/wp-content\\\/uploads\\\/2024\\\/05\\\/miniatura-copia-5.jpg?fit=2551%2C2297&ssl=1\",\"width\":2551,\"height\":2297},{\"@type\":\"BreadcrumbList\",\"@id\":\"https:\\\/\\\/urbe.com.ar\\\/revista\\\/museo-nacional-de-la-basura-iii\\\/#breadcrumb\",\"itemListElement\":[{\"@type\":\"ListItem\",\"position\":1,\"name\":\"Portada\",\"item\":\"https:\\\/\\\/urbe.com.ar\\\/revista\\\/\"},{\"@type\":\"ListItem\",\"position\":2,\"name\":\"Museo Nacional de la Basura III: Cuatro historias de N\u00e9stor C.\"}]},{\"@type\":\"WebSite\",\"@id\":\"https:\\\/\\\/urbe.com.ar\\\/revista\\\/#website\",\"url\":\"https:\\\/\\\/urbe.com.ar\\\/revista\\\/\",\"name\":\"Revista Urbe\",\"description\":\"\",\"potentialAction\":[{\"@type\":\"SearchAction\",\"target\":{\"@type\":\"EntryPoint\",\"urlTemplate\":\"https:\\\/\\\/urbe.com.ar\\\/revista\\\/?s={search_term_string}\"},\"query-input\":{\"@type\":\"PropertyValueSpecification\",\"valueRequired\":true,\"valueName\":\"search_term_string\"}}],\"inLanguage\":\"es\"},{\"@type\":\"Person\",\"@id\":\"https:\\\/\\\/urbe.com.ar\\\/revista\\\/#\\\/schema\\\/person\\\/4ddcf051fa628850264f4c6d61f63ee2\",\"name\":\"Alejo Bernhardt\",\"image\":{\"@type\":\"ImageObject\",\"inLanguage\":\"es\",\"@id\":\"https:\\\/\\\/secure.gravatar.com\\\/avatar\\\/e17892015a0b2fe0e47a8387056c05584647b09de53f1ac00adae78b2f4fb443?s=96&d=mm&r=g\",\"url\":\"https:\\\/\\\/secure.gravatar.com\\\/avatar\\\/e17892015a0b2fe0e47a8387056c05584647b09de53f1ac00adae78b2f4fb443?s=96&d=mm&r=g\",\"contentUrl\":\"https:\\\/\\\/secure.gravatar.com\\\/avatar\\\/e17892015a0b2fe0e47a8387056c05584647b09de53f1ac00adae78b2f4fb443?s=96&d=mm&r=g\",\"caption\":\"Alejo Bernhardt\"},\"url\":\"https:\\\/\\\/urbe.com.ar\\\/revista\\\/author\\\/alejo-bernhardt\\\/\"}]}<\/script>\n<!-- \/ Yoast SEO plugin. -->","yoast_head_json":{"title":"Museo Nacional de la Basura III: Cuatro historias de N\u00e9stor C. - Revista Urbe","robots":{"index":"index","follow":"follow","max-snippet":"max-snippet:-1","max-image-preview":"max-image-preview:large","max-video-preview":"max-video-preview:-1"},"canonical":"https:\/\/urbe.com.ar\/revista\/museo-nacional-de-la-basura-iii\/","og_locale":"es_ES","og_type":"article","og_title":"Museo Nacional de la Basura III: Cuatro historias de N\u00e9stor C. - Revista Urbe","og_description":"Por Manuel Cant\u00f3n","og_url":"https:\/\/urbe.com.ar\/revista\/museo-nacional-de-la-basura-iii\/","og_site_name":"Revista Urbe","article_published_time":"2024-05-22T15:55:06+00:00","article_modified_time":"2024-05-22T15:58:05+00:00","og_image":[{"width":1024,"height":922,"url":"https:\/\/urbe.com.ar\/revista\/wp-content\/uploads\/2024\/05\/miniatura-copia-5-1024x922.jpg","type":"image\/jpeg"}],"author":"Alejo Bernhardt","twitter_card":"summary_large_image","twitter_creator":"@Revistaurbe_","twitter_site":"@Revistaurbe_","twitter_misc":{"Escrito por":"Alejo Bernhardt","Tiempo de lectura":"18 minutos"},"schema":{"@context":"https:\/\/schema.org","@graph":[{"@type":"Article","@id":"https:\/\/urbe.com.ar\/revista\/museo-nacional-de-la-basura-iii\/#article","isPartOf":{"@id":"https:\/\/urbe.com.ar\/revista\/museo-nacional-de-la-basura-iii\/"},"author":{"name":"Alejo Bernhardt","@id":"https:\/\/urbe.com.ar\/revista\/#\/schema\/person\/4ddcf051fa628850264f4c6d61f63ee2"},"headline":"Museo Nacional de la Basura III: Cuatro historias de N\u00e9stor C.","datePublished":"2024-05-22T15:55:06+00:00","dateModified":"2024-05-22T15:58:05+00:00","mainEntityOfPage":{"@id":"https:\/\/urbe.com.ar\/revista\/museo-nacional-de-la-basura-iii\/"},"wordCount":4910,"image":{"@id":"https:\/\/urbe.com.ar\/revista\/museo-nacional-de-la-basura-iii\/#primaryimage"},"thumbnailUrl":"https:\/\/i0.wp.com\/urbe.com.ar\/revista\/wp-content\/uploads\/2024\/05\/miniatura-copia-5.jpg?fit=2551%2C2297&ssl=1","articleSection":["ARTIFICIOS"],"inLanguage":"es"},{"@type":"WebPage","@id":"https:\/\/urbe.com.ar\/revista\/museo-nacional-de-la-basura-iii\/","url":"https:\/\/urbe.com.ar\/revista\/museo-nacional-de-la-basura-iii\/","name":"Museo Nacional de la Basura III: Cuatro historias de N\u00e9stor C. - Revista Urbe","isPartOf":{"@id":"https:\/\/urbe.com.ar\/revista\/#website"},"primaryImageOfPage":{"@id":"https:\/\/urbe.com.ar\/revista\/museo-nacional-de-la-basura-iii\/#primaryimage"},"image":{"@id":"https:\/\/urbe.com.ar\/revista\/museo-nacional-de-la-basura-iii\/#primaryimage"},"thumbnailUrl":"https:\/\/i0.wp.com\/urbe.com.ar\/revista\/wp-content\/uploads\/2024\/05\/miniatura-copia-5.jpg?fit=2551%2C2297&ssl=1","datePublished":"2024-05-22T15:55:06+00:00","dateModified":"2024-05-22T15:58:05+00:00","author":{"@id":"https:\/\/urbe.com.ar\/revista\/#\/schema\/person\/4ddcf051fa628850264f4c6d61f63ee2"},"breadcrumb":{"@id":"https:\/\/urbe.com.ar\/revista\/museo-nacional-de-la-basura-iii\/#breadcrumb"},"inLanguage":"es","potentialAction":[{"@type":"ReadAction","target":["https:\/\/urbe.com.ar\/revista\/museo-nacional-de-la-basura-iii\/"]}]},{"@type":"ImageObject","inLanguage":"es","@id":"https:\/\/urbe.com.ar\/revista\/museo-nacional-de-la-basura-iii\/#primaryimage","url":"https:\/\/i0.wp.com\/urbe.com.ar\/revista\/wp-content\/uploads\/2024\/05\/miniatura-copia-5.jpg?fit=2551%2C2297&ssl=1","contentUrl":"https:\/\/i0.wp.com\/urbe.com.ar\/revista\/wp-content\/uploads\/2024\/05\/miniatura-copia-5.jpg?fit=2551%2C2297&ssl=1","width":2551,"height":2297},{"@type":"BreadcrumbList","@id":"https:\/\/urbe.com.ar\/revista\/museo-nacional-de-la-basura-iii\/#breadcrumb","itemListElement":[{"@type":"ListItem","position":1,"name":"Portada","item":"https:\/\/urbe.com.ar\/revista\/"},{"@type":"ListItem","position":2,"name":"Museo Nacional de la Basura III: Cuatro historias de N\u00e9stor C."}]},{"@type":"WebSite","@id":"https:\/\/urbe.com.ar\/revista\/#website","url":"https:\/\/urbe.com.ar\/revista\/","name":"Revista Urbe","description":"","potentialAction":[{"@type":"SearchAction","target":{"@type":"EntryPoint","urlTemplate":"https:\/\/urbe.com.ar\/revista\/?s={search_term_string}"},"query-input":{"@type":"PropertyValueSpecification","valueRequired":true,"valueName":"search_term_string"}}],"inLanguage":"es"},{"@type":"Person","@id":"https:\/\/urbe.com.ar\/revista\/#\/schema\/person\/4ddcf051fa628850264f4c6d61f63ee2","name":"Alejo Bernhardt","image":{"@type":"ImageObject","inLanguage":"es","@id":"https:\/\/secure.gravatar.com\/avatar\/e17892015a0b2fe0e47a8387056c05584647b09de53f1ac00adae78b2f4fb443?s=96&d=mm&r=g","url":"https:\/\/secure.gravatar.com\/avatar\/e17892015a0b2fe0e47a8387056c05584647b09de53f1ac00adae78b2f4fb443?s=96&d=mm&r=g","contentUrl":"https:\/\/secure.gravatar.com\/avatar\/e17892015a0b2fe0e47a8387056c05584647b09de53f1ac00adae78b2f4fb443?s=96&d=mm&r=g","caption":"Alejo Bernhardt"},"url":"https:\/\/urbe.com.ar\/revista\/author\/alejo-bernhardt\/"}]}},"jetpack_featured_media_url":"https:\/\/i0.wp.com\/urbe.com.ar\/revista\/wp-content\/uploads\/2024\/05\/miniatura-copia-5.jpg?fit=2551%2C2297&ssl=1","jetpack_sharing_enabled":true,"_links":{"self":[{"href":"https:\/\/urbe.com.ar\/revista\/wp-json\/wp\/v2\/posts\/9670","targetHints":{"allow":["GET"]}}],"collection":[{"href":"https:\/\/urbe.com.ar\/revista\/wp-json\/wp\/v2\/posts"}],"about":[{"href":"https:\/\/urbe.com.ar\/revista\/wp-json\/wp\/v2\/types\/post"}],"author":[{"embeddable":true,"href":"https:\/\/urbe.com.ar\/revista\/wp-json\/wp\/v2\/users\/10"}],"replies":[{"embeddable":true,"href":"https:\/\/urbe.com.ar\/revista\/wp-json\/wp\/v2\/comments?post=9670"}],"version-history":[{"count":4,"href":"https:\/\/urbe.com.ar\/revista\/wp-json\/wp\/v2\/posts\/9670\/revisions"}],"predecessor-version":[{"id":9683,"href":"https:\/\/urbe.com.ar\/revista\/wp-json\/wp\/v2\/posts\/9670\/revisions\/9683"}],"wp:featuredmedia":[{"embeddable":true,"href":"https:\/\/urbe.com.ar\/revista\/wp-json\/wp\/v2\/media\/9680"}],"wp:attachment":[{"href":"https:\/\/urbe.com.ar\/revista\/wp-json\/wp\/v2\/media?parent=9670"}],"wp:term":[{"taxonomy":"category","embeddable":true,"href":"https:\/\/urbe.com.ar\/revista\/wp-json\/wp\/v2\/categories?post=9670"},{"taxonomy":"post_tag","embeddable":true,"href":"https:\/\/urbe.com.ar\/revista\/wp-json\/wp\/v2\/tags?post=9670"}],"curies":[{"name":"wp","href":"https:\/\/api.w.org\/{rel}","templated":true}]}}