{"id":9653,"date":"2024-05-20T14:40:02","date_gmt":"2024-05-20T14:40:02","guid":{"rendered":"https:\/\/urbe.com.ar\/revista\/?p=9653"},"modified":"2024-07-25T14:49:23","modified_gmt":"2024-07-25T14:49:23","slug":"la-desidia-y-los-discursos-de-odio-matan","status":"publish","type":"post","link":"https:\/\/urbe.com.ar\/revista\/la-desidia-y-los-discursos-de-odio-matan\/","title":{"rendered":"La desidia y los discursos de odio matan"},"content":{"rendered":"<p>[et_pb_section fb_built=\u00bb1&#8243; disabled_on=\u00bbon|on|on\u00bb _builder_version=\u00bb4.20.0&#8243; disabled=\u00bbon\u00bb global_colors_info=\u00bb{}\u00bb][et_pb_row _builder_version=\u00bb4.18.0&#8243; global_colors_info=\u00bb{}\u00bb][et_pb_column type=\u00bb4_4&#8243; _builder_version=\u00bb4.18.0&#8243; global_colors_info=\u00bb{}\u00bb][et_pb_text disabled_on=\u00bbon|on|on\u00bb _builder_version=\u00bb4.27.0&#8243; text_font=\u00bbTitillium Web||||||||\u00bb custom_padding=\u00bb||28px|||\u00bb hover_enabled=\u00bb0&#8243; disabled=\u00bbon\u00bb global_colors_info=\u00bb{}\u00bb sticky_enabled=\u00bb0&#8243;]<\/p>\n<p>Por <b>Micaela Marolla<\/b> | <span>El viernes 10 de mayo, hubo una concentraci\u00f3n en el Congreso con muy poca convocatoria reclamando por un cambio de car\u00e1tula, por reconocer el hecho como un crimen por odio, un lesbicidio. Sin embargo, y por suerte, la plaza Colombia se llen\u00f3, hab\u00eda c\u00e1maras y micr\u00f3fonos para dar a conocer la noticia.<\/span><\/p>\n<p>[\/et_pb_text][\/et_pb_column][\/et_pb_row][\/et_pb_section][et_pb_section fb_built=\u00bb1&#8243; _builder_version=\u00bb4.25.1&#8243; _module_preset=\u00bbdefault\u00bb global_colors_info=\u00bb{}\u00bb][et_pb_row _builder_version=\u00bb4.25.1&#8243; background_color=\u00bb#ffffff\u00bb background_enable_image=\u00bboff\u00bb custom_margin=\u00bb40px||20px||false|false\u00bb custom_padding=\u00bb12px|0px|12px|0px|true|true\u00bb border_color_left=\u00bb#F2AF46&#8243; global_colors_info=\u00bb{}\u00bb][et_pb_column type=\u00bb4_4&#8243; _builder_version=\u00bb4.25.1&#8243; global_colors_info=\u00bb{}\u00bb][et_pb_text _builder_version=\u00bb4.25.1&#8243; text_font=\u00bbTitillium Web|600|||||||\u00bb text_text_color=\u00bb#000000&#8243; text_font_size=\u00bb18px\u00bb header_text_align=\u00bbcenter\u00bb header_font_size=\u00bb35px\u00bb background_color=\u00bbRGBA(255,255,255,0)\u00bb background_layout=\u00bbdark\u00bb custom_margin=\u00bb2%|0%|2%|0%|true|true\u00bb custom_padding=\u00bb|||13px|false|false\u00bb border_color_all=\u00bb#F2AF46&#8243; global_colors_info=\u00bb{}\u00bb]<\/p>\n<p style=\"text-align: center;\"><strong>Feminismo<\/strong><\/p>\n<p>[\/et_pb_text][et_pb_text _builder_version=\u00bb4.25.1&#8243; text_font=\u00bbTitillium Web|300|||||||\u00bb text_text_color=\u00bb#000000&#8243; text_line_height=\u00bb1.4em\u00bb header_font=\u00bb|700||on|||||\u00bb header_text_align=\u00bbleft\u00bb header_text_color=\u00bb#272727&#8243; header_font_size=\u00bb4em\u00bb background_color=\u00bbRGBA(255,255,255,0)\u00bb background_enable_image=\u00bboff\u00bb background_size=\u00bbstretch\u00bb width=\u00bb100%\u00bb module_alignment=\u00bbleft\u00bb min_height=\u00bb71px\u00bb custom_margin=\u00bb3%|0%|3%|0%|true|true\u00bb custom_padding=\u00bb|0%|0px|0%|false|true\u00bb global_colors_info=\u00bb{}\u00bb]<\/p>\n<h1 style=\"text-align: center;\">La desidia y los discursos de odio matan<\/h1>\n<p>[\/et_pb_text][et_pb_text _builder_version=\u00bb4.25.1&#8243; text_font=\u00bbTitillium Web||||||||\u00bb text_text_color=\u00bb#000000&#8243; text_font_size=\u00bb18px\u00bb header_text_align=\u00bbcenter\u00bb header_text_color=\u00bb#057E7E\u00bb header_font_size=\u00bb35px\u00bb text_orientation=\u00bbjustified\u00bb custom_margin=\u00bb2%|0%|2%|0%|true|true\u00bb custom_padding=\u00bb|||13px|false|false\u00bb border_color_left=\u00bb#F2AF46&#8243; global_colors_info=\u00bb{}\u00bb]<\/p>\n<p style=\"text-align: center;\">Por <b>Micaela Marolla<\/b><br \/><span style=\"font-size: small;\">20 de mayo de 2024<\/span><\/p>\n<p>[\/et_pb_text][et_pb_image src=\u00bbhttps:\/\/urbe.com.ar\/revista\/wp-content\/uploads\/2024\/05\/banner-web-4.jpg\u00bb title_text=\u00bbbanner-web\u00bb disabled_on=\u00bboff|off|off\u00bb _builder_version=\u00bb4.25.1&#8243; background_enable_image=\u00bboff\u00bb custom_margin=\u00bb5%|0%|5%|0%|true|true\u00bb custom_margin_tablet=\u00bb\u00bb custom_margin_phone=\u00bb6%|0%|6%|0%|true|true\u00bb custom_margin_last_edited=\u00bbon|phone\u00bb global_colors_info=\u00bb{}\u00bb][\/et_pb_image][\/et_pb_column][\/et_pb_row][et_pb_row column_structure=\u00bb1_2,1_2&#8243; use_custom_gutter=\u00bbon\u00bb gutter_width=\u00bb1&#8243; make_equal=\u00bbon\u00bb disabled_on=\u00bbon|off|off\u00bb _builder_version=\u00bb4.16&#8243; background_color=\u00bb#ffffff\u00bb custom_margin=\u00bb||||false|false\u00bb custom_padding=\u00bb0px||0px|0%|false|false\u00bb locked=\u00bboff\u00bb global_colors_info=\u00bb{}\u00bb][et_pb_column type=\u00bb1_2&#8243; _builder_version=\u00bb4.16&#8243; background_color=\u00bb#ffffff\u00bb custom_css_main_element=\u00bbwidth: 60% !important;\u00bb global_colors_info=\u00bb{}\u00bb][\/et_pb_column][et_pb_column type=\u00bb1_2&#8243; _builder_version=\u00bb4.16&#8243; custom_css_main_element=\u00bb||width: 40% !important;||margin: auto;||display: flex;||flex-direction: column;||justify-content: center;\u00bb global_colors_info=\u00bb{}\u00bb][et_pb_code _builder_version=\u00bb4.16&#8243; text_orientation=\u00bbcenter\u00bb module_alignment=\u00bbcenter\u00bb custom_margin=\u00bb2%||2%||true|false\u00bb custom_padding=\u00bb|6.7%||6.7%|false|true\u00bb global_colors_info=\u00bb{}\u00bb]<div class=\"addtoany_shortcode\"><div class=\"a2a_kit a2a_kit_size_32 addtoany_list\" data-a2a-url=\"https:\/\/urbe.com.ar\/revista\/la-desidia-y-los-discursos-de-odio-matan\/\" data-a2a-title=\"La desidia y los discursos de odio matan\"><a class=\"a2a_button_facebook\" href=\"https:\/\/www.addtoany.com\/add_to\/facebook?linkurl=https%3A%2F%2Furbe.com.ar%2Frevista%2Fla-desidia-y-los-discursos-de-odio-matan%2F&amp;linkname=La%20desidia%20y%20los%20discursos%20de%20odio%20matan\" title=\"Facebook\" rel=\"nofollow noopener\" target=\"_blank\"><\/a><a class=\"a2a_button_whatsapp\" href=\"https:\/\/www.addtoany.com\/add_to\/whatsapp?linkurl=https%3A%2F%2Furbe.com.ar%2Frevista%2Fla-desidia-y-los-discursos-de-odio-matan%2F&amp;linkname=La%20desidia%20y%20los%20discursos%20de%20odio%20matan\" title=\"WhatsApp\" rel=\"nofollow noopener\" target=\"_blank\"><\/a><a class=\"a2a_button_twitter\" href=\"https:\/\/www.addtoany.com\/add_to\/twitter?linkurl=https%3A%2F%2Furbe.com.ar%2Frevista%2Fla-desidia-y-los-discursos-de-odio-matan%2F&amp;linkname=La%20desidia%20y%20los%20discursos%20de%20odio%20matan\" title=\"Twitter\" rel=\"nofollow noopener\" target=\"_blank\"><\/a><a class=\"a2a_button_email\" href=\"https:\/\/www.addtoany.com\/add_to\/email?linkurl=https%3A%2F%2Furbe.com.ar%2Frevista%2Fla-desidia-y-los-discursos-de-odio-matan%2F&amp;linkname=La%20desidia%20y%20los%20discursos%20de%20odio%20matan\" title=\"Email\" rel=\"nofollow noopener\" target=\"_blank\"><\/a><a class=\"a2a_button_copy_link\" href=\"https:\/\/www.addtoany.com\/add_to\/copy_link?linkurl=https%3A%2F%2Furbe.com.ar%2Frevista%2Fla-desidia-y-los-discursos-de-odio-matan%2F&amp;linkname=La%20desidia%20y%20los%20discursos%20de%20odio%20matan\" title=\"Copy Link\" rel=\"nofollow noopener\" target=\"_blank\"><\/a><\/div><\/div>[\/et_pb_code][\/et_pb_column][\/et_pb_row][et_pb_row use_custom_gutter=\u00bbon\u00bb gutter_width=\u00bb1&#8243; make_equal=\u00bbon\u00bb disabled_on=\u00bboff|on|on\u00bb _builder_version=\u00bb4.16&#8243; background_color=\u00bb#ffffff\u00bb custom_margin=\u00bb||||false|false\u00bb custom_padding=\u00bb0px||0px|0%|false|false\u00bb locked=\u00bboff\u00bb global_colors_info=\u00bb{}\u00bb][et_pb_column type=\u00bb4_4&#8243; _builder_version=\u00bb4.16&#8243; background_color=\u00bb#ffffff\u00bb global_colors_info=\u00bb{}\u00bb][et_pb_code disabled_on=\u00bboff|off|off\u00bb _builder_version=\u00bb4.16&#8243; _module_preset=\u00bbdefault\u00bb text_orientation=\u00bbcenter\u00bb width=\u00bb100%\u00bb width_tablet=\u00bb\u00bb width_phone=\u00bb100%\u00bb width_last_edited=\u00bbon|phone\u00bb max_width=\u00bb100%\u00bb max_width_tablet=\u00bb\u00bb max_width_phone=\u00bb\u00bb max_width_last_edited=\u00bbon|tablet\u00bb module_alignment=\u00bbright\u00bb custom_margin_tablet=\u00bb\u00bb custom_margin_phone=\u00bb\u00bb custom_margin_last_edited=\u00bbon|phone\u00bb module_alignment_tablet=\u00bb\u00bb module_alignment_phone=\u00bbcenter\u00bb module_alignment_last_edited=\u00bbon|desktop\u00bb global_colors_info=\u00bb{}\u00bb]<div class=\"addtoany_shortcode\"><div class=\"a2a_kit a2a_kit_size_32 addtoany_list\" data-a2a-url=\"https:\/\/urbe.com.ar\/revista\/la-desidia-y-los-discursos-de-odio-matan\/\" data-a2a-title=\"La desidia y los discursos de odio matan\"><a class=\"a2a_button_facebook\" href=\"https:\/\/www.addtoany.com\/add_to\/facebook?linkurl=https%3A%2F%2Furbe.com.ar%2Frevista%2Fla-desidia-y-los-discursos-de-odio-matan%2F&amp;linkname=La%20desidia%20y%20los%20discursos%20de%20odio%20matan\" title=\"Facebook\" rel=\"nofollow noopener\" target=\"_blank\"><\/a><a class=\"a2a_button_whatsapp\" href=\"https:\/\/www.addtoany.com\/add_to\/whatsapp?linkurl=https%3A%2F%2Furbe.com.ar%2Frevista%2Fla-desidia-y-los-discursos-de-odio-matan%2F&amp;linkname=La%20desidia%20y%20los%20discursos%20de%20odio%20matan\" title=\"WhatsApp\" rel=\"nofollow noopener\" target=\"_blank\"><\/a><a class=\"a2a_button_twitter\" href=\"https:\/\/www.addtoany.com\/add_to\/twitter?linkurl=https%3A%2F%2Furbe.com.ar%2Frevista%2Fla-desidia-y-los-discursos-de-odio-matan%2F&amp;linkname=La%20desidia%20y%20los%20discursos%20de%20odio%20matan\" title=\"Twitter\" rel=\"nofollow noopener\" target=\"_blank\"><\/a><a class=\"a2a_button_email\" href=\"https:\/\/www.addtoany.com\/add_to\/email?linkurl=https%3A%2F%2Furbe.com.ar%2Frevista%2Fla-desidia-y-los-discursos-de-odio-matan%2F&amp;linkname=La%20desidia%20y%20los%20discursos%20de%20odio%20matan\" title=\"Email\" rel=\"nofollow noopener\" target=\"_blank\"><\/a><a class=\"a2a_button_copy_link\" href=\"https:\/\/www.addtoany.com\/add_to\/copy_link?linkurl=https%3A%2F%2Furbe.com.ar%2Frevista%2Fla-desidia-y-los-discursos-de-odio-matan%2F&amp;linkname=La%20desidia%20y%20los%20discursos%20de%20odio%20matan\" title=\"Copy Link\" rel=\"nofollow noopener\" target=\"_blank\"><\/a><\/div><\/div>[\/et_pb_code][\/et_pb_column][\/et_pb_row][et_pb_row _builder_version=\u00bb4.25.1&#8243; background_color=\u00bb#ffffff\u00bb width=\u00bb100%\u00bb custom_padding=\u00bb0px||3px|0px||\u00bb global_colors_info=\u00bb{}\u00bb][et_pb_column type=\u00bb4_4&#8243; _builder_version=\u00bb4.25.1&#8243; global_colors_info=\u00bb{}\u00bb][et_pb_text admin_label=\u00bbParrafo 1&#8243; _builder_version=\u00bb4.25.1&#8243; text_font=\u00bbTitillium Web||||||||\u00bb text_text_color=\u00bb#000000&#8243; text_font_size=\u00bb20px\u00bb text_line_height=\u00bb2em\u00bb custom_margin=\u00bb2%|0%|2%|0%|true|true\u00bb custom_padding=\u00bb||0px|||\u00bb text_font_size_tablet=\u00bb17px\u00bb text_font_size_phone=\u00bb16px\u00bb text_font_size_last_edited=\u00bbon|phone\u00bb locked=\u00bboff\u00bb inline_fonts=\u00bbRubik,Alkalami,Titillium Web\u00bb global_colors_info=\u00bb{}\u00bb]<\/p>\n<p><span style=\"font-weight: 400; font-size: large;\">\u201cSoy lesbiana\u201d se grita desde el micr\u00f3fono y se hace eco con otras voces que lo sienten, que alzan su\u00a0 pu\u00f1o al cielo uni\u00e9ndose para un \u201csomos lesbianas\u201d final. Mientras otras personas se acercan dejando velas y\u00a0 flores frente a un altar improvisado en una tarde noche fr\u00eda de oto\u00f1o.\u00a0<\/span><\/p>\n<p><span style=\"font-weight: 400; font-size: large;\"><\/span><\/p>\n<p><span style=\"font-weight: 400; font-size: large;\">Sobre la calle Olavarr\u00eda, una calle estrecha de Barracas entre Montes de Oca e Isabel la Cat\u00f3lica, una\u00a0 gran cantidad de gente se hace presente frente a una pensi\u00f3n en la que un hombre (Justo Fernando Barrientos)\u00a0 prendi\u00f3 fuego a cuatro mujeres que estaban durmiendo en su cuatro. Tres de ellas fallecieron (Pamela, Roxana\u00a0 y Andrea) y la cuarta (Sof\u00eda) se encuentra luchando para salir adelante.\u00a0\u00a0<\/span><\/p>\n<p><span style=\"font-weight: 400; font-size: large;\"><\/span><\/p>\n<p><span style=\"font-weight: 400; font-size: large;\">Pero, \u00bfc\u00f3mo llegamos hasta ac\u00e1? La convocatoria inici\u00f3 a las 18 horas en la plaza Colombia, punto de\u00a0 encuentro clave en esa zona del barrio. Se leyeron discursos, poes\u00edas y cantaron canciones. Cortando la avenida\u00a0 Montes de Oca, se movilizaron hacia la pensi\u00f3n levantando pancartas con frases como \u201cNo es libertad, es odio\u201d.\u00a0<\/span><\/p>\n<p><span style=\"font-weight: 400; font-size: large;\"><\/span><\/p>\n<p><span style=\"font-weight: 400;\"><span style=\"font-size: large;\">Pero, de nuevo, \u00bfc\u00f3mo llegamos ac\u00e1? Entre la noche del domingo 5 y la madrugada del lunes 6 de mayo\u00a0 un vecino de Barracas prendi\u00f3 fuego a sus vecinas de al lado llevando a la evacuaci\u00f3n de al menos 30 personas.\u00a0 El hecho se present\u00f3 en algunos medios de comunicaci\u00f3n como eso: una discusi\u00f3n de vecines que sali\u00f3 mal.\u00a0 Luego, silencio. Nada se supo cuando otra realidad empezaba a asomarse. Desde la justicia, al momento de\u00a0 escribir estas palabras, todav\u00eda no se cambi\u00f3 la car\u00e1tula porque debe tener pruebas. Pruebas que la sociedad\u00a0 tiene, prueba que todo un colectivo grita: las quiso matar por lesbianas.<\/span> <\/span><\/p>\n<p><span style=\"font-weight: 400;\"><\/span><\/p>\n<p>[\/et_pb_text][et_pb_image src=\u00bbhttps:\/\/urbe.com.ar\/revista\/wp-content\/uploads\/2024\/05\/8-Micaela-Marolla-scaled.jpeg\u00bb title_text=\u00bb8 &#8211; Micaela Marolla\u00bb align=\u00bbcenter\u00bb _builder_version=\u00bb4.25.1&#8243; _module_preset=\u00bbdefault\u00bb global_colors_info=\u00bb{}\u00bb][\/et_pb_image][et_pb_text _builder_version=\u00bb4.25.1&#8243; text_font=\u00bbTitillium Web||||||||\u00bb text_text_color=\u00bb#000000&#8243; text_font_size=\u00bb17px\u00bb text_line_height=\u00bb1.5em\u00bb min_height=\u00bb17.5px\u00bb custom_margin=\u00bb2.5%|0%|2.5%|0%|true|true\u00bb custom_padding=\u00bb||0px|9px|false|false\u00bb text_font_size_tablet=\u00bb17px\u00bb text_font_size_phone=\u00bb16px\u00bb text_font_size_last_edited=\u00bbon|phone\u00bb border_width_left=\u00bb2px\u00bb border_color_left=\u00bb#272727&#8243; global_colors_info=\u00bb{}\u00bb]<em><span style=\"font-weight: 400; font-size: small;\">Foto: En la esquina de Olavarr\u00eda e Isabel la Cat\u00f3lica se improvisa un segundo altar junto a la bandera que dice \u00abBasta de cr\u00edmenes de odio! Vivan las lesbianas\u00bb<\/span><\/em>[\/et_pb_text][et_pb_text admin_label=\u00bbParrafo 1&#8243; _builder_version=\u00bb4.25.0&#8243; text_font=\u00bbTitillium Web||||||||\u00bb text_text_color=\u00bb#000000&#8243; text_font_size=\u00bb17px\u00bb text_line_height=\u00bb2em\u00bb custom_margin=\u00bb2%|0%|2%|0%|true|true\u00bb custom_padding=\u00bb||0px|||\u00bb text_font_size_tablet=\u00bb17px\u00bb text_font_size_phone=\u00bb16px\u00bb text_font_size_last_edited=\u00bbon|phone\u00bb locked=\u00bboff\u00bb inline_fonts=\u00bbRubik,Alkalami,Titillium Web\u00bb global_colors_info=\u00bb{}\u00bb]<\/p>\n<p><span style=\"font-weight: 400; font-size: large;\">En un contexto y una realidad social en el que ya no se censuran los discursos de odio y en el que a las\u00a0 minor\u00edas se las quiere pisar m\u00e1s que nunca no sorprende este desenlace. Ojo, que algo no sorprenda no le quita\u00a0 el dolor, no suaviza la bronca, no evita salir a la calle. Solamente nos saca de la boca un \u201cte avis\u00e9 que se ven\u00eda\u00a0 esto\u201d.<\/span><\/p>\n<p><span style=\"font-weight: 400; font-size: large;\"><\/span><\/p>\n<p><span style=\"font-weight: 400; font-size: large;\">El viernes 10 de mayo, hubo una concentraci\u00f3n en el Congreso con muy poca convocatoria reclamando\u00a0 por un cambio de car\u00e1tula, por reconocer el hecho como un crimen por odio, un lesbicidio. Sin embargo, y por\u00a0 suerte, la plaza Colombia se llen\u00f3, hab\u00eda c\u00e1maras y micr\u00f3fonos para dar a conocer la noticia.\u00a0<\/span><\/p>\n<p><span style=\"font-weight: 400; font-size: large;\"><\/span><\/p>\n<p><span style=\"font-weight: 400;\"><span style=\"font-size: large;\">\u00bfPor qu\u00e9 se tard\u00f3 tanto en visibilizar? Porque eran mujeres. Porque eran mujeres pobres. Porque eran mujeres\u00a0 pobres con cuerpo no hegem\u00f3nico. Principalmente, por lesbianas, por tortas, por tortilleras, por machonas, por\u00a0 chongas. Por esas palabras que les gritan para herirlas y discriminarlas sin saber que ellas se las apropian y las\u00a0 convierten en bandera.<\/span> <\/span><\/p>\n<p><span style=\"font-weight: 400;\"><\/span><\/p>\n<p>[\/et_pb_text][et_pb_button _builder_version=\u00bb4.25.0&#8243; _module_preset=\u00bbdefault\u00bb global_colors_info=\u00bb{}\u00bb][\/et_pb_button][et_pb_image src=\u00bbhttps:\/\/urbe.com.ar\/revista\/wp-content\/uploads\/2024\/05\/3-Micaela-Marolla-scaled.jpeg\u00bb title_text=\u00bb3 &#8211; Micaela Marolla\u00bb align=\u00bbcenter\u00bb _builder_version=\u00bb4.25.1&#8243; _module_preset=\u00bbdefault\u00bb global_colors_info=\u00bb{}\u00bb][\/et_pb_image][et_pb_text _builder_version=\u00bb4.25.1&#8243; text_font=\u00bbTitillium Web||||||||\u00bb text_text_color=\u00bb#000000&#8243; text_font_size=\u00bb17px\u00bb text_line_height=\u00bb1.5em\u00bb min_height=\u00bb17.5px\u00bb custom_margin=\u00bb2.5%|0%|2.5%|0%|true|true\u00bb custom_padding=\u00bb||0px|9px|false|false\u00bb text_font_size_tablet=\u00bb17px\u00bb text_font_size_phone=\u00bb16px\u00bb text_font_size_last_edited=\u00bbon|phone\u00bb border_width_left=\u00bb2px\u00bb border_color_left=\u00bb#272727&#8243; global_colors_info=\u00bb{}\u00bb]<em><span style=\"font-weight: 400; font-size: small;\">Foto: Cortando la avenida Montes de Oca en direcci\u00f3n a Avellaneda, comienza la movilizaci\u00f3n hasta la puerta donde ocurri\u00f3 el hecho para continuar all\u00ed.<\/span><\/em>[\/et_pb_text][et_pb_text admin_label=\u00bbParrafo 1&#8243; _builder_version=\u00bb4.25.0&#8243; text_font=\u00bbTitillium Web||||||||\u00bb text_text_color=\u00bb#000000&#8243; text_font_size=\u00bb17px\u00bb text_line_height=\u00bb2em\u00bb custom_margin=\u00bb2%|0%|2%|0%|true|true\u00bb custom_padding=\u00bb||0px|||\u00bb text_font_size_tablet=\u00bb17px\u00bb text_font_size_phone=\u00bb16px\u00bb text_font_size_last_edited=\u00bbon|phone\u00bb locked=\u00bboff\u00bb inline_fonts=\u00bbRubik,Alkalami,Titillium Web\u00bb global_colors_info=\u00bb{}\u00bb]<\/p>\n<p><span style=\"font-weight: 400; font-size: large;\">En el encuentro frente a la pensi\u00f3n, se hace presente Norma Castillo a sus 82 a\u00f1os agradeciendo a ese\u00a0 colectivo que le permiti\u00f3 casarse con su pareja Ramona Castillo, siendo las primeras en hacerlo en el 2010.\u00a0 Agradecida y con miedo de volver a tener que esconderse, con la bronca de que las nuevas generaciones sufran\u00a0 lo que ella pens\u00f3 que ya no suceder\u00eda.<\/span><\/p>\n<p><span style=\"font-weight: 400; font-size: large;\"><\/span><\/p>\n<p><span style=\"font-weight: 400; font-size: large;\">\u201cNadie menos\u201d, \u201ces repudiable sea contra quien sea\u201d son discursos que niegan e invisibilizan, una vez\u00a0 m\u00e1s, a quienes son borradas por una sociedad que resalta la palabra lesbiana cuando una asesina mata por ser\u00a0 asesina, pero empeque\u00f1ece la palaba lesbiana cuando la victima muere por serlo. Una sociedad que se mueve\u00a0 cuando le tocan el ombligo.<\/span><\/p>\n<p><span style=\"font-weight: 400; font-size: large;\"><\/span><\/p>\n<p><span style=\"font-weight: 400; font-size: large;\"><\/span><\/p>\n<p><span style=\"font-weight: 400; font-size: large;\">El colectivo de lesbianas se suma a m\u00faltiples causas, las incluya o no. Esta vez nos piden al resto\u00a0 acompa\u00f1ar, hacerles lugar. Porque el \u201cno me meto\u201d es meterse sin hacerse cargo y la \u201ces libertad de expresi\u00f3n\u201d\u00a0 deber\u00eda de terminar cuando aplaude al odio personas que no entran en los est\u00e1ndares de una poblaci\u00f3n\u00a0 cisheteropatriarcal, machista, blanca y clasista.\u00a0\u00a0<\/span><\/p>\n<p><span style=\"font-weight: 400; font-size: large;\"><\/span><\/p>\n<p><span style=\"font-weight: 400; font-size: large;\">Como dijo Jesi Hern\u00e1ndez, de lesbianas autoconvocadas, en la plaza Colombia a Pamela, Roxana, Andrea\u00a0 y Sof\u00eda \u201clas prendieron fuego por lesbianas pobres haciendo comunidad, haciendo refugio. Las prendieron fuego\u00a0 por no ser funcionales al sistema heteropatriarcal\u201d.<\/span><\/p>\n<p><span style=\"font-weight: 400;\"><\/span><\/p>\n<p>[\/et_pb_text][et_pb_image src=\u00bbhttps:\/\/urbe.com.ar\/revista\/wp-content\/uploads\/2024\/05\/5-Micaela-Marolla-scaled.jpeg\u00bb title_text=\u00bb5 &#8211; Micaela Marolla\u00bb align=\u00bbcenter\u00bb _builder_version=\u00bb4.25.1&#8243; _module_preset=\u00bbdefault\u00bb global_colors_info=\u00bb{}\u00bb][\/et_pb_image][et_pb_text _builder_version=\u00bb4.25.1&#8243; text_font=\u00bbTitillium Web||||||||\u00bb text_text_color=\u00bb#000000&#8243; text_font_size=\u00bb17px\u00bb text_line_height=\u00bb1.5em\u00bb min_height=\u00bb17.5px\u00bb custom_margin=\u00bb2.5%|0%|2.5%|0%|true|true\u00bb custom_padding=\u00bb||0px|9px|false|false\u00bb text_font_size_tablet=\u00bb17px\u00bb text_font_size_phone=\u00bb16px\u00bb text_font_size_last_edited=\u00bbon|phone\u00bb border_width_left=\u00bb2px\u00bb border_color_left=\u00bb#272727&#8243; global_colors_info=\u00bb{}\u00bb]<\/p>\n<p><em><span style=\"font-weight: 400; font-size: small;\">Foto: Sobre las casa aleda\u00f1as, se pegan carteles con un mismo reclamo: justicia para Pamela, Roxana y Andrea.<\/span><\/em><\/p>\n<p>[\/et_pb_text][et_pb_image src=\u00bbhttps:\/\/urbe.com.ar\/revista\/wp-content\/uploads\/2024\/05\/2-Micaela-Marolla-scaled.jpg\u00bb title_text=\u00bb2 &#8211; Micaela Marolla\u00bb align=\u00bbcenter\u00bb _builder_version=\u00bb4.25.1&#8243; _module_preset=\u00bbdefault\u00bb global_colors_info=\u00bb{}\u00bb][\/et_pb_image][et_pb_text _builder_version=\u00bb4.25.1&#8243; text_font=\u00bbTitillium Web||||||||\u00bb text_text_color=\u00bb#000000&#8243; text_font_size=\u00bb17px\u00bb text_line_height=\u00bb1.5em\u00bb min_height=\u00bb17.5px\u00bb custom_margin=\u00bb2.5%|0%|2.5%|0%|true|true\u00bb custom_padding=\u00bb||0px|9px|false|false\u00bb text_font_size_tablet=\u00bb17px\u00bb text_font_size_phone=\u00bb16px\u00bb text_font_size_last_edited=\u00bbon|phone\u00bb border_width_left=\u00bb2px\u00bb border_color_left=\u00bb#272727&#8243; global_colors_info=\u00bb{}\u00bb]<\/p>\n<p><em><span style=\"font-weight: 400; font-size: small;\">Foto: <span>Una multitud de personas colman la plaza en Barracas en una tarde fr\u00eda y llena de mosquitos, uni\u00e9ndose ante un mismo reclamo de justicia.<\/span><\/span><\/em><\/p>\n<p>[\/et_pb_text][et_pb_image src=\u00bbhttps:\/\/urbe.com.ar\/revista\/wp-content\/uploads\/2024\/05\/4-Micaela-Marolla-scaled.jpeg\u00bb title_text=\u00bb4 &#8211; Micaela Marolla\u00bb align=\u00bbcenter\u00bb _builder_version=\u00bb4.25.1&#8243; _module_preset=\u00bbdefault\u00bb global_colors_info=\u00bb{}\u00bb][\/et_pb_image][et_pb_text _builder_version=\u00bb4.25.1&#8243; text_font=\u00bbTitillium Web||||||||\u00bb text_text_color=\u00bb#000000&#8243; text_font_size=\u00bb17px\u00bb text_line_height=\u00bb1.5em\u00bb min_height=\u00bb17.5px\u00bb custom_margin=\u00bb2.5%|0%|2.5%|0%|true|true\u00bb custom_padding=\u00bb||0px|9px|false|false\u00bb text_font_size_tablet=\u00bb17px\u00bb text_font_size_phone=\u00bb16px\u00bb text_font_size_last_edited=\u00bbon|phone\u00bb border_width_left=\u00bb2px\u00bb border_color_left=\u00bb#272727&#8243; global_colors_info=\u00bb{}\u00bb]<em><span style=\"font-weight: 400; font-size: small;\">Foto: <span>Distintes oradores toman la palabra utilizando un micr\u00f3fono conectado a un parlante que alguien carga sobre su hombro para que la multitud pueda oir. En el fondo, sobre la fachada de la pensi\u00f3n se cuelgan pancartas y banderas.<\/span><\/em>[\/et_pb_text][et_pb_text _builder_version=\u00bb4.25.1&#8243; _module_preset=\u00bbdefault\u00bb text_font=\u00bbTitillium Web||||||||\u00bb text_text_color=\u00bb#272727&#8243; background_color=\u00bb#f2f2f2&#8243; text_orientation=\u00bbcenter\u00bb custom_margin=\u00bb112px|||||\u00bb custom_padding=\u00bb14px|14px|14px|14px|true|true\u00bb global_colors_info=\u00bb{}\u00bb]<span style=\"font-size: large;\"><strong>Micaela Marolla<\/strong><\/span><\/p>\n<p>\u00bfTe gust\u00f3 la nota? Seguila en sus redes &#x1f447;<\/p>\n<p><a href=\"https:\/\/www.instagram.com\/biozoom.ph\/\">@biozoom.ph<\/a>[\/et_pb_text][et_pb_blog fullwidth=\u00bboff\u00bb posts_number=\u00bb3&#8243; include_categories=\u00bbcurrent\u00bb meta_date=\u00bbj M,Y\u00bb excerpt_length=\u00bb80&#8243; show_author=\u00bboff\u00bb show_categories=\u00bboff\u00bb show_pagination=\u00bboff\u00bb masonry_tile_background_color=\u00bb#FFFFFF\u00bb disabled_on=\u00bbon|off|off\u00bb module_class=\u00bbpa-blog \u00bb _builder_version=\u00bb4.25.1&#8243; header_font=\u00bb|700|||||||\u00bb header_text_color=\u00bb#FFFFFF\u00bb header_font_size=\u00bb20px\u00bb body_font=\u00bb|600|||||||\u00bb body_text_color=\u00bb#FFFFFF\u00bb meta_text_color=\u00bb#FFFFFF\u00bb read_more_text_color=\u00bb#FFFFFF\u00bb background_color=\u00bb#FFFFFF\u00bb min_height=\u00bb100px\u00bb custom_margin=\u00bb0px||0%||false|false\u00bb custom_margin_tablet=\u00bb0%||||false|false\u00bb custom_margin_phone=\u00bb\u00bb custom_margin_last_edited=\u00bbon|desktop\u00bb custom_padding=\u00bb||0px|||\u00bb header_text_shadow_style=\u00bbpreset3&#8243; header_text_shadow_color=\u00bb#000000&#8243; body_text_shadow_style=\u00bbpreset3&#8243; body_text_shadow_color=\u00bb#000000&#8243; meta_text_shadow_style=\u00bbpreset3&#8243; meta_text_shadow_color=\u00bb#000000&#8243; border_color_all_image=\u00bb#FFFFFF\u00bb border_width_top_image=\u00bb2px\u00bb text_shadow_style=\u00bbpreset3&#8243; text_shadow_blur_strength=\u00bb0.54em\u00bb text_shadow_color=\u00bb#000000&#8243; global_colors_info=\u00bb{}\u00bb][\/et_pb_blog][et_pb_image src=\u00bbhttps:\/\/urbe.com.ar\/revista\/wp-content\/uploads\/2023\/05\/banner-escritores-copy.jpg\u00bb title_text=\u00bbbanner escritores copy\u00bb _builder_version=\u00bb4.21.0&#8243; _module_preset=\u00bbdefault\u00bb custom_margin=\u00bb15%||||false|false\u00bb global_colors_info=\u00bb{}\u00bb][\/et_pb_image][\/et_pb_column][\/et_pb_row][\/et_pb_section]<\/p>\n","protected":false},"excerpt":{"rendered":"<p>Por <b>Micaela Marolla<\/b><\/p>\n","protected":false},"author":10,"featured_media":9659,"comment_status":"closed","ping_status":"closed","sticky":false,"template":"","format":"standard","meta":{"_et_pb_use_builder":"on","_et_pb_old_content":"","_et_gb_content_width":"1080","_jetpack_memberships_contains_paid_content":false,"footnotes":""},"categories":[8],"tags":[],"class_list":["post-9653","post","type-post","status-publish","format-standard","has-post-thumbnail","hentry","category-feminismo"],"yoast_head":"<!-- This site is optimized with the Yoast SEO plugin v27.4 - https:\/\/yoast.com\/product\/yoast-seo-wordpress\/ -->\n<title>La desidia y los discursos de odio matan - Revista Urbe<\/title>\n<meta name=\"robots\" content=\"index, follow, max-snippet:-1, max-image-preview:large, max-video-preview:-1\" \/>\n<link rel=\"canonical\" href=\"https:\/\/urbe.com.ar\/revista\/la-desidia-y-los-discursos-de-odio-matan\/\" \/>\n<meta property=\"og:locale\" content=\"es_ES\" \/>\n<meta property=\"og:type\" content=\"article\" \/>\n<meta property=\"og:title\" content=\"La desidia y los discursos de odio matan - Revista Urbe\" \/>\n<meta property=\"og:description\" content=\"Por Micaela Marolla\" \/>\n<meta property=\"og:url\" content=\"https:\/\/urbe.com.ar\/revista\/la-desidia-y-los-discursos-de-odio-matan\/\" \/>\n<meta property=\"og:site_name\" content=\"Revista Urbe\" \/>\n<meta property=\"article:published_time\" content=\"2024-05-20T14:40:02+00:00\" \/>\n<meta property=\"article:modified_time\" content=\"2024-07-25T14:49:23+00:00\" \/>\n<meta property=\"og:image\" content=\"https:\/\/urbe.com.ar\/revista\/wp-content\/uploads\/2024\/05\/miniatura-1024x922.jpg\" \/>\n\t<meta property=\"og:image:width\" content=\"1024\" \/>\n\t<meta property=\"og:image:height\" content=\"922\" \/>\n\t<meta property=\"og:image:type\" content=\"image\/jpeg\" \/>\n<meta name=\"author\" content=\"Alejo Bernhardt\" \/>\n<meta name=\"twitter:card\" content=\"summary_large_image\" \/>\n<meta name=\"twitter:creator\" content=\"@Revistaurbe_\" \/>\n<meta name=\"twitter:site\" content=\"@Revistaurbe_\" \/>\n<meta name=\"twitter:label1\" content=\"Escrito por\" \/>\n\t<meta name=\"twitter:data1\" content=\"Alejo Bernhardt\" \/>\n\t<meta name=\"twitter:label2\" content=\"Tiempo de lectura\" \/>\n\t<meta name=\"twitter:data2\" content=\"7 minutos\" \/>\n<script type=\"application\/ld+json\" class=\"yoast-schema-graph\">{\"@context\":\"https:\\\/\\\/schema.org\",\"@graph\":[{\"@type\":\"Article\",\"@id\":\"https:\\\/\\\/urbe.com.ar\\\/revista\\\/la-desidia-y-los-discursos-de-odio-matan\\\/#article\",\"isPartOf\":{\"@id\":\"https:\\\/\\\/urbe.com.ar\\\/revista\\\/la-desidia-y-los-discursos-de-odio-matan\\\/\"},\"author\":{\"name\":\"Alejo Bernhardt\",\"@id\":\"https:\\\/\\\/urbe.com.ar\\\/revista\\\/#\\\/schema\\\/person\\\/4ddcf051fa628850264f4c6d61f63ee2\"},\"headline\":\"La desidia y los discursos de odio matan\",\"datePublished\":\"2024-05-20T14:40:02+00:00\",\"dateModified\":\"2024-07-25T14:49:23+00:00\",\"mainEntityOfPage\":{\"@id\":\"https:\\\/\\\/urbe.com.ar\\\/revista\\\/la-desidia-y-los-discursos-de-odio-matan\\\/\"},\"wordCount\":2460,\"image\":{\"@id\":\"https:\\\/\\\/urbe.com.ar\\\/revista\\\/la-desidia-y-los-discursos-de-odio-matan\\\/#primaryimage\"},\"thumbnailUrl\":\"https:\\\/\\\/i0.wp.com\\\/urbe.com.ar\\\/revista\\\/wp-content\\\/uploads\\\/2024\\\/05\\\/miniatura.jpg?fit=2551%2C2297&ssl=1\",\"articleSection\":[\"FEMINISMO\"],\"inLanguage\":\"es\"},{\"@type\":\"WebPage\",\"@id\":\"https:\\\/\\\/urbe.com.ar\\\/revista\\\/la-desidia-y-los-discursos-de-odio-matan\\\/\",\"url\":\"https:\\\/\\\/urbe.com.ar\\\/revista\\\/la-desidia-y-los-discursos-de-odio-matan\\\/\",\"name\":\"La desidia y los discursos de odio matan - Revista Urbe\",\"isPartOf\":{\"@id\":\"https:\\\/\\\/urbe.com.ar\\\/revista\\\/#website\"},\"primaryImageOfPage\":{\"@id\":\"https:\\\/\\\/urbe.com.ar\\\/revista\\\/la-desidia-y-los-discursos-de-odio-matan\\\/#primaryimage\"},\"image\":{\"@id\":\"https:\\\/\\\/urbe.com.ar\\\/revista\\\/la-desidia-y-los-discursos-de-odio-matan\\\/#primaryimage\"},\"thumbnailUrl\":\"https:\\\/\\\/i0.wp.com\\\/urbe.com.ar\\\/revista\\\/wp-content\\\/uploads\\\/2024\\\/05\\\/miniatura.jpg?fit=2551%2C2297&ssl=1\",\"datePublished\":\"2024-05-20T14:40:02+00:00\",\"dateModified\":\"2024-07-25T14:49:23+00:00\",\"author\":{\"@id\":\"https:\\\/\\\/urbe.com.ar\\\/revista\\\/#\\\/schema\\\/person\\\/4ddcf051fa628850264f4c6d61f63ee2\"},\"breadcrumb\":{\"@id\":\"https:\\\/\\\/urbe.com.ar\\\/revista\\\/la-desidia-y-los-discursos-de-odio-matan\\\/#breadcrumb\"},\"inLanguage\":\"es\",\"potentialAction\":[{\"@type\":\"ReadAction\",\"target\":[\"https:\\\/\\\/urbe.com.ar\\\/revista\\\/la-desidia-y-los-discursos-de-odio-matan\\\/\"]}]},{\"@type\":\"ImageObject\",\"inLanguage\":\"es\",\"@id\":\"https:\\\/\\\/urbe.com.ar\\\/revista\\\/la-desidia-y-los-discursos-de-odio-matan\\\/#primaryimage\",\"url\":\"https:\\\/\\\/i0.wp.com\\\/urbe.com.ar\\\/revista\\\/wp-content\\\/uploads\\\/2024\\\/05\\\/miniatura.jpg?fit=2551%2C2297&ssl=1\",\"contentUrl\":\"https:\\\/\\\/i0.wp.com\\\/urbe.com.ar\\\/revista\\\/wp-content\\\/uploads\\\/2024\\\/05\\\/miniatura.jpg?fit=2551%2C2297&ssl=1\",\"width\":2551,\"height\":2297},{\"@type\":\"BreadcrumbList\",\"@id\":\"https:\\\/\\\/urbe.com.ar\\\/revista\\\/la-desidia-y-los-discursos-de-odio-matan\\\/#breadcrumb\",\"itemListElement\":[{\"@type\":\"ListItem\",\"position\":1,\"name\":\"Portada\",\"item\":\"https:\\\/\\\/urbe.com.ar\\\/revista\\\/\"},{\"@type\":\"ListItem\",\"position\":2,\"name\":\"La desidia y los discursos de odio matan\"}]},{\"@type\":\"WebSite\",\"@id\":\"https:\\\/\\\/urbe.com.ar\\\/revista\\\/#website\",\"url\":\"https:\\\/\\\/urbe.com.ar\\\/revista\\\/\",\"name\":\"Revista Urbe\",\"description\":\"\",\"potentialAction\":[{\"@type\":\"SearchAction\",\"target\":{\"@type\":\"EntryPoint\",\"urlTemplate\":\"https:\\\/\\\/urbe.com.ar\\\/revista\\\/?s={search_term_string}\"},\"query-input\":{\"@type\":\"PropertyValueSpecification\",\"valueRequired\":true,\"valueName\":\"search_term_string\"}}],\"inLanguage\":\"es\"},{\"@type\":\"Person\",\"@id\":\"https:\\\/\\\/urbe.com.ar\\\/revista\\\/#\\\/schema\\\/person\\\/4ddcf051fa628850264f4c6d61f63ee2\",\"name\":\"Alejo Bernhardt\",\"image\":{\"@type\":\"ImageObject\",\"inLanguage\":\"es\",\"@id\":\"https:\\\/\\\/secure.gravatar.com\\\/avatar\\\/e17892015a0b2fe0e47a8387056c05584647b09de53f1ac00adae78b2f4fb443?s=96&d=mm&r=g\",\"url\":\"https:\\\/\\\/secure.gravatar.com\\\/avatar\\\/e17892015a0b2fe0e47a8387056c05584647b09de53f1ac00adae78b2f4fb443?s=96&d=mm&r=g\",\"contentUrl\":\"https:\\\/\\\/secure.gravatar.com\\\/avatar\\\/e17892015a0b2fe0e47a8387056c05584647b09de53f1ac00adae78b2f4fb443?s=96&d=mm&r=g\",\"caption\":\"Alejo Bernhardt\"},\"url\":\"https:\\\/\\\/urbe.com.ar\\\/revista\\\/author\\\/alejo-bernhardt\\\/\"}]}<\/script>\n<!-- \/ Yoast SEO plugin. -->","yoast_head_json":{"title":"La desidia y los discursos de odio matan - Revista Urbe","robots":{"index":"index","follow":"follow","max-snippet":"max-snippet:-1","max-image-preview":"max-image-preview:large","max-video-preview":"max-video-preview:-1"},"canonical":"https:\/\/urbe.com.ar\/revista\/la-desidia-y-los-discursos-de-odio-matan\/","og_locale":"es_ES","og_type":"article","og_title":"La desidia y los discursos de odio matan - Revista Urbe","og_description":"Por Micaela Marolla","og_url":"https:\/\/urbe.com.ar\/revista\/la-desidia-y-los-discursos-de-odio-matan\/","og_site_name":"Revista Urbe","article_published_time":"2024-05-20T14:40:02+00:00","article_modified_time":"2024-07-25T14:49:23+00:00","og_image":[{"width":1024,"height":922,"url":"https:\/\/urbe.com.ar\/revista\/wp-content\/uploads\/2024\/05\/miniatura-1024x922.jpg","type":"image\/jpeg"}],"author":"Alejo Bernhardt","twitter_card":"summary_large_image","twitter_creator":"@Revistaurbe_","twitter_site":"@Revistaurbe_","twitter_misc":{"Escrito por":"Alejo Bernhardt","Tiempo de lectura":"7 minutos"},"schema":{"@context":"https:\/\/schema.org","@graph":[{"@type":"Article","@id":"https:\/\/urbe.com.ar\/revista\/la-desidia-y-los-discursos-de-odio-matan\/#article","isPartOf":{"@id":"https:\/\/urbe.com.ar\/revista\/la-desidia-y-los-discursos-de-odio-matan\/"},"author":{"name":"Alejo Bernhardt","@id":"https:\/\/urbe.com.ar\/revista\/#\/schema\/person\/4ddcf051fa628850264f4c6d61f63ee2"},"headline":"La desidia y los discursos de odio matan","datePublished":"2024-05-20T14:40:02+00:00","dateModified":"2024-07-25T14:49:23+00:00","mainEntityOfPage":{"@id":"https:\/\/urbe.com.ar\/revista\/la-desidia-y-los-discursos-de-odio-matan\/"},"wordCount":2460,"image":{"@id":"https:\/\/urbe.com.ar\/revista\/la-desidia-y-los-discursos-de-odio-matan\/#primaryimage"},"thumbnailUrl":"https:\/\/i0.wp.com\/urbe.com.ar\/revista\/wp-content\/uploads\/2024\/05\/miniatura.jpg?fit=2551%2C2297&ssl=1","articleSection":["FEMINISMO"],"inLanguage":"es"},{"@type":"WebPage","@id":"https:\/\/urbe.com.ar\/revista\/la-desidia-y-los-discursos-de-odio-matan\/","url":"https:\/\/urbe.com.ar\/revista\/la-desidia-y-los-discursos-de-odio-matan\/","name":"La desidia y los discursos de odio matan - Revista Urbe","isPartOf":{"@id":"https:\/\/urbe.com.ar\/revista\/#website"},"primaryImageOfPage":{"@id":"https:\/\/urbe.com.ar\/revista\/la-desidia-y-los-discursos-de-odio-matan\/#primaryimage"},"image":{"@id":"https:\/\/urbe.com.ar\/revista\/la-desidia-y-los-discursos-de-odio-matan\/#primaryimage"},"thumbnailUrl":"https:\/\/i0.wp.com\/urbe.com.ar\/revista\/wp-content\/uploads\/2024\/05\/miniatura.jpg?fit=2551%2C2297&ssl=1","datePublished":"2024-05-20T14:40:02+00:00","dateModified":"2024-07-25T14:49:23+00:00","author":{"@id":"https:\/\/urbe.com.ar\/revista\/#\/schema\/person\/4ddcf051fa628850264f4c6d61f63ee2"},"breadcrumb":{"@id":"https:\/\/urbe.com.ar\/revista\/la-desidia-y-los-discursos-de-odio-matan\/#breadcrumb"},"inLanguage":"es","potentialAction":[{"@type":"ReadAction","target":["https:\/\/urbe.com.ar\/revista\/la-desidia-y-los-discursos-de-odio-matan\/"]}]},{"@type":"ImageObject","inLanguage":"es","@id":"https:\/\/urbe.com.ar\/revista\/la-desidia-y-los-discursos-de-odio-matan\/#primaryimage","url":"https:\/\/i0.wp.com\/urbe.com.ar\/revista\/wp-content\/uploads\/2024\/05\/miniatura.jpg?fit=2551%2C2297&ssl=1","contentUrl":"https:\/\/i0.wp.com\/urbe.com.ar\/revista\/wp-content\/uploads\/2024\/05\/miniatura.jpg?fit=2551%2C2297&ssl=1","width":2551,"height":2297},{"@type":"BreadcrumbList","@id":"https:\/\/urbe.com.ar\/revista\/la-desidia-y-los-discursos-de-odio-matan\/#breadcrumb","itemListElement":[{"@type":"ListItem","position":1,"name":"Portada","item":"https:\/\/urbe.com.ar\/revista\/"},{"@type":"ListItem","position":2,"name":"La desidia y los discursos de odio matan"}]},{"@type":"WebSite","@id":"https:\/\/urbe.com.ar\/revista\/#website","url":"https:\/\/urbe.com.ar\/revista\/","name":"Revista Urbe","description":"","potentialAction":[{"@type":"SearchAction","target":{"@type":"EntryPoint","urlTemplate":"https:\/\/urbe.com.ar\/revista\/?s={search_term_string}"},"query-input":{"@type":"PropertyValueSpecification","valueRequired":true,"valueName":"search_term_string"}}],"inLanguage":"es"},{"@type":"Person","@id":"https:\/\/urbe.com.ar\/revista\/#\/schema\/person\/4ddcf051fa628850264f4c6d61f63ee2","name":"Alejo Bernhardt","image":{"@type":"ImageObject","inLanguage":"es","@id":"https:\/\/secure.gravatar.com\/avatar\/e17892015a0b2fe0e47a8387056c05584647b09de53f1ac00adae78b2f4fb443?s=96&d=mm&r=g","url":"https:\/\/secure.gravatar.com\/avatar\/e17892015a0b2fe0e47a8387056c05584647b09de53f1ac00adae78b2f4fb443?s=96&d=mm&r=g","contentUrl":"https:\/\/secure.gravatar.com\/avatar\/e17892015a0b2fe0e47a8387056c05584647b09de53f1ac00adae78b2f4fb443?s=96&d=mm&r=g","caption":"Alejo Bernhardt"},"url":"https:\/\/urbe.com.ar\/revista\/author\/alejo-bernhardt\/"}]}},"jetpack_featured_media_url":"https:\/\/i0.wp.com\/urbe.com.ar\/revista\/wp-content\/uploads\/2024\/05\/miniatura.jpg?fit=2551%2C2297&ssl=1","jetpack_sharing_enabled":true,"_links":{"self":[{"href":"https:\/\/urbe.com.ar\/revista\/wp-json\/wp\/v2\/posts\/9653","targetHints":{"allow":["GET"]}}],"collection":[{"href":"https:\/\/urbe.com.ar\/revista\/wp-json\/wp\/v2\/posts"}],"about":[{"href":"https:\/\/urbe.com.ar\/revista\/wp-json\/wp\/v2\/types\/post"}],"author":[{"embeddable":true,"href":"https:\/\/urbe.com.ar\/revista\/wp-json\/wp\/v2\/users\/10"}],"replies":[{"embeddable":true,"href":"https:\/\/urbe.com.ar\/revista\/wp-json\/wp\/v2\/comments?post=9653"}],"version-history":[{"count":7,"href":"https:\/\/urbe.com.ar\/revista\/wp-json\/wp\/v2\/posts\/9653\/revisions"}],"predecessor-version":[{"id":10025,"href":"https:\/\/urbe.com.ar\/revista\/wp-json\/wp\/v2\/posts\/9653\/revisions\/10025"}],"wp:featuredmedia":[{"embeddable":true,"href":"https:\/\/urbe.com.ar\/revista\/wp-json\/wp\/v2\/media\/9659"}],"wp:attachment":[{"href":"https:\/\/urbe.com.ar\/revista\/wp-json\/wp\/v2\/media?parent=9653"}],"wp:term":[{"taxonomy":"category","embeddable":true,"href":"https:\/\/urbe.com.ar\/revista\/wp-json\/wp\/v2\/categories?post=9653"},{"taxonomy":"post_tag","embeddable":true,"href":"https:\/\/urbe.com.ar\/revista\/wp-json\/wp\/v2\/tags?post=9653"}],"curies":[{"name":"wp","href":"https:\/\/api.w.org\/{rel}","templated":true}]}}