	
	
		

	
		
										
	
				
			
	{"id":9468,"date":"2024-04-12T14:43:11","date_gmt":"2024-04-12T14:43:11","guid":{"rendered":"https:\/\/urbe.com.ar\/revista\/?p=9468"},"modified":"2024-04-12T14:44:33","modified_gmt":"2024-04-12T14:44:33","slug":"historia-de-una-hermandad-transfronteriza","status":"publish","type":"post","link":"https:\/\/urbe.com.ar\/revista\/historia-de-una-hermandad-transfronteriza\/","title":{"rendered":"Historia de una hermandad transfronteriza"},"content":{"rendered":"<p>[et_pb_section fb_built=\u00bb1&#8243; disabled_on=\u00bbon|on|on\u00bb _builder_version=\u00bb4.24.0&#8243; disabled=\u00bbon\u00bb global_colors_info=\u00bb{}\u00bb][et_pb_row _builder_version=\u00bb4.18.0&#8243; global_colors_info=\u00bb{}\u00bb][et_pb_column type=\u00bb4_4&#8243; _builder_version=\u00bb4.18.0&#8243; global_colors_info=\u00bb{}\u00bb][et_pb_text disabled_on=\u00bbon|on|on\u00bb _builder_version=\u00bb4.24.0&#8243; text_font=\u00bbTitillium Web||||||||\u00bb custom_padding=\u00bb||28px|||\u00bb disabled=\u00bbon\u00bb global_colors_info=\u00bb{}\u00bb]Por <b>Maximiliano Mendoza<\/b>| La historia del peronismo debe entenderse en el marco de los movimientos tercermundistas que surgieron en Latinoam\u00e9rica en la posguerra. Maximiliano Mendoza analiza en este ensayo las redes internacionales de estos tiempos, con foco en la relaci\u00f3n entre el peronismo y el Movimiento Nacional Revolucionario de  Bolivia.[\/et_pb_text][\/et_pb_column][\/et_pb_row][\/et_pb_section][et_pb_section fb_built=\u00bb1&#8243; specialty=\u00bbon\u00bb padding_left_2=\u00bb1%\u00bb padding_top_bottom_link_1=\u00bbfalse\u00bb padding_top_bottom_link_2=\u00bbfalse\u00bb padding_left_right_link_1=\u00bbfalse\u00bb padding_left_right_link_2=\u00bbfalse\u00bb _builder_version=\u00bb4.24.0&#8243; custom_padding=\u00bb0px|0px|0px|0px||\u00bb global_colors_info=\u00bb{}\u00bb][et_pb_column type=\u00bb2_3&#8243; specialty_columns=\u00bb2&#8243; _builder_version=\u00bb4.16&#8243; custom_padding=\u00bb|||\u00bb global_colors_info=\u00bb{}\u00bb custom_padding__hover=\u00bb|||\u00bb][et_pb_row_inner _builder_version=\u00bb4.22.2&#8243; background_color=\u00bb#ffffff\u00bb background_enable_image=\u00bboff\u00bb custom_margin=\u00bb40px|48px|20px||false|false\u00bb custom_padding=\u00bb12px|0px|12px|0px|true|true\u00bb border_color_left=\u00bb#F2AF46&#8243; global_colors_info=\u00bb{}\u00bb][et_pb_column_inner saved_specialty_column_type=\u00bb2_3&#8243; _builder_version=\u00bb4.18.0&#8243; global_colors_info=\u00bb{}\u00bb][et_pb_text _builder_version=\u00bb4.24.0&#8243; text_font=\u00bbTitillium Web|600|||||||\u00bb text_text_color=\u00bb#000000&#8243; text_font_size=\u00bb18px\u00bb header_text_align=\u00bbcenter\u00bb header_font_size=\u00bb35px\u00bb background_color=\u00bbRGBA(255,255,255,0)\u00bb background_layout=\u00bbdark\u00bb custom_margin=\u00bb2%|0%|2%|0%|true|true\u00bb custom_padding=\u00bb|||13px|false|false\u00bb border_color_all=\u00bb#FFFFFF\u00bb border_width_left=\u00bb6px\u00bb border_color_left=\u00bb#033333&#8243; global_colors_info=\u00bb{}\u00bb]<\/p>\n<p><strong>Historia<\/strong><\/p>\n<p>[\/et_pb_text][et_pb_text _builder_version=\u00bb4.24.0&#8243; text_font=\u00bbTitillium Web|300|||||||\u00bb text_text_color=\u00bb#000000&#8243; text_line_height=\u00bb1.4em\u00bb header_font=\u00bb|700||on|||||\u00bb header_text_align=\u00bbleft\u00bb header_text_color=\u00bb#272727&#8243; header_font_size=\u00bb60px\u00bb background_color=\u00bbRGBA(255,255,255,0)\u00bb background_enable_image=\u00bboff\u00bb background_size=\u00bbstretch\u00bb width=\u00bb100%\u00bb module_alignment=\u00bbleft\u00bb min_height=\u00bb71px\u00bb custom_margin=\u00bb3%|0%|-2%|0%|false|true\u00bb custom_padding=\u00bb|0%|0px|0%|false|true\u00bb global_colors_info=\u00bb{}\u00bb]<\/p>\n<h1>Historia de una hermandad transfronteriza<\/h1>\n<p>[\/et_pb_text][et_pb_text admin_label=\u00bbParrafo 1&#8243; _builder_version=\u00bb4.24.0&#8243; text_font=\u00bbTitillium Web||||||||\u00bb text_text_color=\u00bb#000000&#8243; text_font_size=\u00bb17px\u00bb text_line_height=\u00bb2em\u00bb custom_margin=\u00bb0%|0%|0%|0%|true|true\u00bb custom_padding=\u00bb||0px|||\u00bb text_font_size_tablet=\u00bb17px\u00bb text_font_size_phone=\u00bb16px\u00bb text_font_size_last_edited=\u00bbon|phone\u00bb locked=\u00bboff\u00bb inline_fonts=\u00bbRubik,Alkalami,Titillium Web\u00bb global_colors_info=\u00bb{}\u00bb]<\/p>\n<blockquote><\/blockquote>\n<p style=\"text-align: left;\">La historia del peronismo debe entenderse en el marco de los movimientos tercermundistas que surgieron en Latinoam\u00e9rica en la posguerra. Maximiliano Mendoza analiza en este ensayo las redes internacionales de estos tiempos, con foco en la relaci\u00f3n entre el peronismo y el Movimiento Nacional Revolucionario de  Bolivia.\n<\/p>\n<p><span style=\"font-weight: 400;\"><\/span>[\/et_pb_text][et_pb_text _builder_version=\u00bb4.24.0&#8243; text_font=\u00bbTitillium Web||||||||\u00bb text_text_color=\u00bb#000000&#8243; text_font_size=\u00bb18px\u00bb header_text_align=\u00bbcenter\u00bb header_text_color=\u00bb#057E7E\u00bb header_font_size=\u00bb35px\u00bb text_orientation=\u00bbjustified\u00bb custom_margin=\u00bb2%|0%|2%|0%|true|true\u00bb custom_padding=\u00bb|||13px|false|false\u00bb border_width_left=\u00bb6px\u00bb border_color_left=\u00bb#033333&#8243; global_colors_info=\u00bb{}\u00bb]<\/p>\n<p>Por <b>Maximiliano Mendoza<\/b><br \/><span style=\"font-size: small;\">12 de abril de 2024<\/span><\/p>\n<p>[\/et_pb_text][et_pb_image src=\u00bbhttps:\/\/urbe.com.ar\/revista\/wp-content\/uploads\/2024\/04\/banner-web-2.png\u00bb title_text=\u00bbbanner-web\u00bb disabled_on=\u00bboff|off|off\u00bb _builder_version=\u00bb4.24.0&#8243; background_enable_image=\u00bboff\u00bb custom_margin=\u00bb5%|0%|5%|0%|true|true\u00bb custom_margin_tablet=\u00bb\u00bb custom_margin_phone=\u00bb6%|0%|6%|0%|true|true\u00bb custom_margin_last_edited=\u00bbon|phone\u00bb hover_enabled=\u00bb0&#8243; global_colors_info=\u00bb{}\u00bb sticky_enabled=\u00bb0&#8243;][\/et_pb_image][\/et_pb_column_inner][\/et_pb_row_inner][et_pb_row_inner column_structure=\u00bb1_2,1_2&#8243; use_custom_gutter=\u00bbon\u00bb gutter_width=\u00bb1&#8243; make_equal=\u00bbon\u00bb disabled_on=\u00bbon|off|off\u00bb _builder_version=\u00bb4.16&#8243; background_color=\u00bb#ffffff\u00bb custom_margin=\u00bb||||false|false\u00bb custom_padding=\u00bb0px||0px|0%|false|false\u00bb locked=\u00bboff\u00bb global_colors_info=\u00bb{}\u00bb][et_pb_column_inner type=\u00bb1_2&#8243; saved_specialty_column_type=\u00bb2_3&#8243; _builder_version=\u00bb4.16&#8243; background_color=\u00bb#ffffff\u00bb custom_css_main_element=\u00bbwidth: 60% !important;\u00bb global_colors_info=\u00bb{}\u00bb][\/et_pb_column_inner][et_pb_column_inner type=\u00bb1_2&#8243; saved_specialty_column_type=\u00bb2_3&#8243; _builder_version=\u00bb4.16&#8243; custom_css_main_element=\u00bb||width: 40% !important;||margin: auto;||display: flex;||flex-direction: column;||justify-content: center;\u00bb global_colors_info=\u00bb{}\u00bb][et_pb_code _builder_version=\u00bb4.16&#8243; text_orientation=\u00bbcenter\u00bb module_alignment=\u00bbcenter\u00bb custom_margin=\u00bb2%||2%||true|false\u00bb custom_padding=\u00bb|6.7%||6.7%|false|true\u00bb global_colors_info=\u00bb{}\u00bb]<div class=\"addtoany_shortcode\"><div class=\"a2a_kit a2a_kit_size_32 addtoany_list\" data-a2a-url=\"https:\/\/urbe.com.ar\/revista\/historia-de-una-hermandad-transfronteriza\/\" data-a2a-title=\"Historia de una hermandad transfronteriza\"><a class=\"a2a_button_facebook\" href=\"https:\/\/www.addtoany.com\/add_to\/facebook?linkurl=https%3A%2F%2Furbe.com.ar%2Frevista%2Fhistoria-de-una-hermandad-transfronteriza%2F&amp;linkname=Historia%20de%20una%20hermandad%20transfronteriza\" title=\"Facebook\" rel=\"nofollow noopener\" target=\"_blank\"><\/a><a class=\"a2a_button_whatsapp\" href=\"https:\/\/www.addtoany.com\/add_to\/whatsapp?linkurl=https%3A%2F%2Furbe.com.ar%2Frevista%2Fhistoria-de-una-hermandad-transfronteriza%2F&amp;linkname=Historia%20de%20una%20hermandad%20transfronteriza\" title=\"WhatsApp\" rel=\"nofollow noopener\" target=\"_blank\"><\/a><a class=\"a2a_button_twitter\" href=\"https:\/\/www.addtoany.com\/add_to\/twitter?linkurl=https%3A%2F%2Furbe.com.ar%2Frevista%2Fhistoria-de-una-hermandad-transfronteriza%2F&amp;linkname=Historia%20de%20una%20hermandad%20transfronteriza\" title=\"Twitter\" rel=\"nofollow noopener\" target=\"_blank\"><\/a><a class=\"a2a_button_email\" href=\"https:\/\/www.addtoany.com\/add_to\/email?linkurl=https%3A%2F%2Furbe.com.ar%2Frevista%2Fhistoria-de-una-hermandad-transfronteriza%2F&amp;linkname=Historia%20de%20una%20hermandad%20transfronteriza\" title=\"Email\" rel=\"nofollow noopener\" target=\"_blank\"><\/a><a class=\"a2a_button_copy_link\" href=\"https:\/\/www.addtoany.com\/add_to\/copy_link?linkurl=https%3A%2F%2Furbe.com.ar%2Frevista%2Fhistoria-de-una-hermandad-transfronteriza%2F&amp;linkname=Historia%20de%20una%20hermandad%20transfronteriza\" title=\"Copy Link\" rel=\"nofollow noopener\" target=\"_blank\"><\/a><\/div><\/div>[\/et_pb_code][\/et_pb_column_inner][\/et_pb_row_inner][et_pb_row_inner use_custom_gutter=\u00bbon\u00bb gutter_width=\u00bb1&#8243; make_equal=\u00bbon\u00bb disabled_on=\u00bboff|on|on\u00bb _builder_version=\u00bb4.16&#8243; background_color=\u00bb#ffffff\u00bb custom_margin=\u00bb||||false|false\u00bb custom_padding=\u00bb0px||0px|0%|false|false\u00bb locked=\u00bboff\u00bb global_colors_info=\u00bb{}\u00bb][et_pb_column_inner saved_specialty_column_type=\u00bb2_3&#8243; _builder_version=\u00bb4.16&#8243; background_color=\u00bb#ffffff\u00bb global_colors_info=\u00bb{}\u00bb][et_pb_code disabled_on=\u00bboff|off|off\u00bb _builder_version=\u00bb4.16&#8243; _module_preset=\u00bbdefault\u00bb text_orientation=\u00bbcenter\u00bb width=\u00bb100%\u00bb width_tablet=\u00bb\u00bb width_phone=\u00bb100%\u00bb width_last_edited=\u00bbon|phone\u00bb max_width=\u00bb100%\u00bb max_width_tablet=\u00bb\u00bb max_width_phone=\u00bb\u00bb max_width_last_edited=\u00bbon|tablet\u00bb module_alignment=\u00bbright\u00bb custom_margin_tablet=\u00bb\u00bb custom_margin_phone=\u00bb\u00bb custom_margin_last_edited=\u00bbon|phone\u00bb module_alignment_tablet=\u00bb\u00bb module_alignment_phone=\u00bbcenter\u00bb module_alignment_last_edited=\u00bbon|desktop\u00bb global_colors_info=\u00bb{}\u00bb]<div class=\"addtoany_shortcode\"><div class=\"a2a_kit a2a_kit_size_32 addtoany_list\" data-a2a-url=\"https:\/\/urbe.com.ar\/revista\/historia-de-una-hermandad-transfronteriza\/\" data-a2a-title=\"Historia de una hermandad transfronteriza\"><a class=\"a2a_button_facebook\" href=\"https:\/\/www.addtoany.com\/add_to\/facebook?linkurl=https%3A%2F%2Furbe.com.ar%2Frevista%2Fhistoria-de-una-hermandad-transfronteriza%2F&amp;linkname=Historia%20de%20una%20hermandad%20transfronteriza\" title=\"Facebook\" rel=\"nofollow noopener\" target=\"_blank\"><\/a><a class=\"a2a_button_whatsapp\" href=\"https:\/\/www.addtoany.com\/add_to\/whatsapp?linkurl=https%3A%2F%2Furbe.com.ar%2Frevista%2Fhistoria-de-una-hermandad-transfronteriza%2F&amp;linkname=Historia%20de%20una%20hermandad%20transfronteriza\" title=\"WhatsApp\" rel=\"nofollow noopener\" target=\"_blank\"><\/a><a class=\"a2a_button_twitter\" href=\"https:\/\/www.addtoany.com\/add_to\/twitter?linkurl=https%3A%2F%2Furbe.com.ar%2Frevista%2Fhistoria-de-una-hermandad-transfronteriza%2F&amp;linkname=Historia%20de%20una%20hermandad%20transfronteriza\" title=\"Twitter\" rel=\"nofollow noopener\" target=\"_blank\"><\/a><a class=\"a2a_button_email\" href=\"https:\/\/www.addtoany.com\/add_to\/email?linkurl=https%3A%2F%2Furbe.com.ar%2Frevista%2Fhistoria-de-una-hermandad-transfronteriza%2F&amp;linkname=Historia%20de%20una%20hermandad%20transfronteriza\" title=\"Email\" rel=\"nofollow noopener\" target=\"_blank\"><\/a><a class=\"a2a_button_copy_link\" href=\"https:\/\/www.addtoany.com\/add_to\/copy_link?linkurl=https%3A%2F%2Furbe.com.ar%2Frevista%2Fhistoria-de-una-hermandad-transfronteriza%2F&amp;linkname=Historia%20de%20una%20hermandad%20transfronteriza\" title=\"Copy Link\" rel=\"nofollow noopener\" target=\"_blank\"><\/a><\/div><\/div>[\/et_pb_code][\/et_pb_column_inner][\/et_pb_row_inner][et_pb_row_inner _builder_version=\u00bb4.18.0&#8243; background_color=\u00bb#ffffff\u00bb custom_padding=\u00bb0px||3px|0px||\u00bb global_colors_info=\u00bb{}\u00bb][et_pb_column_inner saved_specialty_column_type=\u00bb2_3&#8243; _builder_version=\u00bb4.16&#8243; global_colors_info=\u00bb{}\u00bb][et_pb_text admin_label=\u00bbParrafo 1&#8243; _builder_version=\u00bb4.24.0&#8243; text_font=\u00bbTitillium Web||||||||\u00bb text_text_color=\u00bb#000000&#8243; text_font_size=\u00bb17px\u00bb text_line_height=\u00bb2em\u00bb custom_margin=\u00bb2%|0%|2%|0%|true|true\u00bb custom_padding=\u00bb||0px|||\u00bb text_font_size_tablet=\u00bb17px\u00bb text_font_size_phone=\u00bb16px\u00bb text_font_size_last_edited=\u00bbon|phone\u00bb locked=\u00bboff\u00bb inline_fonts=\u00bbRubik,Alkalami,Titillium Web\u00bb global_colors_info=\u00bb{}\u00bb]<\/p>\n<blockquote><\/blockquote>\n<p><span style=\"font-weight: 400; font-size: large;\">La pol\u00edtica exterior del primer peronismo constituye una de las aristas m\u00e1s interesantes de la historia regional de las relaciones internacionales. Sus implicancias van mucho m\u00e1s all\u00e1 del estudio tradicional de la disciplina, y posee cap\u00edtulos que sorprenden incluso a sus m\u00e1s avezados investigadores. Uno de ellos es el que narraremos a continuaci\u00f3n.<\/span><\/p>\n<p><span style=\"font-weight: 400; font-size: large;\"><\/span><\/p>\n<p><span style=\"font-size: large;\"><span style=\"font-weight: 400;\">La soci\u00f3loga argentina Alcira Argumedo (1940-2021) sol\u00eda insistir en <\/span><b>la necesidad de<\/b> <b>inscribir la emergencia del peronismo dentro de las coordenadas de los Movimientos de Liberaci\u00f3n Nacional<\/b><span style=\"font-weight: 400;\"> surgidos en el contexto de la Guerra Fr\u00eda. Lejos de las conceptualizaciones de cu\u00f1o liberal que sit\u00faan al peronismo bajo el indiferenciado r\u00f3tulo de \u201clos populismos\u201d, Alcira insist\u00eda en interpretar la emergencia del fen\u00f3meno peronista en los marcos de la Guerra Fr\u00eda como momento global, y en funci\u00f3n de las coordenadas de los movimientos de descolonizaci\u00f3n del Tercer Mundo que irrumpieron en la escena internacional a partir de 1946.\u00a0<\/span><\/span><\/p>\n<p><span style=\"font-size: large;\"><span style=\"font-weight: 400;\"><\/span><\/span><\/p>\n<p><span style=\"font-size: large;\"><span style=\"font-weight: 400;\">El concepto de <\/span><b>Tercer Mundo<\/b><span style=\"font-weight: 400;\"> (acu\u00f1ado por el antrop\u00f3logo, dem\u00f3grafo e historiador econ\u00f3mico Alfred Sauvy en 1952) contiene una genealog\u00eda estrechamente vinculada a la geopol\u00edtica de posguerra, en la cual pod\u00eda visualizarse la emergencia de una tercera fuerza a nivel global que intentaba delimitarse (en t\u00e9rminos pol\u00edticos, econ\u00f3micos y geogr\u00e1ficos) del orden internacional bipolar de Yalta y Postdam. En este sentido, la Tercera Posici\u00f3n, planteada por primera vez por parte del primer gobierno peronista en la arena de las relaciones internacionales (m\u00e1s precisamente durante la Conferencia Interamericana para el Mantenimiento de la Paz y la Seguridad del Continente, realizada en Brasil en agosto de 1947), puede considerarse como el <\/span><i><span style=\"font-weight: 400;\">cas pionnier <\/span><\/i><span style=\"font-weight: 400;\">de aqu\u00e9llos gobiernos que resolv\u00edan adoptar una postura equidistante de los dos hegemones del mundo bipolar (EE.UU. y la URSS) y distinta a\u00a0 la de sus pa\u00edses sat\u00e9lites. Incluso debe tenerse en cuenta que este planteo tuvo lugar ocho a\u00f1os antes de la realizaci\u00f3n de la Conferencia de Bandung (1955), aquel gran encuentro multilateral que marc\u00f3 el nacimiento del Movimiento de los Pa\u00edses No Alineados, espacio al que la Argentina (con Per\u00f3n nuevamente en el poder) adhiri\u00f3 durante la Conferencia de Argel (1973).\u00a0<\/span><\/span><\/p>\n<p><span style=\"font-size: large;\"><span style=\"font-weight: 400;\"><\/span><\/span><\/p>\n<p><span style=\"font-size: large;\"><span style=\"font-weight: 400;\">Por otra parte, <\/span><b>la Tercera Posici\u00f3n se emparentaba estrechamente a una larga tradici\u00f3n de neutralidad de la pol\u00edtica exterior argentina<\/b><span style=\"font-weight: 400;\">, fundada en el principio de no intervenci\u00f3n y de la igualdad de los Estados. La doctrina fundante de estas posturas, de amplia repercusi\u00f3n internacional, hab\u00edan sido concebidas por juristas y pol\u00edticos del orden conservador (como Carlos Calvo y Jos\u00e9 Mar\u00eda Drago) y se tradujeron en estrategias notables como el impedimento del cobro compulsivo de deudas a las naciones, el privilegio de la v\u00eda pac\u00edfica para el arbitraje de los conflictos regionales y la b\u00fasqueda permanente de instancias multilaterales de resoluci\u00f3n m\u00e1s all\u00e1 del \u00e1mbito panamericano, lo cual fue motivo de varias tensiones diplom\u00e1ticas con los Estados Unidos.\u00a0<\/span><\/span><\/p>\n<p><span style=\"font-size: large;\"><span style=\"font-weight: 400;\"><\/span><\/span><\/p>\n<p><span style=\"font-size: large;\"><span style=\"font-weight: 400;\">Uno de los episodios m\u00e1s conocidos de estos \u201ccortocircuitos\u201d diplom\u00e1ticos con el imperio norteamericano fue el que protagoniz\u00f3 el reconocido jurista y diplom\u00e1tico argentino Carlos Saavedra Lamas, quien como canciller del gobierno de facto de Agust\u00edn P. Justo, llev\u00f3 adelante una virtuosa labor diplom\u00e1tica durante la pacificaci\u00f3n de la Guerra del Chaco (1932-1935) gracias a la cual logr\u00f3 el involucramiento de la Sociedad de las Naciones y evit\u00f3 que el conflicto se dirimiera en conformidad con los intereses norteamericanos. Dicha labor diplom\u00e1tica le vali\u00f3 ser galardonado con el Premio Nobel de la Paz en 1936 y ser odiado por parte de un personaje muy conocido tanto en Bolivia como en la Argentina: Spruille Braden, diplom\u00e1tico estadounidense y <\/span><i><span style=\"font-weight: 400;\">lobbysta<\/span><\/i><span style=\"font-weight: 400;\"> de la Standard Oil en Am\u00e9rica Latina (particularmente en Bolivia), encargado de llevar adelante las negociaciones de paz frente al jurista argentino. Justamente Braden ser\u00eda, algunos a\u00f1os despu\u00e9s, un protagonista central de los acontecimientos que llevaron al poder a Juan Domingo Per\u00f3n y marcaron el nacimiento del peronismo como el movimiento popular m\u00e1s importante de la historia argentina.\u00a0<\/span><\/span><\/p>\n<p><span style=\"font-weight: 400;\"><\/span><\/p>\n<p>[\/et_pb_text][et_pb_image src=\u00bbhttps:\/\/urbe.com.ar\/revista\/wp-content\/uploads\/2024\/04\/Screenshot_6.png\u00bb title_text=\u00bbScreenshot_6&#8243; _builder_version=\u00bb4.24.0&#8243; _module_preset=\u00bbdefault\u00bb global_colors_info=\u00bb{}\u00bb][\/et_pb_image][et_pb_text _builder_version=\u00bb4.24.0&#8243; text_font=\u00bbTitillium Web||||||||\u00bb text_text_color=\u00bb#000000&#8243; text_font_size=\u00bb17px\u00bb text_line_height=\u00bb1.5em\u00bb min_height=\u00bb17.5px\u00bb custom_margin=\u00bb2.5%|0%|2.5%|0%|true|true\u00bb custom_padding=\u00bb||0px|9px|false|false\u00bb text_font_size_tablet=\u00bb17px\u00bb text_font_size_phone=\u00bb16px\u00bb text_font_size_last_edited=\u00bbon|phone\u00bb border_width_left=\u00bb2px\u00bb border_color_left=\u00bb#272727&#8243; global_colors_info=\u00bb{}\u00bb]<\/p>\n<p><em><span style=\"font-weight: 400; font-size: small;\">Foto: Spruille Braden y Juan Domingo Per\u00f3n.<\/span><\/em><\/p>\n<p>[\/et_pb_text][et_pb_text admin_label=\u00bbParrafo 1&#8243; _builder_version=\u00bb4.24.0&#8243; text_font=\u00bbTitillium Web||||||||\u00bb text_text_color=\u00bb#000000&#8243; text_font_size=\u00bb17px\u00bb text_line_height=\u00bb2em\u00bb custom_margin=\u00bb2%|0%|2%|0%|true|true\u00bb custom_padding=\u00bb||0px|||\u00bb text_font_size_tablet=\u00bb17px\u00bb text_font_size_phone=\u00bb16px\u00bb text_font_size_last_edited=\u00bbon|phone\u00bb locked=\u00bboff\u00bb inline_fonts=\u00bbRubik,Alkalami,Titillium Web\u00bb global_colors_info=\u00bb{}\u00bb]<\/p>\n<blockquote><\/blockquote>\n<p><span style=\"font-size: large;\"><span style=\"font-weight: 400;\">La Guerra del Chaco constituye un jal\u00f3n fundamental para explicar las relaciones existentes entre el primer peronismo y <\/span><b>el Movimiento Nacionalista Revolucionario (MNR) de Bolivia, aquel formidable movimiento popular que llev\u00f3 adelante uno de los procesos revolucionarios m\u00e1s importantes de la historia de Am\u00e9rica Latina<\/b><span style=\"font-weight: 400;\">. Los m\u00e1s importantes l\u00edderes de este movimiento (fundado en 1942) hab\u00edan integrado las filas del ej\u00e9rcito boliviano durante la guerra fratricida con el Paraguay, y formaron parte de la \u201cGeneraci\u00f3n del Chaco\u201d, una nueva camada de dirigentes j\u00f3venes de las cuales surgieron los presidentes de la etapa conocida como \u201cSocialismo Militar\u201d: David Toro y German Busch, dos dirigentes provenientes de las fuerzas armadas que, como bien destaca el investigador brit\u00e1nico James Dunkerley (autor de \u201cRebeli\u00f3n en las Venas\u201d, un cl\u00e1sico imprescindible para entender la Revoluci\u00f3n Boliviana) impulsaron reformas pol\u00edticas y econ\u00f3micas de corte nacionalista, similares a las que tomaran L\u00e1zaro C\u00e1rdenas en M\u00e9xico, Get\u00falio Vargas en Brasil y Pedro Aguirre Cerda en Chile.\u00a0<\/span><\/span><\/p>\n<p><span style=\"font-size: large;\"><span style=\"font-weight: 400;\"><\/span><\/span><\/p>\n<p><span style=\"font-size: large;\"><span style=\"font-weight: 400;\">Valga destacar que Per\u00f3n actu\u00f3 como observador militar de la Guerra del Chaco, bajo las \u00f3rdenes del entonces ministro de Guerra del gobierno argentino, el Gral. Manuel Rodr\u00edguez. Presente en el teatro de operaciones, al futuro presidente se le encomend\u00f3 la misi\u00f3n de redactar informes sobre los acontecimientos de la guerra. El investigador y diplom\u00e1tico argentino Carlos Pi\u00f1eiro I\u00f1\u00edguez (autor de \u201cPer\u00f3n: la construcci\u00f3n de un ideario\u201d, entre otros) sostiene que <\/span><b>tanto el estudio del caso boliviano durante la guerra, as\u00ed como el reformismo del \u201csocialismo militar\u201d boliviano, influyeron notablemente en el pensamiento de Per\u00f3n.<\/b><span style=\"font-weight: 400;\"> Esto parece verificarse en el \u201cLibro Azul y Blanco\u201d, el op\u00fasculo escrito por Juan Domingo Per\u00f3n en 1946 como r\u00e9plica al \u201cLibro Azul\u201d (dise\u00f1ado por la diplomacia estadounidense y publicitado por el embajador Spruille Braden para organizar la oposici\u00f3n al l\u00edder argentino), en el cual se\u00f1ala, contra las acusaciones que vinculaban al GOU (Grupo de Oficiales Unidos o Grupo Obra de Unificaci\u00f3n) con el golpe de diciembre de 1943 liderado por el Gral. Gualberto Villarroel en Bolivia (integrante de la logia Raz\u00f3n de Patria-RADEPA, de organizaci\u00f3n muy similar al GOU), que los acontecimientos en el pa\u00eds vecino obedec\u00edan m\u00e1s bien a un \u201cmovimiento de ideas largamente gestado en ese pa\u00eds, despu\u00e9s de la Guerra del Chaco\u201d, y que el golpe de Villarroel no era \u201cotra cosa que la reconquista del poder realizada por los hombres que llevaran al Coronel Germ\u00e1n Busch, en 1937, a la presidencia de la Rep\u00fablica\u201d.<\/span><\/span><\/p>\n<p><span style=\"font-size: large;\"><span style=\"font-weight: 400;\"><\/span><\/span><\/p>\n<p><span style=\"font-weight: 400; font-size: large;\">La diplomacia estadounidense hab\u00eda comenzado a instalar una interpretaci\u00f3n seg\u00fan la cual, en consonancia con las coordenadas ideol\u00f3gicas de la Guerra Fr\u00eda, tanto la Revoluci\u00f3n de 1943 liderada por el GOU, as\u00ed como el golpe de la Logia RADEPA en Bolivia, obedec\u00edan a un mismo inter\u00e9s geopol\u00edtico: la instalaci\u00f3n de un \u201ceje nazi-fascista\u201d en Am\u00e9rica Latina. El distanciamiento de la Argentina y de Bolivia respecto de las l\u00f3gicas de subordinaci\u00f3n subyacentes en la diplomacia norteamericana hab\u00eda generado tensiones de notables alcances. Los sectores pol\u00edticos y econ\u00f3micos m\u00e1s d\u00f3ciles y permeables al inter\u00e9s estadounidense hab\u00edan sido desplazados del poder, lo cual provoc\u00f3 airadas protestas y operaciones de prensa por parte de los Estados Unidos. Sin embargo, nada de ello impidi\u00f3 que en febrero de 1946 Juan Domingo Per\u00f3n resultara elegido presidente de Argentina. La potencia norteamericana hab\u00eda desarrollado una pol\u00edtica de flagrante injerencia en los asuntos internos del pa\u00eds, incluyendo la organizaci\u00f3n de un movimiento c\u00edvico de oposici\u00f3n con el fin de desprestigiarlo ante la opini\u00f3n p\u00fablica nacional e internacional. El plan fracas\u00f3, y ello redund\u00f3 en una notable derrota de la diplomacia norteamericana en la regi\u00f3n y, sobre todo, una m\u00e1s de Spruille Braden frente a la Argentina.\u00a0\u00a0<\/span><\/p>\n<p><span style=\"font-weight: 400;\"><\/span><\/p>\n<p>[\/et_pb_text][et_pb_image src=\u00bbhttps:\/\/urbe.com.ar\/revista\/wp-content\/uploads\/2023\/05\/WhatsApp-Image-2023-03-13-at-16.37.45.jpeg\u00bb title_text=\u00bbWhatsApp Image 2023-03-13 at 16.37.45&#8243; _builder_version=\u00bb4.21.0&#8243; _module_preset=\u00bbdefault\u00bb custom_margin=\u00bb3%||3%||true|false\u00bb global_colors_info=\u00bb{}\u00bb][\/et_pb_image][et_pb_image src=\u00bbhttps:\/\/urbe.com.ar\/revista\/wp-content\/uploads\/2024\/04\/Screenshot_7.png\u00bb title_text=\u00bbScreenshot_7&#8243; _builder_version=\u00bb4.24.0&#8243; _module_preset=\u00bbdefault\u00bb global_colors_info=\u00bb{}\u00bb][\/et_pb_image][et_pb_text _builder_version=\u00bb4.24.0&#8243; text_font=\u00bbTitillium Web||||||||\u00bb text_text_color=\u00bb#000000&#8243; text_font_size=\u00bb17px\u00bb text_line_height=\u00bb1.5em\u00bb min_height=\u00bb17.5px\u00bb custom_margin=\u00bb2.5%|0%|2.5%|0%|true|true\u00bb custom_padding=\u00bb||0px|9px|false|false\u00bb text_font_size_tablet=\u00bb17px\u00bb text_font_size_phone=\u00bb16px\u00bb text_font_size_last_edited=\u00bbon|phone\u00bb border_width_left=\u00bb2px\u00bb border_color_left=\u00bb#272727&#8243; global_colors_info=\u00bb{}\u00bb]<em><span style=\"font-weight: 400; font-size: small;\">Foto: Folleto del gremio bancario durante las elecciones de 1946 en Argentina.<br \/>\n<\/span><\/em>[\/et_pb_text][et_pb_text admin_label=\u00bbParrafo 1&#8243; _builder_version=\u00bb4.24.0&#8243; text_font=\u00bbTitillium Web||||||||\u00bb text_text_color=\u00bb#000000&#8243; text_font_size=\u00bb17px\u00bb text_line_height=\u00bb2em\u00bb custom_margin=\u00bb2%|0%|2%|0%|true|true\u00bb custom_padding=\u00bb||0px|||\u00bb text_font_size_tablet=\u00bb17px\u00bb text_font_size_phone=\u00bb16px\u00bb text_font_size_last_edited=\u00bbon|phone\u00bb locked=\u00bboff\u00bb inline_fonts=\u00bbRubik,Alkalami,Titillium Web\u00bb global_colors_info=\u00bb{}\u00bb]<\/p>\n<blockquote><\/blockquote>\n<p><span style=\"font-size: large;\"><span style=\"font-weight: 400;\">Algunos meses despu\u00e9s, m\u00e1s precisamente en junio de 1946, el presidente Gualberto Villarroel ser\u00eda derrocado y asesinado por la oposici\u00f3n pol\u00edtica alineada con los Barones del Esta\u00f1o (la hist\u00f3rica \u201cRosca\u201d boliviana). Muchos dirigentes de la \u201cGeneraci\u00f3n del Chaco\u201d fueron encarcelados y otros debieron exiliarse. Las sedes diplom\u00e1ticas argentinas en Bolivia se llenaron de refugiados y fue necesario asegurarles salvoconductos con celeridad. <\/span><b>De ah\u00ed que numerosos dirigentes del MNR que hab\u00edan formado parte del gobierno de Villarroel se refugiaran en la Argentina, lugar en el que establecieron lazos de solidaridad pol\u00edtica e incluso elaboraron planes para lanzarse a una contraofensiva<\/b><span style=\"font-weight: 400;\">. Notables dirigentes emenerristas como V\u00edctor Paz Estenssoro, Augusto C\u00e9spedes, Hern\u00e1n Siles Suazo y Carlos Montenegro se instalaron en Buenos Aires, con la anuencia del gobierno argentino.<\/span><\/span><\/p>\n<p><span style=\"font-size: large;\"><span style=\"font-weight: 400;\"><\/span><\/span><\/p>\n<p><span style=\"font-size: large;\"><span style=\"font-weight: 400;\">Montenegro fue uno de los dirigentes m\u00e1s cercanos a Per\u00f3n, y tal vez el ide\u00f3logo m\u00e1s destacado del MNR. Veterano de la Guerra del Chaco, fue uno de los principales impulsores de la creaci\u00f3n del Ministerio de Trabajo de Bolivia y de la expropiaci\u00f3n de los bienes de la Standard Oil Company, medida que habilit\u00f3 la creaci\u00f3n de los Yacimientos Petrol\u00edferos Fiscales Bolivianos (YPFB) durante el gobierno de David Toro. Formar\u00eda parte de la delegaci\u00f3n que en Argentina le puso fin a la Guerra del Chaco, y permanecer\u00eda en Buenos Aires para llevar adelante tareas oficiales en materia de difusi\u00f3n y propaganda. Esta actividad lo llevar\u00eda a vincularse con lo m\u00e1s granado de la dirigencia pol\u00edtica, intelectual y art\u00edstica de la ciudad: desde Jorge Luis Borges hasta los intelectuales de FORJA, como Ra\u00fal Scalabrini Ortiz y Arturo Jauretche. Retorn\u00f3 a Bolivia tras la muerte de Germ\u00e1n Busch (1939) y form\u00f3 parte del grupo de partida que fund\u00f3 el MNR en 1942 junto a Augusto C\u00e9spedes, Paz Estenssoro, Guevara Arze, Siles Suazo, del Granado, Otazo y Monroy Block, entre otros. La asunci\u00f3n de Gualberto Villarroel en 1943 coincidir\u00eda con la publicaci\u00f3n del libro \u201cNacionalismo y Coloniaje\u201d, libro fundamental del nacionalismo popular latinoamericano y <\/span><i><span style=\"font-weight: 400;\">magnum opus<\/span><\/i><span style=\"font-weight: 400;\"> de Montenegro. Tras la ca\u00edda de Villarroel, se instalar\u00eda nuevamente en Buenos Aires durante casi una d\u00e9cada, periodo en el que establecer\u00eda un v\u00ednculo a\u00fan m\u00e1s intenso con intelectuales y pol\u00edticos vinculados al peronismo. Seg\u00fan el testimonio de Waskar Montenegro (hijo de Carlos Montenegro), su padre escrib\u00eda informes sobre pol\u00edtica econ\u00f3mica latinoamericana de manera asidua para el presidente Per\u00f3n. Adem\u00e1s, el intelectual boliviano fue autor de un libro biogr\u00e1fico sobre Spruille Braden (publicado en 1948).<\/span><\/span><\/p>\n<p><span style=\"font-weight: 400;\"><\/span><\/p>\n<p>[\/et_pb_text][et_pb_image src=\u00bbhttps:\/\/urbe.com.ar\/revista\/wp-content\/uploads\/2024\/04\/Screenshot_8.png\u00bb title_text=\u00bbScreenshot_8&#8243; _builder_version=\u00bb4.24.0&#8243; _module_preset=\u00bbdefault\u00bb global_colors_info=\u00bb{}\u00bb][\/et_pb_image][et_pb_text _builder_version=\u00bb4.24.0&#8243; text_font=\u00bbTitillium Web||||||||\u00bb text_text_color=\u00bb#000000&#8243; text_font_size=\u00bb17px\u00bb text_line_height=\u00bb1.5em\u00bb min_height=\u00bb17.5px\u00bb custom_margin=\u00bb2.5%|0%|2.5%|0%|true|true\u00bb custom_padding=\u00bb||0px|9px|false|false\u00bb text_font_size_tablet=\u00bb17px\u00bb text_font_size_phone=\u00bb16px\u00bb text_font_size_last_edited=\u00bbon|phone\u00bb border_width_left=\u00bb2px\u00bb border_color_left=\u00bb#272727&#8243; global_colors_info=\u00bb{}\u00bb]<\/p>\n<p><em><span style=\"font-weight: 400; font-size: small;\">Foto: Carlos Montenegro.<br \/><\/span><\/em><\/p>\n<p>[\/et_pb_text][et_pb_text admin_label=\u00bbParrafo 1&#8243; _builder_version=\u00bb4.24.0&#8243; text_font=\u00bbTitillium Web||||||||\u00bb text_text_color=\u00bb#000000&#8243; text_font_size=\u00bb17px\u00bb text_line_height=\u00bb2em\u00bb custom_margin=\u00bb2%|0%|2%|0%|true|true\u00bb custom_padding=\u00bb||0px|||\u00bb text_font_size_tablet=\u00bb17px\u00bb text_font_size_phone=\u00bb16px\u00bb text_font_size_last_edited=\u00bbon|phone\u00bb locked=\u00bboff\u00bb inline_fonts=\u00bbRubik,Alkalami,Titillium Web\u00bb global_colors_info=\u00bb{}\u00bb]<\/p>\n<blockquote><\/blockquote>\n<p><span style=\"font-size: large;\"><b>Las conexiones entre el peronismo y la Revoluci\u00f3n de 1952 se manifiestan de manera a\u00fan m\u00e1s notoria a partir de la figura de V\u00edctor Paz Estenssoro.<\/b><span style=\"font-weight: 400;\"> Durante su exilio en Buenos Aires a partir de 1946, el futuro presidente de la revoluci\u00f3n estableci\u00f3 v\u00ednculos con segundas o terceras l\u00edneas de la dirigencia peronista. Seg\u00fan se\u00f1ala Guillermo Bedregal (colaborador cercano y bi\u00f3grafo principal del ex presidente boliviano), a pesar del asilo y la protecci\u00f3n inicial brindados por Juan y Eva Per\u00f3n, el compromiso con Paz Estenssoro se vio limitado hasta 1949, cuando el propio Per\u00f3n se vio obligado a pedirle que se marchara al Uruguay por una solicitud del gobierno boliviano, liderado entonces por Enrique Hertzog. Ello obedeci\u00f3 a la fallida insurrecci\u00f3n de 1949 planificada por el MNR en La Quiaca, la cual fue desactivada por la intervenci\u00f3n de la gendarmer\u00eda argentina para evitar un conflicto diplom\u00e1tico. No obstante, en enero de 1951, el gobierno de Per\u00f3n habilit\u00f3 el retorno de Paz Estenssoro a Argentina, y a partir de ese momento comenzar\u00eda otra historia.\u00a0<\/span><\/span><\/p>\n<p><span style=\"font-weight: 400;\"><\/span><\/p>\n<p>[\/et_pb_text][et_pb_image src=\u00bbhttps:\/\/urbe.com.ar\/revista\/wp-content\/uploads\/2024\/04\/Screenshot_9.png\u00bb title_text=\u00bbScreenshot_9&#8243; _builder_version=\u00bb4.24.0&#8243; _module_preset=\u00bbdefault\u00bb global_colors_info=\u00bb{}\u00bb][\/et_pb_image][et_pb_text _builder_version=\u00bb4.24.0&#8243; text_font=\u00bbTitillium Web||||||||\u00bb text_text_color=\u00bb#000000&#8243; text_font_size=\u00bb17px\u00bb text_line_height=\u00bb1.5em\u00bb min_height=\u00bb17.5px\u00bb custom_margin=\u00bb2.5%|0%|2.5%|0%|true|true\u00bb custom_padding=\u00bb||0px|9px|false|false\u00bb text_font_size_tablet=\u00bb17px\u00bb text_font_size_phone=\u00bb16px\u00bb text_font_size_last_edited=\u00bbon|phone\u00bb border_width_left=\u00bb2px\u00bb border_color_left=\u00bb#272727&#8243; global_colors_info=\u00bb{}\u00bb]<\/p>\n<p><em><span style=\"font-weight: 400; font-size: small;\">Foto: V\u00edctor Paz Estenssoro.<br \/><\/span><\/em><\/p>\n<p>[\/et_pb_text][et_pb_text admin_label=\u00bbParrafo 1&#8243; _builder_version=\u00bb4.24.0&#8243; text_font=\u00bbTitillium Web||||||||\u00bb text_text_color=\u00bb#000000&#8243; text_font_size=\u00bb17px\u00bb text_line_height=\u00bb2em\u00bb custom_margin=\u00bb2%|0%|2%|0%|true|true\u00bb custom_padding=\u00bb||0px|||\u00bb text_font_size_tablet=\u00bb17px\u00bb text_font_size_phone=\u00bb16px\u00bb text_font_size_last_edited=\u00bbon|phone\u00bb locked=\u00bboff\u00bb inline_fonts=\u00bbRubik,Alkalami,Titillium Web\u00bb global_colors_info=\u00bb{}\u00bb]<\/p>\n<blockquote><\/blockquote>\n<p><span style=\"font-size: large;\"><span style=\"font-weight: 400;\">La actitud de Per\u00f3n hacia Paz Estenssoro experiment\u00f3 cambios significativos a partir del momento en el cual el MNR se encaminaba hacia la victoria en las elecciones presidenciales de Bolivia. Ello marc\u00f3 el inicio de <\/span><b>un proceso de respaldo expl\u00edcito por parte del gobierno argentino.<\/b><span style=\"font-weight: 400;\"> Adem\u00e1s del abrazo p\u00fablico ofrecido por Juan y Eva Per\u00f3n durante la despedida de Paz Estenssoro en su retorno hacia La Paz en 1952, la Fundaci\u00f3n Eva Per\u00f3n brind\u00f3 ayuda humanitaria durante la insurrecci\u00f3n de 1951-1952 al proporcionar alimentos, asistencia sanitaria y equipos m\u00e9dicos. Incluso existe evidencia que sugiere que desde la mism\u00edsima fundaci\u00f3n se destinaron recursos econ\u00f3micos para respaldar la campa\u00f1a electoral del MNR. Adem\u00e1s, documentos de inteligencia estadounidenses desclasificados en 2019 indican que existieron reuniones clandestinas en La Paz durante la campa\u00f1a del MNR en 1951, seg\u00fan los cuales la Fundaci\u00f3n Eva Per\u00f3n habr\u00eda destinado aportes de campa\u00f1a a trav\u00e9s de Ela Campero, una important\u00edsima dirigente emenerrista que, seg\u00fan dichos documentos, tambi\u00e9n actuaba como enlace clandestino con el gobierno de Per\u00f3n. Estos documentos tambi\u00e9n indican que Campero obtuvo asilo en la Embajada argentina en La Paz en agosto de 1949 y que desempe\u00f1\u00f3 un papel central en las huelgas de hambre lideradas por las mujeres del MNR en 1951. Dichas protestas fueron organizadas con el objetivo de exigir la liberaci\u00f3n de los presos pol\u00edticos y el cese de la persecuci\u00f3n a los l\u00edderes exiliados, y contaron con el respaldo p\u00fablico de la propia Eva Per\u00f3n.\u00a0<\/span><\/span><\/p>\n<p><span style=\"font-weight: 400;\"><\/span><\/p>\n<p>[\/et_pb_text][et_pb_image src=\u00bbhttps:\/\/urbe.com.ar\/revista\/wp-content\/uploads\/2024\/04\/Screenshot_10.png\u00bb title_text=\u00bbScreenshot_10&#8243; _builder_version=\u00bb4.24.0&#8243; _module_preset=\u00bbdefault\u00bb global_colors_info=\u00bb{}\u00bb][\/et_pb_image][et_pb_text _builder_version=\u00bb4.24.0&#8243; text_font=\u00bbTitillium Web||||||||\u00bb text_text_color=\u00bb#000000&#8243; text_font_size=\u00bb17px\u00bb text_line_height=\u00bb1.5em\u00bb min_height=\u00bb17.5px\u00bb custom_margin=\u00bb2.5%|0%|2.5%|0%|true|true\u00bb custom_padding=\u00bb||0px|9px|false|false\u00bb text_font_size_tablet=\u00bb17px\u00bb text_font_size_phone=\u00bb16px\u00bb text_font_size_last_edited=\u00bbon|phone\u00bb border_width_left=\u00bb2px\u00bb border_color_left=\u00bb#272727&#8243; global_colors_info=\u00bb{}\u00bb]<em><span style=\"font-weight: 400; font-size: small;\">Foto: Recorte del Diario \u201cEl Laborista\u201d (15-04-1952) que informa el arribo de un avi\u00f3n sanitario de la Fuerza A\u00e9rea Argentina a La Paz, el cual transportaba v\u00edveres y medicamientos, y adem\u00e1s trasladaba a un equipo m\u00e9dico para asistir a los heridos de las revueltas de abril de 1952 (Colecci\u00f3n de Juan Pablo Kryskowski).<br \/>\n<\/span><\/em>[\/et_pb_text][et_pb_text admin_label=\u00bbParrafo 1&#8243; _builder_version=\u00bb4.24.0&#8243; text_font=\u00bbTitillium Web||||||||\u00bb text_text_color=\u00bb#000000&#8243; text_font_size=\u00bb17px\u00bb text_line_height=\u00bb2em\u00bb custom_margin=\u00bb2%|0%|2%|0%|true|true\u00bb custom_padding=\u00bb||0px|||\u00bb text_font_size_tablet=\u00bb17px\u00bb text_font_size_phone=\u00bb16px\u00bb text_font_size_last_edited=\u00bbon|phone\u00bb locked=\u00bboff\u00bb inline_fonts=\u00bbRubik,Alkalami,Titillium Web\u00bb global_colors_info=\u00bb{}\u00bb]<\/p>\n<blockquote><\/blockquote>\n<p><span style=\"font-weight: 400; font-size: large;\">Seg\u00fan Pi\u00f1eiro I\u00f1\u00edguez, estas acciones formaron parte de la pr\u00e1ctica com\u00fan del primer peronismo en su visi\u00f3n de formar un bloque unido de naciones sudamericanas. La articulaci\u00f3n regional propuesta por Per\u00f3n, fundada en la perspectiva de la Tercera Posici\u00f3n, proyectaba la conformaci\u00f3n de un bloque regional latinoamericano para equilibrar el poder frente a los Estados Unidos. En este contexto, los apoyos expl\u00edcitos al MNR no resultaban inusuales: la solidaridad con los l\u00edderes y los movimientos populares latinoamericanos por parte del primer gobierno de Per\u00f3n se hab\u00edan verificado durante los hechos del Bogotazo en 1948 (cuando, tras el ominoso asesinato de Jorge Eli\u00e9cer Gait\u00e1n, muchos se refugiaron en la embajada argentina, entre ellos el mism\u00edsimo Fidel Castro, quien hab\u00eda asistido junto a la delegaci\u00f3n argentina a las protestas) y con los exiliados guatemaltecos que hu\u00edan de su pa\u00eds tras el golpe contra Jacobo \u00c1rbenz. Lo mismo sucedi\u00f3 durante la tercera presidencia de Per\u00f3n cuando asil\u00f3 al Gral. Carlos Prats tras el golpe contra Salvador Allende, al ex presidente de Brasil y l\u00edder trabalhista Jo\u00e3o Goulart, y al ex presidente y militar boliviano Juan Jos\u00e9 Torres.<\/span><\/p>\n<p><span style=\"font-weight: 400;\"><\/span><\/p>\n<p>[\/et_pb_text][et_pb_image src=\u00bbhttps:\/\/urbe.com.ar\/revista\/wp-content\/uploads\/2024\/04\/Screenshot_11.png\u00bb title_text=\u00bbScreenshot_11&#8243; _builder_version=\u00bb4.24.0&#8243; _module_preset=\u00bbdefault\u00bb global_colors_info=\u00bb{}\u00bb][\/et_pb_image][et_pb_text _builder_version=\u00bb4.24.0&#8243; text_font=\u00bbTitillium Web||||||||\u00bb text_text_color=\u00bb#000000&#8243; text_font_size=\u00bb17px\u00bb text_line_height=\u00bb1.5em\u00bb min_height=\u00bb17.5px\u00bb custom_margin=\u00bb2.5%|0%|2.5%|0%|true|true\u00bb custom_padding=\u00bb||0px|9px|false|false\u00bb text_font_size_tablet=\u00bb17px\u00bb text_font_size_phone=\u00bb16px\u00bb text_font_size_last_edited=\u00bbon|phone\u00bb border_width_left=\u00bb2px\u00bb border_color_left=\u00bb#272727&#8243; global_colors_info=\u00bb{}\u00bb]<em><span style=\"font-weight: 400; font-size: small;\">Foto: Jorge Eli\u00e9cer Gait\u00e1n.<br \/>\n<\/span><\/em>[\/et_pb_text][et_pb_text admin_label=\u00bbParrafo 1&#8243; _builder_version=\u00bb4.24.0&#8243; text_font=\u00bbTitillium Web||||||||\u00bb text_text_color=\u00bb#000000&#8243; text_font_size=\u00bb17px\u00bb text_line_height=\u00bb2em\u00bb custom_margin=\u00bb2%|0%|2%|0%|true|true\u00bb custom_padding=\u00bb||0px|||\u00bb text_font_size_tablet=\u00bb17px\u00bb text_font_size_phone=\u00bb16px\u00bb text_font_size_last_edited=\u00bbon|phone\u00bb locked=\u00bboff\u00bb inline_fonts=\u00bbRubik,Alkalami,Titillium Web\u00bb global_colors_info=\u00bb{}\u00bb]<\/p>\n<blockquote><\/blockquote>\n<p><span style=\"font-size: large;\"><span style=\"font-weight: 400;\">Por \u00faltimo, es importante resaltar que los lazos entre los l\u00edderes e intelectuales del Movimiento Nacional Revolucionario (MNR) y el peronismo no quedaron estancos. De hecho, <\/span><b>el periodo posterior al derrocamiento de Per\u00f3n en 1955 configur\u00f3 un escenario propicio para evaluar la solidez y la extensi\u00f3n de esas redes de solidaridad establecidas durante la d\u00e9cada anterior<\/b><span style=\"font-weight: 400;\">. En este sentido, se destaca la existencia de redes organizadas en Bolivia para acoger a los militantes peronistas perseguidos por la autodenominada Revoluci\u00f3n Libertadora. Los Comandos de Exiliados, conformados de acuerdo con el dispositivo insurreccional de la Resistencia Peronista, se establecieron en pa\u00edses lim\u00edtrofes. Junto al comando establecido en Chile, el Comando de Exiliados en Bolivia cobr\u00f3 una importancia significativa, dividi\u00e9ndose en dos grupos: uno afiliado a la Central Obrera Boliviana (COB), liderada por Lech\u00edn Oquendo, y otro asociado a la fracci\u00f3n del MNR liderada por V\u00edctor Paz Estenssoro. Estos grupos recibieron a destacados peronistas \u201cresistentes\u201d muy reconocidos en la militancia peronista, tales como Claudio Adiego Francia, el \u201cGallego\u201d Mena, N\u00e9stor Gavino, Fernando Garc\u00eda della Costa, el capit\u00e1n Luis Morganti y los hermanos Julio y Bernardo Troxler, entre otros. Incluso desde Bolivia, a finales de 1957, los exiliados peronistas intentaron llevar a cabo una insurrecci\u00f3n popular en Argentina desde Jujuy (conocida como la \u201cOperaci\u00f3n Elefante\u201d), la cual, seg\u00fan se afirmaba, contaba con el respaldo del MNR y la COB.<\/span><\/span><\/p>\n<p><span style=\"font-size: large;\"><span style=\"font-weight: 400;\"><\/span><\/span><\/p>\n<p><span style=\"font-weight: 400; font-size: large;\">Asimismo, deber\u00eda ponderarse hasta qu\u00e9 punto aqu\u00e9llas redes de solidaridad se extendieron en las d\u00e9cadas posteriores, habida cuenta de la mencionada presencia en la Argentina del Gral. Juan Jos\u00e9 Torres, exiliado en Buenos Aires a partir de 1971 (tras su derrocamiento por parte del Gral. Banzer) junto a dirigentes como Oquendo y Siles Suazo, y la posterior conformaci\u00f3n de un espacio pol\u00edtico organizado desde la propia ciudad de Buenos Aires: la Alianza de la Izquierda Latinoamericana (ALIN), fundada en mayo de 1973. Desde luego, todo ello forma parte de otro cap\u00edtulo que debe escribirse en la historia de estas redes de solidaridad.<\/span><\/p>\n<p><span style=\"font-weight: 400;\"><\/span><\/p>\n<p>[\/et_pb_text][et_pb_text _builder_version=\u00bb4.24.0&#8243; _module_preset=\u00bbdefault\u00bb text_font=\u00bbTitillium Web||||||||\u00bb text_text_color=\u00bb#272727&#8243; background_color=\u00bb#f2f2f2&#8243; custom_margin=\u00bb112px|||||\u00bb custom_padding=\u00bb14px|14px|14px|14px|true|true\u00bb global_colors_info=\u00bb{}\u00bb]<span style=\"font-size: large;\"><strong>Maximiliano Mendoza<\/strong><\/span><\/p>\n<p>\u00bfTe gust\u00f3 la nota? Seguilo en sus redes &#x1f447;<\/p>\n<p><a href=\"https:\/\/twitter.com\/@maximendoza\">@maximendoza<\/a> <a href=\"https:\/\/www.instagram.com\/maximendoza.ok\/\">@maximendoza.ok<\/a>[\/et_pb_text][et_pb_blog fullwidth=\u00bboff\u00bb posts_number=\u00bb2&#8243; include_categories=\u00bbcurrent\u00bb meta_date=\u00bbj M,Y\u00bb excerpt_length=\u00bb180&#8243; show_author=\u00bboff\u00bb show_pagination=\u00bboff\u00bb offset_number=\u00bb1&#8243; masonry_tile_background_color=\u00bbRGBA(255,255,255,0)\u00bb disabled_on=\u00bbon|off|off\u00bb module_class=\u00bbpa-blog \u00bb _builder_version=\u00bb4.24.0&#8243; header_font=\u00bbTitillium Web|700|||||||\u00bb header_text_color=\u00bb#FFFFFF\u00bb header_font_size=\u00bb20px\u00bb body_font=\u00bbTitillium Web|600|||||||\u00bb body_text_color=\u00bb#FFFFFF\u00bb meta_font=\u00bbTitillium Web||||||||\u00bb meta_text_align=\u00bbleft\u00bb meta_text_color=\u00bb#FFFFFF\u00bb read_more_text_color=\u00bb#FFFFFF\u00bb background_color=\u00bb#FFFFFF\u00bb min_height=\u00bb483.9px\u00bb custom_margin=\u00bb1%||1%|0px|false|false\u00bb custom_margin_tablet=\u00bb0%||||false|false\u00bb custom_margin_phone=\u00bb\u00bb custom_margin_last_edited=\u00bbon|desktop\u00bb custom_padding=\u00bb3px|9px|3px|9px|true|true\u00bb header_text_shadow_style=\u00bbpreset3&#8243; header_text_shadow_color=\u00bb#000000&#8243; body_text_shadow_style=\u00bbpreset3&#8243; body_text_shadow_color=\u00bb#000000&#8243; meta_text_shadow_style=\u00bbpreset3&#8243; meta_text_shadow_color=\u00bb#000000&#8243; border_color_all_image=\u00bb#FFFFFF\u00bb border_width_top_image=\u00bb2px\u00bb text_shadow_style=\u00bbpreset3&#8243; text_shadow_blur_strength=\u00bb0.54em\u00bb text_shadow_color=\u00bb#000000&#8243; global_colors_info=\u00bb{}\u00bb][\/et_pb_blog][et_pb_image src=\u00bbhttps:\/\/urbe.com.ar\/revista\/wp-content\/uploads\/2023\/05\/banner-escritores-copy.jpg\u00bb title_text=\u00bbbanner escritores copy\u00bb _builder_version=\u00bb4.21.0&#8243; _module_preset=\u00bbdefault\u00bb custom_margin=\u00bb15%||||false|false\u00bb global_colors_info=\u00bb{}\u00bb][\/et_pb_image][\/et_pb_column_inner][\/et_pb_row_inner][\/et_pb_column][et_pb_column type=\u00bb1_3&#8243; _builder_version=\u00bb4.16&#8243; custom_padding=\u00bb|||\u00bb global_colors_info=\u00bb{}\u00bb custom_padding__hover=\u00bb|||\u00bb][\/et_pb_column][\/et_pb_section][et_pb_section fb_built=\u00bb1&#8243; _builder_version=\u00bb4.16&#8243; background_enable_color=\u00bboff\u00bb custom_padding=\u00bb0px||0px|||\u00bb global_colors_info=\u00bb{}\u00bb][\/et_pb_section][et_pb_section fb_built=\u00bb1&#8243; _builder_version=\u00bb4.16&#8243; background_enable_color=\u00bboff\u00bb custom_padding=\u00bb0px||0px|||\u00bb global_colors_info=\u00bb{}\u00bb][et_pb_row column_structure=\u00bb1_3,1_3,1_3&#8243; use_custom_gutter=\u00bbon\u00bb _builder_version=\u00bb4.16&#8243; background_color=\u00bb#033332&#8243; global_colors_info=\u00bb{}\u00bb][et_pb_column type=\u00bb1_3&#8243; _builder_version=\u00bb4.16&#8243; global_colors_info=\u00bb{}\u00bb][et_pb_text _builder_version=\u00bb4.21.0&#8243; text_text_color=\u00bb#FFFFFF\u00bb text_font_size=\u00bb15px\u00bb text_line_height=\u00bb1.3em\u00bb header_text_color=\u00bb#FFFFFF\u00bb header_font_size=\u00bb15px\u00bb custom_margin=\u00bb|||10%|false|false\u00bb global_colors_info=\u00bb{}\u00bb]<\/p>\n<h1><b>SECCIONES<\/b><\/h1>\n<p><a style=\"color: white;\" href=\"https:\/\/urbe.com.ar\/revista\/urbe\">Urbe<\/a><\/p>\n<p><a style=\"color: white;\" href=\"https:\/\/urbe.com.ar\/revista\/artificios\">Artificios<\/a><\/p>\n<p><a style=\"color: white;\" href=\"https:\/\/urbe.com.ar\/revista\/cultura\">Cultura<\/a><\/p>\n<p><a style=\"color: white;\" href=\"https:\/\/urbe.com.ar\/revista\/opinion\">Opini\u00f3n<\/a>[\/et_pb_text][et_pb_image src=\u00bbhttps:\/\/urbe.com.ar\/revista\/wp-content\/uploads\/2022\/05\/Logo-Mecenazgo-2019-1.png\u00bb alt=\u00bbLogo  mecenazgo\u00bb align=\u00bbcenter\u00bb _builder_version=\u00bb4.17.4&#8243; _module_preset=\u00bbdefault\u00bb custom_padding=\u00bb2%|3%|2%|10%|true|false\u00bb global_colors_info=\u00bb{}\u00bb][\/et_pb_image][et_pb_text _builder_version=\u00bb4.21.0&#8243; text_text_color=\u00bb#FFFFFF\u00bb text_font_size=\u00bb15px\u00bb header_text_color=\u00bb#FFFFFF\u00bb header_font_size=\u00bb15px\u00bb custom_margin=\u00bb|||10%|false|false\u00bb global_colors_info=\u00bb{}\u00bb]<\/p>\n<h1><b>Nro de obra publicada &#8211; P\u00e1gina Web:<\/b><\/h1>\n<p>RE-2022-55412612-APN-DNDA#MJ<\/p>\n<p>[\/et_pb_text][\/et_pb_column][et_pb_column type=\u00bb1_3&#8243; _builder_version=\u00bb4.16&#8243; custom_padding=\u00bb||||false|false\u00bb global_colors_info=\u00bb{}\u00bb][et_pb_text _builder_version=\u00bb4.21.0&#8243; text_text_color=\u00bb#FFFFFF\u00bb text_font_size=\u00bb15px\u00bb header_text_color=\u00bb#FFFFFF\u00bb header_font_size=\u00bb15px\u00bb header_2_font=\u00bb|600|||||||\u00bb header_2_text_align=\u00bbleft\u00bb header_2_text_color=\u00bb#ffffff\u00bb header_2_font_size=\u00bb22px\u00bb header_2_line_height=\u00bb0.9em\u00bb custom_margin=\u00bb|||10%|false|false\u00bb global_colors_info=\u00bb{}\u00bb]<\/p>\n<h2>CONTACTO<\/h2>\n<p>FUNDACION URBE<\/p>\n<p>CUIT 30644567156<\/p>\n<p>revista@urbe.com.ar<\/p>\n<p>Pringles 939, CABA<\/p>\n<p>[\/et_pb_text][et_pb_code _builder_version=\u00bb4.21.0&#8243; _module_preset=\u00bbdefault\u00bb text_orientation=\u00bbcenter\u00bb global_colors_info=\u00bb{}\u00bb]<iframe src=\"https:\/\/www.google.com\/maps\/embed?pb=!1m18!1m12!1m3!1d3284.1313753128234!2d-58.4265986!3d-34.6008393!2m3!1f0!2f0!3f0!3m2!1i1024!2i768!4f13.1!3m3!1m2!1s0x95bcca652e21dc77%3A0xb60adfd06e718b57!2sPringles%20939%2C%20C1183%20CABA!5e0!3m2!1ses-419!2sar!4v1685977364464!5m2!1ses-419!2sar\" width=\"250\" height=\"250\" style=\"border:0;\" allowfullscreen=\"\" loading=\"lazy\" referrerpolicy=\"no-referrer-when-downgrade\"><\/iframe>[\/et_pb_code][et_pb_text _builder_version=\u00bb4.21.0&#8243; _module_preset=\u00bbdefault\u00bb global_colors_info=\u00bb{}\u00bb][\/et_pb_text][et_pb_signup mailchimp_list=\u00bb818d09b04f\u00bb last_name_field=\u00bboff\u00bb success_message=\u00bbGracias por suscribirte!\u00bb title=\u00bbSUSCRIBITE\u00bb button_text=\u00bbsuscribirse\u00bb disabled_on=\u00bbon|on|on\u00bb _builder_version=\u00bb4.16&#8243; header_level=\u00bbh1&#8243; header_font_size=\u00bb15px\u00bb header_line_height=\u00bb1.2em\u00bb body_text_align=\u00bbleft\u00bb result_message_text_align=\u00bbleft\u00bb result_message_font_size=\u00bb15px\u00bb background_enable_color=\u00bboff\u00bb use_background_color=\u00bboff\u00bb custom_button=\u00bbon\u00bb button_text_size=\u00bb20px\u00bb button_text_color=\u00bb#009fad\u00bb button_bg_color=\u00bb#a4e3e9&#8243; button_border_width=\u00bb0px\u00bb button_border_radius=\u00bb0px\u00bb max_width=\u00bb55%\u00bb custom_margin=\u00bb10%|||10%|false|false\u00bb border_radii_fields=\u00bbon|0px|0px|0px|0px\u00bb disabled=\u00bbon\u00bb global_colors_info=\u00bb{}\u00bb][\/et_pb_signup][\/et_pb_column][et_pb_column type=\u00bb1_3&#8243; _builder_version=\u00bb4.16&#8243; global_colors_info=\u00bb{}\u00bb][et_pb_text _builder_version=\u00bb4.21.0&#8243; text_text_color=\u00bb#FFFFFF\u00bb header_text_color=\u00bb#FFFFFF\u00bb custom_margin=\u00bb|||10%|false|false\u00bb global_colors_info=\u00bb{}\u00bb]<\/p>\n<h1>LINKS<\/h1>\n<p><a style=\"color: inherit\"  href=\"https:\/\/filfem.com.ar\">filfem.com.ar<\/a><\/p>\n<p ><a style=\"color: inherit\" href=\"https:\/\/urbe.com.ar\/wp\">urbe.com.ar <\/a><\/p>\n<p ><a style=\"color: inherit\" href=\"https:\/\/buenosaires.gob.ar\">www.buenosaires.gob.ar <\/a><\/p>\n<p>[\/et_pb_text][et_pb_social_media_follow _builder_version=\u00bb4.16&#8243; custom_margin=\u00bb10%|||10%|false|false\u00bb global_colors_info=\u00bb{}\u00bb][et_pb_social_media_follow_network social_network=\u00bbinstagram\u00bb url=\u00bbhttps:\/\/www.instagram.com\/revistaurbe\/?igshid=osawef034cfi\u00bb icon_color=\u00bb#033332&#8243; _builder_version=\u00bb4.16&#8243; background_color=\u00bb#FFFFFF\u00bb background_enable_color=\u00bbon\u00bb border_radii=\u00bbon|25px|25px|25px|25px\u00bb global_colors_info=\u00bb{}\u00bb follow_button=\u00bboff\u00bb url_new_window=\u00bbon\u00bb]instagram[\/et_pb_social_media_follow_network][et_pb_social_media_follow_network social_network=\u00bbtwitter\u00bb url=\u00bbhttps:\/\/twitter.com\/Revistaurbe_?s=12&#8243; icon_color=\u00bb#033332&#8243; _builder_version=\u00bb4.16&#8243; background_color=\u00bb#FFFFFF\u00bb background_enable_color=\u00bbon\u00bb border_radii=\u00bbon|25px|25px|25px|25px\u00bb global_colors_info=\u00bb{}\u00bb follow_button=\u00bboff\u00bb url_new_window=\u00bbon\u00bb]twitter[\/et_pb_social_media_follow_network][\/et_pb_social_media_follow][et_pb_code _builder_version=\u00bb4.21.0&#8243; _module_preset=\u00bbdefault\u00bb text_orientation=\u00bbright\u00bb custom_margin=\u00bb0px||||false|false\u00bb custom_padding=\u00bb|||20px|false|false\u00bb global_colors_info=\u00bb{}\u00bb]<div id='mvcwid'style='text-align: left; color: #ffffff;'><div id=\"wpsvccount\"><img data-recalc-dims=\"1\" src=\"https:\/\/i0.wp.com\/urbe.com.ar\/revista\/wp-content\/plugins\/wps-visitor-counter\/styles\/image\/chevy\/2.gif?w=1080&#038;ssl=1\" alt='2'><img data-recalc-dims=\"1\" src=\"https:\/\/i0.wp.com\/urbe.com.ar\/revista\/wp-content\/plugins\/wps-visitor-counter\/styles\/image\/chevy\/4.gif?w=1080&#038;ssl=1\" alt='4'><img data-recalc-dims=\"1\" src=\"https:\/\/i0.wp.com\/urbe.com.ar\/revista\/wp-content\/plugins\/wps-visitor-counter\/styles\/image\/chevy\/7.gif?w=1080&#038;ssl=1\" alt='7'><img data-recalc-dims=\"1\" src=\"https:\/\/i0.wp.com\/urbe.com.ar\/revista\/wp-content\/plugins\/wps-visitor-counter\/styles\/image\/chevy\/1.gif?w=1080&#038;ssl=1\" alt='1'><img data-recalc-dims=\"1\" src=\"https:\/\/i0.wp.com\/urbe.com.ar\/revista\/wp-content\/plugins\/wps-visitor-counter\/styles\/image\/chevy\/6.gif?w=1080&#038;ssl=1\" alt='6'><img data-recalc-dims=\"1\" src=\"https:\/\/i0.wp.com\/urbe.com.ar\/revista\/wp-content\/plugins\/wps-visitor-counter\/styles\/image\/chevy\/6.gif?w=1080&#038;ssl=1\" alt='6'><\/div>\n\t<div id=\"wpsvctable\"><\/div><\/div>[\/et_pb_code][\/et_pb_column][\/et_pb_row][\/et_pb_section][et_pb_section fb_built=\u00bb1&#8243; _builder_version=\u00bb4.22.2&#8243; _module_preset=\u00bbdefault\u00bb global_colors_info=\u00bb{}\u00bb][et_pb_row _builder_version=\u00bb4.22.2&#8243; _module_preset=\u00bbdefault\u00bb global_colors_info=\u00bb{}\u00bb][et_pb_column type=\u00bb4_4&#8243; _builder_version=\u00bb4.22.2&#8243; _module_preset=\u00bbdefault\u00bb global_colors_info=\u00bb{}\u00bb][\/et_pb_column][\/et_pb_row][\/et_pb_section]<\/p>\n","protected":false},"excerpt":{"rendered":"<p>Por <b>Maximiliano Mendoza<\/b><\/p>\n","protected":false},"author":10,"featured_media":9479,"comment_status":"closed","ping_status":"closed","sticky":false,"template":"","format":"standard","meta":{"_et_pb_use_builder":"on","_et_pb_old_content":"","_et_gb_content_width":"1080","_jetpack_memberships_contains_paid_content":false,"footnotes":""},"categories":[30],"tags":[],"class_list":["post-9468","post","type-post","status-publish","format-standard","has-post-thumbnail","hentry","category-historia"],"yoast_head":"<!-- This site is optimized with the Yoast SEO plugin v27.5 - https:\/\/yoast.com\/product\/yoast-seo-wordpress\/ -->\n<title>Historia de una hermandad transfronteriza - Revista Urbe<\/title>\n<meta name=\"robots\" content=\"index, follow, max-snippet:-1, max-image-preview:large, max-video-preview:-1\" \/>\n<link rel=\"canonical\" href=\"https:\/\/urbe.com.ar\/revista\/historia-de-una-hermandad-transfronteriza\/\" \/>\n<meta property=\"og:locale\" content=\"es_ES\" \/>\n<meta property=\"og:type\" content=\"article\" \/>\n<meta property=\"og:title\" content=\"Historia de una hermandad transfronteriza - Revista Urbe\" \/>\n<meta property=\"og:description\" content=\"Por Maximiliano Mendoza\" \/>\n<meta property=\"og:url\" content=\"https:\/\/urbe.com.ar\/revista\/historia-de-una-hermandad-transfronteriza\/\" \/>\n<meta property=\"og:site_name\" content=\"Revista Urbe\" \/>\n<meta property=\"article:published_time\" content=\"2024-04-12T14:43:11+00:00\" \/>\n<meta property=\"article:modified_time\" content=\"2024-04-12T14:44:33+00:00\" \/>\n<meta property=\"og:image\" content=\"https:\/\/urbe.com.ar\/revista\/wp-content\/uploads\/2024\/04\/miniatura-web.jpg\" \/>\n\t<meta property=\"og:image:width\" content=\"2551\" \/>\n\t<meta property=\"og:image:height\" content=\"2297\" \/>\n\t<meta property=\"og:image:type\" content=\"image\/jpeg\" \/>\n<meta name=\"author\" content=\"Alejo Bernhardt\" \/>\n<meta name=\"twitter:card\" content=\"summary_large_image\" \/>\n<meta name=\"twitter:creator\" content=\"@Revistaurbe_\" \/>\n<meta name=\"twitter:site\" content=\"@Revistaurbe_\" \/>\n<meta name=\"twitter:label1\" content=\"Escrito por\" \/>\n\t<meta name=\"twitter:data1\" content=\"Alejo Bernhardt\" \/>\n\t<meta name=\"twitter:label2\" content=\"Tiempo de lectura\" \/>\n\t<meta name=\"twitter:data2\" content=\"17 minutos\" \/>\n<script type=\"application\/ld+json\" class=\"yoast-schema-graph\">{\"@context\":\"https:\\\/\\\/schema.org\",\"@graph\":[{\"@type\":\"Article\",\"@id\":\"https:\\\/\\\/urbe.com.ar\\\/revista\\\/historia-de-una-hermandad-transfronteriza\\\/#article\",\"isPartOf\":{\"@id\":\"https:\\\/\\\/urbe.com.ar\\\/revista\\\/historia-de-una-hermandad-transfronteriza\\\/\"},\"author\":{\"name\":\"Alejo Bernhardt\",\"@id\":\"https:\\\/\\\/urbe.com.ar\\\/revista\\\/#\\\/schema\\\/person\\\/4ddcf051fa628850264f4c6d61f63ee2\"},\"headline\":\"Historia de una hermandad transfronteriza\",\"datePublished\":\"2024-04-12T14:43:11+00:00\",\"dateModified\":\"2024-04-12T14:44:33+00:00\",\"mainEntityOfPage\":{\"@id\":\"https:\\\/\\\/urbe.com.ar\\\/revista\\\/historia-de-una-hermandad-transfronteriza\\\/\"},\"wordCount\":5738,\"image\":{\"@id\":\"https:\\\/\\\/urbe.com.ar\\\/revista\\\/historia-de-una-hermandad-transfronteriza\\\/#primaryimage\"},\"thumbnailUrl\":\"https:\\\/\\\/i0.wp.com\\\/urbe.com.ar\\\/revista\\\/wp-content\\\/uploads\\\/2024\\\/04\\\/miniatura-web.jpg?fit=2551%2C2297&ssl=1\",\"articleSection\":[\"HISTORIA\"],\"inLanguage\":\"es\"},{\"@type\":\"WebPage\",\"@id\":\"https:\\\/\\\/urbe.com.ar\\\/revista\\\/historia-de-una-hermandad-transfronteriza\\\/\",\"url\":\"https:\\\/\\\/urbe.com.ar\\\/revista\\\/historia-de-una-hermandad-transfronteriza\\\/\",\"name\":\"Historia de una hermandad transfronteriza - Revista Urbe\",\"isPartOf\":{\"@id\":\"https:\\\/\\\/urbe.com.ar\\\/revista\\\/#website\"},\"primaryImageOfPage\":{\"@id\":\"https:\\\/\\\/urbe.com.ar\\\/revista\\\/historia-de-una-hermandad-transfronteriza\\\/#primaryimage\"},\"image\":{\"@id\":\"https:\\\/\\\/urbe.com.ar\\\/revista\\\/historia-de-una-hermandad-transfronteriza\\\/#primaryimage\"},\"thumbnailUrl\":\"https:\\\/\\\/i0.wp.com\\\/urbe.com.ar\\\/revista\\\/wp-content\\\/uploads\\\/2024\\\/04\\\/miniatura-web.jpg?fit=2551%2C2297&ssl=1\",\"datePublished\":\"2024-04-12T14:43:11+00:00\",\"dateModified\":\"2024-04-12T14:44:33+00:00\",\"author\":{\"@id\":\"https:\\\/\\\/urbe.com.ar\\\/revista\\\/#\\\/schema\\\/person\\\/4ddcf051fa628850264f4c6d61f63ee2\"},\"breadcrumb\":{\"@id\":\"https:\\\/\\\/urbe.com.ar\\\/revista\\\/historia-de-una-hermandad-transfronteriza\\\/#breadcrumb\"},\"inLanguage\":\"es\",\"potentialAction\":[{\"@type\":\"ReadAction\",\"target\":[\"https:\\\/\\\/urbe.com.ar\\\/revista\\\/historia-de-una-hermandad-transfronteriza\\\/\"]}]},{\"@type\":\"ImageObject\",\"inLanguage\":\"es\",\"@id\":\"https:\\\/\\\/urbe.com.ar\\\/revista\\\/historia-de-una-hermandad-transfronteriza\\\/#primaryimage\",\"url\":\"https:\\\/\\\/i0.wp.com\\\/urbe.com.ar\\\/revista\\\/wp-content\\\/uploads\\\/2024\\\/04\\\/miniatura-web.jpg?fit=2551%2C2297&ssl=1\",\"contentUrl\":\"https:\\\/\\\/i0.wp.com\\\/urbe.com.ar\\\/revista\\\/wp-content\\\/uploads\\\/2024\\\/04\\\/miniatura-web.jpg?fit=2551%2C2297&ssl=1\",\"width\":2551,\"height\":2297},{\"@type\":\"BreadcrumbList\",\"@id\":\"https:\\\/\\\/urbe.com.ar\\\/revista\\\/historia-de-una-hermandad-transfronteriza\\\/#breadcrumb\",\"itemListElement\":[{\"@type\":\"ListItem\",\"position\":1,\"name\":\"Portada\",\"item\":\"https:\\\/\\\/urbe.com.ar\\\/revista\\\/\"},{\"@type\":\"ListItem\",\"position\":2,\"name\":\"Historia de una hermandad transfronteriza\"}]},{\"@type\":\"WebSite\",\"@id\":\"https:\\\/\\\/urbe.com.ar\\\/revista\\\/#website\",\"url\":\"https:\\\/\\\/urbe.com.ar\\\/revista\\\/\",\"name\":\"Revista Urbe\",\"description\":\"\",\"potentialAction\":[{\"@type\":\"SearchAction\",\"target\":{\"@type\":\"EntryPoint\",\"urlTemplate\":\"https:\\\/\\\/urbe.com.ar\\\/revista\\\/?s={search_term_string}\"},\"query-input\":{\"@type\":\"PropertyValueSpecification\",\"valueRequired\":true,\"valueName\":\"search_term_string\"}}],\"inLanguage\":\"es\"},{\"@type\":\"Person\",\"@id\":\"https:\\\/\\\/urbe.com.ar\\\/revista\\\/#\\\/schema\\\/person\\\/4ddcf051fa628850264f4c6d61f63ee2\",\"name\":\"Alejo Bernhardt\",\"image\":{\"@type\":\"ImageObject\",\"inLanguage\":\"es\",\"@id\":\"https:\\\/\\\/secure.gravatar.com\\\/avatar\\\/e17892015a0b2fe0e47a8387056c05584647b09de53f1ac00adae78b2f4fb443?s=96&d=mm&r=g\",\"url\":\"https:\\\/\\\/secure.gravatar.com\\\/avatar\\\/e17892015a0b2fe0e47a8387056c05584647b09de53f1ac00adae78b2f4fb443?s=96&d=mm&r=g\",\"contentUrl\":\"https:\\\/\\\/secure.gravatar.com\\\/avatar\\\/e17892015a0b2fe0e47a8387056c05584647b09de53f1ac00adae78b2f4fb443?s=96&d=mm&r=g\",\"caption\":\"Alejo Bernhardt\"},\"url\":\"https:\\\/\\\/urbe.com.ar\\\/revista\\\/author\\\/alejo-bernhardt\\\/\"}]}<\/script>\n<!-- \/ Yoast SEO plugin. -->","yoast_head_json":{"title":"Historia de una hermandad transfronteriza - Revista Urbe","robots":{"index":"index","follow":"follow","max-snippet":"max-snippet:-1","max-image-preview":"max-image-preview:large","max-video-preview":"max-video-preview:-1"},"canonical":"https:\/\/urbe.com.ar\/revista\/historia-de-una-hermandad-transfronteriza\/","og_locale":"es_ES","og_type":"article","og_title":"Historia de una hermandad transfronteriza - Revista Urbe","og_description":"Por Maximiliano Mendoza","og_url":"https:\/\/urbe.com.ar\/revista\/historia-de-una-hermandad-transfronteriza\/","og_site_name":"Revista Urbe","article_published_time":"2024-04-12T14:43:11+00:00","article_modified_time":"2024-04-12T14:44:33+00:00","og_image":[{"width":2551,"height":2297,"url":"https:\/\/urbe.com.ar\/revista\/wp-content\/uploads\/2024\/04\/miniatura-web.jpg","type":"image\/jpeg"}],"author":"Alejo Bernhardt","twitter_card":"summary_large_image","twitter_creator":"@Revistaurbe_","twitter_site":"@Revistaurbe_","twitter_misc":{"Escrito por":"Alejo Bernhardt","Tiempo de lectura":"17 minutos"},"schema":{"@context":"https:\/\/schema.org","@graph":[{"@type":"Article","@id":"https:\/\/urbe.com.ar\/revista\/historia-de-una-hermandad-transfronteriza\/#article","isPartOf":{"@id":"https:\/\/urbe.com.ar\/revista\/historia-de-una-hermandad-transfronteriza\/"},"author":{"name":"Alejo Bernhardt","@id":"https:\/\/urbe.com.ar\/revista\/#\/schema\/person\/4ddcf051fa628850264f4c6d61f63ee2"},"headline":"Historia de una hermandad transfronteriza","datePublished":"2024-04-12T14:43:11+00:00","dateModified":"2024-04-12T14:44:33+00:00","mainEntityOfPage":{"@id":"https:\/\/urbe.com.ar\/revista\/historia-de-una-hermandad-transfronteriza\/"},"wordCount":5738,"image":{"@id":"https:\/\/urbe.com.ar\/revista\/historia-de-una-hermandad-transfronteriza\/#primaryimage"},"thumbnailUrl":"https:\/\/i0.wp.com\/urbe.com.ar\/revista\/wp-content\/uploads\/2024\/04\/miniatura-web.jpg?fit=2551%2C2297&ssl=1","articleSection":["HISTORIA"],"inLanguage":"es"},{"@type":"WebPage","@id":"https:\/\/urbe.com.ar\/revista\/historia-de-una-hermandad-transfronteriza\/","url":"https:\/\/urbe.com.ar\/revista\/historia-de-una-hermandad-transfronteriza\/","name":"Historia de una hermandad transfronteriza - Revista Urbe","isPartOf":{"@id":"https:\/\/urbe.com.ar\/revista\/#website"},"primaryImageOfPage":{"@id":"https:\/\/urbe.com.ar\/revista\/historia-de-una-hermandad-transfronteriza\/#primaryimage"},"image":{"@id":"https:\/\/urbe.com.ar\/revista\/historia-de-una-hermandad-transfronteriza\/#primaryimage"},"thumbnailUrl":"https:\/\/i0.wp.com\/urbe.com.ar\/revista\/wp-content\/uploads\/2024\/04\/miniatura-web.jpg?fit=2551%2C2297&ssl=1","datePublished":"2024-04-12T14:43:11+00:00","dateModified":"2024-04-12T14:44:33+00:00","author":{"@id":"https:\/\/urbe.com.ar\/revista\/#\/schema\/person\/4ddcf051fa628850264f4c6d61f63ee2"},"breadcrumb":{"@id":"https:\/\/urbe.com.ar\/revista\/historia-de-una-hermandad-transfronteriza\/#breadcrumb"},"inLanguage":"es","potentialAction":[{"@type":"ReadAction","target":["https:\/\/urbe.com.ar\/revista\/historia-de-una-hermandad-transfronteriza\/"]}]},{"@type":"ImageObject","inLanguage":"es","@id":"https:\/\/urbe.com.ar\/revista\/historia-de-una-hermandad-transfronteriza\/#primaryimage","url":"https:\/\/i0.wp.com\/urbe.com.ar\/revista\/wp-content\/uploads\/2024\/04\/miniatura-web.jpg?fit=2551%2C2297&ssl=1","contentUrl":"https:\/\/i0.wp.com\/urbe.com.ar\/revista\/wp-content\/uploads\/2024\/04\/miniatura-web.jpg?fit=2551%2C2297&ssl=1","width":2551,"height":2297},{"@type":"BreadcrumbList","@id":"https:\/\/urbe.com.ar\/revista\/historia-de-una-hermandad-transfronteriza\/#breadcrumb","itemListElement":[{"@type":"ListItem","position":1,"name":"Portada","item":"https:\/\/urbe.com.ar\/revista\/"},{"@type":"ListItem","position":2,"name":"Historia de una hermandad transfronteriza"}]},{"@type":"WebSite","@id":"https:\/\/urbe.com.ar\/revista\/#website","url":"https:\/\/urbe.com.ar\/revista\/","name":"Revista Urbe","description":"","potentialAction":[{"@type":"SearchAction","target":{"@type":"EntryPoint","urlTemplate":"https:\/\/urbe.com.ar\/revista\/?s={search_term_string}"},"query-input":{"@type":"PropertyValueSpecification","valueRequired":true,"valueName":"search_term_string"}}],"inLanguage":"es"},{"@type":"Person","@id":"https:\/\/urbe.com.ar\/revista\/#\/schema\/person\/4ddcf051fa628850264f4c6d61f63ee2","name":"Alejo Bernhardt","image":{"@type":"ImageObject","inLanguage":"es","@id":"https:\/\/secure.gravatar.com\/avatar\/e17892015a0b2fe0e47a8387056c05584647b09de53f1ac00adae78b2f4fb443?s=96&d=mm&r=g","url":"https:\/\/secure.gravatar.com\/avatar\/e17892015a0b2fe0e47a8387056c05584647b09de53f1ac00adae78b2f4fb443?s=96&d=mm&r=g","contentUrl":"https:\/\/secure.gravatar.com\/avatar\/e17892015a0b2fe0e47a8387056c05584647b09de53f1ac00adae78b2f4fb443?s=96&d=mm&r=g","caption":"Alejo Bernhardt"},"url":"https:\/\/urbe.com.ar\/revista\/author\/alejo-bernhardt\/"}]}},"jetpack_featured_media_url":"https:\/\/i0.wp.com\/urbe.com.ar\/revista\/wp-content\/uploads\/2024\/04\/miniatura-web.jpg?fit=2551%2C2297&ssl=1","jetpack_sharing_enabled":true,"_links":{"self":[{"href":"https:\/\/urbe.com.ar\/revista\/wp-json\/wp\/v2\/posts\/9468","targetHints":{"allow":["GET"]}}],"collection":[{"href":"https:\/\/urbe.com.ar\/revista\/wp-json\/wp\/v2\/posts"}],"about":[{"href":"https:\/\/urbe.com.ar\/revista\/wp-json\/wp\/v2\/types\/post"}],"author":[{"embeddable":true,"href":"https:\/\/urbe.com.ar\/revista\/wp-json\/wp\/v2\/users\/10"}],"replies":[{"embeddable":true,"href":"https:\/\/urbe.com.ar\/revista\/wp-json\/wp\/v2\/comments?post=9468"}],"version-history":[{"count":5,"href":"https:\/\/urbe.com.ar\/revista\/wp-json\/wp\/v2\/posts\/9468\/revisions"}],"predecessor-version":[{"id":9482,"href":"https:\/\/urbe.com.ar\/revista\/wp-json\/wp\/v2\/posts\/9468\/revisions\/9482"}],"wp:featuredmedia":[{"embeddable":true,"href":"https:\/\/urbe.com.ar\/revista\/wp-json\/wp\/v2\/media\/9479"}],"wp:attachment":[{"href":"https:\/\/urbe.com.ar\/revista\/wp-json\/wp\/v2\/media?parent=9468"}],"wp:term":[{"taxonomy":"category","embeddable":true,"href":"https:\/\/urbe.com.ar\/revista\/wp-json\/wp\/v2\/categories?post=9468"},{"taxonomy":"post_tag","embeddable":true,"href":"https:\/\/urbe.com.ar\/revista\/wp-json\/wp\/v2\/tags?post=9468"}],"curies":[{"name":"wp","href":"https:\/\/api.w.org\/{rel}","templated":true}]}}