	
	
		

	
		
										
	
				
			
	{"id":9329,"date":"2024-03-11T15:47:47","date_gmt":"2024-03-11T15:47:47","guid":{"rendered":"https:\/\/urbe.com.ar\/revista\/?p=9329"},"modified":"2024-03-11T15:47:51","modified_gmt":"2024-03-11T15:47:51","slug":"un-analisis-de-las-periferias-de-la-heteronorma","status":"publish","type":"post","link":"https:\/\/urbe.com.ar\/revista\/un-analisis-de-las-periferias-de-la-heteronorma\/","title":{"rendered":"Un an\u00e1lisis de las periferias de la heteronorma"},"content":{"rendered":"\n[et_pb_section fb_built=\u00bb1&#8243; disabled_on=\u00bbon|on|on\u00bb _builder_version=\u00bb4.20.0&#8243; disabled=\u00bbon\u00bb global_colors_info=\u00bb{}\u00bb][et_pb_row _builder_version=\u00bb4.18.0&#8243; global_colors_info=\u00bb{}\u00bb][et_pb_column type=\u00bb4_4&#8243; _builder_version=\u00bb4.18.0&#8243; global_colors_info=\u00bb{}\u00bb][et_pb_text disabled_on=\u00bbon|on|on\u00bb _builder_version=\u00bb4.24.0&#8243; text_font=\u00bbTitillium Web||||||||\u00bb custom_padding=\u00bb||28px|||\u00bb hover_enabled=\u00bb0&#8243; disabled=\u00bbon\u00bb global_colors_info=\u00bb{}\u00bb sticky_enabled=\u00bb0&#8243;]<p>Por <b>Valentina Cavalotti Velasco<\/b> | \u00bfQui\u00e9n no conoce a alguien que no es trolx, pero casi? se pregunta @valencavalotti, en este an\u00e1lisis sobre las identidades LGBT y lo que hay m\u00e1s all\u00e1. \u00bfC\u00f3mo construimos comunidades, identidades,\u00a0v\u00ednculos?<\/p>[\/et_pb_text][\/et_pb_column][\/et_pb_row][\/et_pb_section][et_pb_section fb_built=\u00bb1&#8243; use_custom_gutter=\u00bbon\u00bb gutter_width=\u00bb1&#8243; specialty=\u00bbon\u00bb padding_left_2=\u00bb1%\u00bb padding_top_bottom_link_1=\u00bbfalse\u00bb padding_top_bottom_link_2=\u00bbfalse\u00bb padding_left_right_link_1=\u00bbfalse\u00bb padding_left_right_link_2=\u00bbfalse\u00bb _builder_version=\u00bb4.18.0&#8243; custom_padding=\u00bb0px|0px|0px|||\u00bb global_colors_info=\u00bb{}\u00bb][et_pb_column type=\u00bb2_3&#8243; specialty_columns=\u00bb2&#8243; _builder_version=\u00bb4.16&#8243; custom_padding=\u00bb|||\u00bb global_colors_info=\u00bb{}\u00bb custom_padding__hover=\u00bb|||\u00bb][et_pb_row_inner _builder_version=\u00bb4.22.2&#8243; background_color=\u00bb#ffffff\u00bb background_enable_image=\u00bboff\u00bb custom_margin=\u00bb40px||20px||false|false\u00bb custom_padding=\u00bb12px|0px|12px|0px|true|true\u00bb border_color_left=\u00bb#F2AF46&#8243; global_colors_info=\u00bb{}\u00bb][et_pb_column_inner saved_specialty_column_type=\u00bb2_3&#8243; _builder_version=\u00bb4.18.0&#8243; global_colors_info=\u00bb{}\u00bb][et_pb_text _builder_version=\u00bb4.24.0&#8243; text_font=\u00bbTitillium Web|600|||||||\u00bb text_text_color=\u00bb#000000&#8243; text_font_size=\u00bb18px\u00bb header_text_align=\u00bbcenter\u00bb header_font_size=\u00bb35px\u00bb background_color=\u00bbRGBA(255,255,255,0)\u00bb background_layout=\u00bbdark\u00bb custom_margin=\u00bb2%|0%|2%|0%|true|true\u00bb custom_padding=\u00bb|||13px|false|false\u00bb hover_enabled=\u00bb0&#8243; border_color_all=\u00bb#FFFFFF\u00bb border_width_left=\u00bb6px\u00bb border_color_left=\u00bb#2F3569&#8243; global_colors_info=\u00bb{}\u00bb sticky_enabled=\u00bb0&#8243;]<p><strong>Feminismo<\/strong><\/p>[\/et_pb_text][et_pb_text _builder_version=\u00bb4.24.0&#8243; text_font=\u00bbTitillium Web|300|||||||\u00bb text_text_color=\u00bb#000000&#8243; text_line_height=\u00bb1.4em\u00bb header_font=\u00bb|700||on|||||\u00bb header_text_align=\u00bbleft\u00bb header_text_color=\u00bb#272727&#8243; header_font_size=\u00bb57px\u00bb background_color=\u00bbRGBA(255,255,255,0)\u00bb background_enable_image=\u00bboff\u00bb background_size=\u00bbstretch\u00bb width=\u00bb100%\u00bb module_alignment=\u00bbleft\u00bb min_height=\u00bb71px\u00bb custom_margin=\u00bb3%|0%|3%|0%|true|true\u00bb custom_padding=\u00bb|0%|0px|0%|false|true\u00bb global_colors_info=\u00bb{}\u00bb]<h1>UN AN\u00c1LISIS DE LAS PERIFERIAS DE LA HETERONORMA<\/h1>[\/et_pb_text][et_pb_text _builder_version=\u00bb4.24.0&#8243; text_font=\u00bbTitillium Web||||||||\u00bb text_text_color=\u00bb#000000&#8243; text_font_size=\u00bb18px\u00bb header_text_align=\u00bbcenter\u00bb header_text_color=\u00bb#057E7E\u00bb header_font_size=\u00bb35px\u00bb text_orientation=\u00bbjustified\u00bb custom_margin=\u00bb2%|0%|2%|0%|true|true\u00bb custom_padding=\u00bb|||13px|false|false\u00bb hover_enabled=\u00bb0&#8243; border_width_left=\u00bb6px\u00bb border_color_left=\u00bb#2F3569&#8243; global_colors_info=\u00bb{}\u00bb sticky_enabled=\u00bb0&#8243;]<p>Por <b>Valentina Cavalotti Velasco<\/b><br \/><span style=\"font-size: small;\">11 de marzo de 2024<\/span><\/p>[\/et_pb_text][et_pb_image src=\u00bbhttps:\/\/urbe.com.ar\/revista\/wp-content\/uploads\/2024\/03\/banner-web.png\u00bb title_text=\u00bbbanner-web\u00bb disabled_on=\u00bboff|off|off\u00bb _builder_version=\u00bb4.24.0&#8243; background_enable_image=\u00bboff\u00bb custom_margin=\u00bb5%|0%|5%|0%|true|true\u00bb custom_margin_tablet=\u00bb\u00bb custom_margin_phone=\u00bb6%|0%|6%|0%|true|true\u00bb custom_margin_last_edited=\u00bbon|phone\u00bb hover_enabled=\u00bb0&#8243; global_colors_info=\u00bb{}\u00bb sticky_enabled=\u00bb0&#8243;][\/et_pb_image][\/et_pb_column_inner][\/et_pb_row_inner][et_pb_row_inner column_structure=\u00bb1_2,1_2&#8243; use_custom_gutter=\u00bbon\u00bb gutter_width=\u00bb1&#8243; make_equal=\u00bbon\u00bb disabled_on=\u00bbon|off|off\u00bb _builder_version=\u00bb4.16&#8243; background_color=\u00bb#ffffff\u00bb custom_margin=\u00bb||||false|false\u00bb custom_padding=\u00bb0px||0px|0%|false|false\u00bb locked=\u00bboff\u00bb global_colors_info=\u00bb{}\u00bb][et_pb_column_inner type=\u00bb1_2&#8243; saved_specialty_column_type=\u00bb2_3&#8243; _builder_version=\u00bb4.16&#8243; background_color=\u00bb#ffffff\u00bb custom_css_main_element=\u00bbwidth: 60% !important;\u00bb global_colors_info=\u00bb{}\u00bb][\/et_pb_column_inner][et_pb_column_inner type=\u00bb1_2&#8243; saved_specialty_column_type=\u00bb2_3&#8243; _builder_version=\u00bb4.16&#8243; custom_css_main_element=\u00bb||width: 40% !important;||margin: auto;||display: flex;||flex-direction: column;||justify-content: center;\u00bb global_colors_info=\u00bb{}\u00bb][et_pb_code _builder_version=\u00bb4.16&#8243; text_orientation=\u00bbcenter\u00bb module_alignment=\u00bbcenter\u00bb custom_margin=\u00bb2%||2%||true|false\u00bb custom_padding=\u00bb|6.7%||6.7%|false|true\u00bb global_colors_info=\u00bb{}\u00bb]<div class=\"addtoany_shortcode\"><div class=\"a2a_kit a2a_kit_size_32 addtoany_list\" data-a2a-url=\"https:\/\/urbe.com.ar\/revista\/un-analisis-de-las-periferias-de-la-heteronorma\/\" data-a2a-title=\"Un an\u00e1lisis de las periferias de la heteronorma\"><a class=\"a2a_button_facebook\" href=\"https:\/\/www.addtoany.com\/add_to\/facebook?linkurl=https%3A%2F%2Furbe.com.ar%2Frevista%2Fun-analisis-de-las-periferias-de-la-heteronorma%2F&amp;linkname=Un%20an%C3%A1lisis%20de%20las%20periferias%20de%20la%20heteronorma\" title=\"Facebook\" rel=\"nofollow noopener\" target=\"_blank\"><\/a><a class=\"a2a_button_whatsapp\" href=\"https:\/\/www.addtoany.com\/add_to\/whatsapp?linkurl=https%3A%2F%2Furbe.com.ar%2Frevista%2Fun-analisis-de-las-periferias-de-la-heteronorma%2F&amp;linkname=Un%20an%C3%A1lisis%20de%20las%20periferias%20de%20la%20heteronorma\" title=\"WhatsApp\" rel=\"nofollow noopener\" target=\"_blank\"><\/a><a class=\"a2a_button_twitter\" href=\"https:\/\/www.addtoany.com\/add_to\/twitter?linkurl=https%3A%2F%2Furbe.com.ar%2Frevista%2Fun-analisis-de-las-periferias-de-la-heteronorma%2F&amp;linkname=Un%20an%C3%A1lisis%20de%20las%20periferias%20de%20la%20heteronorma\" title=\"Twitter\" rel=\"nofollow noopener\" target=\"_blank\"><\/a><a class=\"a2a_button_email\" href=\"https:\/\/www.addtoany.com\/add_to\/email?linkurl=https%3A%2F%2Furbe.com.ar%2Frevista%2Fun-analisis-de-las-periferias-de-la-heteronorma%2F&amp;linkname=Un%20an%C3%A1lisis%20de%20las%20periferias%20de%20la%20heteronorma\" title=\"Email\" rel=\"nofollow noopener\" target=\"_blank\"><\/a><a class=\"a2a_button_copy_link\" href=\"https:\/\/www.addtoany.com\/add_to\/copy_link?linkurl=https%3A%2F%2Furbe.com.ar%2Frevista%2Fun-analisis-de-las-periferias-de-la-heteronorma%2F&amp;linkname=Un%20an%C3%A1lisis%20de%20las%20periferias%20de%20la%20heteronorma\" title=\"Copy Link\" rel=\"nofollow noopener\" target=\"_blank\"><\/a><\/div><\/div>[\/et_pb_code][\/et_pb_column_inner][\/et_pb_row_inner][et_pb_row_inner use_custom_gutter=\u00bbon\u00bb gutter_width=\u00bb1&#8243; make_equal=\u00bbon\u00bb disabled_on=\u00bboff|on|on\u00bb _builder_version=\u00bb4.16&#8243; background_color=\u00bb#ffffff\u00bb custom_margin=\u00bb||||false|false\u00bb custom_padding=\u00bb0px||0px|0%|false|false\u00bb locked=\u00bboff\u00bb global_colors_info=\u00bb{}\u00bb][et_pb_column_inner saved_specialty_column_type=\u00bb2_3&#8243; _builder_version=\u00bb4.16&#8243; background_color=\u00bb#ffffff\u00bb global_colors_info=\u00bb{}\u00bb][et_pb_code disabled_on=\u00bboff|off|off\u00bb _builder_version=\u00bb4.16&#8243; _module_preset=\u00bbdefault\u00bb text_orientation=\u00bbcenter\u00bb width=\u00bb100%\u00bb width_tablet=\u00bb\u00bb width_phone=\u00bb100%\u00bb width_last_edited=\u00bbon|phone\u00bb max_width=\u00bb100%\u00bb max_width_tablet=\u00bb\u00bb max_width_phone=\u00bb\u00bb max_width_last_edited=\u00bbon|tablet\u00bb module_alignment=\u00bbright\u00bb custom_margin_tablet=\u00bb\u00bb custom_margin_phone=\u00bb\u00bb custom_margin_last_edited=\u00bbon|phone\u00bb module_alignment_tablet=\u00bb\u00bb module_alignment_phone=\u00bbcenter\u00bb module_alignment_last_edited=\u00bbon|desktop\u00bb global_colors_info=\u00bb{}\u00bb]<div class=\"addtoany_shortcode\"><div class=\"a2a_kit a2a_kit_size_32 addtoany_list\" data-a2a-url=\"https:\/\/urbe.com.ar\/revista\/un-analisis-de-las-periferias-de-la-heteronorma\/\" data-a2a-title=\"Un an\u00e1lisis de las periferias de la heteronorma\"><a class=\"a2a_button_facebook\" href=\"https:\/\/www.addtoany.com\/add_to\/facebook?linkurl=https%3A%2F%2Furbe.com.ar%2Frevista%2Fun-analisis-de-las-periferias-de-la-heteronorma%2F&amp;linkname=Un%20an%C3%A1lisis%20de%20las%20periferias%20de%20la%20heteronorma\" title=\"Facebook\" rel=\"nofollow noopener\" target=\"_blank\"><\/a><a class=\"a2a_button_whatsapp\" href=\"https:\/\/www.addtoany.com\/add_to\/whatsapp?linkurl=https%3A%2F%2Furbe.com.ar%2Frevista%2Fun-analisis-de-las-periferias-de-la-heteronorma%2F&amp;linkname=Un%20an%C3%A1lisis%20de%20las%20periferias%20de%20la%20heteronorma\" title=\"WhatsApp\" rel=\"nofollow noopener\" target=\"_blank\"><\/a><a class=\"a2a_button_twitter\" href=\"https:\/\/www.addtoany.com\/add_to\/twitter?linkurl=https%3A%2F%2Furbe.com.ar%2Frevista%2Fun-analisis-de-las-periferias-de-la-heteronorma%2F&amp;linkname=Un%20an%C3%A1lisis%20de%20las%20periferias%20de%20la%20heteronorma\" title=\"Twitter\" rel=\"nofollow noopener\" target=\"_blank\"><\/a><a class=\"a2a_button_email\" href=\"https:\/\/www.addtoany.com\/add_to\/email?linkurl=https%3A%2F%2Furbe.com.ar%2Frevista%2Fun-analisis-de-las-periferias-de-la-heteronorma%2F&amp;linkname=Un%20an%C3%A1lisis%20de%20las%20periferias%20de%20la%20heteronorma\" title=\"Email\" rel=\"nofollow noopener\" target=\"_blank\"><\/a><a class=\"a2a_button_copy_link\" href=\"https:\/\/www.addtoany.com\/add_to\/copy_link?linkurl=https%3A%2F%2Furbe.com.ar%2Frevista%2Fun-analisis-de-las-periferias-de-la-heteronorma%2F&amp;linkname=Un%20an%C3%A1lisis%20de%20las%20periferias%20de%20la%20heteronorma\" title=\"Copy Link\" rel=\"nofollow noopener\" target=\"_blank\"><\/a><\/div><\/div>[\/et_pb_code][\/et_pb_column_inner][\/et_pb_row_inner][et_pb_row_inner _builder_version=\u00bb4.18.0&#8243; background_color=\u00bb#ffffff\u00bb custom_padding=\u00bb0px||3px|0px||\u00bb global_colors_info=\u00bb{}\u00bb][et_pb_column_inner saved_specialty_column_type=\u00bb2_3&#8243; _builder_version=\u00bb4.16&#8243; global_colors_info=\u00bb{}\u00bb][et_pb_text admin_label=\u00bbParrafo 1&#8243; _builder_version=\u00bb4.24.0&#8243; text_font=\u00bbTitillium Web||||||||\u00bb text_text_color=\u00bb#000000&#8243; text_font_size=\u00bb17px\u00bb text_line_height=\u00bb2em\u00bb custom_margin=\u00bb2%|0%|2%|0%|true|true\u00bb custom_padding=\u00bb||0px|||\u00bb text_font_size_tablet=\u00bb17px\u00bb text_font_size_phone=\u00bb16px\u00bb text_font_size_last_edited=\u00bbon|phone\u00bb locked=\u00bboff\u00bb inline_fonts=\u00bbRubik,Alkalami,Titillium Web\u00bb global_colors_info=\u00bb{}\u00bb]<blockquote><\/blockquote>\n<p><span style=\"font-weight: 400; font-size: large;\">Todes tenemos ese amigue que no es trolx pero casi, \u00bfno? Perd\u00f3n, me corrijo. Todes les trolxs tenemos ese amigue que no es trolx pero casi. El que tiene todos los \u00edtems de la lista excepto el m\u00e1s b\u00e1sico, m\u00e1s importante para ganarse este t\u00edtulo en espec\u00edfico: no ser paki.<\/span><\/p>\n<p><span style=\"font-weight: 400; font-size: large;\"><\/span><\/p>\n<p><span style=\"font-weight: 400; font-size: large;\">Estos personajes representan un subgrupo espec\u00edfico de los ambientes progres, personas que habitan espacios queer sin ser queer elles mismes. Y es este fen\u00f3meno, que resulta cada vez m\u00e1s com\u00fan,\u00a0 el objeto de este an\u00e1lisis.<\/span><\/p>\n<p><span style=\"font-weight: 400; font-size: large;\"><\/span><\/p>\n<p><span style=\"font-size: large;\"><span style=\"font-weight: 400;\">Cabe aclarar que no me refiero al pibe un poco \u201cafeminado\u201d o la piba que todav\u00eda no se hace cargo que solo chaparse a sus amigas, tambi\u00e9n cuenta como algo.<\/span> <span style=\"font-weight: 400;\">Me refiero al amigo que es la primera pareja chab\u00f3n de una piba con alto historial l\u00e9sbico, pero ella dice que realmente es casi lo mismo. Deconstruido, abierto, no le qued\u00f3 un solo amigo heterosexual pero igual no se acerca a una pija ni con un palo de 10 metros. Alternativamente, es la piba poly que solo tiene amigas lesbianas, todas casadas. Prob\u00f3 estar con minas y decidi\u00f3 que al final no era para ella, aunque qued\u00f3 en buenos t\u00e9rminos con todas.\u00a0<\/span><\/span><\/p>\n<p><span style=\"font-size: large;\"><span style=\"font-weight: 400;\"><\/span><\/span><\/p>\n<p><span style=\"font-weight: 400; font-size: large;\">\u00bfTe suena?<\/span><\/p>\n<p><span style=\"font-weight: 400; font-size: large;\"><\/span><\/p>\n<p><span style=\"font-weight: 400; font-size: large;\">De manera general la interseccionalidad entre lo queer y las estructuras no tradicionales es evidente, obvia, y en cierta medida necesaria. S\u00ed, obvio que existe el \u201ctrolo heteronormado\u201d pero es m\u00e1s bien una excepci\u00f3n a la regla, una contradicci\u00f3n en s\u00ed mismos. Nos sorprende y nos despierta el inter\u00e9s cuando nos los cruzamos porque son un ox\u00edmoron. Es el sesgo de la atenci\u00f3n que nos lleva a tener m\u00e1s presente aquello que nos es llamativo, por ser poco com\u00fan. De la misma manera podemos hablar de las lesbianas transfobicas o de personas trans de ideolog\u00edas conservadoras.\u00a0<\/span><\/p>\n<p><span style=\"font-weight: 400; font-size: large;\"><\/span><\/p>\n<p><span style=\"font-weight: 400; font-size: large;\">Por regla general, como resultado del proceso de aceptaci\u00f3n de la no pertenencia a los canones cis heteros, no es solo la sexualidad lo que se pone en juego. Funciona m\u00e1s bien como el bot\u00f3n de play a un cambio de paradigma. Toda norma se vuelve endeble, y \u00bfpor qu\u00e9 no habr\u00eda de ser as\u00ed? Lo cis-heterosexual representa uno de los pilares base que, nos gritan de todos lados, sostienen nuestra sociedad. Y los espacios queer son el lugar en el que todas estas variaciones y reinterpretaciones de las formas en las que decidimos activamente existir en comunidad, convergen.<\/span><\/p>\n<p><span style=\"font-weight: 400; font-size: large;\"><\/span><\/p>\n<p><span style=\"font-weight: 400; font-size: large;\">Desde la manera en la que construimos v\u00ednculos, hasta la relaci\u00f3n con el dinero y la pol\u00edtica, las nuevas concepciones de lo que es el amor\u00a0 rom\u00e1ntico o no, y las infinitas formas de practicarlo. Desde las etiquetas usadas libremente, las parejas abiertas, hasta el anticonsumo y un escape a la l\u00f3gica de la autoexplotaci\u00f3n. La idea y el entendimiento de que nada es fijo, las definiciones y la gente cambian, y es in\u00fatil, innecesario, y contraproducente reprocharnos o limitarnos de alguna manera por la fluidez que tan duramente aprendimos a aceptar.\u00a0<\/span><\/p>\n<p><span style=\"font-weight: 400; font-size: large;\"><\/span><\/p>\n<p><span style=\"font-weight: 400; font-size: large;\">Estas pr\u00e1cticas por s\u00ed mismas no son queer pero el diagrama de Venn, como reci\u00e9n ve\u00edamos, es pr\u00e1cticamente un c\u00edrculo.<\/span><\/p>\n<p><span style=\"font-weight: 400; font-size: large;\"><\/span><\/p>\n<p><span style=\"font-weight: 400; font-size: large;\">O al menos eso pensamos desde estos espacios, guiades por nuestras experiencias y subjetividad. Pero el caso es que el rechazo a los c\u00e1nones sociales del mundo patriarcal y cristiano no son algo nuevo ni mucho menos, ni son dependientes de los avances del movimiento LGBTQ+ , o de forma m\u00e1s general, de las experiencias disidentes de sexualidad y g\u00e9nero. Las personas se encuentran por fuera de esos c\u00e1nones por un sinf\u00edn de razones, pero el principal motivo parece ser que las mismas reglas de pertenencia son excluyentes, casi por definici\u00f3n.<\/span><\/p>\n<p><span style=\"font-weight: 400; font-size: large;\"><\/span><\/p>\n<p><span style=\"font-weight: 400; font-size: large;\">Si fuiste un ni\u00f1o sensible\u00a0 o una ni\u00f1a a la que le gustaba\u00a0 el deporte, una persona que no quiere tener hijes o que decide por su sanidad, cortar con los lazos familiares, se hace evidente que es m\u00e1s f\u00e1cil quedar afuera que estar adentro.<\/span><\/p>\n<p><span style=\"font-weight: 400; font-size: large;\"><\/span><\/p>\n<p><span style=\"font-size: large;\"><span style=\"font-weight: 400;\">Por la b\u00fasqueda del pertenecer, por un instinto de auto supervivencia tan humano como comer, muchos son y somos les que reprimen partes de su individualidad y se adaptan para ser miembros (mayormente) bien ajustados de la sociedad. Esto es sabido. Servir a la <\/span><i><span style=\"font-weight: 400;\">polis <\/span><\/i><span style=\"font-weight: 400;\">por sobre todo y etc\u00e9tera. Plat\u00f3n estar\u00eda orgulloso.<\/span><\/span><\/p>\n<p><span style=\"font-size: large;\"><span style=\"font-weight: 400;\"><\/span><\/span><\/p>\n<p><span style=\"font-weight: 400; font-size: large;\">Pero tambi\u00e9n somos muches les que nos encontramos incapaces de hacer ese trueque, no por falta de intentarlo, les que descubrimos que nadie compra la farsa que vendemos, que seguimos sin ser parte, que nos tienen, de alguna manera, identificades. Inconscientemente, de piel, es muchas veces la cosa. Una vibra y eso es todo, quedamos afuera. El aparato social procesa y escupe sin miramientos, y les escupides, incapaces de volver, se juntan y construyen algo.<\/span><\/p>\n<p><span style=\"font-weight: 400; font-size: large;\"><\/span><\/p>\n<p><span style=\"font-weight: 400; font-size: large;\">Ese algo puede ser uno de los ejemplos del principio de la nota, pero tambi\u00e9n puede ser una madre soltera que cr\u00eda a un hijo que trata bien a sus compa\u00f1eritas de escuela. Puede ser un hombre que invierte tiempo y terapia en sentirse c\u00f3modo con su cuerpo. O que se queda en la casa cuidando a los pibes. O una mujer que no quiere tener ni hijes ni pareja. O que le gusta mucho, mucho, mucho jugar al f\u00fatbol.<\/span><\/p>\n<p><span style=\"font-weight: 400; font-size: large;\"><\/span><\/p>\n<p><span style=\"font-weight: 400; font-size: large;\">Y s\u00ed, a veces estas personas redescubren en s\u00ed mismes que al final s\u00ed eran queer queer, y nunca hab\u00edan tenido el tiempo o la energ\u00eda para tramitarlo. Una parte de por que me inclino a pensar que los espacios queer deber\u00edan estar abiertos a personas no queer es porque son lugares seguros de experimentaci\u00f3n donde aquelles que no est\u00e1n convencides, pueden hacerse preguntas que en otros lugares ser\u00edan terribles, y aca, solo son.<\/span><\/p>\n<p><span style=\"font-weight: 400; font-size: large;\"><\/span><\/p>\n<p><span style=\"font-size: large;\"><b>Es que al final la homosexualidad s\u00ed era un poquito contagiosa, de la misma manera que la felicidad lo es.<\/b><\/span><\/p>\n<p><span style=\"font-size: large;\"><b><\/b><\/span><\/p>\n<p><span style=\"font-weight: 400; font-size: large;\">Pero tambien puede ser que eso nunca suceda, que la persona siga siendo\u00a0 firmemente, sin lugar a dudas, completamente cis heterosexual. Sin embargo se seguir\u00e1n sintiendo atra\u00eddes a esos espacios en los que se hallaron c\u00f3modes y esto se debe, sencillamente, a la superposici\u00f3n, la coincidencia de experiencias que los llevaron all\u00ed en primer lugar.\u00a0<\/span><\/p>\n<p><span style=\"font-weight: 400; font-size: large;\"><\/span><\/p>\n<p><span style=\"font-weight: 400; font-size: large;\">No propongo que ampliemos el t\u00e9rmino queer para incluirles, como he le\u00eddo en algunos lugares. Por m\u00e1s de que haya surgido como una palabra para definir lo no normal, lo extra\u00f1o, considero ya est\u00e1 levantando suficiente peso en el lugar en el que se encuentra hoy, como un t\u00e9rmino abarcativo que agrupa toda disidencia en tanto sexualidad o g\u00e9nero (al menos as\u00ed fue usado a lo largo de esta pieza de opini\u00f3n). Pero s\u00ed pienso que deber\u00eda haber alg\u00fan nombre, o al menos deber\u00edamos reconocer la existencia de este subgrupo, queer adyacente, queer simpatizante y queer aliade. No tengo respuestas pero tampoco tengo dudas de que si este fen\u00f3meno sigue creciendo, como parece ser el caso, el lenguaje proveer\u00e1.\u00a0<\/span><\/p>\n<p><span style=\"font-weight: 400; font-size: large;\"><\/span><\/p>\n<p><span style=\"font-weight: 400; font-size: large;\">De las cenizas de otro significado renacer\u00e1 una palabra y se escribir\u00e1n notas de an\u00e1lisis sobre cu\u00e1les son sus l\u00edmites,\u00a0 a quienes agrupa, quienes tienen derecho a llamarse as\u00ed y quienes no, hasta que se vuelva el vern\u00e1culo m\u00e1s com\u00fan y silvestre de todos. Mientras tanto me tendr\u00e9 que conformar con un \u201ccasi trolx\u201d.<\/span><\/p>\n<p><span style=\"font-weight: 400;\"><\/span><\/p>[\/et_pb_text][et_pb_text _builder_version=\u00bb4.24.0&#8243; _module_preset=\u00bbdefault\u00bb text_font=\u00bbTitillium Web||||||||\u00bb text_text_color=\u00bb#272727&#8243; background_color=\u00bb#f2f2f2&#8243; custom_margin=\u00bb112px|||||\u00bb custom_padding=\u00bb14px|14px|14px|14px|true|true\u00bb hover_enabled=\u00bb0&#8243; global_colors_info=\u00bb{}\u00bb sticky_enabled=\u00bb0&#8243;]<span style=\"font-size: large;\"><strong>Valentina Cavalotti Velasco<\/strong><\/span>\n\n\u00bfTe gust\u00f3 la nota? Seguila en sus redes &#x1f447;\n\n<a href=\"https:\/\/twitter.com\/valencavalotti\/\">@valencavalotti<\/a> <a href=\"https:\/\/www.instagram.com\/valentinacavalottivelasco\/\">@valentinacavalottivelasco<\/a>[\/et_pb_text][et_pb_image src=\u00bbhttps:\/\/urbe.com.ar\/revista\/wp-content\/uploads\/2023\/05\/banner-escritores-copy.jpg\u00bb title_text=\u00bbbanner escritores copy\u00bb _builder_version=\u00bb4.21.0&#8243; _module_preset=\u00bbdefault\u00bb custom_margin=\u00bb15%||||false|false\u00bb global_colors_info=\u00bb{}\u00bb][\/et_pb_image][\/et_pb_column_inner][\/et_pb_row_inner][\/et_pb_column][et_pb_column type=\u00bb1_3&#8243; _builder_version=\u00bb4.16&#8243; custom_padding=\u00bb|||\u00bb global_colors_info=\u00bb{}\u00bb custom_padding__hover=\u00bb|||\u00bb][et_pb_image src=\u00bbhttps:\/\/urbe.com.ar\/revista\/wp-content\/uploads\/2023\/05\/WhatsApp-Image-2023-03-13-at-16.37.45.jpeg\u00bb title_text=\u00bbWhatsApp Image 2023-03-13 at 16.37.45&#8243; _builder_version=\u00bb4.21.0&#8243; _module_preset=\u00bbdefault\u00bb custom_margin=\u00bb3%||3%||true|false\u00bb global_colors_info=\u00bb{}\u00bb][\/et_pb_image][et_pb_code _builder_version=\u00bb4.21.0&#8243; _module_preset=\u00bbdefault\u00bb global_colors_info=\u00bb{}\u00bb]  <a href=\"https:\/\/bit.ly\/3YVyR2T\" target=\"_blank\" rel=\"noopener\"><!-- [et_pb_line_break_holder] -->    <img data-recalc-dims=\"1\" decoding=\"async\" src=\"https:\/\/i0.wp.com\/imgur.com\/0UEzdQQ.gif?w=1080&#038;ssl=1\" alt=\"Telam_1_Hora_Mas\"><!-- [et_pb_line_break_holder] -->  <\/a>[\/et_pb_code][et_pb_code _builder_version=\u00bb4.21.0&#8243; _module_preset=\u00bbdefault\u00bb custom_margin=\u00bb3%||3%||true|false\u00bb global_colors_info=\u00bb{}\u00bb]  <a href=\"https:\/\/derechoalfuturo.gba.gob.ar\/\" target=\"_blank\" rel=\"noopener\"><!-- [et_pb_line_break_holder] -->    <img data-recalc-dims=\"1\" decoding=\"async\" src=\"https:\/\/i0.wp.com\/imgur.com\/v6c3ktC.png?w=1080&#038;ssl=1\" alt=\"Descripci\u00f3n del GIF\"><!-- [et_pb_line_break_holder] -->  <\/a>[\/et_pb_code][et_pb_blog fullwidth=\u00bboff\u00bb posts_number=\u00bb9&#8243; include_categories=\u00bb7,11,8,9,10&#8243; meta_date=\u00bbj M,Y\u00bb use_manual_excerpt=\u00bboff\u00bb excerpt_length=\u00bb80&#8243; show_author=\u00bboff\u00bb show_categories=\u00bboff\u00bb show_pagination=\u00bboff\u00bb masonry_tile_background_color=\u00bb#FFFFFF\u00bb disabled_on=\u00bbon|off|off\u00bb module_class=\u00bbpa-blog \u00bb _builder_version=\u00bb4.18.0&#8243; header_font=\u00bb|700|||||||\u00bb header_text_color=\u00bb#FFFFFF\u00bb header_font_size=\u00bb20px\u00bb body_font=\u00bb|600|||||||\u00bb body_text_color=\u00bb#FFFFFF\u00bb meta_text_color=\u00bb#FFFFFF\u00bb read_more_text_color=\u00bb#FFFFFF\u00bb background_color=\u00bb#FFFFFF\u00bb min_height=\u00bb2595.9px\u00bb custom_margin=\u00bb-9%||1%||false|false\u00bb custom_margin_tablet=\u00bb0%||||false|false\u00bb custom_margin_phone=\u00bb\u00bb custom_margin_last_edited=\u00bbon|desktop\u00bb custom_padding=\u00bb||0px|||\u00bb header_text_shadow_style=\u00bbpreset3&#8243; header_text_shadow_color=\u00bb#000000&#8243; body_text_shadow_style=\u00bbpreset3&#8243; body_text_shadow_color=\u00bb#000000&#8243; meta_text_shadow_style=\u00bbpreset3&#8243; meta_text_shadow_color=\u00bb#000000&#8243; border_color_all_image=\u00bb#FFFFFF\u00bb border_width_top_image=\u00bb2px\u00bb text_shadow_style=\u00bbpreset3&#8243; text_shadow_blur_strength=\u00bb0.54em\u00bb text_shadow_color=\u00bb#000000&#8243; global_colors_info=\u00bb{}\u00bb][\/et_pb_blog][et_pb_code _builder_version=\u00bb4.16&#8243; _module_preset=\u00bbdefault\u00bb global_colors_info=\u00bb{}\u00bb]<style><!-- [et_pb_line_break_holder] -->  .pa-blog-text {<!-- [et_pb_line_break_holder] -->\tposition: absolute;<!-- [et_pb_line_break_holder] -->\ttop: 65%;<!-- [et_pb_line_break_holder] -->\tleft: 50%;<!-- [et_pb_line_break_holder] -->\ttransform: translate(-50%, -50%);<!-- [et_pb_line_break_holder] -->\twidth: 100%;<!-- [et_pb_line_break_holder] -->\tpadding: 20px;<!-- [et_pb_line_break_holder] -->\tz-index: 1;<!-- [et_pb_line_break_holder] -->}<!-- [et_pb_line_break_holder] --><!-- [et_pb_line_break_holder] --><!-- [et_pb_line_break_holder] -->\/*keep the moved items positioned with their parent items*\/<!-- [et_pb_line_break_holder] --><!-- [et_pb_line_break_holder] -->.et_pb_blog_grid article {<!-- [et_pb_line_break_holder] -->\tposition: relative;<!-- [et_pb_line_break_holder] --> <!-- [et_pb_line_break_holder] -->}<!-- [et_pb_line_break_holder] --><!-- [et_pb_line_break_holder] --><!-- [et_pb_line_break_holder] -->\/*remove spacing around entire blog post*\/<!-- [et_pb_line_break_holder] --><!-- [et_pb_line_break_holder] -->.et_pb_blog_grid .et_pb_post {<!-- [et_pb_line_break_holder] -->\tpadding: 0px;<!-- [et_pb_line_break_holder] -->}<!-- [et_pb_line_break_holder] --><!-- [et_pb_line_break_holder] --><!-- [et_pb_line_break_holder] -->\/*remove negative margins on blog featured image*\/<!-- [et_pb_line_break_holder] --><!-- [et_pb_line_break_holder] -->.et_pb_image_container {<!-- [et_pb_line_break_holder] -->\tmargin: 0;<!-- [et_pb_line_break_holder] -->}<!-- [et_pb_line_break_holder] --><!-- [et_pb_line_break_holder] --><!-- [et_pb_line_break_holder] -->\/*remove the margin below the featured image frame*\/<!-- [et_pb_line_break_holder] --><!-- [et_pb_line_break_holder] -->.et_pb_post .entry-featured-image-url {<!-- [et_pb_line_break_holder] -->\tmargin: 0;<!-- [et_pb_line_break_holder] -->}<!-- [et_pb_line_break_holder] --><!-- [et_pb_line_break_holder] --><!-- [et_pb_line_break_holder] --><!-- [et_pb_line_break_holder] -->.et_pb_blog_grid .entry-featured-image-url::before {<!-- [et_pb_line_break_holder] -->\tcontent: '';<!-- [et_pb_line_break_holder] -->\tposition: absolute;<!-- [et_pb_line_break_holder] -->\twidth: 100%;<!-- [et_pb_line_break_holder] -->\theight: 100%;<!-- [et_pb_line_break_holder] -->  overflow:hidden;<!-- [et_pb_line_break_holder] -->\tbackground-color: rgba(0, 0, 0, 0.25);<!-- [et_pb_line_break_holder] -->}<!-- [et_pb_line_break_holder] --><\/style>[\/et_pb_code][et_pb_code _builder_version=\u00bb4.16&#8243; global_colors_info=\u00bb{}\u00bb][\/et_pb_code][\/et_pb_column][\/et_pb_section][et_pb_section fb_built=\u00bb1&#8243; _builder_version=\u00bb4.16&#8243; background_enable_color=\u00bboff\u00bb custom_padding=\u00bb0px||0px|||\u00bb global_colors_info=\u00bb{}\u00bb][\/et_pb_section][et_pb_section fb_built=\u00bb1&#8243; _builder_version=\u00bb4.16&#8243; background_enable_color=\u00bboff\u00bb custom_padding=\u00bb0px||0px|||\u00bb global_colors_info=\u00bb{}\u00bb][et_pb_row column_structure=\u00bb1_3,1_3,1_3&#8243; use_custom_gutter=\u00bbon\u00bb _builder_version=\u00bb4.16&#8243; background_color=\u00bb#033332&#8243; global_colors_info=\u00bb{}\u00bb][et_pb_column type=\u00bb1_3&#8243; _builder_version=\u00bb4.16&#8243; global_colors_info=\u00bb{}\u00bb][et_pb_text _builder_version=\u00bb4.21.0&#8243; text_text_color=\u00bb#FFFFFF\u00bb text_font_size=\u00bb15px\u00bb text_line_height=\u00bb1.3em\u00bb header_text_color=\u00bb#FFFFFF\u00bb header_font_size=\u00bb15px\u00bb custom_margin=\u00bb|||10%|false|false\u00bb global_colors_info=\u00bb{}\u00bb]<h1><b>SECCIONES<\/b><\/h1>\n<a style=\"color: white;\" href=\"https:\/\/urbe.com.ar\/revista\/urbe\">Urbe<\/a>\n\n<a style=\"color: white;\" href=\"https:\/\/urbe.com.ar\/revista\/artificios\">Artificios<\/a>\n\n<a style=\"color: white;\" href=\"https:\/\/urbe.com.ar\/revista\/cultura\">Cultura<\/a>\n\n<a style=\"color: white;\" href=\"https:\/\/urbe.com.ar\/revista\/opinion\">Opini\u00f3n<\/a>[\/et_pb_text][et_pb_image src=\u00bbhttps:\/\/urbe.com.ar\/revista\/wp-content\/uploads\/2022\/05\/Logo-Mecenazgo-2019-1.png\u00bb alt=\u00bbLogo  mecenazgo\u00bb align=\u00bbcenter\u00bb _builder_version=\u00bb4.17.4&#8243; _module_preset=\u00bbdefault\u00bb custom_padding=\u00bb2%|3%|2%|10%|true|false\u00bb global_colors_info=\u00bb{}\u00bb][\/et_pb_image][et_pb_text _builder_version=\u00bb4.21.0&#8243; text_text_color=\u00bb#FFFFFF\u00bb text_font_size=\u00bb15px\u00bb header_text_color=\u00bb#FFFFFF\u00bb header_font_size=\u00bb15px\u00bb custom_margin=\u00bb|||10%|false|false\u00bb global_colors_info=\u00bb{}\u00bb]<h1><b>Nro de obra publicada &#8211; P\u00e1gina Web:<\/b><\/h1>\n<p>RE-2022-55412612-APN-DNDA#MJ<\/p>[\/et_pb_text][\/et_pb_column][et_pb_column type=\u00bb1_3&#8243; _builder_version=\u00bb4.16&#8243; custom_padding=\u00bb||||false|false\u00bb global_colors_info=\u00bb{}\u00bb][et_pb_text _builder_version=\u00bb4.21.0&#8243; text_text_color=\u00bb#FFFFFF\u00bb text_font_size=\u00bb15px\u00bb header_text_color=\u00bb#FFFFFF\u00bb header_font_size=\u00bb15px\u00bb header_2_font=\u00bb|600|||||||\u00bb header_2_text_align=\u00bbleft\u00bb header_2_text_color=\u00bb#ffffff\u00bb header_2_font_size=\u00bb22px\u00bb header_2_line_height=\u00bb0.9em\u00bb custom_margin=\u00bb|||10%|false|false\u00bb global_colors_info=\u00bb{}\u00bb]<h2>CONTACTO<\/h2>\n<p>FUNDACION URBE<\/p> \n<p>CUIT 30644567156<\/p>\n<p>revista@urbe.com.ar<\/p>\n<p>Pringles 939, CABA<\/p>[\/et_pb_text][et_pb_code _builder_version=\u00bb4.21.0&#8243; _module_preset=\u00bbdefault\u00bb text_orientation=\u00bbcenter\u00bb global_colors_info=\u00bb{}\u00bb]<iframe src=\"https:\/\/www.google.com\/maps\/embed?pb=!1m18!1m12!1m3!1d3284.1313753128234!2d-58.4265986!3d-34.6008393!2m3!1f0!2f0!3f0!3m2!1i1024!2i768!4f13.1!3m3!1m2!1s0x95bcca652e21dc77%3A0xb60adfd06e718b57!2sPringles%20939%2C%20C1183%20CABA!5e0!3m2!1ses-419!2sar!4v1685977364464!5m2!1ses-419!2sar\" width=\"250\" height=\"250\" style=\"border:0;\" allowfullscreen=\"\" loading=\"lazy\" referrerpolicy=\"no-referrer-when-downgrade\"><\/iframe>[\/et_pb_code][et_pb_text _builder_version=\u00bb4.21.0&#8243; _module_preset=\u00bbdefault\u00bb global_colors_info=\u00bb{}\u00bb][\/et_pb_text][et_pb_signup mailchimp_list=\u00bb818d09b04f\u00bb last_name_field=\u00bboff\u00bb success_message=\u00bbGracias por suscribirte!\u00bb title=\u00bbSUSCRIBITE\u00bb button_text=\u00bbsuscribirse\u00bb disabled_on=\u00bbon|on|on\u00bb _builder_version=\u00bb4.16&#8243; header_level=\u00bbh1&#8243; header_font_size=\u00bb15px\u00bb header_line_height=\u00bb1.2em\u00bb body_text_align=\u00bbleft\u00bb result_message_text_align=\u00bbleft\u00bb result_message_font_size=\u00bb15px\u00bb background_enable_color=\u00bboff\u00bb use_background_color=\u00bboff\u00bb custom_button=\u00bbon\u00bb button_text_size=\u00bb20px\u00bb button_text_color=\u00bb#009fad\u00bb button_bg_color=\u00bb#a4e3e9&#8243; button_border_width=\u00bb0px\u00bb button_border_radius=\u00bb0px\u00bb max_width=\u00bb55%\u00bb custom_margin=\u00bb10%|||10%|false|false\u00bb border_radii_fields=\u00bbon|0px|0px|0px|0px\u00bb disabled=\u00bbon\u00bb global_colors_info=\u00bb{}\u00bb][\/et_pb_signup][\/et_pb_column][et_pb_column type=\u00bb1_3&#8243; _builder_version=\u00bb4.16&#8243; global_colors_info=\u00bb{}\u00bb][et_pb_text _builder_version=\u00bb4.21.0&#8243; text_text_color=\u00bb#FFFFFF\u00bb header_text_color=\u00bb#FFFFFF\u00bb custom_margin=\u00bb|||10%|false|false\u00bb global_colors_info=\u00bb{}\u00bb]<h1>LINKS<\/h1>\n<p><a style=\"color: inherit\"  href=\"https:\/\/filfem.com.ar\">filfem.com.ar<\/a><\/p>\n<p ><a style=\"color: inherit\" href=\"https:\/\/urbe.com.ar\/wp\">urbe.com.ar <\/a><\/p>\n<p ><a style=\"color: inherit\" href=\"https:\/\/buenosaires.gob.ar\">www.buenosaires.gob.ar <\/a><\/p>[\/et_pb_text][et_pb_social_media_follow _builder_version=\u00bb4.16&#8243; custom_margin=\u00bb10%|||10%|false|false\u00bb global_colors_info=\u00bb{}\u00bb][et_pb_social_media_follow_network social_network=\u00bbinstagram\u00bb url=\u00bbhttps:\/\/www.instagram.com\/revistaurbe\/?igshid=osawef034cfi\u00bb icon_color=\u00bb#033332&#8243; _builder_version=\u00bb4.16&#8243; background_color=\u00bb#FFFFFF\u00bb background_enable_color=\u00bbon\u00bb border_radii=\u00bbon|25px|25px|25px|25px\u00bb global_colors_info=\u00bb{}\u00bb follow_button=\u00bboff\u00bb url_new_window=\u00bbon\u00bb]instagram[\/et_pb_social_media_follow_network][et_pb_social_media_follow_network social_network=\u00bbtwitter\u00bb url=\u00bbhttps:\/\/twitter.com\/Revistaurbe_?s=12&#8243; icon_color=\u00bb#033332&#8243; _builder_version=\u00bb4.16&#8243; background_color=\u00bb#FFFFFF\u00bb background_enable_color=\u00bbon\u00bb border_radii=\u00bbon|25px|25px|25px|25px\u00bb global_colors_info=\u00bb{}\u00bb follow_button=\u00bboff\u00bb url_new_window=\u00bbon\u00bb]twitter[\/et_pb_social_media_follow_network][\/et_pb_social_media_follow][et_pb_code _builder_version=\u00bb4.21.0&#8243; _module_preset=\u00bbdefault\u00bb text_orientation=\u00bbright\u00bb custom_margin=\u00bb0px||||false|false\u00bb custom_padding=\u00bb|||20px|false|false\u00bb global_colors_info=\u00bb{}\u00bb]<div id='mvcwid'style='text-align: left; color: #ffffff;'><div id=\"wpsvccount\"><img data-recalc-dims=\"1\" src=\"https:\/\/i0.wp.com\/urbe.com.ar\/revista\/wp-content\/plugins\/wps-visitor-counter\/styles\/image\/chevy\/2.gif?w=1080&#038;ssl=1\" alt='2'><img data-recalc-dims=\"1\" src=\"https:\/\/i0.wp.com\/urbe.com.ar\/revista\/wp-content\/plugins\/wps-visitor-counter\/styles\/image\/chevy\/4.gif?w=1080&#038;ssl=1\" alt='4'><img data-recalc-dims=\"1\" src=\"https:\/\/i0.wp.com\/urbe.com.ar\/revista\/wp-content\/plugins\/wps-visitor-counter\/styles\/image\/chevy\/6.gif?w=1080&#038;ssl=1\" alt='6'><img data-recalc-dims=\"1\" src=\"https:\/\/i0.wp.com\/urbe.com.ar\/revista\/wp-content\/plugins\/wps-visitor-counter\/styles\/image\/chevy\/6.gif?w=1080&#038;ssl=1\" alt='6'><img data-recalc-dims=\"1\" src=\"https:\/\/i0.wp.com\/urbe.com.ar\/revista\/wp-content\/plugins\/wps-visitor-counter\/styles\/image\/chevy\/1.gif?w=1080&#038;ssl=1\" alt='1'><img data-recalc-dims=\"1\" src=\"https:\/\/i0.wp.com\/urbe.com.ar\/revista\/wp-content\/plugins\/wps-visitor-counter\/styles\/image\/chevy\/0.gif?w=1080&#038;ssl=1\" alt='0'><\/div>\n\t<div id=\"wpsvctable\"><\/div><\/div>[\/et_pb_code][\/et_pb_column][\/et_pb_row][\/et_pb_section][et_pb_section fb_built=\u00bb1&#8243; _builder_version=\u00bb4.22.2&#8243; _module_preset=\u00bbdefault\u00bb global_colors_info=\u00bb{}\u00bb][et_pb_row _builder_version=\u00bb4.22.2&#8243; _module_preset=\u00bbdefault\u00bb global_colors_info=\u00bb{}\u00bb][et_pb_column type=\u00bb4_4&#8243; _builder_version=\u00bb4.22.2&#8243; _module_preset=\u00bbdefault\u00bb global_colors_info=\u00bb{}\u00bb][\/et_pb_column][\/et_pb_row][\/et_pb_section]\n","protected":false},"excerpt":{"rendered":"<p>Por <b>Valentina Cavalotti Velasco<\/b><\/p>\n","protected":false},"author":10,"featured_media":9340,"comment_status":"closed","ping_status":"closed","sticky":false,"template":"","format":"standard","meta":{"_et_pb_use_builder":"on","_et_pb_old_content":"[et_pb_section fb_built=\"1\" disabled_on=\"on|on|on\" _builder_version=\"4.20.0\" disabled=\"on\" global_colors_info=\"{}\"][et_pb_row _builder_version=\"4.18.0\" global_colors_info=\"{}\"][et_pb_column type=\"4_4\" _builder_version=\"4.18.0\" global_colors_info=\"{}\"][et_pb_text disabled_on=\"on|on|on\" _builder_version=\"4.24.0\" text_font=\"Titillium Web||||||||\" custom_padding=\"||28px|||\" disabled=\"on\" global_colors_info=\"{}\"]<p>Por <b>Alejo Bernhardt<\/b>\u00a0| <span class=\"css-1qaijid r-bcqeeo r-qvutc0 r-poiln3\">\u00bfEst\u00e1 loco Milei? Esta nota <\/span><span class=\"css-1qaijid r-bcqeeo r-qvutc0 r-poiln3\">intenta responder a estas y otras preguntas sobre el proyecto libertario. Adem\u00e1s, busca algunas claves para desarrollar estrategias m\u00e1s eficaces para enfrentarlo.<\/span><\/p>[\/et_pb_text][\/et_pb_column][\/et_pb_row][\/et_pb_section][et_pb_section fb_built=\"1\" use_custom_gutter=\"on\" gutter_width=\"1\" specialty=\"on\" padding_left_2=\"1%\" padding_top_bottom_link_1=\"false\" padding_top_bottom_link_2=\"false\" padding_left_right_link_1=\"false\" padding_left_right_link_2=\"false\" _builder_version=\"4.18.0\" custom_padding=\"0px|0px|0px|||\" global_colors_info=\"{}\"][et_pb_column type=\"2_3\" specialty_columns=\"2\" _builder_version=\"4.16\" custom_padding=\"|||\" global_colors_info=\"{}\" custom_padding__hover=\"|||\"][et_pb_row_inner _builder_version=\"4.22.2\" background_color=\"#ffffff\" background_enable_image=\"off\" custom_margin=\"40px||20px||false|false\" custom_padding=\"12px|0px|12px|0px|true|true\" border_color_left=\"#F2AF46\" global_colors_info=\"{}\"][et_pb_column_inner saved_specialty_column_type=\"2_3\" _builder_version=\"4.18.0\" global_colors_info=\"{}\"][et_pb_text _builder_version=\"4.24.0\" text_font=\"Titillium Web|600|||||||\" text_text_color=\"#000000\" text_font_size=\"18px\" header_text_align=\"center\" header_font_size=\"35px\" background_color=\"RGBA(255,255,255,0)\" background_layout=\"dark\" custom_margin=\"2%|0%|2%|0%|true|true\" custom_padding=\"|||13px|false|false\" hover_enabled=\"0\" border_color_all=\"#FFFFFF\" border_width_left=\"6px\" border_color_left=\"#F2AF46\" global_colors_info=\"{}\" sticky_enabled=\"0\"]<p><strong>Literatura<\/strong><\/p>[\/et_pb_text][et_pb_text _builder_version=\"4.24.0\" text_font=\"Titillium Web|300|||||||\" text_text_color=\"#000000\" text_line_height=\"1.4em\" header_font=\"|700||on|||||\" header_text_align=\"left\" header_text_color=\"#272727\" header_font_size=\"57px\" background_color=\"RGBA(255,255,255,0)\" background_enable_image=\"off\" background_size=\"stretch\" width=\"100%\" module_alignment=\"left\" min_height=\"71px\" custom_margin=\"3%|0%|3%|0%|true|true\" custom_padding=\"|0%|0px|0%|false|true\" global_colors_info=\"{}\"]<h1>POMPEYO: EL MUNDO CABE EN UN ACTOR<\/h1>[\/et_pb_text][et_pb_text _builder_version=\"4.24.0\" text_font=\"Titillium Web||||||||\" text_text_color=\"#000000\" text_font_size=\"18px\" header_text_align=\"center\" header_text_color=\"#057E7E\" header_font_size=\"35px\" text_orientation=\"justified\" custom_margin=\"2%|0%|2%|0%|true|true\" custom_padding=\"|||13px|false|false\" hover_enabled=\"0\" border_width_left=\"6px\" border_color_left=\"#F2AF46\" global_colors_info=\"{}\" sticky_enabled=\"0\"]<p>Por <b>Alejo Bernhardt<\/b><br \/><span style=\"font-size: small;\">07 de marzo de 2024<\/span><\/p>[\/et_pb_text][et_pb_image src=\"https:\/\/urbe.com.ar\/revista\/wp-content\/uploads\/2024\/03\/banner.png\" title_text=\"banner\" disabled_on=\"off|off|off\" _builder_version=\"4.24.0\" background_enable_image=\"off\" custom_margin=\"5%|0%|5%|0%|true|true\" custom_margin_tablet=\"\" custom_margin_phone=\"6%|0%|6%|0%|true|true\" custom_margin_last_edited=\"on|phone\" global_colors_info=\"{}\"][\/et_pb_image][\/et_pb_column_inner][\/et_pb_row_inner][et_pb_row_inner column_structure=\"1_2,1_2\" use_custom_gutter=\"on\" gutter_width=\"1\" make_equal=\"on\" disabled_on=\"on|off|off\" _builder_version=\"4.16\" background_color=\"#ffffff\" custom_margin=\"||||false|false\" custom_padding=\"0px||0px|0%|false|false\" locked=\"off\" global_colors_info=\"{}\"][et_pb_column_inner type=\"1_2\" saved_specialty_column_type=\"2_3\" _builder_version=\"4.16\" background_color=\"#ffffff\" custom_css_main_element=\"width: 60% !important;\" global_colors_info=\"{}\"][\/et_pb_column_inner][et_pb_column_inner type=\"1_2\" saved_specialty_column_type=\"2_3\" _builder_version=\"4.16\" custom_css_main_element=\"||width: 40% !important;||margin: auto;||display: flex;||flex-direction: column;||justify-content: center;\" global_colors_info=\"{}\"][et_pb_code _builder_version=\"4.16\" text_orientation=\"center\" module_alignment=\"center\" custom_margin=\"2%||2%||true|false\" custom_padding=\"|6.7%||6.7%|false|true\" global_colors_info=\"{}\"][addtoany][\/et_pb_code][\/et_pb_column_inner][\/et_pb_row_inner][et_pb_row_inner use_custom_gutter=\"on\" gutter_width=\"1\" make_equal=\"on\" disabled_on=\"off|on|on\" _builder_version=\"4.16\" background_color=\"#ffffff\" custom_margin=\"||||false|false\" custom_padding=\"0px||0px|0%|false|false\" locked=\"off\" global_colors_info=\"{}\"][et_pb_column_inner saved_specialty_column_type=\"2_3\" _builder_version=\"4.16\" background_color=\"#ffffff\" global_colors_info=\"{}\"][et_pb_code disabled_on=\"off|off|off\" _builder_version=\"4.16\" _module_preset=\"default\" text_orientation=\"center\" width=\"100%\" width_tablet=\"\" width_phone=\"100%\" width_last_edited=\"on|phone\" max_width=\"100%\" max_width_tablet=\"\" max_width_phone=\"\" max_width_last_edited=\"on|tablet\" module_alignment=\"right\" custom_margin_tablet=\"\" custom_margin_phone=\"\" custom_margin_last_edited=\"on|phone\" module_alignment_tablet=\"\" module_alignment_phone=\"center\" module_alignment_last_edited=\"on|desktop\" global_colors_info=\"{}\"][addtoany][\/et_pb_code][\/et_pb_column_inner][\/et_pb_row_inner][et_pb_row_inner _builder_version=\"4.18.0\" background_color=\"#ffffff\" custom_padding=\"0px||3px|0px||\" global_colors_info=\"{}\"][et_pb_column_inner saved_specialty_column_type=\"2_3\" _builder_version=\"4.16\" global_colors_info=\"{}\"][et_pb_text admin_label=\"Parrafo 1\" _builder_version=\"4.24.0\" text_font=\"Titillium Web||||||||\" text_text_color=\"#000000\" text_font_size=\"17px\" text_line_height=\"2em\" custom_margin=\"2%|0%|2%|0%|true|true\" custom_padding=\"||0px|||\" text_font_size_tablet=\"17px\" text_font_size_phone=\"16px\" text_font_size_last_edited=\"on|phone\" locked=\"off\" inline_fonts=\"Rubik,Alkalami,Titillium Web\" global_colors_info=\"{}\"]<blockquote><\/blockquote>\n<p dir=\"ltr\" style=\"line-height: 1.7999999999999998; margin-top: 0pt; margin-bottom: 0pt;\"><span style=\"font-size: large; font-family: 'Titillium Web';\"><span style=\"color: #000000; background-color: transparent; font-weight: 400; font-style: normal; font-variant: normal; text-decoration: none; vertical-align: baseline; white-space: pre-wrap;\">Pompeyo Audivert es el protagonista de su obra unipersonal <\/span><span style=\"color: #000000; background-color: transparent; font-weight: 400; font-style: italic; font-variant: normal; text-decoration: none; vertical-align: baseline; white-space: pre-wrap;\">Habitaci\u00f3n Macbeth<\/span><span style=\"color: #000000; background-color: transparent; font-weight: 400; font-style: normal; font-variant: normal; text-decoration: none; vertical-align: baseline; white-space: pre-wrap;\">. Este 2024, luego de llenar las salas del Centro Cultural de la Cooperaci\u00f3n desde el a\u00f1o 2021 hasta fines de 2023, se mud\u00f3 al Teatro Metropolitan, que cuenta con una sala de m\u00e1s de 800 espectadores.<\/span><span id=\"docs-internal-guid-dae760bc-7fff-370a-67ea-048087c42f37\"><\/span><\/span><\/p>\n<p dir=\"ltr\" style=\"line-height: 1.7999999999999998; margin-top: 0pt; margin-bottom: 0pt;\"><span style=\"font-size: large; font-family: 'Titillium Web'; color: #000000; background-color: transparent; font-weight: 400; font-style: normal; font-variant: normal; text-decoration: none; vertical-align: baseline; white-space: pre-wrap;\"><\/span><\/p>\n<p dir=\"ltr\" style=\"line-height: 1.7999999999999998; margin-top: 0pt; margin-bottom: 0pt;\"><span style=\"font-size: 12pt; font-family: 'Titillium Web'; color: #000000; background-color: transparent; font-weight: 400; font-style: normal; font-variant: normal; text-decoration: none; vertical-align: baseline; white-space: pre-wrap;\"><span style=\"font-size: large;\">Sin muchas luces y publicidad en redes sociales, durante m\u00e1s de dos a\u00f1os logr\u00f3 agotar 250 localidades hasta 3 veces por fin de semana. \u00bfC\u00f3mo puede lograr tan s\u00f3lo un actor un v\u00ednculo tan fuerte con su audiencia para que se produzca este fen\u00f3meno? Es el mismo Audivert, a trav\u00e9s de una conversaci\u00f3n con Revista Urbe,\u00a0 el que nos ense\u00f1a algunas claves de \u00e9poca para comprender esta obra que act\u00faa y produce.<\/span> <\/span><\/p>\n<p><span style=\"font-weight: 400;\"><\/span><\/p>[\/et_pb_text][et_pb_image src=\"https:\/\/urbe.com.ar\/revista\/wp-content\/uploads\/2024\/03\/Screenshot_89.png\" title_text=\"Screenshot_89\" _builder_version=\"4.24.0\" _module_preset=\"default\" global_colors_info=\"{}\"][\/et_pb_image][et_pb_text admin_label=\"Parrafo 1\" _builder_version=\"4.23.1\" text_font=\"Titillium Web||||||||\" text_text_color=\"#000000\" text_font_size=\"17px\" text_line_height=\"2em\" custom_margin=\"2%|0%|2%|0%|true|true\" custom_padding=\"||0px|||\" text_font_size_tablet=\"17px\" text_font_size_phone=\"16px\" text_font_size_last_edited=\"on|phone\" locked=\"off\" inline_fonts=\"Rubik,Alkalami,Titillium Web,Tiro Devanagari Marathi\" global_colors_info=\"{}\"]<blockquote><\/blockquote>\n<p dir=\"ltr\" style=\"line-height: 1.7999999999999998; background-color: #ffffff; margin-top: 0pt; margin-bottom: 0pt; padding: 0pt 0pt 15pt 0pt;\"><span style=\"font-size: large; font-family: 'Titillium Web';\"><span style=\"color: #0d0d0d; font-variant-numeric: normal; font-variant-east-asian: normal; font-variant-alternates: normal; font-variant-position: normal; white-space-collapse: preserve;\">Macbeth es una tragedia que sali\u00f3 a la luz por primera vez hace ya m\u00e1s de cuatro siglos. Desde entonces, <\/span><span style=\"color: #0d0d0d; font-style: italic; font-variant-numeric: normal; font-variant-east-asian: normal; font-variant-alternates: normal; font-variant-position: normal; white-space-collapse: preserve;\">La tragedia de Macbeth<\/span><span style=\"color: #0d0d0d; font-variant-numeric: normal; font-variant-east-asian: normal; font-variant-alternates: normal; font-variant-position: normal; white-space-collapse: preserve;\"> se convirti\u00f3 en una de las obras m\u00e1s importantes de la literatura inglesa. La trama envuelve principalmente la ambici\u00f3n por el poder pol\u00edtico, representada por un hombre que decide tomar control de su propio destino, y con ello, enfrentar una serie de consecuencias f\u00edsicas y psicol\u00f3gicas.<\/span><\/span><\/p>\n<p dir=\"ltr\" style=\"line-height: 1.7999999999999998; background-color: #ffffff; margin-top: 0pt; margin-bottom: 0pt; padding: 0pt 0pt 15pt 0pt;\"><span style=\"font-size: large; font-family: 'Titillium Web';\"><span style=\"color: #0d0d0d; font-variant-numeric: normal; font-variant-east-asian: normal; font-variant-alternates: normal; font-variant-position: normal; white-space-collapse: preserve;\"><\/span><\/span><\/p>\n<p dir=\"ltr\" style=\"line-height: 1.7999999999999998; background-color: #ffffff; margin-top: 0pt; margin-bottom: 0pt; padding: 0pt 0pt 15pt 0pt;\"><span style=\"font-size: large; font-family: 'Titillium Web'; color: #0d0d0d; font-variant-numeric: normal; font-variant-east-asian: normal; font-variant-alternates: normal; font-variant-position: normal; white-space-collapse: preserve;\">La obra art\u00edstica en s\u00ed misma es una expresi\u00f3n de la \u00e9poca en que se produce. As\u00ed como el veneno que irradia la obra de Shakespeare retrata mediados de la edad moderna, cada versi\u00f3n posterior estar\u00e1 contaminada por la subjetividad del director y los procesos culturales en los que est\u00e9 inmerso. En el caso del escritor brit\u00e1nico, reflexiona acerca de la vida de Jacobo I, leg\u00edtimo sucesor al trono de Inglaterra que ascendi\u00f3 al mismo en el a\u00f1o 1603. En esta adaptaci\u00f3n, el valor agregado radica en el deseo del propio actor y el aislamiento de 2020 a ra\u00edz del Covid-19.<\/span><\/p>\n<p dir=\"ltr\" style=\"line-height: 1.7999999999999998; background-color: #ffffff; margin-top: 0pt; margin-bottom: 0pt; padding: 0pt 0pt 15pt 0pt;\"><span style=\"font-size: large; font-family: 'Titillium Web'; color: #0d0d0d; font-variant-numeric: normal; font-variant-east-asian: normal; font-variant-alternates: normal; font-variant-position: normal; white-space-collapse: preserve;\"><\/span><\/p>\n<p dir=\"ltr\" style=\"line-height: 1.7999999999999998; background-color: #ffffff; margin-top: 0pt; margin-bottom: 0pt; padding: 0pt 0pt 15pt 0pt;\"><span style=\"font-size: large; font-family: 'Titillium Web'; color: #0d0d0d; font-variant-numeric: normal; font-variant-east-asian: normal; font-variant-alternates: normal; font-variant-position: normal; white-space-collapse: preserve;\">El 20 de marzo de aquel a\u00f1o, el presidente Alberto Fern\u00e1ndez decret\u00f3 la cuarentena obligatoria en todo el territorio nacional que durar\u00eda, en principio, hasta el d\u00eda 26 del mes siguiente. El mes de abril lleg\u00f3 a su fin y la cuarentena obligatoria termin\u00f3, no para volver a la normalidad, sino para entrar en una nueva etapa de estrictos controles donde, entre muchas otras, las actividades culturales continuaban suspendidas. Sin embargo, el aislamiento y la restricci\u00f3n de estas actividades resultaron ser una oportunidad para Pompeyo Audivert.<\/span><\/p>\n<p dir=\"ltr\" style=\"line-height: 1.7999999999999998; background-color: #ffffff; margin-top: 0pt; margin-bottom: 0pt; padding: 0pt 0pt 15pt 0pt;\"><span style=\"font-size: large; font-family: 'Titillium Web'; color: #0d0d0d; font-variant-numeric: normal; font-variant-east-asian: normal; font-variant-alternates: normal; font-variant-position: normal; white-space-collapse: preserve;\"><\/span><\/p>\n<p dir=\"ltr\" style=\"line-height: 1.7999999999999998; background-color: #ffffff; margin-top: 0pt; margin-bottom: 0pt; padding: 0pt 0pt 15pt 0pt;\"><span style=\"font-size: large; font-family: 'Titillium Web'; color: #0d0d0d; font-variant-numeric: normal; font-variant-east-asian: normal; font-variant-alternates: normal; font-variant-position: normal; white-space-collapse: preserve;\">El actor y director eligi\u00f3 pasar esos primeros d\u00edas reducido a su casa en Mar del Sud, con su familia. Las semanas pasaban y en medio del aislamiento y la introspecci\u00f3n, se percat\u00f3 de la incertidumbre en la que se encontraba y concluy\u00f3 que para \u00e9l, el \u00fanico teatro que quedar\u00eda en pie por mucho tiempo era su propio cuerpo. Lejos de desembocar en una crisis, decidi\u00f3 pasar a la ofensiva y dar rienda suelta a un viejo anhelo que acarreaba desde el comienzo de su formaci\u00f3n: que en \u00e9l habite una obra de teatro, con todos sus personajes, circunstancias y vicisitudes. Aquel fue el momento en el que el unipersonal comenz\u00f3 a gestarse.<\/span><\/p>\n<p dir=\"ltr\" style=\"line-height: 1.7999999999999998; background-color: #ffffff; margin-top: 0pt; margin-bottom: 0pt; padding: 0pt 0pt 15pt 0pt;\"><span style=\"font-size: large; font-family: 'Titillium Web'; color: #0d0d0d; font-variant-numeric: normal; font-variant-east-asian: normal; font-variant-alternates: normal; font-variant-position: normal; white-space-collapse: preserve;\"><\/span><\/p>\n<p dir=\"ltr\" style=\"line-height: 1.7999999999999998; background-color: #ffffff; margin-top: 0pt; margin-bottom: 0pt; padding: 0pt 0pt 15pt 0pt;\"><span style=\"font-size: large; font-family: 'Titillium Web'; color: #0d0d0d; font-variant-numeric: normal; font-variant-east-asian: normal; font-variant-alternates: normal; font-variant-position: normal; white-space-collapse: preserve;\">Producir un trabajo de este tipo implica poner en pr\u00e1ctica un largo proceso, el cual ven\u00eda curando desde hace a\u00f1os en su propio estudio-teatro, El Cuervo. La composici\u00f3n y puesta en escena de 7 personajes no es una tarea f\u00e1cil, sobre todo cuando se lo ve interpretando hasta 5 de ellos simult\u00e1neamente. En medio de la soledad y el invierno pand\u00e9mico, logr\u00f3 dar vida a cada uno de ellos en largas caminatas por el campo y la playa de Mar del Sud. All\u00ed fue soltando la voz y el cuerpo a las distintas composiciones. En \u00e9l se produjo una suerte de encarnaci\u00f3n sensible, como si fuera un trabajo que avanza de afuera hacia adentro: primero es ese cuerpo, esa voz, esa forma de hablar, esa forma de moverse, de constituir la composici\u00f3n f\u00edsica, y luego toda una interioridad que brota de ah\u00ed.<\/span><\/p>\n<p dir=\"ltr\" style=\"line-height: 1.7999999999999998; background-color: #ffffff; margin-top: 0pt; margin-bottom: 0pt; padding: 0pt 0pt 15pt 0pt;\"><span style=\"font-size: large; font-family: 'Titillium Web'; color: #0d0d0d; font-variant-numeric: normal; font-variant-east-asian: normal; font-variant-alternates: normal; font-variant-position: normal; white-space-collapse: preserve;\"><\/span><\/p>\n<p dir=\"ltr\" style=\"line-height: 1.7999999999999998; background-color: #ffffff; margin-top: 0pt; margin-bottom: 0pt;\"><span style=\"font-size: large; font-family: 'Titillium Web'; color: #0d0d0d; font-variant-numeric: normal; font-variant-east-asian: normal; font-variant-alternates: normal; font-variant-position: normal; white-space-collapse: preserve;\">Esta puesta en escena, llamada \"Habitaci\u00f3n Macbeth\", nace ah\u00ed. Para Pompeyo la pandemia no se trat\u00f3 de un asunto puramente individualista, sino de un momento de introspecci\u00f3n colectiva e individual en el que quedamos sumidos como humanidad, y que trajo consigo la influencia de las fantasmagor\u00edas. En su perspectiva, sus fantas\u00edas pasaban por la extinci\u00f3n. En ese punto es donde se encuentran su subjetividad y lo sombr\u00edo de la obra de Shakespeare, un momento cr\u00edtico donde convergen la ambici\u00f3n de poder y compulsiones narcisistas con un final de partida. A partir de ese significado es donde intentar\u00e1 representar desde el teatro una especie de momento bisagra en el que nos encontramos.<\/span><\/p>\n<p><span style=\"font-weight: 400;\"><\/span><\/p>[\/et_pb_text][et_pb_image src=\"https:\/\/urbe.com.ar\/revista\/wp-content\/uploads\/2024\/03\/Screenshot_90.png\" title_text=\"Screenshot_90\" _builder_version=\"4.24.0\" _module_preset=\"default\" global_colors_info=\"{}\"][\/et_pb_image][et_pb_text admin_label=\"Parrafo 1\" _builder_version=\"4.23.1\" text_font=\"Titillium Web||||||||\" text_text_color=\"#000000\" text_font_size=\"17px\" text_line_height=\"2em\" custom_margin=\"2%|0%|2%|0%|true|true\" custom_padding=\"||0px|||\" text_font_size_tablet=\"17px\" text_font_size_phone=\"16px\" text_font_size_last_edited=\"on|phone\" locked=\"off\" inline_fonts=\"Rubik,Alkalami,Titillium Web\" global_colors_info=\"{}\"]<blockquote><\/blockquote>\n<p dir=\"ltr\" style=\"line-height: 1.7999999999999998; background-color: #ffffff; margin-top: 0pt; margin-bottom: 0pt; padding: 0pt 0pt 15pt 0pt;\"><span style=\"font-size: large; font-family: 'Titillium Web'; color: #0d0d0d; font-variant-numeric: normal; font-variant-east-asian: normal; font-variant-alternates: normal; font-variant-position: normal; white-space-collapse: preserve;\">La obra se ejecut\u00f3 por primera vez el 27 de marzo de 2021 en el Centro Cultural de la Cooperaci\u00f3n. En aquel escenario, los primeros espectadores vieron arder el proceso que llev\u00f3 a cabo durante toda la pandemia y a partir de ah\u00ed, las salas del teatro comenzaron a llenarse sucesivamente. A pesar del car\u00e1cter unipersonal de la misma, hay dos elementos que exceden las tareas que el actor puede realizar a la vez y que son fundamentales para el desarrollo: la m\u00fasica y la iluminaci\u00f3n.<\/span><\/p>\n<p dir=\"ltr\" style=\"line-height: 1.7999999999999998; background-color: #ffffff; margin-top: 0pt; margin-bottom: 0pt; padding: 0pt 0pt 15pt 0pt;\"><span style=\"font-size: large; font-family: 'Titillium Web'; color: #0d0d0d; font-variant-numeric: normal; font-variant-east-asian: normal; font-variant-alternates: normal; font-variant-position: normal; white-space-collapse: preserve;\"><\/span><\/p>\n<p dir=\"ltr\" style=\"line-height: 1.7999999999999998; background-color: #ffffff; margin-top: 0pt; margin-bottom: 0pt; padding: 0pt 0pt 15pt 0pt;\"><span style=\"font-size: large; font-family: 'Titillium Web'; color: #0d0d0d; font-variant-numeric: normal; font-variant-east-asian: normal; font-variant-alternates: normal; font-variant-position: normal; white-space-collapse: preserve;\">Audivert viste un camis\u00f3n color crudo y manchado, que parece producto de la suciedad o desgaste del uso continuo de la prenda en un bajo estrato social en la edad moderna. Si bien la prenda es solo una, es suficiente para situar al p\u00fablico entre los siglos XVII y XVIII, tiempo en el que se escribi\u00f3 la obra. Adem\u00e1s, luce una fina capa de maquillaje blanco sobre su rostro, un sutil delineado negro alrededor de sus ojos que elevaba el peso de su mirada y sus labios pintados de rojo.<\/span><\/p>\n<p dir=\"ltr\" style=\"line-height: 1.7999999999999998; background-color: #ffffff; margin-top: 0pt; margin-bottom: 0pt; padding: 0pt 0pt 15pt 0pt;\"><span style=\"font-size: large; font-family: 'Titillium Web'; color: #0d0d0d; font-variant-numeric: normal; font-variant-east-asian: normal; font-variant-alternates: normal; font-variant-position: normal; white-space-collapse: preserve;\"><\/span><\/p>\n<p dir=\"ltr\" style=\"line-height: 1.7999999999999998; background-color: #ffffff; margin-top: 0pt; margin-bottom: 0pt; padding: 0pt 0pt 15pt 0pt;\"><span style=\"font-size: large; font-family: 'Titillium Web'; color: #0d0d0d; font-variant-numeric: normal; font-variant-east-asian: normal; font-variant-alternates: normal; font-variant-position: normal; white-space-collapse: preserve;\">Este estilo de minimalismo teatral carece, en primera instancia, de cualquier tipo de escenograf\u00eda excepto por un tel\u00f3n negro que envuelve la escena. Esto hace que el p\u00fablico tenga que prestar especial atenci\u00f3n a cada detalle de la actuaci\u00f3n: su postura, los movimientos, los gestos faciales y corporales. Quienes se encontraban en las primeras filas pudieron presenciar con m\u00e1s precisi\u00f3n estos detalles que comenzaban a forjar un v\u00ednculo con el int\u00e9rprete.<\/span><\/p>\n<p dir=\"ltr\" style=\"line-height: 1.7999999999999998; background-color: #ffffff; margin-top: 0pt; margin-bottom: 0pt; padding: 0pt 0pt 15pt 0pt;\"><span style=\"font-size: large; font-family: 'Titillium Web'; color: #0d0d0d; font-variant-numeric: normal; font-variant-east-asian: normal; font-variant-alternates: normal; font-variant-position: normal; white-space-collapse: preserve;\"><\/span><\/p>\n<p dir=\"ltr\" style=\"line-height: 1.7999999999999998; background-color: #ffffff; margin-top: 0pt; margin-bottom: 0pt; padding: 0pt 0pt 15pt 0pt;\"><span style=\"font-size: large; font-family: 'Titillium Web'; color: #0d0d0d; font-variant-numeric: normal; font-variant-east-asian: normal; font-variant-alternates: normal; font-variant-position: normal; white-space-collapse: preserve;\">A su lado est\u00e1 Claudio Pe\u00f1a, el violonchelista que se encuentra al margen sobre el escenario.\u00a0 Este lo acompa\u00f1a desde el momento en que posa su arco sobre el instrumento para frotar las primeras notas, inundando la sala de suspenso hasta el final de la partida. No est\u00e1 \u00fanicamente cuando aparece Pompeyo, sino que tambi\u00e9n es una constante en los interludios y apagones. El violonchelo es un instrumento muy especial, con un sonido a veces sombr\u00edo y muy presente, que es capaz de generar distintos tipos de climas.<\/span><\/p>\n<p dir=\"ltr\" style=\"line-height: 1.7999999999999998; background-color: #ffffff; margin-top: 0pt; margin-bottom: 0pt; padding: 0pt 0pt 15pt 0pt;\"><span style=\"font-size: large; font-family: 'Titillium Web'; color: #0d0d0d; font-variant-numeric: normal; font-variant-east-asian: normal; font-variant-alternates: normal; font-variant-position: normal; white-space-collapse: preserve;\"><\/span><\/p>\n<p dir=\"ltr\" style=\"line-height: 1.7999999999999998; background-color: #ffffff; margin-top: 0pt; margin-bottom: 0pt; padding: 0pt 0pt 15pt 0pt;\"><span style=\"font-size: large; font-family: 'Titillium Web'; color: #0d0d0d; font-variant-numeric: normal; font-variant-east-asian: normal; font-variant-alternates: normal; font-variant-position: normal; white-space-collapse: preserve;\">Un poco m\u00e1s lejos, se encuentra Ana Heilpern, responsable de la iluminaci\u00f3n. El actor interact\u00faa con pocos elementos que son claves en distintos momentos. Ante el minimalismo que presenta la obra, la luz se convierte en un objeto m\u00e1s. El contraste entre luces recortadas y sombras crea senderos y lugares habitables. Lo que queda en penumbras es un espacio que no existe, que sirve para limitar y ubicar a Pompeyo en el lugar indicado.<\/span><\/p>\n<p dir=\"ltr\" style=\"line-height: 1.7999999999999998; background-color: #ffffff; margin-top: 0pt; margin-bottom: 0pt; padding: 0pt 0pt 15pt 0pt;\"><span style=\"font-size: large; font-family: 'Titillium Web'; color: #0d0d0d; font-variant-numeric: normal; font-variant-east-asian: normal; font-variant-alternates: normal; font-variant-position: normal; white-space-collapse: preserve;\"><\/span><\/p>\n<p dir=\"ltr\" style=\"line-height: 1.7999999999999998; background-color: #ffffff; margin-top: 0pt; margin-bottom: 15pt;\"><span style=\"font-size: large; font-family: 'Titillium Web'; color: #0d0d0d; font-variant-numeric: normal; font-variant-east-asian: normal; font-variant-alternates: normal; font-variant-position: normal; white-space-collapse: preserve;\">La combinaci\u00f3n de todas estas partes crea un ambiente \u00fanico. Lo valioso de esta versi\u00f3n es c\u00f3mo se forma el v\u00ednculo con los presentes. La m\u00e1quina teatral est\u00e1 a la vista por simpleza y expone los valores m\u00e1s puros de la obra. Este escenario es un campo de realidad distinto al que se presentar\u00eda si la interpretaci\u00f3n estuviese \u00fanicamente delimitada por el texto original y un n\u00famero mayor de actores. La reducci\u00f3n de la escenograf\u00eda permite una conexi\u00f3n directa con los sentimientos de los personajes y da lugar a la participaci\u00f3n del espectador en un mundo imaginario, y ocasionalmente on\u00edrico.<\/span><\/p>\n<p><span style=\"font-weight: 400;\"><\/span><\/p>[\/et_pb_text][et_pb_image src=\"https:\/\/urbe.com.ar\/revista\/wp-content\/uploads\/2024\/03\/Screenshot_91.png\" title_text=\"Screenshot_91\" _builder_version=\"4.24.0\" _module_preset=\"default\" global_colors_info=\"{}\"][\/et_pb_image][et_pb_text admin_label=\"Parrafo 1\" _builder_version=\"4.23.1\" text_font=\"Titillium Web||||||||\" text_text_color=\"#000000\" text_font_size=\"17px\" text_line_height=\"2em\" custom_margin=\"2%|0%|2%|0%|true|true\" custom_padding=\"||0px|||\" text_font_size_tablet=\"17px\" text_font_size_phone=\"16px\" text_font_size_last_edited=\"on|phone\" locked=\"off\" inline_fonts=\"Rubik,Alkalami,Titillium Web\" global_colors_info=\"{}\"]<blockquote><\/blockquote>\n<p dir=\"ltr\" style=\"line-height: 1.7999999999999998; background-color: #ffffff; margin-top: 15pt; margin-bottom: 0pt; padding: 0pt 0pt 15pt 0pt;\"><span style=\"font-size: large; font-family: 'Titillium Web';\"><span style=\"color: #0d0d0d; font-variant-numeric: normal; font-variant-east-asian: normal; font-variant-alternates: normal; font-variant-position: normal; white-space-collapse: preserve;\">De esta forma, <\/span><span style=\"color: #0d0d0d; font-style: italic; font-variant-numeric: normal; font-variant-east-asian: normal; font-variant-alternates: normal; font-variant-position: normal; white-space-collapse: preserve;\">Habitaci\u00f3n Macbeth<\/span><span style=\"color: #0d0d0d; font-variant-numeric: normal; font-variant-east-asian: normal; font-variant-alternates: normal; font-variant-position: normal; white-space-collapse: preserve;\"> puede interpretarse como una expresi\u00f3n de \u00e9poca, una reflexi\u00f3n acerca de la pandemia en tiempos donde sus consecuencias todav\u00eda se siguen viviendo en carne propia y sus efectos son un objeto de estudio que todav\u00eda no logra ser comprendido en su totalidad. El mismo hace \u00e9nfasis en esto con la siguiente frase:<\/span><\/span><\/p>\n<p dir=\"ltr\" style=\"line-height: 1.7999999999999998; background-color: #ffffff; margin-top: 15pt; margin-bottom: 0pt; padding: 0pt 0pt 15pt 0pt;\"><span style=\"font-size: large; font-family: 'Titillium Web';\"><span style=\"color: #0d0d0d; font-variant-numeric: normal; font-variant-east-asian: normal; font-variant-alternates: normal; font-variant-position: normal; white-space-collapse: preserve;\"><\/span><\/span><\/p>\n<p dir=\"ltr\" style=\"line-height: 1.7999999999999998; background-color: #ffffff; margin-top: 0pt; margin-bottom: 0pt; padding: 0pt 0pt 15pt 0pt;\"><span style=\"font-size: large; font-family: 'Titillium Web'; color: #0d0d0d; font-style: italic; font-variant-numeric: normal; font-variant-east-asian: normal; font-variant-alternates: normal; font-variant-position: normal; white-space-collapse: preserve;\">\u201cMe pareci\u00f3 que era muy apropiado para un contexto como el de la pandemia, una circunstancia pr\u00e1cticamente de extinci\u00f3n. El hombre est\u00e1 entrando en una crisis, m\u00e1s all\u00e1 de la pandemia, de la que no se sabe c\u00f3mo vamos a salir. Por lo tanto, la perspectiva es medio apocal\u00edptica.\u201d<\/span><\/p>\n<p dir=\"ltr\" style=\"line-height: 1.7999999999999998; background-color: #ffffff; margin-top: 0pt; margin-bottom: 0pt; padding: 0pt 0pt 15pt 0pt;\"><span style=\"font-size: large; font-family: 'Titillium Web'; color: #0d0d0d; font-style: italic; font-variant-numeric: normal; font-variant-east-asian: normal; font-variant-alternates: normal; font-variant-position: normal; white-space-collapse: preserve;\"><\/span><\/p>\n<p dir=\"ltr\" style=\"line-height: 1.7999999999999998; background-color: #ffffff; margin-top: 0pt; margin-bottom: 0pt;\"><span style=\"font-size: large; font-family: 'Titillium Web'; color: #0d0d0d; font-variant-numeric: normal; font-variant-east-asian: normal; font-variant-alternates: normal; font-variant-position: normal; white-space-collapse: preserve;\">Audivert toma la tragedia de Shakespeare como superficie de inscripci\u00f3n de este prop\u00f3sito. Pone a funcionar su cuerpo como habit\u00e1culo de encarnaciones, casi como un cuerpo medi\u00famnico, para iluminar inc\u00f3gnitas producto de este proceso: existenciales, vinculadas a la otredad, a la sospecha sobre qui\u00e9nes somos, d\u00f3nde estamos y qu\u00e9 estamos haciendo.<\/span><\/p>\n<p><span style=\"font-weight: 400;\"><\/span><\/p>[\/et_pb_text][et_pb_text _builder_version=\"4.24.0\" _module_preset=\"default\" text_font=\"Titillium Web||||||||\" text_text_color=\"#272727\" background_color=\"#f2f2f2\" custom_margin=\"112px|||||\" custom_padding=\"14px|14px|14px|14px|true|true\" global_colors_info=\"{}\"]<span style=\"font-size: large;\"><strong>Alejo Bernhardt<\/strong><\/span>\n\n\u00bfTe gust\u00f3 la nota? Seguilo en sus redes &#x1f447;\n\n<a href=\"https:\/\/twitter.com\/alejober_\/\">@alejober_<\/a> <a href=\"https:\/\/www.instagram.com\/alejo.ber\/\">@alejo.ber<\/a>[\/et_pb_text][et_pb_image src=\"https:\/\/urbe.com.ar\/revista\/wp-content\/uploads\/2023\/05\/banner-escritores-copy.jpg\" title_text=\"banner escritores copy\" _builder_version=\"4.21.0\" _module_preset=\"default\" custom_margin=\"15%||||false|false\" global_colors_info=\"{}\"][\/et_pb_image][\/et_pb_column_inner][\/et_pb_row_inner][\/et_pb_column][et_pb_column type=\"1_3\" _builder_version=\"4.16\" custom_padding=\"|||\" global_colors_info=\"{}\" custom_padding__hover=\"|||\"][et_pb_image src=\"https:\/\/urbe.com.ar\/revista\/wp-content\/uploads\/2023\/05\/WhatsApp-Image-2023-03-13-at-16.37.45.jpeg\" title_text=\"WhatsApp Image 2023-03-13 at 16.37.45\" _builder_version=\"4.21.0\" _module_preset=\"default\" custom_margin=\"3%||3%||true|false\" global_colors_info=\"{}\"][\/et_pb_image][et_pb_code _builder_version=\"4.21.0\" _module_preset=\"default\" global_colors_info=\"{}\"]  <a href=\"https:\/\/bit.ly\/3YVyR2T\" target=\"_blank\" rel=\"noopener\"><!-- [et_pb_line_break_holder] -->    <img src=\"https:\/\/imgur.com\/0UEzdQQ.gif\" alt=\"Telam_1_Hora_Mas\"><!-- [et_pb_line_break_holder] -->  <\/a>[\/et_pb_code][et_pb_code _builder_version=\"4.21.0\" _module_preset=\"default\" custom_margin=\"3%||3%||true|false\" global_colors_info=\"{}\"]  <a href=\"https:\/\/derechoalfuturo.gba.gob.ar\/\" target=\"_blank\" rel=\"noopener\"><!-- [et_pb_line_break_holder] -->    <img src=\"https:\/\/imgur.com\/v6c3ktC.png\" alt=\"Descripci\u00f3n del GIF\"><!-- [et_pb_line_break_holder] -->  <\/a>[\/et_pb_code][et_pb_blog fullwidth=\"off\" posts_number=\"9\" include_categories=\"7,11,8,9,10\" meta_date=\"j M,Y\" use_manual_excerpt=\"off\" excerpt_length=\"80\" show_author=\"off\" show_categories=\"off\" show_pagination=\"off\" masonry_tile_background_color=\"#FFFFFF\" disabled_on=\"on|off|off\" module_class=\"pa-blog \" _builder_version=\"4.18.0\" header_font=\"|700|||||||\" header_text_color=\"#FFFFFF\" header_font_size=\"20px\" body_font=\"|600|||||||\" body_text_color=\"#FFFFFF\" meta_text_color=\"#FFFFFF\" read_more_text_color=\"#FFFFFF\" background_color=\"#FFFFFF\" min_height=\"2595.9px\" custom_margin=\"-9%||1%||false|false\" custom_margin_tablet=\"0%||||false|false\" custom_margin_phone=\"\" custom_margin_last_edited=\"on|desktop\" custom_padding=\"||0px|||\" header_text_shadow_style=\"preset3\" header_text_shadow_color=\"#000000\" body_text_shadow_style=\"preset3\" body_text_shadow_color=\"#000000\" meta_text_shadow_style=\"preset3\" meta_text_shadow_color=\"#000000\" border_color_all_image=\"#FFFFFF\" border_width_top_image=\"2px\" text_shadow_style=\"preset3\" text_shadow_blur_strength=\"0.54em\" text_shadow_color=\"#000000\" global_colors_info=\"{}\"][\/et_pb_blog][et_pb_code _builder_version=\"4.16\" _module_preset=\"default\" global_colors_info=\"{}\"]<style><!-- [et_pb_line_break_holder] -->  .pa-blog-text {<!-- [et_pb_line_break_holder] -->\tposition: absolute;<!-- [et_pb_line_break_holder] -->\ttop: 65%;<!-- [et_pb_line_break_holder] -->\tleft: 50%;<!-- [et_pb_line_break_holder] -->\ttransform: translate(-50%, -50%);<!-- [et_pb_line_break_holder] -->\twidth: 100%;<!-- [et_pb_line_break_holder] -->\tpadding: 20px;<!-- [et_pb_line_break_holder] -->\tz-index: 1;<!-- [et_pb_line_break_holder] -->}<!-- [et_pb_line_break_holder] --><!-- [et_pb_line_break_holder] --><!-- [et_pb_line_break_holder] -->\/*keep the moved items positioned with their parent items*\/<!-- [et_pb_line_break_holder] --><!-- [et_pb_line_break_holder] -->.et_pb_blog_grid article {<!-- [et_pb_line_break_holder] -->\tposition: relative;<!-- [et_pb_line_break_holder] --> <!-- [et_pb_line_break_holder] -->}<!-- [et_pb_line_break_holder] --><!-- [et_pb_line_break_holder] --><!-- [et_pb_line_break_holder] -->\/*remove spacing around entire blog post*\/<!-- [et_pb_line_break_holder] --><!-- [et_pb_line_break_holder] -->.et_pb_blog_grid .et_pb_post {<!-- [et_pb_line_break_holder] -->\tpadding: 0px;<!-- [et_pb_line_break_holder] -->}<!-- [et_pb_line_break_holder] --><!-- [et_pb_line_break_holder] --><!-- [et_pb_line_break_holder] -->\/*remove negative margins on blog featured image*\/<!-- [et_pb_line_break_holder] --><!-- [et_pb_line_break_holder] -->.et_pb_image_container {<!-- [et_pb_line_break_holder] -->\tmargin: 0;<!-- [et_pb_line_break_holder] -->}<!-- [et_pb_line_break_holder] --><!-- [et_pb_line_break_holder] --><!-- [et_pb_line_break_holder] -->\/*remove the margin below the featured image frame*\/<!-- [et_pb_line_break_holder] --><!-- [et_pb_line_break_holder] -->.et_pb_post .entry-featured-image-url {<!-- [et_pb_line_break_holder] -->\tmargin: 0;<!-- [et_pb_line_break_holder] -->}<!-- [et_pb_line_break_holder] --><!-- [et_pb_line_break_holder] --><!-- [et_pb_line_break_holder] --><!-- [et_pb_line_break_holder] -->.et_pb_blog_grid .entry-featured-image-url::before {<!-- [et_pb_line_break_holder] -->\tcontent: '';<!-- [et_pb_line_break_holder] -->\tposition: absolute;<!-- [et_pb_line_break_holder] -->\twidth: 100%;<!-- [et_pb_line_break_holder] -->\theight: 100%;<!-- [et_pb_line_break_holder] -->  overflow:hidden;<!-- [et_pb_line_break_holder] -->\tbackground-color: rgba(0, 0, 0, 0.25);<!-- [et_pb_line_break_holder] -->}<!-- [et_pb_line_break_holder] --><\/style>[\/et_pb_code][et_pb_code _builder_version=\"4.16\" global_colors_info=\"{}\"][\/et_pb_code][\/et_pb_column][\/et_pb_section][et_pb_section fb_built=\"1\" _builder_version=\"4.16\" background_enable_color=\"off\" custom_padding=\"0px||0px|||\" global_colors_info=\"{}\"][\/et_pb_section][et_pb_section fb_built=\"1\" _builder_version=\"4.16\" background_enable_color=\"off\" custom_padding=\"0px||0px|||\" global_colors_info=\"{}\"][et_pb_row column_structure=\"1_3,1_3,1_3\" use_custom_gutter=\"on\" _builder_version=\"4.16\" background_color=\"#033332\" global_colors_info=\"{}\"][et_pb_column type=\"1_3\" _builder_version=\"4.16\" global_colors_info=\"{}\"][et_pb_text _builder_version=\"4.21.0\" text_text_color=\"#FFFFFF\" text_font_size=\"15px\" text_line_height=\"1.3em\" header_text_color=\"#FFFFFF\" header_font_size=\"15px\" custom_margin=\"|||10%|false|false\" global_colors_info=\"{}\"]<h1><b>SECCIONES<\/b><\/h1>\n<a style=\"color: white;\" href=\"https:\/\/urbe.com.ar\/revista\/urbe\">Urbe<\/a>\n\n<a style=\"color: white;\" href=\"https:\/\/urbe.com.ar\/revista\/artificios\">Artificios<\/a>\n\n<a style=\"color: white;\" href=\"https:\/\/urbe.com.ar\/revista\/cultura\">Cultura<\/a>\n\n<a style=\"color: white;\" href=\"https:\/\/urbe.com.ar\/revista\/opinion\">Opini\u00f3n<\/a>[\/et_pb_text][et_pb_image src=\"https:\/\/urbe.com.ar\/revista\/wp-content\/uploads\/2022\/05\/Logo-Mecenazgo-2019-1.png\" alt=\"Logo  mecenazgo\" align=\"center\" _builder_version=\"4.17.4\" _module_preset=\"default\" custom_padding=\"2%|3%|2%|10%|true|false\" global_colors_info=\"{}\"][\/et_pb_image][et_pb_text _builder_version=\"4.21.0\" text_text_color=\"#FFFFFF\" text_font_size=\"15px\" header_text_color=\"#FFFFFF\" header_font_size=\"15px\" custom_margin=\"|||10%|false|false\" global_colors_info=\"{}\"]<h1><b>Nro de obra publicada - P\u00e1gina Web:<\/b><\/h1>\n<p>RE-2022-55412612-APN-DNDA#MJ<\/p>[\/et_pb_text][\/et_pb_column][et_pb_column type=\"1_3\" _builder_version=\"4.16\" custom_padding=\"||||false|false\" global_colors_info=\"{}\"][et_pb_text _builder_version=\"4.21.0\" text_text_color=\"#FFFFFF\" text_font_size=\"15px\" header_text_color=\"#FFFFFF\" header_font_size=\"15px\" header_2_font=\"|600|||||||\" header_2_text_align=\"left\" header_2_text_color=\"#ffffff\" header_2_font_size=\"22px\" header_2_line_height=\"0.9em\" custom_margin=\"|||10%|false|false\" global_colors_info=\"{}\"]<h2>CONTACTO<\/h2>\n<p>FUNDACION URBE<\/p> \n<p>CUIT 30644567156<\/p>\n<p>revista@urbe.com.ar<\/p>\n<p>Pringles 939, CABA<\/p>[\/et_pb_text][et_pb_code _builder_version=\"4.21.0\" _module_preset=\"default\" text_orientation=\"center\" global_colors_info=\"{}\"]<iframe src=\"https:\/\/www.google.com\/maps\/embed?pb=!1m18!1m12!1m3!1d3284.1313753128234!2d-58.4265986!3d-34.6008393!2m3!1f0!2f0!3f0!3m2!1i1024!2i768!4f13.1!3m3!1m2!1s0x95bcca652e21dc77%3A0xb60adfd06e718b57!2sPringles%20939%2C%20C1183%20CABA!5e0!3m2!1ses-419!2sar!4v1685977364464!5m2!1ses-419!2sar\" width=\"250\" height=\"250\" style=\"border:0;\" allowfullscreen=\"\" loading=\"lazy\" referrerpolicy=\"no-referrer-when-downgrade\"><\/iframe>[\/et_pb_code][et_pb_text _builder_version=\"4.21.0\" _module_preset=\"default\" global_colors_info=\"{}\"][\/et_pb_text][et_pb_signup mailchimp_list=\"818d09b04f\" last_name_field=\"off\" success_message=\"Gracias por suscribirte!\" title=\"SUSCRIBITE\" button_text=\"suscribirse\" disabled_on=\"on|on|on\" _builder_version=\"4.16\" header_level=\"h1\" header_font_size=\"15px\" header_line_height=\"1.2em\" body_text_align=\"left\" result_message_text_align=\"left\" result_message_font_size=\"15px\" background_enable_color=\"off\" use_background_color=\"off\" custom_button=\"on\" button_text_size=\"20px\" button_text_color=\"#009fad\" button_bg_color=\"#a4e3e9\" button_border_width=\"0px\" button_border_radius=\"0px\" max_width=\"55%\" custom_margin=\"10%|||10%|false|false\" border_radii_fields=\"on|0px|0px|0px|0px\" disabled=\"on\" global_colors_info=\"{}\"][\/et_pb_signup][\/et_pb_column][et_pb_column type=\"1_3\" _builder_version=\"4.16\" global_colors_info=\"{}\"][et_pb_text _builder_version=\"4.21.0\" text_text_color=\"#FFFFFF\" header_text_color=\"#FFFFFF\" custom_margin=\"|||10%|false|false\" global_colors_info=\"{}\"]<h1>LINKS<\/h1>\n<p><a style=\"color: inherit\"  href=\"https:\/\/filfem.com.ar\">filfem.com.ar<\/a><\/p>\n<p ><a style=\"color: inherit\" href=\"https:\/\/urbe.com.ar\/wp\">urbe.com.ar <\/a><\/p>\n<p ><a style=\"color: inherit\" href=\"https:\/\/buenosaires.gob.ar\">www.buenosaires.gob.ar <\/a><\/p>[\/et_pb_text][et_pb_social_media_follow _builder_version=\"4.16\" custom_margin=\"10%|||10%|false|false\" global_colors_info=\"{}\"][et_pb_social_media_follow_network social_network=\"instagram\" url=\"https:\/\/www.instagram.com\/revistaurbe\/?igshid=osawef034cfi\" icon_color=\"#033332\" _builder_version=\"4.16\" background_color=\"#FFFFFF\" background_enable_color=\"on\" border_radii=\"on|25px|25px|25px|25px\" global_colors_info=\"{}\" follow_button=\"off\" url_new_window=\"on\"]instagram[\/et_pb_social_media_follow_network][et_pb_social_media_follow_network social_network=\"twitter\" url=\"https:\/\/twitter.com\/Revistaurbe_?s=12\" icon_color=\"#033332\" _builder_version=\"4.16\" background_color=\"#FFFFFF\" background_enable_color=\"on\" border_radii=\"on|25px|25px|25px|25px\" global_colors_info=\"{}\" follow_button=\"off\" url_new_window=\"on\"]twitter[\/et_pb_social_media_follow_network][\/et_pb_social_media_follow][et_pb_code _builder_version=\"4.21.0\" _module_preset=\"default\" text_orientation=\"right\" custom_margin=\"0px||||false|false\" custom_padding=\"|||20px|false|false\" global_colors_info=\"{}\"][wps_visitor_counter][\/et_pb_code][\/et_pb_column][\/et_pb_row][\/et_pb_section][et_pb_section fb_built=\"1\" _builder_version=\"4.22.2\" _module_preset=\"default\" global_colors_info=\"{}\"][et_pb_row _builder_version=\"4.22.2\" _module_preset=\"default\" global_colors_info=\"{}\"][et_pb_column type=\"4_4\" _builder_version=\"4.22.2\" _module_preset=\"default\" global_colors_info=\"{}\"][\/et_pb_column][\/et_pb_row][\/et_pb_section]","_et_gb_content_width":"1080","_jetpack_memberships_contains_paid_content":false,"footnotes":""},"categories":[8],"tags":[],"class_list":["post-9329","post","type-post","status-publish","format-standard","has-post-thumbnail","hentry","category-feminismo"],"yoast_head":"<!-- This site is optimized with the Yoast SEO plugin v27.4 - https:\/\/yoast.com\/product\/yoast-seo-wordpress\/ -->\n<title>Un an\u00e1lisis de las periferias de la heteronorma - Revista Urbe<\/title>\n<meta name=\"robots\" content=\"index, follow, max-snippet:-1, max-image-preview:large, max-video-preview:-1\" \/>\n<link rel=\"canonical\" href=\"https:\/\/urbe.com.ar\/revista\/un-analisis-de-las-periferias-de-la-heteronorma\/\" \/>\n<meta property=\"og:locale\" content=\"es_ES\" \/>\n<meta property=\"og:type\" content=\"article\" \/>\n<meta property=\"og:title\" content=\"Un an\u00e1lisis de las periferias de la heteronorma - Revista Urbe\" \/>\n<meta property=\"og:description\" content=\"Por Valentina Cavalotti Velasco\" \/>\n<meta property=\"og:url\" content=\"https:\/\/urbe.com.ar\/revista\/un-analisis-de-las-periferias-de-la-heteronorma\/\" \/>\n<meta property=\"og:site_name\" content=\"Revista Urbe\" \/>\n<meta property=\"article:published_time\" content=\"2024-03-11T15:47:47+00:00\" \/>\n<meta property=\"article:modified_time\" content=\"2024-03-11T15:47:51+00:00\" \/>\n<meta property=\"og:image\" content=\"https:\/\/urbe.com.ar\/revista\/wp-content\/uploads\/2024\/03\/miniatura-1-1024x922.png\" \/>\n\t<meta property=\"og:image:width\" content=\"1024\" \/>\n\t<meta property=\"og:image:height\" content=\"922\" \/>\n\t<meta property=\"og:image:type\" content=\"image\/png\" \/>\n<meta name=\"author\" content=\"Alejo Bernhardt\" \/>\n<meta name=\"twitter:card\" content=\"summary_large_image\" \/>\n<meta name=\"twitter:creator\" content=\"@Revistaurbe_\" \/>\n<meta name=\"twitter:site\" content=\"@Revistaurbe_\" \/>\n<meta name=\"twitter:label1\" content=\"Escrito por\" \/>\n\t<meta name=\"twitter:data1\" content=\"Alejo Bernhardt\" \/>\n\t<meta name=\"twitter:label2\" content=\"Tiempo de lectura\" \/>\n\t<meta name=\"twitter:data2\" content=\"11 minutos\" \/>\n<script type=\"application\/ld+json\" class=\"yoast-schema-graph\">{\"@context\":\"https:\\\/\\\/schema.org\",\"@graph\":[{\"@type\":\"Article\",\"@id\":\"https:\\\/\\\/urbe.com.ar\\\/revista\\\/un-analisis-de-las-periferias-de-la-heteronorma\\\/#article\",\"isPartOf\":{\"@id\":\"https:\\\/\\\/urbe.com.ar\\\/revista\\\/un-analisis-de-las-periferias-de-la-heteronorma\\\/\"},\"author\":{\"name\":\"Alejo Bernhardt\",\"@id\":\"https:\\\/\\\/urbe.com.ar\\\/revista\\\/#\\\/schema\\\/person\\\/4ddcf051fa628850264f4c6d61f63ee2\"},\"headline\":\"Un an\u00e1lisis de las periferias de la heteronorma\",\"datePublished\":\"2024-03-11T15:47:47+00:00\",\"dateModified\":\"2024-03-11T15:47:51+00:00\",\"mainEntityOfPage\":{\"@id\":\"https:\\\/\\\/urbe.com.ar\\\/revista\\\/un-analisis-de-las-periferias-de-la-heteronorma\\\/\"},\"wordCount\":3125,\"image\":{\"@id\":\"https:\\\/\\\/urbe.com.ar\\\/revista\\\/un-analisis-de-las-periferias-de-la-heteronorma\\\/#primaryimage\"},\"thumbnailUrl\":\"https:\\\/\\\/i0.wp.com\\\/urbe.com.ar\\\/revista\\\/wp-content\\\/uploads\\\/2024\\\/03\\\/miniatura-1.png?fit=2551%2C2297&ssl=1\",\"articleSection\":[\"FEMINISMO\"],\"inLanguage\":\"es\"},{\"@type\":\"WebPage\",\"@id\":\"https:\\\/\\\/urbe.com.ar\\\/revista\\\/un-analisis-de-las-periferias-de-la-heteronorma\\\/\",\"url\":\"https:\\\/\\\/urbe.com.ar\\\/revista\\\/un-analisis-de-las-periferias-de-la-heteronorma\\\/\",\"name\":\"Un an\u00e1lisis de las periferias de la heteronorma - Revista Urbe\",\"isPartOf\":{\"@id\":\"https:\\\/\\\/urbe.com.ar\\\/revista\\\/#website\"},\"primaryImageOfPage\":{\"@id\":\"https:\\\/\\\/urbe.com.ar\\\/revista\\\/un-analisis-de-las-periferias-de-la-heteronorma\\\/#primaryimage\"},\"image\":{\"@id\":\"https:\\\/\\\/urbe.com.ar\\\/revista\\\/un-analisis-de-las-periferias-de-la-heteronorma\\\/#primaryimage\"},\"thumbnailUrl\":\"https:\\\/\\\/i0.wp.com\\\/urbe.com.ar\\\/revista\\\/wp-content\\\/uploads\\\/2024\\\/03\\\/miniatura-1.png?fit=2551%2C2297&ssl=1\",\"datePublished\":\"2024-03-11T15:47:47+00:00\",\"dateModified\":\"2024-03-11T15:47:51+00:00\",\"author\":{\"@id\":\"https:\\\/\\\/urbe.com.ar\\\/revista\\\/#\\\/schema\\\/person\\\/4ddcf051fa628850264f4c6d61f63ee2\"},\"breadcrumb\":{\"@id\":\"https:\\\/\\\/urbe.com.ar\\\/revista\\\/un-analisis-de-las-periferias-de-la-heteronorma\\\/#breadcrumb\"},\"inLanguage\":\"es\",\"potentialAction\":[{\"@type\":\"ReadAction\",\"target\":[\"https:\\\/\\\/urbe.com.ar\\\/revista\\\/un-analisis-de-las-periferias-de-la-heteronorma\\\/\"]}]},{\"@type\":\"ImageObject\",\"inLanguage\":\"es\",\"@id\":\"https:\\\/\\\/urbe.com.ar\\\/revista\\\/un-analisis-de-las-periferias-de-la-heteronorma\\\/#primaryimage\",\"url\":\"https:\\\/\\\/i0.wp.com\\\/urbe.com.ar\\\/revista\\\/wp-content\\\/uploads\\\/2024\\\/03\\\/miniatura-1.png?fit=2551%2C2297&ssl=1\",\"contentUrl\":\"https:\\\/\\\/i0.wp.com\\\/urbe.com.ar\\\/revista\\\/wp-content\\\/uploads\\\/2024\\\/03\\\/miniatura-1.png?fit=2551%2C2297&ssl=1\",\"width\":2551,\"height\":2297},{\"@type\":\"BreadcrumbList\",\"@id\":\"https:\\\/\\\/urbe.com.ar\\\/revista\\\/un-analisis-de-las-periferias-de-la-heteronorma\\\/#breadcrumb\",\"itemListElement\":[{\"@type\":\"ListItem\",\"position\":1,\"name\":\"Portada\",\"item\":\"https:\\\/\\\/urbe.com.ar\\\/revista\\\/\"},{\"@type\":\"ListItem\",\"position\":2,\"name\":\"Un an\u00e1lisis de las periferias de la heteronorma\"}]},{\"@type\":\"WebSite\",\"@id\":\"https:\\\/\\\/urbe.com.ar\\\/revista\\\/#website\",\"url\":\"https:\\\/\\\/urbe.com.ar\\\/revista\\\/\",\"name\":\"Revista Urbe\",\"description\":\"\",\"potentialAction\":[{\"@type\":\"SearchAction\",\"target\":{\"@type\":\"EntryPoint\",\"urlTemplate\":\"https:\\\/\\\/urbe.com.ar\\\/revista\\\/?s={search_term_string}\"},\"query-input\":{\"@type\":\"PropertyValueSpecification\",\"valueRequired\":true,\"valueName\":\"search_term_string\"}}],\"inLanguage\":\"es\"},{\"@type\":\"Person\",\"@id\":\"https:\\\/\\\/urbe.com.ar\\\/revista\\\/#\\\/schema\\\/person\\\/4ddcf051fa628850264f4c6d61f63ee2\",\"name\":\"Alejo Bernhardt\",\"image\":{\"@type\":\"ImageObject\",\"inLanguage\":\"es\",\"@id\":\"https:\\\/\\\/secure.gravatar.com\\\/avatar\\\/e17892015a0b2fe0e47a8387056c05584647b09de53f1ac00adae78b2f4fb443?s=96&d=mm&r=g\",\"url\":\"https:\\\/\\\/secure.gravatar.com\\\/avatar\\\/e17892015a0b2fe0e47a8387056c05584647b09de53f1ac00adae78b2f4fb443?s=96&d=mm&r=g\",\"contentUrl\":\"https:\\\/\\\/secure.gravatar.com\\\/avatar\\\/e17892015a0b2fe0e47a8387056c05584647b09de53f1ac00adae78b2f4fb443?s=96&d=mm&r=g\",\"caption\":\"Alejo Bernhardt\"},\"url\":\"https:\\\/\\\/urbe.com.ar\\\/revista\\\/author\\\/alejo-bernhardt\\\/\"}]}<\/script>\n<!-- \/ Yoast SEO plugin. -->","yoast_head_json":{"title":"Un an\u00e1lisis de las periferias de la heteronorma - Revista Urbe","robots":{"index":"index","follow":"follow","max-snippet":"max-snippet:-1","max-image-preview":"max-image-preview:large","max-video-preview":"max-video-preview:-1"},"canonical":"https:\/\/urbe.com.ar\/revista\/un-analisis-de-las-periferias-de-la-heteronorma\/","og_locale":"es_ES","og_type":"article","og_title":"Un an\u00e1lisis de las periferias de la heteronorma - Revista Urbe","og_description":"Por Valentina Cavalotti Velasco","og_url":"https:\/\/urbe.com.ar\/revista\/un-analisis-de-las-periferias-de-la-heteronorma\/","og_site_name":"Revista Urbe","article_published_time":"2024-03-11T15:47:47+00:00","article_modified_time":"2024-03-11T15:47:51+00:00","og_image":[{"width":1024,"height":922,"url":"https:\/\/urbe.com.ar\/revista\/wp-content\/uploads\/2024\/03\/miniatura-1-1024x922.png","type":"image\/png"}],"author":"Alejo Bernhardt","twitter_card":"summary_large_image","twitter_creator":"@Revistaurbe_","twitter_site":"@Revistaurbe_","twitter_misc":{"Escrito por":"Alejo Bernhardt","Tiempo de lectura":"11 minutos"},"schema":{"@context":"https:\/\/schema.org","@graph":[{"@type":"Article","@id":"https:\/\/urbe.com.ar\/revista\/un-analisis-de-las-periferias-de-la-heteronorma\/#article","isPartOf":{"@id":"https:\/\/urbe.com.ar\/revista\/un-analisis-de-las-periferias-de-la-heteronorma\/"},"author":{"name":"Alejo Bernhardt","@id":"https:\/\/urbe.com.ar\/revista\/#\/schema\/person\/4ddcf051fa628850264f4c6d61f63ee2"},"headline":"Un an\u00e1lisis de las periferias de la heteronorma","datePublished":"2024-03-11T15:47:47+00:00","dateModified":"2024-03-11T15:47:51+00:00","mainEntityOfPage":{"@id":"https:\/\/urbe.com.ar\/revista\/un-analisis-de-las-periferias-de-la-heteronorma\/"},"wordCount":3125,"image":{"@id":"https:\/\/urbe.com.ar\/revista\/un-analisis-de-las-periferias-de-la-heteronorma\/#primaryimage"},"thumbnailUrl":"https:\/\/i0.wp.com\/urbe.com.ar\/revista\/wp-content\/uploads\/2024\/03\/miniatura-1.png?fit=2551%2C2297&ssl=1","articleSection":["FEMINISMO"],"inLanguage":"es"},{"@type":"WebPage","@id":"https:\/\/urbe.com.ar\/revista\/un-analisis-de-las-periferias-de-la-heteronorma\/","url":"https:\/\/urbe.com.ar\/revista\/un-analisis-de-las-periferias-de-la-heteronorma\/","name":"Un an\u00e1lisis de las periferias de la heteronorma - Revista Urbe","isPartOf":{"@id":"https:\/\/urbe.com.ar\/revista\/#website"},"primaryImageOfPage":{"@id":"https:\/\/urbe.com.ar\/revista\/un-analisis-de-las-periferias-de-la-heteronorma\/#primaryimage"},"image":{"@id":"https:\/\/urbe.com.ar\/revista\/un-analisis-de-las-periferias-de-la-heteronorma\/#primaryimage"},"thumbnailUrl":"https:\/\/i0.wp.com\/urbe.com.ar\/revista\/wp-content\/uploads\/2024\/03\/miniatura-1.png?fit=2551%2C2297&ssl=1","datePublished":"2024-03-11T15:47:47+00:00","dateModified":"2024-03-11T15:47:51+00:00","author":{"@id":"https:\/\/urbe.com.ar\/revista\/#\/schema\/person\/4ddcf051fa628850264f4c6d61f63ee2"},"breadcrumb":{"@id":"https:\/\/urbe.com.ar\/revista\/un-analisis-de-las-periferias-de-la-heteronorma\/#breadcrumb"},"inLanguage":"es","potentialAction":[{"@type":"ReadAction","target":["https:\/\/urbe.com.ar\/revista\/un-analisis-de-las-periferias-de-la-heteronorma\/"]}]},{"@type":"ImageObject","inLanguage":"es","@id":"https:\/\/urbe.com.ar\/revista\/un-analisis-de-las-periferias-de-la-heteronorma\/#primaryimage","url":"https:\/\/i0.wp.com\/urbe.com.ar\/revista\/wp-content\/uploads\/2024\/03\/miniatura-1.png?fit=2551%2C2297&ssl=1","contentUrl":"https:\/\/i0.wp.com\/urbe.com.ar\/revista\/wp-content\/uploads\/2024\/03\/miniatura-1.png?fit=2551%2C2297&ssl=1","width":2551,"height":2297},{"@type":"BreadcrumbList","@id":"https:\/\/urbe.com.ar\/revista\/un-analisis-de-las-periferias-de-la-heteronorma\/#breadcrumb","itemListElement":[{"@type":"ListItem","position":1,"name":"Portada","item":"https:\/\/urbe.com.ar\/revista\/"},{"@type":"ListItem","position":2,"name":"Un an\u00e1lisis de las periferias de la heteronorma"}]},{"@type":"WebSite","@id":"https:\/\/urbe.com.ar\/revista\/#website","url":"https:\/\/urbe.com.ar\/revista\/","name":"Revista Urbe","description":"","potentialAction":[{"@type":"SearchAction","target":{"@type":"EntryPoint","urlTemplate":"https:\/\/urbe.com.ar\/revista\/?s={search_term_string}"},"query-input":{"@type":"PropertyValueSpecification","valueRequired":true,"valueName":"search_term_string"}}],"inLanguage":"es"},{"@type":"Person","@id":"https:\/\/urbe.com.ar\/revista\/#\/schema\/person\/4ddcf051fa628850264f4c6d61f63ee2","name":"Alejo Bernhardt","image":{"@type":"ImageObject","inLanguage":"es","@id":"https:\/\/secure.gravatar.com\/avatar\/e17892015a0b2fe0e47a8387056c05584647b09de53f1ac00adae78b2f4fb443?s=96&d=mm&r=g","url":"https:\/\/secure.gravatar.com\/avatar\/e17892015a0b2fe0e47a8387056c05584647b09de53f1ac00adae78b2f4fb443?s=96&d=mm&r=g","contentUrl":"https:\/\/secure.gravatar.com\/avatar\/e17892015a0b2fe0e47a8387056c05584647b09de53f1ac00adae78b2f4fb443?s=96&d=mm&r=g","caption":"Alejo Bernhardt"},"url":"https:\/\/urbe.com.ar\/revista\/author\/alejo-bernhardt\/"}]}},"jetpack_featured_media_url":"https:\/\/i0.wp.com\/urbe.com.ar\/revista\/wp-content\/uploads\/2024\/03\/miniatura-1.png?fit=2551%2C2297&ssl=1","jetpack_sharing_enabled":true,"_links":{"self":[{"href":"https:\/\/urbe.com.ar\/revista\/wp-json\/wp\/v2\/posts\/9329","targetHints":{"allow":["GET"]}}],"collection":[{"href":"https:\/\/urbe.com.ar\/revista\/wp-json\/wp\/v2\/posts"}],"about":[{"href":"https:\/\/urbe.com.ar\/revista\/wp-json\/wp\/v2\/types\/post"}],"author":[{"embeddable":true,"href":"https:\/\/urbe.com.ar\/revista\/wp-json\/wp\/v2\/users\/10"}],"replies":[{"embeddable":true,"href":"https:\/\/urbe.com.ar\/revista\/wp-json\/wp\/v2\/comments?post=9329"}],"version-history":[{"count":7,"href":"https:\/\/urbe.com.ar\/revista\/wp-json\/wp\/v2\/posts\/9329\/revisions"}],"predecessor-version":[{"id":9341,"href":"https:\/\/urbe.com.ar\/revista\/wp-json\/wp\/v2\/posts\/9329\/revisions\/9341"}],"wp:featuredmedia":[{"embeddable":true,"href":"https:\/\/urbe.com.ar\/revista\/wp-json\/wp\/v2\/media\/9340"}],"wp:attachment":[{"href":"https:\/\/urbe.com.ar\/revista\/wp-json\/wp\/v2\/media?parent=9329"}],"wp:term":[{"taxonomy":"category","embeddable":true,"href":"https:\/\/urbe.com.ar\/revista\/wp-json\/wp\/v2\/categories?post=9329"},{"taxonomy":"post_tag","embeddable":true,"href":"https:\/\/urbe.com.ar\/revista\/wp-json\/wp\/v2\/tags?post=9329"}],"curies":[{"name":"wp","href":"https:\/\/api.w.org\/{rel}","templated":true}]}}