	
	
		

	
		
										
	
				
			
	{"id":9315,"date":"2024-03-09T15:01:21","date_gmt":"2024-03-09T15:01:21","guid":{"rendered":"https:\/\/urbe.com.ar\/revista\/?p=9315"},"modified":"2024-03-09T15:01:24","modified_gmt":"2024-03-09T15:01:24","slug":"la-reconstruccion-del-peronismo","status":"publish","type":"post","link":"https:\/\/urbe.com.ar\/revista\/la-reconstruccion-del-peronismo\/","title":{"rendered":"La reconstrucci\u00f3n del peronismo es con nuevos modales"},"content":{"rendered":"\n[et_pb_section fb_built=\u00bb1&#8243; disabled_on=\u00bbon|on|on\u00bb _builder_version=\u00bb4.20.0&#8243; hover_enabled=\u00bb0&#8243; disabled=\u00bbon\u00bb global_colors_info=\u00bb{}\u00bb sticky_enabled=\u00bb0&#8243;][\/et_pb_section][et_pb_section fb_built=\u00bb1&#8243; use_custom_gutter=\u00bbon\u00bb gutter_width=\u00bb1&#8243; specialty=\u00bbon\u00bb padding_left_2=\u00bb1%\u00bb padding_top_bottom_link_1=\u00bbfalse\u00bb padding_top_bottom_link_2=\u00bbfalse\u00bb padding_left_right_link_1=\u00bbfalse\u00bb padding_left_right_link_2=\u00bbfalse\u00bb _builder_version=\u00bb4.18.0&#8243; custom_padding=\u00bb0px|0px|0px|||\u00bb global_colors_info=\u00bb{}\u00bb][et_pb_column type=\u00bb2_3&#8243; specialty_columns=\u00bb2&#8243; _builder_version=\u00bb4.16&#8243; custom_padding=\u00bb|||\u00bb global_colors_info=\u00bb{}\u00bb custom_padding__hover=\u00bb|||\u00bb][et_pb_row_inner _builder_version=\u00bb4.22.2&#8243; background_color=\u00bb#ffffff\u00bb background_enable_image=\u00bboff\u00bb custom_margin=\u00bb40px||20px||false|false\u00bb custom_padding=\u00bb12px|0px|12px|0px|true|true\u00bb border_color_left=\u00bb#F2AF46&#8243; global_colors_info=\u00bb{}\u00bb][et_pb_column_inner saved_specialty_column_type=\u00bb2_3&#8243; _builder_version=\u00bb4.18.0&#8243; global_colors_info=\u00bb{}\u00bb][et_pb_text _builder_version=\u00bb4.24.0&#8243; text_font=\u00bbTitillium Web|600|||||||\u00bb text_text_color=\u00bb#000000&#8243; text_font_size=\u00bb18px\u00bb header_text_align=\u00bbcenter\u00bb header_font_size=\u00bb35px\u00bb background_color=\u00bbRGBA(255,255,255,0)\u00bb background_layout=\u00bbdark\u00bb custom_margin=\u00bb2%|0%|2%|0%|true|true\u00bb custom_padding=\u00bb|||13px|false|false\u00bb border_color_all=\u00bb#FFFFFF\u00bb border_width_left=\u00bb6px\u00bb border_color_left=\u00bb#F2AF46&#8243; global_colors_info=\u00bb{}\u00bb]<p><strong>Pol\u00edtica<\/strong><\/p>[\/et_pb_text][et_pb_text _builder_version=\u00bb4.24.0&#8243; text_font=\u00bbTitillium Web|300|||||||\u00bb text_text_color=\u00bb#000000&#8243; text_line_height=\u00bb1.4em\u00bb header_font=\u00bb|700||on|||||\u00bb header_text_align=\u00bbleft\u00bb header_text_color=\u00bb#272727&#8243; header_font_size=\u00bb57px\u00bb background_color=\u00bbRGBA(255,255,255,0)\u00bb background_enable_image=\u00bboff\u00bb background_size=\u00bbstretch\u00bb width=\u00bb100%\u00bb module_alignment=\u00bbleft\u00bb min_height=\u00bb71px\u00bb custom_margin=\u00bb3%|0%|3%|0%|true|true\u00bb custom_padding=\u00bb|0%|0px|0%|false|true\u00bb global_colors_info=\u00bb{}\u00bb]<h1>la reconstrucci\u00f3n del peronismo es con nuevos modales<\/h1>[\/et_pb_text][et_pb_text _builder_version=\u00bb4.24.0&#8243; text_font=\u00bbTitillium Web||||||||\u00bb text_text_color=\u00bb#000000&#8243; text_font_size=\u00bb18px\u00bb header_text_align=\u00bbcenter\u00bb header_text_color=\u00bb#057E7E\u00bb header_font_size=\u00bb35px\u00bb text_orientation=\u00bbjustified\u00bb custom_margin=\u00bb2%|0%|2%|0%|true|true\u00bb custom_padding=\u00bb|||13px|false|false\u00bb border_width_left=\u00bb6px\u00bb border_color_left=\u00bb#F2AF46&#8243; global_colors_info=\u00bb{}\u00bb]<p>Por <b>Federico Mochi<\/b><br \/><span style=\"font-size: small;\">09 de marzo de 2024<\/span><\/p>[\/et_pb_text][et_pb_image src=\u00bbhttps:\/\/urbe.com.ar\/revista\/wp-content\/uploads\/2024\/03\/imagen-mochi.png\u00bb title_text=\u00bbimagen mochi\u00bb disabled_on=\u00bboff|off|off\u00bb _builder_version=\u00bb4.24.0&#8243; background_enable_image=\u00bboff\u00bb custom_margin=\u00bb5%|0%|5%|0%|true|true\u00bb custom_margin_tablet=\u00bb\u00bb custom_margin_phone=\u00bb6%|0%|6%|0%|true|true\u00bb custom_margin_last_edited=\u00bbon|phone\u00bb global_colors_info=\u00bb{}\u00bb][\/et_pb_image][\/et_pb_column_inner][\/et_pb_row_inner][et_pb_row_inner use_custom_gutter=\u00bbon\u00bb gutter_width=\u00bb1&#8243; make_equal=\u00bbon\u00bb disabled_on=\u00bboff|on|on\u00bb _builder_version=\u00bb4.16&#8243; background_color=\u00bb#ffffff\u00bb custom_margin=\u00bb||||false|false\u00bb custom_padding=\u00bb0px||0px|0%|false|false\u00bb locked=\u00bboff\u00bb global_colors_info=\u00bb{}\u00bb][et_pb_column_inner saved_specialty_column_type=\u00bb2_3&#8243; _builder_version=\u00bb4.16&#8243; background_color=\u00bb#ffffff\u00bb global_colors_info=\u00bb{}\u00bb][et_pb_code disabled_on=\u00bboff|off|off\u00bb _builder_version=\u00bb4.16&#8243; _module_preset=\u00bbdefault\u00bb text_orientation=\u00bbcenter\u00bb width=\u00bb100%\u00bb width_tablet=\u00bb\u00bb width_phone=\u00bb100%\u00bb width_last_edited=\u00bbon|phone\u00bb max_width=\u00bb100%\u00bb max_width_tablet=\u00bb\u00bb max_width_phone=\u00bb\u00bb max_width_last_edited=\u00bbon|tablet\u00bb module_alignment=\u00bbright\u00bb custom_margin_tablet=\u00bb\u00bb custom_margin_phone=\u00bb\u00bb custom_margin_last_edited=\u00bbon|phone\u00bb module_alignment_tablet=\u00bb\u00bb module_alignment_phone=\u00bbcenter\u00bb module_alignment_last_edited=\u00bbon|desktop\u00bb global_colors_info=\u00bb{}\u00bb]<div class=\"addtoany_shortcode\"><div class=\"a2a_kit a2a_kit_size_32 addtoany_list\" data-a2a-url=\"https:\/\/urbe.com.ar\/revista\/la-reconstruccion-del-peronismo\/\" data-a2a-title=\"La reconstrucci\u00f3n del peronismo es con nuevos modales\"><a class=\"a2a_button_facebook\" href=\"https:\/\/www.addtoany.com\/add_to\/facebook?linkurl=https%3A%2F%2Furbe.com.ar%2Frevista%2Fla-reconstruccion-del-peronismo%2F&amp;linkname=La%20reconstrucci%C3%B3n%20del%20peronismo%20es%20con%20nuevos%20modales\" title=\"Facebook\" rel=\"nofollow noopener\" target=\"_blank\"><\/a><a class=\"a2a_button_whatsapp\" href=\"https:\/\/www.addtoany.com\/add_to\/whatsapp?linkurl=https%3A%2F%2Furbe.com.ar%2Frevista%2Fla-reconstruccion-del-peronismo%2F&amp;linkname=La%20reconstrucci%C3%B3n%20del%20peronismo%20es%20con%20nuevos%20modales\" title=\"WhatsApp\" rel=\"nofollow noopener\" target=\"_blank\"><\/a><a class=\"a2a_button_twitter\" href=\"https:\/\/www.addtoany.com\/add_to\/twitter?linkurl=https%3A%2F%2Furbe.com.ar%2Frevista%2Fla-reconstruccion-del-peronismo%2F&amp;linkname=La%20reconstrucci%C3%B3n%20del%20peronismo%20es%20con%20nuevos%20modales\" title=\"Twitter\" rel=\"nofollow noopener\" target=\"_blank\"><\/a><a class=\"a2a_button_email\" href=\"https:\/\/www.addtoany.com\/add_to\/email?linkurl=https%3A%2F%2Furbe.com.ar%2Frevista%2Fla-reconstruccion-del-peronismo%2F&amp;linkname=La%20reconstrucci%C3%B3n%20del%20peronismo%20es%20con%20nuevos%20modales\" title=\"Email\" rel=\"nofollow noopener\" target=\"_blank\"><\/a><a class=\"a2a_button_copy_link\" href=\"https:\/\/www.addtoany.com\/add_to\/copy_link?linkurl=https%3A%2F%2Furbe.com.ar%2Frevista%2Fla-reconstruccion-del-peronismo%2F&amp;linkname=La%20reconstrucci%C3%B3n%20del%20peronismo%20es%20con%20nuevos%20modales\" title=\"Copy Link\" rel=\"nofollow noopener\" target=\"_blank\"><\/a><\/div><\/div>[\/et_pb_code][\/et_pb_column_inner][\/et_pb_row_inner][et_pb_row_inner _builder_version=\u00bb4.24.0&#8243; background_color=\u00bb#ffffff\u00bb custom_padding=\u00bb0px||3px|0px||\u00bb global_colors_info=\u00bb{}\u00bb][et_pb_column_inner saved_specialty_column_type=\u00bb2_3&#8243; _builder_version=\u00bb4.16&#8243; global_colors_info=\u00bb{}\u00bb][et_pb_text admin_label=\u00bbParrafo 1&#8243; _builder_version=\u00bb4.24.0&#8243; text_font=\u00bbTitillium Web||||||||\u00bb text_text_color=\u00bb#000000&#8243; text_font_size=\u00bb17px\u00bb text_line_height=\u00bb2em\u00bb custom_margin=\u00bb2%|0%|2%|0%|true|true\u00bb custom_padding=\u00bb||0px|||\u00bb text_font_size_tablet=\u00bb17px\u00bb text_font_size_phone=\u00bb16px\u00bb text_font_size_last_edited=\u00bbon|phone\u00bb locked=\u00bboff\u00bb inline_fonts=\u00bbRubik,Alkalami,Titillium Web\u00bb global_colors_info=\u00bb{}\u00bb]<p><span style=\"font-weight: 400;\">Humilde aporte ante el debate recontra interno de estos d\u00eda, suscitado por notas, contra-notas, operaciones y contra-operaciones. Con el fin de repensar lo que haga falta en tiempos de mierda.\u00a0\u00a0<\/span><\/p>\n<p><span style=\"font-weight: 400;\">La victoria liberal abre una nueva etapa en el peronismo: nadie tiene la vaca atada. Entender eso implica aceptar cr\u00edticas, contrapuntos y dejar \u201cjugar\u201d a quien quiera. Armar, construir y proponer no puede ser nunca un pecado. Al contrario, es lo que hace falta: cuadros pol\u00edticos que pateen al arco.<\/span><\/p>\n<p>\u00a0<span style=\"font-weight: 400;\">La identidad kirchnerista (que no tiene registro de marca) expresa una etapa fundamental del peronismo, en especial por la capacidad de convocatoria que tuvo para quienes nos sumamos a militar\u00a0 con la referencia y las ideas de N\u00e9stor y Cristina, pero es preocupante que en el \u00faltimo tiempo se haya vuelto una vara para medir a compa\u00f1eros de parte de quienes se creen due\u00f1os de nuestra identidad pol\u00edtica. No somos traidores quienes tenemos opiniones y acciones militantes en disidencia con la conducci\u00f3n de la C\u00e1mpora. Hay que dejar de ver operaciones y contra-operaciones en cada aporte de un compa\u00f1ero: a veces la rosca nos nubla la pol\u00edtica.\u00a0<\/span><\/p>\n<p><span style=\"font-weight: 400;\">Si una columna de Tom\u00e1s Rebord representa <\/span><i><span style=\"font-weight: 400;\">algo<\/span><\/i><span style=\"font-weight: 400;\">, lejos de hablar mal de \u00e9l, habla mal de nosotros, que haciendo pol\u00edtica dejamos de representar a alguien para hablarnos a nosotros mismos, o peor a\u00fan, para intentar parecernos de una forma poco original a Rebord. Hoy lo genuino llega, y los que est\u00e1n relatando a nuestra generaci\u00f3n nos est\u00e1n dando una mano inmensa ante la carencia de liderazgos \u201corg\u00e1nicos\u201d.\u00a0<\/span><\/p>\n<p><span style=\"font-weight: 400;\">Si venimos de un gobierno que fue conservador y tenemos una dirigencia que no sabe afrontar esta etapa, <\/span><b>entonces habr\u00e1 que aceptar que todo est\u00e1 en discusi\u00f3n<\/b><span style=\"font-weight: 400;\">. Es un tiempo para volver a ser audaces, para repensar todos los par\u00e1metros que ten\u00edamos hasta ahora y para rediscutir c\u00f3mo se toman las decisiones en nuestro movimiento. Por eso est\u00e1 bien lo que hacen compa\u00f1eros como Guillermo Moreno o Juan Grabois desde lugares distintos: hay que plantear nuevas ideas y nuevos \u00e1mbitos.<\/span><\/p>\n<p><span style=\"font-weight: 400;\">Tambi\u00e9n es una etapa para <\/span><i><span style=\"font-weight: 400;\">pensar<\/span><\/i><span style=\"font-weight: 400;\"> sin hablar tanto, y para producir programas de gobierno (algo que nos falt\u00f3 en la \u00faltima gesti\u00f3n). La pol\u00edtica no puede volverse un lugar para \u201cpegarla\u201d o meter un tweet viral. No, el dirigente pol\u00edtico tiene el desaf\u00edo de ser algo m\u00e1s profundo y menos superficial: hay que terminar de definir un proyecto de pa\u00eds, y no nos va a entrar en 280 caracteres.\u00a0<\/span><\/p>\n<p><span style=\"font-weight: 400;\">Lamentablemente, estos \u201cdebates internos\u201d se dan en un contexto complicado donde el pueblo argentino sufre la alta inflaci\u00f3n, el desempleo y la imposibilidad de sostenerse econ\u00f3micamente. Quienes no vivimos el 2001 en una edad para comprenderlo pol\u00edticamente, hoy estamos atravesando el peor momento posible. Pese a eso, <\/span><b>tenemos la tarea de formarnos, discutir e intentar conformar algo que vuelva a convencer a alguien<\/b><span style=\"font-weight: 400;\">.\u00a0<\/span><\/p>\n<p><span style=\"font-weight: 400;\">Hay que armar una gran mesa del peronismo que funcione como un nuevo \u00e1mbito para discutir la pol\u00edtica y un programa de gobierno frente al ajuste del liberalismo sobre nuestro pueblo. Es fundamental que en esa mesa se sienten dirigentes con construcci\u00f3n pol\u00edtica y en relaci\u00f3n de igualdad entre unos y otros.\u00a0\u00a0<\/span><\/p>\n<p><span style=\"font-weight: 400;\">Necesitamos un programa de gobierno que incluya la cuesti\u00f3n del modelo productivo nacional, el orden econ\u00f3mico y todas las reformas estatales pendientes (impositiva, laboral, seguridad y justicia)\u00a0<\/span><\/p>\n<p><span style=\"font-weight: 400;\">Tambi\u00e9n hay que discutir una nueva moral para nuestra dirigencia, necesitamos dirigentes comprometidos con la causa nacional que sean ejemplo y no verg\u00fcenza para nuestros compa\u00f1eros.\u00a0<\/span><\/p>\n<p><span style=\"font-weight: 400;\">Por \u00faltimo, hay que pensar en un plan federal que incluya a los gobernadores peronistas que ganaron sus provincias. Hoy m\u00e1s que nunca hay que dejar las diferencias de lado para construir con los peronistas que gobiernan en sus distritos.\u00a0<\/span><\/p>\n<p><span style=\"font-weight: 400;\">Saber c\u00f3mo llegamos hasta ac\u00e1, nos da m\u00e1s fuerzas para renovar todo lo que haga falta, sin tener que\u00a0 pedir permiso. Claramente no hay arriba y s\u00ed hay un desaf\u00edo: es reconstruir nuestro movimiento.<\/span><\/p>[\/et_pb_text][et_pb_text _builder_version=\u00bb4.24.0&#8243; _module_preset=\u00bbdefault\u00bb text_font=\u00bbTitillium Web||||||||\u00bb text_text_color=\u00bb#272727&#8243; background_color=\u00bb#f2f2f2&#8243; custom_margin=\u00bb112px|||||\u00bb custom_padding=\u00bb14px|14px|14px|14px|true|true\u00bb global_colors_info=\u00bb{}\u00bb]<p><span style=\"font-size: 18px;\"><b>Federico Mochi<\/b><\/span><\/p>\n<p><span style=\"font-size: 14px;\">\u00bfTe gust\u00f3 la nota? Seguilo en sus redes &#x1f447;<\/span><\/p>\n<p><a href=\"https:\/\/twitter.com\/mochifede\">@mochifede<\/a> <a href=\"https:\/\/www.instagram.com\/alejo.ber\/\">@mochifede<\/a><\/p>[\/et_pb_text][et_pb_image src=\u00bbhttps:\/\/urbe.com.ar\/revista\/wp-content\/uploads\/2023\/05\/banner-escritores-copy.jpg\u00bb title_text=\u00bbbanner escritores copy\u00bb _builder_version=\u00bb4.21.0&#8243; _module_preset=\u00bbdefault\u00bb custom_margin=\u00bb15%||||false|false\u00bb global_colors_info=\u00bb{}\u00bb][\/et_pb_image][\/et_pb_column_inner][\/et_pb_row_inner][\/et_pb_column][et_pb_column type=\u00bb1_3&#8243; _builder_version=\u00bb4.16&#8243; custom_padding=\u00bb|||\u00bb global_colors_info=\u00bb{}\u00bb custom_padding__hover=\u00bb|||\u00bb][et_pb_image src=\u00bbhttps:\/\/urbe.com.ar\/revista\/wp-content\/uploads\/2023\/05\/WhatsApp-Image-2023-03-13-at-16.37.45.jpeg\u00bb title_text=\u00bbWhatsApp Image 2023-03-13 at 16.37.45&#8243; _builder_version=\u00bb4.21.0&#8243; _module_preset=\u00bbdefault\u00bb custom_margin=\u00bb3%||3%||true|false\u00bb global_colors_info=\u00bb{}\u00bb][\/et_pb_image][et_pb_code _builder_version=\u00bb4.21.0&#8243; _module_preset=\u00bbdefault\u00bb global_colors_info=\u00bb{}\u00bb]  <a href=\"https:\/\/bit.ly\/3YVyR2T\" target=\"_blank\" rel=\"noopener\"><!-- [et_pb_line_break_holder] -->    <img data-recalc-dims=\"1\" decoding=\"async\" src=\"https:\/\/i0.wp.com\/imgur.com\/0UEzdQQ.gif?w=1080&#038;ssl=1\" alt=\"Telam_1_Hora_Mas\"><!-- [et_pb_line_break_holder] -->  <\/a>[\/et_pb_code][et_pb_code _builder_version=\u00bb4.21.0&#8243; _module_preset=\u00bbdefault\u00bb custom_margin=\u00bb3%||3%||true|false\u00bb global_colors_info=\u00bb{}\u00bb]  <a href=\"https:\/\/derechoalfuturo.gba.gob.ar\/\" target=\"_blank\" rel=\"noopener\"><!-- [et_pb_line_break_holder] -->    <img data-recalc-dims=\"1\" decoding=\"async\" src=\"https:\/\/i0.wp.com\/imgur.com\/v6c3ktC.png?w=1080&#038;ssl=1\" alt=\"Descripci\u00f3n del GIF\"><!-- [et_pb_line_break_holder] -->  <\/a>[\/et_pb_code][et_pb_blog fullwidth=\u00bboff\u00bb posts_number=\u00bb9&#8243; include_categories=\u00bb7,11,8,9,10&#8243; meta_date=\u00bbj M,Y\u00bb use_manual_excerpt=\u00bboff\u00bb excerpt_length=\u00bb80&#8243; show_author=\u00bboff\u00bb show_categories=\u00bboff\u00bb show_pagination=\u00bboff\u00bb masonry_tile_background_color=\u00bb#FFFFFF\u00bb disabled_on=\u00bbon|off|off\u00bb module_class=\u00bbpa-blog \u00bb _builder_version=\u00bb4.18.0&#8243; header_font=\u00bb|700|||||||\u00bb header_text_color=\u00bb#FFFFFF\u00bb header_font_size=\u00bb20px\u00bb body_font=\u00bb|600|||||||\u00bb body_text_color=\u00bb#FFFFFF\u00bb meta_text_color=\u00bb#FFFFFF\u00bb read_more_text_color=\u00bb#FFFFFF\u00bb background_color=\u00bb#FFFFFF\u00bb min_height=\u00bb2595.9px\u00bb custom_margin=\u00bb-9%||1%||false|false\u00bb custom_margin_tablet=\u00bb0%||||false|false\u00bb custom_margin_phone=\u00bb\u00bb custom_margin_last_edited=\u00bbon|desktop\u00bb custom_padding=\u00bb||0px|||\u00bb header_text_shadow_style=\u00bbpreset3&#8243; header_text_shadow_color=\u00bb#000000&#8243; body_text_shadow_style=\u00bbpreset3&#8243; body_text_shadow_color=\u00bb#000000&#8243; meta_text_shadow_style=\u00bbpreset3&#8243; meta_text_shadow_color=\u00bb#000000&#8243; border_color_all_image=\u00bb#FFFFFF\u00bb border_width_top_image=\u00bb2px\u00bb text_shadow_style=\u00bbpreset3&#8243; text_shadow_blur_strength=\u00bb0.54em\u00bb text_shadow_color=\u00bb#000000&#8243; global_colors_info=\u00bb{}\u00bb][\/et_pb_blog][et_pb_code _builder_version=\u00bb4.16&#8243; _module_preset=\u00bbdefault\u00bb global_colors_info=\u00bb{}\u00bb]<style><!-- [et_pb_line_break_holder] -->  .pa-blog-text {<!-- [et_pb_line_break_holder] -->\tposition: absolute;<!-- [et_pb_line_break_holder] -->\ttop: 65%;<!-- [et_pb_line_break_holder] -->\tleft: 50%;<!-- [et_pb_line_break_holder] -->\ttransform: translate(-50%, -50%);<!-- [et_pb_line_break_holder] -->\twidth: 100%;<!-- [et_pb_line_break_holder] -->\tpadding: 20px;<!-- [et_pb_line_break_holder] -->\tz-index: 1;<!-- [et_pb_line_break_holder] -->}<!-- [et_pb_line_break_holder] --><!-- [et_pb_line_break_holder] --><!-- [et_pb_line_break_holder] -->\/*keep the moved items positioned with their parent items*\/<!-- [et_pb_line_break_holder] --><!-- [et_pb_line_break_holder] -->.et_pb_blog_grid article {<!-- [et_pb_line_break_holder] -->\tposition: relative;<!-- [et_pb_line_break_holder] --> <!-- [et_pb_line_break_holder] -->}<!-- [et_pb_line_break_holder] --><!-- [et_pb_line_break_holder] --><!-- [et_pb_line_break_holder] -->\/*remove spacing around entire blog post*\/<!-- [et_pb_line_break_holder] --><!-- [et_pb_line_break_holder] -->.et_pb_blog_grid .et_pb_post {<!-- [et_pb_line_break_holder] -->\tpadding: 0px;<!-- [et_pb_line_break_holder] -->}<!-- [et_pb_line_break_holder] --><!-- [et_pb_line_break_holder] --><!-- [et_pb_line_break_holder] -->\/*remove negative margins on blog featured image*\/<!-- [et_pb_line_break_holder] --><!-- [et_pb_line_break_holder] -->.et_pb_image_container {<!-- [et_pb_line_break_holder] -->\tmargin: 0;<!-- [et_pb_line_break_holder] -->}<!-- [et_pb_line_break_holder] --><!-- [et_pb_line_break_holder] --><!-- [et_pb_line_break_holder] -->\/*remove the margin below the featured image frame*\/<!-- [et_pb_line_break_holder] --><!-- [et_pb_line_break_holder] -->.et_pb_post .entry-featured-image-url {<!-- [et_pb_line_break_holder] -->\tmargin: 0;<!-- [et_pb_line_break_holder] -->}<!-- [et_pb_line_break_holder] --><!-- [et_pb_line_break_holder] --><!-- [et_pb_line_break_holder] --><!-- [et_pb_line_break_holder] -->.et_pb_blog_grid .entry-featured-image-url::before {<!-- [et_pb_line_break_holder] -->\tcontent: '';<!-- [et_pb_line_break_holder] -->\tposition: absolute;<!-- [et_pb_line_break_holder] -->\twidth: 100%;<!-- [et_pb_line_break_holder] -->\theight: 100%;<!-- [et_pb_line_break_holder] -->  overflow:hidden;<!-- [et_pb_line_break_holder] -->\tbackground-color: rgba(0, 0, 0, 0.25);<!-- [et_pb_line_break_holder] -->}<!-- [et_pb_line_break_holder] --><\/style>[\/et_pb_code][et_pb_code _builder_version=\u00bb4.16&#8243; global_colors_info=\u00bb{}\u00bb][\/et_pb_code][\/et_pb_column][\/et_pb_section][et_pb_section fb_built=\u00bb1&#8243; _builder_version=\u00bb4.16&#8243; background_enable_color=\u00bboff\u00bb custom_padding=\u00bb0px||0px|||\u00bb global_colors_info=\u00bb{}\u00bb][\/et_pb_section][et_pb_section fb_built=\u00bb1&#8243; _builder_version=\u00bb4.16&#8243; background_enable_color=\u00bboff\u00bb custom_padding=\u00bb0px||0px|||\u00bb global_colors_info=\u00bb{}\u00bb][et_pb_row column_structure=\u00bb1_3,1_3,1_3&#8243; use_custom_gutter=\u00bbon\u00bb _builder_version=\u00bb4.16&#8243; background_color=\u00bb#033332&#8243; global_colors_info=\u00bb{}\u00bb][et_pb_column type=\u00bb1_3&#8243; _builder_version=\u00bb4.16&#8243; global_colors_info=\u00bb{}\u00bb][et_pb_text _builder_version=\u00bb4.21.0&#8243; text_text_color=\u00bb#FFFFFF\u00bb text_font_size=\u00bb15px\u00bb text_line_height=\u00bb1.3em\u00bb header_text_color=\u00bb#FFFFFF\u00bb header_font_size=\u00bb15px\u00bb custom_margin=\u00bb|||10%|false|false\u00bb global_colors_info=\u00bb{}\u00bb]<h1><b>SECCIONES<\/b><\/h1>\n<a style=\"color: white;\" href=\"https:\/\/urbe.com.ar\/revista\/urbe\">Urbe<\/a>\n\n<a style=\"color: white;\" href=\"https:\/\/urbe.com.ar\/revista\/artificios\">Artificios<\/a>\n\n<a style=\"color: white;\" href=\"https:\/\/urbe.com.ar\/revista\/cultura\">Cultura<\/a>\n\n<a style=\"color: white;\" href=\"https:\/\/urbe.com.ar\/revista\/opinion\">Opini\u00f3n<\/a>[\/et_pb_text][et_pb_image src=\u00bbhttps:\/\/urbe.com.ar\/revista\/wp-content\/uploads\/2022\/05\/Logo-Mecenazgo-2019-1.png\u00bb alt=\u00bbLogo  mecenazgo\u00bb align=\u00bbcenter\u00bb _builder_version=\u00bb4.17.4&#8243; _module_preset=\u00bbdefault\u00bb custom_padding=\u00bb2%|3%|2%|10%|true|false\u00bb global_colors_info=\u00bb{}\u00bb][\/et_pb_image][et_pb_text _builder_version=\u00bb4.21.0&#8243; text_text_color=\u00bb#FFFFFF\u00bb text_font_size=\u00bb15px\u00bb header_text_color=\u00bb#FFFFFF\u00bb header_font_size=\u00bb15px\u00bb custom_margin=\u00bb|||10%|false|false\u00bb global_colors_info=\u00bb{}\u00bb]<h1><b>Nro de obra publicada &#8211; P\u00e1gina Web:<\/b><\/h1>\n<p>RE-2022-55412612-APN-DNDA#MJ<\/p>[\/et_pb_text][\/et_pb_column][et_pb_column type=\u00bb1_3&#8243; _builder_version=\u00bb4.16&#8243; custom_padding=\u00bb||||false|false\u00bb global_colors_info=\u00bb{}\u00bb][et_pb_text _builder_version=\u00bb4.21.0&#8243; text_text_color=\u00bb#FFFFFF\u00bb text_font_size=\u00bb15px\u00bb header_text_color=\u00bb#FFFFFF\u00bb header_font_size=\u00bb15px\u00bb header_2_font=\u00bb|600|||||||\u00bb header_2_text_align=\u00bbleft\u00bb header_2_text_color=\u00bb#ffffff\u00bb header_2_font_size=\u00bb22px\u00bb header_2_line_height=\u00bb0.9em\u00bb custom_margin=\u00bb|||10%|false|false\u00bb global_colors_info=\u00bb{}\u00bb]<h2>CONTACTO<\/h2>\n<p>FUNDACION URBE<\/p> \n<p>CUIT 30644567156<\/p>\n<p>revista@urbe.com.ar<\/p>\n<p>Pringles 939, CABA<\/p>[\/et_pb_text][et_pb_code _builder_version=\u00bb4.21.0&#8243; _module_preset=\u00bbdefault\u00bb text_orientation=\u00bbcenter\u00bb global_colors_info=\u00bb{}\u00bb]<iframe src=\"https:\/\/www.google.com\/maps\/embed?pb=!1m18!1m12!1m3!1d3284.1313753128234!2d-58.4265986!3d-34.6008393!2m3!1f0!2f0!3f0!3m2!1i1024!2i768!4f13.1!3m3!1m2!1s0x95bcca652e21dc77%3A0xb60adfd06e718b57!2sPringles%20939%2C%20C1183%20CABA!5e0!3m2!1ses-419!2sar!4v1685977364464!5m2!1ses-419!2sar\" width=\"250\" height=\"250\" style=\"border:0;\" allowfullscreen=\"\" loading=\"lazy\" referrerpolicy=\"no-referrer-when-downgrade\"><\/iframe>[\/et_pb_code][et_pb_text _builder_version=\u00bb4.21.0&#8243; _module_preset=\u00bbdefault\u00bb global_colors_info=\u00bb{}\u00bb][\/et_pb_text][et_pb_signup mailchimp_list=\u00bb818d09b04f\u00bb last_name_field=\u00bboff\u00bb success_message=\u00bbGracias por suscribirte!\u00bb title=\u00bbSUSCRIBITE\u00bb button_text=\u00bbsuscribirse\u00bb disabled_on=\u00bbon|on|on\u00bb _builder_version=\u00bb4.16&#8243; header_level=\u00bbh1&#8243; header_font_size=\u00bb15px\u00bb header_line_height=\u00bb1.2em\u00bb body_text_align=\u00bbleft\u00bb result_message_text_align=\u00bbleft\u00bb result_message_font_size=\u00bb15px\u00bb background_enable_color=\u00bboff\u00bb use_background_color=\u00bboff\u00bb custom_button=\u00bbon\u00bb button_text_size=\u00bb20px\u00bb button_text_color=\u00bb#009fad\u00bb button_bg_color=\u00bb#a4e3e9&#8243; button_border_width=\u00bb0px\u00bb button_border_radius=\u00bb0px\u00bb max_width=\u00bb55%\u00bb custom_margin=\u00bb10%|||10%|false|false\u00bb border_radii_fields=\u00bbon|0px|0px|0px|0px\u00bb disabled=\u00bbon\u00bb global_colors_info=\u00bb{}\u00bb][\/et_pb_signup][\/et_pb_column][et_pb_column type=\u00bb1_3&#8243; _builder_version=\u00bb4.16&#8243; global_colors_info=\u00bb{}\u00bb][et_pb_text _builder_version=\u00bb4.21.0&#8243; text_text_color=\u00bb#FFFFFF\u00bb header_text_color=\u00bb#FFFFFF\u00bb custom_margin=\u00bb|||10%|false|false\u00bb global_colors_info=\u00bb{}\u00bb]<h1>LINKS<\/h1>\n<p><a style=\"color: inherit\"  href=\"https:\/\/filfem.com.ar\">filfem.com.ar<\/a><\/p>\n<p ><a style=\"color: inherit\" href=\"https:\/\/urbe.com.ar\/wp\">urbe.com.ar <\/a><\/p>\n<p ><a style=\"color: inherit\" href=\"https:\/\/buenosaires.gob.ar\">www.buenosaires.gob.ar <\/a><\/p>[\/et_pb_text][et_pb_social_media_follow _builder_version=\u00bb4.16&#8243; custom_margin=\u00bb10%|||10%|false|false\u00bb global_colors_info=\u00bb{}\u00bb][et_pb_social_media_follow_network social_network=\u00bbinstagram\u00bb url=\u00bbhttps:\/\/www.instagram.com\/revistaurbe\/?igshid=osawef034cfi\u00bb icon_color=\u00bb#033332&#8243; _builder_version=\u00bb4.16&#8243; background_color=\u00bb#FFFFFF\u00bb background_enable_color=\u00bbon\u00bb border_radii=\u00bbon|25px|25px|25px|25px\u00bb global_colors_info=\u00bb{}\u00bb follow_button=\u00bboff\u00bb url_new_window=\u00bbon\u00bb]instagram[\/et_pb_social_media_follow_network][et_pb_social_media_follow_network social_network=\u00bbtwitter\u00bb url=\u00bbhttps:\/\/twitter.com\/Revistaurbe_?s=12&#8243; icon_color=\u00bb#033332&#8243; _builder_version=\u00bb4.16&#8243; background_color=\u00bb#FFFFFF\u00bb background_enable_color=\u00bbon\u00bb border_radii=\u00bbon|25px|25px|25px|25px\u00bb global_colors_info=\u00bb{}\u00bb follow_button=\u00bboff\u00bb url_new_window=\u00bbon\u00bb]twitter[\/et_pb_social_media_follow_network][\/et_pb_social_media_follow][et_pb_code _builder_version=\u00bb4.21.0&#8243; _module_preset=\u00bbdefault\u00bb text_orientation=\u00bbright\u00bb custom_margin=\u00bb0px||||false|false\u00bb custom_padding=\u00bb|||20px|false|false\u00bb global_colors_info=\u00bb{}\u00bb]<div id='mvcwid'style='text-align: left; color: #ffffff;'><div id=\"wpsvccount\"><img data-recalc-dims=\"1\" src=\"https:\/\/i0.wp.com\/urbe.com.ar\/revista\/wp-content\/plugins\/wps-visitor-counter\/styles\/image\/chevy\/2.gif?w=1080&#038;ssl=1\" alt='2'><img data-recalc-dims=\"1\" src=\"https:\/\/i0.wp.com\/urbe.com.ar\/revista\/wp-content\/plugins\/wps-visitor-counter\/styles\/image\/chevy\/4.gif?w=1080&#038;ssl=1\" alt='4'><img data-recalc-dims=\"1\" src=\"https:\/\/i0.wp.com\/urbe.com.ar\/revista\/wp-content\/plugins\/wps-visitor-counter\/styles\/image\/chevy\/7.gif?w=1080&#038;ssl=1\" alt='7'><img data-recalc-dims=\"1\" src=\"https:\/\/i0.wp.com\/urbe.com.ar\/revista\/wp-content\/plugins\/wps-visitor-counter\/styles\/image\/chevy\/6.gif?w=1080&#038;ssl=1\" alt='6'><img data-recalc-dims=\"1\" src=\"https:\/\/i0.wp.com\/urbe.com.ar\/revista\/wp-content\/plugins\/wps-visitor-counter\/styles\/image\/chevy\/4.gif?w=1080&#038;ssl=1\" alt='4'><img data-recalc-dims=\"1\" src=\"https:\/\/i0.wp.com\/urbe.com.ar\/revista\/wp-content\/plugins\/wps-visitor-counter\/styles\/image\/chevy\/6.gif?w=1080&#038;ssl=1\" alt='6'><\/div>\n\t<div id=\"wpsvctable\"><\/div><\/div>[\/et_pb_code][\/et_pb_column][\/et_pb_row][\/et_pb_section][et_pb_section fb_built=\u00bb1&#8243; _builder_version=\u00bb4.22.2&#8243; _module_preset=\u00bbdefault\u00bb global_colors_info=\u00bb{}\u00bb][et_pb_row _builder_version=\u00bb4.22.2&#8243; _module_preset=\u00bbdefault\u00bb global_colors_info=\u00bb{}\u00bb][et_pb_column type=\u00bb4_4&#8243; _builder_version=\u00bb4.22.2&#8243; _module_preset=\u00bbdefault\u00bb global_colors_info=\u00bb{}\u00bb][\/et_pb_column][\/et_pb_row][\/et_pb_section]\n","protected":false},"excerpt":{"rendered":"<p>Por <b>Federico Mochi<\/b><\/p>\n","protected":false},"author":12,"featured_media":9316,"comment_status":"closed","ping_status":"closed","sticky":false,"template":"","format":"standard","meta":{"_et_pb_use_builder":"on","_et_pb_old_content":"","_et_gb_content_width":"1080","_jetpack_memberships_contains_paid_content":false,"footnotes":""},"categories":[29],"tags":[],"class_list":["post-9315","post","type-post","status-publish","format-standard","has-post-thumbnail","hentry","category-politica"],"yoast_head":"<!-- This site is optimized with the Yoast SEO plugin v27.5 - https:\/\/yoast.com\/product\/yoast-seo-wordpress\/ -->\n<title>La reconstrucci\u00f3n del peronismo es con nuevos modales - Revista Urbe<\/title>\n<meta name=\"robots\" content=\"index, follow, max-snippet:-1, max-image-preview:large, max-video-preview:-1\" \/>\n<link rel=\"canonical\" href=\"https:\/\/urbe.com.ar\/revista\/la-reconstruccion-del-peronismo\/\" \/>\n<meta property=\"og:locale\" content=\"es_ES\" \/>\n<meta property=\"og:type\" content=\"article\" \/>\n<meta property=\"og:title\" content=\"La reconstrucci\u00f3n del peronismo es con nuevos modales - Revista Urbe\" \/>\n<meta property=\"og:description\" content=\"Por Federico Mochi\" \/>\n<meta property=\"og:url\" content=\"https:\/\/urbe.com.ar\/revista\/la-reconstruccion-del-peronismo\/\" \/>\n<meta property=\"og:site_name\" content=\"Revista Urbe\" \/>\n<meta property=\"article:published_time\" content=\"2024-03-09T15:01:21+00:00\" \/>\n<meta property=\"article:modified_time\" content=\"2024-03-09T15:01:24+00:00\" \/>\n<meta property=\"og:image\" content=\"https:\/\/urbe.com.ar\/revista\/wp-content\/uploads\/2024\/03\/imagen-mochi.png\" \/>\n\t<meta property=\"og:image:width\" content=\"1080\" \/>\n\t<meta property=\"og:image:height\" content=\"745\" \/>\n\t<meta property=\"og:image:type\" content=\"image\/png\" \/>\n<meta name=\"author\" content=\"Dante Sabatto\" \/>\n<meta name=\"twitter:card\" content=\"summary_large_image\" \/>\n<meta name=\"twitter:creator\" content=\"@Revistaurbe_\" \/>\n<meta name=\"twitter:site\" content=\"@Revistaurbe_\" \/>\n<meta name=\"twitter:label1\" content=\"Escrito por\" \/>\n\t<meta name=\"twitter:data1\" content=\"Dante Sabatto\" \/>\n\t<meta name=\"twitter:label2\" content=\"Tiempo de lectura\" \/>\n\t<meta name=\"twitter:data2\" content=\"9 minutos\" \/>\n<script type=\"application\/ld+json\" class=\"yoast-schema-graph\">{\"@context\":\"https:\\\/\\\/schema.org\",\"@graph\":[{\"@type\":\"Article\",\"@id\":\"https:\\\/\\\/urbe.com.ar\\\/revista\\\/la-reconstruccion-del-peronismo\\\/#article\",\"isPartOf\":{\"@id\":\"https:\\\/\\\/urbe.com.ar\\\/revista\\\/la-reconstruccion-del-peronismo\\\/\"},\"author\":{\"name\":\"Dante Sabatto\",\"@id\":\"https:\\\/\\\/urbe.com.ar\\\/revista\\\/#\\\/schema\\\/person\\\/7d74fe34497d3bf56b8acdbaa3c3c465\"},\"headline\":\"La reconstrucci\u00f3n del peronismo es con nuevos modales\",\"datePublished\":\"2024-03-09T15:01:21+00:00\",\"dateModified\":\"2024-03-09T15:01:24+00:00\",\"mainEntityOfPage\":{\"@id\":\"https:\\\/\\\/urbe.com.ar\\\/revista\\\/la-reconstruccion-del-peronismo\\\/\"},\"wordCount\":2325,\"image\":{\"@id\":\"https:\\\/\\\/urbe.com.ar\\\/revista\\\/la-reconstruccion-del-peronismo\\\/#primaryimage\"},\"thumbnailUrl\":\"https:\\\/\\\/i0.wp.com\\\/urbe.com.ar\\\/revista\\\/wp-content\\\/uploads\\\/2024\\\/03\\\/imagen-mochi.png?fit=1080%2C745&ssl=1\",\"articleSection\":[\"POL\u00cdTICA\"],\"inLanguage\":\"es\"},{\"@type\":\"WebPage\",\"@id\":\"https:\\\/\\\/urbe.com.ar\\\/revista\\\/la-reconstruccion-del-peronismo\\\/\",\"url\":\"https:\\\/\\\/urbe.com.ar\\\/revista\\\/la-reconstruccion-del-peronismo\\\/\",\"name\":\"La reconstrucci\u00f3n del peronismo es con nuevos modales - Revista Urbe\",\"isPartOf\":{\"@id\":\"https:\\\/\\\/urbe.com.ar\\\/revista\\\/#website\"},\"primaryImageOfPage\":{\"@id\":\"https:\\\/\\\/urbe.com.ar\\\/revista\\\/la-reconstruccion-del-peronismo\\\/#primaryimage\"},\"image\":{\"@id\":\"https:\\\/\\\/urbe.com.ar\\\/revista\\\/la-reconstruccion-del-peronismo\\\/#primaryimage\"},\"thumbnailUrl\":\"https:\\\/\\\/i0.wp.com\\\/urbe.com.ar\\\/revista\\\/wp-content\\\/uploads\\\/2024\\\/03\\\/imagen-mochi.png?fit=1080%2C745&ssl=1\",\"datePublished\":\"2024-03-09T15:01:21+00:00\",\"dateModified\":\"2024-03-09T15:01:24+00:00\",\"author\":{\"@id\":\"https:\\\/\\\/urbe.com.ar\\\/revista\\\/#\\\/schema\\\/person\\\/7d74fe34497d3bf56b8acdbaa3c3c465\"},\"breadcrumb\":{\"@id\":\"https:\\\/\\\/urbe.com.ar\\\/revista\\\/la-reconstruccion-del-peronismo\\\/#breadcrumb\"},\"inLanguage\":\"es\",\"potentialAction\":[{\"@type\":\"ReadAction\",\"target\":[\"https:\\\/\\\/urbe.com.ar\\\/revista\\\/la-reconstruccion-del-peronismo\\\/\"]}]},{\"@type\":\"ImageObject\",\"inLanguage\":\"es\",\"@id\":\"https:\\\/\\\/urbe.com.ar\\\/revista\\\/la-reconstruccion-del-peronismo\\\/#primaryimage\",\"url\":\"https:\\\/\\\/i0.wp.com\\\/urbe.com.ar\\\/revista\\\/wp-content\\\/uploads\\\/2024\\\/03\\\/imagen-mochi.png?fit=1080%2C745&ssl=1\",\"contentUrl\":\"https:\\\/\\\/i0.wp.com\\\/urbe.com.ar\\\/revista\\\/wp-content\\\/uploads\\\/2024\\\/03\\\/imagen-mochi.png?fit=1080%2C745&ssl=1\",\"width\":1080,\"height\":745},{\"@type\":\"BreadcrumbList\",\"@id\":\"https:\\\/\\\/urbe.com.ar\\\/revista\\\/la-reconstruccion-del-peronismo\\\/#breadcrumb\",\"itemListElement\":[{\"@type\":\"ListItem\",\"position\":1,\"name\":\"Portada\",\"item\":\"https:\\\/\\\/urbe.com.ar\\\/revista\\\/\"},{\"@type\":\"ListItem\",\"position\":2,\"name\":\"La reconstrucci\u00f3n del peronismo es con nuevos modales\"}]},{\"@type\":\"WebSite\",\"@id\":\"https:\\\/\\\/urbe.com.ar\\\/revista\\\/#website\",\"url\":\"https:\\\/\\\/urbe.com.ar\\\/revista\\\/\",\"name\":\"Revista Urbe\",\"description\":\"\",\"potentialAction\":[{\"@type\":\"SearchAction\",\"target\":{\"@type\":\"EntryPoint\",\"urlTemplate\":\"https:\\\/\\\/urbe.com.ar\\\/revista\\\/?s={search_term_string}\"},\"query-input\":{\"@type\":\"PropertyValueSpecification\",\"valueRequired\":true,\"valueName\":\"search_term_string\"}}],\"inLanguage\":\"es\"},{\"@type\":\"Person\",\"@id\":\"https:\\\/\\\/urbe.com.ar\\\/revista\\\/#\\\/schema\\\/person\\\/7d74fe34497d3bf56b8acdbaa3c3c465\",\"name\":\"Dante Sabatto\",\"image\":{\"@type\":\"ImageObject\",\"inLanguage\":\"es\",\"@id\":\"https:\\\/\\\/secure.gravatar.com\\\/avatar\\\/2077097869e17a262eb8d0e6f2f1895aac0bca61b8051a6673fcdb82c80c2378?s=96&d=mm&r=g\",\"url\":\"https:\\\/\\\/secure.gravatar.com\\\/avatar\\\/2077097869e17a262eb8d0e6f2f1895aac0bca61b8051a6673fcdb82c80c2378?s=96&d=mm&r=g\",\"contentUrl\":\"https:\\\/\\\/secure.gravatar.com\\\/avatar\\\/2077097869e17a262eb8d0e6f2f1895aac0bca61b8051a6673fcdb82c80c2378?s=96&d=mm&r=g\",\"caption\":\"Dante Sabatto\"},\"url\":\"https:\\\/\\\/urbe.com.ar\\\/revista\\\/author\\\/dante-sabatto\\\/\"}]}<\/script>\n<!-- \/ Yoast SEO plugin. -->","yoast_head_json":{"title":"La reconstrucci\u00f3n del peronismo es con nuevos modales - Revista Urbe","robots":{"index":"index","follow":"follow","max-snippet":"max-snippet:-1","max-image-preview":"max-image-preview:large","max-video-preview":"max-video-preview:-1"},"canonical":"https:\/\/urbe.com.ar\/revista\/la-reconstruccion-del-peronismo\/","og_locale":"es_ES","og_type":"article","og_title":"La reconstrucci\u00f3n del peronismo es con nuevos modales - Revista Urbe","og_description":"Por Federico Mochi","og_url":"https:\/\/urbe.com.ar\/revista\/la-reconstruccion-del-peronismo\/","og_site_name":"Revista Urbe","article_published_time":"2024-03-09T15:01:21+00:00","article_modified_time":"2024-03-09T15:01:24+00:00","og_image":[{"width":1080,"height":745,"url":"https:\/\/urbe.com.ar\/revista\/wp-content\/uploads\/2024\/03\/imagen-mochi.png","type":"image\/png"}],"author":"Dante Sabatto","twitter_card":"summary_large_image","twitter_creator":"@Revistaurbe_","twitter_site":"@Revistaurbe_","twitter_misc":{"Escrito por":"Dante Sabatto","Tiempo de lectura":"9 minutos"},"schema":{"@context":"https:\/\/schema.org","@graph":[{"@type":"Article","@id":"https:\/\/urbe.com.ar\/revista\/la-reconstruccion-del-peronismo\/#article","isPartOf":{"@id":"https:\/\/urbe.com.ar\/revista\/la-reconstruccion-del-peronismo\/"},"author":{"name":"Dante Sabatto","@id":"https:\/\/urbe.com.ar\/revista\/#\/schema\/person\/7d74fe34497d3bf56b8acdbaa3c3c465"},"headline":"La reconstrucci\u00f3n del peronismo es con nuevos modales","datePublished":"2024-03-09T15:01:21+00:00","dateModified":"2024-03-09T15:01:24+00:00","mainEntityOfPage":{"@id":"https:\/\/urbe.com.ar\/revista\/la-reconstruccion-del-peronismo\/"},"wordCount":2325,"image":{"@id":"https:\/\/urbe.com.ar\/revista\/la-reconstruccion-del-peronismo\/#primaryimage"},"thumbnailUrl":"https:\/\/i0.wp.com\/urbe.com.ar\/revista\/wp-content\/uploads\/2024\/03\/imagen-mochi.png?fit=1080%2C745&ssl=1","articleSection":["POL\u00cdTICA"],"inLanguage":"es"},{"@type":"WebPage","@id":"https:\/\/urbe.com.ar\/revista\/la-reconstruccion-del-peronismo\/","url":"https:\/\/urbe.com.ar\/revista\/la-reconstruccion-del-peronismo\/","name":"La reconstrucci\u00f3n del peronismo es con nuevos modales - Revista Urbe","isPartOf":{"@id":"https:\/\/urbe.com.ar\/revista\/#website"},"primaryImageOfPage":{"@id":"https:\/\/urbe.com.ar\/revista\/la-reconstruccion-del-peronismo\/#primaryimage"},"image":{"@id":"https:\/\/urbe.com.ar\/revista\/la-reconstruccion-del-peronismo\/#primaryimage"},"thumbnailUrl":"https:\/\/i0.wp.com\/urbe.com.ar\/revista\/wp-content\/uploads\/2024\/03\/imagen-mochi.png?fit=1080%2C745&ssl=1","datePublished":"2024-03-09T15:01:21+00:00","dateModified":"2024-03-09T15:01:24+00:00","author":{"@id":"https:\/\/urbe.com.ar\/revista\/#\/schema\/person\/7d74fe34497d3bf56b8acdbaa3c3c465"},"breadcrumb":{"@id":"https:\/\/urbe.com.ar\/revista\/la-reconstruccion-del-peronismo\/#breadcrumb"},"inLanguage":"es","potentialAction":[{"@type":"ReadAction","target":["https:\/\/urbe.com.ar\/revista\/la-reconstruccion-del-peronismo\/"]}]},{"@type":"ImageObject","inLanguage":"es","@id":"https:\/\/urbe.com.ar\/revista\/la-reconstruccion-del-peronismo\/#primaryimage","url":"https:\/\/i0.wp.com\/urbe.com.ar\/revista\/wp-content\/uploads\/2024\/03\/imagen-mochi.png?fit=1080%2C745&ssl=1","contentUrl":"https:\/\/i0.wp.com\/urbe.com.ar\/revista\/wp-content\/uploads\/2024\/03\/imagen-mochi.png?fit=1080%2C745&ssl=1","width":1080,"height":745},{"@type":"BreadcrumbList","@id":"https:\/\/urbe.com.ar\/revista\/la-reconstruccion-del-peronismo\/#breadcrumb","itemListElement":[{"@type":"ListItem","position":1,"name":"Portada","item":"https:\/\/urbe.com.ar\/revista\/"},{"@type":"ListItem","position":2,"name":"La reconstrucci\u00f3n del peronismo es con nuevos modales"}]},{"@type":"WebSite","@id":"https:\/\/urbe.com.ar\/revista\/#website","url":"https:\/\/urbe.com.ar\/revista\/","name":"Revista Urbe","description":"","potentialAction":[{"@type":"SearchAction","target":{"@type":"EntryPoint","urlTemplate":"https:\/\/urbe.com.ar\/revista\/?s={search_term_string}"},"query-input":{"@type":"PropertyValueSpecification","valueRequired":true,"valueName":"search_term_string"}}],"inLanguage":"es"},{"@type":"Person","@id":"https:\/\/urbe.com.ar\/revista\/#\/schema\/person\/7d74fe34497d3bf56b8acdbaa3c3c465","name":"Dante Sabatto","image":{"@type":"ImageObject","inLanguage":"es","@id":"https:\/\/secure.gravatar.com\/avatar\/2077097869e17a262eb8d0e6f2f1895aac0bca61b8051a6673fcdb82c80c2378?s=96&d=mm&r=g","url":"https:\/\/secure.gravatar.com\/avatar\/2077097869e17a262eb8d0e6f2f1895aac0bca61b8051a6673fcdb82c80c2378?s=96&d=mm&r=g","contentUrl":"https:\/\/secure.gravatar.com\/avatar\/2077097869e17a262eb8d0e6f2f1895aac0bca61b8051a6673fcdb82c80c2378?s=96&d=mm&r=g","caption":"Dante Sabatto"},"url":"https:\/\/urbe.com.ar\/revista\/author\/dante-sabatto\/"}]}},"jetpack_featured_media_url":"https:\/\/i0.wp.com\/urbe.com.ar\/revista\/wp-content\/uploads\/2024\/03\/imagen-mochi.png?fit=1080%2C745&ssl=1","jetpack_sharing_enabled":true,"_links":{"self":[{"href":"https:\/\/urbe.com.ar\/revista\/wp-json\/wp\/v2\/posts\/9315","targetHints":{"allow":["GET"]}}],"collection":[{"href":"https:\/\/urbe.com.ar\/revista\/wp-json\/wp\/v2\/posts"}],"about":[{"href":"https:\/\/urbe.com.ar\/revista\/wp-json\/wp\/v2\/types\/post"}],"author":[{"embeddable":true,"href":"https:\/\/urbe.com.ar\/revista\/wp-json\/wp\/v2\/users\/12"}],"replies":[{"embeddable":true,"href":"https:\/\/urbe.com.ar\/revista\/wp-json\/wp\/v2\/comments?post=9315"}],"version-history":[{"count":7,"href":"https:\/\/urbe.com.ar\/revista\/wp-json\/wp\/v2\/posts\/9315\/revisions"}],"predecessor-version":[{"id":9328,"href":"https:\/\/urbe.com.ar\/revista\/wp-json\/wp\/v2\/posts\/9315\/revisions\/9328"}],"wp:featuredmedia":[{"embeddable":true,"href":"https:\/\/urbe.com.ar\/revista\/wp-json\/wp\/v2\/media\/9316"}],"wp:attachment":[{"href":"https:\/\/urbe.com.ar\/revista\/wp-json\/wp\/v2\/media?parent=9315"}],"wp:term":[{"taxonomy":"category","embeddable":true,"href":"https:\/\/urbe.com.ar\/revista\/wp-json\/wp\/v2\/categories?post=9315"},{"taxonomy":"post_tag","embeddable":true,"href":"https:\/\/urbe.com.ar\/revista\/wp-json\/wp\/v2\/tags?post=9315"}],"curies":[{"name":"wp","href":"https:\/\/api.w.org\/{rel}","templated":true}]}}