{"id":8260,"date":"2023-07-23T17:56:38","date_gmt":"2023-07-23T17:56:38","guid":{"rendered":"https:\/\/urbe.com.ar\/revista\/?p=8260"},"modified":"2023-08-30T23:00:17","modified_gmt":"2023-08-30T23:00:17","slug":"maternity-blues","status":"publish","type":"post","link":"https:\/\/urbe.com.ar\/revista\/maternity-blues\/","title":{"rendered":"Maternity blues"},"content":{"rendered":"<p>[et_pb_section fb_built=\u00bb1&#8243; disabled_on=\u00bbon|on|on\u00bb _builder_version=\u00bb4.20.0&#8243; disabled=\u00bbon\u00bb global_colors_info=\u00bb{}\u00bb][et_pb_row _builder_version=\u00bb4.18.0&#8243; global_colors_info=\u00bb{}\u00bb][et_pb_column type=\u00bb4_4&#8243; _builder_version=\u00bb4.18.0&#8243; global_colors_info=\u00bb{}\u00bb][et_pb_text disabled_on=\u00bbon|on|on\u00bb _builder_version=\u00bb4.21.0&#8243; text_font=\u00bbTitillium Web||||||||\u00bb custom_padding=\u00bb||28px|||\u00bb disabled=\u00bbon\u00bb global_colors_info=\u00bb{}\u00bb]Por <b>Melanie Lamaz\u00f3n<\/b>\u00a0| Ariana Harwicz y su libro \u201cMatate, amor\u201d, que ser\u00e1 llevado al cine bajo la direcci\u00f3n de Martin Scorsese, desembocan en un an\u00e1lisis sobre la tristeza puerperal, depresi\u00f3n posparto y psicosis puerperal.[\/et_pb_text][\/et_pb_column][\/et_pb_row][\/et_pb_section][et_pb_section fb_built=\u00bb1&#8243; use_custom_gutter=\u00bbon\u00bb gutter_width=\u00bb1&#8243; specialty=\u00bbon\u00bb padding_left_2=\u00bb1%\u00bb padding_top_bottom_link_1=\u00bbfalse\u00bb padding_top_bottom_link_2=\u00bbfalse\u00bb padding_left_right_link_1=\u00bbfalse\u00bb padding_left_right_link_2=\u00bbfalse\u00bb _builder_version=\u00bb4.18.0&#8243; custom_padding=\u00bb0px|0px|0px|||\u00bb global_colors_info=\u00bb{}\u00bb][et_pb_column type=\u00bb2_3&#8243; specialty_columns=\u00bb2&#8243; _builder_version=\u00bb4.16&#8243; custom_padding=\u00bb|||\u00bb global_colors_info=\u00bb{}\u00bb custom_padding__hover=\u00bb|||\u00bb][et_pb_row_inner _builder_version=\u00bb4.21.0&#8243; background_color=\u00bb#ffffff\u00bb background_enable_image=\u00bboff\u00bb custom_margin=\u00bb40px||20px||false|false\u00bb custom_padding=\u00bb12px|0px|12px|0px|true|true\u00bb border_color_left=\u00bb#F2AF46&#8243; global_colors_info=\u00bb{}\u00bb][et_pb_column_inner saved_specialty_column_type=\u00bb2_3&#8243; _builder_version=\u00bb4.18.0&#8243; global_colors_info=\u00bb{}\u00bb][et_pb_text _builder_version=\u00bb4.21.0&#8243; text_font=\u00bbTitillium Web|600|||||||\u00bb text_text_color=\u00bb#000000&#8243; text_font_size=\u00bb18px\u00bb header_text_align=\u00bbcenter\u00bb header_font_size=\u00bb35px\u00bb background_color=\u00bbRGBA(255,255,255,0)\u00bb background_layout=\u00bbdark\u00bb custom_margin=\u00bb2%|0%|2%|0%|true|true\u00bb custom_padding=\u00bb|||13px|false|false\u00bb border_color_all=\u00bb#FFFFFF\u00bb border_width_left=\u00bb6px\u00bb border_color_left=\u00bb#2F3569&#8243; global_colors_info=\u00bb{}\u00bb]<\/p>\n<p><strong>Feminismo<\/strong><\/p>\n<p>[\/et_pb_text][et_pb_text _builder_version=\u00bb4.21.0&#8243; text_font=\u00bbTitillium Web|300|||||||\u00bb text_text_color=\u00bb#000000&#8243; text_line_height=\u00bb1.4em\u00bb header_font=\u00bb|700||on|||||\u00bb header_text_align=\u00bbleft\u00bb header_text_color=\u00bb#272727&#8243; header_font_size=\u00bb57px\u00bb background_color=\u00bbRGBA(255,255,255,0)\u00bb background_enable_image=\u00bboff\u00bb background_size=\u00bbstretch\u00bb width=\u00bb100%\u00bb module_alignment=\u00bbleft\u00bb min_height=\u00bb71px\u00bb custom_margin=\u00bb3%|0%|3%|0%|true|true\u00bb custom_padding=\u00bb|0%|0px|0%|false|true\u00bb global_colors_info=\u00bb{}\u00bb]<\/p>\n<h1>Maternity Blues: Los desafios de la salud mental materna<\/h1>\n<p>[\/et_pb_text][et_pb_text admin_label=\u00bbParrafo 1&#8243; _builder_version=\u00bb4.21.0&#8243; text_font=\u00bbTitillium Web||||||||\u00bb text_text_color=\u00bb#000000&#8243; text_font_size=\u00bb17px\u00bb text_line_height=\u00bb1.5em\u00bb custom_margin=\u00bb2%|0%|2%|0%|true|true\u00bb custom_padding=\u00bb||0px|||\u00bb text_font_size_tablet=\u00bb17px\u00bb text_font_size_phone=\u00bb16px\u00bb text_font_size_last_edited=\u00bbon|phone\u00bb locked=\u00bboff\u00bb inline_fonts=\u00bbRubik,Alkalami\u00bb global_colors_info=\u00bb{}\u00bb]<\/p>\n<p><span style=\"font-weight: 400; font-size: large;\">Ariana Harwicz y su libro \u201cMatate, amor\u201d, que ser\u00e1 llevado al cine bajo la direcci\u00f3n de Martin Scorsese, desembocan en un an\u00e1lisis sobre la tristeza puerperal, depresi\u00f3n posparto y psicosis puerperal. <\/span><\/p>\n<p>[\/et_pb_text][et_pb_text _builder_version=\u00bb4.21.0&#8243; text_font=\u00bbTitillium Web||||||||\u00bb text_text_color=\u00bb#000000&#8243; text_font_size=\u00bb18px\u00bb header_text_align=\u00bbcenter\u00bb header_text_color=\u00bb#057E7E\u00bb header_font_size=\u00bb35px\u00bb text_orientation=\u00bbjustified\u00bb custom_margin=\u00bb2%|0%|2%|0%|true|true\u00bb custom_padding=\u00bb|||13px|false|false\u00bb border_width_left=\u00bb6px\u00bb border_color_left=\u00bb#2F3569&#8243; global_colors_info=\u00bb{}\u00bb]<\/p>\n<p>Por <b>Melanie Lamaz\u00f3n<\/b><br \/><span style=\"font-size: small;\">23 de julio de 2023<\/span><\/p>\n<p>[\/et_pb_text][et_pb_image src=\u00bbhttps:\/\/urbe.com.ar\/revista\/wp-content\/uploads\/2023\/07\/banner-5.jpg\u00bb title_text=\u00bbbanner\u00bb disabled_on=\u00bboff|off|off\u00bb _builder_version=\u00bb4.21.0&#8243; background_enable_image=\u00bboff\u00bb custom_margin=\u00bb5%|0%|5%|0%|true|true\u00bb custom_margin_tablet=\u00bb\u00bb custom_margin_phone=\u00bb6%|0%|6%|0%|true|true\u00bb custom_margin_last_edited=\u00bbon|phone\u00bb global_colors_info=\u00bb{}\u00bb][\/et_pb_image][\/et_pb_column_inner][\/et_pb_row_inner][et_pb_row_inner column_structure=\u00bb1_2,1_2&#8243; use_custom_gutter=\u00bbon\u00bb gutter_width=\u00bb1&#8243; make_equal=\u00bbon\u00bb disabled_on=\u00bbon|off|off\u00bb _builder_version=\u00bb4.16&#8243; background_color=\u00bb#ffffff\u00bb custom_margin=\u00bb||||false|false\u00bb custom_padding=\u00bb0px||0px|0%|false|false\u00bb locked=\u00bboff\u00bb global_colors_info=\u00bb{}\u00bb][et_pb_column_inner type=\u00bb1_2&#8243; saved_specialty_column_type=\u00bb2_3&#8243; _builder_version=\u00bb4.16&#8243; background_color=\u00bb#ffffff\u00bb custom_css_main_element=\u00bbwidth: 60% !important;\u00bb global_colors_info=\u00bb{}\u00bb][\/et_pb_column_inner][et_pb_column_inner type=\u00bb1_2&#8243; saved_specialty_column_type=\u00bb2_3&#8243; _builder_version=\u00bb4.16&#8243; custom_css_main_element=\u00bb||width: 40% !important;||margin: auto;||display: flex;||flex-direction: column;||justify-content: center;\u00bb global_colors_info=\u00bb{}\u00bb][et_pb_code _builder_version=\u00bb4.16&#8243; text_orientation=\u00bbcenter\u00bb module_alignment=\u00bbcenter\u00bb custom_margin=\u00bb2%||2%||true|false\u00bb custom_padding=\u00bb|6.7%||6.7%|false|true\u00bb global_colors_info=\u00bb{}\u00bb]<div class=\"addtoany_shortcode\"><div class=\"a2a_kit a2a_kit_size_32 addtoany_list\" data-a2a-url=\"https:\/\/urbe.com.ar\/revista\/maternity-blues\/\" data-a2a-title=\"Maternity blues\"><a class=\"a2a_button_facebook\" href=\"https:\/\/www.addtoany.com\/add_to\/facebook?linkurl=https%3A%2F%2Furbe.com.ar%2Frevista%2Fmaternity-blues%2F&amp;linkname=Maternity%20blues\" title=\"Facebook\" rel=\"nofollow noopener\" target=\"_blank\"><\/a><a class=\"a2a_button_whatsapp\" href=\"https:\/\/www.addtoany.com\/add_to\/whatsapp?linkurl=https%3A%2F%2Furbe.com.ar%2Frevista%2Fmaternity-blues%2F&amp;linkname=Maternity%20blues\" title=\"WhatsApp\" rel=\"nofollow noopener\" target=\"_blank\"><\/a><a class=\"a2a_button_twitter\" href=\"https:\/\/www.addtoany.com\/add_to\/twitter?linkurl=https%3A%2F%2Furbe.com.ar%2Frevista%2Fmaternity-blues%2F&amp;linkname=Maternity%20blues\" title=\"Twitter\" rel=\"nofollow noopener\" target=\"_blank\"><\/a><a class=\"a2a_button_email\" href=\"https:\/\/www.addtoany.com\/add_to\/email?linkurl=https%3A%2F%2Furbe.com.ar%2Frevista%2Fmaternity-blues%2F&amp;linkname=Maternity%20blues\" title=\"Email\" rel=\"nofollow noopener\" target=\"_blank\"><\/a><a class=\"a2a_button_copy_link\" href=\"https:\/\/www.addtoany.com\/add_to\/copy_link?linkurl=https%3A%2F%2Furbe.com.ar%2Frevista%2Fmaternity-blues%2F&amp;linkname=Maternity%20blues\" title=\"Copy Link\" rel=\"nofollow noopener\" target=\"_blank\"><\/a><\/div><\/div>[\/et_pb_code][\/et_pb_column_inner][\/et_pb_row_inner][et_pb_row_inner use_custom_gutter=\u00bbon\u00bb gutter_width=\u00bb1&#8243; make_equal=\u00bbon\u00bb disabled_on=\u00bboff|on|on\u00bb _builder_version=\u00bb4.16&#8243; background_color=\u00bb#ffffff\u00bb custom_margin=\u00bb||||false|false\u00bb custom_padding=\u00bb0px||0px|0%|false|false\u00bb locked=\u00bboff\u00bb global_colors_info=\u00bb{}\u00bb][et_pb_column_inner saved_specialty_column_type=\u00bb2_3&#8243; _builder_version=\u00bb4.16&#8243; background_color=\u00bb#ffffff\u00bb global_colors_info=\u00bb{}\u00bb][et_pb_code disabled_on=\u00bboff|off|off\u00bb _builder_version=\u00bb4.16&#8243; _module_preset=\u00bbdefault\u00bb text_orientation=\u00bbcenter\u00bb width=\u00bb100%\u00bb width_tablet=\u00bb\u00bb width_phone=\u00bb100%\u00bb width_last_edited=\u00bbon|phone\u00bb max_width=\u00bb100%\u00bb max_width_tablet=\u00bb\u00bb max_width_phone=\u00bb\u00bb max_width_last_edited=\u00bbon|tablet\u00bb module_alignment=\u00bbright\u00bb custom_margin_tablet=\u00bb\u00bb custom_margin_phone=\u00bb\u00bb custom_margin_last_edited=\u00bbon|phone\u00bb module_alignment_tablet=\u00bb\u00bb module_alignment_phone=\u00bbcenter\u00bb module_alignment_last_edited=\u00bbon|desktop\u00bb global_colors_info=\u00bb{}\u00bb]<div class=\"addtoany_shortcode\"><div class=\"a2a_kit a2a_kit_size_32 addtoany_list\" data-a2a-url=\"https:\/\/urbe.com.ar\/revista\/maternity-blues\/\" data-a2a-title=\"Maternity blues\"><a class=\"a2a_button_facebook\" href=\"https:\/\/www.addtoany.com\/add_to\/facebook?linkurl=https%3A%2F%2Furbe.com.ar%2Frevista%2Fmaternity-blues%2F&amp;linkname=Maternity%20blues\" title=\"Facebook\" rel=\"nofollow noopener\" target=\"_blank\"><\/a><a class=\"a2a_button_whatsapp\" href=\"https:\/\/www.addtoany.com\/add_to\/whatsapp?linkurl=https%3A%2F%2Furbe.com.ar%2Frevista%2Fmaternity-blues%2F&amp;linkname=Maternity%20blues\" title=\"WhatsApp\" rel=\"nofollow noopener\" target=\"_blank\"><\/a><a class=\"a2a_button_twitter\" href=\"https:\/\/www.addtoany.com\/add_to\/twitter?linkurl=https%3A%2F%2Furbe.com.ar%2Frevista%2Fmaternity-blues%2F&amp;linkname=Maternity%20blues\" title=\"Twitter\" rel=\"nofollow noopener\" target=\"_blank\"><\/a><a class=\"a2a_button_email\" href=\"https:\/\/www.addtoany.com\/add_to\/email?linkurl=https%3A%2F%2Furbe.com.ar%2Frevista%2Fmaternity-blues%2F&amp;linkname=Maternity%20blues\" title=\"Email\" rel=\"nofollow noopener\" target=\"_blank\"><\/a><a class=\"a2a_button_copy_link\" href=\"https:\/\/www.addtoany.com\/add_to\/copy_link?linkurl=https%3A%2F%2Furbe.com.ar%2Frevista%2Fmaternity-blues%2F&amp;linkname=Maternity%20blues\" title=\"Copy Link\" rel=\"nofollow noopener\" target=\"_blank\"><\/a><\/div><\/div>[\/et_pb_code][\/et_pb_column_inner][\/et_pb_row_inner][et_pb_row_inner _builder_version=\u00bb4.18.0&#8243; background_color=\u00bb#ffffff\u00bb custom_padding=\u00bb0px||3px|0px||\u00bb global_colors_info=\u00bb{}\u00bb][et_pb_column_inner saved_specialty_column_type=\u00bb2_3&#8243; _builder_version=\u00bb4.16&#8243; global_colors_info=\u00bb{}\u00bb][et_pb_text admin_label=\u00bbParrafo 1&#8243; _builder_version=\u00bb4.21.0&#8243; text_font=\u00bbTitillium Web||||||||\u00bb text_text_color=\u00bb#000000&#8243; text_font_size=\u00bb17px\u00bb text_line_height=\u00bb1.5em\u00bb custom_margin=\u00bb2%|0%|2%|0%|true|true\u00bb custom_padding=\u00bb||0px|||\u00bb text_font_size_tablet=\u00bb17px\u00bb text_font_size_phone=\u00bb16px\u00bb text_font_size_last_edited=\u00bbon|phone\u00bb locked=\u00bboff\u00bb inline_fonts=\u00bbRubik,Alkalami\u00bb global_colors_info=\u00bb{}\u00bb]<\/p>\n<blockquote><\/blockquote>\n<p><span style=\"font-weight: 400; font-size: large;\">\u201cEn el decorado de una casa entre decadente y familiar, pod\u00eda sentir las voces de mi hijo y mi marido. Los dos en cuero. Los dos chapoteando en la pileta de pl\u00e1stico azul, con el agua a treinta y cinco grados. Era un domingo v\u00edspera de d\u00eda feriado. Estaba a pocos pasos de ellos, oculta entre malezas. Los espiaba. \u00bfC\u00f3mo es que yo, una mujer d\u00e9bil y enfermiza que sue\u00f1a con un cuchillo en la mano, era la madre y la esposa de esos dos individuos? \u00bfQu\u00e9 iba a hacer? Escond\u00ed el cuerpo adentr\u00e1ndome en la tierra. No iba a matarlos. Dej\u00e9 caer el cuchillo. Fui a colgar la ropa como si nada\u201d.\u00a0<\/span><\/p>\n<p><span style=\"font-weight: 400; font-size: large;\"><\/span><\/p>\n<p><span style=\"font-size: large;\"><span style=\"font-weight: 400;\">Ariana Harwicz es argentina y autora de <\/span><i><span style=\"font-weight: 400;\">\u201cMatate, amor\u201d<\/span><\/i><span style=\"font-weight: 400;\">. La novela narra la alienaci\u00f3n de una joven madre que, mientras atraviesa psicosis puerperal, debe cuidar a su beb\u00e9 junto a un marido que encuentra dif\u00edcil conectar con las emociones de su esposa.\u00a0<\/span><\/span><\/p>\n<p><span style=\"font-size: large;\"><span style=\"font-weight: 400;\"><\/span><\/span><\/p>\n<p><span style=\"font-weight: 400; font-size: large;\">\u201cMatate, amor\u201d fue publicada en 2012, y en ese entonces el rechazo de editoriales argentinas y espa\u00f1olas fue contundente. \u00bfPor qu\u00e9 Ariana Harwicz se atrevi\u00f3 a romper con la idealizaci\u00f3n de la maternidad?\u00bfQui\u00e9n era esta autora que cuestionaba la imagen de las madres sonrientes y perfectas que aparecen en las portadas de revistas? \u00bfQui\u00e9n se atrev\u00eda a desafiar lo que muchas mujeres definen como \u00abel momento m\u00e1s feliz de sus vidas\u00bb?<\/span><\/p>\n<p><span style=\"font-weight: 400; font-size: large;\"><\/span><\/p>\n<p><span style=\"font-size: large;\"><span style=\"font-weight: 400;\">Seg\u00fan Harwicz, su libro <\/span><b>molest\u00f3 mucho m\u00e1s a las mujeres<\/b><span style=\"font-weight: 400;\">. De hecho una de las cr\u00edticas m\u00e1s comunes hacia la autora fue por escribir sobre \u201cmadres asesinas, que rechazan a sus hijos, o que los odian\u201d. La idea de una madre que no siente amor por su primog\u00e9nito era inconcebible.\u00a0<\/span><\/span><\/p>\n<p><span style=\"font-size: large;\"><span style=\"font-weight: 400;\"><\/span><\/span><\/p>\n<p><span style=\"font-weight: 400; font-size: large;\">Con el paso de los a\u00f1os, las ideas evolucionaron y en 2022 los lectores comenzaron a interpretar el libro de manera diferente. Junto con esta resignificaci\u00f3n, las ventas de la novela aumentaron, se cre\u00f3 una exitosa adaptaci\u00f3n teatral protagonizada por \u00c9rica Rivas y se anunci\u00f3 una adaptaci\u00f3n cinematogr\u00e1fica con Jennifer Lawrence en el papel principal, dirigida por -nada m\u00e1s y nada menos que- Martin Scorsese.<\/span><\/p>\n<p><span style=\"font-weight: 400; font-size: large;\"><\/span><\/p>\n<p><span style=\"font-size: large;\"><span style=\"font-weight: 400;\">La lectura de \u201cMatate, amor\u201d revivi\u00f3 conversaciones antiguas con mujeres que son madres. Conversaciones t\u00edmidas, similares y cargadas del miedo que se siente cuando se est\u00e1 contando algo por lo que se puede ser juzgada. Los relatos tienen ciertos puntos en com\u00fan: la prevalencia de momentos de exasperaci\u00f3n durante el puerperio, la presencia de delirios con pensamientos intrusivos vinculados a sus beb\u00e9s y que <\/span><b>todas, -todas- sintieron verg\u00fcenza, silenciaron sus emociones y atravesaron este duro momento solas<\/b><span style=\"font-weight: 400;\">.\u00a0\u00a0<\/span><\/span><\/p>\n<p><span style=\"font-weight: 400;\"><\/span><\/p>\n<p>[\/et_pb_text][et_pb_image src=\u00bbhttps:\/\/urbe.com.ar\/revista\/wp-content\/uploads\/2023\/07\/aaa56ba8-53ac-4ef2-adfe-28cc52d4ee8d_alta-libre-aspect-ratio_default_0.jpg\u00bb title_text=\u00bbaaa56ba8-53ac-4ef2-adfe-28cc52d4ee8d_alta-libre-aspect-ratio_default_0&#8243; _builder_version=\u00bb4.21.0&#8243; _module_preset=\u00bbdefault\u00bb global_colors_info=\u00bb{}\u00bb][\/et_pb_image][et_pb_text _builder_version=\u00bb4.21.0&#8243; text_font=\u00bbTitillium Web||||||||\u00bb text_text_color=\u00bb#000000&#8243; text_font_size=\u00bb17px\u00bb text_line_height=\u00bb1.5em\u00bb min_height=\u00bb17.5px\u00bb custom_margin=\u00bb2.5%|0%|2.5%|0%|true|true\u00bb custom_padding=\u00bb||0px|9px|false|false\u00bb text_font_size_tablet=\u00bb17px\u00bb text_font_size_phone=\u00bb16px\u00bb text_font_size_last_edited=\u00bbon|phone\u00bb border_width_left=\u00bb2px\u00bb border_color_left=\u00bb#272727&#8243; global_colors_info=\u00bb{}\u00bb]<\/p>\n<p><em><span style=\"font-weight: 400; font-size: small;\">Foto: Ariana Harwicz.<\/span><\/em><\/p>\n<p>[\/et_pb_text][et_pb_image src=\u00bbhttps:\/\/urbe.com.ar\/revista\/wp-content\/uploads\/2023\/06\/300&#215;300.jpg\u00bb alt=\u00bbYPF\u00bb title_text=\u00bb300&#215;300&#8243; url=\u00bbhttps:\/\/www.ypf.com\/Paginas\/home.aspx\u00bb url_new_window=\u00bbon\u00bb disabled_on=\u00bboff|on|on\u00bb _builder_version=\u00bb4.21.0&#8243; _module_preset=\u00bbdefault\u00bb min_height=\u00bb248.1px\u00bb custom_margin=\u00bb14.3%||14.3%||true|false\u00bb custom_padding=\u00bb||50px|||\u00bb global_module=\u00bb5777&#8243; global_colors_info=\u00bb{}\u00bb][\/et_pb_image][et_pb_text admin_label=\u00bbParrafo 1&#8243; _builder_version=\u00bb4.21.0&#8243; text_font=\u00bbTitillium Web||||||||\u00bb text_text_color=\u00bb#000000&#8243; text_font_size=\u00bb17px\u00bb text_line_height=\u00bb1.5em\u00bb custom_margin=\u00bb2%|0%|2%|0%|true|true\u00bb custom_padding=\u00bb||0px|||\u00bb text_font_size_tablet=\u00bb17px\u00bb text_font_size_phone=\u00bb16px\u00bb text_font_size_last_edited=\u00bbon|phone\u00bb locked=\u00bboff\u00bb inline_fonts=\u00bbRubik,Alkalami\u00bb global_colors_info=\u00bb{}\u00bb]<\/p>\n<blockquote><\/blockquote>\n<p><span style=\"font-size: large;\"><span style=\"font-weight: 400;\">El <\/span><b>\u00abmaternity blues\u00bb<\/b><span style=\"font-weight: 400;\"> o <\/span><b>tristeza puerperal<\/b><span style=\"font-weight: 400;\"> es una reacci\u00f3n com\u00fan asociada a los cambios hormonales que experimenta una mujer despu\u00e9s del parto. Alcanza su punto m\u00e1ximo entre el cuarto y quinto d\u00eda despu\u00e9s del parto, disminuye gradualmente en intensidad y desaparece despu\u00e9s de aproximadamente 10 d\u00edas. <\/span><i><span style=\"font-weight: 400;\">Entre el 50 y el 90 por ciento de las mujeres lo experimentan<\/span><\/i><span style=\"font-weight: 400;\">.<\/span><\/span><\/p>\n<p><span style=\"font-size: large;\"><span style=\"font-weight: 400;\"><\/span><\/span><\/p>\n<p><span style=\"font-weight: 400; font-size: large;\">La Dra. Victoria Sant\u00e9, especializada en psiquiatr\u00eda, explica que el \u00abmaternity blues\u00bb no se considera un trastorno afectivo en s\u00ed mismo, sino una respuesta habitual de la mayor\u00eda de las mujeres a esta nueva etapa vital. Se produce debido a los cambios bruscos en el cuidado del beb\u00e9 y en la vida en general. Es una alteraci\u00f3n transitoria que tiene un impacto psicol\u00f3gico de corta duraci\u00f3n.<\/span><\/p>\n<p><span style=\"font-weight: 400; font-size: large;\"><\/span><\/p>\n<p><span style=\"font-size: large;\"><span style=\"font-weight: 400;\">Por otro lado, la <\/span><b>depresi\u00f3n posparto<\/b><span style=\"font-weight: 400;\"> conlleva un diagn\u00f3stico psiqui\u00e1trico. Seg\u00fan la Dra. Sant\u00e9, tiene una incidencia entre el 12 y el 20 por ciento y si bien los s\u00edntomas que se presentan no difieren de los de una depresi\u00f3n fuera del contexto puerperal, tiene algunas diferencias. En la depresi\u00f3n posparto puede observarse disforia, irritabilidad, ansiedad, inestabilidad, agitaci\u00f3n, temores asociados al cuidado del beb\u00e9 y privaci\u00f3n del sue\u00f1o. \u201cTener intervalos de sue\u00f1o irregulares puede desencadenar cualquier trastorno psiqui\u00e1trico. No dormir descompensa a cualquiera\u201d, asegura Sant\u00e9.\u00a0<\/span><\/span><\/p>\n<p><span style=\"font-size: large;\"><span style=\"font-weight: 400;\"><\/span><\/span><\/p>\n<p><span style=\"font-size: large;\"><span style=\"font-weight: 400;\">El cuadro m\u00e1s grave dentro de los puerperales es la <\/span><b>psicosis puerperal<\/b><span style=\"font-weight: 400;\">. Se trata de una entidad cl\u00ednica que forma parte de los trastornos del \u00e1nimo y, al ser un cuadro polimorfo -de extensos s\u00edntomas-, se presenta en cada mujer de distinta forma. Tiene una prevalencia mucho menor a los diagn\u00f3sticos mencionados anteriormente: s\u00f3lo del 0.1 al 0.2 por ciento de las mujeres la experimentan.\u00a0<\/span><\/span><\/p>\n<p><span style=\"font-size: large;\"><span style=\"font-weight: 400;\"><\/span><\/span><\/p>\n<p><span style=\"font-size: large;\"><span style=\"font-weight: 400;\">La Dra. Sant\u00e9 destaca la importancia de reconocer que esta etapa est\u00e1 incluida dentro del <\/span><b>ciclo hormonal de la mujer <\/b><span style=\"font-weight: 400;\">y conlleva cambios hormonales, corporales y an\u00edmicos muy dr\u00e1sticos e intensos. A su vez, durante este periodo, se atraviesa una resignificaci\u00f3n del entorno y una adaptaci\u00f3n al cuidado constante de otra persona durante meses, incluso a\u00f1os. Este proceso requiere flexibilidad ps\u00edquica, que est\u00e1 estrechamente asociada a lo vincular, lo ambiental y a la red sociocultural que tiene la mujer.\u00a0<\/span><\/span><\/p>\n<p><span style=\"font-size: large;\"><span style=\"font-weight: 400;\"><\/span><\/span><\/p>\n<p><span style=\"font-size: large;\"><span style=\"font-weight: 400;\">En 2022, el servicio de difusi\u00f3n p\u00fablica alem\u00e1n DW public\u00f3 un documental titulado \u201cWhat leads mothers to kill their children?\u201d (<\/span><i><span style=\"font-weight: 400;\">\u201c\u00bfQu\u00e9 lleva a las madres a matar a sus hijos?\u201d<\/span><\/i><span style=\"font-weight: 400;\">) que relata la historia de Carol Coronado, una mujer estadounidense que asesin\u00f3 a sus tres hijas el 20 de mayo de 2014.\u00a0<\/span><\/span><\/p>\n<p><span style=\"font-size: large;\"><span style=\"font-weight: 400;\"><\/span><\/span><\/p>\n<p><span style=\"font-weight: 400; font-size: large;\">El d\u00eda que cometi\u00f3 el crimen, Carol llam\u00f3 a su madre pidiendo ayuda, indicando que se sent\u00eda mal, extra\u00f1a. Su marido, quien aparece en el documental, dice, repetidas veces, que \u00e9l fue \u201ccriado para trabajar, para proveer\u201d y detalla que Carol era la encargada de \u201ctodas las tareas del hogar y el cuidado absoluto de las tres ni\u00f1as\u201d. El hombre tambi\u00e9n menciona que la ma\u00f1ana del peor d\u00eda de su vida, Carol actuaba \u201crara, loca\u201d y que, por ese motivo, \u00e9l decidi\u00f3 irse temprano a trabajar y la dej\u00f3 sola con las 3 ni\u00f1as porque \u201cno pod\u00eda lidiar con eso\u201d.<\/span><\/p>\n<p><span style=\"font-weight: 400; font-size: large;\"><\/span><\/p>\n<p><span style=\"font-size: large;\"><span style=\"font-weight: 400;\">A esto se refiere la doctora Sant\u00e9 al hablar de la <\/span><b>red sociocultural de la mujer<\/b><span style=\"font-weight: 400;\">. En el caso de Carol Coronado, ella se encontraba sola. Tanto su c\u00edrculo familiar como el sistema de salud fallaron, ya que este \u00faltimo se enfoca casi exclusivamente en el cuidado del nuevo beb\u00e9 y presta poca atenci\u00f3n a los s\u00edntomas y al bienestar f\u00edsico y psicol\u00f3gico de la madre.<\/span><\/span><\/p>\n<p><span style=\"font-size: large;\"><span style=\"font-weight: 400;\"><\/span><\/span><\/p>\n<p><span style=\"font-size: large;\"><span style=\"font-weight: 400;\">Marina Mart\u00ednez Jorde, matrona espa\u00f1ola, destaca la importancia de un nuevo servicio al que recurren las madres primerizas en Espa\u00f1a: las <\/span><i><span style=\"font-weight: 400;\">doulas privadas<\/span><\/i><span style=\"font-weight: 400;\">. \u201cClaro que estamos hablando de madres que se lo pueden permitir, que tienen el dinero. Las doulas son figuras que no son del sistema p\u00fablico, pero s\u00ed est\u00e1n cumpliendo un rol que ayuda a la madre. Ofrecen un acompa\u00f1amiento para la mujer antes, durante y despu\u00e9s del parto\u201d, cuenta.\u00a0<\/span><\/span><\/p>\n<p><span style=\"font-size: large;\"><span style=\"font-weight: 400;\"><\/span><\/span><\/p>\n<p><span style=\"font-weight: 400; font-size: large;\">As\u00ed como Mart\u00ednez Jorde fantasea con un sistema p\u00fablico que financie una presencia mayor de matronas en atenci\u00f3n primaria y con un enfoque centrado en la madre, otras mujeres de todas partes del mundo inician ese mismo debate entre los m\u00e1s de 8 mil comentarios del documental de DW en YouTube.\u00a0<\/span><\/p>\n<p><span style=\"font-weight: 400; font-size: large;\"><\/span><\/p>\n<p><span style=\"font-weight: 400; font-size: large;\">Entre los comentarios se encuentra el de Angela, quien escribe: \u00abCuando nacieron mis beb\u00e9s, experiment\u00e9 todo lo que mencionan, pero gracias a mi esposo, que al regresar del trabajo se encargaba de lavar, cocinar y cuidar del beb\u00e9, solo pas\u00e9 por esa etapa dif\u00edcil durante un corto tiempo. Afortunadamente, pude superar esta terrible etapa\u00bb. Vivienne, en otro comentario, comparte: \u00abExperiment\u00e9 depresi\u00f3n posparto despu\u00e9s del nacimiento de mi beb\u00e9. Mis hijos ten\u00edan solo 17 meses de diferencia. Nunca quise hacerles da\u00f1o, pero ten\u00eda pensamientos anormales, alucinaciones y sensaciones que me asustaban. Sab\u00eda que algo no estaba bien, as\u00ed que busqu\u00e9 ayuda de inmediato. Fue un lugar oscuro\u00bb. En un tercer comentario, se puede leer: \u00abSufr\u00ed de psicosis puerperal. Llegu\u00e9 a decirle a mi hijo que era el diablo y llegu\u00e9 a imaginar, en m\u00e1s de una ocasi\u00f3n, ahogarlo en la ba\u00f1era. Pas\u00e9 por ello sola, sin contarle a nadie, ni siquiera a mi esposo. Sent\u00eda verg\u00fcenza, pero tuve suerte. Siete a\u00f1os despu\u00e9s, descubr\u00ed que mi madre tambi\u00e9n hab\u00eda sufrido psicosis puerperal cuando me tuvo, por eso viv\u00ed unos meses con mi t\u00eda\u00bb. Por \u00faltimo, otra mujer relata su experiencia cuando tuvo a su beb\u00e9 en Italia y sinti\u00f3 una \u00abenorme\u00bb presi\u00f3n por ser \u00abla madre perfecta\u00bb. \u00abSi me quejaba de alg\u00fan dolor, mi madre me dec\u00eda que me callara, que ya no era importante, que lo importante ahora era el bienestar del beb\u00e9\u00bb.<\/span><\/p>\n<p><span style=\"font-weight: 400; font-size: large;\"><\/span><\/p>\n<p><span style=\"font-size: large;\"><span style=\"font-weight: 400;\">Estas mujeres describen, en un espacio online en el que se sienten libres de prejuicio y acompa\u00f1adas,<\/span><i><span style=\"font-weight: 400;\"> s\u00edntomas caracter\u00edsticos de la psicosis puerperal<\/span><\/i><span style=\"font-weight: 400;\">. La Dra. Sant\u00e9 enumera estas caracter\u00edsticas, que incluyen dificultad para dormir, fluctuaciones del estado de \u00e1nimo acompa\u00f1adas de ansiedad, alucinaciones, ideas delirantes relacionadas con el nuevo beb\u00e9 (como temores sobre su seguridad), desorientaci\u00f3n, confusi\u00f3n y alteraciones del estado mental. \u00abPor lo general, lo primero que nota el entorno son las conductas extra\u00f1as de la persona\u00bb, explica.<\/span><\/span><\/p>\n<p><span style=\"font-size: large;\"><span style=\"font-weight: 400;\"><\/span><\/span><\/p>\n<p><span style=\"font-size: large;\"><span style=\"font-weight: 400;\">En cuanto a los <\/span><i><span style=\"font-weight: 400;\">factores de riesgo<\/span><\/i><span style=\"font-weight: 400;\">, se pueden mencionar los antecedentes de trastorno del \u00e1nimo, historial de psicosis puerperal en embarazos anteriores (despu\u00e9s de un primer episodio en un primer embarazo, las posibilidades de que vuelva a ocurrir en un segundo embarazo aumentan al 60 por ciento, y despu\u00e9s de haber atravesado la psicosis puerperal en dos embarazos anteriores, hay un 90 por ciento de probabilidades de que ocurra en un tercer embarazo), internaciones durante el embarazo por trastorno bipolar o episodios psic\u00f3ticos, antecedentes familiares de trastornos afectivos, mujeres primerizas y complicaciones durante el parto. El tratamiento farmacol\u00f3gico variar\u00e1 seg\u00fan el caso.\u00a0<\/span><\/span><\/p>\n<p><span style=\"font-size: large;\"><span style=\"font-weight: 400;\"><\/span><\/span><\/p>\n<p><span style=\"font-size: large;\"><span style=\"font-weight: 400;\">Como se mencion\u00f3 anteriormente, aunque la psicosis puerperal tenga una prevalencia muy baja, <\/span><b>es un trastorno con alta recurrencia<\/b><span style=\"font-weight: 400;\"> que suele tener una buena evoluci\u00f3n con una intervenci\u00f3n m\u00e9dica adecuada. \u00abUna vez que la mujer recibe un tratamiento con un seguimiento estricto, la evoluci\u00f3n suele ser favorable\u00bb, se\u00f1ala Sant\u00e9.<\/span><\/span><\/p>\n<p><span style=\"font-size: large;\"><span style=\"font-weight: 400;\"><\/span><\/span><\/p>\n<p><span style=\"font-size: large;\"><span style=\"font-weight: 400;\">Una r\u00e1pida b\u00fasqueda de \u00abpsicosis puerperal\u00bb en Google arroja decenas de noticias sobre mujeres que, al igual que Carol Coronado, cometieron infanticidios. Sin embargo, las estad\u00edsticas demuestran que<\/span><b> el mayor riesgo real de estos trastornos es la alta tasa de suicidio materno<\/b><span style=\"font-weight: 400;\">, al menos en Argentina. Por esta raz\u00f3n, la psicosis puerperal es una emergencia psiqui\u00e1trica.<\/span><\/span><\/p>\n<p><span style=\"font-size: large;\"><span style=\"font-weight: 400;\"><\/span><\/span><\/p>\n<p><span style=\"font-size: large;\"><span style=\"font-weight: 400;\">En 1960 mi abuela, una mujer de campo, en una situaci\u00f3n econ\u00f3mica desfavorable, se traslad\u00f3 al hospital m\u00e1s cercano para tener all\u00ed, con mejores cuidados, a su primer beb\u00e9. Fue una experiencia penosa, desagradable, cargada de violencia obst\u00e9trica. Decidi\u00f3 nunca m\u00e1s parir en un hospital y seguir la tradici\u00f3n de las dem\u00e1s mujeres del pueblo: parir en su casa con una partera sin ning\u00fan tipo de cualificaci\u00f3n m\u00e9dica pero con m\u00e1s de un centenar de partos asistidos cargados en su historial. La comadrona acompa\u00f1aba a las madres desde los primeros meses de embarazo, orientaba las pr\u00e1cticas de salud de mujeres y sus familias, compart\u00eda sus conocimientos de medicina tradicional, prove\u00eda atenci\u00f3n y cuidado en el parto, y tambi\u00e9n, acompa\u00f1aba en el proceso posterior colaborando con los cuidados del beb\u00e9. <\/span><i><span style=\"font-weight: 400;\">Mi abuela pari\u00f3 en su casa, acompa\u00f1ada, apoyada, contenida por otra mujer que no se alej\u00f3 de su lado ni cuando las cosas se complicaron.\u00a0<\/span><\/i><\/span><\/p>\n<p><span style=\"font-size: large;\"><i><span style=\"font-weight: 400;\"><\/span><\/i><\/span><\/p>\n<p><span style=\"font-weight: 400; font-size: large;\">En contraste, en los partos que se consideran \u00abnormales\u00bb seg\u00fan los est\u00e1ndares actuales, las mujeres son dadas de alta del hospital en tan solo uno o dos d\u00edas. Las puertas autom\u00e1ticas del centro m\u00e9dico se cierran tras ellas y comienza el nuevo desaf\u00edo: lo que muchos etiquetan como \u00abla mejor etapa de tu vida\u00bb. Sin embargo, se enfrentan al peso de la violencia simb\u00f3lica que yace oculta bajo la romantizaci\u00f3n de la maternidad. Deben comprender y manejar el estallido hormonal, aprender a lidiar con un beb\u00e9 que no deja de llorar y a quien deben amar con todo su coraz\u00f3n, con toda su alma y con todas sus fuerzas, como a nadie m\u00e1s.\u00a0<\/span><\/p>\n<p><span style=\"font-weight: 400; font-size: large;\"><\/span><\/p>\n<p><span style=\"font-size: large;\"><span style=\"font-weight: 400;\">Comprender la psicosis puerperal nos ayuda a concebir que las mujeres necesitan ser acompa\u00f1adas despu\u00e9s de dar a luz, ya que esta experiencia no es igualmente feliz para todas. Es en este momento cuando se necesita, m\u00e1s que nunca, una <\/span><b>s\u00f3lida red de cuidado y apoyo<\/b><span style=\"font-weight: 400;\">.<\/span><\/span><\/p>\n<p><span style=\"font-weight: 400;\"><\/span><\/p>\n<p>[\/et_pb_text][et_pb_text _builder_version=\u00bb4.21.0&#8243; _module_preset=\u00bbdefault\u00bb text_font=\u00bbTitillium Web||||||||\u00bb text_text_color=\u00bb#272727&#8243; background_color=\u00bb#f2f2f2&#8243; custom_margin=\u00bb112px|||||\u00bb custom_padding=\u00bb14px|14px|14px|14px|true|true\u00bb global_colors_info=\u00bb{}\u00bb]<span style=\"font-size: large;\"><strong>Melanie Lamaz\u00f3n<\/strong><\/span><\/p>\n<p>\u00bfTe gust\u00f3 la nota? Seguila en sus redes &#x1f447;<\/p>\n<p><a href=\"https:\/\/www.instagram.com\/popilongstockin \/\">Melanie Lamaz\u00f3n<\/a>[\/et_pb_text][et_pb_image src=\u00bbhttps:\/\/urbe.com.ar\/revista\/wp-content\/uploads\/2023\/05\/banner-escritores-copy.jpg\u00bb title_text=\u00bbbanner escritores copy\u00bb _builder_version=\u00bb4.21.0&#8243; _module_preset=\u00bbdefault\u00bb custom_margin=\u00bb15%||||false|false\u00bb global_colors_info=\u00bb{}\u00bb][\/et_pb_image][\/et_pb_column_inner][\/et_pb_row_inner][\/et_pb_column][et_pb_column type=\u00bb1_3&#8243; _builder_version=\u00bb4.16&#8243; custom_padding=\u00bb|||\u00bb global_colors_info=\u00bb{}\u00bb custom_padding__hover=\u00bb|||\u00bb][et_pb_image src=\u00bbhttps:\/\/urbe.com.ar\/revista\/wp-content\/uploads\/2023\/06\/300&#215;300.jpg\u00bb alt=\u00bbYPF\u00bb title_text=\u00bb300&#215;300&#8243; url=\u00bbhttps:\/\/app.ypf.com\/\u00bb url_new_window=\u00bbon\u00bb align=\u00bbcenter\u00bb force_fullwidth=\u00bbon\u00bb disabled_on=\u00bbon|on|off\u00bb _builder_version=\u00bb4.21.0&#8243; custom_margin=\u00bb||3%|0%|false|false\u00bb global_module=\u00bb5784&#8243; saved_tabs=\u00bball\u00bb global_colors_info=\u00bb{}\u00bb src__hover_enabled=\u00bboff|desktop\u00bb src__hover=\u00bbhttps:\/\/urbe.com.ar\/revista\/wp-content\/uploads\/2021\/05\/PicsArt_05-28-11.17.58.png\u00bb][\/et_pb_image][et_pb_image src=\u00bbhttps:\/\/urbe.com.ar\/revista\/wp-content\/uploads\/2023\/05\/WhatsApp-Image-2023-03-13-at-16.37.45.jpeg\u00bb title_text=\u00bbWhatsApp Image 2023-03-13 at 16.37.45&#8243; _builder_version=\u00bb4.21.0&#8243; _module_preset=\u00bbdefault\u00bb custom_margin=\u00bb3%||3%||true|false\u00bb global_colors_info=\u00bb{}\u00bb][\/et_pb_image][et_pb_code _builder_version=\u00bb4.22.1&#8243; _module_preset=\u00bbdefault\u00bb hover_enabled=\u00bb0&#8243; global_colors_info=\u00bb{}\u00bb sticky_enabled=\u00bb0&#8243;]  <a href=\"https:\/\/bit.ly\/3ow8dAS\" target=\"_blank\" rel=\"noopener\"><!-- [et_pb_line_break_holder] -->    <img data-recalc-dims=\"1\" decoding=\"async\" src=\"https:\/\/i0.wp.com\/imgur.com\/8zxx4Oi.gif?w=1080&#038;ssl=1\" alt=\"Telam_1_Hora_Mas\"><!-- [et_pb_line_break_holder] -->  <\/a>[\/et_pb_code][et_pb_code _builder_version=\u00bb4.21.0&#8243; _module_preset=\u00bbdefault\u00bb custom_margin=\u00bb3%||3%||true|false\u00bb global_colors_info=\u00bb{}\u00bb]  <a href=\"https:\/\/derechoalfuturo.gba.gob.ar\/\" target=\"_blank\" rel=\"noopener\"><!-- [et_pb_line_break_holder] -->    <img data-recalc-dims=\"1\" decoding=\"async\" src=\"https:\/\/i0.wp.com\/imgur.com\/v6c3ktC.png?w=1080&#038;ssl=1\" alt=\"Descripci\u00f3n del GIF\"><!-- [et_pb_line_break_holder] -->  <\/a>[\/et_pb_code][et_pb_blog fullwidth=\u00bboff\u00bb posts_number=\u00bb9&#8243; include_categories=\u00bb7,11,8,9,10&#8243; meta_date=\u00bbj M,Y\u00bb use_manual_excerpt=\u00bboff\u00bb excerpt_length=\u00bb80&#8243; show_author=\u00bboff\u00bb show_categories=\u00bboff\u00bb show_pagination=\u00bboff\u00bb masonry_tile_background_color=\u00bb#FFFFFF\u00bb disabled_on=\u00bbon|off|off\u00bb module_class=\u00bbpa-blog \u00bb _builder_version=\u00bb4.18.0&#8243; header_font=\u00bb|700|||||||\u00bb header_text_color=\u00bb#FFFFFF\u00bb header_font_size=\u00bb20px\u00bb body_font=\u00bb|600|||||||\u00bb body_text_color=\u00bb#FFFFFF\u00bb meta_text_color=\u00bb#FFFFFF\u00bb read_more_text_color=\u00bb#FFFFFF\u00bb background_color=\u00bb#FFFFFF\u00bb min_height=\u00bb2595.9px\u00bb custom_margin=\u00bb-9%||1%||false|false\u00bb custom_margin_tablet=\u00bb0%||||false|false\u00bb custom_margin_phone=\u00bb\u00bb custom_margin_last_edited=\u00bbon|desktop\u00bb custom_padding=\u00bb||0px|||\u00bb header_text_shadow_style=\u00bbpreset3&#8243; header_text_shadow_color=\u00bb#000000&#8243; body_text_shadow_style=\u00bbpreset3&#8243; body_text_shadow_color=\u00bb#000000&#8243; meta_text_shadow_style=\u00bbpreset3&#8243; meta_text_shadow_color=\u00bb#000000&#8243; border_color_all_image=\u00bb#FFFFFF\u00bb border_width_top_image=\u00bb2px\u00bb text_shadow_style=\u00bbpreset3&#8243; text_shadow_blur_strength=\u00bb0.54em\u00bb text_shadow_color=\u00bb#000000&#8243; global_colors_info=\u00bb{}\u00bb][\/et_pb_blog][et_pb_code _builder_version=\u00bb4.16&#8243; _module_preset=\u00bbdefault\u00bb global_colors_info=\u00bb{}\u00bb]<\/p>\n<style><!-- [et_pb_line_break_holder] -->  .pa-blog-text {<!-- [et_pb_line_break_holder] -->\tposition: absolute;<!-- [et_pb_line_break_holder] -->\ttop: 65%;<!-- [et_pb_line_break_holder] -->\tleft: 50%;<!-- [et_pb_line_break_holder] -->\ttransform: translate(-50%, -50%);<!-- [et_pb_line_break_holder] -->\twidth: 100%;<!-- [et_pb_line_break_holder] -->\tpadding: 20px;<!-- [et_pb_line_break_holder] -->\tz-index: 1;<!-- [et_pb_line_break_holder] -->}<!-- [et_pb_line_break_holder] --><!-- [et_pb_line_break_holder] --><!-- [et_pb_line_break_holder] -->\/*keep the moved items positioned with their parent items*\/<!-- [et_pb_line_break_holder] --><!-- [et_pb_line_break_holder] -->.et_pb_blog_grid article {<!-- [et_pb_line_break_holder] -->\tposition: relative;<!-- [et_pb_line_break_holder] --> <!-- [et_pb_line_break_holder] -->}<!-- [et_pb_line_break_holder] --><!-- [et_pb_line_break_holder] --><!-- [et_pb_line_break_holder] -->\/*remove spacing around entire blog post*\/<!-- [et_pb_line_break_holder] --><!-- [et_pb_line_break_holder] -->.et_pb_blog_grid .et_pb_post {<!-- [et_pb_line_break_holder] -->\tpadding: 0px;<!-- [et_pb_line_break_holder] -->}<!-- [et_pb_line_break_holder] --><!-- [et_pb_line_break_holder] --><!-- [et_pb_line_break_holder] -->\/*remove negative margins on blog featured image*\/<!-- [et_pb_line_break_holder] --><!-- [et_pb_line_break_holder] -->.et_pb_image_container {<!-- [et_pb_line_break_holder] -->\tmargin: 0;<!-- [et_pb_line_break_holder] -->}<!-- [et_pb_line_break_holder] --><!-- [et_pb_line_break_holder] --><!-- [et_pb_line_break_holder] -->\/*remove the margin below the featured image frame*\/<!-- [et_pb_line_break_holder] --><!-- [et_pb_line_break_holder] -->.et_pb_post .entry-featured-image-url {<!-- [et_pb_line_break_holder] -->\tmargin: 0;<!-- [et_pb_line_break_holder] -->}<!-- [et_pb_line_break_holder] --><!-- [et_pb_line_break_holder] --><!-- [et_pb_line_break_holder] --><!-- [et_pb_line_break_holder] -->.et_pb_blog_grid .entry-featured-image-url::before {<!-- [et_pb_line_break_holder] -->\tcontent: '';<!-- [et_pb_line_break_holder] -->\tposition: absolute;<!-- [et_pb_line_break_holder] -->\twidth: 100%;<!-- [et_pb_line_break_holder] -->\theight: 100%;<!-- [et_pb_line_break_holder] -->  overflow:hidden;<!-- [et_pb_line_break_holder] -->\tbackground-color: rgba(0, 0, 0, 0.25);<!-- [et_pb_line_break_holder] -->}<!-- [et_pb_line_break_holder] --><\/style>\n<p>[\/et_pb_code][et_pb_code _builder_version=\u00bb4.16&#8243; global_colors_info=\u00bb{}\u00bb][\/et_pb_code][\/et_pb_column][\/et_pb_section][et_pb_section fb_built=\u00bb1&#8243; _builder_version=\u00bb4.16&#8243; background_enable_color=\u00bboff\u00bb custom_padding=\u00bb0px||0px|||\u00bb global_colors_info=\u00bb{}\u00bb][\/et_pb_section]<\/p>\n","protected":false},"excerpt":{"rendered":"<p>Por <b>Melanie Lamaz\u00f3n<\/b><\/p>\n","protected":false},"author":10,"featured_media":8267,"comment_status":"closed","ping_status":"closed","sticky":false,"template":"","format":"standard","meta":{"_et_pb_use_builder":"on","_et_pb_old_content":"","_et_gb_content_width":"1080","_jetpack_memberships_contains_paid_content":false,"footnotes":""},"categories":[8],"tags":[],"class_list":["post-8260","post","type-post","status-publish","format-standard","has-post-thumbnail","hentry","category-feminismo"],"yoast_head":"<!-- This site is optimized with the Yoast SEO plugin v27.4 - https:\/\/yoast.com\/product\/yoast-seo-wordpress\/ -->\n<title>Maternity blues - Revista Urbe<\/title>\n<meta name=\"robots\" content=\"index, follow, max-snippet:-1, max-image-preview:large, max-video-preview:-1\" \/>\n<link rel=\"canonical\" href=\"https:\/\/urbe.com.ar\/revista\/maternity-blues\/\" \/>\n<meta property=\"og:locale\" content=\"es_ES\" \/>\n<meta property=\"og:type\" content=\"article\" \/>\n<meta property=\"og:title\" content=\"Maternity blues - Revista Urbe\" \/>\n<meta property=\"og:description\" content=\"Por Melanie Lamaz\u00f3n\" \/>\n<meta property=\"og:url\" content=\"https:\/\/urbe.com.ar\/revista\/maternity-blues\/\" \/>\n<meta property=\"og:site_name\" content=\"Revista Urbe\" \/>\n<meta property=\"article:published_time\" content=\"2023-07-23T17:56:38+00:00\" \/>\n<meta property=\"article:modified_time\" content=\"2023-08-30T23:00:17+00:00\" \/>\n<meta property=\"og:image\" content=\"https:\/\/urbe.com.ar\/revista\/wp-content\/uploads\/2023\/07\/miniatura-6-1024x922.jpg\" \/>\n\t<meta property=\"og:image:width\" content=\"1024\" \/>\n\t<meta property=\"og:image:height\" content=\"922\" \/>\n\t<meta property=\"og:image:type\" content=\"image\/jpeg\" \/>\n<meta name=\"author\" content=\"Alejo Bernhardt\" \/>\n<meta name=\"twitter:card\" content=\"summary_large_image\" \/>\n<meta name=\"twitter:creator\" content=\"@Revistaurbe_\" \/>\n<meta name=\"twitter:site\" content=\"@Revistaurbe_\" \/>\n<meta name=\"twitter:label1\" content=\"Escrito por\" \/>\n\t<meta name=\"twitter:data1\" content=\"Alejo Bernhardt\" \/>\n\t<meta name=\"twitter:label2\" content=\"Tiempo de lectura\" \/>\n\t<meta name=\"twitter:data2\" content=\"12 minutos\" \/>\n<script type=\"application\/ld+json\" class=\"yoast-schema-graph\">{\"@context\":\"https:\\\/\\\/schema.org\",\"@graph\":[{\"@type\":\"Article\",\"@id\":\"https:\\\/\\\/urbe.com.ar\\\/revista\\\/maternity-blues\\\/#article\",\"isPartOf\":{\"@id\":\"https:\\\/\\\/urbe.com.ar\\\/revista\\\/maternity-blues\\\/\"},\"author\":{\"name\":\"Alejo Bernhardt\",\"@id\":\"https:\\\/\\\/urbe.com.ar\\\/revista\\\/#\\\/schema\\\/person\\\/4ddcf051fa628850264f4c6d61f63ee2\"},\"headline\":\"Maternity blues\",\"datePublished\":\"2023-07-23T17:56:38+00:00\",\"dateModified\":\"2023-08-30T23:00:17+00:00\",\"mainEntityOfPage\":{\"@id\":\"https:\\\/\\\/urbe.com.ar\\\/revista\\\/maternity-blues\\\/\"},\"wordCount\":3709,\"image\":{\"@id\":\"https:\\\/\\\/urbe.com.ar\\\/revista\\\/maternity-blues\\\/#primaryimage\"},\"thumbnailUrl\":\"https:\\\/\\\/i0.wp.com\\\/urbe.com.ar\\\/revista\\\/wp-content\\\/uploads\\\/2023\\\/07\\\/miniatura-6.jpg?fit=2551%2C2297&ssl=1\",\"articleSection\":[\"FEMINISMO\"],\"inLanguage\":\"es\"},{\"@type\":\"WebPage\",\"@id\":\"https:\\\/\\\/urbe.com.ar\\\/revista\\\/maternity-blues\\\/\",\"url\":\"https:\\\/\\\/urbe.com.ar\\\/revista\\\/maternity-blues\\\/\",\"name\":\"Maternity blues - Revista Urbe\",\"isPartOf\":{\"@id\":\"https:\\\/\\\/urbe.com.ar\\\/revista\\\/#website\"},\"primaryImageOfPage\":{\"@id\":\"https:\\\/\\\/urbe.com.ar\\\/revista\\\/maternity-blues\\\/#primaryimage\"},\"image\":{\"@id\":\"https:\\\/\\\/urbe.com.ar\\\/revista\\\/maternity-blues\\\/#primaryimage\"},\"thumbnailUrl\":\"https:\\\/\\\/i0.wp.com\\\/urbe.com.ar\\\/revista\\\/wp-content\\\/uploads\\\/2023\\\/07\\\/miniatura-6.jpg?fit=2551%2C2297&ssl=1\",\"datePublished\":\"2023-07-23T17:56:38+00:00\",\"dateModified\":\"2023-08-30T23:00:17+00:00\",\"author\":{\"@id\":\"https:\\\/\\\/urbe.com.ar\\\/revista\\\/#\\\/schema\\\/person\\\/4ddcf051fa628850264f4c6d61f63ee2\"},\"breadcrumb\":{\"@id\":\"https:\\\/\\\/urbe.com.ar\\\/revista\\\/maternity-blues\\\/#breadcrumb\"},\"inLanguage\":\"es\",\"potentialAction\":[{\"@type\":\"ReadAction\",\"target\":[\"https:\\\/\\\/urbe.com.ar\\\/revista\\\/maternity-blues\\\/\"]}]},{\"@type\":\"ImageObject\",\"inLanguage\":\"es\",\"@id\":\"https:\\\/\\\/urbe.com.ar\\\/revista\\\/maternity-blues\\\/#primaryimage\",\"url\":\"https:\\\/\\\/i0.wp.com\\\/urbe.com.ar\\\/revista\\\/wp-content\\\/uploads\\\/2023\\\/07\\\/miniatura-6.jpg?fit=2551%2C2297&ssl=1\",\"contentUrl\":\"https:\\\/\\\/i0.wp.com\\\/urbe.com.ar\\\/revista\\\/wp-content\\\/uploads\\\/2023\\\/07\\\/miniatura-6.jpg?fit=2551%2C2297&ssl=1\",\"width\":2551,\"height\":2297},{\"@type\":\"BreadcrumbList\",\"@id\":\"https:\\\/\\\/urbe.com.ar\\\/revista\\\/maternity-blues\\\/#breadcrumb\",\"itemListElement\":[{\"@type\":\"ListItem\",\"position\":1,\"name\":\"Portada\",\"item\":\"https:\\\/\\\/urbe.com.ar\\\/revista\\\/\"},{\"@type\":\"ListItem\",\"position\":2,\"name\":\"Maternity blues\"}]},{\"@type\":\"WebSite\",\"@id\":\"https:\\\/\\\/urbe.com.ar\\\/revista\\\/#website\",\"url\":\"https:\\\/\\\/urbe.com.ar\\\/revista\\\/\",\"name\":\"Revista Urbe\",\"description\":\"\",\"potentialAction\":[{\"@type\":\"SearchAction\",\"target\":{\"@type\":\"EntryPoint\",\"urlTemplate\":\"https:\\\/\\\/urbe.com.ar\\\/revista\\\/?s={search_term_string}\"},\"query-input\":{\"@type\":\"PropertyValueSpecification\",\"valueRequired\":true,\"valueName\":\"search_term_string\"}}],\"inLanguage\":\"es\"},{\"@type\":\"Person\",\"@id\":\"https:\\\/\\\/urbe.com.ar\\\/revista\\\/#\\\/schema\\\/person\\\/4ddcf051fa628850264f4c6d61f63ee2\",\"name\":\"Alejo Bernhardt\",\"image\":{\"@type\":\"ImageObject\",\"inLanguage\":\"es\",\"@id\":\"https:\\\/\\\/secure.gravatar.com\\\/avatar\\\/e17892015a0b2fe0e47a8387056c05584647b09de53f1ac00adae78b2f4fb443?s=96&d=mm&r=g\",\"url\":\"https:\\\/\\\/secure.gravatar.com\\\/avatar\\\/e17892015a0b2fe0e47a8387056c05584647b09de53f1ac00adae78b2f4fb443?s=96&d=mm&r=g\",\"contentUrl\":\"https:\\\/\\\/secure.gravatar.com\\\/avatar\\\/e17892015a0b2fe0e47a8387056c05584647b09de53f1ac00adae78b2f4fb443?s=96&d=mm&r=g\",\"caption\":\"Alejo Bernhardt\"},\"url\":\"https:\\\/\\\/urbe.com.ar\\\/revista\\\/author\\\/alejo-bernhardt\\\/\"}]}<\/script>\n<!-- \/ Yoast SEO plugin. -->","yoast_head_json":{"title":"Maternity blues - Revista Urbe","robots":{"index":"index","follow":"follow","max-snippet":"max-snippet:-1","max-image-preview":"max-image-preview:large","max-video-preview":"max-video-preview:-1"},"canonical":"https:\/\/urbe.com.ar\/revista\/maternity-blues\/","og_locale":"es_ES","og_type":"article","og_title":"Maternity blues - Revista Urbe","og_description":"Por Melanie Lamaz\u00f3n","og_url":"https:\/\/urbe.com.ar\/revista\/maternity-blues\/","og_site_name":"Revista Urbe","article_published_time":"2023-07-23T17:56:38+00:00","article_modified_time":"2023-08-30T23:00:17+00:00","og_image":[{"width":1024,"height":922,"url":"https:\/\/urbe.com.ar\/revista\/wp-content\/uploads\/2023\/07\/miniatura-6-1024x922.jpg","type":"image\/jpeg"}],"author":"Alejo Bernhardt","twitter_card":"summary_large_image","twitter_creator":"@Revistaurbe_","twitter_site":"@Revistaurbe_","twitter_misc":{"Escrito por":"Alejo Bernhardt","Tiempo de lectura":"12 minutos"},"schema":{"@context":"https:\/\/schema.org","@graph":[{"@type":"Article","@id":"https:\/\/urbe.com.ar\/revista\/maternity-blues\/#article","isPartOf":{"@id":"https:\/\/urbe.com.ar\/revista\/maternity-blues\/"},"author":{"name":"Alejo Bernhardt","@id":"https:\/\/urbe.com.ar\/revista\/#\/schema\/person\/4ddcf051fa628850264f4c6d61f63ee2"},"headline":"Maternity blues","datePublished":"2023-07-23T17:56:38+00:00","dateModified":"2023-08-30T23:00:17+00:00","mainEntityOfPage":{"@id":"https:\/\/urbe.com.ar\/revista\/maternity-blues\/"},"wordCount":3709,"image":{"@id":"https:\/\/urbe.com.ar\/revista\/maternity-blues\/#primaryimage"},"thumbnailUrl":"https:\/\/i0.wp.com\/urbe.com.ar\/revista\/wp-content\/uploads\/2023\/07\/miniatura-6.jpg?fit=2551%2C2297&ssl=1","articleSection":["FEMINISMO"],"inLanguage":"es"},{"@type":"WebPage","@id":"https:\/\/urbe.com.ar\/revista\/maternity-blues\/","url":"https:\/\/urbe.com.ar\/revista\/maternity-blues\/","name":"Maternity blues - Revista Urbe","isPartOf":{"@id":"https:\/\/urbe.com.ar\/revista\/#website"},"primaryImageOfPage":{"@id":"https:\/\/urbe.com.ar\/revista\/maternity-blues\/#primaryimage"},"image":{"@id":"https:\/\/urbe.com.ar\/revista\/maternity-blues\/#primaryimage"},"thumbnailUrl":"https:\/\/i0.wp.com\/urbe.com.ar\/revista\/wp-content\/uploads\/2023\/07\/miniatura-6.jpg?fit=2551%2C2297&ssl=1","datePublished":"2023-07-23T17:56:38+00:00","dateModified":"2023-08-30T23:00:17+00:00","author":{"@id":"https:\/\/urbe.com.ar\/revista\/#\/schema\/person\/4ddcf051fa628850264f4c6d61f63ee2"},"breadcrumb":{"@id":"https:\/\/urbe.com.ar\/revista\/maternity-blues\/#breadcrumb"},"inLanguage":"es","potentialAction":[{"@type":"ReadAction","target":["https:\/\/urbe.com.ar\/revista\/maternity-blues\/"]}]},{"@type":"ImageObject","inLanguage":"es","@id":"https:\/\/urbe.com.ar\/revista\/maternity-blues\/#primaryimage","url":"https:\/\/i0.wp.com\/urbe.com.ar\/revista\/wp-content\/uploads\/2023\/07\/miniatura-6.jpg?fit=2551%2C2297&ssl=1","contentUrl":"https:\/\/i0.wp.com\/urbe.com.ar\/revista\/wp-content\/uploads\/2023\/07\/miniatura-6.jpg?fit=2551%2C2297&ssl=1","width":2551,"height":2297},{"@type":"BreadcrumbList","@id":"https:\/\/urbe.com.ar\/revista\/maternity-blues\/#breadcrumb","itemListElement":[{"@type":"ListItem","position":1,"name":"Portada","item":"https:\/\/urbe.com.ar\/revista\/"},{"@type":"ListItem","position":2,"name":"Maternity blues"}]},{"@type":"WebSite","@id":"https:\/\/urbe.com.ar\/revista\/#website","url":"https:\/\/urbe.com.ar\/revista\/","name":"Revista Urbe","description":"","potentialAction":[{"@type":"SearchAction","target":{"@type":"EntryPoint","urlTemplate":"https:\/\/urbe.com.ar\/revista\/?s={search_term_string}"},"query-input":{"@type":"PropertyValueSpecification","valueRequired":true,"valueName":"search_term_string"}}],"inLanguage":"es"},{"@type":"Person","@id":"https:\/\/urbe.com.ar\/revista\/#\/schema\/person\/4ddcf051fa628850264f4c6d61f63ee2","name":"Alejo Bernhardt","image":{"@type":"ImageObject","inLanguage":"es","@id":"https:\/\/secure.gravatar.com\/avatar\/e17892015a0b2fe0e47a8387056c05584647b09de53f1ac00adae78b2f4fb443?s=96&d=mm&r=g","url":"https:\/\/secure.gravatar.com\/avatar\/e17892015a0b2fe0e47a8387056c05584647b09de53f1ac00adae78b2f4fb443?s=96&d=mm&r=g","contentUrl":"https:\/\/secure.gravatar.com\/avatar\/e17892015a0b2fe0e47a8387056c05584647b09de53f1ac00adae78b2f4fb443?s=96&d=mm&r=g","caption":"Alejo Bernhardt"},"url":"https:\/\/urbe.com.ar\/revista\/author\/alejo-bernhardt\/"}]}},"jetpack_featured_media_url":"https:\/\/i0.wp.com\/urbe.com.ar\/revista\/wp-content\/uploads\/2023\/07\/miniatura-6.jpg?fit=2551%2C2297&ssl=1","jetpack_sharing_enabled":true,"_links":{"self":[{"href":"https:\/\/urbe.com.ar\/revista\/wp-json\/wp\/v2\/posts\/8260","targetHints":{"allow":["GET"]}}],"collection":[{"href":"https:\/\/urbe.com.ar\/revista\/wp-json\/wp\/v2\/posts"}],"about":[{"href":"https:\/\/urbe.com.ar\/revista\/wp-json\/wp\/v2\/types\/post"}],"author":[{"embeddable":true,"href":"https:\/\/urbe.com.ar\/revista\/wp-json\/wp\/v2\/users\/10"}],"replies":[{"embeddable":true,"href":"https:\/\/urbe.com.ar\/revista\/wp-json\/wp\/v2\/comments?post=8260"}],"version-history":[{"count":6,"href":"https:\/\/urbe.com.ar\/revista\/wp-json\/wp\/v2\/posts\/8260\/revisions"}],"predecessor-version":[{"id":8472,"href":"https:\/\/urbe.com.ar\/revista\/wp-json\/wp\/v2\/posts\/8260\/revisions\/8472"}],"wp:featuredmedia":[{"embeddable":true,"href":"https:\/\/urbe.com.ar\/revista\/wp-json\/wp\/v2\/media\/8267"}],"wp:attachment":[{"href":"https:\/\/urbe.com.ar\/revista\/wp-json\/wp\/v2\/media?parent=8260"}],"wp:term":[{"taxonomy":"category","embeddable":true,"href":"https:\/\/urbe.com.ar\/revista\/wp-json\/wp\/v2\/categories?post=8260"},{"taxonomy":"post_tag","embeddable":true,"href":"https:\/\/urbe.com.ar\/revista\/wp-json\/wp\/v2\/tags?post=8260"}],"curies":[{"name":"wp","href":"https:\/\/api.w.org\/{rel}","templated":true}]}}