{"id":7167,"date":"2023-02-17T21:55:10","date_gmt":"2023-02-17T21:55:10","guid":{"rendered":"https:\/\/urbe.com.ar\/revista\/?p=7167"},"modified":"2023-06-03T18:58:35","modified_gmt":"2023-06-03T18:58:35","slug":"siglo-i-a-c-cambalache-la-corrupcion-en-roma","status":"publish","type":"post","link":"https:\/\/urbe.com.ar\/revista\/siglo-i-a-c-cambalache-la-corrupcion-en-roma\/","title":{"rendered":"Siglo I a.C. Cambalache: La corrupci\u00f3n en Roma"},"content":{"rendered":"<p>[et_pb_section fb_built=\u00bb1&#8243; disabled_on=\u00bbon|on|on\u00bb _builder_version=\u00bb4.18.0&#8243; disabled=\u00bbon\u00bb global_colors_info=\u00bb{}\u00bb][et_pb_row _builder_version=\u00bb4.18.0&#8243; global_colors_info=\u00bb{}\u00bb][et_pb_column type=\u00bb4_4&#8243; _builder_version=\u00bb4.18.0&#8243; global_colors_info=\u00bb{}\u00bb][et_pb_text disabled_on=\u00bbon|on|on\u00bb _builder_version=\u00bb4.19.5&#8243; custom_padding=\u00bb||28px|||\u00bb disabled=\u00bbon\u00bb global_colors_info=\u00bb{}\u00bb]<\/p>\n<p>Por <b>Valent\u00edn Pennella y Juan Zaietz<\/b> | Hoy, Valent\u00edn y Juan se remontan a la Antigua Roma para traernos dos historias sobre corrupci\u00f3n: Los negocios de Cayo Verres y El clientelismo de Gneo Plancio.<\/p>\n<p>[\/et_pb_text][\/et_pb_column][\/et_pb_row][\/et_pb_section][et_pb_section fb_built=\u00bb1&#8243; use_custom_gutter=\u00bbon\u00bb gutter_width=\u00bb1&#8243; specialty=\u00bbon\u00bb padding_left_2=\u00bb1%\u00bb padding_top_bottom_link_1=\u00bbfalse\u00bb padding_top_bottom_link_2=\u00bbfalse\u00bb padding_left_right_link_1=\u00bbfalse\u00bb padding_left_right_link_2=\u00bbfalse\u00bb _builder_version=\u00bb4.18.0&#8243; custom_padding=\u00bb0px|0px|0px|||\u00bb global_colors_info=\u00bb{}\u00bb][et_pb_column type=\u00bb2_3&#8243; specialty_columns=\u00bb2&#8243; _builder_version=\u00bb4.16&#8243; custom_padding=\u00bb|||\u00bb global_colors_info=\u00bb{}\u00bb custom_padding__hover=\u00bb|||\u00bb][et_pb_row_inner _builder_version=\u00bb4.18.0&#8243; background_color=\u00bb#ffffff\u00bb background_enable_image=\u00bboff\u00bb custom_margin=\u00bb40px||20px||false|false\u00bb custom_padding=\u00bb12px|0px|12px|0px|true|true\u00bb global_colors_info=\u00bb{}\u00bb][et_pb_column_inner saved_specialty_column_type=\u00bb2_3&#8243; _builder_version=\u00bb4.18.0&#8243; global_colors_info=\u00bb{}\u00bb][et_pb_text _builder_version=\u00bb4.19.5&#8243; text_font=\u00bb|600|||||||\u00bb text_text_color=\u00bb#000000&#8243; text_font_size=\u00bb18px\u00bb header_text_align=\u00bbcenter\u00bb header_font_size=\u00bb35px\u00bb background_color=\u00bbRGBA(255,255,255,0)\u00bb background_layout=\u00bbdark\u00bb custom_margin=\u00bb2%|0%|2%|0%|true|true\u00bb custom_padding=\u00bb|||13px|false|false\u00bb border_color_all=\u00bb#FFFFFF\u00bb border_width_left=\u00bb6px\u00bb border_color_left=\u00bb#F2AF46&#8243; global_colors_info=\u00bb{}\u00bb]<\/p>\n<p><span style=\"color: #272727;\"><strong>Cultura<\/strong><\/span><\/p>\n<p>[\/et_pb_text][et_pb_text _builder_version=\u00bb4.19.4&#8243; text_font=\u00bb|300|||||||\u00bb text_text_color=\u00bb#000000&#8243; text_line_height=\u00bb1.4em\u00bb header_font=\u00bb|700||on|||||\u00bb header_text_align=\u00bbleft\u00bb header_text_color=\u00bb#272727&#8243; header_font_size=\u00bb57px\u00bb background_color=\u00bbRGBA(255,255,255,0)\u00bb background_enable_image=\u00bboff\u00bb background_size=\u00bbstretch\u00bb width=\u00bb100%\u00bb module_alignment=\u00bbleft\u00bb min_height=\u00bb71px\u00bb custom_margin=\u00bb3%|0%|3%|0%|true|true\u00bb custom_padding=\u00bb|0%|4px|0%|false|true\u00bb global_colors_info=\u00bb{}\u00bb]<\/p>\n<h1>SIGLO I A.C. CAMBALACHE: LA CORRUPCI\u00d3N EN ROMA<\/h1>\n<p>&nbsp;<\/p>\n<p>[\/et_pb_text][et_pb_text _builder_version=\u00bb4.19.5&#8243; text_font=\u00bb||||||||\u00bb text_text_color=\u00bb#000000&#8243; text_font_size=\u00bb18px\u00bb header_text_align=\u00bbcenter\u00bb header_text_color=\u00bb#057E7E\u00bb header_font_size=\u00bb35px\u00bb text_orientation=\u00bbjustified\u00bb custom_margin=\u00bb2%|0%|2%|0%|true|true\u00bb custom_padding=\u00bb|||13px|false|false\u00bb border_width_left=\u00bb6px\u00bb border_color_left=\u00bb#F2AF46&#8243; global_colors_info=\u00bb{}\u00bb]<\/p>\n<p>Por <b>Valent\u00edn Pennella y Juan Zaietz<\/b><br \/><span style=\"font-size: small;\">18 de febrero de 2023<\/span><\/p>\n<p>[\/et_pb_text][et_pb_image src=\u00bbhttps:\/\/urbe.com.ar\/revista\/wp-content\/uploads\/2023\/03\/banner-copy.jpg\u00bb title_text=\u00bbbanner copy\u00bb disabled_on=\u00bboff|off|off\u00bb _builder_version=\u00bb4.20.0&#8243; background_enable_image=\u00bboff\u00bb custom_margin=\u00bb5%|0%|5%|0%|true|true\u00bb custom_margin_tablet=\u00bb\u00bb custom_margin_phone=\u00bb6%|0%|6%|0%|true|true\u00bb custom_margin_last_edited=\u00bbon|phone\u00bb hover_enabled=\u00bb0&#8243; global_colors_info=\u00bb{}\u00bb sticky_enabled=\u00bb0&#8243;][\/et_pb_image][\/et_pb_column_inner][\/et_pb_row_inner][et_pb_row_inner column_structure=\u00bb1_2,1_2&#8243; use_custom_gutter=\u00bbon\u00bb gutter_width=\u00bb1&#8243; make_equal=\u00bbon\u00bb disabled_on=\u00bbon|off|off\u00bb _builder_version=\u00bb4.16&#8243; background_color=\u00bb#ffffff\u00bb custom_margin=\u00bb||||false|false\u00bb custom_padding=\u00bb0px||0px|0%|false|false\u00bb locked=\u00bboff\u00bb global_colors_info=\u00bb{}\u00bb][et_pb_column_inner type=\u00bb1_2&#8243; saved_specialty_column_type=\u00bb2_3&#8243; _builder_version=\u00bb4.16&#8243; background_color=\u00bb#ffffff\u00bb custom_css_main_element=\u00bbwidth: 60% !important;\u00bb global_colors_info=\u00bb{}\u00bb][\/et_pb_column_inner][et_pb_column_inner type=\u00bb1_2&#8243; saved_specialty_column_type=\u00bb2_3&#8243; _builder_version=\u00bb4.16&#8243; custom_css_main_element=\u00bb||width: 40% !important;||margin: auto;||display: flex;||flex-direction: column;||justify-content: center;\u00bb global_colors_info=\u00bb{}\u00bb][et_pb_code _builder_version=\u00bb4.16&#8243; text_orientation=\u00bbcenter\u00bb module_alignment=\u00bbcenter\u00bb custom_margin=\u00bb2%||2%||true|false\u00bb custom_padding=\u00bb|6.7%||6.7%|false|true\u00bb global_colors_info=\u00bb{}\u00bb]<div class=\"addtoany_shortcode\"><div class=\"a2a_kit a2a_kit_size_32 addtoany_list\" data-a2a-url=\"https:\/\/urbe.com.ar\/revista\/siglo-i-a-c-cambalache-la-corrupcion-en-roma\/\" data-a2a-title=\"Siglo I a.C. Cambalache: La corrupci\u00f3n en Roma\"><a class=\"a2a_button_facebook\" href=\"https:\/\/www.addtoany.com\/add_to\/facebook?linkurl=https%3A%2F%2Furbe.com.ar%2Frevista%2Fsiglo-i-a-c-cambalache-la-corrupcion-en-roma%2F&amp;linkname=Siglo%20I%20a.C.%20Cambalache%3A%20La%20corrupci%C3%B3n%20en%20Roma\" title=\"Facebook\" rel=\"nofollow noopener\" target=\"_blank\"><\/a><a class=\"a2a_button_whatsapp\" href=\"https:\/\/www.addtoany.com\/add_to\/whatsapp?linkurl=https%3A%2F%2Furbe.com.ar%2Frevista%2Fsiglo-i-a-c-cambalache-la-corrupcion-en-roma%2F&amp;linkname=Siglo%20I%20a.C.%20Cambalache%3A%20La%20corrupci%C3%B3n%20en%20Roma\" title=\"WhatsApp\" rel=\"nofollow noopener\" target=\"_blank\"><\/a><a class=\"a2a_button_twitter\" href=\"https:\/\/www.addtoany.com\/add_to\/twitter?linkurl=https%3A%2F%2Furbe.com.ar%2Frevista%2Fsiglo-i-a-c-cambalache-la-corrupcion-en-roma%2F&amp;linkname=Siglo%20I%20a.C.%20Cambalache%3A%20La%20corrupci%C3%B3n%20en%20Roma\" title=\"Twitter\" rel=\"nofollow noopener\" target=\"_blank\"><\/a><a class=\"a2a_button_email\" href=\"https:\/\/www.addtoany.com\/add_to\/email?linkurl=https%3A%2F%2Furbe.com.ar%2Frevista%2Fsiglo-i-a-c-cambalache-la-corrupcion-en-roma%2F&amp;linkname=Siglo%20I%20a.C.%20Cambalache%3A%20La%20corrupci%C3%B3n%20en%20Roma\" title=\"Email\" rel=\"nofollow noopener\" target=\"_blank\"><\/a><a class=\"a2a_button_copy_link\" href=\"https:\/\/www.addtoany.com\/add_to\/copy_link?linkurl=https%3A%2F%2Furbe.com.ar%2Frevista%2Fsiglo-i-a-c-cambalache-la-corrupcion-en-roma%2F&amp;linkname=Siglo%20I%20a.C.%20Cambalache%3A%20La%20corrupci%C3%B3n%20en%20Roma\" title=\"Copy Link\" rel=\"nofollow noopener\" target=\"_blank\"><\/a><\/div><\/div>[\/et_pb_code][\/et_pb_column_inner][\/et_pb_row_inner][et_pb_row_inner use_custom_gutter=\u00bbon\u00bb gutter_width=\u00bb1&#8243; make_equal=\u00bbon\u00bb disabled_on=\u00bboff|on|on\u00bb _builder_version=\u00bb4.16&#8243; background_color=\u00bb#ffffff\u00bb custom_margin=\u00bb||||false|false\u00bb custom_padding=\u00bb0px||0px|0%|false|false\u00bb locked=\u00bboff\u00bb global_colors_info=\u00bb{}\u00bb][et_pb_column_inner saved_specialty_column_type=\u00bb2_3&#8243; _builder_version=\u00bb4.16&#8243; background_color=\u00bb#ffffff\u00bb global_colors_info=\u00bb{}\u00bb][et_pb_code disabled_on=\u00bboff|off|off\u00bb _builder_version=\u00bb4.16&#8243; _module_preset=\u00bbdefault\u00bb text_orientation=\u00bbcenter\u00bb width=\u00bb100%\u00bb width_tablet=\u00bb\u00bb width_phone=\u00bb100%\u00bb width_last_edited=\u00bbon|phone\u00bb max_width=\u00bb100%\u00bb max_width_tablet=\u00bb\u00bb max_width_phone=\u00bb\u00bb max_width_last_edited=\u00bbon|tablet\u00bb module_alignment=\u00bbright\u00bb custom_margin_tablet=\u00bb\u00bb custom_margin_phone=\u00bb\u00bb custom_margin_last_edited=\u00bbon|phone\u00bb hover_enabled=\u00bb0&#8243; module_alignment_tablet=\u00bb\u00bb module_alignment_phone=\u00bbcenter\u00bb module_alignment_last_edited=\u00bbon|desktop\u00bb global_colors_info=\u00bb{}\u00bb sticky_enabled=\u00bb0&#8243;]<div class=\"addtoany_shortcode\"><div class=\"a2a_kit a2a_kit_size_32 addtoany_list\" data-a2a-url=\"https:\/\/urbe.com.ar\/revista\/siglo-i-a-c-cambalache-la-corrupcion-en-roma\/\" data-a2a-title=\"Siglo I a.C. Cambalache: La corrupci\u00f3n en Roma\"><a class=\"a2a_button_facebook\" href=\"https:\/\/www.addtoany.com\/add_to\/facebook?linkurl=https%3A%2F%2Furbe.com.ar%2Frevista%2Fsiglo-i-a-c-cambalache-la-corrupcion-en-roma%2F&amp;linkname=Siglo%20I%20a.C.%20Cambalache%3A%20La%20corrupci%C3%B3n%20en%20Roma\" title=\"Facebook\" rel=\"nofollow noopener\" target=\"_blank\"><\/a><a class=\"a2a_button_whatsapp\" href=\"https:\/\/www.addtoany.com\/add_to\/whatsapp?linkurl=https%3A%2F%2Furbe.com.ar%2Frevista%2Fsiglo-i-a-c-cambalache-la-corrupcion-en-roma%2F&amp;linkname=Siglo%20I%20a.C.%20Cambalache%3A%20La%20corrupci%C3%B3n%20en%20Roma\" title=\"WhatsApp\" rel=\"nofollow noopener\" target=\"_blank\"><\/a><a class=\"a2a_button_twitter\" href=\"https:\/\/www.addtoany.com\/add_to\/twitter?linkurl=https%3A%2F%2Furbe.com.ar%2Frevista%2Fsiglo-i-a-c-cambalache-la-corrupcion-en-roma%2F&amp;linkname=Siglo%20I%20a.C.%20Cambalache%3A%20La%20corrupci%C3%B3n%20en%20Roma\" title=\"Twitter\" rel=\"nofollow noopener\" target=\"_blank\"><\/a><a class=\"a2a_button_email\" href=\"https:\/\/www.addtoany.com\/add_to\/email?linkurl=https%3A%2F%2Furbe.com.ar%2Frevista%2Fsiglo-i-a-c-cambalache-la-corrupcion-en-roma%2F&amp;linkname=Siglo%20I%20a.C.%20Cambalache%3A%20La%20corrupci%C3%B3n%20en%20Roma\" title=\"Email\" rel=\"nofollow noopener\" target=\"_blank\"><\/a><a class=\"a2a_button_copy_link\" href=\"https:\/\/www.addtoany.com\/add_to\/copy_link?linkurl=https%3A%2F%2Furbe.com.ar%2Frevista%2Fsiglo-i-a-c-cambalache-la-corrupcion-en-roma%2F&amp;linkname=Siglo%20I%20a.C.%20Cambalache%3A%20La%20corrupci%C3%B3n%20en%20Roma\" title=\"Copy Link\" rel=\"nofollow noopener\" target=\"_blank\"><\/a><\/div><\/div>[\/et_pb_code][\/et_pb_column_inner][\/et_pb_row_inner][et_pb_row_inner _builder_version=\u00bb4.18.0&#8243; background_color=\u00bb#ffffff\u00bb custom_padding=\u00bb0px||3px|0px||\u00bb global_colors_info=\u00bb{}\u00bb][et_pb_column_inner saved_specialty_column_type=\u00bb2_3&#8243; _builder_version=\u00bb4.16&#8243; global_colors_info=\u00bb{}\u00bb][et_pb_text _builder_version=\u00bb4.17.4&#8243; text_text_color=\u00bb#000000&#8243; text_font_size=\u00bb17px\u00bb text_line_height=\u00bb1.5em\u00bb custom_margin=\u00bb2%|0%|2%|0%|true|true\u00bb custom_padding=\u00bb||0px|||\u00bb text_font_size_tablet=\u00bb17px\u00bb text_font_size_phone=\u00bb16px\u00bb text_font_size_last_edited=\u00bbon|phone\u00bb global_colors_info=\u00bb{}\u00bb][\/et_pb_text][et_pb_text _builder_version=\u00bb4.18.0&#8243; text_text_color=\u00bb#000000&#8243; text_font_size=\u00bb17px\u00bb text_line_height=\u00bb1.5em\u00bb custom_margin=\u00bb2%|0%|2%|0%|true|true\u00bb custom_padding=\u00bb||0px|||\u00bb text_font_size_tablet=\u00bb17px\u00bb text_font_size_phone=\u00bb16px\u00bb text_font_size_last_edited=\u00bbon|phone\u00bb locked=\u00bboff\u00bb inline_fonts=\u00bbABeeZee,Rubik,Alkalami\u00bb global_colors_info=\u00bb{}\u00bb]<\/p>\n<blockquote><\/blockquote>\n<p><span style=\"font-size: large;\"><span style=\"font-weight: 400;\">\u201cQue siempre ha habido chorros, maquiavelos y estafaos\u201d <\/span><a href=\"https:\/\/www.youtube.com\/watch?v=vH6_jzFlkFg\"><span style=\"font-weight: 400;\">escribi\u00f3 Disc\u00e9polo<\/span><\/a><span style=\"font-weight: 400;\">, y no hay que saber de tango para estar de acuerdo. <\/span><b>La corrupci\u00f3n, lejos de ser un asunto moderno, existi\u00f3 durante toda la historia<\/b><span style=\"font-weight: 400;\">, \u201cen el 506 y en el 2000 tambi\u00e9n\u201d, desde la Antig\u00fcedad hasta el siglo XX que retrata la canci\u00f3n. En este sentido veremos los casos de Cayo Verres y Gneo Plancio, dos romanos que, cada uno a su forma, justifican los dichos de Discepol\u00edn. A trav\u00e9s de estas historias, queremos explorar qu\u00e9 ha cambiado en la corrupci\u00f3n a lo largo de la historia y qu\u00e9 se ha mantenido igual.<\/span><\/span><\/p>\n<p><span style=\"font-size: large;\"><span style=\"font-weight: 400;\"><\/span><\/span><\/p>\n<p><span style=\"font-size: large;\">\u00a0<\/span><\/p>\n<p><span style=\"font-size: xx-large; font-family: Rubik; font-weight: normal;\"><strong>M\u00e1s viejo que la injusticia: Cayo Verres<\/strong><\/span><\/p>\n<p><span style=\"font-size: large;\"><span style=\"font-weight: 400;\"><\/span><\/span><\/p>\n<p><span style=\"font-size: large;\"><span style=\"font-weight: 400;\">Viajemos al 80 a.C. en Roma, tiempo antes del Coliseo, del Pante\u00f3n, de Augusto, Cal\u00edgula, Constantino y toda esa gente. Este a\u00f1o <\/span><b>Cayo Verres<\/b><span style=\"font-weight: 400;\">, nuestro protagonista, fue electo cuestor de la Rep\u00fablica, un cargo que entre otras cosas se encargaba de cobrar los impuestos y dar cuenta de las salidas y entradas de dinero al erario p\u00fablico. Ejerci\u00f3 en la provincia de Asia (actual Turqu\u00eda), de la cual <\/span><b>Cneo Cornelio Dolabela, su futuro c\u00f3mplice, era gobernador<\/b><span style=\"font-weight: 400;\">. Terreno perfecto para hacer negocios: un cargo administrativo en una provincia lejana. Juntos, <\/span><b>saquearon la provincia durante dos a\u00f1os<\/b><span style=\"font-weight: 400;\">, hasta que en el 78 a.C. Dolabela fue llamado a Roma a declarar por malversaci\u00f3n de fondos. Verres, que por supuesto era igual de culpable, <\/span><b>fue absuelto por presentar pruebas en contra de su antiguo socio<\/b><span style=\"font-weight: 400;\">. Se hab\u00eda salido con la suya vendiendo a su colega.<\/span><\/span><\/p>\n<p><span style=\"font-size: large;\"><span style=\"font-weight: 400;\"><\/span><\/span><\/p>\n<p><span style=\"font-size: large;\"><span style=\"font-weight: 400;\"><\/span><\/span><\/p>\n<p><span style=\"font-size: large;\"><span style=\"font-weight: 400;\">Pasado este incidente, Verres sigui\u00f3 el <\/span><a href=\"https:\/\/es.wikipedia.org\/wiki\/Cursus_honorum\"><i><span style=\"font-weight: 400;\">cursus honorum<\/span><\/i><\/a><span style=\"font-weight: 400;\">, o la \u201ccarrera de honores\u201d, que era el orden l\u00f3gico de cargos que segu\u00edan los pol\u00edticos romanos hasta alcanzar el consulado, la m\u00e1s alta magistratura. As\u00ed fue como nuestro protagonista <\/span><b>fue electo pretor y luego propretor<\/b><span style=\"font-weight: 400;\">. En Roma, los cargos que empiezan con \u201cpro\u201d se les daban a los pol\u00edticos una vez cumplido su mandato, para ejercer como gobernadores de una provincia durante el a\u00f1o siguiente. El objetivo era no elegir tantos magistrados por a\u00f1o. As\u00ed, los c\u00f3nsules se convert\u00edan en proc\u00f3nsules, los cuestores en procuestores y los pretores, como Verres, en propretores. Dicho en criollo, es como si en la actualidad a los diputados y senadores m\u00e1s importantes se les ofreciera, una vez cumplidos los 4 a\u00f1os, extender su mandato como gobernadores de una provincia.<\/span><b> Sicilia<\/b><span style=\"font-weight: 400;\">, la tierra de Vito Corleone, fue el escenario de los delitos de Verres.<\/span><\/span><\/p>\n<p><span style=\"font-weight: 400;\"><\/span><\/p>\n<p>[\/et_pb_text][et_pb_image src=\u00bbhttps:\/\/urbe.com.ar\/revista\/wp-content\/uploads\/2023\/02\/1-v2-1.png\u00bb title_text=\u00bb1 v2&#8243; _builder_version=\u00bb4.20.0&#8243; _module_preset=\u00bbdefault\u00bb hover_enabled=\u00bb0&#8243; global_colors_info=\u00bb{}\u00bb admin_label=\u00bbImagen\u00bb sticky_enabled=\u00bb0&#8243;][\/et_pb_image][et_pb_text _builder_version=\u00bb4.19.5&#8243; text_text_color=\u00bb#000000&#8243; text_font_size=\u00bb17px\u00bb text_line_height=\u00bb1.5em\u00bb min_height=\u00bb17.5px\u00bb custom_margin=\u00bb2.5%|0%|2.5%|0%|true|true\u00bb custom_padding=\u00bb||0px|9px|false|false\u00bb text_font_size_tablet=\u00bb17px\u00bb text_font_size_phone=\u00bb16px\u00bb text_font_size_last_edited=\u00bbon|phone\u00bb border_width_left=\u00bb2px\u00bb border_color_left=\u00bb#272727&#8243; global_colors_info=\u00bb{}\u00bb]<\/p>\n<p><em><span style=\"font-weight: 400; font-size: small;\">Orden habitual de las magistraturas en el cursus honorum.<br \/><\/span><\/em><\/p>\n<p>[\/et_pb_text][et_pb_text _builder_version=\u00bb4.18.0&#8243; text_text_color=\u00bb#000000&#8243; text_font_size=\u00bb17px\u00bb text_line_height=\u00bb1.5em\u00bb custom_margin=\u00bb2%|0%|2%|0%|true|true\u00bb custom_padding=\u00bb||0px|||\u00bb text_font_size_tablet=\u00bb17px\u00bb text_font_size_phone=\u00bb16px\u00bb text_font_size_last_edited=\u00bbon|phone\u00bb locked=\u00bboff\u00bb inline_fonts=\u00bbABeeZee,Rubik\u00bb global_colors_info=\u00bb{}\u00bb]<\/p>\n<blockquote><\/blockquote>\n<p><span style=\"font-size: large;\"><span style=\"font-weight: 400;\">Ya como gobernante de la isla del sur, Verres despleg\u00f3 todos sus mecanismos para aumentar su patrimonio, algunos tan burdos como el <\/span><b>saqueo de las propiedades de los terratenientes m\u00e1s ricos, robando sus obras de arte<\/b><span style=\"font-weight: 400;\">, por las cuales ten\u00eda predilecci\u00f3n. A trav\u00e9s de una pol\u00edtica fiscal excesiva asfixi\u00f3 a los campesinos de una de las regiones m\u00e1s ricas de la Rep\u00fablica. Pero tambi\u00e9n implement\u00f3 algunas estrategias m\u00e1s astutas. La <\/span><a href=\"https:\/\/es.wikipedia.org\/wiki\/Tercera_guerra_servil\"><span style=\"font-weight: 400;\">Tercera Guerra Servil<\/span><\/a><span style=\"font-weight: 400;\"> fue el \u00faltimo de los grandes levantamientos de esclavos en Roma. Se trataba de una banda de esclavos fugitivos y armados liderados por Espartaco, que deambulaban por Italia, asalt\u00e1ndola. En este contexto, Verres acus\u00f3 infundadamente a los esclavos de los terratenientes ricos de unirse a la revuelta, conden\u00e1ndolos a muerte. De esta forma, <\/span><b>cobr\u00f3 los sobornos que los terratenientes tuvieron que pagarle para no perder a sus esclavos<\/b><span style=\"font-weight: 400;\">. Inventar una causa para cobrar los sobornos. Hay algunas que no pasan de moda.<\/span><\/span><\/p>\n<p><span style=\"font-size: large;\"><span style=\"font-weight: 400;\"><\/span><\/span><\/p>\n<p><span style=\"font-size: large;\"><span style=\"font-weight: 400;\">En el 70 a.C.,<\/span><b> Verres fue enjuiciado por sus delitos<\/b><span style=\"font-weight: 400;\">. Para su defensa, contrat\u00f3 a Hortensio, uno de los m\u00e1s prestigiosos abogados de Roma. Para mala suerte de ambos, el encargado de defender al pueblo siciliano fue nada m\u00e1s y nada menos que <\/span><b>Cicer\u00f3n<\/b><span style=\"font-weight: 400;\">, ampliamente reconocido como uno de los m\u00e1s grandes oradores de la historia. Cicer\u00f3n hab\u00eda sido cuestor en Sicilia cinco a\u00f1os antes, y se encontraba en pleno ascenso pol\u00edtico. A\u00f1os despu\u00e9s llegar\u00eda a ser c\u00f3nsul y a convertirse en uno de los hombres m\u00e1s poderosos de la pol\u00edtica romana. No muy lejos de Verres, su fortuna tambi\u00e9n fue adquirida en base a sus cargos p\u00fablicos. Los discursos elaborados por Cicer\u00f3n durante el juicio a Verres fueron compilados en unos textos conocidos como las Verrinas.<\/span><\/span><\/p>\n<p><span style=\"font-size: large;\"><\/span><\/p>\n<p><span style=\"font-weight: normal; color: #000000; font-family: inherit; font-size: large;\"><\/span><\/p>\n<p><span style=\"font-weight: normal; color: #000000; font-family: inherit; font-size: large;\"><\/span><\/p>\n<p><span style=\"font-weight: 400;\"><\/span><\/p>\n<p>[\/et_pb_text][et_pb_image src=\u00bbhttps:\/\/urbe.com.ar\/revista\/wp-content\/uploads\/2023\/02\/2-v2.png\u00bb title_text=\u00bb2 v2&#8243; _builder_version=\u00bb4.19.5&#8243; _module_preset=\u00bbdefault\u00bb global_colors_info=\u00bb{}\u00bb][\/et_pb_image][et_pb_text _builder_version=\u00bb4.19.5&#8243; text_text_color=\u00bb#000000&#8243; text_font_size=\u00bb17px\u00bb text_line_height=\u00bb1.5em\u00bb min_height=\u00bb17.5px\u00bb custom_margin=\u00bb2.5%|0%|2.5%|0%|true|true\u00bb custom_padding=\u00bb||0px|9px|false|false\u00bb text_font_size_tablet=\u00bb17px\u00bb text_font_size_phone=\u00bb16px\u00bb text_font_size_last_edited=\u00bbon|phone\u00bb border_width_left=\u00bb2px\u00bb border_color_left=\u00bb#272727&#8243; global_colors_info=\u00bb{}\u00bb]<\/p>\n<p><em><span style=\"font-weight: 400; font-size: small;\">\u00abBusto de Cicer\u00f3n\u00bb, en los Museos Capitonlinos, Roma.<br \/><\/span><\/em><\/p>\n<p>[\/et_pb_text][et_pb_text _builder_version=\u00bb4.18.0&#8243; text_text_color=\u00bb#000000&#8243; text_font_size=\u00bb17px\u00bb text_line_height=\u00bb1.5em\u00bb custom_margin=\u00bb2%|0%|2%|0%|true|true\u00bb custom_padding=\u00bb||0px|||\u00bb text_font_size_tablet=\u00bb17px\u00bb text_font_size_phone=\u00bb16px\u00bb text_font_size_last_edited=\u00bbon|phone\u00bb locked=\u00bboff\u00bb inline_fonts=\u00bbABeeZee,Rubik\u00bb global_colors_info=\u00bb{}\u00bb]<\/p>\n<blockquote><\/blockquote>\n<p><span style=\"font-size: xx-large;\"><strong><i><\/i><\/strong><\/span><\/p>\n<p><span style=\"font-size: large;\"><strong><i><\/i><\/strong><\/span><\/p>\n<p><span style=\"font-size: large;\"><span style=\"font-weight: 400;\">Desplegando sus dotes ret\u00f3ricos, Cicer\u00f3n destruy\u00f3 cualquier ilusi\u00f3n del acusado. <\/span><i><span style=\"font-weight: 400;\">\u201cEn verdad hemos tra\u00eddo ante vuestro tribunal, no a un ladr\u00f3n, sino a un saqueador, no a un ad\u00faltero, sino a un salteador del pudor, no a un sacr\u00edlego, sino a un enemigo de lo sagrado y de todo lo que sea religi\u00f3n, no a un asesino profesional, sino al m\u00e1s cruel carnicero de ciudadanos y aliados; de forma que, a mi parecer, <\/span><\/i><b><i>no ha habido, desde que los hombres pueden recordar, otro reo de tales caracter\u00edsticas a quien hubiera que condenar<\/i><\/b><i><span style=\"font-weight: 400;\">\u201d<\/span><\/i><span style=\"font-weight: 400;\"> (p. 274).<\/span><i><span style=\"font-weight: 400;\">\u00a0<\/span><\/i><\/span><\/p>\n<p><span style=\"font-size: large;\"><span style=\"font-weight: 400;\"><\/span><\/span><\/p>\n<p><span style=\"font-size: large;\"><span style=\"font-weight: 400;\">La estrategia de Cicer\u00f3n en el discurso fue <\/span><b>demostrar el car\u00e1cter singular del acusado<\/b><span style=\"font-weight: 400;\">, haciendo hincapi\u00e9 en su falta completa de moral: <\/span><i><span style=\"font-weight: 400;\">\u201cSu naturaleza monstruosa e inhumana reclama alguna pena excepcional\u201d<\/span><\/i><span style=\"font-weight: 400;\"> (p. 273). Se trata de un criminal fuera de lo com\u00fan, que ha robado como nadie en la historia: \u201c<\/span><b><i>si se amontonaran en un solo lugar los cr\u00edmenes, robos y hechos vergonzosos de todos los condenados hasta ahora, apenas podr\u00edan igualarse ni compararse con una peque\u00f1a parte de los de este<\/i><\/b><i><span style=\"font-weight: 400;\">\u201d<\/span><\/i><span style=\"font-weight: 400;\"> (p. 280).<\/span><\/span><\/p>\n<p><span style=\"font-size: large;\"><span style=\"font-weight: 400;\"><\/span><\/span><\/p>\n<p><span style=\"font-size: large;\"><span style=\"font-weight: 400;\">Para concluir su discurso, Cicer\u00f3n se dirigi\u00f3 a Hortensio, el abogado defensor de Verres. En una clase magistral de ret\u00f3rica, le pregunt\u00f3 a este por qu\u00e9 hab\u00eda tomado el caso, pues seg\u00fan \u00e9l la s\u00f3la decisi\u00f3n de defender a semejante criminal deshonraba al abogado. Cicer\u00f3n invoca a Craso y Antonio, a quienes consideraba los mejores oradores de su \u00e9poca (s\u00ed, Cicer\u00f3n ten\u00eda oradores favoritos. Los \u00eddolos tambi\u00e9n tienen \u00eddolos, como Messi con Pablito Aimar). As\u00ed conclu\u00eda el discurso: <\/span><i><span style=\"font-weight: 400;\">\u201c\u00bfQu\u00e9 har\u00edan con tal hombre y con una causa as\u00ed todos los Crasos y Antonios? Creo, Hortensio, que s\u00f3lo esto: no se encargar\u00edan de la defensa para no perder su fama de honestidad, su verg\u00fcenza en la desverg\u00fcenza de otro. En efecto, acud\u00edan a las causas libres e independientes, y\u00a0 no dejaban, si\u00a0 no quer\u00edan ser imprudentes encarg\u00e1ndose de la defensa, que aparecieran como ingratos si la abandonaban\u201d<\/span><\/i><span style=\"font-weight: 400;\"> (p. 448).<\/span><\/span><\/p>\n<p><span style=\"font-size: large;\"><span style=\"font-weight: 400;\"><\/span><\/span><\/p>\n<p><span style=\"font-size: large;\"><span style=\"font-weight: 400;\">Tras el contundente discurso, Hortensio, su abogado defensor, <\/span><b>recomend\u00f3 a Verres que se exiliara<\/b><span style=\"font-weight: 400;\">. Y as\u00ed lo hizo.<\/span><\/span><\/p>\n<p><span style=\"font-weight: 400;\"><\/span><\/p>\n<p>[\/et_pb_text][et_pb_image src=\u00bbhttps:\/\/urbe.com.ar\/revista\/wp-content\/uploads\/2022\/03\/DKS_600x600_CUBO-3D-01.png\u00bb alt=\u00bbYPF\u00bb url=\u00bbhttps:\/\/www.ypf.com\/Paginas\/home.aspx\u00bb url_new_window=\u00bbon\u00bb disabled_on=\u00bboff|on|on\u00bb _builder_version=\u00bb4.18.0&#8243; _module_preset=\u00bbdefault\u00bb min_height=\u00bb248.1px\u00bb custom_margin=\u00bb14.3%||14.3%||true|false\u00bb custom_padding=\u00bb||50px|||\u00bb global_module=\u00bb5777&#8243; global_colors_info=\u00bb{}\u00bb][\/et_pb_image][et_pb_text _builder_version=\u00bb4.18.0&#8243; text_text_color=\u00bb#000000&#8243; text_font_size=\u00bb17px\u00bb text_line_height=\u00bb1.5em\u00bb custom_margin=\u00bb2%|0%|2%|0%|true|true\u00bb custom_padding=\u00bb||0px|||\u00bb text_font_size_tablet=\u00bb17px\u00bb text_font_size_phone=\u00bb16px\u00bb text_font_size_last_edited=\u00bbon|phone\u00bb locked=\u00bboff\u00bb inline_fonts=\u00bbABeeZee,Rubik\u00bb global_colors_info=\u00bb{}\u00bb]<\/p>\n<blockquote><\/blockquote>\n<p><span style=\"font-size: xx-large;\"><b><\/b><\/span><\/p>\n<p><span style=\"font-family: Rubik; font-weight: normal; font-size: xx-large;\"><strong>Vienen por el <em>panem <\/em>y el <em>vinum<\/em>: Gneo Plancio\u00a0<\/strong><\/span><\/p>\n<p><span style=\"font-size: large;\"><span style=\"font-weight: 400;\"><\/span><\/span><\/p>\n<p><span style=\"font-size: large;\"><span style=\"font-weight: 400;\">Al igual que cualquier ma\u00f1ana, <\/span><b>Plancio<\/b><span style=\"font-weight: 400;\"> se levant\u00f3, desayun\u00f3 de forma apurada un poco de pan y, vistiendo sus mejores ropas, se dirigi\u00f3 hacia la plaza central de su ciudad, si es que a un par de manzanas se le puede decir ciudad. All\u00ed encontr\u00f3 los veh\u00edculos que lo llevar\u00edan a <\/span><span style=\"font-weight: 400;\">la capital y la comida para la gente<\/span><span style=\"font-weight: 400;\">.<\/span><span style=\"font-weight: 400;\"> En efecto, lo acompa\u00f1ar\u00edan pr\u00e1cticamente todos los habitantes de su pueblo y sus alrededores, que <\/span><b>en un par de horas votar\u00edan por \u00e9l en las elecciones<\/b><span style=\"font-weight: 400;\">, con sus panzas llenas.<\/span><\/span><\/p>\n<p><span style=\"font-size: large;\"><span style=\"font-weight: 400;\"><\/span><\/span><\/p>\n<p><span style=\"font-size: large;\"><span style=\"font-weight: 400;\">Aunque no lo parezca, no estamos hablando de un puntero de una municipalidad cualquiera, encargado de movilizar en micros a la poblaci\u00f3n de un pueblo perdido en la profundidad de un moderno pa\u00eds, sino de la Rep\u00fablica Romana. Gneo Plancio naci\u00f3 en Atinia, un pueblo it\u00e1lico con poco m\u00e1s de 4000 habitantes actualmente. En el a\u00f1o 54 a.C. gast\u00f3 su billetera y <\/span><b>movi\u00f3 sus redes de contactos para llevar votantes a Roma,<\/b> <b>hasta transformar su regi\u00f3n en una suerte de pueblo fantasma<\/b><span style=\"font-weight: 400;\"> durante unos d\u00edas. Repartiendo pan y vino, la versi\u00f3n retro del chori y la coca, consigui\u00f3 un codiciado batall\u00f3n de manitos de yeso que votaran por su persona<\/span> <span style=\"font-weight: 400;\">en los comicios.\u00a0<\/span><\/span><\/p>\n<p><span style=\"font-size: large;\"><span style=\"font-weight: 400;\"><\/span><\/span><\/p>\n<p><span style=\"font-size: large;\"><span style=\"font-weight: 400;\">El m\u00e9todo de elecci\u00f3n dominante en la Rep\u00fablica Romana fueron los <\/span><b>comicios centuriados<\/b><span style=\"font-weight: 400;\">. Estos, si bien ten\u00edan una fachada democr\u00e1tica, <\/span><b>permit\u00eda a los sectores m\u00e1s pudientes imponer sus deseos sin siquiera consultar a la plebe<\/b><span style=\"font-weight: 400;\">. B\u00e1sicamente, si los patricios y los<\/span><i><span style=\"font-weight: 400;\"> equites<\/span><\/i><span style=\"font-weight: 400;\"> (plebeyos ricos) llegaban a un acuerdo, pod\u00edan controlar quienes ocupar\u00edan los cargos de mayor prestigio, <\/span><span style=\"font-weight: 400;\">dejando de lado a los plebeyos.<\/span><\/span><\/p>\n<p><span style=\"font-size: large;\"><span style=\"font-weight: 400;\"><\/span><\/span><\/p>\n<p><span style=\"font-size: large;\"><span style=\"font-weight: 400;\">Ahora bien, <\/span><b>los cargos menores se eleg\u00edan mediante un plebiscito<\/b><span style=\"font-weight: 400;\"> sucedido en los llamados <\/span><b><i>Comitia Tributa <\/i><\/b><b>o<\/b> <b>asambleas tribales<\/b><span style=\"font-weight: 400;\">. All\u00ed los magnates no sol\u00edan abundar ya que las funciones repartidas<\/span> <span style=\"font-weight: 400;\">se encontraban fuera de su mirada codiciosa. Este vac\u00edo era la raz\u00f3n de por qu\u00e9 Plancio apunt\u00f3 a una de sus magistraturas. <\/span><b>Fue nombrado edil curul<\/b><span style=\"font-weight: 400;\">, uno de los encargados de controlar el orden p\u00fablico en la ciudad de Roma y administrar los pesos en los mercados de la urbe. Sin embargo<\/span> <span style=\"font-weight: 400;\">\u00e9sta no fue la \u00fanica responsabilidad que tuvo el it\u00e1lico, sino que 4 a\u00f1os antes, en el 58 a.C., se hab\u00eda encargado de cuidar y administrar los bienes p\u00fablicos de Macedonia, ocupando el puesto de cuestor. No obstante, m\u00e1s all\u00e1 de todas las dudas que pudo generar nuestro protagonista con su administraci\u00f3n de los fondos macedonios, <\/span><b>sus problemas judiciales sucedieron producto de su victoria en las elecciones<\/b><span style=\"font-weight: 400;\">.\u00a0<\/span><\/span><\/p>\n<p><span style=\"font-size: large;\"><b><\/b><\/span><\/p>\n<p><span style=\"font-size: large;\"><b>Juvencio Laterense<\/b><span style=\"font-weight: 400;\">, un competidor al mismo cargo nacido en una familia prestigiosa de Roma, <\/span><b>le hizo un juicio a Plancio, alegando que \u00e9ste hab\u00eda ama\u00f1ado la elecci\u00f3n<\/b><span style=\"font-weight: 400;\">, ya que no ten\u00eda sentido que un italiano originario de un pueblo del interior pudiera vencer a un capitalino de pura cepa. Plancio pudo ganar el proceso ya que <\/span><b>su defensa fue dirigida por su amigo personal, el ya mencionado Cicer\u00f3n<\/b><span style=\"font-weight: 400;\">, que por esos a\u00f1os ya hab\u00eda disfrutado de la gloria del <\/span><i><span style=\"font-weight: 400;\">cursus honorum<\/span><\/i><span style=\"font-weight: 400;\">.<\/span><\/span><\/p>\n<p><span style=\"font-weight: normal; color: #000000; font-family: inherit; font-size: large;\"><\/span><\/p>\n<p><span style=\"font-weight: normal; color: #000000; font-family: inherit; font-size: large;\"><\/span><\/p>\n<p><span style=\"font-weight: 400;\"><\/span><\/p>\n<p>[\/et_pb_text][et_pb_image src=\u00bbhttps:\/\/urbe.com.ar\/revista\/wp-content\/uploads\/2023\/02\/Screenshot_85.png\u00bb title_text=\u00bbScreenshot_85&#8243; _builder_version=\u00bb4.19.5&#8243; _module_preset=\u00bbdefault\u00bb global_colors_info=\u00bb{}\u00bb][\/et_pb_image][et_pb_text _builder_version=\u00bb4.19.5&#8243; text_text_color=\u00bb#000000&#8243; text_font_size=\u00bb17px\u00bb text_line_height=\u00bb1.5em\u00bb min_height=\u00bb17.5px\u00bb custom_margin=\u00bb2.5%|0%|2.5%|0%|true|true\u00bb custom_padding=\u00bb||0px|9px|false|false\u00bb text_font_size_tablet=\u00bb17px\u00bb text_font_size_phone=\u00bb16px\u00bb text_font_size_last_edited=\u00bbon|phone\u00bb border_width_left=\u00bb2px\u00bb border_color_left=\u00bb#272727&#8243; global_colors_info=\u00bb{}\u00bb]<em><span style=\"font-weight: 400; font-size: small;\">\u201cCicer\u00f3n denuncia a Catilina\u201d, del pintor italiano Cesare Maccari, 1880, Palazzo Madama, Roma.<br \/>\n<\/span><\/em>[\/et_pb_text][et_pb_text _builder_version=\u00bb4.18.0&#8243; text_text_color=\u00bb#000000&#8243; text_font_size=\u00bb17px\u00bb text_line_height=\u00bb1.5em\u00bb custom_margin=\u00bb2%|0%|2%|0%|true|true\u00bb custom_padding=\u00bb||0px|||\u00bb text_font_size_tablet=\u00bb17px\u00bb text_font_size_phone=\u00bb16px\u00bb text_font_size_last_edited=\u00bbon|phone\u00bb locked=\u00bboff\u00bb inline_fonts=\u00bbABeeZee,Rubik\u00bb global_colors_info=\u00bb{}\u00bb]<\/p>\n<blockquote><\/blockquote>\n<p><span style=\"font-size: large;\"><span style=\"font-weight: 400;\">En la audaz defensa, Cicer\u00f3n entendi\u00f3 que las elecciones populares, m\u00e1s que basarse en el m\u00e9rito, est\u00e1n ligadas al amor del pueblo hacia los candidatos en cuesti\u00f3n. Dicho en el vocabulario antipopular que siempre lo caracteriz\u00f3, <\/span><i><span style=\"font-weight: 400;\">\u201cEl pueblo es siempre juez injusto del m\u00e9rito personal, porque lo envidia \u00f3 lo admira\u201d<\/span><\/i><span style=\"font-weight: 400;\"> y as\u00ed es como entiende que <\/span><i><span style=\"font-weight: 400;\">\u201c<\/span><\/i><b><i>Plancio te ha vencido en la elecci\u00f3n por el afecto<\/i><\/b><i><span style=\"font-weight: 400;\">, no solo de su municipio, sino de los colindantes\u201d<\/span><\/i><span style=\"font-weight: 400;\">. Ahora bien, \u00bfqui\u00e9n es esta gente a la cual Cicer\u00f3n hace referencia y por qu\u00e9 amaba tanto a Plancio?<\/span><\/span><\/p>\n<p><span style=\"font-size: large;\"><span style=\"font-weight: 400;\"><\/span><\/span><\/p>\n<p><span style=\"font-size: large;\"><span style=\"font-weight: 400;\">Por lo general cuando imaginamos a un romano del com\u00fan pensamos en unos togados en finas telas que gozaban de los desarrollos t\u00e9cnicos latinos como los acueductos, ba\u00f1os p\u00fablicos o la <\/span><a href=\"https:\/\/es.wikipedia.org\/wiki\/Hipocausto\"><span style=\"font-weight: 400;\">losa radiante<\/span><\/a><span style=\"font-weight: 400;\">. Sin embargo, dentro de los movilizados por Plancio no solo encontramos sujetos de la alta alcurnia it\u00e1lica sino tambi\u00e9n individuos de bajos recursos. Estos \u00faltimos no estaban motorizados \u00fanicamente por el amor sino por una forma de vinculaci\u00f3n un poquito menos amorosa y m\u00e1s extorsiva llamada <\/span><b>patronazgo<\/b><span style=\"font-weight: 400;\">.\u00a0<\/span><\/span><\/p>\n<p><span style=\"font-size: large;\"><span style=\"font-weight: 400;\"><\/span><\/span><\/p>\n<p><span style=\"font-size: large;\"><span style=\"font-weight: 400;\">Esta forma de relaci\u00f3n de poder desigual y explotativa consist\u00eda en un <\/span><b>v\u00ednculo asim\u00e9trico entre patr\u00f3n y cliente<\/b><span style=\"font-weight: 400;\">, el cual sol\u00eda ser hereditario. Este cliente (el plebeyo pobre) escoltaba a su patr\u00f3n, votaba por \u00e9l en los comicios y le daba apoyo pol\u00edtico y prestigio social. Por su parte, el patrono era un sujeto enriquecido, la mayor\u00eda de las veces patricio, que se encargaba de dar apoyo legal a sus clientes, pr\u00e9stamos, alimentos y herramientas de trabajo.<\/span><\/span><\/p>\n<p><span style=\"font-weight: normal; color: #000000; font-family: inherit; font-size: large;\"><\/span><\/p>\n<p><span style=\"font-weight: normal; color: #000000; font-family: inherit; font-size: large;\"><\/span><\/p>\n<p><span style=\"font-weight: 400;\"><\/span><\/p>\n<p>[\/et_pb_text][et_pb_image src=\u00bbhttps:\/\/urbe.com.ar\/revista\/wp-content\/uploads\/2023\/02\/Screenshot_86.png\u00bb title_text=\u00bbScreenshot_86&#8243; _builder_version=\u00bb4.19.5&#8243; _module_preset=\u00bbdefault\u00bb global_colors_info=\u00bb{}\u00bb][\/et_pb_image][et_pb_text _builder_version=\u00bb4.19.5&#8243; text_text_color=\u00bb#000000&#8243; text_font_size=\u00bb17px\u00bb text_line_height=\u00bb1.5em\u00bb min_height=\u00bb17.5px\u00bb custom_margin=\u00bb2.5%|0%|2.5%|0%|true|true\u00bb custom_padding=\u00bb||0px|9px|false|false\u00bb text_font_size_tablet=\u00bb17px\u00bb text_font_size_phone=\u00bb16px\u00bb text_font_size_last_edited=\u00bbon|phone\u00bb border_width_left=\u00bb2px\u00bb border_color_left=\u00bb#272727&#8243; global_colors_info=\u00bb{}\u00bb]<em><span style=\"font-weight: 400; font-size: small;\">Campesino romano utilizando el arado, Museo de Las Encartaciones, Espa\u00f1a.<br \/>\n<\/span><\/em>[\/et_pb_text][et_pb_text _builder_version=\u00bb4.18.0&#8243; text_text_color=\u00bb#000000&#8243; text_font_size=\u00bb17px\u00bb text_line_height=\u00bb1.5em\u00bb custom_margin=\u00bb2%|0%|2%|0%|true|true\u00bb custom_padding=\u00bb||0px|||\u00bb text_font_size_tablet=\u00bb17px\u00bb text_font_size_phone=\u00bb16px\u00bb text_font_size_last_edited=\u00bbon|phone\u00bb locked=\u00bboff\u00bb inline_fonts=\u00bbABeeZee,Rubik\u00bb global_colors_info=\u00bb{}\u00bb]<\/p>\n<blockquote><\/blockquote>\n<p><span style=\"font-size: large;\"><span style=\"font-weight: 400;\">En general, la gente del com\u00fan no se involucraba por motus propio en estas relaciones desiguales sino como producto del propio funcionamiento de la sociedad. Los <\/span><b>sectores populares rurales<\/b><span style=\"font-weight: 400;\"> depend\u00edan en su mayor\u00eda de la producci\u00f3n de sus <\/span><b>muy escasas tierras<\/b><span style=\"font-weight: 400;\">, que rondaban entre las 5 a 10 <\/span><i><span style=\"font-weight: 400;\">iugeras<\/span><\/i><span style=\"font-weight: 400;\"> (1,25 a 2,5 ha respectivamente). Para tener un punto de referencia, el campesino promedio ateniense, que sol\u00eda tener un aceptable nivel de vida para los par\u00e1metros antiguos, pose\u00eda una propiedad de entre 3,6 y 5,4 ha y a veces tambi\u00e9n un esclavo.<\/span><\/span><\/p>\n<p><span style=\"font-weight: 400; font-size: large;\"><\/span><\/p>\n<p><span style=\"font-size: large;\"><span style=\"font-weight: 400;\"><\/span><span style=\"font-weight: 400;\">Saliendo de esta comparaci\u00f3n, el maltrecho campesinado de la pen\u00ednsula it\u00e1lica enfrentaba dificultades severas, ya que estamos hablando de una \u00e9poca donde Monsanto y las semillas transg\u00e9nicas todav\u00eda no hab\u00edan comenzado a realizar sus primeros pasos.<\/span> <span style=\"font-weight: 400;\">El m\u00e1s m\u00ednimo inconveniente, ya sea clim\u00e1tico, de plagas o la enfermedad de un miembro de la familia (que dejaba de aportar como mano de obra al hogar) pod\u00eda ser catastr\u00f3fico. Ante estas adversidades <\/span><b>los sectores subalternos pod\u00edan endeudarse<\/b><span style=\"font-weight: 400;\">, no con vistas a realizar inversiones financieras o productivas, sino con el simple objetivo de llegar vivos a la pr\u00f3xima primavera.\u00a0<\/span><\/span><\/p>\n<p><span style=\"font-weight: normal; color: #000000; font-family: inherit; font-size: large;\"><\/span><\/p>\n<p><span style=\"font-weight: normal; color: #000000; font-family: inherit; font-size: large;\"><\/span><\/p>\n<p><span style=\"font-weight: 400;\"><\/span><\/p>\n<p>[\/et_pb_text][et_pb_image src=\u00bbhttps:\/\/urbe.com.ar\/revista\/wp-content\/uploads\/2023\/02\/5-v2.png\u00bb title_text=\u00bb5 v2&#8243; _builder_version=\u00bb4.19.5&#8243; _module_preset=\u00bbdefault\u00bb global_colors_info=\u00bb{}\u00bb][\/et_pb_image][et_pb_text _builder_version=\u00bb4.19.5&#8243; text_text_color=\u00bb#000000&#8243; text_font_size=\u00bb17px\u00bb text_line_height=\u00bb1.5em\u00bb min_height=\u00bb17.5px\u00bb custom_margin=\u00bb2.5%|0%|2.5%|0%|true|true\u00bb custom_padding=\u00bb||0px|9px|false|false\u00bb text_font_size_tablet=\u00bb17px\u00bb text_font_size_phone=\u00bb16px\u00bb text_font_size_last_edited=\u00bbon|phone\u00bb border_width_left=\u00bb2px\u00bb border_color_left=\u00bb#272727&#8243; global_colors_info=\u00bb{}\u00bb]<em><span style=\"font-weight: 400; font-size: small;\">Representaci\u00f3n del clientelismo por el pintor neerland\u00e9s Lawrence Alma-Tadema (1836-1912).<br \/>\n<\/span><\/em>[\/et_pb_text][et_pb_text _builder_version=\u00bb4.18.0&#8243; text_text_color=\u00bb#000000&#8243; text_font_size=\u00bb17px\u00bb text_line_height=\u00bb1.5em\u00bb custom_margin=\u00bb2%|0%|2%|0%|true|true\u00bb custom_padding=\u00bb||0px|||\u00bb text_font_size_tablet=\u00bb17px\u00bb text_font_size_phone=\u00bb16px\u00bb text_font_size_last_edited=\u00bbon|phone\u00bb locked=\u00bboff\u00bb inline_fonts=\u00bbABeeZee,Rubik\u00bb global_colors_info=\u00bb{}\u00bb]<\/p>\n<blockquote><\/blockquote>\n<p><span style=\"font-size: large;\"><span style=\"font-weight: 400;\">Y ac\u00e1 es donde se comienza a enturbiar la situaci\u00f3n de los m\u00e1s desfavorecidos. Si estos no lograban saldar sus deudas a tiempo, pod\u00edan ser sometidos al<\/span> <b><i>nexum<\/i><\/b><b> (esclavitud por deudas)<\/b><span style=\"font-weight: 400;\">. Hasta el 326 a.C., con la <\/span><i><span style=\"font-weight: 400;\">Ley Poetelia<\/span><\/i><span style=\"font-weight: 400;\">, esta pr\u00e1ctica fue legal seg\u00fan la propia legislaci\u00f3n romana, siempre tan amable con los que menos ten\u00edan. Sin embargo dicha pr\u00e1ctica continu\u00f3 replic\u00e1ndose de forma il\u00edcita hasta los a\u00f1os de Plancio y posteriores. La amenaza de muerte o perder la libertad explican por qu\u00e9 los campesinos, que solo buscaban subsistir de la mejor manera posible, <\/span><b>se sumerg\u00edan en una relaci\u00f3n desigual con un patr\u00f3n que pudiera solventar problemas financieros a cambio de una lealtad y apoyo incondicional<\/b><span style=\"font-weight: 400;\">. Se puede decir entonces que Plancio no moviliz\u00f3 exclusivamente a individuos que lo segu\u00edan por convicci\u00f3n y amor sino porque este hab\u00eda aprovechado sus condiciones paup\u00e9rrimas de vida para beneficiarse pol\u00edticamente. Probablemente Lateranense, a pesar de su denuncia, de haber podido acceder a la misma masa de gente mediante mecanismos similares lo habr\u00eda hecho sin lugar a dudas, si no es que lo hizo posteriormente, ya que su carrera pol\u00edtica continu\u00f3 bastantes a\u00f1os m\u00e1s.\u00a0<\/span><\/span><\/p>\n<p><span style=\"font-size: large;\"><span style=\"font-weight: 400;\"><\/span><\/span><\/p>\n<p><span style=\"font-size: large;\"><span style=\"font-weight: 400;\">Como si pareciera acto de la mufa, <\/span><b>los dos rivales electorales tuvieron un p\u00e9simo final<\/b><span style=\"font-weight: 400;\">. A <\/span><b>Plancio<\/b><span style=\"font-weight: 400;\"> le fallaron sus habilidades de estadista y durante la <\/span><a href=\"https:\/\/es.wikipedia.org\/wiki\/Segunda_guerra_civil_de_la_Rep%C3%BAblica_romana\"><span style=\"font-weight: 400;\">Guerra Civil<\/span><\/a><span style=\"font-weight: 400;\"> termin\u00f3 en el bando de Pompeyo, qui\u00e9n ser\u00eda decapitado en Egipto. Nuestro protagonista correr\u00eda la misma suerte en manos de C\u00e9sar.<\/span><b> Lateranense<\/b><span style=\"font-weight: 400;\"> midi\u00f3 mal el piletazo y tampoco tuvo un buen desenlace ya que se quit\u00f3 la vida luego de intentar enfrentar a Emilio Lepido y Marco Antonio en Hispania en el a\u00f1o 43 a.C.\u00a0<\/span><\/span><\/p>\n<p><span style=\"font-weight: 400; font-size: large;\"><\/span><\/p>\n<p><span style=\"font-weight: 400; font-size: large;\">Al fin y al cabo, las pr\u00e1cticas pol\u00edticas romanas no cayeron con el Imperio Romano de Occidente en el 476 ni con su par de Oriente en 1453, sino que siguen vigentes al d\u00eda de hoy. Ya conocemos al mundo actual, con sus trampas y sus virtudes, pero que el siglo I a.C. es un despliegue de maldad insolente, ya no hay quien lo niegue.<\/span><\/p>\n<p><span style=\"font-weight: normal; color: #000000; font-family: inherit; font-size: large;\"><\/span><\/p>\n<p><span style=\"font-weight: normal; color: #000000; font-family: inherit; font-size: large;\"><\/span><\/p>\n<p><span style=\"font-weight: 400;\"><\/span><\/p>\n<p>[\/et_pb_text][et_pb_text _builder_version=\u00bb4.19.5&#8243; _module_preset=\u00bbdefault\u00bb text_text_color=\u00bb#272727&#8243; background_color=\u00bb#f2f2f2&#8243; custom_margin=\u00bb112px|||||\u00bb custom_padding=\u00bb14px|14px|14px|14px|true|true\u00bb global_colors_info=\u00bb{}\u00bb]<\/p>\n<p><span style=\"font-size: large;\"><strong>Valent\u00edn Pennella y Juan Zaietz<\/strong><\/span><\/p>\n<p>\u00bfTe gust\u00f3 la nota? Seguilos en sus redes &#x1f447;<\/p>\n<p>Segu\u00ed a Valent\u00edn <b><a href=\"https:\/\/twitter.com\/vpennella\/\">@vpenella<\/a> <a href=\"https:\/\/www.instagram.com\/valentinpennella\/\">@valentinpennella<\/a><\/b><br \/>Segu\u00ed a Juan <b><a href=\"https:\/\/twitter.com\/jzaietz\/\">@jzaietz<\/a> <a href=\"https:\/\/www.instagram.com\/jzaietz\/\">@jzaietz<\/a><\/b><\/p>\n<p>[\/et_pb_text][et_pb_image src=\u00bbhttps:\/\/urbe.com.ar\/revista\/wp-content\/uploads\/2021\/05\/PaginaWeb_DivisorCultura-1.png\u00bb title_text=\u00bbP\u00e1ginaWeb_DivisorCultura\u00bb align=\u00bbcenter\u00bb _builder_version=\u00bb4.19.5&#8243; _module_preset=\u00bbdefault\u00bb custom_margin=\u00bb111px|||||\u00bb global_colors_info=\u00bb{}\u00bb][\/et_pb_image][\/et_pb_column_inner][\/et_pb_row_inner][\/et_pb_column][et_pb_column type=\u00bb1_3&#8243; _builder_version=\u00bb4.16&#8243; custom_padding=\u00bb|||\u00bb global_colors_info=\u00bb{}\u00bb custom_padding__hover=\u00bb|||\u00bb][et_pb_image src=\u00bbhttps:\/\/urbe.com.ar\/revista\/wp-content\/uploads\/2022\/03\/DKS_600x600_CUBO-3D-01.png\u00bb alt=\u00bbYPF\u00bb title_text=\u00bbypf\u00bb url=\u00bbhttps:\/\/www.ypf.com\/Paginas\/home.aspx\u00bb url_new_window=\u00bbon\u00bb align=\u00bbcenter\u00bb disabled_on=\u00bbon|on|off\u00bb _builder_version=\u00bb4.19.4&#8243; custom_margin=\u00bb||3%|0%|false|false\u00bb global_module=\u00bb5784&#8243; saved_tabs=\u00bball\u00bb global_colors_info=\u00bb{}\u00bb src__hover_enabled=\u00bboff|desktop\u00bb src__hover=\u00bbhttps:\/\/urbe.com.ar\/revista\/wp-content\/uploads\/2021\/05\/PicsArt_05-28-11.17.58.png\u00bb][\/et_pb_image][et_pb_image src=\u00bbhttps:\/\/urbe.com.ar\/revista\/wp-content\/uploads\/2023\/02\/a0b26b5c-2978-499f-8f51-316b42761f77.jpg\u00bb title_text=\u00bba0b26b5c-2978-499f-8f51-316b42761f77&#8243; url=\u00bbhttps:\/\/bit.ly\/3P08JR4&#8243; url_new_window=\u00bbon\u00bb _builder_version=\u00bb4.19.5&#8243; _module_preset=\u00bbdefault\u00bb custom_margin=\u00bb||10%||false|false\u00bb global_colors_info=\u00bb{}\u00bb][\/et_pb_image][et_pb_blog fullwidth=\u00bboff\u00bb posts_number=\u00bb9&#8243; include_categories=\u00bb7,11,8,9,10&#8243; meta_date=\u00bbj M,Y\u00bb use_manual_excerpt=\u00bboff\u00bb excerpt_length=\u00bb80&#8243; show_author=\u00bboff\u00bb show_categories=\u00bboff\u00bb show_pagination=\u00bboff\u00bb masonry_tile_background_color=\u00bb#FFFFFF\u00bb disabled_on=\u00bbon|off|off\u00bb module_class=\u00bbpa-blog \u00bb _builder_version=\u00bb4.18.0&#8243; header_font=\u00bb|700|||||||\u00bb header_text_color=\u00bb#FFFFFF\u00bb header_font_size=\u00bb20px\u00bb body_font=\u00bb|600|||||||\u00bb body_text_color=\u00bb#FFFFFF\u00bb meta_text_color=\u00bb#FFFFFF\u00bb read_more_text_color=\u00bb#FFFFFF\u00bb background_color=\u00bb#FFFFFF\u00bb min_height=\u00bb2595.9px\u00bb custom_margin=\u00bb-9%||1%||false|false\u00bb custom_margin_tablet=\u00bb0%||||false|false\u00bb custom_margin_phone=\u00bb\u00bb custom_margin_last_edited=\u00bbon|desktop\u00bb custom_padding=\u00bb||0px|||\u00bb header_text_shadow_style=\u00bbpreset3&#8243; header_text_shadow_color=\u00bb#000000&#8243; body_text_shadow_style=\u00bbpreset3&#8243; body_text_shadow_color=\u00bb#000000&#8243; meta_text_shadow_style=\u00bbpreset3&#8243; meta_text_shadow_color=\u00bb#000000&#8243; border_color_all_image=\u00bb#FFFFFF\u00bb border_width_top_image=\u00bb2px\u00bb text_shadow_style=\u00bbpreset3&#8243; text_shadow_blur_strength=\u00bb0.54em\u00bb text_shadow_color=\u00bb#000000&#8243; global_colors_info=\u00bb{}\u00bb][\/et_pb_blog][et_pb_code _builder_version=\u00bb4.16&#8243; _module_preset=\u00bbdefault\u00bb global_colors_info=\u00bb{}\u00bb]<\/p>\n<style><!-- [et_pb_line_break_holder] -->  .pa-blog-text {<!-- [et_pb_line_break_holder] -->\tposition: absolute;<!-- [et_pb_line_break_holder] -->\ttop: 65%;<!-- [et_pb_line_break_holder] -->\tleft: 50%;<!-- [et_pb_line_break_holder] -->\ttransform: translate(-50%, -50%);<!-- [et_pb_line_break_holder] -->\twidth: 100%;<!-- [et_pb_line_break_holder] -->\tpadding: 20px;<!-- [et_pb_line_break_holder] -->\tz-index: 1;<!-- [et_pb_line_break_holder] -->}<!-- [et_pb_line_break_holder] --><!-- [et_pb_line_break_holder] --><!-- [et_pb_line_break_holder] -->\/*keep the moved items positioned with their parent items*\/<!-- [et_pb_line_break_holder] --><!-- [et_pb_line_break_holder] -->.et_pb_blog_grid article {<!-- [et_pb_line_break_holder] -->\tposition: relative;<!-- [et_pb_line_break_holder] --> <!-- [et_pb_line_break_holder] -->}<!-- [et_pb_line_break_holder] --><!-- [et_pb_line_break_holder] --><!-- [et_pb_line_break_holder] -->\/*remove spacing around entire blog post*\/<!-- [et_pb_line_break_holder] --><!-- [et_pb_line_break_holder] -->.et_pb_blog_grid .et_pb_post {<!-- [et_pb_line_break_holder] -->\tpadding: 0px;<!-- [et_pb_line_break_holder] -->}<!-- [et_pb_line_break_holder] --><!-- [et_pb_line_break_holder] --><!-- [et_pb_line_break_holder] -->\/*remove negative margins on blog featured image*\/<!-- [et_pb_line_break_holder] --><!-- [et_pb_line_break_holder] -->.et_pb_image_container {<!-- [et_pb_line_break_holder] -->\tmargin: 0;<!-- [et_pb_line_break_holder] -->}<!-- [et_pb_line_break_holder] --><!-- [et_pb_line_break_holder] --><!-- [et_pb_line_break_holder] -->\/*remove the margin below the featured image frame*\/<!-- [et_pb_line_break_holder] --><!-- [et_pb_line_break_holder] -->.et_pb_post .entry-featured-image-url {<!-- [et_pb_line_break_holder] -->\tmargin: 0;<!-- [et_pb_line_break_holder] -->}<!-- [et_pb_line_break_holder] --><!-- [et_pb_line_break_holder] --><!-- [et_pb_line_break_holder] --><!-- [et_pb_line_break_holder] -->.et_pb_blog_grid .entry-featured-image-url::before {<!-- [et_pb_line_break_holder] -->\tcontent: '';<!-- [et_pb_line_break_holder] -->\tposition: absolute;<!-- [et_pb_line_break_holder] -->\twidth: 100%;<!-- [et_pb_line_break_holder] -->\theight: 100%;<!-- [et_pb_line_break_holder] -->  overflow:hidden;<!-- [et_pb_line_break_holder] -->\tbackground-color: rgba(0, 0, 0, 0.25);<!-- [et_pb_line_break_holder] -->}<!-- [et_pb_line_break_holder] --><\/style>\n<p>[\/et_pb_code][et_pb_code _builder_version=\u00bb4.16&#8243; global_colors_info=\u00bb{}\u00bb][\/et_pb_code][\/et_pb_column][\/et_pb_section][et_pb_section fb_built=\u00bb1&#8243; _builder_version=\u00bb4.16&#8243; background_enable_color=\u00bboff\u00bb custom_padding=\u00bb0px||0px|||\u00bb global_colors_info=\u00bb{}\u00bb][et_pb_row column_structure=\u00bb1_3,1_3,1_3&#8243; use_custom_gutter=\u00bbon\u00bb _builder_version=\u00bb4.16&#8243; background_color=\u00bb#033332&#8243; global_colors_info=\u00bb{}\u00bb][et_pb_column type=\u00bb1_3&#8243; _builder_version=\u00bb4.16&#8243; global_colors_info=\u00bb{}\u00bb][et_pb_text _builder_version=\u00bb4.18.0&#8243; text_text_color=\u00bb#FFFFFF\u00bb text_font_size=\u00bb15px\u00bb text_line_height=\u00bb1.3em\u00bb header_text_color=\u00bb#FFFFFF\u00bb header_font_size=\u00bb15px\u00bb custom_margin=\u00bb|||10%|false|false\u00bb global_colors_info=\u00bb{}\u00bb]<\/p>\n<h1><b>SECCIONES<\/b><\/h1>\n<p><a style=\"color: white;\" href=\"https:\/\/urbe.com.ar\/revista\/urbe\">Urbe<\/a><\/p>\n<p><a style=\"color: white;\" href=\"https:\/\/urbe.com.ar\/revista\/artificios\">Artificios<\/a><\/p>\n<p><a style=\"color: white;\" href=\"https:\/\/urbe.com.ar\/revista\/cultura\">Cultura<\/a><\/p>\n<p><a style=\"color: white;\" href=\"https:\/\/urbe.com.ar\/revista\/opinion\">Opini\u00f3n<\/a>[\/et_pb_text][et_pb_image src=\u00bbhttps:\/\/urbe.com.ar\/revista\/wp-content\/uploads\/2022\/05\/Logo-Mecenazgo-2019-1.png\u00bb alt=\u00bbLogo  mecenazgo\u00bb align=\u00bbcenter\u00bb _builder_version=\u00bb4.17.4&#8243; _module_preset=\u00bbdefault\u00bb custom_padding=\u00bb2%|3%|2%|10%|true|false\u00bb global_colors_info=\u00bb{}\u00bb][\/et_pb_image][\/et_pb_column][et_pb_column type=\u00bb1_3&#8243; _builder_version=\u00bb4.16&#8243; custom_padding=\u00bb||||false|false\u00bb global_colors_info=\u00bb{}\u00bb][et_pb_text _builder_version=\u00bb4.16&#8243; text_text_color=\u00bb#FFFFFF\u00bb text_font_size=\u00bb15px\u00bb header_text_color=\u00bb#FFFFFF\u00bb header_font_size=\u00bb15px\u00bb custom_margin=\u00bb|||10%|false|false\u00bb global_colors_info=\u00bb{}\u00bb]<\/p>\n<h1>CONTACTO<\/h1>\n<p>revista@urbe.com.ar<\/p>\n<p>[\/et_pb_text][et_pb_signup mailchimp_list=\u00bb818d09b04f\u00bb last_name_field=\u00bboff\u00bb success_message=\u00bbGracias por suscribirte!\u00bb title=\u00bbSUSCRIBITE\u00bb button_text=\u00bbsuscribirse\u00bb _builder_version=\u00bb4.16&#8243; header_level=\u00bbh1&#8243; header_font_size=\u00bb15px\u00bb header_line_height=\u00bb1.2em\u00bb body_text_align=\u00bbleft\u00bb result_message_text_align=\u00bbleft\u00bb result_message_font_size=\u00bb15px\u00bb background_enable_color=\u00bboff\u00bb use_background_color=\u00bboff\u00bb custom_button=\u00bbon\u00bb button_text_size=\u00bb20px\u00bb button_text_color=\u00bb#009fad\u00bb button_bg_color=\u00bb#a4e3e9&#8243; button_border_width=\u00bb0px\u00bb button_border_radius=\u00bb0px\u00bb max_width=\u00bb55%\u00bb custom_margin=\u00bb10%|||10%|false|false\u00bb border_radii_fields=\u00bbon|0px|0px|0px|0px\u00bb global_colors_info=\u00bb{}\u00bb][\/et_pb_signup][\/et_pb_column][et_pb_column type=\u00bb1_3&#8243; _builder_version=\u00bb4.16&#8243; global_colors_info=\u00bb{}\u00bb][et_pb_text _builder_version=\u00bb4.16&#8243; text_text_color=\u00bb#FFFFFF\u00bb header_text_color=\u00bb#FFFFFF\u00bb custom_margin=\u00bb|||10%|false|false\u00bb global_colors_info=\u00bb{}\u00bb]<\/p>\n<h1>LINKS<\/h1>\n<p><a style=\"color: inherit\"  href=\"https:\/\/filfem.com.ar\">filfem.com.ar<\/a><\/p>\n<p ><a style=\"color: inherit\" href=\"https:\/\/urbe.com.ar\/wp\">urbe.com.ar <\/a><\/p>\n<p>[\/et_pb_text][et_pb_social_media_follow _builder_version=\u00bb4.16&#8243; custom_margin=\u00bb10%|||10%|false|false\u00bb global_colors_info=\u00bb{}\u00bb][et_pb_social_media_follow_network social_network=\u00bbinstagram\u00bb url=\u00bbhttps:\/\/www.instagram.com\/revistaurbe\/?igshid=osawef034cfi\u00bb icon_color=\u00bb#033332&#8243; _builder_version=\u00bb4.16&#8243; background_color=\u00bb#FFFFFF\u00bb background_enable_color=\u00bbon\u00bb border_radii=\u00bbon|25px|25px|25px|25px\u00bb global_colors_info=\u00bb{}\u00bb follow_button=\u00bboff\u00bb url_new_window=\u00bbon\u00bb]instagram[\/et_pb_social_media_follow_network][et_pb_social_media_follow_network social_network=\u00bbtwitter\u00bb url=\u00bbhttps:\/\/twitter.com\/Revistaurbe_?s=12&#8243; icon_color=\u00bb#033332&#8243; _builder_version=\u00bb4.16&#8243; background_color=\u00bb#FFFFFF\u00bb background_enable_color=\u00bbon\u00bb border_radii=\u00bbon|25px|25px|25px|25px\u00bb global_colors_info=\u00bb{}\u00bb follow_button=\u00bboff\u00bb url_new_window=\u00bbon\u00bb]twitter[\/et_pb_social_media_follow_network][\/et_pb_social_media_follow][et_pb_text disabled_on=\u00bbon|on|on\u00bb _builder_version=\u00bb4.16&#8243; custom_margin=\u00bb10%|||10%|false|false\u00bb disabled=\u00bbon\u00bb global_colors_info=\u00bb{}\u00bb]<img data-recalc-dims=\"1\" loading=\"lazy\" decoding=\"async\" src=\"https:\/\/i0.wp.com\/urbe.com.ar\/revista\/wp-content\/uploads\/2020\/07\/facebook-blanco.png?resize=35%2C35&#038;ssl=1\" width=\"35\" height=\"35\" alt=\"\" class=\"wp-image-10 alignleft size-full\" \/><img data-recalc-dims=\"1\" loading=\"lazy\" decoding=\"async\" src=\"https:\/\/i0.wp.com\/urbe.com.ar\/revista\/wp-content\/uploads\/2020\/07\/instagram-blanco.png?resize=35%2C35&#038;ssl=1\" width=\"35\" height=\"35\" alt=\"\" class=\"wp-image-11 alignleft size-full\" \/><img data-recalc-dims=\"1\" loading=\"lazy\" decoding=\"async\" src=\"https:\/\/i0.wp.com\/urbe.com.ar\/revista\/wp-content\/uploads\/2020\/07\/twitter.png?resize=35%2C35&#038;ssl=1\" width=\"35\" height=\"35\" alt=\"\" class=\"wp-image-12 alignnone size-full\" \/>[\/et_pb_text][\/et_pb_column][\/et_pb_row][\/et_pb_section]<\/p>\n","protected":false},"excerpt":{"rendered":"<p>Por <b>Valent\u00edn Pennella y Juan Zaietz<\/b><\/p>\n","protected":false},"author":10,"featured_media":7198,"comment_status":"closed","ping_status":"closed","sticky":false,"template":"","format":"standard","meta":{"_et_pb_use_builder":"on","_et_pb_old_content":"","_et_gb_content_width":"1080","_jetpack_memberships_contains_paid_content":false,"footnotes":""},"categories":[30],"tags":[],"class_list":["post-7167","post","type-post","status-publish","format-standard","has-post-thumbnail","hentry","category-historia"],"yoast_head":"<!-- This site is optimized with the Yoast SEO plugin v27.5 - https:\/\/yoast.com\/product\/yoast-seo-wordpress\/ -->\n<title>Siglo I a.C. Cambalache: La corrupci\u00f3n en Roma - Revista Urbe<\/title>\n<meta name=\"robots\" content=\"index, follow, max-snippet:-1, max-image-preview:large, max-video-preview:-1\" \/>\n<link rel=\"canonical\" href=\"https:\/\/urbe.com.ar\/revista\/siglo-i-a-c-cambalache-la-corrupcion-en-roma\/\" \/>\n<meta property=\"og:locale\" content=\"es_ES\" \/>\n<meta property=\"og:type\" content=\"article\" \/>\n<meta property=\"og:title\" content=\"Siglo I a.C. Cambalache: La corrupci\u00f3n en Roma - Revista Urbe\" \/>\n<meta property=\"og:description\" content=\"Por Valent\u00edn Pennella y Juan Zaietz\" \/>\n<meta property=\"og:url\" content=\"https:\/\/urbe.com.ar\/revista\/siglo-i-a-c-cambalache-la-corrupcion-en-roma\/\" \/>\n<meta property=\"og:site_name\" content=\"Revista Urbe\" \/>\n<meta property=\"article:published_time\" content=\"2023-02-17T21:55:10+00:00\" \/>\n<meta property=\"article:modified_time\" content=\"2023-06-03T18:58:35+00:00\" \/>\n<meta property=\"og:image\" content=\"https:\/\/urbe.com.ar\/revista\/wp-content\/uploads\/2023\/02\/miniatura-2-1024x922.png\" \/>\n\t<meta property=\"og:image:width\" content=\"1024\" \/>\n\t<meta property=\"og:image:height\" content=\"922\" \/>\n\t<meta property=\"og:image:type\" content=\"image\/png\" \/>\n<meta name=\"author\" content=\"Alejo Bernhardt\" \/>\n<meta name=\"twitter:card\" content=\"summary_large_image\" \/>\n<meta name=\"twitter:creator\" content=\"@Revistaurbe_\" \/>\n<meta name=\"twitter:site\" content=\"@Revistaurbe_\" \/>\n<meta name=\"twitter:label1\" content=\"Escrito por\" \/>\n\t<meta name=\"twitter:data1\" content=\"Alejo Bernhardt\" \/>\n\t<meta name=\"twitter:label2\" content=\"Tiempo de lectura\" \/>\n\t<meta name=\"twitter:data2\" content=\"15 minutos\" \/>\n<script type=\"application\/ld+json\" class=\"yoast-schema-graph\">{\"@context\":\"https:\\\/\\\/schema.org\",\"@graph\":[{\"@type\":\"Article\",\"@id\":\"https:\\\/\\\/urbe.com.ar\\\/revista\\\/siglo-i-a-c-cambalache-la-corrupcion-en-roma\\\/#article\",\"isPartOf\":{\"@id\":\"https:\\\/\\\/urbe.com.ar\\\/revista\\\/siglo-i-a-c-cambalache-la-corrupcion-en-roma\\\/\"},\"author\":{\"name\":\"Alejo Bernhardt\",\"@id\":\"https:\\\/\\\/urbe.com.ar\\\/revista\\\/#\\\/schema\\\/person\\\/4ddcf051fa628850264f4c6d61f63ee2\"},\"headline\":\"Siglo I a.C. Cambalache: La corrupci\u00f3n en Roma\",\"datePublished\":\"2023-02-17T21:55:10+00:00\",\"dateModified\":\"2023-06-03T18:58:35+00:00\",\"mainEntityOfPage\":{\"@id\":\"https:\\\/\\\/urbe.com.ar\\\/revista\\\/siglo-i-a-c-cambalache-la-corrupcion-en-roma\\\/\"},\"wordCount\":5143,\"image\":{\"@id\":\"https:\\\/\\\/urbe.com.ar\\\/revista\\\/siglo-i-a-c-cambalache-la-corrupcion-en-roma\\\/#primaryimage\"},\"thumbnailUrl\":\"https:\\\/\\\/i0.wp.com\\\/urbe.com.ar\\\/revista\\\/wp-content\\\/uploads\\\/2023\\\/02\\\/miniatura-2.png?fit=2551%2C2297&ssl=1\",\"articleSection\":[\"HISTORIA\"],\"inLanguage\":\"es\"},{\"@type\":\"WebPage\",\"@id\":\"https:\\\/\\\/urbe.com.ar\\\/revista\\\/siglo-i-a-c-cambalache-la-corrupcion-en-roma\\\/\",\"url\":\"https:\\\/\\\/urbe.com.ar\\\/revista\\\/siglo-i-a-c-cambalache-la-corrupcion-en-roma\\\/\",\"name\":\"Siglo I a.C. Cambalache: La corrupci\u00f3n en Roma - Revista Urbe\",\"isPartOf\":{\"@id\":\"https:\\\/\\\/urbe.com.ar\\\/revista\\\/#website\"},\"primaryImageOfPage\":{\"@id\":\"https:\\\/\\\/urbe.com.ar\\\/revista\\\/siglo-i-a-c-cambalache-la-corrupcion-en-roma\\\/#primaryimage\"},\"image\":{\"@id\":\"https:\\\/\\\/urbe.com.ar\\\/revista\\\/siglo-i-a-c-cambalache-la-corrupcion-en-roma\\\/#primaryimage\"},\"thumbnailUrl\":\"https:\\\/\\\/i0.wp.com\\\/urbe.com.ar\\\/revista\\\/wp-content\\\/uploads\\\/2023\\\/02\\\/miniatura-2.png?fit=2551%2C2297&ssl=1\",\"datePublished\":\"2023-02-17T21:55:10+00:00\",\"dateModified\":\"2023-06-03T18:58:35+00:00\",\"author\":{\"@id\":\"https:\\\/\\\/urbe.com.ar\\\/revista\\\/#\\\/schema\\\/person\\\/4ddcf051fa628850264f4c6d61f63ee2\"},\"breadcrumb\":{\"@id\":\"https:\\\/\\\/urbe.com.ar\\\/revista\\\/siglo-i-a-c-cambalache-la-corrupcion-en-roma\\\/#breadcrumb\"},\"inLanguage\":\"es\",\"potentialAction\":[{\"@type\":\"ReadAction\",\"target\":[\"https:\\\/\\\/urbe.com.ar\\\/revista\\\/siglo-i-a-c-cambalache-la-corrupcion-en-roma\\\/\"]}]},{\"@type\":\"ImageObject\",\"inLanguage\":\"es\",\"@id\":\"https:\\\/\\\/urbe.com.ar\\\/revista\\\/siglo-i-a-c-cambalache-la-corrupcion-en-roma\\\/#primaryimage\",\"url\":\"https:\\\/\\\/i0.wp.com\\\/urbe.com.ar\\\/revista\\\/wp-content\\\/uploads\\\/2023\\\/02\\\/miniatura-2.png?fit=2551%2C2297&ssl=1\",\"contentUrl\":\"https:\\\/\\\/i0.wp.com\\\/urbe.com.ar\\\/revista\\\/wp-content\\\/uploads\\\/2023\\\/02\\\/miniatura-2.png?fit=2551%2C2297&ssl=1\",\"width\":2551,\"height\":2297},{\"@type\":\"BreadcrumbList\",\"@id\":\"https:\\\/\\\/urbe.com.ar\\\/revista\\\/siglo-i-a-c-cambalache-la-corrupcion-en-roma\\\/#breadcrumb\",\"itemListElement\":[{\"@type\":\"ListItem\",\"position\":1,\"name\":\"Portada\",\"item\":\"https:\\\/\\\/urbe.com.ar\\\/revista\\\/\"},{\"@type\":\"ListItem\",\"position\":2,\"name\":\"Siglo I a.C. Cambalache: La corrupci\u00f3n en Roma\"}]},{\"@type\":\"WebSite\",\"@id\":\"https:\\\/\\\/urbe.com.ar\\\/revista\\\/#website\",\"url\":\"https:\\\/\\\/urbe.com.ar\\\/revista\\\/\",\"name\":\"Revista Urbe\",\"description\":\"\",\"potentialAction\":[{\"@type\":\"SearchAction\",\"target\":{\"@type\":\"EntryPoint\",\"urlTemplate\":\"https:\\\/\\\/urbe.com.ar\\\/revista\\\/?s={search_term_string}\"},\"query-input\":{\"@type\":\"PropertyValueSpecification\",\"valueRequired\":true,\"valueName\":\"search_term_string\"}}],\"inLanguage\":\"es\"},{\"@type\":\"Person\",\"@id\":\"https:\\\/\\\/urbe.com.ar\\\/revista\\\/#\\\/schema\\\/person\\\/4ddcf051fa628850264f4c6d61f63ee2\",\"name\":\"Alejo Bernhardt\",\"image\":{\"@type\":\"ImageObject\",\"inLanguage\":\"es\",\"@id\":\"https:\\\/\\\/secure.gravatar.com\\\/avatar\\\/e17892015a0b2fe0e47a8387056c05584647b09de53f1ac00adae78b2f4fb443?s=96&d=mm&r=g\",\"url\":\"https:\\\/\\\/secure.gravatar.com\\\/avatar\\\/e17892015a0b2fe0e47a8387056c05584647b09de53f1ac00adae78b2f4fb443?s=96&d=mm&r=g\",\"contentUrl\":\"https:\\\/\\\/secure.gravatar.com\\\/avatar\\\/e17892015a0b2fe0e47a8387056c05584647b09de53f1ac00adae78b2f4fb443?s=96&d=mm&r=g\",\"caption\":\"Alejo Bernhardt\"},\"url\":\"https:\\\/\\\/urbe.com.ar\\\/revista\\\/author\\\/alejo-bernhardt\\\/\"}]}<\/script>\n<!-- \/ Yoast SEO plugin. -->","yoast_head_json":{"title":"Siglo I a.C. Cambalache: La corrupci\u00f3n en Roma - Revista Urbe","robots":{"index":"index","follow":"follow","max-snippet":"max-snippet:-1","max-image-preview":"max-image-preview:large","max-video-preview":"max-video-preview:-1"},"canonical":"https:\/\/urbe.com.ar\/revista\/siglo-i-a-c-cambalache-la-corrupcion-en-roma\/","og_locale":"es_ES","og_type":"article","og_title":"Siglo I a.C. Cambalache: La corrupci\u00f3n en Roma - Revista Urbe","og_description":"Por Valent\u00edn Pennella y Juan Zaietz","og_url":"https:\/\/urbe.com.ar\/revista\/siglo-i-a-c-cambalache-la-corrupcion-en-roma\/","og_site_name":"Revista Urbe","article_published_time":"2023-02-17T21:55:10+00:00","article_modified_time":"2023-06-03T18:58:35+00:00","og_image":[{"width":1024,"height":922,"url":"https:\/\/urbe.com.ar\/revista\/wp-content\/uploads\/2023\/02\/miniatura-2-1024x922.png","type":"image\/png"}],"author":"Alejo Bernhardt","twitter_card":"summary_large_image","twitter_creator":"@Revistaurbe_","twitter_site":"@Revistaurbe_","twitter_misc":{"Escrito por":"Alejo Bernhardt","Tiempo de lectura":"15 minutos"},"schema":{"@context":"https:\/\/schema.org","@graph":[{"@type":"Article","@id":"https:\/\/urbe.com.ar\/revista\/siglo-i-a-c-cambalache-la-corrupcion-en-roma\/#article","isPartOf":{"@id":"https:\/\/urbe.com.ar\/revista\/siglo-i-a-c-cambalache-la-corrupcion-en-roma\/"},"author":{"name":"Alejo Bernhardt","@id":"https:\/\/urbe.com.ar\/revista\/#\/schema\/person\/4ddcf051fa628850264f4c6d61f63ee2"},"headline":"Siglo I a.C. Cambalache: La corrupci\u00f3n en Roma","datePublished":"2023-02-17T21:55:10+00:00","dateModified":"2023-06-03T18:58:35+00:00","mainEntityOfPage":{"@id":"https:\/\/urbe.com.ar\/revista\/siglo-i-a-c-cambalache-la-corrupcion-en-roma\/"},"wordCount":5143,"image":{"@id":"https:\/\/urbe.com.ar\/revista\/siglo-i-a-c-cambalache-la-corrupcion-en-roma\/#primaryimage"},"thumbnailUrl":"https:\/\/i0.wp.com\/urbe.com.ar\/revista\/wp-content\/uploads\/2023\/02\/miniatura-2.png?fit=2551%2C2297&ssl=1","articleSection":["HISTORIA"],"inLanguage":"es"},{"@type":"WebPage","@id":"https:\/\/urbe.com.ar\/revista\/siglo-i-a-c-cambalache-la-corrupcion-en-roma\/","url":"https:\/\/urbe.com.ar\/revista\/siglo-i-a-c-cambalache-la-corrupcion-en-roma\/","name":"Siglo I a.C. Cambalache: La corrupci\u00f3n en Roma - Revista Urbe","isPartOf":{"@id":"https:\/\/urbe.com.ar\/revista\/#website"},"primaryImageOfPage":{"@id":"https:\/\/urbe.com.ar\/revista\/siglo-i-a-c-cambalache-la-corrupcion-en-roma\/#primaryimage"},"image":{"@id":"https:\/\/urbe.com.ar\/revista\/siglo-i-a-c-cambalache-la-corrupcion-en-roma\/#primaryimage"},"thumbnailUrl":"https:\/\/i0.wp.com\/urbe.com.ar\/revista\/wp-content\/uploads\/2023\/02\/miniatura-2.png?fit=2551%2C2297&ssl=1","datePublished":"2023-02-17T21:55:10+00:00","dateModified":"2023-06-03T18:58:35+00:00","author":{"@id":"https:\/\/urbe.com.ar\/revista\/#\/schema\/person\/4ddcf051fa628850264f4c6d61f63ee2"},"breadcrumb":{"@id":"https:\/\/urbe.com.ar\/revista\/siglo-i-a-c-cambalache-la-corrupcion-en-roma\/#breadcrumb"},"inLanguage":"es","potentialAction":[{"@type":"ReadAction","target":["https:\/\/urbe.com.ar\/revista\/siglo-i-a-c-cambalache-la-corrupcion-en-roma\/"]}]},{"@type":"ImageObject","inLanguage":"es","@id":"https:\/\/urbe.com.ar\/revista\/siglo-i-a-c-cambalache-la-corrupcion-en-roma\/#primaryimage","url":"https:\/\/i0.wp.com\/urbe.com.ar\/revista\/wp-content\/uploads\/2023\/02\/miniatura-2.png?fit=2551%2C2297&ssl=1","contentUrl":"https:\/\/i0.wp.com\/urbe.com.ar\/revista\/wp-content\/uploads\/2023\/02\/miniatura-2.png?fit=2551%2C2297&ssl=1","width":2551,"height":2297},{"@type":"BreadcrumbList","@id":"https:\/\/urbe.com.ar\/revista\/siglo-i-a-c-cambalache-la-corrupcion-en-roma\/#breadcrumb","itemListElement":[{"@type":"ListItem","position":1,"name":"Portada","item":"https:\/\/urbe.com.ar\/revista\/"},{"@type":"ListItem","position":2,"name":"Siglo I a.C. Cambalache: La corrupci\u00f3n en Roma"}]},{"@type":"WebSite","@id":"https:\/\/urbe.com.ar\/revista\/#website","url":"https:\/\/urbe.com.ar\/revista\/","name":"Revista Urbe","description":"","potentialAction":[{"@type":"SearchAction","target":{"@type":"EntryPoint","urlTemplate":"https:\/\/urbe.com.ar\/revista\/?s={search_term_string}"},"query-input":{"@type":"PropertyValueSpecification","valueRequired":true,"valueName":"search_term_string"}}],"inLanguage":"es"},{"@type":"Person","@id":"https:\/\/urbe.com.ar\/revista\/#\/schema\/person\/4ddcf051fa628850264f4c6d61f63ee2","name":"Alejo Bernhardt","image":{"@type":"ImageObject","inLanguage":"es","@id":"https:\/\/secure.gravatar.com\/avatar\/e17892015a0b2fe0e47a8387056c05584647b09de53f1ac00adae78b2f4fb443?s=96&d=mm&r=g","url":"https:\/\/secure.gravatar.com\/avatar\/e17892015a0b2fe0e47a8387056c05584647b09de53f1ac00adae78b2f4fb443?s=96&d=mm&r=g","contentUrl":"https:\/\/secure.gravatar.com\/avatar\/e17892015a0b2fe0e47a8387056c05584647b09de53f1ac00adae78b2f4fb443?s=96&d=mm&r=g","caption":"Alejo Bernhardt"},"url":"https:\/\/urbe.com.ar\/revista\/author\/alejo-bernhardt\/"}]}},"jetpack_featured_media_url":"https:\/\/i0.wp.com\/urbe.com.ar\/revista\/wp-content\/uploads\/2023\/02\/miniatura-2.png?fit=2551%2C2297&ssl=1","jetpack_sharing_enabled":true,"_links":{"self":[{"href":"https:\/\/urbe.com.ar\/revista\/wp-json\/wp\/v2\/posts\/7167","targetHints":{"allow":["GET"]}}],"collection":[{"href":"https:\/\/urbe.com.ar\/revista\/wp-json\/wp\/v2\/posts"}],"about":[{"href":"https:\/\/urbe.com.ar\/revista\/wp-json\/wp\/v2\/types\/post"}],"author":[{"embeddable":true,"href":"https:\/\/urbe.com.ar\/revista\/wp-json\/wp\/v2\/users\/10"}],"replies":[{"embeddable":true,"href":"https:\/\/urbe.com.ar\/revista\/wp-json\/wp\/v2\/comments?post=7167"}],"version-history":[{"count":25,"href":"https:\/\/urbe.com.ar\/revista\/wp-json\/wp\/v2\/posts\/7167\/revisions"}],"predecessor-version":[{"id":7348,"href":"https:\/\/urbe.com.ar\/revista\/wp-json\/wp\/v2\/posts\/7167\/revisions\/7348"}],"wp:featuredmedia":[{"embeddable":true,"href":"https:\/\/urbe.com.ar\/revista\/wp-json\/wp\/v2\/media\/7198"}],"wp:attachment":[{"href":"https:\/\/urbe.com.ar\/revista\/wp-json\/wp\/v2\/media?parent=7167"}],"wp:term":[{"taxonomy":"category","embeddable":true,"href":"https:\/\/urbe.com.ar\/revista\/wp-json\/wp\/v2\/categories?post=7167"},{"taxonomy":"post_tag","embeddable":true,"href":"https:\/\/urbe.com.ar\/revista\/wp-json\/wp\/v2\/tags?post=7167"}],"curies":[{"name":"wp","href":"https:\/\/api.w.org\/{rel}","templated":true}]}}