{"id":7027,"date":"2023-01-03T18:43:28","date_gmt":"2023-01-03T18:43:28","guid":{"rendered":"https:\/\/urbe.com.ar\/revista\/?p=7027"},"modified":"2023-06-03T23:07:35","modified_gmt":"2023-06-03T23:07:35","slug":"sonar-con-campos","status":"publish","type":"post","link":"https:\/\/urbe.com.ar\/revista\/sonar-con-campos\/","title":{"rendered":"So\u00f1ar con campos"},"content":{"rendered":"<p>[et_pb_section fb_built=\u00bb1&#8243; disabled_on=\u00bbon|on|on\u00bb _builder_version=\u00bb4.18.0&#8243; disabled=\u00bbon\u00bb global_colors_info=\u00bb{}\u00bb][et_pb_row _builder_version=\u00bb4.18.0&#8243; global_colors_info=\u00bb{}\u00bb][et_pb_column type=\u00bb4_4&#8243; _builder_version=\u00bb4.18.0&#8243; global_colors_info=\u00bb{}\u00bb][et_pb_text disabled_on=\u00bbon|on|on\u00bb _builder_version=\u00bb4.18.0&#8243; custom_padding=\u00bb||28px|||\u00bb disabled=\u00bbon\u00bb global_colors_info=\u00bb{}\u00bb]Por <b>Dante Sabatto<\/b> | \u00abHablar de enero es hablar de calores agobiantes, h\u00famedos y espesos.\u00bb Dante abre el 2023 con una reflexi\u00f3n po\u00e9tica sobre el verano y la revoluci\u00f3n. \u00bfPor qu\u00e9 todas las utop\u00edas imaginan el futuro con met\u00e1foras campestres?[\/et_pb_text][\/et_pb_column][\/et_pb_row][\/et_pb_section][et_pb_section fb_built=\u00bb1&#8243; use_custom_gutter=\u00bbon\u00bb gutter_width=\u00bb1&#8243; specialty=\u00bbon\u00bb padding_left_2=\u00bb1%\u00bb padding_top_bottom_link_1=\u00bbfalse\u00bb padding_top_bottom_link_2=\u00bbfalse\u00bb padding_left_right_link_1=\u00bbfalse\u00bb padding_left_right_link_2=\u00bbfalse\u00bb _builder_version=\u00bb4.18.0&#8243; custom_padding=\u00bb0px|0px|0px|||\u00bb global_colors_info=\u00bb{}\u00bb][et_pb_column type=\u00bb2_3&#8243; specialty_columns=\u00bb2&#8243; _builder_version=\u00bb4.16&#8243; custom_padding=\u00bb|||\u00bb global_colors_info=\u00bb{}\u00bb custom_padding__hover=\u00bb|||\u00bb][et_pb_row_inner _builder_version=\u00bb4.18.0&#8243; background_color=\u00bb#ffffff\u00bb background_enable_image=\u00bboff\u00bb custom_margin=\u00bb40px||20px||false|false\u00bb custom_padding=\u00bb12px|0px|12px|0px|true|true\u00bb global_colors_info=\u00bb{}\u00bb][et_pb_column_inner saved_specialty_column_type=\u00bb2_3&#8243; _builder_version=\u00bb4.18.0&#8243; global_colors_info=\u00bb{}\u00bb][et_pb_text _builder_version=\u00bb4.18.0&#8243; text_font=\u00bb|600|||||||\u00bb text_text_color=\u00bb#000000&#8243; text_font_size=\u00bb18px\u00bb header_text_align=\u00bbcenter\u00bb header_font_size=\u00bb35px\u00bb background_color=\u00bbRGBA(255,255,255,0)\u00bb background_layout=\u00bbdark\u00bb custom_margin=\u00bb2%|0%|2%|0%|true|true\u00bb custom_padding=\u00bb|||13px|false|false\u00bb border_color_all=\u00bb#FFFFFF\u00bb border_width_left=\u00bb6px\u00bb border_color_left=\u00bb#672C40&#8243; global_colors_info=\u00bb{}\u00bb]<\/p>\n<p><span style=\"color: #272727;\"><strong>Artificios<\/strong><\/span><\/p>\n<p>[\/et_pb_text][et_pb_text _builder_version=\u00bb4.18.0&#8243; text_font=\u00bb|300|||||||\u00bb text_text_color=\u00bb#000000&#8243; text_line_height=\u00bb1.4em\u00bb header_font=\u00bb|700||on|||||\u00bb header_text_align=\u00bbleft\u00bb header_text_color=\u00bb#272727&#8243; header_font_size=\u00bb57px\u00bb background_color=\u00bbRGBA(255,255,255,0)\u00bb background_enable_image=\u00bboff\u00bb background_size=\u00bbstretch\u00bb width=\u00bb100%\u00bb module_alignment=\u00bbleft\u00bb min_height=\u00bb71px\u00bb custom_margin=\u00bb3%|0%|3%|0%|true|true\u00bb custom_padding=\u00bb|0%|4px|0%|false|true\u00bb global_colors_info=\u00bb{}\u00bb]<\/p>\n<h1>SO\u00d1AR CON CAMPOS<\/h1>\n<p>[\/et_pb_text][et_pb_text _builder_version=\u00bb4.18.0&#8243; text_font=\u00bb||||||||\u00bb text_text_color=\u00bb#000000&#8243; text_font_size=\u00bb18px\u00bb header_text_align=\u00bbcenter\u00bb header_text_color=\u00bb#057E7E\u00bb header_font_size=\u00bb35px\u00bb text_orientation=\u00bbjustified\u00bb custom_margin=\u00bb2%|0%|2%|0%|true|true\u00bb custom_padding=\u00bb|||13px|false|false\u00bb border_width_left=\u00bb6px\u00bb border_color_left=\u00bb#672C40&#8243; global_colors_info=\u00bb{}\u00bb]<\/p>\n<p>Por <b>Dante Sabatto<\/b><br \/><span style=\"font-size: small;\">03 de enero de 2023<\/span><\/p>\n<p>[\/et_pb_text][et_pb_image src=\u00bbhttps:\/\/urbe.com.ar\/revista\/wp-content\/uploads\/2023\/01\/banner.png\u00bb title_text=\u00bbbanner\u00bb disabled_on=\u00bboff|off|off\u00bb _builder_version=\u00bb4.18.0&#8243; background_enable_image=\u00bboff\u00bb custom_margin=\u00bb5%|0%|5%|0%|true|true\u00bb custom_margin_tablet=\u00bb\u00bb custom_margin_phone=\u00bb6%|0%|6%|0%|true|true\u00bb custom_margin_last_edited=\u00bbon|phone\u00bb hover_enabled=\u00bb0&#8243; global_colors_info=\u00bb{}\u00bb sticky_enabled=\u00bb0&#8243;][\/et_pb_image][\/et_pb_column_inner][\/et_pb_row_inner][et_pb_row_inner column_structure=\u00bb1_2,1_2&#8243; use_custom_gutter=\u00bbon\u00bb gutter_width=\u00bb1&#8243; make_equal=\u00bbon\u00bb disabled_on=\u00bbon|off|off\u00bb _builder_version=\u00bb4.16&#8243; background_color=\u00bb#ffffff\u00bb custom_margin=\u00bb||||false|false\u00bb custom_padding=\u00bb0px||0px|0%|false|false\u00bb locked=\u00bboff\u00bb global_colors_info=\u00bb{}\u00bb][et_pb_column_inner type=\u00bb1_2&#8243; saved_specialty_column_type=\u00bb2_3&#8243; _builder_version=\u00bb4.16&#8243; background_color=\u00bb#ffffff\u00bb custom_css_main_element=\u00bbwidth: 60% !important;\u00bb global_colors_info=\u00bb{}\u00bb][\/et_pb_column_inner][et_pb_column_inner type=\u00bb1_2&#8243; saved_specialty_column_type=\u00bb2_3&#8243; _builder_version=\u00bb4.16&#8243; custom_css_main_element=\u00bb||width: 40% !important;||margin: auto;||display: flex;||flex-direction: column;||justify-content: center;\u00bb global_colors_info=\u00bb{}\u00bb][et_pb_code _builder_version=\u00bb4.16&#8243; text_orientation=\u00bbcenter\u00bb module_alignment=\u00bbcenter\u00bb custom_margin=\u00bb2%||2%||true|false\u00bb custom_padding=\u00bb|6.7%||6.7%|false|true\u00bb global_colors_info=\u00bb{}\u00bb]<div class=\"addtoany_shortcode\"><div class=\"a2a_kit a2a_kit_size_32 addtoany_list\" data-a2a-url=\"https:\/\/urbe.com.ar\/revista\/sonar-con-campos\/\" data-a2a-title=\"So\u00f1ar con campos\"><a class=\"a2a_button_facebook\" href=\"https:\/\/www.addtoany.com\/add_to\/facebook?linkurl=https%3A%2F%2Furbe.com.ar%2Frevista%2Fsonar-con-campos%2F&amp;linkname=So%C3%B1ar%20con%20campos\" title=\"Facebook\" rel=\"nofollow noopener\" target=\"_blank\"><\/a><a class=\"a2a_button_whatsapp\" href=\"https:\/\/www.addtoany.com\/add_to\/whatsapp?linkurl=https%3A%2F%2Furbe.com.ar%2Frevista%2Fsonar-con-campos%2F&amp;linkname=So%C3%B1ar%20con%20campos\" title=\"WhatsApp\" rel=\"nofollow noopener\" target=\"_blank\"><\/a><a class=\"a2a_button_twitter\" href=\"https:\/\/www.addtoany.com\/add_to\/twitter?linkurl=https%3A%2F%2Furbe.com.ar%2Frevista%2Fsonar-con-campos%2F&amp;linkname=So%C3%B1ar%20con%20campos\" title=\"Twitter\" rel=\"nofollow noopener\" target=\"_blank\"><\/a><a class=\"a2a_button_email\" href=\"https:\/\/www.addtoany.com\/add_to\/email?linkurl=https%3A%2F%2Furbe.com.ar%2Frevista%2Fsonar-con-campos%2F&amp;linkname=So%C3%B1ar%20con%20campos\" title=\"Email\" rel=\"nofollow noopener\" target=\"_blank\"><\/a><a class=\"a2a_button_copy_link\" href=\"https:\/\/www.addtoany.com\/add_to\/copy_link?linkurl=https%3A%2F%2Furbe.com.ar%2Frevista%2Fsonar-con-campos%2F&amp;linkname=So%C3%B1ar%20con%20campos\" title=\"Copy Link\" rel=\"nofollow noopener\" target=\"_blank\"><\/a><\/div><\/div>[\/et_pb_code][\/et_pb_column_inner][\/et_pb_row_inner][et_pb_row_inner use_custom_gutter=\u00bbon\u00bb gutter_width=\u00bb1&#8243; make_equal=\u00bbon\u00bb disabled_on=\u00bboff|on|on\u00bb _builder_version=\u00bb4.16&#8243; background_color=\u00bb#ffffff\u00bb custom_margin=\u00bb||||false|false\u00bb custom_padding=\u00bb0px||0px|0%|false|false\u00bb locked=\u00bboff\u00bb global_colors_info=\u00bb{}\u00bb][et_pb_column_inner saved_specialty_column_type=\u00bb2_3&#8243; _builder_version=\u00bb4.16&#8243; background_color=\u00bb#ffffff\u00bb global_colors_info=\u00bb{}\u00bb][et_pb_code disabled_on=\u00bboff|off|off\u00bb _builder_version=\u00bb4.16&#8243; _module_preset=\u00bbdefault\u00bb text_orientation=\u00bbcenter\u00bb width=\u00bb100%\u00bb width_tablet=\u00bb\u00bb width_phone=\u00bb100%\u00bb width_last_edited=\u00bbon|phone\u00bb max_width=\u00bb100%\u00bb max_width_tablet=\u00bb\u00bb max_width_phone=\u00bb\u00bb max_width_last_edited=\u00bbon|tablet\u00bb module_alignment=\u00bbright\u00bb custom_margin_tablet=\u00bb\u00bb custom_margin_phone=\u00bb\u00bb custom_margin_last_edited=\u00bbon|phone\u00bb module_alignment_tablet=\u00bb\u00bb module_alignment_phone=\u00bbcenter\u00bb module_alignment_last_edited=\u00bbon|desktop\u00bb global_colors_info=\u00bb{}\u00bb]<div class=\"addtoany_shortcode\"><div class=\"a2a_kit a2a_kit_size_32 addtoany_list\" data-a2a-url=\"https:\/\/urbe.com.ar\/revista\/sonar-con-campos\/\" data-a2a-title=\"So\u00f1ar con campos\"><a class=\"a2a_button_facebook\" href=\"https:\/\/www.addtoany.com\/add_to\/facebook?linkurl=https%3A%2F%2Furbe.com.ar%2Frevista%2Fsonar-con-campos%2F&amp;linkname=So%C3%B1ar%20con%20campos\" title=\"Facebook\" rel=\"nofollow noopener\" target=\"_blank\"><\/a><a class=\"a2a_button_whatsapp\" href=\"https:\/\/www.addtoany.com\/add_to\/whatsapp?linkurl=https%3A%2F%2Furbe.com.ar%2Frevista%2Fsonar-con-campos%2F&amp;linkname=So%C3%B1ar%20con%20campos\" title=\"WhatsApp\" rel=\"nofollow noopener\" target=\"_blank\"><\/a><a class=\"a2a_button_twitter\" href=\"https:\/\/www.addtoany.com\/add_to\/twitter?linkurl=https%3A%2F%2Furbe.com.ar%2Frevista%2Fsonar-con-campos%2F&amp;linkname=So%C3%B1ar%20con%20campos\" title=\"Twitter\" rel=\"nofollow noopener\" target=\"_blank\"><\/a><a class=\"a2a_button_email\" href=\"https:\/\/www.addtoany.com\/add_to\/email?linkurl=https%3A%2F%2Furbe.com.ar%2Frevista%2Fsonar-con-campos%2F&amp;linkname=So%C3%B1ar%20con%20campos\" title=\"Email\" rel=\"nofollow noopener\" target=\"_blank\"><\/a><a class=\"a2a_button_copy_link\" href=\"https:\/\/www.addtoany.com\/add_to\/copy_link?linkurl=https%3A%2F%2Furbe.com.ar%2Frevista%2Fsonar-con-campos%2F&amp;linkname=So%C3%B1ar%20con%20campos\" title=\"Copy Link\" rel=\"nofollow noopener\" target=\"_blank\"><\/a><\/div><\/div>[\/et_pb_code][\/et_pb_column_inner][\/et_pb_row_inner][et_pb_row_inner _builder_version=\u00bb4.18.0&#8243; background_color=\u00bb#ffffff\u00bb custom_padding=\u00bb0px||3px|0px||\u00bb global_colors_info=\u00bb{}\u00bb][et_pb_column_inner saved_specialty_column_type=\u00bb2_3&#8243; _builder_version=\u00bb4.16&#8243; global_colors_info=\u00bb{}\u00bb][et_pb_text _builder_version=\u00bb4.17.4&#8243; text_text_color=\u00bb#000000&#8243; text_font_size=\u00bb17px\u00bb text_line_height=\u00bb1.5em\u00bb custom_margin=\u00bb2%|0%|2%|0%|true|true\u00bb custom_padding=\u00bb||0px|||\u00bb text_font_size_tablet=\u00bb17px\u00bb text_font_size_phone=\u00bb16px\u00bb text_font_size_last_edited=\u00bbon|phone\u00bb global_colors_info=\u00bb{}\u00bb][\/et_pb_text][et_pb_text _builder_version=\u00bb4.18.0&#8243; text_text_color=\u00bb#000000&#8243; text_font_size=\u00bb17px\u00bb text_line_height=\u00bb1.5em\u00bb custom_margin=\u00bb2%|0%|2%|0%|true|true\u00bb custom_padding=\u00bb||0px|||\u00bb text_font_size_tablet=\u00bb17px\u00bb text_font_size_phone=\u00bb16px\u00bb text_font_size_last_edited=\u00bbon|phone\u00bb locked=\u00bboff\u00bb inline_fonts=\u00bbABeeZee,Rubik\u00bb global_colors_info=\u00bb{}\u00bb]<\/p>\n<blockquote><\/blockquote>\n<p><span style=\"font-weight: normal; color: #000000; font-family: inherit; font-size: large;\">Es enero y hay que so\u00f1ar con campos.<\/span><\/p>\n<p><span style=\"color: #000000; font-family: inherit; font-weight: normal; font-size: large;\">\u00a0<\/span><\/p>\n<h1><span style=\"font-size: xx-large;\"><strong><span style=\"color: #000000; font-family: inherit;\">I.<\/span><\/strong><\/span><\/h1>\n<p><span style=\"font-weight: normal; color: #000000; font-family: inherit; font-size: large;\"><\/span><\/p>\n<p><span style=\"font-weight: normal; color: #000000; font-family: inherit; font-size: large;\">Hablar de enero, al menos en nuestro hemisferio, es hablar de calores agobiantes, h\u00famedos y espesos. Es hablar de vacaciones y su tiempo exasperante, lento. De las calles vac\u00edas de Buenos Aires, de la macabra estaci\u00f3n de Retiro, de parrillas encendidas iluminadas por el sol, del descubrimiento de un corte de luz en mitad de la noche, de las notas de color en una televisi\u00f3n que nadie mira en alg\u00fan bar de viejxs.\u00a0<\/span><\/p>\n<p><span style=\"font-weight: normal; color: #000000; font-family: inherit; font-size: large;\"><\/span><\/p>\n<p><span style=\"font-weight: normal; color: #000000; font-family: inherit; font-size: large;\">Se inicia una serie de asociaciones libres: vacaciones, libertad, infancia, viajes, lejan\u00eda, ma\u00f1anas, apertura. Hay algo fant\u00e1stico, o fantasioso, acerca del verano y su soberan\u00eda.\u00a0<\/span><\/p>\n<p><span style=\"font-weight: normal; color: #000000; font-family: inherit; font-size: large;\"><\/span><\/p>\n<p><span style=\"font-weight: normal; color: #000000; font-family: inherit; font-size: large;\">La infancia es un reino, es un terreno sobre el que se reina. Es el despertar como proceso: representa el tiempo extendido entre la somnolencia plena y la conciencia, los minutos robados a la vigilia y a la noche, la otra mitad del insomnio. Contiene, entonces, una dial\u00e9ctica precisa de la libertad, que enfrenta la posibilidad infinita (pero subordinada) del so\u00f1ar con el albedr\u00edo del mundo despierto.<\/span><\/p>\n<p><span style=\"font-weight: normal; color: #000000; font-family: inherit; font-size: large;\"><\/span><\/p>\n<p><span style=\"font-weight: normal; color: #000000; font-family: inherit; font-size: large;\"><\/span><\/p>\n<p><span style=\"font-weight: normal; color: #000000; font-family: inherit; font-size: large;\"><\/span><\/p>\n<p><span style=\"font-weight: 400;\"><\/span><\/p>\n<p>[\/et_pb_text][et_pb_image src=\u00bbhttps:\/\/urbe.com.ar\/revista\/wp-content\/uploads\/2023\/01\/Screenshot_60.png\u00bb title_text=\u00bbScreenshot_60&#8243; _builder_version=\u00bb4.18.0&#8243; _module_preset=\u00bbdefault\u00bb global_colors_info=\u00bb{}\u00bb][\/et_pb_image][et_pb_text _builder_version=\u00bb4.18.0&#8243; text_text_color=\u00bb#000000&#8243; text_font_size=\u00bb17px\u00bb text_line_height=\u00bb1.5em\u00bb custom_margin=\u00bb2%|0%|2%|0%|true|true\u00bb custom_padding=\u00bb||0px|||\u00bb text_font_size_tablet=\u00bb17px\u00bb text_font_size_phone=\u00bb16px\u00bb text_font_size_last_edited=\u00bbon|phone\u00bb locked=\u00bboff\u00bb inline_fonts=\u00bbABeeZee,Rubik\u00bb global_colors_info=\u00bb{}\u00bb]<\/p>\n<blockquote><\/blockquote>\n<p><span style=\"font-size: xx-large;\"><strong><span style=\"color: #000000; font-family: inherit;\">II.<\/span><\/strong><\/span><\/p>\n<p><span style=\"font-weight: normal; color: #000000; font-family: inherit; font-size: large;\"><\/span><\/p>\n<p><span style=\"font-weight: normal; color: #000000; font-family: inherit; font-size: large;\">Estos caminos enrevesados conducen a la tierra f\u00e9rtil de las met\u00e1foras pol\u00edticas. La infancia de la humanidad. El sue\u00f1o de la revoluci\u00f3n. El nuevo despertar de la sociedad.<\/span><\/p>\n<p><span style=\"color: #000000; font-family: inherit; font-weight: normal; font-size: large;\"><\/span><\/p>\n<p><span style=\"color: #000000; font-family: inherit; font-weight: normal; font-size: large;\">Para Hannah Arendt este es el significado de la revoluci\u00f3n: volver a empezar de nuevo. Recomenzar, como si fuera de cero, como si fuera una <i>tabula rasa<\/i>, como si el pasado no acechara. Sale el sol como si la noche no hubiera ocurrido, es decir, como si no fuera a volver a ocurrir.<\/span><\/p>\n<p><span style=\"font-weight: normal; color: #000000; font-family: inherit; font-size: large;\"><\/span><\/p>\n<p><span style=\"font-weight: normal; color: #000000; font-family: inherit; font-size: large;\">A veces se abre un tiempo nuevo. Lo abrimos nosotros cuando nos creemos este \u201ccomo s\u00ed\u201d, y entonces volvemos a empezar, como si fu\u00e9ramos chicxs. El tiempo de las revoluciones es un choque sangriento, plagado de conspiraciones, traiciones, intereses contrapuestos, nuevos nombres y lenguajes, viejos personajes que vuelven a entrar a escena. Pero a veces triunfan, y volvemos a empezar. Y entonces qu\u00e9.<\/span><\/p>\n<p><span style=\"font-weight: normal; color: #000000; font-family: inherit; font-size: large;\"><\/span><\/p>\n<p><span style=\"font-weight: normal; color: #000000; font-family: inherit; font-size: large;\">Entonces el tiempo de los campos.<\/span><\/p>\n<p><span style=\"font-weight: normal; color: #000000; font-family: inherit; font-size: large;\"><\/span><\/p>\n<p><span style=\"font-weight: normal; color: #000000; font-family: inherit; font-size: large;\"><\/span><\/p>\n<p><span style=\"font-weight: 400;\"><\/span><\/p>\n<p>[\/et_pb_text][et_pb_image src=\u00bbhttps:\/\/urbe.com.ar\/revista\/wp-content\/uploads\/2023\/01\/Screenshot_61.png\u00bb title_text=\u00bbScreenshot_61&#8243; _builder_version=\u00bb4.18.0&#8243; _module_preset=\u00bbdefault\u00bb global_colors_info=\u00bb{}\u00bb][\/et_pb_image][et_pb_text _builder_version=\u00bb4.18.0&#8243; text_text_color=\u00bb#000000&#8243; text_font_size=\u00bb17px\u00bb text_line_height=\u00bb1.5em\u00bb custom_margin=\u00bb2%|0%|2%|0%|true|true\u00bb custom_padding=\u00bb||0px|||\u00bb text_font_size_tablet=\u00bb17px\u00bb text_font_size_phone=\u00bb16px\u00bb text_font_size_last_edited=\u00bbon|phone\u00bb locked=\u00bboff\u00bb inline_fonts=\u00bbABeeZee,Rubik\u00bb global_colors_info=\u00bb{}\u00bb]<\/p>\n<blockquote><\/blockquote>\n<p><span style=\"font-size: xx-large;\"><strong><span style=\"color: #000000; font-family: inherit;\">III.<\/span><\/strong><\/span><\/p>\n<p><span style=\"color: #000000; font-family: inherit; font-weight: normal; font-size: large;\">Listado incompleto y desordenado de libros sobre campos, huertos, cultivos, jardines: <i>Anhelo de Ra\u00edces<\/i>, de May Sarton; <i>Los Llanos<\/i>, de Federico Falco; <i>Tiempo sin Lluvia<\/i>, de Cynan Jones; partes de <i>El Limonero Real<\/i>, <i>El Entenado<\/i> y <i>La Grande,<\/i> de Juan Jos\u00e9 Saer; <i>Of Mice and Men <\/i>\u00a0y <i>The Grapes of Wrath<\/i>, de John Steinbeck; <i>Hay Que Matar<\/i>, de Andr\u00e9s Rivera, y tambi\u00e9n partes de <i>El Farmer <\/i>y <i>Ese Manco Paz<\/i>; <i>La Lluvia Amarilla<\/i>, de Julio Llamazares; saliendo de la ficci\u00f3n <i>Radiograf\u00eda de la Pampa<\/i>, de Ezequiel Mart\u00ednez Estrada; <i>Puerca Tierra<\/i>, de John Berger; a su manera, <i>Rebeli\u00f3n en la Granja<\/i>, de George Orwell; <i>La caba\u00f1a del t\u00edo Tom<\/i>, de Harriet Beecher Stowe; muchos de los <i>Cuentos Ucranianos<\/i> de Nikol\u00e1i Gogol; sumo y sigo.<\/span><\/p>\n<p><span style=\"font-weight: 400;\"><\/span><\/p>\n<p>[\/et_pb_text][et_pb_image src=\u00bbhttps:\/\/urbe.com.ar\/revista\/wp-content\/uploads\/2023\/01\/Screenshot_62.png\u00bb title_text=\u00bbScreenshot_62&#8243; _builder_version=\u00bb4.18.0&#8243; _module_preset=\u00bbdefault\u00bb global_colors_info=\u00bb{}\u00bb][\/et_pb_image][et_pb_text _builder_version=\u00bb4.18.0&#8243; text_text_color=\u00bb#000000&#8243; text_font_size=\u00bb17px\u00bb text_line_height=\u00bb1.5em\u00bb custom_margin=\u00bb2%|0%|2%|0%|true|true\u00bb custom_padding=\u00bb||0px|||\u00bb text_font_size_tablet=\u00bb17px\u00bb text_font_size_phone=\u00bb16px\u00bb text_font_size_last_edited=\u00bbon|phone\u00bb locked=\u00bboff\u00bb inline_fonts=\u00bbABeeZee,Rubik\u00bb global_colors_info=\u00bb{}\u00bb]<\/p>\n<blockquote><\/blockquote>\n<p><span style=\"font-size: xx-large;\"><strong><span style=\"color: #000000; font-family: inherit;\">IV.<\/span><\/strong><\/span><\/p>\n<p><span style=\"font-weight: normal; color: #000000; font-family: inherit; font-size: large;\"><\/span><\/p>\n<p><span style=\"font-weight: normal; color: #000000; font-family: inherit; font-size: large;\">Dec\u00eda que es enero y hay que so\u00f1ar con campos. \u201cHay que\u201d no como orden, sino como necesidad.<\/span><\/p>\n<p><span style=\"font-weight: normal; color: #000000; font-family: inherit; font-size: large;\"><\/span><\/p>\n<p><span style=\"font-weight: normal; color: #000000; font-family: inherit; font-size: large;\">Karl Marx dedic\u00f3 millones de p\u00e1ginas a una anal\u00edtica rigurosa del capitalismo, su configuraci\u00f3n hist\u00f3rica, su funcionamiento pol\u00edtico; a los otros modos de producci\u00f3n previos o coexistentes; a la dial\u00e9ctica de las relaciones de producci\u00f3n y de propiedad; a las m\u00e1quinas; a las clases, su surgimiento y su final; a las revoluciones, finalmente, la habidas y las por venir.\u00a0<\/span><\/p>\n<p><span style=\"font-weight: normal; color: #000000; font-family: inherit; font-size: large;\"><\/span><\/p>\n<p><span style=\"font-weight: normal; color: #000000; font-family: inherit; font-size: large;\">Pero en pocos lugares colapsa su escritura como lo hace cuando se ve obligado a describir la sociedad comunista del futuro. En esas p\u00e1ginas, al igual que en aquellas donde se refiere al comunismo primitivo, es enero y Marx sue\u00f1a con campos. El reino de la libertad, de la emancipaci\u00f3n, del reencuentro del hombre con su plenitud, es una granja. Modo de producci\u00f3n pastoril. Materialismo buc\u00f3lico.<\/span><\/p>\n<p><span style=\"font-weight: normal; color: #000000; font-family: inherit; font-size: large;\"><\/span><\/p>\n<p><span style=\"font-weight: normal; color: #000000; font-family: inherit; font-size: large;\">Cuando alguien sue\u00f1a, al menos en nuestro hemisferio, sue\u00f1a con campos. Todas las utop\u00edas de Occidente han sido agrestes, desde la de Tom\u00e1s Moro, pasando por Saint-Simon o Fourier, hasta la ciencia ficci\u00f3n especulativa contempor\u00e1nea. Cuando quiere volver a empezar, el ser humano piensa en el jard\u00edn del Ed\u00e9n. El enero de la historia.<\/span><\/p>\n<p><span style=\"font-weight: normal; color: #000000; font-family: inherit; font-size: large;\"><\/span><\/p>\n<p><span style=\"font-weight: normal; color: #000000; font-family: inherit; font-size: large;\"><\/span><\/p>\n<p><span style=\"font-weight: 400;\"><\/span><\/p>\n<p>[\/et_pb_text][et_pb_image src=\u00bbhttps:\/\/urbe.com.ar\/revista\/wp-content\/uploads\/2022\/03\/DKS_600x600_CUBO-3D-01.png\u00bb alt=\u00bbYPF\u00bb url=\u00bbhttps:\/\/www.ypf.com\/Paginas\/home.aspx\u00bb url_new_window=\u00bbon\u00bb disabled_on=\u00bboff|on|on\u00bb _builder_version=\u00bb4.18.0&#8243; _module_preset=\u00bbdefault\u00bb min_height=\u00bb248.1px\u00bb custom_margin=\u00bb14.3%||14.3%||true|false\u00bb custom_padding=\u00bb||50px|||\u00bb global_module=\u00bb5777&#8243; global_colors_info=\u00bb{}\u00bb][\/et_pb_image][et_pb_image src=\u00bbhttps:\/\/urbe.com.ar\/revista\/wp-content\/uploads\/2023\/01\/Screenshot_63.png\u00bb title_text=\u00bbScreenshot_63&#8243; _builder_version=\u00bb4.18.0&#8243; _module_preset=\u00bbdefault\u00bb global_colors_info=\u00bb{}\u00bb][\/et_pb_image][et_pb_text _builder_version=\u00bb4.18.0&#8243; text_text_color=\u00bb#000000&#8243; text_font_size=\u00bb17px\u00bb text_line_height=\u00bb1.5em\u00bb custom_margin=\u00bb2%|0%|2%|0%|true|true\u00bb custom_padding=\u00bb||0px|||\u00bb text_font_size_tablet=\u00bb17px\u00bb text_font_size_phone=\u00bb16px\u00bb text_font_size_last_edited=\u00bbon|phone\u00bb locked=\u00bboff\u00bb inline_fonts=\u00bbABeeZee,Rubik\u00bb global_colors_info=\u00bb{}\u00bb]<\/p>\n<blockquote><\/blockquote>\n<p><span style=\"font-size: xx-large;\"><strong><span style=\"color: #000000; font-family: inherit;\">V.<\/span><\/strong><\/span><\/p>\n<p><span style=\"font-weight: normal; color: #000000; font-family: inherit; font-size: large;\"><\/span><\/p>\n<p><span style=\"font-weight: normal; color: #000000; font-family: inherit; font-size: large;\">La reconciliaci\u00f3n. La reafirmaci\u00f3n del imperio de la cultura sobre la naturaleza. La resignaci\u00f3n al poder\u00edo de la naturaleza sobre el hombre. Los ciclos. Estar ah\u00ed, afuera. Las contingencias de la tierra que imponen sus trazos particulares sobre el geo-dise\u00f1o de la horticultura. Los ciclos. El clima y su inclemencia. El encuentro con el vac\u00edo. Hacer algo con las manos. Ver a algo crecer. Los ciclos. El verano que se termina. Trabajar. Las actividades pautadas por lo exterior. El hambre.<\/span><\/p>\n<p><span style=\"font-weight: normal; color: #000000; font-family: inherit; font-size: large;\"><\/span><\/p>\n<p><span style=\"font-weight: normal; color: #000000; font-family: inherit; font-size: large;\"><\/span><\/p>\n<p><span style=\"font-weight: normal; color: #000000; font-family: inherit; font-size: large;\"><\/span><\/p>\n<p><span style=\"font-weight: 400;\"><\/span><\/p>\n<p>[\/et_pb_text][et_pb_image src=\u00bbhttps:\/\/urbe.com.ar\/revista\/wp-content\/uploads\/2023\/01\/Screenshot_64.png\u00bb title_text=\u00bbScreenshot_64&#8243; _builder_version=\u00bb4.18.0&#8243; _module_preset=\u00bbdefault\u00bb global_colors_info=\u00bb{}\u00bb][\/et_pb_image][et_pb_text _builder_version=\u00bb4.18.0&#8243; text_text_color=\u00bb#000000&#8243; text_font_size=\u00bb17px\u00bb text_line_height=\u00bb1.5em\u00bb custom_margin=\u00bb2%|0%|2%|0%|true|true\u00bb custom_padding=\u00bb||0px|||\u00bb text_font_size_tablet=\u00bb17px\u00bb text_font_size_phone=\u00bb16px\u00bb text_font_size_last_edited=\u00bbon|phone\u00bb locked=\u00bboff\u00bb inline_fonts=\u00bbABeeZee,Rubik\u00bb global_colors_info=\u00bb{}\u00bb]<\/p>\n<blockquote><\/blockquote>\n<p><span style=\"font-weight: normal; color: #000000; font-family: inherit; font-size: large;\"><\/span><\/p>\n<p><strong style=\"font-size: xx-large;\"><span style=\"font-family: inherit;\">VI.<\/span><\/strong><span style=\"font-weight: normal; color: #000000; font-family: inherit; font-size: large;\"><\/span><\/p>\n<p><span style=\"color: #000000; font-family: inherit; font-weight: normal; font-size: large;\"><\/span><\/p>\n<p><span style=\"color: #000000; font-family: inherit; font-weight: normal; font-size: large;\">Dice Ricardo Piglia que en <i>El Quijote<\/i>, en el inicio de la novela en castellano, en el enero de nuestra literatura, se inicia una tradici\u00f3n que define al narrador de la novela desde aquel entonces: su postura de distancia ir\u00f3nica con los hechos narrados. El narrador del <i>Quijote<\/i> sabe que lo que est\u00e1 ocurriendo es una parodia deconstructiva (casi cinco siglos <i>avant la lettre<\/i>) del g\u00e9nero literario de novelas caballerescas; comparte una mirada t\u00e1cita de complicidad con quien lee.<\/span><\/p>\n<p><span style=\"color: #000000; font-family: inherit; font-weight: normal; font-size: large;\"><\/span><\/p>\n<p><span style=\"color: #000000; font-family: inherit; font-weight: normal; font-size: large;\">Esa distancia se va agotando en las cien p\u00e1ginas finales del segundo tomo, cuando el caballero, vencido, queda <i>dislocado<\/i>, es decir, perdiendo su locura. El final del <i>Quijote<\/i> se lee como una carrera desesperada contra el tiempo: Don Quijote sabe que va a despertar, que el sue\u00f1o se termina, pero que necesita mantenerse en \u00e9l lo suficiente para regresar a su tierra. Y entonces, un \u00faltimo sue\u00f1o, un cambio de g\u00e9nero: la caballeresca es cambiada por el pastoril. El \u00faltimo sue\u00f1o, cuando la aventura que prendi\u00f3 fuego al mundo se acaba, cuando la revoluci\u00f3n ha terminado, es ser pastor.<\/span><\/p>\n<p><span style=\"font-weight: 400;\"><\/span><\/p>\n<p>[\/et_pb_text][et_pb_image src=\u00bbhttps:\/\/urbe.com.ar\/revista\/wp-content\/uploads\/2023\/01\/Screenshot_65.png\u00bb title_text=\u00bbScreenshot_65&#8243; _builder_version=\u00bb4.18.0&#8243; _module_preset=\u00bbdefault\u00bb hover_enabled=\u00bb0&#8243; global_colors_info=\u00bb{}\u00bb sticky_enabled=\u00bb0&#8243;][\/et_pb_image][et_pb_text _builder_version=\u00bb4.18.0&#8243; text_text_color=\u00bb#000000&#8243; text_font_size=\u00bb17px\u00bb text_line_height=\u00bb1.5em\u00bb custom_margin=\u00bb2%|0%|2%|0%|true|true\u00bb custom_padding=\u00bb||0px|||\u00bb text_font_size_tablet=\u00bb17px\u00bb text_font_size_phone=\u00bb16px\u00bb text_font_size_last_edited=\u00bbon|phone\u00bb locked=\u00bboff\u00bb inline_fonts=\u00bbABeeZee,Rubik\u00bb global_colors_info=\u00bb{}\u00bb]<\/p>\n<blockquote><\/blockquote>\n<p><span style=\"font-size: xx-large;\"><strong><span style=\"color: #000000; font-family: inherit;\">VII.<\/span><\/strong><\/span><\/p>\n<p><span style=\"font-weight: normal; color: #000000; font-family: inherit; font-size: large;\"><\/span><\/p>\n<p><span style=\"font-weight: normal; color: #000000; font-family: inherit; font-size: large;\">Volv\u00eda a decir que es enero y hay que so\u00f1ar con campos.<\/span><\/p>\n<p><span style=\"font-weight: normal; color: #000000; font-family: inherit; font-size: large;\"><\/span><\/p>\n<p><span style=\"font-weight: normal; color: #000000; font-family: inherit; font-size: large;\">\u00bfQu\u00e9 color tiene la tierra de los campos de tus sue\u00f1os? \u00bfEs seca y yerma, roja y chirle, oscura y s\u00f3lida? \u00bfSe puede sembrar, cosechar, volver a sembrar?<\/span><\/p>\n<p><span style=\"font-weight: normal; color: #000000; font-family: inherit; font-size: large;\"><\/span><\/p>\n<p><span style=\"font-weight: normal; color: #000000; font-family: inherit; font-size: large;\">David Hume dice que no hay ninguna raz\u00f3n para suponer que ma\u00f1ana el sol volver\u00e1 a salir. Que el \u00fanico argumento que podemos presentarle a la noche es la evidencia de que el sol siempre ha salido antes, y que esa prueba no es suficiente. Por eso hay que so\u00f1ar, y por eso los sue\u00f1os se llenan de ciclos, de soles que se ponen y vuelven a salir.\u00a0<\/span><\/p>\n<p><span style=\"color: #000000; font-family: inherit; font-weight: normal; font-size: large;\"><\/span><\/p>\n<p><span style=\"color: #000000; font-family: inherit; font-weight: normal; font-size: large;\">Aunque ahora, cuando le\u00e9s esta nota, es enero, tambi\u00e9n <i>ahora<\/i>, cuando la estoy escribiendo, es diciembre, y a\u00fan as\u00ed me sit\u00fao sin dudarlo en el futuro ficcional del mes que viene. Sue\u00f1o que es enero y hay que so\u00f1ar con campos.<\/span><\/p>\n<p><span style=\"font-weight: 400;\"><\/span><\/p>\n<p>[\/et_pb_text][et_pb_text _builder_version=\u00bb4.18.0&#8243; _module_preset=\u00bbdefault\u00bb text_text_color=\u00bb#272727&#8243; background_color=\u00bb#f2f2f2&#8243; custom_margin=\u00bb112px|||||\u00bb custom_padding=\u00bb14px|14px|14px|14px|true|true\u00bb global_colors_info=\u00bb{}\u00bb theme_builder_area=\u00bbpost_content\u00bb]<span style=\"font-size: large;\"><strong>Dante Sabatto<\/strong><\/span><\/p>\n<p>\u00bfTe gust\u00f3 la nota? Seguilo en sus redes &#x1f447;<\/p>\n<p><a href=\"https:\/\/twitter.com\/dante_sabatto\/\">@dante_sabatto<\/a> <a href=\"https:\/\/www.instagram.com\/dante_sabatto\/\">@dante_sabatto<\/a>[\/et_pb_text][et_pb_image src=\u00bbhttps:\/\/urbe.com.ar\/revista\/wp-content\/uploads\/2021\/05\/PaginaWeb_DivisorArtificios-1.png\u00bb title_text=\u00bbP\u00e1ginaWeb_DivisorCultura\u00bb align=\u00bbcenter\u00bb _builder_version=\u00bb4.18.0&#8243; _module_preset=\u00bbdefault\u00bb custom_margin=\u00bb111px|||||\u00bb global_colors_info=\u00bb{}\u00bb][\/et_pb_image][\/et_pb_column_inner][\/et_pb_row_inner][\/et_pb_column][et_pb_column type=\u00bb1_3&#8243; _builder_version=\u00bb4.16&#8243; custom_padding=\u00bb|||\u00bb global_colors_info=\u00bb{}\u00bb custom_padding__hover=\u00bb|||\u00bb][et_pb_image src=\u00bbhttps:\/\/urbe.com.ar\/revista\/wp-content\/uploads\/2022\/03\/DKS_600x600_CUBO-3D-01.png\u00bb alt=\u00bbYPF\u00bb title_text=\u00bbypf\u00bb url=\u00bbhttps:\/\/www.ypf.com\/Paginas\/home.aspx\u00bb url_new_window=\u00bbon\u00bb align=\u00bbcenter\u00bb disabled_on=\u00bbon|on|off\u00bb _builder_version=\u00bb4.18.0&#8243; custom_margin=\u00bb||20%|0%|false|false\u00bb global_module=\u00bb5784&#8243; saved_tabs=\u00bball\u00bb global_colors_info=\u00bb{}\u00bb src__hover_enabled=\u00bboff|desktop\u00bb src__hover=\u00bbhttps:\/\/urbe.com.ar\/revista\/wp-content\/uploads\/2021\/05\/PicsArt_05-28-11.17.58.png\u00bb][\/et_pb_image][et_pb_blog fullwidth=\u00bboff\u00bb posts_number=\u00bb9&#8243; include_categories=\u00bb7,11,8,9,10&#8243; meta_date=\u00bbj M,Y\u00bb use_manual_excerpt=\u00bboff\u00bb excerpt_length=\u00bb80&#8243; show_author=\u00bboff\u00bb show_categories=\u00bboff\u00bb show_pagination=\u00bboff\u00bb masonry_tile_background_color=\u00bb#FFFFFF\u00bb disabled_on=\u00bbon|off|off\u00bb module_class=\u00bbpa-blog \u00bb _builder_version=\u00bb4.18.0&#8243; header_font=\u00bb|700|||||||\u00bb header_text_color=\u00bb#FFFFFF\u00bb header_font_size=\u00bb20px\u00bb body_font=\u00bb|600|||||||\u00bb body_text_color=\u00bb#FFFFFF\u00bb meta_text_color=\u00bb#FFFFFF\u00bb read_more_text_color=\u00bb#FFFFFF\u00bb background_color=\u00bb#FFFFFF\u00bb custom_margin=\u00bb-9%||1%||false|false\u00bb custom_margin_tablet=\u00bb0%||||false|false\u00bb custom_margin_phone=\u00bb\u00bb custom_margin_last_edited=\u00bbon|desktop\u00bb custom_padding=\u00bb||0px|||\u00bb header_text_shadow_style=\u00bbpreset3&#8243; header_text_shadow_color=\u00bb#000000&#8243; body_text_shadow_style=\u00bbpreset3&#8243; body_text_shadow_color=\u00bb#000000&#8243; meta_text_shadow_style=\u00bbpreset3&#8243; meta_text_shadow_color=\u00bb#000000&#8243; border_color_all_image=\u00bb#FFFFFF\u00bb border_width_top_image=\u00bb2px\u00bb text_shadow_style=\u00bbpreset3&#8243; text_shadow_blur_strength=\u00bb0.54em\u00bb text_shadow_color=\u00bb#000000&#8243; global_colors_info=\u00bb{}\u00bb][\/et_pb_blog][et_pb_code _builder_version=\u00bb4.16&#8243; _module_preset=\u00bbdefault\u00bb global_colors_info=\u00bb{}\u00bb]<\/p>\n<style><!-- [et_pb_line_break_holder] -->  .pa-blog-text {<!-- [et_pb_line_break_holder] -->\tposition: absolute;<!-- [et_pb_line_break_holder] -->\ttop: 65%;<!-- [et_pb_line_break_holder] -->\tleft: 50%;<!-- [et_pb_line_break_holder] -->\ttransform: translate(-50%, -50%);<!-- [et_pb_line_break_holder] -->\twidth: 100%;<!-- [et_pb_line_break_holder] -->\tpadding: 20px;<!-- [et_pb_line_break_holder] -->\tz-index: 1;<!-- [et_pb_line_break_holder] -->}<!-- [et_pb_line_break_holder] --><!-- [et_pb_line_break_holder] --><!-- [et_pb_line_break_holder] -->\/*keep the moved items positioned with their parent items*\/<!-- [et_pb_line_break_holder] --><!-- [et_pb_line_break_holder] -->.et_pb_blog_grid article {<!-- [et_pb_line_break_holder] -->\tposition: relative;<!-- [et_pb_line_break_holder] --> <!-- [et_pb_line_break_holder] -->}<!-- [et_pb_line_break_holder] --><!-- [et_pb_line_break_holder] --><!-- [et_pb_line_break_holder] -->\/*remove spacing around entire blog post*\/<!-- [et_pb_line_break_holder] --><!-- [et_pb_line_break_holder] -->.et_pb_blog_grid .et_pb_post {<!-- [et_pb_line_break_holder] -->\tpadding: 0px;<!-- [et_pb_line_break_holder] -->}<!-- [et_pb_line_break_holder] --><!-- [et_pb_line_break_holder] --><!-- [et_pb_line_break_holder] -->\/*remove negative margins on blog featured image*\/<!-- [et_pb_line_break_holder] --><!-- [et_pb_line_break_holder] -->.et_pb_image_container {<!-- [et_pb_line_break_holder] -->\tmargin: 0;<!-- [et_pb_line_break_holder] -->}<!-- [et_pb_line_break_holder] --><!-- [et_pb_line_break_holder] --><!-- [et_pb_line_break_holder] -->\/*remove the margin below the featured image frame*\/<!-- [et_pb_line_break_holder] --><!-- [et_pb_line_break_holder] -->.et_pb_post .entry-featured-image-url {<!-- [et_pb_line_break_holder] -->\tmargin: 0;<!-- [et_pb_line_break_holder] -->}<!-- [et_pb_line_break_holder] --><!-- [et_pb_line_break_holder] --><!-- [et_pb_line_break_holder] --><!-- [et_pb_line_break_holder] -->.et_pb_blog_grid .entry-featured-image-url::before {<!-- [et_pb_line_break_holder] -->\tcontent: '';<!-- [et_pb_line_break_holder] -->\tposition: absolute;<!-- [et_pb_line_break_holder] -->\twidth: 100%;<!-- [et_pb_line_break_holder] -->\theight: 100%;<!-- [et_pb_line_break_holder] -->  overflow:hidden;<!-- [et_pb_line_break_holder] -->\tbackground-color: rgba(0, 0, 0, 0.25);<!-- [et_pb_line_break_holder] -->}<!-- [et_pb_line_break_holder] --><\/style>\n<p>[\/et_pb_code][et_pb_code _builder_version=\u00bb4.16&#8243; global_colors_info=\u00bb{}\u00bb][\/et_pb_code][\/et_pb_column][\/et_pb_section][et_pb_section fb_built=\u00bb1&#8243; _builder_version=\u00bb4.16&#8243; background_enable_color=\u00bboff\u00bb custom_padding=\u00bb0px||0px|||\u00bb global_colors_info=\u00bb{}\u00bb][et_pb_row column_structure=\u00bb1_3,1_3,1_3&#8243; use_custom_gutter=\u00bbon\u00bb _builder_version=\u00bb4.16&#8243; background_color=\u00bb#033332&#8243; global_colors_info=\u00bb{}\u00bb][et_pb_column type=\u00bb1_3&#8243; _builder_version=\u00bb4.16&#8243; global_colors_info=\u00bb{}\u00bb][et_pb_text _builder_version=\u00bb4.18.0&#8243; text_text_color=\u00bb#FFFFFF\u00bb text_font_size=\u00bb15px\u00bb text_line_height=\u00bb1.3em\u00bb header_text_color=\u00bb#FFFFFF\u00bb header_font_size=\u00bb15px\u00bb custom_margin=\u00bb|||10%|false|false\u00bb global_colors_info=\u00bb{}\u00bb]<\/p>\n<h1><b>SECCIONES<\/b><\/h1>\n<p><a style=\"color: white;\" href=\"https:\/\/urbe.com.ar\/revista\/urbe\">Urbe<\/a><\/p>\n<p><a style=\"color: white;\" href=\"https:\/\/urbe.com.ar\/revista\/artificios\">Artificios<\/a><\/p>\n<p><a style=\"color: white;\" href=\"https:\/\/urbe.com.ar\/revista\/cultura\">Cultura<\/a><\/p>\n<p><a style=\"color: white;\" href=\"https:\/\/urbe.com.ar\/revista\/opinion\">Opini\u00f3n<\/a>[\/et_pb_text][et_pb_image src=\u00bbhttps:\/\/urbe.com.ar\/revista\/wp-content\/uploads\/2022\/05\/Logo-Mecenazgo-2019-1.png\u00bb alt=\u00bbLogo  mecenazgo\u00bb align=\u00bbcenter\u00bb _builder_version=\u00bb4.17.4&#8243; _module_preset=\u00bbdefault\u00bb custom_padding=\u00bb2%|3%|2%|10%|true|false\u00bb global_colors_info=\u00bb{}\u00bb][\/et_pb_image][\/et_pb_column][et_pb_column type=\u00bb1_3&#8243; _builder_version=\u00bb4.16&#8243; custom_padding=\u00bb||||false|false\u00bb global_colors_info=\u00bb{}\u00bb][et_pb_text _builder_version=\u00bb4.16&#8243; text_text_color=\u00bb#FFFFFF\u00bb text_font_size=\u00bb15px\u00bb header_text_color=\u00bb#FFFFFF\u00bb header_font_size=\u00bb15px\u00bb custom_margin=\u00bb|||10%|false|false\u00bb global_colors_info=\u00bb{}\u00bb]<\/p>\n<h1>CONTACTO<\/h1>\n<p>revista@urbe.com.ar<\/p>\n<p>[\/et_pb_text][et_pb_signup mailchimp_list=\u00bb818d09b04f\u00bb last_name_field=\u00bboff\u00bb success_message=\u00bbGracias por suscribirte!\u00bb title=\u00bbSUSCRIBITE\u00bb button_text=\u00bbsuscribirse\u00bb _builder_version=\u00bb4.16&#8243; header_level=\u00bbh1&#8243; header_font_size=\u00bb15px\u00bb header_line_height=\u00bb1.2em\u00bb body_text_align=\u00bbleft\u00bb result_message_text_align=\u00bbleft\u00bb result_message_font_size=\u00bb15px\u00bb background_enable_color=\u00bboff\u00bb use_background_color=\u00bboff\u00bb custom_button=\u00bbon\u00bb button_text_size=\u00bb20px\u00bb button_text_color=\u00bb#009fad\u00bb button_bg_color=\u00bb#a4e3e9&#8243; button_border_width=\u00bb0px\u00bb button_border_radius=\u00bb0px\u00bb max_width=\u00bb55%\u00bb custom_margin=\u00bb10%|||10%|false|false\u00bb border_radii_fields=\u00bbon|0px|0px|0px|0px\u00bb global_colors_info=\u00bb{}\u00bb][\/et_pb_signup][\/et_pb_column][et_pb_column type=\u00bb1_3&#8243; _builder_version=\u00bb4.16&#8243; global_colors_info=\u00bb{}\u00bb][et_pb_text _builder_version=\u00bb4.16&#8243; text_text_color=\u00bb#FFFFFF\u00bb header_text_color=\u00bb#FFFFFF\u00bb custom_margin=\u00bb|||10%|false|false\u00bb global_colors_info=\u00bb{}\u00bb]<\/p>\n<h1>LINKS<\/h1>\n<p><a style=\"color: inherit\"  href=\"https:\/\/filfem.com.ar\">filfem.com.ar<\/a><\/p>\n<p ><a style=\"color: inherit\" href=\"https:\/\/urbe.com.ar\/wp\">urbe.com.ar <\/a><\/p>\n<p>[\/et_pb_text][et_pb_social_media_follow _builder_version=\u00bb4.16&#8243; custom_margin=\u00bb10%|||10%|false|false\u00bb global_colors_info=\u00bb{}\u00bb][et_pb_social_media_follow_network social_network=\u00bbinstagram\u00bb url=\u00bbhttps:\/\/www.instagram.com\/revistaurbe\/?igshid=osawef034cfi\u00bb icon_color=\u00bb#033332&#8243; _builder_version=\u00bb4.16&#8243; background_color=\u00bb#FFFFFF\u00bb background_enable_color=\u00bbon\u00bb border_radii=\u00bbon|25px|25px|25px|25px\u00bb global_colors_info=\u00bb{}\u00bb follow_button=\u00bboff\u00bb url_new_window=\u00bbon\u00bb]instagram[\/et_pb_social_media_follow_network][et_pb_social_media_follow_network social_network=\u00bbtwitter\u00bb url=\u00bbhttps:\/\/twitter.com\/Revistaurbe_?s=12&#8243; icon_color=\u00bb#033332&#8243; _builder_version=\u00bb4.16&#8243; background_color=\u00bb#FFFFFF\u00bb background_enable_color=\u00bbon\u00bb border_radii=\u00bbon|25px|25px|25px|25px\u00bb global_colors_info=\u00bb{}\u00bb follow_button=\u00bboff\u00bb url_new_window=\u00bbon\u00bb]twitter[\/et_pb_social_media_follow_network][\/et_pb_social_media_follow][et_pb_text disabled_on=\u00bbon|on|on\u00bb _builder_version=\u00bb4.16&#8243; custom_margin=\u00bb10%|||10%|false|false\u00bb disabled=\u00bbon\u00bb global_colors_info=\u00bb{}\u00bb]<img data-recalc-dims=\"1\" loading=\"lazy\" decoding=\"async\" src=\"https:\/\/i0.wp.com\/urbe.com.ar\/revista\/wp-content\/uploads\/2020\/07\/facebook-blanco.png?resize=35%2C35&#038;ssl=1\" width=\"35\" height=\"35\" alt=\"\" class=\"wp-image-10 alignleft size-full\" \/><img data-recalc-dims=\"1\" loading=\"lazy\" decoding=\"async\" src=\"https:\/\/i0.wp.com\/urbe.com.ar\/revista\/wp-content\/uploads\/2020\/07\/instagram-blanco.png?resize=35%2C35&#038;ssl=1\" width=\"35\" height=\"35\" alt=\"\" class=\"wp-image-11 alignleft size-full\" \/><img data-recalc-dims=\"1\" loading=\"lazy\" decoding=\"async\" src=\"https:\/\/i0.wp.com\/urbe.com.ar\/revista\/wp-content\/uploads\/2020\/07\/twitter.png?resize=35%2C35&#038;ssl=1\" width=\"35\" height=\"35\" alt=\"\" class=\"wp-image-12 alignnone size-full\" \/>[\/et_pb_text][\/et_pb_column][\/et_pb_row][\/et_pb_section]<\/p>\n","protected":false},"excerpt":{"rendered":"<p>Por <b>Dante Sabatto<\/b><\/p>\n","protected":false},"author":12,"featured_media":7034,"comment_status":"closed","ping_status":"closed","sticky":false,"template":"","format":"standard","meta":{"_et_pb_use_builder":"on","_et_pb_old_content":"","_et_gb_content_width":"1080","_jetpack_memberships_contains_paid_content":false,"footnotes":""},"categories":[33],"tags":[],"class_list":["post-7027","post","type-post","status-publish","format-standard","has-post-thumbnail","hentry","category-artificios-artificios"],"yoast_head":"<!-- This site is optimized with the Yoast SEO plugin v27.5 - https:\/\/yoast.com\/product\/yoast-seo-wordpress\/ -->\n<title>So\u00f1ar con campos - Revista Urbe<\/title>\n<meta name=\"robots\" content=\"index, follow, max-snippet:-1, max-image-preview:large, max-video-preview:-1\" \/>\n<link rel=\"canonical\" href=\"https:\/\/urbe.com.ar\/revista\/sonar-con-campos\/\" \/>\n<meta property=\"og:locale\" content=\"es_ES\" \/>\n<meta property=\"og:type\" content=\"article\" \/>\n<meta property=\"og:title\" content=\"So\u00f1ar con campos - Revista Urbe\" \/>\n<meta property=\"og:description\" content=\"Por Dante Sabatto\" \/>\n<meta property=\"og:url\" content=\"https:\/\/urbe.com.ar\/revista\/sonar-con-campos\/\" \/>\n<meta property=\"og:site_name\" content=\"Revista Urbe\" \/>\n<meta property=\"article:published_time\" content=\"2023-01-03T18:43:28+00:00\" \/>\n<meta property=\"article:modified_time\" content=\"2023-06-03T23:07:35+00:00\" \/>\n<meta property=\"og:image\" content=\"https:\/\/urbe.com.ar\/revista\/wp-content\/uploads\/2023\/01\/miniatura-1024x922.png\" \/>\n\t<meta property=\"og:image:width\" content=\"1024\" \/>\n\t<meta property=\"og:image:height\" content=\"922\" \/>\n\t<meta property=\"og:image:type\" content=\"image\/png\" \/>\n<meta name=\"author\" content=\"Dante Sabatto\" \/>\n<meta name=\"twitter:card\" content=\"summary_large_image\" \/>\n<meta name=\"twitter:creator\" content=\"@Revistaurbe_\" \/>\n<meta name=\"twitter:site\" content=\"@Revistaurbe_\" \/>\n<meta name=\"twitter:label1\" content=\"Escrito por\" \/>\n\t<meta name=\"twitter:data1\" content=\"Dante Sabatto\" \/>\n\t<meta name=\"twitter:label2\" content=\"Tiempo de lectura\" \/>\n\t<meta name=\"twitter:data2\" content=\"9 minutos\" \/>\n<script type=\"application\/ld+json\" class=\"yoast-schema-graph\">{\"@context\":\"https:\\\/\\\/schema.org\",\"@graph\":[{\"@type\":\"Article\",\"@id\":\"https:\\\/\\\/urbe.com.ar\\\/revista\\\/sonar-con-campos\\\/#article\",\"isPartOf\":{\"@id\":\"https:\\\/\\\/urbe.com.ar\\\/revista\\\/sonar-con-campos\\\/\"},\"author\":{\"name\":\"Dante Sabatto\",\"@id\":\"https:\\\/\\\/urbe.com.ar\\\/revista\\\/#\\\/schema\\\/person\\\/7d74fe34497d3bf56b8acdbaa3c3c465\"},\"headline\":\"So\u00f1ar con campos\",\"datePublished\":\"2023-01-03T18:43:28+00:00\",\"dateModified\":\"2023-06-03T23:07:35+00:00\",\"mainEntityOfPage\":{\"@id\":\"https:\\\/\\\/urbe.com.ar\\\/revista\\\/sonar-con-campos\\\/\"},\"wordCount\":3365,\"image\":{\"@id\":\"https:\\\/\\\/urbe.com.ar\\\/revista\\\/sonar-con-campos\\\/#primaryimage\"},\"thumbnailUrl\":\"https:\\\/\\\/i0.wp.com\\\/urbe.com.ar\\\/revista\\\/wp-content\\\/uploads\\\/2023\\\/01\\\/miniatura.png?fit=2551%2C2297&ssl=1\",\"articleSection\":[\"ARTIFICIOS\"],\"inLanguage\":\"es\"},{\"@type\":\"WebPage\",\"@id\":\"https:\\\/\\\/urbe.com.ar\\\/revista\\\/sonar-con-campos\\\/\",\"url\":\"https:\\\/\\\/urbe.com.ar\\\/revista\\\/sonar-con-campos\\\/\",\"name\":\"So\u00f1ar con campos - Revista Urbe\",\"isPartOf\":{\"@id\":\"https:\\\/\\\/urbe.com.ar\\\/revista\\\/#website\"},\"primaryImageOfPage\":{\"@id\":\"https:\\\/\\\/urbe.com.ar\\\/revista\\\/sonar-con-campos\\\/#primaryimage\"},\"image\":{\"@id\":\"https:\\\/\\\/urbe.com.ar\\\/revista\\\/sonar-con-campos\\\/#primaryimage\"},\"thumbnailUrl\":\"https:\\\/\\\/i0.wp.com\\\/urbe.com.ar\\\/revista\\\/wp-content\\\/uploads\\\/2023\\\/01\\\/miniatura.png?fit=2551%2C2297&ssl=1\",\"datePublished\":\"2023-01-03T18:43:28+00:00\",\"dateModified\":\"2023-06-03T23:07:35+00:00\",\"author\":{\"@id\":\"https:\\\/\\\/urbe.com.ar\\\/revista\\\/#\\\/schema\\\/person\\\/7d74fe34497d3bf56b8acdbaa3c3c465\"},\"breadcrumb\":{\"@id\":\"https:\\\/\\\/urbe.com.ar\\\/revista\\\/sonar-con-campos\\\/#breadcrumb\"},\"inLanguage\":\"es\",\"potentialAction\":[{\"@type\":\"ReadAction\",\"target\":[\"https:\\\/\\\/urbe.com.ar\\\/revista\\\/sonar-con-campos\\\/\"]}]},{\"@type\":\"ImageObject\",\"inLanguage\":\"es\",\"@id\":\"https:\\\/\\\/urbe.com.ar\\\/revista\\\/sonar-con-campos\\\/#primaryimage\",\"url\":\"https:\\\/\\\/i0.wp.com\\\/urbe.com.ar\\\/revista\\\/wp-content\\\/uploads\\\/2023\\\/01\\\/miniatura.png?fit=2551%2C2297&ssl=1\",\"contentUrl\":\"https:\\\/\\\/i0.wp.com\\\/urbe.com.ar\\\/revista\\\/wp-content\\\/uploads\\\/2023\\\/01\\\/miniatura.png?fit=2551%2C2297&ssl=1\",\"width\":2551,\"height\":2297},{\"@type\":\"BreadcrumbList\",\"@id\":\"https:\\\/\\\/urbe.com.ar\\\/revista\\\/sonar-con-campos\\\/#breadcrumb\",\"itemListElement\":[{\"@type\":\"ListItem\",\"position\":1,\"name\":\"Portada\",\"item\":\"https:\\\/\\\/urbe.com.ar\\\/revista\\\/\"},{\"@type\":\"ListItem\",\"position\":2,\"name\":\"So\u00f1ar con campos\"}]},{\"@type\":\"WebSite\",\"@id\":\"https:\\\/\\\/urbe.com.ar\\\/revista\\\/#website\",\"url\":\"https:\\\/\\\/urbe.com.ar\\\/revista\\\/\",\"name\":\"Revista Urbe\",\"description\":\"\",\"potentialAction\":[{\"@type\":\"SearchAction\",\"target\":{\"@type\":\"EntryPoint\",\"urlTemplate\":\"https:\\\/\\\/urbe.com.ar\\\/revista\\\/?s={search_term_string}\"},\"query-input\":{\"@type\":\"PropertyValueSpecification\",\"valueRequired\":true,\"valueName\":\"search_term_string\"}}],\"inLanguage\":\"es\"},{\"@type\":\"Person\",\"@id\":\"https:\\\/\\\/urbe.com.ar\\\/revista\\\/#\\\/schema\\\/person\\\/7d74fe34497d3bf56b8acdbaa3c3c465\",\"name\":\"Dante Sabatto\",\"image\":{\"@type\":\"ImageObject\",\"inLanguage\":\"es\",\"@id\":\"https:\\\/\\\/secure.gravatar.com\\\/avatar\\\/2077097869e17a262eb8d0e6f2f1895aac0bca61b8051a6673fcdb82c80c2378?s=96&d=mm&r=g\",\"url\":\"https:\\\/\\\/secure.gravatar.com\\\/avatar\\\/2077097869e17a262eb8d0e6f2f1895aac0bca61b8051a6673fcdb82c80c2378?s=96&d=mm&r=g\",\"contentUrl\":\"https:\\\/\\\/secure.gravatar.com\\\/avatar\\\/2077097869e17a262eb8d0e6f2f1895aac0bca61b8051a6673fcdb82c80c2378?s=96&d=mm&r=g\",\"caption\":\"Dante Sabatto\"},\"url\":\"https:\\\/\\\/urbe.com.ar\\\/revista\\\/author\\\/dante-sabatto\\\/\"}]}<\/script>\n<!-- \/ Yoast SEO plugin. -->","yoast_head_json":{"title":"So\u00f1ar con campos - Revista Urbe","robots":{"index":"index","follow":"follow","max-snippet":"max-snippet:-1","max-image-preview":"max-image-preview:large","max-video-preview":"max-video-preview:-1"},"canonical":"https:\/\/urbe.com.ar\/revista\/sonar-con-campos\/","og_locale":"es_ES","og_type":"article","og_title":"So\u00f1ar con campos - Revista Urbe","og_description":"Por Dante Sabatto","og_url":"https:\/\/urbe.com.ar\/revista\/sonar-con-campos\/","og_site_name":"Revista Urbe","article_published_time":"2023-01-03T18:43:28+00:00","article_modified_time":"2023-06-03T23:07:35+00:00","og_image":[{"width":1024,"height":922,"url":"https:\/\/urbe.com.ar\/revista\/wp-content\/uploads\/2023\/01\/miniatura-1024x922.png","type":"image\/png"}],"author":"Dante Sabatto","twitter_card":"summary_large_image","twitter_creator":"@Revistaurbe_","twitter_site":"@Revistaurbe_","twitter_misc":{"Escrito por":"Dante Sabatto","Tiempo de lectura":"9 minutos"},"schema":{"@context":"https:\/\/schema.org","@graph":[{"@type":"Article","@id":"https:\/\/urbe.com.ar\/revista\/sonar-con-campos\/#article","isPartOf":{"@id":"https:\/\/urbe.com.ar\/revista\/sonar-con-campos\/"},"author":{"name":"Dante Sabatto","@id":"https:\/\/urbe.com.ar\/revista\/#\/schema\/person\/7d74fe34497d3bf56b8acdbaa3c3c465"},"headline":"So\u00f1ar con campos","datePublished":"2023-01-03T18:43:28+00:00","dateModified":"2023-06-03T23:07:35+00:00","mainEntityOfPage":{"@id":"https:\/\/urbe.com.ar\/revista\/sonar-con-campos\/"},"wordCount":3365,"image":{"@id":"https:\/\/urbe.com.ar\/revista\/sonar-con-campos\/#primaryimage"},"thumbnailUrl":"https:\/\/i0.wp.com\/urbe.com.ar\/revista\/wp-content\/uploads\/2023\/01\/miniatura.png?fit=2551%2C2297&ssl=1","articleSection":["ARTIFICIOS"],"inLanguage":"es"},{"@type":"WebPage","@id":"https:\/\/urbe.com.ar\/revista\/sonar-con-campos\/","url":"https:\/\/urbe.com.ar\/revista\/sonar-con-campos\/","name":"So\u00f1ar con campos - Revista Urbe","isPartOf":{"@id":"https:\/\/urbe.com.ar\/revista\/#website"},"primaryImageOfPage":{"@id":"https:\/\/urbe.com.ar\/revista\/sonar-con-campos\/#primaryimage"},"image":{"@id":"https:\/\/urbe.com.ar\/revista\/sonar-con-campos\/#primaryimage"},"thumbnailUrl":"https:\/\/i0.wp.com\/urbe.com.ar\/revista\/wp-content\/uploads\/2023\/01\/miniatura.png?fit=2551%2C2297&ssl=1","datePublished":"2023-01-03T18:43:28+00:00","dateModified":"2023-06-03T23:07:35+00:00","author":{"@id":"https:\/\/urbe.com.ar\/revista\/#\/schema\/person\/7d74fe34497d3bf56b8acdbaa3c3c465"},"breadcrumb":{"@id":"https:\/\/urbe.com.ar\/revista\/sonar-con-campos\/#breadcrumb"},"inLanguage":"es","potentialAction":[{"@type":"ReadAction","target":["https:\/\/urbe.com.ar\/revista\/sonar-con-campos\/"]}]},{"@type":"ImageObject","inLanguage":"es","@id":"https:\/\/urbe.com.ar\/revista\/sonar-con-campos\/#primaryimage","url":"https:\/\/i0.wp.com\/urbe.com.ar\/revista\/wp-content\/uploads\/2023\/01\/miniatura.png?fit=2551%2C2297&ssl=1","contentUrl":"https:\/\/i0.wp.com\/urbe.com.ar\/revista\/wp-content\/uploads\/2023\/01\/miniatura.png?fit=2551%2C2297&ssl=1","width":2551,"height":2297},{"@type":"BreadcrumbList","@id":"https:\/\/urbe.com.ar\/revista\/sonar-con-campos\/#breadcrumb","itemListElement":[{"@type":"ListItem","position":1,"name":"Portada","item":"https:\/\/urbe.com.ar\/revista\/"},{"@type":"ListItem","position":2,"name":"So\u00f1ar con campos"}]},{"@type":"WebSite","@id":"https:\/\/urbe.com.ar\/revista\/#website","url":"https:\/\/urbe.com.ar\/revista\/","name":"Revista Urbe","description":"","potentialAction":[{"@type":"SearchAction","target":{"@type":"EntryPoint","urlTemplate":"https:\/\/urbe.com.ar\/revista\/?s={search_term_string}"},"query-input":{"@type":"PropertyValueSpecification","valueRequired":true,"valueName":"search_term_string"}}],"inLanguage":"es"},{"@type":"Person","@id":"https:\/\/urbe.com.ar\/revista\/#\/schema\/person\/7d74fe34497d3bf56b8acdbaa3c3c465","name":"Dante Sabatto","image":{"@type":"ImageObject","inLanguage":"es","@id":"https:\/\/secure.gravatar.com\/avatar\/2077097869e17a262eb8d0e6f2f1895aac0bca61b8051a6673fcdb82c80c2378?s=96&d=mm&r=g","url":"https:\/\/secure.gravatar.com\/avatar\/2077097869e17a262eb8d0e6f2f1895aac0bca61b8051a6673fcdb82c80c2378?s=96&d=mm&r=g","contentUrl":"https:\/\/secure.gravatar.com\/avatar\/2077097869e17a262eb8d0e6f2f1895aac0bca61b8051a6673fcdb82c80c2378?s=96&d=mm&r=g","caption":"Dante Sabatto"},"url":"https:\/\/urbe.com.ar\/revista\/author\/dante-sabatto\/"}]}},"jetpack_featured_media_url":"https:\/\/i0.wp.com\/urbe.com.ar\/revista\/wp-content\/uploads\/2023\/01\/miniatura.png?fit=2551%2C2297&ssl=1","jetpack_sharing_enabled":true,"_links":{"self":[{"href":"https:\/\/urbe.com.ar\/revista\/wp-json\/wp\/v2\/posts\/7027","targetHints":{"allow":["GET"]}}],"collection":[{"href":"https:\/\/urbe.com.ar\/revista\/wp-json\/wp\/v2\/posts"}],"about":[{"href":"https:\/\/urbe.com.ar\/revista\/wp-json\/wp\/v2\/types\/post"}],"author":[{"embeddable":true,"href":"https:\/\/urbe.com.ar\/revista\/wp-json\/wp\/v2\/users\/12"}],"replies":[{"embeddable":true,"href":"https:\/\/urbe.com.ar\/revista\/wp-json\/wp\/v2\/comments?post=7027"}],"version-history":[{"count":9,"href":"https:\/\/urbe.com.ar\/revista\/wp-json\/wp\/v2\/posts\/7027\/revisions"}],"predecessor-version":[{"id":7051,"href":"https:\/\/urbe.com.ar\/revista\/wp-json\/wp\/v2\/posts\/7027\/revisions\/7051"}],"wp:featuredmedia":[{"embeddable":true,"href":"https:\/\/urbe.com.ar\/revista\/wp-json\/wp\/v2\/media\/7034"}],"wp:attachment":[{"href":"https:\/\/urbe.com.ar\/revista\/wp-json\/wp\/v2\/media?parent=7027"}],"wp:term":[{"taxonomy":"category","embeddable":true,"href":"https:\/\/urbe.com.ar\/revista\/wp-json\/wp\/v2\/categories?post=7027"},{"taxonomy":"post_tag","embeddable":true,"href":"https:\/\/urbe.com.ar\/revista\/wp-json\/wp\/v2\/tags?post=7027"}],"curies":[{"name":"wp","href":"https:\/\/api.w.org\/{rel}","templated":true}]}}