{"id":6007,"date":"2022-05-14T14:20:20","date_gmt":"2022-05-14T14:20:20","guid":{"rendered":"https:\/\/urbe.com.ar\/revista\/?p=6007"},"modified":"2023-06-03T22:38:20","modified_gmt":"2023-06-03T22:38:20","slug":"la-razon-pesimista","status":"publish","type":"post","link":"https:\/\/urbe.com.ar\/revista\/la-razon-pesimista\/","title":{"rendered":"LA RAZ\u00d3N PESIMISTA"},"content":{"rendered":"<p>[et_pb_section fb_built=\u00bb1&#8243; disabled_on=\u00bbon|on|off\u00bb _builder_version=\u00bb4.16&#8243; background_color=\u00bb#033332&#8243; z_index=\u00bb99999&#8243; width=\u00bb100%\u00bb max_width=\u00bb100%\u00bb max_width_tablet=\u00bb100%\u00bb max_width_phone=\u00bb\u00bb max_width_last_edited=\u00bbon|desktop\u00bb overflow-x=\u00bbvisible\u00bb overflow-y=\u00bbvisible\u00bb custom_padding=\u00bb0px||1px|||\u00bb global_colors_info=\u00bb{}\u00bb][et_pb_row column_structure=\u00bb1_3,1_3,1_3&#8243; use_custom_gutter=\u00bbon\u00bb gutter_width=\u00bb1&#8243; make_equal=\u00bbon\u00bb _builder_version=\u00bb4.16&#8243; width=\u00bb100%\u00bb width_tablet=\u00bb100%\u00bb width_phone=\u00bb\u00bb width_last_edited=\u00bbon|tablet\u00bb global_colors_info=\u00bb{}\u00bb][et_pb_column type=\u00bb1_3&#8243; _builder_version=\u00bb4.16&#8243; custom_css_main_element=\u00bbmargin: auto;||width: 15% !important;\u00bb global_colors_info=\u00bb{}\u00bb custom_css_main_element_last_edited=\u00bbon|tablet\u00bb custom_css_main_element_tablet=\u00bbmargin: auto;||width: 30% !important;\u00bb custom_css_main_element_phone=\u00bbmargin: auto;||width: 30% !important;\u00bb][et_pb_image src=\u00bbhttps:\/\/urbe.com.ar\/revista\/wp-content\/uploads\/2021\/05\/PaginaWeb_BotonInicio.png\u00bb url=\u00bbhttps:\/\/urbe.com.ar\/revista\u00bb _builder_version=\u00bb4.16&#8243; _module_preset=\u00bbdefault\u00bb global_colors_info=\u00bb{}\u00bb][\/et_pb_image][\/et_pb_column][et_pb_column type=\u00bb1_3&#8243; _builder_version=\u00bb4.16&#8243; custom_css_main_element=\u00bbmargin: auto;||width: 20% !important;\u00bb global_colors_info=\u00bb{}\u00bb custom_css_main_element_last_edited=\u00bbon|tablet\u00bb custom_css_main_element_tablet=\u00bbmargin: auto;||width: 25% !important;\u00bb custom_css_main_element_phone=\u00bbmargin: auto;||width: 25% !important;\u00bb][et_pb_text _builder_version=\u00bb4.16&#8243; text_text_color=\u00bb#FFFFFF\u00bb text_font_size=\u00bb16px\u00bb header_text_align=\u00bbcenter\u00bb text_orientation=\u00bbright\u00bb global_colors_info=\u00bb{}\u00bb]<\/p>\n<p><a style=\"color:white\" href=\"mailto:revista@urbe.com.ar\">revista@urbe.com.ar<\/a><\/p>\n<p>[\/et_pb_text][\/et_pb_column][et_pb_column type=\u00bb1_3&#8243; _builder_version=\u00bb4.16&#8243; custom_css_main_element=\u00bbmargin: auto;||width: 70% !important;\u00bb global_colors_info=\u00bb{}\u00bb custom_css_main_element__hover_enabled=\u00bboff|desktop\u00bb custom_css_main_element_last_edited=\u00bbon|tablet\u00bb custom_css_main_element_tablet=\u00bbmargin: auto;||width: 15% !important;\u00bb custom_css_main_element_phone=\u00bbmargin: auto;||width: 15% !important;\u00bb][et_pb_menu active_link_color=\u00bb#008f9b\u00bb show_search_icon=\u00bbon\u00bb cart_icon_color=\u00bb#ffffff\u00bb search_icon_color=\u00bb#ffffff\u00bb menu_icon_color=\u00bb#ffffff\u00bb _builder_version=\u00bb4.16&#8243; menu_font=\u00bbTitillium Web|700|||||||\u00bb menu_text_color=\u00bb#ffffff\u00bb menu_font_size=\u00bb20px\u00bb menu_letter_spacing=\u00bb-1px\u00bb menu_line_height=\u00bb1.1em\u00bb background_enable_color=\u00bboff\u00bb text_orientation=\u00bbright\u00bb custom_margin=\u00bb|||5%|false|false\u00bb global_colors_info=\u00bb{}\u00bb][\/et_pb_menu][\/et_pb_column][\/et_pb_row][\/et_pb_section][et_pb_section fb_built=\u00bb1&#8243; disabled_on=\u00bbon|on|on\u00bb _builder_version=\u00bb4.16&#8243; disabled=\u00bbon\u00bb global_colors_info=\u00bb{}\u00bb][et_pb_row _builder_version=\u00bb4.16&#8243; global_colors_info=\u00bb{}\u00bb][et_pb_column type=\u00bb4_4&#8243; _builder_version=\u00bb4.16&#8243; global_colors_info=\u00bb{}\u00bb][et_pb_text disabled_on=\u00bbon|on|on\u00bb _builder_version=\u00bb4.17.4&#8243; custom_padding=\u00bb||28px|||\u00bb hover_enabled=\u00bb0&#8243; disabled=\u00bbon\u00bb global_colors_info=\u00bb{}\u00bb sticky_enabled=\u00bb0&#8243;]<\/p>\n<p>Por Dante Sabatto<\/p>\n<p>[\/et_pb_text][\/et_pb_column][\/et_pb_row][\/et_pb_section][et_pb_section fb_built=\u00bb1&#8243; use_custom_gutter=\u00bbon\u00bb gutter_width=\u00bb1&#8243; specialty=\u00bbon\u00bb padding_left_2=\u00bb1%\u00bb padding_top_bottom_link_1=\u00bbfalse\u00bb padding_top_bottom_link_2=\u00bbfalse\u00bb padding_left_right_link_1=\u00bbfalse\u00bb padding_left_right_link_2=\u00bbfalse\u00bb _builder_version=\u00bb4.16&#8243; custom_padding=\u00bb0px||0px|||\u00bb global_colors_info=\u00bb{}\u00bb][et_pb_column type=\u00bb2_3&#8243; specialty_columns=\u00bb2&#8243; _builder_version=\u00bb4.16&#8243; custom_padding=\u00bb|||\u00bb global_colors_info=\u00bb{}\u00bb custom_padding__hover=\u00bb|||\u00bb][et_pb_row_inner _builder_version=\u00bb4.16&#8243; background_color=\u00bb#ffffff\u00bb custom_padding=\u00bb0px||0px|||\u00bb global_colors_info=\u00bb{}\u00bb][et_pb_column_inner saved_specialty_column_type=\u00bb2_3&#8243; _builder_version=\u00bb4.16&#8243; global_colors_info=\u00bb{}\u00bb][et_pb_text _builder_version=\u00bb4.17.4&#8243; text_font=\u00bb|600|||||||\u00bb text_text_color=\u00bb#F2AF46&#8243; text_font_size=\u00bb18px\u00bb header_text_align=\u00bbcenter\u00bb header_font_size=\u00bb35px\u00bb custom_margin=\u00bb2%|0%|2%|0%|true|true\u00bb global_colors_info=\u00bb{}\u00bb]<\/p>\n<p>URBE<\/p>\n<p>[\/et_pb_text][et_pb_text _builder_version=\u00bb4.17.4&#8243; header_font=\u00bb|700||on|||||\u00bb header_text_align=\u00bbleft\u00bb header_text_color=\u00bb#057E7E\u00bb custom_margin=\u00bb3%|0%|3%|0%|true|true\u00bb custom_padding=\u00bb|0%||0%|false|true\u00bb global_colors_info=\u00bb{}\u00bb]<\/p>\n<h1>LA RAZ\u00d3N PESIMISTA<\/h1>\n<p>[\/et_pb_text][et_pb_text _builder_version=\u00bb4.17.4&#8243; text_font=\u00bb||||||||\u00bb text_text_color=\u00bb#057E7E\u00bb text_font_size=\u00bb18px\u00bb header_text_align=\u00bbcenter\u00bb header_text_color=\u00bb#057E7E\u00bb header_font_size=\u00bb35px\u00bb text_orientation=\u00bbjustified\u00bb custom_margin=\u00bb2%|0%|2%|0%|true|true\u00bb global_colors_info=\u00bb{}\u00bb]<\/p>\n<p><b>Por Dante Sabatto<\/b><br \/>11\/05\/2022<\/p>\n<p>[\/et_pb_text][et_pb_image src=\u00bbhttps:\/\/urbe.com.ar\/revista\/wp-content\/uploads\/2022\/05\/La-razon-pesimista_Urbe_Portada.jpg\u00bb title_text=\u00bbLa raz\u00f3n pesimista_Urbe_Portada\u00bb disabled_on=\u00bboff|off|off\u00bb _builder_version=\u00bb4.17.4&#8243; background_enable_image=\u00bboff\u00bb custom_margin=\u00bb5%|0%|5%|0%|true|true\u00bb custom_margin_tablet=\u00bb\u00bb custom_margin_phone=\u00bb6%|0%|6%|0%|true|true\u00bb custom_margin_last_edited=\u00bbon|phone\u00bb global_colors_info=\u00bb{}\u00bb][\/et_pb_image][\/et_pb_column_inner][\/et_pb_row_inner][et_pb_row_inner column_structure=\u00bb1_2,1_2&#8243; use_custom_gutter=\u00bbon\u00bb gutter_width=\u00bb1&#8243; make_equal=\u00bbon\u00bb disabled_on=\u00bbon|off|off\u00bb _builder_version=\u00bb4.16&#8243; background_color=\u00bb#ffffff\u00bb custom_margin=\u00bb||||false|false\u00bb custom_padding=\u00bb0px||0px|0%|false|false\u00bb locked=\u00bboff\u00bb global_colors_info=\u00bb{}\u00bb][et_pb_column_inner type=\u00bb1_2&#8243; saved_specialty_column_type=\u00bb2_3&#8243; _builder_version=\u00bb4.16&#8243; background_color=\u00bb#ffffff\u00bb custom_css_main_element=\u00bbwidth: 60% !important;\u00bb global_colors_info=\u00bb{}\u00bb][\/et_pb_column_inner][et_pb_column_inner type=\u00bb1_2&#8243; saved_specialty_column_type=\u00bb2_3&#8243; _builder_version=\u00bb4.16&#8243; custom_css_main_element=\u00bb||width: 40% !important;||margin: auto;||display: flex;||flex-direction: column;||justify-content: center;\u00bb global_colors_info=\u00bb{}\u00bb][et_pb_code _builder_version=\u00bb4.16&#8243; text_orientation=\u00bbcenter\u00bb module_alignment=\u00bbcenter\u00bb custom_margin=\u00bb2%||2%||true|false\u00bb custom_padding=\u00bb|6.7%||6.7%|false|true\u00bb global_colors_info=\u00bb{}\u00bb]<div class=\"addtoany_shortcode\"><div class=\"a2a_kit a2a_kit_size_32 addtoany_list\" data-a2a-url=\"https:\/\/urbe.com.ar\/revista\/la-razon-pesimista\/\" data-a2a-title=\"LA RAZ\u00d3N PESIMISTA\"><a class=\"a2a_button_facebook\" href=\"https:\/\/www.addtoany.com\/add_to\/facebook?linkurl=https%3A%2F%2Furbe.com.ar%2Frevista%2Fla-razon-pesimista%2F&amp;linkname=LA%20RAZ%C3%93N%20PESIMISTA\" title=\"Facebook\" rel=\"nofollow noopener\" target=\"_blank\"><\/a><a class=\"a2a_button_whatsapp\" href=\"https:\/\/www.addtoany.com\/add_to\/whatsapp?linkurl=https%3A%2F%2Furbe.com.ar%2Frevista%2Fla-razon-pesimista%2F&amp;linkname=LA%20RAZ%C3%93N%20PESIMISTA\" title=\"WhatsApp\" rel=\"nofollow noopener\" target=\"_blank\"><\/a><a class=\"a2a_button_twitter\" href=\"https:\/\/www.addtoany.com\/add_to\/twitter?linkurl=https%3A%2F%2Furbe.com.ar%2Frevista%2Fla-razon-pesimista%2F&amp;linkname=LA%20RAZ%C3%93N%20PESIMISTA\" title=\"Twitter\" rel=\"nofollow noopener\" target=\"_blank\"><\/a><a class=\"a2a_button_email\" href=\"https:\/\/www.addtoany.com\/add_to\/email?linkurl=https%3A%2F%2Furbe.com.ar%2Frevista%2Fla-razon-pesimista%2F&amp;linkname=LA%20RAZ%C3%93N%20PESIMISTA\" title=\"Email\" rel=\"nofollow noopener\" target=\"_blank\"><\/a><a class=\"a2a_button_copy_link\" href=\"https:\/\/www.addtoany.com\/add_to\/copy_link?linkurl=https%3A%2F%2Furbe.com.ar%2Frevista%2Fla-razon-pesimista%2F&amp;linkname=LA%20RAZ%C3%93N%20PESIMISTA\" title=\"Copy Link\" rel=\"nofollow noopener\" target=\"_blank\"><\/a><\/div><\/div>[\/et_pb_code][\/et_pb_column_inner][\/et_pb_row_inner][et_pb_row_inner use_custom_gutter=\u00bbon\u00bb gutter_width=\u00bb1&#8243; make_equal=\u00bbon\u00bb disabled_on=\u00bboff|on|on\u00bb _builder_version=\u00bb4.16&#8243; background_color=\u00bb#ffffff\u00bb custom_margin=\u00bb||||false|false\u00bb custom_padding=\u00bb0px||0px|0%|false|false\u00bb locked=\u00bboff\u00bb global_colors_info=\u00bb{}\u00bb][et_pb_column_inner saved_specialty_column_type=\u00bb2_3&#8243; _builder_version=\u00bb4.16&#8243; background_color=\u00bb#ffffff\u00bb global_colors_info=\u00bb{}\u00bb][et_pb_code disabled_on=\u00bboff|off|off\u00bb _builder_version=\u00bb4.16&#8243; _module_preset=\u00bbdefault\u00bb text_orientation=\u00bbcenter\u00bb width=\u00bb100%\u00bb width_tablet=\u00bb\u00bb width_phone=\u00bb100%\u00bb width_last_edited=\u00bbon|phone\u00bb max_width=\u00bb100%\u00bb max_width_tablet=\u00bb\u00bb max_width_phone=\u00bb\u00bb max_width_last_edited=\u00bbon|tablet\u00bb module_alignment=\u00bbright\u00bb custom_margin_tablet=\u00bb\u00bb custom_margin_phone=\u00bb\u00bb custom_margin_last_edited=\u00bbon|phone\u00bb module_alignment_tablet=\u00bb\u00bb module_alignment_phone=\u00bbcenter\u00bb module_alignment_last_edited=\u00bbon|desktop\u00bb global_colors_info=\u00bb{}\u00bb]<div class=\"addtoany_shortcode\"><div class=\"a2a_kit a2a_kit_size_32 addtoany_list\" data-a2a-url=\"https:\/\/urbe.com.ar\/revista\/la-razon-pesimista\/\" data-a2a-title=\"LA RAZ\u00d3N PESIMISTA\"><a class=\"a2a_button_facebook\" href=\"https:\/\/www.addtoany.com\/add_to\/facebook?linkurl=https%3A%2F%2Furbe.com.ar%2Frevista%2Fla-razon-pesimista%2F&amp;linkname=LA%20RAZ%C3%93N%20PESIMISTA\" title=\"Facebook\" rel=\"nofollow noopener\" target=\"_blank\"><\/a><a class=\"a2a_button_whatsapp\" href=\"https:\/\/www.addtoany.com\/add_to\/whatsapp?linkurl=https%3A%2F%2Furbe.com.ar%2Frevista%2Fla-razon-pesimista%2F&amp;linkname=LA%20RAZ%C3%93N%20PESIMISTA\" title=\"WhatsApp\" rel=\"nofollow noopener\" target=\"_blank\"><\/a><a class=\"a2a_button_twitter\" href=\"https:\/\/www.addtoany.com\/add_to\/twitter?linkurl=https%3A%2F%2Furbe.com.ar%2Frevista%2Fla-razon-pesimista%2F&amp;linkname=LA%20RAZ%C3%93N%20PESIMISTA\" title=\"Twitter\" rel=\"nofollow noopener\" target=\"_blank\"><\/a><a class=\"a2a_button_email\" href=\"https:\/\/www.addtoany.com\/add_to\/email?linkurl=https%3A%2F%2Furbe.com.ar%2Frevista%2Fla-razon-pesimista%2F&amp;linkname=LA%20RAZ%C3%93N%20PESIMISTA\" title=\"Email\" rel=\"nofollow noopener\" target=\"_blank\"><\/a><a class=\"a2a_button_copy_link\" href=\"https:\/\/www.addtoany.com\/add_to\/copy_link?linkurl=https%3A%2F%2Furbe.com.ar%2Frevista%2Fla-razon-pesimista%2F&amp;linkname=LA%20RAZ%C3%93N%20PESIMISTA\" title=\"Copy Link\" rel=\"nofollow noopener\" target=\"_blank\"><\/a><\/div><\/div>[\/et_pb_code][\/et_pb_column_inner][\/et_pb_row_inner][et_pb_row_inner _builder_version=\u00bb4.16.1&#8243; background_color=\u00bb#ffffff\u00bb custom_padding=\u00bb0px||3px|0px||\u00bb global_colors_info=\u00bb{}\u00bb][et_pb_column_inner saved_specialty_column_type=\u00bb2_3&#8243; _builder_version=\u00bb4.16&#8243; global_colors_info=\u00bb{}\u00bb][et_pb_text _builder_version=\u00bb4.16.1&#8243; text_text_color=\u00bb#000000&#8243; text_font_size=\u00bb17px\u00bb text_line_height=\u00bb1.5em\u00bb custom_margin=\u00bb2%|0%|2%|0%|true|true\u00bb custom_padding=\u00bb||0px|||\u00bb text_font_size_tablet=\u00bb17px\u00bb text_font_size_phone=\u00bb16px\u00bb text_font_size_last_edited=\u00bbon|phone\u00bb global_colors_info=\u00bb{}\u00bb]<\/p>\n<blockquote><\/blockquote>\n<p><span style=\"font-family: inherit; font-weight: normal; font-size: large;\">Vengo siguiendo un debate de la izquierda yanki online, que se repite todo el tiempo en <i>threads<\/i> de Twitter, posts de Medium y, Dios nos libre, comentarios de TikTok. El planteo es m\u00e1s o menos as\u00ed: <b>\u00bfqu\u00e9 es m\u00e1s pesimista, considerar que no es posible que se produzcan cambios positivos dentro del capitalismo o creer que la salida del capitalismo es en s\u00ed imposible? <\/b>No es m\u00e1s que una nueva encarnaci\u00f3n de un viej\u00edsimo problema, tal vez la discusi\u00f3n moderna por excelencia. Es el que tuvieron marxistas y peronistas en la d\u00e9cada del 60, es el que enfrent\u00f3 internamente a facciones en todas las revoluciones de la historia, es el que se tiene por igual en universidades, sindicatos y bares populares.<\/span><\/p>\n<p><span style=\"font-family: inherit; font-weight: normal; font-size: large;\">Pero cada vez que resurge lo hace con cambios. En este caso, no se trata ya de un problema en torno a lo que debemos <i>hacer<\/i> sino a lo que nos toca <i>sentir<\/i>. Se trata de una calificaci\u00f3n posterior al pensamiento.<\/span><\/p>\n<p><span style=\"font-weight: normal; font-family: inherit; font-size: large;\">El ejemplo es de los socialistas estadounidenses, desencantados con Biden, Obama, pero tambi\u00e9n con Bernie y AOC. Sin embargo, podr\u00edamos pensar con el mismo sentido una reflexi\u00f3n que supo desarrollar M\u00e1ximo Kirchner en una intervenci\u00f3n legislativa durante el macrismo. Citando a Alfons\u00edn, el diputado dijo que \u201csi la pol\u00edtica fuera solo el arte de lo posible, ser\u00eda el arte de la resignaci\u00f3n\u201d.<\/span><\/p>\n<p><span style=\"font-family: inherit; font-weight: normal; font-size: large;\">La frase es interesante por dos motivos: en primer lugar, el uso del adverbio \u201csolo\u201d, indicando que la pol\u00edtica puede ser el arte de lo posible, pero debe ser <i>tambi\u00e9n<\/i> algo m\u00e1s. En segundo lugar, la polisemia de la palabra \u201cresignaci\u00f3n\u201d: conect\u00e1ndolo con el sentido previo, podr\u00eda pensarse que se trata de un sentimiento, el resignarse. Pero tambi\u00e9n se lo puede entender como resignar <i>cosas<\/i>, ceder, abandonar, rendirse.<\/span><\/p>\n<p><span style=\"font-weight: normal; font-family: inherit; font-size: large;\">El origen tal vez de esta dicotom\u00eda puede buscarse en un texto cl\u00e1sico de Max Weber llamado \u201cLa pol\u00edtica como vocaci\u00f3n\u201d. En \u00e9l, el soci\u00f3logo alem\u00e1n define dos posibles sentidos de la pr\u00e1ctica pol\u00edtica, en funci\u00f3n de dos \u00e9ticas: la \u00e9tica de la responsabilidad y la \u00e9tica de la convicci\u00f3n. En muchos casos se ha identificado el pensamiento weberiano como defensor de la primera de estas alternativas, y con buenos motivos: su pensamiento se basa en la racionalidad, la b\u00fasqueda de medios apropiados para fines definidos, la profesionalizaci\u00f3n de las burocracias.<\/span><\/p>\n<p><span style=\"font-family: inherit; font-weight: normal; font-size: large;\">Pero se olvida el otro costado: <b>Weber no abandona nunca la importancia de las convicciones porque su filosof\u00eda da gran relevancia a los <\/b><b><i>valores<\/i><\/b><b>. Un mundo sin valores, un mundo desencantado, es para Weber un mundo muerto.<\/b><\/span><\/p>\n<p><span style=\"font-family: inherit; font-weight: normal; font-size: large;\">Hoy, probablemente, se asociar\u00eda esa \u00e9tica de las responsabilidades sin convicciones, ese <i>arte de lo posible<\/i>, con el neoliberalismo, el realismo capitalista, la idea de que no se puede so\u00f1ar otro mundo. <b>Habr\u00eda que recordar (y el auge del movimiento libertario es precisamente un llamado de atenci\u00f3n en este sentido) que los neoliberales tambi\u00e9n tienen valores que defienden a rajatabla<\/b>. En todo caso, podemos no compartirlos.<\/span><\/p>\n<p><span style=\"font-family: inherit; font-weight: normal; font-size: large;\">El problema se halla, sin embargo, cuando volvemos sobre la frase de M\u00e1ximo Kirchner y encontramos que no hay palabras para eso \u201cotro\u201d que es la pol\u00edtica <i>adem\u00e1s <\/i>del arte de lo posible. El problema se halla cuando, al cuestionar la idea de que hay que enfocarse en el aqu\u00ed y ahora porque nada puede cambiar, el \u00e9nfasis queda solo en la necesidad de so\u00f1ar.<\/span><\/p>\n<p><span style=\"font-family: inherit; font-weight: normal; font-size: large;\">Porque si lo que se opone al pesimismo de que todo sigue igual es la salvaci\u00f3n simb\u00f3lica de que \u201cde todos modos debemos imaginar que hay algo m\u00e1s\u201d, no hemos salido en absoluto de la resignaci\u00f3n. Seguimos siendo pesimistas, seguimos resign\u00e1ndonos, pero reclamamos el derecho a pensar en otra cosa. Ahora bien,<b> \u00bfes siempre algo malo ser pesimista?<\/b><\/span><\/p>\n<p><span style=\"font-weight: 400;\"><\/span><\/p>\n<p><span style=\"font-weight: 400;\"><\/span><\/p>\n<p>[\/et_pb_text][et_pb_image src=\u00bbhttps:\/\/urbe.com.ar\/revista\/wp-content\/uploads\/2022\/05\/1-4.jpg\u00bb title_text=\u00bb1 (4)\u00bb disabled_on=\u00bboff|off|off\u00bb _builder_version=\u00bb4.17.4&#8243; background_enable_image=\u00bboff\u00bb custom_margin=\u00bb0.2%|0%|0.2%|0%|true|true\u00bb custom_margin_tablet=\u00bb\u00bb custom_margin_phone=\u00bb6%|0%|6%|0%|true|true\u00bb custom_margin_last_edited=\u00bbon|phone\u00bb locked=\u00bboff\u00bb global_colors_info=\u00bb{}\u00bb][\/et_pb_image][et_pb_text _builder_version=\u00bb4.16&#8243; text_text_color=\u00bb#000000&#8243; text_font_size=\u00bb17px\u00bb text_line_height=\u00bb1.5em\u00bb custom_margin=\u00bb2%|0%|2%|0%|true|true\u00bb text_font_size_tablet=\u00bb17px\u00bb text_font_size_phone=\u00bb16px\u00bb text_font_size_last_edited=\u00bbon|phone\u00bb inline_fonts=\u00bbABeeZee\u00bb global_colors_info=\u00bb{}\u00bb]<\/p>\n<h1><\/h1>\n<p><span style=\"font-weight: 400;\"><\/span><\/p>\n<p><span style=\"font-size: xx-large; color: #057e7e;\"><b>La otra pastilla<\/b><\/span><span style=\"font-size: xx-large; color: #057e7e;\"><b><\/b><\/span><\/p>\n<p><span style=\"font-family: inherit; font-weight: normal; font-size: large;\">Las utop\u00edas y las distop\u00edas han funcionado como g\u00e9neros literarios pero tambi\u00e9n como empresas pol\u00edticas, como \u00e1mbitos donde se combina el pensamiento pol\u00edtico sobre el futuro con la especulaci\u00f3n t\u00e9cnica y est\u00e9tica. Pero el g\u00e9nero dist\u00f3pico o apocal\u00edptico no necesariamente es equivalente al pensamiento pesimista. La elaboraci\u00f3n ficcional de un mundo donde todo ha ido mal puede ser un experimento separado de las expectativas formales que una persona tiene. Al fin y al cabo, <b>el pesimismo es (primero) un discurso sobre el presente, que puede dislocarse de toda teor\u00eda sobre un futuro peor<\/b>. Puede, por ejemplo, prescindir de toda certeza sobre el futuro: puede basarse en la noci\u00f3n de una continuidad del presente hasta el infinito. No hay una evoluci\u00f3n negativa, sino una repetici\u00f3n imposible de detener.<\/span><\/p>\n<p><span style=\"font-weight: normal; font-family: inherit; font-size: large;\">La alternativa opuesta es que la escritura ut\u00f3pica y el pesimismo no son incompatibles. La tradici\u00f3n marxista ha sido una fuente muy profusa de pensadorxs ut\u00f3picxs en teor\u00eda pero pesimistas en los papeles. Es dif\u00edcil pertenecer a una escuela que sostiene una lectura sobre el mundo como estructuralmente injusto sin ser pesimista, incluso si se mantiene viva la noci\u00f3n de que la negaci\u00f3n de las contradicciones es una necesidad que llevar\u00e1 a la humanidad hacia el socialismo.<\/span><\/p>\n<p><span style=\"font-family: inherit; font-weight: normal; font-size: large;\">Pero en lugar del pesimismo de izquierda, un tema muy trabajado tanto por revolucionarios como por reaccionarios (y tal vez nunca mejor que por alguien que entra en ambos campos, <a href=\"http:\/\/hyperstition.abstractdynamics.org\/archives\/008891.html\">Nick Land<\/a>) quiero pensar el de la derecha. Su deriva digital nos ha dejado un t\u00e9rmino excepcional, el ep\u00edtome del pesimismo, la <i>blackpill<\/i> o \u201cpastilla negra\u201d. El concepto est\u00e1 probablemente anticuado: cuando una palabra del argot de internet llega a una nota de una revista digital, es porque ya ha pasado de moda; pero no por ello deja de resulta interesante.<\/span><\/p>\n<p><span style=\"font-family: inherit; font-weight: normal; font-size: large;\"><b>La <\/b><b><i>blackpill<\/i><\/b><b> es una alternativa a la opci\u00f3n que le da Morpheus a Neo en <\/b><b><i>Matrix<\/i><\/b>. En esa pel\u00edcula, recordemos, las opciones son seguir viviendo en un mundo virtual, falso (pastilla azul) o despertar y conocer la verdad (pastilla roja). Esta \u00faltima fue convertida en un esl\u00f3gan de la nueva derecha: <i>take the red pill<\/i>, tomar la pastilla roja, significa aceptar que el mundo est\u00e1 secretamente programado por el marxismo cultural y organizado pol\u00edticamente en torno a la izquierda liberal conducida por George Soros. En fin.<\/span><\/p>\n<p><span style=\"font-family: inherit; font-weight: normal; font-size: large;\">Pero la <i>blackpill<\/i> es su gemela oscura, y menos estudiada. <b>Tomar la pastilla negra significa aceptar, adem\u00e1s de todas las premisas fascistoides de la roja, que nada de eso puede cambiar. Molecularmente, la realidad funciona contra <\/b><b><i>vos<\/i><\/b> (la mayor\u00eda de las veces, un var\u00f3n cisg\u00e9nero heterosexual que vive en alg\u00fan pa\u00eds del norte global, pero de clase media o media baja).<\/span><\/p>\n<p><span style=\"font-family: inherit; font-weight: normal; font-size: large;\">Una versi\u00f3n criolla, en forma post-ir\u00f3nica, es el <strong><a href=\"https:\/\/twitter.com\/PLP_Ezeiza1\/status\/1463150182829379587\">\u201cPartido Liberal Pesimista\u201d<\/a><\/strong>:<\/span><\/p>\n<p><span style=\"font-weight: 400;\"><\/span><\/p>\n<p><span style=\"font-weight: 400;\"><\/span><\/p>\n<p>[\/et_pb_text][et_pb_image src=\u00bbhttps:\/\/urbe.com.ar\/revista\/wp-content\/uploads\/2022\/05\/2.png\u00bb title_text=\u00bb2&#8243; disabled_on=\u00bboff|off|off\u00bb _builder_version=\u00bb4.17.4&#8243; background_enable_image=\u00bboff\u00bb custom_margin=\u00bb-0.5%|0%|-0.5%|0%|true|true\u00bb custom_margin_tablet=\u00bb\u00bb custom_margin_phone=\u00bb6%|0%|6%|0%|true|true\u00bb custom_margin_last_edited=\u00bbon|phone\u00bb locked=\u00bboff\u00bb global_colors_info=\u00bb{}\u00bb][\/et_pb_image][et_pb_image src=\u00bbhttps:\/\/urbe.com.ar\/revista\/wp-content\/uploads\/2022\/03\/aeropuertos-300x300px.jpg\u00bb alt=\u00bbAeropuertos 2000&#8243; url=\u00bbhttps:\/\/www.aa2000.com.ar\/\u00bb url_new_window=\u00bbon\u00bb force_fullwidth=\u00bbon\u00bb disabled_on=\u00bboff|on|on\u00bb _builder_version=\u00bb4.17.4&#8243; _module_preset=\u00bbdefault\u00bb custom_margin=\u00bb3%||3%||true|false\u00bb global_module=\u00bb5816&#8243; global_colors_info=\u00bb{}\u00bb][\/et_pb_image][et_pb_text _builder_version=\u00bb4.16.1&#8243; text_text_color=\u00bb#000000&#8243; text_font_size=\u00bb17px\u00bb text_line_height=\u00bb1.5em\u00bb custom_margin=\u00bb-0.5%|0%|-0.5%|0%|true|true\u00bb text_font_size_tablet=\u00bb17px\u00bb text_font_size_phone=\u00bb16px\u00bb text_font_size_last_edited=\u00bbon|phone\u00bb inline_fonts=\u00bbABeeZee\u00bb global_colors_info=\u00bb{}\u00bb]<\/p>\n<p><span style=\"font-weight: 400;\"><\/span><\/p>\n<p><span style=\"font-weight: 400;\"><\/span><\/p>\n<p><span style=\"color: #057e7e;\"><strong><span style=\"font-family: inherit; font-size: x-large;\">\u00bfQu\u00e9 es m\u00e1s peligroso? \u00bfUna juventud politizada en torno a un programa reaccionario, o una juventud que cree en ese programa pero est\u00e1 completamente resignada y abandonada a un pesimismo suicida.<\/span><\/strong><\/span><\/p>\n<p><span style=\"font-family: inherit; font-weight: normal; font-size: large;\">No es muy original decir que puede haber una potencia productiva en la forma de pensamiento de la pastilla roja si se la separa de la conspiranoia criptofascista. En 2017, en pleno auge de la alt right trumpista, el youtuber brit\u00e1nico Shaun present\u00f3 en una forma excelente <a href=\"https:\/\/www.youtube.com\/watch?v=a_yfnQPaD_E\"><strong>este argumento<\/strong><\/a>. En la Argentina contempor\u00e1nea, resulta productivo considerar que el enojo que capitaliza el movimiento libertario debe ser comprendido y no ignorado, y que merece ser reconducido hacia una v\u00eda no reaccionaria.<\/span><\/p>\n<p><span style=\"font-family: inherit; font-weight: normal; font-size: large;\">Pero volvamos al pesimismo. Si la <i>redpill<\/i> implica un afecto ultrapolitizado en base al enojo, la depresi\u00f3n de la <i>blackpill<\/i> es un pensamiento, al fin y al cabo, sociol\u00f3gico. En ambos casos, es f\u00e1cil hallar el error, la deformaci\u00f3n que hace el criptofascismo al culpar, por ejemplo, a una conspiraci\u00f3n sionista de los males del capitalismo trasnacional. En el caso de la <i>blackpill<\/i>, <b>\u00bfno podr\u00edamos entender que la constataci\u00f3n de que <\/b><b><i>el mundo est\u00e1 mal<\/i><\/b><b>, de que <\/b><b><i>todo juega en contra nuestro<\/i><\/b><b> es una idea que podemos compartir? <\/b>\u00bfQue es una forma errada de pensar algo correcto?<b> Es efectivamente cierto que hay algo m\u00e1s grande que nosotros, que nos determina, y que est\u00e1 estructurado en forma injusta. Lo que hay que cambiar es la l\u00f3gica de la conspiraci\u00f3n (fascista) por una l\u00f3gica del sistema social (materialista).<\/b><\/span><\/p>\n<p><span style=\"font-family: inherit; font-weight: normal; font-size: large;\">A la vez, abandonar ese pesimismo es una necesidad urgente. Porque la otra acepci\u00f3n de <i>take the blackpill<\/i>, la definici\u00f3n secreta que se esconde apenas abajo la primera, es que la \u00fanica salida es la muerte. La distop\u00eda, personal o colectiva, acecha.<\/span><\/p>\n<p><span style=\"font-family: inherit; font-weight: normal; font-size: large;\"><\/span><\/p>\n<p><span style=\"font-family: inherit; font-weight: normal; font-size: large;\"><\/span><\/p>\n<p><span style=\"font-weight: 400;\"><\/span><\/p>\n<p>[\/et_pb_text][et_pb_image src=\u00bbhttps:\/\/urbe.com.ar\/revista\/wp-content\/uploads\/2022\/05\/3-2.jpg\u00bb title_text=\u00bbItalia recupera un manuscrito de %22Las profec\u00edas%22 de Nostradamus\u00bb _builder_version=\u00bb4.17.4&#8243; _module_preset=\u00bbdefault\u00bb hover_enabled=\u00bb0&#8243; global_colors_info=\u00bb{}\u00bb sticky_enabled=\u00bb0&#8243;][\/et_pb_image][et_pb_text _builder_version=\u00bb4.17.4&#8243; _module_preset=\u00bbdefault\u00bb hover_enabled=\u00bb0&#8243; sticky_enabled=\u00bb0&#8243; text_font_size=\u00bb18px\u00bb text_text_color=\u00bb#000000&#8243; header_text_color=\u00bb#057E7E\u00bb]<\/p>\n<h1><b>La crueldad<\/b><\/h1>\n<p><b><\/b><\/p>\n<p><span style=\"font-weight: 400;\">Avanzamos muy lejos, en los \u00faltimos p\u00e1rrafos, en idea de una rehabilitaci\u00f3n del pesimismo, en la b\u00fasqueda de lo que tiene de rescatable, de productivo, lo que debe reconducirse. Esos caminos son oscuros. Usemos un ant\u00eddoto: en su ensayo-ficci\u00f3n <strong>Los que se alejan de Omelas<\/strong><\/span><span style=\"font-weight: 400;\">, Ursula K. Le Guin escribi\u00f3:<\/span><\/p>\n<p><span style=\"font-weight: 400;\">\u201cLo malo es que nosotros poseemos la mala costumbre, animada por los pedantes y los sofistas, de considerar la felicidad como algo m\u00e1s bien est\u00fapido. S\u00f3lo el sufrimiento es intelectual, s\u00f3lo el mal es interesante. Esta es la traici\u00f3n del artista: su negativa a admitir la banalidad del mal y el terrible aburrimiento del dolor.\u201d<\/span><\/p>\n<p><span style=\"font-weight: 400;\">Tal vez no se ha escrito mejor ofensiva sobre el pesimismo que estas l\u00edneas. Arrancadas de su contexto en el relato, son empleadas muy seguido en una cr\u00edtica a la romantizaci\u00f3n de la tristeza y la idea extendida de la preeminencia del mal sobre el bien.<\/span><\/p>\n<p><b>Le Guin nos advierte sobre la tentaci\u00f3n pesimista. Volviendo a la idea de m\u00e1s arriba, podr\u00edamos decir que el problema est\u00e1 en confundir la injusticia como una estructuraci\u00f3n contingente con la maldad como verdad del mundo<\/b><span style=\"font-weight: 400;\">. Ese es <\/span><i><span style=\"font-weight: 400;\">el <\/span><\/i><span style=\"font-weight: 400;\">error de la <\/span><i><span style=\"font-weight: 400;\">blackpill<\/span><\/i><span style=\"font-weight: 400;\">, y no es un elemento m\u00e1s, inmanente, que podamos quitar tan f\u00e1cilmente sin que se desmorone todo el edificio. Es una pieza constitutiva.<\/span><\/p>\n<p><span style=\"font-weight: 400;\">Sin embargo, en este <a href=\"https:\/\/urbe.com.ar\/revista\/que-merda-es-el-capitalismo-tardio\/\" target=\"_blank\" rel=\"noopener\">capitalismo tard\u00edo <\/a><\/span><span style=\"font-weight: 400;\">en el que estamos situados, \u00bfes tan hegem\u00f3nica la noci\u00f3n de que la felicidad es est\u00fapida como en el texto de Le Guin? \u00bfNo encontramos, a veces, una condena fatal de todo pesimismo? \u00bfNo hay un optimismo bienpensante del que no podemos sustraernos?<\/span><\/p>\n<p><span style=\"font-weight: 400;\">Lx te\u00f3ricx Lauren Berlant dio una definici\u00f3n especial para esta idea: el \u201c<\/span><b>optimismo cruel<\/b><span style=\"font-weight: 400;\">\u201d, que se da cuando \u201caquello que dese\u00e1s es en realidad un obst\u00e1culo para tu desarrollo\u201d. No solo el pesimismo puede ser cruel. <\/span><b>Cuando los deseos se articulan en torno a fantas\u00edas neoliberales de ascenso social que se desv\u00edan por caminos pol\u00edticos que impiden la efectivizaci\u00f3n de una v\u00eda mejor, el optimismo es un arma que se clava contra quien la empu\u00f1a.<\/b><\/p>\n<p><span style=\"font-weight: 400;\">Podemos volver, con esta idea, a las primeras l\u00edneas de esta nota y la diferencia entre la \u00e9tica de la responsabilidad y la \u00e9tica de la convicci\u00f3n, entre el arte de lo posible y ese \u201calgo m\u00e1s\u201d que define a la pol\u00edtica. <\/span><b>Nos gustar\u00eda creer que una praxis basada en valores positivos es esencialmente emancipatoria (no lo es) o que, al menos, est\u00e1 exenta de toda crueldad. Pero no es as\u00ed.<\/b><span style=\"font-weight: 400;\"> El mejor ejemplo del optimismo cruel en la pol\u00edtica lo puede representar Obama, cuyo esl\u00f3gan \u201chope\u201d (esperanza) revel\u00f3 la ecuaci\u00f3n del capitalismo tard\u00edo: el pueblo debe confiar, creer y esperar. No importa en qui\u00e9n conf\u00ede, en qu\u00e9 crea y qu\u00e9 espere, siempre y cuando podamos sostener esa esperanza sin jam\u00e1s satisfacerla.<\/span><\/p>\n<p><span style=\"font-weight: 400;\">El pesimismo puede ser productivo, o arrojarnos al infierno. El optimismo puede ser cruel, pero es imposible construir algo si lo rechazamos. Sobre estas coordenadas, es posible pensar pol\u00edticamente, en el eterno juego de valores, medios y fines.<\/span><\/p>\n<p>[\/et_pb_text][et_pb_image src=\u00bbhttps:\/\/urbe.com.ar\/revista\/wp-content\/uploads\/2021\/05\/PaginaWeb_DivisorUrbe-1.png\u00bb title_text=\u00bbP\u00e1ginaWeb_DivisorCultura\u00bb align=\u00bbcenter\u00bb _builder_version=\u00bb4.17.4&#8243; _module_preset=\u00bbdefault\u00bb hover_enabled=\u00bb0&#8243; global_colors_info=\u00bb{}\u00bb sticky_enabled=\u00bb0&#8243;][\/et_pb_image][\/et_pb_column_inner][\/et_pb_row_inner][\/et_pb_column][et_pb_column type=\u00bb1_3&#8243; _builder_version=\u00bb4.16&#8243; custom_padding=\u00bb|||\u00bb global_colors_info=\u00bb{}\u00bb custom_padding__hover=\u00bb|||\u00bb][et_pb_image src=\u00bbhttps:\/\/urbe.com.ar\/revista\/wp-content\/uploads\/2022\/03\/aeropuertos-300x300px.jpg\u00bb alt=\u00bbAeropuertos 2000&#8243; url=\u00bbhttps:\/\/www.ypf.com\/Paginas\/home.aspx\u00bb url_new_window=\u00bbon\u00bb align=\u00bbcenter\u00bb disabled_on=\u00bbon|on|off\u00bb _builder_version=\u00bb4.17.4&#8243; custom_margin=\u00bb||20%|0%|false|false\u00bb global_module=\u00bb5784&#8243; saved_tabs=\u00bball\u00bb global_colors_info=\u00bb{}\u00bb src__hover_enabled=\u00bboff|desktop\u00bb src__hover=\u00bbhttps:\/\/urbe.com.ar\/revista\/wp-content\/uploads\/2021\/05\/PicsArt_05-28-11.17.58.png\u00bb][\/et_pb_image][et_pb_blog fullwidth=\u00bboff\u00bb posts_number=\u00bb9&#8243; include_categories=\u00bb7,11,8,9,10&#8243; meta_date=\u00bbj M,Y\u00bb use_manual_excerpt=\u00bboff\u00bb excerpt_length=\u00bb80&#8243; show_author=\u00bboff\u00bb show_categories=\u00bboff\u00bb show_pagination=\u00bboff\u00bb masonry_tile_background_color=\u00bb#FFFFFF\u00bb disabled_on=\u00bbon|off|off\u00bb module_class=\u00bbpa-blog \u00bb _builder_version=\u00bb4.16&#8243; header_font=\u00bb|700|||||||\u00bb header_text_color=\u00bb#FFFFFF\u00bb header_font_size=\u00bb20px\u00bb body_font=\u00bb|600|||||||\u00bb body_text_color=\u00bb#FFFFFF\u00bb meta_text_color=\u00bb#FFFFFF\u00bb read_more_text_color=\u00bb#FFFFFF\u00bb background_color=\u00bb#FFFFFF\u00bb custom_margin=\u00bb-9%||1%||false|false\u00bb custom_margin_tablet=\u00bb0%||||false|false\u00bb custom_margin_phone=\u00bb\u00bb custom_margin_last_edited=\u00bbon|desktop\u00bb custom_padding=\u00bb||0px|||\u00bb header_text_shadow_style=\u00bbpreset3&#8243; header_text_shadow_color=\u00bb#000000&#8243; body_text_shadow_style=\u00bbpreset3&#8243; body_text_shadow_color=\u00bb#000000&#8243; meta_text_shadow_style=\u00bbpreset3&#8243; meta_text_shadow_color=\u00bb#000000&#8243; border_color_all_image=\u00bb#FFFFFF\u00bb border_width_top_image=\u00bb2px\u00bb text_shadow_style=\u00bbpreset3&#8243; text_shadow_blur_strength=\u00bb0.54em\u00bb text_shadow_color=\u00bb#000000&#8243; global_colors_info=\u00bb{}\u00bb][\/et_pb_blog][et_pb_code _builder_version=\u00bb4.16&#8243; _module_preset=\u00bbdefault\u00bb global_colors_info=\u00bb{}\u00bb]<\/p>\n<style><!-- [et_pb_line_break_holder] -->  .pa-blog-text {<!-- [et_pb_line_break_holder] -->\tposition: absolute;<!-- [et_pb_line_break_holder] -->\ttop: 65%;<!-- [et_pb_line_break_holder] -->\tleft: 50%;<!-- [et_pb_line_break_holder] -->\ttransform: translate(-50%, -50%);<!-- [et_pb_line_break_holder] -->\twidth: 100%;<!-- [et_pb_line_break_holder] -->\tpadding: 20px;<!-- [et_pb_line_break_holder] -->\tz-index: 1;<!-- [et_pb_line_break_holder] -->}<!-- [et_pb_line_break_holder] --><!-- [et_pb_line_break_holder] --><!-- [et_pb_line_break_holder] -->\/*keep the moved items positioned with their parent items*\/<!-- [et_pb_line_break_holder] --><!-- [et_pb_line_break_holder] -->.et_pb_blog_grid article {<!-- [et_pb_line_break_holder] -->\tposition: relative;<!-- [et_pb_line_break_holder] --> <!-- [et_pb_line_break_holder] -->}<!-- [et_pb_line_break_holder] --><!-- [et_pb_line_break_holder] --><!-- [et_pb_line_break_holder] -->\/*remove spacing around entire blog post*\/<!-- [et_pb_line_break_holder] --><!-- [et_pb_line_break_holder] -->.et_pb_blog_grid .et_pb_post {<!-- [et_pb_line_break_holder] -->\tpadding: 0px;<!-- [et_pb_line_break_holder] -->}<!-- [et_pb_line_break_holder] --><!-- [et_pb_line_break_holder] --><!-- [et_pb_line_break_holder] -->\/*remove negative margins on blog featured image*\/<!-- [et_pb_line_break_holder] --><!-- [et_pb_line_break_holder] -->.et_pb_image_container {<!-- [et_pb_line_break_holder] -->\tmargin: 0;<!-- [et_pb_line_break_holder] -->}<!-- [et_pb_line_break_holder] --><!-- [et_pb_line_break_holder] --><!-- [et_pb_line_break_holder] -->\/*remove the margin below the featured image frame*\/<!-- [et_pb_line_break_holder] --><!-- [et_pb_line_break_holder] -->.et_pb_post .entry-featured-image-url {<!-- [et_pb_line_break_holder] -->\tmargin: 0;<!-- [et_pb_line_break_holder] -->}<!-- [et_pb_line_break_holder] --><!-- [et_pb_line_break_holder] --><!-- [et_pb_line_break_holder] --><!-- [et_pb_line_break_holder] -->.et_pb_blog_grid .entry-featured-image-url::before {<!-- [et_pb_line_break_holder] -->\tcontent: '';<!-- [et_pb_line_break_holder] -->\tposition: absolute;<!-- [et_pb_line_break_holder] -->\twidth: 100%;<!-- [et_pb_line_break_holder] -->\theight: 100%;<!-- [et_pb_line_break_holder] -->  overflow:hidden;<!-- [et_pb_line_break_holder] -->\tbackground-color: rgba(0, 0, 0, 0.25);<!-- [et_pb_line_break_holder] -->}<!-- [et_pb_line_break_holder] --><\/style>\n<p>[\/et_pb_code][et_pb_code _builder_version=\u00bb4.16&#8243; global_colors_info=\u00bb{}\u00bb][\/et_pb_code][\/et_pb_column][\/et_pb_section][et_pb_section fb_built=\u00bb1&#8243; _builder_version=\u00bb4.16&#8243; background_enable_color=\u00bboff\u00bb custom_padding=\u00bb0px||0px|||\u00bb global_colors_info=\u00bb{}\u00bb][et_pb_row column_structure=\u00bb1_3,1_3,1_3&#8243; use_custom_gutter=\u00bbon\u00bb _builder_version=\u00bb4.16&#8243; background_color=\u00bb#033332&#8243; global_colors_info=\u00bb{}\u00bb][et_pb_column type=\u00bb1_3&#8243; _builder_version=\u00bb4.16&#8243; global_colors_info=\u00bb{}\u00bb][et_pb_text _builder_version=\u00bb4.16&#8243; text_text_color=\u00bb#FFFFFF\u00bb text_font_size=\u00bb15px\u00bb text_line_height=\u00bb1.3em\u00bb header_text_color=\u00bb#FFFFFF\u00bb header_font_size=\u00bb15px\u00bb custom_margin=\u00bb|||10%|false|false\u00bb global_colors_info=\u00bb{}\u00bb]<\/p>\n<h1>SECCIONES<\/h1>\n<p><a style=\"color:white\" href=\"https:\/\/urbe.com.ar\/revista\/urbe\">Urbe<\/a><\/p>\n<p><a style=\"color:white\" href=\"https:\/\/urbe.com.ar\/revista\/artificios\">Artificios<\/a><\/p>\n<p><a style=\"color:white\" href=\"https:\/\/urbe.com.ar\/revista\/cultura\">Cultura<\/a><\/p>\n<p><a style=\"color:white\" href=\"https:\/\/urbe.com.ar\/revista\/opinion\">Opini\u00f3n<\/a><\/p>\n<p>[\/et_pb_text][\/et_pb_column][et_pb_column type=\u00bb1_3&#8243; _builder_version=\u00bb4.16&#8243; custom_padding=\u00bb||||false|false\u00bb global_colors_info=\u00bb{}\u00bb][et_pb_text _builder_version=\u00bb4.16&#8243; text_text_color=\u00bb#FFFFFF\u00bb text_font_size=\u00bb15px\u00bb header_text_color=\u00bb#FFFFFF\u00bb header_font_size=\u00bb15px\u00bb custom_margin=\u00bb|||10%|false|false\u00bb global_colors_info=\u00bb{}\u00bb]<\/p>\n<h1>CONTACTO<\/h1>\n<p>revista@urbe.com.ar<\/p>\n<p>[\/et_pb_text][et_pb_signup mailchimp_list=\u00bb818d09b04f\u00bb last_name_field=\u00bboff\u00bb success_message=\u00bbGracias por suscribirte!\u00bb title=\u00bbSUSCRIBITE\u00bb button_text=\u00bbsuscribirse\u00bb _builder_version=\u00bb4.16&#8243; header_level=\u00bbh1&#8243; header_font_size=\u00bb15px\u00bb header_line_height=\u00bb1.2em\u00bb body_text_align=\u00bbleft\u00bb result_message_text_align=\u00bbleft\u00bb result_message_font_size=\u00bb15px\u00bb background_enable_color=\u00bboff\u00bb use_background_color=\u00bboff\u00bb custom_button=\u00bbon\u00bb button_text_size=\u00bb20px\u00bb button_text_color=\u00bb#009fad\u00bb button_bg_color=\u00bb#a4e3e9&#8243; button_border_width=\u00bb0px\u00bb button_border_radius=\u00bb0px\u00bb max_width=\u00bb55%\u00bb custom_margin=\u00bb10%|||10%|false|false\u00bb border_radii_fields=\u00bbon|0px|0px|0px|0px\u00bb global_colors_info=\u00bb{}\u00bb][\/et_pb_signup][\/et_pb_column][et_pb_column type=\u00bb1_3&#8243; _builder_version=\u00bb4.16&#8243; global_colors_info=\u00bb{}\u00bb][et_pb_text _builder_version=\u00bb4.16&#8243; text_text_color=\u00bb#FFFFFF\u00bb header_text_color=\u00bb#FFFFFF\u00bb custom_margin=\u00bb|||10%|false|false\u00bb global_colors_info=\u00bb{}\u00bb]<\/p>\n<h1>LINKS<\/h1>\n<p><a style=\"color: inherit\"  href=\"https:\/\/filfem.com.ar\">filfem.com.ar<\/a><\/p>\n<p ><a style=\"color: inherit\" href=\"https:\/\/urbe.com.ar\/wp\">urbe.com.ar <\/a><\/p>\n<p>[\/et_pb_text][et_pb_social_media_follow _builder_version=\u00bb4.16&#8243; custom_margin=\u00bb10%|||10%|false|false\u00bb global_colors_info=\u00bb{}\u00bb][et_pb_social_media_follow_network social_network=\u00bbinstagram\u00bb url=\u00bbhttps:\/\/www.instagram.com\/revistaurbe\/?igshid=osawef034cfi\u00bb icon_color=\u00bb#033332&#8243; _builder_version=\u00bb4.16&#8243; background_color=\u00bb#FFFFFF\u00bb background_enable_color=\u00bbon\u00bb border_radii=\u00bbon|25px|25px|25px|25px\u00bb global_colors_info=\u00bb{}\u00bb follow_button=\u00bboff\u00bb url_new_window=\u00bbon\u00bb]instagram[\/et_pb_social_media_follow_network][et_pb_social_media_follow_network social_network=\u00bbtwitter\u00bb url=\u00bbhttps:\/\/twitter.com\/Revistaurbe_?s=12&#8243; icon_color=\u00bb#033332&#8243; _builder_version=\u00bb4.16&#8243; background_color=\u00bb#FFFFFF\u00bb background_enable_color=\u00bbon\u00bb border_radii=\u00bbon|25px|25px|25px|25px\u00bb global_colors_info=\u00bb{}\u00bb follow_button=\u00bboff\u00bb url_new_window=\u00bbon\u00bb]twitter[\/et_pb_social_media_follow_network][\/et_pb_social_media_follow][et_pb_text disabled_on=\u00bbon|on|on\u00bb _builder_version=\u00bb4.16&#8243; custom_margin=\u00bb10%|||10%|false|false\u00bb disabled=\u00bbon\u00bb global_colors_info=\u00bb{}\u00bb]<img data-recalc-dims=\"1\" loading=\"lazy\" decoding=\"async\" src=\"https:\/\/i0.wp.com\/urbe.com.ar\/revista\/wp-content\/uploads\/2020\/07\/facebook-blanco.png?resize=35%2C35&#038;ssl=1\" width=\"35\" height=\"35\" alt=\"\" class=\"wp-image-10 alignleft size-full\" \/><img data-recalc-dims=\"1\" loading=\"lazy\" decoding=\"async\" src=\"https:\/\/i0.wp.com\/urbe.com.ar\/revista\/wp-content\/uploads\/2020\/07\/instagram-blanco.png?resize=35%2C35&#038;ssl=1\" width=\"35\" height=\"35\" alt=\"\" class=\"wp-image-11 alignleft size-full\" \/><img data-recalc-dims=\"1\" loading=\"lazy\" decoding=\"async\" src=\"https:\/\/i0.wp.com\/urbe.com.ar\/revista\/wp-content\/uploads\/2020\/07\/twitter.png?resize=35%2C35&#038;ssl=1\" width=\"35\" height=\"35\" alt=\"\" class=\"wp-image-12 alignnone size-full\" \/>[\/et_pb_text][\/et_pb_column][\/et_pb_row][\/et_pb_section]<\/p>\n","protected":false},"excerpt":{"rendered":"<p>Por <b>Dante Sabatto<\/b><\/p>\n","protected":false},"author":10,"featured_media":6008,"comment_status":"closed","ping_status":"closed","sticky":false,"template":"","format":"standard","meta":{"_et_pb_use_builder":"on","_et_pb_old_content":"","_et_gb_content_width":"1080","_jetpack_memberships_contains_paid_content":false,"footnotes":""},"categories":[33],"tags":[],"class_list":["post-6007","post","type-post","status-publish","format-standard","has-post-thumbnail","hentry","category-artificios-artificios"],"yoast_head":"<!-- This site is optimized with the Yoast SEO plugin v27.5 - https:\/\/yoast.com\/product\/yoast-seo-wordpress\/ -->\n<title>LA RAZ\u00d3N PESIMISTA - Revista Urbe<\/title>\n<meta name=\"robots\" content=\"index, follow, max-snippet:-1, max-image-preview:large, max-video-preview:-1\" \/>\n<link rel=\"canonical\" href=\"https:\/\/urbe.com.ar\/revista\/la-razon-pesimista\/\" \/>\n<meta property=\"og:locale\" content=\"es_ES\" \/>\n<meta property=\"og:type\" content=\"article\" \/>\n<meta property=\"og:title\" content=\"LA RAZ\u00d3N PESIMISTA - Revista Urbe\" \/>\n<meta property=\"og:description\" content=\"Por Dante Sabatto\" \/>\n<meta property=\"og:url\" content=\"https:\/\/urbe.com.ar\/revista\/la-razon-pesimista\/\" \/>\n<meta property=\"og:site_name\" content=\"Revista Urbe\" \/>\n<meta property=\"article:published_time\" content=\"2022-05-14T14:20:20+00:00\" \/>\n<meta property=\"article:modified_time\" content=\"2023-06-03T22:38:20+00:00\" \/>\n<meta property=\"og:image\" content=\"https:\/\/urbe.com.ar\/revista\/wp-content\/uploads\/2022\/05\/La-razon-pesimista_Urbe_Home.jpg\" \/>\n\t<meta property=\"og:image:width\" content=\"1276\" \/>\n\t<meta property=\"og:image:height\" content=\"1149\" \/>\n\t<meta property=\"og:image:type\" content=\"image\/jpeg\" \/>\n<meta name=\"author\" content=\"Alejo Bernhardt\" \/>\n<meta name=\"twitter:card\" content=\"summary_large_image\" \/>\n<meta name=\"twitter:creator\" content=\"@Revistaurbe_\" \/>\n<meta name=\"twitter:site\" content=\"@Revistaurbe_\" \/>\n<meta name=\"twitter:label1\" content=\"Escrito por\" \/>\n\t<meta name=\"twitter:data1\" content=\"Alejo Bernhardt\" \/>\n<script type=\"application\/ld+json\" class=\"yoast-schema-graph\">{\"@context\":\"https:\\\/\\\/schema.org\",\"@graph\":[{\"@type\":\"Article\",\"@id\":\"https:\\\/\\\/urbe.com.ar\\\/revista\\\/la-razon-pesimista\\\/#article\",\"isPartOf\":{\"@id\":\"https:\\\/\\\/urbe.com.ar\\\/revista\\\/la-razon-pesimista\\\/\"},\"author\":{\"name\":\"Alejo Bernhardt\",\"@id\":\"https:\\\/\\\/urbe.com.ar\\\/revista\\\/#\\\/schema\\\/person\\\/4ddcf051fa628850264f4c6d61f63ee2\"},\"headline\":\"LA RAZ\u00d3N PESIMISTA\",\"datePublished\":\"2022-05-14T14:20:20+00:00\",\"dateModified\":\"2023-06-03T22:38:20+00:00\",\"mainEntityOfPage\":{\"@id\":\"https:\\\/\\\/urbe.com.ar\\\/revista\\\/la-razon-pesimista\\\/\"},\"wordCount\":4106,\"image\":{\"@id\":\"https:\\\/\\\/urbe.com.ar\\\/revista\\\/la-razon-pesimista\\\/#primaryimage\"},\"thumbnailUrl\":\"https:\\\/\\\/i0.wp.com\\\/urbe.com.ar\\\/revista\\\/wp-content\\\/uploads\\\/2022\\\/05\\\/La-razon-pesimista_Urbe_Home.jpg?fit=1276%2C1149&ssl=1\",\"articleSection\":[\"ARTIFICIOS\"],\"inLanguage\":\"es\"},{\"@type\":\"WebPage\",\"@id\":\"https:\\\/\\\/urbe.com.ar\\\/revista\\\/la-razon-pesimista\\\/\",\"url\":\"https:\\\/\\\/urbe.com.ar\\\/revista\\\/la-razon-pesimista\\\/\",\"name\":\"LA RAZ\u00d3N PESIMISTA - Revista Urbe\",\"isPartOf\":{\"@id\":\"https:\\\/\\\/urbe.com.ar\\\/revista\\\/#website\"},\"primaryImageOfPage\":{\"@id\":\"https:\\\/\\\/urbe.com.ar\\\/revista\\\/la-razon-pesimista\\\/#primaryimage\"},\"image\":{\"@id\":\"https:\\\/\\\/urbe.com.ar\\\/revista\\\/la-razon-pesimista\\\/#primaryimage\"},\"thumbnailUrl\":\"https:\\\/\\\/i0.wp.com\\\/urbe.com.ar\\\/revista\\\/wp-content\\\/uploads\\\/2022\\\/05\\\/La-razon-pesimista_Urbe_Home.jpg?fit=1276%2C1149&ssl=1\",\"datePublished\":\"2022-05-14T14:20:20+00:00\",\"dateModified\":\"2023-06-03T22:38:20+00:00\",\"author\":{\"@id\":\"https:\\\/\\\/urbe.com.ar\\\/revista\\\/#\\\/schema\\\/person\\\/4ddcf051fa628850264f4c6d61f63ee2\"},\"breadcrumb\":{\"@id\":\"https:\\\/\\\/urbe.com.ar\\\/revista\\\/la-razon-pesimista\\\/#breadcrumb\"},\"inLanguage\":\"es\",\"potentialAction\":[{\"@type\":\"ReadAction\",\"target\":[\"https:\\\/\\\/urbe.com.ar\\\/revista\\\/la-razon-pesimista\\\/\"]}]},{\"@type\":\"ImageObject\",\"inLanguage\":\"es\",\"@id\":\"https:\\\/\\\/urbe.com.ar\\\/revista\\\/la-razon-pesimista\\\/#primaryimage\",\"url\":\"https:\\\/\\\/i0.wp.com\\\/urbe.com.ar\\\/revista\\\/wp-content\\\/uploads\\\/2022\\\/05\\\/La-razon-pesimista_Urbe_Home.jpg?fit=1276%2C1149&ssl=1\",\"contentUrl\":\"https:\\\/\\\/i0.wp.com\\\/urbe.com.ar\\\/revista\\\/wp-content\\\/uploads\\\/2022\\\/05\\\/La-razon-pesimista_Urbe_Home.jpg?fit=1276%2C1149&ssl=1\",\"width\":1276,\"height\":1149},{\"@type\":\"BreadcrumbList\",\"@id\":\"https:\\\/\\\/urbe.com.ar\\\/revista\\\/la-razon-pesimista\\\/#breadcrumb\",\"itemListElement\":[{\"@type\":\"ListItem\",\"position\":1,\"name\":\"Portada\",\"item\":\"https:\\\/\\\/urbe.com.ar\\\/revista\\\/\"},{\"@type\":\"ListItem\",\"position\":2,\"name\":\"LA RAZ\u00d3N PESIMISTA\"}]},{\"@type\":\"WebSite\",\"@id\":\"https:\\\/\\\/urbe.com.ar\\\/revista\\\/#website\",\"url\":\"https:\\\/\\\/urbe.com.ar\\\/revista\\\/\",\"name\":\"Revista Urbe\",\"description\":\"\",\"potentialAction\":[{\"@type\":\"SearchAction\",\"target\":{\"@type\":\"EntryPoint\",\"urlTemplate\":\"https:\\\/\\\/urbe.com.ar\\\/revista\\\/?s={search_term_string}\"},\"query-input\":{\"@type\":\"PropertyValueSpecification\",\"valueRequired\":true,\"valueName\":\"search_term_string\"}}],\"inLanguage\":\"es\"},{\"@type\":\"Person\",\"@id\":\"https:\\\/\\\/urbe.com.ar\\\/revista\\\/#\\\/schema\\\/person\\\/4ddcf051fa628850264f4c6d61f63ee2\",\"name\":\"Alejo Bernhardt\",\"image\":{\"@type\":\"ImageObject\",\"inLanguage\":\"es\",\"@id\":\"https:\\\/\\\/secure.gravatar.com\\\/avatar\\\/e17892015a0b2fe0e47a8387056c05584647b09de53f1ac00adae78b2f4fb443?s=96&d=mm&r=g\",\"url\":\"https:\\\/\\\/secure.gravatar.com\\\/avatar\\\/e17892015a0b2fe0e47a8387056c05584647b09de53f1ac00adae78b2f4fb443?s=96&d=mm&r=g\",\"contentUrl\":\"https:\\\/\\\/secure.gravatar.com\\\/avatar\\\/e17892015a0b2fe0e47a8387056c05584647b09de53f1ac00adae78b2f4fb443?s=96&d=mm&r=g\",\"caption\":\"Alejo Bernhardt\"},\"url\":\"https:\\\/\\\/urbe.com.ar\\\/revista\\\/author\\\/alejo-bernhardt\\\/\"}]}<\/script>\n<!-- \/ Yoast SEO plugin. -->","yoast_head_json":{"title":"LA RAZ\u00d3N PESIMISTA - Revista Urbe","robots":{"index":"index","follow":"follow","max-snippet":"max-snippet:-1","max-image-preview":"max-image-preview:large","max-video-preview":"max-video-preview:-1"},"canonical":"https:\/\/urbe.com.ar\/revista\/la-razon-pesimista\/","og_locale":"es_ES","og_type":"article","og_title":"LA RAZ\u00d3N PESIMISTA - Revista Urbe","og_description":"Por Dante Sabatto","og_url":"https:\/\/urbe.com.ar\/revista\/la-razon-pesimista\/","og_site_name":"Revista Urbe","article_published_time":"2022-05-14T14:20:20+00:00","article_modified_time":"2023-06-03T22:38:20+00:00","og_image":[{"width":1276,"height":1149,"url":"https:\/\/urbe.com.ar\/revista\/wp-content\/uploads\/2022\/05\/La-razon-pesimista_Urbe_Home.jpg","type":"image\/jpeg"}],"author":"Alejo Bernhardt","twitter_card":"summary_large_image","twitter_creator":"@Revistaurbe_","twitter_site":"@Revistaurbe_","twitter_misc":{"Escrito por":"Alejo Bernhardt"},"schema":{"@context":"https:\/\/schema.org","@graph":[{"@type":"Article","@id":"https:\/\/urbe.com.ar\/revista\/la-razon-pesimista\/#article","isPartOf":{"@id":"https:\/\/urbe.com.ar\/revista\/la-razon-pesimista\/"},"author":{"name":"Alejo Bernhardt","@id":"https:\/\/urbe.com.ar\/revista\/#\/schema\/person\/4ddcf051fa628850264f4c6d61f63ee2"},"headline":"LA RAZ\u00d3N PESIMISTA","datePublished":"2022-05-14T14:20:20+00:00","dateModified":"2023-06-03T22:38:20+00:00","mainEntityOfPage":{"@id":"https:\/\/urbe.com.ar\/revista\/la-razon-pesimista\/"},"wordCount":4106,"image":{"@id":"https:\/\/urbe.com.ar\/revista\/la-razon-pesimista\/#primaryimage"},"thumbnailUrl":"https:\/\/i0.wp.com\/urbe.com.ar\/revista\/wp-content\/uploads\/2022\/05\/La-razon-pesimista_Urbe_Home.jpg?fit=1276%2C1149&ssl=1","articleSection":["ARTIFICIOS"],"inLanguage":"es"},{"@type":"WebPage","@id":"https:\/\/urbe.com.ar\/revista\/la-razon-pesimista\/","url":"https:\/\/urbe.com.ar\/revista\/la-razon-pesimista\/","name":"LA RAZ\u00d3N PESIMISTA - Revista Urbe","isPartOf":{"@id":"https:\/\/urbe.com.ar\/revista\/#website"},"primaryImageOfPage":{"@id":"https:\/\/urbe.com.ar\/revista\/la-razon-pesimista\/#primaryimage"},"image":{"@id":"https:\/\/urbe.com.ar\/revista\/la-razon-pesimista\/#primaryimage"},"thumbnailUrl":"https:\/\/i0.wp.com\/urbe.com.ar\/revista\/wp-content\/uploads\/2022\/05\/La-razon-pesimista_Urbe_Home.jpg?fit=1276%2C1149&ssl=1","datePublished":"2022-05-14T14:20:20+00:00","dateModified":"2023-06-03T22:38:20+00:00","author":{"@id":"https:\/\/urbe.com.ar\/revista\/#\/schema\/person\/4ddcf051fa628850264f4c6d61f63ee2"},"breadcrumb":{"@id":"https:\/\/urbe.com.ar\/revista\/la-razon-pesimista\/#breadcrumb"},"inLanguage":"es","potentialAction":[{"@type":"ReadAction","target":["https:\/\/urbe.com.ar\/revista\/la-razon-pesimista\/"]}]},{"@type":"ImageObject","inLanguage":"es","@id":"https:\/\/urbe.com.ar\/revista\/la-razon-pesimista\/#primaryimage","url":"https:\/\/i0.wp.com\/urbe.com.ar\/revista\/wp-content\/uploads\/2022\/05\/La-razon-pesimista_Urbe_Home.jpg?fit=1276%2C1149&ssl=1","contentUrl":"https:\/\/i0.wp.com\/urbe.com.ar\/revista\/wp-content\/uploads\/2022\/05\/La-razon-pesimista_Urbe_Home.jpg?fit=1276%2C1149&ssl=1","width":1276,"height":1149},{"@type":"BreadcrumbList","@id":"https:\/\/urbe.com.ar\/revista\/la-razon-pesimista\/#breadcrumb","itemListElement":[{"@type":"ListItem","position":1,"name":"Portada","item":"https:\/\/urbe.com.ar\/revista\/"},{"@type":"ListItem","position":2,"name":"LA RAZ\u00d3N PESIMISTA"}]},{"@type":"WebSite","@id":"https:\/\/urbe.com.ar\/revista\/#website","url":"https:\/\/urbe.com.ar\/revista\/","name":"Revista Urbe","description":"","potentialAction":[{"@type":"SearchAction","target":{"@type":"EntryPoint","urlTemplate":"https:\/\/urbe.com.ar\/revista\/?s={search_term_string}"},"query-input":{"@type":"PropertyValueSpecification","valueRequired":true,"valueName":"search_term_string"}}],"inLanguage":"es"},{"@type":"Person","@id":"https:\/\/urbe.com.ar\/revista\/#\/schema\/person\/4ddcf051fa628850264f4c6d61f63ee2","name":"Alejo Bernhardt","image":{"@type":"ImageObject","inLanguage":"es","@id":"https:\/\/secure.gravatar.com\/avatar\/e17892015a0b2fe0e47a8387056c05584647b09de53f1ac00adae78b2f4fb443?s=96&d=mm&r=g","url":"https:\/\/secure.gravatar.com\/avatar\/e17892015a0b2fe0e47a8387056c05584647b09de53f1ac00adae78b2f4fb443?s=96&d=mm&r=g","contentUrl":"https:\/\/secure.gravatar.com\/avatar\/e17892015a0b2fe0e47a8387056c05584647b09de53f1ac00adae78b2f4fb443?s=96&d=mm&r=g","caption":"Alejo Bernhardt"},"url":"https:\/\/urbe.com.ar\/revista\/author\/alejo-bernhardt\/"}]}},"jetpack_featured_media_url":"https:\/\/i0.wp.com\/urbe.com.ar\/revista\/wp-content\/uploads\/2022\/05\/La-razon-pesimista_Urbe_Home.jpg?fit=1276%2C1149&ssl=1","jetpack_sharing_enabled":true,"_links":{"self":[{"href":"https:\/\/urbe.com.ar\/revista\/wp-json\/wp\/v2\/posts\/6007","targetHints":{"allow":["GET"]}}],"collection":[{"href":"https:\/\/urbe.com.ar\/revista\/wp-json\/wp\/v2\/posts"}],"about":[{"href":"https:\/\/urbe.com.ar\/revista\/wp-json\/wp\/v2\/types\/post"}],"author":[{"embeddable":true,"href":"https:\/\/urbe.com.ar\/revista\/wp-json\/wp\/v2\/users\/10"}],"replies":[{"embeddable":true,"href":"https:\/\/urbe.com.ar\/revista\/wp-json\/wp\/v2\/comments?post=6007"}],"version-history":[{"count":8,"href":"https:\/\/urbe.com.ar\/revista\/wp-json\/wp\/v2\/posts\/6007\/revisions"}],"predecessor-version":[{"id":6028,"href":"https:\/\/urbe.com.ar\/revista\/wp-json\/wp\/v2\/posts\/6007\/revisions\/6028"}],"wp:featuredmedia":[{"embeddable":true,"href":"https:\/\/urbe.com.ar\/revista\/wp-json\/wp\/v2\/media\/6008"}],"wp:attachment":[{"href":"https:\/\/urbe.com.ar\/revista\/wp-json\/wp\/v2\/media?parent=6007"}],"wp:term":[{"taxonomy":"category","embeddable":true,"href":"https:\/\/urbe.com.ar\/revista\/wp-json\/wp\/v2\/categories?post=6007"},{"taxonomy":"post_tag","embeddable":true,"href":"https:\/\/urbe.com.ar\/revista\/wp-json\/wp\/v2\/tags?post=6007"}],"curies":[{"name":"wp","href":"https:\/\/api.w.org\/{rel}","templated":true}]}}