{"id":5989,"date":"2022-05-11T14:59:47","date_gmt":"2022-05-11T14:59:47","guid":{"rendered":"https:\/\/urbe.com.ar\/revista\/?p=5989"},"modified":"2023-06-03T19:04:22","modified_gmt":"2023-06-03T19:04:22","slug":"quiero-que-escuches-esto-i-elvana-gjata","status":"publish","type":"post","link":"https:\/\/urbe.com.ar\/revista\/quiero-que-escuches-esto-i-elvana-gjata\/","title":{"rendered":"QUIERO QUE ESCUCHES ESTO I: ELVANA GJATA"},"content":{"rendered":"\n[et_pb_section fb_built=\u00bb1&#8243; disabled_on=\u00bbon|on|on\u00bb _builder_version=\u00bb4.16&#8243; disabled=\u00bbon\u00bb global_colors_info=\u00bb{}\u00bb theme_builder_area=\u00bbpost_content\u00bb][et_pb_row _builder_version=\u00bb4.16&#8243; global_colors_info=\u00bb{}\u00bb theme_builder_area=\u00bbpost_content\u00bb][et_pb_column type=\u00bb4_4&#8243; _builder_version=\u00bb4.16&#8243; global_colors_info=\u00bb{}\u00bb theme_builder_area=\u00bbpost_content\u00bb][et_pb_text disabled_on=\u00bbon|on|on\u00bb _builder_version=\u00bb4.16.1&#8243; custom_padding=\u00bb||28px|||\u00bb disabled=\u00bbon\u00bb global_colors_info=\u00bb{}\u00bb theme_builder_area=\u00bbpost_content\u00bb]<p>Por Lula Fenomenoide<\/p>[\/et_pb_text][\/et_pb_column][\/et_pb_row][\/et_pb_section][et_pb_section fb_built=\u00bb1&#8243; use_custom_gutter=\u00bbon\u00bb gutter_width=\u00bb1&#8243; specialty=\u00bbon\u00bb padding_left_2=\u00bb1%\u00bb padding_top_bottom_link_1=\u00bbfalse\u00bb padding_top_bottom_link_2=\u00bbfalse\u00bb padding_left_right_link_1=\u00bbfalse\u00bb padding_left_right_link_2=\u00bbfalse\u00bb _builder_version=\u00bb4.16&#8243; custom_padding=\u00bb0px||0px|||\u00bb global_colors_info=\u00bb{}\u00bb theme_builder_area=\u00bbpost_content\u00bb][et_pb_column type=\u00bb2_3&#8243; specialty_columns=\u00bb2&#8243; _builder_version=\u00bb4.16&#8243; custom_padding=\u00bb|||\u00bb global_colors_info=\u00bb{}\u00bb custom_padding__hover=\u00bb|||\u00bb theme_builder_area=\u00bbpost_content\u00bb][et_pb_row_inner _builder_version=\u00bb4.16&#8243; background_color=\u00bb#ffffff\u00bb custom_padding=\u00bb0px||0px|||\u00bb global_colors_info=\u00bb{}\u00bb theme_builder_area=\u00bbpost_content\u00bb][et_pb_column_inner saved_specialty_column_type=\u00bb2_3&#8243; _builder_version=\u00bb4.16&#8243; global_colors_info=\u00bb{}\u00bb theme_builder_area=\u00bbpost_content\u00bb][et_pb_text _builder_version=\u00bb4.16.1&#8243; text_font=\u00bb|600|||||||\u00bb text_text_color=\u00bb#F2AF46&#8243; text_font_size=\u00bb18px\u00bb header_text_align=\u00bbcenter\u00bb header_font_size=\u00bb35px\u00bb custom_margin=\u00bb2%|0%|2%|0%|true|true\u00bb hover_enabled=\u00bb0&#8243; global_colors_info=\u00bb{}\u00bb theme_builder_area=\u00bbpost_content\u00bb sticky_enabled=\u00bb0&#8243;]<p>ARTIFICIOS<\/p>[\/et_pb_text][et_pb_text _builder_version=\u00bb4.16.1&#8243; header_font=\u00bb|700||on|||||\u00bb header_text_align=\u00bbleft\u00bb header_text_color=\u00bb#057E7E\u00bb custom_margin=\u00bb3%|0%|3%|0%|true|true\u00bb custom_padding=\u00bb|0%||0%|false|true\u00bb global_colors_info=\u00bb{}\u00bb theme_builder_area=\u00bbpost_content\u00bb]<h1>QUIERO QUE ESCUCHES ESTO I: ELVANA GJATA<\/h1>[\/et_pb_text][et_pb_text _builder_version=\u00bb4.16.1&#8243; text_font=\u00bb||||||||\u00bb text_text_color=\u00bb#057E7E\u00bb text_font_size=\u00bb18px\u00bb header_text_align=\u00bbcenter\u00bb header_text_color=\u00bb#057E7E\u00bb header_font_size=\u00bb35px\u00bb text_orientation=\u00bbjustified\u00bb custom_margin=\u00bb2%|0%|2%|0%|true|true\u00bb hover_enabled=\u00bb0&#8243; global_colors_info=\u00bb{}\u00bb theme_builder_area=\u00bbpost_content\u00bb sticky_enabled=\u00bb0&#8243;]<p><b>Por Lula Fenomenoide<\/b><br \/>11\/05\/2022<\/p>[\/et_pb_text][et_pb_image src=\u00bbhttps:\/\/urbe.com.ar\/revista\/wp-content\/uploads\/2022\/05\/QQEE1_Artificios_Portada-scaled.jpg\u00bb title_text=\u00bbQQEE1_Artificios_Portada\u00bb disabled_on=\u00bboff|off|off\u00bb _builder_version=\u00bb4.16.1&#8243; background_enable_image=\u00bboff\u00bb custom_margin=\u00bb5%|0%|5%|0%|true|true\u00bb custom_margin_tablet=\u00bb\u00bb custom_margin_phone=\u00bb6%|0%|6%|0%|true|true\u00bb custom_margin_last_edited=\u00bbon|phone\u00bb hover_enabled=\u00bb0&#8243; global_colors_info=\u00bb{}\u00bb theme_builder_area=\u00bbpost_content\u00bb sticky_enabled=\u00bb0&#8243;][\/et_pb_image][\/et_pb_column_inner][\/et_pb_row_inner][et_pb_row_inner column_structure=\u00bb1_2,1_2&#8243; use_custom_gutter=\u00bbon\u00bb gutter_width=\u00bb1&#8243; make_equal=\u00bbon\u00bb disabled_on=\u00bbon|off|off\u00bb _builder_version=\u00bb4.16&#8243; background_color=\u00bb#ffffff\u00bb custom_margin=\u00bb||||false|false\u00bb custom_padding=\u00bb0px||0px|0%|false|false\u00bb locked=\u00bboff\u00bb global_colors_info=\u00bb{}\u00bb theme_builder_area=\u00bbpost_content\u00bb][et_pb_column_inner type=\u00bb1_2&#8243; saved_specialty_column_type=\u00bb2_3&#8243; _builder_version=\u00bb4.16&#8243; background_color=\u00bb#ffffff\u00bb custom_css_main_element=\u00bbwidth: 60% !important;\u00bb global_colors_info=\u00bb{}\u00bb theme_builder_area=\u00bbpost_content\u00bb][\/et_pb_column_inner][et_pb_column_inner type=\u00bb1_2&#8243; saved_specialty_column_type=\u00bb2_3&#8243; _builder_version=\u00bb4.16&#8243; custom_css_main_element=\u00bb||width: 40% !important;||margin: auto;||display: flex;||flex-direction: column;||justify-content: center;\u00bb global_colors_info=\u00bb{}\u00bb theme_builder_area=\u00bbpost_content\u00bb][et_pb_code _builder_version=\u00bb4.16&#8243; text_orientation=\u00bbcenter\u00bb module_alignment=\u00bbcenter\u00bb custom_margin=\u00bb2%||2%||true|false\u00bb custom_padding=\u00bb|6.7%||6.7%|false|true\u00bb global_colors_info=\u00bb{}\u00bb theme_builder_area=\u00bbpost_content\u00bb]<div class=\"addtoany_shortcode\"><div class=\"a2a_kit a2a_kit_size_32 addtoany_list\" data-a2a-url=\"https:\/\/urbe.com.ar\/revista\/quiero-que-escuches-esto-i-elvana-gjata\/\" data-a2a-title=\"QUIERO QUE ESCUCHES ESTO I: ELVANA GJATA\"><a class=\"a2a_button_facebook\" href=\"https:\/\/www.addtoany.com\/add_to\/facebook?linkurl=https%3A%2F%2Furbe.com.ar%2Frevista%2Fquiero-que-escuches-esto-i-elvana-gjata%2F&amp;linkname=QUIERO%20QUE%20ESCUCHES%20ESTO%20I%3A%20ELVANA%20GJATA\" title=\"Facebook\" rel=\"nofollow noopener\" target=\"_blank\"><\/a><a class=\"a2a_button_whatsapp\" href=\"https:\/\/www.addtoany.com\/add_to\/whatsapp?linkurl=https%3A%2F%2Furbe.com.ar%2Frevista%2Fquiero-que-escuches-esto-i-elvana-gjata%2F&amp;linkname=QUIERO%20QUE%20ESCUCHES%20ESTO%20I%3A%20ELVANA%20GJATA\" title=\"WhatsApp\" rel=\"nofollow noopener\" target=\"_blank\"><\/a><a class=\"a2a_button_twitter\" href=\"https:\/\/www.addtoany.com\/add_to\/twitter?linkurl=https%3A%2F%2Furbe.com.ar%2Frevista%2Fquiero-que-escuches-esto-i-elvana-gjata%2F&amp;linkname=QUIERO%20QUE%20ESCUCHES%20ESTO%20I%3A%20ELVANA%20GJATA\" title=\"Twitter\" rel=\"nofollow noopener\" target=\"_blank\"><\/a><a class=\"a2a_button_email\" href=\"https:\/\/www.addtoany.com\/add_to\/email?linkurl=https%3A%2F%2Furbe.com.ar%2Frevista%2Fquiero-que-escuches-esto-i-elvana-gjata%2F&amp;linkname=QUIERO%20QUE%20ESCUCHES%20ESTO%20I%3A%20ELVANA%20GJATA\" title=\"Email\" rel=\"nofollow noopener\" target=\"_blank\"><\/a><a class=\"a2a_button_copy_link\" href=\"https:\/\/www.addtoany.com\/add_to\/copy_link?linkurl=https%3A%2F%2Furbe.com.ar%2Frevista%2Fquiero-que-escuches-esto-i-elvana-gjata%2F&amp;linkname=QUIERO%20QUE%20ESCUCHES%20ESTO%20I%3A%20ELVANA%20GJATA\" title=\"Copy Link\" rel=\"nofollow noopener\" target=\"_blank\"><\/a><\/div><\/div>[\/et_pb_code][\/et_pb_column_inner][\/et_pb_row_inner][et_pb_row_inner use_custom_gutter=\u00bbon\u00bb gutter_width=\u00bb1&#8243; make_equal=\u00bbon\u00bb disabled_on=\u00bboff|on|on\u00bb _builder_version=\u00bb4.16&#8243; background_color=\u00bb#ffffff\u00bb custom_margin=\u00bb||||false|false\u00bb custom_padding=\u00bb0px||0px|0%|false|false\u00bb locked=\u00bboff\u00bb global_colors_info=\u00bb{}\u00bb theme_builder_area=\u00bbpost_content\u00bb][et_pb_column_inner saved_specialty_column_type=\u00bb2_3&#8243; _builder_version=\u00bb4.16&#8243; background_color=\u00bb#ffffff\u00bb global_colors_info=\u00bb{}\u00bb theme_builder_area=\u00bbpost_content\u00bb][et_pb_code disabled_on=\u00bboff|off|off\u00bb _builder_version=\u00bb4.16&#8243; _module_preset=\u00bbdefault\u00bb text_orientation=\u00bbcenter\u00bb width=\u00bb100%\u00bb width_tablet=\u00bb\u00bb width_phone=\u00bb100%\u00bb width_last_edited=\u00bbon|phone\u00bb max_width=\u00bb100%\u00bb max_width_tablet=\u00bb\u00bb max_width_phone=\u00bb\u00bb max_width_last_edited=\u00bbon|tablet\u00bb module_alignment=\u00bbright\u00bb custom_margin_tablet=\u00bb\u00bb custom_margin_phone=\u00bb\u00bb custom_margin_last_edited=\u00bbon|phone\u00bb module_alignment_tablet=\u00bb\u00bb module_alignment_phone=\u00bbcenter\u00bb module_alignment_last_edited=\u00bbon|desktop\u00bb global_colors_info=\u00bb{}\u00bb theme_builder_area=\u00bbpost_content\u00bb]<div class=\"addtoany_shortcode\"><div class=\"a2a_kit a2a_kit_size_32 addtoany_list\" data-a2a-url=\"https:\/\/urbe.com.ar\/revista\/quiero-que-escuches-esto-i-elvana-gjata\/\" data-a2a-title=\"QUIERO QUE ESCUCHES ESTO I: ELVANA GJATA\"><a class=\"a2a_button_facebook\" href=\"https:\/\/www.addtoany.com\/add_to\/facebook?linkurl=https%3A%2F%2Furbe.com.ar%2Frevista%2Fquiero-que-escuches-esto-i-elvana-gjata%2F&amp;linkname=QUIERO%20QUE%20ESCUCHES%20ESTO%20I%3A%20ELVANA%20GJATA\" title=\"Facebook\" rel=\"nofollow noopener\" target=\"_blank\"><\/a><a class=\"a2a_button_whatsapp\" href=\"https:\/\/www.addtoany.com\/add_to\/whatsapp?linkurl=https%3A%2F%2Furbe.com.ar%2Frevista%2Fquiero-que-escuches-esto-i-elvana-gjata%2F&amp;linkname=QUIERO%20QUE%20ESCUCHES%20ESTO%20I%3A%20ELVANA%20GJATA\" title=\"WhatsApp\" rel=\"nofollow noopener\" target=\"_blank\"><\/a><a class=\"a2a_button_twitter\" href=\"https:\/\/www.addtoany.com\/add_to\/twitter?linkurl=https%3A%2F%2Furbe.com.ar%2Frevista%2Fquiero-que-escuches-esto-i-elvana-gjata%2F&amp;linkname=QUIERO%20QUE%20ESCUCHES%20ESTO%20I%3A%20ELVANA%20GJATA\" title=\"Twitter\" rel=\"nofollow noopener\" target=\"_blank\"><\/a><a class=\"a2a_button_email\" href=\"https:\/\/www.addtoany.com\/add_to\/email?linkurl=https%3A%2F%2Furbe.com.ar%2Frevista%2Fquiero-que-escuches-esto-i-elvana-gjata%2F&amp;linkname=QUIERO%20QUE%20ESCUCHES%20ESTO%20I%3A%20ELVANA%20GJATA\" title=\"Email\" rel=\"nofollow noopener\" target=\"_blank\"><\/a><a class=\"a2a_button_copy_link\" href=\"https:\/\/www.addtoany.com\/add_to\/copy_link?linkurl=https%3A%2F%2Furbe.com.ar%2Frevista%2Fquiero-que-escuches-esto-i-elvana-gjata%2F&amp;linkname=QUIERO%20QUE%20ESCUCHES%20ESTO%20I%3A%20ELVANA%20GJATA\" title=\"Copy Link\" rel=\"nofollow noopener\" target=\"_blank\"><\/a><\/div><\/div>[\/et_pb_code][\/et_pb_column_inner][\/et_pb_row_inner][et_pb_row_inner _builder_version=\u00bb4.16.1&#8243; background_color=\u00bb#ffffff\u00bb custom_padding=\u00bb0px||3px|0px||\u00bb global_colors_info=\u00bb{}\u00bb theme_builder_area=\u00bbpost_content\u00bb][et_pb_column_inner saved_specialty_column_type=\u00bb2_3&#8243; _builder_version=\u00bb4.16&#8243; global_colors_info=\u00bb{}\u00bb theme_builder_area=\u00bbpost_content\u00bb][et_pb_text _builder_version=\u00bb4.16.1&#8243; text_text_color=\u00bb#000000&#8243; text_font_size=\u00bb17px\u00bb text_line_height=\u00bb1.5em\u00bb custom_margin=\u00bb2%|0%|2%|0%|true|true\u00bb custom_padding=\u00bb||0px|||\u00bb text_font_size_tablet=\u00bb17px\u00bb text_font_size_phone=\u00bb16px\u00bb text_font_size_last_edited=\u00bbon|phone\u00bb inline_fonts=\u00bbABeeZee\u00bb global_colors_info=\u00bb{}\u00bb theme_builder_area=\u00bbpost_content\u00bb]<blockquote><\/blockquote>\n<p><span style=\"font-weight: 400;\">Bienvenidx a<\/span><b> Quiero que escuches esto<\/b><span style=\"font-weight: 400;\">, la primera columna del mundo sobre m\u00fasica no angloparlante.<\/span><\/p>\n<p><span style=\"font-weight: 400;\">Las notas que figurar\u00e1n bajo este nombre son escritas con una sola intenci\u00f3n: desviar un momento (cinco minutos, treinta segundos, una hora, lo que d\u00e9) la atenci\u00f3n de la m\u00fasica producida desde pa\u00edses, desde culturas, desde lenguas, desde cabezas angloparlantes.\u00a0<\/span><\/p>\n<p><span style=\"font-weight: 400;\">La colonizaci\u00f3n cultural es un hecho.<\/span><\/p>\n<p><span style=\"font-weight: 400;\">Todo el mercado cultural vira hacia \/ favorece el consumo de \/ obtura las posibilidades de evitar: productos angloparlantes.<\/span><\/p>\n<p><span style=\"font-weight: 400;\">Si viene de Estados Unidos, Australia o el RU,<\/span><\/p>\n<p><span style=\"font-weight: 400;\">Si viene de una ex colonia de alguno de estos \u00faltimos,<\/span><\/p>\n<p><span style=\"font-weight: 400;\">Si viene de cualquier otro pa\u00eds pero est\u00e1 cantado en ingl\u00e9s,<\/span><\/p>\n<p><span style=\"font-weight: 400;\">Ya tiene ventaja comercial.<\/span><\/p>\n<p><span style=\"font-weight: 400;\">Y m\u00e1s all\u00e1 de su eventual beneficio comercial,<\/span><\/p>\n<p><span style=\"font-weight: 400;\">Tiene el beneficio de nuestras atenciones. La m\u00eda, la tuya, la de todxs.<\/span><\/p>\n<p><span style=\"font-weight: 400;\">La atenci\u00f3n es un bien escaso.\u00a0<\/span><\/p>\n<p><span style=\"font-weight: 400;\">Seamos conscientes de qui\u00e9n \/ es ser\u00e1n sus destinatarixs.<\/span><\/p>\n<p><b>Hay m\u00fasica incre\u00edble all\u00e1 afuera, y afuera no es el mundo: afuera es todo lo que no sea anglo.<\/b><span style=\"font-weight: 400;\"> Esto \u00faltimo no lo digo yo: lo determin\u00f3 el mercado cultural hace mucho tiempo.\u00a0<\/span><\/p>\n<p><span style=\"font-weight: 400;\">(\u00bfSignifica esto que yo, que escribo, desprecie todo lo anglo? De ninguna manera. Disfruto much\u00edsimo de miles de artistas y de m\u00fasica anglo. Pero me parece importante recordar a los gritos que no es lo \u00fanico que existe. Ni es lo mejor. Solo es lo que esta circunstancia hist\u00f3rica nos ofrece a baldazos, nos empuja por la garganta, nos muestra desde que nos levantamos hasta que nos acostamos.)<\/span><\/p>\n<p><span style=\"font-weight: 400;\">Estas notas celebran todas las modas internacionales que desv\u00eden la atenci\u00f3n global de la oferta angloparlante:<\/span><\/p>\n<p><span style=\"font-weight: 400;\">&#8211; kpop<\/span><\/p>\n<p><span style=\"font-weight: 400;\">&#8211; reggaet\u00f3n y otros ritmos latinos<\/span><\/p>\n<p><span style=\"font-weight: 400;\">&#8211; math rock japon\u00e9s<\/span><\/p>\n<p><span style=\"font-weight: 400;\">&#8211; banda de sonido de pel\u00edculas francesas<\/span><\/p>\n<p><span style=\"font-weight: 400;\">&#8211; incluso la secci\u00f3n horriblemente nombrada \u201cm\u00fasica del mundo\u201d en las disquer\u00edas.<\/span><\/p>\n<p><span style=\"font-weight: 400;\">Escuch\u00e1 m\u00fasica de todas partes del mundo. <\/span><b>Escuch\u00e1 m\u00fasica que no est\u00e9 cantada en ingl\u00e9s ni tampoco en tu propio idioma. No importa no entender las palabras. Perderse de m\u00fasica hermosa por eso ser\u00eda tonto.<\/b><span style=\"font-weight: 400;\"> La m\u00fasica es incre\u00edble. Vos sos incre\u00edble. Te merec\u00e9s disfrutar toda la m\u00fasica. Sal\u00ed a buscarla.<\/span><\/p>\n<p><span style=\"font-weight: 400;\"><\/span><\/p>\n<p><span style=\"font-weight: 400;\"><\/span><\/p>[\/et_pb_text][et_pb_image src=\u00bbhttps:\/\/urbe.com.ar\/revista\/wp-content\/uploads\/2022\/05\/WhatsApp-Image-2022-05-11-at-8.22.20-AM.jpeg\u00bb _builder_version=\u00bb4.16.1&#8243; _module_preset=\u00bbdefault\u00bb theme_builder_area=\u00bbpost_content\u00bb title_text=\u00bbWhatsApp Image 2022-05-11 at 8.22.20 AM\u00bb hover_enabled=\u00bb0&#8243; sticky_enabled=\u00bb0&#8243; width=\u00bb26%\u00bb module_alignment=\u00bbleft\u00bb][\/et_pb_image][et_pb_image src=\u00bbhttps:\/\/urbe.com.ar\/revista\/wp-content\/uploads\/2022\/05\/WhatsApp-Image-2022-05-11-at-8.22.21-AM.jpeg\u00bb title_text=\u00bbWhatsApp Image 2022-05-11 at 8.22.21 AM\u00bb disabled_on=\u00bboff|off|off\u00bb _builder_version=\u00bb4.16.1&#8243; background_enable_image=\u00bboff\u00bb custom_margin=\u00bb0.2%|0%|0.2%|0%|true|true\u00bb custom_margin_tablet=\u00bb\u00bb custom_margin_phone=\u00bb6%|0%|6%|0%|true|true\u00bb custom_margin_last_edited=\u00bbon|phone\u00bb locked=\u00bboff\u00bb global_colors_info=\u00bb{}\u00bb theme_builder_area=\u00bbpost_content\u00bb hover_enabled=\u00bb0&#8243; sticky_enabled=\u00bb0&#8243;][\/et_pb_image][et_pb_text _builder_version=\u00bb4.16&#8243; text_text_color=\u00bb#000000&#8243; text_font_size=\u00bb17px\u00bb text_line_height=\u00bb1.5em\u00bb custom_margin=\u00bb2%|0%|2%|0%|true|true\u00bb text_font_size_tablet=\u00bb17px\u00bb text_font_size_phone=\u00bb16px\u00bb text_font_size_last_edited=\u00bbon|phone\u00bb global_colors_info=\u00bb{}\u00bb theme_builder_area=\u00bbpost_content\u00bb]<h1><\/h1>\n<p><span style=\"font-weight: 400;\"><\/span><\/p>\n<p><span style=\"font-size: xx-large; color: #057e7e;\"><b>QQEE: ELVANA GJATA<\/b><\/span><\/p>\n<p><span style=\"font-weight: 400;\">Hola, lector, lectriz, lectore. Bajo la voz un poco para ya pasar a la data concreta. Antes me presento: soy Lula, escuchar m\u00fasica es una parte importante de mi vida y quiero compartirla. Eso es todo lo que hay que saber por ahora.<\/span><\/p>\n<p><span style=\"font-weight: 400;\">La primera historia que les voy a contar empieza con el mejor de los algoritmos: el de Youtube.<\/span><\/p>\n<p><span style=\"font-weight: 400;\">Cuando la obtenci\u00f3n del primer Smartphone me devel\u00f3 la terrible realidad de que no se pod\u00eda escuchar m\u00fasica desde youtube y bloquear el celu o usar otras aplicaciones, me tir\u00e9 al piso y llor\u00e9 dos horas, despu\u00e9s me levant\u00e9, me son\u00e9 los mocos y google\u00e9 \u201cyoutube client Android\u201d. Apareci\u00f3 una aplicaci\u00f3n llamada Stream que funcionaba en segundo plano, aunque no permit\u00eda bloquear el celu. Todav\u00eda no se dec\u00eda as\u00ed pero pens\u00e9 en lo mismo que transmite la expresi\u00f3n <\/span><i><span style=\"font-weight: 400;\">messirve<\/span><\/i><span style=\"font-weight: 400;\">. Me la baj\u00e9 y segu\u00ed escuchando m\u00fasica desde youtube. Stream tiene lo m\u00e1s lindo de youtube: las sugerencias, gracias, qu\u00e9 bien suger\u00eds, youtube, qu\u00e9 suerte que no est\u00e1s al lado de ning\u00fan monarca. O s\u00ed, bueno, no s\u00e9, \u00bflo est\u00e1s?<\/span><\/p>\n<p><span style=\"font-weight: 400;\">(\u00bfSi sigo escribiendo youtube me beneficia en algo cibern\u00e9ticamente? \u00bfEs como lo de intencionar? Youtube youtube youtube youtube.)<\/span><\/p>\n<p><span style=\"font-weight: 400;\">No s\u00e9 bien si estaba escuchando alg\u00fan reggaepop o algo de los pa\u00edses eslavos que siempre me engualichan, pero en alg\u00fan viaje en bondi Stream me sugiri\u00f3 <\/span><strong><a href=\"https:\/\/www.youtube.com\/watch?v=tYKweOhJOq4&amp;ab_channel=ElvanaGjata\">este tema.<\/a><\/strong><\/p>\n<p><span style=\"font-weight: 400;\">Es reggaet\u00f3n y es pop, que es la receta del reggaepop, g\u00e9nero que me encanta y que cristaliza la reconfiguraci\u00f3n marketinera de la m\u00fasica occidental: la que va son los ritmos latinos <\/span><a href=\"https:\/\/www.youtube.com\/watch?v=fRh_vgS2dFE&amp;ab_channel=JustinBieberVEVO\"><span style=\"font-weight: 400;\"><strong>(\u00bfte acord\u00e1s cuando esto se hizo tan evidente que a Justin Bieber no le qued\u00f3 otra que subirse a la reggaetoneta?).<\/strong><\/span><\/a><span style=\"font-weight: 400;\"> Este tema va un paso m\u00e1s all\u00e1 y exige buscar de d\u00f3nde son lxs artistas.<\/span><\/p>\n<p><span style=\"font-weight: 400;\">Son de Albania.<\/span><\/p>\n<p><span style=\"font-weight: 400;\">Lejos de nuestra acostumbrada pronunciaci\u00f3n anglo \/m\u00e1ik\/, el nombre de este tema se dice tal cual lo leer\u00edamos en espa\u00f1ol, \/m\u00edke\/ y significa \u201cAmiga\u201d o \u201cNovia\u201d, seg\u00fan la traducci\u00f3n, en alban\u00e9s. M\u00e1s all\u00e1 del idioma, que parecer\u00eda infligir una regla \u2013no tendr\u00e1s llegada con nada que no sea en ingl\u00e9s, eventualmente en espa\u00f1ol-, el tema sigue todas las otras: tiene un riff de guitarrita al que despu\u00e9s entra el ritmo, un estribillo mega pegadizo, un muchachito que canta bien, otro que rapea y una chica que la rompe vocalmente y adem\u00e1s es hermos\u00edsima.\u00a0<\/span><\/p>\n<p><span style=\"font-weight: 400;\">Se llama Elvana Gjata y lo siguiente que me tira Stream es <\/span><a href=\"https:\/\/www.youtube.com\/watch?v=ebVPK91K2_k&amp;ab_channel=ElvanaGjata\"><span style=\"font-weight: 400;\"><strong>este otro reggaepop suyo<\/strong><\/span><\/a><span style=\"font-weight: 400;\">. Como estoy en el bondi veo tambi\u00e9n el video, me da much\u00edsimas ganas de bailar y pienso: <\/span><b>\u00bfpuede ser que otra vez se me pas\u00f3 esta data fundamental de que la gente en este peque\u00f1o pa\u00eds lejan\u00edsimo la est\u00e1 descosiendo en el juego inventado por Latinoam\u00e9rica?<\/b><\/p>\n<p><span style=\"font-weight: 400;\"><\/span><\/p>\n<p><span style=\"font-weight: 400;\"><\/span><\/p>[\/et_pb_text][et_pb_image src=\u00bbhttps:\/\/urbe.com.ar\/revista\/wp-content\/uploads\/2022\/05\/ab67616d0000b2733e294f89bfe72acf3e1ad2ba.jpg\u00bb title_text=\u00bbab67616d0000b2733e294f89bfe72acf3e1ad2ba\u00bb disabled_on=\u00bboff|off|off\u00bb _builder_version=\u00bb4.16.1&#8243; background_enable_image=\u00bboff\u00bb custom_margin=\u00bb-0.5%|0%|-0.5%|0%|true|true\u00bb custom_margin_tablet=\u00bb\u00bb custom_margin_phone=\u00bb6%|0%|6%|0%|true|true\u00bb custom_margin_last_edited=\u00bbon|phone\u00bb locked=\u00bboff\u00bb global_colors_info=\u00bb{}\u00bb theme_builder_area=\u00bbpost_content\u00bb hover_enabled=\u00bb0&#8243; sticky_enabled=\u00bb0&#8243;][\/et_pb_image][et_pb_image src=\u00bbhttps:\/\/urbe.com.ar\/revista\/wp-content\/uploads\/2022\/03\/DKS_600x600_CUBO-3D-01.png\u00bb alt=\u00bbYPF\u00bb url=\u00bbhttps:\/\/www.aa2000.com.ar\/\u00bb url_new_window=\u00bbon\u00bb force_fullwidth=\u00bbon\u00bb disabled_on=\u00bboff|on|on\u00bb _builder_version=\u00bb4.16.1&#8243; _module_preset=\u00bbdefault\u00bb custom_margin=\u00bb3%||3%||true|false\u00bb global_module=\u00bb5816&#8243; global_colors_info=\u00bb{}\u00bb theme_builder_area=\u00bbpost_content\u00bb hover_enabled=\u00bb0&#8243; sticky_enabled=\u00bb0&#8243;][\/et_pb_image][et_pb_text _builder_version=\u00bb4.16.1&#8243; text_text_color=\u00bb#000000&#8243; text_font_size=\u00bb17px\u00bb text_line_height=\u00bb1.5em\u00bb custom_margin=\u00bb-0.5%|0%|-0.5%|0%|true|true\u00bb text_font_size_tablet=\u00bb17px\u00bb text_font_size_phone=\u00bb16px\u00bb text_font_size_last_edited=\u00bbon|phone\u00bb global_colors_info=\u00bb{}\u00bb theme_builder_area=\u00bbpost_content\u00bb]<p><span style=\"font-weight: 400;\"><\/span><\/p>\n<p><span style=\"font-weight: 400;\"><\/span><\/p>\n<p><span style=\"font-weight: 400;\">Tiene un tema con Ty Dolla $ign que est\u00e1 en ingl\u00e9s. No pienso mal de ella ni me decepciono, otra vez, as\u00ed son las reglas y Elvana es muy buena para cerrarse a la proyecci\u00f3n que le impedir\u00eda la barrera ling\u00fc\u00edstica. Adem\u00e1s el tema est\u00e1 bueno.\u00a0<\/span><\/p>\n<p><span style=\"font-weight: 400;\">Pero casi como si viera a trav\u00e9s de las cortinas trasl\u00facidas de mis pensamientos de hacerme la rara, el mejor algoritmo me lleva a un par de temas de su tercer disco, un EP, llamado <\/span><i><span style=\"font-weight: 400;\">3<\/span><\/i><span style=\"font-weight: 400;\">. El primero que escucho se llama Xheloz (se dice \/cheli\u00f3s\/ y significa \u201cceloso\u201d) y tiene una melod\u00eda *beso en las puntas de los dedos* deliciosa. Ya no es reggaepop sino que suena a una m\u00fasica medio folkl\u00f3rica muy de una regi\u00f3n espec\u00edfica. Despu\u00e9s averiguo un poco sobre la m\u00fasica tradicional de los Balcanes y encuentro algunas correspondencias. Lo primero que pienso es que est\u00e1 haciendo lo que muchxs artistas cuando llegan a una posici\u00f3n de prestigio v\u00eda pagar cierto derecho de piso haciendo cosas muy comerciales: hacer versiones de cl\u00e1sicos de sus pa\u00edses o de algo muy lejano en el tiempo y en el ojo p\u00fablico. Pero no: tras una r\u00e1pida googleada veo que son temas coescritos con su productor, Pirro \u00c7ako (se dice \u201cChaco\u201d: \u00bfno es maravilloso?). <\/span><\/p>\n<p><span style=\"font-weight: 400;\"><\/span><\/p>[\/et_pb_text][et_pb_image src=\u00bbhttps:\/\/urbe.com.ar\/revista\/wp-content\/uploads\/2022\/05\/maxresdefault.jpg\u00bb _builder_version=\u00bb4.16.1&#8243; _module_preset=\u00bbdefault\u00bb theme_builder_area=\u00bbpost_content\u00bb title_text=\u00bbmaxresdefault\u00bb hover_enabled=\u00bb0&#8243; sticky_enabled=\u00bb0&#8243;][\/et_pb_image][et_pb_text _builder_version=\u00bb4.16&#8243; text_text_color=\u00bb#000000&#8243; text_font_size=\u00bb17px\u00bb text_line_height=\u00bb1.5em\u00bb custom_margin=\u00bb2%|0%|2%|0%|true|true\u00bb custom_padding=\u00bb||114px|||\u00bb text_font_size_tablet=\u00bb17px\u00bb text_font_size_phone=\u00bb16px\u00bb text_font_size_last_edited=\u00bbon|phone\u00bb global_colors_info=\u00bb{}\u00bb theme_builder_area=\u00bbpost_content\u00bb]<p><b>Desde cierto sentido com\u00fan, unx pensar\u00eda que para llegar a escuchar un EP de m\u00fasica albanesa hay que tener un recorrido musical rar\u00edsimo en la vida<\/b><span style=\"font-weight: 400;\">, o hacer una b\u00fasqueda muy intrincada con intenci\u00f3n de llegar eso, o un o\u00eddo muy especial para cosas espec\u00edficas y densas. Quiz\u00e1s no te esper\u00e1s que alguna vez la aleatoriedad de los hilos que mueven internet te lo sugiera, y seguramente no te esper\u00e1s escucharlo y mover las patitas. No te esper\u00e1s conocer a una artista enorme ni tararear con ella sus temas.\u00a0<\/span><\/p>\n<p><span style=\"font-weight: 400;\">De esto es que quiero hablar, en realidad, en estas notas. De recorridos musicales. De b\u00fasquedas, de c\u00f3mo se arma la banda sonora de una vida. Esta es la m\u00eda, y mi banda sonora se compone en parte de estas cositas con las que intento hacerle frente a la bota fantasmal de una industria que pisa nuestras cabezas con un tipo muy limitado de informaci\u00f3n. Sep\u00e1moslo: tiene que haber, y de hecho hay, tanto, tanto m\u00e1s all\u00e1 de las costas donde llega nuestro consumo\u2026 y debe de estar buen\u00edsimo, y ni nos lo esperamos. Esta vez, fue el mejor de todos los algoritmos, pero en las pr\u00f3ximas entregas les cuento otras formas de llegar a lo inesperado. Por ahora, quiero que escuches esto:<\/span><\/p>\n<p><span style=\"font-size: x-large;\"><strong><a href=\"https:\/\/open.spotify.com\/album\/0YJLjRajfOJrZ8FUmINs1B\">Elvana Gjata \u2013 3EP (2018)<\/a><\/strong><\/span><\/p>\n<h1><b><span style=\"font-size: large;\"><span style=\"font-weight: 400;\"><\/span><\/span><\/b><\/h1>\n<h1><b><span style=\"font-size: large;\"><span style=\"font-weight: 400;\">Y si te gust\u00f3, el a\u00f1o pasado sac\u00f3 un disco hermoso: <\/span><strong><span style=\"color: #0090ea;\"><a href=\"https:\/\/open.spotify.com\/album\/2cWD0qxgQ9iJVygAulU9ap\" style=\"color: #0090ea;\">\u00c7elu (2021)<\/a><\/span>.<\/strong><\/span><br \/><\/b><\/h1>[\/et_pb_text][et_pb_image src=\u00bbhttps:\/\/urbe.com.ar\/revista\/wp-content\/uploads\/2021\/05\/PaginaWeb_DivisorCultura-1.png\u00bb title_text=\u00bbP\u00e1ginaWeb_DivisorCultura\u00bb align=\u00bbcenter\u00bb _builder_version=\u00bb4.16&#8243; _module_preset=\u00bbdefault\u00bb global_colors_info=\u00bb{}\u00bb theme_builder_area=\u00bbpost_content\u00bb][\/et_pb_image][\/et_pb_column_inner][\/et_pb_row_inner][\/et_pb_column][et_pb_column type=\u00bb1_3&#8243; _builder_version=\u00bb4.16&#8243; custom_padding=\u00bb|||\u00bb global_colors_info=\u00bb{}\u00bb custom_padding__hover=\u00bb|||\u00bb theme_builder_area=\u00bbpost_content\u00bb][et_pb_image src=\u00bbhttps:\/\/urbe.com.ar\/revista\/wp-content\/uploads\/2022\/03\/DKS_600x600_CUBO-3D-01.png\u00bb alt=\u00bbYPF\u00bb url=\u00bbhttps:\/\/www.ypf.com\/Paginas\/home.aspx\u00bb url_new_window=\u00bbon\u00bb align=\u00bbcenter\u00bb disabled_on=\u00bbon|on|off\u00bb _builder_version=\u00bb4.16.1&#8243; custom_margin=\u00bb||20%|0%|false|false\u00bb hover_enabled=\u00bb0&#8243; global_module=\u00bb5784&#8243; saved_tabs=\u00bball\u00bb global_colors_info=\u00bb{}\u00bb src__hover_enabled=\u00bboff|desktop\u00bb src__hover=\u00bbhttps:\/\/urbe.com.ar\/revista\/wp-content\/uploads\/2021\/05\/PicsArt_05-28-11.17.58.png\u00bb theme_builder_area=\u00bbpost_content\u00bb sticky_enabled=\u00bb0&#8243;][\/et_pb_image][et_pb_blog fullwidth=\u00bboff\u00bb posts_number=\u00bb9&#8243; include_categories=\u00bb7,11,8,9,10&#8243; meta_date=\u00bbj M,Y\u00bb use_manual_excerpt=\u00bboff\u00bb excerpt_length=\u00bb80&#8243; show_author=\u00bboff\u00bb show_categories=\u00bboff\u00bb show_pagination=\u00bboff\u00bb masonry_tile_background_color=\u00bb#FFFFFF\u00bb disabled_on=\u00bbon|off|off\u00bb module_class=\u00bbpa-blog \u00bb _builder_version=\u00bb4.16&#8243; header_font=\u00bb|700|||||||\u00bb header_text_color=\u00bb#FFFFFF\u00bb header_font_size=\u00bb20px\u00bb body_font=\u00bb|600|||||||\u00bb body_text_color=\u00bb#FFFFFF\u00bb meta_text_color=\u00bb#FFFFFF\u00bb read_more_text_color=\u00bb#FFFFFF\u00bb background_color=\u00bb#FFFFFF\u00bb custom_margin=\u00bb-9%||1%||false|false\u00bb custom_margin_tablet=\u00bb0%||||false|false\u00bb custom_margin_phone=\u00bb\u00bb custom_margin_last_edited=\u00bbon|desktop\u00bb custom_padding=\u00bb||0px|||\u00bb header_text_shadow_style=\u00bbpreset3&#8243; header_text_shadow_color=\u00bb#000000&#8243; body_text_shadow_style=\u00bbpreset3&#8243; body_text_shadow_color=\u00bb#000000&#8243; meta_text_shadow_style=\u00bbpreset3&#8243; meta_text_shadow_color=\u00bb#000000&#8243; border_color_all_image=\u00bb#FFFFFF\u00bb border_width_top_image=\u00bb2px\u00bb text_shadow_style=\u00bbpreset3&#8243; text_shadow_blur_strength=\u00bb0.54em\u00bb text_shadow_color=\u00bb#000000&#8243; global_colors_info=\u00bb{}\u00bb theme_builder_area=\u00bbpost_content\u00bb][\/et_pb_blog][et_pb_code _builder_version=\u00bb4.16&#8243; _module_preset=\u00bbdefault\u00bb global_colors_info=\u00bb{}\u00bb theme_builder_area=\u00bbpost_content\u00bb]<style><!-- [et_pb_line_break_holder] -->  .pa-blog-text {<!-- [et_pb_line_break_holder] -->\tposition: absolute;<!-- [et_pb_line_break_holder] -->\ttop: 65%;<!-- [et_pb_line_break_holder] -->\tleft: 50%;<!-- [et_pb_line_break_holder] -->\ttransform: translate(-50%, -50%);<!-- [et_pb_line_break_holder] -->\twidth: 100%;<!-- [et_pb_line_break_holder] -->\tpadding: 20px;<!-- [et_pb_line_break_holder] -->\tz-index: 1;<!-- [et_pb_line_break_holder] -->}<!-- [et_pb_line_break_holder] --><!-- [et_pb_line_break_holder] --><!-- [et_pb_line_break_holder] -->\/*keep the moved items positioned with their parent items*\/<!-- [et_pb_line_break_holder] --><!-- [et_pb_line_break_holder] -->.et_pb_blog_grid article {<!-- [et_pb_line_break_holder] -->\tposition: relative;<!-- [et_pb_line_break_holder] --> <!-- [et_pb_line_break_holder] -->}<!-- [et_pb_line_break_holder] --><!-- [et_pb_line_break_holder] --><!-- [et_pb_line_break_holder] -->\/*remove spacing around entire blog post*\/<!-- [et_pb_line_break_holder] --><!-- [et_pb_line_break_holder] -->.et_pb_blog_grid .et_pb_post {<!-- [et_pb_line_break_holder] -->\tpadding: 0px;<!-- [et_pb_line_break_holder] -->}<!-- [et_pb_line_break_holder] --><!-- [et_pb_line_break_holder] --><!-- [et_pb_line_break_holder] -->\/*remove negative margins on blog featured image*\/<!-- [et_pb_line_break_holder] --><!-- [et_pb_line_break_holder] -->.et_pb_image_container {<!-- [et_pb_line_break_holder] -->\tmargin: 0;<!-- [et_pb_line_break_holder] -->}<!-- [et_pb_line_break_holder] --><!-- [et_pb_line_break_holder] --><!-- [et_pb_line_break_holder] -->\/*remove the margin below the featured image frame*\/<!-- [et_pb_line_break_holder] --><!-- [et_pb_line_break_holder] -->.et_pb_post .entry-featured-image-url {<!-- [et_pb_line_break_holder] -->\tmargin: 0;<!-- [et_pb_line_break_holder] -->}<!-- [et_pb_line_break_holder] --><!-- [et_pb_line_break_holder] --><!-- [et_pb_line_break_holder] --><!-- [et_pb_line_break_holder] -->.et_pb_blog_grid .entry-featured-image-url::before {<!-- [et_pb_line_break_holder] -->\tcontent: '';<!-- [et_pb_line_break_holder] -->\tposition: absolute;<!-- [et_pb_line_break_holder] -->\twidth: 100%;<!-- [et_pb_line_break_holder] -->\theight: 100%;<!-- [et_pb_line_break_holder] -->  overflow:hidden;<!-- [et_pb_line_break_holder] -->\tbackground-color: rgba(0, 0, 0, 0.25);<!-- [et_pb_line_break_holder] -->}<!-- [et_pb_line_break_holder] --><\/style>[\/et_pb_code][et_pb_code _builder_version=\u00bb4.16&#8243; global_colors_info=\u00bb{}\u00bb theme_builder_area=\u00bbpost_content\u00bb][\/et_pb_code][\/et_pb_column][\/et_pb_section]\n","protected":false},"excerpt":{"rendered":"<p>Por <b>Lula Fenomenoide<\/b><\/p>\n","protected":false},"author":10,"featured_media":5991,"comment_status":"closed","ping_status":"closed","sticky":false,"template":"","format":"standard","meta":{"_et_pb_use_builder":"on","_et_pb_old_content":"","_et_gb_content_width":"1080","_jetpack_memberships_contains_paid_content":false,"footnotes":""},"categories":[26],"tags":[],"class_list":["post-5989","post","type-post","status-publish","format-standard","has-post-thumbnail","hentry","category-musica"],"yoast_head":"<!-- This site is optimized with the Yoast SEO plugin v27.5 - https:\/\/yoast.com\/product\/yoast-seo-wordpress\/ -->\n<title>QUIERO QUE ESCUCHES ESTO I: ELVANA GJATA - Revista Urbe<\/title>\n<meta name=\"robots\" content=\"index, follow, max-snippet:-1, max-image-preview:large, max-video-preview:-1\" \/>\n<link rel=\"canonical\" href=\"https:\/\/urbe.com.ar\/revista\/quiero-que-escuches-esto-i-elvana-gjata\/\" \/>\n<meta property=\"og:locale\" content=\"es_ES\" \/>\n<meta property=\"og:type\" content=\"article\" \/>\n<meta property=\"og:title\" content=\"QUIERO QUE ESCUCHES ESTO I: ELVANA GJATA - Revista Urbe\" \/>\n<meta property=\"og:description\" content=\"Por Lula Fenomenoide\" \/>\n<meta property=\"og:url\" content=\"https:\/\/urbe.com.ar\/revista\/quiero-que-escuches-esto-i-elvana-gjata\/\" \/>\n<meta property=\"og:site_name\" content=\"Revista Urbe\" \/>\n<meta property=\"article:published_time\" content=\"2022-05-11T14:59:47+00:00\" \/>\n<meta property=\"article:modified_time\" content=\"2023-06-03T19:04:22+00:00\" \/>\n<meta property=\"og:image\" content=\"https:\/\/urbe.com.ar\/revista\/wp-content\/uploads\/2022\/05\/QQEE1_Artificios_Home.jpg\" \/>\n\t<meta property=\"og:image:width\" content=\"2551\" \/>\n\t<meta property=\"og:image:height\" content=\"2296\" \/>\n\t<meta property=\"og:image:type\" content=\"image\/jpeg\" \/>\n<meta name=\"author\" content=\"Alejo Bernhardt\" \/>\n<meta name=\"twitter:card\" content=\"summary_large_image\" \/>\n<meta name=\"twitter:creator\" content=\"@Revistaurbe_\" \/>\n<meta name=\"twitter:site\" content=\"@Revistaurbe_\" \/>\n<meta name=\"twitter:label1\" content=\"Escrito por\" \/>\n\t<meta name=\"twitter:data1\" content=\"Alejo Bernhardt\" \/>\n\t<meta name=\"twitter:label2\" content=\"Tiempo de lectura\" \/>\n\t<meta name=\"twitter:data2\" content=\"8 minutos\" \/>\n<script type=\"application\/ld+json\" class=\"yoast-schema-graph\">{\"@context\":\"https:\\\/\\\/schema.org\",\"@graph\":[{\"@type\":\"Article\",\"@id\":\"https:\\\/\\\/urbe.com.ar\\\/revista\\\/quiero-que-escuches-esto-i-elvana-gjata\\\/#article\",\"isPartOf\":{\"@id\":\"https:\\\/\\\/urbe.com.ar\\\/revista\\\/quiero-que-escuches-esto-i-elvana-gjata\\\/\"},\"author\":{\"name\":\"Alejo Bernhardt\",\"@id\":\"https:\\\/\\\/urbe.com.ar\\\/revista\\\/#\\\/schema\\\/person\\\/4ddcf051fa628850264f4c6d61f63ee2\"},\"headline\":\"QUIERO QUE ESCUCHES ESTO I: ELVANA GJATA\",\"datePublished\":\"2022-05-11T14:59:47+00:00\",\"dateModified\":\"2023-06-03T19:04:22+00:00\",\"mainEntityOfPage\":{\"@id\":\"https:\\\/\\\/urbe.com.ar\\\/revista\\\/quiero-que-escuches-esto-i-elvana-gjata\\\/\"},\"wordCount\":2964,\"image\":{\"@id\":\"https:\\\/\\\/urbe.com.ar\\\/revista\\\/quiero-que-escuches-esto-i-elvana-gjata\\\/#primaryimage\"},\"thumbnailUrl\":\"https:\\\/\\\/i0.wp.com\\\/urbe.com.ar\\\/revista\\\/wp-content\\\/uploads\\\/2022\\\/05\\\/QQEE1_Artificios_Home.jpg?fit=2551%2C2296&ssl=1\",\"articleSection\":[\"M\u00daSICA\"],\"inLanguage\":\"es\"},{\"@type\":\"WebPage\",\"@id\":\"https:\\\/\\\/urbe.com.ar\\\/revista\\\/quiero-que-escuches-esto-i-elvana-gjata\\\/\",\"url\":\"https:\\\/\\\/urbe.com.ar\\\/revista\\\/quiero-que-escuches-esto-i-elvana-gjata\\\/\",\"name\":\"QUIERO QUE ESCUCHES ESTO I: ELVANA GJATA - Revista Urbe\",\"isPartOf\":{\"@id\":\"https:\\\/\\\/urbe.com.ar\\\/revista\\\/#website\"},\"primaryImageOfPage\":{\"@id\":\"https:\\\/\\\/urbe.com.ar\\\/revista\\\/quiero-que-escuches-esto-i-elvana-gjata\\\/#primaryimage\"},\"image\":{\"@id\":\"https:\\\/\\\/urbe.com.ar\\\/revista\\\/quiero-que-escuches-esto-i-elvana-gjata\\\/#primaryimage\"},\"thumbnailUrl\":\"https:\\\/\\\/i0.wp.com\\\/urbe.com.ar\\\/revista\\\/wp-content\\\/uploads\\\/2022\\\/05\\\/QQEE1_Artificios_Home.jpg?fit=2551%2C2296&ssl=1\",\"datePublished\":\"2022-05-11T14:59:47+00:00\",\"dateModified\":\"2023-06-03T19:04:22+00:00\",\"author\":{\"@id\":\"https:\\\/\\\/urbe.com.ar\\\/revista\\\/#\\\/schema\\\/person\\\/4ddcf051fa628850264f4c6d61f63ee2\"},\"breadcrumb\":{\"@id\":\"https:\\\/\\\/urbe.com.ar\\\/revista\\\/quiero-que-escuches-esto-i-elvana-gjata\\\/#breadcrumb\"},\"inLanguage\":\"es\",\"potentialAction\":[{\"@type\":\"ReadAction\",\"target\":[\"https:\\\/\\\/urbe.com.ar\\\/revista\\\/quiero-que-escuches-esto-i-elvana-gjata\\\/\"]}]},{\"@type\":\"ImageObject\",\"inLanguage\":\"es\",\"@id\":\"https:\\\/\\\/urbe.com.ar\\\/revista\\\/quiero-que-escuches-esto-i-elvana-gjata\\\/#primaryimage\",\"url\":\"https:\\\/\\\/i0.wp.com\\\/urbe.com.ar\\\/revista\\\/wp-content\\\/uploads\\\/2022\\\/05\\\/QQEE1_Artificios_Home.jpg?fit=2551%2C2296&ssl=1\",\"contentUrl\":\"https:\\\/\\\/i0.wp.com\\\/urbe.com.ar\\\/revista\\\/wp-content\\\/uploads\\\/2022\\\/05\\\/QQEE1_Artificios_Home.jpg?fit=2551%2C2296&ssl=1\",\"width\":2551,\"height\":2296},{\"@type\":\"BreadcrumbList\",\"@id\":\"https:\\\/\\\/urbe.com.ar\\\/revista\\\/quiero-que-escuches-esto-i-elvana-gjata\\\/#breadcrumb\",\"itemListElement\":[{\"@type\":\"ListItem\",\"position\":1,\"name\":\"Portada\",\"item\":\"https:\\\/\\\/urbe.com.ar\\\/revista\\\/\"},{\"@type\":\"ListItem\",\"position\":2,\"name\":\"QUIERO QUE ESCUCHES ESTO I: ELVANA GJATA\"}]},{\"@type\":\"WebSite\",\"@id\":\"https:\\\/\\\/urbe.com.ar\\\/revista\\\/#website\",\"url\":\"https:\\\/\\\/urbe.com.ar\\\/revista\\\/\",\"name\":\"Revista Urbe\",\"description\":\"\",\"potentialAction\":[{\"@type\":\"SearchAction\",\"target\":{\"@type\":\"EntryPoint\",\"urlTemplate\":\"https:\\\/\\\/urbe.com.ar\\\/revista\\\/?s={search_term_string}\"},\"query-input\":{\"@type\":\"PropertyValueSpecification\",\"valueRequired\":true,\"valueName\":\"search_term_string\"}}],\"inLanguage\":\"es\"},{\"@type\":\"Person\",\"@id\":\"https:\\\/\\\/urbe.com.ar\\\/revista\\\/#\\\/schema\\\/person\\\/4ddcf051fa628850264f4c6d61f63ee2\",\"name\":\"Alejo Bernhardt\",\"image\":{\"@type\":\"ImageObject\",\"inLanguage\":\"es\",\"@id\":\"https:\\\/\\\/secure.gravatar.com\\\/avatar\\\/e17892015a0b2fe0e47a8387056c05584647b09de53f1ac00adae78b2f4fb443?s=96&d=mm&r=g\",\"url\":\"https:\\\/\\\/secure.gravatar.com\\\/avatar\\\/e17892015a0b2fe0e47a8387056c05584647b09de53f1ac00adae78b2f4fb443?s=96&d=mm&r=g\",\"contentUrl\":\"https:\\\/\\\/secure.gravatar.com\\\/avatar\\\/e17892015a0b2fe0e47a8387056c05584647b09de53f1ac00adae78b2f4fb443?s=96&d=mm&r=g\",\"caption\":\"Alejo Bernhardt\"},\"url\":\"https:\\\/\\\/urbe.com.ar\\\/revista\\\/author\\\/alejo-bernhardt\\\/\"}]}<\/script>\n<!-- \/ Yoast SEO plugin. -->","yoast_head_json":{"title":"QUIERO QUE ESCUCHES ESTO I: ELVANA GJATA - Revista Urbe","robots":{"index":"index","follow":"follow","max-snippet":"max-snippet:-1","max-image-preview":"max-image-preview:large","max-video-preview":"max-video-preview:-1"},"canonical":"https:\/\/urbe.com.ar\/revista\/quiero-que-escuches-esto-i-elvana-gjata\/","og_locale":"es_ES","og_type":"article","og_title":"QUIERO QUE ESCUCHES ESTO I: ELVANA GJATA - Revista Urbe","og_description":"Por Lula Fenomenoide","og_url":"https:\/\/urbe.com.ar\/revista\/quiero-que-escuches-esto-i-elvana-gjata\/","og_site_name":"Revista Urbe","article_published_time":"2022-05-11T14:59:47+00:00","article_modified_time":"2023-06-03T19:04:22+00:00","og_image":[{"width":2551,"height":2296,"url":"https:\/\/urbe.com.ar\/revista\/wp-content\/uploads\/2022\/05\/QQEE1_Artificios_Home.jpg","type":"image\/jpeg"}],"author":"Alejo Bernhardt","twitter_card":"summary_large_image","twitter_creator":"@Revistaurbe_","twitter_site":"@Revistaurbe_","twitter_misc":{"Escrito por":"Alejo Bernhardt","Tiempo de lectura":"8 minutos"},"schema":{"@context":"https:\/\/schema.org","@graph":[{"@type":"Article","@id":"https:\/\/urbe.com.ar\/revista\/quiero-que-escuches-esto-i-elvana-gjata\/#article","isPartOf":{"@id":"https:\/\/urbe.com.ar\/revista\/quiero-que-escuches-esto-i-elvana-gjata\/"},"author":{"name":"Alejo Bernhardt","@id":"https:\/\/urbe.com.ar\/revista\/#\/schema\/person\/4ddcf051fa628850264f4c6d61f63ee2"},"headline":"QUIERO QUE ESCUCHES ESTO I: ELVANA GJATA","datePublished":"2022-05-11T14:59:47+00:00","dateModified":"2023-06-03T19:04:22+00:00","mainEntityOfPage":{"@id":"https:\/\/urbe.com.ar\/revista\/quiero-que-escuches-esto-i-elvana-gjata\/"},"wordCount":2964,"image":{"@id":"https:\/\/urbe.com.ar\/revista\/quiero-que-escuches-esto-i-elvana-gjata\/#primaryimage"},"thumbnailUrl":"https:\/\/i0.wp.com\/urbe.com.ar\/revista\/wp-content\/uploads\/2022\/05\/QQEE1_Artificios_Home.jpg?fit=2551%2C2296&ssl=1","articleSection":["M\u00daSICA"],"inLanguage":"es"},{"@type":"WebPage","@id":"https:\/\/urbe.com.ar\/revista\/quiero-que-escuches-esto-i-elvana-gjata\/","url":"https:\/\/urbe.com.ar\/revista\/quiero-que-escuches-esto-i-elvana-gjata\/","name":"QUIERO QUE ESCUCHES ESTO I: ELVANA GJATA - Revista Urbe","isPartOf":{"@id":"https:\/\/urbe.com.ar\/revista\/#website"},"primaryImageOfPage":{"@id":"https:\/\/urbe.com.ar\/revista\/quiero-que-escuches-esto-i-elvana-gjata\/#primaryimage"},"image":{"@id":"https:\/\/urbe.com.ar\/revista\/quiero-que-escuches-esto-i-elvana-gjata\/#primaryimage"},"thumbnailUrl":"https:\/\/i0.wp.com\/urbe.com.ar\/revista\/wp-content\/uploads\/2022\/05\/QQEE1_Artificios_Home.jpg?fit=2551%2C2296&ssl=1","datePublished":"2022-05-11T14:59:47+00:00","dateModified":"2023-06-03T19:04:22+00:00","author":{"@id":"https:\/\/urbe.com.ar\/revista\/#\/schema\/person\/4ddcf051fa628850264f4c6d61f63ee2"},"breadcrumb":{"@id":"https:\/\/urbe.com.ar\/revista\/quiero-que-escuches-esto-i-elvana-gjata\/#breadcrumb"},"inLanguage":"es","potentialAction":[{"@type":"ReadAction","target":["https:\/\/urbe.com.ar\/revista\/quiero-que-escuches-esto-i-elvana-gjata\/"]}]},{"@type":"ImageObject","inLanguage":"es","@id":"https:\/\/urbe.com.ar\/revista\/quiero-que-escuches-esto-i-elvana-gjata\/#primaryimage","url":"https:\/\/i0.wp.com\/urbe.com.ar\/revista\/wp-content\/uploads\/2022\/05\/QQEE1_Artificios_Home.jpg?fit=2551%2C2296&ssl=1","contentUrl":"https:\/\/i0.wp.com\/urbe.com.ar\/revista\/wp-content\/uploads\/2022\/05\/QQEE1_Artificios_Home.jpg?fit=2551%2C2296&ssl=1","width":2551,"height":2296},{"@type":"BreadcrumbList","@id":"https:\/\/urbe.com.ar\/revista\/quiero-que-escuches-esto-i-elvana-gjata\/#breadcrumb","itemListElement":[{"@type":"ListItem","position":1,"name":"Portada","item":"https:\/\/urbe.com.ar\/revista\/"},{"@type":"ListItem","position":2,"name":"QUIERO QUE ESCUCHES ESTO I: ELVANA GJATA"}]},{"@type":"WebSite","@id":"https:\/\/urbe.com.ar\/revista\/#website","url":"https:\/\/urbe.com.ar\/revista\/","name":"Revista Urbe","description":"","potentialAction":[{"@type":"SearchAction","target":{"@type":"EntryPoint","urlTemplate":"https:\/\/urbe.com.ar\/revista\/?s={search_term_string}"},"query-input":{"@type":"PropertyValueSpecification","valueRequired":true,"valueName":"search_term_string"}}],"inLanguage":"es"},{"@type":"Person","@id":"https:\/\/urbe.com.ar\/revista\/#\/schema\/person\/4ddcf051fa628850264f4c6d61f63ee2","name":"Alejo Bernhardt","image":{"@type":"ImageObject","inLanguage":"es","@id":"https:\/\/secure.gravatar.com\/avatar\/e17892015a0b2fe0e47a8387056c05584647b09de53f1ac00adae78b2f4fb443?s=96&d=mm&r=g","url":"https:\/\/secure.gravatar.com\/avatar\/e17892015a0b2fe0e47a8387056c05584647b09de53f1ac00adae78b2f4fb443?s=96&d=mm&r=g","contentUrl":"https:\/\/secure.gravatar.com\/avatar\/e17892015a0b2fe0e47a8387056c05584647b09de53f1ac00adae78b2f4fb443?s=96&d=mm&r=g","caption":"Alejo Bernhardt"},"url":"https:\/\/urbe.com.ar\/revista\/author\/alejo-bernhardt\/"}]}},"jetpack_featured_media_url":"https:\/\/i0.wp.com\/urbe.com.ar\/revista\/wp-content\/uploads\/2022\/05\/QQEE1_Artificios_Home.jpg?fit=2551%2C2296&ssl=1","jetpack_sharing_enabled":true,"_links":{"self":[{"href":"https:\/\/urbe.com.ar\/revista\/wp-json\/wp\/v2\/posts\/5989","targetHints":{"allow":["GET"]}}],"collection":[{"href":"https:\/\/urbe.com.ar\/revista\/wp-json\/wp\/v2\/posts"}],"about":[{"href":"https:\/\/urbe.com.ar\/revista\/wp-json\/wp\/v2\/types\/post"}],"author":[{"embeddable":true,"href":"https:\/\/urbe.com.ar\/revista\/wp-json\/wp\/v2\/users\/10"}],"replies":[{"embeddable":true,"href":"https:\/\/urbe.com.ar\/revista\/wp-json\/wp\/v2\/comments?post=5989"}],"version-history":[{"count":4,"href":"https:\/\/urbe.com.ar\/revista\/wp-json\/wp\/v2\/posts\/5989\/revisions"}],"predecessor-version":[{"id":6004,"href":"https:\/\/urbe.com.ar\/revista\/wp-json\/wp\/v2\/posts\/5989\/revisions\/6004"}],"wp:featuredmedia":[{"embeddable":true,"href":"https:\/\/urbe.com.ar\/revista\/wp-json\/wp\/v2\/media\/5991"}],"wp:attachment":[{"href":"https:\/\/urbe.com.ar\/revista\/wp-json\/wp\/v2\/media?parent=5989"}],"wp:term":[{"taxonomy":"category","embeddable":true,"href":"https:\/\/urbe.com.ar\/revista\/wp-json\/wp\/v2\/categories?post=5989"},{"taxonomy":"post_tag","embeddable":true,"href":"https:\/\/urbe.com.ar\/revista\/wp-json\/wp\/v2\/tags?post=5989"}],"curies":[{"name":"wp","href":"https:\/\/api.w.org\/{rel}","templated":true}]}}