{"id":5937,"date":"2022-04-30T15:08:22","date_gmt":"2022-04-30T15:08:22","guid":{"rendered":"https:\/\/urbe.com.ar\/revista\/?p=5937"},"modified":"2023-06-03T22:39:45","modified_gmt":"2023-06-03T22:39:45","slug":"el-menemismo-hoy","status":"publish","type":"post","link":"https:\/\/urbe.com.ar\/revista\/el-menemismo-hoy\/","title":{"rendered":"EL MENEMISMO HOY"},"content":{"rendered":"\n[et_pb_section fb_built=\u00bb1&#8243; disabled_on=\u00bbon|on|on\u00bb _builder_version=\u00bb4.16&#8243; disabled=\u00bbon\u00bb global_colors_info=\u00bb{}\u00bb][et_pb_row _builder_version=\u00bb4.16&#8243; global_colors_info=\u00bb{}\u00bb][et_pb_column type=\u00bb4_4&#8243; _builder_version=\u00bb4.16&#8243; global_colors_info=\u00bb{}\u00bb][et_pb_text disabled_on=\u00bbon|on|on\u00bb _builder_version=\u00bb4.16.1&#8243; custom_padding=\u00bb||28px|||\u00bb hover_enabled=\u00bb0&#8243; disabled=\u00bbon\u00bb global_colors_info=\u00bb{}\u00bb sticky_enabled=\u00bb0&#8243;]<p>Por Dante Sabatto<\/p>[\/et_pb_text][\/et_pb_column][\/et_pb_row][\/et_pb_section][et_pb_section fb_built=\u00bb1&#8243; use_custom_gutter=\u00bbon\u00bb gutter_width=\u00bb1&#8243; specialty=\u00bbon\u00bb padding_left_2=\u00bb1%\u00bb padding_top_bottom_link_1=\u00bbfalse\u00bb padding_top_bottom_link_2=\u00bbfalse\u00bb padding_left_right_link_1=\u00bbfalse\u00bb padding_left_right_link_2=\u00bbfalse\u00bb _builder_version=\u00bb4.16&#8243; custom_padding=\u00bb0px||0px|||\u00bb global_colors_info=\u00bb{}\u00bb][et_pb_column type=\u00bb2_3&#8243; specialty_columns=\u00bb2&#8243; _builder_version=\u00bb4.16&#8243; custom_padding=\u00bb|||\u00bb global_colors_info=\u00bb{}\u00bb custom_padding__hover=\u00bb|||\u00bb][et_pb_row_inner _builder_version=\u00bb4.16&#8243; background_color=\u00bb#ffffff\u00bb custom_padding=\u00bb0px||0px|||\u00bb global_colors_info=\u00bb{}\u00bb][et_pb_column_inner saved_specialty_column_type=\u00bb2_3&#8243; _builder_version=\u00bb4.16&#8243; global_colors_info=\u00bb{}\u00bb][et_pb_text _builder_version=\u00bb4.16.1&#8243; text_font=\u00bb|600|||||||\u00bb text_text_color=\u00bb#F2AF46&#8243; text_font_size=\u00bb18px\u00bb header_text_align=\u00bbcenter\u00bb header_font_size=\u00bb35px\u00bb custom_margin=\u00bb2%|0%|2%|0%|true|true\u00bb hover_enabled=\u00bb0&#8243; global_colors_info=\u00bb{}\u00bb sticky_enabled=\u00bb0&#8243;]<p>URBE<\/p>[\/et_pb_text][et_pb_text _builder_version=\u00bb4.16&#8243; header_font=\u00bb|700||on|||||\u00bb header_text_align=\u00bbleft\u00bb header_text_color=\u00bb#057E7E\u00bb custom_margin=\u00bb3%|0%|3%|0%|true|true\u00bb custom_padding=\u00bb|0%||0%|false|true\u00bb global_colors_info=\u00bb{}\u00bb]<h1>EL MENEMISMO HOY<\/h1>[\/et_pb_text][et_pb_text _builder_version=\u00bb4.16.1&#8243; text_font=\u00bb||||||||\u00bb text_text_color=\u00bb#057E7E\u00bb text_font_size=\u00bb18px\u00bb header_text_align=\u00bbcenter\u00bb header_text_color=\u00bb#057E7E\u00bb header_font_size=\u00bb35px\u00bb text_orientation=\u00bbjustified\u00bb custom_margin=\u00bb2%|0%|2%|0%|true|true\u00bb global_colors_info=\u00bb{}\u00bb]<p><b>Por Dante Sabatto<\/b><br \/>30\/04\/2022<\/p>[\/et_pb_text][et_pb_image src=\u00bbhttps:\/\/urbe.com.ar\/revista\/wp-content\/uploads\/2022\/04\/El-menemismo-hoy_Urbe_Portada-scaled.jpg\u00bb title_text=\u00bbEl menemismo hoy_Urbe_Portada\u00bb disabled_on=\u00bboff|off|off\u00bb _builder_version=\u00bb4.16.1&#8243; background_enable_image=\u00bboff\u00bb custom_margin=\u00bb5%|0%|5%|0%|true|true\u00bb custom_margin_tablet=\u00bb\u00bb custom_margin_phone=\u00bb6%|0%|6%|0%|true|true\u00bb custom_margin_last_edited=\u00bbon|phone\u00bb hover_enabled=\u00bb0&#8243; global_colors_info=\u00bb{}\u00bb sticky_enabled=\u00bb0&#8243;][\/et_pb_image][\/et_pb_column_inner][\/et_pb_row_inner][et_pb_row_inner column_structure=\u00bb1_2,1_2&#8243; use_custom_gutter=\u00bbon\u00bb gutter_width=\u00bb1&#8243; make_equal=\u00bbon\u00bb disabled_on=\u00bbon|off|off\u00bb _builder_version=\u00bb4.16&#8243; background_color=\u00bb#ffffff\u00bb custom_margin=\u00bb||||false|false\u00bb custom_padding=\u00bb0px||0px|0%|false|false\u00bb locked=\u00bboff\u00bb global_colors_info=\u00bb{}\u00bb][et_pb_column_inner type=\u00bb1_2&#8243; saved_specialty_column_type=\u00bb2_3&#8243; _builder_version=\u00bb4.16&#8243; background_color=\u00bb#ffffff\u00bb custom_css_main_element=\u00bbwidth: 60% !important;\u00bb global_colors_info=\u00bb{}\u00bb][\/et_pb_column_inner][et_pb_column_inner type=\u00bb1_2&#8243; saved_specialty_column_type=\u00bb2_3&#8243; _builder_version=\u00bb4.16&#8243; custom_css_main_element=\u00bb||width: 40% !important;||margin: auto;||display: flex;||flex-direction: column;||justify-content: center;\u00bb global_colors_info=\u00bb{}\u00bb][et_pb_code _builder_version=\u00bb4.16&#8243; text_orientation=\u00bbcenter\u00bb module_alignment=\u00bbcenter\u00bb custom_margin=\u00bb2%||2%||true|false\u00bb custom_padding=\u00bb|6.7%||6.7%|false|true\u00bb global_colors_info=\u00bb{}\u00bb]<div class=\"addtoany_shortcode\"><div class=\"a2a_kit a2a_kit_size_32 addtoany_list\" data-a2a-url=\"https:\/\/urbe.com.ar\/revista\/el-menemismo-hoy\/\" data-a2a-title=\"EL MENEMISMO HOY\"><a class=\"a2a_button_facebook\" href=\"https:\/\/www.addtoany.com\/add_to\/facebook?linkurl=https%3A%2F%2Furbe.com.ar%2Frevista%2Fel-menemismo-hoy%2F&amp;linkname=EL%20MENEMISMO%20HOY\" title=\"Facebook\" rel=\"nofollow noopener\" target=\"_blank\"><\/a><a class=\"a2a_button_whatsapp\" href=\"https:\/\/www.addtoany.com\/add_to\/whatsapp?linkurl=https%3A%2F%2Furbe.com.ar%2Frevista%2Fel-menemismo-hoy%2F&amp;linkname=EL%20MENEMISMO%20HOY\" title=\"WhatsApp\" rel=\"nofollow noopener\" target=\"_blank\"><\/a><a class=\"a2a_button_twitter\" href=\"https:\/\/www.addtoany.com\/add_to\/twitter?linkurl=https%3A%2F%2Furbe.com.ar%2Frevista%2Fel-menemismo-hoy%2F&amp;linkname=EL%20MENEMISMO%20HOY\" title=\"Twitter\" rel=\"nofollow noopener\" target=\"_blank\"><\/a><a class=\"a2a_button_email\" href=\"https:\/\/www.addtoany.com\/add_to\/email?linkurl=https%3A%2F%2Furbe.com.ar%2Frevista%2Fel-menemismo-hoy%2F&amp;linkname=EL%20MENEMISMO%20HOY\" title=\"Email\" rel=\"nofollow noopener\" target=\"_blank\"><\/a><a class=\"a2a_button_copy_link\" href=\"https:\/\/www.addtoany.com\/add_to\/copy_link?linkurl=https%3A%2F%2Furbe.com.ar%2Frevista%2Fel-menemismo-hoy%2F&amp;linkname=EL%20MENEMISMO%20HOY\" title=\"Copy Link\" rel=\"nofollow noopener\" target=\"_blank\"><\/a><\/div><\/div>[\/et_pb_code][\/et_pb_column_inner][\/et_pb_row_inner][et_pb_row_inner use_custom_gutter=\u00bbon\u00bb gutter_width=\u00bb1&#8243; make_equal=\u00bbon\u00bb disabled_on=\u00bboff|on|on\u00bb _builder_version=\u00bb4.16&#8243; background_color=\u00bb#ffffff\u00bb custom_margin=\u00bb||||false|false\u00bb custom_padding=\u00bb0px||0px|0%|false|false\u00bb locked=\u00bboff\u00bb global_colors_info=\u00bb{}\u00bb][et_pb_column_inner saved_specialty_column_type=\u00bb2_3&#8243; _builder_version=\u00bb4.16&#8243; background_color=\u00bb#ffffff\u00bb global_colors_info=\u00bb{}\u00bb][et_pb_code disabled_on=\u00bboff|off|off\u00bb _builder_version=\u00bb4.16&#8243; _module_preset=\u00bbdefault\u00bb text_orientation=\u00bbcenter\u00bb width=\u00bb100%\u00bb width_tablet=\u00bb\u00bb width_phone=\u00bb100%\u00bb width_last_edited=\u00bbon|phone\u00bb max_width=\u00bb100%\u00bb max_width_tablet=\u00bb\u00bb max_width_phone=\u00bb\u00bb max_width_last_edited=\u00bbon|tablet\u00bb module_alignment=\u00bbright\u00bb custom_margin_tablet=\u00bb\u00bb custom_margin_phone=\u00bb\u00bb custom_margin_last_edited=\u00bbon|phone\u00bb module_alignment_tablet=\u00bb\u00bb module_alignment_phone=\u00bbcenter\u00bb module_alignment_last_edited=\u00bbon|desktop\u00bb global_colors_info=\u00bb{}\u00bb]<div class=\"addtoany_shortcode\"><div class=\"a2a_kit a2a_kit_size_32 addtoany_list\" data-a2a-url=\"https:\/\/urbe.com.ar\/revista\/el-menemismo-hoy\/\" data-a2a-title=\"EL MENEMISMO HOY\"><a class=\"a2a_button_facebook\" href=\"https:\/\/www.addtoany.com\/add_to\/facebook?linkurl=https%3A%2F%2Furbe.com.ar%2Frevista%2Fel-menemismo-hoy%2F&amp;linkname=EL%20MENEMISMO%20HOY\" title=\"Facebook\" rel=\"nofollow noopener\" target=\"_blank\"><\/a><a class=\"a2a_button_whatsapp\" href=\"https:\/\/www.addtoany.com\/add_to\/whatsapp?linkurl=https%3A%2F%2Furbe.com.ar%2Frevista%2Fel-menemismo-hoy%2F&amp;linkname=EL%20MENEMISMO%20HOY\" title=\"WhatsApp\" rel=\"nofollow noopener\" target=\"_blank\"><\/a><a class=\"a2a_button_twitter\" href=\"https:\/\/www.addtoany.com\/add_to\/twitter?linkurl=https%3A%2F%2Furbe.com.ar%2Frevista%2Fel-menemismo-hoy%2F&amp;linkname=EL%20MENEMISMO%20HOY\" title=\"Twitter\" rel=\"nofollow noopener\" target=\"_blank\"><\/a><a class=\"a2a_button_email\" href=\"https:\/\/www.addtoany.com\/add_to\/email?linkurl=https%3A%2F%2Furbe.com.ar%2Frevista%2Fel-menemismo-hoy%2F&amp;linkname=EL%20MENEMISMO%20HOY\" title=\"Email\" rel=\"nofollow noopener\" target=\"_blank\"><\/a><a class=\"a2a_button_copy_link\" href=\"https:\/\/www.addtoany.com\/add_to\/copy_link?linkurl=https%3A%2F%2Furbe.com.ar%2Frevista%2Fel-menemismo-hoy%2F&amp;linkname=EL%20MENEMISMO%20HOY\" title=\"Copy Link\" rel=\"nofollow noopener\" target=\"_blank\"><\/a><\/div><\/div>[\/et_pb_code][\/et_pb_column_inner][\/et_pb_row_inner][et_pb_row_inner _builder_version=\u00bb4.16.1&#8243; background_color=\u00bb#ffffff\u00bb custom_padding=\u00bb0px||3px|0px||\u00bb global_colors_info=\u00bb{}\u00bb][et_pb_column_inner saved_specialty_column_type=\u00bb2_3&#8243; _builder_version=\u00bb4.16&#8243; global_colors_info=\u00bb{}\u00bb][et_pb_text _builder_version=\u00bb4.16.1&#8243; text_text_color=\u00bb#000000&#8243; text_font_size=\u00bb17px\u00bb text_line_height=\u00bb1.5em\u00bb custom_margin=\u00bb2%|0%|2%|0%|true|true\u00bb custom_padding=\u00bb||0px|||\u00bb text_font_size_tablet=\u00bb17px\u00bb text_font_size_phone=\u00bb16px\u00bb text_font_size_last_edited=\u00bbon|phone\u00bb global_colors_info=\u00bb{}\u00bb]<blockquote>\n<p><span style=\"color: #057e7e;\"><span style=\"font-size: large;\"><strong>\u201c\u00bfNo fue el <i>affaire<\/i><\/strong><\/span><span style=\"font-weight: 400;\"><span style=\"font-size: large;\"><strong> Fukuyama -y el de los discursos neoliberales similares- una operaci\u00f3n historiogr\u00e1fica al estilo de las vanguardias art\u00edsticas y pol\u00edticas de d\u00e9cadas anteriores, consistente en descalificar a sus rivales expuls\u00e1ndolos del presente por nost\u00e1lgicos, anacr\u00f3nicos, extempor\u00e1neos?\u201d<\/strong><\/span>\u00a0<\/span><\/span><\/p>\n<p><span style=\"font-weight: 400; color: #057e7e;\"><\/span><\/p>\n<p><span style=\"font-weight: 400; color: #057e7e;\"><\/span><\/p>\n<p><span style=\"font-weight: 400; color: #057e7e;\"><\/span><\/p>\n<p><span style=\"font-weight: 400; color: #057e7e;\"><\/span><\/p>\n<p><span style=\"font-weight: 400; color: #057e7e;\"><\/span><\/p>\n<p><span style=\"font-weight: 400; color: #057e7e;\"><\/span><\/p>\n<p><span style=\"color: #057e7e;\">\u00a0<\/span><\/p>\n<p><span style=\"color: #057e7e;\"><span style=\"font-weight: 400;\">&#8211; Ezequiel Gatto, <\/span><i><span style=\"font-weight: 400;\">Futuridades<\/span><\/i><\/span><\/p>\n<\/blockquote>\n<p><span style=\"font-size: x-large;\"><strong>\u00bfAlguien sabe qu\u00e9 es el menemismo?<\/strong><\/span><\/p>\n<p><span style=\"font-weight: 400;\">La pregunta va en serio. El t\u00e9rmino es en s\u00ed polis\u00e9mico: remite a la vez a un gobierno (la administraci\u00f3n Menem, de 1989 a 1999) y a una ideolog\u00eda (de definici\u00f3n vaga pero f\u00e1cil de hallar). A la vez, es el nombre de una \u00c9poca, mucho m\u00e1s que una gesti\u00f3n: \u201clos 90\u201d, trascendiendo los l\u00edmites naturales de los a\u00f1os, son el menemismo. Tambi\u00e9n remite a un estilo, una forma cultural: una pel\u00edcula puede ser \u201cmenemista\u201d m\u00e1s all\u00e1 de sus presupuestos pol\u00edticos. \u00bfY qui\u00e9nes son \u201cmenemistas\u201d? \u00bfAquellas personas que efectivamente formaron parte del dispositivo de poder de los 90, o aquellas que creyeron en \u00e9l?<\/span><\/p>\n<p><b>El menemismo es el nombre de una contradicci\u00f3n<\/b><span style=\"font-weight: 400;\">. La lectura de la irrupci\u00f3n del riojano como traici\u00f3n es sencilla, porque es indiscutiblemente cierta: el nuevo modelo quebr\u00f3 todos los presupuestos del \u201cviejo peronismo\u201d: fue anti industrial, pro occidental (en el sentido de pro Estados Unidos), anti estatal, y al fin y al cabo, profundamente liberal. Sin embargo, durante a\u00f1os gran parte del justicialismo ha reclamado su pertenencia a la historia del movimiento: en funci\u00f3n de su pragmatismo, en funci\u00f3n de su realismo, en funci\u00f3n de su indudable arraigo de apoyo en los sectores populares, en funci\u00f3n de su claro v\u00ednculo con la cultura popular nacional.<\/span><\/p>\n<p><span style=\"font-weight: 400;\">Pero <\/span><i><span style=\"font-weight: 400;\">el debate<\/span><\/i><span style=\"font-weight: 400;\"> sobre el menemismo y su legado no se da en un vac\u00edo ni en el puro arte de la ret\u00f3rica. Una de las principales operaciones del kirchnerismo fue la ruptura de los lazos con el justicialismo de la d\u00e9cada previa y la construcci\u00f3n de una nueva hegemon\u00eda basada expl\u00edcitamente en su impugnaci\u00f3n. En la cita que abre esta nota, el fil\u00f3sofo Ezequiel Gatto sostiene que incluso el conservadurismo es en s\u00ed una hip\u00f3tesis sobre el futuro: traduciendo su reflexi\u00f3n sobre el neoliberalismo al caso argentino, <\/span><b>el menemismo triunf\u00f3 como modelo durante una d\u00e9cada no solo por la estabilizaci\u00f3n econ\u00f3mica post hiperinflaci\u00f3n, sino por su capacidad de construir una imagen de futuro.<\/b><\/p>\n<p><span style=\"font-weight: 400;\">Esa misma jugada hizo el kirchnerismo sobre el menemismo, desde el discurso de asunci\u00f3n de N\u00e9stor Kirchner en 2003.<\/span><\/p>\n<p><span style=\"font-weight: 400;\">\u00bfQu\u00e9 pasa en 2022 con el menemismo? Juntos por el Cambio se pelea abiertamente: cuando Macri convoca su fantasma, Morales conjura contra el neoliberalismo. Milei juega un equilibrio endeble entre el reconocimiento certero de su legado, el cuestionamiento por derecha y la posibilidad de articular \u201clo nuevo\u201d.<\/span><\/p>\n<p><span style=\"font-weight: 400;\">Un d\u00eda, Carlos Sa\u00fal se sent\u00f3 con el bloque de senadores del Frente de Todos, en la misma mesa que otros dos expresidentes: CFK y Adolfo Rodr\u00edguez Sa\u00e1; era una nueva imagen de reconciliaci\u00f3n casi urquizista. <\/span><b>Un d\u00eda, Carlos Sa\u00fal muri\u00f3 y la vicepresidenta abraz\u00f3 a Zulema en el funeral. Estos gestos reactivaron un debate p\u00fablico por <\/b><b><i>los restos de Menem<\/i><\/b><b>.\u00a0<\/b><\/p>\n<p><span style=\"font-weight: 400;\">En esta nota, quiero invitar a pensar el menemismo <\/span><i><span style=\"font-weight: 400;\">hoy<\/span><\/i><span style=\"font-weight: 400;\">, su vigencia, su fantasma. Lo haremos mediante tres ejes: econom\u00eda, autoridad, cultura.<\/span><\/p>\n<p><span style=\"font-weight: 400;\"><\/span><\/p>\n<p><span style=\"font-weight: 400;\"><\/span><\/p>[\/et_pb_text][et_pb_image src=\u00bbhttps:\/\/urbe.com.ar\/revista\/wp-content\/uploads\/2022\/04\/Menem-1.jpg\u00bb title_text=\u00bbMenem 1&#8243; disabled_on=\u00bboff|off|off\u00bb _builder_version=\u00bb4.16.1&#8243; background_enable_image=\u00bboff\u00bb custom_margin=\u00bb0.2%|0%|0.2%|0%|true|true\u00bb custom_margin_tablet=\u00bb\u00bb custom_margin_phone=\u00bb6%|0%|6%|0%|true|true\u00bb custom_margin_last_edited=\u00bbon|phone\u00bb locked=\u00bboff\u00bb global_colors_info=\u00bb{}\u00bb][\/et_pb_image][et_pb_text _builder_version=\u00bb4.16&#8243; text_text_color=\u00bb#000000&#8243; text_font_size=\u00bb17px\u00bb text_line_height=\u00bb1.5em\u00bb custom_margin=\u00bb2%|0%|2%|0%|true|true\u00bb text_font_size_tablet=\u00bb17px\u00bb text_font_size_phone=\u00bb16px\u00bb text_font_size_last_edited=\u00bbon|phone\u00bb global_colors_info=\u00bb{}\u00bb]<h1><span style=\"font-size: large;\"><b><span style=\"color: #057e7e;\">1.<\/span> La imaginaci\u00f3n (econ\u00f3mica) al poder<\/b><\/span><\/h1>\n<p><span style=\"font-weight: 400;\">Las an\u00e9cdotas difieren: algunas, por ejemplo, sostienen que la verdadera paternidad de la Convertibilidad corresponde a Juan Jos\u00e9 Llach, en ese entonces Jefe de Asesores. Pero la historia ha determinado que es Domingo Cavallo quien salv\u00f3 al pa\u00eds de una crisis que ya se extend\u00eda hac\u00eda media d\u00e9cada. Lo hizo con la ecuaci\u00f3n m\u00e1s sencilla del mundo: 1 = 1. Una tautolog\u00eda.<\/span><\/p>\n<p><span style=\"font-weight: 400;\">La inflaci\u00f3n era un problema relativamente \u201cnuevo\u201d en la Argentina, al menos en su forma estructural. El modelo industrializador que hab\u00eda regido hasta 1976 hab\u00eda sido inestable, r\u00edgido, por momentos francamente incoherente, pero no un modelo de alta inflaci\u00f3n. Hab\u00eda habido crisis de alza de precios, pero la suba consistente que caracterizaba al pa\u00eds en la d\u00e9cada del 80 era una novedad. Son conocidos los planes de estabilizaci\u00f3n del alfonsinismo: el moderadamente exitoso Austral, el fracasado Primavera. Es m\u00e1s bien olvidado el per\u00edodo de llegada de Menem: 1989-1991, menemismo con alta inflaci\u00f3n y una nueva h\u00edper. El contexto que pari\u00f3 el uno a uno.<\/span><\/p>\n<p><b>Se tiende a pensar la Convertibilidad en t\u00e9rminos pol\u00edticos m\u00e1s que econ\u00f3micos: como la jugada que baraj\u00f3 y dio de nuevo. Las consecuencias de esto son problem\u00e1ticas<\/b><span style=\"font-weight: 400;\">. Por un lado, impide comprender las condiciones materiales de su funcionamiento. Por el otro, permite evitar el encanto del relato neoliberal y avistar, detr\u00e1s del velo, el car\u00e1cter efectivamente pol\u00edtico de la econom\u00eda.<\/span><\/p>\n<p><b>La Convertibilidad funcion\u00f3 como funcionan muchas de las grandes invenciones: constri\u00f1endo y ampliando a la vez el espacio libre de las decisiones<\/b><span style=\"font-weight: 400;\">. Amarr\u00f3 la pol\u00edtica monetaria, b\u00e1sicamente cercenando uno de los principales instrumentos del Estado; a la vez, permiti\u00f3 desarrollar el Plan Menem: privatizaciones, reformas estructurales, deuda externa.<\/span><\/p>\n<p><span style=\"font-weight: 400;\">\u00bfQu\u00e9 es la Convertibilidad hoy? Evidentemente, es su fantasma el que se asoma en las llamadas que hacen dirigentes opositores a una Dolarizaci\u00f3n o un bimonetarismo. Ah\u00ed hay un elemento central del uno a uno: que no fue dolarizaci\u00f3n. Es decir, que no fue para siempre: que dej\u00f3 abierto el camino de retomar una pol\u00edtica monetaria distinta.<\/span><\/p>\n<p><span style=\"font-weight: 400;\">Pero el peso de la Convertibilidad oprime como una pesadilla el cerebro de los vivos. Justamente es la lectura pol\u00edtica banal, <\/span><i><span style=\"font-weight: 400;\">tanto por izquierda como por derecha<\/span><\/i><span style=\"font-weight: 400;\">, lo que hace creer que lo que hace falta es una Jugada, una movida m\u00e1gica que patee el tablero. Dolarizaci\u00f3n o Teor\u00eda Monetaria Moderna: <\/span><b>la cesi\u00f3n oficial de la soberan\u00eda a la Reserva Federal o la afirmaci\u00f3n discursiva de una soberan\u00eda propia que no se posee en serio son dos caras de una misma moneda. Son irrealismos.<\/b><span style=\"font-weight: 400;\"> Y fracasar\u00e1n.<\/span><span style=\"font-weight: 400;\"><\/span><\/p>\n<p><span style=\"font-weight: 400;\"><\/span><\/p>[\/et_pb_text][et_pb_image src=\u00bbhttps:\/\/urbe.com.ar\/revista\/wp-content\/uploads\/2022\/04\/Menem-2.jpg\u00bb title_text=\u00bbMenem 2&#8243; disabled_on=\u00bboff|off|off\u00bb _builder_version=\u00bb4.16.1&#8243; background_enable_image=\u00bboff\u00bb custom_margin=\u00bb-0.5%|0%|-0.5%|0%|true|true\u00bb custom_margin_tablet=\u00bb\u00bb custom_margin_phone=\u00bb6%|0%|6%|0%|true|true\u00bb custom_margin_last_edited=\u00bbon|phone\u00bb locked=\u00bboff\u00bb global_colors_info=\u00bb{}\u00bb][\/et_pb_image][et_pb_text _builder_version=\u00bb4.16.1&#8243; text_text_color=\u00bb#000000&#8243; text_font_size=\u00bb17px\u00bb text_line_height=\u00bb1.5em\u00bb custom_margin=\u00bb-0.5%|0%|-0.5%|0%|true|true\u00bb text_font_size_tablet=\u00bb17px\u00bb text_font_size_phone=\u00bb16px\u00bb text_font_size_last_edited=\u00bbon|phone\u00bb global_colors_info=\u00bb{}\u00bb]<p><span style=\"font-weight: 400;\"><\/span><\/p>\n<p><span style=\"font-weight: 400;\"><\/span><\/p>\n<h1><span style=\"font-size: large;\"><b><span style=\"color: #057e7e;\">2.<\/span> Una conspiraci\u00f3n secreta<\/b><\/span><\/h1>\n<p><span style=\"font-weight: 400;\">El mito del Estado m\u00ednimo (as\u00ed bautizado por Oscar Oszlak) ha sido fehacientemente deslegitimado en las \u00faltimas dos d\u00e9cadas desde un aspecto clave. Hoy, Horacio Rodr\u00edguez Larreta puede convocar a poner fin a la AUH, pero el implacable teorema de Baglini ya har\u00e1 sentir su fuerza: cuando nos acerquemos al ciclo electoral, dejar\u00e1 de lado su propuesta. La necesidad de un Estado capaz de, al menos, sostener una pol\u00edtica social que evite un estallido es el principal (\u00bfel \u00fanico?) consenso post 2001.<\/span><\/p>\n<p><span style=\"font-weight: 400;\">Pero los llamados a reducir las estructuras de la administraci\u00f3n p\u00fablica permanecer\u00e1n. Son el foco hoy de la campa\u00f1a de Milei como lo fueron en 1989, no de Menem sino de Angeloz. Y sin embargo, hay un sector que nunca entra en el listado de las \u00e1reas a recortar: las balas.<\/span><\/p>\n<p><b>Hay una conspiraci\u00f3n secreta entre liberalismo y autoritarismo. No es nada nuevo, pero adquiere una forma espec\u00edfica en el siglo XXI<\/b><span style=\"font-weight: 400;\">, que tal vez las movilizaciones trumpistas representaron de forma insuperable. Es por ello que hoy Patricia Bullrich se calza el traje de Donald. Pero no hace falta viajar a Washington, D.C. Como recuerda <\/span><a href=\"https:\/\/www.lapoliticaonline.com\/martin-rodriguez\/martin-rodriguez-menem-un-busto-ahi\/\"><span style=\"font-weight: 400;\">Mart\u00edn Rodr\u00edguez<\/span><\/a><span style=\"font-weight: 400;\">, la fecha de nacimiento del menemismo puede ser previa a la Convertibilidad: 3 de diciembre de 1990, Menem reprimi\u00f3 el \u00faltimo alzamiento carapintada. Sobre la imagen de un militar disparando a otro se termin\u00f3 de templar el orden democr\u00e1tico.<\/span><\/p>\n<p><span style=\"font-weight: 400;\">No se trata de juzgar esa decisi\u00f3n menemista, sino de entender la importancia fundacional que tienen las balas para su gobierno. No se trataba solo de domar el caos econ\u00f3mico, sino tambi\u00e9n la crecientemente desgastada autoridad presidencial. <\/span><b>Es precisamente porque estos momentos fueron simult\u00e1neos que se dio la magia constitutiva del menemismo: <\/b><b><i>hacer parecer que orden democr\u00e1tico y orden neoliberal son una misma cosa.<\/i><\/b><span style=\"font-weight: 400;\"> La represi\u00f3n menemista contra los castigados del modelo se sostuvo en esta legitimidad.<\/span><\/p>\n<p><span style=\"font-weight: 400;\"><\/span><\/p>[\/et_pb_text][et_pb_image src=\u00bbhttps:\/\/urbe.com.ar\/revista\/wp-content\/uploads\/2022\/04\/Menem-3.jpg\u00bb title_text=\u00bbMenem 3&#8243; _builder_version=\u00bb4.16.1&#8243; _module_preset=\u00bbdefault\u00bb global_colors_info=\u00bb{}\u00bb][\/et_pb_image][et_pb_text _builder_version=\u00bb4.16&#8243; text_text_color=\u00bb#000000&#8243; text_font_size=\u00bb17px\u00bb text_line_height=\u00bb1.5em\u00bb custom_margin=\u00bb2%|0%|2%|0%|true|true\u00bb custom_padding=\u00bb||0px|||\u00bb text_font_size_tablet=\u00bb17px\u00bb text_font_size_phone=\u00bb16px\u00bb text_font_size_last_edited=\u00bbon|phone\u00bb global_colors_info=\u00bb{}\u00bb]<h1><b style=\"font-size: large;\"><span style=\"color: #057e7e;\">3.<\/span> El menemismo es un pop-ulismo<\/b><b><\/b><\/h1>\n<p><span style=\"font-weight: 400;\">Los 90 fueron los 90 en todo el mundo. En el Reino Unido, por ejemplo, el rol de Menem lo ocup\u00f3 Tony Blair con su <\/span><i><span style=\"font-weight: 400;\">nuevo laborismo<\/span><\/i><span style=\"font-weight: 400;\">, cuyo paralelismo con el justicialismo noventoso es evidente. Sobre \u00e9l, dijo Mark Fisher que demostraba que se pod\u00eda ser populista sin ser popular: pese a los sucesivos triunfos electorales, Blair era ampliamente odiado por la sociedad brit\u00e1nica. Odiado y votado a la vez.<\/span><\/p>\n<p><span style=\"font-weight: 400;\">Esto no aplica a Carlos Sa\u00fal. El inmenso arraigo que tuvo su programa pol\u00edtico en los m\u00e1s diversos sectores sociales nos permite desdoblar el t\u00e9rmino: no fue solo popular en el sentido de \u201cmasivamente apreciado\u201d sino tambi\u00e9n en la acepci\u00f3n de \u201capoyado por los sectores m\u00e1s pobres\u201d. En la distinci\u00f3n que los antiguos griegos hac\u00edan entre populus (el pueblo entero) y plebs (la plebe, los \u201csectores populares\u201d) Menem quedar\u00eda\u2026 de los dos lados.<\/span><\/p>\n<p><span style=\"font-weight: 400;\">Claro que ese apoyo se fue horadando, y la ca\u00edda del apoyo en la elecci\u00f3n del 95 demuestra la heterogeneidad de posiciones que sosten\u00eda la clase trabajadora respecto al menemismo. Entonces, tal vez podr\u00edamos buscar un tercer sentido de lo popular para entender la hegemon\u00eda menemista: es el sentido de la <\/span><i><span style=\"font-weight: 400;\">cultura popular<\/span><\/i><span style=\"font-weight: 400;\">. <\/span><b>Menem fue un popstar. El juicio que se elaboraba sobre su figura no era solo pol\u00edtico, sino tambi\u00e9n est\u00e9tico<\/b><span style=\"font-weight: 400;\">. Y es en ese punto en que el menemismo obtur\u00f3 la posibilidad de surgimiento de alternativas.<\/span><\/p>\n<p><b>La operaci\u00f3n menemista es vanguardista en t\u00e9rminos hist\u00f3ricos, como dec\u00edamos m\u00e1s arriba, pero profundamente antivanguardista en t\u00e9rminos culturales<\/b><span style=\"font-weight: 400;\">. O m\u00e1s bien, profundamente anti elitista. No tiene el menor inter\u00e9s (como s\u00ed lo tuvo, expresamente, el kirchnerismo) en fomentar pr\u00e1cticas alternativas, nuevos programas art\u00edsticos transformadores ni amplios debates p\u00fablicos. Como cantaba Charly Garc\u00eda (el otro Carlos de los 90): la vanguardia es as\u00ed. \u00bfAs\u00ed c\u00f3mo? Pop-ulista.<\/span><\/p>\n<p><span style=\"font-weight: 400;\">Hoy, en un contexto en que la dirigencia pol\u00edtica aparece como crecientemente aislada de las preocupaciones de la sociedad civil en su conjunto, en que el \u201cpa\u00eds normal\u201d que propon\u00eda N\u00e9stor Kirchner parece fuera de toda agenda, \u00bfc\u00f3mo volver a pensar en el pop-ulismo de los 90? Hay que entenderlo como el resultado de un proceso: Menem comenz\u00f3, en efecto, coloc\u00e1ndose a la derecha de la sociedad. Ese es su momento vanguardista, su llegada, que despu\u00e9s le va a permitir apartarse de esa posici\u00f3n y convertirse \u00e9l mismo en el sentido com\u00fan de la \u00e9poca.<\/span><\/p>\n<p><span style=\"font-weight: 400;\">Entonces, no alcanza con que un pol\u00edtico hoy intente un acercamiento a la cultura popular, porque este no puede no verse como impostado. <\/span><b>El menemismo era genuino porque hab\u00eda sido parte de la construcci\u00f3n material de esa cultura popular<\/b><span style=\"font-weight: 400;\">.<\/span><\/p>\n<p><span style=\"font-weight: 400;\"><\/span><\/p>\n<p><span style=\"font-weight: 400;\"><\/span><\/p>[\/et_pb_text][et_pb_image src=\u00bbhttps:\/\/urbe.com.ar\/revista\/wp-content\/uploads\/2022\/03\/DKS_600x600_CUBO-3D-01.png\u00bb alt=\u00bbYPF\u00bb url=\u00bbhttps:\/\/www.aa2000.com.ar\/\u00bb url_new_window=\u00bbon\u00bb force_fullwidth=\u00bbon\u00bb disabled_on=\u00bboff|on|on\u00bb _builder_version=\u00bb4.16.1&#8243; _module_preset=\u00bbdefault\u00bb custom_margin=\u00bb3%||3%||true|false\u00bb global_module=\u00bb5816&#8243; global_colors_info=\u00bb{}\u00bb][\/et_pb_image][et_pb_text _builder_version=\u00bb4.16&#8243; text_text_color=\u00bb#000000&#8243; text_font_size=\u00bb17px\u00bb text_line_height=\u00bb1.5em\u00bb custom_margin=\u00bb2%|0%|2%|0%|true|true\u00bb custom_padding=\u00bb||114px|||\u00bb text_font_size_tablet=\u00bb17px\u00bb text_font_size_phone=\u00bb16px\u00bb text_font_size_last_edited=\u00bbon|phone\u00bb global_colors_info=\u00bb{}\u00bb theme_builder_area=\u00bbpost_content\u00bb]<h1><b style=\"font-size: 18px; color: #000000;\"><\/b><\/h1>\n<h1><b style=\"font-size: 18px; color: #000000;\">Algo ha cambiado, para m\u00ed no es extra\u00f1o<\/b><b><\/b><\/h1>\n<h1><b><\/b><\/h1>\n<p style=\"font-size: 17px; background-color: #ffffff;\"><span style=\"font-size: 17px;\">El menemismo no est\u00e1 vigente. No hay pol\u00edticos menemistas en el sentido de herederos genuinos (probablemente s\u00ed en otras acepciones del t\u00e9rmino). Pero tampoco est\u00e1 muerto: es un fantasma. Parte de esta existencia est\u00e1 dada por el contexto, algo jam\u00e1s visto: un peronismo d\u00e9bil. Como lo bautiz\u00f3\u00a0<\/span><a href=\"https:\/\/www.lapoliticaonline.com\/ignacio-fidanza\/ignacio-fidanza-penniless-peronism\/\" style=\"font-size: 17px;\">Ignacio Fidanza en ingl\u00e9s<\/a><span style=\"font-size: 17px;\">,\u00a0<\/span><i style=\"font-size: 17px;\">penniless peronism<\/i><span style=\"font-size: 17px;\">: peronismo sin un mango.\u00a0<\/span><\/p>\n<p style=\"padding-bottom: 1em; font-size: 17px; background-color: #ffffff;\"><span style=\"font-size: 17px;\">Arriesgo, de todos modos, una hip\u00f3tesis:\u00a0<\/span><b style=\"font-size: 17px;\">tal vez sea un buen momento para mirar hacia otros lados. Acabar con la obsesi\u00f3n del menemismo-2001 y redirigirla al antes y el despu\u00e9s: el alfonsinato y el 2002.<\/b><span style=\"font-size: 17px;\">\u00a0Duhalde y Alfons\u00edn fueron la dupla subterr\u00e1nea del consenso posdictadura. Entre las recomendaciones de CFK sobre libros que cuentan la crisis de fines de los 80 en primera persona y los 20 a\u00f1os del gobierno del Zabeca de Banfield, tal vez venga otra cosa. Alfons\u00edn, por supuesto, ya est\u00e1 presente, en su versi\u00f3n edulcorada-mafaldista canonizada en la cat\u00e1strofe Fern\u00e1ndez. Puede ser momento para una revisi\u00f3n de sus costados m\u00e1s oscuros.<\/span><\/p>[\/et_pb_text][et_pb_image src=\u00bbhttps:\/\/urbe.com.ar\/revista\/wp-content\/uploads\/2021\/05\/PaginaWeb_DivisorCultura-1.png\u00bb title_text=\u00bbP\u00e1ginaWeb_DivisorCultura\u00bb align=\u00bbcenter\u00bb _builder_version=\u00bb4.16&#8243; _module_preset=\u00bbdefault\u00bb global_colors_info=\u00bb{}\u00bb][\/et_pb_image][\/et_pb_column_inner][\/et_pb_row_inner][\/et_pb_column][et_pb_column type=\u00bb1_3&#8243; _builder_version=\u00bb4.16&#8243; custom_padding=\u00bb|||\u00bb global_colors_info=\u00bb{}\u00bb custom_padding__hover=\u00bb|||\u00bb][et_pb_image src=\u00bbhttps:\/\/urbe.com.ar\/revista\/wp-content\/uploads\/2022\/03\/DKS_600x600_CUBO-3D-01.png\u00bb alt=\u00bbYPF\u00bb url=\u00bbhttps:\/\/www.ypf.com\/Paginas\/home.aspx\u00bb url_new_window=\u00bbon\u00bb align=\u00bbcenter\u00bb disabled_on=\u00bbon|on|off\u00bb _builder_version=\u00bb4.16.1&#8243; custom_margin=\u00bb||20%|0%|false|false\u00bb global_module=\u00bb5784&#8243; saved_tabs=\u00bball\u00bb global_colors_info=\u00bb{}\u00bb src__hover_enabled=\u00bboff|desktop\u00bb src__hover=\u00bbhttps:\/\/urbe.com.ar\/revista\/wp-content\/uploads\/2021\/05\/PicsArt_05-28-11.17.58.png\u00bb][\/et_pb_image][et_pb_blog fullwidth=\u00bboff\u00bb posts_number=\u00bb9&#8243; include_categories=\u00bb7,11,8,9,10&#8243; meta_date=\u00bbj M,Y\u00bb use_manual_excerpt=\u00bboff\u00bb excerpt_length=\u00bb80&#8243; show_author=\u00bboff\u00bb show_categories=\u00bboff\u00bb show_pagination=\u00bboff\u00bb masonry_tile_background_color=\u00bb#FFFFFF\u00bb disabled_on=\u00bbon|off|off\u00bb module_class=\u00bbpa-blog \u00bb _builder_version=\u00bb4.16&#8243; header_font=\u00bb|700|||||||\u00bb header_text_color=\u00bb#FFFFFF\u00bb header_font_size=\u00bb20px\u00bb body_font=\u00bb|600|||||||\u00bb body_text_color=\u00bb#FFFFFF\u00bb meta_text_color=\u00bb#FFFFFF\u00bb read_more_text_color=\u00bb#FFFFFF\u00bb background_color=\u00bb#FFFFFF\u00bb custom_margin=\u00bb-9%||1%||false|false\u00bb custom_margin_tablet=\u00bb0%||||false|false\u00bb custom_margin_phone=\u00bb\u00bb custom_margin_last_edited=\u00bbon|desktop\u00bb custom_padding=\u00bb||0px|||\u00bb header_text_shadow_style=\u00bbpreset3&#8243; header_text_shadow_color=\u00bb#000000&#8243; body_text_shadow_style=\u00bbpreset3&#8243; body_text_shadow_color=\u00bb#000000&#8243; meta_text_shadow_style=\u00bbpreset3&#8243; meta_text_shadow_color=\u00bb#000000&#8243; border_color_all_image=\u00bb#FFFFFF\u00bb border_width_top_image=\u00bb2px\u00bb text_shadow_style=\u00bbpreset3&#8243; text_shadow_blur_strength=\u00bb0.54em\u00bb text_shadow_color=\u00bb#000000&#8243; global_colors_info=\u00bb{}\u00bb][\/et_pb_blog][et_pb_code _builder_version=\u00bb4.16&#8243; _module_preset=\u00bbdefault\u00bb global_colors_info=\u00bb{}\u00bb]<style><!-- [et_pb_line_break_holder] -->  .pa-blog-text {<!-- [et_pb_line_break_holder] -->\tposition: absolute;<!-- [et_pb_line_break_holder] -->\ttop: 65%;<!-- [et_pb_line_break_holder] -->\tleft: 50%;<!-- [et_pb_line_break_holder] -->\ttransform: translate(-50%, -50%);<!-- [et_pb_line_break_holder] -->\twidth: 100%;<!-- [et_pb_line_break_holder] -->\tpadding: 20px;<!-- [et_pb_line_break_holder] -->\tz-index: 1;<!-- [et_pb_line_break_holder] -->}<!-- [et_pb_line_break_holder] --><!-- [et_pb_line_break_holder] --><!-- [et_pb_line_break_holder] -->\/*keep the moved items positioned with their parent items*\/<!-- [et_pb_line_break_holder] --><!-- [et_pb_line_break_holder] -->.et_pb_blog_grid article {<!-- [et_pb_line_break_holder] -->\tposition: relative;<!-- [et_pb_line_break_holder] --> <!-- [et_pb_line_break_holder] -->}<!-- [et_pb_line_break_holder] --><!-- [et_pb_line_break_holder] --><!-- [et_pb_line_break_holder] -->\/*remove spacing around entire blog post*\/<!-- [et_pb_line_break_holder] --><!-- [et_pb_line_break_holder] -->.et_pb_blog_grid .et_pb_post {<!-- [et_pb_line_break_holder] -->\tpadding: 0px;<!-- [et_pb_line_break_holder] -->}<!-- [et_pb_line_break_holder] --><!-- [et_pb_line_break_holder] --><!-- [et_pb_line_break_holder] -->\/*remove negative margins on blog featured image*\/<!-- [et_pb_line_break_holder] --><!-- [et_pb_line_break_holder] -->.et_pb_image_container {<!-- [et_pb_line_break_holder] -->\tmargin: 0;<!-- [et_pb_line_break_holder] -->}<!-- [et_pb_line_break_holder] --><!-- [et_pb_line_break_holder] --><!-- [et_pb_line_break_holder] -->\/*remove the margin below the featured image frame*\/<!-- [et_pb_line_break_holder] --><!-- [et_pb_line_break_holder] -->.et_pb_post .entry-featured-image-url {<!-- [et_pb_line_break_holder] -->\tmargin: 0;<!-- [et_pb_line_break_holder] -->}<!-- [et_pb_line_break_holder] --><!-- [et_pb_line_break_holder] --><!-- [et_pb_line_break_holder] --><!-- [et_pb_line_break_holder] -->.et_pb_blog_grid .entry-featured-image-url::before {<!-- [et_pb_line_break_holder] -->\tcontent: '';<!-- [et_pb_line_break_holder] -->\tposition: absolute;<!-- [et_pb_line_break_holder] -->\twidth: 100%;<!-- [et_pb_line_break_holder] -->\theight: 100%;<!-- [et_pb_line_break_holder] -->  overflow:hidden;<!-- [et_pb_line_break_holder] -->\tbackground-color: rgba(0, 0, 0, 0.25);<!-- [et_pb_line_break_holder] -->}<!-- [et_pb_line_break_holder] --><\/style>[\/et_pb_code][et_pb_code _builder_version=\u00bb4.16&#8243; global_colors_info=\u00bb{}\u00bb][\/et_pb_code][\/et_pb_column][\/et_pb_section]\n","protected":false},"excerpt":{"rendered":"<p>por <b>Dante Sabatto<\/b><\/p>\n","protected":false},"author":10,"featured_media":5946,"comment_status":"closed","ping_status":"closed","sticky":false,"template":"","format":"standard","meta":{"_et_pb_use_builder":"on","_et_pb_old_content":"","_et_gb_content_width":"1080","_jetpack_memberships_contains_paid_content":false,"footnotes":""},"categories":[29],"tags":[],"class_list":["post-5937","post","type-post","status-publish","format-standard","has-post-thumbnail","hentry","category-politica"],"yoast_head":"<!-- This site is optimized with the Yoast SEO plugin v27.5 - https:\/\/yoast.com\/product\/yoast-seo-wordpress\/ -->\n<title>EL MENEMISMO HOY - Revista Urbe<\/title>\n<meta name=\"robots\" content=\"index, follow, max-snippet:-1, max-image-preview:large, max-video-preview:-1\" \/>\n<link rel=\"canonical\" href=\"https:\/\/urbe.com.ar\/revista\/el-menemismo-hoy\/\" \/>\n<meta property=\"og:locale\" content=\"es_ES\" \/>\n<meta property=\"og:type\" content=\"article\" \/>\n<meta property=\"og:title\" content=\"EL MENEMISMO HOY - Revista Urbe\" \/>\n<meta property=\"og:description\" content=\"por Dante Sabatto\" \/>\n<meta property=\"og:url\" content=\"https:\/\/urbe.com.ar\/revista\/el-menemismo-hoy\/\" \/>\n<meta property=\"og:site_name\" content=\"Revista Urbe\" \/>\n<meta property=\"article:published_time\" content=\"2022-04-30T15:08:22+00:00\" \/>\n<meta property=\"article:modified_time\" content=\"2023-06-03T22:39:45+00:00\" \/>\n<meta property=\"og:image\" content=\"https:\/\/urbe.com.ar\/revista\/wp-content\/uploads\/2022\/04\/El-menemismo-hoy_Urbe_Home.jpg\" \/>\n\t<meta property=\"og:image:width\" content=\"2551\" \/>\n\t<meta property=\"og:image:height\" content=\"2297\" \/>\n\t<meta property=\"og:image:type\" content=\"image\/jpeg\" \/>\n<meta name=\"author\" content=\"Alejo Bernhardt\" \/>\n<meta name=\"twitter:card\" content=\"summary_large_image\" \/>\n<meta name=\"twitter:creator\" content=\"@Revistaurbe_\" \/>\n<meta name=\"twitter:site\" content=\"@Revistaurbe_\" \/>\n<meta name=\"twitter:label1\" content=\"Escrito por\" \/>\n\t<meta name=\"twitter:data1\" content=\"Alejo Bernhardt\" \/>\n\t<meta name=\"twitter:label2\" content=\"Tiempo de lectura\" \/>\n\t<meta name=\"twitter:data2\" content=\"11 minutos\" \/>\n<script type=\"application\/ld+json\" class=\"yoast-schema-graph\">{\"@context\":\"https:\\\/\\\/schema.org\",\"@graph\":[{\"@type\":\"Article\",\"@id\":\"https:\\\/\\\/urbe.com.ar\\\/revista\\\/el-menemismo-hoy\\\/#article\",\"isPartOf\":{\"@id\":\"https:\\\/\\\/urbe.com.ar\\\/revista\\\/el-menemismo-hoy\\\/\"},\"author\":{\"name\":\"Alejo Bernhardt\",\"@id\":\"https:\\\/\\\/urbe.com.ar\\\/revista\\\/#\\\/schema\\\/person\\\/4ddcf051fa628850264f4c6d61f63ee2\"},\"headline\":\"EL MENEMISMO HOY\",\"datePublished\":\"2022-04-30T15:08:22+00:00\",\"dateModified\":\"2023-06-03T22:39:45+00:00\",\"mainEntityOfPage\":{\"@id\":\"https:\\\/\\\/urbe.com.ar\\\/revista\\\/el-menemismo-hoy\\\/\"},\"wordCount\":3395,\"image\":{\"@id\":\"https:\\\/\\\/urbe.com.ar\\\/revista\\\/el-menemismo-hoy\\\/#primaryimage\"},\"thumbnailUrl\":\"https:\\\/\\\/i0.wp.com\\\/urbe.com.ar\\\/revista\\\/wp-content\\\/uploads\\\/2022\\\/04\\\/El-menemismo-hoy_Urbe_Home.jpg?fit=2551%2C2297&ssl=1\",\"articleSection\":[\"POL\u00cdTICA\"],\"inLanguage\":\"es\"},{\"@type\":\"WebPage\",\"@id\":\"https:\\\/\\\/urbe.com.ar\\\/revista\\\/el-menemismo-hoy\\\/\",\"url\":\"https:\\\/\\\/urbe.com.ar\\\/revista\\\/el-menemismo-hoy\\\/\",\"name\":\"EL MENEMISMO HOY - Revista Urbe\",\"isPartOf\":{\"@id\":\"https:\\\/\\\/urbe.com.ar\\\/revista\\\/#website\"},\"primaryImageOfPage\":{\"@id\":\"https:\\\/\\\/urbe.com.ar\\\/revista\\\/el-menemismo-hoy\\\/#primaryimage\"},\"image\":{\"@id\":\"https:\\\/\\\/urbe.com.ar\\\/revista\\\/el-menemismo-hoy\\\/#primaryimage\"},\"thumbnailUrl\":\"https:\\\/\\\/i0.wp.com\\\/urbe.com.ar\\\/revista\\\/wp-content\\\/uploads\\\/2022\\\/04\\\/El-menemismo-hoy_Urbe_Home.jpg?fit=2551%2C2297&ssl=1\",\"datePublished\":\"2022-04-30T15:08:22+00:00\",\"dateModified\":\"2023-06-03T22:39:45+00:00\",\"author\":{\"@id\":\"https:\\\/\\\/urbe.com.ar\\\/revista\\\/#\\\/schema\\\/person\\\/4ddcf051fa628850264f4c6d61f63ee2\"},\"breadcrumb\":{\"@id\":\"https:\\\/\\\/urbe.com.ar\\\/revista\\\/el-menemismo-hoy\\\/#breadcrumb\"},\"inLanguage\":\"es\",\"potentialAction\":[{\"@type\":\"ReadAction\",\"target\":[\"https:\\\/\\\/urbe.com.ar\\\/revista\\\/el-menemismo-hoy\\\/\"]}]},{\"@type\":\"ImageObject\",\"inLanguage\":\"es\",\"@id\":\"https:\\\/\\\/urbe.com.ar\\\/revista\\\/el-menemismo-hoy\\\/#primaryimage\",\"url\":\"https:\\\/\\\/i0.wp.com\\\/urbe.com.ar\\\/revista\\\/wp-content\\\/uploads\\\/2022\\\/04\\\/El-menemismo-hoy_Urbe_Home.jpg?fit=2551%2C2297&ssl=1\",\"contentUrl\":\"https:\\\/\\\/i0.wp.com\\\/urbe.com.ar\\\/revista\\\/wp-content\\\/uploads\\\/2022\\\/04\\\/El-menemismo-hoy_Urbe_Home.jpg?fit=2551%2C2297&ssl=1\",\"width\":2551,\"height\":2297},{\"@type\":\"BreadcrumbList\",\"@id\":\"https:\\\/\\\/urbe.com.ar\\\/revista\\\/el-menemismo-hoy\\\/#breadcrumb\",\"itemListElement\":[{\"@type\":\"ListItem\",\"position\":1,\"name\":\"Portada\",\"item\":\"https:\\\/\\\/urbe.com.ar\\\/revista\\\/\"},{\"@type\":\"ListItem\",\"position\":2,\"name\":\"EL MENEMISMO HOY\"}]},{\"@type\":\"WebSite\",\"@id\":\"https:\\\/\\\/urbe.com.ar\\\/revista\\\/#website\",\"url\":\"https:\\\/\\\/urbe.com.ar\\\/revista\\\/\",\"name\":\"Revista Urbe\",\"description\":\"\",\"potentialAction\":[{\"@type\":\"SearchAction\",\"target\":{\"@type\":\"EntryPoint\",\"urlTemplate\":\"https:\\\/\\\/urbe.com.ar\\\/revista\\\/?s={search_term_string}\"},\"query-input\":{\"@type\":\"PropertyValueSpecification\",\"valueRequired\":true,\"valueName\":\"search_term_string\"}}],\"inLanguage\":\"es\"},{\"@type\":\"Person\",\"@id\":\"https:\\\/\\\/urbe.com.ar\\\/revista\\\/#\\\/schema\\\/person\\\/4ddcf051fa628850264f4c6d61f63ee2\",\"name\":\"Alejo Bernhardt\",\"image\":{\"@type\":\"ImageObject\",\"inLanguage\":\"es\",\"@id\":\"https:\\\/\\\/secure.gravatar.com\\\/avatar\\\/e17892015a0b2fe0e47a8387056c05584647b09de53f1ac00adae78b2f4fb443?s=96&d=mm&r=g\",\"url\":\"https:\\\/\\\/secure.gravatar.com\\\/avatar\\\/e17892015a0b2fe0e47a8387056c05584647b09de53f1ac00adae78b2f4fb443?s=96&d=mm&r=g\",\"contentUrl\":\"https:\\\/\\\/secure.gravatar.com\\\/avatar\\\/e17892015a0b2fe0e47a8387056c05584647b09de53f1ac00adae78b2f4fb443?s=96&d=mm&r=g\",\"caption\":\"Alejo Bernhardt\"},\"url\":\"https:\\\/\\\/urbe.com.ar\\\/revista\\\/author\\\/alejo-bernhardt\\\/\"}]}<\/script>\n<!-- \/ Yoast SEO plugin. -->","yoast_head_json":{"title":"EL MENEMISMO HOY - Revista Urbe","robots":{"index":"index","follow":"follow","max-snippet":"max-snippet:-1","max-image-preview":"max-image-preview:large","max-video-preview":"max-video-preview:-1"},"canonical":"https:\/\/urbe.com.ar\/revista\/el-menemismo-hoy\/","og_locale":"es_ES","og_type":"article","og_title":"EL MENEMISMO HOY - Revista Urbe","og_description":"por Dante Sabatto","og_url":"https:\/\/urbe.com.ar\/revista\/el-menemismo-hoy\/","og_site_name":"Revista Urbe","article_published_time":"2022-04-30T15:08:22+00:00","article_modified_time":"2023-06-03T22:39:45+00:00","og_image":[{"width":2551,"height":2297,"url":"https:\/\/urbe.com.ar\/revista\/wp-content\/uploads\/2022\/04\/El-menemismo-hoy_Urbe_Home.jpg","type":"image\/jpeg"}],"author":"Alejo Bernhardt","twitter_card":"summary_large_image","twitter_creator":"@Revistaurbe_","twitter_site":"@Revistaurbe_","twitter_misc":{"Escrito por":"Alejo Bernhardt","Tiempo de lectura":"11 minutos"},"schema":{"@context":"https:\/\/schema.org","@graph":[{"@type":"Article","@id":"https:\/\/urbe.com.ar\/revista\/el-menemismo-hoy\/#article","isPartOf":{"@id":"https:\/\/urbe.com.ar\/revista\/el-menemismo-hoy\/"},"author":{"name":"Alejo Bernhardt","@id":"https:\/\/urbe.com.ar\/revista\/#\/schema\/person\/4ddcf051fa628850264f4c6d61f63ee2"},"headline":"EL MENEMISMO HOY","datePublished":"2022-04-30T15:08:22+00:00","dateModified":"2023-06-03T22:39:45+00:00","mainEntityOfPage":{"@id":"https:\/\/urbe.com.ar\/revista\/el-menemismo-hoy\/"},"wordCount":3395,"image":{"@id":"https:\/\/urbe.com.ar\/revista\/el-menemismo-hoy\/#primaryimage"},"thumbnailUrl":"https:\/\/i0.wp.com\/urbe.com.ar\/revista\/wp-content\/uploads\/2022\/04\/El-menemismo-hoy_Urbe_Home.jpg?fit=2551%2C2297&ssl=1","articleSection":["POL\u00cdTICA"],"inLanguage":"es"},{"@type":"WebPage","@id":"https:\/\/urbe.com.ar\/revista\/el-menemismo-hoy\/","url":"https:\/\/urbe.com.ar\/revista\/el-menemismo-hoy\/","name":"EL MENEMISMO HOY - Revista Urbe","isPartOf":{"@id":"https:\/\/urbe.com.ar\/revista\/#website"},"primaryImageOfPage":{"@id":"https:\/\/urbe.com.ar\/revista\/el-menemismo-hoy\/#primaryimage"},"image":{"@id":"https:\/\/urbe.com.ar\/revista\/el-menemismo-hoy\/#primaryimage"},"thumbnailUrl":"https:\/\/i0.wp.com\/urbe.com.ar\/revista\/wp-content\/uploads\/2022\/04\/El-menemismo-hoy_Urbe_Home.jpg?fit=2551%2C2297&ssl=1","datePublished":"2022-04-30T15:08:22+00:00","dateModified":"2023-06-03T22:39:45+00:00","author":{"@id":"https:\/\/urbe.com.ar\/revista\/#\/schema\/person\/4ddcf051fa628850264f4c6d61f63ee2"},"breadcrumb":{"@id":"https:\/\/urbe.com.ar\/revista\/el-menemismo-hoy\/#breadcrumb"},"inLanguage":"es","potentialAction":[{"@type":"ReadAction","target":["https:\/\/urbe.com.ar\/revista\/el-menemismo-hoy\/"]}]},{"@type":"ImageObject","inLanguage":"es","@id":"https:\/\/urbe.com.ar\/revista\/el-menemismo-hoy\/#primaryimage","url":"https:\/\/i0.wp.com\/urbe.com.ar\/revista\/wp-content\/uploads\/2022\/04\/El-menemismo-hoy_Urbe_Home.jpg?fit=2551%2C2297&ssl=1","contentUrl":"https:\/\/i0.wp.com\/urbe.com.ar\/revista\/wp-content\/uploads\/2022\/04\/El-menemismo-hoy_Urbe_Home.jpg?fit=2551%2C2297&ssl=1","width":2551,"height":2297},{"@type":"BreadcrumbList","@id":"https:\/\/urbe.com.ar\/revista\/el-menemismo-hoy\/#breadcrumb","itemListElement":[{"@type":"ListItem","position":1,"name":"Portada","item":"https:\/\/urbe.com.ar\/revista\/"},{"@type":"ListItem","position":2,"name":"EL MENEMISMO HOY"}]},{"@type":"WebSite","@id":"https:\/\/urbe.com.ar\/revista\/#website","url":"https:\/\/urbe.com.ar\/revista\/","name":"Revista Urbe","description":"","potentialAction":[{"@type":"SearchAction","target":{"@type":"EntryPoint","urlTemplate":"https:\/\/urbe.com.ar\/revista\/?s={search_term_string}"},"query-input":{"@type":"PropertyValueSpecification","valueRequired":true,"valueName":"search_term_string"}}],"inLanguage":"es"},{"@type":"Person","@id":"https:\/\/urbe.com.ar\/revista\/#\/schema\/person\/4ddcf051fa628850264f4c6d61f63ee2","name":"Alejo Bernhardt","image":{"@type":"ImageObject","inLanguage":"es","@id":"https:\/\/secure.gravatar.com\/avatar\/e17892015a0b2fe0e47a8387056c05584647b09de53f1ac00adae78b2f4fb443?s=96&d=mm&r=g","url":"https:\/\/secure.gravatar.com\/avatar\/e17892015a0b2fe0e47a8387056c05584647b09de53f1ac00adae78b2f4fb443?s=96&d=mm&r=g","contentUrl":"https:\/\/secure.gravatar.com\/avatar\/e17892015a0b2fe0e47a8387056c05584647b09de53f1ac00adae78b2f4fb443?s=96&d=mm&r=g","caption":"Alejo Bernhardt"},"url":"https:\/\/urbe.com.ar\/revista\/author\/alejo-bernhardt\/"}]}},"jetpack_featured_media_url":"https:\/\/i0.wp.com\/urbe.com.ar\/revista\/wp-content\/uploads\/2022\/04\/El-menemismo-hoy_Urbe_Home.jpg?fit=2551%2C2297&ssl=1","jetpack_sharing_enabled":true,"_links":{"self":[{"href":"https:\/\/urbe.com.ar\/revista\/wp-json\/wp\/v2\/posts\/5937","targetHints":{"allow":["GET"]}}],"collection":[{"href":"https:\/\/urbe.com.ar\/revista\/wp-json\/wp\/v2\/posts"}],"about":[{"href":"https:\/\/urbe.com.ar\/revista\/wp-json\/wp\/v2\/types\/post"}],"author":[{"embeddable":true,"href":"https:\/\/urbe.com.ar\/revista\/wp-json\/wp\/v2\/users\/10"}],"replies":[{"embeddable":true,"href":"https:\/\/urbe.com.ar\/revista\/wp-json\/wp\/v2\/comments?post=5937"}],"version-history":[{"count":6,"href":"https:\/\/urbe.com.ar\/revista\/wp-json\/wp\/v2\/posts\/5937\/revisions"}],"predecessor-version":[{"id":5953,"href":"https:\/\/urbe.com.ar\/revista\/wp-json\/wp\/v2\/posts\/5937\/revisions\/5953"}],"wp:featuredmedia":[{"embeddable":true,"href":"https:\/\/urbe.com.ar\/revista\/wp-json\/wp\/v2\/media\/5946"}],"wp:attachment":[{"href":"https:\/\/urbe.com.ar\/revista\/wp-json\/wp\/v2\/media?parent=5937"}],"wp:term":[{"taxonomy":"category","embeddable":true,"href":"https:\/\/urbe.com.ar\/revista\/wp-json\/wp\/v2\/categories?post=5937"},{"taxonomy":"post_tag","embeddable":true,"href":"https:\/\/urbe.com.ar\/revista\/wp-json\/wp\/v2\/tags?post=5937"}],"curies":[{"name":"wp","href":"https:\/\/api.w.org\/{rel}","templated":true}]}}