{"id":5457,"date":"2021-11-06T15:15:57","date_gmt":"2021-11-06T15:15:57","guid":{"rendered":"https:\/\/urbe.com.ar\/revista\/?p=5457"},"modified":"2023-06-03T22:45:58","modified_gmt":"2023-06-03T22:45:58","slug":"china-y-la-reunificacion-de-taiwan","status":"publish","type":"post","link":"https:\/\/urbe.com.ar\/revista\/china-y-la-reunificacion-de-taiwan\/","title":{"rendered":"China y la reunificaci\u00f3n de Taiw\u00e1n"},"content":{"rendered":"<p>[et_pb_section fb_built=\u00bb1&#8243; disabled_on=\u00bbon|on|on\u00bb _builder_version=\u00bb4.4.8&#8243; disabled=\u00bbon\u00bb global_colors_info=\u00bb{}\u00bb][et_pb_row _builder_version=\u00bb4.4.8&#8243; global_colors_info=\u00bb{}\u00bb][et_pb_column type=\u00bb4_4&#8243; _builder_version=\u00bb4.4.8&#8243; global_colors_info=\u00bb{}\u00bb][et_pb_text disabled_on=\u00bbon|on|on\u00bb _builder_version=\u00bb4.11.4&#8243; disabled=\u00bbon\u00bb global_colors_info=\u00bb{}\u00bb]<\/p>\n<p>Por Andy Flores | Las tensiones entre China y Taiw\u00e1n se incrementaron tanto que muchos analistas se preguntan sobre la posibilidad de una guerra. \u00bfPero realmente es posible?. EEUU por su parte analiza con alarma el crecimiento del ej\u00e9rcito chino<\/p>\n<p>[\/et_pb_text][\/et_pb_column][\/et_pb_row][\/et_pb_section][et_pb_section fb_built=\u00bb1&#8243; use_custom_gutter=\u00bbon\u00bb gutter_width=\u00bb1&#8243; specialty=\u00bbon\u00bb padding_top_bottom_link_1=\u00bbfalse\u00bb padding_top_bottom_link_2=\u00bbfalse\u00bb padding_left_right_link_1=\u00bbfalse\u00bb padding_left_right_link_2=\u00bbfalse\u00bb padding_left_2=\u00bb1%\u00bb _builder_version=\u00bb4.9.4&#8243; custom_padding=\u00bb0px||0px|||\u00bb global_colors_info=\u00bb{}\u00bb][et_pb_column type=\u00bb2_3&#8243; specialty_columns=\u00bb2&#8243; _builder_version=\u00bb3.25&#8243; custom_padding=\u00bb|||\u00bb global_colors_info=\u00bb{}\u00bb custom_padding__hover=\u00bb|||\u00bb][et_pb_row_inner _builder_version=\u00bb4.4.8&#8243; background_color=\u00bb#ffffff\u00bb custom_padding=\u00bb0px||0px|||\u00bb global_colors_info=\u00bb{}\u00bb][et_pb_column_inner saved_specialty_column_type=\u00bb2_3&#8243; _builder_version=\u00bb4.4.8&#8243; global_colors_info=\u00bb{}\u00bb][et_pb_text _builder_version=\u00bb4.11.0&#8243; text_font=\u00bb|600|||||||\u00bb text_text_color=\u00bb#033332&#8243; text_font_size=\u00bb18px\u00bb header_text_align=\u00bbcenter\u00bb header_font_size=\u00bb35px\u00bb custom_margin=\u00bb2%|0%|2%|0%|true|true\u00bb global_colors_info=\u00bb{}\u00bb]URBE[\/et_pb_text][et_pb_text _builder_version=\u00bb4.11.4&#8243; header_font=\u00bb|700||on|||||\u00bb header_text_align=\u00bbleft\u00bb header_text_color=\u00bb#057E7E\u00bb custom_margin=\u00bb3%|0%|3%|0%|true|true\u00bb custom_padding=\u00bb|0%||0%|false|true\u00bb global_colors_info=\u00bb{}\u00bb]<\/p>\n<h1>China y la reunificaci\u00f3n de Taiw\u00e1n<\/h1>\n<p>[\/et_pb_text][et_pb_text _builder_version=\u00bb4.11.4&#8243; text_font=\u00bb|600|||||||\u00bb text_text_color=\u00bb#057E7E\u00bb text_font_size=\u00bb18px\u00bb header_text_align=\u00bbcenter\u00bb header_font_size=\u00bb35px\u00bb custom_margin=\u00bb2%|0%|2%|0%|true|true\u00bb global_colors_info=\u00bb{}\u00bb]<\/p>\n<p><b>Las tensiones entre China y Taiw\u00e1n se incrementaron tanto que muchos analistas se preguntan sobre la posibilidad de una guerra. \u00bfPero realmente es posible? EEUU por su parte analiza con alarma el crecimiento del ej\u00e9rcito chino.<\/b><\/p>\n<p>[\/et_pb_text][et_pb_text _builder_version=\u00bb4.11.4&#8243; text_font=\u00bb||||||||\u00bb text_text_color=\u00bb#057E7E\u00bb text_font_size=\u00bb18px\u00bb header_text_align=\u00bbcenter\u00bb header_text_color=\u00bb#057E7E\u00bb header_font_size=\u00bb35px\u00bb text_orientation=\u00bbjustified\u00bb custom_margin=\u00bb2%|0%|2%|0%|true|true\u00bb global_colors_info=\u00bb{}\u00bb]<\/p>\n<p>Por <b>Andy Flores<\/b><br \/>\n6\/11\/2021<\/p>\n<p>[\/et_pb_text][et_pb_image src=\u00bbhttps:\/\/urbe.com.ar\/revista\/wp-content\/uploads\/2021\/11\/PlantillasNotas_Urbe_Portada-1-scaled.jpg\u00bb title_text=\u00bbPlantillasNotas_Urbe_Portada (1)\u00bb disabled_on=\u00bboff|off|off\u00bb _builder_version=\u00bb4.11.4&#8243; background_enable_image=\u00bboff\u00bb custom_margin=\u00bb5%|0%|5%|0%|true|true\u00bb custom_margin_tablet=\u00bb\u00bb custom_margin_phone=\u00bb6%|0%|6%|0%|true|true\u00bb custom_margin_last_edited=\u00bbon|phone\u00bb global_colors_info=\u00bb{}\u00bb][\/et_pb_image][\/et_pb_column_inner][\/et_pb_row_inner][et_pb_row_inner column_structure=\u00bb1_2,1_2&#8243; use_custom_gutter=\u00bbon\u00bb gutter_width=\u00bb1&#8243; make_equal=\u00bbon\u00bb disabled_on=\u00bbon|off|off\u00bb _builder_version=\u00bb4.4.8&#8243; background_color=\u00bb#ffffff\u00bb custom_margin=\u00bb||||false|false\u00bb custom_padding=\u00bb0px||0px|0%|false|false\u00bb locked=\u00bboff\u00bb global_colors_info=\u00bb{}\u00bb][et_pb_column_inner type=\u00bb1_2&#8243; saved_specialty_column_type=\u00bb2_3&#8243; _builder_version=\u00bb4.4.8&#8243; background_color=\u00bb#ffffff\u00bb custom_css_main_element=\u00bbwidth: 60% !important;\u00bb global_colors_info=\u00bb{}\u00bb][\/et_pb_column_inner][et_pb_column_inner type=\u00bb1_2&#8243; saved_specialty_column_type=\u00bb2_3&#8243; _builder_version=\u00bb4.4.8&#8243; custom_css_main_element=\u00bb||width: 40% !important;||margin: auto;||display: flex;||flex-direction: column;||justify-content: center;\u00bb global_colors_info=\u00bb{}\u00bb][et_pb_code _builder_version=\u00bb4.9.11&#8243; text_orientation=\u00bbcenter\u00bb module_alignment=\u00bbcenter\u00bb custom_margin=\u00bb2%||2%||true|false\u00bb custom_padding=\u00bb|6.7%||6.7%|false|true\u00bb global_colors_info=\u00bb{}\u00bb]<div class=\"addtoany_shortcode\"><div class=\"a2a_kit a2a_kit_size_32 addtoany_list\" data-a2a-url=\"https:\/\/urbe.com.ar\/revista\/china-y-la-reunificacion-de-taiwan\/\" data-a2a-title=\"China y la reunificaci\u00f3n de Taiw\u00e1n\"><a class=\"a2a_button_facebook\" href=\"https:\/\/www.addtoany.com\/add_to\/facebook?linkurl=https%3A%2F%2Furbe.com.ar%2Frevista%2Fchina-y-la-reunificacion-de-taiwan%2F&amp;linkname=China%20y%20la%20reunificaci%C3%B3n%20de%20Taiw%C3%A1n\" title=\"Facebook\" rel=\"nofollow noopener\" target=\"_blank\"><\/a><a class=\"a2a_button_whatsapp\" href=\"https:\/\/www.addtoany.com\/add_to\/whatsapp?linkurl=https%3A%2F%2Furbe.com.ar%2Frevista%2Fchina-y-la-reunificacion-de-taiwan%2F&amp;linkname=China%20y%20la%20reunificaci%C3%B3n%20de%20Taiw%C3%A1n\" title=\"WhatsApp\" rel=\"nofollow noopener\" target=\"_blank\"><\/a><a class=\"a2a_button_twitter\" href=\"https:\/\/www.addtoany.com\/add_to\/twitter?linkurl=https%3A%2F%2Furbe.com.ar%2Frevista%2Fchina-y-la-reunificacion-de-taiwan%2F&amp;linkname=China%20y%20la%20reunificaci%C3%B3n%20de%20Taiw%C3%A1n\" title=\"Twitter\" rel=\"nofollow noopener\" target=\"_blank\"><\/a><a class=\"a2a_button_email\" href=\"https:\/\/www.addtoany.com\/add_to\/email?linkurl=https%3A%2F%2Furbe.com.ar%2Frevista%2Fchina-y-la-reunificacion-de-taiwan%2F&amp;linkname=China%20y%20la%20reunificaci%C3%B3n%20de%20Taiw%C3%A1n\" title=\"Email\" rel=\"nofollow noopener\" target=\"_blank\"><\/a><a class=\"a2a_button_copy_link\" href=\"https:\/\/www.addtoany.com\/add_to\/copy_link?linkurl=https%3A%2F%2Furbe.com.ar%2Frevista%2Fchina-y-la-reunificacion-de-taiwan%2F&amp;linkname=China%20y%20la%20reunificaci%C3%B3n%20de%20Taiw%C3%A1n\" title=\"Copy Link\" rel=\"nofollow noopener\" target=\"_blank\"><\/a><\/div><\/div>[\/et_pb_code][\/et_pb_column_inner][\/et_pb_row_inner][et_pb_row_inner use_custom_gutter=\u00bbon\u00bb gutter_width=\u00bb1&#8243; make_equal=\u00bbon\u00bb disabled_on=\u00bboff|on|on\u00bb _builder_version=\u00bb4.4.8&#8243; background_color=\u00bb#ffffff\u00bb custom_margin=\u00bb||||false|false\u00bb custom_padding=\u00bb0px||0px|0%|false|false\u00bb locked=\u00bboff\u00bb global_colors_info=\u00bb{}\u00bb][et_pb_column_inner saved_specialty_column_type=\u00bb2_3&#8243; _builder_version=\u00bb4.4.8&#8243; background_color=\u00bb#ffffff\u00bb global_colors_info=\u00bb{}\u00bb][et_pb_code disabled_on=\u00bboff|off|off\u00bb _builder_version=\u00bb4.9.11&#8243; _module_preset=\u00bbdefault\u00bb text_orientation=\u00bbcenter\u00bb width=\u00bb100%\u00bb width_tablet=\u00bb\u00bb width_phone=\u00bb100%\u00bb width_last_edited=\u00bbon|phone\u00bb max_width=\u00bb100%\u00bb max_width_tablet=\u00bb\u00bb max_width_phone=\u00bb\u00bb max_width_last_edited=\u00bbon|tablet\u00bb module_alignment=\u00bbright\u00bb custom_margin_tablet=\u00bb\u00bb custom_margin_phone=\u00bb\u00bb custom_margin_last_edited=\u00bbon|phone\u00bb module_alignment_tablet=\u00bb\u00bb module_alignment_phone=\u00bbcenter\u00bb module_alignment_last_edited=\u00bbon|desktop\u00bb global_colors_info=\u00bb{}\u00bb]<div class=\"addtoany_shortcode\"><div class=\"a2a_kit a2a_kit_size_32 addtoany_list\" data-a2a-url=\"https:\/\/urbe.com.ar\/revista\/china-y-la-reunificacion-de-taiwan\/\" data-a2a-title=\"China y la reunificaci\u00f3n de Taiw\u00e1n\"><a class=\"a2a_button_facebook\" href=\"https:\/\/www.addtoany.com\/add_to\/facebook?linkurl=https%3A%2F%2Furbe.com.ar%2Frevista%2Fchina-y-la-reunificacion-de-taiwan%2F&amp;linkname=China%20y%20la%20reunificaci%C3%B3n%20de%20Taiw%C3%A1n\" title=\"Facebook\" rel=\"nofollow noopener\" target=\"_blank\"><\/a><a class=\"a2a_button_whatsapp\" href=\"https:\/\/www.addtoany.com\/add_to\/whatsapp?linkurl=https%3A%2F%2Furbe.com.ar%2Frevista%2Fchina-y-la-reunificacion-de-taiwan%2F&amp;linkname=China%20y%20la%20reunificaci%C3%B3n%20de%20Taiw%C3%A1n\" title=\"WhatsApp\" rel=\"nofollow noopener\" target=\"_blank\"><\/a><a class=\"a2a_button_twitter\" href=\"https:\/\/www.addtoany.com\/add_to\/twitter?linkurl=https%3A%2F%2Furbe.com.ar%2Frevista%2Fchina-y-la-reunificacion-de-taiwan%2F&amp;linkname=China%20y%20la%20reunificaci%C3%B3n%20de%20Taiw%C3%A1n\" title=\"Twitter\" rel=\"nofollow noopener\" target=\"_blank\"><\/a><a class=\"a2a_button_email\" href=\"https:\/\/www.addtoany.com\/add_to\/email?linkurl=https%3A%2F%2Furbe.com.ar%2Frevista%2Fchina-y-la-reunificacion-de-taiwan%2F&amp;linkname=China%20y%20la%20reunificaci%C3%B3n%20de%20Taiw%C3%A1n\" title=\"Email\" rel=\"nofollow noopener\" target=\"_blank\"><\/a><a class=\"a2a_button_copy_link\" href=\"https:\/\/www.addtoany.com\/add_to\/copy_link?linkurl=https%3A%2F%2Furbe.com.ar%2Frevista%2Fchina-y-la-reunificacion-de-taiwan%2F&amp;linkname=China%20y%20la%20reunificaci%C3%B3n%20de%20Taiw%C3%A1n\" title=\"Copy Link\" rel=\"nofollow noopener\" target=\"_blank\"><\/a><\/div><\/div>[\/et_pb_code][\/et_pb_column_inner][\/et_pb_row_inner][et_pb_row_inner _builder_version=\u00bb4.4.8&#8243; background_color=\u00bb#ffffff\u00bb custom_padding=\u00bb0px||3px|0px||\u00bb global_colors_info=\u00bb{}\u00bb][et_pb_column_inner saved_specialty_column_type=\u00bb2_3&#8243; _builder_version=\u00bb4.4.8&#8243; global_colors_info=\u00bb{}\u00bb][et_pb_text _builder_version=\u00bb4.11.4&#8243; text_text_color=\u00bb#000000&#8243; text_font_size=\u00bb17px\u00bb text_line_height=\u00bb1.5em\u00bb min_height=\u00bb136px\u00bb custom_margin=\u00bb2%|0%|2%|0%|true|true\u00bb text_font_size_tablet=\u00bb17px\u00bb text_font_size_phone=\u00bb16px\u00bb text_font_size_last_edited=\u00bbon|phone\u00bb global_colors_info=\u00bb{}\u00bb]<\/p>\n<p>Para muchas personas Taiw\u00e1n puede parecer un territorio lejano que no podr\u00eda afectar en nada a la Argentina. Si bien lo primero es totalmente cierto, ya que Taiw\u00e1n es geogr\u00e1ficamente la ant\u00edpoda de nuestra provincia de Formosa, el impacto mundial que podr\u00eda tener una posible guerra de reunificaci\u00f3n entre China y Taiw\u00e1n traer\u00eda consecuencias inevitables tambi\u00e9n para nuestro pa\u00eds.<\/p>\n<p>[\/et_pb_text][et_pb_text _builder_version=\u00bb4.11.4&#8243; text_text_color=\u00bb#057E7E\u00bb text_font_size=\u00bb20px\u00bb text_line_height=\u00bb1.5em\u00bb custom_margin=\u00bb2%|0%|2%|0%|true|true\u00bb hover_enabled=\u00bb0&#8243; text_font_size_tablet=\u00bb17px\u00bb text_font_size_phone=\u00bb16px\u00bb text_font_size_last_edited=\u00bbon|phone\u00bb locked=\u00bboff\u00bb global_colors_info=\u00bb{}\u00bb sticky_enabled=\u00bb0&#8243;]<b>LA REVOLUCI\u00d3N COMUNISTA<\/b>[\/et_pb_text][et_pb_text _builder_version=\u00bb4.11.4&#8243; text_text_color=\u00bb#000000&#8243; text_font_size=\u00bb17px\u00bb text_line_height=\u00bb1.5em\u00bb custom_margin=\u00bb2%|0%|2%|0%|true|true\u00bb text_font_size_tablet=\u00bb17px\u00bb text_font_size_phone=\u00bb16px\u00bb text_font_size_last_edited=\u00bbon|phone\u00bb locked=\u00bboff\u00bb global_colors_info=\u00bb{}\u00bb]<\/p>\n<p>Para comprender lo que sucede hoy entre Taiw\u00e1n y China es necesario recordar el contexto hist\u00f3rico que las enmarca.<\/p>\n<p>La isla de Taiw\u00e1n fue parte de la Rep\u00fablica de China hasta que el Partido Comunista tom\u00f3 el poder en 1949. Los nacionalistas, opositores a la revoluci\u00f3n, se agruparon luego de su derrota en Taiw\u00e1n. Chiang Kai-shek se convirti\u00f3 entonces en dictador de la isla hasta su muerte en 1975. Su pron\u00f3stico fue que en alg\u00fan momento el comunismo caer\u00eda y que \u00e9l volver\u00eda a gobernar la China continental partiendo desde Taiw\u00e1n.<\/p>\n<p>Los nacionalistas insistieron en que ellos eran \u201cla verdadera\u201d China y se hicieron llamar la Rep\u00fablica de China, diferenci\u00e1ndose del gobierno comunista que proclamaba la Rep\u00fablica Popular China.<\/p>\n<p>Adem\u00e1s de que el pron\u00f3stico de Chiang Kai-shek no se cumpli\u00f3, tuvo lugar un giro de caracter\u00edsticas mundiales en la relaci\u00f3n de la Rep\u00fablica Popular China con las Naciones Unidas.<\/p>\n<p>En 1971 la Asamblea General reconoci\u00f3 a la Rep\u00fablica Popular de China como el \u00fanico representante leg\u00edtimo, y expuls\u00f3 al gobierno de Rep\u00fablica China. Desde ese momento existe, como se conoce en los foros internacionales, una sola China.<\/p>\n<p>[\/et_pb_text][et_pb_image src=\u00bbhttps:\/\/urbe.com.ar\/revista\/wp-content\/uploads\/2021\/11\/117269.gif\u00bb title_text=\u00bb117269&#8243; force_fullwidth=\u00bbon\u00bb disabled_on=\u00bboff|off|off\u00bb _builder_version=\u00bb4.11.4&#8243; background_enable_image=\u00bboff\u00bb transform_scale=\u00bb80%|80%\u00bb transform_translate=\u00bb-28px|-12px\u00bb custom_margin=\u00bb5%|0%|5%|0%|true|true\u00bb custom_margin_tablet=\u00bb\u00bb custom_margin_phone=\u00bb6%|0%|6%|0%|true|true\u00bb custom_margin_last_edited=\u00bbon|phone\u00bb locked=\u00bboff\u00bb global_colors_info=\u00bb{}\u00bb][\/et_pb_image][et_pb_text _builder_version=\u00bb4.11.4&#8243; text_text_color=\u00bb#000000&#8243; text_font_size=\u00bb17px\u00bb text_line_height=\u00bb1.5em\u00bb min_height=\u00bb373px\u00bb custom_margin=\u00bb2%|0%|2%|0%|true|true\u00bb text_font_size_tablet=\u00bb17px\u00bb text_font_size_phone=\u00bb16px\u00bb text_font_size_last_edited=\u00bbon|phone\u00bb locked=\u00bboff\u00bb global_colors_info=\u00bb{}\u00bb]<\/p>\n<p>Entonces, para China, Taiw\u00e1n es parte de su territorio -una provincia- y buscan la reunificaci\u00f3n. Por su parte Taiw\u00e1n hoy tiene un gobierno y funciona de hecho, de manera independiente, con su propia bandera y una presidenta.<\/p>\n<p>Pero sin duda, en el plano internacional, la gran ganadora de la contienda fue la Rep\u00fablica Popular de China. Y en octubre pasado el Partido Comunista celebr\u00f3 con un discurso del presidente Xi Jinping el cincuenta aniversario de lo que definen como \u201cla restauraci\u00f3n del puesto de China en la ONU\u201d.<\/p>\n<p>La suerte de Taiw\u00e1n, luego de la resoluci\u00f3n de 1971, fue que solo unos pocos Estados reconozcan a la isla como pa\u00eds. \u00danicamente 15 Estados para ser exactos: Belice, Guatemala, Hait\u00ed, Honduras, Nicaragua, Paraguay, San Crist\u00f3bal y Nieves, Santa Luc\u00eda, San Vicente y las Granadinas, Suazilandia, Ciudad del Vaticano, Islas Marshall, Nauru, Palaos y Tuvalu. Reconocer a Taiw\u00e1n implica un cortocircuito diplom\u00e1tico con la potencia emergente m\u00e1s grande del mundo: China.<\/p>\n<p>[\/et_pb_text][et_pb_text _builder_version=\u00bb4.11.4&#8243; text_text_color=\u00bb#057E7E\u00bb text_font_size=\u00bb20px\u00bb text_line_height=\u00bb1.5em\u00bb custom_margin=\u00bb2%|0%|2%|0%|true|true\u00bb hover_enabled=\u00bb0&#8243; text_font_size_tablet=\u00bb17px\u00bb text_font_size_phone=\u00bb16px\u00bb text_font_size_last_edited=\u00bbon|phone\u00bb locked=\u00bboff\u00bb global_colors_info=\u00bb{}\u00bb sticky_enabled=\u00bb0&#8243;]<b>LAS TENSIONES DEL PRESENTE<\/b>[\/et_pb_text][et_pb_text _builder_version=\u00bb4.11.4&#8243; text_text_color=\u00bb#000000&#8243; text_font_size=\u00bb17px\u00bb text_line_height=\u00bb1.5em\u00bb min_height=\u00bb857px\u00bb custom_margin=\u00bb2%|0%|2%|0%|true|true\u00bb text_font_size_tablet=\u00bb17px\u00bb text_font_size_phone=\u00bb16px\u00bb text_font_size_last_edited=\u00bbon|phone\u00bb locked=\u00bboff\u00bb global_colors_info=\u00bb{}\u00bb]<\/p>\n<p>Las relaciones entre China, EEUU y el gobierno de Taiw\u00e1n est\u00e1n muy tensas. Y por primera vez en mucho tiempo hay analistas que se preguntan si podr\u00eda haber una guerra para reunificar la isla de Taiw\u00e1n con China continental.<\/p>\n<p>Taiw\u00e1n denuncia las incursiones de aviones chinos en la auto declarada zona de identificaci\u00f3n taiwanesa. Una zona de identificaci\u00f3n a\u00e9rea es un \u00e1rea donde los aviones deben informar su plan de vuelo y mantener comunicaciones de radio de dos v\u00edas de manera obligatoria.<\/p>\n<p>Estos vuelos de China pueden leerse m\u00e1s como una presi\u00f3n pol\u00edtica y un despliegue para mostrar fuerza militar, que como un preludio a una guerra. A\u00fan as\u00ed provocaron advertencias del secretario de Estado de Estados Unidos, Tony Blinken, sobre el potencial desestabilizador y la posibilidad de un error de c\u00e1lculo.<\/p>\n<p>EEUU es sin dudas el otro jugador en todo este conflicto con Taiw\u00e1n.<br \/>Abiertamente le vende armas a la isla, algo que China califica de injerencia extranjera, y tiene un inter\u00e9s declarado de mantener un aliado a pocas millas de China continental.<\/p>\n<p>Las tensiones aumentaron a\u00fan m\u00e1s cuando se hizo p\u00fablico, a trav\u00e9s de una investigaci\u00f3n period\u00edstica, que fuerzas especiales de EEUU entrenaron en secreto a soldados taiwaneses durante un a\u00f1o.<\/p>\n<p>En su discurso sobre Taiw\u00e1n, Xi Jinping afirm\u00f3 que nadie debe subestimar la determinaci\u00f3n del pueblo chino de defender la soberan\u00eda y la integridad territorial. Pero resalt\u00f3 adem\u00e1s que seguir\u00e1n el principio b\u00e1sico de la reunificaci\u00f3n pac\u00edfica, por lo que es posible pensar que una guerra inminente o inevitable es poco probable por el momento.<\/p>\n<p>Desde Taiw\u00e1n la respuesta al presidente chino no se hizo esperar. La isla, asegur\u00f3 la presidenta taiwanesa Tsai Ing-wen, est\u00e1 dispuesta a defenderse a s\u00ed misma y a su futuro, recalcando que \u201cse decidir\u00e1 de acuerdo con la voluntad del pueblo taiwan\u00e9s\u201d.<\/p>\n<p>A principios de octubre se reunieron en Z\u00farich, Suiza, altos funcionarios chinos y estadounidenses. En esa reuni\u00f3n la parte china solicit\u00f3 expl\u00edcitamente a Washington que \u201cdejara de valerse de los asuntos relacionados con Taiw\u00e1n\u201d. Y se acord\u00f3 una reuni\u00f3n virtual tentativa entre Xi Jinping y Joe Biden, algo que podr\u00eda leerse como un avance en el di\u00e1logo en medio de las crecientes tensiones.<\/p>\n<p>[\/et_pb_text][et_pb_text _builder_version=\u00bb4.11.4&#8243; text_text_color=\u00bb#057E7E\u00bb text_font_size=\u00bb20px\u00bb text_line_height=\u00bb1.5em\u00bb custom_margin=\u00bb2%|0%|2%|0%|true|true\u00bb hover_enabled=\u00bb0&#8243; text_font_size_tablet=\u00bb17px\u00bb text_font_size_phone=\u00bb16px\u00bb text_font_size_last_edited=\u00bbon|phone\u00bb locked=\u00bboff\u00bb global_colors_info=\u00bb{}\u00bb sticky_enabled=\u00bb0&#8243;]<b>\u00bfQU\u00c9 OPINAN EN TAIW\u00c1N?<\/b>[\/et_pb_text][et_pb_text _builder_version=\u00bb4.11.4&#8243; text_text_color=\u00bb#000000&#8243; text_font_size=\u00bb17px\u00bb text_line_height=\u00bb1.5em\u00bb min_height=\u00bb75px\u00bb custom_margin=\u00bb2%|0%|2%|0%|true|true\u00bb custom_padding=\u00bb||0px|||\u00bb text_font_size_tablet=\u00bb17px\u00bb text_font_size_phone=\u00bb16px\u00bb text_font_size_last_edited=\u00bbon|phone\u00bb locked=\u00bboff\u00bb global_colors_info=\u00bb{}\u00bb]<\/p>\n<p>Los sondeos de opini\u00f3n sobre la reunificaci\u00f3n o la independencia de Taiw\u00e1n, realizados por la National Chengchi University de Taipei, muestran que las tres opciones mayoritarias son:<\/p>\n<p>[\/et_pb_text][et_pb_text _builder_version=\u00bb4.11.4&#8243; text_text_color=\u00bb#000000&#8243; text_font_size=\u00bb17px\u00bb text_line_height=\u00bb1.5em\u00bb min_height=\u00bb79px\u00bb custom_margin=\u00bb2%|0%|2%|0%|true|true\u00bb text_font_size_tablet=\u00bb17px\u00bb text_font_size_phone=\u00bb16px\u00bb text_font_size_last_edited=\u00bbon|phone\u00bb locked=\u00bboff\u00bb global_colors_info=\u00bb{}\u00bb]<\/p>\n<ul>\n<li style=\"list-style-type: none;\">\n<ul>\n<li style=\"list-style-type: none;\">\n<ul>\n<li style=\"list-style-type: none;\">\n<ul>\n<li>\u201cSeguir como hasta ahora y decidir m\u00e1s tarde\u201d 28,2%<\/li>\n<li>\u201cSeguir como hasta ahora indefinidamente\u201d 27,5%<\/li>\n<li>\u201cSeguir como hasta ahora pero hacia una independencia\u201d 25,8%<\/li>\n<\/ul>\n<\/li>\n<\/ul>\n<\/li>\n<\/ul>\n<\/li>\n<\/ul>\n<p>[\/et_pb_text][et_pb_text _builder_version=\u00bb4.11.4&#8243; text_text_color=\u00bb#057E7E\u00bb text_font_size=\u00bb20px\u00bb text_line_height=\u00bb1.5em\u00bb custom_margin=\u00bb2%|0%|2%|0%|true|true\u00bb hover_enabled=\u00bb0&#8243; text_font_size_tablet=\u00bb17px\u00bb text_font_size_phone=\u00bb16px\u00bb text_font_size_last_edited=\u00bbon|phone\u00bb locked=\u00bboff\u00bb global_colors_info=\u00bb{}\u00bb sticky_enabled=\u00bb0&#8243;]<b>EL TAMA\u00d1O DE LOS EJ\u00c9RCITOS<\/b>[\/et_pb_text][et_pb_text _builder_version=\u00bb4.11.4&#8243; text_text_color=\u00bb#000000&#8243; text_font_size=\u00bb17px\u00bb text_line_height=\u00bb1.5em\u00bb min_height=\u00bb52px\u00bb custom_margin=\u00bb2%|0%|2%|0%|true|true\u00bb custom_padding=\u00bb||0px|||\u00bb text_font_size_tablet=\u00bb17px\u00bb text_font_size_phone=\u00bb16px\u00bb text_font_size_last_edited=\u00bbon|phone\u00bb locked=\u00bboff\u00bb global_colors_info=\u00bb{}\u00bb]<\/p>\n<p>Para terminar de entender lo que pasa entre Taiw\u00e1n, China y EEUU hay que mencionar el tama\u00f1o de los ej\u00e9rcitos; el otro factor decisivo en todo este conflicto.<\/p>\n<p>[\/et_pb_text][et_pb_text _builder_version=\u00bb4.11.4&#8243; text_text_color=\u00bb#000000&#8243; text_font_size=\u00bb17px\u00bb text_line_height=\u00bb1.5em\u00bb min_height=\u00bb405px\u00bb custom_margin=\u00bb2%|0%|2%|0%|true|true\u00bb text_font_size_tablet=\u00bb17px\u00bb text_font_size_phone=\u00bb16px\u00bb text_font_size_last_edited=\u00bbon|phone\u00bb locked=\u00bboff\u00bb global_colors_info=\u00bb{}\u00bb]<\/p>\n<p>El ej\u00e9rcito m\u00e1s poderoso del mundo hoy lo tiene EEUU, no es ninguna sorpresa. Pero el ej\u00e9rcito Chino creci\u00f3 mucho en las \u00faltimas d\u00e9cadas, y hoy no ser\u00e1 el m\u00e1s poderoso pero s\u00ed es el m\u00e1s grande del mundo. El presidente chino cuenta con el ej\u00e9rcito m\u00e1s poderoso de la historia del pa\u00eds, un ej\u00e9rcito que est\u00e1 en su mejor momento. En cambio, siguiendo la comparaci\u00f3n, EEUU est\u00e1 viendo c\u00f3mo su dominaci\u00f3n militar en Asia se est\u00e1 erosionando, lo que podr\u00eda llevarlo a preferir que Taiw\u00e1n se ocupe de su propia defensa, o que al menos se involucren otros actores internacionales en el tema.<\/p>\n<p>En un reporte, el propio Pent\u00e1gono afirma que el ej\u00e9rcito chino pas\u00f3 de ser de un ej\u00e9rcito grande pero ineficiente, a uno que representa un potencial rival. El reporte contin\u00faa y dice que incluso China super\u00f3 al ej\u00e9rcito norteamericano en algunas \u00e1reas como la fabricaci\u00f3n de misiles y los sistemas integrales de defensa.<\/p>\n<p>Cuando EEUU se fue de Kabul, en medio de una ca\u00f3tica retirada, China hizo un gui\u00f1o ante la comunidad internacional. Dos d\u00edas despu\u00e9s realiz\u00f3 un ejercicio militar mostrando lo poderoso que se hab\u00eda vuelto su ej\u00e9rcito.<\/p>\n<p>[\/et_pb_text][et_pb_text _builder_version=\u00bb4.11.4&#8243; text_text_color=\u00bb#057E7E\u00bb text_font_size=\u00bb20px\u00bb text_line_height=\u00bb1.5em\u00bb min_height=\u00bb34px\u00bb custom_margin=\u00bb2%|0%|2%|0%|true|true\u00bb hover_enabled=\u00bb0&#8243; text_font_size_tablet=\u00bb17px\u00bb text_font_size_phone=\u00bb16px\u00bb text_font_size_last_edited=\u00bbon|phone\u00bb locked=\u00bboff\u00bb global_colors_info=\u00bb{}\u00bb sticky_enabled=\u00bb0&#8243;]<b>EL COSTO DE UNA GUERRA<\/b>[\/et_pb_text][et_pb_text _builder_version=\u00bb4.11.4&#8243; text_text_color=\u00bb#000000&#8243; text_font_size=\u00bb17px\u00bb text_line_height=\u00bb1.5em\u00bb min_height=\u00bb109px\u00bb custom_margin=\u00bb2%|0%|2%|0%|true|true\u00bb custom_padding=\u00bb2px||0px|||\u00bb text_font_size_tablet=\u00bb17px\u00bb text_font_size_phone=\u00bb16px\u00bb text_font_size_last_edited=\u00bbon|phone\u00bb locked=\u00bboff\u00bb global_colors_info=\u00bb{}\u00bb]<\/p>\n<p>Probablemente China no busque por el momento una reunificaci\u00f3n por la fuerza de Taiw\u00e1n. El costo diplom\u00e1tico, econ\u00f3mico y de vidas humanas que podr\u00eda implicarle embarcarse en una guerra con Taiw\u00e1n podr\u00eda ser muy alto. Y adem\u00e1s romper\u00eda un orden regional implicando en esa batalla a la otra potencia: EEUU.<\/p>\n<p>Para Argentina hoy China es el segundo socio comercial. Durante la pandemia, el gigante asi\u00e1tico adquiri\u00f3 productos argentinos por un valor de USD 5.394 millones, n\u00famero equivalente al 9,8% del total de nuestras ventas al extranjero. Cualquier potencial conflicto que obligue a China a reducir ese vol\u00famen de compra podr\u00eda ser muy duro para la ya golpeada econom\u00eda de Argentina.<\/p>\n<p>Hoy Taiw\u00e1n tiene un rol importante en el suministro mundial de microchips, lo que le brinda un rol clave en la industria mundial. A\u00fan as\u00ed, cabe preguntarse si realmente EEUU est\u00e1 convencido de involucrarse en una eventual guerra para defender a la isla. El discurso es una cosa, pero la acci\u00f3n es otra.<\/p>\n<p>[\/et_pb_text][et_pb_image src=\u00bbhttps:\/\/urbe.com.ar\/revista\/wp-content\/uploads\/2021\/05\/PaginaWeb_DivisorUrbe-1.png\u00bb title_text=\u00bbP\u00e1ginaWeb_DivisorCultura\u00bb align=\u00bbcenter\u00bb _builder_version=\u00bb4.11.0&#8243; _module_preset=\u00bbdefault\u00bb global_colors_info=\u00bb{}\u00bb][\/et_pb_image][\/et_pb_column_inner][\/et_pb_row_inner][\/et_pb_column][et_pb_column type=\u00bb1_3&#8243; _builder_version=\u00bb3.25&#8243; custom_padding=\u00bb|||\u00bb global_colors_info=\u00bb{}\u00bb custom_padding__hover=\u00bb|||\u00bb][et_pb_image src=\u00bbhttps:\/\/urbe.com.ar\/revista\/wp-content\/uploads\/2021\/05\/PicsArt_05-28-11.17.58.png\u00bb url=\u00bbhttps:\/\/urbe.com.ar\/revista\/\u00bb align=\u00bbcenter\u00bb disabled_on=\u00bbon|on|off\u00bb _builder_version=\u00bb4.9.4&#8243; custom_margin=\u00bb||20%|0%|false|false\u00bb global_colors_info=\u00bb{}\u00bb src__hover_enabled=\u00bbon|desktop\u00bb src__hover=\u00bbhttps:\/\/urbe.com.ar\/revista\/wp-content\/uploads\/2021\/05\/PicsArt_05-28-11.17.58.png\u00bb][\/et_pb_image][et_pb_blog fullwidth=\u00bboff\u00bb posts_number=\u00bb12&#8243; include_categories=\u00bb7,11,8,9,10&#8243; meta_date=\u00bbj M,Y\u00bb use_manual_excerpt=\u00bboff\u00bb excerpt_length=\u00bb80&#8243; show_author=\u00bboff\u00bb show_categories=\u00bboff\u00bb show_pagination=\u00bboff\u00bb masonry_tile_background_color=\u00bb#FFFFFF\u00bb disabled_on=\u00bbon|off|off\u00bb module_class=\u00bbpa-blog \u00bb _builder_version=\u00bb4.11.4&#8243; header_font=\u00bb|700|||||||\u00bb header_text_color=\u00bb#FFFFFF\u00bb header_font_size=\u00bb20px\u00bb body_font=\u00bb|600|||||||\u00bb body_text_color=\u00bb#FFFFFF\u00bb meta_text_color=\u00bb#FFFFFF\u00bb read_more_text_color=\u00bb#FFFFFF\u00bb background_color=\u00bb#FFFFFF\u00bb custom_margin=\u00bb-9%||1%||false|false\u00bb custom_margin_tablet=\u00bb0%||||false|false\u00bb custom_margin_phone=\u00bb\u00bb custom_margin_last_edited=\u00bbon|desktop\u00bb custom_padding=\u00bb||0px|||\u00bb hover_enabled=\u00bb0&#8243; header_text_shadow_style=\u00bbpreset3&#8243; header_text_shadow_color=\u00bb#000000&#8243; body_text_shadow_style=\u00bbpreset3&#8243; body_text_shadow_color=\u00bb#000000&#8243; meta_text_shadow_style=\u00bbpreset3&#8243; meta_text_shadow_color=\u00bb#000000&#8243; border_color_all_image=\u00bb#FFFFFF\u00bb border_width_top_image=\u00bb2px\u00bb text_shadow_style=\u00bbpreset3&#8243; text_shadow_blur_strength=\u00bb0.54em\u00bb text_shadow_color=\u00bb#000000&#8243; global_colors_info=\u00bb{}\u00bb sticky_enabled=\u00bb0&#8243;][\/et_pb_blog][et_pb_code _builder_version=\u00bb4.9.4&#8243; _module_preset=\u00bbdefault\u00bb global_colors_info=\u00bb{}\u00bb]<\/p>\n<style><!-- [et_pb_line_break_holder] -->  .pa-blog-text {<!-- [et_pb_line_break_holder] -->\tposition: absolute;<!-- [et_pb_line_break_holder] -->\ttop: 65%;<!-- [et_pb_line_break_holder] -->\tleft: 50%;<!-- [et_pb_line_break_holder] -->\ttransform: translate(-50%, -50%);<!-- [et_pb_line_break_holder] -->\twidth: 100%;<!-- [et_pb_line_break_holder] -->\tpadding: 20px;<!-- [et_pb_line_break_holder] -->\tz-index: 1;<!-- [et_pb_line_break_holder] -->}<!-- [et_pb_line_break_holder] --><!-- [et_pb_line_break_holder] --><!-- [et_pb_line_break_holder] -->\/*keep the moved items positioned with their parent items*\/<!-- [et_pb_line_break_holder] --><!-- [et_pb_line_break_holder] -->.et_pb_blog_grid article {<!-- [et_pb_line_break_holder] -->\tposition: relative;<!-- [et_pb_line_break_holder] --> <!-- [et_pb_line_break_holder] -->}<!-- [et_pb_line_break_holder] --><!-- [et_pb_line_break_holder] --><!-- [et_pb_line_break_holder] -->\/*remove spacing around entire blog post*\/<!-- [et_pb_line_break_holder] --><!-- [et_pb_line_break_holder] -->.et_pb_blog_grid .et_pb_post {<!-- [et_pb_line_break_holder] -->\tpadding: 0px;<!-- [et_pb_line_break_holder] -->}<!-- [et_pb_line_break_holder] --><!-- [et_pb_line_break_holder] --><!-- [et_pb_line_break_holder] -->\/*remove negative margins on blog featured image*\/<!-- [et_pb_line_break_holder] --><!-- [et_pb_line_break_holder] -->.et_pb_image_container {<!-- [et_pb_line_break_holder] -->\tmargin: 0;<!-- [et_pb_line_break_holder] -->}<!-- [et_pb_line_break_holder] --><!-- [et_pb_line_break_holder] --><!-- [et_pb_line_break_holder] -->\/*remove the margin below the featured image frame*\/<!-- [et_pb_line_break_holder] --><!-- [et_pb_line_break_holder] -->.et_pb_post .entry-featured-image-url {<!-- [et_pb_line_break_holder] -->\tmargin: 0;<!-- [et_pb_line_break_holder] -->}<!-- [et_pb_line_break_holder] --><!-- [et_pb_line_break_holder] --><!-- [et_pb_line_break_holder] --><!-- [et_pb_line_break_holder] -->.et_pb_blog_grid .entry-featured-image-url::before {<!-- [et_pb_line_break_holder] -->\tcontent: '';<!-- [et_pb_line_break_holder] -->\tposition: absolute;<!-- [et_pb_line_break_holder] -->\twidth: 100%;<!-- [et_pb_line_break_holder] -->\theight: 100%;<!-- [et_pb_line_break_holder] -->  overflow:hidden;<!-- [et_pb_line_break_holder] -->\tbackground-color: rgba(0, 0, 0, 0.25);<!-- [et_pb_line_break_holder] -->}<!-- [et_pb_line_break_holder] --><\/style>\n<p>[\/et_pb_code][et_pb_code _builder_version=\u00bb4.9.4&#8243; global_colors_info=\u00bb{}\u00bb][\/et_pb_code][\/et_pb_column][\/et_pb_section]<\/p>\n","protected":false},"excerpt":{"rendered":"<p>Por <b>Andy Flores<\/b><\/p>\n","protected":false},"author":11,"featured_media":5459,"comment_status":"closed","ping_status":"closed","sticky":false,"template":"","format":"standard","meta":{"_et_pb_use_builder":"on","_et_pb_old_content":"","_et_gb_content_width":"1080","_jetpack_memberships_contains_paid_content":false,"footnotes":""},"categories":[28],"tags":[],"class_list":["post-5457","post","type-post","status-publish","format-standard","has-post-thumbnail","hentry","category-internacional"],"yoast_head":"<!-- This site is optimized with the Yoast SEO plugin v27.5 - https:\/\/yoast.com\/product\/yoast-seo-wordpress\/ -->\n<title>China y la reunificaci\u00f3n de Taiw\u00e1n - Revista Urbe<\/title>\n<meta name=\"robots\" content=\"index, follow, max-snippet:-1, max-image-preview:large, max-video-preview:-1\" \/>\n<link rel=\"canonical\" href=\"https:\/\/urbe.com.ar\/revista\/china-y-la-reunificacion-de-taiwan\/\" \/>\n<meta property=\"og:locale\" content=\"es_ES\" \/>\n<meta property=\"og:type\" content=\"article\" \/>\n<meta property=\"og:title\" content=\"China y la reunificaci\u00f3n de Taiw\u00e1n - Revista Urbe\" \/>\n<meta property=\"og:description\" content=\"Por Andy Flores\" \/>\n<meta property=\"og:url\" content=\"https:\/\/urbe.com.ar\/revista\/china-y-la-reunificacion-de-taiwan\/\" \/>\n<meta property=\"og:site_name\" content=\"Revista Urbe\" \/>\n<meta property=\"article:published_time\" content=\"2021-11-06T15:15:57+00:00\" \/>\n<meta property=\"article:modified_time\" content=\"2023-06-03T22:45:58+00:00\" \/>\n<meta property=\"og:image\" content=\"https:\/\/urbe.com.ar\/revista\/wp-content\/uploads\/2021\/11\/PlantillasNotas_Urbe_Home-1.jpg\" \/>\n\t<meta property=\"og:image:width\" content=\"2551\" \/>\n\t<meta property=\"og:image:height\" content=\"2297\" \/>\n\t<meta property=\"og:image:type\" content=\"image\/jpeg\" \/>\n<meta name=\"author\" content=\"Lucas Lipina\" \/>\n<meta name=\"twitter:card\" content=\"summary_large_image\" \/>\n<meta name=\"twitter:creator\" content=\"@Revistaurbe_\" \/>\n<meta name=\"twitter:site\" content=\"@Revistaurbe_\" \/>\n<meta name=\"twitter:label1\" content=\"Escrito por\" \/>\n\t<meta name=\"twitter:data1\" content=\"Lucas Lipina\" \/>\n<script type=\"application\/ld+json\" class=\"yoast-schema-graph\">{\"@context\":\"https:\\\/\\\/schema.org\",\"@graph\":[{\"@type\":\"Article\",\"@id\":\"https:\\\/\\\/urbe.com.ar\\\/revista\\\/china-y-la-reunificacion-de-taiwan\\\/#article\",\"isPartOf\":{\"@id\":\"https:\\\/\\\/urbe.com.ar\\\/revista\\\/china-y-la-reunificacion-de-taiwan\\\/\"},\"author\":{\"name\":\"Lucas Lipina\",\"@id\":\"https:\\\/\\\/urbe.com.ar\\\/revista\\\/#\\\/schema\\\/person\\\/fe2b001e5ecca3136b25dc5aaf24f310\"},\"headline\":\"China y la reunificaci\u00f3n de Taiw\u00e1n\",\"datePublished\":\"2021-11-06T15:15:57+00:00\",\"dateModified\":\"2023-06-03T22:45:58+00:00\",\"mainEntityOfPage\":{\"@id\":\"https:\\\/\\\/urbe.com.ar\\\/revista\\\/china-y-la-reunificacion-de-taiwan\\\/\"},\"wordCount\":3159,\"image\":{\"@id\":\"https:\\\/\\\/urbe.com.ar\\\/revista\\\/china-y-la-reunificacion-de-taiwan\\\/#primaryimage\"},\"thumbnailUrl\":\"https:\\\/\\\/i0.wp.com\\\/urbe.com.ar\\\/revista\\\/wp-content\\\/uploads\\\/2021\\\/11\\\/PlantillasNotas_Urbe_Home-1.jpg?fit=2551%2C2297&ssl=1\",\"articleSection\":[\"INTERNACIONAL\"],\"inLanguage\":\"es\"},{\"@type\":\"WebPage\",\"@id\":\"https:\\\/\\\/urbe.com.ar\\\/revista\\\/china-y-la-reunificacion-de-taiwan\\\/\",\"url\":\"https:\\\/\\\/urbe.com.ar\\\/revista\\\/china-y-la-reunificacion-de-taiwan\\\/\",\"name\":\"China y la reunificaci\u00f3n de Taiw\u00e1n - Revista Urbe\",\"isPartOf\":{\"@id\":\"https:\\\/\\\/urbe.com.ar\\\/revista\\\/#website\"},\"primaryImageOfPage\":{\"@id\":\"https:\\\/\\\/urbe.com.ar\\\/revista\\\/china-y-la-reunificacion-de-taiwan\\\/#primaryimage\"},\"image\":{\"@id\":\"https:\\\/\\\/urbe.com.ar\\\/revista\\\/china-y-la-reunificacion-de-taiwan\\\/#primaryimage\"},\"thumbnailUrl\":\"https:\\\/\\\/i0.wp.com\\\/urbe.com.ar\\\/revista\\\/wp-content\\\/uploads\\\/2021\\\/11\\\/PlantillasNotas_Urbe_Home-1.jpg?fit=2551%2C2297&ssl=1\",\"datePublished\":\"2021-11-06T15:15:57+00:00\",\"dateModified\":\"2023-06-03T22:45:58+00:00\",\"author\":{\"@id\":\"https:\\\/\\\/urbe.com.ar\\\/revista\\\/#\\\/schema\\\/person\\\/fe2b001e5ecca3136b25dc5aaf24f310\"},\"breadcrumb\":{\"@id\":\"https:\\\/\\\/urbe.com.ar\\\/revista\\\/china-y-la-reunificacion-de-taiwan\\\/#breadcrumb\"},\"inLanguage\":\"es\",\"potentialAction\":[{\"@type\":\"ReadAction\",\"target\":[\"https:\\\/\\\/urbe.com.ar\\\/revista\\\/china-y-la-reunificacion-de-taiwan\\\/\"]}]},{\"@type\":\"ImageObject\",\"inLanguage\":\"es\",\"@id\":\"https:\\\/\\\/urbe.com.ar\\\/revista\\\/china-y-la-reunificacion-de-taiwan\\\/#primaryimage\",\"url\":\"https:\\\/\\\/i0.wp.com\\\/urbe.com.ar\\\/revista\\\/wp-content\\\/uploads\\\/2021\\\/11\\\/PlantillasNotas_Urbe_Home-1.jpg?fit=2551%2C2297&ssl=1\",\"contentUrl\":\"https:\\\/\\\/i0.wp.com\\\/urbe.com.ar\\\/revista\\\/wp-content\\\/uploads\\\/2021\\\/11\\\/PlantillasNotas_Urbe_Home-1.jpg?fit=2551%2C2297&ssl=1\",\"width\":2551,\"height\":2297},{\"@type\":\"BreadcrumbList\",\"@id\":\"https:\\\/\\\/urbe.com.ar\\\/revista\\\/china-y-la-reunificacion-de-taiwan\\\/#breadcrumb\",\"itemListElement\":[{\"@type\":\"ListItem\",\"position\":1,\"name\":\"Portada\",\"item\":\"https:\\\/\\\/urbe.com.ar\\\/revista\\\/\"},{\"@type\":\"ListItem\",\"position\":2,\"name\":\"China y la reunificaci\u00f3n de Taiw\u00e1n\"}]},{\"@type\":\"WebSite\",\"@id\":\"https:\\\/\\\/urbe.com.ar\\\/revista\\\/#website\",\"url\":\"https:\\\/\\\/urbe.com.ar\\\/revista\\\/\",\"name\":\"Revista Urbe\",\"description\":\"\",\"potentialAction\":[{\"@type\":\"SearchAction\",\"target\":{\"@type\":\"EntryPoint\",\"urlTemplate\":\"https:\\\/\\\/urbe.com.ar\\\/revista\\\/?s={search_term_string}\"},\"query-input\":{\"@type\":\"PropertyValueSpecification\",\"valueRequired\":true,\"valueName\":\"search_term_string\"}}],\"inLanguage\":\"es\"},{\"@type\":\"Person\",\"@id\":\"https:\\\/\\\/urbe.com.ar\\\/revista\\\/#\\\/schema\\\/person\\\/fe2b001e5ecca3136b25dc5aaf24f310\",\"name\":\"Lucas Lipina\",\"image\":{\"@type\":\"ImageObject\",\"inLanguage\":\"es\",\"@id\":\"https:\\\/\\\/secure.gravatar.com\\\/avatar\\\/6d902580a66a54fb69cbcc63857644fe68084943c88a8aa8e90ce9d76c10091a?s=96&d=mm&r=g\",\"url\":\"https:\\\/\\\/secure.gravatar.com\\\/avatar\\\/6d902580a66a54fb69cbcc63857644fe68084943c88a8aa8e90ce9d76c10091a?s=96&d=mm&r=g\",\"contentUrl\":\"https:\\\/\\\/secure.gravatar.com\\\/avatar\\\/6d902580a66a54fb69cbcc63857644fe68084943c88a8aa8e90ce9d76c10091a?s=96&d=mm&r=g\",\"caption\":\"Lucas Lipina\"},\"url\":\"https:\\\/\\\/urbe.com.ar\\\/revista\\\/author\\\/lucas-lipina14\\\/\"}]}<\/script>\n<!-- \/ Yoast SEO plugin. -->","yoast_head_json":{"title":"China y la reunificaci\u00f3n de Taiw\u00e1n - Revista Urbe","robots":{"index":"index","follow":"follow","max-snippet":"max-snippet:-1","max-image-preview":"max-image-preview:large","max-video-preview":"max-video-preview:-1"},"canonical":"https:\/\/urbe.com.ar\/revista\/china-y-la-reunificacion-de-taiwan\/","og_locale":"es_ES","og_type":"article","og_title":"China y la reunificaci\u00f3n de Taiw\u00e1n - Revista Urbe","og_description":"Por Andy Flores","og_url":"https:\/\/urbe.com.ar\/revista\/china-y-la-reunificacion-de-taiwan\/","og_site_name":"Revista Urbe","article_published_time":"2021-11-06T15:15:57+00:00","article_modified_time":"2023-06-03T22:45:58+00:00","og_image":[{"width":2551,"height":2297,"url":"https:\/\/urbe.com.ar\/revista\/wp-content\/uploads\/2021\/11\/PlantillasNotas_Urbe_Home-1.jpg","type":"image\/jpeg"}],"author":"Lucas Lipina","twitter_card":"summary_large_image","twitter_creator":"@Revistaurbe_","twitter_site":"@Revistaurbe_","twitter_misc":{"Escrito por":"Lucas Lipina"},"schema":{"@context":"https:\/\/schema.org","@graph":[{"@type":"Article","@id":"https:\/\/urbe.com.ar\/revista\/china-y-la-reunificacion-de-taiwan\/#article","isPartOf":{"@id":"https:\/\/urbe.com.ar\/revista\/china-y-la-reunificacion-de-taiwan\/"},"author":{"name":"Lucas Lipina","@id":"https:\/\/urbe.com.ar\/revista\/#\/schema\/person\/fe2b001e5ecca3136b25dc5aaf24f310"},"headline":"China y la reunificaci\u00f3n de Taiw\u00e1n","datePublished":"2021-11-06T15:15:57+00:00","dateModified":"2023-06-03T22:45:58+00:00","mainEntityOfPage":{"@id":"https:\/\/urbe.com.ar\/revista\/china-y-la-reunificacion-de-taiwan\/"},"wordCount":3159,"image":{"@id":"https:\/\/urbe.com.ar\/revista\/china-y-la-reunificacion-de-taiwan\/#primaryimage"},"thumbnailUrl":"https:\/\/i0.wp.com\/urbe.com.ar\/revista\/wp-content\/uploads\/2021\/11\/PlantillasNotas_Urbe_Home-1.jpg?fit=2551%2C2297&ssl=1","articleSection":["INTERNACIONAL"],"inLanguage":"es"},{"@type":"WebPage","@id":"https:\/\/urbe.com.ar\/revista\/china-y-la-reunificacion-de-taiwan\/","url":"https:\/\/urbe.com.ar\/revista\/china-y-la-reunificacion-de-taiwan\/","name":"China y la reunificaci\u00f3n de Taiw\u00e1n - Revista Urbe","isPartOf":{"@id":"https:\/\/urbe.com.ar\/revista\/#website"},"primaryImageOfPage":{"@id":"https:\/\/urbe.com.ar\/revista\/china-y-la-reunificacion-de-taiwan\/#primaryimage"},"image":{"@id":"https:\/\/urbe.com.ar\/revista\/china-y-la-reunificacion-de-taiwan\/#primaryimage"},"thumbnailUrl":"https:\/\/i0.wp.com\/urbe.com.ar\/revista\/wp-content\/uploads\/2021\/11\/PlantillasNotas_Urbe_Home-1.jpg?fit=2551%2C2297&ssl=1","datePublished":"2021-11-06T15:15:57+00:00","dateModified":"2023-06-03T22:45:58+00:00","author":{"@id":"https:\/\/urbe.com.ar\/revista\/#\/schema\/person\/fe2b001e5ecca3136b25dc5aaf24f310"},"breadcrumb":{"@id":"https:\/\/urbe.com.ar\/revista\/china-y-la-reunificacion-de-taiwan\/#breadcrumb"},"inLanguage":"es","potentialAction":[{"@type":"ReadAction","target":["https:\/\/urbe.com.ar\/revista\/china-y-la-reunificacion-de-taiwan\/"]}]},{"@type":"ImageObject","inLanguage":"es","@id":"https:\/\/urbe.com.ar\/revista\/china-y-la-reunificacion-de-taiwan\/#primaryimage","url":"https:\/\/i0.wp.com\/urbe.com.ar\/revista\/wp-content\/uploads\/2021\/11\/PlantillasNotas_Urbe_Home-1.jpg?fit=2551%2C2297&ssl=1","contentUrl":"https:\/\/i0.wp.com\/urbe.com.ar\/revista\/wp-content\/uploads\/2021\/11\/PlantillasNotas_Urbe_Home-1.jpg?fit=2551%2C2297&ssl=1","width":2551,"height":2297},{"@type":"BreadcrumbList","@id":"https:\/\/urbe.com.ar\/revista\/china-y-la-reunificacion-de-taiwan\/#breadcrumb","itemListElement":[{"@type":"ListItem","position":1,"name":"Portada","item":"https:\/\/urbe.com.ar\/revista\/"},{"@type":"ListItem","position":2,"name":"China y la reunificaci\u00f3n de Taiw\u00e1n"}]},{"@type":"WebSite","@id":"https:\/\/urbe.com.ar\/revista\/#website","url":"https:\/\/urbe.com.ar\/revista\/","name":"Revista Urbe","description":"","potentialAction":[{"@type":"SearchAction","target":{"@type":"EntryPoint","urlTemplate":"https:\/\/urbe.com.ar\/revista\/?s={search_term_string}"},"query-input":{"@type":"PropertyValueSpecification","valueRequired":true,"valueName":"search_term_string"}}],"inLanguage":"es"},{"@type":"Person","@id":"https:\/\/urbe.com.ar\/revista\/#\/schema\/person\/fe2b001e5ecca3136b25dc5aaf24f310","name":"Lucas Lipina","image":{"@type":"ImageObject","inLanguage":"es","@id":"https:\/\/secure.gravatar.com\/avatar\/6d902580a66a54fb69cbcc63857644fe68084943c88a8aa8e90ce9d76c10091a?s=96&d=mm&r=g","url":"https:\/\/secure.gravatar.com\/avatar\/6d902580a66a54fb69cbcc63857644fe68084943c88a8aa8e90ce9d76c10091a?s=96&d=mm&r=g","contentUrl":"https:\/\/secure.gravatar.com\/avatar\/6d902580a66a54fb69cbcc63857644fe68084943c88a8aa8e90ce9d76c10091a?s=96&d=mm&r=g","caption":"Lucas Lipina"},"url":"https:\/\/urbe.com.ar\/revista\/author\/lucas-lipina14\/"}]}},"jetpack_featured_media_url":"https:\/\/i0.wp.com\/urbe.com.ar\/revista\/wp-content\/uploads\/2021\/11\/PlantillasNotas_Urbe_Home-1.jpg?fit=2551%2C2297&ssl=1","jetpack_sharing_enabled":true,"_links":{"self":[{"href":"https:\/\/urbe.com.ar\/revista\/wp-json\/wp\/v2\/posts\/5457","targetHints":{"allow":["GET"]}}],"collection":[{"href":"https:\/\/urbe.com.ar\/revista\/wp-json\/wp\/v2\/posts"}],"about":[{"href":"https:\/\/urbe.com.ar\/revista\/wp-json\/wp\/v2\/types\/post"}],"author":[{"embeddable":true,"href":"https:\/\/urbe.com.ar\/revista\/wp-json\/wp\/v2\/users\/11"}],"replies":[{"embeddable":true,"href":"https:\/\/urbe.com.ar\/revista\/wp-json\/wp\/v2\/comments?post=5457"}],"version-history":[{"count":6,"href":"https:\/\/urbe.com.ar\/revista\/wp-json\/wp\/v2\/posts\/5457\/revisions"}],"predecessor-version":[{"id":5467,"href":"https:\/\/urbe.com.ar\/revista\/wp-json\/wp\/v2\/posts\/5457\/revisions\/5467"}],"wp:featuredmedia":[{"embeddable":true,"href":"https:\/\/urbe.com.ar\/revista\/wp-json\/wp\/v2\/media\/5459"}],"wp:attachment":[{"href":"https:\/\/urbe.com.ar\/revista\/wp-json\/wp\/v2\/media?parent=5457"}],"wp:term":[{"taxonomy":"category","embeddable":true,"href":"https:\/\/urbe.com.ar\/revista\/wp-json\/wp\/v2\/categories?post=5457"},{"taxonomy":"post_tag","embeddable":true,"href":"https:\/\/urbe.com.ar\/revista\/wp-json\/wp\/v2\/tags?post=5457"}],"curies":[{"name":"wp","href":"https:\/\/api.w.org\/{rel}","templated":true}]}}