{"id":5365,"date":"2021-10-27T14:45:25","date_gmt":"2021-10-27T14:45:25","guid":{"rendered":"https:\/\/urbe.com.ar\/revista\/?p=5365"},"modified":"2023-06-03T22:07:42","modified_gmt":"2023-06-03T22:07:42","slug":"nacer-de-tu-muerte","status":"publish","type":"post","link":"https:\/\/urbe.com.ar\/revista\/nacer-de-tu-muerte\/","title":{"rendered":"Nacer de tu muerte"},"content":{"rendered":"<p>[et_pb_section fb_built=\u00bb1&#8243; disabled_on=\u00bbon|on|on\u00bb _builder_version=\u00bb4.4.8&#8243; disabled=\u00bbon\u00bb global_colors_info=\u00bb{}\u00bb][et_pb_row _builder_version=\u00bb4.4.8&#8243; global_colors_info=\u00bb{}\u00bb][et_pb_column type=\u00bb4_4&#8243; _builder_version=\u00bb4.4.8&#8243; global_colors_info=\u00bb{}\u00bb][et_pb_text disabled_on=\u00bbon|on|on\u00bb _builder_version=\u00bb4.11.0&#8243; disabled=\u00bbon\u00bb global_colors_info=\u00bb{}\u00bb]Por Cristian Cimminelli | Un 27 de octubre de 2010 comenzaba a hacerme peronista. Hasta esa fecha fui un predecible producto de la estructura clasemediera argentina, que es una m\u00e1quina de hacer gorilas por default. Cultivado durante d\u00e9cadas a fuerza de bombas, desapariciones, asesinatos y recortes presupuestarios, el sentido com\u00fan te va metiendo fichas desde chico: as\u00ed como aprend\u00e9s a decir \u201cmam\u00e1 y pap\u00e1\u201d, tambi\u00e9n te encontr\u00e1s modulando \u201cPer\u00f3n rob\u00f3\u201d.[\/et_pb_text][\/et_pb_column][\/et_pb_row][\/et_pb_section][et_pb_section fb_built=\u00bb1&#8243; use_custom_gutter=\u00bbon\u00bb gutter_width=\u00bb1&#8243; specialty=\u00bbon\u00bb padding_top_bottom_link_1=\u00bbfalse\u00bb padding_top_bottom_link_2=\u00bbfalse\u00bb padding_left_right_link_1=\u00bbfalse\u00bb padding_left_right_link_2=\u00bbfalse\u00bb padding_left_2=\u00bb1%\u00bb _builder_version=\u00bb4.9.4&#8243; custom_padding=\u00bb0px||0px|||\u00bb global_colors_info=\u00bb{}\u00bb][et_pb_column type=\u00bb2_3&#8243; specialty_columns=\u00bb2&#8243; _builder_version=\u00bb3.25&#8243; custom_padding=\u00bb|||\u00bb global_colors_info=\u00bb{}\u00bb custom_padding__hover=\u00bb|||\u00bb][et_pb_row_inner _builder_version=\u00bb4.4.8&#8243; background_color=\u00bb#ffffff\u00bb custom_padding=\u00bb0px||0px|||\u00bb global_colors_info=\u00bb{}\u00bb][et_pb_column_inner saved_specialty_column_type=\u00bb2_3&#8243; _builder_version=\u00bb4.4.8&#8243; global_colors_info=\u00bb{}\u00bb][et_pb_text _builder_version=\u00bb4.11.0&#8243; text_font=\u00bb|600|||||||\u00bb text_text_color=\u00bb#2F3568&#8243; text_font_size=\u00bb18px\u00bb header_text_align=\u00bbcenter\u00bb header_font_size=\u00bb35px\u00bb custom_margin=\u00bb2%|0%|2%|0%|true|true\u00bb global_colors_info=\u00bb{}\u00bb]<\/p>\n<p>OPINI\u00d3N<\/p>\n<p>[\/et_pb_text][et_pb_text _builder_version=\u00bb4.11.0&#8243; header_font=\u00bb|700||on|||||\u00bb header_text_align=\u00bbleft\u00bb header_text_color=\u00bb#057E7E\u00bb custom_margin=\u00bb0.9%|0%|0.9%|0%|true|true\u00bb custom_padding=\u00bb|0%||0%|false|true\u00bb hover_enabled=\u00bb0&#8243; global_colors_info=\u00bb{}\u00bb sticky_enabled=\u00bb0&#8243;]<\/p>\n<h1>nacer de tu muerte<\/h1>\n<p>[\/et_pb_text][et_pb_text _builder_version=\u00bb4.11.0&#8243; text_font=\u00bb||||||||\u00bb text_text_color=\u00bb#057E7E\u00bb text_font_size=\u00bb18px\u00bb header_text_align=\u00bbcenter\u00bb header_text_color=\u00bb#057E7E\u00bb header_font_size=\u00bb35px\u00bb text_orientation=\u00bbjustified\u00bb custom_margin=\u00bb0.9%|0%|0.9%|0%|true|true\u00bb global_colors_info=\u00bb{}\u00bb]Por <b>Cristian Cimminelli<\/b><br \/>\n27\/10\/21[\/et_pb_text][et_pb_image src=\u00bbhttps:\/\/urbe.com.ar\/revista\/wp-content\/uploads\/2021\/10\/PlantillasNotas_Opinion_Portada-1-scaled.jpg\u00bb title_text=\u00bbPlantillasNotas_Opini\u00f3n_Portada\u00bb disabled_on=\u00bboff|off|off\u00bb _builder_version=\u00bb4.11.0&#8243; background_enable_image=\u00bboff\u00bb custom_margin=\u00bb5%|0%|5%|0%|true|true\u00bb custom_margin_tablet=\u00bb\u00bb custom_margin_phone=\u00bb6%|0%|6%|0%|true|true\u00bb custom_margin_last_edited=\u00bbon|phone\u00bb global_colors_info=\u00bb{}\u00bb][\/et_pb_image][\/et_pb_column_inner][\/et_pb_row_inner][et_pb_row_inner column_structure=\u00bb1_2,1_2&#8243; use_custom_gutter=\u00bbon\u00bb gutter_width=\u00bb1&#8243; make_equal=\u00bbon\u00bb disabled_on=\u00bbon|off|off\u00bb _builder_version=\u00bb4.4.8&#8243; background_color=\u00bb#ffffff\u00bb custom_margin=\u00bb||||false|false\u00bb custom_padding=\u00bb0px||0px|0%|false|false\u00bb locked=\u00bboff\u00bb global_colors_info=\u00bb{}\u00bb][et_pb_column_inner type=\u00bb1_2&#8243; saved_specialty_column_type=\u00bb2_3&#8243; _builder_version=\u00bb4.4.8&#8243; background_color=\u00bb#ffffff\u00bb custom_css_main_element=\u00bbwidth: 60% !important;\u00bb global_colors_info=\u00bb{}\u00bb][\/et_pb_column_inner][et_pb_column_inner type=\u00bb1_2&#8243; saved_specialty_column_type=\u00bb2_3&#8243; _builder_version=\u00bb4.4.8&#8243; custom_css_main_element=\u00bb||width: 40% !important;||margin: auto;||display: flex;||flex-direction: column;||justify-content: center;\u00bb global_colors_info=\u00bb{}\u00bb][et_pb_code _builder_version=\u00bb4.9.11&#8243; text_orientation=\u00bbcenter\u00bb module_alignment=\u00bbcenter\u00bb custom_margin=\u00bb2%||2%||true|false\u00bb custom_padding=\u00bb|6.7%||6.7%|false|true\u00bb global_colors_info=\u00bb{}\u00bb]<div class=\"addtoany_shortcode\"><div class=\"a2a_kit a2a_kit_size_32 addtoany_list\" data-a2a-url=\"https:\/\/urbe.com.ar\/revista\/nacer-de-tu-muerte\/\" data-a2a-title=\"Nacer de tu muerte\"><a class=\"a2a_button_facebook\" href=\"https:\/\/www.addtoany.com\/add_to\/facebook?linkurl=https%3A%2F%2Furbe.com.ar%2Frevista%2Fnacer-de-tu-muerte%2F&amp;linkname=Nacer%20de%20tu%20muerte\" title=\"Facebook\" rel=\"nofollow noopener\" target=\"_blank\"><\/a><a class=\"a2a_button_whatsapp\" href=\"https:\/\/www.addtoany.com\/add_to\/whatsapp?linkurl=https%3A%2F%2Furbe.com.ar%2Frevista%2Fnacer-de-tu-muerte%2F&amp;linkname=Nacer%20de%20tu%20muerte\" title=\"WhatsApp\" rel=\"nofollow noopener\" target=\"_blank\"><\/a><a class=\"a2a_button_twitter\" href=\"https:\/\/www.addtoany.com\/add_to\/twitter?linkurl=https%3A%2F%2Furbe.com.ar%2Frevista%2Fnacer-de-tu-muerte%2F&amp;linkname=Nacer%20de%20tu%20muerte\" title=\"Twitter\" rel=\"nofollow noopener\" target=\"_blank\"><\/a><a class=\"a2a_button_email\" href=\"https:\/\/www.addtoany.com\/add_to\/email?linkurl=https%3A%2F%2Furbe.com.ar%2Frevista%2Fnacer-de-tu-muerte%2F&amp;linkname=Nacer%20de%20tu%20muerte\" title=\"Email\" rel=\"nofollow noopener\" target=\"_blank\"><\/a><a class=\"a2a_button_copy_link\" href=\"https:\/\/www.addtoany.com\/add_to\/copy_link?linkurl=https%3A%2F%2Furbe.com.ar%2Frevista%2Fnacer-de-tu-muerte%2F&amp;linkname=Nacer%20de%20tu%20muerte\" title=\"Copy Link\" rel=\"nofollow noopener\" target=\"_blank\"><\/a><\/div><\/div>[\/et_pb_code][\/et_pb_column_inner][\/et_pb_row_inner][et_pb_row_inner use_custom_gutter=\u00bbon\u00bb gutter_width=\u00bb1&#8243; make_equal=\u00bbon\u00bb disabled_on=\u00bboff|on|on\u00bb _builder_version=\u00bb4.4.8&#8243; background_color=\u00bb#ffffff\u00bb custom_margin=\u00bb||||false|false\u00bb custom_padding=\u00bb0px||0px|0%|false|false\u00bb locked=\u00bboff\u00bb global_colors_info=\u00bb{}\u00bb][et_pb_column_inner saved_specialty_column_type=\u00bb2_3&#8243; _builder_version=\u00bb4.4.8&#8243; background_color=\u00bb#ffffff\u00bb global_colors_info=\u00bb{}\u00bb][et_pb_code disabled_on=\u00bboff|off|off\u00bb _builder_version=\u00bb4.9.11&#8243; _module_preset=\u00bbdefault\u00bb text_orientation=\u00bbcenter\u00bb width=\u00bb100%\u00bb width_tablet=\u00bb\u00bb width_phone=\u00bb100%\u00bb width_last_edited=\u00bbon|phone\u00bb max_width=\u00bb100%\u00bb max_width_tablet=\u00bb\u00bb max_width_phone=\u00bb\u00bb max_width_last_edited=\u00bbon|tablet\u00bb module_alignment=\u00bbright\u00bb custom_margin_tablet=\u00bb\u00bb custom_margin_phone=\u00bb\u00bb custom_margin_last_edited=\u00bbon|phone\u00bb module_alignment_tablet=\u00bb\u00bb module_alignment_phone=\u00bbcenter\u00bb module_alignment_last_edited=\u00bbon|desktop\u00bb global_colors_info=\u00bb{}\u00bb]<div class=\"addtoany_shortcode\"><div class=\"a2a_kit a2a_kit_size_32 addtoany_list\" data-a2a-url=\"https:\/\/urbe.com.ar\/revista\/nacer-de-tu-muerte\/\" data-a2a-title=\"Nacer de tu muerte\"><a class=\"a2a_button_facebook\" href=\"https:\/\/www.addtoany.com\/add_to\/facebook?linkurl=https%3A%2F%2Furbe.com.ar%2Frevista%2Fnacer-de-tu-muerte%2F&amp;linkname=Nacer%20de%20tu%20muerte\" title=\"Facebook\" rel=\"nofollow noopener\" target=\"_blank\"><\/a><a class=\"a2a_button_whatsapp\" href=\"https:\/\/www.addtoany.com\/add_to\/whatsapp?linkurl=https%3A%2F%2Furbe.com.ar%2Frevista%2Fnacer-de-tu-muerte%2F&amp;linkname=Nacer%20de%20tu%20muerte\" title=\"WhatsApp\" rel=\"nofollow noopener\" target=\"_blank\"><\/a><a class=\"a2a_button_twitter\" href=\"https:\/\/www.addtoany.com\/add_to\/twitter?linkurl=https%3A%2F%2Furbe.com.ar%2Frevista%2Fnacer-de-tu-muerte%2F&amp;linkname=Nacer%20de%20tu%20muerte\" title=\"Twitter\" rel=\"nofollow noopener\" target=\"_blank\"><\/a><a class=\"a2a_button_email\" href=\"https:\/\/www.addtoany.com\/add_to\/email?linkurl=https%3A%2F%2Furbe.com.ar%2Frevista%2Fnacer-de-tu-muerte%2F&amp;linkname=Nacer%20de%20tu%20muerte\" title=\"Email\" rel=\"nofollow noopener\" target=\"_blank\"><\/a><a class=\"a2a_button_copy_link\" href=\"https:\/\/www.addtoany.com\/add_to\/copy_link?linkurl=https%3A%2F%2Furbe.com.ar%2Frevista%2Fnacer-de-tu-muerte%2F&amp;linkname=Nacer%20de%20tu%20muerte\" title=\"Copy Link\" rel=\"nofollow noopener\" target=\"_blank\"><\/a><\/div><\/div>[\/et_pb_code][\/et_pb_column_inner][\/et_pb_row_inner][et_pb_row_inner _builder_version=\u00bb4.4.8&#8243; background_color=\u00bb#ffffff\u00bb custom_padding=\u00bb0px||3px|0px||\u00bb global_colors_info=\u00bb{}\u00bb][et_pb_column_inner saved_specialty_column_type=\u00bb2_3&#8243; _builder_version=\u00bb4.4.8&#8243; global_colors_info=\u00bb{}\u00bb][et_pb_text _builder_version=\u00bb4.11.0&#8243; text_text_color=\u00bb#000000&#8243; text_font_size=\u00bb17px\u00bb text_line_height=\u00bb1.5em\u00bb custom_margin=\u00bb2%|0%|2%|0%|true|true\u00bb text_font_size_tablet=\u00bb17px\u00bb text_font_size_phone=\u00bb16px\u00bb text_font_size_last_edited=\u00bbon|phone\u00bb global_colors_info=\u00bb{}\u00bb]<\/p>\n<p><b>Un 27 de octubre de 2010 comenzaba a hacerme peronista.<\/b> Hasta esa fecha fui un predecible producto de la estructura clasemediera argentina, que es una m\u00e1quina de hacer gorilas por default. Cultivado durante d\u00e9cadas a fuerza de bombas, desapariciones, asesinatos y recortes presupuestarios, el sentido com\u00fan te va metiendo fichas desde chico: as\u00ed como aprend\u00e9s a decir \u201cmam\u00e1 y pap\u00e1\u201d, tambi\u00e9n te encontr\u00e1s modulando \u201cPer\u00f3n rob\u00f3\u201d. <\/p>\n<p>Durante a\u00f1os reproduje ese mantra que tambi\u00e9n canturreaba mi abuelo. Y lo que le escuchaba decir a \u00e9l lo corroboraba todos los d\u00edas cuando, pensando que me informaba con pluralidad de voces, entraba a leer Clar\u00edn, La Naci\u00f3n e Infobae. Para m\u00ed eran simples medios que buscaban contarme lo que pasaba. Ni se me cruzaba por la cabeza -y creo que a mi abuelo tampoco-  que pod\u00eda estar leyendo cualquier cosa que respondiera a cualquier otro inter\u00e9s. <\/p>\n<p><b>Detr\u00e1s de todo ese tel\u00f3n que pod\u00eda tapar o hacer tapa, estaba el otro modelo de pa\u00eds. N\u00e9stor y Cristina apostando por una Patria productiva que pudiera incluir a los que siempre fueron excluidos por los que mi inercia y yo defend\u00edamos.<\/b> Un proyecto Nacional y Popular que pon\u00eda en valor a la pol\u00edtica como la herramienta por excelencia para modificar la realidad, al tiempo que rescataba lo que hab\u00edan hecho Per\u00f3n y Evita en su tiempo, abrazaba a las Madres y a las Abuelas y encarcelaba genocidas. Todo eso exist\u00eda pero no para m\u00ed, que caminaba en el laberinto diario de la distracci\u00f3n planificada.<\/p>\n<p><b>No s\u00e9 qu\u00e9 habr\u00eda pasado si N\u00e9stor no hubiese muerto. Solo s\u00e9 que fue ese hecho, tan triste como inmenso, lo que me permiti\u00f3 verlo.<\/b> Su muerte fue el viento que corri\u00f3 el velo que me tapaba desde siempre. Ah\u00ed lo vi por primera vez como lo que era y no como lo que me hab\u00edan contado. Esa fue la primera ficha de domin\u00f3 que se inclin\u00f3 hacia adelante y volte\u00f3 todo lo dem\u00e1s. En medio de todo ese derrumbe me veo a m\u00ed mismo festejando el voto no positivo de Cobos unos a\u00f1os atr\u00e1s y no puedo creer c\u00f3mo no me daba cuenta.<\/p>\n<p>Por momentos lo pienso y me da bronca. Primero porque siento que me perd\u00ed a N\u00e9stor, que me perd\u00ed de disfrutarlo. Pero, sobre todo, me enoja pensar que mucha gente puede estar en la misma situaci\u00f3n ahora, defendiendo cosas que no siente realmente propias y alejada del verdadero lugar de pertenencia. Tal vez no hay tal destino, y solo somos lo que somos en cada momento; aunque con el diario del lunes pienso que no, que cuando supe que era peronista sent\u00ed que hab\u00eda llegado al lugar en el que siempre hab\u00eda querido estar.<\/p>\n<p><b>Yo de beb\u00e9 estaba m\u00e1s para tener un cuadro de Isaac Rojas en la cocina. Ahora de grande tengo uno de Per\u00f3n a mis espaldas mientras escribo esta nota<\/b>. Eso fue gracias a N\u00e9stor y gracias a Cristina, que hicieron lo que ten\u00edan que hacer -por convicci\u00f3n y mandato hist\u00f3rico- para que algunos se pongan nerviosos y otros pongamos la Marcha. Me gustar\u00eda cont\u00e1rtelo, N\u00e9stor, pero este 27 de octubre no solo se cumple un aniversario desde que yo llegu\u00e9; tambi\u00e9n se cumple otro desde que vos te fuiste.<\/p>\n<p>[\/et_pb_text][et_pb_image src=\u00bbhttps:\/\/urbe.com.ar\/revista\/wp-content\/uploads\/2021\/05\/PaginaWeb_DivisorOpinion-1.png\u00bb title_text=\u00bbP\u00e1ginaWeb_DivisorCultura\u00bb align=\u00bbcenter\u00bb _builder_version=\u00bb4.11.0&#8243; _module_preset=\u00bbdefault\u00bb global_colors_info=\u00bb{}\u00bb][\/et_pb_image][\/et_pb_column_inner][\/et_pb_row_inner][\/et_pb_column][et_pb_column type=\u00bb1_3&#8243; _builder_version=\u00bb3.25&#8243; custom_padding=\u00bb|||\u00bb global_colors_info=\u00bb{}\u00bb custom_padding__hover=\u00bb|||\u00bb][et_pb_image src=\u00bbhttps:\/\/urbe.com.ar\/revista\/wp-content\/uploads\/2021\/05\/PicsArt_05-28-11.17.58.png\u00bb url=\u00bbhttps:\/\/urbe.com.ar\/revista\/\u00bb align=\u00bbcenter\u00bb disabled_on=\u00bbon|on|off\u00bb _builder_version=\u00bb4.9.4&#8243; custom_margin=\u00bb||20%|0%|false|false\u00bb global_colors_info=\u00bb{}\u00bb src__hover_enabled=\u00bbon|desktop\u00bb][\/et_pb_image][et_pb_blog fullwidth=\u00bboff\u00bb posts_number=\u00bb4&#8243; include_categories=\u00bb7,11,8,9,10&#8243; meta_date=\u00bbj M,Y\u00bb use_manual_excerpt=\u00bboff\u00bb excerpt_length=\u00bb80&#8243; show_author=\u00bboff\u00bb show_categories=\u00bboff\u00bb show_pagination=\u00bboff\u00bb masonry_tile_background_color=\u00bb#FFFFFF\u00bb disabled_on=\u00bbon|off|off\u00bb module_class=\u00bbpa-blog \u00bb _builder_version=\u00bb4.11.0&#8243; header_font=\u00bb|700|||||||\u00bb header_text_color=\u00bb#FFFFFF\u00bb header_font_size=\u00bb20px\u00bb body_font=\u00bb|600|||||||\u00bb body_text_color=\u00bb#FFFFFF\u00bb meta_text_color=\u00bb#FFFFFF\u00bb read_more_text_color=\u00bb#FFFFFF\u00bb background_color=\u00bb#FFFFFF\u00bb custom_margin=\u00bb-9%||1%||false|false\u00bb custom_margin_tablet=\u00bb0%||||false|false\u00bb custom_margin_phone=\u00bb\u00bb custom_margin_last_edited=\u00bbon|desktop\u00bb custom_padding=\u00bb||0px|||\u00bb header_text_shadow_style=\u00bbpreset3&#8243; header_text_shadow_color=\u00bb#000000&#8243; body_text_shadow_style=\u00bbpreset3&#8243; body_text_shadow_color=\u00bb#000000&#8243; meta_text_shadow_style=\u00bbpreset3&#8243; meta_text_shadow_color=\u00bb#000000&#8243; border_color_all_image=\u00bb#FFFFFF\u00bb border_width_top_image=\u00bb2px\u00bb text_shadow_style=\u00bbpreset3&#8243; text_shadow_blur_strength=\u00bb0.54em\u00bb text_shadow_color=\u00bb#000000&#8243; global_colors_info=\u00bb{}\u00bb][\/et_pb_blog][et_pb_code _builder_version=\u00bb4.9.4&#8243; _module_preset=\u00bbdefault\u00bb global_colors_info=\u00bb{}\u00bb]<\/p>\n<style><!-- [et_pb_line_break_holder] -->  .pa-blog-text {<!-- [et_pb_line_break_holder] -->\tposition: absolute;<!-- [et_pb_line_break_holder] -->\ttop: 65%;<!-- [et_pb_line_break_holder] -->\tleft: 50%;<!-- [et_pb_line_break_holder] -->\ttransform: translate(-50%, -50%);<!-- [et_pb_line_break_holder] -->\twidth: 100%;<!-- [et_pb_line_break_holder] -->\tpadding: 20px;<!-- [et_pb_line_break_holder] -->\tz-index: 1;<!-- [et_pb_line_break_holder] -->}<!-- [et_pb_line_break_holder] --><!-- [et_pb_line_break_holder] --><!-- [et_pb_line_break_holder] -->\/*keep the moved items positioned with their parent items*\/<!-- [et_pb_line_break_holder] --><!-- [et_pb_line_break_holder] -->.et_pb_blog_grid article {<!-- [et_pb_line_break_holder] -->\tposition: relative;<!-- [et_pb_line_break_holder] --> <!-- [et_pb_line_break_holder] -->}<!-- [et_pb_line_break_holder] --><!-- [et_pb_line_break_holder] --><!-- [et_pb_line_break_holder] -->\/*remove spacing around entire blog post*\/<!-- [et_pb_line_break_holder] --><!-- [et_pb_line_break_holder] -->.et_pb_blog_grid .et_pb_post {<!-- [et_pb_line_break_holder] -->\tpadding: 0px;<!-- [et_pb_line_break_holder] -->}<!-- [et_pb_line_break_holder] --><!-- [et_pb_line_break_holder] --><!-- [et_pb_line_break_holder] -->\/*remove negative margins on blog featured image*\/<!-- [et_pb_line_break_holder] --><!-- [et_pb_line_break_holder] -->.et_pb_image_container {<!-- [et_pb_line_break_holder] -->\tmargin: 0;<!-- [et_pb_line_break_holder] -->}<!-- [et_pb_line_break_holder] --><!-- [et_pb_line_break_holder] --><!-- [et_pb_line_break_holder] -->\/*remove the margin below the featured image frame*\/<!-- [et_pb_line_break_holder] --><!-- [et_pb_line_break_holder] -->.et_pb_post .entry-featured-image-url {<!-- [et_pb_line_break_holder] -->\tmargin: 0;<!-- [et_pb_line_break_holder] -->}<!-- [et_pb_line_break_holder] --><!-- [et_pb_line_break_holder] --><!-- [et_pb_line_break_holder] --><!-- [et_pb_line_break_holder] -->.et_pb_blog_grid .entry-featured-image-url::before {<!-- [et_pb_line_break_holder] -->\tcontent: '';<!-- [et_pb_line_break_holder] -->\tposition: absolute;<!-- [et_pb_line_break_holder] -->\twidth: 100%;<!-- [et_pb_line_break_holder] -->\theight: 100%;<!-- [et_pb_line_break_holder] -->  overflow:hidden;<!-- [et_pb_line_break_holder] -->\tbackground-color: rgba(0, 0, 0, 0.25);<!-- [et_pb_line_break_holder] -->}<!-- [et_pb_line_break_holder] --><\/style>\n<p>[\/et_pb_code][et_pb_code _builder_version=\u00bb4.9.4&#8243; global_colors_info=\u00bb{}\u00bb][\/et_pb_code][\/et_pb_column][\/et_pb_section]<\/p>\n","protected":false},"excerpt":{"rendered":"<p>Por <b>Cristian Cimminelli<\/b><\/p>\n","protected":false},"author":9,"featured_media":5379,"comment_status":"closed","ping_status":"closed","sticky":false,"template":"","format":"standard","meta":{"_et_pb_use_builder":"on","_et_pb_old_content":"","_et_gb_content_width":"1080","_jetpack_memberships_contains_paid_content":false,"footnotes":""},"categories":[29],"tags":[],"class_list":["post-5365","post","type-post","status-publish","format-standard","has-post-thumbnail","hentry","category-politica"],"yoast_head":"<!-- This site is optimized with the Yoast SEO plugin v27.5 - https:\/\/yoast.com\/product\/yoast-seo-wordpress\/ -->\n<title>Nacer de tu muerte - Revista Urbe<\/title>\n<meta name=\"robots\" content=\"index, follow, max-snippet:-1, max-image-preview:large, max-video-preview:-1\" \/>\n<link rel=\"canonical\" href=\"https:\/\/urbe.com.ar\/revista\/nacer-de-tu-muerte\/\" \/>\n<meta property=\"og:locale\" content=\"es_ES\" \/>\n<meta property=\"og:type\" content=\"article\" \/>\n<meta property=\"og:title\" content=\"Nacer de tu muerte - Revista Urbe\" \/>\n<meta property=\"og:description\" content=\"Por Cristian Cimminelli\" \/>\n<meta property=\"og:url\" content=\"https:\/\/urbe.com.ar\/revista\/nacer-de-tu-muerte\/\" \/>\n<meta property=\"og:site_name\" content=\"Revista Urbe\" \/>\n<meta property=\"article:published_time\" content=\"2021-10-27T14:45:25+00:00\" \/>\n<meta property=\"article:modified_time\" content=\"2023-06-03T22:07:42+00:00\" \/>\n<meta property=\"og:image\" content=\"https:\/\/urbe.com.ar\/revista\/wp-content\/uploads\/2021\/10\/PlantillasNotas_Opinion_Home-1.jpg\" \/>\n\t<meta property=\"og:image:width\" content=\"2551\" \/>\n\t<meta property=\"og:image:height\" content=\"2297\" \/>\n\t<meta property=\"og:image:type\" content=\"image\/jpeg\" \/>\n<meta name=\"author\" content=\"Cristian Cimminelli\" \/>\n<meta name=\"twitter:card\" content=\"summary_large_image\" \/>\n<meta name=\"twitter:creator\" content=\"@Revistaurbe_\" \/>\n<meta name=\"twitter:site\" content=\"@Revistaurbe_\" \/>\n<meta name=\"twitter:label1\" content=\"Escrito por\" \/>\n\t<meta name=\"twitter:data1\" content=\"Cristian Cimminelli\" \/>\n\t<meta name=\"twitter:label2\" content=\"Tiempo de lectura\" \/>\n\t<meta name=\"twitter:data2\" content=\"5 minutos\" \/>\n<script type=\"application\/ld+json\" class=\"yoast-schema-graph\">{\"@context\":\"https:\\\/\\\/schema.org\",\"@graph\":[{\"@type\":\"Article\",\"@id\":\"https:\\\/\\\/urbe.com.ar\\\/revista\\\/nacer-de-tu-muerte\\\/#article\",\"isPartOf\":{\"@id\":\"https:\\\/\\\/urbe.com.ar\\\/revista\\\/nacer-de-tu-muerte\\\/\"},\"author\":{\"name\":\"Cristian Cimminelli\",\"@id\":\"https:\\\/\\\/urbe.com.ar\\\/revista\\\/#\\\/schema\\\/person\\\/fac868af4d60db414dc0ecef04cabc14\"},\"headline\":\"Nacer de tu muerte\",\"datePublished\":\"2021-10-27T14:45:25+00:00\",\"dateModified\":\"2023-06-03T22:07:42+00:00\",\"mainEntityOfPage\":{\"@id\":\"https:\\\/\\\/urbe.com.ar\\\/revista\\\/nacer-de-tu-muerte\\\/\"},\"wordCount\":1612,\"image\":{\"@id\":\"https:\\\/\\\/urbe.com.ar\\\/revista\\\/nacer-de-tu-muerte\\\/#primaryimage\"},\"thumbnailUrl\":\"https:\\\/\\\/i0.wp.com\\\/urbe.com.ar\\\/revista\\\/wp-content\\\/uploads\\\/2021\\\/10\\\/PlantillasNotas_Opinion_Home-1.jpg?fit=2551%2C2297&ssl=1\",\"articleSection\":[\"POL\u00cdTICA\"],\"inLanguage\":\"es\"},{\"@type\":\"WebPage\",\"@id\":\"https:\\\/\\\/urbe.com.ar\\\/revista\\\/nacer-de-tu-muerte\\\/\",\"url\":\"https:\\\/\\\/urbe.com.ar\\\/revista\\\/nacer-de-tu-muerte\\\/\",\"name\":\"Nacer de tu muerte - Revista Urbe\",\"isPartOf\":{\"@id\":\"https:\\\/\\\/urbe.com.ar\\\/revista\\\/#website\"},\"primaryImageOfPage\":{\"@id\":\"https:\\\/\\\/urbe.com.ar\\\/revista\\\/nacer-de-tu-muerte\\\/#primaryimage\"},\"image\":{\"@id\":\"https:\\\/\\\/urbe.com.ar\\\/revista\\\/nacer-de-tu-muerte\\\/#primaryimage\"},\"thumbnailUrl\":\"https:\\\/\\\/i0.wp.com\\\/urbe.com.ar\\\/revista\\\/wp-content\\\/uploads\\\/2021\\\/10\\\/PlantillasNotas_Opinion_Home-1.jpg?fit=2551%2C2297&ssl=1\",\"datePublished\":\"2021-10-27T14:45:25+00:00\",\"dateModified\":\"2023-06-03T22:07:42+00:00\",\"author\":{\"@id\":\"https:\\\/\\\/urbe.com.ar\\\/revista\\\/#\\\/schema\\\/person\\\/fac868af4d60db414dc0ecef04cabc14\"},\"breadcrumb\":{\"@id\":\"https:\\\/\\\/urbe.com.ar\\\/revista\\\/nacer-de-tu-muerte\\\/#breadcrumb\"},\"inLanguage\":\"es\",\"potentialAction\":[{\"@type\":\"ReadAction\",\"target\":[\"https:\\\/\\\/urbe.com.ar\\\/revista\\\/nacer-de-tu-muerte\\\/\"]}]},{\"@type\":\"ImageObject\",\"inLanguage\":\"es\",\"@id\":\"https:\\\/\\\/urbe.com.ar\\\/revista\\\/nacer-de-tu-muerte\\\/#primaryimage\",\"url\":\"https:\\\/\\\/i0.wp.com\\\/urbe.com.ar\\\/revista\\\/wp-content\\\/uploads\\\/2021\\\/10\\\/PlantillasNotas_Opinion_Home-1.jpg?fit=2551%2C2297&ssl=1\",\"contentUrl\":\"https:\\\/\\\/i0.wp.com\\\/urbe.com.ar\\\/revista\\\/wp-content\\\/uploads\\\/2021\\\/10\\\/PlantillasNotas_Opinion_Home-1.jpg?fit=2551%2C2297&ssl=1\",\"width\":2551,\"height\":2297},{\"@type\":\"BreadcrumbList\",\"@id\":\"https:\\\/\\\/urbe.com.ar\\\/revista\\\/nacer-de-tu-muerte\\\/#breadcrumb\",\"itemListElement\":[{\"@type\":\"ListItem\",\"position\":1,\"name\":\"Portada\",\"item\":\"https:\\\/\\\/urbe.com.ar\\\/revista\\\/\"},{\"@type\":\"ListItem\",\"position\":2,\"name\":\"Nacer de tu muerte\"}]},{\"@type\":\"WebSite\",\"@id\":\"https:\\\/\\\/urbe.com.ar\\\/revista\\\/#website\",\"url\":\"https:\\\/\\\/urbe.com.ar\\\/revista\\\/\",\"name\":\"Revista Urbe\",\"description\":\"\",\"potentialAction\":[{\"@type\":\"SearchAction\",\"target\":{\"@type\":\"EntryPoint\",\"urlTemplate\":\"https:\\\/\\\/urbe.com.ar\\\/revista\\\/?s={search_term_string}\"},\"query-input\":{\"@type\":\"PropertyValueSpecification\",\"valueRequired\":true,\"valueName\":\"search_term_string\"}}],\"inLanguage\":\"es\"},{\"@type\":\"Person\",\"@id\":\"https:\\\/\\\/urbe.com.ar\\\/revista\\\/#\\\/schema\\\/person\\\/fac868af4d60db414dc0ecef04cabc14\",\"name\":\"Cristian Cimminelli\",\"image\":{\"@type\":\"ImageObject\",\"inLanguage\":\"es\",\"@id\":\"https:\\\/\\\/secure.gravatar.com\\\/avatar\\\/9cf3e242afe96dfd13cf06a7359c35f599bb22f42af67b21a0b2070aac3ab06e?s=96&d=mm&r=g\",\"url\":\"https:\\\/\\\/secure.gravatar.com\\\/avatar\\\/9cf3e242afe96dfd13cf06a7359c35f599bb22f42af67b21a0b2070aac3ab06e?s=96&d=mm&r=g\",\"contentUrl\":\"https:\\\/\\\/secure.gravatar.com\\\/avatar\\\/9cf3e242afe96dfd13cf06a7359c35f599bb22f42af67b21a0b2070aac3ab06e?s=96&d=mm&r=g\",\"caption\":\"Cristian Cimminelli\"},\"url\":\"https:\\\/\\\/urbe.com.ar\\\/revista\\\/author\\\/ccimminelli\\\/\"}]}<\/script>\n<!-- \/ Yoast SEO plugin. -->","yoast_head_json":{"title":"Nacer de tu muerte - Revista Urbe","robots":{"index":"index","follow":"follow","max-snippet":"max-snippet:-1","max-image-preview":"max-image-preview:large","max-video-preview":"max-video-preview:-1"},"canonical":"https:\/\/urbe.com.ar\/revista\/nacer-de-tu-muerte\/","og_locale":"es_ES","og_type":"article","og_title":"Nacer de tu muerte - Revista Urbe","og_description":"Por Cristian Cimminelli","og_url":"https:\/\/urbe.com.ar\/revista\/nacer-de-tu-muerte\/","og_site_name":"Revista Urbe","article_published_time":"2021-10-27T14:45:25+00:00","article_modified_time":"2023-06-03T22:07:42+00:00","og_image":[{"width":2551,"height":2297,"url":"https:\/\/urbe.com.ar\/revista\/wp-content\/uploads\/2021\/10\/PlantillasNotas_Opinion_Home-1.jpg","type":"image\/jpeg"}],"author":"Cristian Cimminelli","twitter_card":"summary_large_image","twitter_creator":"@Revistaurbe_","twitter_site":"@Revistaurbe_","twitter_misc":{"Escrito por":"Cristian Cimminelli","Tiempo de lectura":"5 minutos"},"schema":{"@context":"https:\/\/schema.org","@graph":[{"@type":"Article","@id":"https:\/\/urbe.com.ar\/revista\/nacer-de-tu-muerte\/#article","isPartOf":{"@id":"https:\/\/urbe.com.ar\/revista\/nacer-de-tu-muerte\/"},"author":{"name":"Cristian Cimminelli","@id":"https:\/\/urbe.com.ar\/revista\/#\/schema\/person\/fac868af4d60db414dc0ecef04cabc14"},"headline":"Nacer de tu muerte","datePublished":"2021-10-27T14:45:25+00:00","dateModified":"2023-06-03T22:07:42+00:00","mainEntityOfPage":{"@id":"https:\/\/urbe.com.ar\/revista\/nacer-de-tu-muerte\/"},"wordCount":1612,"image":{"@id":"https:\/\/urbe.com.ar\/revista\/nacer-de-tu-muerte\/#primaryimage"},"thumbnailUrl":"https:\/\/i0.wp.com\/urbe.com.ar\/revista\/wp-content\/uploads\/2021\/10\/PlantillasNotas_Opinion_Home-1.jpg?fit=2551%2C2297&ssl=1","articleSection":["POL\u00cdTICA"],"inLanguage":"es"},{"@type":"WebPage","@id":"https:\/\/urbe.com.ar\/revista\/nacer-de-tu-muerte\/","url":"https:\/\/urbe.com.ar\/revista\/nacer-de-tu-muerte\/","name":"Nacer de tu muerte - Revista Urbe","isPartOf":{"@id":"https:\/\/urbe.com.ar\/revista\/#website"},"primaryImageOfPage":{"@id":"https:\/\/urbe.com.ar\/revista\/nacer-de-tu-muerte\/#primaryimage"},"image":{"@id":"https:\/\/urbe.com.ar\/revista\/nacer-de-tu-muerte\/#primaryimage"},"thumbnailUrl":"https:\/\/i0.wp.com\/urbe.com.ar\/revista\/wp-content\/uploads\/2021\/10\/PlantillasNotas_Opinion_Home-1.jpg?fit=2551%2C2297&ssl=1","datePublished":"2021-10-27T14:45:25+00:00","dateModified":"2023-06-03T22:07:42+00:00","author":{"@id":"https:\/\/urbe.com.ar\/revista\/#\/schema\/person\/fac868af4d60db414dc0ecef04cabc14"},"breadcrumb":{"@id":"https:\/\/urbe.com.ar\/revista\/nacer-de-tu-muerte\/#breadcrumb"},"inLanguage":"es","potentialAction":[{"@type":"ReadAction","target":["https:\/\/urbe.com.ar\/revista\/nacer-de-tu-muerte\/"]}]},{"@type":"ImageObject","inLanguage":"es","@id":"https:\/\/urbe.com.ar\/revista\/nacer-de-tu-muerte\/#primaryimage","url":"https:\/\/i0.wp.com\/urbe.com.ar\/revista\/wp-content\/uploads\/2021\/10\/PlantillasNotas_Opinion_Home-1.jpg?fit=2551%2C2297&ssl=1","contentUrl":"https:\/\/i0.wp.com\/urbe.com.ar\/revista\/wp-content\/uploads\/2021\/10\/PlantillasNotas_Opinion_Home-1.jpg?fit=2551%2C2297&ssl=1","width":2551,"height":2297},{"@type":"BreadcrumbList","@id":"https:\/\/urbe.com.ar\/revista\/nacer-de-tu-muerte\/#breadcrumb","itemListElement":[{"@type":"ListItem","position":1,"name":"Portada","item":"https:\/\/urbe.com.ar\/revista\/"},{"@type":"ListItem","position":2,"name":"Nacer de tu muerte"}]},{"@type":"WebSite","@id":"https:\/\/urbe.com.ar\/revista\/#website","url":"https:\/\/urbe.com.ar\/revista\/","name":"Revista Urbe","description":"","potentialAction":[{"@type":"SearchAction","target":{"@type":"EntryPoint","urlTemplate":"https:\/\/urbe.com.ar\/revista\/?s={search_term_string}"},"query-input":{"@type":"PropertyValueSpecification","valueRequired":true,"valueName":"search_term_string"}}],"inLanguage":"es"},{"@type":"Person","@id":"https:\/\/urbe.com.ar\/revista\/#\/schema\/person\/fac868af4d60db414dc0ecef04cabc14","name":"Cristian Cimminelli","image":{"@type":"ImageObject","inLanguage":"es","@id":"https:\/\/secure.gravatar.com\/avatar\/9cf3e242afe96dfd13cf06a7359c35f599bb22f42af67b21a0b2070aac3ab06e?s=96&d=mm&r=g","url":"https:\/\/secure.gravatar.com\/avatar\/9cf3e242afe96dfd13cf06a7359c35f599bb22f42af67b21a0b2070aac3ab06e?s=96&d=mm&r=g","contentUrl":"https:\/\/secure.gravatar.com\/avatar\/9cf3e242afe96dfd13cf06a7359c35f599bb22f42af67b21a0b2070aac3ab06e?s=96&d=mm&r=g","caption":"Cristian Cimminelli"},"url":"https:\/\/urbe.com.ar\/revista\/author\/ccimminelli\/"}]}},"jetpack_featured_media_url":"https:\/\/i0.wp.com\/urbe.com.ar\/revista\/wp-content\/uploads\/2021\/10\/PlantillasNotas_Opinion_Home-1.jpg?fit=2551%2C2297&ssl=1","jetpack_sharing_enabled":true,"_links":{"self":[{"href":"https:\/\/urbe.com.ar\/revista\/wp-json\/wp\/v2\/posts\/5365","targetHints":{"allow":["GET"]}}],"collection":[{"href":"https:\/\/urbe.com.ar\/revista\/wp-json\/wp\/v2\/posts"}],"about":[{"href":"https:\/\/urbe.com.ar\/revista\/wp-json\/wp\/v2\/types\/post"}],"author":[{"embeddable":true,"href":"https:\/\/urbe.com.ar\/revista\/wp-json\/wp\/v2\/users\/9"}],"replies":[{"embeddable":true,"href":"https:\/\/urbe.com.ar\/revista\/wp-json\/wp\/v2\/comments?post=5365"}],"version-history":[{"count":8,"href":"https:\/\/urbe.com.ar\/revista\/wp-json\/wp\/v2\/posts\/5365\/revisions"}],"predecessor-version":[{"id":5380,"href":"https:\/\/urbe.com.ar\/revista\/wp-json\/wp\/v2\/posts\/5365\/revisions\/5380"}],"wp:featuredmedia":[{"embeddable":true,"href":"https:\/\/urbe.com.ar\/revista\/wp-json\/wp\/v2\/media\/5379"}],"wp:attachment":[{"href":"https:\/\/urbe.com.ar\/revista\/wp-json\/wp\/v2\/media?parent=5365"}],"wp:term":[{"taxonomy":"category","embeddable":true,"href":"https:\/\/urbe.com.ar\/revista\/wp-json\/wp\/v2\/categories?post=5365"},{"taxonomy":"post_tag","embeddable":true,"href":"https:\/\/urbe.com.ar\/revista\/wp-json\/wp\/v2\/tags?post=5365"}],"curies":[{"name":"wp","href":"https:\/\/api.w.org\/{rel}","templated":true}]}}