{"id":5335,"date":"2021-10-24T20:46:11","date_gmt":"2021-10-24T20:46:11","guid":{"rendered":"https:\/\/urbe.com.ar\/revista\/?p=5335"},"modified":"2023-06-03T22:07:57","modified_gmt":"2023-06-03T22:07:57","slug":"retomar-la-agenda-nacional","status":"publish","type":"post","link":"https:\/\/urbe.com.ar\/revista\/retomar-la-agenda-nacional\/","title":{"rendered":"Retomar la agenda nacional"},"content":{"rendered":"<p>[et_pb_section fb_built=\u00bb1&#8243; disabled_on=\u00bbon|on|on\u00bb _builder_version=\u00bb4.4.8&#8243; disabled=\u00bbon\u00bb global_colors_info=\u00bb{}\u00bb][et_pb_row _builder_version=\u00bb4.4.8&#8243; global_colors_info=\u00bb{}\u00bb][et_pb_column type=\u00bb4_4&#8243; _builder_version=\u00bb4.4.8&#8243; global_colors_info=\u00bb{}\u00bb][et_pb_text disabled_on=\u00bbon|on|on\u00bb _builder_version=\u00bb4.11.0&#8243; disabled=\u00bbon\u00bb global_colors_info=\u00bb{}\u00bb]<\/p>\n<p>Por Fio Santagati | Los discursos anti-pol\u00edtica, las crisis de representaci\u00f3n, el rol de la juventud y la vigencia de Per\u00f3n. Una reflexi\u00f3n para sacudir el letargo.<\/p>\n<p>[\/et_pb_text][\/et_pb_column][\/et_pb_row][\/et_pb_section][et_pb_section fb_built=\u00bb1&#8243; use_custom_gutter=\u00bbon\u00bb gutter_width=\u00bb1&#8243; specialty=\u00bbon\u00bb padding_top_bottom_link_1=\u00bbfalse\u00bb padding_top_bottom_link_2=\u00bbfalse\u00bb padding_left_right_link_1=\u00bbfalse\u00bb padding_left_right_link_2=\u00bbfalse\u00bb padding_left_2=\u00bb1%\u00bb _builder_version=\u00bb4.9.4&#8243; custom_padding=\u00bb0px||0px|||\u00bb global_colors_info=\u00bb{}\u00bb][et_pb_column type=\u00bb2_3&#8243; specialty_columns=\u00bb2&#8243; _builder_version=\u00bb3.25&#8243; custom_padding=\u00bb|||\u00bb global_colors_info=\u00bb{}\u00bb custom_padding__hover=\u00bb|||\u00bb][et_pb_row_inner _builder_version=\u00bb4.4.8&#8243; background_color=\u00bb#ffffff\u00bb custom_padding=\u00bb0px||0px|||\u00bb global_colors_info=\u00bb{}\u00bb][et_pb_column_inner saved_specialty_column_type=\u00bb2_3&#8243; _builder_version=\u00bb4.4.8&#8243; global_colors_info=\u00bb{}\u00bb][et_pb_text _builder_version=\u00bb4.10.2&#8243; text_font=\u00bb|600|||||||\u00bb text_text_color=\u00bb#2F3568&#8243; text_font_size=\u00bb18px\u00bb header_text_align=\u00bbcenter\u00bb header_font_size=\u00bb35px\u00bb custom_margin=\u00bb2%|0%|2%|0%|true|true\u00bb global_colors_info=\u00bb{}\u00bb]OPINI\u00d3N[\/et_pb_text][et_pb_text _builder_version=\u00bb4.11.0&#8243; text_text_color=\u00bb#057E7E\u00bb header_font=\u00bb|700||on|||||\u00bb header_text_align=\u00bbleft\u00bb header_text_color=\u00bb#057E7E\u00bb custom_margin=\u00bb3%|0%|3%|0%|true|true\u00bb custom_padding=\u00bb|0%||0%|false|true\u00bb global_colors_info=\u00bb{}\u00bb]<\/p>\n<h1>Retomar la agenda nacional<\/h1>\n<p><b>Los discursos anti-pol\u00edtica, las crisis de representaci\u00f3n, el rol de la juventud y la vigencia de Per\u00f3n. Una reflexi\u00f3n para sacudir el letargo.<\/b><\/p>\n<p>[\/et_pb_text][et_pb_text _builder_version=\u00bb4.11.0&#8243; text_font=\u00bb||||||||\u00bb text_text_color=\u00bb#057E7E\u00bb text_font_size=\u00bb18px\u00bb header_text_align=\u00bbcenter\u00bb header_text_color=\u00bb#057E7E\u00bb header_font_size=\u00bb35px\u00bb text_orientation=\u00bbjustified\u00bb custom_margin=\u00bb2%|0%|2%|0%|true|true\u00bb global_colors_info=\u00bb{}\u00bb]Por <b>Fio Santagati<\/b><br \/>\n24\/10\/2021[\/et_pb_text][et_pb_image src=\u00bbhttps:\/\/urbe.com.ar\/revista\/wp-content\/uploads\/2021\/10\/PlantillasNotas_Opinion_Portada-scaled.jpg\u00bb title_text=\u00bbPlantillasNotas_Opini\u00f3n_Portada\u00bb disabled_on=\u00bboff|off|off\u00bb _builder_version=\u00bb4.11.0&#8243; background_enable_image=\u00bboff\u00bb custom_margin=\u00bb5%|0%|1.7%|0%|false|true\u00bb custom_margin_tablet=\u00bb\u00bb custom_margin_phone=\u00bb6%|0%|1.7%|0%|false|true\u00bb custom_margin_last_edited=\u00bbon|phone\u00bb global_colors_info=\u00bb{}\u00bb][\/et_pb_image][et_pb_text _builder_version=\u00bb4.11.0&#8243; _module_preset=\u00bbdefault\u00bb text_text_color=\u00bb#000000&#8243; text_font_size=\u00bb17px\u00bb locked=\u00bboff\u00bb global_colors_info=\u00bb{}\u00bb][\/et_pb_text][\/et_pb_column_inner][\/et_pb_row_inner][et_pb_row_inner use_custom_gutter=\u00bbon\u00bb gutter_width=\u00bb1&#8243; make_equal=\u00bbon\u00bb disabled_on=\u00bboff|on|on\u00bb _builder_version=\u00bb4.4.8&#8243; background_color=\u00bb#ffffff\u00bb custom_margin=\u00bb||||false|false\u00bb custom_padding=\u00bb0px||0px|0%|false|false\u00bb locked=\u00bboff\u00bb global_colors_info=\u00bb{}\u00bb][et_pb_column_inner saved_specialty_column_type=\u00bb2_3&#8243; _builder_version=\u00bb4.4.8&#8243; background_color=\u00bb#ffffff\u00bb global_colors_info=\u00bb{}\u00bb][et_pb_code disabled_on=\u00bboff|off|off\u00bb _builder_version=\u00bb4.9.11&#8243; _module_preset=\u00bbdefault\u00bb text_orientation=\u00bbcenter\u00bb width=\u00bb100%\u00bb width_tablet=\u00bb\u00bb width_phone=\u00bb100%\u00bb width_last_edited=\u00bbon|phone\u00bb max_width=\u00bb100%\u00bb max_width_tablet=\u00bb\u00bb max_width_phone=\u00bb\u00bb max_width_last_edited=\u00bbon|tablet\u00bb module_alignment=\u00bbright\u00bb custom_margin_tablet=\u00bb\u00bb custom_margin_phone=\u00bb\u00bb custom_margin_last_edited=\u00bbon|phone\u00bb module_alignment_tablet=\u00bb\u00bb module_alignment_phone=\u00bbcenter\u00bb module_alignment_last_edited=\u00bbon|desktop\u00bb global_colors_info=\u00bb{}\u00bb]<div class=\"addtoany_shortcode\"><div class=\"a2a_kit a2a_kit_size_32 addtoany_list\" data-a2a-url=\"https:\/\/urbe.com.ar\/revista\/retomar-la-agenda-nacional\/\" data-a2a-title=\"Retomar la agenda nacional\"><a class=\"a2a_button_facebook\" href=\"https:\/\/www.addtoany.com\/add_to\/facebook?linkurl=https%3A%2F%2Furbe.com.ar%2Frevista%2Fretomar-la-agenda-nacional%2F&amp;linkname=Retomar%20la%20agenda%20nacional\" title=\"Facebook\" rel=\"nofollow noopener\" target=\"_blank\"><\/a><a class=\"a2a_button_whatsapp\" href=\"https:\/\/www.addtoany.com\/add_to\/whatsapp?linkurl=https%3A%2F%2Furbe.com.ar%2Frevista%2Fretomar-la-agenda-nacional%2F&amp;linkname=Retomar%20la%20agenda%20nacional\" title=\"WhatsApp\" rel=\"nofollow noopener\" target=\"_blank\"><\/a><a class=\"a2a_button_twitter\" href=\"https:\/\/www.addtoany.com\/add_to\/twitter?linkurl=https%3A%2F%2Furbe.com.ar%2Frevista%2Fretomar-la-agenda-nacional%2F&amp;linkname=Retomar%20la%20agenda%20nacional\" title=\"Twitter\" rel=\"nofollow noopener\" target=\"_blank\"><\/a><a class=\"a2a_button_email\" href=\"https:\/\/www.addtoany.com\/add_to\/email?linkurl=https%3A%2F%2Furbe.com.ar%2Frevista%2Fretomar-la-agenda-nacional%2F&amp;linkname=Retomar%20la%20agenda%20nacional\" title=\"Email\" rel=\"nofollow noopener\" target=\"_blank\"><\/a><a class=\"a2a_button_copy_link\" href=\"https:\/\/www.addtoany.com\/add_to\/copy_link?linkurl=https%3A%2F%2Furbe.com.ar%2Frevista%2Fretomar-la-agenda-nacional%2F&amp;linkname=Retomar%20la%20agenda%20nacional\" title=\"Copy Link\" rel=\"nofollow noopener\" target=\"_blank\"><\/a><\/div><\/div>[\/et_pb_code][\/et_pb_column_inner][\/et_pb_row_inner][et_pb_row_inner _builder_version=\u00bb4.4.8&#8243; background_color=\u00bb#ffffff\u00bb min_height=\u00bb4119.3px\u00bb custom_padding=\u00bb0px||3px|0px||\u00bb global_colors_info=\u00bb{}\u00bb][et_pb_column_inner saved_specialty_column_type=\u00bb2_3&#8243; _builder_version=\u00bb4.4.8&#8243; global_colors_info=\u00bb{}\u00bb][et_pb_text _builder_version=\u00bb4.11.0&#8243; _module_preset=\u00bbdefault\u00bb text_text_color=\u00bb#000000&#8243; text_font_size=\u00bb19px\u00bb min_height=\u00bb38px\u00bb global_colors_info=\u00bb{}\u00bb]<\/p>\n<p><b>Discursos anti pol\u00edtica y crisis de representaci\u00f3n<\/b><\/p>\n<p>[\/et_pb_text][et_pb_text _builder_version=\u00bb4.11.0&#8243; _module_preset=\u00bbdefault\u00bb text_text_color=\u00bb#000000&#8243; text_font_size=\u00bb17px\u00bb hover_enabled=\u00bb0&#8243; global_colors_info=\u00bb{}\u00bb sticky_enabled=\u00bb0&#8243;]<\/p>\n<p>En la antigua sociedad griega la participaci\u00f3n pol\u00edtica era muy valorada.. Se consideraba como algo fundamental, ya que estaba destinada a la consolidaci\u00f3n del bien com\u00fan, y como un derecho a ejercer por los ciudadanos pertenecientes a una comunidad. Los atenienses llamaban \u201cidiotas\u201d a quienes no se involucraban en los asuntos generales. Hoy se los conoce como \u201capol\u00edticos\u201d y por m\u00e1s que esos asuntos los afecten, prefieren dormir en el sue\u00f1o eterno de la pasividad.<\/p>\n<p>La palabra \u201cidiota\u201d tuvo su origen all\u00ed y luego deriv\u00f3 en la transformaci\u00f3n de un insulto utilizado diariamente. Sin embargo, muchas veces se discute en el seno de la sociedad la eficacia de la pol\u00edtica, de los pol\u00edticos e, inclusive, del Estado. Considero, como millones de personas, que es imperativo que el Estado sea el \u00f3rgano clave de la conducci\u00f3n de una Naci\u00f3n, pero es evidente que la utilizaci\u00f3n de los discursos \u201canti\u201d es funcional: sirve para instalar modelos coloniales, antinacionales y serviles al imperialismo.<\/p>\n<p>Lo hemos vivido y est\u00e1 la historia de testigo: la demonizaci\u00f3n de la pol\u00edtica es una forma de anestesiar la conciencia del pueblo. Estas narrativas son desprendidas, fundamentalmente, por los sicarios medi\u00e1ticos que obran a sueldo en contra de la Patria y luego repetidas por, como dir\u00eda Jauretche, los \u201czonzos\u201d.<\/p>\n<p>Sin embargo, en otras ocasiones la pol\u00edtica no responde a los intereses de la ciudadan\u00eda. Se queda engatusada en peque\u00f1eces, en agendas cosmopolitas donde la postura de las mayor\u00edas populares es amorfa. Como resultado se va tensando la soga entre la herramienta y el conjunto ciudadano, hasta que culmina en el malestar colectivo y el hartazgo social. Es all\u00ed donde surgen las famosas \u201ccrisis de representaci\u00f3n\u201d: cuando la poblaci\u00f3n siente que quienes deber\u00edan representarlos est\u00e1n sumergidos en su propia realizaci\u00f3n individual.<\/p>\n<p>Centr\u00e9monos en la definici\u00f3n formal: se entiende a este fen\u00f3meno como el momento en que se descree absolutamente de los representantes, al mismo tiempo que se deterioran los partidos, los espacios de formaci\u00f3n, las instituciones -como el Congreso Nacional- y la pol\u00edtica comienza a ser observada como una actividad meramente empresarial. Dentro de esa hecatombe aparece una clase de radicalizaci\u00f3n pol\u00edtica que busca cargar las tintas en un grupo poblacional.<\/p>\n<p>Desde ya, esto no es para nada nuevo en el mundo y menos ac\u00e1. Sucede en Espa\u00f1a, donde la ultraderecha culpabiliza a los inmigrantes, y en la Argentina donde ataca a los trabajadores. \u00bfQu\u00e9 propone como soluci\u00f3n el capital financiero, a trav\u00e9s de sus partidos? Eliminar derechos.<\/p>\n<p>En este contexto no es para nada sorprendente que aparezcan diferentes personajes desfilando por la pasarela medi\u00e1tica, azuzando f\u00f3rmulas m\u00e1s malas que la peste: las mismas ideas que fracasaron rotundamente pero con distintos slogans y maquilladas con kilos de palabrer\u00eda.<\/p>\n<p>[\/et_pb_text][et_pb_image src=\u00bbhttps:\/\/urbe.com.ar\/revista\/wp-content\/uploads\/2021\/10\/WhatsApp-Image-2021-10-24-at-16.26.43.jpeg\u00bb title_text=\u00bbWhatsApp Image 2021-10-24 at 16.26.43&#8243; disabled_on=\u00bboff|off|off\u00bb _builder_version=\u00bb4.11.0&#8243; background_enable_image=\u00bboff\u00bb custom_margin=\u00bb5%|0%|1.8%|0%|false|true\u00bb custom_margin_tablet=\u00bb\u00bb custom_margin_phone=\u00bb6%|0%|6%|0%|true|true\u00bb custom_margin_last_edited=\u00bbon|phone\u00bb global_colors_info=\u00bb{}\u00bb][\/et_pb_image][et_pb_text _builder_version=\u00bb4.11.0&#8243; _module_preset=\u00bbdefault\u00bb text_text_color=\u00bb#000000&#8243; text_font_size=\u00bb19px\u00bb min_height=\u00bb38px\u00bb locked=\u00bboff\u00bb global_colors_info=\u00bb{}\u00bb]<\/p>\n<p><b>Rol de la juventud<\/b><\/p>\n<p>[\/et_pb_text][et_pb_text _builder_version=\u00bb4.11.0&#8243; _module_preset=\u00bbdefault\u00bb text_text_color=\u00bb#000000&#8243; text_font_size=\u00bb19px\u00bb locked=\u00bboff\u00bb global_colors_info=\u00bb{}\u00bb]<\/p>\n<p><i>\u201cLa juventud tiene su lucha, que es derribar a las oligarqu\u00edas entregadoras, a los conductores que desorientan y a los intereses extra\u00f1os que nos explotan\u201d. <\/i>Arturo Jauretche<\/p>\n<p>[\/et_pb_text][et_pb_text _builder_version=\u00bb4.11.0&#8243; text_text_color=\u00bb#000000&#8243; text_font_size=\u00bb17px\u00bb text_line_height=\u00bb1.5em\u00bb custom_margin=\u00bb3.5%|0%|2%|0%|false|true\u00bb text_font_size_tablet=\u00bb17px\u00bb text_font_size_phone=\u00bb16px\u00bb text_font_size_last_edited=\u00bbon|phone\u00bb global_colors_info=\u00bb{}\u00bb]<\/p>\n<p>Se ve reflejado actualmente en la esfera p\u00fablica, sobre todo en per\u00edodos electorales, que la pol\u00edtica se encuentra en la b\u00fasqueda del voto joven. Nosotros y nosotras somos el futuro, pero tambi\u00e9n el presente. Como juventud peronista debemos disputar ese presente, marcar la cancha, imponer agenda, exigir desde las bases cu\u00e1les son nuestros intereses. Pero no \u00fanicamente los nuestros, sino tambi\u00e9n los de aquellos que no piensan como nosotros. Queremos que los dem\u00e1s j\u00f3venes, antag\u00f3nicamente opuestos en t\u00e9rminos ideol\u00f3gicos, puedan desarrollar su proyecto de vida en \u00e9ste pa\u00eds, en este modelo pol\u00edtico que cobija a todos y todas, como siempre hizo el peronismo.<\/p>\n<p>El asunto del cambio clim\u00e1tico es importante, como as\u00ed tambi\u00e9n la legalizaci\u00f3n de la marihuana y dem\u00e1s, pero no son trascendentales. Es decir, debe existir una legislaci\u00f3n que contemple la protecci\u00f3n del medioambiente, pero no se puede centrar como la \u00fanica inquietud juvenil.<\/p>\n<p>Nuestra principal preocupaci\u00f3n es el empleo, que debe ser bien pagado y permitirnos obtener independencia econ\u00f3mica. Es volver a so\u00f1ar con la casa propia y no vivir eternamente de alquileres -que adem\u00e1s son inaccesibles hoy en d\u00eda-. Son las cifras de pobreza, desocupaci\u00f3n y desigualdad que involucran a millones de compatriotas. Es la deuda externa, que deber\u00eda pagar la oligarqu\u00eda y no el Pueblo. Es el precio de la comida, en tiempos en donde se volvi\u00f3 una odisea ir al supermercado.<\/p>\n<p>Podemos seguir describiendo problem\u00e1ticas que a simple vista resultan individuales pero que en realidad son colectivas. Nos interpelan muchas causas para reducir a la juventud al porro, el sexo y el lenguaje inclusivo. Y si no queremos que contin\u00faen apareciendo figuras como Milei dejemos de regalarles ingenuamente las banderas.<\/p>\n<p>Lo explic\u00f3 Cristina en la Ex-ESMA hace unos d\u00edas; nosotros y nosotras somos la tercera posici\u00f3n, ampliamente superadora frente a la dicotom\u00eda de la izquierda y derecha. Una posici\u00f3n que le otorg\u00f3 representatividad a los trabajadores dentro de la toma de decisiones en el sistema pol\u00edtico argentino.<\/p>\n<p>Pong\u00e1monos los pantalones y prediquemos con el ejemplo. Demostremos que ellos y ellas no tienen capacidad de nada, m\u00e1s que resguardar sus propios pellejos y el de sus patrones. Hag\u00e1moslo desde la acci\u00f3n, desde el hacer y, fundamentalmente, desde la gesti\u00f3n. Tienen la lapicera en mano, dejemos de jugar al panelismo de Intratables y modifiquemos la realidad.<\/p>\n<p>Solo se necesita coraje, convicci\u00f3n y voluntad pol\u00edtica: aquellos valores que caracterizaron los doce a\u00f1os de N\u00e9stor y Cristina, per\u00edodo en el cual volvimos a recuperar a la pol\u00edtica como herramienta de transformaci\u00f3n e incorporaron a miles de j\u00f3venes a la participaci\u00f3n ciudadana.<\/p>\n<p>[\/et_pb_text][et_pb_image src=\u00bbhttps:\/\/urbe.com.ar\/revista\/wp-content\/uploads\/2021\/10\/WhatsApp-Image-2021-10-24-at-15.03.08.jpeg\u00bb title_text=\u00bbWhatsApp Image 2021-10-24 at 15.03.08&#8243; disabled_on=\u00bboff|off|off\u00bb _builder_version=\u00bb4.11.0&#8243; background_enable_image=\u00bboff\u00bb custom_margin=\u00bb5%|0%|1.8%|0%|false|true\u00bb custom_margin_tablet=\u00bb\u00bb custom_margin_phone=\u00bb6%|0%|6%|0%|true|true\u00bb custom_margin_last_edited=\u00bbon|phone\u00bb locked=\u00bboff\u00bb global_colors_info=\u00bb{}\u00bb][\/et_pb_image][et_pb_text _builder_version=\u00bb4.11.0&#8243; text_text_color=\u00bb#000000&#8243; text_font_size=\u00bb10px\u00bb text_line_height=\u00bb1.5em\u00bb custom_margin=\u00bb2%|0%|2%|0%|true|true\u00bb text_font_size_tablet=\u00bb10px\u00bb text_font_size_phone=\u00bb10px\u00bb text_font_size_last_edited=\u00bbon|phone\u00bb locked=\u00bboff\u00bb global_colors_info=\u00bb{}\u00bb]<\/p>\n<p>Cabeza Varada. Obra de Daniel Santoro.<\/p>\n<p>[\/et_pb_text][et_pb_text _builder_version=\u00bb4.11.0&#8243; _module_preset=\u00bbdefault\u00bb text_text_color=\u00bb#000000&#8243; text_font_size=\u00bb19px\u00bb min_height=\u00bb38px\u00bb locked=\u00bboff\u00bb global_colors_info=\u00bb{}\u00bb]<\/p>\n<p><b>Per\u00f3n es el futuro<\/b><\/p>\n<p>[\/et_pb_text][et_pb_text _builder_version=\u00bb4.11.0&#8243; _module_preset=\u00bbdefault\u00bb text_text_color=\u00bb#000000&#8243; text_font_size=\u00bb19px\u00bb locked=\u00bboff\u00bb global_colors_info=\u00bb{}\u00bb]<i>\u201cEl a\u00f1o 2000 nos encontrar\u00e1 unidos o dominados\u201d.<\/i> Juan Domingo Per\u00f3n[\/et_pb_text][et_pb_text _builder_version=\u00bb4.11.0&#8243; text_text_color=\u00bb#000000&#8243; text_font_size=\u00bb17px\u00bb text_line_height=\u00bb1.5em\u00bb custom_margin=\u00bb3.5%|0%|2%|0%|false|true\u00bb hover_enabled=\u00bb0&#8243; text_font_size_tablet=\u00bb17px\u00bb text_font_size_phone=\u00bb16px\u00bb text_font_size_last_edited=\u00bbon|phone\u00bb locked=\u00bboff\u00bb global_colors_info=\u00bb{}\u00bb sticky_enabled=\u00bb0&#8243;]<\/p>\n<p>Profundicemos en la tem\u00e1tica medioambiental. El General fue claro: ambientalismo nacional, sin injerencia de las corporaciones ni organizaciones no gubernamentales dentro del campo de la soberan\u00eda.<\/p>\n<p>Se debe abordar la cuesti\u00f3n desde un enclave soberano, con la nacionalizaci\u00f3n de los recursos naturales en defensa de nuestra independencia. No podemos permitir el avance de las corporaciones ni organismos internacionales en este plano. Pueden resultar ben\u00e9volos, pero sabemos que los yankis nunca fueron altruistas de por s\u00ed.<\/p>\n<p>El imperio donde pone el ojo, pone la bala. Nuestra Naci\u00f3n es la segunda reserva m\u00e1s grande de litio de la regi\u00f3n. \u00bfNo resulta un poco extra\u00f1o que voceros del imperialismo contaminante, embadurnados con supuestas l\u00edneas discursivas revolucionarias, vigilen de cerca a los pa\u00edses tercermundistas?<\/p>\n<p>Esto fue sintetizado por Per\u00f3n en su mensaje a los pueblos del mundo en 1972. All\u00ed describi\u00f3 la situaci\u00f3n global e hizo hincapi\u00e9 en las sociedades de consumo, los vicios sobre la tecnolog\u00eda mal empleada, el agotamiento de los recursos naturales, el ser humano como sujeto pol\u00edtico, etc.<\/p>\n<p>\u201cPor otra parte, a pesar de la llamada revoluci\u00f3n verde, el Tercer Mundo todav\u00eda no ha alcanzado a producir la cantidad de alimentos que consume, y para llegar a su autoabastecimiento necesita un desarrollo industrial, reformas estructurales y la vigencia de una justicia social que todav\u00eda est\u00e1 lejos de alcanzar. Para colmo, el desarrollo de la producci\u00f3n de alimentos sustitutivos est\u00e1 frenado por la insuficiencia financiera y las dificultades t\u00e9cnicas\u201d, dijo en ese entonces y vale para hoy.<\/p>\n<p>Por esto y por tantas otras tem\u00e1ticas, sepamos que est\u00e1 mal empleada la frase \u201cvolver a Per\u00f3n\u201d. Per\u00f3n jam\u00e1s fue el pasado, es el futuro y la llave para recuperar la agenda.<\/p>\n<p>[\/et_pb_text][et_pb_image src=\u00bbhttps:\/\/urbe.com.ar\/revista\/wp-content\/uploads\/2021\/05\/PaginaWeb_DivisorOpinion-1.png\u00bb title_text=\u00bbP\u00e1ginaWeb_DivisorCultura\u00bb align=\u00bbcenter\u00bb _builder_version=\u00bb4.10.2&#8243; _module_preset=\u00bbdefault\u00bb global_colors_info=\u00bb{}\u00bb][\/et_pb_image][\/et_pb_column_inner][\/et_pb_row_inner][\/et_pb_column][et_pb_column type=\u00bb1_3&#8243; _builder_version=\u00bb3.25&#8243; custom_padding=\u00bb|||\u00bb global_colors_info=\u00bb{}\u00bb custom_padding__hover=\u00bb|||\u00bb][et_pb_image src=\u00bbhttps:\/\/urbe.com.ar\/revista\/wp-content\/uploads\/2021\/05\/PicsArt_05-28-11.17.58.png\u00bb url=\u00bbhttps:\/\/urbe.com.ar\/revista\/\u00bb align=\u00bbcenter\u00bb disabled_on=\u00bbon|on|off\u00bb _builder_version=\u00bb4.9.4&#8243; custom_margin=\u00bb||20%|0%|false|false\u00bb global_colors_info=\u00bb{}\u00bb src__hover_enabled=\u00bbon|desktop\u00bb][\/et_pb_image][et_pb_blog fullwidth=\u00bboff\u00bb posts_number=\u00bb9&#8243; include_categories=\u00bb7,11,8,9,10&#8243; meta_date=\u00bbj M,Y\u00bb use_manual_excerpt=\u00bboff\u00bb excerpt_length=\u00bb80&#8243; show_author=\u00bboff\u00bb show_categories=\u00bboff\u00bb show_pagination=\u00bboff\u00bb masonry_tile_background_color=\u00bb#FFFFFF\u00bb disabled_on=\u00bbon|off|off\u00bb module_class=\u00bbpa-blog \u00bb _builder_version=\u00bb4.9.4&#8243; header_font=\u00bb|700|||||||\u00bb header_text_color=\u00bb#FFFFFF\u00bb header_font_size=\u00bb20px\u00bb body_font=\u00bb|600|||||||\u00bb body_text_color=\u00bb#FFFFFF\u00bb meta_text_color=\u00bb#FFFFFF\u00bb read_more_text_color=\u00bb#FFFFFF\u00bb background_color=\u00bb#FFFFFF\u00bb custom_margin=\u00bb-9%||1%||false|false\u00bb custom_margin_tablet=\u00bb0%||||false|false\u00bb custom_margin_phone=\u00bb\u00bb custom_margin_last_edited=\u00bbon|desktop\u00bb custom_padding=\u00bb||0px|||\u00bb header_text_shadow_style=\u00bbpreset3&#8243; header_text_shadow_color=\u00bb#000000&#8243; body_text_shadow_style=\u00bbpreset3&#8243; body_text_shadow_color=\u00bb#000000&#8243; meta_text_shadow_style=\u00bbpreset3&#8243; meta_text_shadow_color=\u00bb#000000&#8243; border_color_all_image=\u00bb#FFFFFF\u00bb border_width_top_image=\u00bb2px\u00bb text_shadow_style=\u00bbpreset3&#8243; text_shadow_blur_strength=\u00bb0.54em\u00bb text_shadow_color=\u00bb#000000&#8243; global_colors_info=\u00bb{}\u00bb][\/et_pb_blog][et_pb_code _builder_version=\u00bb4.9.4&#8243; _module_preset=\u00bbdefault\u00bb global_colors_info=\u00bb{}\u00bb]<\/p>\n<style><!-- [et_pb_line_break_holder] -->  .pa-blog-text {<!-- [et_pb_line_break_holder] -->\tposition: absolute;<!-- [et_pb_line_break_holder] -->\ttop: 65%;<!-- [et_pb_line_break_holder] -->\tleft: 50%;<!-- [et_pb_line_break_holder] -->\ttransform: translate(-50%, -50%);<!-- [et_pb_line_break_holder] -->\twidth: 100%;<!-- [et_pb_line_break_holder] -->\tpadding: 20px;<!-- [et_pb_line_break_holder] -->\tz-index: 1;<!-- [et_pb_line_break_holder] -->}<!-- [et_pb_line_break_holder] --><!-- [et_pb_line_break_holder] --><!-- [et_pb_line_break_holder] -->\/*keep the moved items positioned with their parent items*\/<!-- [et_pb_line_break_holder] --><!-- [et_pb_line_break_holder] -->.et_pb_blog_grid article {<!-- [et_pb_line_break_holder] -->\tposition: relative;<!-- [et_pb_line_break_holder] --> <!-- [et_pb_line_break_holder] -->}<!-- [et_pb_line_break_holder] --><!-- [et_pb_line_break_holder] --><!-- [et_pb_line_break_holder] -->\/*remove spacing around entire blog post*\/<!-- [et_pb_line_break_holder] --><!-- [et_pb_line_break_holder] -->.et_pb_blog_grid .et_pb_post {<!-- [et_pb_line_break_holder] -->\tpadding: 0px;<!-- [et_pb_line_break_holder] -->}<!-- [et_pb_line_break_holder] --><!-- [et_pb_line_break_holder] --><!-- [et_pb_line_break_holder] -->\/*remove negative margins on blog featured image*\/<!-- [et_pb_line_break_holder] --><!-- [et_pb_line_break_holder] -->.et_pb_image_container {<!-- [et_pb_line_break_holder] -->\tmargin: 0;<!-- [et_pb_line_break_holder] -->}<!-- [et_pb_line_break_holder] --><!-- [et_pb_line_break_holder] --><!-- [et_pb_line_break_holder] -->\/*remove the margin below the featured image frame*\/<!-- [et_pb_line_break_holder] --><!-- [et_pb_line_break_holder] -->.et_pb_post .entry-featured-image-url {<!-- [et_pb_line_break_holder] -->\tmargin: 0;<!-- [et_pb_line_break_holder] -->}<!-- [et_pb_line_break_holder] --><!-- [et_pb_line_break_holder] --><!-- [et_pb_line_break_holder] --><!-- [et_pb_line_break_holder] -->.et_pb_blog_grid .entry-featured-image-url::before {<!-- [et_pb_line_break_holder] -->\tcontent: '';<!-- [et_pb_line_break_holder] -->\tposition: absolute;<!-- [et_pb_line_break_holder] -->\twidth: 100%;<!-- [et_pb_line_break_holder] -->\theight: 100%;<!-- [et_pb_line_break_holder] -->  overflow:hidden;<!-- [et_pb_line_break_holder] -->\tbackground-color: rgba(0, 0, 0, 0.25);<!-- [et_pb_line_break_holder] -->}<!-- [et_pb_line_break_holder] --><\/style>\n<p>[\/et_pb_code][et_pb_code _builder_version=\u00bb4.9.4&#8243; global_colors_info=\u00bb{}\u00bb][\/et_pb_code][\/et_pb_column][\/et_pb_section]<\/p>\n","protected":false},"excerpt":{"rendered":"<p>Por <b>Fio Santagati<\/b><\/p>\n","protected":false},"author":11,"featured_media":5338,"comment_status":"closed","ping_status":"closed","sticky":false,"template":"","format":"standard","meta":{"_et_pb_use_builder":"on","_et_pb_old_content":"","_et_gb_content_width":"1080","_jetpack_memberships_contains_paid_content":false,"footnotes":""},"categories":[29],"tags":[],"class_list":["post-5335","post","type-post","status-publish","format-standard","has-post-thumbnail","hentry","category-politica"],"yoast_head":"<!-- This site is optimized with the Yoast SEO plugin v27.5 - https:\/\/yoast.com\/product\/yoast-seo-wordpress\/ -->\n<title>Retomar la agenda nacional - Revista Urbe<\/title>\n<meta name=\"robots\" content=\"index, follow, max-snippet:-1, max-image-preview:large, max-video-preview:-1\" \/>\n<link rel=\"canonical\" href=\"https:\/\/urbe.com.ar\/revista\/retomar-la-agenda-nacional\/\" \/>\n<meta property=\"og:locale\" content=\"es_ES\" \/>\n<meta property=\"og:type\" content=\"article\" \/>\n<meta property=\"og:title\" content=\"Retomar la agenda nacional - Revista Urbe\" \/>\n<meta property=\"og:description\" content=\"Por Fio Santagati\" \/>\n<meta property=\"og:url\" content=\"https:\/\/urbe.com.ar\/revista\/retomar-la-agenda-nacional\/\" \/>\n<meta property=\"og:site_name\" content=\"Revista Urbe\" \/>\n<meta property=\"article:published_time\" content=\"2021-10-24T20:46:11+00:00\" \/>\n<meta property=\"article:modified_time\" content=\"2023-06-03T22:07:57+00:00\" \/>\n<meta property=\"og:image\" content=\"https:\/\/urbe.com.ar\/revista\/wp-content\/uploads\/2021\/10\/PlantillasNotas_Opinion_Home.jpg\" \/>\n\t<meta property=\"og:image:width\" content=\"2551\" \/>\n\t<meta property=\"og:image:height\" content=\"2297\" \/>\n\t<meta property=\"og:image:type\" content=\"image\/jpeg\" \/>\n<meta name=\"author\" content=\"Lucas Lipina\" \/>\n<meta name=\"twitter:card\" content=\"summary_large_image\" \/>\n<meta name=\"twitter:creator\" content=\"@Revistaurbe_\" \/>\n<meta name=\"twitter:site\" content=\"@Revistaurbe_\" \/>\n<meta name=\"twitter:label1\" content=\"Escrito por\" \/>\n\t<meta name=\"twitter:data1\" content=\"Lucas Lipina\" \/>\n\t<meta name=\"twitter:label2\" content=\"Tiempo de lectura\" \/>\n\t<meta name=\"twitter:data2\" content=\"8 minutos\" \/>\n<script type=\"application\/ld+json\" class=\"yoast-schema-graph\">{\"@context\":\"https:\\\/\\\/schema.org\",\"@graph\":[{\"@type\":\"Article\",\"@id\":\"https:\\\/\\\/urbe.com.ar\\\/revista\\\/retomar-la-agenda-nacional\\\/#article\",\"isPartOf\":{\"@id\":\"https:\\\/\\\/urbe.com.ar\\\/revista\\\/retomar-la-agenda-nacional\\\/\"},\"author\":{\"name\":\"Lucas Lipina\",\"@id\":\"https:\\\/\\\/urbe.com.ar\\\/revista\\\/#\\\/schema\\\/person\\\/fe2b001e5ecca3136b25dc5aaf24f310\"},\"headline\":\"Retomar la agenda nacional\",\"datePublished\":\"2021-10-24T20:46:11+00:00\",\"dateModified\":\"2023-06-03T22:07:57+00:00\",\"mainEntityOfPage\":{\"@id\":\"https:\\\/\\\/urbe.com.ar\\\/revista\\\/retomar-la-agenda-nacional\\\/\"},\"wordCount\":2598,\"image\":{\"@id\":\"https:\\\/\\\/urbe.com.ar\\\/revista\\\/retomar-la-agenda-nacional\\\/#primaryimage\"},\"thumbnailUrl\":\"https:\\\/\\\/i0.wp.com\\\/urbe.com.ar\\\/revista\\\/wp-content\\\/uploads\\\/2021\\\/10\\\/PlantillasNotas_Opinion_Home.jpg?fit=2551%2C2297&ssl=1\",\"articleSection\":[\"POL\u00cdTICA\"],\"inLanguage\":\"es\"},{\"@type\":\"WebPage\",\"@id\":\"https:\\\/\\\/urbe.com.ar\\\/revista\\\/retomar-la-agenda-nacional\\\/\",\"url\":\"https:\\\/\\\/urbe.com.ar\\\/revista\\\/retomar-la-agenda-nacional\\\/\",\"name\":\"Retomar la agenda nacional - Revista Urbe\",\"isPartOf\":{\"@id\":\"https:\\\/\\\/urbe.com.ar\\\/revista\\\/#website\"},\"primaryImageOfPage\":{\"@id\":\"https:\\\/\\\/urbe.com.ar\\\/revista\\\/retomar-la-agenda-nacional\\\/#primaryimage\"},\"image\":{\"@id\":\"https:\\\/\\\/urbe.com.ar\\\/revista\\\/retomar-la-agenda-nacional\\\/#primaryimage\"},\"thumbnailUrl\":\"https:\\\/\\\/i0.wp.com\\\/urbe.com.ar\\\/revista\\\/wp-content\\\/uploads\\\/2021\\\/10\\\/PlantillasNotas_Opinion_Home.jpg?fit=2551%2C2297&ssl=1\",\"datePublished\":\"2021-10-24T20:46:11+00:00\",\"dateModified\":\"2023-06-03T22:07:57+00:00\",\"author\":{\"@id\":\"https:\\\/\\\/urbe.com.ar\\\/revista\\\/#\\\/schema\\\/person\\\/fe2b001e5ecca3136b25dc5aaf24f310\"},\"breadcrumb\":{\"@id\":\"https:\\\/\\\/urbe.com.ar\\\/revista\\\/retomar-la-agenda-nacional\\\/#breadcrumb\"},\"inLanguage\":\"es\",\"potentialAction\":[{\"@type\":\"ReadAction\",\"target\":[\"https:\\\/\\\/urbe.com.ar\\\/revista\\\/retomar-la-agenda-nacional\\\/\"]}]},{\"@type\":\"ImageObject\",\"inLanguage\":\"es\",\"@id\":\"https:\\\/\\\/urbe.com.ar\\\/revista\\\/retomar-la-agenda-nacional\\\/#primaryimage\",\"url\":\"https:\\\/\\\/i0.wp.com\\\/urbe.com.ar\\\/revista\\\/wp-content\\\/uploads\\\/2021\\\/10\\\/PlantillasNotas_Opinion_Home.jpg?fit=2551%2C2297&ssl=1\",\"contentUrl\":\"https:\\\/\\\/i0.wp.com\\\/urbe.com.ar\\\/revista\\\/wp-content\\\/uploads\\\/2021\\\/10\\\/PlantillasNotas_Opinion_Home.jpg?fit=2551%2C2297&ssl=1\",\"width\":2551,\"height\":2297},{\"@type\":\"BreadcrumbList\",\"@id\":\"https:\\\/\\\/urbe.com.ar\\\/revista\\\/retomar-la-agenda-nacional\\\/#breadcrumb\",\"itemListElement\":[{\"@type\":\"ListItem\",\"position\":1,\"name\":\"Portada\",\"item\":\"https:\\\/\\\/urbe.com.ar\\\/revista\\\/\"},{\"@type\":\"ListItem\",\"position\":2,\"name\":\"Retomar la agenda nacional\"}]},{\"@type\":\"WebSite\",\"@id\":\"https:\\\/\\\/urbe.com.ar\\\/revista\\\/#website\",\"url\":\"https:\\\/\\\/urbe.com.ar\\\/revista\\\/\",\"name\":\"Revista Urbe\",\"description\":\"\",\"potentialAction\":[{\"@type\":\"SearchAction\",\"target\":{\"@type\":\"EntryPoint\",\"urlTemplate\":\"https:\\\/\\\/urbe.com.ar\\\/revista\\\/?s={search_term_string}\"},\"query-input\":{\"@type\":\"PropertyValueSpecification\",\"valueRequired\":true,\"valueName\":\"search_term_string\"}}],\"inLanguage\":\"es\"},{\"@type\":\"Person\",\"@id\":\"https:\\\/\\\/urbe.com.ar\\\/revista\\\/#\\\/schema\\\/person\\\/fe2b001e5ecca3136b25dc5aaf24f310\",\"name\":\"Lucas Lipina\",\"image\":{\"@type\":\"ImageObject\",\"inLanguage\":\"es\",\"@id\":\"https:\\\/\\\/secure.gravatar.com\\\/avatar\\\/6d902580a66a54fb69cbcc63857644fe68084943c88a8aa8e90ce9d76c10091a?s=96&d=mm&r=g\",\"url\":\"https:\\\/\\\/secure.gravatar.com\\\/avatar\\\/6d902580a66a54fb69cbcc63857644fe68084943c88a8aa8e90ce9d76c10091a?s=96&d=mm&r=g\",\"contentUrl\":\"https:\\\/\\\/secure.gravatar.com\\\/avatar\\\/6d902580a66a54fb69cbcc63857644fe68084943c88a8aa8e90ce9d76c10091a?s=96&d=mm&r=g\",\"caption\":\"Lucas Lipina\"},\"url\":\"https:\\\/\\\/urbe.com.ar\\\/revista\\\/author\\\/lucas-lipina14\\\/\"}]}<\/script>\n<!-- \/ Yoast SEO plugin. -->","yoast_head_json":{"title":"Retomar la agenda nacional - Revista Urbe","robots":{"index":"index","follow":"follow","max-snippet":"max-snippet:-1","max-image-preview":"max-image-preview:large","max-video-preview":"max-video-preview:-1"},"canonical":"https:\/\/urbe.com.ar\/revista\/retomar-la-agenda-nacional\/","og_locale":"es_ES","og_type":"article","og_title":"Retomar la agenda nacional - Revista Urbe","og_description":"Por Fio Santagati","og_url":"https:\/\/urbe.com.ar\/revista\/retomar-la-agenda-nacional\/","og_site_name":"Revista Urbe","article_published_time":"2021-10-24T20:46:11+00:00","article_modified_time":"2023-06-03T22:07:57+00:00","og_image":[{"width":2551,"height":2297,"url":"https:\/\/urbe.com.ar\/revista\/wp-content\/uploads\/2021\/10\/PlantillasNotas_Opinion_Home.jpg","type":"image\/jpeg"}],"author":"Lucas Lipina","twitter_card":"summary_large_image","twitter_creator":"@Revistaurbe_","twitter_site":"@Revistaurbe_","twitter_misc":{"Escrito por":"Lucas Lipina","Tiempo de lectura":"8 minutos"},"schema":{"@context":"https:\/\/schema.org","@graph":[{"@type":"Article","@id":"https:\/\/urbe.com.ar\/revista\/retomar-la-agenda-nacional\/#article","isPartOf":{"@id":"https:\/\/urbe.com.ar\/revista\/retomar-la-agenda-nacional\/"},"author":{"name":"Lucas Lipina","@id":"https:\/\/urbe.com.ar\/revista\/#\/schema\/person\/fe2b001e5ecca3136b25dc5aaf24f310"},"headline":"Retomar la agenda nacional","datePublished":"2021-10-24T20:46:11+00:00","dateModified":"2023-06-03T22:07:57+00:00","mainEntityOfPage":{"@id":"https:\/\/urbe.com.ar\/revista\/retomar-la-agenda-nacional\/"},"wordCount":2598,"image":{"@id":"https:\/\/urbe.com.ar\/revista\/retomar-la-agenda-nacional\/#primaryimage"},"thumbnailUrl":"https:\/\/i0.wp.com\/urbe.com.ar\/revista\/wp-content\/uploads\/2021\/10\/PlantillasNotas_Opinion_Home.jpg?fit=2551%2C2297&ssl=1","articleSection":["POL\u00cdTICA"],"inLanguage":"es"},{"@type":"WebPage","@id":"https:\/\/urbe.com.ar\/revista\/retomar-la-agenda-nacional\/","url":"https:\/\/urbe.com.ar\/revista\/retomar-la-agenda-nacional\/","name":"Retomar la agenda nacional - Revista Urbe","isPartOf":{"@id":"https:\/\/urbe.com.ar\/revista\/#website"},"primaryImageOfPage":{"@id":"https:\/\/urbe.com.ar\/revista\/retomar-la-agenda-nacional\/#primaryimage"},"image":{"@id":"https:\/\/urbe.com.ar\/revista\/retomar-la-agenda-nacional\/#primaryimage"},"thumbnailUrl":"https:\/\/i0.wp.com\/urbe.com.ar\/revista\/wp-content\/uploads\/2021\/10\/PlantillasNotas_Opinion_Home.jpg?fit=2551%2C2297&ssl=1","datePublished":"2021-10-24T20:46:11+00:00","dateModified":"2023-06-03T22:07:57+00:00","author":{"@id":"https:\/\/urbe.com.ar\/revista\/#\/schema\/person\/fe2b001e5ecca3136b25dc5aaf24f310"},"breadcrumb":{"@id":"https:\/\/urbe.com.ar\/revista\/retomar-la-agenda-nacional\/#breadcrumb"},"inLanguage":"es","potentialAction":[{"@type":"ReadAction","target":["https:\/\/urbe.com.ar\/revista\/retomar-la-agenda-nacional\/"]}]},{"@type":"ImageObject","inLanguage":"es","@id":"https:\/\/urbe.com.ar\/revista\/retomar-la-agenda-nacional\/#primaryimage","url":"https:\/\/i0.wp.com\/urbe.com.ar\/revista\/wp-content\/uploads\/2021\/10\/PlantillasNotas_Opinion_Home.jpg?fit=2551%2C2297&ssl=1","contentUrl":"https:\/\/i0.wp.com\/urbe.com.ar\/revista\/wp-content\/uploads\/2021\/10\/PlantillasNotas_Opinion_Home.jpg?fit=2551%2C2297&ssl=1","width":2551,"height":2297},{"@type":"BreadcrumbList","@id":"https:\/\/urbe.com.ar\/revista\/retomar-la-agenda-nacional\/#breadcrumb","itemListElement":[{"@type":"ListItem","position":1,"name":"Portada","item":"https:\/\/urbe.com.ar\/revista\/"},{"@type":"ListItem","position":2,"name":"Retomar la agenda nacional"}]},{"@type":"WebSite","@id":"https:\/\/urbe.com.ar\/revista\/#website","url":"https:\/\/urbe.com.ar\/revista\/","name":"Revista Urbe","description":"","potentialAction":[{"@type":"SearchAction","target":{"@type":"EntryPoint","urlTemplate":"https:\/\/urbe.com.ar\/revista\/?s={search_term_string}"},"query-input":{"@type":"PropertyValueSpecification","valueRequired":true,"valueName":"search_term_string"}}],"inLanguage":"es"},{"@type":"Person","@id":"https:\/\/urbe.com.ar\/revista\/#\/schema\/person\/fe2b001e5ecca3136b25dc5aaf24f310","name":"Lucas Lipina","image":{"@type":"ImageObject","inLanguage":"es","@id":"https:\/\/secure.gravatar.com\/avatar\/6d902580a66a54fb69cbcc63857644fe68084943c88a8aa8e90ce9d76c10091a?s=96&d=mm&r=g","url":"https:\/\/secure.gravatar.com\/avatar\/6d902580a66a54fb69cbcc63857644fe68084943c88a8aa8e90ce9d76c10091a?s=96&d=mm&r=g","contentUrl":"https:\/\/secure.gravatar.com\/avatar\/6d902580a66a54fb69cbcc63857644fe68084943c88a8aa8e90ce9d76c10091a?s=96&d=mm&r=g","caption":"Lucas Lipina"},"url":"https:\/\/urbe.com.ar\/revista\/author\/lucas-lipina14\/"}]}},"jetpack_featured_media_url":"https:\/\/i0.wp.com\/urbe.com.ar\/revista\/wp-content\/uploads\/2021\/10\/PlantillasNotas_Opinion_Home.jpg?fit=2551%2C2297&ssl=1","jetpack_sharing_enabled":true,"_links":{"self":[{"href":"https:\/\/urbe.com.ar\/revista\/wp-json\/wp\/v2\/posts\/5335","targetHints":{"allow":["GET"]}}],"collection":[{"href":"https:\/\/urbe.com.ar\/revista\/wp-json\/wp\/v2\/posts"}],"about":[{"href":"https:\/\/urbe.com.ar\/revista\/wp-json\/wp\/v2\/types\/post"}],"author":[{"embeddable":true,"href":"https:\/\/urbe.com.ar\/revista\/wp-json\/wp\/v2\/users\/11"}],"replies":[{"embeddable":true,"href":"https:\/\/urbe.com.ar\/revista\/wp-json\/wp\/v2\/comments?post=5335"}],"version-history":[{"count":10,"href":"https:\/\/urbe.com.ar\/revista\/wp-json\/wp\/v2\/posts\/5335\/revisions"}],"predecessor-version":[{"id":5356,"href":"https:\/\/urbe.com.ar\/revista\/wp-json\/wp\/v2\/posts\/5335\/revisions\/5356"}],"wp:featuredmedia":[{"embeddable":true,"href":"https:\/\/urbe.com.ar\/revista\/wp-json\/wp\/v2\/media\/5338"}],"wp:attachment":[{"href":"https:\/\/urbe.com.ar\/revista\/wp-json\/wp\/v2\/media?parent=5335"}],"wp:term":[{"taxonomy":"category","embeddable":true,"href":"https:\/\/urbe.com.ar\/revista\/wp-json\/wp\/v2\/categories?post=5335"},{"taxonomy":"post_tag","embeddable":true,"href":"https:\/\/urbe.com.ar\/revista\/wp-json\/wp\/v2\/tags?post=5335"}],"curies":[{"name":"wp","href":"https:\/\/api.w.org\/{rel}","templated":true}]}}