{"id":5182,"date":"2021-10-03T13:42:21","date_gmt":"2021-10-03T13:42:21","guid":{"rendered":"https:\/\/urbe.com.ar\/revista\/?p=5182"},"modified":"2023-06-03T22:47:22","modified_gmt":"2023-06-03T22:47:22","slug":"frenar-al-negacionismo","status":"publish","type":"post","link":"https:\/\/urbe.com.ar\/revista\/frenar-al-negacionismo\/","title":{"rendered":"Frenar al negacionismo"},"content":{"rendered":"<p>[et_pb_section fb_built=\u00bb1&#8243; disabled_on=\u00bbon|on|on\u00bb _builder_version=\u00bb4.4.8&#8243; disabled=\u00bbon\u00bb global_colors_info=\u00bb{}\u00bb][et_pb_row _builder_version=\u00bb4.4.8&#8243; global_colors_info=\u00bb{}\u00bb][et_pb_column type=\u00bb4_4&#8243; _builder_version=\u00bb4.4.8&#8243; global_colors_info=\u00bb{}\u00bb][et_pb_text disabled_on=\u00bbon|on|on\u00bb _builder_version=\u00bb4.11.0&#8243; disabled=\u00bbon\u00bb global_colors_info=\u00bb{}\u00bb]Por H.I.J.O.S. Capital | Negar el horror es una operaci\u00f3n de olvido que, principalmente, busca impunidad. \u00bfPor qu\u00e9 reflexionar sobre este tema? Porque el negacionismo existe y ocupa lugar. 45 a\u00f1os despu\u00e9s del 24 de marzo de 1976 (y algunos m\u00e1s de la Triple A), tiene sus reediciones. Ac\u00e1 ofrecemos un breve an\u00e1lisis y tambi\u00e9n una invitaci\u00f3n para juntarnos a reflexionar en el Simposio Internacional que comenzar\u00e1 el 6 de octubre[\/et_pb_text][\/et_pb_column][\/et_pb_row][\/et_pb_section][et_pb_section fb_built=\u00bb1&#8243; use_custom_gutter=\u00bbon\u00bb gutter_width=\u00bb1&#8243; specialty=\u00bbon\u00bb padding_top_bottom_link_1=\u00bbfalse\u00bb padding_top_bottom_link_2=\u00bbfalse\u00bb padding_left_right_link_1=\u00bbfalse\u00bb padding_left_right_link_2=\u00bbfalse\u00bb padding_left_2=\u00bb1%\u00bb _builder_version=\u00bb4.9.4&#8243; custom_padding=\u00bb0px||0px|||\u00bb global_colors_info=\u00bb{}\u00bb][et_pb_column type=\u00bb2_3&#8243; specialty_columns=\u00bb2&#8243; _builder_version=\u00bb3.25&#8243; custom_padding=\u00bb|||\u00bb global_colors_info=\u00bb{}\u00bb custom_padding__hover=\u00bb|||\u00bb][et_pb_row_inner _builder_version=\u00bb4.4.8&#8243; background_color=\u00bb#ffffff\u00bb custom_padding=\u00bb0px||0px|||\u00bb global_colors_info=\u00bb{}\u00bb][et_pb_column_inner saved_specialty_column_type=\u00bb2_3&#8243; _builder_version=\u00bb4.4.8&#8243; global_colors_info=\u00bb{}\u00bb][et_pb_text _builder_version=\u00bb4.11.0&#8243; text_font=\u00bb|600|||||||\u00bb text_text_color=\u00bb#033332&#8243; text_font_size=\u00bb18px\u00bb header_text_align=\u00bbcenter\u00bb header_font_size=\u00bb35px\u00bb custom_margin=\u00bb2%|0%|2%|0%|true|true\u00bb hover_enabled=\u00bb0&#8243; global_colors_info=\u00bb{}\u00bb sticky_enabled=\u00bb0&#8243;]URBE[\/et_pb_text][et_pb_text _builder_version=\u00bb4.11.0&#8243; header_font=\u00bb|700||on|||||\u00bb header_text_align=\u00bbleft\u00bb header_text_color=\u00bb#057E7E\u00bb custom_margin=\u00bb3%|0%|3%|0%|true|true\u00bb custom_padding=\u00bb|0%||0%|false|true\u00bb global_colors_info=\u00bb{}\u00bb]<\/p>\n<h1>FRENAR AL NEGACIONISMO<\/h1>\n<p>[\/et_pb_text][et_pb_text _builder_version=\u00bb4.11.0&#8243; text_font=\u00bb|600|||||||\u00bb text_text_color=\u00bb#057E7E\u00bb text_font_size=\u00bb18px\u00bb header_text_align=\u00bbcenter\u00bb header_font_size=\u00bb35px\u00bb custom_margin=\u00bb2%|0%|2%|0%|true|true\u00bb global_colors_info=\u00bb{}\u00bb]Negar el horror es una operaci\u00f3n de olvido que, principalmente, busca impunidad. \u00bfPor qu\u00e9 reflexionar sobre este tema? Porque el negacionismo existe y ocupa lugar. 45 a\u00f1os despu\u00e9s del 24 de marzo de 1976 (y algunos m\u00e1s de la Triple A), tiene sus reediciones. Ac\u00e1 ofrecemos un breve an\u00e1lisis y tambi\u00e9n una invitaci\u00f3n para juntarnos a reflexionar en el Simposio Internacional que comenzar\u00e1 el 6 de octubre.[\/et_pb_text][et_pb_text _builder_version=\u00bb4.11.0&#8243; text_font=\u00bb||||||||\u00bb text_text_color=\u00bb#057E7E\u00bb text_font_size=\u00bb18px\u00bb header_text_align=\u00bbcenter\u00bb header_text_color=\u00bb#057E7E\u00bb header_font_size=\u00bb35px\u00bb text_orientation=\u00bbjustified\u00bb custom_margin=\u00bb2%|0%|2%|0%|true|true\u00bb global_colors_info=\u00bb{}\u00bb]Por <b>H.I.J.O.S. Capital<\/b><br \/>\n03\/10\/2021[\/et_pb_text][et_pb_image src=\u00bbhttps:\/\/urbe.com.ar\/revista\/wp-content\/uploads\/2021\/10\/PlantillasNotas_Opinion_Portada-2-scaled.jpg\u00bb title_text=\u00bbPlantillasNotas_Opini\u00f3n_Portada (2)\u00bb disabled_on=\u00bboff|off|off\u00bb _builder_version=\u00bb4.11.0&#8243; background_enable_image=\u00bboff\u00bb custom_margin=\u00bb5%|0%|5%|0%|true|true\u00bb custom_margin_tablet=\u00bb\u00bb custom_margin_phone=\u00bb6%|0%|6%|0%|true|true\u00bb custom_margin_last_edited=\u00bbon|phone\u00bb global_colors_info=\u00bb{}\u00bb][\/et_pb_image][\/et_pb_column_inner][\/et_pb_row_inner][et_pb_row_inner column_structure=\u00bb1_2,1_2&#8243; use_custom_gutter=\u00bbon\u00bb gutter_width=\u00bb1&#8243; make_equal=\u00bbon\u00bb disabled_on=\u00bbon|off|off\u00bb _builder_version=\u00bb4.4.8&#8243; background_color=\u00bb#ffffff\u00bb custom_margin=\u00bb||||false|false\u00bb custom_padding=\u00bb0px||0px|0%|false|false\u00bb locked=\u00bboff\u00bb global_colors_info=\u00bb{}\u00bb][et_pb_column_inner type=\u00bb1_2&#8243; saved_specialty_column_type=\u00bb2_3&#8243; _builder_version=\u00bb4.4.8&#8243; background_color=\u00bb#ffffff\u00bb custom_css_main_element=\u00bbwidth: 60% !important;\u00bb global_colors_info=\u00bb{}\u00bb][\/et_pb_column_inner][et_pb_column_inner type=\u00bb1_2&#8243; saved_specialty_column_type=\u00bb2_3&#8243; _builder_version=\u00bb4.4.8&#8243; custom_css_main_element=\u00bb||width: 40% !important;||margin: auto;||display: flex;||flex-direction: column;||justify-content: center;\u00bb global_colors_info=\u00bb{}\u00bb][et_pb_code _builder_version=\u00bb4.9.11&#8243; text_orientation=\u00bbcenter\u00bb module_alignment=\u00bbcenter\u00bb custom_margin=\u00bb2%||2%||true|false\u00bb custom_padding=\u00bb|6.7%||6.7%|false|true\u00bb global_colors_info=\u00bb{}\u00bb]<div class=\"addtoany_shortcode\"><div class=\"a2a_kit a2a_kit_size_32 addtoany_list\" data-a2a-url=\"https:\/\/urbe.com.ar\/revista\/frenar-al-negacionismo\/\" data-a2a-title=\"Frenar al negacionismo\"><a class=\"a2a_button_facebook\" href=\"https:\/\/www.addtoany.com\/add_to\/facebook?linkurl=https%3A%2F%2Furbe.com.ar%2Frevista%2Ffrenar-al-negacionismo%2F&amp;linkname=Frenar%20al%20negacionismo\" title=\"Facebook\" rel=\"nofollow noopener\" target=\"_blank\"><\/a><a class=\"a2a_button_whatsapp\" href=\"https:\/\/www.addtoany.com\/add_to\/whatsapp?linkurl=https%3A%2F%2Furbe.com.ar%2Frevista%2Ffrenar-al-negacionismo%2F&amp;linkname=Frenar%20al%20negacionismo\" title=\"WhatsApp\" rel=\"nofollow noopener\" target=\"_blank\"><\/a><a class=\"a2a_button_twitter\" href=\"https:\/\/www.addtoany.com\/add_to\/twitter?linkurl=https%3A%2F%2Furbe.com.ar%2Frevista%2Ffrenar-al-negacionismo%2F&amp;linkname=Frenar%20al%20negacionismo\" title=\"Twitter\" rel=\"nofollow noopener\" target=\"_blank\"><\/a><a class=\"a2a_button_email\" href=\"https:\/\/www.addtoany.com\/add_to\/email?linkurl=https%3A%2F%2Furbe.com.ar%2Frevista%2Ffrenar-al-negacionismo%2F&amp;linkname=Frenar%20al%20negacionismo\" title=\"Email\" rel=\"nofollow noopener\" target=\"_blank\"><\/a><a class=\"a2a_button_copy_link\" href=\"https:\/\/www.addtoany.com\/add_to\/copy_link?linkurl=https%3A%2F%2Furbe.com.ar%2Frevista%2Ffrenar-al-negacionismo%2F&amp;linkname=Frenar%20al%20negacionismo\" title=\"Copy Link\" rel=\"nofollow noopener\" target=\"_blank\"><\/a><\/div><\/div>[\/et_pb_code][\/et_pb_column_inner][\/et_pb_row_inner][et_pb_row_inner use_custom_gutter=\u00bbon\u00bb gutter_width=\u00bb1&#8243; make_equal=\u00bbon\u00bb disabled_on=\u00bboff|on|on\u00bb _builder_version=\u00bb4.4.8&#8243; background_color=\u00bb#ffffff\u00bb custom_margin=\u00bb||||false|false\u00bb custom_padding=\u00bb0px||0px|0%|false|false\u00bb locked=\u00bboff\u00bb global_colors_info=\u00bb{}\u00bb][et_pb_column_inner saved_specialty_column_type=\u00bb2_3&#8243; _builder_version=\u00bb4.4.8&#8243; background_color=\u00bb#ffffff\u00bb global_colors_info=\u00bb{}\u00bb][et_pb_code disabled_on=\u00bboff|off|off\u00bb _builder_version=\u00bb4.9.11&#8243; _module_preset=\u00bbdefault\u00bb text_orientation=\u00bbcenter\u00bb width=\u00bb100%\u00bb width_tablet=\u00bb\u00bb width_phone=\u00bb100%\u00bb width_last_edited=\u00bbon|phone\u00bb max_width=\u00bb100%\u00bb max_width_tablet=\u00bb\u00bb max_width_phone=\u00bb\u00bb max_width_last_edited=\u00bbon|tablet\u00bb module_alignment=\u00bbright\u00bb custom_margin_tablet=\u00bb\u00bb custom_margin_phone=\u00bb\u00bb custom_margin_last_edited=\u00bbon|phone\u00bb module_alignment_tablet=\u00bb\u00bb module_alignment_phone=\u00bbcenter\u00bb module_alignment_last_edited=\u00bbon|desktop\u00bb global_colors_info=\u00bb{}\u00bb]<div class=\"addtoany_shortcode\"><div class=\"a2a_kit a2a_kit_size_32 addtoany_list\" data-a2a-url=\"https:\/\/urbe.com.ar\/revista\/frenar-al-negacionismo\/\" data-a2a-title=\"Frenar al negacionismo\"><a class=\"a2a_button_facebook\" href=\"https:\/\/www.addtoany.com\/add_to\/facebook?linkurl=https%3A%2F%2Furbe.com.ar%2Frevista%2Ffrenar-al-negacionismo%2F&amp;linkname=Frenar%20al%20negacionismo\" title=\"Facebook\" rel=\"nofollow noopener\" target=\"_blank\"><\/a><a class=\"a2a_button_whatsapp\" href=\"https:\/\/www.addtoany.com\/add_to\/whatsapp?linkurl=https%3A%2F%2Furbe.com.ar%2Frevista%2Ffrenar-al-negacionismo%2F&amp;linkname=Frenar%20al%20negacionismo\" title=\"WhatsApp\" rel=\"nofollow noopener\" target=\"_blank\"><\/a><a class=\"a2a_button_twitter\" href=\"https:\/\/www.addtoany.com\/add_to\/twitter?linkurl=https%3A%2F%2Furbe.com.ar%2Frevista%2Ffrenar-al-negacionismo%2F&amp;linkname=Frenar%20al%20negacionismo\" title=\"Twitter\" rel=\"nofollow noopener\" target=\"_blank\"><\/a><a class=\"a2a_button_email\" href=\"https:\/\/www.addtoany.com\/add_to\/email?linkurl=https%3A%2F%2Furbe.com.ar%2Frevista%2Ffrenar-al-negacionismo%2F&amp;linkname=Frenar%20al%20negacionismo\" title=\"Email\" rel=\"nofollow noopener\" target=\"_blank\"><\/a><a class=\"a2a_button_copy_link\" href=\"https:\/\/www.addtoany.com\/add_to\/copy_link?linkurl=https%3A%2F%2Furbe.com.ar%2Frevista%2Ffrenar-al-negacionismo%2F&amp;linkname=Frenar%20al%20negacionismo\" title=\"Copy Link\" rel=\"nofollow noopener\" target=\"_blank\"><\/a><\/div><\/div>[\/et_pb_code][\/et_pb_column_inner][\/et_pb_row_inner][et_pb_row_inner _builder_version=\u00bb4.4.8&#8243; background_color=\u00bb#ffffff\u00bb custom_padding=\u00bb0px||3px|0px||\u00bb global_colors_info=\u00bb{}\u00bb][et_pb_column_inner saved_specialty_column_type=\u00bb2_3&#8243; _builder_version=\u00bb4.4.8&#8243; global_colors_info=\u00bb{}\u00bb][et_pb_text _builder_version=\u00bb4.11.0&#8243; text_text_color=\u00bb#000000&#8243; text_font_size=\u00bb17px\u00bb text_line_height=\u00bb1.5em\u00bb custom_margin=\u00bb2%|0%|2%|0%|true|true\u00bb text_font_size_tablet=\u00bb17px\u00bb text_font_size_phone=\u00bb16px\u00bb text_font_size_last_edited=\u00bbon|phone\u00bb global_colors_info=\u00bb{}\u00bb]<\/p>\n<p><b>No es algo nuevo<\/b><\/p>\n<p>La negaci\u00f3n de los cr\u00edmenes del terrorismo de Estado fue una operaci\u00f3n que comenz\u00f3 en pleno genocidio, con la organizaci\u00f3n de un relato oficial que tuvo a las principales redacciones medi\u00e1ticas a su servicio. La mentira fue trabajada para hacerla parecer como verdad.<\/p>\n<p>Mientras hab\u00eda miles de v\u00edctimas detenidas-desaparecidas en centros clandestinos de detenci\u00f3n, tortura y exterminio -y sus familiares empezaban la lucha por saber d\u00f3nde estaban- la propaganda del terror no solamente funcion\u00f3 para distribuir miedo, sino tambi\u00e9n para justificarlo.<\/p>\n<p>Tapas de diarios, fotos en revistas, noticias en radios, instalaron a los \u201cenfrentamientos\u201d como palabra para validar cualquier masacre de los genocidas. Los mismos part\u00edcipes civiles usaban sus diversas plataformas para difundir la teor\u00eda del enemigo interno, por la que convert\u00edan, a quienes ellos quisieran, en sospechosos y culpables.<\/p>\n<p>Pero, ante semejante poder, tambi\u00e9n naci\u00f3 la resistencia. Ah\u00ed al lado, en ese mientras tanto de siete a\u00f1os, hubo mujeres que se pusieron un pa\u00f1uelo blanco y salieron a luchar. Cada vez que las persiguieron -incluso desaparecieron- o las trataron de \u201clocas\u201d, intentaron negar sus denuncias, sus dolores y sus ausencias forzadas.<\/p>\n<p>[\/et_pb_text][et_pb_image src=\u00bbhttps:\/\/urbe.com.ar\/revista\/wp-content\/uploads\/2021\/10\/Imagen-1-3.jpg\u00bb title_text=\u00bbImagen 1 (3)\u00bb disabled_on=\u00bboff|off|off\u00bb _builder_version=\u00bb4.11.0&#8243; background_enable_image=\u00bboff\u00bb custom_margin=\u00bb5%|0%|5%|0%|true|true\u00bb custom_margin_tablet=\u00bb\u00bb custom_margin_phone=\u00bb6%|0%|6%|0%|true|true\u00bb custom_margin_last_edited=\u00bbon|phone\u00bb global_colors_info=\u00bb{}\u00bb][\/et_pb_image][et_pb_text _builder_version=\u00bb4.11.0&#8243; text_text_color=\u00bb#000000&#8243; text_font_size=\u00bb17px\u00bb text_line_height=\u00bb1.5em\u00bb custom_margin=\u00bb2%|0%|2%|0%|true|true\u00bb text_font_size_tablet=\u00bb17px\u00bb text_font_size_phone=\u00bb16px\u00bb text_font_size_last_edited=\u00bbon|phone\u00bb global_colors_info=\u00bb{}\u00bb]<\/p>\n<p><b>El macrismo es negacionismo: una cronolog\u00eda<\/b><\/p>\n<p>Una de las mayores expresiones de negacionismo de este \u00faltimo tiempo comenz\u00f3 en 2010 cuando Mauricio Macri gobernaba la Ciudad de Buenos Aires con insistentes intentos de poner picanas port\u00e1tiles (taser) en manos de las Fuerzas. Desde entonces, el macrismo busca avanzar en la implementaci\u00f3n de estas armas de tortura, que son la versi\u00f3n actual del m\u00e9todo usado por los genocidas en los centros clandestinos. Pueden ser letales y tienen la condena de organizaciones internacionales defensoras de los Derechos Humanos.<\/p>\n<p>Debido a las denuncias que hemos presentado desde H.I.J.O.S. Capital y el Observatorio de Derechos Humanos de la Ciudad de Buenos Aires todav\u00eda no pudieron lograr su implementaci\u00f3n.<\/p>\n<p>Pero no se detuvo ah\u00ed. El mismo Mauricio Macri en 2016, ya como Presidente de la Argentina, afirm\u00f3 no saber si los desaparecidos son 30.000. Fue como respuesta a una pregunta que le hicieron a partir de las declaraciones del entonces Ministro de Cultura de la Ciudad Aut\u00f3noma de Buenos Aires, Dar\u00edo Lop\u00e9rfido, quien instal\u00f3 en la agenda p\u00fablica la negaci\u00f3n del n\u00famero de v\u00edctimas.<\/p>\n<p>Lejos de sacarlo de su cargo, el jefe de Gobierno porte\u00f1o, Horacio Rodr\u00edguez Larreta, le permiti\u00f3 quedarse y nunca hizo un repudio sobre sus dichos, generando una fuerte campa\u00f1a de los organismos de Derechos Humanos y sectores de la cultura que reclamaron su salida. Finalmente, el negacionista por entonces yerno de Bartolom\u00e9 Mitre -un part\u00edcipe civil del terrorismo de Estado impune por el robo de Papel Prensa- present\u00f3 su renuncia.<\/p>\n<p>En 2017 se produjo otro hecho en la misma clave: el fallo del 2&#215;1 para genocidas resuelto por la Corte Suprema de Justicia de la Naci\u00f3n cuyo presidente, Carlos Rosenkrantz, hab\u00eda estado vinculado al Grupo Clar\u00edn. El popular y masivo rechazo a la posibilidad de reducir a la mitad el tiempo de la condena por delitos de lesa humanidad, puso en evidencia que el olvido y el perd\u00f3n no tienen lugar en nuestra sociedad. Sin embargo, a determinados sectores les sirvi\u00f3 para medir cu\u00e1nto pod\u00edan avanzar con el intento de impunidad para los genocidas y, principalmente, a los part\u00edcipes civiles del terrorismo de Estado.<\/p>\n<p>[\/et_pb_text][et_pb_image src=\u00bbhttps:\/\/urbe.com.ar\/revista\/wp-content\/uploads\/2021\/10\/Imagen-2.jpg\u00bb title_text=\u00bbImagen 2&#8243; disabled_on=\u00bboff|off|off\u00bb _builder_version=\u00bb4.11.0&#8243; background_enable_image=\u00bboff\u00bb custom_margin=\u00bb5%|0%|1.8%|0%|false|true\u00bb custom_margin_tablet=\u00bb\u00bb custom_margin_phone=\u00bb6%|0%|6%|0%|true|true\u00bb custom_margin_last_edited=\u00bbon|phone\u00bb global_colors_info=\u00bb{}\u00bb][\/et_pb_image][et_pb_text _builder_version=\u00bb4.11.0&#8243; text_text_color=\u00bb#000000&#8243; text_font_size=\u00bb10px\u00bb text_line_height=\u00bb1.5em\u00bb custom_margin=\u00bb2%|0%|2%|0%|true|true\u00bb text_font_size_tablet=\u00bb10px\u00bb text_font_size_phone=\u00bb9px\u00bb text_font_size_last_edited=\u00bbon|phone\u00bb global_colors_info=\u00bb{}\u00bb]<\/p>\n<p>Cr\u00e9dito Eitan Abramovich \/ AFP<\/p>\n<p>[\/et_pb_text][et_pb_text _builder_version=\u00bb4.11.0&#8243; text_text_color=\u00bb#000000&#8243; text_font_size=\u00bb17px\u00bb text_line_height=\u00bb1.5em\u00bb custom_margin=\u00bb2%|0%|2%|0%|true|true\u00bb text_font_size_tablet=\u00bb17px\u00bb text_font_size_phone=\u00bb16px\u00bb text_font_size_last_edited=\u00bbon|phone\u00bb global_colors_info=\u00bb{}\u00bb]<\/p>\n<p><b>Un Simposio Internacional para juntarse y reflexionar<\/b><\/p>\n<p>\u00bfC\u00f3mo se habilit\u00f3 al negacionismo durante el macrismo? \u00bfC\u00f3mo se instalan las ideas, aunque no sean verdades? \u00bfQu\u00e9 pasa cuando hay negacionismo desde un lugar de poder? \u00bfC\u00f3mo se regulan esas acciones? \u00bfSe deben sancionar con una ley?<\/p>\n<p>Encontramos que las pr\u00e1cticas y los discursos de odio est\u00e1n instalados en alg\u00fan sector de nuestro pa\u00eds. Lo escuchamos en declaraciones de referentes de espacios pol\u00edticos y lo vemos en ataques a homenajes a las v\u00edctimas: roturas de Baldosas por la Memoria, da\u00f1os a pa\u00f1uelos blancos en las plazas, e incluso apariciones de bolsas mortuorias, pretenden dar un mensaje de muerte sobre uno de los mayores s\u00edmbolos de la defensa de la vida.<\/p>\n<p>Son agresiones de grupos que expresan sus ideas con odio y violencia, y no son hechos aislados. Es urgente reflexionar sobre estas acciones, que se incrementaron considerablemente como consecuencia del inmenso dispositivo desplegado por el Gobierno de Mauricio Macri para intentar banalizar el genocidio.<\/p>\n<p>Desde 1983 nuestro pueblo eligi\u00f3 la democracia para siempre. Las diferencias y opiniones deben respetar ese acuerdo. Despu\u00e9s de tantos a\u00f1os, y con centenares de juicios a genocidas, no se puede negar la magnitud del terrorismo de Estado. Nuestra sociedad rechaza esa posibilidad y tiene bien alta la bandera que reivindica 30.000 luchas.<\/p>\n<p>Sin embargo, es indudable que el negacionismo se ha vuelto eje de campa\u00f1a electoral por sectores que pretenden la impunidad, el perd\u00f3n y el olvido. Por eso nos interpela pensar qu\u00e9 lugares quedaron vac\u00edos para que hayan podido entrar estos discursos y pr\u00e1cticas. Y a eso los invitamos.<\/p>\n<p>Desde H.I.J.O.S. Capital, la Fundaci\u00f3n Luisa Hairabedian y la Secretar\u00eda de Extensi\u00f3n Universitaria FFyL-UBA, organizamos el <b>Simposio Internacional \u201cEntre negacionismos, discursos de odio y sus m\u00faltiples formas de prevenci\u00f3n\u201d<\/b>, porque consideramos urgente que este tema se instale en la agenda p\u00fablica de un modo reflexivo y responsable.<\/p>\n<p>La inauguraci\u00f3n es el 6 de octubre y seguir\u00e1 todos los mi\u00e9rcoles del mes de 18 a 20hs hasta el cierre el d\u00eda 3 de noviembre, con modalidad virtual y no arancelada. La inscripci\u00f3n la pueden realizar en <a href=\"https:\/\/tinyurl.com\/simposionegacionismo2021\" target=\"new_tab\" rel=\"noopener\">esta p\u00e1gina<\/a>.<\/p>\n<p>Son 30.000 y est\u00e1n PRESENTES.<\/p>\n<p>[\/et_pb_text][et_pb_image src=\u00bbhttps:\/\/urbe.com.ar\/revista\/wp-content\/uploads\/2021\/05\/PaginaWeb_DivisorUrbe-1.png\u00bb title_text=\u00bbP\u00e1ginaWeb_DivisorCultura\u00bb align=\u00bbcenter\u00bb _builder_version=\u00bb4.11.0&#8243; _module_preset=\u00bbdefault\u00bb hover_enabled=\u00bb0&#8243; global_colors_info=\u00bb{}\u00bb sticky_enabled=\u00bb0&#8243;][\/et_pb_image][\/et_pb_column_inner][\/et_pb_row_inner][\/et_pb_column][et_pb_column type=\u00bb1_3&#8243; _builder_version=\u00bb3.25&#8243; custom_padding=\u00bb|||\u00bb global_colors_info=\u00bb{}\u00bb custom_padding__hover=\u00bb|||\u00bb][et_pb_image src=\u00bbhttps:\/\/urbe.com.ar\/revista\/wp-content\/uploads\/2021\/05\/PicsArt_05-28-11.17.58.png\u00bb url=\u00bbhttps:\/\/urbe.com.ar\/revista\/\u00bb align=\u00bbcenter\u00bb disabled_on=\u00bbon|on|off\u00bb _builder_version=\u00bb4.9.4&#8243; custom_margin=\u00bb||20%|0%|false|false\u00bb global_colors_info=\u00bb{}\u00bb src__hover_enabled=\u00bbon|desktop\u00bb][\/et_pb_image][et_pb_blog fullwidth=\u00bboff\u00bb posts_number=\u00bb9&#8243; include_categories=\u00bb7,11,8,9,10&#8243; meta_date=\u00bbj M,Y\u00bb use_manual_excerpt=\u00bboff\u00bb excerpt_length=\u00bb80&#8243; show_author=\u00bboff\u00bb show_categories=\u00bboff\u00bb show_pagination=\u00bboff\u00bb masonry_tile_background_color=\u00bb#FFFFFF\u00bb disabled_on=\u00bbon|off|off\u00bb module_class=\u00bbpa-blog \u00bb _builder_version=\u00bb4.9.4&#8243; header_font=\u00bb|700|||||||\u00bb header_text_color=\u00bb#FFFFFF\u00bb header_font_size=\u00bb20px\u00bb body_font=\u00bb|600|||||||\u00bb body_text_color=\u00bb#FFFFFF\u00bb meta_text_color=\u00bb#FFFFFF\u00bb read_more_text_color=\u00bb#FFFFFF\u00bb background_color=\u00bb#FFFFFF\u00bb custom_margin=\u00bb-9%||1%||false|false\u00bb custom_margin_tablet=\u00bb0%||||false|false\u00bb custom_margin_phone=\u00bb\u00bb custom_margin_last_edited=\u00bbon|desktop\u00bb custom_padding=\u00bb||0px|||\u00bb header_text_shadow_style=\u00bbpreset3&#8243; header_text_shadow_color=\u00bb#000000&#8243; body_text_shadow_style=\u00bbpreset3&#8243; body_text_shadow_color=\u00bb#000000&#8243; meta_text_shadow_style=\u00bbpreset3&#8243; meta_text_shadow_color=\u00bb#000000&#8243; border_color_all_image=\u00bb#FFFFFF\u00bb border_width_top_image=\u00bb2px\u00bb text_shadow_style=\u00bbpreset3&#8243; text_shadow_blur_strength=\u00bb0.54em\u00bb text_shadow_color=\u00bb#000000&#8243; global_colors_info=\u00bb{}\u00bb][\/et_pb_blog][et_pb_code _builder_version=\u00bb4.9.4&#8243; _module_preset=\u00bbdefault\u00bb global_colors_info=\u00bb{}\u00bb]<\/p>\n<style><!-- [et_pb_line_break_holder] -->  .pa-blog-text {<!-- [et_pb_line_break_holder] -->\tposition: absolute;<!-- [et_pb_line_break_holder] -->\ttop: 65%;<!-- [et_pb_line_break_holder] -->\tleft: 50%;<!-- [et_pb_line_break_holder] -->\ttransform: translate(-50%, -50%);<!-- [et_pb_line_break_holder] -->\twidth: 100%;<!-- [et_pb_line_break_holder] -->\tpadding: 20px;<!-- [et_pb_line_break_holder] -->\tz-index: 1;<!-- [et_pb_line_break_holder] -->}<!-- [et_pb_line_break_holder] --><!-- [et_pb_line_break_holder] --><!-- [et_pb_line_break_holder] -->\/*keep the moved items positioned with their parent items*\/<!-- [et_pb_line_break_holder] --><!-- [et_pb_line_break_holder] -->.et_pb_blog_grid article {<!-- [et_pb_line_break_holder] -->\tposition: relative;<!-- [et_pb_line_break_holder] --> <!-- [et_pb_line_break_holder] -->}<!-- [et_pb_line_break_holder] --><!-- [et_pb_line_break_holder] --><!-- [et_pb_line_break_holder] -->\/*remove spacing around entire blog post*\/<!-- [et_pb_line_break_holder] --><!-- [et_pb_line_break_holder] -->.et_pb_blog_grid .et_pb_post {<!-- [et_pb_line_break_holder] -->\tpadding: 0px;<!-- [et_pb_line_break_holder] -->}<!-- [et_pb_line_break_holder] --><!-- [et_pb_line_break_holder] --><!-- [et_pb_line_break_holder] -->\/*remove negative margins on blog featured image*\/<!-- [et_pb_line_break_holder] --><!-- [et_pb_line_break_holder] -->.et_pb_image_container {<!-- [et_pb_line_break_holder] -->\tmargin: 0;<!-- [et_pb_line_break_holder] -->}<!-- [et_pb_line_break_holder] --><!-- [et_pb_line_break_holder] --><!-- [et_pb_line_break_holder] -->\/*remove the margin below the featured image frame*\/<!-- [et_pb_line_break_holder] --><!-- [et_pb_line_break_holder] -->.et_pb_post .entry-featured-image-url {<!-- [et_pb_line_break_holder] -->\tmargin: 0;<!-- [et_pb_line_break_holder] -->}<!-- [et_pb_line_break_holder] --><!-- [et_pb_line_break_holder] --><!-- [et_pb_line_break_holder] --><!-- [et_pb_line_break_holder] -->.et_pb_blog_grid .entry-featured-image-url::before {<!-- [et_pb_line_break_holder] -->\tcontent: '';<!-- [et_pb_line_break_holder] -->\tposition: absolute;<!-- [et_pb_line_break_holder] -->\twidth: 100%;<!-- [et_pb_line_break_holder] -->\theight: 100%;<!-- [et_pb_line_break_holder] -->  overflow:hidden;<!-- [et_pb_line_break_holder] -->\tbackground-color: rgba(0, 0, 0, 0.25);<!-- [et_pb_line_break_holder] -->}<!-- [et_pb_line_break_holder] --><\/style>\n<p>[\/et_pb_code][et_pb_code _builder_version=\u00bb4.9.4&#8243; global_colors_info=\u00bb{}\u00bb][\/et_pb_code][\/et_pb_column][\/et_pb_section]<\/p>\n","protected":false},"excerpt":{"rendered":"<p>Por <b>H.I.J.O.S. Capital<\/b><\/p>\n","protected":false},"author":6,"featured_media":5194,"comment_status":"closed","ping_status":"closed","sticky":false,"template":"","format":"standard","meta":{"_et_pb_use_builder":"on","_et_pb_old_content":"","_et_gb_content_width":"1080","_jetpack_memberships_contains_paid_content":false,"footnotes":""},"categories":[29],"tags":[],"class_list":["post-5182","post","type-post","status-publish","format-standard","has-post-thumbnail","hentry","category-politica"],"yoast_head":"<!-- This site is optimized with the Yoast SEO plugin v27.5 - https:\/\/yoast.com\/product\/yoast-seo-wordpress\/ -->\n<title>Frenar al negacionismo - Revista Urbe<\/title>\n<meta name=\"robots\" content=\"index, follow, max-snippet:-1, max-image-preview:large, max-video-preview:-1\" \/>\n<link rel=\"canonical\" href=\"https:\/\/urbe.com.ar\/revista\/frenar-al-negacionismo\/\" \/>\n<meta property=\"og:locale\" content=\"es_ES\" \/>\n<meta property=\"og:type\" content=\"article\" \/>\n<meta property=\"og:title\" content=\"Frenar al negacionismo - Revista Urbe\" \/>\n<meta property=\"og:description\" content=\"Por H.I.J.O.S. Capital\" \/>\n<meta property=\"og:url\" content=\"https:\/\/urbe.com.ar\/revista\/frenar-al-negacionismo\/\" \/>\n<meta property=\"og:site_name\" content=\"Revista Urbe\" \/>\n<meta property=\"article:published_time\" content=\"2021-10-03T13:42:21+00:00\" \/>\n<meta property=\"article:modified_time\" content=\"2023-06-03T22:47:22+00:00\" \/>\n<meta property=\"og:image\" content=\"https:\/\/urbe.com.ar\/revista\/wp-content\/uploads\/2021\/10\/PlantillasNotas_Urbe_Home.jpg\" \/>\n\t<meta property=\"og:image:width\" content=\"2551\" \/>\n\t<meta property=\"og:image:height\" content=\"2297\" \/>\n\t<meta property=\"og:image:type\" content=\"image\/jpeg\" \/>\n<meta name=\"author\" content=\"Amparo Quiroga\" \/>\n<meta name=\"twitter:card\" content=\"summary_large_image\" \/>\n<meta name=\"twitter:creator\" content=\"@Revistaurbe_\" \/>\n<meta name=\"twitter:site\" content=\"@Revistaurbe_\" \/>\n<meta name=\"twitter:label1\" content=\"Escrito por\" \/>\n\t<meta name=\"twitter:data1\" content=\"Amparo Quiroga\" \/>\n\t<meta name=\"twitter:label2\" content=\"Tiempo de lectura\" \/>\n\t<meta name=\"twitter:data2\" content=\"7 minutos\" \/>\n<script type=\"application\/ld+json\" class=\"yoast-schema-graph\">{\"@context\":\"https:\\\/\\\/schema.org\",\"@graph\":[{\"@type\":\"Article\",\"@id\":\"https:\\\/\\\/urbe.com.ar\\\/revista\\\/frenar-al-negacionismo\\\/#article\",\"isPartOf\":{\"@id\":\"https:\\\/\\\/urbe.com.ar\\\/revista\\\/frenar-al-negacionismo\\\/\"},\"author\":{\"name\":\"Amparo Quiroga\",\"@id\":\"https:\\\/\\\/urbe.com.ar\\\/revista\\\/#\\\/schema\\\/person\\\/38df95332003b9a4d354f4d161835b3e\"},\"headline\":\"Frenar al negacionismo\",\"datePublished\":\"2021-10-03T13:42:21+00:00\",\"dateModified\":\"2023-06-03T22:47:22+00:00\",\"mainEntityOfPage\":{\"@id\":\"https:\\\/\\\/urbe.com.ar\\\/revista\\\/frenar-al-negacionismo\\\/\"},\"wordCount\":2344,\"image\":{\"@id\":\"https:\\\/\\\/urbe.com.ar\\\/revista\\\/frenar-al-negacionismo\\\/#primaryimage\"},\"thumbnailUrl\":\"https:\\\/\\\/i0.wp.com\\\/urbe.com.ar\\\/revista\\\/wp-content\\\/uploads\\\/2021\\\/10\\\/PlantillasNotas_Urbe_Home.jpg?fit=2551%2C2297&ssl=1\",\"articleSection\":[\"POL\u00cdTICA\"],\"inLanguage\":\"es\"},{\"@type\":\"WebPage\",\"@id\":\"https:\\\/\\\/urbe.com.ar\\\/revista\\\/frenar-al-negacionismo\\\/\",\"url\":\"https:\\\/\\\/urbe.com.ar\\\/revista\\\/frenar-al-negacionismo\\\/\",\"name\":\"Frenar al negacionismo - Revista Urbe\",\"isPartOf\":{\"@id\":\"https:\\\/\\\/urbe.com.ar\\\/revista\\\/#website\"},\"primaryImageOfPage\":{\"@id\":\"https:\\\/\\\/urbe.com.ar\\\/revista\\\/frenar-al-negacionismo\\\/#primaryimage\"},\"image\":{\"@id\":\"https:\\\/\\\/urbe.com.ar\\\/revista\\\/frenar-al-negacionismo\\\/#primaryimage\"},\"thumbnailUrl\":\"https:\\\/\\\/i0.wp.com\\\/urbe.com.ar\\\/revista\\\/wp-content\\\/uploads\\\/2021\\\/10\\\/PlantillasNotas_Urbe_Home.jpg?fit=2551%2C2297&ssl=1\",\"datePublished\":\"2021-10-03T13:42:21+00:00\",\"dateModified\":\"2023-06-03T22:47:22+00:00\",\"author\":{\"@id\":\"https:\\\/\\\/urbe.com.ar\\\/revista\\\/#\\\/schema\\\/person\\\/38df95332003b9a4d354f4d161835b3e\"},\"breadcrumb\":{\"@id\":\"https:\\\/\\\/urbe.com.ar\\\/revista\\\/frenar-al-negacionismo\\\/#breadcrumb\"},\"inLanguage\":\"es\",\"potentialAction\":[{\"@type\":\"ReadAction\",\"target\":[\"https:\\\/\\\/urbe.com.ar\\\/revista\\\/frenar-al-negacionismo\\\/\"]}]},{\"@type\":\"ImageObject\",\"inLanguage\":\"es\",\"@id\":\"https:\\\/\\\/urbe.com.ar\\\/revista\\\/frenar-al-negacionismo\\\/#primaryimage\",\"url\":\"https:\\\/\\\/i0.wp.com\\\/urbe.com.ar\\\/revista\\\/wp-content\\\/uploads\\\/2021\\\/10\\\/PlantillasNotas_Urbe_Home.jpg?fit=2551%2C2297&ssl=1\",\"contentUrl\":\"https:\\\/\\\/i0.wp.com\\\/urbe.com.ar\\\/revista\\\/wp-content\\\/uploads\\\/2021\\\/10\\\/PlantillasNotas_Urbe_Home.jpg?fit=2551%2C2297&ssl=1\",\"width\":2551,\"height\":2297},{\"@type\":\"BreadcrumbList\",\"@id\":\"https:\\\/\\\/urbe.com.ar\\\/revista\\\/frenar-al-negacionismo\\\/#breadcrumb\",\"itemListElement\":[{\"@type\":\"ListItem\",\"position\":1,\"name\":\"Portada\",\"item\":\"https:\\\/\\\/urbe.com.ar\\\/revista\\\/\"},{\"@type\":\"ListItem\",\"position\":2,\"name\":\"Frenar al negacionismo\"}]},{\"@type\":\"WebSite\",\"@id\":\"https:\\\/\\\/urbe.com.ar\\\/revista\\\/#website\",\"url\":\"https:\\\/\\\/urbe.com.ar\\\/revista\\\/\",\"name\":\"Revista Urbe\",\"description\":\"\",\"potentialAction\":[{\"@type\":\"SearchAction\",\"target\":{\"@type\":\"EntryPoint\",\"urlTemplate\":\"https:\\\/\\\/urbe.com.ar\\\/revista\\\/?s={search_term_string}\"},\"query-input\":{\"@type\":\"PropertyValueSpecification\",\"valueRequired\":true,\"valueName\":\"search_term_string\"}}],\"inLanguage\":\"es\"},{\"@type\":\"Person\",\"@id\":\"https:\\\/\\\/urbe.com.ar\\\/revista\\\/#\\\/schema\\\/person\\\/38df95332003b9a4d354f4d161835b3e\",\"name\":\"Amparo Quiroga\",\"image\":{\"@type\":\"ImageObject\",\"inLanguage\":\"es\",\"@id\":\"https:\\\/\\\/secure.gravatar.com\\\/avatar\\\/e0f39c0e56991d84d4f350fe5d7d7d8db4bd015d406321978e3fa98cc5af61c9?s=96&d=mm&r=g\",\"url\":\"https:\\\/\\\/secure.gravatar.com\\\/avatar\\\/e0f39c0e56991d84d4f350fe5d7d7d8db4bd015d406321978e3fa98cc5af61c9?s=96&d=mm&r=g\",\"contentUrl\":\"https:\\\/\\\/secure.gravatar.com\\\/avatar\\\/e0f39c0e56991d84d4f350fe5d7d7d8db4bd015d406321978e3fa98cc5af61c9?s=96&d=mm&r=g\",\"caption\":\"Amparo Quiroga\"},\"url\":\"https:\\\/\\\/urbe.com.ar\\\/revista\\\/author\\\/amparo-quiroga\\\/\"}]}<\/script>\n<!-- \/ Yoast SEO plugin. -->","yoast_head_json":{"title":"Frenar al negacionismo - Revista Urbe","robots":{"index":"index","follow":"follow","max-snippet":"max-snippet:-1","max-image-preview":"max-image-preview:large","max-video-preview":"max-video-preview:-1"},"canonical":"https:\/\/urbe.com.ar\/revista\/frenar-al-negacionismo\/","og_locale":"es_ES","og_type":"article","og_title":"Frenar al negacionismo - Revista Urbe","og_description":"Por H.I.J.O.S. Capital","og_url":"https:\/\/urbe.com.ar\/revista\/frenar-al-negacionismo\/","og_site_name":"Revista Urbe","article_published_time":"2021-10-03T13:42:21+00:00","article_modified_time":"2023-06-03T22:47:22+00:00","og_image":[{"width":2551,"height":2297,"url":"https:\/\/urbe.com.ar\/revista\/wp-content\/uploads\/2021\/10\/PlantillasNotas_Urbe_Home.jpg","type":"image\/jpeg"}],"author":"Amparo Quiroga","twitter_card":"summary_large_image","twitter_creator":"@Revistaurbe_","twitter_site":"@Revistaurbe_","twitter_misc":{"Escrito por":"Amparo Quiroga","Tiempo de lectura":"7 minutos"},"schema":{"@context":"https:\/\/schema.org","@graph":[{"@type":"Article","@id":"https:\/\/urbe.com.ar\/revista\/frenar-al-negacionismo\/#article","isPartOf":{"@id":"https:\/\/urbe.com.ar\/revista\/frenar-al-negacionismo\/"},"author":{"name":"Amparo Quiroga","@id":"https:\/\/urbe.com.ar\/revista\/#\/schema\/person\/38df95332003b9a4d354f4d161835b3e"},"headline":"Frenar al negacionismo","datePublished":"2021-10-03T13:42:21+00:00","dateModified":"2023-06-03T22:47:22+00:00","mainEntityOfPage":{"@id":"https:\/\/urbe.com.ar\/revista\/frenar-al-negacionismo\/"},"wordCount":2344,"image":{"@id":"https:\/\/urbe.com.ar\/revista\/frenar-al-negacionismo\/#primaryimage"},"thumbnailUrl":"https:\/\/i0.wp.com\/urbe.com.ar\/revista\/wp-content\/uploads\/2021\/10\/PlantillasNotas_Urbe_Home.jpg?fit=2551%2C2297&ssl=1","articleSection":["POL\u00cdTICA"],"inLanguage":"es"},{"@type":"WebPage","@id":"https:\/\/urbe.com.ar\/revista\/frenar-al-negacionismo\/","url":"https:\/\/urbe.com.ar\/revista\/frenar-al-negacionismo\/","name":"Frenar al negacionismo - Revista Urbe","isPartOf":{"@id":"https:\/\/urbe.com.ar\/revista\/#website"},"primaryImageOfPage":{"@id":"https:\/\/urbe.com.ar\/revista\/frenar-al-negacionismo\/#primaryimage"},"image":{"@id":"https:\/\/urbe.com.ar\/revista\/frenar-al-negacionismo\/#primaryimage"},"thumbnailUrl":"https:\/\/i0.wp.com\/urbe.com.ar\/revista\/wp-content\/uploads\/2021\/10\/PlantillasNotas_Urbe_Home.jpg?fit=2551%2C2297&ssl=1","datePublished":"2021-10-03T13:42:21+00:00","dateModified":"2023-06-03T22:47:22+00:00","author":{"@id":"https:\/\/urbe.com.ar\/revista\/#\/schema\/person\/38df95332003b9a4d354f4d161835b3e"},"breadcrumb":{"@id":"https:\/\/urbe.com.ar\/revista\/frenar-al-negacionismo\/#breadcrumb"},"inLanguage":"es","potentialAction":[{"@type":"ReadAction","target":["https:\/\/urbe.com.ar\/revista\/frenar-al-negacionismo\/"]}]},{"@type":"ImageObject","inLanguage":"es","@id":"https:\/\/urbe.com.ar\/revista\/frenar-al-negacionismo\/#primaryimage","url":"https:\/\/i0.wp.com\/urbe.com.ar\/revista\/wp-content\/uploads\/2021\/10\/PlantillasNotas_Urbe_Home.jpg?fit=2551%2C2297&ssl=1","contentUrl":"https:\/\/i0.wp.com\/urbe.com.ar\/revista\/wp-content\/uploads\/2021\/10\/PlantillasNotas_Urbe_Home.jpg?fit=2551%2C2297&ssl=1","width":2551,"height":2297},{"@type":"BreadcrumbList","@id":"https:\/\/urbe.com.ar\/revista\/frenar-al-negacionismo\/#breadcrumb","itemListElement":[{"@type":"ListItem","position":1,"name":"Portada","item":"https:\/\/urbe.com.ar\/revista\/"},{"@type":"ListItem","position":2,"name":"Frenar al negacionismo"}]},{"@type":"WebSite","@id":"https:\/\/urbe.com.ar\/revista\/#website","url":"https:\/\/urbe.com.ar\/revista\/","name":"Revista Urbe","description":"","potentialAction":[{"@type":"SearchAction","target":{"@type":"EntryPoint","urlTemplate":"https:\/\/urbe.com.ar\/revista\/?s={search_term_string}"},"query-input":{"@type":"PropertyValueSpecification","valueRequired":true,"valueName":"search_term_string"}}],"inLanguage":"es"},{"@type":"Person","@id":"https:\/\/urbe.com.ar\/revista\/#\/schema\/person\/38df95332003b9a4d354f4d161835b3e","name":"Amparo Quiroga","image":{"@type":"ImageObject","inLanguage":"es","@id":"https:\/\/secure.gravatar.com\/avatar\/e0f39c0e56991d84d4f350fe5d7d7d8db4bd015d406321978e3fa98cc5af61c9?s=96&d=mm&r=g","url":"https:\/\/secure.gravatar.com\/avatar\/e0f39c0e56991d84d4f350fe5d7d7d8db4bd015d406321978e3fa98cc5af61c9?s=96&d=mm&r=g","contentUrl":"https:\/\/secure.gravatar.com\/avatar\/e0f39c0e56991d84d4f350fe5d7d7d8db4bd015d406321978e3fa98cc5af61c9?s=96&d=mm&r=g","caption":"Amparo Quiroga"},"url":"https:\/\/urbe.com.ar\/revista\/author\/amparo-quiroga\/"}]}},"jetpack_featured_media_url":"https:\/\/i0.wp.com\/urbe.com.ar\/revista\/wp-content\/uploads\/2021\/10\/PlantillasNotas_Urbe_Home.jpg?fit=2551%2C2297&ssl=1","jetpack_sharing_enabled":true,"_links":{"self":[{"href":"https:\/\/urbe.com.ar\/revista\/wp-json\/wp\/v2\/posts\/5182","targetHints":{"allow":["GET"]}}],"collection":[{"href":"https:\/\/urbe.com.ar\/revista\/wp-json\/wp\/v2\/posts"}],"about":[{"href":"https:\/\/urbe.com.ar\/revista\/wp-json\/wp\/v2\/types\/post"}],"author":[{"embeddable":true,"href":"https:\/\/urbe.com.ar\/revista\/wp-json\/wp\/v2\/users\/6"}],"replies":[{"embeddable":true,"href":"https:\/\/urbe.com.ar\/revista\/wp-json\/wp\/v2\/comments?post=5182"}],"version-history":[{"count":5,"href":"https:\/\/urbe.com.ar\/revista\/wp-json\/wp\/v2\/posts\/5182\/revisions"}],"predecessor-version":[{"id":5196,"href":"https:\/\/urbe.com.ar\/revista\/wp-json\/wp\/v2\/posts\/5182\/revisions\/5196"}],"wp:featuredmedia":[{"embeddable":true,"href":"https:\/\/urbe.com.ar\/revista\/wp-json\/wp\/v2\/media\/5194"}],"wp:attachment":[{"href":"https:\/\/urbe.com.ar\/revista\/wp-json\/wp\/v2\/media?parent=5182"}],"wp:term":[{"taxonomy":"category","embeddable":true,"href":"https:\/\/urbe.com.ar\/revista\/wp-json\/wp\/v2\/categories?post=5182"},{"taxonomy":"post_tag","embeddable":true,"href":"https:\/\/urbe.com.ar\/revista\/wp-json\/wp\/v2\/tags?post=5182"}],"curies":[{"name":"wp","href":"https:\/\/api.w.org\/{rel}","templated":true}]}}