{"id":5141,"date":"2021-09-26T13:27:16","date_gmt":"2021-09-26T13:27:16","guid":{"rendered":"https:\/\/urbe.com.ar\/revista\/?p=5141"},"modified":"2023-07-21T18:38:30","modified_gmt":"2023-07-21T18:38:30","slug":"feminismo-y-politica","status":"publish","type":"post","link":"https:\/\/urbe.com.ar\/revista\/feminismo-y-politica\/","title":{"rendered":"Feminismo y pol\u00edtica"},"content":{"rendered":"<p>[et_pb_section fb_built=\u00bb1&#8243; disabled_on=\u00bbon|on|on\u00bb _builder_version=\u00bb4.4.8&#8243; disabled=\u00bbon\u00bb global_colors_info=\u00bb{}\u00bb][et_pb_row _builder_version=\u00bb4.4.8&#8243; global_colors_info=\u00bb{}\u00bb][et_pb_column type=\u00bb4_4&#8243; _builder_version=\u00bb4.4.8&#8243; global_colors_info=\u00bb{}\u00bb][et_pb_text disabled_on=\u00bbon|on|on\u00bb _builder_version=\u00bb4.10.8&#8243; disabled=\u00bbon\u00bb global_colors_info=\u00bb{}\u00bb]Por Fio Santagati | Hace unos d\u00edas las redes sociales desbordaron de repudios frente a ciertas situaciones que ocurrieron en el \u00e1mbito de la pol\u00edtica nacional. La primera fue la decisi\u00f3n de cambiar al gabinete luego de la derrota en las PASO, donde se criticaba que ingresaran todos hombres. Y la segunda en torno al (ex) gobernador pejotista de Tucum\u00e1n, Juan Luis Manzur, ya que el dirigente peronista est\u00e1 en contra del aborto y se presume que funcionarios de su gobierno obstruyeron una interrupci\u00f3n legal del embarazo a una nena que habr\u00eda sufrido una violaci\u00f3n. La indignaci\u00f3n no se detuvo, a\u00fan cuando compa\u00f1eras tucumanas alertaban que la lectura que se hac\u00eda del flamante Jefe de Gabinete era muy lineal. Entonces \u00bfqu\u00e9 es lo que se cuestiona en el fondo?[\/et_pb_text][\/et_pb_column][\/et_pb_row][\/et_pb_section][et_pb_section fb_built=\u00bb1&#8243; use_custom_gutter=\u00bbon\u00bb gutter_width=\u00bb1&#8243; specialty=\u00bbon\u00bb padding_top_bottom_link_1=\u00bbfalse\u00bb padding_top_bottom_link_2=\u00bbfalse\u00bb padding_left_right_link_1=\u00bbfalse\u00bb padding_left_right_link_2=\u00bbfalse\u00bb padding_left_2=\u00bb1%\u00bb _builder_version=\u00bb4.9.4&#8243; custom_padding=\u00bb0px||0px|||\u00bb global_colors_info=\u00bb{}\u00bb][et_pb_column type=\u00bb2_3&#8243; specialty_columns=\u00bb2&#8243; _builder_version=\u00bb3.25&#8243; custom_padding=\u00bb|||\u00bb global_colors_info=\u00bb{}\u00bb custom_padding__hover=\u00bb|||\u00bb][et_pb_row_inner _builder_version=\u00bb4.4.8&#8243; background_color=\u00bb#ffffff\u00bb custom_padding=\u00bb0px||0px|||\u00bb global_colors_info=\u00bb{}\u00bb][et_pb_column_inner saved_specialty_column_type=\u00bb2_3&#8243; _builder_version=\u00bb4.4.8&#8243; global_colors_info=\u00bb{}\u00bb][et_pb_text _builder_version=\u00bb4.10.2&#8243; text_font=\u00bb|600|||||||\u00bb text_text_color=\u00bb#2F3568&#8243; text_font_size=\u00bb18px\u00bb header_text_align=\u00bbcenter\u00bb header_font_size=\u00bb35px\u00bb custom_margin=\u00bb2%|0%|2%|0%|true|true\u00bb global_colors_info=\u00bb{}\u00bb]OPINI\u00d3N[\/et_pb_text][et_pb_text _builder_version=\u00bb4.10.8&#8243; header_font=\u00bb|700||on|||||\u00bb header_text_align=\u00bbleft\u00bb header_text_color=\u00bb#057E7E\u00bb custom_margin=\u00bb3%|0%|3%|0%|true|true\u00bb custom_padding=\u00bb|0%||0%|false|true\u00bb global_colors_info=\u00bb{}\u00bb]<\/p>\n<h1>FEMINISMO Y POL\u00cdTICA<\/h1>\n<p>[\/et_pb_text][et_pb_text _builder_version=\u00bb4.10.8&#8243; text_font=\u00bb||||||||\u00bb text_text_color=\u00bb#057E7E\u00bb text_font_size=\u00bb18px\u00bb header_text_align=\u00bbcenter\u00bb header_text_color=\u00bb#057E7E\u00bb header_font_size=\u00bb35px\u00bb text_orientation=\u00bbjustified\u00bb custom_margin=\u00bb2%|0%|2%|0%|true|true\u00bb global_colors_info=\u00bb{}\u00bb]Por <b>Fio Santagati<\/b><br \/>\n26\/09\/2021[\/et_pb_text][et_pb_image src=\u00bbhttps:\/\/urbe.com.ar\/revista\/wp-content\/uploads\/2021\/09\/PlantillasNotas_Opinion_Portada-1-1-scaled.jpg\u00bb title_text=\u00bbPlantillasNotas_Opini\u00f3n_Portada (1)\u00bb disabled_on=\u00bboff|off|off\u00bb _builder_version=\u00bb4.10.8&#8243; background_enable_image=\u00bboff\u00bb custom_margin=\u00bb5%|0%|1.7%|0%|false|true\u00bb custom_margin_tablet=\u00bb\u00bb custom_margin_phone=\u00bb6%|0%|1.7%|0%|false|true\u00bb custom_margin_last_edited=\u00bbon|phone\u00bb global_colors_info=\u00bb{}\u00bb][\/et_pb_image][\/et_pb_column_inner][\/et_pb_row_inner][et_pb_row_inner column_structure=\u00bb1_2,1_2&#8243; use_custom_gutter=\u00bbon\u00bb gutter_width=\u00bb1&#8243; make_equal=\u00bbon\u00bb disabled_on=\u00bbon|off|off\u00bb _builder_version=\u00bb4.4.8&#8243; background_color=\u00bb#ffffff\u00bb custom_margin=\u00bb||||false|false\u00bb custom_padding=\u00bb0px||0px|0%|false|false\u00bb locked=\u00bboff\u00bb global_colors_info=\u00bb{}\u00bb][et_pb_column_inner type=\u00bb1_2&#8243; saved_specialty_column_type=\u00bb2_3&#8243; _builder_version=\u00bb4.4.8&#8243; background_color=\u00bb#ffffff\u00bb custom_css_main_element=\u00bbwidth: 60% !important;\u00bb global_colors_info=\u00bb{}\u00bb][\/et_pb_column_inner][et_pb_column_inner type=\u00bb1_2&#8243; saved_specialty_column_type=\u00bb2_3&#8243; _builder_version=\u00bb4.4.8&#8243; custom_css_main_element=\u00bb||width: 40% !important;||margin: auto;||display: flex;||flex-direction: column;||justify-content: center;\u00bb global_colors_info=\u00bb{}\u00bb][et_pb_code _builder_version=\u00bb4.9.11&#8243; text_orientation=\u00bbcenter\u00bb module_alignment=\u00bbcenter\u00bb custom_margin=\u00bb2%||2%||true|false\u00bb custom_padding=\u00bb|6.7%||6.7%|false|true\u00bb global_colors_info=\u00bb{}\u00bb]<div class=\"addtoany_shortcode\"><div class=\"a2a_kit a2a_kit_size_32 addtoany_list\" data-a2a-url=\"https:\/\/urbe.com.ar\/revista\/feminismo-y-politica\/\" data-a2a-title=\"Feminismo y pol\u00edtica\"><a class=\"a2a_button_facebook\" href=\"https:\/\/www.addtoany.com\/add_to\/facebook?linkurl=https%3A%2F%2Furbe.com.ar%2Frevista%2Ffeminismo-y-politica%2F&amp;linkname=Feminismo%20y%20pol%C3%ADtica\" title=\"Facebook\" rel=\"nofollow noopener\" target=\"_blank\"><\/a><a class=\"a2a_button_whatsapp\" href=\"https:\/\/www.addtoany.com\/add_to\/whatsapp?linkurl=https%3A%2F%2Furbe.com.ar%2Frevista%2Ffeminismo-y-politica%2F&amp;linkname=Feminismo%20y%20pol%C3%ADtica\" title=\"WhatsApp\" rel=\"nofollow noopener\" target=\"_blank\"><\/a><a class=\"a2a_button_twitter\" href=\"https:\/\/www.addtoany.com\/add_to\/twitter?linkurl=https%3A%2F%2Furbe.com.ar%2Frevista%2Ffeminismo-y-politica%2F&amp;linkname=Feminismo%20y%20pol%C3%ADtica\" title=\"Twitter\" rel=\"nofollow noopener\" target=\"_blank\"><\/a><a class=\"a2a_button_email\" href=\"https:\/\/www.addtoany.com\/add_to\/email?linkurl=https%3A%2F%2Furbe.com.ar%2Frevista%2Ffeminismo-y-politica%2F&amp;linkname=Feminismo%20y%20pol%C3%ADtica\" title=\"Email\" rel=\"nofollow noopener\" target=\"_blank\"><\/a><a class=\"a2a_button_copy_link\" href=\"https:\/\/www.addtoany.com\/add_to\/copy_link?linkurl=https%3A%2F%2Furbe.com.ar%2Frevista%2Ffeminismo-y-politica%2F&amp;linkname=Feminismo%20y%20pol%C3%ADtica\" title=\"Copy Link\" rel=\"nofollow noopener\" target=\"_blank\"><\/a><\/div><\/div>[\/et_pb_code][\/et_pb_column_inner][\/et_pb_row_inner][et_pb_row_inner use_custom_gutter=\u00bbon\u00bb gutter_width=\u00bb1&#8243; make_equal=\u00bbon\u00bb disabled_on=\u00bboff|on|on\u00bb _builder_version=\u00bb4.4.8&#8243; background_color=\u00bb#ffffff\u00bb custom_margin=\u00bb||||false|false\u00bb custom_padding=\u00bb0px||0px|0%|false|false\u00bb locked=\u00bboff\u00bb global_colors_info=\u00bb{}\u00bb][et_pb_column_inner saved_specialty_column_type=\u00bb2_3&#8243; _builder_version=\u00bb4.4.8&#8243; background_color=\u00bb#ffffff\u00bb global_colors_info=\u00bb{}\u00bb][et_pb_code disabled_on=\u00bboff|off|off\u00bb _builder_version=\u00bb4.9.11&#8243; _module_preset=\u00bbdefault\u00bb text_orientation=\u00bbcenter\u00bb width=\u00bb100%\u00bb width_tablet=\u00bb\u00bb width_phone=\u00bb100%\u00bb width_last_edited=\u00bbon|phone\u00bb max_width=\u00bb100%\u00bb max_width_tablet=\u00bb\u00bb max_width_phone=\u00bb\u00bb max_width_last_edited=\u00bbon|tablet\u00bb module_alignment=\u00bbright\u00bb custom_margin_tablet=\u00bb\u00bb custom_margin_phone=\u00bb\u00bb custom_margin_last_edited=\u00bbon|phone\u00bb module_alignment_tablet=\u00bb\u00bb module_alignment_phone=\u00bbcenter\u00bb module_alignment_last_edited=\u00bbon|desktop\u00bb global_colors_info=\u00bb{}\u00bb]<div class=\"addtoany_shortcode\"><div class=\"a2a_kit a2a_kit_size_32 addtoany_list\" data-a2a-url=\"https:\/\/urbe.com.ar\/revista\/feminismo-y-politica\/\" data-a2a-title=\"Feminismo y pol\u00edtica\"><a class=\"a2a_button_facebook\" href=\"https:\/\/www.addtoany.com\/add_to\/facebook?linkurl=https%3A%2F%2Furbe.com.ar%2Frevista%2Ffeminismo-y-politica%2F&amp;linkname=Feminismo%20y%20pol%C3%ADtica\" title=\"Facebook\" rel=\"nofollow noopener\" target=\"_blank\"><\/a><a class=\"a2a_button_whatsapp\" href=\"https:\/\/www.addtoany.com\/add_to\/whatsapp?linkurl=https%3A%2F%2Furbe.com.ar%2Frevista%2Ffeminismo-y-politica%2F&amp;linkname=Feminismo%20y%20pol%C3%ADtica\" title=\"WhatsApp\" rel=\"nofollow noopener\" target=\"_blank\"><\/a><a class=\"a2a_button_twitter\" href=\"https:\/\/www.addtoany.com\/add_to\/twitter?linkurl=https%3A%2F%2Furbe.com.ar%2Frevista%2Ffeminismo-y-politica%2F&amp;linkname=Feminismo%20y%20pol%C3%ADtica\" title=\"Twitter\" rel=\"nofollow noopener\" target=\"_blank\"><\/a><a class=\"a2a_button_email\" href=\"https:\/\/www.addtoany.com\/add_to\/email?linkurl=https%3A%2F%2Furbe.com.ar%2Frevista%2Ffeminismo-y-politica%2F&amp;linkname=Feminismo%20y%20pol%C3%ADtica\" title=\"Email\" rel=\"nofollow noopener\" target=\"_blank\"><\/a><a class=\"a2a_button_copy_link\" href=\"https:\/\/www.addtoany.com\/add_to\/copy_link?linkurl=https%3A%2F%2Furbe.com.ar%2Frevista%2Ffeminismo-y-politica%2F&amp;linkname=Feminismo%20y%20pol%C3%ADtica\" title=\"Copy Link\" rel=\"nofollow noopener\" target=\"_blank\"><\/a><\/div><\/div>[\/et_pb_code][\/et_pb_column_inner][\/et_pb_row_inner][et_pb_row_inner _builder_version=\u00bb4.4.8&#8243; background_color=\u00bb#ffffff\u00bb custom_padding=\u00bb0px||3px|0px||\u00bb global_colors_info=\u00bb{}\u00bb][et_pb_column_inner saved_specialty_column_type=\u00bb2_3&#8243; _builder_version=\u00bb4.4.8&#8243; global_colors_info=\u00bb{}\u00bb][et_pb_text _builder_version=\u00bb4.10.8&#8243; text_text_color=\u00bb#000000&#8243; text_font_size=\u00bb17px\u00bb text_line_height=\u00bb1.5em\u00bb custom_margin=\u00bb2%|0%|2%|0%|true|true\u00bb hover_enabled=\u00bb0&#8243; text_font_size_tablet=\u00bb17px\u00bb text_font_size_phone=\u00bb16px\u00bb text_font_size_last_edited=\u00bbon|phone\u00bb global_colors_info=\u00bb{}\u00bb sticky_enabled=\u00bb0&#8243;]<\/p>\n<p>Hace unos d\u00edas las redes sociales desbordaron de repudios frente a ciertas situaciones que ocurrieron en el \u00e1mbito de la pol\u00edtica nacional. La primera fue la decisi\u00f3n de cambiar al gabinete luego de la derrota en las PASO, donde se criticaba que ingresaran todos hombres. La segunda se dio en torno al (ex) gobernador pejotista de Tucum\u00e1n, Juan Luis Manzur, tras se\u00f1alarle que est\u00e1 en contra del aborto y sindicarlo como el responsable de impedir una interrupci\u00f3n legal del embarazo de una nena que hab\u00eda sido violada. La indignaci\u00f3n no se detuvo, a\u00fan cuando compa\u00f1eras tucumanas alertaban que la lectura que se hac\u00eda del flamante Jefe de Gabinete era muy lineal. Entonces \u00bfqu\u00e9 es lo que se cuestiona en el fondo?<\/p>\n<p>[\/et_pb_text][et_pb_image src=\u00bbhttps:\/\/urbe.com.ar\/revista\/wp-content\/uploads\/2021\/09\/tuit.jpg\u00bb title_text=\u00bbtuit\u00bb disabled_on=\u00bboff|off|off\u00bb _builder_version=\u00bb4.10.8&#8243; background_enable_image=\u00bboff\u00bb custom_margin=\u00bb5%|0%|1.8%|0%|false|true\u00bb custom_margin_tablet=\u00bb\u00bb custom_margin_phone=\u00bb6%|0%|6%|0%|true|true\u00bb custom_margin_last_edited=\u00bbon|phone\u00bb hover_enabled=\u00bb0&#8243; global_colors_info=\u00bb{}\u00bb sticky_enabled=\u00bb0&#8243;][\/et_pb_image][et_pb_text _builder_version=\u00bb4.10.8&#8243; text_text_color=\u00bb#000000&#8243; text_font_size=\u00bb10px\u00bb text_line_height=\u00bb1.5em\u00bb custom_margin=\u00bb2%|0%|2%|0%|true|true\u00bb custom_padding=\u00bb||0px|||\u00bb hover_enabled=\u00bb0&#8243; text_font_size_tablet=\u00bb10px\u00bb text_font_size_phone=\u00bb10px\u00bb text_font_size_last_edited=\u00bbon|phone\u00bb global_colors_info=\u00bb{}\u00bb sticky_enabled=\u00bb0&#8243;]<\/p>\n<p>Tuit Sole Deza, abogada, militante feminista y fundadora de <a href=\"https:\/\/twitter.com\/mxmfundacion\" target=\"new_tab\" rel=\"noopener\">Mujeres por Mujeres<\/a><\/p>\n<p>[\/et_pb_text][et_pb_text _builder_version=\u00bb4.10.8&#8243; text_text_color=\u00bb#000000&#8243; text_font_size=\u00bb17px\u00bb text_line_height=\u00bb1.5em\u00bb custom_margin=\u00bb3.5%|0%|2%|0%|false|true\u00bb hover_enabled=\u00bb0&#8243; text_font_size_tablet=\u00bb17px\u00bb text_font_size_phone=\u00bb16px\u00bb text_font_size_last_edited=\u00bbon|phone\u00bb global_colors_info=\u00bb{}\u00bb sticky_enabled=\u00bb0&#8243;]<\/p>\n<p><b>Las muchachas peronistas: mejor que decir es hacer<\/b><\/p>\n<p>Realmente es muy molesto ver como cierto sector, gorila por naturaleza, est\u00e1 en la b\u00fasqueda constante de despolitizar al movimiento feminista. Va en sinton\u00eda con el discurso anti pol\u00edtico que tratan de instalar los medios hegem\u00f3nicos de comunicaci\u00f3n: \u00a1La pol\u00edtica no sirve! \u00a1No mezclen feminismo con pol\u00edtica!. Pero claro que el feminismo es pol\u00edtica, sino \u00bfc\u00f3mo piensan transformar la realidad? \u00bfCon flyers de canva, decorados y cursos? <\/p>\n<p>Eva Duarte de Per\u00f3n nos dio el voto femenino -la posibilidad de elegir y de elegirnos- del que se acaban de cumplir 74 a\u00f1os. Cristina Fern\u00e1ndez, como Presidenta, sigui\u00f3 su legado consolidando aquel sue\u00f1o de Evita de jubilaci\u00f3n para las amas de casa. Pero no se qued\u00f3 ah\u00ed, se crearon programas para luchar contra la trata, l\u00edneas de denuncias que permitieron el rescate de m\u00e1s de 8.000 v\u00edctimas de explotaci\u00f3n sexual, Ley de Identidad de G\u00e9nero, Matrimonio Igualitario, Educaci\u00f3n Sexual Integral, Fertilizaci\u00f3n Asistida o el Programa Ellas Hacen. Ahora, con Alberto Fern\u00e1ndez, la ley paridad en los medios y la Interrupci\u00f3n Voluntaria del Embarazo, por la que tanto luchamos.<\/p>\n<p>Casualmente, todas estas conquistas realizadas por gobiernos peronistas son omitidas. Se las toma como realidades que ya est\u00e1n dadas, como si hubieran salido de un repollo y no fueran fruto de la voluntad pol\u00edtica. Porque la  pol\u00edtica no es simplemente arengar con vocablos bonitos, es llevar a la realidad acciones que transformen la vida del Pueblo. Por eso, bien sabemos que mejor que decir es hacer, pero mejor que prometer es realizar.<\/p>\n<p>[\/et_pb_text][et_pb_image src=\u00bbhttps:\/\/urbe.com.ar\/revista\/wp-content\/uploads\/2021\/09\/Imagen-1-2.jpg\u00bb title_text=\u00bbImagen 1 (2)\u00bb disabled_on=\u00bboff|off|off\u00bb _builder_version=\u00bb4.10.8&#8243; background_enable_image=\u00bboff\u00bb custom_margin=\u00bb5%|0%|1.7%|0%|false|true\u00bb custom_margin_tablet=\u00bb\u00bb custom_margin_phone=\u00bb6%|0%|1.7%|0%|false|true\u00bb custom_margin_last_edited=\u00bbon|phone\u00bb hover_enabled=\u00bb0&#8243; global_colors_info=\u00bb{}\u00bb sticky_enabled=\u00bb0&#8243;][\/et_pb_image][et_pb_text _builder_version=\u00bb4.10.8&#8243; text_text_color=\u00bb#000000&#8243; text_font_size=\u00bb10px\u00bb text_line_height=\u00bb1.5em\u00bb custom_margin=\u00bb2%|0%|2%|0%|true|true\u00bb custom_padding=\u00bb||0px|||\u00bb hover_enabled=\u00bb0&#8243; text_font_size_tablet=\u00bb10px\u00bb text_font_size_phone=\u00bb10px\u00bb text_font_size_last_edited=\u00bbon|phone\u00bb global_colors_info=\u00bb{}\u00bb sticky_enabled=\u00bb0&#8243;]<\/p>\n<p>Mujeres de 1947 en la Plaza de los Dos Congresos: \u201cLa mujer puede y debe votar\u201d.<\/p>\n<p>[\/et_pb_text][et_pb_text _builder_version=\u00bb4.10.8&#8243; text_text_color=\u00bb#000000&#8243; text_font_size=\u00bb17px\u00bb text_line_height=\u00bb1.5em\u00bb custom_margin=\u00bb3.3%|0%|2%|0%|false|true\u00bb hover_enabled=\u00bb0&#8243; text_font_size_tablet=\u00bb17px\u00bb text_font_size_phone=\u00bb16px\u00bb text_font_size_last_edited=\u00bbon|phone\u00bb global_colors_info=\u00bb{}\u00bb sticky_enabled=\u00bb0&#8243;]<\/p>\n<p><b>La \u00fanica divisi\u00f3n que importa: pueblo u oligarqu\u00eda<\/b><\/p>\n<p>\u201cLa pol\u00edtica es el arte de gobernar\u201d, dijo Arist\u00f3teles.  Ante cualquier adversidad que se presente debemos buscar la mejor manera de transformar y solucionar los problemas, pero nunca ceder el espacio: eso supone renunciar a la disputa. De paso, ser\u00eda bueno desterrar de una vez esa falsa idea de que la pol\u00edtica es de color rosa, como si fuese un catering donde una va seleccionando -cual dama oligarca- qu\u00e9 problem\u00e1tica afrontar y cu\u00e1l no, qu\u00e9 gusta y qu\u00e9 desagrada&#8230; Para eso est\u00e1n las degustaciones en los salones de eventos. En el mundo real, el feminismo sin conciencia nacional, sin comprensi\u00f3n hist\u00f3rica y subyugado a las agendas anglo-norteamericanas no es nada m\u00e1s que puro marketing.<\/p>\n<p>Existieron y existen mujeres que han forzado el bienestar de nuestra Patria pero nunca son nombradas por parte de algunos feminismos. Por ejemplo, esos que se burlan de la muerte de los \u00eddolos populares, que te hablan desde la moral acad\u00e9mica arriba de un banquito, que te miden la \u201csororidad\u201d en sangre. O aquellos que, lejos de la experiencia y el conocimiento, se\u00f1alan qui\u00e9nes pueden gozar de derechos integrales y qui\u00e9nes no. O esos otros que ignoran los procesos hist\u00f3ricos y geopol\u00edticos y miran hacia otro lado cuando agreden a una l\u00edder popular que se plant\u00f3 ante los sectores m\u00e1s poderosos en beneficio de su Pueblo. Y no la defienden porque, obvio, en el fondo son profundamente antiperonistas.<\/p>\n<p>Yo hablo desde el lugar de peronista porque, en t\u00e9rminos pol\u00edticos, el \u00fanico Movimiento que dignific\u00f3 a la mujer fue el peronismo. Les guste o no, ni la izquierda charlatana que vive aludiendo a acontecimientos for\u00e1neos como la revoluci\u00f3n rusa, ni los neoliberales y mucho menos los radicales hicieron algo por nosotras.  No, muchachas, yo quiero un  feminismo popular preocupado por las problem\u00e1ticas de mis compatriotas y no uno que viva con los ojos puestos en el afuera.<\/p>\n<p>Con el razonamiento que muchas plantean, Lipovetzky y Lospennato -pertenecientes al PRO- tendr\u00edan el visto bueno simplemente por ser pa\u00f1uelos verdes por m\u00e1s que despu\u00e9s no les tiemble el pulso al votar leyes que perjudican a los trabajadores (en d\u00f3nde est\u00e1n incluidas las mujeres que pretenden defender). \u00bfAh\u00ed no est\u00e1 el repudio?<\/p>\n<p>Cuando el gobierno de Mauricio Macri nos endeud\u00f3 a cien a\u00f1os con el Fondo Monetario Internacional tampoco hubo indignaci\u00f3n, aunque esa acci\u00f3n haya condenado a miles de compatriotas mujeres a la pobreza. Debe ser que como la titular del fondo es una mujer hay que comprenderla&#8230; debe ser eso.<\/p>\n<p>Queda claro que si el feminismo no comienza a integrar una perspectiva nacional y popular traza su camino directo a ser un movimiento vac\u00edo, copado por frases hechas y poco an\u00e1lisis, con una despolitizaci\u00f3n total arraigada en su n\u00facleo. En definitiva, la discusi\u00f3n pol\u00edtica debe recaer en las profundidades estructurales de la Naci\u00f3n m\u00e1s que en posiciones sobre victorias ya consolidadas.<\/p>\n<p>Los proyectos pol\u00edticos no est\u00e1n compuestos por consignas ni mucho menos pa\u00f1uelos de colores. Los proyectos pol\u00edticos est\u00e1n compuestos por doctrinas y la nuestra es la de soberan\u00eda pol\u00edtica, independencia econ\u00f3mica y justicia social. La construcci\u00f3n pol\u00edtica parte de la heterogeneidad de la sociedad debido a la diversidad de demandas, pensamientos y opiniones: as\u00ed lo entiende el peronismo.<\/p>\n<p>Lo anterior no quiere decir que una deba asentir todo; hay que debatir y elevar la palabra, pero sabiendo que la grieta nunca fue entre los celestes y verdes o entre los que son religiosos y los que no: ese es un reduccionismo infantil. Hay compa\u00f1eras y compa\u00f1eros que tienen una postura totalmente obtusa sobre el aborto y est\u00e1 bien que asi sea. No somos una secta, somos un Movimiento pol\u00edtico y, como tal, tenemos el deber de representar intereses, m\u00e1s all\u00e1 de los pa\u00f1uelos.  La grieta es entre la Patria y las corporaciones. La grieta es entre el Pueblo y la oligarqu\u00eda.<\/p>\n<p>[\/et_pb_text][et_pb_image src=\u00bbhttps:\/\/urbe.com.ar\/revista\/wp-content\/uploads\/2021\/05\/PaginaWeb_DivisorOpinion-1.png\u00bb title_text=\u00bbP\u00e1ginaWeb_DivisorCultura\u00bb align=\u00bbcenter\u00bb _builder_version=\u00bb4.10.2&#8243; _module_preset=\u00bbdefault\u00bb global_colors_info=\u00bb{}\u00bb][\/et_pb_image][\/et_pb_column_inner][\/et_pb_row_inner][\/et_pb_column][et_pb_column type=\u00bb1_3&#8243; _builder_version=\u00bb3.25&#8243; custom_padding=\u00bb|||\u00bb global_colors_info=\u00bb{}\u00bb custom_padding__hover=\u00bb|||\u00bb][et_pb_image src=\u00bbhttps:\/\/urbe.com.ar\/revista\/wp-content\/uploads\/2021\/05\/PicsArt_05-28-11.17.58.png\u00bb url=\u00bbhttps:\/\/urbe.com.ar\/revista\/\u00bb align=\u00bbcenter\u00bb disabled_on=\u00bbon|on|off\u00bb _builder_version=\u00bb4.9.4&#8243; custom_margin=\u00bb||20%|0%|false|false\u00bb global_colors_info=\u00bb{}\u00bb src__hover_enabled=\u00bbon|desktop\u00bb][\/et_pb_image][et_pb_blog fullwidth=\u00bboff\u00bb posts_number=\u00bb9&#8243; include_categories=\u00bb7,11,8,9,10&#8243; meta_date=\u00bbj M,Y\u00bb use_manual_excerpt=\u00bboff\u00bb excerpt_length=\u00bb80&#8243; show_author=\u00bboff\u00bb show_categories=\u00bboff\u00bb show_pagination=\u00bboff\u00bb masonry_tile_background_color=\u00bb#FFFFFF\u00bb disabled_on=\u00bbon|off|off\u00bb module_class=\u00bbpa-blog \u00bb _builder_version=\u00bb4.9.4&#8243; header_font=\u00bb|700|||||||\u00bb header_text_color=\u00bb#FFFFFF\u00bb header_font_size=\u00bb20px\u00bb body_font=\u00bb|600|||||||\u00bb body_text_color=\u00bb#FFFFFF\u00bb meta_text_color=\u00bb#FFFFFF\u00bb read_more_text_color=\u00bb#FFFFFF\u00bb background_color=\u00bb#FFFFFF\u00bb custom_margin=\u00bb-9%||1%||false|false\u00bb custom_margin_tablet=\u00bb0%||||false|false\u00bb custom_margin_phone=\u00bb\u00bb custom_margin_last_edited=\u00bbon|desktop\u00bb custom_padding=\u00bb||0px|||\u00bb header_text_shadow_style=\u00bbpreset3&#8243; header_text_shadow_color=\u00bb#000000&#8243; body_text_shadow_style=\u00bbpreset3&#8243; body_text_shadow_color=\u00bb#000000&#8243; meta_text_shadow_style=\u00bbpreset3&#8243; meta_text_shadow_color=\u00bb#000000&#8243; border_color_all_image=\u00bb#FFFFFF\u00bb border_width_top_image=\u00bb2px\u00bb text_shadow_style=\u00bbpreset3&#8243; text_shadow_blur_strength=\u00bb0.54em\u00bb text_shadow_color=\u00bb#000000&#8243; global_colors_info=\u00bb{}\u00bb][\/et_pb_blog][et_pb_code _builder_version=\u00bb4.9.4&#8243; _module_preset=\u00bbdefault\u00bb global_colors_info=\u00bb{}\u00bb]<\/p>\n<style><!-- [et_pb_line_break_holder] -->  .pa-blog-text {<!-- [et_pb_line_break_holder] -->\tposition: absolute;<!-- [et_pb_line_break_holder] -->\ttop: 65%;<!-- [et_pb_line_break_holder] -->\tleft: 50%;<!-- [et_pb_line_break_holder] -->\ttransform: translate(-50%, -50%);<!-- [et_pb_line_break_holder] -->\twidth: 100%;<!-- [et_pb_line_break_holder] -->\tpadding: 20px;<!-- [et_pb_line_break_holder] -->\tz-index: 1;<!-- [et_pb_line_break_holder] -->}<!-- [et_pb_line_break_holder] --><!-- [et_pb_line_break_holder] --><!-- [et_pb_line_break_holder] -->\/*keep the moved items positioned with their parent items*\/<!-- [et_pb_line_break_holder] --><!-- [et_pb_line_break_holder] -->.et_pb_blog_grid article {<!-- [et_pb_line_break_holder] -->\tposition: relative;<!-- [et_pb_line_break_holder] --> <!-- [et_pb_line_break_holder] -->}<!-- [et_pb_line_break_holder] --><!-- [et_pb_line_break_holder] --><!-- [et_pb_line_break_holder] -->\/*remove spacing around entire blog post*\/<!-- [et_pb_line_break_holder] --><!-- [et_pb_line_break_holder] -->.et_pb_blog_grid .et_pb_post {<!-- [et_pb_line_break_holder] -->\tpadding: 0px;<!-- [et_pb_line_break_holder] -->}<!-- [et_pb_line_break_holder] --><!-- [et_pb_line_break_holder] --><!-- [et_pb_line_break_holder] -->\/*remove negative margins on blog featured image*\/<!-- [et_pb_line_break_holder] --><!-- [et_pb_line_break_holder] -->.et_pb_image_container {<!-- [et_pb_line_break_holder] -->\tmargin: 0;<!-- [et_pb_line_break_holder] -->}<!-- [et_pb_line_break_holder] --><!-- [et_pb_line_break_holder] --><!-- [et_pb_line_break_holder] -->\/*remove the margin below the featured image frame*\/<!-- [et_pb_line_break_holder] --><!-- [et_pb_line_break_holder] -->.et_pb_post .entry-featured-image-url {<!-- [et_pb_line_break_holder] -->\tmargin: 0;<!-- [et_pb_line_break_holder] -->}<!-- [et_pb_line_break_holder] --><!-- [et_pb_line_break_holder] --><!-- [et_pb_line_break_holder] --><!-- [et_pb_line_break_holder] -->.et_pb_blog_grid .entry-featured-image-url::before {<!-- [et_pb_line_break_holder] -->\tcontent: '';<!-- [et_pb_line_break_holder] -->\tposition: absolute;<!-- [et_pb_line_break_holder] -->\twidth: 100%;<!-- [et_pb_line_break_holder] -->\theight: 100%;<!-- [et_pb_line_break_holder] -->  overflow:hidden;<!-- [et_pb_line_break_holder] -->\tbackground-color: rgba(0, 0, 0, 0.25);<!-- [et_pb_line_break_holder] -->}<!-- [et_pb_line_break_holder] --><\/style>\n<p>[\/et_pb_code][et_pb_code _builder_version=\u00bb4.9.4&#8243; global_colors_info=\u00bb{}\u00bb][\/et_pb_code][\/et_pb_column][\/et_pb_section]<\/p>\n","protected":false},"excerpt":{"rendered":"<p>Por <b>Fio Santagati<\/b><\/p>\n","protected":false},"author":6,"featured_media":5143,"comment_status":"closed","ping_status":"closed","sticky":false,"template":"","format":"standard","meta":{"_et_pb_use_builder":"on","_et_pb_old_content":"","_et_gb_content_width":"1080","_jetpack_memberships_contains_paid_content":false,"footnotes":""},"categories":[8],"tags":[],"class_list":["post-5141","post","type-post","status-publish","format-standard","has-post-thumbnail","hentry","category-feminismo"],"yoast_head":"<!-- This site is optimized with the Yoast SEO plugin v27.4 - https:\/\/yoast.com\/product\/yoast-seo-wordpress\/ -->\n<title>Feminismo y pol\u00edtica - Revista Urbe<\/title>\n<meta name=\"robots\" content=\"index, follow, max-snippet:-1, max-image-preview:large, max-video-preview:-1\" \/>\n<link rel=\"canonical\" href=\"https:\/\/urbe.com.ar\/revista\/feminismo-y-politica\/\" \/>\n<meta property=\"og:locale\" content=\"es_ES\" \/>\n<meta property=\"og:type\" content=\"article\" \/>\n<meta property=\"og:title\" content=\"Feminismo y pol\u00edtica - Revista Urbe\" \/>\n<meta property=\"og:description\" content=\"Por Fio Santagati\" \/>\n<meta property=\"og:url\" content=\"https:\/\/urbe.com.ar\/revista\/feminismo-y-politica\/\" \/>\n<meta property=\"og:site_name\" content=\"Revista Urbe\" \/>\n<meta property=\"article:published_time\" content=\"2021-09-26T13:27:16+00:00\" \/>\n<meta property=\"article:modified_time\" content=\"2023-07-21T18:38:30+00:00\" \/>\n<meta property=\"og:image\" content=\"https:\/\/urbe.com.ar\/revista\/wp-content\/uploads\/2021\/09\/PlantillasNotas_Opinion_Home-1-1.jpg\" \/>\n\t<meta property=\"og:image:width\" content=\"2551\" \/>\n\t<meta property=\"og:image:height\" content=\"2297\" \/>\n\t<meta property=\"og:image:type\" content=\"image\/jpeg\" \/>\n<meta name=\"author\" content=\"Amparo Quiroga\" \/>\n<meta name=\"twitter:card\" content=\"summary_large_image\" \/>\n<meta name=\"twitter:creator\" content=\"@Revistaurbe_\" \/>\n<meta name=\"twitter:site\" content=\"@Revistaurbe_\" \/>\n<meta name=\"twitter:label1\" content=\"Escrito por\" \/>\n\t<meta name=\"twitter:data1\" content=\"Amparo Quiroga\" \/>\n\t<meta name=\"twitter:label2\" content=\"Tiempo de lectura\" \/>\n\t<meta name=\"twitter:data2\" content=\"6 minutos\" \/>\n<script type=\"application\/ld+json\" class=\"yoast-schema-graph\">{\"@context\":\"https:\\\/\\\/schema.org\",\"@graph\":[{\"@type\":\"Article\",\"@id\":\"https:\\\/\\\/urbe.com.ar\\\/revista\\\/feminismo-y-politica\\\/#article\",\"isPartOf\":{\"@id\":\"https:\\\/\\\/urbe.com.ar\\\/revista\\\/feminismo-y-politica\\\/\"},\"author\":{\"name\":\"Amparo Quiroga\",\"@id\":\"https:\\\/\\\/urbe.com.ar\\\/revista\\\/#\\\/schema\\\/person\\\/38df95332003b9a4d354f4d161835b3e\"},\"headline\":\"Feminismo y pol\u00edtica\",\"datePublished\":\"2021-09-26T13:27:16+00:00\",\"dateModified\":\"2023-07-21T18:38:30+00:00\",\"mainEntityOfPage\":{\"@id\":\"https:\\\/\\\/urbe.com.ar\\\/revista\\\/feminismo-y-politica\\\/\"},\"wordCount\":2542,\"image\":{\"@id\":\"https:\\\/\\\/urbe.com.ar\\\/revista\\\/feminismo-y-politica\\\/#primaryimage\"},\"thumbnailUrl\":\"https:\\\/\\\/i0.wp.com\\\/urbe.com.ar\\\/revista\\\/wp-content\\\/uploads\\\/2021\\\/09\\\/PlantillasNotas_Opinion_Home-1-1.jpg?fit=2551%2C2297&ssl=1\",\"articleSection\":[\"FEMINISMO\"],\"inLanguage\":\"es\"},{\"@type\":\"WebPage\",\"@id\":\"https:\\\/\\\/urbe.com.ar\\\/revista\\\/feminismo-y-politica\\\/\",\"url\":\"https:\\\/\\\/urbe.com.ar\\\/revista\\\/feminismo-y-politica\\\/\",\"name\":\"Feminismo y pol\u00edtica - Revista Urbe\",\"isPartOf\":{\"@id\":\"https:\\\/\\\/urbe.com.ar\\\/revista\\\/#website\"},\"primaryImageOfPage\":{\"@id\":\"https:\\\/\\\/urbe.com.ar\\\/revista\\\/feminismo-y-politica\\\/#primaryimage\"},\"image\":{\"@id\":\"https:\\\/\\\/urbe.com.ar\\\/revista\\\/feminismo-y-politica\\\/#primaryimage\"},\"thumbnailUrl\":\"https:\\\/\\\/i0.wp.com\\\/urbe.com.ar\\\/revista\\\/wp-content\\\/uploads\\\/2021\\\/09\\\/PlantillasNotas_Opinion_Home-1-1.jpg?fit=2551%2C2297&ssl=1\",\"datePublished\":\"2021-09-26T13:27:16+00:00\",\"dateModified\":\"2023-07-21T18:38:30+00:00\",\"author\":{\"@id\":\"https:\\\/\\\/urbe.com.ar\\\/revista\\\/#\\\/schema\\\/person\\\/38df95332003b9a4d354f4d161835b3e\"},\"breadcrumb\":{\"@id\":\"https:\\\/\\\/urbe.com.ar\\\/revista\\\/feminismo-y-politica\\\/#breadcrumb\"},\"inLanguage\":\"es\",\"potentialAction\":[{\"@type\":\"ReadAction\",\"target\":[\"https:\\\/\\\/urbe.com.ar\\\/revista\\\/feminismo-y-politica\\\/\"]}]},{\"@type\":\"ImageObject\",\"inLanguage\":\"es\",\"@id\":\"https:\\\/\\\/urbe.com.ar\\\/revista\\\/feminismo-y-politica\\\/#primaryimage\",\"url\":\"https:\\\/\\\/i0.wp.com\\\/urbe.com.ar\\\/revista\\\/wp-content\\\/uploads\\\/2021\\\/09\\\/PlantillasNotas_Opinion_Home-1-1.jpg?fit=2551%2C2297&ssl=1\",\"contentUrl\":\"https:\\\/\\\/i0.wp.com\\\/urbe.com.ar\\\/revista\\\/wp-content\\\/uploads\\\/2021\\\/09\\\/PlantillasNotas_Opinion_Home-1-1.jpg?fit=2551%2C2297&ssl=1\",\"width\":2551,\"height\":2297},{\"@type\":\"BreadcrumbList\",\"@id\":\"https:\\\/\\\/urbe.com.ar\\\/revista\\\/feminismo-y-politica\\\/#breadcrumb\",\"itemListElement\":[{\"@type\":\"ListItem\",\"position\":1,\"name\":\"Portada\",\"item\":\"https:\\\/\\\/urbe.com.ar\\\/revista\\\/\"},{\"@type\":\"ListItem\",\"position\":2,\"name\":\"Feminismo y pol\u00edtica\"}]},{\"@type\":\"WebSite\",\"@id\":\"https:\\\/\\\/urbe.com.ar\\\/revista\\\/#website\",\"url\":\"https:\\\/\\\/urbe.com.ar\\\/revista\\\/\",\"name\":\"Revista Urbe\",\"description\":\"\",\"potentialAction\":[{\"@type\":\"SearchAction\",\"target\":{\"@type\":\"EntryPoint\",\"urlTemplate\":\"https:\\\/\\\/urbe.com.ar\\\/revista\\\/?s={search_term_string}\"},\"query-input\":{\"@type\":\"PropertyValueSpecification\",\"valueRequired\":true,\"valueName\":\"search_term_string\"}}],\"inLanguage\":\"es\"},{\"@type\":\"Person\",\"@id\":\"https:\\\/\\\/urbe.com.ar\\\/revista\\\/#\\\/schema\\\/person\\\/38df95332003b9a4d354f4d161835b3e\",\"name\":\"Amparo Quiroga\",\"image\":{\"@type\":\"ImageObject\",\"inLanguage\":\"es\",\"@id\":\"https:\\\/\\\/secure.gravatar.com\\\/avatar\\\/e0f39c0e56991d84d4f350fe5d7d7d8db4bd015d406321978e3fa98cc5af61c9?s=96&d=mm&r=g\",\"url\":\"https:\\\/\\\/secure.gravatar.com\\\/avatar\\\/e0f39c0e56991d84d4f350fe5d7d7d8db4bd015d406321978e3fa98cc5af61c9?s=96&d=mm&r=g\",\"contentUrl\":\"https:\\\/\\\/secure.gravatar.com\\\/avatar\\\/e0f39c0e56991d84d4f350fe5d7d7d8db4bd015d406321978e3fa98cc5af61c9?s=96&d=mm&r=g\",\"caption\":\"Amparo Quiroga\"},\"url\":\"https:\\\/\\\/urbe.com.ar\\\/revista\\\/author\\\/amparo-quiroga\\\/\"}]}<\/script>\n<!-- \/ Yoast SEO plugin. -->","yoast_head_json":{"title":"Feminismo y pol\u00edtica - Revista Urbe","robots":{"index":"index","follow":"follow","max-snippet":"max-snippet:-1","max-image-preview":"max-image-preview:large","max-video-preview":"max-video-preview:-1"},"canonical":"https:\/\/urbe.com.ar\/revista\/feminismo-y-politica\/","og_locale":"es_ES","og_type":"article","og_title":"Feminismo y pol\u00edtica - Revista Urbe","og_description":"Por Fio Santagati","og_url":"https:\/\/urbe.com.ar\/revista\/feminismo-y-politica\/","og_site_name":"Revista Urbe","article_published_time":"2021-09-26T13:27:16+00:00","article_modified_time":"2023-07-21T18:38:30+00:00","og_image":[{"width":2551,"height":2297,"url":"https:\/\/urbe.com.ar\/revista\/wp-content\/uploads\/2021\/09\/PlantillasNotas_Opinion_Home-1-1.jpg","type":"image\/jpeg"}],"author":"Amparo Quiroga","twitter_card":"summary_large_image","twitter_creator":"@Revistaurbe_","twitter_site":"@Revistaurbe_","twitter_misc":{"Escrito por":"Amparo Quiroga","Tiempo de lectura":"6 minutos"},"schema":{"@context":"https:\/\/schema.org","@graph":[{"@type":"Article","@id":"https:\/\/urbe.com.ar\/revista\/feminismo-y-politica\/#article","isPartOf":{"@id":"https:\/\/urbe.com.ar\/revista\/feminismo-y-politica\/"},"author":{"name":"Amparo Quiroga","@id":"https:\/\/urbe.com.ar\/revista\/#\/schema\/person\/38df95332003b9a4d354f4d161835b3e"},"headline":"Feminismo y pol\u00edtica","datePublished":"2021-09-26T13:27:16+00:00","dateModified":"2023-07-21T18:38:30+00:00","mainEntityOfPage":{"@id":"https:\/\/urbe.com.ar\/revista\/feminismo-y-politica\/"},"wordCount":2542,"image":{"@id":"https:\/\/urbe.com.ar\/revista\/feminismo-y-politica\/#primaryimage"},"thumbnailUrl":"https:\/\/i0.wp.com\/urbe.com.ar\/revista\/wp-content\/uploads\/2021\/09\/PlantillasNotas_Opinion_Home-1-1.jpg?fit=2551%2C2297&ssl=1","articleSection":["FEMINISMO"],"inLanguage":"es"},{"@type":"WebPage","@id":"https:\/\/urbe.com.ar\/revista\/feminismo-y-politica\/","url":"https:\/\/urbe.com.ar\/revista\/feminismo-y-politica\/","name":"Feminismo y pol\u00edtica - Revista Urbe","isPartOf":{"@id":"https:\/\/urbe.com.ar\/revista\/#website"},"primaryImageOfPage":{"@id":"https:\/\/urbe.com.ar\/revista\/feminismo-y-politica\/#primaryimage"},"image":{"@id":"https:\/\/urbe.com.ar\/revista\/feminismo-y-politica\/#primaryimage"},"thumbnailUrl":"https:\/\/i0.wp.com\/urbe.com.ar\/revista\/wp-content\/uploads\/2021\/09\/PlantillasNotas_Opinion_Home-1-1.jpg?fit=2551%2C2297&ssl=1","datePublished":"2021-09-26T13:27:16+00:00","dateModified":"2023-07-21T18:38:30+00:00","author":{"@id":"https:\/\/urbe.com.ar\/revista\/#\/schema\/person\/38df95332003b9a4d354f4d161835b3e"},"breadcrumb":{"@id":"https:\/\/urbe.com.ar\/revista\/feminismo-y-politica\/#breadcrumb"},"inLanguage":"es","potentialAction":[{"@type":"ReadAction","target":["https:\/\/urbe.com.ar\/revista\/feminismo-y-politica\/"]}]},{"@type":"ImageObject","inLanguage":"es","@id":"https:\/\/urbe.com.ar\/revista\/feminismo-y-politica\/#primaryimage","url":"https:\/\/i0.wp.com\/urbe.com.ar\/revista\/wp-content\/uploads\/2021\/09\/PlantillasNotas_Opinion_Home-1-1.jpg?fit=2551%2C2297&ssl=1","contentUrl":"https:\/\/i0.wp.com\/urbe.com.ar\/revista\/wp-content\/uploads\/2021\/09\/PlantillasNotas_Opinion_Home-1-1.jpg?fit=2551%2C2297&ssl=1","width":2551,"height":2297},{"@type":"BreadcrumbList","@id":"https:\/\/urbe.com.ar\/revista\/feminismo-y-politica\/#breadcrumb","itemListElement":[{"@type":"ListItem","position":1,"name":"Portada","item":"https:\/\/urbe.com.ar\/revista\/"},{"@type":"ListItem","position":2,"name":"Feminismo y pol\u00edtica"}]},{"@type":"WebSite","@id":"https:\/\/urbe.com.ar\/revista\/#website","url":"https:\/\/urbe.com.ar\/revista\/","name":"Revista Urbe","description":"","potentialAction":[{"@type":"SearchAction","target":{"@type":"EntryPoint","urlTemplate":"https:\/\/urbe.com.ar\/revista\/?s={search_term_string}"},"query-input":{"@type":"PropertyValueSpecification","valueRequired":true,"valueName":"search_term_string"}}],"inLanguage":"es"},{"@type":"Person","@id":"https:\/\/urbe.com.ar\/revista\/#\/schema\/person\/38df95332003b9a4d354f4d161835b3e","name":"Amparo Quiroga","image":{"@type":"ImageObject","inLanguage":"es","@id":"https:\/\/secure.gravatar.com\/avatar\/e0f39c0e56991d84d4f350fe5d7d7d8db4bd015d406321978e3fa98cc5af61c9?s=96&d=mm&r=g","url":"https:\/\/secure.gravatar.com\/avatar\/e0f39c0e56991d84d4f350fe5d7d7d8db4bd015d406321978e3fa98cc5af61c9?s=96&d=mm&r=g","contentUrl":"https:\/\/secure.gravatar.com\/avatar\/e0f39c0e56991d84d4f350fe5d7d7d8db4bd015d406321978e3fa98cc5af61c9?s=96&d=mm&r=g","caption":"Amparo Quiroga"},"url":"https:\/\/urbe.com.ar\/revista\/author\/amparo-quiroga\/"}]}},"jetpack_featured_media_url":"https:\/\/i0.wp.com\/urbe.com.ar\/revista\/wp-content\/uploads\/2021\/09\/PlantillasNotas_Opinion_Home-1-1.jpg?fit=2551%2C2297&ssl=1","jetpack_sharing_enabled":true,"_links":{"self":[{"href":"https:\/\/urbe.com.ar\/revista\/wp-json\/wp\/v2\/posts\/5141","targetHints":{"allow":["GET"]}}],"collection":[{"href":"https:\/\/urbe.com.ar\/revista\/wp-json\/wp\/v2\/posts"}],"about":[{"href":"https:\/\/urbe.com.ar\/revista\/wp-json\/wp\/v2\/types\/post"}],"author":[{"embeddable":true,"href":"https:\/\/urbe.com.ar\/revista\/wp-json\/wp\/v2\/users\/6"}],"replies":[{"embeddable":true,"href":"https:\/\/urbe.com.ar\/revista\/wp-json\/wp\/v2\/comments?post=5141"}],"version-history":[{"count":5,"href":"https:\/\/urbe.com.ar\/revista\/wp-json\/wp\/v2\/posts\/5141\/revisions"}],"predecessor-version":[{"id":5154,"href":"https:\/\/urbe.com.ar\/revista\/wp-json\/wp\/v2\/posts\/5141\/revisions\/5154"}],"wp:featuredmedia":[{"embeddable":true,"href":"https:\/\/urbe.com.ar\/revista\/wp-json\/wp\/v2\/media\/5143"}],"wp:attachment":[{"href":"https:\/\/urbe.com.ar\/revista\/wp-json\/wp\/v2\/media?parent=5141"}],"wp:term":[{"taxonomy":"category","embeddable":true,"href":"https:\/\/urbe.com.ar\/revista\/wp-json\/wp\/v2\/categories?post=5141"},{"taxonomy":"post_tag","embeddable":true,"href":"https:\/\/urbe.com.ar\/revista\/wp-json\/wp\/v2\/tags?post=5141"}],"curies":[{"name":"wp","href":"https:\/\/api.w.org\/{rel}","templated":true}]}}