{"id":3579,"date":"2020-12-06T00:01:30","date_gmt":"2020-12-06T00:01:30","guid":{"rendered":"https:\/\/urbe.com.ar\/revista\/?p=3579"},"modified":"2023-07-21T18:39:29","modified_gmt":"2023-07-21T18:39:29","slug":"interrupcion-legal-del-embarazo-para-no-morir","status":"publish","type":"post","link":"https:\/\/urbe.com.ar\/revista\/interrupcion-legal-del-embarazo-para-no-morir\/","title":{"rendered":"Interrupci\u00f3n legal del embarazo para no morir"},"content":{"rendered":"<p>[et_pb_section fb_built=\u00bb1&#8243; disabled_on=\u00bbon|on|on\u00bb _builder_version=\u00bb4.4.8&#8243; disabled=\u00bbon\u00bb][et_pb_row _builder_version=\u00bb4.4.8&#8243;][et_pb_column type=\u00bb4_4&#8243; _builder_version=\u00bb4.4.8&#8243;][et_pb_text disabled_on=\u00bbon|on|on\u00bb _builder_version=\u00bb4.7.4&#8243; disabled=\u00bbon\u00bb]<\/p>\n<p>Por  Ana Carolina Gaillard | Entiendo que el derecho al aborto es un derecho de la mujer y las personas con capacidad de gestar y todo lo que encierra el concepto de dignidad humana, el derecho a vivir una vida dignamente vivible. La \u201cmarea verde\u201d, que en el debate sobre la interrupci\u00f3n legal del embarazo en el 2018, alentaba desde afuera del Congreso se constituy\u00f3 como ese sujeto colectivo que dejaba de pedir piedad en el orden individual  y sal\u00eda a la calle a conquistar su dignidad, disputando el sentido sobre el lugar socialmente asignado a nuestros cuerpos. \u00bfQu\u00e9 nuevas razones impulsan hoy, en el a\u00f1o 2020,  a volver sobre el tema? Adem\u00e1s del reconocimiento de ese derecho largamente esperado y ganado por las mujeres, me interesa hacer menci\u00f3n particular a la potencialidad que la legalizaci\u00f3n de la  interrupci\u00f3n voluntaria del embarazo tiene, precisamente, para evitar los abortos.\n<\/p>\n<p>[\/et_pb_text][\/et_pb_column][\/et_pb_row][\/et_pb_section][et_pb_section fb_built=\u00bb1&#8243; disabled_on=\u00bbon|on|off\u00bb _builder_version=\u00bb4.4.8&#8243; background_enable_color=\u00bboff\u00bb width=\u00bb100%\u00bb max_width=\u00bb100%\u00bb custom_padding=\u00bb0px||0px||false|false\u00bb][et_pb_row column_structure=\u00bb2_3,1_3&#8243; use_custom_gutter=\u00bbon\u00bb gutter_width=\u00bb1&#8243; make_equal=\u00bbon\u00bb _builder_version=\u00bb4.7.4&#8243; custom_margin=\u00bb||0%||false|false\u00bb custom_padding=\u00bb0px||1%||false|false\u00bb][et_pb_column type=\u00bb2_3&#8243; _builder_version=\u00bb4.7.4&#8243; background_image=\u00bbhttps:\/\/urbe.com.ar\/revista\/wp-content\/uploads\/2020\/12\/opinion-portada.jpg\u00bb][\/et_pb_column][et_pb_column type=\u00bb1_3&#8243; _builder_version=\u00bb4.4.8&#8243; background_enable_image=\u00bboff\u00bb][et_pb_image src=\u00bbhttps:\/\/urbe.com.ar\/revista\/wp-content\/uploads\/2020\/07\/logo-nota-cuadrado.jpg\u00bb url=\u00bbhttps:\/\/urbe.com.ar\/revista\/\u00bb _builder_version=\u00bb4.4.8&#8243; custom_margin=\u00bb|||3%|false|false\u00bb][\/et_pb_image][\/et_pb_column][\/et_pb_row][\/et_pb_section][et_pb_section fb_built=\u00bb1&#8243; disabled_on=\u00bboff|off|on\u00bb _builder_version=\u00bb4.4.8&#8243; background_enable_color=\u00bboff\u00bb width=\u00bb100%\u00bb max_width=\u00bb100%\u00bb custom_padding=\u00bb0px||0px||false|false\u00bb][et_pb_row use_custom_gutter=\u00bbon\u00bb gutter_width=\u00bb1&#8243; make_equal=\u00bbon\u00bb _builder_version=\u00bb4.4.8&#8243; custom_margin=\u00bb||0%||false|false\u00bb custom_padding=\u00bb0px||1%||false|false\u00bb][et_pb_column type=\u00bb4_4&#8243; _builder_version=\u00bb4.4.8&#8243; background_enable_image=\u00bboff\u00bb][et_pb_image src=\u00bbhttps:\/\/urbe.com.ar\/revista\/wp-content\/uploads\/2020\/12\/opinion-portada.jpg\u00bb align=\u00bbcenter\u00bb _builder_version=\u00bb4.7.4&#8243; background_enable_image=\u00bboff\u00bb][\/et_pb_image][\/et_pb_column][\/et_pb_row][\/et_pb_section][et_pb_section fb_built=\u00bb1&#8243; use_custom_gutter=\u00bbon\u00bb specialty=\u00bbon\u00bb padding_top_bottom_link_1=\u00bbfalse\u00bb padding_top_bottom_link_2=\u00bbfalse\u00bb padding_left_right_link_1=\u00bbfalse\u00bb padding_left_right_link_2=\u00bbfalse\u00bb padding_left_2=\u00bb1%\u00bb _builder_version=\u00bb4.4.8&#8243; custom_padding=\u00bb0px||0px|||\u00bb][et_pb_column type=\u00bb2_3&#8243; specialty_columns=\u00bb2&#8243; _builder_version=\u00bb3.25&#8243; custom_padding=\u00bb|||\u00bb custom_padding__hover=\u00bb|||\u00bb][et_pb_row_inner _builder_version=\u00bb4.4.8&#8243; custom_padding=\u00bb0px||0px|||\u00bb][et_pb_column_inner saved_specialty_column_type=\u00bb2_3&#8243; _builder_version=\u00bb4.4.8&#8243;][et_pb_text _builder_version=\u00bb4.7.4&#8243; text_text_color=\u00bb#ffffff\u00bb header_text_color=\u00bb#ffffff\u00bb background_image=\u00bbhttps:\/\/urbe.com.ar\/revista\/wp-content\/uploads\/2020\/08\/barra-opiniones.jpg\u00bb text_orientation=\u00bbcenter\u00bb]<\/p>\n<h1>Opini\u00f3n<\/h1>\n<p>[\/et_pb_text][\/et_pb_column_inner][\/et_pb_row_inner][et_pb_row_inner _builder_version=\u00bb4.4.8&#8243; background_color=\u00bb#ffffff\u00bb custom_padding=\u00bb0px||0px|||\u00bb][et_pb_column_inner saved_specialty_column_type=\u00bb2_3&#8243; _builder_version=\u00bb4.4.8&#8243;][et_pb_text _builder_version=\u00bb4.7.4&#8243; header_font=\u00bb|||on|||||\u00bb header_text_align=\u00bbcenter\u00bb header_text_color=\u00bb#009fad\u00bb custom_margin=\u00bb3%|5%|3%|5%|true|true\u00bb custom_padding=\u00bb|5%||5%|false|true\u00bb]<\/p>\n<h1>Interrupci\u00f3n legal del embarazo para no morir<\/h1>\n<p>[\/et_pb_text][et_pb_text _builder_version=\u00bb4.7.4&#8243; text_font=\u00bb||||||||\u00bb text_text_color=\u00bb#009fad\u00bb text_font_size=\u00bb18px\u00bb header_text_align=\u00bbcenter\u00bb header_font_size=\u00bb35px\u00bb text_orientation=\u00bbjustified\u00bb custom_margin=\u00bb2%|5%|2%|5%|true|true\u00bb]<\/p>\n<p>Por <b>Ana Carolina Gaillard*<\/b><br \/>\n06\/12\/20<\/p>\n<p>[\/et_pb_text][et_pb_image src=\u00bbhttps:\/\/urbe.com.ar\/revista\/wp-content\/uploads\/2020\/08\/separador-opinion.png\u00bb align=\u00bbcenter\u00bb _builder_version=\u00bb4.7.4&#8243; _module_preset=\u00bbdefault\u00bb][\/et_pb_image][\/et_pb_column_inner][\/et_pb_row_inner][et_pb_row_inner _builder_version=\u00bb4.4.8&#8243; background_color=\u00bb#ffffff\u00bb custom_padding=\u00bb0px||3px|0px||\u00bb][et_pb_column_inner saved_specialty_column_type=\u00bb2_3&#8243; _builder_version=\u00bb4.4.8&#8243;][et_pb_text _builder_version=\u00bb4.7.4&#8243; text_font_size=\u00bb16px\u00bb text_orientation=\u00bbjustified\u00bb custom_margin=\u00bb2%|5%|2%|5%|true|true\u00bb text_font_size_tablet=\u00bb15px\u00bb text_font_size_phone=\u00bb14px\u00bb text_font_size_last_edited=\u00bbon|phone\u00bb]<\/p>\n<p>Entiendo que el derecho al aborto es un derecho de la mujer y las personas con capacidad de gestar y todo lo que encierra el concepto de dignidad humana, el derecho a vivir una vida dignamente vivible. La \u201cmarea verde\u201d, que en el debate sobre la interrupci\u00f3n legal del embarazo en el 2018, alentaba desde afuera del Congreso se constituy\u00f3 como ese sujeto colectivo que dejaba de pedir piedad en el orden individual  y sal\u00eda a la calle a conquistar su dignidad, disputando el sentido sobre el lugar socialmente asignado a nuestros cuerpos. \u00bfQu\u00e9 nuevas razones impulsan hoy, en el a\u00f1o 2020,  a volver sobre el tema? Adem\u00e1s del reconocimiento de ese derecho largamente esperado y ganado por las mujeres, me interesa hacer menci\u00f3n particular a la potencialidad que la legalizaci\u00f3n de la  interrupci\u00f3n voluntaria del embarazo tiene, precisamente, para evitar los abortos. <\/p>\n<p>En este debate qued\u00f3 cabalmente expuesta la importancia del abordaje integral en salud.  Entender que no se trata s\u00f3lo de despenalizar o legalizar, de educaci\u00f3n sexual o empoderamiento de la mujer, de acompa\u00f1ar,  informar o de brindar recursos. Se trata de que todas esas pol\u00edticas, espacios y dispositivos operen articuladamente. En este sentido destaco la importancia de fortalecer desde el Estado, el trabajo territorial y en particular, de los equipos multdisciplinarios de salud, que est\u00e1n en esa primera l\u00ednea de atenci\u00f3n.<\/p>\n<p>En esta ocasi\u00f3n, y escuchando los testimonio sobre la tarea y estrategias en los abordajes territoriales, entend\u00ed que la evitaci\u00f3n de abortos, que pretenden quienes est\u00e1n en contra del proyecto, no es incompatible con el derecho de las mujeres. Salir de la clandestinidad, hacer de la interrupci\u00f3n legal del embarazo una pol\u00edtica de salud y, en consecuencia, darle un rol al estado es el camino para evitar muertes y lo es tambi\u00e9n para evitar abortos. <\/p>\n<p>Las experiencias narradas por expositoras y expositores de los equipos de salud que trabajan en los municipios y hospitales de provincias, que son la primera l\u00ednea de atenci\u00f3n en  el territorio y dan la batalla de contribuir a la dignidad de la vida, a veces en soledad y a riesgo de perder su trabajo, lo confirman. En sus testimonios encontramos que con acompa\u00f1amiento, con informaci\u00f3n, con recursos eficaces, con personal sensibilizado y capacitado, con Educaci\u00f3n Sexual Integral en la escuela, en los centros de salud, en las promotoras de g\u00e9nero, en las consultor\u00edas, evitamos abortos y evitamos muertes. Ni la amenaza de c\u00e1rcel ni la criminalizaci\u00f3n son tan eficaces como una pol\u00edtica de salud integral comunitaria.\n<\/p>\n<p>Estos dispositivos ya existen, han desarrollado una experiencia positiva como la tra\u00edda por Lucy Grimald, en el caso de Entre R\u00edos, la que conocimos por Soledad Bustos, en Quilmes, o la que trajo la Dra. Rossemberg de la maternidad Estela de Carlotto.  Nos hablaron de equipos interdisciplinarios, cuyos miembros abordan la salud p\u00fablica en clave de derechos, con perspectiva de g\u00e9nero y comprendan la salud, no s\u00f3lo como procesos fisiol\u00f3gicos o ausencia de enfermedad, sino como un estado de completo bienestar f\u00edsico, mental y social. Hablaron de la importancia  de que puedan llevar a cabo su tarea libre de coerciones, conociendo con claridad los marcos regulatorios de su intervenci\u00f3n profesional, que se saque de sus espaladas la decisi\u00f3n de realizar o no un aborto, \u201cno somos jueces\u201d, nos dijeron.<\/p>\n<p>Estos equipos de salud reproductiva y no reproductiva no implementan una estrategia para que la mujer aborte o contin\u00fae un embarazo. Abordan la complejidad de las circunstancias que llevan a una persona a considerar la interrupci\u00f3n de un embarazo y  encuentran all\u00ed una oportunidad para incidir en la no repetici\u00f3n, con  informaci\u00f3n, con estrategias sociales combinadas con abordajes de salud mental y f\u00edsica, detectan situaciones de abuso o violencia, apremios econ\u00f3micos o circunstancias particulares y act\u00faan en pos de ellas. Adem\u00e1s, su intervenci\u00f3n no se agota en la pr\u00e1ctica o en el seguimiento de un embarazo,  proveen un  m\u00e9todo anticonceptivo que prevengan embarazos no deseados, adecuados para esa persona y sus circunstancias. <\/p>\n<p>Como dijo Vilma Ibarra en su exposici\u00f3n ante la C\u00e1mara, con los proyectos de interrupci\u00f3n voluntaria del embarazo y el proyecto de los \u201c1000 d\u00edas!: \u201cqueremos decirle a esas mujeres que queremos cuidarlas, que sientan que tienen el derecho a ser atendidas, a ser informadas sobre salud reproductiva, m\u00e9todos anticonceptivos, y que el circulo de embarazos y abortos, es un circulo que se puede interrumpir.\u201d <b>Las estrategias combinadas disminuyen los abortos. <\/b>\n<\/p>\n<p>Mientras continuemos como estamos, vamos a seguir observando la disparidad,  algunas mujeres que pueden acceder a una interrupci\u00f3n de su embarazo cuidada y acompa\u00f1ada aunque en condiciones de clandestinidad, y otras, que van a seguir muriendo por no tener a d\u00f3nde recurrir. Pero adem\u00e1s vamos a asistir a la reincidencia en la pr\u00e1ctica porque no se ha abordado el problema integralmente. <\/p>\n<p>Finalmente, me quiero referir el aspecto vinculado al compromiso de nuestro pa\u00eds con los derechos humanos y la responsabilidad internacional que esta deuda genera. La sanci\u00f3n de la ley de interrupci\u00f3n voluntaria del embarazo es una deuda interna pero tambi\u00e9n una deuda con el sistema internacional y, en ese sentido, es irrefutable el argumento legal que aporta el marco internacional, no s\u00f3lo por lo que dicen los instrumentos que el Estado argentino suscribi\u00f3, sino tambi\u00e9n por lo que los \u00f3rganos especializados de esos tratados recomiendan a nuestro pa\u00eds  en materia de legislaci\u00f3n, y esto especialmente debemos destacar, fue expresado sin ambages por el presidente del Comit\u00e9 de Derechos del Ni\u00f1o de la ONU. <\/p>\n<p>Este cambio debe darse en un debate respetuoso, profundo y de verdadero di\u00e1logo, y en este sentido, hago el esfuerzo de alojar las inquietudes planteadas por quienes se oponen a descriminalizar, legalizar y acompa\u00f1ar.  No vengo a refutar argumentos ni a cambiar sus convicciones religiosas, morales o incluso sus evidencias cient\u00edficas, quiero que puedan ver hasta qu\u00e9 punto esas convicciones y objetivos que se proponen con la criminalizaci\u00f3n, se honran y realizan de una forma m\u00e1s cabal con los proyectos que estamos debatiendo.\n<\/p>\n<p>[\/et_pb_text][et_pb_image src=\u00bbhttps:\/\/urbe.com.ar\/revista\/wp-content\/uploads\/2020\/08\/separador-opinion.png\u00bb align=\u00bbcenter\u00bb _builder_version=\u00bb4.7.4&#8243; _module_preset=\u00bbdefault\u00bb][\/et_pb_image][et_pb_text _builder_version=\u00bb4.7.4&#8243; text_font_size=\u00bb16px\u00bb text_orientation=\u00bbjustified\u00bb custom_margin=\u00bb2%|5%|2%|5%|true|true\u00bb text_font_size_tablet=\u00bb15px\u00bb text_font_size_phone=\u00bb14px\u00bb text_font_size_last_edited=\u00bbon|phone\u00bb]<\/p>\n<p>*Diputada Nacional por Entre R\u00edos- FDT<br \/>\nPresidenta de la Comisi\u00f3n de Legislaci\u00f3n Penal de la C\u00e1mara de Diputados de la Naci\u00f3n<\/p>\n<p>[\/et_pb_text][et_pb_image src=\u00bbhttps:\/\/urbe.com.ar\/revista\/wp-content\/uploads\/2020\/07\/fin-feminismos.png\u00bb _builder_version=\u00bb4.4.8&#8243; custom_margin=\u00bb5%||5%||true|false\u00bb][\/et_pb_image][\/et_pb_column_inner][\/et_pb_row_inner][\/et_pb_column][et_pb_column type=\u00bb1_3&#8243; _builder_version=\u00bb3.25&#8243; custom_padding=\u00bb|||\u00bb custom_padding__hover=\u00bb|||\u00bb][et_pb_blog fullwidth=\u00bboff\u00bb include_categories=\u00bb7,11,8,9,10&#8243; meta_date=\u00bbj M,Y\u00bb excerpt_length=\u00bb80&#8243; show_author=\u00bboff\u00bb show_categories=\u00bboff\u00bb show_pagination=\u00bboff\u00bb masonry_tile_background_color=\u00bb#83d9d8&#8243; disabled_on=\u00bbon|off|off\u00bb _builder_version=\u00bb4.7.3&#8243; header_text_color=\u00bb#FFFFFF\u00bb body_text_color=\u00bb#FFFFFF\u00bb meta_text_color=\u00bb#FFFFFF\u00bb read_more_text_color=\u00bb#FFFFFF\u00bb background_enable_color=\u00bboff\u00bb custom_margin=\u00bb-9%||1%||false|false\u00bb custom_margin_tablet=\u00bb0%||||false|false\u00bb custom_margin_phone=\u00bb\u00bb custom_margin_last_edited=\u00bbon|desktop\u00bb custom_padding=\u00bb||0px|||\u00bb header_text_shadow_style=\u00bbpreset3&#8243; header_text_shadow_color=\u00bb#000000&#8243; body_text_shadow_style=\u00bbpreset3&#8243; body_text_shadow_color=\u00bb#000000&#8243; meta_text_shadow_style=\u00bbpreset3&#8243; meta_text_shadow_color=\u00bb#000000&#8243; border_color_all_image=\u00bb#a4e3e9&#8243; border_width_top_image=\u00bb2px\u00bb text_shadow_style=\u00bbpreset3&#8243; text_shadow_blur_strength=\u00bb0.54em\u00bb text_shadow_color=\u00bb#000000&#8243;][\/et_pb_blog][et_pb_code _builder_version=\u00bb4.4.8&#8243;]<\/p>\n<style><!-- [et_pb_line_break_holder] -->  .et_pb_post .et_pb_image_container{<!-- [et_pb_line_break_holder] -->    margin-bottom: -144px;<!-- [et_pb_line_break_holder] -->}<!-- [et_pb_line_break_holder] --><!-- [et_pb_line_break_holder] -->.et_pb_post .entry-title{<!-- [et_pb_line_break_holder] -->    position: relative;<!-- [et_pb_line_break_holder] -->    bottom: 40px;<!-- [et_pb_line_break_holder] -->    margin-bottom: -50px;<!-- [et_pb_line_break_holder] -->}<!-- [et_pb_line_break_holder] --><!-- [et_pb_line_break_holder] -->.et_pb_post .post-meta,.et_pb_post .post-content{<!-- [et_pb_line_break_holder] -->    position: relative;<!-- [et_pb_line_break_holder] -->    bottom: 0px;<!-- [et_pb_line_break_holder] -->}<\/style>\n<p>[\/et_pb_code][\/et_pb_column][\/et_pb_section]<\/p>\n","protected":false},"excerpt":{"rendered":"<p>Por <b>Ana Carolina Gaillard<\/b><\/p>\n","protected":false},"author":2,"featured_media":3587,"comment_status":"closed","ping_status":"closed","sticky":false,"template":"","format":"standard","meta":{"_et_pb_use_builder":"on","_et_pb_old_content":"","_et_gb_content_width":"","_jetpack_memberships_contains_paid_content":false,"footnotes":""},"categories":[8],"tags":[],"class_list":["post-3579","post","type-post","status-publish","format-standard","has-post-thumbnail","hentry","category-feminismo"],"yoast_head":"<!-- This site is optimized with the Yoast SEO plugin v27.5 - https:\/\/yoast.com\/product\/yoast-seo-wordpress\/ -->\n<title>Interrupci\u00f3n legal del embarazo para no morir - Revista Urbe<\/title>\n<meta name=\"robots\" content=\"index, follow, max-snippet:-1, max-image-preview:large, max-video-preview:-1\" \/>\n<link rel=\"canonical\" href=\"https:\/\/urbe.com.ar\/revista\/interrupcion-legal-del-embarazo-para-no-morir\/\" \/>\n<meta property=\"og:locale\" content=\"es_ES\" \/>\n<meta property=\"og:type\" content=\"article\" \/>\n<meta property=\"og:title\" content=\"Interrupci\u00f3n legal del embarazo para no morir - Revista Urbe\" \/>\n<meta property=\"og:description\" content=\"Por Ana Carolina Gaillard\" \/>\n<meta property=\"og:url\" content=\"https:\/\/urbe.com.ar\/revista\/interrupcion-legal-del-embarazo-para-no-morir\/\" \/>\n<meta property=\"og:site_name\" content=\"Revista Urbe\" \/>\n<meta property=\"article:published_time\" content=\"2020-12-06T00:01:30+00:00\" \/>\n<meta property=\"article:modified_time\" content=\"2023-07-21T18:39:29+00:00\" \/>\n<meta property=\"og:image\" content=\"https:\/\/urbe.com.ar\/revista\/wp-content\/uploads\/2020\/12\/opinion-home.jpg\" \/>\n\t<meta property=\"og:image:width\" content=\"612\" \/>\n\t<meta property=\"og:image:height\" content=\"551\" \/>\n\t<meta property=\"og:image:type\" content=\"image\/jpeg\" \/>\n<meta name=\"author\" content=\"Revista Urbe\" \/>\n<meta name=\"twitter:card\" content=\"summary_large_image\" \/>\n<meta name=\"twitter:creator\" content=\"@Revistaurbe_\" \/>\n<meta name=\"twitter:site\" content=\"@Revistaurbe_\" \/>\n<meta name=\"twitter:label1\" content=\"Escrito por\" \/>\n\t<meta name=\"twitter:data1\" content=\"Revista Urbe\" \/>\n\t<meta name=\"twitter:label2\" content=\"Tiempo de lectura\" \/>\n\t<meta name=\"twitter:data2\" content=\"6 minutos\" \/>\n<script type=\"application\/ld+json\" class=\"yoast-schema-graph\">{\"@context\":\"https:\\\/\\\/schema.org\",\"@graph\":[{\"@type\":\"Article\",\"@id\":\"https:\\\/\\\/urbe.com.ar\\\/revista\\\/interrupcion-legal-del-embarazo-para-no-morir\\\/#article\",\"isPartOf\":{\"@id\":\"https:\\\/\\\/urbe.com.ar\\\/revista\\\/interrupcion-legal-del-embarazo-para-no-morir\\\/\"},\"author\":{\"name\":\"Revista Urbe\",\"@id\":\"https:\\\/\\\/urbe.com.ar\\\/revista\\\/#\\\/schema\\\/person\\\/6eb3e83c215b12e07f3981b58fdaf67f\"},\"headline\":\"Interrupci\u00f3n legal del embarazo para no morir\",\"datePublished\":\"2020-12-06T00:01:30+00:00\",\"dateModified\":\"2023-07-21T18:39:29+00:00\",\"mainEntityOfPage\":{\"@id\":\"https:\\\/\\\/urbe.com.ar\\\/revista\\\/interrupcion-legal-del-embarazo-para-no-morir\\\/\"},\"wordCount\":2046,\"image\":{\"@id\":\"https:\\\/\\\/urbe.com.ar\\\/revista\\\/interrupcion-legal-del-embarazo-para-no-morir\\\/#primaryimage\"},\"thumbnailUrl\":\"https:\\\/\\\/i0.wp.com\\\/urbe.com.ar\\\/revista\\\/wp-content\\\/uploads\\\/2020\\\/12\\\/opinion-home.jpg?fit=612%2C551&ssl=1\",\"articleSection\":[\"FEMINISMO\"],\"inLanguage\":\"es\"},{\"@type\":\"WebPage\",\"@id\":\"https:\\\/\\\/urbe.com.ar\\\/revista\\\/interrupcion-legal-del-embarazo-para-no-morir\\\/\",\"url\":\"https:\\\/\\\/urbe.com.ar\\\/revista\\\/interrupcion-legal-del-embarazo-para-no-morir\\\/\",\"name\":\"Interrupci\u00f3n legal del embarazo para no morir - Revista Urbe\",\"isPartOf\":{\"@id\":\"https:\\\/\\\/urbe.com.ar\\\/revista\\\/#website\"},\"primaryImageOfPage\":{\"@id\":\"https:\\\/\\\/urbe.com.ar\\\/revista\\\/interrupcion-legal-del-embarazo-para-no-morir\\\/#primaryimage\"},\"image\":{\"@id\":\"https:\\\/\\\/urbe.com.ar\\\/revista\\\/interrupcion-legal-del-embarazo-para-no-morir\\\/#primaryimage\"},\"thumbnailUrl\":\"https:\\\/\\\/i0.wp.com\\\/urbe.com.ar\\\/revista\\\/wp-content\\\/uploads\\\/2020\\\/12\\\/opinion-home.jpg?fit=612%2C551&ssl=1\",\"datePublished\":\"2020-12-06T00:01:30+00:00\",\"dateModified\":\"2023-07-21T18:39:29+00:00\",\"author\":{\"@id\":\"https:\\\/\\\/urbe.com.ar\\\/revista\\\/#\\\/schema\\\/person\\\/6eb3e83c215b12e07f3981b58fdaf67f\"},\"breadcrumb\":{\"@id\":\"https:\\\/\\\/urbe.com.ar\\\/revista\\\/interrupcion-legal-del-embarazo-para-no-morir\\\/#breadcrumb\"},\"inLanguage\":\"es\",\"potentialAction\":[{\"@type\":\"ReadAction\",\"target\":[\"https:\\\/\\\/urbe.com.ar\\\/revista\\\/interrupcion-legal-del-embarazo-para-no-morir\\\/\"]}]},{\"@type\":\"ImageObject\",\"inLanguage\":\"es\",\"@id\":\"https:\\\/\\\/urbe.com.ar\\\/revista\\\/interrupcion-legal-del-embarazo-para-no-morir\\\/#primaryimage\",\"url\":\"https:\\\/\\\/i0.wp.com\\\/urbe.com.ar\\\/revista\\\/wp-content\\\/uploads\\\/2020\\\/12\\\/opinion-home.jpg?fit=612%2C551&ssl=1\",\"contentUrl\":\"https:\\\/\\\/i0.wp.com\\\/urbe.com.ar\\\/revista\\\/wp-content\\\/uploads\\\/2020\\\/12\\\/opinion-home.jpg?fit=612%2C551&ssl=1\",\"width\":612,\"height\":551},{\"@type\":\"BreadcrumbList\",\"@id\":\"https:\\\/\\\/urbe.com.ar\\\/revista\\\/interrupcion-legal-del-embarazo-para-no-morir\\\/#breadcrumb\",\"itemListElement\":[{\"@type\":\"ListItem\",\"position\":1,\"name\":\"Portada\",\"item\":\"https:\\\/\\\/urbe.com.ar\\\/revista\\\/\"},{\"@type\":\"ListItem\",\"position\":2,\"name\":\"Interrupci\u00f3n legal del embarazo para no morir\"}]},{\"@type\":\"WebSite\",\"@id\":\"https:\\\/\\\/urbe.com.ar\\\/revista\\\/#website\",\"url\":\"https:\\\/\\\/urbe.com.ar\\\/revista\\\/\",\"name\":\"Revista Urbe\",\"description\":\"\",\"potentialAction\":[{\"@type\":\"SearchAction\",\"target\":{\"@type\":\"EntryPoint\",\"urlTemplate\":\"https:\\\/\\\/urbe.com.ar\\\/revista\\\/?s={search_term_string}\"},\"query-input\":{\"@type\":\"PropertyValueSpecification\",\"valueRequired\":true,\"valueName\":\"search_term_string\"}}],\"inLanguage\":\"es\"},{\"@type\":\"Person\",\"@id\":\"https:\\\/\\\/urbe.com.ar\\\/revista\\\/#\\\/schema\\\/person\\\/6eb3e83c215b12e07f3981b58fdaf67f\",\"name\":\"Revista Urbe\",\"image\":{\"@type\":\"ImageObject\",\"inLanguage\":\"es\",\"@id\":\"https:\\\/\\\/secure.gravatar.com\\\/avatar\\\/72b666e32a633c73c1c87ac7208dfbba855299e1caed438da06924072c6b6b78?s=96&d=mm&r=g\",\"url\":\"https:\\\/\\\/secure.gravatar.com\\\/avatar\\\/72b666e32a633c73c1c87ac7208dfbba855299e1caed438da06924072c6b6b78?s=96&d=mm&r=g\",\"contentUrl\":\"https:\\\/\\\/secure.gravatar.com\\\/avatar\\\/72b666e32a633c73c1c87ac7208dfbba855299e1caed438da06924072c6b6b78?s=96&d=mm&r=g\",\"caption\":\"Revista Urbe\"},\"url\":\"https:\\\/\\\/urbe.com.ar\\\/revista\\\/author\\\/c1321401\\\/\"}]}<\/script>\n<!-- \/ Yoast SEO plugin. -->","yoast_head_json":{"title":"Interrupci\u00f3n legal del embarazo para no morir - Revista Urbe","robots":{"index":"index","follow":"follow","max-snippet":"max-snippet:-1","max-image-preview":"max-image-preview:large","max-video-preview":"max-video-preview:-1"},"canonical":"https:\/\/urbe.com.ar\/revista\/interrupcion-legal-del-embarazo-para-no-morir\/","og_locale":"es_ES","og_type":"article","og_title":"Interrupci\u00f3n legal del embarazo para no morir - Revista Urbe","og_description":"Por Ana Carolina Gaillard","og_url":"https:\/\/urbe.com.ar\/revista\/interrupcion-legal-del-embarazo-para-no-morir\/","og_site_name":"Revista Urbe","article_published_time":"2020-12-06T00:01:30+00:00","article_modified_time":"2023-07-21T18:39:29+00:00","og_image":[{"width":612,"height":551,"url":"https:\/\/urbe.com.ar\/revista\/wp-content\/uploads\/2020\/12\/opinion-home.jpg","type":"image\/jpeg"}],"author":"Revista Urbe","twitter_card":"summary_large_image","twitter_creator":"@Revistaurbe_","twitter_site":"@Revistaurbe_","twitter_misc":{"Escrito por":"Revista Urbe","Tiempo de lectura":"6 minutos"},"schema":{"@context":"https:\/\/schema.org","@graph":[{"@type":"Article","@id":"https:\/\/urbe.com.ar\/revista\/interrupcion-legal-del-embarazo-para-no-morir\/#article","isPartOf":{"@id":"https:\/\/urbe.com.ar\/revista\/interrupcion-legal-del-embarazo-para-no-morir\/"},"author":{"name":"Revista Urbe","@id":"https:\/\/urbe.com.ar\/revista\/#\/schema\/person\/6eb3e83c215b12e07f3981b58fdaf67f"},"headline":"Interrupci\u00f3n legal del embarazo para no morir","datePublished":"2020-12-06T00:01:30+00:00","dateModified":"2023-07-21T18:39:29+00:00","mainEntityOfPage":{"@id":"https:\/\/urbe.com.ar\/revista\/interrupcion-legal-del-embarazo-para-no-morir\/"},"wordCount":2046,"image":{"@id":"https:\/\/urbe.com.ar\/revista\/interrupcion-legal-del-embarazo-para-no-morir\/#primaryimage"},"thumbnailUrl":"https:\/\/i0.wp.com\/urbe.com.ar\/revista\/wp-content\/uploads\/2020\/12\/opinion-home.jpg?fit=612%2C551&ssl=1","articleSection":["FEMINISMO"],"inLanguage":"es"},{"@type":"WebPage","@id":"https:\/\/urbe.com.ar\/revista\/interrupcion-legal-del-embarazo-para-no-morir\/","url":"https:\/\/urbe.com.ar\/revista\/interrupcion-legal-del-embarazo-para-no-morir\/","name":"Interrupci\u00f3n legal del embarazo para no morir - Revista Urbe","isPartOf":{"@id":"https:\/\/urbe.com.ar\/revista\/#website"},"primaryImageOfPage":{"@id":"https:\/\/urbe.com.ar\/revista\/interrupcion-legal-del-embarazo-para-no-morir\/#primaryimage"},"image":{"@id":"https:\/\/urbe.com.ar\/revista\/interrupcion-legal-del-embarazo-para-no-morir\/#primaryimage"},"thumbnailUrl":"https:\/\/i0.wp.com\/urbe.com.ar\/revista\/wp-content\/uploads\/2020\/12\/opinion-home.jpg?fit=612%2C551&ssl=1","datePublished":"2020-12-06T00:01:30+00:00","dateModified":"2023-07-21T18:39:29+00:00","author":{"@id":"https:\/\/urbe.com.ar\/revista\/#\/schema\/person\/6eb3e83c215b12e07f3981b58fdaf67f"},"breadcrumb":{"@id":"https:\/\/urbe.com.ar\/revista\/interrupcion-legal-del-embarazo-para-no-morir\/#breadcrumb"},"inLanguage":"es","potentialAction":[{"@type":"ReadAction","target":["https:\/\/urbe.com.ar\/revista\/interrupcion-legal-del-embarazo-para-no-morir\/"]}]},{"@type":"ImageObject","inLanguage":"es","@id":"https:\/\/urbe.com.ar\/revista\/interrupcion-legal-del-embarazo-para-no-morir\/#primaryimage","url":"https:\/\/i0.wp.com\/urbe.com.ar\/revista\/wp-content\/uploads\/2020\/12\/opinion-home.jpg?fit=612%2C551&ssl=1","contentUrl":"https:\/\/i0.wp.com\/urbe.com.ar\/revista\/wp-content\/uploads\/2020\/12\/opinion-home.jpg?fit=612%2C551&ssl=1","width":612,"height":551},{"@type":"BreadcrumbList","@id":"https:\/\/urbe.com.ar\/revista\/interrupcion-legal-del-embarazo-para-no-morir\/#breadcrumb","itemListElement":[{"@type":"ListItem","position":1,"name":"Portada","item":"https:\/\/urbe.com.ar\/revista\/"},{"@type":"ListItem","position":2,"name":"Interrupci\u00f3n legal del embarazo para no morir"}]},{"@type":"WebSite","@id":"https:\/\/urbe.com.ar\/revista\/#website","url":"https:\/\/urbe.com.ar\/revista\/","name":"Revista Urbe","description":"","potentialAction":[{"@type":"SearchAction","target":{"@type":"EntryPoint","urlTemplate":"https:\/\/urbe.com.ar\/revista\/?s={search_term_string}"},"query-input":{"@type":"PropertyValueSpecification","valueRequired":true,"valueName":"search_term_string"}}],"inLanguage":"es"},{"@type":"Person","@id":"https:\/\/urbe.com.ar\/revista\/#\/schema\/person\/6eb3e83c215b12e07f3981b58fdaf67f","name":"Revista Urbe","image":{"@type":"ImageObject","inLanguage":"es","@id":"https:\/\/secure.gravatar.com\/avatar\/72b666e32a633c73c1c87ac7208dfbba855299e1caed438da06924072c6b6b78?s=96&d=mm&r=g","url":"https:\/\/secure.gravatar.com\/avatar\/72b666e32a633c73c1c87ac7208dfbba855299e1caed438da06924072c6b6b78?s=96&d=mm&r=g","contentUrl":"https:\/\/secure.gravatar.com\/avatar\/72b666e32a633c73c1c87ac7208dfbba855299e1caed438da06924072c6b6b78?s=96&d=mm&r=g","caption":"Revista Urbe"},"url":"https:\/\/urbe.com.ar\/revista\/author\/c1321401\/"}]}},"jetpack_featured_media_url":"https:\/\/i0.wp.com\/urbe.com.ar\/revista\/wp-content\/uploads\/2020\/12\/opinion-home.jpg?fit=612%2C551&ssl=1","jetpack_sharing_enabled":true,"_links":{"self":[{"href":"https:\/\/urbe.com.ar\/revista\/wp-json\/wp\/v2\/posts\/3579","targetHints":{"allow":["GET"]}}],"collection":[{"href":"https:\/\/urbe.com.ar\/revista\/wp-json\/wp\/v2\/posts"}],"about":[{"href":"https:\/\/urbe.com.ar\/revista\/wp-json\/wp\/v2\/types\/post"}],"author":[{"embeddable":true,"href":"https:\/\/urbe.com.ar\/revista\/wp-json\/wp\/v2\/users\/2"}],"replies":[{"embeddable":true,"href":"https:\/\/urbe.com.ar\/revista\/wp-json\/wp\/v2\/comments?post=3579"}],"version-history":[{"count":8,"href":"https:\/\/urbe.com.ar\/revista\/wp-json\/wp\/v2\/posts\/3579\/revisions"}],"predecessor-version":[{"id":3961,"href":"https:\/\/urbe.com.ar\/revista\/wp-json\/wp\/v2\/posts\/3579\/revisions\/3961"}],"wp:featuredmedia":[{"embeddable":true,"href":"https:\/\/urbe.com.ar\/revista\/wp-json\/wp\/v2\/media\/3587"}],"wp:attachment":[{"href":"https:\/\/urbe.com.ar\/revista\/wp-json\/wp\/v2\/media?parent=3579"}],"wp:term":[{"taxonomy":"category","embeddable":true,"href":"https:\/\/urbe.com.ar\/revista\/wp-json\/wp\/v2\/categories?post=3579"},{"taxonomy":"post_tag","embeddable":true,"href":"https:\/\/urbe.com.ar\/revista\/wp-json\/wp\/v2\/tags?post=3579"}],"curies":[{"name":"wp","href":"https:\/\/api.w.org\/{rel}","templated":true}]}}