{"id":3249,"date":"2020-11-08T00:02:06","date_gmt":"2020-11-08T00:02:06","guid":{"rendered":"https:\/\/urbe.com.ar\/revista\/?p=3249"},"modified":"2023-06-03T23:01:43","modified_gmt":"2023-06-03T23:01:43","slug":"ester-el-kadri","status":"publish","type":"post","link":"https:\/\/urbe.com.ar\/revista\/ester-el-kadri\/","title":{"rendered":"Ester El Kadri"},"content":{"rendered":"<p>[et_pb_section fb_built=\u00bb1&#8243; disabled_on=\u00bbon|on|on\u00bb _builder_version=\u00bb4.4.8&#8243; disabled=\u00bbon\u00bb][et_pb_row _builder_version=\u00bb4.4.8&#8243;][et_pb_column type=\u00bb4_4&#8243; _builder_version=\u00bb4.4.8&#8243;][et_pb_text disabled_on=\u00bbon|on|on\u00bb _builder_version=\u00bb4.6.6&#8243; disabled=\u00bbon\u00bb]<\/p>\n<p>Por Rodrigo Kasarik y Pablo Wahren |Ester El Kadri, madre de Envar \u201cCacho\u201d El Kadri, fue una militante peronista. Naci\u00f3 en C\u00f3rdoba el 8 de julio de 1923. Su hijo fue uno de los fundadores de la Juventud Peronista y de las Fuerzas Armadas Peronistas. Tras la muerte de su Envar, en el a\u00f1o 1998, Ester continu\u00f3 trabajando para recordar y reivindicar su lucha. Seg\u00fan ella misma, su familia se hizo peronista desde que tuvo alguna noci\u00f3n de la pol\u00edtica.<br \/>\nEsta entrevista in\u00e9dita fue realizada en septiembre del a\u00f1o 2010. Recordamos a Ester con este material exclusivo para URBE.<\/p>\n<p>[\/et_pb_text][\/et_pb_column][\/et_pb_row][\/et_pb_section][et_pb_section fb_built=\u00bb1&#8243; disabled_on=\u00bbon|on|off\u00bb _builder_version=\u00bb4.4.8&#8243; background_enable_color=\u00bboff\u00bb width=\u00bb100%\u00bb max_width=\u00bb100%\u00bb custom_padding=\u00bb0px||0px||false|false\u00bb][et_pb_row column_structure=\u00bb2_3,1_3&#8243; use_custom_gutter=\u00bbon\u00bb gutter_width=\u00bb1&#8243; make_equal=\u00bbon\u00bb _builder_version=\u00bb4.6.6&#8243; custom_margin=\u00bb||0%||false|false\u00bb custom_padding=\u00bb0px||1%||false|false\u00bb][et_pb_column type=\u00bb2_3&#8243; _builder_version=\u00bb4.6.6&#8243; background_image=\u00bbhttps:\/\/urbe.com.ar\/revista\/wp-content\/uploads\/2020\/11\/u-ester-720.jpg\u00bb][\/et_pb_column][et_pb_column type=\u00bb1_3&#8243; _builder_version=\u00bb4.4.8&#8243; background_enable_image=\u00bboff\u00bb][et_pb_image src=\u00bbhttps:\/\/urbe.com.ar\/revista\/wp-content\/uploads\/2020\/07\/logo-nota-cuadrado.jpg\u00bb url=\u00bbhttps:\/\/urbe.com.ar\/revista\/\u00bb _builder_version=\u00bb4.4.8&#8243; custom_margin=\u00bb|||3%|false|false\u00bb][\/et_pb_image][\/et_pb_column][\/et_pb_row][\/et_pb_section][et_pb_section fb_built=\u00bb1&#8243; disabled_on=\u00bboff|off|on\u00bb _builder_version=\u00bb4.4.8&#8243; background_enable_color=\u00bboff\u00bb width=\u00bb100%\u00bb width_tablet=\u00bb\u00bb width_phone=\u00bb100%\u00bb width_last_edited=\u00bbon|phone\u00bb max_width=\u00bb100%\u00bb custom_padding=\u00bb0px||0px||false|false\u00bb][et_pb_row use_custom_gutter=\u00bbon\u00bb gutter_width=\u00bb1&#8243; make_equal=\u00bbon\u00bb disabled_on=\u00bboff|off|on\u00bb _builder_version=\u00bb4.4.8&#8243; background_color=\u00bb#a4e3e9&#8243; custom_margin=\u00bb||0%||false|false\u00bb custom_padding=\u00bb0px||1%||false|false\u00bb][et_pb_column type=\u00bb4_4&#8243; _builder_version=\u00bb4.4.8&#8243; background_enable_image=\u00bboff\u00bb][et_pb_image src=\u00bbhttps:\/\/urbe.com.ar\/revista\/wp-content\/uploads\/2020\/11\/u-ester-612.jpg\u00bb title_text=\u00bblogo-nota-cuadrado\u00bb url=\u00bbhttps:\/\/urbe.com.ar\/revista\/\u00bb align=\u00bbcenter\u00bb _builder_version=\u00bb4.6.6&#8243; custom_margin=\u00bb||||false|false\u00bb][\/et_pb_image][\/et_pb_column][\/et_pb_row][\/et_pb_section][et_pb_section fb_built=\u00bb1&#8243; use_custom_gutter=\u00bbon\u00bb specialty=\u00bbon\u00bb padding_top_bottom_link_1=\u00bbfalse\u00bb padding_top_bottom_link_2=\u00bbfalse\u00bb padding_left_right_link_1=\u00bbfalse\u00bb padding_left_right_link_2=\u00bbfalse\u00bb padding_left_2=\u00bb1%\u00bb _builder_version=\u00bb4.4.8&#8243; custom_padding=\u00bb0px||0px|||\u00bb][et_pb_column type=\u00bb2_3&#8243; specialty_columns=\u00bb2&#8243; _builder_version=\u00bb3.25&#8243; custom_padding=\u00bb|||\u00bb custom_padding__hover=\u00bb|||\u00bb][et_pb_row_inner column_structure=\u00bb1_2,1_2&#8243; use_custom_gutter=\u00bbon\u00bb gutter_width=\u00bb1&#8243; make_equal=\u00bbon\u00bb disabled_on=\u00bbon|on|on\u00bb _builder_version=\u00bb4.4.8&#8243; background_color=\u00bb#ffffff\u00bb custom_margin=\u00bb||||false|false\u00bb custom_padding=\u00bb0px||0px|0%|false|false\u00bb disabled=\u00bbon\u00bb][et_pb_column_inner type=\u00bb1_2&#8243; saved_specialty_column_type=\u00bb2_3&#8243; _builder_version=\u00bb4.4.8&#8243; background_color=\u00bb#ffffff\u00bb custom_css_main_element=\u00bbwidth: 60% !important;\u00bb][et_pb_audio audio=\u00bbhttps:\/\/urbe.com.ar\/revista\/wp-content\/uploads\/2020\/07\/10.-For-No-One.mp3&#8243; _builder_version=\u00bb4.4.8&#8243; caption_text_color=\u00bb#ffffff\u00bb background_color=\u00bb#00c5d7&#8243; custom_margin=\u00bb||||false|false\u00bb custom_padding=\u00bb||||false|false\u00bb border_color_all_image=\u00bb#ffffff\u00bb][\/et_pb_audio][\/et_pb_column_inner][et_pb_column_inner type=\u00bb1_2&#8243; saved_specialty_column_type=\u00bb2_3&#8243; _builder_version=\u00bb4.4.8&#8243; custom_css_main_element=\u00bb||width: 40% !important;||margin: auto;||display: flex;||flex-direction: column;||justify-content: center;\u00bb][et_pb_code _builder_version=\u00bb4.4.8&#8243; text_orientation=\u00bbcenter\u00bb module_alignment=\u00bbcenter\u00bb custom_margin=\u00bb2%||2%||true|false\u00bb custom_padding=\u00bb|20%||20%|false|true\u00bb]<div class=\"et_social_networks et_social_3col et_social_simple et_social_circle et_social_top et_social_nospace et_social_shortcode_0 et_social_mobile_on et_social_outer_dark\">\n\t\t\t\t\t<style type=\"text\/css\">.et_monarch .et_social_shortcode_0 li,.et_monarch .et_social_shortcode_0.et_social_circle ul li i.et_social_icon { background: #00c5d7; } .et_monarch .et_social_shortcode_0.et_social_rounded .et_social_icons_container li:hover, .et_monarch .et_social_shortcode_0.et_social_rectangle .et_social_icons_container li:hover, .et_monarch .et_social_shortcode_0.et_social_circle .et_social_icons_container li:hover i.et_social_icon { background: #ffffff !important; } .et_monarch .et_social_shortcode_0 .et_social_icon, .et_monarch .et_social_shortcode_0 .et_social_networks .et_social_network_label, .et_monarch .et_social_shortcode_0 .et_social_networkname, .et_monarch .et_social_shortcode_0 .et_social_count { color: #ffffff !important; } .et_monarch .et_social_shortcode_0 .et_social_icons_container li:hover .et_social_icon, .et_monarch .et_social_shortcode_0 .et_social_networks .et_social_icons_container li:hover .et_social_network_label, .et_monarch .et_social_shortcode_0 .et_social_icons_container li:hover .et_social_networkname, .et_monarch .et_social_rounded.et_social_shortcode_0 .et_social_icons_container li:hover .et_social_count, .et_monarch .et_social_rectangle.et_social_shortcode_0 .et_social_icons_container li:hover .et_social_count { color: #00c5d7 !important; }<\/style>\n\t\t\t\t\t\n\t\t\t\t\t<ul class=\"et_social_icons_container\"><li class=\"et_social_facebook\">\n\t\t\t\t\t\t<a href=\"#\" class=\"et_social_follow\" data-social_name=\"facebook\" data-social_type=\"follow\" data-post_id=\"0\" target=\"_blank\">\n\t\t\t\t\t\t\t<i class=\"et_social_icon et_social_icon_facebook\"><\/i>\n\t\t\t\t\t\t\t\n\t\t\t\t\t\t\t<span class=\"et_social_overlay\"><\/span>\n\t\t\t\t\t\t<\/a>\n\t\t\t\t\t<\/li><li class=\"et_social_twitter\">\n\t\t\t\t\t\t<a href=\"https:\/\/twitter.com\/Revistaurbe_?s=12\" class=\"et_social_follow\" data-social_name=\"twitter\" data-social_type=\"follow\" data-post_id=\"0\" target=\"_blank\">\n\t\t\t\t\t\t\t<i class=\"et_social_icon et_social_icon_twitter\"><\/i>\n\t\t\t\t\t\t\t\n\t\t\t\t\t\t\t<span class=\"et_social_overlay\"><\/span>\n\t\t\t\t\t\t<\/a>\n\t\t\t\t\t<\/li><li class=\"et_social_instagram\">\n\t\t\t\t\t\t<a href=\"https:\/\/www.instagram.com\/revistaurbe\/?igshid=osawef034cfi\" class=\"et_social_follow\" data-social_name=\"instagram\" data-social_type=\"follow\" data-post_id=\"0\" target=\"_blank\">\n\t\t\t\t\t\t\t<i class=\"et_social_icon et_social_icon_instagram\"><\/i>\n\t\t\t\t\t\t\t\n\t\t\t\t\t\t\t<span class=\"et_social_overlay\"><\/span>\n\t\t\t\t\t\t<\/a>\n\t\t\t\t\t<\/li><\/ul>\n\t\t\t\t<\/div>[\/et_pb_code][\/et_pb_column_inner][\/et_pb_row_inner][et_pb_row_inner _builder_version=\u00bb4.4.8&#8243; background_color=\u00bb#ffffff\u00bb custom_padding=\u00bb0px||3px|0px||\u00bb][et_pb_column_inner saved_specialty_column_type=\u00bb2_3&#8243; _builder_version=\u00bb4.4.8&#8243;][et_pb_text _builder_version=\u00bb4.6.6&#8243; text_text_color=\u00bb#ffffff\u00bb header_text_color=\u00bb#ffffff\u00bb background_image=\u00bbhttps:\/\/urbe.com.ar\/revista\/wp-content\/uploads\/2020\/07\/barra-urbe.jpg\u00bb text_orientation=\u00bbcenter\u00bb]<\/p>\n<h1>URBE<\/h1>\n<p>[\/et_pb_text][et_pb_text _builder_version=\u00bb4.6.6&#8243; header_text_align=\u00bbcenter\u00bb header_text_color=\u00bb#009fad\u00bb custom_margin=\u00bb3%|5%|3%|5%|true|true\u00bb custom_padding=\u00bb|3%||3%|false|true\u00bb header_font_size_tablet=\u00bb\u00bb header_font_size_phone=\u00bb30px\u00bb header_font_size_last_edited=\u00bbon|tablet\u00bb]<\/p>\n<h1>ESTER EL KADRI<\/h1>\n<p>[\/et_pb_text][et_pb_text _builder_version=\u00bb4.6.6&#8243; text_text_color=\u00bb#008f9b\u00bb text_font_size=\u00bb16px\u00bb text_orientation=\u00bbjustified\u00bb custom_margin=\u00bb|5%||5%|false|true\u00bb]<\/p>\n<p>Por <b>Rodrigo Kasarik<\/b> y <b>Pablo Wahren<\/b><\/p>\n<p>[\/et_pb_text][et_pb_text _builder_version=\u00bb4.6.6&#8243; text_text_color=\u00bb#008f9b\u00bb text_font_size=\u00bb16px\u00bb text_orientation=\u00bbjustified\u00bb custom_margin=\u00bb|5%||5%|false|true\u00bb]<\/p>\n<p>08\/11\/2020<\/p>\n<p>[\/et_pb_text][et_pb_text _builder_version=\u00bb4.6.6&#8243; text_text_color=\u00bb#009fad\u00bb text_font_size=\u00bb16px\u00bb text_orientation=\u00bbjustified\u00bb custom_margin=\u00bb2%|5%|-0.3%|5%|false|true\u00bb]<\/p>\n<p><b>Ester El Kadri, madre de Envar \u201cCacho\u201d El Kadri, fue una militante peronista. Naci\u00f3 en C\u00f3rdoba el 8 de julio de 1923. Su hijo fue uno de los fundadores de la Juventud Peronista y de las Fuerzas Armadas Peronistas. Tras la muerte de su Envar, en el a\u00f1o 1998, Ester continu\u00f3 trabajando para recordar y reivindicar su lucha. Seg\u00fan ella misma, su familia se hizo peronista desde que tuvo alguna noci\u00f3n de la pol\u00edtica.<\/b><\/p>\n<p><b>Esta entrevista in\u00e9dita fue realizada en septiembre del a\u00f1o 2010. Recordamos a Ester con este material exclusivo para URBE.<\/p>\n<p><\/b><\/p>\n<p>[\/et_pb_text][et_pb_image src=\u00bbhttps:\/\/urbe.com.ar\/revista\/wp-content\/uploads\/2020\/08\/separador-urbe.png\u00bb align=\u00bbcenter\u00bb _builder_version=\u00bb4.6.6&#8243;][\/et_pb_image][et_pb_text _builder_version=\u00bb4.6.6&#8243; text_font_size=\u00bb16px\u00bb text_orientation=\u00bbjustified\u00bb custom_margin=\u00bb|5%||5%|false|true\u00bb]<\/p>\n<p><b><i>\u00bfC\u00f3mo llega Envar al peronismo? \u00bfC\u00f3mo influy\u00f3 en su formaci\u00f3n militante?<\/i><\/b><\/p>\n<p>Bueno, militantes fuimos siempre. Lo \u00e9ramos cuando est\u00e1bamos en La Laguna (C\u00f3rdoba)  y mi marido fue elegido comisionado municipal por el peronismo. En ese entonces Per\u00f3n era coronel. Pero ya se notaba esa presencia impactante aunque sus contrarios no se daban mucha cuenta y quer\u00edan ganarle a toda costa. No le ganaron entonces ni le han ganado a\u00fan. Envar siempre sinti\u00f3 esa presencia, lo ve\u00eda a Per\u00f3n como un padre de todos y ya desde chico se paraba entre la gente e imitaba sus discursos. Luego vinimos a Buenos Aires. Envar fue al liceo hasta el 4to a\u00f1o. Ah\u00ed hac\u00edan una revista (Ariel) y siempre alguna se mandaba. Lo ve\u00edan como un subversivo y en muchos casos lo censuraban. En 4to a\u00f1o pas\u00f3 al Urquiza. Ah\u00ed empez\u00f3 todo, pod\u00eda salir, comenz\u00f3 a hacerse de compa\u00f1eros como Vallese. Se reun\u00edan en Florida, volanteaban, cantaban o silbaban la marchita y muchas veces se terminaban peleando con los gorilas.\n<\/p>\n<p><b><i>\u00bfC\u00f3mo vive Envar \u201cla libertadora\u201d?<\/i><\/b><\/p>\n<p>Nosotros nunca lo imaginamos. \u00a1Bombardear la plaza de mayo! \u00bfVos sabes lo qu\u00e9 es eso? Yo no pod\u00eda creerlo. Bombardear gente inocente, muchos ni siquiera peronistas. Eso nunca fue reconocido. Reci\u00e9n ahora existe una reparaci\u00f3n hist\u00f3rica de ello. En ese momento Envar estaba en cuarto a\u00f1o. Llamaron a las 3 de la ma\u00f1ana de un s\u00e1bado, le hicieron ir al Liceo. Ya los ten\u00edan instruidos de antemano, de que ante un llamado ten\u00edan que ir. Ya la ven\u00edan gestando desde mucho antes. Les hicieron quemar los libros. Precisamente la \u201cRaz\u00f3n de mi vida\u201d pero \u00e9l y otro compa\u00f1ero lo salvaron. No lo dejaron quemar.<\/p>\n<p><b><i>Envar fue uno de los fundadores de la JP \u00bfC\u00f3mo fueron esos primeros momentos?<\/i><\/b><\/p>\n<p>Envar no contaba mucho esas cosas. El padre le dec\u00eda que se cuide, a \u00e9l ya le hab\u00eda tocado enfrentar a los franceses antes de venir a la Argentina, ten\u00eda una mezcla de orgullo y miedo a la vez. Nunca pude terminar de definir qu\u00e9 sent\u00eda. Envar despu\u00e9s terminar\u00eda en Francia pero eso es otra historia. Recuerdo ese viaje por las provincias para armar la primera JP, le hab\u00edan dado un malet\u00edn con dinero para los gastos, los hoteles, la nafta\u2026 y casi se lo olvidan en un hotel. Entonces \u00e9l, que sab\u00eda que \u00e9ramos incondicionales nos mand\u00f3 a pedir el dinero a nosotros. En ese inter\u00edn pudieron volver al hotel y el malet\u00edn estaba por lo que no hizo falta pero imaginate la preocupaci\u00f3n para \u00e9l. Haber dejado el portafolios con el dinero que no era mucho pero bueno, es una linda an\u00e9cdota y una que nunca contamos, te la cuento a vos por primera vez. (Risas) Despu\u00e9s vino el viaje a Madrid, \u00e9l no aceptaba que nadie se lo pagara, en realidad, bueno, nadie se lo quer\u00eda pagar porque sab\u00edan que iba a hablar mal de muchos que estaban ac\u00e1, as\u00ed que sacamos un cr\u00e9dito y logramos que viaje. All\u00e1 hay varias an\u00e9cdotas, desde que le pate\u00f3 el perrito a Per\u00f3n hasta el momento en que iban a sacarse la foto y \u00e9l dijo: \u2018\u2019No general yo no vine por la foto. Vine a pedirle instrucciones a usted.\u2019\u2019 Ese fue un gesto, \u00e9l no iba a sacarse la foto. Aunque hubiese sido un orgullo porque lo consideraba un padre, un padre de todos pero bueno, era esa rebeld\u00eda que ten\u00eda adentro pero siempre con respeto.\n<\/p>\n<p><b><i>\u00bfC\u00f3mo surgieron las FAP (Fuerzas Armadas Peronistas)?<\/i><\/b><\/p>\n<p>Bueno, yo eso no lo puedo saber. Pero bueno te puedo decir que ante los 18 a\u00f1os de proscripci\u00f3n donde no pod\u00edamos hablar, no pod\u00edamos tener nada, te ven\u00eda a allanar la casa la polic\u00eda. Yo ahora tengo los cuadros de Evita, tantas cosas y estos te llevaban todo y no te devolv\u00edan nada. Lo peor es que te llevaban el hijo. Ante esa situaci\u00f3n las FAP fue la alternativa que encontr\u00f3 Envar. En cuanto a la organizaci\u00f3n de Taco Ralo yo no te puedo decir mucho, Envar nos vino a saludar, se iba de viaje, pero yo no sab\u00eda nada. Mi marido varios a\u00f1os despu\u00e9s me cont\u00f3 que \u00e9l lo sab\u00eda porque Envar ten\u00eda un sentido tan grande de la responsabilidad que quiso que alguien de su familia supiera. Mi marido estaba destruido pero nosotros no nos dimos cuenta. Cre\u00edamos que se iba a Cuba\u2026 y entonces \u00bfsabes que hac\u00eda? Todas las noches buscaba en la radio la onda corta donde estaba Cuba convencida que se hab\u00eda ido all\u00e1.\n<\/p>\n<p><b><i>Hay una frase de Cacho que dice: \u2018\u2019Perdimos, no pudimos hacer la revoluci\u00f3n. Pero tuvimos, tenemos, tendremos raz\u00f3n de intentarlo. Y ganaremos cada vez que un joven sepa que no todo se compra, ni se vende y sienta ganas de querer cambiar el mundo\u2019\u2019 Hoy un amplio sector de la juventud levanta estas banderas. Siguiendo el planteo de Envar \u00bfSe puede decir que estamos en un momento de victoria?<\/i><\/b><\/p>\n<p>Yo creo que s\u00ed porque cuando \u00e9l volvi\u00f3 del exilio, hablaba con los j\u00f3venes y los sent\u00eda como adormilados, no ten\u00edan ansias de nada, no ten\u00edan voluntad, no eran militantes. Muy distinta a la generaci\u00f3n de Envar, ellos no ten\u00edan novia, no ten\u00edan tiempo para nada porque ellos ten\u00edan otra cosa que era m\u00e1s importante. Envar dec\u00eda siempre una frase que era: \u2018\u2019primero tengo que estar convencido yo para poder convencer a los otros porque sino c\u00f3mo voy a convencer si yo no estoy convencido para subir al tren de las estrellas\u2019\u2019 y cuando \u00e9l volvi\u00f3 los chicos estaban adormilados, no ten\u00edan sue\u00f1os, no ten\u00edan nada.<\/p>\n<p><b><i>\u00bfCu\u00e1l ser\u00eda hoy la militancia de Cacho?<\/i><\/b><\/p>\n<p>Siempre pensando en el pueblo, en sus necesidades, esa fue siempre su prioridad, trabaj\u00f3 para el pueblo y no pidi\u00f3 nada a cambio.  Dej\u00f3 todo. Dej\u00f3 su casa, las comodidades y se fue al monte, pas\u00f3 noches terribles y nunca lo dijo. Te lo digo yo como madre, paso la tortura. Hasta muri\u00f3 en la parrilla y lo revivieron. El ha dado todo como lo dieron los 30.000 desaparecidos. Pero Envar cuando sali\u00f3 de la c\u00e1rcel tuvo reuniones con los distintos grupos, el era de las FAP y planteaba entregar las armas y no combatir a un gobierno elegido por el pueblo.<\/p>\n<p><b><i>Luego de la amnist\u00eda de C\u00e1mpora, Envar rompe con algunos de sus compa\u00f1eros de siempre como Carlos Caride. \u00bfC\u00f3mo fue ese momento?<\/i><\/b><\/p>\n<p>Bueno eso le dio mucha pena, pero Carlos le dijo \u2018\u2019Yo estoy jugado\u2019\u2019 y voy a trabajar con los Montos aunque sea de soldado raso y as\u00ed lo terminaron matando, algo muy triste, nosotros lo quer\u00edamos mucho a Carlitos y ellos ten\u00edan una muy fuerte ligaz\u00f3n de tantos a\u00f1os presos juntos. De todos modos Envar no estuvo mucho tiempo m\u00e1s. En el 75 ya se tuvo que exiliar.<\/p>\n<p><b><i>\u00bfC\u00f3mo fue la decisi\u00f3n del exilio?<\/i><\/b><\/p>\n<p>Ay, muy dolorosa. Para \u00e9l y para nosotros pero sobre todo para \u00e9l. Dec\u00eda, yo que luch\u00e9 tanto para ver una argentina mejor ahora me voy al exilio. Pero sabia cuando lo mataron a Julito Troxler que era el siguiente y que se ten\u00eda que ir. Sufri\u00f3 much\u00edsimo. Era una delgadez que no te pod\u00e9s imaginar. Mientras estuvo en el exilio siempre fue muy delgadito. Cuando volvi\u00f3 empez\u00f3 a comer. Es que all\u00e1 la paso muy feo. Primero se fue al L\u00edbano a la casa en Beirut de su t\u00edo. All\u00ed bombardearon la casa. Luego lo llevaron a Siria donde se qued\u00f3 dos meses y se fue a Madrid. En Madrid lo secuestraron y lo iban a traer ac\u00e1 pero no lo mostraban como preso ni nada a los compa\u00f1eros. Le dec\u00edan a vos te vamos a llevar y te vamos a matar. Pero sus compa\u00f1eros hicieron tanto que lo supieron recuperar en la frontera de los Pirineos. Envar Estaba muy preocupado de que me secuestraran a m\u00ed porque ellos hac\u00edan tantas cosas desde all\u00e1 a favor de los desaparecidos. Ellos sab\u00edan todo lo que pasaba ac\u00e1. Hicieron la famosa marcha de los 100 artistas por los desaparecidos argentinos.\n<\/p>\n<p>[\/et_pb_text][et_pb_image src=\u00bbhttps:\/\/urbe.com.ar\/revista\/wp-content\/uploads\/2020\/07\/fin-feminismos.png\u00bb title_text=\u00bbfin-feminismos\u00bb _builder_version=\u00bb4.6.6&#8243; custom_margin=\u00bb5%||5%||true|false\u00bb][\/et_pb_image][\/et_pb_column_inner][\/et_pb_row_inner][\/et_pb_column][et_pb_column type=\u00bb1_3&#8243; _builder_version=\u00bb3.25&#8243; custom_padding=\u00bb|||\u00bb custom_padding__hover=\u00bb|||\u00bb][et_pb_blog fullwidth=\u00bboff\u00bb posts_number=\u00bb2&#8243; include_categories=\u00bb7,9&#8243; meta_date=\u00bbj M,Y\u00bb excerpt_length=\u00bb80&#8243; show_author=\u00bboff\u00bb show_categories=\u00bboff\u00bb show_pagination=\u00bboff\u00bb masonry_tile_background_color=\u00bb#83d9d8&#8243; disabled_on=\u00bbon|off|off\u00bb _builder_version=\u00bb4.4.8&#8243; header_text_color=\u00bb#FFFFFF\u00bb body_text_color=\u00bb#FFFFFF\u00bb meta_text_color=\u00bb#FFFFFF\u00bb read_more_text_color=\u00bb#FFFFFF\u00bb background_enable_color=\u00bboff\u00bb custom_margin=\u00bb-9%||1%||false|false\u00bb custom_margin_tablet=\u00bb0%||||false|false\u00bb custom_margin_phone=\u00bb\u00bb custom_margin_last_edited=\u00bbon|phone\u00bb custom_padding=\u00bb||0px|||\u00bb header_text_shadow_style=\u00bbpreset3&#8243; header_text_shadow_color=\u00bb#000000&#8243; body_text_shadow_style=\u00bbpreset3&#8243; body_text_shadow_color=\u00bb#000000&#8243; meta_text_shadow_style=\u00bbpreset3&#8243; meta_text_shadow_color=\u00bb#000000&#8243; border_color_all_image=\u00bb#a4e3e9&#8243; border_width_top_image=\u00bb2px\u00bb text_shadow_style=\u00bbpreset3&#8243; text_shadow_blur_strength=\u00bb0.54em\u00bb text_shadow_color=\u00bb#000000&#8243;][\/et_pb_blog][et_pb_blog fullwidth=\u00bboff\u00bb posts_number=\u00bb2&#8243; include_categories=\u00bb10&#8243; meta_date=\u00bbj M,Y\u00bb excerpt_length=\u00bb80&#8243; show_author=\u00bboff\u00bb show_categories=\u00bboff\u00bb show_pagination=\u00bboff\u00bb masonry_tile_background_color=\u00bb#83d9d8&#8243; disabled_on=\u00bbon|off|off\u00bb _builder_version=\u00bb4.4.8&#8243; header_text_color=\u00bb#FFFFFF\u00bb body_text_color=\u00bb#FFFFFF\u00bb meta_text_color=\u00bb#FFFFFF\u00bb read_more_text_color=\u00bb#FFFFFF\u00bb background_enable_color=\u00bboff\u00bb custom_margin=\u00bb-9%||1%||false|false\u00bb custom_margin_tablet=\u00bb0%||||false|false\u00bb custom_margin_phone=\u00bb\u00bb custom_margin_last_edited=\u00bbon|desktop\u00bb custom_padding=\u00bb||0px|||\u00bb header_text_shadow_style=\u00bbpreset3&#8243; header_text_shadow_color=\u00bb#000000&#8243; body_text_shadow_style=\u00bbpreset3&#8243; body_text_shadow_color=\u00bb#000000&#8243; meta_text_shadow_style=\u00bbpreset3&#8243; meta_text_shadow_color=\u00bb#000000&#8243; border_color_all_image=\u00bb#a4e3e9&#8243; border_width_top_image=\u00bb2px\u00bb text_shadow_style=\u00bbpreset3&#8243; text_shadow_blur_strength=\u00bb0.54em\u00bb text_shadow_color=\u00bb#000000&#8243;][\/et_pb_blog][et_pb_blog fullwidth=\u00bboff\u00bb posts_number=\u00bb2&#8243; include_categories=\u00bb11&#8243; meta_date=\u00bbj M,Y\u00bb excerpt_length=\u00bb80&#8243; show_author=\u00bboff\u00bb show_categories=\u00bboff\u00bb show_pagination=\u00bboff\u00bb masonry_tile_background_color=\u00bb#83d9d8&#8243; disabled_on=\u00bbon|off|off\u00bb _builder_version=\u00bb4.4.8&#8243; header_text_color=\u00bb#FFFFFF\u00bb body_text_color=\u00bb#FFFFFF\u00bb meta_text_color=\u00bb#FFFFFF\u00bb read_more_text_color=\u00bb#FFFFFF\u00bb background_enable_color=\u00bboff\u00bb custom_margin=\u00bb-9%||1%||false|false\u00bb custom_margin_tablet=\u00bb0%||||false|false\u00bb custom_margin_phone=\u00bb\u00bb custom_margin_last_edited=\u00bbon|tablet\u00bb custom_padding=\u00bb||0px|||\u00bb header_text_shadow_style=\u00bbpreset3&#8243; header_text_shadow_color=\u00bb#000000&#8243; body_text_shadow_style=\u00bbpreset3&#8243; body_text_shadow_color=\u00bb#000000&#8243; meta_text_shadow_style=\u00bbpreset3&#8243; meta_text_shadow_color=\u00bb#000000&#8243; border_color_all_image=\u00bb#a4e3e9&#8243; border_width_top_image=\u00bb2px\u00bb text_shadow_style=\u00bbpreset3&#8243; text_shadow_blur_strength=\u00bb0.54em\u00bb text_shadow_color=\u00bb#000000&#8243;][\/et_pb_blog][et_pb_code _builder_version=\u00bb4.4.8&#8243;]<\/p>\n<style><!-- [et_pb_line_break_holder] -->  .et_pb_post .et_pb_image_container{<!-- [et_pb_line_break_holder] -->    background-color: rgba(0,0,0,0.6);<!-- [et_pb_line_break_holder] -->    margin-bottom: -144px;<!-- [et_pb_line_break_holder] -->}<!-- [et_pb_line_break_holder] --><!-- [et_pb_line_break_holder] -->.et_pb_post .entry-title{<!-- [et_pb_line_break_holder] -->    position: relative;<!-- [et_pb_line_break_holder] -->    bottom: 40px;<!-- [et_pb_line_break_holder] -->    margin-bottom: -50px;<!-- [et_pb_line_break_holder] -->}<!-- [et_pb_line_break_holder] --><!-- [et_pb_line_break_holder] -->.et_pb_post .post-meta,.et_pb_post .post-content{<!-- [et_pb_line_break_holder] -->    position: relative;<!-- [et_pb_line_break_holder] -->    bottom: 0px;<!-- [et_pb_line_break_holder] -->}<\/style>\n<p>[\/et_pb_code][\/et_pb_column][\/et_pb_section]<\/p>\n","protected":false},"excerpt":{"rendered":"<p>Por Rodrigo Kasarik y Pablo Wahren |Ester El Kadri, madre de Envar \u201cCacho\u201d El Kadri, fue una militante peronista. Naci\u00f3 en C\u00f3rdoba el 8 de julio de 1923. Su hijo fue uno de los fundadores de la Juventud Peronista y de las Fuerzas Armadas Peronistas. Tras la muerte de su Envar, en el a\u00f1o 1998, [&hellip;]<\/p>\n","protected":false},"author":2,"featured_media":3255,"comment_status":"open","ping_status":"open","sticky":false,"template":"","format":"standard","meta":{"_et_pb_use_builder":"on","_et_pb_old_content":"","_et_gb_content_width":"","_jetpack_memberships_contains_paid_content":false,"footnotes":""},"categories":[30],"tags":[],"class_list":["post-3249","post","type-post","status-publish","format-standard","has-post-thumbnail","hentry","category-historia"],"yoast_head":"<!-- This site is optimized with the Yoast SEO plugin v27.4 - https:\/\/yoast.com\/product\/yoast-seo-wordpress\/ -->\n<title>Ester El Kadri - Revista Urbe<\/title>\n<meta name=\"robots\" content=\"index, follow, max-snippet:-1, max-image-preview:large, max-video-preview:-1\" \/>\n<link rel=\"canonical\" href=\"https:\/\/urbe.com.ar\/revista\/ester-el-kadri\/\" \/>\n<meta property=\"og:locale\" content=\"es_ES\" \/>\n<meta property=\"og:type\" content=\"article\" \/>\n<meta property=\"og:title\" content=\"Ester El Kadri - Revista Urbe\" \/>\n<meta property=\"og:description\" content=\"Por Rodrigo Kasarik y Pablo Wahren |Ester El Kadri, madre de Envar \u201cCacho\u201d El Kadri, fue una militante peronista. Naci\u00f3 en C\u00f3rdoba el 8 de julio de 1923. Su hijo fue uno de los fundadores de la Juventud Peronista y de las Fuerzas Armadas Peronistas. Tras la muerte de su Envar, en el a\u00f1o 1998, [&hellip;]\" \/>\n<meta property=\"og:url\" content=\"https:\/\/urbe.com.ar\/revista\/ester-el-kadri\/\" \/>\n<meta property=\"og:site_name\" content=\"Revista Urbe\" \/>\n<meta property=\"article:published_time\" content=\"2020-11-08T00:02:06+00:00\" \/>\n<meta property=\"article:modified_time\" content=\"2023-06-03T23:01:43+00:00\" \/>\n<meta property=\"og:image\" content=\"https:\/\/urbe.com.ar\/revista\/wp-content\/uploads\/2020\/11\/u-ester-612.jpg\" \/>\n\t<meta property=\"og:image:width\" content=\"612\" \/>\n\t<meta property=\"og:image:height\" content=\"551\" \/>\n\t<meta property=\"og:image:type\" content=\"image\/jpeg\" \/>\n<meta name=\"author\" content=\"Revista Urbe\" \/>\n<meta name=\"twitter:card\" content=\"summary_large_image\" \/>\n<meta name=\"twitter:creator\" content=\"@Revistaurbe_\" \/>\n<meta name=\"twitter:site\" content=\"@Revistaurbe_\" \/>\n<meta name=\"twitter:label1\" content=\"Escrito por\" \/>\n\t<meta name=\"twitter:data1\" content=\"Revista Urbe\" \/>\n\t<meta name=\"twitter:label2\" content=\"Tiempo de lectura\" \/>\n\t<meta name=\"twitter:data2\" content=\"14 minutos\" \/>\n<script type=\"application\/ld+json\" class=\"yoast-schema-graph\">{\"@context\":\"https:\\\/\\\/schema.org\",\"@graph\":[{\"@type\":\"Article\",\"@id\":\"https:\\\/\\\/urbe.com.ar\\\/revista\\\/ester-el-kadri\\\/#article\",\"isPartOf\":{\"@id\":\"https:\\\/\\\/urbe.com.ar\\\/revista\\\/ester-el-kadri\\\/\"},\"author\":{\"name\":\"Revista Urbe\",\"@id\":\"https:\\\/\\\/urbe.com.ar\\\/revista\\\/#\\\/schema\\\/person\\\/6eb3e83c215b12e07f3981b58fdaf67f\"},\"headline\":\"Ester El Kadri\",\"datePublished\":\"2020-11-08T00:02:06+00:00\",\"dateModified\":\"2023-06-03T23:01:43+00:00\",\"mainEntityOfPage\":{\"@id\":\"https:\\\/\\\/urbe.com.ar\\\/revista\\\/ester-el-kadri\\\/\"},\"wordCount\":2841,\"commentCount\":0,\"image\":{\"@id\":\"https:\\\/\\\/urbe.com.ar\\\/revista\\\/ester-el-kadri\\\/#primaryimage\"},\"thumbnailUrl\":\"https:\\\/\\\/i0.wp.com\\\/urbe.com.ar\\\/revista\\\/wp-content\\\/uploads\\\/2020\\\/11\\\/u-ester-612.jpg?fit=612%2C551&ssl=1\",\"articleSection\":[\"HISTORIA\"],\"inLanguage\":\"es\",\"potentialAction\":[{\"@type\":\"CommentAction\",\"name\":\"Comment\",\"target\":[\"https:\\\/\\\/urbe.com.ar\\\/revista\\\/ester-el-kadri\\\/#respond\"]}]},{\"@type\":\"WebPage\",\"@id\":\"https:\\\/\\\/urbe.com.ar\\\/revista\\\/ester-el-kadri\\\/\",\"url\":\"https:\\\/\\\/urbe.com.ar\\\/revista\\\/ester-el-kadri\\\/\",\"name\":\"Ester El Kadri - Revista Urbe\",\"isPartOf\":{\"@id\":\"https:\\\/\\\/urbe.com.ar\\\/revista\\\/#website\"},\"primaryImageOfPage\":{\"@id\":\"https:\\\/\\\/urbe.com.ar\\\/revista\\\/ester-el-kadri\\\/#primaryimage\"},\"image\":{\"@id\":\"https:\\\/\\\/urbe.com.ar\\\/revista\\\/ester-el-kadri\\\/#primaryimage\"},\"thumbnailUrl\":\"https:\\\/\\\/i0.wp.com\\\/urbe.com.ar\\\/revista\\\/wp-content\\\/uploads\\\/2020\\\/11\\\/u-ester-612.jpg?fit=612%2C551&ssl=1\",\"datePublished\":\"2020-11-08T00:02:06+00:00\",\"dateModified\":\"2023-06-03T23:01:43+00:00\",\"author\":{\"@id\":\"https:\\\/\\\/urbe.com.ar\\\/revista\\\/#\\\/schema\\\/person\\\/6eb3e83c215b12e07f3981b58fdaf67f\"},\"breadcrumb\":{\"@id\":\"https:\\\/\\\/urbe.com.ar\\\/revista\\\/ester-el-kadri\\\/#breadcrumb\"},\"inLanguage\":\"es\",\"potentialAction\":[{\"@type\":\"ReadAction\",\"target\":[\"https:\\\/\\\/urbe.com.ar\\\/revista\\\/ester-el-kadri\\\/\"]}]},{\"@type\":\"ImageObject\",\"inLanguage\":\"es\",\"@id\":\"https:\\\/\\\/urbe.com.ar\\\/revista\\\/ester-el-kadri\\\/#primaryimage\",\"url\":\"https:\\\/\\\/i0.wp.com\\\/urbe.com.ar\\\/revista\\\/wp-content\\\/uploads\\\/2020\\\/11\\\/u-ester-612.jpg?fit=612%2C551&ssl=1\",\"contentUrl\":\"https:\\\/\\\/i0.wp.com\\\/urbe.com.ar\\\/revista\\\/wp-content\\\/uploads\\\/2020\\\/11\\\/u-ester-612.jpg?fit=612%2C551&ssl=1\",\"width\":612,\"height\":551},{\"@type\":\"BreadcrumbList\",\"@id\":\"https:\\\/\\\/urbe.com.ar\\\/revista\\\/ester-el-kadri\\\/#breadcrumb\",\"itemListElement\":[{\"@type\":\"ListItem\",\"position\":1,\"name\":\"Portada\",\"item\":\"https:\\\/\\\/urbe.com.ar\\\/revista\\\/\"},{\"@type\":\"ListItem\",\"position\":2,\"name\":\"Ester El Kadri\"}]},{\"@type\":\"WebSite\",\"@id\":\"https:\\\/\\\/urbe.com.ar\\\/revista\\\/#website\",\"url\":\"https:\\\/\\\/urbe.com.ar\\\/revista\\\/\",\"name\":\"Revista Urbe\",\"description\":\"\",\"potentialAction\":[{\"@type\":\"SearchAction\",\"target\":{\"@type\":\"EntryPoint\",\"urlTemplate\":\"https:\\\/\\\/urbe.com.ar\\\/revista\\\/?s={search_term_string}\"},\"query-input\":{\"@type\":\"PropertyValueSpecification\",\"valueRequired\":true,\"valueName\":\"search_term_string\"}}],\"inLanguage\":\"es\"},{\"@type\":\"Person\",\"@id\":\"https:\\\/\\\/urbe.com.ar\\\/revista\\\/#\\\/schema\\\/person\\\/6eb3e83c215b12e07f3981b58fdaf67f\",\"name\":\"Revista Urbe\",\"image\":{\"@type\":\"ImageObject\",\"inLanguage\":\"es\",\"@id\":\"https:\\\/\\\/secure.gravatar.com\\\/avatar\\\/72b666e32a633c73c1c87ac7208dfbba855299e1caed438da06924072c6b6b78?s=96&d=mm&r=g\",\"url\":\"https:\\\/\\\/secure.gravatar.com\\\/avatar\\\/72b666e32a633c73c1c87ac7208dfbba855299e1caed438da06924072c6b6b78?s=96&d=mm&r=g\",\"contentUrl\":\"https:\\\/\\\/secure.gravatar.com\\\/avatar\\\/72b666e32a633c73c1c87ac7208dfbba855299e1caed438da06924072c6b6b78?s=96&d=mm&r=g\",\"caption\":\"Revista Urbe\"},\"url\":\"https:\\\/\\\/urbe.com.ar\\\/revista\\\/author\\\/c1321401\\\/\"}]}<\/script>\n<!-- \/ Yoast SEO plugin. -->","yoast_head_json":{"title":"Ester El Kadri - Revista Urbe","robots":{"index":"index","follow":"follow","max-snippet":"max-snippet:-1","max-image-preview":"max-image-preview:large","max-video-preview":"max-video-preview:-1"},"canonical":"https:\/\/urbe.com.ar\/revista\/ester-el-kadri\/","og_locale":"es_ES","og_type":"article","og_title":"Ester El Kadri - Revista Urbe","og_description":"Por Rodrigo Kasarik y Pablo Wahren |Ester El Kadri, madre de Envar \u201cCacho\u201d El Kadri, fue una militante peronista. Naci\u00f3 en C\u00f3rdoba el 8 de julio de 1923. Su hijo fue uno de los fundadores de la Juventud Peronista y de las Fuerzas Armadas Peronistas. Tras la muerte de su Envar, en el a\u00f1o 1998, [&hellip;]","og_url":"https:\/\/urbe.com.ar\/revista\/ester-el-kadri\/","og_site_name":"Revista Urbe","article_published_time":"2020-11-08T00:02:06+00:00","article_modified_time":"2023-06-03T23:01:43+00:00","og_image":[{"width":612,"height":551,"url":"https:\/\/urbe.com.ar\/revista\/wp-content\/uploads\/2020\/11\/u-ester-612.jpg","type":"image\/jpeg"}],"author":"Revista Urbe","twitter_card":"summary_large_image","twitter_creator":"@Revistaurbe_","twitter_site":"@Revistaurbe_","twitter_misc":{"Escrito por":"Revista Urbe","Tiempo de lectura":"14 minutos"},"schema":{"@context":"https:\/\/schema.org","@graph":[{"@type":"Article","@id":"https:\/\/urbe.com.ar\/revista\/ester-el-kadri\/#article","isPartOf":{"@id":"https:\/\/urbe.com.ar\/revista\/ester-el-kadri\/"},"author":{"name":"Revista Urbe","@id":"https:\/\/urbe.com.ar\/revista\/#\/schema\/person\/6eb3e83c215b12e07f3981b58fdaf67f"},"headline":"Ester El Kadri","datePublished":"2020-11-08T00:02:06+00:00","dateModified":"2023-06-03T23:01:43+00:00","mainEntityOfPage":{"@id":"https:\/\/urbe.com.ar\/revista\/ester-el-kadri\/"},"wordCount":2841,"commentCount":0,"image":{"@id":"https:\/\/urbe.com.ar\/revista\/ester-el-kadri\/#primaryimage"},"thumbnailUrl":"https:\/\/i0.wp.com\/urbe.com.ar\/revista\/wp-content\/uploads\/2020\/11\/u-ester-612.jpg?fit=612%2C551&ssl=1","articleSection":["HISTORIA"],"inLanguage":"es","potentialAction":[{"@type":"CommentAction","name":"Comment","target":["https:\/\/urbe.com.ar\/revista\/ester-el-kadri\/#respond"]}]},{"@type":"WebPage","@id":"https:\/\/urbe.com.ar\/revista\/ester-el-kadri\/","url":"https:\/\/urbe.com.ar\/revista\/ester-el-kadri\/","name":"Ester El Kadri - Revista Urbe","isPartOf":{"@id":"https:\/\/urbe.com.ar\/revista\/#website"},"primaryImageOfPage":{"@id":"https:\/\/urbe.com.ar\/revista\/ester-el-kadri\/#primaryimage"},"image":{"@id":"https:\/\/urbe.com.ar\/revista\/ester-el-kadri\/#primaryimage"},"thumbnailUrl":"https:\/\/i0.wp.com\/urbe.com.ar\/revista\/wp-content\/uploads\/2020\/11\/u-ester-612.jpg?fit=612%2C551&ssl=1","datePublished":"2020-11-08T00:02:06+00:00","dateModified":"2023-06-03T23:01:43+00:00","author":{"@id":"https:\/\/urbe.com.ar\/revista\/#\/schema\/person\/6eb3e83c215b12e07f3981b58fdaf67f"},"breadcrumb":{"@id":"https:\/\/urbe.com.ar\/revista\/ester-el-kadri\/#breadcrumb"},"inLanguage":"es","potentialAction":[{"@type":"ReadAction","target":["https:\/\/urbe.com.ar\/revista\/ester-el-kadri\/"]}]},{"@type":"ImageObject","inLanguage":"es","@id":"https:\/\/urbe.com.ar\/revista\/ester-el-kadri\/#primaryimage","url":"https:\/\/i0.wp.com\/urbe.com.ar\/revista\/wp-content\/uploads\/2020\/11\/u-ester-612.jpg?fit=612%2C551&ssl=1","contentUrl":"https:\/\/i0.wp.com\/urbe.com.ar\/revista\/wp-content\/uploads\/2020\/11\/u-ester-612.jpg?fit=612%2C551&ssl=1","width":612,"height":551},{"@type":"BreadcrumbList","@id":"https:\/\/urbe.com.ar\/revista\/ester-el-kadri\/#breadcrumb","itemListElement":[{"@type":"ListItem","position":1,"name":"Portada","item":"https:\/\/urbe.com.ar\/revista\/"},{"@type":"ListItem","position":2,"name":"Ester El Kadri"}]},{"@type":"WebSite","@id":"https:\/\/urbe.com.ar\/revista\/#website","url":"https:\/\/urbe.com.ar\/revista\/","name":"Revista Urbe","description":"","potentialAction":[{"@type":"SearchAction","target":{"@type":"EntryPoint","urlTemplate":"https:\/\/urbe.com.ar\/revista\/?s={search_term_string}"},"query-input":{"@type":"PropertyValueSpecification","valueRequired":true,"valueName":"search_term_string"}}],"inLanguage":"es"},{"@type":"Person","@id":"https:\/\/urbe.com.ar\/revista\/#\/schema\/person\/6eb3e83c215b12e07f3981b58fdaf67f","name":"Revista Urbe","image":{"@type":"ImageObject","inLanguage":"es","@id":"https:\/\/secure.gravatar.com\/avatar\/72b666e32a633c73c1c87ac7208dfbba855299e1caed438da06924072c6b6b78?s=96&d=mm&r=g","url":"https:\/\/secure.gravatar.com\/avatar\/72b666e32a633c73c1c87ac7208dfbba855299e1caed438da06924072c6b6b78?s=96&d=mm&r=g","contentUrl":"https:\/\/secure.gravatar.com\/avatar\/72b666e32a633c73c1c87ac7208dfbba855299e1caed438da06924072c6b6b78?s=96&d=mm&r=g","caption":"Revista Urbe"},"url":"https:\/\/urbe.com.ar\/revista\/author\/c1321401\/"}]}},"jetpack_featured_media_url":"https:\/\/i0.wp.com\/urbe.com.ar\/revista\/wp-content\/uploads\/2020\/11\/u-ester-612.jpg?fit=612%2C551&ssl=1","jetpack_sharing_enabled":true,"_links":{"self":[{"href":"https:\/\/urbe.com.ar\/revista\/wp-json\/wp\/v2\/posts\/3249","targetHints":{"allow":["GET"]}}],"collection":[{"href":"https:\/\/urbe.com.ar\/revista\/wp-json\/wp\/v2\/posts"}],"about":[{"href":"https:\/\/urbe.com.ar\/revista\/wp-json\/wp\/v2\/types\/post"}],"author":[{"embeddable":true,"href":"https:\/\/urbe.com.ar\/revista\/wp-json\/wp\/v2\/users\/2"}],"replies":[{"embeddable":true,"href":"https:\/\/urbe.com.ar\/revista\/wp-json\/wp\/v2\/comments?post=3249"}],"version-history":[{"count":6,"href":"https:\/\/urbe.com.ar\/revista\/wp-json\/wp\/v2\/posts\/3249\/revisions"}],"predecessor-version":[{"id":3307,"href":"https:\/\/urbe.com.ar\/revista\/wp-json\/wp\/v2\/posts\/3249\/revisions\/3307"}],"wp:featuredmedia":[{"embeddable":true,"href":"https:\/\/urbe.com.ar\/revista\/wp-json\/wp\/v2\/media\/3255"}],"wp:attachment":[{"href":"https:\/\/urbe.com.ar\/revista\/wp-json\/wp\/v2\/media?parent=3249"}],"wp:term":[{"taxonomy":"category","embeddable":true,"href":"https:\/\/urbe.com.ar\/revista\/wp-json\/wp\/v2\/categories?post=3249"},{"taxonomy":"post_tag","embeddable":true,"href":"https:\/\/urbe.com.ar\/revista\/wp-json\/wp\/v2\/tags?post=3249"}],"curies":[{"name":"wp","href":"https:\/\/api.w.org\/{rel}","templated":true}]}}