{"id":3089,"date":"2020-10-25T00:06:36","date_gmt":"2020-10-25T00:06:36","guid":{"rendered":"https:\/\/urbe.com.ar\/revista\/?p=3089"},"modified":"2023-07-21T18:39:41","modified_gmt":"2023-07-21T18:39:41","slug":"comision-de-mujeres-y-diversidad-un-lugar-donde-vivir-esas-cosas-que-asombran","status":"publish","type":"post","link":"https:\/\/urbe.com.ar\/revista\/comision-de-mujeres-y-diversidad-un-lugar-donde-vivir-esas-cosas-que-asombran\/","title":{"rendered":"Comisi\u00f3n de Mujeres y Diversidad: Un lugar donde vivir esas cosas que asombran"},"content":{"rendered":"<p>[et_pb_section fb_built=\u00bb1&#8243; disabled_on=\u00bbon|on|on\u00bb _builder_version=\u00bb4.4.8&#8243; disabled=\u00bbon\u00bb][et_pb_row _builder_version=\u00bb4.4.8&#8243;][et_pb_column type=\u00bb4_4&#8243; _builder_version=\u00bb4.4.8&#8243;][et_pb_text disabled_on=\u00bbon|on|on\u00bb _builder_version=\u00bb4.6.6&#8243; disabled=\u00bbon\u00bb]<\/p>\n<p>Por M\u00f3nica Macha | Los espacios sociales tienen la capacidad de mostrar (y demostrar) nuestro comportamiento pol\u00edtico. En esa arena donde intervenimos y nos movemos, hablamos de nosotrxs mismxs, de nuestra \u00e9tica de las prioridades, de nuestras l\u00f3gicas de construcci\u00f3n y de una forma de relacionarnos con el poder.<br \/>\nDesde los feminismos populares y masivos hemos avanzado en dos sentidos en relaci\u00f3n a los espacios sociales. Ganamos terreno en espacios hist\u00f3ricos (e hist\u00f3ricamente negados para toxs lxs que no somos masculinidades hegem\u00f3nicas CIS) donde nuestra aparici\u00f3n e irrupci\u00f3n transform\u00f3 en cierta medida las estructuras patriarcales en las que estaban fundados. Sin ir m\u00e1s lejos, la composici\u00f3n de los espacios legislativos.\n<\/p>\n<p>[\/et_pb_text][\/et_pb_column][\/et_pb_row][\/et_pb_section][et_pb_section fb_built=\u00bb1&#8243; disabled_on=\u00bbon|on|off\u00bb _builder_version=\u00bb4.4.8&#8243; background_enable_color=\u00bboff\u00bb width=\u00bb100%\u00bb max_width=\u00bb100%\u00bb custom_padding=\u00bb0px||0px||false|false\u00bb][et_pb_row column_structure=\u00bb2_3,1_3&#8243; use_custom_gutter=\u00bbon\u00bb gutter_width=\u00bb1&#8243; make_equal=\u00bbon\u00bb _builder_version=\u00bb4.6.6&#8243; custom_margin=\u00bb||0%||false|false\u00bb custom_padding=\u00bb0px||1%||false|false\u00bb][et_pb_column type=\u00bb2_3&#8243; _builder_version=\u00bb4.6.6&#8243; background_image=\u00bbhttps:\/\/urbe.com.ar\/revista\/wp-content\/uploads\/2020\/10\/f-macha720.jpg\u00bb][\/et_pb_column][et_pb_column type=\u00bb1_3&#8243; _builder_version=\u00bb4.4.8&#8243; background_enable_image=\u00bboff\u00bb][et_pb_image src=\u00bbhttps:\/\/urbe.com.ar\/revista\/wp-content\/uploads\/2020\/07\/logo-nota-cuadrado.jpg\u00bb url=\u00bbhttps:\/\/urbe.com.ar\/revista\/\u00bb _builder_version=\u00bb4.4.8&#8243; custom_margin=\u00bb|||3%|false|false\u00bb][\/et_pb_image][\/et_pb_column][\/et_pb_row][\/et_pb_section][et_pb_section fb_built=\u00bb1&#8243; disabled_on=\u00bboff|off|on\u00bb _builder_version=\u00bb4.4.8&#8243; background_enable_color=\u00bboff\u00bb width=\u00bb100%\u00bb max_width=\u00bb100%\u00bb custom_padding=\u00bb0px||0px||false|false\u00bb][et_pb_row use_custom_gutter=\u00bbon\u00bb gutter_width=\u00bb1&#8243; make_equal=\u00bbon\u00bb _builder_version=\u00bb4.4.8&#8243; custom_margin=\u00bb||0%||false|false\u00bb custom_padding=\u00bb0px||1%||false|false\u00bb][et_pb_column type=\u00bb4_4&#8243; _builder_version=\u00bb4.4.8&#8243; background_enable_image=\u00bboff\u00bb][et_pb_image src=\u00bbhttps:\/\/urbe.com.ar\/revista\/wp-content\/uploads\/2020\/10\/f-macha720.jpg\u00bb align=\u00bbcenter\u00bb _builder_version=\u00bb4.6.6&#8243; background_enable_image=\u00bboff\u00bb][\/et_pb_image][\/et_pb_column][\/et_pb_row][\/et_pb_section][et_pb_section fb_built=\u00bb1&#8243; use_custom_gutter=\u00bbon\u00bb specialty=\u00bbon\u00bb padding_top_bottom_link_1=\u00bbfalse\u00bb padding_top_bottom_link_2=\u00bbfalse\u00bb padding_left_right_link_1=\u00bbfalse\u00bb padding_left_right_link_2=\u00bbfalse\u00bb padding_left_2=\u00bb1%\u00bb _builder_version=\u00bb4.4.8&#8243; custom_padding=\u00bb0px||0px|||\u00bb][et_pb_column type=\u00bb2_3&#8243; specialty_columns=\u00bb2&#8243; _builder_version=\u00bb3.25&#8243; custom_padding=\u00bb|||\u00bb custom_padding__hover=\u00bb|||\u00bb][et_pb_row_inner _builder_version=\u00bb4.4.8&#8243; custom_padding=\u00bb0px||0px|||\u00bb][et_pb_column_inner saved_specialty_column_type=\u00bb2_3&#8243; _builder_version=\u00bb4.4.8&#8243;][et_pb_text _builder_version=\u00bb4.4.8&#8243; text_text_color=\u00bb#ffffff\u00bb header_text_color=\u00bb#ffffff\u00bb background_image=\u00bbhttps:\/\/urbe.com.ar\/revista\/wp-content\/uploads\/2020\/08\/barra-opiniones.jpg\u00bb text_orientation=\u00bbcenter\u00bb]<\/p>\n<h1>Opini\u00f3n<\/h1>\n<p>[\/et_pb_text][\/et_pb_column_inner][\/et_pb_row_inner][et_pb_row_inner _builder_version=\u00bb4.4.8&#8243; background_color=\u00bb#ffffff\u00bb custom_padding=\u00bb0px||0px|||\u00bb][et_pb_column_inner saved_specialty_column_type=\u00bb2_3&#8243; _builder_version=\u00bb4.4.8&#8243;][et_pb_text _builder_version=\u00bb4.6.6&#8243; header_text_align=\u00bbcenter\u00bb header_text_color=\u00bb#009fad\u00bb custom_margin=\u00bb3%|5%|3%|5%|true|true\u00bb custom_padding=\u00bb|6%||6%|false|true\u00bb]<\/p>\n<h1>COMISI\u00d3N DE MUJERES Y DIVERSIDAD: UN LUGAR DONDE VIVIR ESAS COSAS QUE ASOMBRAN<\/h1>\n<p>[\/et_pb_text][et_pb_text _builder_version=\u00bb4.6.6&#8243; text_font=\u00bb||||||||\u00bb text_text_color=\u00bb#009fad\u00bb text_font_size=\u00bb18px\u00bb header_text_align=\u00bbcenter\u00bb header_font_size=\u00bb35px\u00bb text_orientation=\u00bbjustified\u00bb custom_margin=\u00bb0.3%|5%|4%|5%|false|true\u00bb]<\/p>\n<p>Por <b>M\u00f3nica Macha<\/b><br \/>\n25\/10\/2020<\/p>\n<p>[\/et_pb_text][et_pb_image src=\u00bbhttps:\/\/urbe.com.ar\/revista\/wp-content\/uploads\/2020\/07\/separador-opinion.png\u00bb _builder_version=\u00bb4.4.8&#8243;][\/et_pb_image][\/et_pb_column_inner][\/et_pb_row_inner][et_pb_row_inner column_structure=\u00bb1_2,1_2&#8243; use_custom_gutter=\u00bbon\u00bb gutter_width=\u00bb1&#8243; make_equal=\u00bbon\u00bb disabled_on=\u00bbon|on|on\u00bb _builder_version=\u00bb4.4.8&#8243; background_color=\u00bb#ffffff\u00bb custom_margin=\u00bb||||false|false\u00bb custom_padding=\u00bb0px||0px|0%|false|false\u00bb disabled=\u00bbon\u00bb][et_pb_column_inner type=\u00bb1_2&#8243; saved_specialty_column_type=\u00bb2_3&#8243; _builder_version=\u00bb4.4.8&#8243; background_color=\u00bb#ffffff\u00bb custom_css_main_element=\u00bbwidth: 60% !important;\u00bb][et_pb_audio audio=\u00bbhttps:\/\/urbe.com.ar\/revista\/wp-content\/uploads\/2020\/07\/10.-For-No-One.mp3&#8243; _builder_version=\u00bb4.4.8&#8243; caption_text_color=\u00bb#ffffff\u00bb background_color=\u00bb#00c5d7&#8243; custom_margin=\u00bb||||false|false\u00bb custom_padding=\u00bb||||false|false\u00bb border_color_all_image=\u00bb#ffffff\u00bb][\/et_pb_audio][\/et_pb_column_inner][et_pb_column_inner type=\u00bb1_2&#8243; saved_specialty_column_type=\u00bb2_3&#8243; _builder_version=\u00bb4.4.8&#8243; custom_css_main_element=\u00bb||width: 40% !important;||margin: auto;||display: flex;||flex-direction: column;||justify-content: center;\u00bb][et_pb_code _builder_version=\u00bb4.4.8&#8243; text_orientation=\u00bbcenter\u00bb module_alignment=\u00bbcenter\u00bb custom_margin=\u00bb2%||2%||true|false\u00bb custom_padding=\u00bb|20%||20%|false|true\u00bb]<div class=\"et_social_networks et_social_3col et_social_simple et_social_circle et_social_top et_social_nospace et_social_shortcode_0 et_social_mobile_on et_social_outer_dark\">\n\t\t\t\t\t<style type=\"text\/css\">.et_monarch .et_social_shortcode_0 li,.et_monarch .et_social_shortcode_0.et_social_circle ul li i.et_social_icon { background: #00c5d7; } .et_monarch .et_social_shortcode_0.et_social_rounded .et_social_icons_container li:hover, .et_monarch .et_social_shortcode_0.et_social_rectangle .et_social_icons_container li:hover, .et_monarch .et_social_shortcode_0.et_social_circle .et_social_icons_container li:hover i.et_social_icon { background: #ffffff !important; } .et_monarch .et_social_shortcode_0 .et_social_icon, .et_monarch .et_social_shortcode_0 .et_social_networks .et_social_network_label, .et_monarch .et_social_shortcode_0 .et_social_networkname, .et_monarch .et_social_shortcode_0 .et_social_count { color: #ffffff !important; } .et_monarch .et_social_shortcode_0 .et_social_icons_container li:hover .et_social_icon, .et_monarch .et_social_shortcode_0 .et_social_networks .et_social_icons_container li:hover .et_social_network_label, .et_monarch .et_social_shortcode_0 .et_social_icons_container li:hover .et_social_networkname, .et_monarch .et_social_rounded.et_social_shortcode_0 .et_social_icons_container li:hover .et_social_count, .et_monarch .et_social_rectangle.et_social_shortcode_0 .et_social_icons_container li:hover .et_social_count { color: #00c5d7 !important; }<\/style>\n\t\t\t\t\t\n\t\t\t\t\t<ul class=\"et_social_icons_container\"><li class=\"et_social_facebook\">\n\t\t\t\t\t\t<a href=\"#\" class=\"et_social_follow\" data-social_name=\"facebook\" data-social_type=\"follow\" data-post_id=\"0\" target=\"_blank\">\n\t\t\t\t\t\t\t<i class=\"et_social_icon et_social_icon_facebook\"><\/i>\n\t\t\t\t\t\t\t\n\t\t\t\t\t\t\t<span class=\"et_social_overlay\"><\/span>\n\t\t\t\t\t\t<\/a>\n\t\t\t\t\t<\/li><li class=\"et_social_twitter\">\n\t\t\t\t\t\t<a href=\"https:\/\/twitter.com\/Revistaurbe_?s=12\" class=\"et_social_follow\" data-social_name=\"twitter\" data-social_type=\"follow\" data-post_id=\"0\" target=\"_blank\">\n\t\t\t\t\t\t\t<i class=\"et_social_icon et_social_icon_twitter\"><\/i>\n\t\t\t\t\t\t\t\n\t\t\t\t\t\t\t<span class=\"et_social_overlay\"><\/span>\n\t\t\t\t\t\t<\/a>\n\t\t\t\t\t<\/li><li class=\"et_social_instagram\">\n\t\t\t\t\t\t<a href=\"https:\/\/www.instagram.com\/revistaurbe\/?igshid=osawef034cfi\" class=\"et_social_follow\" data-social_name=\"instagram\" data-social_type=\"follow\" data-post_id=\"0\" target=\"_blank\">\n\t\t\t\t\t\t\t<i class=\"et_social_icon et_social_icon_instagram\"><\/i>\n\t\t\t\t\t\t\t\n\t\t\t\t\t\t\t<span class=\"et_social_overlay\"><\/span>\n\t\t\t\t\t\t<\/a>\n\t\t\t\t\t<\/li><\/ul>\n\t\t\t\t<\/div>[\/et_pb_code][\/et_pb_column_inner][\/et_pb_row_inner][et_pb_row_inner disabled_on=\u00bbon|on|on\u00bb _builder_version=\u00bb4.4.8&#8243; custom_padding=\u00bb0px||0px|||\u00bb disabled=\u00bbon\u00bb][et_pb_column_inner saved_specialty_column_type=\u00bb2_3&#8243; _builder_version=\u00bb4.4.8&#8243;][et_pb_audio audio=\u00bbhttps:\/\/urbe.com.ar\/revista\/wp-content\/uploads\/2020\/07\/10.-For-No-One.mp3&#8243; _builder_version=\u00bb4.4.8&#8243; caption_text_color=\u00bb#ffffff\u00bb background_color=\u00bb#00c5d7&#8243; custom_margin=\u00bb||||false|false\u00bb custom_padding=\u00bb||||false|false\u00bb border_color_all_image=\u00bb#ffffff\u00bb][\/et_pb_audio][\/et_pb_column_inner][\/et_pb_row_inner][et_pb_row_inner _builder_version=\u00bb4.4.8&#8243; background_color=\u00bb#ffffff\u00bb custom_padding=\u00bb0px||3px|0px||\u00bb][et_pb_column_inner saved_specialty_column_type=\u00bb2_3&#8243; _builder_version=\u00bb4.4.8&#8243;][et_pb_text _builder_version=\u00bb4.6.6&#8243; text_font_size=\u00bb16px\u00bb text_orientation=\u00bbjustified\u00bb custom_margin=\u00bb3%|5%||5%|false|true\u00bb]<\/p>\n<p>Los espacios sociales tienen la capacidad de mostrar (y demostrar) nuestro comportamiento pol\u00edtico. En esa arena donde intervenimos y nos movemos, hablamos de nosotrxs mismxs, de nuestra \u00e9tica de las prioridades, de nuestras l\u00f3gicas de construcci\u00f3n y de una forma de relacionarnos con el poder.<\/p>\n<p>Desde los feminismos populares y masivos hemos avanzado en dos sentidos en relaci\u00f3n a los espacios sociales. Ganamos terreno en espacios hist\u00f3ricos (e hist\u00f3ricamente negados para toxs lxs que no somos masculinidades hegem\u00f3nicas CIS) donde nuestra aparici\u00f3n e irrupci\u00f3n transform\u00f3 en cierta medida las estructuras patriarcales en las que estaban fundados. Sin ir m\u00e1s lejos, la composici\u00f3n de los espacios legislativos. Hijas de la ley de cupo y madres de la paridad, demostramos que el feminismo construye de otro modo. Colectivo, sin autoritarismos, sin crueldad, haciendo de la escucha nuestro m\u00e9todo, de las redes solidarias (y sororas) la estrategia primaria y creando nuevas formas de organizar el poder. Siempre orientadas por un transfeminismo que busca la justicia social y la autonom\u00eda de los proyectos de vida.<\/p>\n<p>Pero adem\u00e1s, como toda fuerza transformadora, no nos hemos contentado con irrumpir en la arena p\u00fablica, en ganar lugares en los espacios de poder donde est\u00e1bamos impugnadxs o discutir los roles socialmente asignados. Como fuerza que nos excede y nos mueve (no es gratuita la idea de marea verde, nuestra lucha es un oleaje ancestral contra el patriarcado), hemos inaugurado nuevos espacios sociales e institucionales.<\/p>\n<p>Si algo aprendimos, es que necesitamos crear nuestras propias herramientas. Por supuesto que es preciso apropiarnos de los instrumentos que tienen poder en la sociedad y en la transformaci\u00f3n social, pero sobre todo inventamos nuestras propias armas pol\u00edticas. Llevamos la memoria positiva de las luchas de nuestrxs antecesorxs y somos parte de un linaje (somos eslabones de esa linaje) en busca de la igualdad y la libertad para todas las identidades y formas de habitar el mundo.\n<\/p>\n<p>En este contexto, dimos un paso fundamental en el \u00e1mbito legislativo. Ya es hist\u00f3rico y ha inaugurado un espacio institucional para las luchas feministas: la Comisi\u00f3n de Mujeres y Diversidad \u2013tengo el honor de presidirla en la C\u00e1mara de Diputadxs. <\/p>\n<p>La Comisi\u00f3n es fruto de un proyecto de la compa\u00f1era Mayra Mendoza que propuso modificar el nombre y la competencia de la vieja comisi\u00f3n de \u201cFamilia, Mujer, Ni\u00f1ez y Adolescencia\u201d que se denominan ahora: \u201cFamilias, Ni\u00f1ez y Juventudes\u201d y  \u201cMujeres y Diversidad\u201d. Una victoria del movimiento feminista, en el desarrollo m\u00e1s masivo y potente de sus fuerzas, instalado de una vez y para siempre en la arena p\u00fablica y haci\u00e9ndose lugar en cada territorio de la vida social.<\/p>\n<p>Ahora bien, \u00bfpara qu\u00e9? Claro, la pregunta no es m\u00eda. No es nuestra. La pregunta es de qui\u00e9nes, hablados a veces sin saber por el machismo, cuestionan o ponen en duda los espacios que son nuestros. Ac\u00e1 cualquiera podr\u00eda ensayar una larga cadena de argumentos, construir una red de justificaciones te\u00f3ricas, pr\u00e1cticas, pol\u00edticas, feministas. Ac\u00e1 mismo, en este preciso p\u00e1rrafo, podr\u00edamos hablar de que lo que no se ve no existe, que lo que no se nombra se olvida, que ai algo no tiene lugar para crecer o no se vive en cierta forma se convierte en problemas sociales, en forma de la violencia. Aun m\u00e1s, podr\u00edamos decir que estos espacios, como la Comisi\u00f3n, vienen a reparar deudas hist\u00f3ricas y a reconocer (y garantizar) el derecho pol\u00edtico de qui\u00e9nes faltan en la pol\u00edtica. Ahora, \u201clas chicas tienen un lugar donde viven esas cosas que asombran\u201d.<\/p>\n<p>\u00bfPero saben qu\u00e9? Me parece que justificar nuestra presencia es entrar en la l\u00f3gica argumentativa del machismo. Les propongo invertir los t\u00e9rminos. No hay democracia plena sin la participaci\u00f3n de las mujeres, lesbianas, travestis y trans. No hay calidad pol\u00edtica sin nosotrxs y sin espacios para nosotrxs. \u00bfDe qu\u00e9 orden, de qu\u00e9 calidad y tenor, puede ser una vida pol\u00edtica que bloquea la representaci\u00f3n de todas las identidades que no son masculinidades CIS?<\/p>\n<p>En la Comisi\u00f3n de Mujeres y Diversidad asumimos un compromiso impostergable: el primer proyecto de ley que dictaminar\u00edamos iba a ser el Acceso Laboral para personas Travestis Trans. Y as\u00ed lo hicimos. Porque se lo debemos a todxs lxs que dejaron la vida en esta lucha, en este reconocimiento, a Diana Sacay\u00e1n y Lohana Berkins como \u00edconos indispensables, y porque es nuestra obligaci\u00f3n moral y social para con todxs las que siguen el camino de vivir su identidad de forma plena y libre.\n<\/p>\n<p>El trabajo no fue f\u00e1cil ni sencillo, pero fue una construcci\u00f3n homog\u00e9nea, abierta y fascinante. Sab\u00edamos que ten\u00edamos 16 proyectos de ley que de una u otra forma buscaban instaurar el cupo laboral travesti trans. Nos dimos el espacio de escuchar todas las voces e identidades, de todas las procedencias y sectores, de un modo federal y horizontal. Celebramos tres reuniones informativas formales de la Comisi\u00f3n de Mujeres y Diversidad y por primera vez en la historia, en una reuni\u00f3n institucional, travestis y trans tomaban la palabra p\u00fablica y dejaban registrado su testimonio en las versiones taquigr\u00e1ficas de la c\u00e1mara. Adem\u00e1s, las reuniones se transmitieron en vivo por los canales oficiales y cientos de compa\u00f1erxs de todo el pa\u00eds pudieron seguir la discusi\u00f3n y verse representadas.<\/p>\n<p>Esa serie de reuniones supusieron un gran aporte de ideas y conceptos, estrategias y posibilidades. A partir de ese momento trabajamos en la unificaci\u00f3n de los proyectos para tener un dictamen de unidad y unanimidad. En este contexto, como una herramienta clave, el ejecutivo anuncia el decreto del Cupo Laboral Travesti Trans. Ahora no solo ten\u00edamos nuestros acuerdos legislativos y el fortalecimiento de las organizaciones sino que adem\u00e1s cont\u00e1bamos con un instrumento legal clave que marcaba el horizonte de nuestro gobierno.<\/p>\n<p>El dictamen del proyecto fue conmovedor e hist\u00f3rico. Un paso m\u00e1s (pero no cualquier paso) hacia la ley. Podr\u00edamos retomar ac\u00e1 una pregunta: \u00bfPara qu\u00e9 una Comisi\u00f3n de Mujeres y Diversidad? Ni hace falta la respuesta. Pusimos, de forma colectiva, el cupo laboral travesti trans en la agenda p\u00fablica, pol\u00edtica y legislativa. Es inevitable e impostergable que sea ley.<br \/>\nComo tambi\u00e9n sabe nuestro coraz\u00f3n verde que hay otro proyecto que es inevitable e impostergable que sea ley.\n<\/p>\n<p>[\/et_pb_text][et_pb_image src=\u00bbhttps:\/\/urbe.com.ar\/revista\/wp-content\/uploads\/2020\/08\/fin-opiniones.png\u00bb _builder_version=\u00bb4.4.8&#8243; custom_margin=\u00bb5%||5%||true|false\u00bb][\/et_pb_image][\/et_pb_column_inner][\/et_pb_row_inner][\/et_pb_column][et_pb_column type=\u00bb1_3&#8243; _builder_version=\u00bb3.25&#8243; custom_padding=\u00bb|||\u00bb custom_padding__hover=\u00bb|||\u00bb][et_pb_blog fullwidth=\u00bboff\u00bb posts_number=\u00bb2&#8243; include_categories=\u00bb8,7&#8243; meta_date=\u00bbj M,Y\u00bb excerpt_length=\u00bb80&#8243; show_author=\u00bboff\u00bb show_categories=\u00bboff\u00bb show_pagination=\u00bboff\u00bb masonry_tile_background_color=\u00bb#83d9d8&#8243; disabled_on=\u00bbon|off|off\u00bb _builder_version=\u00bb4.4.8&#8243; header_text_color=\u00bb#FFFFFF\u00bb body_text_color=\u00bb#FFFFFF\u00bb meta_text_color=\u00bb#FFFFFF\u00bb read_more_text_color=\u00bb#FFFFFF\u00bb background_enable_color=\u00bboff\u00bb custom_margin=\u00bb-9%||1%||false|false\u00bb custom_margin_tablet=\u00bb0%||||false|false\u00bb custom_margin_phone=\u00bb\u00bb custom_margin_last_edited=\u00bbon|desktop\u00bb custom_padding=\u00bb||0px|||\u00bb header_text_shadow_style=\u00bbpreset3&#8243; header_text_shadow_color=\u00bb#000000&#8243; body_text_shadow_style=\u00bbpreset3&#8243; body_text_shadow_color=\u00bb#000000&#8243; meta_text_shadow_style=\u00bbpreset3&#8243; meta_text_shadow_color=\u00bb#000000&#8243; border_color_all_image=\u00bb#a4e3e9&#8243; border_width_top_image=\u00bb2px\u00bb text_shadow_style=\u00bbpreset3&#8243; text_shadow_blur_strength=\u00bb0.54em\u00bb text_shadow_color=\u00bb#000000&#8243;][\/et_pb_blog][et_pb_blog fullwidth=\u00bboff\u00bb posts_number=\u00bb2&#8243; include_categories=\u00bb10&#8243; meta_date=\u00bbj M,Y\u00bb excerpt_length=\u00bb80&#8243; show_author=\u00bboff\u00bb show_categories=\u00bboff\u00bb show_pagination=\u00bboff\u00bb masonry_tile_background_color=\u00bb#83d9d8&#8243; disabled_on=\u00bbon|off|off\u00bb _builder_version=\u00bb4.4.8&#8243; header_text_color=\u00bb#FFFFFF\u00bb body_text_color=\u00bb#FFFFFF\u00bb meta_text_color=\u00bb#FFFFFF\u00bb read_more_text_color=\u00bb#FFFFFF\u00bb background_enable_color=\u00bboff\u00bb custom_margin=\u00bb-9%||1%||false|false\u00bb custom_padding=\u00bb||0px|||\u00bb header_text_shadow_style=\u00bbpreset3&#8243; header_text_shadow_color=\u00bb#000000&#8243; body_text_shadow_style=\u00bbpreset3&#8243; body_text_shadow_color=\u00bb#000000&#8243; meta_text_shadow_style=\u00bbpreset3&#8243; meta_text_shadow_color=\u00bb#000000&#8243; border_color_all_image=\u00bb#a4e3e9&#8243; border_width_top_image=\u00bb2px\u00bb text_shadow_style=\u00bbpreset3&#8243; text_shadow_blur_strength=\u00bb0.54em\u00bb text_shadow_color=\u00bb#000000&#8243; locked=\u00bboff\u00bb][\/et_pb_blog][et_pb_blog fullwidth=\u00bboff\u00bb posts_number=\u00bb2&#8243; include_categories=\u00bb11&#8243; meta_date=\u00bbj M,Y\u00bb excerpt_length=\u00bb80&#8243; show_author=\u00bboff\u00bb show_categories=\u00bboff\u00bb show_pagination=\u00bboff\u00bb masonry_tile_background_color=\u00bb#83d9d8&#8243; disabled_on=\u00bbon|off|off\u00bb _builder_version=\u00bb4.4.8&#8243; header_text_color=\u00bb#FFFFFF\u00bb body_text_color=\u00bb#FFFFFF\u00bb meta_text_color=\u00bb#FFFFFF\u00bb read_more_text_color=\u00bb#FFFFFF\u00bb background_enable_color=\u00bboff\u00bb custom_margin=\u00bb-9%||1%||false|false\u00bb custom_padding=\u00bb||0px|||\u00bb header_text_shadow_style=\u00bbpreset3&#8243; header_text_shadow_color=\u00bb#000000&#8243; body_text_shadow_style=\u00bbpreset3&#8243; body_text_shadow_color=\u00bb#000000&#8243; meta_text_shadow_style=\u00bbpreset3&#8243; meta_text_shadow_color=\u00bb#000000&#8243; border_color_all_image=\u00bb#a4e3e9&#8243; border_width_top_image=\u00bb2px\u00bb text_shadow_style=\u00bbpreset3&#8243; text_shadow_blur_strength=\u00bb0.54em\u00bb text_shadow_color=\u00bb#000000&#8243;][\/et_pb_blog][et_pb_code _builder_version=\u00bb4.4.8&#8243;]<\/p>\n<style><!-- [et_pb_line_break_holder] -->  .et_pb_post .et_pb_image_container{<!-- [et_pb_line_break_holder] -->    margin-bottom: -144px;<!-- [et_pb_line_break_holder] -->}<!-- [et_pb_line_break_holder] --><!-- [et_pb_line_break_holder] -->.et_pb_post .entry-title{<!-- [et_pb_line_break_holder] -->    position: relative;<!-- [et_pb_line_break_holder] -->    bottom: 40px;<!-- [et_pb_line_break_holder] -->    margin-bottom: -50px;<!-- [et_pb_line_break_holder] -->}<!-- [et_pb_line_break_holder] --><!-- [et_pb_line_break_holder] -->.et_pb_post .post-meta,.et_pb_post .post-content{<!-- [et_pb_line_break_holder] -->    position: relative;<!-- [et_pb_line_break_holder] -->    bottom: 0px;<!-- [et_pb_line_break_holder] -->}<\/style>\n<p>[\/et_pb_code][\/et_pb_column][\/et_pb_section]<\/p>\n","protected":false},"excerpt":{"rendered":"<p>Por M\u00f3nica Macha | Los espacios sociales tienen la capacidad de mostrar (y demostrar) nuestro comportamiento pol\u00edtico. En esa arena donde intervenimos y nos movemos, hablamos de nosotrxs mismxs, de nuestra \u00e9tica de las prioridades, de nuestras l\u00f3gicas de construcci\u00f3n y de una forma de relacionarnos con el poder. Desde los feminismos populares y masivos [&hellip;]<\/p>\n","protected":false},"author":2,"featured_media":3151,"comment_status":"open","ping_status":"open","sticky":false,"template":"","format":"standard","meta":{"_et_pb_use_builder":"on","_et_pb_old_content":"","_et_gb_content_width":"","_jetpack_memberships_contains_paid_content":false,"footnotes":""},"categories":[8],"tags":[],"class_list":["post-3089","post","type-post","status-publish","format-standard","has-post-thumbnail","hentry","category-feminismo"],"yoast_head":"<!-- This site is optimized with the Yoast SEO plugin v27.5 - https:\/\/yoast.com\/product\/yoast-seo-wordpress\/ -->\n<title>Comisi\u00f3n de Mujeres y Diversidad: Un lugar donde vivir esas cosas que asombran - Revista Urbe<\/title>\n<meta name=\"robots\" content=\"index, follow, max-snippet:-1, max-image-preview:large, max-video-preview:-1\" \/>\n<link rel=\"canonical\" href=\"https:\/\/urbe.com.ar\/revista\/comision-de-mujeres-y-diversidad-un-lugar-donde-vivir-esas-cosas-que-asombran\/\" \/>\n<meta property=\"og:locale\" content=\"es_ES\" \/>\n<meta property=\"og:type\" content=\"article\" \/>\n<meta property=\"og:title\" content=\"Comisi\u00f3n de Mujeres y Diversidad: Un lugar donde vivir esas cosas que asombran - Revista Urbe\" \/>\n<meta property=\"og:description\" content=\"Por M\u00f3nica Macha | Los espacios sociales tienen la capacidad de mostrar (y demostrar) nuestro comportamiento pol\u00edtico. En esa arena donde intervenimos y nos movemos, hablamos de nosotrxs mismxs, de nuestra \u00e9tica de las prioridades, de nuestras l\u00f3gicas de construcci\u00f3n y de una forma de relacionarnos con el poder. Desde los feminismos populares y masivos [&hellip;]\" \/>\n<meta property=\"og:url\" content=\"https:\/\/urbe.com.ar\/revista\/comision-de-mujeres-y-diversidad-un-lugar-donde-vivir-esas-cosas-que-asombran\/\" \/>\n<meta property=\"og:site_name\" content=\"Revista Urbe\" \/>\n<meta property=\"article:published_time\" content=\"2020-10-25T00:06:36+00:00\" \/>\n<meta property=\"article:modified_time\" content=\"2023-07-21T18:39:41+00:00\" \/>\n<meta property=\"og:image\" content=\"https:\/\/urbe.com.ar\/revista\/wp-content\/uploads\/2020\/10\/f-macha612.jpg\" \/>\n\t<meta property=\"og:image:width\" content=\"612\" \/>\n\t<meta property=\"og:image:height\" content=\"551\" \/>\n\t<meta property=\"og:image:type\" content=\"image\/jpeg\" \/>\n<meta name=\"author\" content=\"Revista Urbe\" \/>\n<meta name=\"twitter:card\" content=\"summary_large_image\" \/>\n<meta name=\"twitter:creator\" content=\"@Revistaurbe_\" \/>\n<meta name=\"twitter:site\" content=\"@Revistaurbe_\" \/>\n<meta name=\"twitter:label1\" content=\"Escrito por\" \/>\n\t<meta name=\"twitter:data1\" content=\"Revista Urbe\" \/>\n\t<meta name=\"twitter:label2\" content=\"Tiempo de lectura\" \/>\n\t<meta name=\"twitter:data2\" content=\"12 minutos\" \/>\n<script type=\"application\/ld+json\" class=\"yoast-schema-graph\">{\"@context\":\"https:\\\/\\\/schema.org\",\"@graph\":[{\"@type\":\"Article\",\"@id\":\"https:\\\/\\\/urbe.com.ar\\\/revista\\\/comision-de-mujeres-y-diversidad-un-lugar-donde-vivir-esas-cosas-que-asombran\\\/#article\",\"isPartOf\":{\"@id\":\"https:\\\/\\\/urbe.com.ar\\\/revista\\\/comision-de-mujeres-y-diversidad-un-lugar-donde-vivir-esas-cosas-que-asombran\\\/\"},\"author\":{\"name\":\"Revista Urbe\",\"@id\":\"https:\\\/\\\/urbe.com.ar\\\/revista\\\/#\\\/schema\\\/person\\\/6eb3e83c215b12e07f3981b58fdaf67f\"},\"headline\":\"Comisi\u00f3n de Mujeres y Diversidad: Un lugar donde vivir esas cosas que asombran\",\"datePublished\":\"2020-10-25T00:06:36+00:00\",\"dateModified\":\"2023-07-21T18:39:41+00:00\",\"mainEntityOfPage\":{\"@id\":\"https:\\\/\\\/urbe.com.ar\\\/revista\\\/comision-de-mujeres-y-diversidad-un-lugar-donde-vivir-esas-cosas-que-asombran\\\/\"},\"wordCount\":2470,\"commentCount\":0,\"image\":{\"@id\":\"https:\\\/\\\/urbe.com.ar\\\/revista\\\/comision-de-mujeres-y-diversidad-un-lugar-donde-vivir-esas-cosas-que-asombran\\\/#primaryimage\"},\"thumbnailUrl\":\"https:\\\/\\\/i0.wp.com\\\/urbe.com.ar\\\/revista\\\/wp-content\\\/uploads\\\/2020\\\/10\\\/f-macha612.jpg?fit=612%2C551&ssl=1\",\"articleSection\":[\"FEMINISMO\"],\"inLanguage\":\"es\",\"potentialAction\":[{\"@type\":\"CommentAction\",\"name\":\"Comment\",\"target\":[\"https:\\\/\\\/urbe.com.ar\\\/revista\\\/comision-de-mujeres-y-diversidad-un-lugar-donde-vivir-esas-cosas-que-asombran\\\/#respond\"]}]},{\"@type\":\"WebPage\",\"@id\":\"https:\\\/\\\/urbe.com.ar\\\/revista\\\/comision-de-mujeres-y-diversidad-un-lugar-donde-vivir-esas-cosas-que-asombran\\\/\",\"url\":\"https:\\\/\\\/urbe.com.ar\\\/revista\\\/comision-de-mujeres-y-diversidad-un-lugar-donde-vivir-esas-cosas-que-asombran\\\/\",\"name\":\"Comisi\u00f3n de Mujeres y Diversidad: Un lugar donde vivir esas cosas que asombran - Revista Urbe\",\"isPartOf\":{\"@id\":\"https:\\\/\\\/urbe.com.ar\\\/revista\\\/#website\"},\"primaryImageOfPage\":{\"@id\":\"https:\\\/\\\/urbe.com.ar\\\/revista\\\/comision-de-mujeres-y-diversidad-un-lugar-donde-vivir-esas-cosas-que-asombran\\\/#primaryimage\"},\"image\":{\"@id\":\"https:\\\/\\\/urbe.com.ar\\\/revista\\\/comision-de-mujeres-y-diversidad-un-lugar-donde-vivir-esas-cosas-que-asombran\\\/#primaryimage\"},\"thumbnailUrl\":\"https:\\\/\\\/i0.wp.com\\\/urbe.com.ar\\\/revista\\\/wp-content\\\/uploads\\\/2020\\\/10\\\/f-macha612.jpg?fit=612%2C551&ssl=1\",\"datePublished\":\"2020-10-25T00:06:36+00:00\",\"dateModified\":\"2023-07-21T18:39:41+00:00\",\"author\":{\"@id\":\"https:\\\/\\\/urbe.com.ar\\\/revista\\\/#\\\/schema\\\/person\\\/6eb3e83c215b12e07f3981b58fdaf67f\"},\"breadcrumb\":{\"@id\":\"https:\\\/\\\/urbe.com.ar\\\/revista\\\/comision-de-mujeres-y-diversidad-un-lugar-donde-vivir-esas-cosas-que-asombran\\\/#breadcrumb\"},\"inLanguage\":\"es\",\"potentialAction\":[{\"@type\":\"ReadAction\",\"target\":[\"https:\\\/\\\/urbe.com.ar\\\/revista\\\/comision-de-mujeres-y-diversidad-un-lugar-donde-vivir-esas-cosas-que-asombran\\\/\"]}]},{\"@type\":\"ImageObject\",\"inLanguage\":\"es\",\"@id\":\"https:\\\/\\\/urbe.com.ar\\\/revista\\\/comision-de-mujeres-y-diversidad-un-lugar-donde-vivir-esas-cosas-que-asombran\\\/#primaryimage\",\"url\":\"https:\\\/\\\/i0.wp.com\\\/urbe.com.ar\\\/revista\\\/wp-content\\\/uploads\\\/2020\\\/10\\\/f-macha612.jpg?fit=612%2C551&ssl=1\",\"contentUrl\":\"https:\\\/\\\/i0.wp.com\\\/urbe.com.ar\\\/revista\\\/wp-content\\\/uploads\\\/2020\\\/10\\\/f-macha612.jpg?fit=612%2C551&ssl=1\",\"width\":612,\"height\":551},{\"@type\":\"BreadcrumbList\",\"@id\":\"https:\\\/\\\/urbe.com.ar\\\/revista\\\/comision-de-mujeres-y-diversidad-un-lugar-donde-vivir-esas-cosas-que-asombran\\\/#breadcrumb\",\"itemListElement\":[{\"@type\":\"ListItem\",\"position\":1,\"name\":\"Portada\",\"item\":\"https:\\\/\\\/urbe.com.ar\\\/revista\\\/\"},{\"@type\":\"ListItem\",\"position\":2,\"name\":\"Comisi\u00f3n de Mujeres y Diversidad: Un lugar donde vivir esas cosas que asombran\"}]},{\"@type\":\"WebSite\",\"@id\":\"https:\\\/\\\/urbe.com.ar\\\/revista\\\/#website\",\"url\":\"https:\\\/\\\/urbe.com.ar\\\/revista\\\/\",\"name\":\"Revista Urbe\",\"description\":\"\",\"potentialAction\":[{\"@type\":\"SearchAction\",\"target\":{\"@type\":\"EntryPoint\",\"urlTemplate\":\"https:\\\/\\\/urbe.com.ar\\\/revista\\\/?s={search_term_string}\"},\"query-input\":{\"@type\":\"PropertyValueSpecification\",\"valueRequired\":true,\"valueName\":\"search_term_string\"}}],\"inLanguage\":\"es\"},{\"@type\":\"Person\",\"@id\":\"https:\\\/\\\/urbe.com.ar\\\/revista\\\/#\\\/schema\\\/person\\\/6eb3e83c215b12e07f3981b58fdaf67f\",\"name\":\"Revista Urbe\",\"image\":{\"@type\":\"ImageObject\",\"inLanguage\":\"es\",\"@id\":\"https:\\\/\\\/secure.gravatar.com\\\/avatar\\\/72b666e32a633c73c1c87ac7208dfbba855299e1caed438da06924072c6b6b78?s=96&d=mm&r=g\",\"url\":\"https:\\\/\\\/secure.gravatar.com\\\/avatar\\\/72b666e32a633c73c1c87ac7208dfbba855299e1caed438da06924072c6b6b78?s=96&d=mm&r=g\",\"contentUrl\":\"https:\\\/\\\/secure.gravatar.com\\\/avatar\\\/72b666e32a633c73c1c87ac7208dfbba855299e1caed438da06924072c6b6b78?s=96&d=mm&r=g\",\"caption\":\"Revista Urbe\"},\"url\":\"https:\\\/\\\/urbe.com.ar\\\/revista\\\/author\\\/c1321401\\\/\"}]}<\/script>\n<!-- \/ Yoast SEO plugin. -->","yoast_head_json":{"title":"Comisi\u00f3n de Mujeres y Diversidad: Un lugar donde vivir esas cosas que asombran - Revista Urbe","robots":{"index":"index","follow":"follow","max-snippet":"max-snippet:-1","max-image-preview":"max-image-preview:large","max-video-preview":"max-video-preview:-1"},"canonical":"https:\/\/urbe.com.ar\/revista\/comision-de-mujeres-y-diversidad-un-lugar-donde-vivir-esas-cosas-que-asombran\/","og_locale":"es_ES","og_type":"article","og_title":"Comisi\u00f3n de Mujeres y Diversidad: Un lugar donde vivir esas cosas que asombran - Revista Urbe","og_description":"Por M\u00f3nica Macha | Los espacios sociales tienen la capacidad de mostrar (y demostrar) nuestro comportamiento pol\u00edtico. En esa arena donde intervenimos y nos movemos, hablamos de nosotrxs mismxs, de nuestra \u00e9tica de las prioridades, de nuestras l\u00f3gicas de construcci\u00f3n y de una forma de relacionarnos con el poder. Desde los feminismos populares y masivos [&hellip;]","og_url":"https:\/\/urbe.com.ar\/revista\/comision-de-mujeres-y-diversidad-un-lugar-donde-vivir-esas-cosas-que-asombran\/","og_site_name":"Revista Urbe","article_published_time":"2020-10-25T00:06:36+00:00","article_modified_time":"2023-07-21T18:39:41+00:00","og_image":[{"width":612,"height":551,"url":"https:\/\/urbe.com.ar\/revista\/wp-content\/uploads\/2020\/10\/f-macha612.jpg","type":"image\/jpeg"}],"author":"Revista Urbe","twitter_card":"summary_large_image","twitter_creator":"@Revistaurbe_","twitter_site":"@Revistaurbe_","twitter_misc":{"Escrito por":"Revista Urbe","Tiempo de lectura":"12 minutos"},"schema":{"@context":"https:\/\/schema.org","@graph":[{"@type":"Article","@id":"https:\/\/urbe.com.ar\/revista\/comision-de-mujeres-y-diversidad-un-lugar-donde-vivir-esas-cosas-que-asombran\/#article","isPartOf":{"@id":"https:\/\/urbe.com.ar\/revista\/comision-de-mujeres-y-diversidad-un-lugar-donde-vivir-esas-cosas-que-asombran\/"},"author":{"name":"Revista Urbe","@id":"https:\/\/urbe.com.ar\/revista\/#\/schema\/person\/6eb3e83c215b12e07f3981b58fdaf67f"},"headline":"Comisi\u00f3n de Mujeres y Diversidad: Un lugar donde vivir esas cosas que asombran","datePublished":"2020-10-25T00:06:36+00:00","dateModified":"2023-07-21T18:39:41+00:00","mainEntityOfPage":{"@id":"https:\/\/urbe.com.ar\/revista\/comision-de-mujeres-y-diversidad-un-lugar-donde-vivir-esas-cosas-que-asombran\/"},"wordCount":2470,"commentCount":0,"image":{"@id":"https:\/\/urbe.com.ar\/revista\/comision-de-mujeres-y-diversidad-un-lugar-donde-vivir-esas-cosas-que-asombran\/#primaryimage"},"thumbnailUrl":"https:\/\/i0.wp.com\/urbe.com.ar\/revista\/wp-content\/uploads\/2020\/10\/f-macha612.jpg?fit=612%2C551&ssl=1","articleSection":["FEMINISMO"],"inLanguage":"es","potentialAction":[{"@type":"CommentAction","name":"Comment","target":["https:\/\/urbe.com.ar\/revista\/comision-de-mujeres-y-diversidad-un-lugar-donde-vivir-esas-cosas-que-asombran\/#respond"]}]},{"@type":"WebPage","@id":"https:\/\/urbe.com.ar\/revista\/comision-de-mujeres-y-diversidad-un-lugar-donde-vivir-esas-cosas-que-asombran\/","url":"https:\/\/urbe.com.ar\/revista\/comision-de-mujeres-y-diversidad-un-lugar-donde-vivir-esas-cosas-que-asombran\/","name":"Comisi\u00f3n de Mujeres y Diversidad: Un lugar donde vivir esas cosas que asombran - Revista Urbe","isPartOf":{"@id":"https:\/\/urbe.com.ar\/revista\/#website"},"primaryImageOfPage":{"@id":"https:\/\/urbe.com.ar\/revista\/comision-de-mujeres-y-diversidad-un-lugar-donde-vivir-esas-cosas-que-asombran\/#primaryimage"},"image":{"@id":"https:\/\/urbe.com.ar\/revista\/comision-de-mujeres-y-diversidad-un-lugar-donde-vivir-esas-cosas-que-asombran\/#primaryimage"},"thumbnailUrl":"https:\/\/i0.wp.com\/urbe.com.ar\/revista\/wp-content\/uploads\/2020\/10\/f-macha612.jpg?fit=612%2C551&ssl=1","datePublished":"2020-10-25T00:06:36+00:00","dateModified":"2023-07-21T18:39:41+00:00","author":{"@id":"https:\/\/urbe.com.ar\/revista\/#\/schema\/person\/6eb3e83c215b12e07f3981b58fdaf67f"},"breadcrumb":{"@id":"https:\/\/urbe.com.ar\/revista\/comision-de-mujeres-y-diversidad-un-lugar-donde-vivir-esas-cosas-que-asombran\/#breadcrumb"},"inLanguage":"es","potentialAction":[{"@type":"ReadAction","target":["https:\/\/urbe.com.ar\/revista\/comision-de-mujeres-y-diversidad-un-lugar-donde-vivir-esas-cosas-que-asombran\/"]}]},{"@type":"ImageObject","inLanguage":"es","@id":"https:\/\/urbe.com.ar\/revista\/comision-de-mujeres-y-diversidad-un-lugar-donde-vivir-esas-cosas-que-asombran\/#primaryimage","url":"https:\/\/i0.wp.com\/urbe.com.ar\/revista\/wp-content\/uploads\/2020\/10\/f-macha612.jpg?fit=612%2C551&ssl=1","contentUrl":"https:\/\/i0.wp.com\/urbe.com.ar\/revista\/wp-content\/uploads\/2020\/10\/f-macha612.jpg?fit=612%2C551&ssl=1","width":612,"height":551},{"@type":"BreadcrumbList","@id":"https:\/\/urbe.com.ar\/revista\/comision-de-mujeres-y-diversidad-un-lugar-donde-vivir-esas-cosas-que-asombran\/#breadcrumb","itemListElement":[{"@type":"ListItem","position":1,"name":"Portada","item":"https:\/\/urbe.com.ar\/revista\/"},{"@type":"ListItem","position":2,"name":"Comisi\u00f3n de Mujeres y Diversidad: Un lugar donde vivir esas cosas que asombran"}]},{"@type":"WebSite","@id":"https:\/\/urbe.com.ar\/revista\/#website","url":"https:\/\/urbe.com.ar\/revista\/","name":"Revista Urbe","description":"","potentialAction":[{"@type":"SearchAction","target":{"@type":"EntryPoint","urlTemplate":"https:\/\/urbe.com.ar\/revista\/?s={search_term_string}"},"query-input":{"@type":"PropertyValueSpecification","valueRequired":true,"valueName":"search_term_string"}}],"inLanguage":"es"},{"@type":"Person","@id":"https:\/\/urbe.com.ar\/revista\/#\/schema\/person\/6eb3e83c215b12e07f3981b58fdaf67f","name":"Revista Urbe","image":{"@type":"ImageObject","inLanguage":"es","@id":"https:\/\/secure.gravatar.com\/avatar\/72b666e32a633c73c1c87ac7208dfbba855299e1caed438da06924072c6b6b78?s=96&d=mm&r=g","url":"https:\/\/secure.gravatar.com\/avatar\/72b666e32a633c73c1c87ac7208dfbba855299e1caed438da06924072c6b6b78?s=96&d=mm&r=g","contentUrl":"https:\/\/secure.gravatar.com\/avatar\/72b666e32a633c73c1c87ac7208dfbba855299e1caed438da06924072c6b6b78?s=96&d=mm&r=g","caption":"Revista Urbe"},"url":"https:\/\/urbe.com.ar\/revista\/author\/c1321401\/"}]}},"jetpack_featured_media_url":"https:\/\/i0.wp.com\/urbe.com.ar\/revista\/wp-content\/uploads\/2020\/10\/f-macha612.jpg?fit=612%2C551&ssl=1","jetpack_sharing_enabled":true,"_links":{"self":[{"href":"https:\/\/urbe.com.ar\/revista\/wp-json\/wp\/v2\/posts\/3089","targetHints":{"allow":["GET"]}}],"collection":[{"href":"https:\/\/urbe.com.ar\/revista\/wp-json\/wp\/v2\/posts"}],"about":[{"href":"https:\/\/urbe.com.ar\/revista\/wp-json\/wp\/v2\/types\/post"}],"author":[{"embeddable":true,"href":"https:\/\/urbe.com.ar\/revista\/wp-json\/wp\/v2\/users\/2"}],"replies":[{"embeddable":true,"href":"https:\/\/urbe.com.ar\/revista\/wp-json\/wp\/v2\/comments?post=3089"}],"version-history":[{"count":6,"href":"https:\/\/urbe.com.ar\/revista\/wp-json\/wp\/v2\/posts\/3089\/revisions"}],"predecessor-version":[{"id":3153,"href":"https:\/\/urbe.com.ar\/revista\/wp-json\/wp\/v2\/posts\/3089\/revisions\/3153"}],"wp:featuredmedia":[{"embeddable":true,"href":"https:\/\/urbe.com.ar\/revista\/wp-json\/wp\/v2\/media\/3151"}],"wp:attachment":[{"href":"https:\/\/urbe.com.ar\/revista\/wp-json\/wp\/v2\/media?parent=3089"}],"wp:term":[{"taxonomy":"category","embeddable":true,"href":"https:\/\/urbe.com.ar\/revista\/wp-json\/wp\/v2\/categories?post=3089"},{"taxonomy":"post_tag","embeddable":true,"href":"https:\/\/urbe.com.ar\/revista\/wp-json\/wp\/v2\/tags?post=3089"}],"curies":[{"name":"wp","href":"https:\/\/api.w.org\/{rel}","templated":true}]}}