{"id":3075,"date":"2020-10-25T00:05:34","date_gmt":"2020-10-25T00:05:34","guid":{"rendered":"https:\/\/urbe.com.ar\/revista\/?p=3075"},"modified":"2023-12-04T15:33:42","modified_gmt":"2023-12-04T15:33:42","slug":"un-relato-en-el-abismo","status":"publish","type":"post","link":"https:\/\/urbe.com.ar\/revista\/un-relato-en-el-abismo\/","title":{"rendered":"Un relato en el abismo."},"content":{"rendered":"\n[et_pb_section fb_built=\u00bb1&#8243; disabled_on=\u00bbon|on|on\u00bb _builder_version=\u00bb4.4.8&#8243; disabled=\u00bbon\u00bb][et_pb_row _builder_version=\u00bb4.4.8&#8243;][et_pb_column type=\u00bb4_4&#8243; _builder_version=\u00bb4.4.8&#8243;][et_pb_text disabled_on=\u00bbon|on|on\u00bb _builder_version=\u00bb4.6.6&#8243; disabled=\u00bbon\u00bb]<p>Por Tom\u00e1s Rebord | Con la mezcla exacta de malicia y verdad Jorge As\u00eds diagnostica en Alberto Fern\u00e1ndez un flagelo novedoso: envejecimiento prematuro. Sucede que entre aforismos y met\u00e1foras el catador de imperfecciones denuncia una de las imposturas del presente argentino.\nSi la sentencia cl\u00e1sica hegeliana es que la historia est\u00e1 condenada a repetirse (Marx le agrega con picard\u00eda que sucede primero como tragedia y luego como farsa), la Rep\u00fablica Argentina podr\u00eda aportar que en su suelo lo hace como parodia.\nFrente a la imposici\u00f3n de una crisis planetaria sin precedentes la b\u00fasqueda de caducidad de \u201cLa Grieta\u201d por m\u00e9todos escandinavos qued\u00f3 definitivamente desierta dando lugar a un vac\u00edo aterrador que el oficialismo (por decisi\u00f3n o incapacidad) no llena. El resultado de esta orfandad narrativa empuja a refugiarse en las viejas trincheras identitarias con sus conocidas limitaciones.\n\n<\/p>[\/et_pb_text][\/et_pb_column][\/et_pb_row][\/et_pb_section][et_pb_section fb_built=\u00bb1&#8243; disabled_on=\u00bbon|on|off\u00bb _builder_version=\u00bb4.4.8&#8243; background_enable_color=\u00bboff\u00bb width=\u00bb100%\u00bb max_width=\u00bb100%\u00bb custom_padding=\u00bb0px||0px||false|false\u00bb][et_pb_row column_structure=\u00bb2_3,1_3&#8243; use_custom_gutter=\u00bbon\u00bb gutter_width=\u00bb1&#8243; make_equal=\u00bbon\u00bb _builder_version=\u00bb4.6.6&#8243; custom_margin=\u00bb||0%||false|false\u00bb custom_padding=\u00bb0px||1%||false|false\u00bb][et_pb_column type=\u00bb2_3&#8243; _builder_version=\u00bb4.6.6&#8243; background_image=\u00bbhttps:\/\/urbe.com.ar\/revista\/wp-content\/uploads\/2020\/10\/o-rebord720.jpg\u00bb][\/et_pb_column][et_pb_column type=\u00bb1_3&#8243; _builder_version=\u00bb4.4.8&#8243; background_enable_image=\u00bboff\u00bb][et_pb_image src=\u00bbhttps:\/\/urbe.com.ar\/revista\/wp-content\/uploads\/2020\/07\/logo-nota-cuadrado.jpg\u00bb url=\u00bbhttps:\/\/urbe.com.ar\/revista\/\u00bb _builder_version=\u00bb4.4.8&#8243; custom_margin=\u00bb|||3%|false|false\u00bb][\/et_pb_image][\/et_pb_column][\/et_pb_row][\/et_pb_section][et_pb_section fb_built=\u00bb1&#8243; disabled_on=\u00bboff|off|on\u00bb _builder_version=\u00bb4.4.8&#8243; background_enable_color=\u00bboff\u00bb width=\u00bb100%\u00bb max_width=\u00bb100%\u00bb custom_padding=\u00bb0px||0px||false|false\u00bb][et_pb_row use_custom_gutter=\u00bbon\u00bb gutter_width=\u00bb1&#8243; make_equal=\u00bbon\u00bb _builder_version=\u00bb4.4.8&#8243; custom_margin=\u00bb||0%||false|false\u00bb custom_padding=\u00bb0px||1%||false|false\u00bb][et_pb_column type=\u00bb4_4&#8243; _builder_version=\u00bb4.4.8&#8243; background_enable_image=\u00bboff\u00bb][et_pb_image src=\u00bbhttps:\/\/urbe.com.ar\/revista\/wp-content\/uploads\/2020\/10\/o-rebord720.jpg\u00bb align=\u00bbcenter\u00bb _builder_version=\u00bb4.6.6&#8243; background_enable_image=\u00bboff\u00bb][\/et_pb_image][\/et_pb_column][\/et_pb_row][\/et_pb_section][et_pb_section fb_built=\u00bb1&#8243; use_custom_gutter=\u00bbon\u00bb specialty=\u00bbon\u00bb padding_top_bottom_link_1=\u00bbfalse\u00bb padding_top_bottom_link_2=\u00bbfalse\u00bb padding_left_right_link_1=\u00bbfalse\u00bb padding_left_right_link_2=\u00bbfalse\u00bb padding_left_2=\u00bb1%\u00bb _builder_version=\u00bb4.4.8&#8243; custom_padding=\u00bb0px||0px|||\u00bb][et_pb_column type=\u00bb2_3&#8243; specialty_columns=\u00bb2&#8243; _builder_version=\u00bb3.25&#8243; custom_padding=\u00bb|||\u00bb custom_padding__hover=\u00bb|||\u00bb][et_pb_row_inner _builder_version=\u00bb4.4.8&#8243; custom_padding=\u00bb0px||0px|||\u00bb][et_pb_column_inner saved_specialty_column_type=\u00bb2_3&#8243; _builder_version=\u00bb4.4.8&#8243;][et_pb_text _builder_version=\u00bb4.4.8&#8243; text_text_color=\u00bb#ffffff\u00bb header_text_color=\u00bb#ffffff\u00bb background_image=\u00bbhttps:\/\/urbe.com.ar\/revista\/wp-content\/uploads\/2020\/08\/barra-opiniones.jpg\u00bb text_orientation=\u00bbcenter\u00bb]<h1>Opini\u00f3n<\/h1>[\/et_pb_text][\/et_pb_column_inner][\/et_pb_row_inner][et_pb_row_inner _builder_version=\u00bb4.4.8&#8243; background_color=\u00bb#ffffff\u00bb custom_padding=\u00bb0px||0px|||\u00bb][et_pb_column_inner saved_specialty_column_type=\u00bb2_3&#8243; _builder_version=\u00bb4.4.8&#8243;][et_pb_text _builder_version=\u00bb4.6.6&#8243; header_text_align=\u00bbcenter\u00bb header_text_color=\u00bb#009fad\u00bb custom_margin=\u00bb3%|5%|3%|5%|true|true\u00bb custom_padding=\u00bb|6%||6%|false|true\u00bb]<h1>UN RELATO EN EL ABISMO.<\/h1>[\/et_pb_text][et_pb_text _builder_version=\u00bb4.6.6&#8243; text_font=\u00bb||||||||\u00bb text_text_color=\u00bb#009fad\u00bb text_font_size=\u00bb18px\u00bb header_text_align=\u00bbcenter\u00bb header_font_size=\u00bb35px\u00bb text_orientation=\u00bbjustified\u00bb custom_margin=\u00bb0.3%|5%|4%|5%|false|true\u00bb]<p>Por <b>Tom\u00e1s Rebord<\/b>\n25\/10\/2020<\/p>[\/et_pb_text][et_pb_image src=\u00bbhttps:\/\/urbe.com.ar\/revista\/wp-content\/uploads\/2020\/07\/separador-opinion.png\u00bb _builder_version=\u00bb4.4.8&#8243;][\/et_pb_image][\/et_pb_column_inner][\/et_pb_row_inner][et_pb_row_inner column_structure=\u00bb1_2,1_2&#8243; use_custom_gutter=\u00bbon\u00bb gutter_width=\u00bb1&#8243; make_equal=\u00bbon\u00bb disabled_on=\u00bbon|on|on\u00bb _builder_version=\u00bb4.4.8&#8243; background_color=\u00bb#ffffff\u00bb custom_margin=\u00bb||||false|false\u00bb custom_padding=\u00bb0px||0px|0%|false|false\u00bb disabled=\u00bbon\u00bb][et_pb_column_inner type=\u00bb1_2&#8243; saved_specialty_column_type=\u00bb2_3&#8243; _builder_version=\u00bb4.4.8&#8243; background_color=\u00bb#ffffff\u00bb custom_css_main_element=\u00bbwidth: 60% !important;\u00bb][et_pb_audio audio=\u00bbhttps:\/\/urbe.com.ar\/revista\/wp-content\/uploads\/2020\/07\/10.-For-No-One.mp3&#8243; _builder_version=\u00bb4.4.8&#8243; caption_text_color=\u00bb#ffffff\u00bb background_color=\u00bb#00c5d7&#8243; custom_margin=\u00bb||||false|false\u00bb custom_padding=\u00bb||||false|false\u00bb border_color_all_image=\u00bb#ffffff\u00bb][\/et_pb_audio][\/et_pb_column_inner][et_pb_column_inner type=\u00bb1_2&#8243; saved_specialty_column_type=\u00bb2_3&#8243; _builder_version=\u00bb4.4.8&#8243; custom_css_main_element=\u00bb||width: 40% !important;||margin: auto;||display: flex;||flex-direction: column;||justify-content: center;\u00bb][et_pb_code _builder_version=\u00bb4.4.8&#8243; text_orientation=\u00bbcenter\u00bb module_alignment=\u00bbcenter\u00bb custom_margin=\u00bb2%||2%||true|false\u00bb custom_padding=\u00bb|20%||20%|false|true\u00bb]<div class=\"et_social_networks et_social_3col et_social_simple et_social_circle et_social_top et_social_nospace et_social_shortcode_0 et_social_mobile_on et_social_outer_dark\">\n\t\t\t\t\t<style type=\"text\/css\">.et_monarch .et_social_shortcode_0 li,.et_monarch .et_social_shortcode_0.et_social_circle ul li i.et_social_icon { background: #00c5d7; } .et_monarch .et_social_shortcode_0.et_social_rounded .et_social_icons_container li:hover, .et_monarch .et_social_shortcode_0.et_social_rectangle .et_social_icons_container li:hover, .et_monarch .et_social_shortcode_0.et_social_circle .et_social_icons_container li:hover i.et_social_icon { background: #ffffff !important; } .et_monarch .et_social_shortcode_0 .et_social_icon, .et_monarch .et_social_shortcode_0 .et_social_networks .et_social_network_label, .et_monarch .et_social_shortcode_0 .et_social_networkname, .et_monarch .et_social_shortcode_0 .et_social_count { color: #ffffff !important; } .et_monarch .et_social_shortcode_0 .et_social_icons_container li:hover .et_social_icon, .et_monarch .et_social_shortcode_0 .et_social_networks .et_social_icons_container li:hover .et_social_network_label, .et_monarch .et_social_shortcode_0 .et_social_icons_container li:hover .et_social_networkname, .et_monarch .et_social_rounded.et_social_shortcode_0 .et_social_icons_container li:hover .et_social_count, .et_monarch .et_social_rectangle.et_social_shortcode_0 .et_social_icons_container li:hover .et_social_count { color: #00c5d7 !important; }<\/style>\n\t\t\t\t\t\n\t\t\t\t\t<ul class=\"et_social_icons_container\"><li class=\"et_social_facebook\">\n\t\t\t\t\t\t<a href=\"#\" class=\"et_social_follow\" data-social_name=\"facebook\" data-social_type=\"follow\" data-post_id=\"0\" target=\"_blank\">\n\t\t\t\t\t\t\t<i class=\"et_social_icon et_social_icon_facebook\"><\/i>\n\t\t\t\t\t\t\t\n\t\t\t\t\t\t\t<span class=\"et_social_overlay\"><\/span>\n\t\t\t\t\t\t<\/a>\n\t\t\t\t\t<\/li><li class=\"et_social_twitter\">\n\t\t\t\t\t\t<a href=\"https:\/\/twitter.com\/Revistaurbe_?s=12\" class=\"et_social_follow\" data-social_name=\"twitter\" data-social_type=\"follow\" data-post_id=\"0\" target=\"_blank\">\n\t\t\t\t\t\t\t<i class=\"et_social_icon et_social_icon_twitter\"><\/i>\n\t\t\t\t\t\t\t\n\t\t\t\t\t\t\t<span class=\"et_social_overlay\"><\/span>\n\t\t\t\t\t\t<\/a>\n\t\t\t\t\t<\/li><li class=\"et_social_instagram\">\n\t\t\t\t\t\t<a href=\"https:\/\/www.instagram.com\/revistaurbe\/?igshid=osawef034cfi\" class=\"et_social_follow\" data-social_name=\"instagram\" data-social_type=\"follow\" data-post_id=\"0\" target=\"_blank\">\n\t\t\t\t\t\t\t<i class=\"et_social_icon et_social_icon_instagram\"><\/i>\n\t\t\t\t\t\t\t\n\t\t\t\t\t\t\t<span class=\"et_social_overlay\"><\/span>\n\t\t\t\t\t\t<\/a>\n\t\t\t\t\t<\/li><\/ul>\n\t\t\t\t<\/div>[\/et_pb_code][\/et_pb_column_inner][\/et_pb_row_inner][et_pb_row_inner disabled_on=\u00bbon|on|on\u00bb _builder_version=\u00bb4.4.8&#8243; custom_padding=\u00bb0px||0px|||\u00bb disabled=\u00bbon\u00bb][et_pb_column_inner saved_specialty_column_type=\u00bb2_3&#8243; _builder_version=\u00bb4.4.8&#8243;][et_pb_audio audio=\u00bbhttps:\/\/urbe.com.ar\/revista\/wp-content\/uploads\/2020\/07\/10.-For-No-One.mp3&#8243; _builder_version=\u00bb4.4.8&#8243; caption_text_color=\u00bb#ffffff\u00bb background_color=\u00bb#00c5d7&#8243; custom_margin=\u00bb||||false|false\u00bb custom_padding=\u00bb||||false|false\u00bb border_color_all_image=\u00bb#ffffff\u00bb][\/et_pb_audio][\/et_pb_column_inner][\/et_pb_row_inner][et_pb_row_inner _builder_version=\u00bb4.4.8&#8243; background_color=\u00bb#ffffff\u00bb custom_padding=\u00bb0px||3px|0px||\u00bb][et_pb_column_inner saved_specialty_column_type=\u00bb2_3&#8243; _builder_version=\u00bb4.4.8&#8243;][et_pb_text _builder_version=\u00bb4.6.6&#8243; text_font_size=\u00bb16px\u00bb text_orientation=\u00bbjustified\u00bb custom_margin=\u00bb3%|5%||5%|false|true\u00bb]<p>Con la mezcla exacta de malicia y verdad Jorge As\u00eds diagnostica en Alberto Fern\u00e1ndez un flagelo novedoso: envejecimiento prematuro. Sucede que entre aforismos y met\u00e1foras el catador de imperfecciones denuncia una de las imposturas del presente argentino.<\/p>\n<p>Si la sentencia cl\u00e1sica hegeliana es que la historia est\u00e1 condenada a repetirse (Marx le agrega con picard\u00eda que sucede primero como tragedia y luego como farsa), la Rep\u00fablica Argentina podr\u00eda aportar que en su suelo lo hace como parodia.\n<\/p>\n<p>Frente a la imposici\u00f3n de una crisis planetaria sin precedentes la b\u00fasqueda de caducidad de \u201cLa Grieta\u201d por m\u00e9todos escandinavos qued\u00f3 definitivamente desierta dando lugar a un vac\u00edo aterrador que el oficialismo (por decisi\u00f3n o incapacidad) no llena. El resultado de esta orfandad narrativa empuja a refugiarse en las viejas trincheras identitarias con sus conocidas limitaciones.<\/p>\n<p>Sin una propuesta superadora, el escenario nacional se dirime en el teatro de representaciones de su propia memoria muscular; parad\u00f3jicamente (o no tanto) lo \u201cviejo y conocido\u201d genera m\u00e1s hast\u00edo que representaci\u00f3n: como \u201cjugar de memoria\u201d sobre una f\u00f3rmula que s\u00f3lo sirvi\u00f3 para perder campeonatos.<\/p>\n<p>Mauricio Macri en su tour medi\u00e1tico refrita su universo simb\u00f3lico hasta la auto-s\u00e1tira con la mejor producci\u00f3n art\u00edstica al d\u00eda de la fecha: quejarse por la aprobaci\u00f3n de sus propios presupuestos. Mientras tanto, en la coalici\u00f3n gobernante crece la exasperaci\u00f3n por la falta de certezas y se multiplican las peticiones nost\u00e1lgicas de funcionarios que salgan a morder; tiempos mejores de violencia y certezas que cotizan en alza frente al peor de los mundos: el vac\u00edo.<\/p>\n<p>El 17 de octubre provey\u00f3 quiz\u00e1s el m\u00e1s claro s\u00edntoma de la incerteza del presente, frente al colapso virtual de la convocatoria oficial (oficialmente intuida pero jam\u00e1s explicitada) la mayor inyecci\u00f3n de fuerza al oficialismo provino justamente de una iniciativa a su pesar: la movilizaci\u00f3n popular (para evitar especulaciones basta con las palabras del Presidente \u201cagradezco aunque hubiera preferido que se queden en casa\u201d). Lecci\u00f3n absolutamente contraintuitiva para quienes se forjaron pol\u00edticamente en las dos \u00faltimas d\u00e9cadas de pol\u00edtica argentina, donde la \u201ciniciativa propia\u201d rozaba peligrosamente con la inorganicidad.<\/p>\n<p>Los diagn\u00f3sticos posibles ya son lugares comunes, los limitantes del \u201cperonismo en coalici\u00f3n\u201d, la f\u00f3rmula que \u201csirvi\u00f3 para ganar pero no para gobernar\u201d, o el famoso loteo ministerial a la Frankenstein que hunde a funcionarios en una suerte de par\u00e1lisis especulativa, son s\u00f3lo parciales y fatalmente internos; en nada sirven para explicar el presente del gran elector nacional: millones de compatriotas que votan cada dos a\u00f1os sorprendi\u00e9ndose de que no sea cada cuatro. El mayor aporte narrativo al grueso de la sociedad civil lo hizo el siempre l\u00edrico Esteban Bullrich con su \u201cargentinos capaces de vivir en la incertidumbre y disfrutarla\u201d, objetivamente m\u00e1s \u00fatil (y sintom\u00e1tico) que un an\u00e1lisis politol\u00f3gico del empate catastr\u00f3fico en los equilibrios de poder.<\/p>\n<p>Los propios al pedir conducci\u00f3n y el grueso de la sociedad al traducir \u201cfalta de rumbo\u201d en verdad denuncian la misma orfandad, la Argentina parece un gigantesco Agente Mulder invertebrado y miope que pide a gritos creer en algo, lo que sea.<\/p>\n<p>\u00bfEs posible se\u00f1alar un \u201crumbo\u201d desde el fondo de un pozo? Ya advert\u00eda Daniel Day Lewis en su impecablemente embolante retrato del Presidente Lincoln la ineficacia de las br\u00fajulas como instrumento pol\u00edtico, pueden se\u00f1alar d\u00f3nde queda el Norte, pero no advierten sobre las ci\u00e9nagas y pozos que deben esquivarse al ir en su b\u00fasqueda. <\/p>\n<p>El h\u00e1bito y la nostalgia hacen tentadora la posibilidad de desempolvar los viejos \u00e9xitos, alguna \u00e9pica fundida y un discurso con m\u00e1s ademanes de lo habitual, sin embargo en un un contexto de tensi\u00f3n permanente y volatilidad pol\u00edtica total toda certeza resulta sospechosa, y el presente se\u00f1ala que de existir la remota posibilidad de encontrar un relato en el abismo de nada sirve si termina en refacci\u00f3n permanente dado su incumplimiento cr\u00f3nico (ni propios ni ajenos quieren m\u00e1s Vicentines) la b\u00fasqueda entonces es a\u00fan m\u00e1s compleja y fatalmente de estreno, encontrar los puntos de cohesi\u00f3n en medio de una crisis nacional embestida de frente por una crisis planetaria.<\/p>\n<p>Borges dec\u00eda que en las grietas est\u00e1 Dios, que acecha; y en la Argentina del caos por algunas hendiduras tambi\u00e9n entra luz: El acuerdo imposible obtenido por Mart\u00edn Guzm\u00e1n o el acierto rotundo en la pol\u00edtica exterior de Alberto Fern\u00e1ndez en su her\u00f3ico salvoconducto a Evo Morales no tienen nada que envidiarle a una \u00e9pica propia de reconstrucci\u00f3n nacional. En ambas gestas aparece una singularidad, se realizaron en soledad aparente y casi vedadas al p\u00fablico, gestiones urgentes con comunicados que se publican a las 3 am y peticiones secretas a Brasil para sobrevolar su espacio a\u00e9reo.<\/p>\n<p>Si a esos aut\u00e9nticos hitos los complementamos con el se\u00f1alamiento objetivo de que en medio de una pandemia que hunde las econom\u00edas mundiales y con el peor contexto local de su historia, el Gobierno sostienes niveles de conflicto social relativamente bajos; adem\u00e1s de un clima creciente de voceros con discursos s\u00f3lidos en sus respectivas \u00e1reas que amagan con empezar a hablar (y a hacer), se puede intuir el m\u00e1s \u201coptimista\u201d de los balances.<\/p>\n<p>Un optimismo as\u00ed, entre comillas y vedado, de por s\u00ed insuficiente y hasta vergonzante en un contexto con casi la mitad de compatriotas debajo de la l\u00ednea de la pobreza pero a la vez indispensable de cara al \u00fanico objetivo impostergable, revertir esa situaci\u00f3n.<\/p>\n<p>Un spot se filtra en la televisi\u00f3n, su est\u00e9tica es casi corporativa y confunde, argentinos y argentinas hacen fuerza tirando de sus respectivas sogas en hosco cumplimiento de una tarea tit\u00e1nica, nada garantiza que el futuro sea mejor pero las grandes gestas pueden prescindir de algunas garant\u00edas cuando la tarea es urgente (deben), en los retazos de esa t\u00edmida comunicaci\u00f3n oficial asoma una necesidad vital hasta ahora inexplorada: el orgullo.<\/p>\n<p>Si mostrar \u201cel rumbo\u201d desde el fondo de un pozo es imposible, resulta indispensable empezar a se\u00f1alar para arriba.\n<\/p>[\/et_pb_text][et_pb_image src=\u00bbhttps:\/\/urbe.com.ar\/revista\/wp-content\/uploads\/2020\/08\/fin-opiniones.png\u00bb _builder_version=\u00bb4.4.8&#8243; custom_margin=\u00bb5%||5%||true|false\u00bb][\/et_pb_image][\/et_pb_column_inner][\/et_pb_row_inner][\/et_pb_column][et_pb_column type=\u00bb1_3&#8243; _builder_version=\u00bb3.25&#8243; custom_padding=\u00bb|||\u00bb custom_padding__hover=\u00bb|||\u00bb][et_pb_blog fullwidth=\u00bboff\u00bb posts_number=\u00bb2&#8243; include_categories=\u00bb8,7&#8243; meta_date=\u00bbj M,Y\u00bb excerpt_length=\u00bb80&#8243; show_author=\u00bboff\u00bb show_categories=\u00bboff\u00bb show_pagination=\u00bboff\u00bb masonry_tile_background_color=\u00bb#83d9d8&#8243; disabled_on=\u00bbon|off|off\u00bb _builder_version=\u00bb4.4.8&#8243; header_text_color=\u00bb#FFFFFF\u00bb body_text_color=\u00bb#FFFFFF\u00bb meta_text_color=\u00bb#FFFFFF\u00bb read_more_text_color=\u00bb#FFFFFF\u00bb background_enable_color=\u00bboff\u00bb custom_margin=\u00bb-9%||1%||false|false\u00bb custom_margin_tablet=\u00bb0%||||false|false\u00bb custom_margin_phone=\u00bb\u00bb custom_margin_last_edited=\u00bbon|desktop\u00bb custom_padding=\u00bb||0px|||\u00bb header_text_shadow_style=\u00bbpreset3&#8243; header_text_shadow_color=\u00bb#000000&#8243; body_text_shadow_style=\u00bbpreset3&#8243; body_text_shadow_color=\u00bb#000000&#8243; meta_text_shadow_style=\u00bbpreset3&#8243; meta_text_shadow_color=\u00bb#000000&#8243; border_color_all_image=\u00bb#a4e3e9&#8243; border_width_top_image=\u00bb2px\u00bb text_shadow_style=\u00bbpreset3&#8243; text_shadow_blur_strength=\u00bb0.54em\u00bb text_shadow_color=\u00bb#000000&#8243;][\/et_pb_blog][et_pb_blog fullwidth=\u00bboff\u00bb posts_number=\u00bb2&#8243; include_categories=\u00bb10&#8243; meta_date=\u00bbj M,Y\u00bb excerpt_length=\u00bb80&#8243; show_author=\u00bboff\u00bb show_categories=\u00bboff\u00bb show_pagination=\u00bboff\u00bb masonry_tile_background_color=\u00bb#83d9d8&#8243; disabled_on=\u00bbon|off|off\u00bb _builder_version=\u00bb4.4.8&#8243; header_text_color=\u00bb#FFFFFF\u00bb body_text_color=\u00bb#FFFFFF\u00bb meta_text_color=\u00bb#FFFFFF\u00bb read_more_text_color=\u00bb#FFFFFF\u00bb background_enable_color=\u00bboff\u00bb custom_margin=\u00bb-9%||1%||false|false\u00bb custom_padding=\u00bb||0px|||\u00bb header_text_shadow_style=\u00bbpreset3&#8243; header_text_shadow_color=\u00bb#000000&#8243; body_text_shadow_style=\u00bbpreset3&#8243; body_text_shadow_color=\u00bb#000000&#8243; meta_text_shadow_style=\u00bbpreset3&#8243; meta_text_shadow_color=\u00bb#000000&#8243; border_color_all_image=\u00bb#a4e3e9&#8243; border_width_top_image=\u00bb2px\u00bb text_shadow_style=\u00bbpreset3&#8243; text_shadow_blur_strength=\u00bb0.54em\u00bb text_shadow_color=\u00bb#000000&#8243; locked=\u00bboff\u00bb][\/et_pb_blog][et_pb_blog fullwidth=\u00bboff\u00bb posts_number=\u00bb2&#8243; include_categories=\u00bb11&#8243; meta_date=\u00bbj M,Y\u00bb excerpt_length=\u00bb80&#8243; show_author=\u00bboff\u00bb show_categories=\u00bboff\u00bb show_pagination=\u00bboff\u00bb masonry_tile_background_color=\u00bb#83d9d8&#8243; disabled_on=\u00bbon|off|off\u00bb _builder_version=\u00bb4.4.8&#8243; header_text_color=\u00bb#FFFFFF\u00bb body_text_color=\u00bb#FFFFFF\u00bb meta_text_color=\u00bb#FFFFFF\u00bb read_more_text_color=\u00bb#FFFFFF\u00bb background_enable_color=\u00bboff\u00bb custom_margin=\u00bb-9%||1%||false|false\u00bb custom_padding=\u00bb||0px|||\u00bb header_text_shadow_style=\u00bbpreset3&#8243; header_text_shadow_color=\u00bb#000000&#8243; body_text_shadow_style=\u00bbpreset3&#8243; body_text_shadow_color=\u00bb#000000&#8243; meta_text_shadow_style=\u00bbpreset3&#8243; meta_text_shadow_color=\u00bb#000000&#8243; border_color_all_image=\u00bb#a4e3e9&#8243; border_width_top_image=\u00bb2px\u00bb text_shadow_style=\u00bbpreset3&#8243; text_shadow_blur_strength=\u00bb0.54em\u00bb text_shadow_color=\u00bb#000000&#8243;][\/et_pb_blog][et_pb_code _builder_version=\u00bb4.4.8&#8243;]<style><!-- [et_pb_line_break_holder] -->  .et_pb_post .et_pb_image_container{<!-- [et_pb_line_break_holder] -->    margin-bottom: -144px;<!-- [et_pb_line_break_holder] -->}<!-- [et_pb_line_break_holder] --><!-- [et_pb_line_break_holder] -->.et_pb_post .entry-title{<!-- [et_pb_line_break_holder] -->    position: relative;<!-- [et_pb_line_break_holder] -->    bottom: 40px;<!-- [et_pb_line_break_holder] -->    margin-bottom: -50px;<!-- [et_pb_line_break_holder] -->}<!-- [et_pb_line_break_holder] --><!-- [et_pb_line_break_holder] -->.et_pb_post .post-meta,.et_pb_post .post-content{<!-- [et_pb_line_break_holder] -->    position: relative;<!-- [et_pb_line_break_holder] -->    bottom: 0px;<!-- [et_pb_line_break_holder] -->}<\/style>[\/et_pb_code][\/et_pb_column][\/et_pb_section]\n","protected":false},"excerpt":{"rendered":"<p>Por Tom\u00e1s Rebord | Con la mezcla exacta de malicia y verdad Jorge As\u00eds diagnostica en Alberto Fern\u00e1ndez un flagelo novedoso: envejecimiento prematuro. Sucede que entre aforismos y met\u00e1foras el catador de imperfecciones denuncia una de las imposturas del presente argentino. Si la sentencia cl\u00e1sica hegeliana es que la historia est\u00e1 condenada a repetirse (Marx [&hellip;]<\/p>\n","protected":false},"author":2,"featured_media":3174,"comment_status":"closed","ping_status":"closed","sticky":false,"template":"","format":"standard","meta":{"_et_pb_use_builder":"on","_et_pb_old_content":"","_et_gb_content_width":"","_jetpack_memberships_contains_paid_content":false,"footnotes":""},"categories":[29],"tags":[],"class_list":["post-3075","post","type-post","status-publish","format-standard","has-post-thumbnail","hentry","category-politica"],"yoast_head":"<!-- This site is optimized with the Yoast SEO plugin v27.5 - https:\/\/yoast.com\/product\/yoast-seo-wordpress\/ -->\n<title>Un relato en el abismo. - Revista Urbe<\/title>\n<meta name=\"robots\" content=\"index, follow, max-snippet:-1, max-image-preview:large, max-video-preview:-1\" \/>\n<link rel=\"canonical\" href=\"https:\/\/urbe.com.ar\/revista\/un-relato-en-el-abismo\/\" \/>\n<meta property=\"og:locale\" content=\"es_ES\" \/>\n<meta property=\"og:type\" content=\"article\" \/>\n<meta property=\"og:title\" content=\"Un relato en el abismo. - Revista Urbe\" \/>\n<meta property=\"og:description\" content=\"Por Tom\u00e1s Rebord | Con la mezcla exacta de malicia y verdad Jorge As\u00eds diagnostica en Alberto Fern\u00e1ndez un flagelo novedoso: envejecimiento prematuro. Sucede que entre aforismos y met\u00e1foras el catador de imperfecciones denuncia una de las imposturas del presente argentino. Si la sentencia cl\u00e1sica hegeliana es que la historia est\u00e1 condenada a repetirse (Marx [&hellip;]\" \/>\n<meta property=\"og:url\" content=\"https:\/\/urbe.com.ar\/revista\/un-relato-en-el-abismo\/\" \/>\n<meta property=\"og:site_name\" content=\"Revista Urbe\" \/>\n<meta property=\"article:published_time\" content=\"2020-10-25T00:05:34+00:00\" \/>\n<meta property=\"article:modified_time\" content=\"2023-12-04T15:33:42+00:00\" \/>\n<meta property=\"og:image\" content=\"https:\/\/urbe.com.ar\/revista\/wp-content\/uploads\/2020\/10\/o-rebord612.jpg\" \/>\n\t<meta property=\"og:image:width\" content=\"612\" \/>\n\t<meta property=\"og:image:height\" content=\"551\" \/>\n\t<meta property=\"og:image:type\" content=\"image\/jpeg\" \/>\n<meta name=\"author\" content=\"Revista Urbe\" \/>\n<meta name=\"twitter:card\" content=\"summary_large_image\" \/>\n<meta name=\"twitter:creator\" content=\"@Revistaurbe_\" \/>\n<meta name=\"twitter:site\" content=\"@Revistaurbe_\" \/>\n<meta name=\"twitter:label1\" content=\"Escrito por\" \/>\n\t<meta name=\"twitter:data1\" content=\"Revista Urbe\" \/>\n\t<meta name=\"twitter:label2\" content=\"Tiempo de lectura\" \/>\n\t<meta name=\"twitter:data2\" content=\"7 minutos\" \/>\n<script type=\"application\/ld+json\" class=\"yoast-schema-graph\">{\"@context\":\"https:\\\/\\\/schema.org\",\"@graph\":[{\"@type\":\"Article\",\"@id\":\"https:\\\/\\\/urbe.com.ar\\\/revista\\\/un-relato-en-el-abismo\\\/#article\",\"isPartOf\":{\"@id\":\"https:\\\/\\\/urbe.com.ar\\\/revista\\\/un-relato-en-el-abismo\\\/\"},\"author\":{\"name\":\"Revista Urbe\",\"@id\":\"https:\\\/\\\/urbe.com.ar\\\/revista\\\/#\\\/schema\\\/person\\\/6eb3e83c215b12e07f3981b58fdaf67f\"},\"headline\":\"Un relato en el abismo.\",\"datePublished\":\"2020-10-25T00:05:34+00:00\",\"dateModified\":\"2023-12-04T15:33:42+00:00\",\"mainEntityOfPage\":{\"@id\":\"https:\\\/\\\/urbe.com.ar\\\/revista\\\/un-relato-en-el-abismo\\\/\"},\"wordCount\":2447,\"image\":{\"@id\":\"https:\\\/\\\/urbe.com.ar\\\/revista\\\/un-relato-en-el-abismo\\\/#primaryimage\"},\"thumbnailUrl\":\"https:\\\/\\\/i0.wp.com\\\/urbe.com.ar\\\/revista\\\/wp-content\\\/uploads\\\/2020\\\/10\\\/o-rebord612.jpg?fit=612%2C551&ssl=1\",\"articleSection\":[\"POL\u00cdTICA\"],\"inLanguage\":\"es\"},{\"@type\":\"WebPage\",\"@id\":\"https:\\\/\\\/urbe.com.ar\\\/revista\\\/un-relato-en-el-abismo\\\/\",\"url\":\"https:\\\/\\\/urbe.com.ar\\\/revista\\\/un-relato-en-el-abismo\\\/\",\"name\":\"Un relato en el abismo. - Revista Urbe\",\"isPartOf\":{\"@id\":\"https:\\\/\\\/urbe.com.ar\\\/revista\\\/#website\"},\"primaryImageOfPage\":{\"@id\":\"https:\\\/\\\/urbe.com.ar\\\/revista\\\/un-relato-en-el-abismo\\\/#primaryimage\"},\"image\":{\"@id\":\"https:\\\/\\\/urbe.com.ar\\\/revista\\\/un-relato-en-el-abismo\\\/#primaryimage\"},\"thumbnailUrl\":\"https:\\\/\\\/i0.wp.com\\\/urbe.com.ar\\\/revista\\\/wp-content\\\/uploads\\\/2020\\\/10\\\/o-rebord612.jpg?fit=612%2C551&ssl=1\",\"datePublished\":\"2020-10-25T00:05:34+00:00\",\"dateModified\":\"2023-12-04T15:33:42+00:00\",\"author\":{\"@id\":\"https:\\\/\\\/urbe.com.ar\\\/revista\\\/#\\\/schema\\\/person\\\/6eb3e83c215b12e07f3981b58fdaf67f\"},\"breadcrumb\":{\"@id\":\"https:\\\/\\\/urbe.com.ar\\\/revista\\\/un-relato-en-el-abismo\\\/#breadcrumb\"},\"inLanguage\":\"es\",\"potentialAction\":[{\"@type\":\"ReadAction\",\"target\":[\"https:\\\/\\\/urbe.com.ar\\\/revista\\\/un-relato-en-el-abismo\\\/\"]}]},{\"@type\":\"ImageObject\",\"inLanguage\":\"es\",\"@id\":\"https:\\\/\\\/urbe.com.ar\\\/revista\\\/un-relato-en-el-abismo\\\/#primaryimage\",\"url\":\"https:\\\/\\\/i0.wp.com\\\/urbe.com.ar\\\/revista\\\/wp-content\\\/uploads\\\/2020\\\/10\\\/o-rebord612.jpg?fit=612%2C551&ssl=1\",\"contentUrl\":\"https:\\\/\\\/i0.wp.com\\\/urbe.com.ar\\\/revista\\\/wp-content\\\/uploads\\\/2020\\\/10\\\/o-rebord612.jpg?fit=612%2C551&ssl=1\",\"width\":612,\"height\":551},{\"@type\":\"BreadcrumbList\",\"@id\":\"https:\\\/\\\/urbe.com.ar\\\/revista\\\/un-relato-en-el-abismo\\\/#breadcrumb\",\"itemListElement\":[{\"@type\":\"ListItem\",\"position\":1,\"name\":\"Portada\",\"item\":\"https:\\\/\\\/urbe.com.ar\\\/revista\\\/\"},{\"@type\":\"ListItem\",\"position\":2,\"name\":\"Un relato en el abismo.\"}]},{\"@type\":\"WebSite\",\"@id\":\"https:\\\/\\\/urbe.com.ar\\\/revista\\\/#website\",\"url\":\"https:\\\/\\\/urbe.com.ar\\\/revista\\\/\",\"name\":\"Revista Urbe\",\"description\":\"\",\"potentialAction\":[{\"@type\":\"SearchAction\",\"target\":{\"@type\":\"EntryPoint\",\"urlTemplate\":\"https:\\\/\\\/urbe.com.ar\\\/revista\\\/?s={search_term_string}\"},\"query-input\":{\"@type\":\"PropertyValueSpecification\",\"valueRequired\":true,\"valueName\":\"search_term_string\"}}],\"inLanguage\":\"es\"},{\"@type\":\"Person\",\"@id\":\"https:\\\/\\\/urbe.com.ar\\\/revista\\\/#\\\/schema\\\/person\\\/6eb3e83c215b12e07f3981b58fdaf67f\",\"name\":\"Revista Urbe\",\"image\":{\"@type\":\"ImageObject\",\"inLanguage\":\"es\",\"@id\":\"https:\\\/\\\/secure.gravatar.com\\\/avatar\\\/72b666e32a633c73c1c87ac7208dfbba855299e1caed438da06924072c6b6b78?s=96&d=mm&r=g\",\"url\":\"https:\\\/\\\/secure.gravatar.com\\\/avatar\\\/72b666e32a633c73c1c87ac7208dfbba855299e1caed438da06924072c6b6b78?s=96&d=mm&r=g\",\"contentUrl\":\"https:\\\/\\\/secure.gravatar.com\\\/avatar\\\/72b666e32a633c73c1c87ac7208dfbba855299e1caed438da06924072c6b6b78?s=96&d=mm&r=g\",\"caption\":\"Revista Urbe\"},\"url\":\"https:\\\/\\\/urbe.com.ar\\\/revista\\\/author\\\/c1321401\\\/\"}]}<\/script>\n<!-- \/ Yoast SEO plugin. -->","yoast_head_json":{"title":"Un relato en el abismo. - Revista Urbe","robots":{"index":"index","follow":"follow","max-snippet":"max-snippet:-1","max-image-preview":"max-image-preview:large","max-video-preview":"max-video-preview:-1"},"canonical":"https:\/\/urbe.com.ar\/revista\/un-relato-en-el-abismo\/","og_locale":"es_ES","og_type":"article","og_title":"Un relato en el abismo. - Revista Urbe","og_description":"Por Tom\u00e1s Rebord | Con la mezcla exacta de malicia y verdad Jorge As\u00eds diagnostica en Alberto Fern\u00e1ndez un flagelo novedoso: envejecimiento prematuro. Sucede que entre aforismos y met\u00e1foras el catador de imperfecciones denuncia una de las imposturas del presente argentino. Si la sentencia cl\u00e1sica hegeliana es que la historia est\u00e1 condenada a repetirse (Marx [&hellip;]","og_url":"https:\/\/urbe.com.ar\/revista\/un-relato-en-el-abismo\/","og_site_name":"Revista Urbe","article_published_time":"2020-10-25T00:05:34+00:00","article_modified_time":"2023-12-04T15:33:42+00:00","og_image":[{"width":612,"height":551,"url":"https:\/\/urbe.com.ar\/revista\/wp-content\/uploads\/2020\/10\/o-rebord612.jpg","type":"image\/jpeg"}],"author":"Revista Urbe","twitter_card":"summary_large_image","twitter_creator":"@Revistaurbe_","twitter_site":"@Revistaurbe_","twitter_misc":{"Escrito por":"Revista Urbe","Tiempo de lectura":"7 minutos"},"schema":{"@context":"https:\/\/schema.org","@graph":[{"@type":"Article","@id":"https:\/\/urbe.com.ar\/revista\/un-relato-en-el-abismo\/#article","isPartOf":{"@id":"https:\/\/urbe.com.ar\/revista\/un-relato-en-el-abismo\/"},"author":{"name":"Revista Urbe","@id":"https:\/\/urbe.com.ar\/revista\/#\/schema\/person\/6eb3e83c215b12e07f3981b58fdaf67f"},"headline":"Un relato en el abismo.","datePublished":"2020-10-25T00:05:34+00:00","dateModified":"2023-12-04T15:33:42+00:00","mainEntityOfPage":{"@id":"https:\/\/urbe.com.ar\/revista\/un-relato-en-el-abismo\/"},"wordCount":2447,"image":{"@id":"https:\/\/urbe.com.ar\/revista\/un-relato-en-el-abismo\/#primaryimage"},"thumbnailUrl":"https:\/\/i0.wp.com\/urbe.com.ar\/revista\/wp-content\/uploads\/2020\/10\/o-rebord612.jpg?fit=612%2C551&ssl=1","articleSection":["POL\u00cdTICA"],"inLanguage":"es"},{"@type":"WebPage","@id":"https:\/\/urbe.com.ar\/revista\/un-relato-en-el-abismo\/","url":"https:\/\/urbe.com.ar\/revista\/un-relato-en-el-abismo\/","name":"Un relato en el abismo. - Revista Urbe","isPartOf":{"@id":"https:\/\/urbe.com.ar\/revista\/#website"},"primaryImageOfPage":{"@id":"https:\/\/urbe.com.ar\/revista\/un-relato-en-el-abismo\/#primaryimage"},"image":{"@id":"https:\/\/urbe.com.ar\/revista\/un-relato-en-el-abismo\/#primaryimage"},"thumbnailUrl":"https:\/\/i0.wp.com\/urbe.com.ar\/revista\/wp-content\/uploads\/2020\/10\/o-rebord612.jpg?fit=612%2C551&ssl=1","datePublished":"2020-10-25T00:05:34+00:00","dateModified":"2023-12-04T15:33:42+00:00","author":{"@id":"https:\/\/urbe.com.ar\/revista\/#\/schema\/person\/6eb3e83c215b12e07f3981b58fdaf67f"},"breadcrumb":{"@id":"https:\/\/urbe.com.ar\/revista\/un-relato-en-el-abismo\/#breadcrumb"},"inLanguage":"es","potentialAction":[{"@type":"ReadAction","target":["https:\/\/urbe.com.ar\/revista\/un-relato-en-el-abismo\/"]}]},{"@type":"ImageObject","inLanguage":"es","@id":"https:\/\/urbe.com.ar\/revista\/un-relato-en-el-abismo\/#primaryimage","url":"https:\/\/i0.wp.com\/urbe.com.ar\/revista\/wp-content\/uploads\/2020\/10\/o-rebord612.jpg?fit=612%2C551&ssl=1","contentUrl":"https:\/\/i0.wp.com\/urbe.com.ar\/revista\/wp-content\/uploads\/2020\/10\/o-rebord612.jpg?fit=612%2C551&ssl=1","width":612,"height":551},{"@type":"BreadcrumbList","@id":"https:\/\/urbe.com.ar\/revista\/un-relato-en-el-abismo\/#breadcrumb","itemListElement":[{"@type":"ListItem","position":1,"name":"Portada","item":"https:\/\/urbe.com.ar\/revista\/"},{"@type":"ListItem","position":2,"name":"Un relato en el abismo."}]},{"@type":"WebSite","@id":"https:\/\/urbe.com.ar\/revista\/#website","url":"https:\/\/urbe.com.ar\/revista\/","name":"Revista Urbe","description":"","potentialAction":[{"@type":"SearchAction","target":{"@type":"EntryPoint","urlTemplate":"https:\/\/urbe.com.ar\/revista\/?s={search_term_string}"},"query-input":{"@type":"PropertyValueSpecification","valueRequired":true,"valueName":"search_term_string"}}],"inLanguage":"es"},{"@type":"Person","@id":"https:\/\/urbe.com.ar\/revista\/#\/schema\/person\/6eb3e83c215b12e07f3981b58fdaf67f","name":"Revista Urbe","image":{"@type":"ImageObject","inLanguage":"es","@id":"https:\/\/secure.gravatar.com\/avatar\/72b666e32a633c73c1c87ac7208dfbba855299e1caed438da06924072c6b6b78?s=96&d=mm&r=g","url":"https:\/\/secure.gravatar.com\/avatar\/72b666e32a633c73c1c87ac7208dfbba855299e1caed438da06924072c6b6b78?s=96&d=mm&r=g","contentUrl":"https:\/\/secure.gravatar.com\/avatar\/72b666e32a633c73c1c87ac7208dfbba855299e1caed438da06924072c6b6b78?s=96&d=mm&r=g","caption":"Revista Urbe"},"url":"https:\/\/urbe.com.ar\/revista\/author\/c1321401\/"}]}},"jetpack_featured_media_url":"https:\/\/i0.wp.com\/urbe.com.ar\/revista\/wp-content\/uploads\/2020\/10\/o-rebord612.jpg?fit=612%2C551&ssl=1","jetpack_sharing_enabled":true,"_links":{"self":[{"href":"https:\/\/urbe.com.ar\/revista\/wp-json\/wp\/v2\/posts\/3075","targetHints":{"allow":["GET"]}}],"collection":[{"href":"https:\/\/urbe.com.ar\/revista\/wp-json\/wp\/v2\/posts"}],"about":[{"href":"https:\/\/urbe.com.ar\/revista\/wp-json\/wp\/v2\/types\/post"}],"author":[{"embeddable":true,"href":"https:\/\/urbe.com.ar\/revista\/wp-json\/wp\/v2\/users\/2"}],"replies":[{"embeddable":true,"href":"https:\/\/urbe.com.ar\/revista\/wp-json\/wp\/v2\/comments?post=3075"}],"version-history":[{"count":8,"href":"https:\/\/urbe.com.ar\/revista\/wp-json\/wp\/v2\/posts\/3075\/revisions"}],"predecessor-version":[{"id":8978,"href":"https:\/\/urbe.com.ar\/revista\/wp-json\/wp\/v2\/posts\/3075\/revisions\/8978"}],"wp:featuredmedia":[{"embeddable":true,"href":"https:\/\/urbe.com.ar\/revista\/wp-json\/wp\/v2\/media\/3174"}],"wp:attachment":[{"href":"https:\/\/urbe.com.ar\/revista\/wp-json\/wp\/v2\/media?parent=3075"}],"wp:term":[{"taxonomy":"category","embeddable":true,"href":"https:\/\/urbe.com.ar\/revista\/wp-json\/wp\/v2\/categories?post=3075"},{"taxonomy":"post_tag","embeddable":true,"href":"https:\/\/urbe.com.ar\/revista\/wp-json\/wp\/v2\/tags?post=3075"}],"curies":[{"name":"wp","href":"https:\/\/api.w.org\/{rel}","templated":true}]}}