{"id":3035,"date":"2020-10-11T00:02:37","date_gmt":"2020-10-11T00:02:37","guid":{"rendered":"https:\/\/urbe.com.ar\/revista\/?p=3035"},"modified":"2023-06-03T23:24:10","modified_gmt":"2023-06-03T23:24:10","slug":"costa-salguero-esto-recien-empieza","status":"publish","type":"post","link":"https:\/\/urbe.com.ar\/revista\/costa-salguero-esto-recien-empieza\/","title":{"rendered":"Costa Salguero, esto reci\u00e9n empieza"},"content":{"rendered":"<p>[et_pb_section fb_built=\u00bb1&#8243; disabled_on=\u00bbon|on|on\u00bb _builder_version=\u00bb4.4.8&#8243; disabled=\u00bbon\u00bb][et_pb_row _builder_version=\u00bb4.4.8&#8243;][et_pb_column type=\u00bb4_4&#8243; _builder_version=\u00bb4.4.8&#8243;][et_pb_text disabled_on=\u00bbon|on|on\u00bb _builder_version=\u00bb4.6.5&#8243; disabled=\u00bbon\u00bb]<\/p>\n<p>Por Juan Manuel Vald\u00e9s  |<br \/>\nEl fuerte rechazo generado por la venta de Costa Salguero y Punta Carrasco para el emplazamiento de torres puso en evidencia la existencia de una demanda social por el ambiente saludable en la pospandemia. Los puntos ciegos de la gesti\u00f3n PRO: venta de tierras p\u00fablicas, densificaci\u00f3n inmobiliaria y utilizaci\u00f3n express de la Legislatura han quedado expuestos en un tema que deber\u00e1 volver a tratarse en el recinto tras pasar por una audiencia p\u00fablica. Ser\u00e1 tarea del arco opositor mantener la llama viva y estar a la altura de la ciudadan\u00eda que se despert\u00f3.<\/p>\n<p>[\/et_pb_text][\/et_pb_column][\/et_pb_row][\/et_pb_section][et_pb_section fb_built=\u00bb1&#8243; disabled_on=\u00bbon|on|off\u00bb _builder_version=\u00bb4.4.8&#8243; background_enable_color=\u00bboff\u00bb width=\u00bb100%\u00bb max_width=\u00bb100%\u00bb custom_padding=\u00bb0px||0px||false|false\u00bb][et_pb_row column_structure=\u00bb2_3,1_3&#8243; use_custom_gutter=\u00bbon\u00bb gutter_width=\u00bb1&#8243; make_equal=\u00bbon\u00bb _builder_version=\u00bb4.6.5&#8243; custom_margin=\u00bb||0%||false|false\u00bb custom_padding=\u00bb0px||1%||false|false\u00bb][et_pb_column type=\u00bb2_3&#8243; _builder_version=\u00bb4.6.5&#8243; background_image=\u00bbhttps:\/\/urbe.com.ar\/revista\/wp-content\/uploads\/2020\/10\/u-valdez-720.jpg\u00bb][\/et_pb_column][et_pb_column type=\u00bb1_3&#8243; _builder_version=\u00bb4.4.8&#8243; background_enable_image=\u00bboff\u00bb][et_pb_image src=\u00bbhttps:\/\/urbe.com.ar\/revista\/wp-content\/uploads\/2020\/07\/logo-nota-cuadrado.jpg\u00bb url=\u00bbhttps:\/\/urbe.com.ar\/revista\/\u00bb _builder_version=\u00bb4.4.8&#8243; custom_margin=\u00bb|||3%|false|false\u00bb][\/et_pb_image][\/et_pb_column][\/et_pb_row][\/et_pb_section][et_pb_section fb_built=\u00bb1&#8243; disabled_on=\u00bboff|off|on\u00bb _builder_version=\u00bb4.4.8&#8243; background_enable_color=\u00bboff\u00bb width=\u00bb100%\u00bb max_width=\u00bb100%\u00bb custom_padding=\u00bb0px||0px||false|false\u00bb][et_pb_row use_custom_gutter=\u00bbon\u00bb gutter_width=\u00bb1&#8243; make_equal=\u00bbon\u00bb _builder_version=\u00bb4.4.8&#8243; custom_margin=\u00bb||0%||false|false\u00bb custom_padding=\u00bb0px||1%||false|false\u00bb][et_pb_column type=\u00bb4_4&#8243; _builder_version=\u00bb4.4.8&#8243; background_enable_image=\u00bboff\u00bb][et_pb_image src=\u00bbhttps:\/\/urbe.com.ar\/revista\/wp-content\/uploads\/2020\/10\/u-valdez-720.jpg\u00bb align=\u00bbcenter\u00bb _builder_version=\u00bb4.6.5&#8243; background_enable_image=\u00bboff\u00bb][\/et_pb_image][\/et_pb_column][\/et_pb_row][\/et_pb_section][et_pb_section fb_built=\u00bb1&#8243; use_custom_gutter=\u00bbon\u00bb specialty=\u00bbon\u00bb padding_top_bottom_link_1=\u00bbfalse\u00bb padding_top_bottom_link_2=\u00bbfalse\u00bb padding_left_right_link_1=\u00bbfalse\u00bb padding_left_right_link_2=\u00bbfalse\u00bb padding_left_2=\u00bb1%\u00bb _builder_version=\u00bb4.4.8&#8243; custom_padding=\u00bb0px||0px|||\u00bb][et_pb_column type=\u00bb2_3&#8243; specialty_columns=\u00bb2&#8243; _builder_version=\u00bb3.25&#8243; custom_padding=\u00bb|||\u00bb custom_padding__hover=\u00bb|||\u00bb][et_pb_row_inner _builder_version=\u00bb4.4.8&#8243; custom_padding=\u00bb0px||0px|||\u00bb][et_pb_column_inner saved_specialty_column_type=\u00bb2_3&#8243; _builder_version=\u00bb4.4.8&#8243;][et_pb_text _builder_version=\u00bb4.4.8&#8243; text_text_color=\u00bb#ffffff\u00bb header_text_color=\u00bb#ffffff\u00bb background_image=\u00bbhttps:\/\/urbe.com.ar\/revista\/wp-content\/uploads\/2020\/07\/barra-urbe.jpg\u00bb text_orientation=\u00bbcenter\u00bb]<\/p>\n<h1>URBE<\/h1>\n<p>[\/et_pb_text][\/et_pb_column_inner][\/et_pb_row_inner][et_pb_row_inner _builder_version=\u00bb4.4.8&#8243; background_color=\u00bb#ffffff\u00bb custom_padding=\u00bb0px||0px|||\u00bb][et_pb_column_inner saved_specialty_column_type=\u00bb2_3&#8243; _builder_version=\u00bb4.4.8&#8243;][et_pb_text _builder_version=\u00bb4.6.5&#8243; header_text_align=\u00bbcenter\u00bb header_text_color=\u00bb#009fad\u00bb header_font_size=\u00bb28px\u00bb header_3_text_align=\u00bbcenter\u00bb header_3_text_color=\u00bb#009fad\u00bb custom_margin=\u00bb3%|5%|3%|5%|true|true\u00bb custom_padding=\u00bb|5%||5%|false|true\u00bb hover_enabled=\u00bb0&#8243; sticky_enabled=\u00bb0&#8243;]<\/p>\n<h1>COSTA SALGUERO, ESTO RECI\u00c9N EMPIEZA<\/h1>\n<p>[\/et_pb_text][et_pb_text _builder_version=\u00bb4.6.5&#8243; text_font=\u00bb|600|||||||\u00bb text_text_color=\u00bb#009fad\u00bb text_font_size=\u00bb18px\u00bb header_text_align=\u00bbcenter\u00bb header_font_size=\u00bb35px\u00bb text_orientation=\u00bbjustified\u00bb custom_margin=\u00bb2%|5%|0%|5%|false|true\u00bb hover_enabled=\u00bb0&#8243; sticky_enabled=\u00bb0&#8243;]<\/p>\n<p>Por <b>Juan Manuel Vald\u00e9s<\/b><\/p>\n<p>[\/et_pb_text][et_pb_text _builder_version=\u00bb4.6.5&#8243; text_font=\u00bb||||||||\u00bb text_text_color=\u00bb#009fad\u00bb text_font_size=\u00bb18px\u00bb header_text_align=\u00bbcenter\u00bb header_font_size=\u00bb35px\u00bb text_orientation=\u00bbjustified\u00bb custom_margin=\u00bb0%|5%|2%|5%|false|true\u00bb]<\/p>\n<p>11\/10\/2020<\/p>\n<p>[\/et_pb_text][\/et_pb_column_inner][\/et_pb_row_inner][et_pb_row_inner _builder_version=\u00bb4.4.8&#8243; background_color=\u00bb#ffffff\u00bb custom_padding=\u00bb0px||3px|0px||\u00bb][et_pb_column_inner saved_specialty_column_type=\u00bb2_3&#8243; _builder_version=\u00bb4.4.8&#8243;][et_pb_image src=\u00bbhttps:\/\/urbe.com.ar\/revista\/wp-content\/uploads\/2020\/07\/separador-urbe.png\u00bb _builder_version=\u00bb4.4.8&#8243;][\/et_pb_image][et_pb_text _builder_version=\u00bb4.6.5&#8243; text_font_size=\u00bb16px\u00bb text_orientation=\u00bbjustified\u00bb custom_margin=\u00bb|5%||5%|false|true\u00bb]<\/p>\n<p>El fuerte rechazo generado por la venta de Costa Salguero y Punta Carrasco para el emplazamiento de torres puso en evidencia la existencia de una demanda social por el ambiente saludable en la pospandemia. Los puntos ciegos de la gesti\u00f3n PRO: venta de tierras p\u00fablicas, densificaci\u00f3n inmobiliaria y utilizaci\u00f3n express de la Legislatura han quedado expuestos en un tema que deber\u00e1 volver a tratarse en el recinto tras pasar por una audiencia p\u00fablica. Ser\u00e1 tarea del arco opositor mantener la llama viva y estar a la altura de la ciudadan\u00eda que se despert\u00f3.<\/p>\n<p>Buenos Aires es una de las ciudades con peores estad\u00edsticas en materia de espacios verdes de Am\u00e9rica Latina. Sus n\u00fameros son la mitad de los que tienen ciudades administradas con menores presupuestos, como Rosario, que la duplica. La concentraci\u00f3n de los \u201crunners\u201d en el Parque 3 de Febrero ser\u00e1 una de las postales m\u00e1s recordadas en esta nueva normalidad. Ante un gobierno nacional que repite el lema \u201cquedate en casa\u201d la afici\u00f3n atl\u00e9tica de estos porte\u00f1os fue atacado por individualista, cuando en realidad manifestaba la falta de espacios p\u00fablicos en nuestro tejido urbano. No sobran runners, faltan plazas.\n<\/p>\n<p>[\/et_pb_text][et_pb_image src=\u00bbhttps:\/\/urbe.com.ar\/revista\/wp-content\/uploads\/2020\/10\/grafico-espacios-verdes.jpg\u00bb align=\u00bbcenter\u00bb _builder_version=\u00bb4.6.5&#8243; _module_preset=\u00bbdefault\u00bb][\/et_pb_image][et_pb_text _builder_version=\u00bb4.6.5&#8243; text_font_size=\u00bb16px\u00bb text_orientation=\u00bbjustified\u00bb custom_margin=\u00bb|5%||5%|false|true\u00bb]<\/p>\n<p>Frente a este panorama, las pol\u00edticas adoptadas por el gobierno local ha sido la venta sistem\u00e1tica de tierras hacia el <i>real state<\/i>. Para dar un ejemplo, junto a Costa Salguero se votaron 4 convenios urban\u00edsticos de la Ciudad de Buenos Aires con desarrolladores urbanos para modificar los permisos de edificaci\u00f3n y garantizar torres en tierras antes vendidas por el fisco. El caso m\u00e1s alevoso es el de la Sastrer\u00eda Militar, predio frente al campo argentino de Polo vendido por el Estado Nacional durante el gobierno de Macri. Al ser vendida solo pod\u00edan edificarse 21 metros de altura, pero gracias a esta nueva norma ser\u00e1n 96, en una zona donde el metro cuadrado supera los 4000 d\u00f3lares en valor de mercado. Este tipo de trueques ser\u00e1n moneda corriente en nuestra Ciudad a menos que la sociedad los detenga.<\/p>\n<p>El episodio Costa Salguero concit\u00f3 atenciones adicionales por tocar la fibra \u00edntima de nuestra conflictiva relaci\u00f3n con el r\u00edo, donde hace d\u00e9cadas las distintas barreras interpuestas por distintas administraciones han hecho de su acceso un privilegio inaccesible. Si bien la Constituci\u00f3n porte\u00f1a establece que \u201cLos espacios que forman parte del contorno ribere\u00f1o de la Ciudad son p\u00fablicos y de libre acceso y circulaci\u00f3n.\u201d Quienes impulsan el \u00e9xodo argentino hacia el Uruguay podr\u00edan ver m\u00e1s all\u00e1 de sus necesidades fiscales y contemplar el bello Parque Rod\u00f3, donde la otra orilla del Plata es aprovechada por multitudes y no por <i>brokers<\/i> del ladrillo.\n<\/p>\n<p><i>Parque Rod\u00f3 en Montevideo<\/i><\/p>\n<p>El especialista urbano Fernando Bercovich cuenta en su <i>newsletter<\/i> trama urbana las distintas peripecias atravesadas por lxs porte\u00f1xs en relaci\u00f3n a su r\u00edo, donde hasta Le Corbusier planific\u00f3 un parque en la Costanera. Sin embargo autopistas, aeropuertos y concesiones otorgadas ya en los \u201980 impiden integrar el r\u00edo a la vida cotidiana de la Ciudad. En una Ciudad que rediscute su <i>Plan Urbano Ambiental<\/i> y todav\u00eda carece de un c\u00f3digo en esta materia, tal cual lo prescripto por la constituci\u00f3n, estas discusiones pueden ser medulares para articular una oposici\u00f3n que no se quede en la denuncia, sino que busque ser alternativa.<\/p>\n<p>Costa Salguero es un s\u00edmbolo del PRO. Todos recordamos la algarab\u00eda de los globos amarillos con los que Macri acostumbr\u00f3 a celebrar sus triunfos bailando sobre este predio concesionado. De nosotros y nosotras depender\u00e1 que d\u00f3nde Rodr\u00edguez Larreta imagina bloques grises florezca el verde c\u00e9sped.\n<\/p>\n<p>[\/et_pb_text][et_pb_image src=\u00bbhttps:\/\/urbe.com.ar\/revista\/wp-content\/uploads\/2020\/07\/fin-urbe.png\u00bb _builder_version=\u00bb4.4.8&#8243; custom_margin=\u00bb5%||5%||true|false\u00bb][\/et_pb_image][\/et_pb_column_inner][\/et_pb_row_inner][\/et_pb_column][et_pb_column type=\u00bb1_3&#8243; _builder_version=\u00bb3.25&#8243; custom_padding=\u00bb|||\u00bb custom_padding__hover=\u00bb|||\u00bb][et_pb_blog fullwidth=\u00bboff\u00bb include_categories=\u00bb7,11,8,9,10&#8243; meta_date=\u00bbj M,Y\u00bb excerpt_length=\u00bb80&#8243; show_author=\u00bboff\u00bb show_categories=\u00bboff\u00bb show_pagination=\u00bboff\u00bb masonry_tile_background_color=\u00bb#83d9d8&#8243; disabled_on=\u00bbon|off|off\u00bb _builder_version=\u00bb4.4.8&#8243; header_text_color=\u00bb#FFFFFF\u00bb body_text_color=\u00bb#FFFFFF\u00bb meta_text_color=\u00bb#FFFFFF\u00bb read_more_text_color=\u00bb#FFFFFF\u00bb background_enable_color=\u00bboff\u00bb custom_margin=\u00bb-9%||1%||false|false\u00bb custom_margin_tablet=\u00bb0%||||false|false\u00bb custom_margin_phone=\u00bb\u00bb custom_margin_last_edited=\u00bbon|desktop\u00bb custom_padding=\u00bb||0px|||\u00bb header_text_shadow_style=\u00bbpreset3&#8243; header_text_shadow_color=\u00bb#000000&#8243; body_text_shadow_style=\u00bbpreset3&#8243; body_text_shadow_color=\u00bb#000000&#8243; meta_text_shadow_style=\u00bbpreset3&#8243; meta_text_shadow_color=\u00bb#000000&#8243; border_color_all_image=\u00bb#a4e3e9&#8243; border_width_top_image=\u00bb2px\u00bb text_shadow_style=\u00bbpreset3&#8243; text_shadow_blur_strength=\u00bb0.54em\u00bb text_shadow_color=\u00bb#000000&#8243;][\/et_pb_blog][et_pb_code _builder_version=\u00bb4.4.8&#8243;]<\/p>\n<style><!-- [et_pb_line_break_holder] -->  .et_pb_post .et_pb_image_container{<!-- [et_pb_line_break_holder] -->    margin-bottom: -144px;<!-- [et_pb_line_break_holder] -->}<!-- [et_pb_line_break_holder] --><!-- [et_pb_line_break_holder] -->.et_pb_post .entry-title{<!-- [et_pb_line_break_holder] -->    position: relative;<!-- [et_pb_line_break_holder] -->    bottom: 40px;<!-- [et_pb_line_break_holder] -->    margin-bottom: -50px;<!-- [et_pb_line_break_holder] -->}<!-- [et_pb_line_break_holder] --><!-- [et_pb_line_break_holder] -->.et_pb_post .post-meta,.et_pb_post .post-content{<!-- [et_pb_line_break_holder] -->    position: relative;<!-- [et_pb_line_break_holder] -->    bottom: 0px;<!-- [et_pb_line_break_holder] -->}<\/style>\n<p>[\/et_pb_code][\/et_pb_column][\/et_pb_section]<\/p>\n","protected":false},"excerpt":{"rendered":"<p>Por Juan Manuel Vald\u00e9s | El fuerte rechazo generado por la venta de Costa Salguero y Punta Carrasco para el emplazamiento de torres puso en evidencia la existencia de una demanda social por el ambiente saludable en la pospandemia. Los puntos ciegos de la gesti\u00f3n PRO: venta de tierras p\u00fablicas, densificaci\u00f3n inmobiliaria y utilizaci\u00f3n express [&hellip;]<\/p>\n","protected":false},"author":2,"featured_media":3041,"comment_status":"open","ping_status":"open","sticky":false,"template":"","format":"standard","meta":{"_et_pb_use_builder":"on","_et_pb_old_content":"","_et_gb_content_width":"","_jetpack_memberships_contains_paid_content":false,"footnotes":""},"categories":[32],"tags":[],"class_list":["post-3035","post","type-post","status-publish","format-standard","has-post-thumbnail","hentry","category-urbe-urbe"],"yoast_head":"<!-- This site is optimized with the Yoast SEO plugin v27.4 - https:\/\/yoast.com\/product\/yoast-seo-wordpress\/ -->\n<title>Costa Salguero, esto reci\u00e9n empieza - Revista Urbe<\/title>\n<meta name=\"robots\" content=\"index, follow, max-snippet:-1, max-image-preview:large, max-video-preview:-1\" \/>\n<link rel=\"canonical\" href=\"https:\/\/urbe.com.ar\/revista\/costa-salguero-esto-recien-empieza\/\" \/>\n<meta property=\"og:locale\" content=\"es_ES\" \/>\n<meta property=\"og:type\" content=\"article\" \/>\n<meta property=\"og:title\" content=\"Costa Salguero, esto reci\u00e9n empieza - Revista Urbe\" \/>\n<meta property=\"og:description\" content=\"Por Juan Manuel Vald\u00e9s | El fuerte rechazo generado por la venta de Costa Salguero y Punta Carrasco para el emplazamiento de torres puso en evidencia la existencia de una demanda social por el ambiente saludable en la pospandemia. Los puntos ciegos de la gesti\u00f3n PRO: venta de tierras p\u00fablicas, densificaci\u00f3n inmobiliaria y utilizaci\u00f3n express [&hellip;]\" \/>\n<meta property=\"og:url\" content=\"https:\/\/urbe.com.ar\/revista\/costa-salguero-esto-recien-empieza\/\" \/>\n<meta property=\"og:site_name\" content=\"Revista Urbe\" \/>\n<meta property=\"article:published_time\" content=\"2020-10-11T00:02:37+00:00\" \/>\n<meta property=\"article:modified_time\" content=\"2023-06-03T23:24:10+00:00\" \/>\n<meta property=\"og:image\" content=\"https:\/\/urbe.com.ar\/revista\/wp-content\/uploads\/2020\/10\/u-valdez-612.jpg\" \/>\n\t<meta property=\"og:image:width\" content=\"612\" \/>\n\t<meta property=\"og:image:height\" content=\"551\" \/>\n\t<meta property=\"og:image:type\" content=\"image\/jpeg\" \/>\n<meta name=\"author\" content=\"Revista Urbe\" \/>\n<meta name=\"twitter:card\" content=\"summary_large_image\" \/>\n<meta name=\"twitter:creator\" content=\"@Revistaurbe_\" \/>\n<meta name=\"twitter:site\" content=\"@Revistaurbe_\" \/>\n<meta name=\"twitter:label1\" content=\"Escrito por\" \/>\n\t<meta name=\"twitter:data1\" content=\"Revista Urbe\" \/>\n\t<meta name=\"twitter:label2\" content=\"Tiempo de lectura\" \/>\n\t<meta name=\"twitter:data2\" content=\"8 minutos\" \/>\n<script type=\"application\/ld+json\" class=\"yoast-schema-graph\">{\"@context\":\"https:\\\/\\\/schema.org\",\"@graph\":[{\"@type\":\"Article\",\"@id\":\"https:\\\/\\\/urbe.com.ar\\\/revista\\\/costa-salguero-esto-recien-empieza\\\/#article\",\"isPartOf\":{\"@id\":\"https:\\\/\\\/urbe.com.ar\\\/revista\\\/costa-salguero-esto-recien-empieza\\\/\"},\"author\":{\"name\":\"Revista Urbe\",\"@id\":\"https:\\\/\\\/urbe.com.ar\\\/revista\\\/#\\\/schema\\\/person\\\/6eb3e83c215b12e07f3981b58fdaf67f\"},\"headline\":\"Costa Salguero, esto reci\u00e9n empieza\",\"datePublished\":\"2020-10-11T00:02:37+00:00\",\"dateModified\":\"2023-06-03T23:24:10+00:00\",\"mainEntityOfPage\":{\"@id\":\"https:\\\/\\\/urbe.com.ar\\\/revista\\\/costa-salguero-esto-recien-empieza\\\/\"},\"wordCount\":1545,\"commentCount\":0,\"image\":{\"@id\":\"https:\\\/\\\/urbe.com.ar\\\/revista\\\/costa-salguero-esto-recien-empieza\\\/#primaryimage\"},\"thumbnailUrl\":\"https:\\\/\\\/i0.wp.com\\\/urbe.com.ar\\\/revista\\\/wp-content\\\/uploads\\\/2020\\\/10\\\/u-valdez-612.jpg?fit=612%2C551&ssl=1\",\"articleSection\":[\"URBE\"],\"inLanguage\":\"es\",\"potentialAction\":[{\"@type\":\"CommentAction\",\"name\":\"Comment\",\"target\":[\"https:\\\/\\\/urbe.com.ar\\\/revista\\\/costa-salguero-esto-recien-empieza\\\/#respond\"]}]},{\"@type\":\"WebPage\",\"@id\":\"https:\\\/\\\/urbe.com.ar\\\/revista\\\/costa-salguero-esto-recien-empieza\\\/\",\"url\":\"https:\\\/\\\/urbe.com.ar\\\/revista\\\/costa-salguero-esto-recien-empieza\\\/\",\"name\":\"Costa Salguero, esto reci\u00e9n empieza - Revista Urbe\",\"isPartOf\":{\"@id\":\"https:\\\/\\\/urbe.com.ar\\\/revista\\\/#website\"},\"primaryImageOfPage\":{\"@id\":\"https:\\\/\\\/urbe.com.ar\\\/revista\\\/costa-salguero-esto-recien-empieza\\\/#primaryimage\"},\"image\":{\"@id\":\"https:\\\/\\\/urbe.com.ar\\\/revista\\\/costa-salguero-esto-recien-empieza\\\/#primaryimage\"},\"thumbnailUrl\":\"https:\\\/\\\/i0.wp.com\\\/urbe.com.ar\\\/revista\\\/wp-content\\\/uploads\\\/2020\\\/10\\\/u-valdez-612.jpg?fit=612%2C551&ssl=1\",\"datePublished\":\"2020-10-11T00:02:37+00:00\",\"dateModified\":\"2023-06-03T23:24:10+00:00\",\"author\":{\"@id\":\"https:\\\/\\\/urbe.com.ar\\\/revista\\\/#\\\/schema\\\/person\\\/6eb3e83c215b12e07f3981b58fdaf67f\"},\"breadcrumb\":{\"@id\":\"https:\\\/\\\/urbe.com.ar\\\/revista\\\/costa-salguero-esto-recien-empieza\\\/#breadcrumb\"},\"inLanguage\":\"es\",\"potentialAction\":[{\"@type\":\"ReadAction\",\"target\":[\"https:\\\/\\\/urbe.com.ar\\\/revista\\\/costa-salguero-esto-recien-empieza\\\/\"]}]},{\"@type\":\"ImageObject\",\"inLanguage\":\"es\",\"@id\":\"https:\\\/\\\/urbe.com.ar\\\/revista\\\/costa-salguero-esto-recien-empieza\\\/#primaryimage\",\"url\":\"https:\\\/\\\/i0.wp.com\\\/urbe.com.ar\\\/revista\\\/wp-content\\\/uploads\\\/2020\\\/10\\\/u-valdez-612.jpg?fit=612%2C551&ssl=1\",\"contentUrl\":\"https:\\\/\\\/i0.wp.com\\\/urbe.com.ar\\\/revista\\\/wp-content\\\/uploads\\\/2020\\\/10\\\/u-valdez-612.jpg?fit=612%2C551&ssl=1\",\"width\":612,\"height\":551},{\"@type\":\"BreadcrumbList\",\"@id\":\"https:\\\/\\\/urbe.com.ar\\\/revista\\\/costa-salguero-esto-recien-empieza\\\/#breadcrumb\",\"itemListElement\":[{\"@type\":\"ListItem\",\"position\":1,\"name\":\"Portada\",\"item\":\"https:\\\/\\\/urbe.com.ar\\\/revista\\\/\"},{\"@type\":\"ListItem\",\"position\":2,\"name\":\"Costa Salguero, esto reci\u00e9n empieza\"}]},{\"@type\":\"WebSite\",\"@id\":\"https:\\\/\\\/urbe.com.ar\\\/revista\\\/#website\",\"url\":\"https:\\\/\\\/urbe.com.ar\\\/revista\\\/\",\"name\":\"Revista Urbe\",\"description\":\"\",\"potentialAction\":[{\"@type\":\"SearchAction\",\"target\":{\"@type\":\"EntryPoint\",\"urlTemplate\":\"https:\\\/\\\/urbe.com.ar\\\/revista\\\/?s={search_term_string}\"},\"query-input\":{\"@type\":\"PropertyValueSpecification\",\"valueRequired\":true,\"valueName\":\"search_term_string\"}}],\"inLanguage\":\"es\"},{\"@type\":\"Person\",\"@id\":\"https:\\\/\\\/urbe.com.ar\\\/revista\\\/#\\\/schema\\\/person\\\/6eb3e83c215b12e07f3981b58fdaf67f\",\"name\":\"Revista Urbe\",\"image\":{\"@type\":\"ImageObject\",\"inLanguage\":\"es\",\"@id\":\"https:\\\/\\\/secure.gravatar.com\\\/avatar\\\/72b666e32a633c73c1c87ac7208dfbba855299e1caed438da06924072c6b6b78?s=96&d=mm&r=g\",\"url\":\"https:\\\/\\\/secure.gravatar.com\\\/avatar\\\/72b666e32a633c73c1c87ac7208dfbba855299e1caed438da06924072c6b6b78?s=96&d=mm&r=g\",\"contentUrl\":\"https:\\\/\\\/secure.gravatar.com\\\/avatar\\\/72b666e32a633c73c1c87ac7208dfbba855299e1caed438da06924072c6b6b78?s=96&d=mm&r=g\",\"caption\":\"Revista Urbe\"},\"url\":\"https:\\\/\\\/urbe.com.ar\\\/revista\\\/author\\\/c1321401\\\/\"}]}<\/script>\n<!-- \/ Yoast SEO plugin. -->","yoast_head_json":{"title":"Costa Salguero, esto reci\u00e9n empieza - Revista Urbe","robots":{"index":"index","follow":"follow","max-snippet":"max-snippet:-1","max-image-preview":"max-image-preview:large","max-video-preview":"max-video-preview:-1"},"canonical":"https:\/\/urbe.com.ar\/revista\/costa-salguero-esto-recien-empieza\/","og_locale":"es_ES","og_type":"article","og_title":"Costa Salguero, esto reci\u00e9n empieza - Revista Urbe","og_description":"Por Juan Manuel Vald\u00e9s | El fuerte rechazo generado por la venta de Costa Salguero y Punta Carrasco para el emplazamiento de torres puso en evidencia la existencia de una demanda social por el ambiente saludable en la pospandemia. Los puntos ciegos de la gesti\u00f3n PRO: venta de tierras p\u00fablicas, densificaci\u00f3n inmobiliaria y utilizaci\u00f3n express [&hellip;]","og_url":"https:\/\/urbe.com.ar\/revista\/costa-salguero-esto-recien-empieza\/","og_site_name":"Revista Urbe","article_published_time":"2020-10-11T00:02:37+00:00","article_modified_time":"2023-06-03T23:24:10+00:00","og_image":[{"width":612,"height":551,"url":"https:\/\/urbe.com.ar\/revista\/wp-content\/uploads\/2020\/10\/u-valdez-612.jpg","type":"image\/jpeg"}],"author":"Revista Urbe","twitter_card":"summary_large_image","twitter_creator":"@Revistaurbe_","twitter_site":"@Revistaurbe_","twitter_misc":{"Escrito por":"Revista Urbe","Tiempo de lectura":"8 minutos"},"schema":{"@context":"https:\/\/schema.org","@graph":[{"@type":"Article","@id":"https:\/\/urbe.com.ar\/revista\/costa-salguero-esto-recien-empieza\/#article","isPartOf":{"@id":"https:\/\/urbe.com.ar\/revista\/costa-salguero-esto-recien-empieza\/"},"author":{"name":"Revista Urbe","@id":"https:\/\/urbe.com.ar\/revista\/#\/schema\/person\/6eb3e83c215b12e07f3981b58fdaf67f"},"headline":"Costa Salguero, esto reci\u00e9n empieza","datePublished":"2020-10-11T00:02:37+00:00","dateModified":"2023-06-03T23:24:10+00:00","mainEntityOfPage":{"@id":"https:\/\/urbe.com.ar\/revista\/costa-salguero-esto-recien-empieza\/"},"wordCount":1545,"commentCount":0,"image":{"@id":"https:\/\/urbe.com.ar\/revista\/costa-salguero-esto-recien-empieza\/#primaryimage"},"thumbnailUrl":"https:\/\/i0.wp.com\/urbe.com.ar\/revista\/wp-content\/uploads\/2020\/10\/u-valdez-612.jpg?fit=612%2C551&ssl=1","articleSection":["URBE"],"inLanguage":"es","potentialAction":[{"@type":"CommentAction","name":"Comment","target":["https:\/\/urbe.com.ar\/revista\/costa-salguero-esto-recien-empieza\/#respond"]}]},{"@type":"WebPage","@id":"https:\/\/urbe.com.ar\/revista\/costa-salguero-esto-recien-empieza\/","url":"https:\/\/urbe.com.ar\/revista\/costa-salguero-esto-recien-empieza\/","name":"Costa Salguero, esto reci\u00e9n empieza - Revista Urbe","isPartOf":{"@id":"https:\/\/urbe.com.ar\/revista\/#website"},"primaryImageOfPage":{"@id":"https:\/\/urbe.com.ar\/revista\/costa-salguero-esto-recien-empieza\/#primaryimage"},"image":{"@id":"https:\/\/urbe.com.ar\/revista\/costa-salguero-esto-recien-empieza\/#primaryimage"},"thumbnailUrl":"https:\/\/i0.wp.com\/urbe.com.ar\/revista\/wp-content\/uploads\/2020\/10\/u-valdez-612.jpg?fit=612%2C551&ssl=1","datePublished":"2020-10-11T00:02:37+00:00","dateModified":"2023-06-03T23:24:10+00:00","author":{"@id":"https:\/\/urbe.com.ar\/revista\/#\/schema\/person\/6eb3e83c215b12e07f3981b58fdaf67f"},"breadcrumb":{"@id":"https:\/\/urbe.com.ar\/revista\/costa-salguero-esto-recien-empieza\/#breadcrumb"},"inLanguage":"es","potentialAction":[{"@type":"ReadAction","target":["https:\/\/urbe.com.ar\/revista\/costa-salguero-esto-recien-empieza\/"]}]},{"@type":"ImageObject","inLanguage":"es","@id":"https:\/\/urbe.com.ar\/revista\/costa-salguero-esto-recien-empieza\/#primaryimage","url":"https:\/\/i0.wp.com\/urbe.com.ar\/revista\/wp-content\/uploads\/2020\/10\/u-valdez-612.jpg?fit=612%2C551&ssl=1","contentUrl":"https:\/\/i0.wp.com\/urbe.com.ar\/revista\/wp-content\/uploads\/2020\/10\/u-valdez-612.jpg?fit=612%2C551&ssl=1","width":612,"height":551},{"@type":"BreadcrumbList","@id":"https:\/\/urbe.com.ar\/revista\/costa-salguero-esto-recien-empieza\/#breadcrumb","itemListElement":[{"@type":"ListItem","position":1,"name":"Portada","item":"https:\/\/urbe.com.ar\/revista\/"},{"@type":"ListItem","position":2,"name":"Costa Salguero, esto reci\u00e9n empieza"}]},{"@type":"WebSite","@id":"https:\/\/urbe.com.ar\/revista\/#website","url":"https:\/\/urbe.com.ar\/revista\/","name":"Revista Urbe","description":"","potentialAction":[{"@type":"SearchAction","target":{"@type":"EntryPoint","urlTemplate":"https:\/\/urbe.com.ar\/revista\/?s={search_term_string}"},"query-input":{"@type":"PropertyValueSpecification","valueRequired":true,"valueName":"search_term_string"}}],"inLanguage":"es"},{"@type":"Person","@id":"https:\/\/urbe.com.ar\/revista\/#\/schema\/person\/6eb3e83c215b12e07f3981b58fdaf67f","name":"Revista Urbe","image":{"@type":"ImageObject","inLanguage":"es","@id":"https:\/\/secure.gravatar.com\/avatar\/72b666e32a633c73c1c87ac7208dfbba855299e1caed438da06924072c6b6b78?s=96&d=mm&r=g","url":"https:\/\/secure.gravatar.com\/avatar\/72b666e32a633c73c1c87ac7208dfbba855299e1caed438da06924072c6b6b78?s=96&d=mm&r=g","contentUrl":"https:\/\/secure.gravatar.com\/avatar\/72b666e32a633c73c1c87ac7208dfbba855299e1caed438da06924072c6b6b78?s=96&d=mm&r=g","caption":"Revista Urbe"},"url":"https:\/\/urbe.com.ar\/revista\/author\/c1321401\/"}]}},"jetpack_featured_media_url":"https:\/\/i0.wp.com\/urbe.com.ar\/revista\/wp-content\/uploads\/2020\/10\/u-valdez-612.jpg?fit=612%2C551&ssl=1","jetpack_sharing_enabled":true,"_links":{"self":[{"href":"https:\/\/urbe.com.ar\/revista\/wp-json\/wp\/v2\/posts\/3035","targetHints":{"allow":["GET"]}}],"collection":[{"href":"https:\/\/urbe.com.ar\/revista\/wp-json\/wp\/v2\/posts"}],"about":[{"href":"https:\/\/urbe.com.ar\/revista\/wp-json\/wp\/v2\/types\/post"}],"author":[{"embeddable":true,"href":"https:\/\/urbe.com.ar\/revista\/wp-json\/wp\/v2\/users\/2"}],"replies":[{"embeddable":true,"href":"https:\/\/urbe.com.ar\/revista\/wp-json\/wp\/v2\/comments?post=3035"}],"version-history":[{"count":5,"href":"https:\/\/urbe.com.ar\/revista\/wp-json\/wp\/v2\/posts\/3035\/revisions"}],"predecessor-version":[{"id":3059,"href":"https:\/\/urbe.com.ar\/revista\/wp-json\/wp\/v2\/posts\/3035\/revisions\/3059"}],"wp:featuredmedia":[{"embeddable":true,"href":"https:\/\/urbe.com.ar\/revista\/wp-json\/wp\/v2\/media\/3041"}],"wp:attachment":[{"href":"https:\/\/urbe.com.ar\/revista\/wp-json\/wp\/v2\/media?parent=3035"}],"wp:term":[{"taxonomy":"category","embeddable":true,"href":"https:\/\/urbe.com.ar\/revista\/wp-json\/wp\/v2\/categories?post=3035"},{"taxonomy":"post_tag","embeddable":true,"href":"https:\/\/urbe.com.ar\/revista\/wp-json\/wp\/v2\/tags?post=3035"}],"curies":[{"name":"wp","href":"https:\/\/api.w.org\/{rel}","templated":true}]}}