{"id":2996,"date":"2020-10-11T00:04:40","date_gmt":"2020-10-11T00:04:40","guid":{"rendered":"https:\/\/urbe.com.ar\/revista\/?p=2996"},"modified":"2023-06-03T23:13:51","modified_gmt":"2023-06-03T23:13:51","slug":"matias-fernandez-burzaco-la-gente-cree","status":"publish","type":"post","link":"https:\/\/urbe.com.ar\/revista\/matias-fernandez-burzaco-la-gente-cree\/","title":{"rendered":"Mat\u00edas Fern\u00e1ndez Burzaco &#8211; La gente cree"},"content":{"rendered":"<p>[et_pb_section fb_built=\u00bb1&#8243; disabled_on=\u00bbon|on|on\u00bb _builder_version=\u00bb4.4.8&#8243; disabled=\u00bbon\u00bb][et_pb_row _builder_version=\u00bb4.4.8&#8243;][et_pb_column type=\u00bb4_4&#8243; _builder_version=\u00bb4.4.8&#8243;][et_pb_text disabled_on=\u00bbon|on|on\u00bb _builder_version=\u00bb4.6.5&#8243; disabled=\u00bbon\u00bb]<\/p>\n<p>No s\u00e9 si les pasar\u00e1 a otras personas con discapacidad, espero que no\u2014 que soy un genio, que soy el prototipo de la ternura. Que soy un enviado de Dios, un angelito, una bendici\u00f3n; que soy, incluso, Dios en persona. La gente cree que uso pa\u00f1ales: que cuando me hago pis o caca no grito ni aviso. La gente cree que no hablo. La gente cree que no se me puede retar; que soy alguien que no merece recibir un insulto o un l\u00edmite. La gente cree que Jehov\u00e1 me va a curar, que el amor me va a curar, que Dios me va a curar. La gente cree que soy un castigo a mis padres.<\/p>\n<p>[\/et_pb_text][\/et_pb_column][\/et_pb_row][\/et_pb_section][et_pb_section fb_built=\u00bb1&#8243; disabled_on=\u00bbon|on|off\u00bb _builder_version=\u00bb4.4.8&#8243; background_enable_color=\u00bboff\u00bb width=\u00bb100%\u00bb max_width=\u00bb100%\u00bb custom_padding=\u00bb0px||0px||false|false\u00bb][et_pb_row column_structure=\u00bb2_3,1_3&#8243; use_custom_gutter=\u00bbon\u00bb gutter_width=\u00bb1&#8243; make_equal=\u00bbon\u00bb _builder_version=\u00bb4.6.5&#8243; custom_margin=\u00bb||0%||false|false\u00bb custom_padding=\u00bb0px||1%||false|false\u00bb][et_pb_column type=\u00bb2_3&#8243; _builder_version=\u00bb4.6.5&#8243; background_image=\u00bbhttps:\/\/urbe.com.ar\/revista\/wp-content\/uploads\/2020\/10\/a-fernandez-burzaco-720.jpg\u00bb][\/et_pb_column][et_pb_column type=\u00bb1_3&#8243; _builder_version=\u00bb4.4.8&#8243; background_enable_image=\u00bboff\u00bb][et_pb_image src=\u00bbhttps:\/\/urbe.com.ar\/revista\/wp-content\/uploads\/2020\/07\/logo-nota-cuadrado.jpg\u00bb url=\u00bbhttps:\/\/urbe.com.ar\/revista\/\u00bb _builder_version=\u00bb4.4.8&#8243; custom_margin=\u00bb|||3%|false|false\u00bb][\/et_pb_image][\/et_pb_column][\/et_pb_row][\/et_pb_section][et_pb_section fb_built=\u00bb1&#8243; disabled_on=\u00bboff|off|on\u00bb _builder_version=\u00bb4.4.8&#8243; background_enable_color=\u00bboff\u00bb width=\u00bb100%\u00bb max_width=\u00bb100%\u00bb custom_padding=\u00bb0px||0px||false|false\u00bb][et_pb_row use_custom_gutter=\u00bbon\u00bb gutter_width=\u00bb1&#8243; make_equal=\u00bbon\u00bb _builder_version=\u00bb4.4.8&#8243; custom_margin=\u00bb||0%||false|false\u00bb custom_padding=\u00bb0px||1%||false|false\u00bb][et_pb_column type=\u00bb4_4&#8243; _builder_version=\u00bb4.4.8&#8243; background_enable_image=\u00bboff\u00bb][et_pb_image src=\u00bbhttps:\/\/urbe.com.ar\/revista\/wp-content\/uploads\/2020\/10\/a-fernandez-burzaco-720-1.jpg\u00bb title_text=\u00bba-fernandez-burzaco-720&#8243; align=\u00bbcenter\u00bb disabled_on=\u00bbon|off|off\u00bb _builder_version=\u00bb4.6.5&#8243; background_enable_image=\u00bboff\u00bb][\/et_pb_image][\/et_pb_column][\/et_pb_row][\/et_pb_section][et_pb_section fb_built=\u00bb1&#8243; use_custom_gutter=\u00bbon\u00bb specialty=\u00bbon\u00bb padding_top_bottom_link_1=\u00bbfalse\u00bb padding_top_bottom_link_2=\u00bbfalse\u00bb padding_left_right_link_1=\u00bbfalse\u00bb padding_left_right_link_2=\u00bbfalse\u00bb padding_left_2=\u00bb1%\u00bb _builder_version=\u00bb4.4.8&#8243; custom_padding=\u00bb0px||0px|||\u00bb][et_pb_column type=\u00bb2_3&#8243; specialty_columns=\u00bb2&#8243; _builder_version=\u00bb3.25&#8243; custom_padding=\u00bb|||\u00bb custom_padding__hover=\u00bb|||\u00bb][et_pb_row_inner _builder_version=\u00bb4.4.8&#8243; custom_padding=\u00bb0px||0px|||\u00bb][et_pb_column_inner saved_specialty_column_type=\u00bb2_3&#8243; _builder_version=\u00bb4.4.8&#8243;][et_pb_text _builder_version=\u00bb4.4.8&#8243; text_text_color=\u00bb#ffffff\u00bb header_text_color=\u00bb#ffffff\u00bb background_image=\u00bbhttps:\/\/urbe.com.ar\/revista\/wp-content\/uploads\/2020\/07\/barra-artificios.jpg\u00bb text_orientation=\u00bbcenter\u00bb]<\/p>\n<h1>Artificios<\/h1>\n<p>[\/et_pb_text][\/et_pb_column_inner][\/et_pb_row_inner][et_pb_row_inner _builder_version=\u00bb4.4.8&#8243; background_color=\u00bb#ffffff\u00bb custom_padding=\u00bb0px||0px|||\u00bb][et_pb_column_inner saved_specialty_column_type=\u00bb2_3&#8243; _builder_version=\u00bb4.4.8&#8243;][et_pb_text _builder_version=\u00bb4.6.5&#8243; header_text_align=\u00bbcenter\u00bb header_text_color=\u00bb#009fad\u00bb custom_margin=\u00bb3%|5%|3%|5%|true|true\u00bb custom_padding=\u00bb|10%||10%|false|true\u00bb hover_enabled=\u00bb0&#8243; sticky_enabled=\u00bb0&#8243;]<\/p>\n<h1>MAT\u00cdAS FERN\u00c1NDEZ BURZACO<\/h1>\n<p>[\/et_pb_text][et_pb_text _builder_version=\u00bb4.6.5&#8243; text_font=\u00bb|600|||||||\u00bb text_text_color=\u00bb#009fad\u00bb text_font_size=\u00bb18px\u00bb header_text_align=\u00bbcenter\u00bb header_font_size=\u00bb35px\u00bb text_orientation=\u00bbjustified\u00bb custom_margin=\u00bb2%|5%|2%|5%|true|true\u00bb]<\/p>\n<p>\nPeriodista, escritor, freestyler y rapero.<br \/>\nUn texto y el adelanto de una canci\u00f3n que se estrena en pocos d\u00edas. Disfruten una de las voces y ritmos de esta generaci\u00f3n\n<\/p>\n<p>11\/10\/20<\/p>\n<p>[\/et_pb_text][\/et_pb_column_inner][\/et_pb_row_inner][et_pb_row_inner _builder_version=\u00bb4.4.8&#8243; background_color=\u00bb#ffffff\u00bb custom_padding=\u00bb0px||3px|0px||\u00bb][et_pb_column_inner saved_specialty_column_type=\u00bb2_3&#8243; _builder_version=\u00bb4.4.8&#8243;][et_pb_text _builder_version=\u00bb4.6.5&#8243; text_font_size=\u00bb16px\u00bb text_orientation=\u00bbjustified\u00bb custom_margin=\u00bb0.9%|5%||5%|false|true\u00bb]<\/p>\n<p><b>La gente cree<\/b><\/p>\n<p>La gente cree \u2014no s\u00e9 si les pasar\u00e1 a otras personas con discapacidad, espero que no\u2014 que soy un genio, que soy el prototipo de la ternura. Que soy un enviado de Dios, un angelito, una bendici\u00f3n; que soy, incluso, Dios en persona. La gente cree que uso pa\u00f1ales: que cuando me hago pis o caca no grito ni aviso. La gente cree que no hablo. La gente cree que no se me puede retar; que soy alguien que no merece recibir un insulto o un l\u00edmite. La gente cree que Jehov\u00e1 me va a curar, que el amor me va a curar, que Dios me va a curar. La gente cree que soy un castigo a mis padres.<\/p>\n<p>Una profesora de la facultad dijo as\u00ed: que los padres de esta criatura necesitan psic\u00f3logos, que me torturan por verg\u00fcenza, por culpa; que soy una imagen de los pecados b\u00edblicos y el resultado de una estirpe corrupta de incestos y de enfermedades ven\u00e9reas; que soy un ser nefasto, que me mantienen con vida a m\u00ed, esta larva, solo para poder robar. La gente cree que estoy enfermo. Que soy discapacitado moral.<\/p>\n<p>La gente cree que soy un error que devora a mis padres con las horas de trabajo. La gente cree que tengo c\u00e1ncer. La gente cree que soy un animal, un ovni, un objeto no identificado. La gente cree que no me puede abrazar porque tengo el pecho repleto de piedras, c\u00e1scaras de huevos que se pueden romper. La gente cree que por mirarme \u2014levantar la vista: solo mirar\u2014 puede producir un hechizo que trasfiere todos los s\u00edntomas. La gente cree que soy un maleducado por comer con la boca abierta. La gente cree que mi destino es terminar en una instituci\u00f3n para gente con enfermedades. <\/p>\n<p>La gente cree que soy pobre y me regala plata en el colectivo: dos, cinco, diez pesos. Eso est\u00e1 buen\u00edsimo, ojal\u00e1 les pase. La gente cree que mis padres pudieron no aguantar y ponerme en adopci\u00f3n; que no hubiese estado mal. La gente cree que no hay, siquiera, que mencionar la enfermedad. La gente cree que tengo una discapacidad mental; que por eso saco la lengua y se me cae la baba. La gente cree que no escribo, que no soy periodista. La gente cree que no s\u00e9 leer ni detectar colores, que no s\u00e9 mi tel\u00e9fono de memoria ni mi direcci\u00f3n.<\/p>\n<p>La gente cree que soy una nena, una mujer, una ancianita. Algunos creen que soy un ni\u00f1o, un viejo al que, con los a\u00f1os, se le fue achicando el cuerpo. La gente cree que soy un beb\u00e9; \u00absalud\u00e1 al bebito\u00bb, dice una madre.\n<\/p>\n<p>Y cuento m\u00e1s: la gente cree que es imposible que sea un hijo de re mil puta porque estoy en silla de ruedas. La gente cree que soy bueno y me viene sonriendo a media cuadra de distancia; \u00abpero m\u00edralo: si es discapacitado\u00bb.<\/p>\n<p>La gente cree que, porque yo dependo de ellos, tiene un poder sobre m\u00ed. La gente cree que necesito ayuda todo el tiempo; por eso me preguntan cada dos segundos qu\u00e9 necesito. La gente cree que mandarme el emoji del brazo forzudo y para arriba es darme fuerza. La gente cree que regal\u00e1ndome una Rhodesia o una barra de chocolate me puede solucionar el d\u00eda. La gente cree que la enfermedad es terminal; se pregunta: \u00bfcu\u00e1nto le quedar\u00e1, pobre? La gente cree que en poco tiempo me acuesto en la tumba.\n<\/p>\n<p>[\/et_pb_text][et_pb_image src=\u00bbhttps:\/\/urbe.com.ar\/revista\/wp-content\/uploads\/2020\/10\/a-fernandez-burzaco-720-2-1.jpg\u00bb title_text=\u00bba-fernandez-burzaco-720-2 (1)\u00bb _builder_version=\u00bb4.6.5&#8243; custom_margin=\u00bb3%||3%||true|false\u00bb][\/et_pb_image][et_pb_text _builder_version=\u00bb4.6.5&#8243; text_font_size=\u00bb16px\u00bb text_orientation=\u00bbjustified\u00bb custom_margin=\u00bb5%|5%||5%|false|true\u00bb]<\/p>\n<p><b>MATI FERN\u00c1NDEZ<\/b> aka troti (Mat\u00edas Fern\u00e1ndez Burzaco, 1998, Buenos Aires) es periodista, escritor, freestyler y rapero. Es uno de los dos casos del pa\u00eds con fibromatosis hialina juvenil, una enfermedad de la piel que le deforma el cuerpo, y est\u00e1 por publicar su primer libro de relatos autobiogr\u00e1ficos. A pesar de estar encerrado y en guerra con su cuerpo, a trav\u00e9s de la composici\u00f3n de sus letras intenta contar una perspectiva que va directa al impacto: cr\u00f3nicas introspectivas, una mirada \u00e1cida, cruda e ir\u00f3nica sobre los otros y sobre \u00e9l; se r\u00ede de s\u00ed mismo y se presenta como un monstruo que vomita flows desde su silla de ruedas. En los singles y en un disco que est\u00e1 produciendo, mostrar\u00e1 un trabajo minucioso y creado con sus formas propias.\n<\/p>\n<p>[\/et_pb_text][et_pb_image src=\u00bbhttps:\/\/urbe.com.ar\/revista\/wp-content\/uploads\/2020\/10\/a-fernandez-burzaco-612.jpg\u00bb title_text=\u00bba-fernandez-burzaco-720&#8243; align=\u00bbcenter\u00bb _builder_version=\u00bb4.6.5&#8243; custom_margin=\u00bb3%||1.7%||false|false\u00bb][\/et_pb_image][et_pb_text _builder_version=\u00bb4.6.5&#8243; text_font_size=\u00bb16px\u00bb text_orientation=\u00bbjustified\u00bb custom_margin=\u00bb5%|5%||5%|false|true\u00bb]<\/p>\n<p><b>\u201cQui\u00e9n es ese ni\u00f1o\u201d<\/b><\/p>\n<p><b>El 15 de octubre a las 00.00 hs<\/b> sale a la cancha por todas las plataformas digitales su primer tema.<br \/>\nLas personas que lo ven pasar por la vereda \u2014ni\u00f1os, padres, vecinxs\u2014 se asustan. Inquietos y repetitivos, se preguntan qu\u00e9 tiene y cu\u00e1l es la raz\u00f3n de la rareza. \u00bfQui\u00e9n es ese ni\u00f1o? \u00bfQu\u00e9 le sucede a este ser extra\u00f1o? \u00bfHabla? \u00bfEs un hombre, una viejita, un mono? \u00bfPor qu\u00e9 no puede caminar? \u00c9l los mira, los escucha, se r\u00ede y los entiende: cada unx, desde el otro lado, reacciona como puede. Pero en QUI\u00c9N ES ESE NI\u00d1O, su canci\u00f3n con la que se presenta como artista, les contesta: es FLOW. Se empodera desde el movimiento de sus palabras y se burla de la discapacidad y de lo que est\u00e1 impuesto. A \u00e9l se lo ve como pobrecito, como h\u00e9roe, como ejemplo de vida y como un sujeto que no tiene vida sexual ni poderes art\u00edsticos. Sin embargo, es rapero y les escupe la conciencia con flow.\n<\/p>\n<p>[\/et_pb_text][et_pb_image src=\u00bbhttps:\/\/urbe.com.ar\/revista\/wp-content\/uploads\/2020\/07\/separador-artificios.png\u00bb align=\u00bbcenter\u00bb _builder_version=\u00bb4.4.8&#8243;][\/et_pb_image][et_pb_text _builder_version=\u00bb4.6.5&#8243; text_font_size=\u00bb16px\u00bb text_orientation=\u00bbjustified\u00bb custom_margin=\u00bb-0.2%|5%||5%|false|true\u00bb]<\/p>\n<p><b>Teasers<\/b><\/p>\n<p>[\/et_pb_text][et_pb_video src=\u00bbhttps:\/\/urbe.com.ar\/revista\/wp-content\/uploads\/2020\/10\/teaseroficial2.mp4&#8243; _builder_version=\u00bb4.6.5&#8243; max_width=\u00bb350px\u00bb module_alignment=\u00bbcenter\u00bb custom_margin=\u00bb5%||5%||true|false\u00bb][\/et_pb_video][et_pb_video src=\u00bbhttps:\/\/urbe.com.ar\/revista\/wp-content\/uploads\/2020\/10\/teaseroficial.mp4&#8243; _builder_version=\u00bb4.6.5&#8243; max_width=\u00bb350px\u00bb module_alignment=\u00bbcenter\u00bb custom_margin=\u00bb5%||5%||true|false\u00bb][\/et_pb_video][et_pb_text _builder_version=\u00bb4.6.5&#8243; text_font_size=\u00bb16px\u00bb text_orientation=\u00bbjustified\u00bb custom_margin=\u00bb5%|5%||5%|false|true\u00bb]<\/p>\n<p>Cr\u00e9ditos<br \/>\nFotos: Ale Guyot<br \/>\nPrensa: Sandra Yudckak\n<\/p>\n<p>[\/et_pb_text][et_pb_image src=\u00bbhttps:\/\/urbe.com.ar\/revista\/wp-content\/uploads\/2020\/07\/fin-artificio.png\u00bb _builder_version=\u00bb4.4.8&#8243; custom_margin=\u00bb5%||5%||true|false\u00bb][\/et_pb_image][\/et_pb_column_inner][\/et_pb_row_inner][\/et_pb_column][et_pb_column type=\u00bb1_3&#8243; _builder_version=\u00bb3.25&#8243; custom_padding=\u00bb|||\u00bb custom_padding__hover=\u00bb|||\u00bb][et_pb_blog fullwidth=\u00bboff\u00bb include_categories=\u00bb7,11,8,9,10&#8243; meta_date=\u00bbj M,Y\u00bb excerpt_length=\u00bb80&#8243; show_author=\u00bboff\u00bb show_categories=\u00bboff\u00bb show_pagination=\u00bboff\u00bb masonry_tile_background_color=\u00bb#83d9d8&#8243; disabled_on=\u00bbon|off|off\u00bb _builder_version=\u00bb4.4.8&#8243; header_text_color=\u00bb#FFFFFF\u00bb body_text_color=\u00bb#FFFFFF\u00bb meta_text_color=\u00bb#FFFFFF\u00bb read_more_text_color=\u00bb#FFFFFF\u00bb background_enable_color=\u00bboff\u00bb custom_margin=\u00bb-9%||1%||false|false\u00bb custom_margin_tablet=\u00bb0%||||false|false\u00bb custom_margin_phone=\u00bb\u00bb custom_margin_last_edited=\u00bbon|desktop\u00bb custom_padding=\u00bb||0px|||\u00bb header_text_shadow_style=\u00bbpreset3&#8243; header_text_shadow_color=\u00bb#000000&#8243; body_text_shadow_style=\u00bbpreset3&#8243; body_text_shadow_color=\u00bb#000000&#8243; meta_text_shadow_style=\u00bbpreset3&#8243; meta_text_shadow_color=\u00bb#000000&#8243; border_color_all_image=\u00bb#a4e3e9&#8243; border_width_top_image=\u00bb2px\u00bb text_shadow_style=\u00bbpreset3&#8243; text_shadow_blur_strength=\u00bb0.54em\u00bb text_shadow_color=\u00bb#000000&#8243;][\/et_pb_blog][et_pb_code _builder_version=\u00bb4.4.8&#8243;]<\/p>\n<style><!-- [et_pb_line_break_holder] -->  .et_pb_post .et_pb_image_container{<!-- [et_pb_line_break_holder] -->    margin-bottom: -144px;<!-- [et_pb_line_break_holder] -->}<!-- [et_pb_line_break_holder] --><!-- [et_pb_line_break_holder] -->.et_pb_post .entry-title{<!-- [et_pb_line_break_holder] -->    position: relative;<!-- [et_pb_line_break_holder] -->    bottom: 40px;<!-- [et_pb_line_break_holder] -->    margin-bottom: -50px;<!-- [et_pb_line_break_holder] -->}<!-- [et_pb_line_break_holder] --><!-- [et_pb_line_break_holder] -->.et_pb_post .post-meta,.et_pb_post .post-content{<!-- [et_pb_line_break_holder] -->    position: relative;<!-- [et_pb_line_break_holder] -->    bottom: 0px;<!-- [et_pb_line_break_holder] -->}<\/style>\n<p>[\/et_pb_code][\/et_pb_column][\/et_pb_section]<\/p>\n","protected":false},"excerpt":{"rendered":"<p>No s\u00e9 si les pasar\u00e1 a otras personas con discapacidad, espero que no\u2014 que soy un genio, que soy el prototipo de la ternura. Que soy un enviado de Dios, un angelito, una bendici\u00f3n; que soy, incluso, Dios en persona. La gente cree que uso pa\u00f1ales: que cuando me hago pis o caca no grito [&hellip;]<\/p>\n","protected":false},"author":2,"featured_media":3006,"comment_status":"open","ping_status":"open","sticky":false,"template":"","format":"standard","meta":{"_et_pb_use_builder":"on","_et_pb_old_content":"","_et_gb_content_width":"","_jetpack_memberships_contains_paid_content":false,"footnotes":""},"categories":[33],"tags":[],"class_list":["post-2996","post","type-post","status-publish","format-standard","has-post-thumbnail","hentry","category-artificios-artificios"],"yoast_head":"<!-- This site is optimized with the Yoast SEO plugin v27.5 - https:\/\/yoast.com\/product\/yoast-seo-wordpress\/ -->\n<title>Mat\u00edas Fern\u00e1ndez Burzaco - La gente cree - Revista Urbe<\/title>\n<meta name=\"robots\" content=\"index, follow, max-snippet:-1, max-image-preview:large, max-video-preview:-1\" \/>\n<link rel=\"canonical\" href=\"https:\/\/urbe.com.ar\/revista\/matias-fernandez-burzaco-la-gente-cree\/\" \/>\n<meta property=\"og:locale\" content=\"es_ES\" \/>\n<meta property=\"og:type\" content=\"article\" \/>\n<meta property=\"og:title\" content=\"Mat\u00edas Fern\u00e1ndez Burzaco - La gente cree - Revista Urbe\" \/>\n<meta property=\"og:description\" content=\"No s\u00e9 si les pasar\u00e1 a otras personas con discapacidad, espero que no\u2014 que soy un genio, que soy el prototipo de la ternura. Que soy un enviado de Dios, un angelito, una bendici\u00f3n; que soy, incluso, Dios en persona. La gente cree que uso pa\u00f1ales: que cuando me hago pis o caca no grito [&hellip;]\" \/>\n<meta property=\"og:url\" content=\"https:\/\/urbe.com.ar\/revista\/matias-fernandez-burzaco-la-gente-cree\/\" \/>\n<meta property=\"og:site_name\" content=\"Revista Urbe\" \/>\n<meta property=\"article:published_time\" content=\"2020-10-11T00:04:40+00:00\" \/>\n<meta property=\"article:modified_time\" content=\"2023-06-03T23:13:51+00:00\" \/>\n<meta property=\"og:image\" content=\"https:\/\/urbe.com.ar\/revista\/wp-content\/uploads\/2020\/10\/a-fernandez-burzaco-612.jpg\" \/>\n\t<meta property=\"og:image:width\" content=\"612\" \/>\n\t<meta property=\"og:image:height\" content=\"551\" \/>\n\t<meta property=\"og:image:type\" content=\"image\/jpeg\" \/>\n<meta name=\"author\" content=\"Revista Urbe\" \/>\n<meta name=\"twitter:card\" content=\"summary_large_image\" \/>\n<meta name=\"twitter:creator\" content=\"@Revistaurbe_\" \/>\n<meta name=\"twitter:site\" content=\"@Revistaurbe_\" \/>\n<meta name=\"twitter:label1\" content=\"Escrito por\" \/>\n\t<meta name=\"twitter:data1\" content=\"Revista Urbe\" \/>\n\t<meta name=\"twitter:label2\" content=\"Tiempo de lectura\" \/>\n\t<meta name=\"twitter:data2\" content=\"10 minutos\" \/>\n<script type=\"application\/ld+json\" class=\"yoast-schema-graph\">{\"@context\":\"https:\\\/\\\/schema.org\",\"@graph\":[{\"@type\":\"Article\",\"@id\":\"https:\\\/\\\/urbe.com.ar\\\/revista\\\/matias-fernandez-burzaco-la-gente-cree\\\/#article\",\"isPartOf\":{\"@id\":\"https:\\\/\\\/urbe.com.ar\\\/revista\\\/matias-fernandez-burzaco-la-gente-cree\\\/\"},\"author\":{\"name\":\"Revista Urbe\",\"@id\":\"https:\\\/\\\/urbe.com.ar\\\/revista\\\/#\\\/schema\\\/person\\\/6eb3e83c215b12e07f3981b58fdaf67f\"},\"headline\":\"Mat\u00edas Fern\u00e1ndez Burzaco &#8211; La gente cree\",\"datePublished\":\"2020-10-11T00:04:40+00:00\",\"dateModified\":\"2023-06-03T23:13:51+00:00\",\"mainEntityOfPage\":{\"@id\":\"https:\\\/\\\/urbe.com.ar\\\/revista\\\/matias-fernandez-burzaco-la-gente-cree\\\/\"},\"wordCount\":2006,\"commentCount\":0,\"image\":{\"@id\":\"https:\\\/\\\/urbe.com.ar\\\/revista\\\/matias-fernandez-burzaco-la-gente-cree\\\/#primaryimage\"},\"thumbnailUrl\":\"https:\\\/\\\/i0.wp.com\\\/urbe.com.ar\\\/revista\\\/wp-content\\\/uploads\\\/2020\\\/10\\\/a-fernandez-burzaco-612.jpg?fit=612%2C551&ssl=1\",\"articleSection\":[\"ARTIFICIOS\"],\"inLanguage\":\"es\",\"potentialAction\":[{\"@type\":\"CommentAction\",\"name\":\"Comment\",\"target\":[\"https:\\\/\\\/urbe.com.ar\\\/revista\\\/matias-fernandez-burzaco-la-gente-cree\\\/#respond\"]}]},{\"@type\":\"WebPage\",\"@id\":\"https:\\\/\\\/urbe.com.ar\\\/revista\\\/matias-fernandez-burzaco-la-gente-cree\\\/\",\"url\":\"https:\\\/\\\/urbe.com.ar\\\/revista\\\/matias-fernandez-burzaco-la-gente-cree\\\/\",\"name\":\"Mat\u00edas Fern\u00e1ndez Burzaco - La gente cree - Revista Urbe\",\"isPartOf\":{\"@id\":\"https:\\\/\\\/urbe.com.ar\\\/revista\\\/#website\"},\"primaryImageOfPage\":{\"@id\":\"https:\\\/\\\/urbe.com.ar\\\/revista\\\/matias-fernandez-burzaco-la-gente-cree\\\/#primaryimage\"},\"image\":{\"@id\":\"https:\\\/\\\/urbe.com.ar\\\/revista\\\/matias-fernandez-burzaco-la-gente-cree\\\/#primaryimage\"},\"thumbnailUrl\":\"https:\\\/\\\/i0.wp.com\\\/urbe.com.ar\\\/revista\\\/wp-content\\\/uploads\\\/2020\\\/10\\\/a-fernandez-burzaco-612.jpg?fit=612%2C551&ssl=1\",\"datePublished\":\"2020-10-11T00:04:40+00:00\",\"dateModified\":\"2023-06-03T23:13:51+00:00\",\"author\":{\"@id\":\"https:\\\/\\\/urbe.com.ar\\\/revista\\\/#\\\/schema\\\/person\\\/6eb3e83c215b12e07f3981b58fdaf67f\"},\"breadcrumb\":{\"@id\":\"https:\\\/\\\/urbe.com.ar\\\/revista\\\/matias-fernandez-burzaco-la-gente-cree\\\/#breadcrumb\"},\"inLanguage\":\"es\",\"potentialAction\":[{\"@type\":\"ReadAction\",\"target\":[\"https:\\\/\\\/urbe.com.ar\\\/revista\\\/matias-fernandez-burzaco-la-gente-cree\\\/\"]}]},{\"@type\":\"ImageObject\",\"inLanguage\":\"es\",\"@id\":\"https:\\\/\\\/urbe.com.ar\\\/revista\\\/matias-fernandez-burzaco-la-gente-cree\\\/#primaryimage\",\"url\":\"https:\\\/\\\/i0.wp.com\\\/urbe.com.ar\\\/revista\\\/wp-content\\\/uploads\\\/2020\\\/10\\\/a-fernandez-burzaco-612.jpg?fit=612%2C551&ssl=1\",\"contentUrl\":\"https:\\\/\\\/i0.wp.com\\\/urbe.com.ar\\\/revista\\\/wp-content\\\/uploads\\\/2020\\\/10\\\/a-fernandez-burzaco-612.jpg?fit=612%2C551&ssl=1\",\"width\":612,\"height\":551},{\"@type\":\"BreadcrumbList\",\"@id\":\"https:\\\/\\\/urbe.com.ar\\\/revista\\\/matias-fernandez-burzaco-la-gente-cree\\\/#breadcrumb\",\"itemListElement\":[{\"@type\":\"ListItem\",\"position\":1,\"name\":\"Portada\",\"item\":\"https:\\\/\\\/urbe.com.ar\\\/revista\\\/\"},{\"@type\":\"ListItem\",\"position\":2,\"name\":\"Mat\u00edas Fern\u00e1ndez Burzaco &#8211; La gente cree\"}]},{\"@type\":\"WebSite\",\"@id\":\"https:\\\/\\\/urbe.com.ar\\\/revista\\\/#website\",\"url\":\"https:\\\/\\\/urbe.com.ar\\\/revista\\\/\",\"name\":\"Revista Urbe\",\"description\":\"\",\"potentialAction\":[{\"@type\":\"SearchAction\",\"target\":{\"@type\":\"EntryPoint\",\"urlTemplate\":\"https:\\\/\\\/urbe.com.ar\\\/revista\\\/?s={search_term_string}\"},\"query-input\":{\"@type\":\"PropertyValueSpecification\",\"valueRequired\":true,\"valueName\":\"search_term_string\"}}],\"inLanguage\":\"es\"},{\"@type\":\"Person\",\"@id\":\"https:\\\/\\\/urbe.com.ar\\\/revista\\\/#\\\/schema\\\/person\\\/6eb3e83c215b12e07f3981b58fdaf67f\",\"name\":\"Revista Urbe\",\"image\":{\"@type\":\"ImageObject\",\"inLanguage\":\"es\",\"@id\":\"https:\\\/\\\/secure.gravatar.com\\\/avatar\\\/72b666e32a633c73c1c87ac7208dfbba855299e1caed438da06924072c6b6b78?s=96&d=mm&r=g\",\"url\":\"https:\\\/\\\/secure.gravatar.com\\\/avatar\\\/72b666e32a633c73c1c87ac7208dfbba855299e1caed438da06924072c6b6b78?s=96&d=mm&r=g\",\"contentUrl\":\"https:\\\/\\\/secure.gravatar.com\\\/avatar\\\/72b666e32a633c73c1c87ac7208dfbba855299e1caed438da06924072c6b6b78?s=96&d=mm&r=g\",\"caption\":\"Revista Urbe\"},\"url\":\"https:\\\/\\\/urbe.com.ar\\\/revista\\\/author\\\/c1321401\\\/\"}]}<\/script>\n<!-- \/ Yoast SEO plugin. -->","yoast_head_json":{"title":"Mat\u00edas Fern\u00e1ndez Burzaco - La gente cree - Revista Urbe","robots":{"index":"index","follow":"follow","max-snippet":"max-snippet:-1","max-image-preview":"max-image-preview:large","max-video-preview":"max-video-preview:-1"},"canonical":"https:\/\/urbe.com.ar\/revista\/matias-fernandez-burzaco-la-gente-cree\/","og_locale":"es_ES","og_type":"article","og_title":"Mat\u00edas Fern\u00e1ndez Burzaco - La gente cree - Revista Urbe","og_description":"No s\u00e9 si les pasar\u00e1 a otras personas con discapacidad, espero que no\u2014 que soy un genio, que soy el prototipo de la ternura. Que soy un enviado de Dios, un angelito, una bendici\u00f3n; que soy, incluso, Dios en persona. La gente cree que uso pa\u00f1ales: que cuando me hago pis o caca no grito [&hellip;]","og_url":"https:\/\/urbe.com.ar\/revista\/matias-fernandez-burzaco-la-gente-cree\/","og_site_name":"Revista Urbe","article_published_time":"2020-10-11T00:04:40+00:00","article_modified_time":"2023-06-03T23:13:51+00:00","og_image":[{"width":612,"height":551,"url":"https:\/\/urbe.com.ar\/revista\/wp-content\/uploads\/2020\/10\/a-fernandez-burzaco-612.jpg","type":"image\/jpeg"}],"author":"Revista Urbe","twitter_card":"summary_large_image","twitter_creator":"@Revistaurbe_","twitter_site":"@Revistaurbe_","twitter_misc":{"Escrito por":"Revista Urbe","Tiempo de lectura":"10 minutos"},"schema":{"@context":"https:\/\/schema.org","@graph":[{"@type":"Article","@id":"https:\/\/urbe.com.ar\/revista\/matias-fernandez-burzaco-la-gente-cree\/#article","isPartOf":{"@id":"https:\/\/urbe.com.ar\/revista\/matias-fernandez-burzaco-la-gente-cree\/"},"author":{"name":"Revista Urbe","@id":"https:\/\/urbe.com.ar\/revista\/#\/schema\/person\/6eb3e83c215b12e07f3981b58fdaf67f"},"headline":"Mat\u00edas Fern\u00e1ndez Burzaco &#8211; La gente cree","datePublished":"2020-10-11T00:04:40+00:00","dateModified":"2023-06-03T23:13:51+00:00","mainEntityOfPage":{"@id":"https:\/\/urbe.com.ar\/revista\/matias-fernandez-burzaco-la-gente-cree\/"},"wordCount":2006,"commentCount":0,"image":{"@id":"https:\/\/urbe.com.ar\/revista\/matias-fernandez-burzaco-la-gente-cree\/#primaryimage"},"thumbnailUrl":"https:\/\/i0.wp.com\/urbe.com.ar\/revista\/wp-content\/uploads\/2020\/10\/a-fernandez-burzaco-612.jpg?fit=612%2C551&ssl=1","articleSection":["ARTIFICIOS"],"inLanguage":"es","potentialAction":[{"@type":"CommentAction","name":"Comment","target":["https:\/\/urbe.com.ar\/revista\/matias-fernandez-burzaco-la-gente-cree\/#respond"]}]},{"@type":"WebPage","@id":"https:\/\/urbe.com.ar\/revista\/matias-fernandez-burzaco-la-gente-cree\/","url":"https:\/\/urbe.com.ar\/revista\/matias-fernandez-burzaco-la-gente-cree\/","name":"Mat\u00edas Fern\u00e1ndez Burzaco - La gente cree - Revista Urbe","isPartOf":{"@id":"https:\/\/urbe.com.ar\/revista\/#website"},"primaryImageOfPage":{"@id":"https:\/\/urbe.com.ar\/revista\/matias-fernandez-burzaco-la-gente-cree\/#primaryimage"},"image":{"@id":"https:\/\/urbe.com.ar\/revista\/matias-fernandez-burzaco-la-gente-cree\/#primaryimage"},"thumbnailUrl":"https:\/\/i0.wp.com\/urbe.com.ar\/revista\/wp-content\/uploads\/2020\/10\/a-fernandez-burzaco-612.jpg?fit=612%2C551&ssl=1","datePublished":"2020-10-11T00:04:40+00:00","dateModified":"2023-06-03T23:13:51+00:00","author":{"@id":"https:\/\/urbe.com.ar\/revista\/#\/schema\/person\/6eb3e83c215b12e07f3981b58fdaf67f"},"breadcrumb":{"@id":"https:\/\/urbe.com.ar\/revista\/matias-fernandez-burzaco-la-gente-cree\/#breadcrumb"},"inLanguage":"es","potentialAction":[{"@type":"ReadAction","target":["https:\/\/urbe.com.ar\/revista\/matias-fernandez-burzaco-la-gente-cree\/"]}]},{"@type":"ImageObject","inLanguage":"es","@id":"https:\/\/urbe.com.ar\/revista\/matias-fernandez-burzaco-la-gente-cree\/#primaryimage","url":"https:\/\/i0.wp.com\/urbe.com.ar\/revista\/wp-content\/uploads\/2020\/10\/a-fernandez-burzaco-612.jpg?fit=612%2C551&ssl=1","contentUrl":"https:\/\/i0.wp.com\/urbe.com.ar\/revista\/wp-content\/uploads\/2020\/10\/a-fernandez-burzaco-612.jpg?fit=612%2C551&ssl=1","width":612,"height":551},{"@type":"BreadcrumbList","@id":"https:\/\/urbe.com.ar\/revista\/matias-fernandez-burzaco-la-gente-cree\/#breadcrumb","itemListElement":[{"@type":"ListItem","position":1,"name":"Portada","item":"https:\/\/urbe.com.ar\/revista\/"},{"@type":"ListItem","position":2,"name":"Mat\u00edas Fern\u00e1ndez Burzaco &#8211; La gente cree"}]},{"@type":"WebSite","@id":"https:\/\/urbe.com.ar\/revista\/#website","url":"https:\/\/urbe.com.ar\/revista\/","name":"Revista Urbe","description":"","potentialAction":[{"@type":"SearchAction","target":{"@type":"EntryPoint","urlTemplate":"https:\/\/urbe.com.ar\/revista\/?s={search_term_string}"},"query-input":{"@type":"PropertyValueSpecification","valueRequired":true,"valueName":"search_term_string"}}],"inLanguage":"es"},{"@type":"Person","@id":"https:\/\/urbe.com.ar\/revista\/#\/schema\/person\/6eb3e83c215b12e07f3981b58fdaf67f","name":"Revista Urbe","image":{"@type":"ImageObject","inLanguage":"es","@id":"https:\/\/secure.gravatar.com\/avatar\/72b666e32a633c73c1c87ac7208dfbba855299e1caed438da06924072c6b6b78?s=96&d=mm&r=g","url":"https:\/\/secure.gravatar.com\/avatar\/72b666e32a633c73c1c87ac7208dfbba855299e1caed438da06924072c6b6b78?s=96&d=mm&r=g","contentUrl":"https:\/\/secure.gravatar.com\/avatar\/72b666e32a633c73c1c87ac7208dfbba855299e1caed438da06924072c6b6b78?s=96&d=mm&r=g","caption":"Revista Urbe"},"url":"https:\/\/urbe.com.ar\/revista\/author\/c1321401\/"}]}},"jetpack_featured_media_url":"https:\/\/i0.wp.com\/urbe.com.ar\/revista\/wp-content\/uploads\/2020\/10\/a-fernandez-burzaco-612.jpg?fit=612%2C551&ssl=1","jetpack_sharing_enabled":true,"_links":{"self":[{"href":"https:\/\/urbe.com.ar\/revista\/wp-json\/wp\/v2\/posts\/2996","targetHints":{"allow":["GET"]}}],"collection":[{"href":"https:\/\/urbe.com.ar\/revista\/wp-json\/wp\/v2\/posts"}],"about":[{"href":"https:\/\/urbe.com.ar\/revista\/wp-json\/wp\/v2\/types\/post"}],"author":[{"embeddable":true,"href":"https:\/\/urbe.com.ar\/revista\/wp-json\/wp\/v2\/users\/2"}],"replies":[{"embeddable":true,"href":"https:\/\/urbe.com.ar\/revista\/wp-json\/wp\/v2\/comments?post=2996"}],"version-history":[{"count":7,"href":"https:\/\/urbe.com.ar\/revista\/wp-json\/wp\/v2\/posts\/2996\/revisions"}],"predecessor-version":[{"id":3058,"href":"https:\/\/urbe.com.ar\/revista\/wp-json\/wp\/v2\/posts\/2996\/revisions\/3058"}],"wp:featuredmedia":[{"embeddable":true,"href":"https:\/\/urbe.com.ar\/revista\/wp-json\/wp\/v2\/media\/3006"}],"wp:attachment":[{"href":"https:\/\/urbe.com.ar\/revista\/wp-json\/wp\/v2\/media?parent=2996"}],"wp:term":[{"taxonomy":"category","embeddable":true,"href":"https:\/\/urbe.com.ar\/revista\/wp-json\/wp\/v2\/categories?post=2996"},{"taxonomy":"post_tag","embeddable":true,"href":"https:\/\/urbe.com.ar\/revista\/wp-json\/wp\/v2\/tags?post=2996"}],"curies":[{"name":"wp","href":"https:\/\/api.w.org\/{rel}","templated":true}]}}