{"id":2974,"date":"2020-10-11T00:05:19","date_gmt":"2020-10-11T00:05:19","guid":{"rendered":"https:\/\/urbe.com.ar\/revista\/?p=2974"},"modified":"2023-06-03T23:23:55","modified_gmt":"2023-06-03T23:23:55","slug":"durante-la-pandemia-se-depredaron-ecosistemas-por-3-veces-la-superficie-de-la-ciudad-de-buenos-aires","status":"publish","type":"post","link":"https:\/\/urbe.com.ar\/revista\/durante-la-pandemia-se-depredaron-ecosistemas-por-3-veces-la-superficie-de-la-ciudad-de-buenos-aires\/","title":{"rendered":"Durante la pandemia se depredaron ecosistemas por 3 veces la superficie de la Ciudad de Buenos Aires"},"content":{"rendered":"<p>[et_pb_section fb_built=\u00bb1&#8243; disabled_on=\u00bbon|on|on\u00bb _builder_version=\u00bb4.4.8&#8243; disabled=\u00bbon\u00bb][et_pb_row _builder_version=\u00bb4.4.8&#8243;][et_pb_column type=\u00bb4_4&#8243; _builder_version=\u00bb4.4.8&#8243;][et_pb_text disabled_on=\u00bbon|on|on\u00bb _builder_version=\u00bb4.6.5&#8243; disabled=\u00bbon\u00bb]<\/p>\n<p>Por Micaela Gentile |<br \/>\nLeonardo Grosso, oriundo del partido de San Mart\u00edn, es diputado nacional por la provincia de Buenos Aires (Frente de Todos). Sus or\u00edgenes en la pol\u00edtica se remontan a la d\u00e9cada de los \u201890, donde comenz\u00f3 participando del centro de estudiantes de su colegio secundario. De ah\u00ed en adelante, no par\u00f3. Entre sus dimensiones de trabajo se destacan: la erradicaci\u00f3n de la violencia institucional, el reconocimiento de la diversidad y el ambientalismo. Integra la mesa nacional del Movimiento Evita.<br \/>\nEn una charla con URBE, aclara el panorama sobre los problemas ambientales, el papel del ejecutivo y todo lo que falta.<\/p>\n<p>[\/et_pb_text][\/et_pb_column][\/et_pb_row][\/et_pb_section][et_pb_section fb_built=\u00bb1&#8243; disabled_on=\u00bbon|on|off\u00bb _builder_version=\u00bb4.4.8&#8243; background_enable_color=\u00bboff\u00bb width=\u00bb100%\u00bb max_width=\u00bb100%\u00bb custom_padding=\u00bb0px||0px||false|false\u00bb][et_pb_row column_structure=\u00bb2_3,1_3&#8243; use_custom_gutter=\u00bbon\u00bb gutter_width=\u00bb1&#8243; make_equal=\u00bbon\u00bb _builder_version=\u00bb4.6.5&#8243; custom_margin=\u00bb||0%||false|false\u00bb custom_padding=\u00bb0px||1%||false|false\u00bb][et_pb_column type=\u00bb2_3&#8243; _builder_version=\u00bb4.6.5&#8243; background_image=\u00bbhttps:\/\/urbe.com.ar\/revista\/wp-content\/uploads\/2020\/10\/u-grosso-720.jpg\u00bb][\/et_pb_column][et_pb_column type=\u00bb1_3&#8243; _builder_version=\u00bb4.4.8&#8243; background_enable_image=\u00bboff\u00bb][et_pb_image src=\u00bbhttps:\/\/urbe.com.ar\/revista\/wp-content\/uploads\/2020\/07\/logo-nota-cuadrado.jpg\u00bb url=\u00bbhttps:\/\/urbe.com.ar\/revista\/\u00bb _builder_version=\u00bb4.4.8&#8243; custom_margin=\u00bb|||3%|false|false\u00bb][\/et_pb_image][\/et_pb_column][\/et_pb_row][\/et_pb_section][et_pb_section fb_built=\u00bb1&#8243; disabled_on=\u00bboff|off|on\u00bb _builder_version=\u00bb4.4.8&#8243; background_enable_color=\u00bboff\u00bb width=\u00bb100%\u00bb max_width=\u00bb100%\u00bb custom_padding=\u00bb0px||0px||false|false\u00bb][et_pb_row use_custom_gutter=\u00bbon\u00bb gutter_width=\u00bb1&#8243; make_equal=\u00bbon\u00bb _builder_version=\u00bb4.4.8&#8243; custom_margin=\u00bb||0%||false|false\u00bb custom_padding=\u00bb0px||1%||false|false\u00bb][et_pb_column type=\u00bb4_4&#8243; _builder_version=\u00bb4.4.8&#8243; background_enable_image=\u00bboff\u00bb][et_pb_image src=\u00bbhttps:\/\/urbe.com.ar\/revista\/wp-content\/uploads\/2020\/10\/u-grosso-720.jpg\u00bb align=\u00bbcenter\u00bb _builder_version=\u00bb4.6.5&#8243; background_enable_image=\u00bboff\u00bb][\/et_pb_image][\/et_pb_column][\/et_pb_row][\/et_pb_section][et_pb_section fb_built=\u00bb1&#8243; use_custom_gutter=\u00bbon\u00bb specialty=\u00bbon\u00bb padding_top_bottom_link_1=\u00bbfalse\u00bb padding_top_bottom_link_2=\u00bbfalse\u00bb padding_left_right_link_1=\u00bbfalse\u00bb padding_left_right_link_2=\u00bbfalse\u00bb padding_left_2=\u00bb1%\u00bb _builder_version=\u00bb4.4.8&#8243; custom_padding=\u00bb0px||0px|||\u00bb][et_pb_column type=\u00bb2_3&#8243; specialty_columns=\u00bb2&#8243; _builder_version=\u00bb3.25&#8243; custom_padding=\u00bb|||\u00bb custom_padding__hover=\u00bb|||\u00bb][et_pb_row_inner _builder_version=\u00bb4.4.8&#8243; custom_padding=\u00bb0px||0px|||\u00bb][et_pb_column_inner saved_specialty_column_type=\u00bb2_3&#8243; _builder_version=\u00bb4.4.8&#8243;][et_pb_text _builder_version=\u00bb4.4.8&#8243; text_text_color=\u00bb#ffffff\u00bb header_text_color=\u00bb#ffffff\u00bb background_image=\u00bbhttps:\/\/urbe.com.ar\/revista\/wp-content\/uploads\/2020\/07\/barra-urbe.jpg\u00bb text_orientation=\u00bbcenter\u00bb]<\/p>\n<h1>URBE<\/h1>\n<p>[\/et_pb_text][\/et_pb_column_inner][\/et_pb_row_inner][et_pb_row_inner _builder_version=\u00bb4.4.8&#8243; background_color=\u00bb#ffffff\u00bb custom_padding=\u00bb0px||0px|||\u00bb][et_pb_column_inner saved_specialty_column_type=\u00bb2_3&#8243; _builder_version=\u00bb4.4.8&#8243;][et_pb_text _builder_version=\u00bb4.6.5&#8243; header_text_align=\u00bbcenter\u00bb header_text_color=\u00bb#009fad\u00bb header_font_size=\u00bb28px\u00bb header_3_text_align=\u00bbcenter\u00bb header_3_text_color=\u00bb#009fad\u00bb custom_margin=\u00bb3%|5%|3%|5%|true|true\u00bb custom_padding=\u00bb|5%||5%|false|true\u00bb hover_enabled=\u00bb0&#8243; sticky_enabled=\u00bb0&#8243;]<\/p>\n<h1>DURANTE LA PANDEMIA SE DEPREDARON ECOSISTEMAS POR 3 VECES LA SUPERFICIE DE LA CIUDAD DE BUENOS AIRES<\/h1>\n<p>[\/et_pb_text][et_pb_text _builder_version=\u00bb4.6.5&#8243; text_font=\u00bb|600|||||||\u00bb text_text_color=\u00bb#009fad\u00bb text_font_size=\u00bb18px\u00bb header_text_align=\u00bbcenter\u00bb header_font_size=\u00bb35px\u00bb text_orientation=\u00bbjustified\u00bb custom_margin=\u00bb2%|5%|0%|5%|false|true\u00bb]<\/p>\n<p>Por <b>Micaela Gentile<\/b><\/p>\n<p>[\/et_pb_text][et_pb_text _builder_version=\u00bb4.6.5&#8243; text_font=\u00bb||||||||\u00bb text_text_color=\u00bb#009fad\u00bb text_font_size=\u00bb18px\u00bb header_text_align=\u00bbcenter\u00bb header_font_size=\u00bb35px\u00bb text_orientation=\u00bbjustified\u00bb custom_margin=\u00bb0%|5%|2%|5%|false|true\u00bb]<\/p>\n<p>11\/10\/2020<\/p>\n<p>[\/et_pb_text][\/et_pb_column_inner][\/et_pb_row_inner][et_pb_row_inner _builder_version=\u00bb4.4.8&#8243; background_color=\u00bb#ffffff\u00bb custom_padding=\u00bb0px||3px|0px||\u00bb][et_pb_column_inner saved_specialty_column_type=\u00bb2_3&#8243; _builder_version=\u00bb4.4.8&#8243;][et_pb_text _builder_version=\u00bb4.6.5&#8243; text_font=\u00bb|700|||||||\u00bb text_text_color=\u00bb#008f9b\u00bb text_font_size=\u00bb16px\u00bb text_orientation=\u00bbjustified\u00bb custom_margin=\u00bb|5%||5%|false|true\u00bb]<\/p>\n<p>Leonardo Grosso, oriundo del partido de San Mart\u00edn, es diputado nacional por la provincia de Buenos Aires (Frente de Todos). Sus or\u00edgenes en la pol\u00edtica se remontan a la d\u00e9cada de los \u201890, donde comenz\u00f3 participando del centro de estudiantes de su colegio secundario. De ah\u00ed en adelante, no par\u00f3. Entre sus dimensiones de trabajo se destacan: la erradicaci\u00f3n de la violencia institucional, el reconocimiento de la diversidad y el ambientalismo. Integra la mesa nacional del Movimiento Evita.<br \/>\nEn una charla con URBE, aclara el panorama sobre los problemas ambientales, el papel del ejecutivo y todo lo que falta.<\/p>\n<p>[\/et_pb_text][et_pb_image src=\u00bbhttps:\/\/urbe.com.ar\/revista\/wp-content\/uploads\/2020\/07\/separador-urbe.png\u00bb _builder_version=\u00bb4.4.8&#8243;][\/et_pb_image][et_pb_text _builder_version=\u00bb4.6.5&#8243; text_font_size=\u00bb16px\u00bb text_orientation=\u00bbjustified\u00bb custom_margin=\u00bb|5%||5%|false|true\u00bb]<\/p>\n<p><b><i>Seg\u00fan el Sistema Nacional del Manejo del Fuego (SNMF), actualmente hay 13 provincias con incendios forestales y 11 que tienen focos activos \u00bfC\u00f3mo ves la gesti\u00f3n del Gobierno Nacional y los diferentes ministerios en la materia?<br \/>\n<\/i><\/b><\/p>\n<p>El Gobierno est\u00e1 poniendo todos los recursos a disposici\u00f3n para combatir los incendios. Tambi\u00e9n se trabaja en coordinaci\u00f3n con los gobiernos provinciales: equipos de rescate, aviones y helic\u00f3pteros hidrantes. Lo fundamental y a lo que apuntamos con la modificaci\u00f3n a la Ley de Manejo del Fuego, tambi\u00e9n con la Ley de Humedales, es a una soluci\u00f3n de fondo que termine con estos incendios intencionales para cuidar el \u00fanico planeta que tenemos. Nada va a poder reemplazar las \u00e1reas da\u00f1adas si no actuamos de fondo, y a eso apuntamos. Somos los seres humanos los que estamos destruyendo nuestra casa com\u00fan por cuestiones de negocios, y todo esto trae problemas mucho mayores incluso con la salud de nosotros mismos.\n<\/p>\n<p><b><i>Desde el ministerio que conduce Juan Cabandi\u00e9 manifestaron que \u00abel 95% de los incendios son intencionales\u00bb \u00bfA qu\u00e9 crees que responde?<br \/>\n<\/i><\/b>\n<\/p>\n<p>Responde a negocios. En algunos casos a negocios inmobiliarios, en otros casos al desplazamiento de la ganader\u00eda a zonas de humedales o de bosques, en otros a la mega miner\u00eda y en muchos casos al avance de la frontera agropecuaria. Durante la pandemia se depredaron ecosistemas por tres veces la superficie de la ciudad de Buenos Aires, y eso es un mont\u00f3n. Tenemos que frenarlo. Tambi\u00e9n estamos pidiendo al Poder Judicial que tenga mayor predisposici\u00f3n y celeridad en su accionar porque nos prenden fuego medio pa\u00eds y vemos que algunos jueces y fiscales est\u00e1n un poco perezosos.<\/p>\n<p><b><i>En la C\u00e1mara de Diputados de la Naci\u00f3n, presentaron un proyecto de ley y se instal\u00f3 en redes sociales el hashtag #LeyDeFuegoYA \u00bfCu\u00e1les son las principales caracter\u00edsticas de la iniciativa? \u00bfCu\u00e1l es su objetivo principal?<br \/>\n<\/i><\/b><\/p>\n<p>El objetivo principal es proteger \u00e1reas fundamentales para el ecosistema. Lo m\u00e1s importante que propone esta modificatoria es la de prohibir por 60 a\u00f1os el uso de las \u00e1reas incendiadas para una actividad diferente a la que ten\u00eda previa al incendio. Por ejemplo, donde hab\u00eda un humedal, por 60 a\u00f1os tiene que seguir habiendo un humedal. Queremos que ese humedal se recupere del da\u00f1o que sufri\u00f3 y siga cumpliendo su funci\u00f3n.<\/p>\n<p><b><i>\u00daltimamente se habla mucho de la necesidad de generar una transici\u00f3n hacia un modelo de desarrollo sostenible \u00bfQu\u00e9 consecuencias tendr\u00eda sobre la matriz productiva de nuestro pa\u00eds? \u00bfy sobre lxs ciudadanxs?<br \/>\n<\/i><\/b><\/p>\n<p>Hay un viejo mito que los sectores econ\u00f3micos que arrasan el ambiente nos vendieron como una verdad absoluta, y es que para hacer posible el desarrollo productivo es necesario talar un bosque o destruir un humedal. Eso es una gran mentira. \u00bfC\u00f3mo va a ser verdad que para producir m\u00e1s y mejor hay que destruir el planeta?. No, de ninguna manera. Estamos trabajando con los sectores productivos, las organizaciones ambientales, los especialistas, para cambiar el paradigma productivo y entender que sin planeta no hay posibilidad de desarrollo. La producci\u00f3n con perspectiva ambiental es parte central de la agenda pol\u00edtica y de la agenda social en la actualidad y tambi\u00e9n hacia el futuro.\n<\/p>\n<p><b><i>El cuidado del ambiente y las discusiones sobre el feminismo son dos consignas que cobran cada vez mayor relevancia. \u00bfQu\u00e9 reflexi\u00f3n te merece?\u00bfCu\u00e1l crees que es el rol de la juventud en estos temas?<br \/>\n<\/i><\/b><\/p>\n<p>Est\u00e1 claro que hay una fuerte impronta generacional. Las pibas desde las calles hicieron del feminismo un movimiento transversal que cobr\u00f3 mucha fuerza en la representaci\u00f3n pol\u00edtica. Porque no s\u00f3lo se logr\u00f3 una visibilizaci\u00f3n, sino que la diversidad, el g\u00e9nero, se metieron dentro de las instituciones para mejorarlo todo. Empujan y transforman estructuras pol\u00edticas que no estaban acostumbradas a eso. Algo parecido ocurre con el ambientalismo. Millones de j\u00f3venes en todo el mundo lograron primero la visibilizaci\u00f3n, la transversalidad y hoy son parte de la discusi\u00f3n pol\u00edtica donde encuentran representaci\u00f3n y participaci\u00f3n. Ambos movimientos son el signo fundamental de este tiempo.<\/p>\n<p>(cr\u00e9dito de la foto: PRENSA HCDN. Durante la votaci\u00f3n del acuerdo de Escaz\u00fa)<\/p>\n<p>[\/et_pb_text][et_pb_image src=\u00bbhttps:\/\/urbe.com.ar\/revista\/wp-content\/uploads\/2020\/07\/fin-urbe.png\u00bb _builder_version=\u00bb4.4.8&#8243; custom_margin=\u00bb5%||5%||true|false\u00bb][\/et_pb_image][\/et_pb_column_inner][\/et_pb_row_inner][\/et_pb_column][et_pb_column type=\u00bb1_3&#8243; _builder_version=\u00bb3.25&#8243; custom_padding=\u00bb|||\u00bb custom_padding__hover=\u00bb|||\u00bb][et_pb_blog fullwidth=\u00bboff\u00bb include_categories=\u00bb7,11,8,9,10&#8243; meta_date=\u00bbj M,Y\u00bb excerpt_length=\u00bb80&#8243; show_author=\u00bboff\u00bb show_categories=\u00bboff\u00bb show_pagination=\u00bboff\u00bb masonry_tile_background_color=\u00bb#83d9d8&#8243; disabled_on=\u00bbon|off|off\u00bb _builder_version=\u00bb4.4.8&#8243; header_text_color=\u00bb#FFFFFF\u00bb body_text_color=\u00bb#FFFFFF\u00bb meta_text_color=\u00bb#FFFFFF\u00bb read_more_text_color=\u00bb#FFFFFF\u00bb background_enable_color=\u00bboff\u00bb custom_margin=\u00bb-9%||1%||false|false\u00bb custom_margin_tablet=\u00bb0%||||false|false\u00bb custom_margin_phone=\u00bb\u00bb custom_margin_last_edited=\u00bbon|desktop\u00bb custom_padding=\u00bb||0px|||\u00bb header_text_shadow_style=\u00bbpreset3&#8243; header_text_shadow_color=\u00bb#000000&#8243; body_text_shadow_style=\u00bbpreset3&#8243; body_text_shadow_color=\u00bb#000000&#8243; meta_text_shadow_style=\u00bbpreset3&#8243; meta_text_shadow_color=\u00bb#000000&#8243; border_color_all_image=\u00bb#a4e3e9&#8243; border_width_top_image=\u00bb2px\u00bb text_shadow_style=\u00bbpreset3&#8243; text_shadow_blur_strength=\u00bb0.54em\u00bb text_shadow_color=\u00bb#000000&#8243;][\/et_pb_blog][et_pb_code _builder_version=\u00bb4.4.8&#8243;]<\/p>\n<style><!-- [et_pb_line_break_holder] -->  .et_pb_post .et_pb_image_container{<!-- [et_pb_line_break_holder] -->    margin-bottom: -144px;<!-- [et_pb_line_break_holder] -->}<!-- [et_pb_line_break_holder] --><!-- [et_pb_line_break_holder] -->.et_pb_post .entry-title{<!-- [et_pb_line_break_holder] -->    position: relative;<!-- [et_pb_line_break_holder] -->    bottom: 40px;<!-- [et_pb_line_break_holder] -->    margin-bottom: -50px;<!-- [et_pb_line_break_holder] -->}<!-- [et_pb_line_break_holder] --><!-- [et_pb_line_break_holder] -->.et_pb_post .post-meta,.et_pb_post .post-content{<!-- [et_pb_line_break_holder] -->    position: relative;<!-- [et_pb_line_break_holder] -->    bottom: 0px;<!-- [et_pb_line_break_holder] -->}<\/style>\n<p>[\/et_pb_code][\/et_pb_column][\/et_pb_section]<\/p>\n","protected":false},"excerpt":{"rendered":"<p>Por Micaela Gentile | Leonardo Grosso, oriundo del partido de San Mart\u00edn, es diputado nacional por la provincia de Buenos Aires (Frente de Todos). Sus or\u00edgenes en la pol\u00edtica se remontan a la d\u00e9cada de los \u201890, donde comenz\u00f3 participando del centro de estudiantes de su colegio secundario. De ah\u00ed en adelante, no par\u00f3. Entre [&hellip;]<\/p>\n","protected":false},"author":2,"featured_media":3024,"comment_status":"open","ping_status":"open","sticky":false,"template":"","format":"standard","meta":{"_et_pb_use_builder":"on","_et_pb_old_content":"","_et_gb_content_width":"","_jetpack_memberships_contains_paid_content":false,"footnotes":""},"categories":[32],"tags":[],"class_list":["post-2974","post","type-post","status-publish","format-standard","has-post-thumbnail","hentry","category-urbe-urbe"],"yoast_head":"<!-- This site is optimized with the Yoast SEO plugin v27.4 - https:\/\/yoast.com\/product\/yoast-seo-wordpress\/ -->\n<title>Durante la pandemia se depredaron ecosistemas por 3 veces la superficie de la Ciudad de Buenos Aires - Revista Urbe<\/title>\n<meta name=\"robots\" content=\"index, follow, max-snippet:-1, max-image-preview:large, max-video-preview:-1\" \/>\n<link rel=\"canonical\" href=\"https:\/\/urbe.com.ar\/revista\/durante-la-pandemia-se-depredaron-ecosistemas-por-3-veces-la-superficie-de-la-ciudad-de-buenos-aires\/\" \/>\n<meta property=\"og:locale\" content=\"es_ES\" \/>\n<meta property=\"og:type\" content=\"article\" \/>\n<meta property=\"og:title\" content=\"Durante la pandemia se depredaron ecosistemas por 3 veces la superficie de la Ciudad de Buenos Aires - Revista Urbe\" \/>\n<meta property=\"og:description\" content=\"Por Micaela Gentile | Leonardo Grosso, oriundo del partido de San Mart\u00edn, es diputado nacional por la provincia de Buenos Aires (Frente de Todos). Sus or\u00edgenes en la pol\u00edtica se remontan a la d\u00e9cada de los \u201890, donde comenz\u00f3 participando del centro de estudiantes de su colegio secundario. De ah\u00ed en adelante, no par\u00f3. Entre [&hellip;]\" \/>\n<meta property=\"og:url\" content=\"https:\/\/urbe.com.ar\/revista\/durante-la-pandemia-se-depredaron-ecosistemas-por-3-veces-la-superficie-de-la-ciudad-de-buenos-aires\/\" \/>\n<meta property=\"og:site_name\" content=\"Revista Urbe\" \/>\n<meta property=\"article:published_time\" content=\"2020-10-11T00:05:19+00:00\" \/>\n<meta property=\"article:modified_time\" content=\"2023-06-03T23:23:55+00:00\" \/>\n<meta property=\"og:image\" content=\"https:\/\/urbe.com.ar\/revista\/wp-content\/uploads\/2020\/10\/u-grosso-612.jpg\" \/>\n\t<meta property=\"og:image:width\" content=\"612\" \/>\n\t<meta property=\"og:image:height\" content=\"551\" \/>\n\t<meta property=\"og:image:type\" content=\"image\/jpeg\" \/>\n<meta name=\"author\" content=\"Revista Urbe\" \/>\n<meta name=\"twitter:card\" content=\"summary_large_image\" \/>\n<meta name=\"twitter:creator\" content=\"@Revistaurbe_\" \/>\n<meta name=\"twitter:site\" content=\"@Revistaurbe_\" \/>\n<meta name=\"twitter:label1\" content=\"Escrito por\" \/>\n\t<meta name=\"twitter:data1\" content=\"Revista Urbe\" \/>\n\t<meta name=\"twitter:label2\" content=\"Tiempo de lectura\" \/>\n\t<meta name=\"twitter:data2\" content=\"9 minutos\" \/>\n<script type=\"application\/ld+json\" class=\"yoast-schema-graph\">{\"@context\":\"https:\\\/\\\/schema.org\",\"@graph\":[{\"@type\":\"Article\",\"@id\":\"https:\\\/\\\/urbe.com.ar\\\/revista\\\/durante-la-pandemia-se-depredaron-ecosistemas-por-3-veces-la-superficie-de-la-ciudad-de-buenos-aires\\\/#article\",\"isPartOf\":{\"@id\":\"https:\\\/\\\/urbe.com.ar\\\/revista\\\/durante-la-pandemia-se-depredaron-ecosistemas-por-3-veces-la-superficie-de-la-ciudad-de-buenos-aires\\\/\"},\"author\":{\"name\":\"Revista Urbe\",\"@id\":\"https:\\\/\\\/urbe.com.ar\\\/revista\\\/#\\\/schema\\\/person\\\/6eb3e83c215b12e07f3981b58fdaf67f\"},\"headline\":\"Durante la pandemia se depredaron ecosistemas por 3 veces la superficie de la Ciudad de Buenos Aires\",\"datePublished\":\"2020-10-11T00:05:19+00:00\",\"dateModified\":\"2023-06-03T23:23:55+00:00\",\"mainEntityOfPage\":{\"@id\":\"https:\\\/\\\/urbe.com.ar\\\/revista\\\/durante-la-pandemia-se-depredaron-ecosistemas-por-3-veces-la-superficie-de-la-ciudad-de-buenos-aires\\\/\"},\"wordCount\":1747,\"commentCount\":0,\"image\":{\"@id\":\"https:\\\/\\\/urbe.com.ar\\\/revista\\\/durante-la-pandemia-se-depredaron-ecosistemas-por-3-veces-la-superficie-de-la-ciudad-de-buenos-aires\\\/#primaryimage\"},\"thumbnailUrl\":\"https:\\\/\\\/i0.wp.com\\\/urbe.com.ar\\\/revista\\\/wp-content\\\/uploads\\\/2020\\\/10\\\/u-grosso-612.jpg?fit=612%2C551&ssl=1\",\"articleSection\":[\"URBE\"],\"inLanguage\":\"es\",\"potentialAction\":[{\"@type\":\"CommentAction\",\"name\":\"Comment\",\"target\":[\"https:\\\/\\\/urbe.com.ar\\\/revista\\\/durante-la-pandemia-se-depredaron-ecosistemas-por-3-veces-la-superficie-de-la-ciudad-de-buenos-aires\\\/#respond\"]}]},{\"@type\":\"WebPage\",\"@id\":\"https:\\\/\\\/urbe.com.ar\\\/revista\\\/durante-la-pandemia-se-depredaron-ecosistemas-por-3-veces-la-superficie-de-la-ciudad-de-buenos-aires\\\/\",\"url\":\"https:\\\/\\\/urbe.com.ar\\\/revista\\\/durante-la-pandemia-se-depredaron-ecosistemas-por-3-veces-la-superficie-de-la-ciudad-de-buenos-aires\\\/\",\"name\":\"Durante la pandemia se depredaron ecosistemas por 3 veces la superficie de la Ciudad de Buenos Aires - Revista Urbe\",\"isPartOf\":{\"@id\":\"https:\\\/\\\/urbe.com.ar\\\/revista\\\/#website\"},\"primaryImageOfPage\":{\"@id\":\"https:\\\/\\\/urbe.com.ar\\\/revista\\\/durante-la-pandemia-se-depredaron-ecosistemas-por-3-veces-la-superficie-de-la-ciudad-de-buenos-aires\\\/#primaryimage\"},\"image\":{\"@id\":\"https:\\\/\\\/urbe.com.ar\\\/revista\\\/durante-la-pandemia-se-depredaron-ecosistemas-por-3-veces-la-superficie-de-la-ciudad-de-buenos-aires\\\/#primaryimage\"},\"thumbnailUrl\":\"https:\\\/\\\/i0.wp.com\\\/urbe.com.ar\\\/revista\\\/wp-content\\\/uploads\\\/2020\\\/10\\\/u-grosso-612.jpg?fit=612%2C551&ssl=1\",\"datePublished\":\"2020-10-11T00:05:19+00:00\",\"dateModified\":\"2023-06-03T23:23:55+00:00\",\"author\":{\"@id\":\"https:\\\/\\\/urbe.com.ar\\\/revista\\\/#\\\/schema\\\/person\\\/6eb3e83c215b12e07f3981b58fdaf67f\"},\"breadcrumb\":{\"@id\":\"https:\\\/\\\/urbe.com.ar\\\/revista\\\/durante-la-pandemia-se-depredaron-ecosistemas-por-3-veces-la-superficie-de-la-ciudad-de-buenos-aires\\\/#breadcrumb\"},\"inLanguage\":\"es\",\"potentialAction\":[{\"@type\":\"ReadAction\",\"target\":[\"https:\\\/\\\/urbe.com.ar\\\/revista\\\/durante-la-pandemia-se-depredaron-ecosistemas-por-3-veces-la-superficie-de-la-ciudad-de-buenos-aires\\\/\"]}]},{\"@type\":\"ImageObject\",\"inLanguage\":\"es\",\"@id\":\"https:\\\/\\\/urbe.com.ar\\\/revista\\\/durante-la-pandemia-se-depredaron-ecosistemas-por-3-veces-la-superficie-de-la-ciudad-de-buenos-aires\\\/#primaryimage\",\"url\":\"https:\\\/\\\/i0.wp.com\\\/urbe.com.ar\\\/revista\\\/wp-content\\\/uploads\\\/2020\\\/10\\\/u-grosso-612.jpg?fit=612%2C551&ssl=1\",\"contentUrl\":\"https:\\\/\\\/i0.wp.com\\\/urbe.com.ar\\\/revista\\\/wp-content\\\/uploads\\\/2020\\\/10\\\/u-grosso-612.jpg?fit=612%2C551&ssl=1\",\"width\":612,\"height\":551},{\"@type\":\"BreadcrumbList\",\"@id\":\"https:\\\/\\\/urbe.com.ar\\\/revista\\\/durante-la-pandemia-se-depredaron-ecosistemas-por-3-veces-la-superficie-de-la-ciudad-de-buenos-aires\\\/#breadcrumb\",\"itemListElement\":[{\"@type\":\"ListItem\",\"position\":1,\"name\":\"Portada\",\"item\":\"https:\\\/\\\/urbe.com.ar\\\/revista\\\/\"},{\"@type\":\"ListItem\",\"position\":2,\"name\":\"Durante la pandemia se depredaron ecosistemas por 3 veces la superficie de la Ciudad de Buenos Aires\"}]},{\"@type\":\"WebSite\",\"@id\":\"https:\\\/\\\/urbe.com.ar\\\/revista\\\/#website\",\"url\":\"https:\\\/\\\/urbe.com.ar\\\/revista\\\/\",\"name\":\"Revista Urbe\",\"description\":\"\",\"potentialAction\":[{\"@type\":\"SearchAction\",\"target\":{\"@type\":\"EntryPoint\",\"urlTemplate\":\"https:\\\/\\\/urbe.com.ar\\\/revista\\\/?s={search_term_string}\"},\"query-input\":{\"@type\":\"PropertyValueSpecification\",\"valueRequired\":true,\"valueName\":\"search_term_string\"}}],\"inLanguage\":\"es\"},{\"@type\":\"Person\",\"@id\":\"https:\\\/\\\/urbe.com.ar\\\/revista\\\/#\\\/schema\\\/person\\\/6eb3e83c215b12e07f3981b58fdaf67f\",\"name\":\"Revista Urbe\",\"image\":{\"@type\":\"ImageObject\",\"inLanguage\":\"es\",\"@id\":\"https:\\\/\\\/secure.gravatar.com\\\/avatar\\\/72b666e32a633c73c1c87ac7208dfbba855299e1caed438da06924072c6b6b78?s=96&d=mm&r=g\",\"url\":\"https:\\\/\\\/secure.gravatar.com\\\/avatar\\\/72b666e32a633c73c1c87ac7208dfbba855299e1caed438da06924072c6b6b78?s=96&d=mm&r=g\",\"contentUrl\":\"https:\\\/\\\/secure.gravatar.com\\\/avatar\\\/72b666e32a633c73c1c87ac7208dfbba855299e1caed438da06924072c6b6b78?s=96&d=mm&r=g\",\"caption\":\"Revista Urbe\"},\"url\":\"https:\\\/\\\/urbe.com.ar\\\/revista\\\/author\\\/c1321401\\\/\"}]}<\/script>\n<!-- \/ Yoast SEO plugin. -->","yoast_head_json":{"title":"Durante la pandemia se depredaron ecosistemas por 3 veces la superficie de la Ciudad de Buenos Aires - Revista Urbe","robots":{"index":"index","follow":"follow","max-snippet":"max-snippet:-1","max-image-preview":"max-image-preview:large","max-video-preview":"max-video-preview:-1"},"canonical":"https:\/\/urbe.com.ar\/revista\/durante-la-pandemia-se-depredaron-ecosistemas-por-3-veces-la-superficie-de-la-ciudad-de-buenos-aires\/","og_locale":"es_ES","og_type":"article","og_title":"Durante la pandemia se depredaron ecosistemas por 3 veces la superficie de la Ciudad de Buenos Aires - Revista Urbe","og_description":"Por Micaela Gentile | Leonardo Grosso, oriundo del partido de San Mart\u00edn, es diputado nacional por la provincia de Buenos Aires (Frente de Todos). Sus or\u00edgenes en la pol\u00edtica se remontan a la d\u00e9cada de los \u201890, donde comenz\u00f3 participando del centro de estudiantes de su colegio secundario. De ah\u00ed en adelante, no par\u00f3. Entre [&hellip;]","og_url":"https:\/\/urbe.com.ar\/revista\/durante-la-pandemia-se-depredaron-ecosistemas-por-3-veces-la-superficie-de-la-ciudad-de-buenos-aires\/","og_site_name":"Revista Urbe","article_published_time":"2020-10-11T00:05:19+00:00","article_modified_time":"2023-06-03T23:23:55+00:00","og_image":[{"width":612,"height":551,"url":"https:\/\/urbe.com.ar\/revista\/wp-content\/uploads\/2020\/10\/u-grosso-612.jpg","type":"image\/jpeg"}],"author":"Revista Urbe","twitter_card":"summary_large_image","twitter_creator":"@Revistaurbe_","twitter_site":"@Revistaurbe_","twitter_misc":{"Escrito por":"Revista Urbe","Tiempo de lectura":"9 minutos"},"schema":{"@context":"https:\/\/schema.org","@graph":[{"@type":"Article","@id":"https:\/\/urbe.com.ar\/revista\/durante-la-pandemia-se-depredaron-ecosistemas-por-3-veces-la-superficie-de-la-ciudad-de-buenos-aires\/#article","isPartOf":{"@id":"https:\/\/urbe.com.ar\/revista\/durante-la-pandemia-se-depredaron-ecosistemas-por-3-veces-la-superficie-de-la-ciudad-de-buenos-aires\/"},"author":{"name":"Revista Urbe","@id":"https:\/\/urbe.com.ar\/revista\/#\/schema\/person\/6eb3e83c215b12e07f3981b58fdaf67f"},"headline":"Durante la pandemia se depredaron ecosistemas por 3 veces la superficie de la Ciudad de Buenos Aires","datePublished":"2020-10-11T00:05:19+00:00","dateModified":"2023-06-03T23:23:55+00:00","mainEntityOfPage":{"@id":"https:\/\/urbe.com.ar\/revista\/durante-la-pandemia-se-depredaron-ecosistemas-por-3-veces-la-superficie-de-la-ciudad-de-buenos-aires\/"},"wordCount":1747,"commentCount":0,"image":{"@id":"https:\/\/urbe.com.ar\/revista\/durante-la-pandemia-se-depredaron-ecosistemas-por-3-veces-la-superficie-de-la-ciudad-de-buenos-aires\/#primaryimage"},"thumbnailUrl":"https:\/\/i0.wp.com\/urbe.com.ar\/revista\/wp-content\/uploads\/2020\/10\/u-grosso-612.jpg?fit=612%2C551&ssl=1","articleSection":["URBE"],"inLanguage":"es","potentialAction":[{"@type":"CommentAction","name":"Comment","target":["https:\/\/urbe.com.ar\/revista\/durante-la-pandemia-se-depredaron-ecosistemas-por-3-veces-la-superficie-de-la-ciudad-de-buenos-aires\/#respond"]}]},{"@type":"WebPage","@id":"https:\/\/urbe.com.ar\/revista\/durante-la-pandemia-se-depredaron-ecosistemas-por-3-veces-la-superficie-de-la-ciudad-de-buenos-aires\/","url":"https:\/\/urbe.com.ar\/revista\/durante-la-pandemia-se-depredaron-ecosistemas-por-3-veces-la-superficie-de-la-ciudad-de-buenos-aires\/","name":"Durante la pandemia se depredaron ecosistemas por 3 veces la superficie de la Ciudad de Buenos Aires - Revista Urbe","isPartOf":{"@id":"https:\/\/urbe.com.ar\/revista\/#website"},"primaryImageOfPage":{"@id":"https:\/\/urbe.com.ar\/revista\/durante-la-pandemia-se-depredaron-ecosistemas-por-3-veces-la-superficie-de-la-ciudad-de-buenos-aires\/#primaryimage"},"image":{"@id":"https:\/\/urbe.com.ar\/revista\/durante-la-pandemia-se-depredaron-ecosistemas-por-3-veces-la-superficie-de-la-ciudad-de-buenos-aires\/#primaryimage"},"thumbnailUrl":"https:\/\/i0.wp.com\/urbe.com.ar\/revista\/wp-content\/uploads\/2020\/10\/u-grosso-612.jpg?fit=612%2C551&ssl=1","datePublished":"2020-10-11T00:05:19+00:00","dateModified":"2023-06-03T23:23:55+00:00","author":{"@id":"https:\/\/urbe.com.ar\/revista\/#\/schema\/person\/6eb3e83c215b12e07f3981b58fdaf67f"},"breadcrumb":{"@id":"https:\/\/urbe.com.ar\/revista\/durante-la-pandemia-se-depredaron-ecosistemas-por-3-veces-la-superficie-de-la-ciudad-de-buenos-aires\/#breadcrumb"},"inLanguage":"es","potentialAction":[{"@type":"ReadAction","target":["https:\/\/urbe.com.ar\/revista\/durante-la-pandemia-se-depredaron-ecosistemas-por-3-veces-la-superficie-de-la-ciudad-de-buenos-aires\/"]}]},{"@type":"ImageObject","inLanguage":"es","@id":"https:\/\/urbe.com.ar\/revista\/durante-la-pandemia-se-depredaron-ecosistemas-por-3-veces-la-superficie-de-la-ciudad-de-buenos-aires\/#primaryimage","url":"https:\/\/i0.wp.com\/urbe.com.ar\/revista\/wp-content\/uploads\/2020\/10\/u-grosso-612.jpg?fit=612%2C551&ssl=1","contentUrl":"https:\/\/i0.wp.com\/urbe.com.ar\/revista\/wp-content\/uploads\/2020\/10\/u-grosso-612.jpg?fit=612%2C551&ssl=1","width":612,"height":551},{"@type":"BreadcrumbList","@id":"https:\/\/urbe.com.ar\/revista\/durante-la-pandemia-se-depredaron-ecosistemas-por-3-veces-la-superficie-de-la-ciudad-de-buenos-aires\/#breadcrumb","itemListElement":[{"@type":"ListItem","position":1,"name":"Portada","item":"https:\/\/urbe.com.ar\/revista\/"},{"@type":"ListItem","position":2,"name":"Durante la pandemia se depredaron ecosistemas por 3 veces la superficie de la Ciudad de Buenos Aires"}]},{"@type":"WebSite","@id":"https:\/\/urbe.com.ar\/revista\/#website","url":"https:\/\/urbe.com.ar\/revista\/","name":"Revista Urbe","description":"","potentialAction":[{"@type":"SearchAction","target":{"@type":"EntryPoint","urlTemplate":"https:\/\/urbe.com.ar\/revista\/?s={search_term_string}"},"query-input":{"@type":"PropertyValueSpecification","valueRequired":true,"valueName":"search_term_string"}}],"inLanguage":"es"},{"@type":"Person","@id":"https:\/\/urbe.com.ar\/revista\/#\/schema\/person\/6eb3e83c215b12e07f3981b58fdaf67f","name":"Revista Urbe","image":{"@type":"ImageObject","inLanguage":"es","@id":"https:\/\/secure.gravatar.com\/avatar\/72b666e32a633c73c1c87ac7208dfbba855299e1caed438da06924072c6b6b78?s=96&d=mm&r=g","url":"https:\/\/secure.gravatar.com\/avatar\/72b666e32a633c73c1c87ac7208dfbba855299e1caed438da06924072c6b6b78?s=96&d=mm&r=g","contentUrl":"https:\/\/secure.gravatar.com\/avatar\/72b666e32a633c73c1c87ac7208dfbba855299e1caed438da06924072c6b6b78?s=96&d=mm&r=g","caption":"Revista Urbe"},"url":"https:\/\/urbe.com.ar\/revista\/author\/c1321401\/"}]}},"jetpack_featured_media_url":"https:\/\/i0.wp.com\/urbe.com.ar\/revista\/wp-content\/uploads\/2020\/10\/u-grosso-612.jpg?fit=612%2C551&ssl=1","jetpack_sharing_enabled":true,"_links":{"self":[{"href":"https:\/\/urbe.com.ar\/revista\/wp-json\/wp\/v2\/posts\/2974","targetHints":{"allow":["GET"]}}],"collection":[{"href":"https:\/\/urbe.com.ar\/revista\/wp-json\/wp\/v2\/posts"}],"about":[{"href":"https:\/\/urbe.com.ar\/revista\/wp-json\/wp\/v2\/types\/post"}],"author":[{"embeddable":true,"href":"https:\/\/urbe.com.ar\/revista\/wp-json\/wp\/v2\/users\/2"}],"replies":[{"embeddable":true,"href":"https:\/\/urbe.com.ar\/revista\/wp-json\/wp\/v2\/comments?post=2974"}],"version-history":[{"count":7,"href":"https:\/\/urbe.com.ar\/revista\/wp-json\/wp\/v2\/posts\/2974\/revisions"}],"predecessor-version":[{"id":3055,"href":"https:\/\/urbe.com.ar\/revista\/wp-json\/wp\/v2\/posts\/2974\/revisions\/3055"}],"wp:featuredmedia":[{"embeddable":true,"href":"https:\/\/urbe.com.ar\/revista\/wp-json\/wp\/v2\/media\/3024"}],"wp:attachment":[{"href":"https:\/\/urbe.com.ar\/revista\/wp-json\/wp\/v2\/media?parent=2974"}],"wp:term":[{"taxonomy":"category","embeddable":true,"href":"https:\/\/urbe.com.ar\/revista\/wp-json\/wp\/v2\/categories?post=2974"},{"taxonomy":"post_tag","embeddable":true,"href":"https:\/\/urbe.com.ar\/revista\/wp-json\/wp\/v2\/tags?post=2974"}],"curies":[{"name":"wp","href":"https:\/\/api.w.org\/{rel}","templated":true}]}}