{"id":2967,"date":"2020-10-11T00:02:47","date_gmt":"2020-10-11T00:02:47","guid":{"rendered":"https:\/\/urbe.com.ar\/revista\/?p=2967"},"modified":"2023-07-21T18:39:51","modified_gmt":"2023-07-21T18:39:51","slug":"el-encuentro-es-con-nosotres","status":"publish","type":"post","link":"https:\/\/urbe.com.ar\/revista\/el-encuentro-es-con-nosotres\/","title":{"rendered":"El Encuentro es con Nosotres"},"content":{"rendered":"<p>[et_pb_section fb_built=\u00bb1&#8243; disabled_on=\u00bbon|on|on\u00bb _builder_version=\u00bb4.4.8&#8243; disabled=\u00bbon\u00bb][et_pb_row _builder_version=\u00bb4.4.8&#8243;][et_pb_column type=\u00bb4_4&#8243; _builder_version=\u00bb4.4.8&#8243;][et_pb_text disabled_on=\u00bbon|on|on\u00bb _builder_version=\u00bb4.6.5&#8243; disabled=\u00bbon\u00bb]<\/p>\n<p>Por Amanda Alma | Por primera vez en 35 a\u00f1os de historia, la pandemia impide que se concrete el Encuentro Plurinacional de mujeres y diversidades, que este 2020 tocaba en San Luis tambi\u00e9n por primera vez. Si bien la Comisi\u00f3n Organizadora convoca a participar de manera virtual, se trata de una situaci\u00f3n particular en tiempos extraordinarios. Una reflexi\u00f3n posible sobre el impacto del aislamiento en tiempos de Encuentro.<\/p>\n<p>[\/et_pb_text][\/et_pb_column][\/et_pb_row][\/et_pb_section][et_pb_section fb_built=\u00bb1&#8243; disabled_on=\u00bbon|on|off\u00bb _builder_version=\u00bb4.4.8&#8243; background_enable_color=\u00bboff\u00bb width=\u00bb100%\u00bb max_width=\u00bb100%\u00bb custom_padding=\u00bb0px||0px||false|false\u00bb][et_pb_row column_structure=\u00bb2_3,1_3&#8243; use_custom_gutter=\u00bbon\u00bb gutter_width=\u00bb1&#8243; make_equal=\u00bbon\u00bb _builder_version=\u00bb4.6.5&#8243; custom_margin=\u00bb||0%||false|false\u00bb custom_padding=\u00bb0px||1%||false|false\u00bb][et_pb_column type=\u00bb2_3&#8243; _builder_version=\u00bb4.6.5&#8243; background_image=\u00bbhttps:\/\/urbe.com.ar\/revista\/wp-content\/uploads\/2020\/10\/f-encuentro-720.jpg\u00bb][\/et_pb_column][et_pb_column type=\u00bb1_3&#8243; _builder_version=\u00bb4.4.8&#8243; background_enable_image=\u00bboff\u00bb][et_pb_image src=\u00bbhttps:\/\/urbe.com.ar\/revista\/wp-content\/uploads\/2020\/07\/logo-nota-cuadrado.jpg\u00bb url=\u00bbhttps:\/\/urbe.com.ar\/revista\/\u00bb _builder_version=\u00bb4.4.8&#8243; custom_margin=\u00bb|||3%|false|false\u00bb][\/et_pb_image][\/et_pb_column][\/et_pb_row][\/et_pb_section][et_pb_section fb_built=\u00bb1&#8243; disabled_on=\u00bboff|off|on\u00bb _builder_version=\u00bb4.4.8&#8243; background_enable_color=\u00bboff\u00bb width=\u00bb100%\u00bb width_tablet=\u00bb\u00bb width_phone=\u00bb100%\u00bb width_last_edited=\u00bbon|phone\u00bb max_width=\u00bb100%\u00bb custom_padding=\u00bb0px||0px||false|false\u00bb][et_pb_row use_custom_gutter=\u00bbon\u00bb gutter_width=\u00bb1&#8243; make_equal=\u00bbon\u00bb disabled_on=\u00bboff|off|on\u00bb _builder_version=\u00bb4.6.0&#8243; custom_margin=\u00bb||0%||false|false\u00bb custom_padding=\u00bb0px||1%||false|false\u00bb][et_pb_column type=\u00bb4_4&#8243; _builder_version=\u00bb4.6.0&#8243; background_enable_image=\u00bboff\u00bb][et_pb_image src=\u00bbhttps:\/\/urbe.com.ar\/revista\/wp-content\/uploads\/2020\/10\/f-encuentro-720.jpg\u00bb title_text=\u00bblogo-nota-cuadrado\u00bb url=\u00bbhttps:\/\/urbe.com.ar\/revista\/\u00bb align=\u00bbcenter\u00bb _builder_version=\u00bb4.6.5&#8243; custom_margin=\u00bb|||3%|false|false\u00bb][\/et_pb_image][\/et_pb_column][\/et_pb_row][\/et_pb_section][et_pb_section fb_built=\u00bb1&#8243; use_custom_gutter=\u00bbon\u00bb specialty=\u00bbon\u00bb padding_top_bottom_link_1=\u00bbfalse\u00bb padding_top_bottom_link_2=\u00bbfalse\u00bb padding_left_right_link_1=\u00bbfalse\u00bb padding_left_right_link_2=\u00bbfalse\u00bb padding_left_2=\u00bb1%\u00bb _builder_version=\u00bb4.4.8&#8243; custom_padding=\u00bb0px||0px|||\u00bb][et_pb_column type=\u00bb2_3&#8243; specialty_columns=\u00bb2&#8243; _builder_version=\u00bb3.25&#8243; custom_padding=\u00bb|||\u00bb custom_padding__hover=\u00bb|||\u00bb][et_pb_row_inner _builder_version=\u00bb4.4.8&#8243; background_color=\u00bb#ffffff\u00bb custom_padding=\u00bb0px||3px|0px||\u00bb][et_pb_column_inner saved_specialty_column_type=\u00bb2_3&#8243; _builder_version=\u00bb4.4.8&#8243;][et_pb_text _builder_version=\u00bb4.9.4&#8243; text_text_color=\u00bb#ffffff\u00bb header_text_color=\u00bb#ffffff\u00bb background_image=\u00bbhttps:\/\/urbe.com.ar\/revista\/wp-content\/uploads\/2020\/07\/barra-urbe.jpg\u00bb text_orientation=\u00bbcenter\u00bb locked=\u00bboff\u00bb]<\/p>\n<h1>URBE<\/h1>\n<p>[\/et_pb_text][et_pb_text _builder_version=\u00bb4.6.5&#8243; header_text_align=\u00bbcenter\u00bb header_text_color=\u00bb#009fad\u00bb custom_margin=\u00bb3%|5%|3%|5%|true|true\u00bb custom_padding=\u00bb|10%||10%|false|true\u00bb header_font_size_tablet=\u00bb\u00bb header_font_size_phone=\u00bb30px\u00bb header_font_size_last_edited=\u00bbon|tablet\u00bb]<\/p>\n<h1>EL ENCUENTRO ES CON NOSOTRES<\/h1>\n<p>[\/et_pb_text][et_pb_text _builder_version=\u00bb4.6.5&#8243; text_text_color=\u00bb#008f9b\u00bb text_font_size=\u00bb16px\u00bb text_orientation=\u00bbjustified\u00bb custom_margin=\u00bb|5%||5%|false|true\u00bb]<\/p>\n<p>Por <b>Amanda Alma<\/b>, periodista lesbiana feminista. Narrado por <b>Micaela Gentile<\/b>.<\/p>\n<p>[\/et_pb_text][et_pb_text _builder_version=\u00bb4.6.5&#8243; text_text_color=\u00bb#008f9b\u00bb text_font_size=\u00bb16px\u00bb text_orientation=\u00bbjustified\u00bb custom_margin=\u00bb|5%||5%|false|true\u00bb]<\/p>\n<p>11\/10\/2020<\/p>\n<p>[\/et_pb_text][\/et_pb_column_inner][\/et_pb_row_inner][et_pb_row_inner column_structure=\u00bb1_2,1_2&#8243; use_custom_gutter=\u00bbon\u00bb gutter_width=\u00bb1&#8243; make_equal=\u00bbon\u00bb disabled_on=\u00bbon|off|off\u00bb _builder_version=\u00bb4.4.8&#8243; background_color=\u00bb#ffffff\u00bb custom_margin=\u00bb||||false|false\u00bb custom_padding=\u00bb0px||0px|0%|false|false\u00bb][et_pb_column_inner type=\u00bb1_2&#8243; saved_specialty_column_type=\u00bb2_3&#8243; _builder_version=\u00bb4.4.8&#8243; background_color=\u00bb#ffffff\u00bb custom_css_main_element=\u00bbwidth: 60% !important;\u00bb][et_pb_audio audio=\u00bbhttps:\/\/urbe.com.ar\/revista\/wp-content\/uploads\/2020\/10\/Audio-Nota-Feminismos-Amanda-Alma.mp3&#8243; _builder_version=\u00bb4.6.5&#8243; caption_text_color=\u00bb#ffffff\u00bb background_color=\u00bb#00c5d7&#8243; custom_margin=\u00bb||||false|false\u00bb custom_padding=\u00bb||||false|false\u00bb border_color_all_image=\u00bb#ffffff\u00bb][\/et_pb_audio][\/et_pb_column_inner][et_pb_column_inner type=\u00bb1_2&#8243; saved_specialty_column_type=\u00bb2_3&#8243; _builder_version=\u00bb4.4.8&#8243; custom_css_main_element=\u00bb||width: 40% !important;||margin: auto;||display: flex;||flex-direction: column;||justify-content: center;\u00bb][et_pb_code _builder_version=\u00bb4.4.8&#8243; text_orientation=\u00bbcenter\u00bb module_alignment=\u00bbcenter\u00bb custom_margin=\u00bb2%||2%||true|false\u00bb custom_padding=\u00bb|20%||20%|false|true\u00bb]<div class=\"et_social_networks et_social_3col et_social_simple et_social_circle et_social_top et_social_nospace et_social_shortcode_0 et_social_mobile_on et_social_outer_dark\">\n\t\t\t\t\t<style type=\"text\/css\">.et_monarch .et_social_shortcode_0 li,.et_monarch .et_social_shortcode_0.et_social_circle ul li i.et_social_icon { background: #00c5d7; } .et_monarch .et_social_shortcode_0.et_social_rounded .et_social_icons_container li:hover, .et_monarch .et_social_shortcode_0.et_social_rectangle .et_social_icons_container li:hover, .et_monarch .et_social_shortcode_0.et_social_circle .et_social_icons_container li:hover i.et_social_icon { background: #ffffff !important; } .et_monarch .et_social_shortcode_0 .et_social_icon, .et_monarch .et_social_shortcode_0 .et_social_networks .et_social_network_label, .et_monarch .et_social_shortcode_0 .et_social_networkname, .et_monarch .et_social_shortcode_0 .et_social_count { color: #ffffff !important; } .et_monarch .et_social_shortcode_0 .et_social_icons_container li:hover .et_social_icon, .et_monarch .et_social_shortcode_0 .et_social_networks .et_social_icons_container li:hover .et_social_network_label, .et_monarch .et_social_shortcode_0 .et_social_icons_container li:hover .et_social_networkname, .et_monarch .et_social_rounded.et_social_shortcode_0 .et_social_icons_container li:hover .et_social_count, .et_monarch .et_social_rectangle.et_social_shortcode_0 .et_social_icons_container li:hover .et_social_count { color: #00c5d7 !important; }<\/style>\n\t\t\t\t\t\n\t\t\t\t\t<ul class=\"et_social_icons_container\"><li class=\"et_social_facebook\">\n\t\t\t\t\t\t<a href=\"#\" class=\"et_social_follow\" data-social_name=\"facebook\" data-social_type=\"follow\" data-post_id=\"0\" target=\"_blank\">\n\t\t\t\t\t\t\t<i class=\"et_social_icon et_social_icon_facebook\"><\/i>\n\t\t\t\t\t\t\t\n\t\t\t\t\t\t\t<span class=\"et_social_overlay\"><\/span>\n\t\t\t\t\t\t<\/a>\n\t\t\t\t\t<\/li><li class=\"et_social_twitter\">\n\t\t\t\t\t\t<a href=\"https:\/\/twitter.com\/Revistaurbe_?s=12\" class=\"et_social_follow\" data-social_name=\"twitter\" data-social_type=\"follow\" data-post_id=\"0\" target=\"_blank\">\n\t\t\t\t\t\t\t<i class=\"et_social_icon et_social_icon_twitter\"><\/i>\n\t\t\t\t\t\t\t\n\t\t\t\t\t\t\t<span class=\"et_social_overlay\"><\/span>\n\t\t\t\t\t\t<\/a>\n\t\t\t\t\t<\/li><li class=\"et_social_instagram\">\n\t\t\t\t\t\t<a href=\"https:\/\/www.instagram.com\/revistaurbe\/?igshid=osawef034cfi\" class=\"et_social_follow\" data-social_name=\"instagram\" data-social_type=\"follow\" data-post_id=\"0\" target=\"_blank\">\n\t\t\t\t\t\t\t<i class=\"et_social_icon et_social_icon_instagram\"><\/i>\n\t\t\t\t\t\t\t\n\t\t\t\t\t\t\t<span class=\"et_social_overlay\"><\/span>\n\t\t\t\t\t\t<\/a>\n\t\t\t\t\t<\/li><\/ul>\n\t\t\t\t<\/div>[\/et_pb_code][\/et_pb_column_inner][\/et_pb_row_inner][et_pb_row_inner _builder_version=\u00bb4.4.8&#8243; background_color=\u00bb#ffffff\u00bb custom_padding=\u00bb0px||3px|0px||\u00bb][et_pb_column_inner saved_specialty_column_type=\u00bb2_3&#8243; _builder_version=\u00bb4.4.8&#8243;][et_pb_audio audio=\u00bbhttps:\/\/urbe.com.ar\/revista\/wp-content\/uploads\/2020\/10\/Audio-Nota-Feminismos-Amanda-Alma.mp3&#8243; disabled_on=\u00bboff|on|on\u00bb _builder_version=\u00bb4.6.5&#8243; caption_text_color=\u00bb#ffffff\u00bb background_color=\u00bb#00c5d7&#8243; custom_margin=\u00bb||||false|false\u00bb custom_padding=\u00bb||||false|false\u00bb border_color_all_image=\u00bb#ffffff\u00bb][\/et_pb_audio][et_pb_text _builder_version=\u00bb4.6.5&#8243; text_font=\u00bb|600|||||||\u00bb text_text_color=\u00bb#009fad\u00bb header_text_align=\u00bbcenter\u00bb header_font_size=\u00bb35px\u00bb text_orientation=\u00bbjustified\u00bb custom_margin=\u00bb1.8%|5%|0.4%|5%|false|true\u00bb locked=\u00bboff\u00bb]<\/p>\n<p>Por primera vez en 35 a\u00f1os de historia, la pandemia impide que se concrete el Encuentro Plurinacional de mujeres y diversidades, que este 2020 tocaba en San Luis tambi\u00e9n por primera vez. Si bien la Comisi\u00f3n Organizadora convoca a participar de manera virtual, se trata de una situaci\u00f3n particular en tiempos extraordinarios. Una reflexi\u00f3n posible sobre el impacto del aislamiento en tiempos de Encuentro.\n<\/p>\n<p>[\/et_pb_text][et_pb_image src=\u00bbhttps:\/\/urbe.com.ar\/revista\/wp-content\/uploads\/2020\/07\/separador-urbe.png\u00bb align=\u00bbcenter\u00bb _builder_version=\u00bb4.9.4&#8243; _module_preset=\u00bbdefault\u00bb hover_enabled=\u00bb0&#8243; sticky_enabled=\u00bb0&#8243;][\/et_pb_image][et_pb_text _builder_version=\u00bb4.6.5&#8243; text_font_size=\u00bb16px\u00bb text_orientation=\u00bbjustified\u00bb custom_margin=\u00bb3%|5%||5%|false|true\u00bb]<\/p>\n<p>Un viernes como hoy, estar\u00edamos subiendo a los micros, quiz\u00e1s muchas ya habr\u00edan llegado a la ciudad y estar\u00edan instalando las banderas en el alambrado, o desplegando el pa\u00f1o con los parches y los pines. Algunas con sus pecheras, seguro -color violeta- corriendo, agotadas, preguntando por qu\u00e9 no lleg\u00f3 el sonido, o indicando la zona de inscripciones. Sostuvieron todo el a\u00f1o la organizaci\u00f3n, y ese d\u00eda nada parece funcionar. Los micros que se api\u00f1an en las inmediaciones y los autos intentan subirse a la vereda para que haya m\u00e1s espacio. Por m\u00e1s grande que sea el estadio siempre es un caos llegar al escenario para escuchar el documento que inaugura el Encuentro.<\/p>\n<p>Una situaci\u00f3n inesperada irrumpe frente a nosotres y modifica de pronto la vida que llevamos. Con ello tambi\u00e9n la forma en que nos organizamos y luchamos. Nadie imagin\u00f3 nunca esta pausa. Nadie nunca pens\u00f3 que un a\u00f1o no estar\u00edamos viajando hasta alg\u00fan lugar del pa\u00eds para encontrarnos y discutirlo todo, en tres jornadas memorables.<\/p>\n<p>\u00bfEs posible encontrarnos sin nuestros cuerpos presentes? \u00bfQu\u00e9 es lo que en definitiva mantiene vivo el encuentro?<\/p>\n<p>Desde hace 35 a\u00f1os esta ceremonia se repite incansablemente, y se multiplicaron por miles las que llegan para iniciarse como un ritual llevadas por sus amigas, novias, hermanas, compa\u00f1eras de estudio, militancia o vecinas. La pregunta: \u201c\u00bffuiste alguna vez a un Encuentro?\u201d, abre la puerta al viaje inici\u00e1tico que nunca m\u00e1s nos devuelve igual que a la partida.\n<\/p>\n<p>Ese ritmo constante form\u00f3 la base m\u00e1s s\u00f3lida que tiene un movimiento pol\u00edtico y social como el feminismo argentino. Esa tozudez de atravesar kil\u00f3metros para llegar al rinc\u00f3n m\u00e1s lejano y as\u00ed pasar tres d\u00edas debatiendo, construyendo una sociedad m\u00e1s justa, reclamando por las ausencias que la violencia nos provoca. Esa premisa de recorrer todas las provincias para fortalecer y apoyar las demandas locales, con las Madres de Plaza de Mayo, los organismos de derechos humanos, las comunidades originarias, movimientos sociales, sindicales y estudiantiles. Muchas de estas dirigentas que hoy son parte de la conducci\u00f3n pol\u00edtica del Estado, abrevan de estas tradiciones de lucha y resistencia.\n<\/p>\n<p>[\/et_pb_text][et_pb_image src=\u00bbhttps:\/\/urbe.com.ar\/revista\/wp-content\/uploads\/2020\/07\/separador-urbe.png\u00bb align=\u00bbcenter\u00bb _builder_version=\u00bb4.9.4&#8243; _module_preset=\u00bbdefault\u00bb hover_enabled=\u00bb0&#8243; sticky_enabled=\u00bb0&#8243;][\/et_pb_image][et_pb_text _builder_version=\u00bb4.6.5&#8243; text_font_size=\u00bb16px\u00bb text_orientation=\u00bbjustified\u00bb custom_margin=\u00bb3%|5%||5%|false|true\u00bb]<\/p>\n<p><b>Distanciamiento<\/b>\n<\/p>\n<p>La circulaci\u00f3n comunitaria del covid-19 en todo el territorio nacional impide las reuniones, el contacto f\u00edsico, las concentraciones, el tr\u00e1nsito interjurisdiccional. Todas actividades que se conjugan en un Encuentro Plurinacional. Los cuerpos est\u00e1n m\u00e1s pegados que nunca y durante m\u00e1s tiempo. Ya desde los micros se muta -en segundos- de Disco a Unidad B\u00e1sica.<\/p>\n<p>En las escuelas se duerme, se debate y se come. Tambi\u00e9n en muchas se baila y se organizan jornadas o plenarios. El distanciamiento social -\u00fanica manera de evitar el contagio-, es simplemente imposible. Porque son los cuerpos liberados que se permiten todo: sudor, deseo, agotamiento. Pasan del calor al fr\u00edo, hediondos, del cansancio al baile frot\u00e1ndose con otros cuerpos igual de transpirados y pegajosos, pero tambi\u00e9n perfumados, mojados o encremados. Horas encerradas en un aula, m\u00e1s de 45 tortilleras debatiendo activismo l\u00e9sbico, o 50 feministas hetero, bisexuales o transbianas argumentando por el aborto legal, el trabajo sexual o el borramiento del travesticidio. La temperatura sube en segundos y el vapor comienza a condensarse. Las manos no alcanzan para aventar el aire suficiente que enfr\u00ede el ambiente. Ni que hablar si toca, como este a\u00f1o, en una provincia calurosa y seca; donde los labios, al agitarlos para denunciar a la Iglesia, se agrietan.<\/p>\n<p>Una c\u00e1tedra a cielo abierto de formaci\u00f3n pol\u00edtica que, desde muy j\u00f3venes, alienta a la confrontaci\u00f3n de ideas efervescentes, envalentonadas, empoderadas. Intensidad discursiva que logr\u00f3 en el cabildeo articulado, leyes ejemplares de derechos humanos y reparaciones inimaginables a comunidades arrasadas por la violencia sexual. M\u00e1s de tres d\u00e9cadas de transmisi\u00f3n de experiencia, de fogoneos impiadosos para llegar hoy a una sociedad donde feminismo ya no es una mala palabra.<\/p>\n<p>Tambi\u00e9n en la irreverencia, en no someterse a ninguna conducci\u00f3n o r\u00e9gimen pol\u00edtico: est\u00e1 el Encuentro. En la autodeterminaci\u00f3n que, en pocos minutos, desv\u00eda el rumbo de la marcha para detenerse frente a la Catedral y dejar plasmado un mensaje. Invocando el dolor ancestral, siglos de violencia acumulada, como escudo refractario a los rezos inoportunos de feligreses horrorizados. Temerosos de la venganza endemoniada que los cuerpos desnudos agitan en bailes y movimientos desaforados. Exorcizando a\u00f1os de violencia institucional, oscurantismo y silenciamientos, complicidades, torturas, abusos y vejaciones; de broncas ancestrales, de furias legendarias, de denuncias irrenunciables en busca de reparaci\u00f3n de tanto da\u00f1o sintetizado en un dogma.<\/p>\n<p>Porque el Encuentro somos todes, y no sirve de nada buscar una s\u00edntesis caprichosa que sostiene borramientos, segregaci\u00f3n, hegemon\u00edas, para que ahora se acomode un poquito mejor el <i>cistema<\/i><sub>[1]<\/sub>.\n<\/p>\n<p>[\/et_pb_text][et_pb_image src=\u00bbhttps:\/\/urbe.com.ar\/revista\/wp-content\/uploads\/2020\/08\/separador-urbe.png\u00bb align=\u00bbcenter\u00bb _builder_version=\u00bb4.9.4&#8243; _module_preset=\u00bbdefault\u00bb hover_enabled=\u00bb0&#8243; sticky_enabled=\u00bb0&#8243;][\/et_pb_image][et_pb_text _builder_version=\u00bb4.6.5&#8243; text_font_size=\u00bb16px\u00bb text_orientation=\u00bbjustified\u00bb custom_margin=\u00bb3%|5%||5%|false|true\u00bb]<\/p>\n<p><b>Ocupaci\u00f3n total<\/b>\n<\/p>\n<p>Los abrazos son el com\u00fan denominador en el fin de semana del Encuentro. Todes se abrazan. Se entrelazan manos, dedos, piernas, brazos, como signo de alegr\u00eda por cruzarse en esas circunstancias. Les ves abrazadas en las calles, caminando, dos, tres, cinco. Copan todos los rincones de la ciudad, donde hay feria se improvisan escenarios y se dan discursos. Tambi\u00e9n partidos de f\u00fatbol que cada vez se reproducen m\u00e1s y m\u00e1s en las plazas y festejan con abrazo de gol, junto a las radios abiertas y los gazebos donde las organizaciones reparten propaganda, informaci\u00f3n y documentos. Los abrazos se concretan en la cola del ba\u00f1o, mientras esperan en el kiosco o la pizzer\u00eda, entrando a la helader\u00eda o al supermercado con una cerveza fresca en la mano. Muchas se reconocen del a\u00f1o anterior y se presentan con otras del mismo sindicato: \u201cEste a\u00f1o vine con las compa\u00f1eras de base; juntamos 70\u201d, festejan, abrazadas de alegr\u00eda. Ninguna mesa est\u00e1 libre. Nunca. La comida tampoco alcanza. Nunca. Los ba\u00f1os son insuficientes. Siempre. Los bolsos se entrelazan como las manos y los cubiertos sobre los platos. Otra pasa y abraza a la hermana de la vecina que por fin se decidi\u00f3: \u201cPaola me insisti\u00f3 a\u00f1os, ac\u00e1 estoy, ahora no pod\u00eda fallar, me trajo mi hija\u201d. Se abrazan, saltan, festejan.<\/p>\n<p>As\u00ed ser\u00e1 a cada paso, los tres d\u00edas y despu\u00e9s, quiz\u00e1s, si algunas se quedan a \u201crecuperarse\u201d y aprovechan para vacacionar. Porque no se trata solamente de juntarse a luchar, discutir, militar, la propuesta tambi\u00e9n es sublevar los territorios, subvertir por unos d\u00edas el orden establecido por un r\u00e9gimen patriarcal que intimida a quien intenta revelarse. Recuperar el derecho humano a la fiesta, a la participaci\u00f3n plena de derechos, al ejercicio de la ciudadan\u00eda y de la democracia. Por eso, no es extra\u00f1o que, en un pa\u00eds como el nuestro, con esta tradici\u00f3n pol\u00edtica de organizaci\u00f3n, lucha y participaci\u00f3n popular podamos sostener durante tantos a\u00f1os estos Encuentros multitudinarios que nos abrazan.\n<\/p>\n<p>[\/et_pb_text][et_pb_image src=\u00bbhttps:\/\/urbe.com.ar\/revista\/wp-content\/uploads\/2020\/08\/separador-urbe.png\u00bb align=\u00bbcenter\u00bb _builder_version=\u00bb4.9.4&#8243; _module_preset=\u00bbdefault\u00bb hover_enabled=\u00bb0&#8243; sticky_enabled=\u00bb0&#8243;][\/et_pb_image][et_pb_text _builder_version=\u00bb4.6.5&#8243; text_font_size=\u00bb16px\u00bb text_orientation=\u00bbjustified\u00bb custom_margin=\u00bb3%|5%||5%|false|true\u00bb]<\/p>\n<p>[1]  Las personas cisg\u00e9nero son las que mantiene la concordancia con el asignado al nacer; no la identidad transg\u00e9nero.<\/p>\n<p>[\/et_pb_text][et_pb_image src=\u00bbhttps:\/\/urbe.com.ar\/revista\/wp-content\/uploads\/2020\/07\/fin-urbe.png\u00bb title_text=\u00bbfin-feminismos\u00bb _builder_version=\u00bb4.9.4&#8243; custom_margin=\u00bb5%||5%||true|false\u00bb hover_enabled=\u00bb0&#8243; sticky_enabled=\u00bb0&#8243;][\/et_pb_image][\/et_pb_column_inner][\/et_pb_row_inner][\/et_pb_column][et_pb_column type=\u00bb1_3&#8243; _builder_version=\u00bb3.25&#8243; custom_padding=\u00bb|||\u00bb custom_padding__hover=\u00bb|||\u00bb][et_pb_blog fullwidth=\u00bboff\u00bb include_categories=\u00bb7,9,11,8,10&#8243; meta_date=\u00bbj M,Y\u00bb excerpt_length=\u00bb80&#8243; show_author=\u00bboff\u00bb show_categories=\u00bboff\u00bb show_pagination=\u00bboff\u00bb masonry_tile_background_color=\u00bb#83d9d8&#8243; disabled_on=\u00bbon|off|off\u00bb _builder_version=\u00bb4.6.0&#8243; header_text_color=\u00bb#FFFFFF\u00bb body_text_color=\u00bb#FFFFFF\u00bb meta_text_color=\u00bb#FFFFFF\u00bb read_more_text_color=\u00bb#FFFFFF\u00bb background_enable_color=\u00bboff\u00bb custom_margin=\u00bb-9%||1%||false|false\u00bb custom_margin_tablet=\u00bb0%||||false|false\u00bb custom_margin_phone=\u00bb\u00bb custom_margin_last_edited=\u00bbon|phone\u00bb custom_padding=\u00bb||0px|||\u00bb header_text_shadow_style=\u00bbpreset3&#8243; header_text_shadow_color=\u00bb#000000&#8243; body_text_shadow_style=\u00bbpreset3&#8243; body_text_shadow_color=\u00bb#000000&#8243; meta_text_shadow_style=\u00bbpreset3&#8243; meta_text_shadow_color=\u00bb#000000&#8243; border_color_all_image=\u00bb#a4e3e9&#8243; border_width_top_image=\u00bb2px\u00bb text_shadow_style=\u00bbpreset3&#8243; text_shadow_blur_strength=\u00bb0.54em\u00bb text_shadow_color=\u00bb#000000&#8243;][\/et_pb_blog][et_pb_code _builder_version=\u00bb4.4.8&#8243;]<\/p>\n<style><!-- [et_pb_line_break_holder] -->  .et_pb_post .et_pb_image_container{<!-- [et_pb_line_break_holder] -->    background-color: rgba(0,0,0,0.6);<!-- [et_pb_line_break_holder] -->    margin-bottom: -144px;<!-- [et_pb_line_break_holder] -->}<!-- [et_pb_line_break_holder] --><!-- [et_pb_line_break_holder] -->.et_pb_post .entry-title{<!-- [et_pb_line_break_holder] -->    position: relative;<!-- [et_pb_line_break_holder] -->    bottom: 40px;<!-- [et_pb_line_break_holder] -->    margin-bottom: -50px;<!-- [et_pb_line_break_holder] -->}<!-- [et_pb_line_break_holder] --><!-- [et_pb_line_break_holder] -->.et_pb_post .post-meta,.et_pb_post .post-content{<!-- [et_pb_line_break_holder] -->    position: relative;<!-- [et_pb_line_break_holder] -->    bottom: 0px;<!-- [et_pb_line_break_holder] -->}<\/style>\n<p>[\/et_pb_code][\/et_pb_column][\/et_pb_section]<\/p>\n","protected":false},"excerpt":{"rendered":"<p>Por Amanda Alma | Por primera vez en 35 a\u00f1os de historia, la pandemia impide que se concrete el Encuentro Plurinacional de mujeres y diversidades, que este 2020 tocaba en San Luis tambi\u00e9n por primera vez. Si bien la Comisi\u00f3n Organizadora convoca a participar de manera virtual, se trata de una situaci\u00f3n particular en tiempos [&hellip;]<\/p>\n","protected":false},"author":2,"featured_media":3022,"comment_status":"open","ping_status":"open","sticky":false,"template":"","format":"standard","meta":{"_et_pb_use_builder":"on","_et_pb_old_content":"","_et_gb_content_width":"","_jetpack_memberships_contains_paid_content":false,"footnotes":""},"categories":[8],"tags":[],"class_list":["post-2967","post","type-post","status-publish","format-standard","has-post-thumbnail","hentry","category-feminismo"],"yoast_head":"<!-- This site is optimized with the Yoast SEO plugin v27.5 - https:\/\/yoast.com\/product\/yoast-seo-wordpress\/ -->\n<title>El Encuentro es con Nosotres - Revista Urbe<\/title>\n<meta name=\"robots\" content=\"index, follow, max-snippet:-1, max-image-preview:large, max-video-preview:-1\" \/>\n<link rel=\"canonical\" href=\"https:\/\/urbe.com.ar\/revista\/el-encuentro-es-con-nosotres\/\" \/>\n<meta property=\"og:locale\" content=\"es_ES\" \/>\n<meta property=\"og:type\" content=\"article\" \/>\n<meta property=\"og:title\" content=\"El Encuentro es con Nosotres - Revista Urbe\" \/>\n<meta property=\"og:description\" content=\"Por Amanda Alma | Por primera vez en 35 a\u00f1os de historia, la pandemia impide que se concrete el Encuentro Plurinacional de mujeres y diversidades, que este 2020 tocaba en San Luis tambi\u00e9n por primera vez. Si bien la Comisi\u00f3n Organizadora convoca a participar de manera virtual, se trata de una situaci\u00f3n particular en tiempos [&hellip;]\" \/>\n<meta property=\"og:url\" content=\"https:\/\/urbe.com.ar\/revista\/el-encuentro-es-con-nosotres\/\" \/>\n<meta property=\"og:site_name\" content=\"Revista Urbe\" \/>\n<meta property=\"article:published_time\" content=\"2020-10-11T00:02:47+00:00\" \/>\n<meta property=\"article:modified_time\" content=\"2023-07-21T18:39:51+00:00\" \/>\n<meta property=\"og:image\" content=\"https:\/\/urbe.com.ar\/revista\/wp-content\/uploads\/2020\/10\/f-encuentro-612.jpg\" \/>\n\t<meta property=\"og:image:width\" content=\"612\" \/>\n\t<meta property=\"og:image:height\" content=\"551\" \/>\n\t<meta property=\"og:image:type\" content=\"image\/jpeg\" \/>\n<meta name=\"author\" content=\"Revista Urbe\" \/>\n<meta name=\"twitter:card\" content=\"summary_large_image\" \/>\n<meta name=\"twitter:creator\" content=\"@Revistaurbe_\" \/>\n<meta name=\"twitter:site\" content=\"@Revistaurbe_\" \/>\n<meta name=\"twitter:label1\" content=\"Escrito por\" \/>\n\t<meta name=\"twitter:data1\" content=\"Revista Urbe\" \/>\n\t<meta name=\"twitter:label2\" content=\"Tiempo de lectura\" \/>\n\t<meta name=\"twitter:data2\" content=\"13 minutos\" \/>\n<script type=\"application\/ld+json\" class=\"yoast-schema-graph\">{\"@context\":\"https:\\\/\\\/schema.org\",\"@graph\":[{\"@type\":\"Article\",\"@id\":\"https:\\\/\\\/urbe.com.ar\\\/revista\\\/el-encuentro-es-con-nosotres\\\/#article\",\"isPartOf\":{\"@id\":\"https:\\\/\\\/urbe.com.ar\\\/revista\\\/el-encuentro-es-con-nosotres\\\/\"},\"author\":{\"name\":\"Revista Urbe\",\"@id\":\"https:\\\/\\\/urbe.com.ar\\\/revista\\\/#\\\/schema\\\/person\\\/6eb3e83c215b12e07f3981b58fdaf67f\"},\"headline\":\"El Encuentro es con Nosotres\",\"datePublished\":\"2020-10-11T00:02:47+00:00\",\"dateModified\":\"2023-07-21T18:39:51+00:00\",\"mainEntityOfPage\":{\"@id\":\"https:\\\/\\\/urbe.com.ar\\\/revista\\\/el-encuentro-es-con-nosotres\\\/\"},\"wordCount\":2516,\"commentCount\":0,\"image\":{\"@id\":\"https:\\\/\\\/urbe.com.ar\\\/revista\\\/el-encuentro-es-con-nosotres\\\/#primaryimage\"},\"thumbnailUrl\":\"https:\\\/\\\/i0.wp.com\\\/urbe.com.ar\\\/revista\\\/wp-content\\\/uploads\\\/2020\\\/10\\\/f-encuentro-612.jpg?fit=612%2C551&ssl=1\",\"articleSection\":[\"FEMINISMO\"],\"inLanguage\":\"es\",\"potentialAction\":[{\"@type\":\"CommentAction\",\"name\":\"Comment\",\"target\":[\"https:\\\/\\\/urbe.com.ar\\\/revista\\\/el-encuentro-es-con-nosotres\\\/#respond\"]}]},{\"@type\":\"WebPage\",\"@id\":\"https:\\\/\\\/urbe.com.ar\\\/revista\\\/el-encuentro-es-con-nosotres\\\/\",\"url\":\"https:\\\/\\\/urbe.com.ar\\\/revista\\\/el-encuentro-es-con-nosotres\\\/\",\"name\":\"El Encuentro es con Nosotres - Revista Urbe\",\"isPartOf\":{\"@id\":\"https:\\\/\\\/urbe.com.ar\\\/revista\\\/#website\"},\"primaryImageOfPage\":{\"@id\":\"https:\\\/\\\/urbe.com.ar\\\/revista\\\/el-encuentro-es-con-nosotres\\\/#primaryimage\"},\"image\":{\"@id\":\"https:\\\/\\\/urbe.com.ar\\\/revista\\\/el-encuentro-es-con-nosotres\\\/#primaryimage\"},\"thumbnailUrl\":\"https:\\\/\\\/i0.wp.com\\\/urbe.com.ar\\\/revista\\\/wp-content\\\/uploads\\\/2020\\\/10\\\/f-encuentro-612.jpg?fit=612%2C551&ssl=1\",\"datePublished\":\"2020-10-11T00:02:47+00:00\",\"dateModified\":\"2023-07-21T18:39:51+00:00\",\"author\":{\"@id\":\"https:\\\/\\\/urbe.com.ar\\\/revista\\\/#\\\/schema\\\/person\\\/6eb3e83c215b12e07f3981b58fdaf67f\"},\"breadcrumb\":{\"@id\":\"https:\\\/\\\/urbe.com.ar\\\/revista\\\/el-encuentro-es-con-nosotres\\\/#breadcrumb\"},\"inLanguage\":\"es\",\"potentialAction\":[{\"@type\":\"ReadAction\",\"target\":[\"https:\\\/\\\/urbe.com.ar\\\/revista\\\/el-encuentro-es-con-nosotres\\\/\"]}]},{\"@type\":\"ImageObject\",\"inLanguage\":\"es\",\"@id\":\"https:\\\/\\\/urbe.com.ar\\\/revista\\\/el-encuentro-es-con-nosotres\\\/#primaryimage\",\"url\":\"https:\\\/\\\/i0.wp.com\\\/urbe.com.ar\\\/revista\\\/wp-content\\\/uploads\\\/2020\\\/10\\\/f-encuentro-612.jpg?fit=612%2C551&ssl=1\",\"contentUrl\":\"https:\\\/\\\/i0.wp.com\\\/urbe.com.ar\\\/revista\\\/wp-content\\\/uploads\\\/2020\\\/10\\\/f-encuentro-612.jpg?fit=612%2C551&ssl=1\",\"width\":612,\"height\":551},{\"@type\":\"BreadcrumbList\",\"@id\":\"https:\\\/\\\/urbe.com.ar\\\/revista\\\/el-encuentro-es-con-nosotres\\\/#breadcrumb\",\"itemListElement\":[{\"@type\":\"ListItem\",\"position\":1,\"name\":\"Portada\",\"item\":\"https:\\\/\\\/urbe.com.ar\\\/revista\\\/\"},{\"@type\":\"ListItem\",\"position\":2,\"name\":\"El Encuentro es con Nosotres\"}]},{\"@type\":\"WebSite\",\"@id\":\"https:\\\/\\\/urbe.com.ar\\\/revista\\\/#website\",\"url\":\"https:\\\/\\\/urbe.com.ar\\\/revista\\\/\",\"name\":\"Revista Urbe\",\"description\":\"\",\"potentialAction\":[{\"@type\":\"SearchAction\",\"target\":{\"@type\":\"EntryPoint\",\"urlTemplate\":\"https:\\\/\\\/urbe.com.ar\\\/revista\\\/?s={search_term_string}\"},\"query-input\":{\"@type\":\"PropertyValueSpecification\",\"valueRequired\":true,\"valueName\":\"search_term_string\"}}],\"inLanguage\":\"es\"},{\"@type\":\"Person\",\"@id\":\"https:\\\/\\\/urbe.com.ar\\\/revista\\\/#\\\/schema\\\/person\\\/6eb3e83c215b12e07f3981b58fdaf67f\",\"name\":\"Revista Urbe\",\"image\":{\"@type\":\"ImageObject\",\"inLanguage\":\"es\",\"@id\":\"https:\\\/\\\/secure.gravatar.com\\\/avatar\\\/72b666e32a633c73c1c87ac7208dfbba855299e1caed438da06924072c6b6b78?s=96&d=mm&r=g\",\"url\":\"https:\\\/\\\/secure.gravatar.com\\\/avatar\\\/72b666e32a633c73c1c87ac7208dfbba855299e1caed438da06924072c6b6b78?s=96&d=mm&r=g\",\"contentUrl\":\"https:\\\/\\\/secure.gravatar.com\\\/avatar\\\/72b666e32a633c73c1c87ac7208dfbba855299e1caed438da06924072c6b6b78?s=96&d=mm&r=g\",\"caption\":\"Revista Urbe\"},\"url\":\"https:\\\/\\\/urbe.com.ar\\\/revista\\\/author\\\/c1321401\\\/\"}]}<\/script>\n<!-- \/ Yoast SEO plugin. -->","yoast_head_json":{"title":"El Encuentro es con Nosotres - Revista Urbe","robots":{"index":"index","follow":"follow","max-snippet":"max-snippet:-1","max-image-preview":"max-image-preview:large","max-video-preview":"max-video-preview:-1"},"canonical":"https:\/\/urbe.com.ar\/revista\/el-encuentro-es-con-nosotres\/","og_locale":"es_ES","og_type":"article","og_title":"El Encuentro es con Nosotres - Revista Urbe","og_description":"Por Amanda Alma | Por primera vez en 35 a\u00f1os de historia, la pandemia impide que se concrete el Encuentro Plurinacional de mujeres y diversidades, que este 2020 tocaba en San Luis tambi\u00e9n por primera vez. Si bien la Comisi\u00f3n Organizadora convoca a participar de manera virtual, se trata de una situaci\u00f3n particular en tiempos [&hellip;]","og_url":"https:\/\/urbe.com.ar\/revista\/el-encuentro-es-con-nosotres\/","og_site_name":"Revista Urbe","article_published_time":"2020-10-11T00:02:47+00:00","article_modified_time":"2023-07-21T18:39:51+00:00","og_image":[{"width":612,"height":551,"url":"https:\/\/urbe.com.ar\/revista\/wp-content\/uploads\/2020\/10\/f-encuentro-612.jpg","type":"image\/jpeg"}],"author":"Revista Urbe","twitter_card":"summary_large_image","twitter_creator":"@Revistaurbe_","twitter_site":"@Revistaurbe_","twitter_misc":{"Escrito por":"Revista Urbe","Tiempo de lectura":"13 minutos"},"schema":{"@context":"https:\/\/schema.org","@graph":[{"@type":"Article","@id":"https:\/\/urbe.com.ar\/revista\/el-encuentro-es-con-nosotres\/#article","isPartOf":{"@id":"https:\/\/urbe.com.ar\/revista\/el-encuentro-es-con-nosotres\/"},"author":{"name":"Revista Urbe","@id":"https:\/\/urbe.com.ar\/revista\/#\/schema\/person\/6eb3e83c215b12e07f3981b58fdaf67f"},"headline":"El Encuentro es con Nosotres","datePublished":"2020-10-11T00:02:47+00:00","dateModified":"2023-07-21T18:39:51+00:00","mainEntityOfPage":{"@id":"https:\/\/urbe.com.ar\/revista\/el-encuentro-es-con-nosotres\/"},"wordCount":2516,"commentCount":0,"image":{"@id":"https:\/\/urbe.com.ar\/revista\/el-encuentro-es-con-nosotres\/#primaryimage"},"thumbnailUrl":"https:\/\/i0.wp.com\/urbe.com.ar\/revista\/wp-content\/uploads\/2020\/10\/f-encuentro-612.jpg?fit=612%2C551&ssl=1","articleSection":["FEMINISMO"],"inLanguage":"es","potentialAction":[{"@type":"CommentAction","name":"Comment","target":["https:\/\/urbe.com.ar\/revista\/el-encuentro-es-con-nosotres\/#respond"]}]},{"@type":"WebPage","@id":"https:\/\/urbe.com.ar\/revista\/el-encuentro-es-con-nosotres\/","url":"https:\/\/urbe.com.ar\/revista\/el-encuentro-es-con-nosotres\/","name":"El Encuentro es con Nosotres - Revista Urbe","isPartOf":{"@id":"https:\/\/urbe.com.ar\/revista\/#website"},"primaryImageOfPage":{"@id":"https:\/\/urbe.com.ar\/revista\/el-encuentro-es-con-nosotres\/#primaryimage"},"image":{"@id":"https:\/\/urbe.com.ar\/revista\/el-encuentro-es-con-nosotres\/#primaryimage"},"thumbnailUrl":"https:\/\/i0.wp.com\/urbe.com.ar\/revista\/wp-content\/uploads\/2020\/10\/f-encuentro-612.jpg?fit=612%2C551&ssl=1","datePublished":"2020-10-11T00:02:47+00:00","dateModified":"2023-07-21T18:39:51+00:00","author":{"@id":"https:\/\/urbe.com.ar\/revista\/#\/schema\/person\/6eb3e83c215b12e07f3981b58fdaf67f"},"breadcrumb":{"@id":"https:\/\/urbe.com.ar\/revista\/el-encuentro-es-con-nosotres\/#breadcrumb"},"inLanguage":"es","potentialAction":[{"@type":"ReadAction","target":["https:\/\/urbe.com.ar\/revista\/el-encuentro-es-con-nosotres\/"]}]},{"@type":"ImageObject","inLanguage":"es","@id":"https:\/\/urbe.com.ar\/revista\/el-encuentro-es-con-nosotres\/#primaryimage","url":"https:\/\/i0.wp.com\/urbe.com.ar\/revista\/wp-content\/uploads\/2020\/10\/f-encuentro-612.jpg?fit=612%2C551&ssl=1","contentUrl":"https:\/\/i0.wp.com\/urbe.com.ar\/revista\/wp-content\/uploads\/2020\/10\/f-encuentro-612.jpg?fit=612%2C551&ssl=1","width":612,"height":551},{"@type":"BreadcrumbList","@id":"https:\/\/urbe.com.ar\/revista\/el-encuentro-es-con-nosotres\/#breadcrumb","itemListElement":[{"@type":"ListItem","position":1,"name":"Portada","item":"https:\/\/urbe.com.ar\/revista\/"},{"@type":"ListItem","position":2,"name":"El Encuentro es con Nosotres"}]},{"@type":"WebSite","@id":"https:\/\/urbe.com.ar\/revista\/#website","url":"https:\/\/urbe.com.ar\/revista\/","name":"Revista Urbe","description":"","potentialAction":[{"@type":"SearchAction","target":{"@type":"EntryPoint","urlTemplate":"https:\/\/urbe.com.ar\/revista\/?s={search_term_string}"},"query-input":{"@type":"PropertyValueSpecification","valueRequired":true,"valueName":"search_term_string"}}],"inLanguage":"es"},{"@type":"Person","@id":"https:\/\/urbe.com.ar\/revista\/#\/schema\/person\/6eb3e83c215b12e07f3981b58fdaf67f","name":"Revista Urbe","image":{"@type":"ImageObject","inLanguage":"es","@id":"https:\/\/secure.gravatar.com\/avatar\/72b666e32a633c73c1c87ac7208dfbba855299e1caed438da06924072c6b6b78?s=96&d=mm&r=g","url":"https:\/\/secure.gravatar.com\/avatar\/72b666e32a633c73c1c87ac7208dfbba855299e1caed438da06924072c6b6b78?s=96&d=mm&r=g","contentUrl":"https:\/\/secure.gravatar.com\/avatar\/72b666e32a633c73c1c87ac7208dfbba855299e1caed438da06924072c6b6b78?s=96&d=mm&r=g","caption":"Revista Urbe"},"url":"https:\/\/urbe.com.ar\/revista\/author\/c1321401\/"}]}},"jetpack_featured_media_url":"https:\/\/i0.wp.com\/urbe.com.ar\/revista\/wp-content\/uploads\/2020\/10\/f-encuentro-612.jpg?fit=612%2C551&ssl=1","jetpack_sharing_enabled":true,"_links":{"self":[{"href":"https:\/\/urbe.com.ar\/revista\/wp-json\/wp\/v2\/posts\/2967","targetHints":{"allow":["GET"]}}],"collection":[{"href":"https:\/\/urbe.com.ar\/revista\/wp-json\/wp\/v2\/posts"}],"about":[{"href":"https:\/\/urbe.com.ar\/revista\/wp-json\/wp\/v2\/types\/post"}],"author":[{"embeddable":true,"href":"https:\/\/urbe.com.ar\/revista\/wp-json\/wp\/v2\/users\/2"}],"replies":[{"embeddable":true,"href":"https:\/\/urbe.com.ar\/revista\/wp-json\/wp\/v2\/comments?post=2967"}],"version-history":[{"count":8,"href":"https:\/\/urbe.com.ar\/revista\/wp-json\/wp\/v2\/posts\/2967\/revisions"}],"predecessor-version":[{"id":3825,"href":"https:\/\/urbe.com.ar\/revista\/wp-json\/wp\/v2\/posts\/2967\/revisions\/3825"}],"wp:featuredmedia":[{"embeddable":true,"href":"https:\/\/urbe.com.ar\/revista\/wp-json\/wp\/v2\/media\/3022"}],"wp:attachment":[{"href":"https:\/\/urbe.com.ar\/revista\/wp-json\/wp\/v2\/media?parent=2967"}],"wp:term":[{"taxonomy":"category","embeddable":true,"href":"https:\/\/urbe.com.ar\/revista\/wp-json\/wp\/v2\/categories?post=2967"},{"taxonomy":"post_tag","embeddable":true,"href":"https:\/\/urbe.com.ar\/revista\/wp-json\/wp\/v2\/tags?post=2967"}],"curies":[{"name":"wp","href":"https:\/\/api.w.org\/{rel}","templated":true}]}}