{"id":2612,"date":"2020-08-30T00:06:05","date_gmt":"2020-08-30T00:06:05","guid":{"rendered":"https:\/\/urbe.com.ar\/revista\/?p=2612"},"modified":"2023-06-03T19:20:57","modified_gmt":"2023-06-03T19:20:57","slug":"la-nueva-escena","status":"publish","type":"post","link":"https:\/\/urbe.com.ar\/revista\/la-nueva-escena\/","title":{"rendered":"La Nueva Escena"},"content":{"rendered":"<p>[et_pb_section fb_built=\u00bb1&#8243; disabled_on=\u00bbon|on|on\u00bb _builder_version=\u00bb4.4.8&#8243; disabled=\u00bbon\u00bb][et_pb_row _builder_version=\u00bb4.4.8&#8243;][et_pb_column type=\u00bb4_4&#8243; _builder_version=\u00bb4.4.8&#8243;][et_pb_text disabled_on=\u00bbon|on|on\u00bb _builder_version=\u00bb4.6.0&#8243; disabled=\u00bbon\u00bb]<\/p>\n<p>Por Pablo Monti | Yo soy de esa generaci\u00f3n que no gan\u00f3 un mundial. La generaci\u00f3n que no vio al Diego jugar en vivo y en directo. Suelo lidiar con ciertos comentarios de mis antecesores que en el fondo duelen: \u201csabes lo que fue cuando ganamos la copa\u201d, \u201cMessi no gana un mundial porque le falta lo que ten\u00eda Maradona: actitud\u201d. Y as\u00ed miles.\n<\/p>\n<p>[\/et_pb_text][\/et_pb_column][\/et_pb_row][\/et_pb_section][et_pb_section fb_built=\u00bb1&#8243; disabled_on=\u00bbon|on|off\u00bb _builder_version=\u00bb4.4.8&#8243; background_enable_color=\u00bboff\u00bb width=\u00bb100%\u00bb max_width=\u00bb100%\u00bb custom_padding=\u00bb0px||0px||false|false\u00bb][et_pb_row column_structure=\u00bb2_3,1_3&#8243; use_custom_gutter=\u00bbon\u00bb gutter_width=\u00bb1&#8243; make_equal=\u00bbon\u00bb _builder_version=\u00bb4.6.0&#8243; background_color=\u00bb#a4e3e9&#8243; custom_margin=\u00bb||0%||false|false\u00bb custom_padding=\u00bb0px||1%||false|false\u00bb][et_pb_column type=\u00bb2_3&#8243; _builder_version=\u00bb4.6.0&#8243; background_image=\u00bbhttps:\/\/urbe.com.ar\/revista\/wp-content\/uploads\/2020\/08\/c-nueva-escena-720.jpg\u00bb][\/et_pb_column][et_pb_column type=\u00bb1_3&#8243; _builder_version=\u00bb4.4.8&#8243; background_enable_image=\u00bboff\u00bb][et_pb_image src=\u00bbhttps:\/\/urbe.com.ar\/revista\/wp-content\/uploads\/2020\/07\/logo-nota-cuadrado.jpg\u00bb url=\u00bbhttps:\/\/urbe.com.ar\/revista\/\u00bb _builder_version=\u00bb4.4.8&#8243; custom_margin=\u00bb|||3%|false|false\u00bb][\/et_pb_image][\/et_pb_column][\/et_pb_row][\/et_pb_section][et_pb_section fb_built=\u00bb1&#8243; disabled_on=\u00bboff|off|on\u00bb _builder_version=\u00bb4.4.8&#8243; background_enable_color=\u00bboff\u00bb width=\u00bb100%\u00bb max_width=\u00bb100%\u00bb custom_padding=\u00bb0px||0px||false|false\u00bb][et_pb_row use_custom_gutter=\u00bbon\u00bb gutter_width=\u00bb1&#8243; make_equal=\u00bbon\u00bb _builder_version=\u00bb4.4.8&#8243; background_color=\u00bb#a4e3e9&#8243; custom_margin=\u00bb||0%||false|false\u00bb custom_padding=\u00bb0px||1%||false|false\u00bb][et_pb_column type=\u00bb4_4&#8243; _builder_version=\u00bb4.4.8&#8243; background_enable_image=\u00bboff\u00bb][et_pb_image src=\u00bbhttps:\/\/urbe.com.ar\/revista\/wp-content\/uploads\/2020\/08\/c-nueva-escena-612.jpg\u00bb align=\u00bbcenter\u00bb _builder_version=\u00bb4.6.0&#8243; background_enable_image=\u00bboff\u00bb][\/et_pb_image][\/et_pb_column][\/et_pb_row][\/et_pb_section][et_pb_section fb_built=\u00bb1&#8243; use_custom_gutter=\u00bbon\u00bb specialty=\u00bbon\u00bb padding_top_bottom_link_1=\u00bbfalse\u00bb padding_top_bottom_link_2=\u00bbfalse\u00bb padding_left_right_link_1=\u00bbfalse\u00bb padding_left_right_link_2=\u00bbfalse\u00bb padding_left_2=\u00bb1%\u00bb _builder_version=\u00bb4.4.8&#8243; custom_padding=\u00bb0px||0px|||\u00bb][et_pb_column type=\u00bb2_3&#8243; specialty_columns=\u00bb2&#8243; _builder_version=\u00bb3.25&#8243; custom_padding=\u00bb|||\u00bb custom_padding__hover=\u00bb|||\u00bb][et_pb_row_inner _builder_version=\u00bb4.4.8&#8243; background_color=\u00bb#a4e3e9&#8243; custom_padding=\u00bb0px||0px|||\u00bb][et_pb_column_inner saved_specialty_column_type=\u00bb2_3&#8243; _builder_version=\u00bb4.4.8&#8243;][et_pb_text _builder_version=\u00bb4.4.8&#8243; text_text_color=\u00bb#ffffff\u00bb header_text_color=\u00bb#ffffff\u00bb background_image=\u00bbhttps:\/\/urbe.com.ar\/revista\/wp-content\/uploads\/2020\/07\/barra-cultura.jpg\u00bb text_orientation=\u00bbcenter\u00bb]<\/p>\n<h1>Cultura<\/h1>\n<p>[\/et_pb_text][\/et_pb_column_inner][\/et_pb_row_inner][et_pb_row_inner _builder_version=\u00bb4.4.8&#8243; background_color=\u00bb#ffffff\u00bb custom_padding=\u00bb0px||0px|||\u00bb][et_pb_column_inner saved_specialty_column_type=\u00bb2_3&#8243; _builder_version=\u00bb4.4.8&#8243;][et_pb_text _builder_version=\u00bb4.6.0&#8243; header_text_align=\u00bbcenter\u00bb header_text_color=\u00bb#009fad\u00bb custom_margin=\u00bb3%|5%|3%|5%|true|true\u00bb custom_padding=\u00bb|10%||10%|false|true\u00bb header_font_size_tablet=\u00bb\u00bb header_font_size_phone=\u00bb\u00bb header_font_size_last_edited=\u00bbon|phone\u00bb]<\/p>\n<h1>LA NUEVA ESCENA <\/h1>\n<p>[\/et_pb_text][et_pb_text _builder_version=\u00bb4.6.0&#8243; text_font=\u00bb||||||||\u00bb text_text_color=\u00bb#009fad\u00bb text_font_size=\u00bb18px\u00bb header_text_align=\u00bbcenter\u00bb header_font_size=\u00bb35px\u00bb text_orientation=\u00bbjustified\u00bb custom_margin=\u00bb2%|5%|2%|5%|true|true\u00bb]<\/p>\n<p>Por <b>Pablo Monti<\/b><br \/>\n30\/08\/2020<\/p>\n<p>[\/et_pb_text][et_pb_image src=\u00bbhttps:\/\/urbe.com.ar\/revista\/wp-content\/uploads\/2020\/08\/separador-cultura.png\u00bb align=\u00bbcenter\u00bb _builder_version=\u00bb4.6.0&#8243; _module_preset=\u00bbdefault\u00bb][\/et_pb_image][\/et_pb_column_inner][\/et_pb_row_inner][et_pb_row_inner column_structure=\u00bb1_2,1_2&#8243; use_custom_gutter=\u00bbon\u00bb gutter_width=\u00bb1&#8243; make_equal=\u00bbon\u00bb disabled_on=\u00bbon|on|on\u00bb _builder_version=\u00bb4.4.8&#8243; background_color=\u00bb#ffffff\u00bb custom_margin=\u00bb||||false|false\u00bb custom_padding=\u00bb0px||0px|0%|false|false\u00bb disabled=\u00bbon\u00bb][et_pb_column_inner type=\u00bb1_2&#8243; saved_specialty_column_type=\u00bb2_3&#8243; _builder_version=\u00bb4.4.8&#8243; background_color=\u00bb#ffffff\u00bb custom_css_main_element=\u00bbwidth: 60% !important;\u00bb][et_pb_audio audio=\u00bbhttps:\/\/urbe.com.ar\/revista\/wp-content\/uploads\/2020\/07\/audio-rese\u00f1a-eva-y-las-mujeres.mp3&#8243; _builder_version=\u00bb4.4.8&#8243; caption_text_color=\u00bb#ffffff\u00bb background_color=\u00bb#00c5d7&#8243; custom_margin=\u00bb||||false|false\u00bb custom_padding=\u00bb||||false|false\u00bb border_color_all_image=\u00bb#ffffff\u00bb][\/et_pb_audio][\/et_pb_column_inner][et_pb_column_inner type=\u00bb1_2&#8243; saved_specialty_column_type=\u00bb2_3&#8243; _builder_version=\u00bb4.4.8&#8243; custom_css_main_element=\u00bb||width: 40% !important;||margin: auto;||display: flex;||flex-direction: column;||justify-content: center;\u00bb][et_pb_code _builder_version=\u00bb4.4.8&#8243; text_orientation=\u00bbcenter\u00bb module_alignment=\u00bbcenter\u00bb custom_margin=\u00bb2%||2%||true|false\u00bb custom_padding=\u00bb|20%||20%|false|true\u00bb]<div class=\"et_social_networks et_social_3col et_social_simple et_social_circle et_social_top et_social_nospace et_social_shortcode_0 et_social_mobile_on et_social_outer_dark\">\n\t\t\t\t\t<style type=\"text\/css\">.et_monarch .et_social_shortcode_0 li,.et_monarch .et_social_shortcode_0.et_social_circle ul li i.et_social_icon { background: #00c5d7; } .et_monarch .et_social_shortcode_0.et_social_rounded .et_social_icons_container li:hover, .et_monarch .et_social_shortcode_0.et_social_rectangle .et_social_icons_container li:hover, .et_monarch .et_social_shortcode_0.et_social_circle .et_social_icons_container li:hover i.et_social_icon { background: #ffffff !important; } .et_monarch .et_social_shortcode_0 .et_social_icon, .et_monarch .et_social_shortcode_0 .et_social_networks .et_social_network_label, .et_monarch .et_social_shortcode_0 .et_social_networkname, .et_monarch .et_social_shortcode_0 .et_social_count { color: #ffffff !important; } .et_monarch .et_social_shortcode_0 .et_social_icons_container li:hover .et_social_icon, .et_monarch .et_social_shortcode_0 .et_social_networks .et_social_icons_container li:hover .et_social_network_label, .et_monarch .et_social_shortcode_0 .et_social_icons_container li:hover .et_social_networkname, .et_monarch .et_social_rounded.et_social_shortcode_0 .et_social_icons_container li:hover .et_social_count, .et_monarch .et_social_rectangle.et_social_shortcode_0 .et_social_icons_container li:hover .et_social_count { color: #00c5d7 !important; }<\/style>\n\t\t\t\t\t\n\t\t\t\t\t<ul class=\"et_social_icons_container\"><li class=\"et_social_facebook\">\n\t\t\t\t\t\t<a href=\"#\" class=\"et_social_follow\" data-social_name=\"facebook\" data-social_type=\"follow\" data-post_id=\"0\" target=\"_blank\">\n\t\t\t\t\t\t\t<i class=\"et_social_icon et_social_icon_facebook\"><\/i>\n\t\t\t\t\t\t\t\n\t\t\t\t\t\t\t<span class=\"et_social_overlay\"><\/span>\n\t\t\t\t\t\t<\/a>\n\t\t\t\t\t<\/li><li class=\"et_social_twitter\">\n\t\t\t\t\t\t<a href=\"https:\/\/twitter.com\/Revistaurbe_?s=12\" class=\"et_social_follow\" data-social_name=\"twitter\" data-social_type=\"follow\" data-post_id=\"0\" target=\"_blank\">\n\t\t\t\t\t\t\t<i class=\"et_social_icon et_social_icon_twitter\"><\/i>\n\t\t\t\t\t\t\t\n\t\t\t\t\t\t\t<span class=\"et_social_overlay\"><\/span>\n\t\t\t\t\t\t<\/a>\n\t\t\t\t\t<\/li><li class=\"et_social_instagram\">\n\t\t\t\t\t\t<a href=\"https:\/\/www.instagram.com\/revistaurbe\/?igshid=osawef034cfi\" class=\"et_social_follow\" data-social_name=\"instagram\" data-social_type=\"follow\" data-post_id=\"0\" target=\"_blank\">\n\t\t\t\t\t\t\t<i class=\"et_social_icon et_social_icon_instagram\"><\/i>\n\t\t\t\t\t\t\t\n\t\t\t\t\t\t\t<span class=\"et_social_overlay\"><\/span>\n\t\t\t\t\t\t<\/a>\n\t\t\t\t\t<\/li><\/ul>\n\t\t\t\t<\/div>[\/et_pb_code][\/et_pb_column_inner][\/et_pb_row_inner][et_pb_row_inner disabled_on=\u00bbon|on|on\u00bb _builder_version=\u00bb4.4.8&#8243; custom_padding=\u00bb0px||0px|||\u00bb disabled=\u00bbon\u00bb][et_pb_column_inner saved_specialty_column_type=\u00bb2_3&#8243; _builder_version=\u00bb4.4.8&#8243;][et_pb_audio audio=\u00bbhttps:\/\/urbe.com.ar\/revista\/wp-content\/uploads\/2020\/07\/audio-rese\u00f1a-eva-y-las-mujeres.mp3&#8243; _builder_version=\u00bb4.4.8&#8243; caption_text_color=\u00bb#ffffff\u00bb background_color=\u00bb#00c5d7&#8243; custom_margin=\u00bb||||false|false\u00bb custom_padding=\u00bb||||false|false\u00bb border_color_all_image=\u00bb#ffffff\u00bb][\/et_pb_audio][\/et_pb_column_inner][\/et_pb_row_inner][et_pb_row_inner _builder_version=\u00bb4.4.8&#8243; background_color=\u00bb#ffffff\u00bb custom_padding=\u00bb0px||3px|0px||\u00bb][et_pb_column_inner saved_specialty_column_type=\u00bb2_3&#8243; _builder_version=\u00bb4.4.8&#8243;][et_pb_text _builder_version=\u00bb4.6.0&#8243; text_font_size=\u00bb16px\u00bb text_orientation=\u00bbjustified\u00bb custom_margin=\u00bb3%|5%||5%|false|true\u00bb]<\/p>\n<p>Yo soy de esa generaci\u00f3n que no gan\u00f3 un mundial. La generaci\u00f3n que no vio al Diego jugar en vivo y en directo. Suelo lidiar con ciertos comentarios de mis antecesores que en el fondo duelen: \u201csabes lo que fue cuando ganamos la copa\u201d, \u201cMessi no gana un mundial porque le falta lo que ten\u00eda Maradona: actitud\u201d. Y as\u00ed miles.<\/p>\n<p>La grieta generacional por alguna raz\u00f3n se expande a varios \u00e1mbitos m\u00e1s, y me animar\u00eda a decir que es unilateral (esto de comparar, dividir, etc). En un lugar que la siento mucho es en la m\u00fasica. Trabaj\u00e9 casi 7 a\u00f1os en Vorterix. Siempre cuento que en mis comienzos de radio tuve algunas experiencias algo traum\u00e1ticas con respecto a estos puntos. Vorterix arrastraba oyentes hu\u00e9rfanos de Rock &amp; Pop, y algunos varios, eran muy del \u201cprimero Pappo y despu\u00e9s mi vieja\u201d. En ese entonces, cuando me asomaba al aire para nombrar a, por ejemplo, Kendrick Lamar, era r\u00e1pidamente catalogado por oyentes como \u201cMonti El Pendejo Puto\u201d. Obviamente, sin \u00e1nimos de generalizar, esto ven\u00eda de parte de un porcentaje (no menor) de personas. Era habitual una competencia absurda, donde si yo elogiaba un recital que hab\u00eda ido, o un nuevo disco, las respuestas fueran algo as\u00ed como: <i>\u201cnene, yo ve\u00eda a los redondos en cemento, \u00bfentendes? Eso era un recital\u201d; \u201cPapucho imaginate si te emociona eso, lo que fue cuando sali\u00f3 Azul de Los Piojos\u201d<\/i> \u00f3&#8230; <i>\u201cYo vi a Herm\u00e9tica mientras le\u00eda el Martin Fierro y com\u00eda un bife de chorizo bien cocido en el garage de Julio Argentino Roca\u201d<\/i>. Y por \u00faltimo la tan usada carta de <i>\u201cEsto que te gusta ya lo hizo Pepito en el a\u00f1o 15 antes de Cristo\u201d<\/i>. Parec\u00eda autom\u00e1tico el hecho de que si hablaba de Messi me iban a contestar con ejemplos de Maradona, y si nombraba a Santiago Motorizado me iban a cantar retruco con Cerati.<\/p>\n<p>La parte curiosa, es que a mi me encant\u00f3 siempre Soda, Pappo, y ni hablar El Flaco. Entonces no entraba en la competencia, porque soy muy fan de ambas generaciones de la m\u00fasica.<\/p>\n<p>R\u00e1pidamente, la radio se adapt\u00f3, e incluso antes que cualquier otra emisora mainstream del pa\u00eds, comenz\u00f3 a poner en rotaci\u00f3n bandas j\u00f3venes que en ese entonces no conoc\u00eda mucha gente. Vorterix fue la primera en pasar todos los d\u00edas bandas como Eruca Sativa, Usted Se\u00f1alemelo, Louta, Marilina, Barbie Recanati, Juan Ingaramo, etc, etc etc. Hasta el d\u00eda de hoy, es de las pocas radios principales donde suena toda la escena joven nacional.<\/p>\n<p>Tuve la suerte de estar en un programa que estaba orientado espec\u00edficamente a la m\u00fasica nueva (Vorterix NEO). Mis compa\u00f1eros eran dos Sheldon Cooper de la m\u00fasica. Gonzalo \u201cArchi\u201d Vazquez (hoy en Sony) y Manuel Gantman (hoy en Deezer). Ah\u00ed te dir\u00eda que conoc\u00ed un mundo nuevo. Bandas de j\u00f3venes de ac\u00e1 y todo el mundo que estaban a un nivel alt\u00edsimo. Empezaron a desfilar artistas para notas, que ser\u00edan en unos a\u00f1os, la escena de hoy.<\/p>\n<p>Con la mayor\u00eda se charlaba de un fen\u00f3meno que se estaba dando de cierta forma por primera vez en la m\u00fasica nacional: gracias a las plataformas digitales, y a las redes sociales, hubo una federalizaci\u00f3n tremenda con las bandas. La escena emergente, era de todas partes del pa\u00eds. Cuando antes era casi necesidad estar cerca de la cocina de la escena, ahora cada uno, desde su lugar, se hac\u00eda conocer y su m\u00fasica llegaba desde su cuarto a todo el pa\u00eds. Y ac\u00e1 aparecen para mi las dos cosas m\u00e1s importantes, caracter\u00edsticas y claves de todas las bandas de la nueva ola: El Nuevo P\u00fablico Digital y Lo Genuino.<\/p>\n<p>\u201cLo genuino\u201d es algo que en todas las entrevistas que hayas escuchado, probablemente se nombr\u00f3. La b\u00fasqueda (probablemente inconsciente) a la hora del consumo, en muchos casos, dej\u00f3 de ser el sonido en super HD, 4K \u00f3 el virtuosismo para tocar.<\/p>\n<p>Empezaron a aparecer artistas que, hasta mal grabados, ten\u00edan much\u00edsimas views en lo que sub\u00edan. Letras que dejaban de ser analog\u00edas po\u00e9ticas y pasaron a ser m\u00e1s \u201ccorta la bocha\u201d. En su momento, para mi Perras On The Beach era el m\u00e1ximo reflejo de eso. Saliendo con un primer disco que se llamaba \u201cChupalapija\u201d, lo tildaban a Simon como \u201cel nuevo Pity\u201d. Voz medio fisura, haciendo letras que eran pura cotidianidad, jerga adolescente, y una narrativa que parec\u00eda ser una conversaci\u00f3n entre amigos: \u201cno quiero pensar en ir a comprar puchos otra vez m\u00e1s, porque no d\u00e1. Y adem\u00e1s, me hace muy mal, te hace muy mal\u201d. Glorioso. En los recitales, estas l\u00edneas se saltaban como si fuera \u201cJi Ji Ji\u201d. Eso es algo medio \u201cindie\u201d, pero tambi\u00e9n muy rockero de la vieja escuela. El hate obviamente estaba, y la comparaci\u00f3n con el Pity no era para enaltecer esta nueva banda, sino para desvalorizar, como en los ejemplos que les mencionaba antes. Una l\u00e1stima.<\/p>\n<p>Lejos de estar agrandando la grieta generacional, quiero volver a aclarar que es algo que se di\u00f3 siempre. El hate que reciben las nuevas bandas es el mismo hate que los tangueros vieja escuela le hicieron a Piazzolla (s\u00ed, hasta a Astor, uno de nuestros representantes m\u00e1s picantes, lo bardeaban los tangueros por su forma de hacer tango que les parec\u00eda un insulto al g\u00e9nero), el mismo que le hicieron a los primeros rockeros, el mismo que le hicieron a la m\u00fasica electr\u00f3nica, y as\u00ed hasta que nos toque a nosotros hetear algo porque no lo entendemos o porque pensamos que es un reciclado de algo que ya vivimos. Espero acordarme y que no me pase.<\/p>\n<p>Pero como les dec\u00eda antes, al ser fan de ambas generaciones, yo siempre quise militar a nuestras nuevas bandas j\u00f3venes. \u00c9l Mat\u00f3 A Un Polic\u00eda Motorizado era mi mejor carta. Para mi, de la nueva ola, la m\u00e1s grande de todas. La etiqueta del \u201cindie\u201d quiso mantenerla en un nicho, pero \u00c9l Mat\u00f3, con un lider fan\u00e1tico de Los Ramones y Sonic Youth, no es s\u00f3lo indie. Babas\u00f3nicos (que ya est\u00e1 en el Olimpo de la m\u00fasica nacional) demostr\u00f3 que el Rock como g\u00e9nero es mucho m\u00e1s amplio de lo que pens\u00e1bamos. Ese \u201cindie\u201d en realidad ten\u00eda m\u00e1s forma de rock\/pop moderno, y fue durante muchos a\u00f1os el norte de muchas de las bandas que estaban emergiendo. Este nuevo concepto de canci\u00f3n, en algunos discos pod\u00eda pasar por el rock m\u00e1s cl\u00e1sico hasta la canci\u00f3n m\u00e1s popera posible. As\u00ed, muchas bandas se encontraron con un abanico amplio de g\u00e9neros para componer. Esto es un distintivo de la nueva ola, \u201cel multigenero\u201d, hizo que muchas bandas se consoliden como grandes promesas para seguir sumando a nuestro historial de gigantes: Usted Se\u00f1alemelo, Eruca Sativa, Bandalos Chinos, Marilina Bertoldi, Louta, etc. Pero al mismo tiempo que se terminaba de consolidar este grupo de bandas, ocurri\u00f3 la explosi\u00f3n de la m\u00fasica urbana en el pa\u00eds.<\/p>\n<p>Vale la pena aclarar en d\u00f3nde est\u00e1n, en este relato, El Quinto Escal\u00f3n, el freestyle, las RedBull, el trap, rap, etc. En 2014, fui a cubrir la Red Bull Batalla de Gallos en Niceto Club para la radio. Una que gan\u00f3 Sony, contra Papo en la final. Ah\u00ed me di cuenta que Niceto no daba abasto para la cantidad de gente que quer\u00eda ir al evento. Me di cuenta que era algo que estaba teniendo much\u00edsima convocatoria y no sab\u00eda mucho m\u00e1s. Pero despu\u00e9s de esa final, me empec\u00e9 a meter, y ver que la junta en plazas era algo que estaba en todo Youtube. \u00abEl Quinto Escal\u00f3n\u201d estaba empezando, justamente en unos escalones de Parque Rivadavia, y unos a\u00f1os m\u00e1s tarde, ya habiendo copado internet con sus batallas, llegaron en formato radial a Vorterix (hasta tuve suerte durante una semana de hacer la coordinaci\u00f3n de aire en el programa).<\/p>\n<p>Ya sabemos y es innegable que el rap\/trap es la escena predominante hoy en d\u00eda en Argentina y muchas partes del mundo. Desde 2017 cuando sali\u00f3 Loca (Khea, Cazzu, Duki), cambi\u00f3 el juego para la m\u00fasica nacional. Todas las escuchas, rankings, y views, se dispararon con el trap. Lo urbano dej\u00f3 de ser un nicho e invadi\u00f3 el mainstream en el pa\u00eds. Por primera vez comenzaba a suceder que \u201clo mas escuchado\u201d ya no era rock ni algo parecido al rock (como todas las bandas de las cuales est\u00e1bamos hablando anteriormente).<\/p>\n<p>Obviamente, lo genuino, y lo digital, son el motor principal para tratar de explicar la explosi\u00f3n de la cultura urbana como g\u00e9nero m\u00e1s rentable en la m\u00fasica Argentina. YSY A es el jefe al respecto. Se mand\u00f3 a hacer una competencia en una plaza sin micr\u00f3fonos, sin parlantes, y termin\u00f3 en un Malvinas agotado. En las plazas filmaba con una camarita y as\u00ed como lo filmaba, sin nada m\u00e1s, lo sub\u00eda a youtube y las batallas eran de lo m\u00e1s visto en el pa\u00eds. Despu\u00e9s con los streamings rompi\u00f3 todo. Y como si fuera poco, se lanz\u00f3 como artista y es uno de los m\u00e1s grandes del g\u00e9nero. Una locura. Duki es duki por su talento, convicci\u00f3n y por ser parte de esa cocina, de estar rompiendola en esos videos que explotaban en youtube, y por surfear como un campe\u00f3n la ola que arm\u00f3 el Ysy.<\/p>\n<p>Otro m\u00e1ximo exponente de lo genuino y la locura de los views, es Bizarrap. En Estados Unidos el Biza ser\u00eda DJ Khaled en un Rolls Royce tir\u00e1ndose champagne en la cara. Los n\u00fameros que tiene Biza son lis\u00e9rgicos, debe ser uno de los productores con m\u00e1s temas exitosos (en t\u00e9rminos de n\u00fameros) del pa\u00eds. El chabon empez\u00f3 haciendo remixes electr\u00f3nicos de cosas virales de internet y despu\u00e9s de las batallas. Un youtuber que se hizo productor y empez\u00f3 a llevar raperos al cuarto de su casa a tirar barras. Un plano, un mic, \u00e9l con su compu y fin. Con eso se arm\u00f3 una carrera tremenda que a cualquiera le hubiera demandado muchos a\u00f1os para construir. Se est\u00e1 viviendo un fen\u00f3meno de viralizaci\u00f3n y de expansi\u00f3n con internet que es completamente nuevo. En cierta forma se desdibuj\u00f3 la figura del p\u00fablico. Si fuera por los n\u00fameros de internet, estar\u00edamos hablando de artistas que llenan un River por fin de semana. En fin, todo lo que pas\u00f3 despu\u00e9s con Duki, Neo, Cazzu, Ysy, Paco y Cato, hasta llegar al d\u00eda de hoy, ya lo sabemos.<\/p>\n<p>Lo loco, es que si antes el hate iba dirigido a la escena con la que comienza este relato (hijes del rock de la vieja escuela), la cabeza de quien tira odio por twitter, con este nuevo fen\u00f3meno, explot\u00f3. El foco dej\u00f3 de ser el nuevo rock \/ pop, nacional y pas\u00f3 a ser el trap. El autotune fue perfecto para un primer ataque: artistas que no cantan, sino que usan esta \u201ctrampa\u201d y quedan siempre afinados. El autotune para el g\u00e9nero se convirti\u00f3 en una herramienta clave, es un instrumento m\u00e1s, y adem\u00e1s le posibilit\u00f3 a muchas personas adentrarse en el g\u00e9nero. El trap consigui\u00f3 lo que el rap m\u00e1s cl\u00e1sico no pudo en este pa\u00eds: sonaba en el boliche. El monopolio del Reggaeton perdi\u00f3 fuerza y el trap termin\u00f3 de conquistar todo.<\/p>\n<p>As\u00ed es como llegamos a hoy y no podemos negar que la escena principal es Urbana. Hace relativamente poco hubo una t\u00edpica discusi\u00f3n tuitera que se arm\u00f3 en base a una frase del tema Sangr\u00eda, de Trueno ft Wos. Ya todes deben saber: \u201cTe guste o no te guste somos el nuevo rock &amp; roll\u201d.<\/p>\n<p>No nos vamos a adentrar en ese debate que ya se di\u00f3, pero s\u00ed resaltar que es una frase que caus\u00f3 tanto revuelo porque algo de raz\u00f3n tiene. Y no desvaloriza al rock, sino que resalta que el lugar principal que alguna vez tuvo, ahora est\u00e1 en otro g\u00e9nero. Dany Jimenez me di\u00f3 c\u00e1tedra al respecto:<\/p>\n<p>[\/et_pb_text][et_pb_text _builder_version=\u00bb4.6.0&#8243; text_font_size=\u00bb16px\u00bb text_orientation=\u00bbjustified\u00bb custom_margin=\u00bb3%|15%||15%|false|true\u00bb]<\/p>\n<p><i>\u201cEs un error confrontar el rock con el trap o con el rap. Es un error porque son parte de culturas que difieren en alg\u00fan punto. Pero hay que sumar a lo que ya est\u00e1, no confrontar. En Estados Unidos existe Chance the Rapper tocando con Foo Fighters. La cultura del rock es muy amplia, tiene m\u00e1s de 60 a\u00f1os de construcci\u00f3n y va a seguir existiendo porque es el motor de la cultura popular. Que hoy una generaci\u00f3n nueva no lo elija, quiz\u00e1s pone en juego la estructura segura donde el rock se sostuvo siempre, pero goza de muy buena salud. No hay que reemplazar nada, a lo que ya est\u00e1 hay que construirle encima. A Javier Martinez, sumemosle Marilina Bertoldi y sumemosle Wos. Es todo cultura argentina. Ah\u00ed salimos ganando.\u201d<br \/>\n<\/i>\n<\/p>\n<p>[\/et_pb_text][et_pb_text _builder_version=\u00bb4.6.0&#8243; text_font_size=\u00bb16px\u00bb text_orientation=\u00bbjustified\u00bb custom_margin=\u00bb3%|5%||5%|false|true\u00bb]<\/p>\n<p>Nunca tan acertado. Muchas bandas de las nombradas al comienzo mantienen viva la llama de un nuevo rock en la escena de hoy. Y Wos es un gran ejemplo para cerrar. Es un puente generacional. Padres y madres que no entend\u00edan el nuevo g\u00e9nero urbano que consumen sus hijes, escucharon a Wos, y encontraron la canci\u00f3n de protesta, encontraron riffs de guitarras y un mensaje claro. Wos fue invitado por Ciro a tocar, por Divididos, y el Indio le mand\u00f3 su libro, lo banca a muerte y hasta lo sigue en instagram (j\u00e1). Wos demostr\u00f3 que el rap puede sumarse a enriquecer la m\u00fasica que es tan importante para nuestra cultura.<\/p>\n<p>Tenemos bandas y artistas del carajo. El multig\u00e9nero se refleja en una  nueva escena que ya es protagonista y est\u00e1 muy fuerte. El tiempo va a dejarlo cada vez m\u00e1s claro. Vamos a celebrar al Diego y a Messi por igual. Mi Cemento en cierto punto fue Niceto, o el Teatro Vorterix, donde vi a todas las bandas nuevas de ac\u00e1 y el mundo. Para el universo urbano, su Cemento fue la plaza. Todos los Cemento, tengan la forma que tengan, son m\u00edticos.\n<\/p>\n<p>[\/et_pb_text][et_pb_image src=\u00bbhttps:\/\/urbe.com.ar\/revista\/wp-content\/uploads\/2020\/07\/fin-cultura.png\u00bb _builder_version=\u00bb4.4.8&#8243; custom_margin=\u00bb5%||5%||true|false\u00bb][\/et_pb_image][\/et_pb_column_inner][\/et_pb_row_inner][\/et_pb_column][et_pb_column type=\u00bb1_3&#8243; _builder_version=\u00bb3.25&#8243; custom_padding=\u00bb|||\u00bb custom_padding__hover=\u00bb|||\u00bb][et_pb_blog fullwidth=\u00bboff\u00bb posts_number=\u00bb2&#8243; include_categories=\u00bb7&#8243; meta_date=\u00bbj M,Y\u00bb excerpt_length=\u00bb80&#8243; show_author=\u00bboff\u00bb show_categories=\u00bboff\u00bb show_pagination=\u00bboff\u00bb masonry_tile_background_color=\u00bb#a4e3e9&#8243; disabled_on=\u00bbon|off|off\u00bb _builder_version=\u00bb4.4.8&#8243; header_text_color=\u00bb#FFFFFF\u00bb body_text_color=\u00bb#FFFFFF\u00bb meta_text_color=\u00bb#FFFFFF\u00bb read_more_text_color=\u00bb#FFFFFF\u00bb background_color=\u00bb#a4e3e9&#8243; custom_margin=\u00bb-9%||1%||false|false\u00bb custom_margin_tablet=\u00bb0%||||false|false\u00bb custom_margin_phone=\u00bb\u00bb custom_margin_last_edited=\u00bbon|desktop\u00bb custom_padding=\u00bb||0px|||\u00bb header_text_shadow_style=\u00bbpreset3&#8243; header_text_shadow_color=\u00bb#000000&#8243; body_text_shadow_style=\u00bbpreset3&#8243; body_text_shadow_color=\u00bb#000000&#8243; meta_text_shadow_style=\u00bbpreset3&#8243; meta_text_shadow_color=\u00bb#000000&#8243; border_color_all_image=\u00bb#a4e3e9&#8243; border_width_top_image=\u00bb2px\u00bb text_shadow_style=\u00bbpreset3&#8243; text_shadow_blur_strength=\u00bb0.54em\u00bb text_shadow_color=\u00bb#000000&#8243;][\/et_pb_blog][et_pb_blog fullwidth=\u00bboff\u00bb posts_number=\u00bb2&#8243; include_categories=\u00bb8&#8243; meta_date=\u00bbj M,Y\u00bb excerpt_length=\u00bb80&#8243; show_author=\u00bboff\u00bb show_categories=\u00bboff\u00bb show_pagination=\u00bboff\u00bb masonry_tile_background_color=\u00bb#83d9d8&#8243; disabled_on=\u00bbon|off|off\u00bb _builder_version=\u00bb4.4.8&#8243; header_text_color=\u00bb#FFFFFF\u00bb body_text_color=\u00bb#FFFFFF\u00bb meta_text_color=\u00bb#FFFFFF\u00bb read_more_text_color=\u00bb#FFFFFF\u00bb background_enable_color=\u00bboff\u00bb custom_margin=\u00bb-9%||1%||false|false\u00bb custom_padding=\u00bb||0px|||\u00bb header_text_shadow_style=\u00bbpreset3&#8243; header_text_shadow_color=\u00bb#000000&#8243; body_text_shadow_style=\u00bbpreset3&#8243; body_text_shadow_color=\u00bb#000000&#8243; meta_text_shadow_style=\u00bbpreset3&#8243; meta_text_shadow_color=\u00bb#000000&#8243; border_color_all_image=\u00bb#a4e3e9&#8243; border_width_top_image=\u00bb2px\u00bb text_shadow_style=\u00bbpreset3&#8243; text_shadow_blur_strength=\u00bb0.54em\u00bb text_shadow_color=\u00bb#000000&#8243; locked=\u00bboff\u00bb][\/et_pb_blog][et_pb_blog fullwidth=\u00bboff\u00bb posts_number=\u00bb2&#8243; include_categories=\u00bb11&#8243; meta_date=\u00bbj M,Y\u00bb excerpt_length=\u00bb80&#8243; show_author=\u00bboff\u00bb show_categories=\u00bboff\u00bb show_pagination=\u00bboff\u00bb masonry_tile_background_color=\u00bb#83d9d8&#8243; disabled_on=\u00bbon|off|off\u00bb _builder_version=\u00bb4.4.8&#8243; header_text_color=\u00bb#FFFFFF\u00bb body_text_color=\u00bb#FFFFFF\u00bb meta_text_color=\u00bb#FFFFFF\u00bb read_more_text_color=\u00bb#FFFFFF\u00bb background_enable_color=\u00bboff\u00bb custom_margin=\u00bb-9%||1%||false|false\u00bb custom_padding=\u00bb||0px|||\u00bb header_text_shadow_style=\u00bbpreset3&#8243; header_text_shadow_color=\u00bb#000000&#8243; body_text_shadow_style=\u00bbpreset3&#8243; body_text_shadow_color=\u00bb#000000&#8243; meta_text_shadow_style=\u00bbpreset3&#8243; meta_text_shadow_color=\u00bb#000000&#8243; border_color_all_image=\u00bb#a4e3e9&#8243; border_width_top_image=\u00bb2px\u00bb text_shadow_style=\u00bbpreset3&#8243; text_shadow_blur_strength=\u00bb0.54em\u00bb text_shadow_color=\u00bb#000000&#8243;][\/et_pb_blog][et_pb_code _builder_version=\u00bb4.4.8&#8243;]<\/p>\n<style><!-- [et_pb_line_break_holder] -->  .et_pb_post .et_pb_image_container{<!-- [et_pb_line_break_holder] -->    margin-bottom: -144px;<!-- [et_pb_line_break_holder] -->}<!-- [et_pb_line_break_holder] --><!-- [et_pb_line_break_holder] -->.et_pb_post .entry-title{<!-- [et_pb_line_break_holder] -->    position: relative;<!-- [et_pb_line_break_holder] -->    bottom: 40px;<!-- [et_pb_line_break_holder] -->    margin-bottom: -50px;<!-- [et_pb_line_break_holder] -->}<!-- [et_pb_line_break_holder] --><!-- [et_pb_line_break_holder] -->.et_pb_post .post-meta,.et_pb_post .post-content{<!-- [et_pb_line_break_holder] -->    position: relative;<!-- [et_pb_line_break_holder] -->    bottom: 0px;<!-- [et_pb_line_break_holder] -->}<\/style>\n<p>[\/et_pb_code][\/et_pb_column][\/et_pb_section]<\/p>\n","protected":false},"excerpt":{"rendered":"<p>Por Pablo Monti | Yo soy de esa generaci\u00f3n que no gan\u00f3 un mundial. La generaci\u00f3n que no vio al Diego jugar en vivo y en directo. Suelo lidiar con ciertos comentarios de mis antecesores que en el fondo duelen: \u201csabes lo que fue cuando ganamos la copa\u201d, \u201cMessi no gana un mundial porque le [&hellip;]<\/p>\n","protected":false},"author":2,"featured_media":2615,"comment_status":"open","ping_status":"open","sticky":false,"template":"","format":"standard","meta":{"_et_pb_use_builder":"on","_et_pb_old_content":"","_et_gb_content_width":"","_jetpack_memberships_contains_paid_content":false,"footnotes":""},"categories":[26],"tags":[],"class_list":["post-2612","post","type-post","status-publish","format-standard","has-post-thumbnail","hentry","category-musica"],"yoast_head":"<!-- This site is optimized with the Yoast SEO plugin v27.5 - https:\/\/yoast.com\/product\/yoast-seo-wordpress\/ -->\n<title>La Nueva Escena - Revista Urbe<\/title>\n<meta name=\"robots\" content=\"index, follow, max-snippet:-1, max-image-preview:large, max-video-preview:-1\" \/>\n<link rel=\"canonical\" href=\"https:\/\/urbe.com.ar\/revista\/la-nueva-escena\/\" \/>\n<meta property=\"og:locale\" content=\"es_ES\" \/>\n<meta property=\"og:type\" content=\"article\" \/>\n<meta property=\"og:title\" content=\"La Nueva Escena - Revista Urbe\" \/>\n<meta property=\"og:description\" content=\"Por Pablo Monti | Yo soy de esa generaci\u00f3n que no gan\u00f3 un mundial. La generaci\u00f3n que no vio al Diego jugar en vivo y en directo. Suelo lidiar con ciertos comentarios de mis antecesores que en el fondo duelen: \u201csabes lo que fue cuando ganamos la copa\u201d, \u201cMessi no gana un mundial porque le [&hellip;]\" \/>\n<meta property=\"og:url\" content=\"https:\/\/urbe.com.ar\/revista\/la-nueva-escena\/\" \/>\n<meta property=\"og:site_name\" content=\"Revista Urbe\" \/>\n<meta property=\"article:published_time\" content=\"2020-08-30T00:06:05+00:00\" \/>\n<meta property=\"article:modified_time\" content=\"2023-06-03T19:20:57+00:00\" \/>\n<meta property=\"og:image\" content=\"https:\/\/urbe.com.ar\/revista\/wp-content\/uploads\/2020\/08\/c-nueva-escena-612.jpg\" \/>\n\t<meta property=\"og:image:width\" content=\"612\" \/>\n\t<meta property=\"og:image:height\" content=\"551\" \/>\n\t<meta property=\"og:image:type\" content=\"image\/jpeg\" \/>\n<meta name=\"author\" content=\"Revista Urbe\" \/>\n<meta name=\"twitter:card\" content=\"summary_large_image\" \/>\n<meta name=\"twitter:creator\" content=\"@Revistaurbe_\" \/>\n<meta name=\"twitter:site\" content=\"@Revistaurbe_\" \/>\n<meta name=\"twitter:label1\" content=\"Escrito por\" \/>\n\t<meta name=\"twitter:data1\" content=\"Revista Urbe\" \/>\n\t<meta name=\"twitter:label2\" content=\"Tiempo de lectura\" \/>\n\t<meta name=\"twitter:data2\" content=\"19 minutos\" \/>\n<script type=\"application\/ld+json\" class=\"yoast-schema-graph\">{\"@context\":\"https:\\\/\\\/schema.org\",\"@graph\":[{\"@type\":\"Article\",\"@id\":\"https:\\\/\\\/urbe.com.ar\\\/revista\\\/la-nueva-escena\\\/#article\",\"isPartOf\":{\"@id\":\"https:\\\/\\\/urbe.com.ar\\\/revista\\\/la-nueva-escena\\\/\"},\"author\":{\"name\":\"Revista Urbe\",\"@id\":\"https:\\\/\\\/urbe.com.ar\\\/revista\\\/#\\\/schema\\\/person\\\/6eb3e83c215b12e07f3981b58fdaf67f\"},\"headline\":\"La Nueva Escena\",\"datePublished\":\"2020-08-30T00:06:05+00:00\",\"dateModified\":\"2023-06-03T19:20:57+00:00\",\"mainEntityOfPage\":{\"@id\":\"https:\\\/\\\/urbe.com.ar\\\/revista\\\/la-nueva-escena\\\/\"},\"wordCount\":3817,\"commentCount\":0,\"image\":{\"@id\":\"https:\\\/\\\/urbe.com.ar\\\/revista\\\/la-nueva-escena\\\/#primaryimage\"},\"thumbnailUrl\":\"https:\\\/\\\/i0.wp.com\\\/urbe.com.ar\\\/revista\\\/wp-content\\\/uploads\\\/2020\\\/08\\\/c-nueva-escena-612.jpg?fit=612%2C551&ssl=1\",\"articleSection\":[\"M\u00daSICA\"],\"inLanguage\":\"es\",\"potentialAction\":[{\"@type\":\"CommentAction\",\"name\":\"Comment\",\"target\":[\"https:\\\/\\\/urbe.com.ar\\\/revista\\\/la-nueva-escena\\\/#respond\"]}]},{\"@type\":\"WebPage\",\"@id\":\"https:\\\/\\\/urbe.com.ar\\\/revista\\\/la-nueva-escena\\\/\",\"url\":\"https:\\\/\\\/urbe.com.ar\\\/revista\\\/la-nueva-escena\\\/\",\"name\":\"La Nueva Escena - Revista Urbe\",\"isPartOf\":{\"@id\":\"https:\\\/\\\/urbe.com.ar\\\/revista\\\/#website\"},\"primaryImageOfPage\":{\"@id\":\"https:\\\/\\\/urbe.com.ar\\\/revista\\\/la-nueva-escena\\\/#primaryimage\"},\"image\":{\"@id\":\"https:\\\/\\\/urbe.com.ar\\\/revista\\\/la-nueva-escena\\\/#primaryimage\"},\"thumbnailUrl\":\"https:\\\/\\\/i0.wp.com\\\/urbe.com.ar\\\/revista\\\/wp-content\\\/uploads\\\/2020\\\/08\\\/c-nueva-escena-612.jpg?fit=612%2C551&ssl=1\",\"datePublished\":\"2020-08-30T00:06:05+00:00\",\"dateModified\":\"2023-06-03T19:20:57+00:00\",\"author\":{\"@id\":\"https:\\\/\\\/urbe.com.ar\\\/revista\\\/#\\\/schema\\\/person\\\/6eb3e83c215b12e07f3981b58fdaf67f\"},\"breadcrumb\":{\"@id\":\"https:\\\/\\\/urbe.com.ar\\\/revista\\\/la-nueva-escena\\\/#breadcrumb\"},\"inLanguage\":\"es\",\"potentialAction\":[{\"@type\":\"ReadAction\",\"target\":[\"https:\\\/\\\/urbe.com.ar\\\/revista\\\/la-nueva-escena\\\/\"]}]},{\"@type\":\"ImageObject\",\"inLanguage\":\"es\",\"@id\":\"https:\\\/\\\/urbe.com.ar\\\/revista\\\/la-nueva-escena\\\/#primaryimage\",\"url\":\"https:\\\/\\\/i0.wp.com\\\/urbe.com.ar\\\/revista\\\/wp-content\\\/uploads\\\/2020\\\/08\\\/c-nueva-escena-612.jpg?fit=612%2C551&ssl=1\",\"contentUrl\":\"https:\\\/\\\/i0.wp.com\\\/urbe.com.ar\\\/revista\\\/wp-content\\\/uploads\\\/2020\\\/08\\\/c-nueva-escena-612.jpg?fit=612%2C551&ssl=1\",\"width\":612,\"height\":551},{\"@type\":\"BreadcrumbList\",\"@id\":\"https:\\\/\\\/urbe.com.ar\\\/revista\\\/la-nueva-escena\\\/#breadcrumb\",\"itemListElement\":[{\"@type\":\"ListItem\",\"position\":1,\"name\":\"Portada\",\"item\":\"https:\\\/\\\/urbe.com.ar\\\/revista\\\/\"},{\"@type\":\"ListItem\",\"position\":2,\"name\":\"La Nueva Escena\"}]},{\"@type\":\"WebSite\",\"@id\":\"https:\\\/\\\/urbe.com.ar\\\/revista\\\/#website\",\"url\":\"https:\\\/\\\/urbe.com.ar\\\/revista\\\/\",\"name\":\"Revista Urbe\",\"description\":\"\",\"potentialAction\":[{\"@type\":\"SearchAction\",\"target\":{\"@type\":\"EntryPoint\",\"urlTemplate\":\"https:\\\/\\\/urbe.com.ar\\\/revista\\\/?s={search_term_string}\"},\"query-input\":{\"@type\":\"PropertyValueSpecification\",\"valueRequired\":true,\"valueName\":\"search_term_string\"}}],\"inLanguage\":\"es\"},{\"@type\":\"Person\",\"@id\":\"https:\\\/\\\/urbe.com.ar\\\/revista\\\/#\\\/schema\\\/person\\\/6eb3e83c215b12e07f3981b58fdaf67f\",\"name\":\"Revista Urbe\",\"image\":{\"@type\":\"ImageObject\",\"inLanguage\":\"es\",\"@id\":\"https:\\\/\\\/secure.gravatar.com\\\/avatar\\\/72b666e32a633c73c1c87ac7208dfbba855299e1caed438da06924072c6b6b78?s=96&d=mm&r=g\",\"url\":\"https:\\\/\\\/secure.gravatar.com\\\/avatar\\\/72b666e32a633c73c1c87ac7208dfbba855299e1caed438da06924072c6b6b78?s=96&d=mm&r=g\",\"contentUrl\":\"https:\\\/\\\/secure.gravatar.com\\\/avatar\\\/72b666e32a633c73c1c87ac7208dfbba855299e1caed438da06924072c6b6b78?s=96&d=mm&r=g\",\"caption\":\"Revista Urbe\"},\"url\":\"https:\\\/\\\/urbe.com.ar\\\/revista\\\/author\\\/c1321401\\\/\"}]}<\/script>\n<!-- \/ Yoast SEO plugin. -->","yoast_head_json":{"title":"La Nueva Escena - Revista Urbe","robots":{"index":"index","follow":"follow","max-snippet":"max-snippet:-1","max-image-preview":"max-image-preview:large","max-video-preview":"max-video-preview:-1"},"canonical":"https:\/\/urbe.com.ar\/revista\/la-nueva-escena\/","og_locale":"es_ES","og_type":"article","og_title":"La Nueva Escena - Revista Urbe","og_description":"Por Pablo Monti | Yo soy de esa generaci\u00f3n que no gan\u00f3 un mundial. La generaci\u00f3n que no vio al Diego jugar en vivo y en directo. Suelo lidiar con ciertos comentarios de mis antecesores que en el fondo duelen: \u201csabes lo que fue cuando ganamos la copa\u201d, \u201cMessi no gana un mundial porque le [&hellip;]","og_url":"https:\/\/urbe.com.ar\/revista\/la-nueva-escena\/","og_site_name":"Revista Urbe","article_published_time":"2020-08-30T00:06:05+00:00","article_modified_time":"2023-06-03T19:20:57+00:00","og_image":[{"width":612,"height":551,"url":"https:\/\/urbe.com.ar\/revista\/wp-content\/uploads\/2020\/08\/c-nueva-escena-612.jpg","type":"image\/jpeg"}],"author":"Revista Urbe","twitter_card":"summary_large_image","twitter_creator":"@Revistaurbe_","twitter_site":"@Revistaurbe_","twitter_misc":{"Escrito por":"Revista Urbe","Tiempo de lectura":"19 minutos"},"schema":{"@context":"https:\/\/schema.org","@graph":[{"@type":"Article","@id":"https:\/\/urbe.com.ar\/revista\/la-nueva-escena\/#article","isPartOf":{"@id":"https:\/\/urbe.com.ar\/revista\/la-nueva-escena\/"},"author":{"name":"Revista Urbe","@id":"https:\/\/urbe.com.ar\/revista\/#\/schema\/person\/6eb3e83c215b12e07f3981b58fdaf67f"},"headline":"La Nueva Escena","datePublished":"2020-08-30T00:06:05+00:00","dateModified":"2023-06-03T19:20:57+00:00","mainEntityOfPage":{"@id":"https:\/\/urbe.com.ar\/revista\/la-nueva-escena\/"},"wordCount":3817,"commentCount":0,"image":{"@id":"https:\/\/urbe.com.ar\/revista\/la-nueva-escena\/#primaryimage"},"thumbnailUrl":"https:\/\/i0.wp.com\/urbe.com.ar\/revista\/wp-content\/uploads\/2020\/08\/c-nueva-escena-612.jpg?fit=612%2C551&ssl=1","articleSection":["M\u00daSICA"],"inLanguage":"es","potentialAction":[{"@type":"CommentAction","name":"Comment","target":["https:\/\/urbe.com.ar\/revista\/la-nueva-escena\/#respond"]}]},{"@type":"WebPage","@id":"https:\/\/urbe.com.ar\/revista\/la-nueva-escena\/","url":"https:\/\/urbe.com.ar\/revista\/la-nueva-escena\/","name":"La Nueva Escena - Revista Urbe","isPartOf":{"@id":"https:\/\/urbe.com.ar\/revista\/#website"},"primaryImageOfPage":{"@id":"https:\/\/urbe.com.ar\/revista\/la-nueva-escena\/#primaryimage"},"image":{"@id":"https:\/\/urbe.com.ar\/revista\/la-nueva-escena\/#primaryimage"},"thumbnailUrl":"https:\/\/i0.wp.com\/urbe.com.ar\/revista\/wp-content\/uploads\/2020\/08\/c-nueva-escena-612.jpg?fit=612%2C551&ssl=1","datePublished":"2020-08-30T00:06:05+00:00","dateModified":"2023-06-03T19:20:57+00:00","author":{"@id":"https:\/\/urbe.com.ar\/revista\/#\/schema\/person\/6eb3e83c215b12e07f3981b58fdaf67f"},"breadcrumb":{"@id":"https:\/\/urbe.com.ar\/revista\/la-nueva-escena\/#breadcrumb"},"inLanguage":"es","potentialAction":[{"@type":"ReadAction","target":["https:\/\/urbe.com.ar\/revista\/la-nueva-escena\/"]}]},{"@type":"ImageObject","inLanguage":"es","@id":"https:\/\/urbe.com.ar\/revista\/la-nueva-escena\/#primaryimage","url":"https:\/\/i0.wp.com\/urbe.com.ar\/revista\/wp-content\/uploads\/2020\/08\/c-nueva-escena-612.jpg?fit=612%2C551&ssl=1","contentUrl":"https:\/\/i0.wp.com\/urbe.com.ar\/revista\/wp-content\/uploads\/2020\/08\/c-nueva-escena-612.jpg?fit=612%2C551&ssl=1","width":612,"height":551},{"@type":"BreadcrumbList","@id":"https:\/\/urbe.com.ar\/revista\/la-nueva-escena\/#breadcrumb","itemListElement":[{"@type":"ListItem","position":1,"name":"Portada","item":"https:\/\/urbe.com.ar\/revista\/"},{"@type":"ListItem","position":2,"name":"La Nueva Escena"}]},{"@type":"WebSite","@id":"https:\/\/urbe.com.ar\/revista\/#website","url":"https:\/\/urbe.com.ar\/revista\/","name":"Revista Urbe","description":"","potentialAction":[{"@type":"SearchAction","target":{"@type":"EntryPoint","urlTemplate":"https:\/\/urbe.com.ar\/revista\/?s={search_term_string}"},"query-input":{"@type":"PropertyValueSpecification","valueRequired":true,"valueName":"search_term_string"}}],"inLanguage":"es"},{"@type":"Person","@id":"https:\/\/urbe.com.ar\/revista\/#\/schema\/person\/6eb3e83c215b12e07f3981b58fdaf67f","name":"Revista Urbe","image":{"@type":"ImageObject","inLanguage":"es","@id":"https:\/\/secure.gravatar.com\/avatar\/72b666e32a633c73c1c87ac7208dfbba855299e1caed438da06924072c6b6b78?s=96&d=mm&r=g","url":"https:\/\/secure.gravatar.com\/avatar\/72b666e32a633c73c1c87ac7208dfbba855299e1caed438da06924072c6b6b78?s=96&d=mm&r=g","contentUrl":"https:\/\/secure.gravatar.com\/avatar\/72b666e32a633c73c1c87ac7208dfbba855299e1caed438da06924072c6b6b78?s=96&d=mm&r=g","caption":"Revista Urbe"},"url":"https:\/\/urbe.com.ar\/revista\/author\/c1321401\/"}]}},"jetpack_featured_media_url":"https:\/\/i0.wp.com\/urbe.com.ar\/revista\/wp-content\/uploads\/2020\/08\/c-nueva-escena-612.jpg?fit=612%2C551&ssl=1","jetpack_sharing_enabled":true,"_links":{"self":[{"href":"https:\/\/urbe.com.ar\/revista\/wp-json\/wp\/v2\/posts\/2612","targetHints":{"allow":["GET"]}}],"collection":[{"href":"https:\/\/urbe.com.ar\/revista\/wp-json\/wp\/v2\/posts"}],"about":[{"href":"https:\/\/urbe.com.ar\/revista\/wp-json\/wp\/v2\/types\/post"}],"author":[{"embeddable":true,"href":"https:\/\/urbe.com.ar\/revista\/wp-json\/wp\/v2\/users\/2"}],"replies":[{"embeddable":true,"href":"https:\/\/urbe.com.ar\/revista\/wp-json\/wp\/v2\/comments?post=2612"}],"version-history":[{"count":6,"href":"https:\/\/urbe.com.ar\/revista\/wp-json\/wp\/v2\/posts\/2612\/revisions"}],"predecessor-version":[{"id":2670,"href":"https:\/\/urbe.com.ar\/revista\/wp-json\/wp\/v2\/posts\/2612\/revisions\/2670"}],"wp:featuredmedia":[{"embeddable":true,"href":"https:\/\/urbe.com.ar\/revista\/wp-json\/wp\/v2\/media\/2615"}],"wp:attachment":[{"href":"https:\/\/urbe.com.ar\/revista\/wp-json\/wp\/v2\/media?parent=2612"}],"wp:term":[{"taxonomy":"category","embeddable":true,"href":"https:\/\/urbe.com.ar\/revista\/wp-json\/wp\/v2\/categories?post=2612"},{"taxonomy":"post_tag","embeddable":true,"href":"https:\/\/urbe.com.ar\/revista\/wp-json\/wp\/v2\/tags?post=2612"}],"curies":[{"name":"wp","href":"https:\/\/api.w.org\/{rel}","templated":true}]}}