{"id":2581,"date":"2020-08-30T00:02:32","date_gmt":"2020-08-30T00:02:32","guid":{"rendered":"https:\/\/urbe.com.ar\/revista\/?p=2581"},"modified":"2023-06-03T22:29:37","modified_gmt":"2023-06-03T22:29:37","slug":"dnu-690-los-desafios-del-pos-macrismo-en-materia-de-comunicacion","status":"publish","type":"post","link":"https:\/\/urbe.com.ar\/revista\/dnu-690-los-desafios-del-pos-macrismo-en-materia-de-comunicacion\/","title":{"rendered":"DNU 690: LOS DESAF\u00cdOS DEL POS MACRISMO EN MATERIA DE COMUNICACI\u00d3N"},"content":{"rendered":"\n[et_pb_section fb_built=\u00bb1&#8243; disabled_on=\u00bbon|on|on\u00bb _builder_version=\u00bb4.4.8&#8243; disabled=\u00bbon\u00bb][et_pb_row _builder_version=\u00bb4.4.8&#8243;][et_pb_column type=\u00bb4_4&#8243; _builder_version=\u00bb4.4.8&#8243;][et_pb_text disabled_on=\u00bbon|on|on\u00bb _builder_version=\u00bb4.6.0&#8243; disabled=\u00bbon\u00bb]<p>Por Gonzalo Carbajal | El macrismo, como buen cultor del neoliberalismo del siglo XXI, es al mismo tiempo consigna en positivo y acci\u00f3n destructiva. En materia de comunicaci\u00f3n el da\u00f1o fue proverbial. Sus medidas fueron precisas y decididas, con consecuencias profundas y persistentes: un sector mucho m\u00e1s concentrado, menos herramientas regulatorias y un Estado devastado en su capacidad de acci\u00f3n. La declaraci\u00f3n de servicio p\u00fablico para los servicios TIC que decret\u00f3 el Presidente repara algunos de esos da\u00f1os. Poner a la Argentina de pie en esta materia requerir\u00e1 mucho m\u00e1s que la letra de un decreto. Abro hilo.\n\n<\/p>[\/et_pb_text][\/et_pb_column][\/et_pb_row][\/et_pb_section][et_pb_section fb_built=\u00bb1&#8243; disabled_on=\u00bbon|on|off\u00bb _builder_version=\u00bb4.4.8&#8243; background_enable_color=\u00bboff\u00bb width=\u00bb100%\u00bb max_width=\u00bb100%\u00bb custom_padding=\u00bb0px||0px||false|false\u00bb][et_pb_row column_structure=\u00bb2_3,1_3&#8243; use_custom_gutter=\u00bbon\u00bb gutter_width=\u00bb1&#8243; make_equal=\u00bbon\u00bb _builder_version=\u00bb4.6.0&#8243; custom_margin=\u00bb||0%||false|false\u00bb custom_padding=\u00bb0px||1%||false|false\u00bb][et_pb_column type=\u00bb2_3&#8243; _builder_version=\u00bb4.6.0&#8243; background_image=\u00bbhttps:\/\/urbe.com.ar\/revista\/wp-content\/uploads\/2020\/08\/o-carbajal-720.jpg\u00bb][\/et_pb_column][et_pb_column type=\u00bb1_3&#8243; _builder_version=\u00bb4.4.8&#8243; background_enable_image=\u00bboff\u00bb][et_pb_image src=\u00bbhttps:\/\/urbe.com.ar\/revista\/wp-content\/uploads\/2020\/07\/logo-nota-cuadrado.jpg\u00bb url=\u00bbhttps:\/\/urbe.com.ar\/revista\/\u00bb _builder_version=\u00bb4.4.8&#8243; custom_margin=\u00bb|||3%|false|false\u00bb][\/et_pb_image][\/et_pb_column][\/et_pb_row][\/et_pb_section][et_pb_section fb_built=\u00bb1&#8243; disabled_on=\u00bboff|off|on\u00bb _builder_version=\u00bb4.4.8&#8243; background_enable_color=\u00bboff\u00bb width=\u00bb100%\u00bb max_width=\u00bb100%\u00bb custom_padding=\u00bb0px||0px||false|false\u00bb][et_pb_row use_custom_gutter=\u00bbon\u00bb gutter_width=\u00bb1&#8243; make_equal=\u00bbon\u00bb _builder_version=\u00bb4.4.8&#8243; custom_margin=\u00bb||0%||false|false\u00bb custom_padding=\u00bb0px||1%||false|false\u00bb][et_pb_column type=\u00bb4_4&#8243; _builder_version=\u00bb4.4.8&#8243; background_enable_image=\u00bboff\u00bb][et_pb_image src=\u00bbhttps:\/\/urbe.com.ar\/revista\/wp-content\/uploads\/2020\/08\/o-carbajal-612.jpg\u00bb align=\u00bbcenter\u00bb _builder_version=\u00bb4.6.0&#8243; background_enable_image=\u00bboff\u00bb][\/et_pb_image][\/et_pb_column][\/et_pb_row][\/et_pb_section][et_pb_section fb_built=\u00bb1&#8243; use_custom_gutter=\u00bbon\u00bb specialty=\u00bbon\u00bb padding_top_bottom_link_1=\u00bbfalse\u00bb padding_top_bottom_link_2=\u00bbfalse\u00bb padding_left_right_link_1=\u00bbfalse\u00bb padding_left_right_link_2=\u00bbfalse\u00bb padding_left_2=\u00bb1%\u00bb _builder_version=\u00bb4.4.8&#8243; custom_padding=\u00bb0px||0px|||\u00bb][et_pb_column type=\u00bb2_3&#8243; specialty_columns=\u00bb2&#8243; _builder_version=\u00bb3.25&#8243; custom_padding=\u00bb|||\u00bb custom_padding__hover=\u00bb|||\u00bb][et_pb_row_inner _builder_version=\u00bb4.4.8&#8243; custom_padding=\u00bb0px||0px|||\u00bb][et_pb_column_inner saved_specialty_column_type=\u00bb2_3&#8243; _builder_version=\u00bb4.4.8&#8243;][et_pb_text _builder_version=\u00bb4.4.8&#8243; text_text_color=\u00bb#ffffff\u00bb header_text_color=\u00bb#ffffff\u00bb background_image=\u00bbhttps:\/\/urbe.com.ar\/revista\/wp-content\/uploads\/2020\/08\/barra-opiniones.jpg\u00bb text_orientation=\u00bbcenter\u00bb]<h1>Opini\u00f3n<\/h1>[\/et_pb_text][\/et_pb_column_inner][\/et_pb_row_inner][et_pb_row_inner _builder_version=\u00bb4.4.8&#8243; background_color=\u00bb#ffffff\u00bb custom_padding=\u00bb0px||0px|||\u00bb][et_pb_column_inner saved_specialty_column_type=\u00bb2_3&#8243; _builder_version=\u00bb4.4.8&#8243;][et_pb_text _builder_version=\u00bb4.6.0&#8243; header_text_align=\u00bbcenter\u00bb header_text_color=\u00bb#009fad\u00bb header_font_size=\u00bb26px\u00bb custom_margin=\u00bb3%|5%|3%|5%|true|true\u00bb custom_padding=\u00bb|10%||10%|false|true\u00bb]<h1>DNU 690: LOS DESAF\u00cdOS DEL POS MACRISMO EN MATERIA DE COMUNICACI\u00d3N<\/h1>[\/et_pb_text][et_pb_text _builder_version=\u00bb4.6.0&#8243; text_font=\u00bb||||||||\u00bb text_text_color=\u00bb#009fad\u00bb text_font_size=\u00bb18px\u00bb header_text_align=\u00bbcenter\u00bb header_font_size=\u00bb35px\u00bb text_orientation=\u00bbjustified\u00bb custom_margin=\u00bb0.3%|5%|4%|5%|false|true\u00bb]<p>Por <b>Gonzalo Carbajal<\/b>*\n30\/08\/2020<\/p>[\/et_pb_text][et_pb_image src=\u00bbhttps:\/\/urbe.com.ar\/revista\/wp-content\/uploads\/2020\/07\/separador-opinion.png\u00bb _builder_version=\u00bb4.4.8&#8243;][\/et_pb_image][\/et_pb_column_inner][\/et_pb_row_inner][et_pb_row_inner column_structure=\u00bb1_2,1_2&#8243; use_custom_gutter=\u00bbon\u00bb gutter_width=\u00bb1&#8243; make_equal=\u00bbon\u00bb disabled_on=\u00bbon|on|on\u00bb _builder_version=\u00bb4.4.8&#8243; background_color=\u00bb#ffffff\u00bb custom_margin=\u00bb||||false|false\u00bb custom_padding=\u00bb0px||0px|0%|false|false\u00bb disabled=\u00bbon\u00bb][et_pb_column_inner type=\u00bb1_2&#8243; saved_specialty_column_type=\u00bb2_3&#8243; _builder_version=\u00bb4.4.8&#8243; background_color=\u00bb#ffffff\u00bb custom_css_main_element=\u00bbwidth: 60% !important;\u00bb][et_pb_audio audio=\u00bbhttps:\/\/urbe.com.ar\/revista\/wp-content\/uploads\/2020\/07\/10.-For-No-One.mp3&#8243; _builder_version=\u00bb4.4.8&#8243; caption_text_color=\u00bb#ffffff\u00bb background_color=\u00bb#00c5d7&#8243; custom_margin=\u00bb||||false|false\u00bb custom_padding=\u00bb||||false|false\u00bb border_color_all_image=\u00bb#ffffff\u00bb][\/et_pb_audio][\/et_pb_column_inner][et_pb_column_inner type=\u00bb1_2&#8243; saved_specialty_column_type=\u00bb2_3&#8243; _builder_version=\u00bb4.4.8&#8243; custom_css_main_element=\u00bb||width: 40% !important;||margin: auto;||display: flex;||flex-direction: column;||justify-content: center;\u00bb][et_pb_code _builder_version=\u00bb4.4.8&#8243; text_orientation=\u00bbcenter\u00bb module_alignment=\u00bbcenter\u00bb custom_margin=\u00bb2%||2%||true|false\u00bb custom_padding=\u00bb|20%||20%|false|true\u00bb]<div class=\"et_social_networks et_social_3col et_social_simple et_social_circle et_social_top et_social_nospace et_social_shortcode_0 et_social_mobile_on et_social_outer_dark\">\n\t\t\t\t\t<style type=\"text\/css\">.et_monarch .et_social_shortcode_0 li,.et_monarch .et_social_shortcode_0.et_social_circle ul li i.et_social_icon { background: #00c5d7; } .et_monarch .et_social_shortcode_0.et_social_rounded .et_social_icons_container li:hover, .et_monarch .et_social_shortcode_0.et_social_rectangle .et_social_icons_container li:hover, .et_monarch .et_social_shortcode_0.et_social_circle .et_social_icons_container li:hover i.et_social_icon { background: #ffffff !important; } .et_monarch .et_social_shortcode_0 .et_social_icon, .et_monarch .et_social_shortcode_0 .et_social_networks .et_social_network_label, .et_monarch .et_social_shortcode_0 .et_social_networkname, .et_monarch .et_social_shortcode_0 .et_social_count { color: #ffffff !important; } .et_monarch .et_social_shortcode_0 .et_social_icons_container li:hover .et_social_icon, .et_monarch .et_social_shortcode_0 .et_social_networks .et_social_icons_container li:hover .et_social_network_label, .et_monarch .et_social_shortcode_0 .et_social_icons_container li:hover .et_social_networkname, .et_monarch .et_social_rounded.et_social_shortcode_0 .et_social_icons_container li:hover .et_social_count, .et_monarch .et_social_rectangle.et_social_shortcode_0 .et_social_icons_container li:hover .et_social_count { color: #00c5d7 !important; }<\/style>\n\t\t\t\t\t\n\t\t\t\t\t<ul class=\"et_social_icons_container\"><li class=\"et_social_facebook\">\n\t\t\t\t\t\t<a href=\"#\" class=\"et_social_follow\" data-social_name=\"facebook\" data-social_type=\"follow\" data-post_id=\"0\" target=\"_blank\">\n\t\t\t\t\t\t\t<i class=\"et_social_icon et_social_icon_facebook\"><\/i>\n\t\t\t\t\t\t\t\n\t\t\t\t\t\t\t<span class=\"et_social_overlay\"><\/span>\n\t\t\t\t\t\t<\/a>\n\t\t\t\t\t<\/li><li class=\"et_social_twitter\">\n\t\t\t\t\t\t<a href=\"https:\/\/twitter.com\/Revistaurbe_?s=12\" class=\"et_social_follow\" data-social_name=\"twitter\" data-social_type=\"follow\" data-post_id=\"0\" target=\"_blank\">\n\t\t\t\t\t\t\t<i class=\"et_social_icon et_social_icon_twitter\"><\/i>\n\t\t\t\t\t\t\t\n\t\t\t\t\t\t\t<span class=\"et_social_overlay\"><\/span>\n\t\t\t\t\t\t<\/a>\n\t\t\t\t\t<\/li><li class=\"et_social_instagram\">\n\t\t\t\t\t\t<a href=\"https:\/\/www.instagram.com\/revistaurbe\/?igshid=osawef034cfi\" class=\"et_social_follow\" data-social_name=\"instagram\" data-social_type=\"follow\" data-post_id=\"0\" target=\"_blank\">\n\t\t\t\t\t\t\t<i class=\"et_social_icon et_social_icon_instagram\"><\/i>\n\t\t\t\t\t\t\t\n\t\t\t\t\t\t\t<span class=\"et_social_overlay\"><\/span>\n\t\t\t\t\t\t<\/a>\n\t\t\t\t\t<\/li><\/ul>\n\t\t\t\t<\/div>[\/et_pb_code][\/et_pb_column_inner][\/et_pb_row_inner][et_pb_row_inner disabled_on=\u00bbon|on|on\u00bb _builder_version=\u00bb4.4.8&#8243; custom_padding=\u00bb0px||0px|||\u00bb disabled=\u00bbon\u00bb][et_pb_column_inner saved_specialty_column_type=\u00bb2_3&#8243; _builder_version=\u00bb4.4.8&#8243;][et_pb_audio audio=\u00bbhttps:\/\/urbe.com.ar\/revista\/wp-content\/uploads\/2020\/07\/10.-For-No-One.mp3&#8243; _builder_version=\u00bb4.4.8&#8243; caption_text_color=\u00bb#ffffff\u00bb background_color=\u00bb#00c5d7&#8243; custom_margin=\u00bb||||false|false\u00bb custom_padding=\u00bb||||false|false\u00bb border_color_all_image=\u00bb#ffffff\u00bb][\/et_pb_audio][\/et_pb_column_inner][\/et_pb_row_inner][et_pb_row_inner _builder_version=\u00bb4.4.8&#8243; background_color=\u00bb#ffffff\u00bb custom_padding=\u00bb0px||3px|0px||\u00bb][et_pb_column_inner saved_specialty_column_type=\u00bb2_3&#8243; _builder_version=\u00bb4.4.8&#8243;][et_pb_text _builder_version=\u00bb4.6.0&#8243; text_font_size=\u00bb16px\u00bb text_orientation=\u00bbjustified\u00bb custom_margin=\u00bb3%|5%||5%|false|true\u00bb]<p>El macrismo, como buen cultor del neoliberalismo del siglo XXI, es al mismo tiempo consigna en positivo y acci\u00f3n destructiva. En materia de comunicaci\u00f3n el da\u00f1o fue proverbial. Sus medidas fueron precisas y decididas, con consecuencias profundas y persistentes: un sector mucho m\u00e1s concentrado, menos herramientas regulatorias y un Estado devastado en su capacidad de acci\u00f3n. La declaraci\u00f3n de servicio p\u00fablico para los servicios TIC que decret\u00f3 el Presidente repara algunos de esos da\u00f1os. Poner a la Argentina de pie en esta materia requerir\u00e1 mucho m\u00e1s que la letra de un decreto. Abro hilo.<\/p>\n<p>El DNU 690\/2020 repone cuestiones que la Ley Argentina Digital hab\u00eda establecido y Macri hab\u00eda eliminado al asumir: las telecomunicaciones vuelven a ser servicios p\u00fablicos en competencia. Para la telefon\u00eda m\u00f3vil hay algo novedoso, la declara servicio p\u00fablico y as\u00ed habilita al Estado a intervenir en las caracter\u00edsticas del servicio y en la fijaci\u00f3n de precios, entre otras cosas. Por ejemplo, con este Decreto congela sus precios hasta fin de a\u00f1o. Veamos el contexto en el que se dicta.\n<\/p>\n<p>Hace mucho tiempo que la conectividad se ha convertido en algo esencial para nuestra vida, tanto que la ONU declar\u00f3 al acceso a Internet como derecho humano y en 2014 la Ley Argentina Digital ya ten\u00eda como objetivo \u201cgarantizar el derecho humano a las comunicaciones y a las telecomunicaciones\u201d, y sigue vigente. Es que la conexi\u00f3n a Internet permite acceder a otras cosas, como por ejemplo a la educaci\u00f3n mientras no haya clases presenciales.<\/p>\n<p>La educaci\u00f3n tambi\u00e9n es un derecho humano y nuestro pa\u00eds se ha comprometido a garantizarla mediante una serie de tratados internacionales con rango constitucional; la Declaraci\u00f3n Universal de Derechos Humanos, la Declaraci\u00f3n Americana de los Derechos y Deberes del Hombre, la Convenci\u00f3n Americana sobre Derechos Humanos (Pacto de San Jos\u00e9 de Costa Rica), el Pacto Internacional de Derechos Econ\u00f3micos, Sociales y Culturales y la Convenci\u00f3n sobre los Derechos del Ni\u00f1o.<\/p>\n<p>D\u00edas atr\u00e1s Horacio Rodr\u00edguez Larreta explic\u00f3 que hab\u00edan detectado unos 6 mil chiques que no ten\u00edan acceso a Internet o dispositivos para conectarse, y plante\u00f3 que para resolverlo iban a abrir las escuelas para que all\u00ed pudieran conectarse. Resulta evidente que no hubo pol\u00edticas de acceso universal a la conectividad y a los dispositivos TIC en el distrito m\u00e1s rico de la Argentina.<\/p>\n<p>En lugar de \u00abiluminar\u00bb los barrios de menos acceso a la red con wifi gratuito a cargo del Estado (como ya hay en las plazas) y entregar dispositivos de acceso a Internet en esos hogares, Larreta prefiri\u00f3 arriesgar la salud de los mismos chiques y trabajadores de la educaci\u00f3n. Si solo se trataba de 6 mil, inclusive si fueran alrededor de 10 mil como afirman los sindicatos, la inversi\u00f3n para resolver su conectividad ser\u00eda menor en comparaci\u00f3n con lo que destina el gobierno de Larreta a otros menesteres menos estrat\u00e9gicos, como un bowling en el ex Tiro Federal o los maceteros. Un parche en lugar de una respuesta s\u00f3lida y permanente.\n<\/p>\n<p>El <a target=\"_blank\" href=\"https:\/\/www.buenosaires.gob.ar\/sarmientoba\" rel=\"noopener noreferrer\">Plan Sarmiento<\/a> se puso en marcha en la ciudad all\u00e1 por 2011. Se present\u00f3 como \u00abel camino hacia la innovaci\u00f3n en los procesos de ense\u00f1anza y aprendizaje\u00bb o \u00abel nuevo modelo de la sociedad digital\u00bb. Nueve a\u00f1os despu\u00e9s no logr\u00f3 la \u00abigualdad de oportunidades y posibilidades\u00bb que promet\u00eda. \u00bfHace falta recordar que Buenos Aires tiene solo 200 km2 y una poblaci\u00f3n que se mantiene relativamente estable a los largo de los a\u00f1os? \u201cBuenos Aires iba a ser Silicon Valley pero en cinco meses no pudieron conectar a 6.500 pibes\u201d reflexion\u00f3 picante un sindicalista docente.<\/p>\n<p>Para \u00abfavorecer la inclusi\u00f3n socio-educativa\u00bb, \u00abpromover la innovaci\u00f3n pedag\u00f3gica\u00bb y dar \u00abrespuesta a los cambios en la educaci\u00f3n que demandan la cultura y la comunicaci\u00f3n del siglo XXI\u00bb era que se hab\u00eda creado ese plan. Todas esas frases rimbombantes est\u00e1n tomadas de la propia presentaci\u00f3n del Plan Sarmiento y ahora lo m\u00e1s osado que se le ocurre a Horacio Rodr\u00edguez Larreta es transformar las escuelas en cibers. Sus pol\u00edticas atrasan una d\u00e9cada (y somos generosos), son una caricatura del Conectar Igualdad que fue cancelado por Macri.<\/p>\n<p>La pandemia, que oblig\u00f3 a suspender las clases presenciales y pasar a modalidad teletrabajo y educaci\u00f3n por Internet, dej\u00f3 a la vista la desigualdad existente. La infraestructura de las redes (cableadas e inal\u00e1mbricas) que dan Internet en esta ciudad est\u00e1n planificadas por las empresas para dar servicios a los barrios de mayor poder adquisitivo. En los barrios populares, donde hay menos clientes o d\u00f3nde estos tienen mayores dificultades para pagar, se invierte poco y nada. El compromiso del gobierno nacional es tambi\u00e9n operar r\u00e1pidamente sobre estas desigualdades. Lo que llamamos brecha digital, se expresa en una brecha educativa en estos tiempos: se deben educar todes, no solo quienes tienen compus e Internet. La negativa del ministerio de Educaci\u00f3n a convalidar un protocolo que consolidaba esa brecha es una buena noticia.<\/p>[\/et_pb_text][et_pb_text _builder_version=\u00bb4.6.0&#8243; text_font_size=\u00bb16px\u00bb text_orientation=\u00bbjustified\u00bb custom_margin=\u00bb3%|5%||5%|false|true\u00bb]<p><b>Concentraci\u00f3n y m\u00e1s concentraci\u00f3n<\/b><\/p>\n<p>Las empresas de celulares son tres, se reparten casi en partes iguales el mercado. Los privados que dan telefon\u00eda fija, Internet y televisi\u00f3n paga son unos cuantos. Unas pocas empresas grandes con muchos clientes y con situaciones casi monop\u00f3licas que se llevan la mejor parte y tambi\u00e9n pymes y muchas cooperativas extendidas a lo largo del pa\u00eds. Pero si consideramos a las que adem\u00e1s de eso dan telefon\u00eda celular nos queda una sola, es el conglomerado del Grupo Clar\u00edn que a trav\u00e9s de Telecom tiene el 42% del mercado de telefon\u00eda fija, el 34% del celular a trav\u00e9s de Personal, el 60% de las  conexiones de Internet de banda ancha con Fibertel y el 40% de los hogares con televisi\u00f3n paga con Cablevisi\u00f3n-Flow.<\/p>\n<p>Empresas que tienen modelos de negocio planificados para los m\u00e1s altos ingresos se han resistido sistem\u00e1ticamente a implementar abonos sociales. Las escuchamos reclamar seguridad jur\u00eddica y quejarse del \u00abintervencionismo estatal\u201d cada vez que un gobierno mueve una ficha para resolver problemas ciudadanos. Pero las empresas que prestan esos servicios no se ver\u00e1n perjudicadas por esta medida, es necesario que crezcan, tengan cada a\u00f1o m\u00e1s empleados, puedan pagar salarios justos y acordes con los convenios colectivos y reinviertan sus ganancias en el pa\u00eds.<\/p>\n<p>Hagamos un c\u00e1lculo sencillo \u00bfqu\u00e9 porci\u00f3n de los ingresos familiares se destina a esos servicios? Pensemos lo que cuesta un abono de un plan de telefon\u00eda celular y multipliqu\u00e9moslo por dos o por tres, ya que hay m\u00e1s de un celular por hogar. Ahora sum\u00e9mosle el cable, que aunque veamos poca tele o tengamos la TDA disponible, es necesario para ver el f\u00fatbol (que se paga aparte) o porque necesitamos la banda ancha de Internet (te la venden en paquete). Agreguemos un abono a Netflix o Spotify. Pongamos tambi\u00e9n los costos de las transacciones electr\u00f3nicas tipo mercado libre, el costo de las plataformas de delivery. Eso es lo m\u00ednimo que gasta por mes un hogar conectado. Quiz\u00e1 la pandemia nos acerque a la posibilidad de una <a href=\"https:\/\/www.academia.edu\/36492913\/CUADRUPLE_PLAY_Y_CONTENIDOS_AUDIOVISUALES_DESIGUALDAD_COMUNICACIONAL_Y_CANASTA_BASICA_INCREMENTADAS\" target=\"_blank\" rel=\"noopener noreferrer\">canasta b\u00e1sica de conectividad e informaci\u00f3n para asegurar el acceso a todos los habitantes<\/a>.<\/p>\n<p>As\u00ed como alguna vez hubo que legislar sobre los talles para que las empresas de vestimenta contemplen en sus medidas a las necesidades de las mayor\u00edas, para los servicios TIC es necesario que la oferta de servicios del sector est\u00e9 orientada a que la mayor\u00eda de las personas tenga posibilidad de acceder a ellos, y haya con planes con tarifa social para quienes lo necesiten. Para conseguirlo se requiere la intervenci\u00f3n regulatoria del Estado, que se habilita al declararlos servicios p\u00fablicos.\n<\/p>[\/et_pb_text][et_pb_text _builder_version=\u00bb4.6.0&#8243; text_font_size=\u00bb16px\u00bb text_orientation=\u00bbjustified\u00bb custom_margin=\u00bb3%|5%||5%|false|true\u00bb]<p><b>\u00bfQu\u00e9 otras herramientas debemos alinear para acercarnos al objetivo de poner las TIC al servicio del desarrollo humano y la libertad de expresi\u00f3n?\n<\/b><\/p>\n<p>El gobierno cuenta con ARSAT (una empresa de tecnolog\u00eda satelital y conectividad mayorista) para favorecer la baja de costos a los prestadores de servicios TIC minoristas: empresas privadas o cooperativas. Lo hace a trav\u00e9s de la inmensa red de fibra \u00f3ptica desplegada en la \u00faltima d\u00e9cada y de los sat\u00e9lites ARSAT 1 y 2. La puesta en \u00f3rbita de un tercer sat\u00e9lite de comunicaciones ampliar\u00e1 su capacidad de transportar im\u00e1genes y sonidos, de vincularnos entre nosotros y con el exterior.<\/p>\n<p>Contamos con una gran red de estaciones digitales que transmiten la televisi\u00f3n digital abierta y gratuita (TDA) que 8 de cada 10 argentinos pueden recibir. La inversi\u00f3n que el pueblo argentino hizo en este sistema resisti\u00f3 los cuatro a\u00f1os de Macri en que se la dej\u00f3 sin mantenimiento, hoy nos toca ampliar y completar su despliegue para sumar m\u00e1s estaciones y muchos m\u00e1s canales. Necesitamos que en todo el pa\u00eds los canales abiertos anal\u00f3gicos transmitan a su vez en digital.<\/p>\n<p>La autoridad regulatoria (Enacom) cuenta con el fondo de servicio universal para complementar las inversiones privadas all\u00ed donde el mercado no resuelve con equidad e inclusi\u00f3n. Ahora puede adem\u00e1s regular el precio de los servicios, exigir tarifas sociales y orientar las inversiones para asegurar conectividad a toda la poblaci\u00f3n mediante un plan nacional.<\/p>\n<p>Los servicios audiovisuales, ya sea que se reciban por aire, cable, sat\u00e9lite o mediante plataformas OTT como Netflix son uno de los soportes en que se transmite nuestra cultura. Hay una industria audiovisual, del entretenimiento, de la informaci\u00f3n, que necesita reactivarse y para ello es necesario que nos esforcemos en aumentar las posibilidades de que esos contenidos circulen por las pantallas y dispositivos, que sean vistos. La ciudad de Buenos Aires podr\u00eda poner su canal al aire en la TDA, por ejemplo, para que todos sus habitantes tengan posibilidad de verlo, no solo los que pagan el cable.<\/p>\n<p>El 28 de diciembre de 2015 Mauricio Macri mutil\u00f3 la Ley de Servicios de Comunicaci\u00f3n Audiovisual (26.522) y la Ley Argentina Digital (27.078) mediante el DNU 267\/15. En ese momento denunciamos el da\u00f1o que sobrevendr\u00eda porque habilitaba mayor concentraci\u00f3n, reduc\u00eda la capacidad del Estado para regular y establec\u00eda la preeminencia de los negocios sobre los servicios. Este decreto cambia rotundamente el sentido de las pol\u00edticas y mucho nos alegramos quienes luchamos por una comunicaci\u00f3n democr\u00e1tica. Tambi\u00e9n nos obliga a multiplicar esfuerzos para asegurar el desarrollo de una sociedad m\u00e1s igualitaria.<\/p>\n<p>En s\u00edntesis, casi sin hacer olas Alberto puso la pelota en el sector de la cancha donde hay que jugar, empezando por los que m\u00e1s lo necesitan, como se comprometi\u00f3. Y all\u00e1 vamos, como siempre lo hizo el peronismo, por una Argentina justa, libre y soberana.\n<\/p>\n<p><b>*Vicepresidente de Radio y Televisi\u00f3n Argentina S.E.<\/b><\/p>[\/et_pb_text][et_pb_image src=\u00bbhttps:\/\/urbe.com.ar\/revista\/wp-content\/uploads\/2020\/08\/fin-opiniones.png\u00bb _builder_version=\u00bb4.4.8&#8243; custom_margin=\u00bb5%||5%||true|false\u00bb][\/et_pb_image][\/et_pb_column_inner][\/et_pb_row_inner][\/et_pb_column][et_pb_column type=\u00bb1_3&#8243; _builder_version=\u00bb3.25&#8243; custom_padding=\u00bb|||\u00bb custom_padding__hover=\u00bb|||\u00bb][et_pb_blog fullwidth=\u00bboff\u00bb posts_number=\u00bb12&#8243; include_categories=\u00bb8,7,11,9,10&#8243; meta_date=\u00bbj M,Y\u00bb excerpt_length=\u00bb80&#8243; show_author=\u00bboff\u00bb show_categories=\u00bboff\u00bb show_pagination=\u00bboff\u00bb masonry_tile_background_color=\u00bb#83d9d8&#8243; disabled_on=\u00bbon|off|off\u00bb _builder_version=\u00bb4.6.0&#8243; header_text_color=\u00bb#FFFFFF\u00bb body_text_color=\u00bb#FFFFFF\u00bb meta_text_color=\u00bb#FFFFFF\u00bb read_more_text_color=\u00bb#FFFFFF\u00bb background_enable_color=\u00bboff\u00bb custom_margin=\u00bb-9%||1%||false|false\u00bb custom_margin_tablet=\u00bb0%||||false|false\u00bb custom_margin_phone=\u00bb\u00bb custom_margin_last_edited=\u00bbon|desktop\u00bb custom_padding=\u00bb||0px|||\u00bb header_text_shadow_style=\u00bbpreset3&#8243; header_text_shadow_color=\u00bb#000000&#8243; body_text_shadow_style=\u00bbpreset3&#8243; body_text_shadow_color=\u00bb#000000&#8243; meta_text_shadow_style=\u00bbpreset3&#8243; meta_text_shadow_color=\u00bb#000000&#8243; border_color_all_image=\u00bb#a4e3e9&#8243; border_width_top_image=\u00bb2px\u00bb text_shadow_style=\u00bbpreset3&#8243; text_shadow_blur_strength=\u00bb0.54em\u00bb text_shadow_color=\u00bb#000000&#8243;][\/et_pb_blog][et_pb_code _builder_version=\u00bb4.4.8&#8243;]<style><!-- [et_pb_line_break_holder] -->  .et_pb_post .et_pb_image_container{<!-- [et_pb_line_break_holder] -->    margin-bottom: -144px;<!-- [et_pb_line_break_holder] -->}<!-- [et_pb_line_break_holder] --><!-- [et_pb_line_break_holder] -->.et_pb_post .entry-title{<!-- [et_pb_line_break_holder] -->    position: relative;<!-- [et_pb_line_break_holder] -->    bottom: 40px;<!-- [et_pb_line_break_holder] -->    margin-bottom: -50px;<!-- [et_pb_line_break_holder] -->}<!-- [et_pb_line_break_holder] --><!-- [et_pb_line_break_holder] -->.et_pb_post .post-meta,.et_pb_post .post-content{<!-- [et_pb_line_break_holder] -->    position: relative;<!-- [et_pb_line_break_holder] -->    bottom: 0px;<!-- [et_pb_line_break_holder] -->}<\/style>[\/et_pb_code][\/et_pb_column][\/et_pb_section]\n","protected":false},"excerpt":{"rendered":"<p>Por Gonzalo Carbajal | El macrismo, como buen cultor del neoliberalismo del siglo XXI, es al mismo tiempo consigna en positivo y acci\u00f3n destructiva. En materia de comunicaci\u00f3n el da\u00f1o fue proverbial. Sus medidas fueron precisas y decididas, con consecuencias profundas y persistentes: un sector mucho m\u00e1s concentrado, menos herramientas regulatorias y un Estado devastado [&hellip;]<\/p>\n","protected":false},"author":2,"featured_media":2594,"comment_status":"closed","ping_status":"closed","sticky":false,"template":"","format":"standard","meta":{"_et_pb_use_builder":"on","_et_pb_old_content":"","_et_gb_content_width":"","_jetpack_memberships_contains_paid_content":false,"footnotes":""},"categories":[29],"tags":[],"class_list":["post-2581","post","type-post","status-publish","format-standard","has-post-thumbnail","hentry","category-politica"],"yoast_head":"<!-- This site is optimized with the Yoast SEO plugin v27.5 - https:\/\/yoast.com\/product\/yoast-seo-wordpress\/ -->\n<title>DNU 690: LOS DESAF\u00cdOS DEL POS MACRISMO EN MATERIA DE COMUNICACI\u00d3N - Revista Urbe<\/title>\n<meta name=\"robots\" content=\"index, follow, max-snippet:-1, max-image-preview:large, max-video-preview:-1\" \/>\n<link rel=\"canonical\" href=\"https:\/\/urbe.com.ar\/revista\/dnu-690-los-desafios-del-pos-macrismo-en-materia-de-comunicacion\/\" \/>\n<meta property=\"og:locale\" content=\"es_ES\" \/>\n<meta property=\"og:type\" content=\"article\" \/>\n<meta property=\"og:title\" content=\"DNU 690: LOS DESAF\u00cdOS DEL POS MACRISMO EN MATERIA DE COMUNICACI\u00d3N - Revista Urbe\" \/>\n<meta property=\"og:description\" content=\"Por Gonzalo Carbajal | El macrismo, como buen cultor del neoliberalismo del siglo XXI, es al mismo tiempo consigna en positivo y acci\u00f3n destructiva. En materia de comunicaci\u00f3n el da\u00f1o fue proverbial. Sus medidas fueron precisas y decididas, con consecuencias profundas y persistentes: un sector mucho m\u00e1s concentrado, menos herramientas regulatorias y un Estado devastado [&hellip;]\" \/>\n<meta property=\"og:url\" content=\"https:\/\/urbe.com.ar\/revista\/dnu-690-los-desafios-del-pos-macrismo-en-materia-de-comunicacion\/\" \/>\n<meta property=\"og:site_name\" content=\"Revista Urbe\" \/>\n<meta property=\"article:published_time\" content=\"2020-08-30T00:02:32+00:00\" \/>\n<meta property=\"article:modified_time\" content=\"2023-06-03T22:29:37+00:00\" \/>\n<meta property=\"og:image\" content=\"https:\/\/urbe.com.ar\/revista\/wp-content\/uploads\/2020\/08\/o-carbajal-612.jpg\" \/>\n\t<meta property=\"og:image:width\" content=\"612\" \/>\n\t<meta property=\"og:image:height\" content=\"551\" \/>\n\t<meta property=\"og:image:type\" content=\"image\/jpeg\" \/>\n<meta name=\"author\" content=\"Revista Urbe\" \/>\n<meta name=\"twitter:card\" content=\"summary_large_image\" \/>\n<meta name=\"twitter:creator\" content=\"@Revistaurbe_\" \/>\n<meta name=\"twitter:site\" content=\"@Revistaurbe_\" \/>\n<meta name=\"twitter:label1\" content=\"Escrito por\" \/>\n\t<meta name=\"twitter:data1\" content=\"Revista Urbe\" \/>\n\t<meta name=\"twitter:label2\" content=\"Tiempo de lectura\" \/>\n\t<meta name=\"twitter:data2\" content=\"15 minutos\" \/>\n<script type=\"application\/ld+json\" class=\"yoast-schema-graph\">{\"@context\":\"https:\\\/\\\/schema.org\",\"@graph\":[{\"@type\":\"Article\",\"@id\":\"https:\\\/\\\/urbe.com.ar\\\/revista\\\/dnu-690-los-desafios-del-pos-macrismo-en-materia-de-comunicacion\\\/#article\",\"isPartOf\":{\"@id\":\"https:\\\/\\\/urbe.com.ar\\\/revista\\\/dnu-690-los-desafios-del-pos-macrismo-en-materia-de-comunicacion\\\/\"},\"author\":{\"name\":\"Revista Urbe\",\"@id\":\"https:\\\/\\\/urbe.com.ar\\\/revista\\\/#\\\/schema\\\/person\\\/6eb3e83c215b12e07f3981b58fdaf67f\"},\"headline\":\"DNU 690: LOS DESAF\u00cdOS DEL POS MACRISMO EN MATERIA DE COMUNICACI\u00d3N\",\"datePublished\":\"2020-08-30T00:02:32+00:00\",\"dateModified\":\"2023-06-03T22:29:37+00:00\",\"mainEntityOfPage\":{\"@id\":\"https:\\\/\\\/urbe.com.ar\\\/revista\\\/dnu-690-los-desafios-del-pos-macrismo-en-materia-de-comunicacion\\\/\"},\"wordCount\":2984,\"image\":{\"@id\":\"https:\\\/\\\/urbe.com.ar\\\/revista\\\/dnu-690-los-desafios-del-pos-macrismo-en-materia-de-comunicacion\\\/#primaryimage\"},\"thumbnailUrl\":\"https:\\\/\\\/i0.wp.com\\\/urbe.com.ar\\\/revista\\\/wp-content\\\/uploads\\\/2020\\\/08\\\/o-carbajal-612.jpg?fit=612%2C551&ssl=1\",\"articleSection\":[\"POL\u00cdTICA\"],\"inLanguage\":\"es\"},{\"@type\":\"WebPage\",\"@id\":\"https:\\\/\\\/urbe.com.ar\\\/revista\\\/dnu-690-los-desafios-del-pos-macrismo-en-materia-de-comunicacion\\\/\",\"url\":\"https:\\\/\\\/urbe.com.ar\\\/revista\\\/dnu-690-los-desafios-del-pos-macrismo-en-materia-de-comunicacion\\\/\",\"name\":\"DNU 690: LOS DESAF\u00cdOS DEL POS MACRISMO EN MATERIA DE COMUNICACI\u00d3N - Revista Urbe\",\"isPartOf\":{\"@id\":\"https:\\\/\\\/urbe.com.ar\\\/revista\\\/#website\"},\"primaryImageOfPage\":{\"@id\":\"https:\\\/\\\/urbe.com.ar\\\/revista\\\/dnu-690-los-desafios-del-pos-macrismo-en-materia-de-comunicacion\\\/#primaryimage\"},\"image\":{\"@id\":\"https:\\\/\\\/urbe.com.ar\\\/revista\\\/dnu-690-los-desafios-del-pos-macrismo-en-materia-de-comunicacion\\\/#primaryimage\"},\"thumbnailUrl\":\"https:\\\/\\\/i0.wp.com\\\/urbe.com.ar\\\/revista\\\/wp-content\\\/uploads\\\/2020\\\/08\\\/o-carbajal-612.jpg?fit=612%2C551&ssl=1\",\"datePublished\":\"2020-08-30T00:02:32+00:00\",\"dateModified\":\"2023-06-03T22:29:37+00:00\",\"author\":{\"@id\":\"https:\\\/\\\/urbe.com.ar\\\/revista\\\/#\\\/schema\\\/person\\\/6eb3e83c215b12e07f3981b58fdaf67f\"},\"breadcrumb\":{\"@id\":\"https:\\\/\\\/urbe.com.ar\\\/revista\\\/dnu-690-los-desafios-del-pos-macrismo-en-materia-de-comunicacion\\\/#breadcrumb\"},\"inLanguage\":\"es\",\"potentialAction\":[{\"@type\":\"ReadAction\",\"target\":[\"https:\\\/\\\/urbe.com.ar\\\/revista\\\/dnu-690-los-desafios-del-pos-macrismo-en-materia-de-comunicacion\\\/\"]}]},{\"@type\":\"ImageObject\",\"inLanguage\":\"es\",\"@id\":\"https:\\\/\\\/urbe.com.ar\\\/revista\\\/dnu-690-los-desafios-del-pos-macrismo-en-materia-de-comunicacion\\\/#primaryimage\",\"url\":\"https:\\\/\\\/i0.wp.com\\\/urbe.com.ar\\\/revista\\\/wp-content\\\/uploads\\\/2020\\\/08\\\/o-carbajal-612.jpg?fit=612%2C551&ssl=1\",\"contentUrl\":\"https:\\\/\\\/i0.wp.com\\\/urbe.com.ar\\\/revista\\\/wp-content\\\/uploads\\\/2020\\\/08\\\/o-carbajal-612.jpg?fit=612%2C551&ssl=1\",\"width\":612,\"height\":551},{\"@type\":\"BreadcrumbList\",\"@id\":\"https:\\\/\\\/urbe.com.ar\\\/revista\\\/dnu-690-los-desafios-del-pos-macrismo-en-materia-de-comunicacion\\\/#breadcrumb\",\"itemListElement\":[{\"@type\":\"ListItem\",\"position\":1,\"name\":\"Portada\",\"item\":\"https:\\\/\\\/urbe.com.ar\\\/revista\\\/\"},{\"@type\":\"ListItem\",\"position\":2,\"name\":\"DNU 690: LOS DESAF\u00cdOS DEL POS MACRISMO EN MATERIA DE COMUNICACI\u00d3N\"}]},{\"@type\":\"WebSite\",\"@id\":\"https:\\\/\\\/urbe.com.ar\\\/revista\\\/#website\",\"url\":\"https:\\\/\\\/urbe.com.ar\\\/revista\\\/\",\"name\":\"Revista Urbe\",\"description\":\"\",\"potentialAction\":[{\"@type\":\"SearchAction\",\"target\":{\"@type\":\"EntryPoint\",\"urlTemplate\":\"https:\\\/\\\/urbe.com.ar\\\/revista\\\/?s={search_term_string}\"},\"query-input\":{\"@type\":\"PropertyValueSpecification\",\"valueRequired\":true,\"valueName\":\"search_term_string\"}}],\"inLanguage\":\"es\"},{\"@type\":\"Person\",\"@id\":\"https:\\\/\\\/urbe.com.ar\\\/revista\\\/#\\\/schema\\\/person\\\/6eb3e83c215b12e07f3981b58fdaf67f\",\"name\":\"Revista Urbe\",\"image\":{\"@type\":\"ImageObject\",\"inLanguage\":\"es\",\"@id\":\"https:\\\/\\\/secure.gravatar.com\\\/avatar\\\/72b666e32a633c73c1c87ac7208dfbba855299e1caed438da06924072c6b6b78?s=96&d=mm&r=g\",\"url\":\"https:\\\/\\\/secure.gravatar.com\\\/avatar\\\/72b666e32a633c73c1c87ac7208dfbba855299e1caed438da06924072c6b6b78?s=96&d=mm&r=g\",\"contentUrl\":\"https:\\\/\\\/secure.gravatar.com\\\/avatar\\\/72b666e32a633c73c1c87ac7208dfbba855299e1caed438da06924072c6b6b78?s=96&d=mm&r=g\",\"caption\":\"Revista Urbe\"},\"url\":\"https:\\\/\\\/urbe.com.ar\\\/revista\\\/author\\\/c1321401\\\/\"}]}<\/script>\n<!-- \/ Yoast SEO plugin. -->","yoast_head_json":{"title":"DNU 690: LOS DESAF\u00cdOS DEL POS MACRISMO EN MATERIA DE COMUNICACI\u00d3N - Revista Urbe","robots":{"index":"index","follow":"follow","max-snippet":"max-snippet:-1","max-image-preview":"max-image-preview:large","max-video-preview":"max-video-preview:-1"},"canonical":"https:\/\/urbe.com.ar\/revista\/dnu-690-los-desafios-del-pos-macrismo-en-materia-de-comunicacion\/","og_locale":"es_ES","og_type":"article","og_title":"DNU 690: LOS DESAF\u00cdOS DEL POS MACRISMO EN MATERIA DE COMUNICACI\u00d3N - Revista Urbe","og_description":"Por Gonzalo Carbajal | El macrismo, como buen cultor del neoliberalismo del siglo XXI, es al mismo tiempo consigna en positivo y acci\u00f3n destructiva. En materia de comunicaci\u00f3n el da\u00f1o fue proverbial. Sus medidas fueron precisas y decididas, con consecuencias profundas y persistentes: un sector mucho m\u00e1s concentrado, menos herramientas regulatorias y un Estado devastado [&hellip;]","og_url":"https:\/\/urbe.com.ar\/revista\/dnu-690-los-desafios-del-pos-macrismo-en-materia-de-comunicacion\/","og_site_name":"Revista Urbe","article_published_time":"2020-08-30T00:02:32+00:00","article_modified_time":"2023-06-03T22:29:37+00:00","og_image":[{"width":612,"height":551,"url":"https:\/\/urbe.com.ar\/revista\/wp-content\/uploads\/2020\/08\/o-carbajal-612.jpg","type":"image\/jpeg"}],"author":"Revista Urbe","twitter_card":"summary_large_image","twitter_creator":"@Revistaurbe_","twitter_site":"@Revistaurbe_","twitter_misc":{"Escrito por":"Revista Urbe","Tiempo de lectura":"15 minutos"},"schema":{"@context":"https:\/\/schema.org","@graph":[{"@type":"Article","@id":"https:\/\/urbe.com.ar\/revista\/dnu-690-los-desafios-del-pos-macrismo-en-materia-de-comunicacion\/#article","isPartOf":{"@id":"https:\/\/urbe.com.ar\/revista\/dnu-690-los-desafios-del-pos-macrismo-en-materia-de-comunicacion\/"},"author":{"name":"Revista Urbe","@id":"https:\/\/urbe.com.ar\/revista\/#\/schema\/person\/6eb3e83c215b12e07f3981b58fdaf67f"},"headline":"DNU 690: LOS DESAF\u00cdOS DEL POS MACRISMO EN MATERIA DE COMUNICACI\u00d3N","datePublished":"2020-08-30T00:02:32+00:00","dateModified":"2023-06-03T22:29:37+00:00","mainEntityOfPage":{"@id":"https:\/\/urbe.com.ar\/revista\/dnu-690-los-desafios-del-pos-macrismo-en-materia-de-comunicacion\/"},"wordCount":2984,"image":{"@id":"https:\/\/urbe.com.ar\/revista\/dnu-690-los-desafios-del-pos-macrismo-en-materia-de-comunicacion\/#primaryimage"},"thumbnailUrl":"https:\/\/i0.wp.com\/urbe.com.ar\/revista\/wp-content\/uploads\/2020\/08\/o-carbajal-612.jpg?fit=612%2C551&ssl=1","articleSection":["POL\u00cdTICA"],"inLanguage":"es"},{"@type":"WebPage","@id":"https:\/\/urbe.com.ar\/revista\/dnu-690-los-desafios-del-pos-macrismo-en-materia-de-comunicacion\/","url":"https:\/\/urbe.com.ar\/revista\/dnu-690-los-desafios-del-pos-macrismo-en-materia-de-comunicacion\/","name":"DNU 690: LOS DESAF\u00cdOS DEL POS MACRISMO EN MATERIA DE COMUNICACI\u00d3N - Revista Urbe","isPartOf":{"@id":"https:\/\/urbe.com.ar\/revista\/#website"},"primaryImageOfPage":{"@id":"https:\/\/urbe.com.ar\/revista\/dnu-690-los-desafios-del-pos-macrismo-en-materia-de-comunicacion\/#primaryimage"},"image":{"@id":"https:\/\/urbe.com.ar\/revista\/dnu-690-los-desafios-del-pos-macrismo-en-materia-de-comunicacion\/#primaryimage"},"thumbnailUrl":"https:\/\/i0.wp.com\/urbe.com.ar\/revista\/wp-content\/uploads\/2020\/08\/o-carbajal-612.jpg?fit=612%2C551&ssl=1","datePublished":"2020-08-30T00:02:32+00:00","dateModified":"2023-06-03T22:29:37+00:00","author":{"@id":"https:\/\/urbe.com.ar\/revista\/#\/schema\/person\/6eb3e83c215b12e07f3981b58fdaf67f"},"breadcrumb":{"@id":"https:\/\/urbe.com.ar\/revista\/dnu-690-los-desafios-del-pos-macrismo-en-materia-de-comunicacion\/#breadcrumb"},"inLanguage":"es","potentialAction":[{"@type":"ReadAction","target":["https:\/\/urbe.com.ar\/revista\/dnu-690-los-desafios-del-pos-macrismo-en-materia-de-comunicacion\/"]}]},{"@type":"ImageObject","inLanguage":"es","@id":"https:\/\/urbe.com.ar\/revista\/dnu-690-los-desafios-del-pos-macrismo-en-materia-de-comunicacion\/#primaryimage","url":"https:\/\/i0.wp.com\/urbe.com.ar\/revista\/wp-content\/uploads\/2020\/08\/o-carbajal-612.jpg?fit=612%2C551&ssl=1","contentUrl":"https:\/\/i0.wp.com\/urbe.com.ar\/revista\/wp-content\/uploads\/2020\/08\/o-carbajal-612.jpg?fit=612%2C551&ssl=1","width":612,"height":551},{"@type":"BreadcrumbList","@id":"https:\/\/urbe.com.ar\/revista\/dnu-690-los-desafios-del-pos-macrismo-en-materia-de-comunicacion\/#breadcrumb","itemListElement":[{"@type":"ListItem","position":1,"name":"Portada","item":"https:\/\/urbe.com.ar\/revista\/"},{"@type":"ListItem","position":2,"name":"DNU 690: LOS DESAF\u00cdOS DEL POS MACRISMO EN MATERIA DE COMUNICACI\u00d3N"}]},{"@type":"WebSite","@id":"https:\/\/urbe.com.ar\/revista\/#website","url":"https:\/\/urbe.com.ar\/revista\/","name":"Revista Urbe","description":"","potentialAction":[{"@type":"SearchAction","target":{"@type":"EntryPoint","urlTemplate":"https:\/\/urbe.com.ar\/revista\/?s={search_term_string}"},"query-input":{"@type":"PropertyValueSpecification","valueRequired":true,"valueName":"search_term_string"}}],"inLanguage":"es"},{"@type":"Person","@id":"https:\/\/urbe.com.ar\/revista\/#\/schema\/person\/6eb3e83c215b12e07f3981b58fdaf67f","name":"Revista Urbe","image":{"@type":"ImageObject","inLanguage":"es","@id":"https:\/\/secure.gravatar.com\/avatar\/72b666e32a633c73c1c87ac7208dfbba855299e1caed438da06924072c6b6b78?s=96&d=mm&r=g","url":"https:\/\/secure.gravatar.com\/avatar\/72b666e32a633c73c1c87ac7208dfbba855299e1caed438da06924072c6b6b78?s=96&d=mm&r=g","contentUrl":"https:\/\/secure.gravatar.com\/avatar\/72b666e32a633c73c1c87ac7208dfbba855299e1caed438da06924072c6b6b78?s=96&d=mm&r=g","caption":"Revista Urbe"},"url":"https:\/\/urbe.com.ar\/revista\/author\/c1321401\/"}]}},"jetpack_featured_media_url":"https:\/\/i0.wp.com\/urbe.com.ar\/revista\/wp-content\/uploads\/2020\/08\/o-carbajal-612.jpg?fit=612%2C551&ssl=1","jetpack_sharing_enabled":true,"_links":{"self":[{"href":"https:\/\/urbe.com.ar\/revista\/wp-json\/wp\/v2\/posts\/2581","targetHints":{"allow":["GET"]}}],"collection":[{"href":"https:\/\/urbe.com.ar\/revista\/wp-json\/wp\/v2\/posts"}],"about":[{"href":"https:\/\/urbe.com.ar\/revista\/wp-json\/wp\/v2\/types\/post"}],"author":[{"embeddable":true,"href":"https:\/\/urbe.com.ar\/revista\/wp-json\/wp\/v2\/users\/2"}],"replies":[{"embeddable":true,"href":"https:\/\/urbe.com.ar\/revista\/wp-json\/wp\/v2\/comments?post=2581"}],"version-history":[{"count":10,"href":"https:\/\/urbe.com.ar\/revista\/wp-json\/wp\/v2\/posts\/2581\/revisions"}],"predecessor-version":[{"id":3708,"href":"https:\/\/urbe.com.ar\/revista\/wp-json\/wp\/v2\/posts\/2581\/revisions\/3708"}],"wp:featuredmedia":[{"embeddable":true,"href":"https:\/\/urbe.com.ar\/revista\/wp-json\/wp\/v2\/media\/2594"}],"wp:attachment":[{"href":"https:\/\/urbe.com.ar\/revista\/wp-json\/wp\/v2\/media?parent=2581"}],"wp:term":[{"taxonomy":"category","embeddable":true,"href":"https:\/\/urbe.com.ar\/revista\/wp-json\/wp\/v2\/categories?post=2581"},{"taxonomy":"post_tag","embeddable":true,"href":"https:\/\/urbe.com.ar\/revista\/wp-json\/wp\/v2\/tags?post=2581"}],"curies":[{"name":"wp","href":"https:\/\/api.w.org\/{rel}","templated":true}]}}