{"id":2574,"date":"2020-08-30T00:03:21","date_gmt":"2020-08-30T00:03:21","guid":{"rendered":"https:\/\/urbe.com.ar\/revista\/?p=2574"},"modified":"2023-07-21T18:50:58","modified_gmt":"2023-07-21T18:50:58","slug":"las-presas-del-panoptico-obstetrico","status":"publish","type":"post","link":"https:\/\/urbe.com.ar\/revista\/las-presas-del-panoptico-obstetrico\/","title":{"rendered":"LAS PRESAS DEL PAN\u00d3PTICO OBST\u00c9TRICO"},"content":{"rendered":"<p>[et_pb_section fb_built=\u00bb1&#8243; disabled_on=\u00bbon|on|on\u00bb _builder_version=\u00bb4.4.8&#8243; disabled=\u00bbon\u00bb][et_pb_row _builder_version=\u00bb4.4.8&#8243;][et_pb_column type=\u00bb4_4&#8243; _builder_version=\u00bb4.4.8&#8243;][et_pb_text disabled_on=\u00bbon|on|on\u00bb _builder_version=\u00bb4.6.0&#8243; disabled=\u00bbon\u00bb]<\/p>\n<p>Por Natalia Saralegui Ferrante | Una tarde, despu\u00e9s de retirar a su hija de la escuela, unos polic\u00edas frenaron a Faustina y le dijeron que los acompa\u00f1e a la comisar\u00eda porque ten\u00edan que sacarle sangre por una investigaci\u00f3n de un homicidio. Era para comparar su ADN, le explicaron. A ese suceso, Faustina lo denomin\u00f3 \u201clo de los hombres\u201d. Despu\u00e9s, Faustina habl\u00f3 con su hermana, su hermana habl\u00f3 con una amiga que habl\u00f3 con una conocida y as\u00ed lleg\u00f3 a una abogada. Porque lo que todas le dijeron fue eso: \u201cFaustina, necesitas un abogado\u201d. Entonces, al d\u00eda siguiente de \u201clo de los hombres\u201d, Faustina fue a verla\n<\/p>\n<p>[\/et_pb_text][\/et_pb_column][\/et_pb_row][\/et_pb_section][et_pb_section fb_built=\u00bb1&#8243; disabled_on=\u00bbon|on|off\u00bb _builder_version=\u00bb4.4.8&#8243; background_enable_color=\u00bboff\u00bb width=\u00bb100%\u00bb max_width=\u00bb100%\u00bb custom_padding=\u00bb0px||0px||false|false\u00bb][et_pb_row column_structure=\u00bb2_3,1_3&#8243; use_custom_gutter=\u00bbon\u00bb gutter_width=\u00bb1&#8243; make_equal=\u00bbon\u00bb _builder_version=\u00bb4.6.0&#8243; custom_margin=\u00bb||0%||false|false\u00bb custom_padding=\u00bb0px||1%||false|false\u00bb][et_pb_column type=\u00bb2_3&#8243; _builder_version=\u00bb4.6.0&#8243; background_image=\u00bbhttps:\/\/urbe.com.ar\/revista\/wp-content\/uploads\/2020\/08\/f-presas-720.jpg\u00bb][\/et_pb_column][et_pb_column type=\u00bb1_3&#8243; _builder_version=\u00bb4.4.8&#8243; background_enable_image=\u00bboff\u00bb][et_pb_image src=\u00bbhttps:\/\/urbe.com.ar\/revista\/wp-content\/uploads\/2020\/07\/logo-nota-cuadrado.jpg\u00bb url=\u00bbhttps:\/\/urbe.com.ar\/revista\/\u00bb _builder_version=\u00bb4.4.8&#8243; custom_margin=\u00bb|||3%|false|false\u00bb][\/et_pb_image][\/et_pb_column][\/et_pb_row][\/et_pb_section][et_pb_section fb_built=\u00bb1&#8243; disabled_on=\u00bboff|off|on\u00bb _builder_version=\u00bb4.4.8&#8243; background_enable_color=\u00bboff\u00bb width=\u00bb100%\u00bb width_tablet=\u00bb\u00bb width_phone=\u00bb100%\u00bb width_last_edited=\u00bbon|phone\u00bb max_width=\u00bb100%\u00bb custom_padding=\u00bb0px||0px||false|false\u00bb][et_pb_row use_custom_gutter=\u00bbon\u00bb gutter_width=\u00bb1&#8243; make_equal=\u00bbon\u00bb disabled_on=\u00bboff|off|on\u00bb _builder_version=\u00bb4.6.0&#8243; custom_margin=\u00bb||0%||false|false\u00bb custom_padding=\u00bb0px||1%||false|false\u00bb][et_pb_column type=\u00bb4_4&#8243; _builder_version=\u00bb4.6.0&#8243; background_enable_image=\u00bboff\u00bb][et_pb_image src=\u00bbhttps:\/\/urbe.com.ar\/revista\/wp-content\/uploads\/2020\/08\/f-presas-720.jpg\u00bb title_text=\u00bblogo-nota-cuadrado\u00bb url=\u00bbhttps:\/\/urbe.com.ar\/revista\/\u00bb _builder_version=\u00bb4.6.0&#8243; custom_margin=\u00bb|||3%|false|false\u00bb][\/et_pb_image][\/et_pb_column][\/et_pb_row][\/et_pb_section][et_pb_section fb_built=\u00bb1&#8243; use_custom_gutter=\u00bbon\u00bb specialty=\u00bbon\u00bb padding_top_bottom_link_1=\u00bbfalse\u00bb padding_top_bottom_link_2=\u00bbfalse\u00bb padding_left_right_link_1=\u00bbfalse\u00bb padding_left_right_link_2=\u00bbfalse\u00bb padding_left_2=\u00bb1%\u00bb _builder_version=\u00bb4.4.8&#8243; custom_padding=\u00bb0px||0px|||\u00bb][et_pb_column type=\u00bb2_3&#8243; specialty_columns=\u00bb2&#8243; _builder_version=\u00bb3.25&#8243; custom_padding=\u00bb|||\u00bb custom_padding__hover=\u00bb|||\u00bb][et_pb_row_inner _builder_version=\u00bb4.4.8&#8243; background_color=\u00bb#ffffff\u00bb custom_padding=\u00bb0px||3px|0px||\u00bb][et_pb_column_inner saved_specialty_column_type=\u00bb2_3&#8243; _builder_version=\u00bb4.4.8&#8243;][et_pb_text _builder_version=\u00bb4.9.4&#8243; text_text_color=\u00bb#ffffff\u00bb header_text_color=\u00bb#ffffff\u00bb background_image=\u00bbhttps:\/\/urbe.com.ar\/revista\/wp-content\/uploads\/2020\/07\/barra-urbe.jpg\u00bb text_orientation=\u00bbcenter\u00bb locked=\u00bboff\u00bb]<\/p>\n<h1>URBE<\/h1>\n<p>[\/et_pb_text][et_pb_text _builder_version=\u00bb4.6.0&#8243; header_text_align=\u00bbcenter\u00bb header_text_color=\u00bb#009fad\u00bb custom_margin=\u00bb3%|5%|3%|5%|true|true\u00bb custom_padding=\u00bb|10%||10%|false|true\u00bb header_font_size_tablet=\u00bb\u00bb header_font_size_phone=\u00bb30px\u00bb header_font_size_last_edited=\u00bbon|tablet\u00bb]<\/p>\n<h1>LAS PRESAS DEL PAN\u00d3PTICO OBST\u00c9TRICO<\/h1>\n<p>[\/et_pb_text][et_pb_text _builder_version=\u00bb4.6.0&#8243; text_text_color=\u00bb#008f9b\u00bb text_font_size=\u00bb16px\u00bb text_orientation=\u00bbjustified\u00bb custom_margin=\u00bb|5%||5%|false|true\u00bb]<\/p>\n<p>Por <b>Natalia Saralegui Ferrante<\/b>,  narrado por <b>Sol Arri<\/b>.<\/p>\n<p>[\/et_pb_text][et_pb_text _builder_version=\u00bb4.6.0&#8243; text_text_color=\u00bb#008f9b\u00bb text_font_size=\u00bb16px\u00bb text_orientation=\u00bbjustified\u00bb custom_margin=\u00bb|5%||5%|false|true\u00bb]<\/p>\n<p>30\/08\/2020<\/p>\n<p>[\/et_pb_text][\/et_pb_column_inner][\/et_pb_row_inner][et_pb_row_inner column_structure=\u00bb1_2,1_2&#8243; use_custom_gutter=\u00bbon\u00bb gutter_width=\u00bb1&#8243; make_equal=\u00bbon\u00bb disabled_on=\u00bbon|off|off\u00bb _builder_version=\u00bb4.4.8&#8243; background_color=\u00bb#ffffff\u00bb custom_margin=\u00bb||||false|false\u00bb custom_padding=\u00bb0px||0px|0%|false|false\u00bb][et_pb_column_inner type=\u00bb1_2&#8243; saved_specialty_column_type=\u00bb2_3&#8243; _builder_version=\u00bb4.4.8&#8243; background_color=\u00bb#ffffff\u00bb custom_css_main_element=\u00bbwidth: 60% !important;\u00bb][et_pb_audio audio=\u00bbhttps:\/\/urbe.com.ar\/revista\/wp-content\/uploads\/2020\/08\/audio-nota-saralegui2.mp3&#8243; _builder_version=\u00bb4.6.0&#8243; caption_text_color=\u00bb#ffffff\u00bb background_color=\u00bb#00c5d7&#8243; custom_margin=\u00bb||||false|false\u00bb custom_padding=\u00bb||||false|false\u00bb border_color_all_image=\u00bb#ffffff\u00bb][\/et_pb_audio][\/et_pb_column_inner][et_pb_column_inner type=\u00bb1_2&#8243; saved_specialty_column_type=\u00bb2_3&#8243; _builder_version=\u00bb4.4.8&#8243; custom_css_main_element=\u00bb||width: 40% !important;||margin: auto;||display: flex;||flex-direction: column;||justify-content: center;\u00bb][et_pb_code _builder_version=\u00bb4.4.8&#8243; text_orientation=\u00bbcenter\u00bb module_alignment=\u00bbcenter\u00bb custom_margin=\u00bb2%||2%||true|false\u00bb custom_padding=\u00bb|20%||20%|false|true\u00bb]<div class=\"et_social_networks et_social_3col et_social_simple et_social_circle et_social_top et_social_nospace et_social_shortcode_0 et_social_mobile_on et_social_outer_dark\">\n\t\t\t\t\t<style type=\"text\/css\">.et_monarch .et_social_shortcode_0 li,.et_monarch .et_social_shortcode_0.et_social_circle ul li i.et_social_icon { background: #00c5d7; } .et_monarch .et_social_shortcode_0.et_social_rounded .et_social_icons_container li:hover, .et_monarch .et_social_shortcode_0.et_social_rectangle .et_social_icons_container li:hover, .et_monarch .et_social_shortcode_0.et_social_circle .et_social_icons_container li:hover i.et_social_icon { background: #ffffff !important; } .et_monarch .et_social_shortcode_0 .et_social_icon, .et_monarch .et_social_shortcode_0 .et_social_networks .et_social_network_label, .et_monarch .et_social_shortcode_0 .et_social_networkname, .et_monarch .et_social_shortcode_0 .et_social_count { color: #ffffff !important; } .et_monarch .et_social_shortcode_0 .et_social_icons_container li:hover .et_social_icon, .et_monarch .et_social_shortcode_0 .et_social_networks .et_social_icons_container li:hover .et_social_network_label, .et_monarch .et_social_shortcode_0 .et_social_icons_container li:hover .et_social_networkname, .et_monarch .et_social_rounded.et_social_shortcode_0 .et_social_icons_container li:hover .et_social_count, .et_monarch .et_social_rectangle.et_social_shortcode_0 .et_social_icons_container li:hover .et_social_count { color: #00c5d7 !important; }<\/style>\n\t\t\t\t\t\n\t\t\t\t\t<ul class=\"et_social_icons_container\"><li class=\"et_social_facebook\">\n\t\t\t\t\t\t<a href=\"#\" class=\"et_social_follow\" data-social_name=\"facebook\" data-social_type=\"follow\" data-post_id=\"0\" target=\"_blank\">\n\t\t\t\t\t\t\t<i class=\"et_social_icon et_social_icon_facebook\"><\/i>\n\t\t\t\t\t\t\t\n\t\t\t\t\t\t\t<span class=\"et_social_overlay\"><\/span>\n\t\t\t\t\t\t<\/a>\n\t\t\t\t\t<\/li><li class=\"et_social_twitter\">\n\t\t\t\t\t\t<a href=\"https:\/\/twitter.com\/Revistaurbe_?s=12\" class=\"et_social_follow\" data-social_name=\"twitter\" data-social_type=\"follow\" data-post_id=\"0\" target=\"_blank\">\n\t\t\t\t\t\t\t<i class=\"et_social_icon et_social_icon_twitter\"><\/i>\n\t\t\t\t\t\t\t\n\t\t\t\t\t\t\t<span class=\"et_social_overlay\"><\/span>\n\t\t\t\t\t\t<\/a>\n\t\t\t\t\t<\/li><li class=\"et_social_instagram\">\n\t\t\t\t\t\t<a href=\"https:\/\/www.instagram.com\/revistaurbe\/?igshid=osawef034cfi\" class=\"et_social_follow\" data-social_name=\"instagram\" data-social_type=\"follow\" data-post_id=\"0\" target=\"_blank\">\n\t\t\t\t\t\t\t<i class=\"et_social_icon et_social_icon_instagram\"><\/i>\n\t\t\t\t\t\t\t\n\t\t\t\t\t\t\t<span class=\"et_social_overlay\"><\/span>\n\t\t\t\t\t\t<\/a>\n\t\t\t\t\t<\/li><\/ul>\n\t\t\t\t<\/div>[\/et_pb_code][\/et_pb_column_inner][\/et_pb_row_inner][et_pb_row_inner _builder_version=\u00bb4.4.8&#8243; background_color=\u00bb#ffffff\u00bb custom_padding=\u00bb0px||3px|0px||\u00bb][et_pb_column_inner saved_specialty_column_type=\u00bb2_3&#8243; _builder_version=\u00bb4.4.8&#8243;][et_pb_audio audio=\u00bbhttps:\/\/urbe.com.ar\/revista\/wp-content\/uploads\/2020\/08\/audio-nota-saralegui2.mp3&#8243; disabled_on=\u00bboff|on|on\u00bb _builder_version=\u00bb4.6.0&#8243; caption_text_color=\u00bb#ffffff\u00bb background_color=\u00bb#00c5d7&#8243; custom_margin=\u00bb||||false|false\u00bb custom_padding=\u00bb||||false|false\u00bb border_color_all_image=\u00bb#ffffff\u00bb][\/et_pb_audio][et_pb_text _builder_version=\u00bb4.6.0&#8243; text_font_size=\u00bb16px\u00bb text_orientation=\u00bbjustified\u00bb custom_margin=\u00bb3%|5%||5%|false|true\u00bb]<\/p>\n<p>Una tarde, despu\u00e9s de retirar a su hija de la escuela, unos polic\u00edas frenaron a Faustina y le dijeron que los acompa\u00f1e a la comisar\u00eda porque ten\u00edan que sacarle sangre por una investigaci\u00f3n de un homicidio. Era para comparar su ADN, le explicaron. A ese suceso, Faustina lo denomin\u00f3 \u201clo de los hombres\u201d. Despu\u00e9s, Faustina habl\u00f3 con su hermana, su hermana habl\u00f3 con una amiga que habl\u00f3 con una conocida y as\u00ed lleg\u00f3 a una abogada. Porque lo que todas le dijeron fue eso: \u201cFaustina, necesitas un abogado\u201d. Entonces, al d\u00eda siguiente de \u201clo de los hombres\u201d, Faustina fue a verla.\n<\/p>\n<p> &#8211; La \u00fanica opci\u00f3n es que te vayas del pa\u00eds. Te ten\u00e9s que fugar, diez a\u00f1os. Consigan plata, junten todo ya, porque te va a ir a buscar la polic\u00eda. Te van a dar veinticinco a\u00f1os por homicidio.\n<\/p>\n<p>El homicidio del que acusaban a Faustina era, en realidad, un aborto espont\u00e1neo de cinco meses de gestaci\u00f3n al que la justicia de la provincia de Buenos Aires le pareci\u00f3 decirle \u201chomicidio\u201d. Como una traducci\u00f3n ilegal y cruel del mote \u201cmata beb\u00e9\u201d, imputaron a Faustina por un evento obst\u00e9trico que ella jam\u00e1s tuvo al alcance disponer ni controlar. El pan\u00f3ptico obst\u00e9trico judicial que persigui\u00f3 a Faustina hace lo mismo con tantas otras, pobres en su inmensa mayor\u00eda. La criminalizaci\u00f3n se vale de tipos legales inventados o creativamente reinterpretados contra mujeres que, por distintos motivos, ven interrumpidos sus embarazos. De esta manera, con acusaciones por \u201chomicidio agravado por el v\u00ednculo\u201d los poderes judiciales provinciales, de norte a sur de nuestro pa\u00eds, contin\u00faan persiguiendo a mujeres por su capacidad de gestar. O de interrumpir esas gestaciones.<\/p>\n<p>La historia de Faustina no es la \u00fanica. Es tambi\u00e9n la historia de Rosal\u00eda Reyes, una trabajadora precarizada de un frigor\u00edfico cercano a la localidad de Bah\u00eda Blanca, que pari\u00f3 en soledad, se desmay\u00f3 y cuando despert\u00f3 vio a su beb\u00e9 muerto. Por no haber evitado la muerte de ese beb\u00e9, Rosal\u00eda fue condenada el pasado 19 de febrero a la pena de 8 a\u00f1os de prisi\u00f3n, por el delito de homicidio calificado por el v\u00ednculo. Ese mismo 19 de febrero que en Capital Federal miles agit\u00e1bamos nuestros pa\u00f1uelos verdes frente al Congreso Nacional diciendo \u201cva a ser ley\u201d.<\/p>\n<p>Por acontecimientos similares, en el mes de mayo de este a\u00f1o, en la provincia de Corrientes, Mar\u00eda tambi\u00e9n fue condenada por un evento obst\u00e9trico. Pero como la justicia penal siempre puede ser m\u00e1s cruel, su pena fue la de prisi\u00f3n perpetua. Perpetua. Como a los genocidas. Perpetua. Como a los femicidas. De hecho, por la misma calificaci\u00f3n legal que a los femicidas: homicidio agravado por el v\u00ednculo. Art\u00edculo 80 inciso 1 del C\u00f3digo Penal.\n<\/p>\n<p> &#8211; S\u00f3lo recuerdo que tuve un parto con mucha sangre \u2013 declar\u00f3 en el juicio. &#8211; Me desmay\u00e9 y no recuerdo m\u00e1s nada. Me despert\u00e9 en el hospital.<\/p>\n<p>Entre ese parto que la tom\u00f3 por sorpresa y el momento en el cual se despert\u00f3 en el hospital, Mar\u00eda perdi\u00f3 aproximadamente dos litros de sangre. Si la sangre circulando en el cuerpo de una mujer de la contextura de Mar\u00eda es de entre 4 y 5 litros, ella en ese momento hab\u00eda perdido la mitad de toda la sangre de su cuerpo. De todas formas, para la justicia correntina Mar\u00eda deber\u00eda haber hecho algo que no hizo. Tampoco en la condena explican en qu\u00e9 consist\u00edan esos cuidados que Mar\u00eda omiti\u00f3. Pero como el beb\u00e9 result\u00f3 muerto, Mar\u00eda debe pagar una condena de por vida. Una decisi\u00f3n que tomaron tres jueces de un tribunal oral y que confirmaron otros tantos jueces \u2013todos ellos varones- del Superior Tribunal de Justicia de la provincia.<\/p>\n<p>Faustina, Rosal\u00eda, Mar\u00eda no son las protagonistas de historias extra\u00f1as, raras, de laboratorio. M\u00e1s bien lo contrario: son representativas de un grupo mucho m\u00e1s grande del que nos imaginamos. Decenas como Bel\u00e9n se multiplican en todo el territorio nacional, an\u00f3nimas pero actuales, urgentes. Desde ese lado de las rejas llegan ellas y del otro lado llegamos todes nosotres a este agosto, en un nuevo aniversario de la madrugada en la cual un pu\u00f1ado de senadores y senadoras decidieron mantener cautivos los cuerpos de las personas gestantes. De esa manera perpetuaron lo que Judith Butler denomin\u00f3 con justeza como una reiteraci\u00f3n performativa del poder del Estado sobre los cuerpos de las personas embarazadas. Un ritual de poder que impone, hasta el d\u00eda de hoy, abortos clandestinos y embazados forzados. Mientras tanto, las presas del pan\u00f3ptico obst\u00e9trico cumplen sus condenas, m\u00e1s all\u00e1 de los discursos de quienes argumentaron en el debate parlamentario de 2018 que no, que ellas no exist\u00edan, que nadie estaba presa por este tipo de cosas, que las muertas por aborto eran demasiado pocas como para detenernos en sus vidas.\n<\/p>\n<p>***<\/p>\n<p>Faustina, despu\u00e9s de escuchar lo que le dijo la abogada, pens\u00f3 en irse. Dejar todo atr\u00e1s. Pero ten\u00eda hijes y ella era su \u00fanico sustento. Tampoco ten\u00eda los recursos para darse a la fuga. Unos d\u00edas despu\u00e9s lleg\u00f3 la polic\u00eda a su casa.<\/p>\n<p> &#8211; A las cuatro de la tarde tocan la puerta. Un allanamiento en mi casa, que me ven\u00edan a buscar a m\u00ed. Buscan testigos de la calle. Me llevan presa.<\/p>\n<p>La historia de Faustina termina con ella presa, condenada a ocho a\u00f1os de prisi\u00f3n y muerta en la c\u00e1rcel por la falta de asistencia m\u00e9dica. Vale decir que Faustina no se llamaba Faustina. Ella no quer\u00eda que se asocie su nombre con este vericueto de su historia y por eso Faustina es un nombre inventado por m\u00ed, desde la comodidad de mis privilegios frente a la pantalla. Privilegios que van desde ser blanca hasta tener un salario, pastillas anticonceptivas e incluso a anticoncepci\u00f3n oral de emergencia. Pero tambi\u00e9n de tener el privilegio de contar con el contacto de las compa\u00f1eras socorristas en el tel\u00e9fono, por si el m\u00e9todo anticonceptivo falla.<\/p>\n<p>Contra los pron\u00f3sticos \u2013y pronosticadores- que dicen que el aborto legal no es parte de la agenda urgente, presento estas historias. Porque necesitamos que el 2020 sea el a\u00f1o del aborto legal, seguro y gratuito. Mientras este derecho se mantenga en la ilegalidad, quienes avanzan son aquellos que atrasan el reloj de los derechos de las personas gestantes. Para muestra basta el restrictivo e inconstitucional protocolo para abortos no punibles promulgado por el Jefe de Gobierno de la Ciudad Aut\u00f3noma de Buenos Aires, Horacio Rodriguez Larreta. O la declaraci\u00f3n de la localidad salte\u00f1a de Or\u00e1n como municipio \u201cpro vida\u201d, en contra de los derechos ya consagrados para quienes cursan sus embarazos y est\u00e1n en condiciones de interrumpirlos de forma legal. Por ellas, por las presas del pan\u00f3ptico obst\u00e9trico, por todes nosotres, el deseo de tantas es que este agosto sea el \u00faltimo de una \u00e9poca en la que la gestaci\u00f3n implica, en algunos cuerpos, un castigo.\n<\/p>\n<p>[\/et_pb_text][et_pb_image src=\u00bbhttps:\/\/urbe.com.ar\/revista\/wp-content\/uploads\/2020\/07\/fin-urbe.png\u00bb title_text=\u00bbfin-feminismos\u00bb _builder_version=\u00bb4.9.4&#8243; custom_margin=\u00bb5%||5%||true|false\u00bb hover_enabled=\u00bb0&#8243; sticky_enabled=\u00bb0&#8243;][\/et_pb_image][\/et_pb_column_inner][\/et_pb_row_inner][\/et_pb_column][et_pb_column type=\u00bb1_3&#8243; _builder_version=\u00bb3.25&#8243; custom_padding=\u00bb|||\u00bb custom_padding__hover=\u00bb|||\u00bb][et_pb_blog fullwidth=\u00bboff\u00bb include_categories=\u00bb7,9,11,8,10&#8243; meta_date=\u00bbj M,Y\u00bb excerpt_length=\u00bb80&#8243; show_author=\u00bboff\u00bb show_categories=\u00bboff\u00bb show_pagination=\u00bboff\u00bb masonry_tile_background_color=\u00bb#83d9d8&#8243; disabled_on=\u00bbon|off|off\u00bb _builder_version=\u00bb4.9.4&#8243; header_text_color=\u00bb#FFFFFF\u00bb body_text_color=\u00bb#FFFFFF\u00bb meta_text_color=\u00bb#FFFFFF\u00bb read_more_text_color=\u00bb#FFFFFF\u00bb background_enable_color=\u00bboff\u00bb custom_margin=\u00bb-9%||1%||false|false\u00bb custom_margin_tablet=\u00bb0%||||false|false\u00bb custom_margin_phone=\u00bb\u00bb custom_margin_last_edited=\u00bbon|phone\u00bb custom_padding=\u00bb||0px|||\u00bb hover_enabled=\u00bb0&#8243; header_text_shadow_style=\u00bbpreset3&#8243; header_text_shadow_color=\u00bb#000000&#8243; body_text_shadow_style=\u00bbpreset3&#8243; body_text_shadow_color=\u00bb#000000&#8243; meta_text_shadow_style=\u00bbpreset3&#8243; meta_text_shadow_color=\u00bb#000000&#8243; border_color_all_image=\u00bb#a4e3e9&#8243; border_width_top_image=\u00bb2px\u00bb text_shadow_style=\u00bbpreset3&#8243; text_shadow_blur_strength=\u00bb0.54em\u00bb text_shadow_color=\u00bb#000000&#8243; sticky_enabled=\u00bb0&#8243;][\/et_pb_blog][et_pb_code _builder_version=\u00bb4.4.8&#8243;]<\/p>\n<style><!-- [et_pb_line_break_holder] -->  .et_pb_post .et_pb_image_container{<!-- [et_pb_line_break_holder] -->    background-color: rgba(0,0,0,0.6);<!-- [et_pb_line_break_holder] -->    margin-bottom: -144px;<!-- [et_pb_line_break_holder] -->}<!-- [et_pb_line_break_holder] --><!-- [et_pb_line_break_holder] -->.et_pb_post .entry-title{<!-- [et_pb_line_break_holder] -->    position: relative;<!-- [et_pb_line_break_holder] -->    bottom: 40px;<!-- [et_pb_line_break_holder] -->    margin-bottom: -50px;<!-- [et_pb_line_break_holder] -->}<!-- [et_pb_line_break_holder] --><!-- [et_pb_line_break_holder] -->.et_pb_post .post-meta,.et_pb_post .post-content{<!-- [et_pb_line_break_holder] -->    position: relative;<!-- [et_pb_line_break_holder] -->    bottom: 0px;<!-- [et_pb_line_break_holder] -->}<\/style>\n<p>[\/et_pb_code][\/et_pb_column][\/et_pb_section]<\/p>\n","protected":false},"excerpt":{"rendered":"<p>Por Natalia Saralegui Ferrante | Una tarde, despu\u00e9s de retirar a su hija de la escuela, unos polic\u00edas frenaron a Faustina y le dijeron que los acompa\u00f1e a la comisar\u00eda porque ten\u00edan que sacarle sangre por una investigaci\u00f3n de un homicidio. Era para comparar su ADN, le explicaron. A ese suceso, Faustina lo denomin\u00f3 \u201clo [&hellip;]<\/p>\n","protected":false},"author":2,"featured_media":2598,"comment_status":"open","ping_status":"open","sticky":false,"template":"","format":"standard","meta":{"_et_pb_use_builder":"on","_et_pb_old_content":"","_et_gb_content_width":"","_jetpack_memberships_contains_paid_content":false,"footnotes":""},"categories":[8],"tags":[],"class_list":["post-2574","post","type-post","status-publish","format-standard","has-post-thumbnail","hentry","category-feminismo"],"yoast_head":"<!-- This site is optimized with the Yoast SEO plugin v27.5 - https:\/\/yoast.com\/product\/yoast-seo-wordpress\/ -->\n<title>LAS PRESAS DEL PAN\u00d3PTICO OBST\u00c9TRICO - Revista Urbe<\/title>\n<meta name=\"robots\" content=\"index, follow, max-snippet:-1, max-image-preview:large, max-video-preview:-1\" \/>\n<link rel=\"canonical\" href=\"https:\/\/urbe.com.ar\/revista\/las-presas-del-panoptico-obstetrico\/\" \/>\n<meta property=\"og:locale\" content=\"es_ES\" \/>\n<meta property=\"og:type\" content=\"article\" \/>\n<meta property=\"og:title\" content=\"LAS PRESAS DEL PAN\u00d3PTICO OBST\u00c9TRICO - Revista Urbe\" \/>\n<meta property=\"og:description\" content=\"Por Natalia Saralegui Ferrante | Una tarde, despu\u00e9s de retirar a su hija de la escuela, unos polic\u00edas frenaron a Faustina y le dijeron que los acompa\u00f1e a la comisar\u00eda porque ten\u00edan que sacarle sangre por una investigaci\u00f3n de un homicidio. Era para comparar su ADN, le explicaron. A ese suceso, Faustina lo denomin\u00f3 \u201clo [&hellip;]\" \/>\n<meta property=\"og:url\" content=\"https:\/\/urbe.com.ar\/revista\/las-presas-del-panoptico-obstetrico\/\" \/>\n<meta property=\"og:site_name\" content=\"Revista Urbe\" \/>\n<meta property=\"article:published_time\" content=\"2020-08-30T00:03:21+00:00\" \/>\n<meta property=\"article:modified_time\" content=\"2023-07-21T18:50:58+00:00\" \/>\n<meta property=\"og:image\" content=\"https:\/\/urbe.com.ar\/revista\/wp-content\/uploads\/2020\/08\/f-presas-612.jpg\" \/>\n\t<meta property=\"og:image:width\" content=\"612\" \/>\n\t<meta property=\"og:image:height\" content=\"551\" \/>\n\t<meta property=\"og:image:type\" content=\"image\/jpeg\" \/>\n<meta name=\"author\" content=\"Revista Urbe\" \/>\n<meta name=\"twitter:card\" content=\"summary_large_image\" \/>\n<meta name=\"twitter:creator\" content=\"@Revistaurbe_\" \/>\n<meta name=\"twitter:site\" content=\"@Revistaurbe_\" \/>\n<meta name=\"twitter:label1\" content=\"Escrito por\" \/>\n\t<meta name=\"twitter:data1\" content=\"Revista Urbe\" \/>\n\t<meta name=\"twitter:label2\" content=\"Tiempo de lectura\" \/>\n\t<meta name=\"twitter:data2\" content=\"12 minutos\" \/>\n<script type=\"application\/ld+json\" class=\"yoast-schema-graph\">{\"@context\":\"https:\\\/\\\/schema.org\",\"@graph\":[{\"@type\":\"Article\",\"@id\":\"https:\\\/\\\/urbe.com.ar\\\/revista\\\/las-presas-del-panoptico-obstetrico\\\/#article\",\"isPartOf\":{\"@id\":\"https:\\\/\\\/urbe.com.ar\\\/revista\\\/las-presas-del-panoptico-obstetrico\\\/\"},\"author\":{\"name\":\"Revista Urbe\",\"@id\":\"https:\\\/\\\/urbe.com.ar\\\/revista\\\/#\\\/schema\\\/person\\\/6eb3e83c215b12e07f3981b58fdaf67f\"},\"headline\":\"LAS PRESAS DEL PAN\u00d3PTICO OBST\u00c9TRICO\",\"datePublished\":\"2020-08-30T00:03:21+00:00\",\"dateModified\":\"2023-07-21T18:50:58+00:00\",\"mainEntityOfPage\":{\"@id\":\"https:\\\/\\\/urbe.com.ar\\\/revista\\\/las-presas-del-panoptico-obstetrico\\\/\"},\"wordCount\":2313,\"commentCount\":0,\"image\":{\"@id\":\"https:\\\/\\\/urbe.com.ar\\\/revista\\\/las-presas-del-panoptico-obstetrico\\\/#primaryimage\"},\"thumbnailUrl\":\"https:\\\/\\\/i0.wp.com\\\/urbe.com.ar\\\/revista\\\/wp-content\\\/uploads\\\/2020\\\/08\\\/f-presas-612.jpg?fit=612%2C551&ssl=1\",\"articleSection\":[\"FEMINISMO\"],\"inLanguage\":\"es\",\"potentialAction\":[{\"@type\":\"CommentAction\",\"name\":\"Comment\",\"target\":[\"https:\\\/\\\/urbe.com.ar\\\/revista\\\/las-presas-del-panoptico-obstetrico\\\/#respond\"]}]},{\"@type\":\"WebPage\",\"@id\":\"https:\\\/\\\/urbe.com.ar\\\/revista\\\/las-presas-del-panoptico-obstetrico\\\/\",\"url\":\"https:\\\/\\\/urbe.com.ar\\\/revista\\\/las-presas-del-panoptico-obstetrico\\\/\",\"name\":\"LAS PRESAS DEL PAN\u00d3PTICO OBST\u00c9TRICO - Revista Urbe\",\"isPartOf\":{\"@id\":\"https:\\\/\\\/urbe.com.ar\\\/revista\\\/#website\"},\"primaryImageOfPage\":{\"@id\":\"https:\\\/\\\/urbe.com.ar\\\/revista\\\/las-presas-del-panoptico-obstetrico\\\/#primaryimage\"},\"image\":{\"@id\":\"https:\\\/\\\/urbe.com.ar\\\/revista\\\/las-presas-del-panoptico-obstetrico\\\/#primaryimage\"},\"thumbnailUrl\":\"https:\\\/\\\/i0.wp.com\\\/urbe.com.ar\\\/revista\\\/wp-content\\\/uploads\\\/2020\\\/08\\\/f-presas-612.jpg?fit=612%2C551&ssl=1\",\"datePublished\":\"2020-08-30T00:03:21+00:00\",\"dateModified\":\"2023-07-21T18:50:58+00:00\",\"author\":{\"@id\":\"https:\\\/\\\/urbe.com.ar\\\/revista\\\/#\\\/schema\\\/person\\\/6eb3e83c215b12e07f3981b58fdaf67f\"},\"breadcrumb\":{\"@id\":\"https:\\\/\\\/urbe.com.ar\\\/revista\\\/las-presas-del-panoptico-obstetrico\\\/#breadcrumb\"},\"inLanguage\":\"es\",\"potentialAction\":[{\"@type\":\"ReadAction\",\"target\":[\"https:\\\/\\\/urbe.com.ar\\\/revista\\\/las-presas-del-panoptico-obstetrico\\\/\"]}]},{\"@type\":\"ImageObject\",\"inLanguage\":\"es\",\"@id\":\"https:\\\/\\\/urbe.com.ar\\\/revista\\\/las-presas-del-panoptico-obstetrico\\\/#primaryimage\",\"url\":\"https:\\\/\\\/i0.wp.com\\\/urbe.com.ar\\\/revista\\\/wp-content\\\/uploads\\\/2020\\\/08\\\/f-presas-612.jpg?fit=612%2C551&ssl=1\",\"contentUrl\":\"https:\\\/\\\/i0.wp.com\\\/urbe.com.ar\\\/revista\\\/wp-content\\\/uploads\\\/2020\\\/08\\\/f-presas-612.jpg?fit=612%2C551&ssl=1\",\"width\":612,\"height\":551},{\"@type\":\"BreadcrumbList\",\"@id\":\"https:\\\/\\\/urbe.com.ar\\\/revista\\\/las-presas-del-panoptico-obstetrico\\\/#breadcrumb\",\"itemListElement\":[{\"@type\":\"ListItem\",\"position\":1,\"name\":\"Portada\",\"item\":\"https:\\\/\\\/urbe.com.ar\\\/revista\\\/\"},{\"@type\":\"ListItem\",\"position\":2,\"name\":\"LAS PRESAS DEL PAN\u00d3PTICO OBST\u00c9TRICO\"}]},{\"@type\":\"WebSite\",\"@id\":\"https:\\\/\\\/urbe.com.ar\\\/revista\\\/#website\",\"url\":\"https:\\\/\\\/urbe.com.ar\\\/revista\\\/\",\"name\":\"Revista Urbe\",\"description\":\"\",\"potentialAction\":[{\"@type\":\"SearchAction\",\"target\":{\"@type\":\"EntryPoint\",\"urlTemplate\":\"https:\\\/\\\/urbe.com.ar\\\/revista\\\/?s={search_term_string}\"},\"query-input\":{\"@type\":\"PropertyValueSpecification\",\"valueRequired\":true,\"valueName\":\"search_term_string\"}}],\"inLanguage\":\"es\"},{\"@type\":\"Person\",\"@id\":\"https:\\\/\\\/urbe.com.ar\\\/revista\\\/#\\\/schema\\\/person\\\/6eb3e83c215b12e07f3981b58fdaf67f\",\"name\":\"Revista Urbe\",\"image\":{\"@type\":\"ImageObject\",\"inLanguage\":\"es\",\"@id\":\"https:\\\/\\\/secure.gravatar.com\\\/avatar\\\/72b666e32a633c73c1c87ac7208dfbba855299e1caed438da06924072c6b6b78?s=96&d=mm&r=g\",\"url\":\"https:\\\/\\\/secure.gravatar.com\\\/avatar\\\/72b666e32a633c73c1c87ac7208dfbba855299e1caed438da06924072c6b6b78?s=96&d=mm&r=g\",\"contentUrl\":\"https:\\\/\\\/secure.gravatar.com\\\/avatar\\\/72b666e32a633c73c1c87ac7208dfbba855299e1caed438da06924072c6b6b78?s=96&d=mm&r=g\",\"caption\":\"Revista Urbe\"},\"url\":\"https:\\\/\\\/urbe.com.ar\\\/revista\\\/author\\\/c1321401\\\/\"}]}<\/script>\n<!-- \/ Yoast SEO plugin. -->","yoast_head_json":{"title":"LAS PRESAS DEL PAN\u00d3PTICO OBST\u00c9TRICO - Revista Urbe","robots":{"index":"index","follow":"follow","max-snippet":"max-snippet:-1","max-image-preview":"max-image-preview:large","max-video-preview":"max-video-preview:-1"},"canonical":"https:\/\/urbe.com.ar\/revista\/las-presas-del-panoptico-obstetrico\/","og_locale":"es_ES","og_type":"article","og_title":"LAS PRESAS DEL PAN\u00d3PTICO OBST\u00c9TRICO - Revista Urbe","og_description":"Por Natalia Saralegui Ferrante | Una tarde, despu\u00e9s de retirar a su hija de la escuela, unos polic\u00edas frenaron a Faustina y le dijeron que los acompa\u00f1e a la comisar\u00eda porque ten\u00edan que sacarle sangre por una investigaci\u00f3n de un homicidio. Era para comparar su ADN, le explicaron. A ese suceso, Faustina lo denomin\u00f3 \u201clo [&hellip;]","og_url":"https:\/\/urbe.com.ar\/revista\/las-presas-del-panoptico-obstetrico\/","og_site_name":"Revista Urbe","article_published_time":"2020-08-30T00:03:21+00:00","article_modified_time":"2023-07-21T18:50:58+00:00","og_image":[{"width":612,"height":551,"url":"https:\/\/urbe.com.ar\/revista\/wp-content\/uploads\/2020\/08\/f-presas-612.jpg","type":"image\/jpeg"}],"author":"Revista Urbe","twitter_card":"summary_large_image","twitter_creator":"@Revistaurbe_","twitter_site":"@Revistaurbe_","twitter_misc":{"Escrito por":"Revista Urbe","Tiempo de lectura":"12 minutos"},"schema":{"@context":"https:\/\/schema.org","@graph":[{"@type":"Article","@id":"https:\/\/urbe.com.ar\/revista\/las-presas-del-panoptico-obstetrico\/#article","isPartOf":{"@id":"https:\/\/urbe.com.ar\/revista\/las-presas-del-panoptico-obstetrico\/"},"author":{"name":"Revista Urbe","@id":"https:\/\/urbe.com.ar\/revista\/#\/schema\/person\/6eb3e83c215b12e07f3981b58fdaf67f"},"headline":"LAS PRESAS DEL PAN\u00d3PTICO OBST\u00c9TRICO","datePublished":"2020-08-30T00:03:21+00:00","dateModified":"2023-07-21T18:50:58+00:00","mainEntityOfPage":{"@id":"https:\/\/urbe.com.ar\/revista\/las-presas-del-panoptico-obstetrico\/"},"wordCount":2313,"commentCount":0,"image":{"@id":"https:\/\/urbe.com.ar\/revista\/las-presas-del-panoptico-obstetrico\/#primaryimage"},"thumbnailUrl":"https:\/\/i0.wp.com\/urbe.com.ar\/revista\/wp-content\/uploads\/2020\/08\/f-presas-612.jpg?fit=612%2C551&ssl=1","articleSection":["FEMINISMO"],"inLanguage":"es","potentialAction":[{"@type":"CommentAction","name":"Comment","target":["https:\/\/urbe.com.ar\/revista\/las-presas-del-panoptico-obstetrico\/#respond"]}]},{"@type":"WebPage","@id":"https:\/\/urbe.com.ar\/revista\/las-presas-del-panoptico-obstetrico\/","url":"https:\/\/urbe.com.ar\/revista\/las-presas-del-panoptico-obstetrico\/","name":"LAS PRESAS DEL PAN\u00d3PTICO OBST\u00c9TRICO - Revista Urbe","isPartOf":{"@id":"https:\/\/urbe.com.ar\/revista\/#website"},"primaryImageOfPage":{"@id":"https:\/\/urbe.com.ar\/revista\/las-presas-del-panoptico-obstetrico\/#primaryimage"},"image":{"@id":"https:\/\/urbe.com.ar\/revista\/las-presas-del-panoptico-obstetrico\/#primaryimage"},"thumbnailUrl":"https:\/\/i0.wp.com\/urbe.com.ar\/revista\/wp-content\/uploads\/2020\/08\/f-presas-612.jpg?fit=612%2C551&ssl=1","datePublished":"2020-08-30T00:03:21+00:00","dateModified":"2023-07-21T18:50:58+00:00","author":{"@id":"https:\/\/urbe.com.ar\/revista\/#\/schema\/person\/6eb3e83c215b12e07f3981b58fdaf67f"},"breadcrumb":{"@id":"https:\/\/urbe.com.ar\/revista\/las-presas-del-panoptico-obstetrico\/#breadcrumb"},"inLanguage":"es","potentialAction":[{"@type":"ReadAction","target":["https:\/\/urbe.com.ar\/revista\/las-presas-del-panoptico-obstetrico\/"]}]},{"@type":"ImageObject","inLanguage":"es","@id":"https:\/\/urbe.com.ar\/revista\/las-presas-del-panoptico-obstetrico\/#primaryimage","url":"https:\/\/i0.wp.com\/urbe.com.ar\/revista\/wp-content\/uploads\/2020\/08\/f-presas-612.jpg?fit=612%2C551&ssl=1","contentUrl":"https:\/\/i0.wp.com\/urbe.com.ar\/revista\/wp-content\/uploads\/2020\/08\/f-presas-612.jpg?fit=612%2C551&ssl=1","width":612,"height":551},{"@type":"BreadcrumbList","@id":"https:\/\/urbe.com.ar\/revista\/las-presas-del-panoptico-obstetrico\/#breadcrumb","itemListElement":[{"@type":"ListItem","position":1,"name":"Portada","item":"https:\/\/urbe.com.ar\/revista\/"},{"@type":"ListItem","position":2,"name":"LAS PRESAS DEL PAN\u00d3PTICO OBST\u00c9TRICO"}]},{"@type":"WebSite","@id":"https:\/\/urbe.com.ar\/revista\/#website","url":"https:\/\/urbe.com.ar\/revista\/","name":"Revista Urbe","description":"","potentialAction":[{"@type":"SearchAction","target":{"@type":"EntryPoint","urlTemplate":"https:\/\/urbe.com.ar\/revista\/?s={search_term_string}"},"query-input":{"@type":"PropertyValueSpecification","valueRequired":true,"valueName":"search_term_string"}}],"inLanguage":"es"},{"@type":"Person","@id":"https:\/\/urbe.com.ar\/revista\/#\/schema\/person\/6eb3e83c215b12e07f3981b58fdaf67f","name":"Revista Urbe","image":{"@type":"ImageObject","inLanguage":"es","@id":"https:\/\/secure.gravatar.com\/avatar\/72b666e32a633c73c1c87ac7208dfbba855299e1caed438da06924072c6b6b78?s=96&d=mm&r=g","url":"https:\/\/secure.gravatar.com\/avatar\/72b666e32a633c73c1c87ac7208dfbba855299e1caed438da06924072c6b6b78?s=96&d=mm&r=g","contentUrl":"https:\/\/secure.gravatar.com\/avatar\/72b666e32a633c73c1c87ac7208dfbba855299e1caed438da06924072c6b6b78?s=96&d=mm&r=g","caption":"Revista Urbe"},"url":"https:\/\/urbe.com.ar\/revista\/author\/c1321401\/"}]}},"jetpack_featured_media_url":"https:\/\/i0.wp.com\/urbe.com.ar\/revista\/wp-content\/uploads\/2020\/08\/f-presas-612.jpg?fit=612%2C551&ssl=1","jetpack_sharing_enabled":true,"_links":{"self":[{"href":"https:\/\/urbe.com.ar\/revista\/wp-json\/wp\/v2\/posts\/2574","targetHints":{"allow":["GET"]}}],"collection":[{"href":"https:\/\/urbe.com.ar\/revista\/wp-json\/wp\/v2\/posts"}],"about":[{"href":"https:\/\/urbe.com.ar\/revista\/wp-json\/wp\/v2\/types\/post"}],"author":[{"embeddable":true,"href":"https:\/\/urbe.com.ar\/revista\/wp-json\/wp\/v2\/users\/2"}],"replies":[{"embeddable":true,"href":"https:\/\/urbe.com.ar\/revista\/wp-json\/wp\/v2\/comments?post=2574"}],"version-history":[{"count":10,"href":"https:\/\/urbe.com.ar\/revista\/wp-json\/wp\/v2\/posts\/2574\/revisions"}],"predecessor-version":[{"id":3829,"href":"https:\/\/urbe.com.ar\/revista\/wp-json\/wp\/v2\/posts\/2574\/revisions\/3829"}],"wp:featuredmedia":[{"embeddable":true,"href":"https:\/\/urbe.com.ar\/revista\/wp-json\/wp\/v2\/media\/2598"}],"wp:attachment":[{"href":"https:\/\/urbe.com.ar\/revista\/wp-json\/wp\/v2\/media?parent=2574"}],"wp:term":[{"taxonomy":"category","embeddable":true,"href":"https:\/\/urbe.com.ar\/revista\/wp-json\/wp\/v2\/categories?post=2574"},{"taxonomy":"post_tag","embeddable":true,"href":"https:\/\/urbe.com.ar\/revista\/wp-json\/wp\/v2\/tags?post=2574"}],"curies":[{"name":"wp","href":"https:\/\/api.w.org\/{rel}","templated":true}]}}