{"id":12176,"date":"2026-03-07T10:00:00","date_gmt":"2026-03-07T10:00:00","guid":{"rendered":"https:\/\/urbe.com.ar\/revista\/?p=12176"},"modified":"2026-03-07T22:13:01","modified_gmt":"2026-03-07T22:13:01","slug":"retorica-de-la-lista","status":"publish","type":"post","link":"https:\/\/urbe.com.ar\/revista\/retorica-de-la-lista\/","title":{"rendered":"Ret\u00f3rica de la lista"},"content":{"rendered":"<p>[et_pb_section fb_built=\u00bb1&#8243; disabled_on=\u00bbon|on|on\u00bb _builder_version=\u00bb4.20.0&#8243; disabled=\u00bbon\u00bb global_colors_info=\u00bb{}\u00bb][et_pb_row _builder_version=\u00bb4.27.0&#8243; global_colors_info=\u00bb{}\u00bb][et_pb_column type=\u00bb4_4&#8243; _builder_version=\u00bb4.18.0&#8243; global_colors_info=\u00bb{}\u00bb][et_pb_text disabled_on=\u00bbon|on|on\u00bb _builder_version=\u00bb4.27.6&#8243; text_font=\u00bbTitillium Web||||||||\u00bb custom_padding=\u00bb||28px|||\u00bb disabled=\u00bbon\u00bb global_colors_info=\u00bb{}\u00bb]<strong>Nicol\u00e1s Ghigonetto<\/strong> |\u00a0Este es un ensayo sobre listas. A partir de Umberto Eco, la lista aparece como un dispositivo que intenta hacer comprensible lo infinito: ordena, clasifica y, al mismo tiempo, produce v\u00e9rtigo y dispersi\u00f3n. Esa tensi\u00f3n entre orden y exceso atraviesa tanto la literatura como el urbanismo, la moda, la m\u00fasica y los medios digitales. Todo, hasta una ciudad, puede ser una lista: una enumeraci\u00f3n de calles, barrios, acontecimientos, ritmos y recorridos. Autores como De Certeau, Koolhaas, Calvino y Borges permiten pensar la ciudad como texto, archivo y enciclopedia, donde caminar, mirar desde arriba o perderse son operaciones ret\u00f3ricas. [\/et_pb_text][\/et_pb_column][\/et_pb_row][\/et_pb_section][et_pb_section fb_built=\u00bb1&#8243; _builder_version=\u00bb4.25.1&#8243; _module_preset=\u00bbdefault\u00bb global_colors_info=\u00bb{}\u00bb][et_pb_row _builder_version=\u00bb4.25.1&#8243; background_color=\u00bb#ffffff\u00bb background_enable_image=\u00bboff\u00bb custom_margin=\u00bb40px||20px||false|false\u00bb custom_padding=\u00bb12px|0px|12px|0px|true|true\u00bb border_color_left=\u00bb#F2AF46&#8243; global_colors_info=\u00bb{}\u00bb][et_pb_column type=\u00bb4_4&#8243; _builder_version=\u00bb4.25.1&#8243; global_colors_info=\u00bb{}\u00bb][et_pb_text _builder_version=\u00bb4.27.6&#8243; text_font=\u00bbTitillium Web|600|||||||\u00bb text_text_color=\u00bb#000000&#8243; text_font_size=\u00bb18px\u00bb header_text_align=\u00bbcenter\u00bb header_font_size=\u00bb35px\u00bb background_color=\u00bbRGBA(255,255,255,0)\u00bb background_layout=\u00bbdark\u00bb custom_margin=\u00bb2%|0%|2%|0%|true|true\u00bb custom_padding=\u00bb||3px|0px|false|false\u00bb border_color_all=\u00bb#F2AF46&#8243; global_colors_info=\u00bb{}\u00bb]<\/p>\n<p style=\"text-align: center;\"><strong>Artificios<\/strong><\/p>\n<p>[\/et_pb_text][et_pb_text _builder_version=\u00bb4.27.6&#8243; text_font=\u00bbTitillium Web|300|||||||\u00bb text_text_color=\u00bb#000000&#8243; text_line_height=\u00bb1.4em\u00bb header_font=\u00bb|700||on|||||\u00bb header_text_align=\u00bbleft\u00bb header_text_color=\u00bb#272727&#8243; header_font_size=\u00bb4em\u00bb background_color=\u00bbRGBA(255,255,255,0)\u00bb background_enable_image=\u00bboff\u00bb background_size=\u00bbstretch\u00bb width=\u00bb100%\u00bb module_alignment=\u00bbleft\u00bb min_height=\u00bb71px\u00bb custom_margin=\u00bb3%|0%|3%|0%|true|true\u00bb custom_padding=\u00bb|0%|0px|0%|false|true\u00bb global_colors_info=\u00bb{}\u00bb]<\/p>\n<h1 style=\"text-align: center;\">Ret\u00f3rica de la lista<\/h1>\n<p>[\/et_pb_text][et_pb_text admin_label=\u00bbParrafo 1&#8243; _builder_version=\u00bb4.27.4&#8243; text_font=\u00bbTitillium Web||||||||\u00bb text_text_color=\u00bb#000000&#8243; text_font_size=\u00bb20px\u00bb text_line_height=\u00bb2em\u00bb custom_margin=\u00bb2%|0%|2%|0%|true|true\u00bb custom_padding=\u00bb||0px|||\u00bb text_font_size_tablet=\u00bb17px\u00bb text_font_size_phone=\u00bb16px\u00bb text_font_size_last_edited=\u00bbon|phone\u00bb locked=\u00bboff\u00bb inline_fonts=\u00bbRubik,Alkalami,Titillium Web\u00bb global_colors_info=\u00bb{}\u00bb]<\/p>\n<div class=\"\" data-block=\"true\" data-editor=\"fd8ss\" data-offset-key=\"4uv8o-0-0\">\n<div data-offset-key=\"4uv8o-0-0\" class=\"public-DraftStyleDefault-block public-DraftStyleDefault-ltr\" style=\"text-align: center;\">\n<div data-offset-key=\"4uv8o-0-0\" class=\"public-DraftStyleDefault-block public-DraftStyleDefault-ltr\">\n<p><span style=\"font-weight: 400;\">Este es un ensayo sobre listas. A partir de Umberto Eco, la lista aparece como un dispositivo que intenta hacer comprensible lo infinito: ordena, clasifica y, al mismo tiempo, produce v\u00e9rtigo y dispersi\u00f3n. Esa tensi\u00f3n entre orden y exceso atraviesa tanto la literatura como el urbanismo, la moda, la m\u00fasica y los medios digitales. Todo, hasta una ciudad, puede ser una lista: una enumeraci\u00f3n de calles, barrios, acontecimientos, ritmos y recorridos. Autores como De Certeau, Koolhaas, Calvino y Borges permiten pensar la ciudad como texto, archivo y enciclopedia, donde caminar, mirar desde arriba o perderse son operaciones ret\u00f3ricas. <\/span><\/p>\n<\/div>\n<\/div>\n<\/div>\n<div class=\"\" data-block=\"true\" data-editor=\"fd8ss\" data-offset-key=\"5shq2-0-0\" style=\"text-align: center;\"><\/div>\n<p>[\/et_pb_text][et_pb_text _builder_version=\u00bb4.27.5&#8243; text_font=\u00bbTitillium Web||||||||\u00bb text_text_color=\u00bb#000000&#8243; text_font_size=\u00bb18px\u00bb header_text_align=\u00bbcenter\u00bb header_text_color=\u00bb#057E7E\u00bb header_font_size=\u00bb35px\u00bb text_orientation=\u00bbjustified\u00bb custom_margin=\u00bb2%|0%|2%|0%|true|true\u00bb custom_padding=\u00bb|||0px|false|false\u00bb border_color_left=\u00bb#F2AF46&#8243; global_colors_info=\u00bb{}\u00bb]<\/p>\n<p style=\"text-align: center;\">Por <strong>Nicol\u00e1s Ghigonetto<\/strong><br \/><span style=\"font-size: medium;\">07 de marzo de 2026<\/span><\/p>\n<p>[\/et_pb_text][et_pb_image src=\u00bbhttps:\/\/urbe.com.ar\/revista\/wp-content\/uploads\/2026\/03\/Banner-1.webp\u00bb title_text=\u00bbBanner\u00bb align=\u00bbcenter\u00bb disabled_on=\u00bboff|off|off\u00bb _builder_version=\u00bb4.27.6&#8243; background_enable_image=\u00bboff\u00bb custom_margin=\u00bb5%|0%|5%|0%|true|true\u00bb custom_margin_tablet=\u00bb\u00bb custom_margin_phone=\u00bb6%|0%|6%|0%|true|true\u00bb custom_margin_last_edited=\u00bbon|phone\u00bb global_colors_info=\u00bb{}\u00bb][\/et_pb_image][\/et_pb_column][\/et_pb_row][et_pb_row column_structure=\u00bb1_2,1_2&#8243; use_custom_gutter=\u00bbon\u00bb gutter_width=\u00bb1&#8243; make_equal=\u00bbon\u00bb disabled_on=\u00bbon|off|off\u00bb _builder_version=\u00bb4.16&#8243; background_color=\u00bb#ffffff\u00bb custom_margin=\u00bb||||false|false\u00bb custom_padding=\u00bb0px||0px|0%|false|false\u00bb locked=\u00bboff\u00bb global_colors_info=\u00bb{}\u00bb][et_pb_column type=\u00bb1_2&#8243; _builder_version=\u00bb4.16&#8243; background_color=\u00bb#ffffff\u00bb custom_css_main_element=\u00bbwidth: 60% !important;\u00bb global_colors_info=\u00bb{}\u00bb][\/et_pb_column][et_pb_column type=\u00bb1_2&#8243; _builder_version=\u00bb4.16&#8243; custom_css_main_element=\u00bb||width: 40% !important;||margin: auto;||display: flex;||flex-direction: column;||justify-content: center;\u00bb global_colors_info=\u00bb{}\u00bb][et_pb_code _builder_version=\u00bb4.16&#8243; text_orientation=\u00bbcenter\u00bb module_alignment=\u00bbcenter\u00bb custom_margin=\u00bb2%||2%||true|false\u00bb custom_padding=\u00bb|6.7%||6.7%|false|true\u00bb global_colors_info=\u00bb{}\u00bb]<div class=\"addtoany_shortcode\"><div class=\"a2a_kit a2a_kit_size_32 addtoany_list\" data-a2a-url=\"https:\/\/urbe.com.ar\/revista\/retorica-de-la-lista\/\" data-a2a-title=\"Ret\u00f3rica de la lista\"><a class=\"a2a_button_facebook\" href=\"https:\/\/www.addtoany.com\/add_to\/facebook?linkurl=https%3A%2F%2Furbe.com.ar%2Frevista%2Fretorica-de-la-lista%2F&amp;linkname=Ret%C3%B3rica%20de%20la%20lista\" title=\"Facebook\" rel=\"nofollow noopener\" target=\"_blank\"><\/a><a class=\"a2a_button_whatsapp\" href=\"https:\/\/www.addtoany.com\/add_to\/whatsapp?linkurl=https%3A%2F%2Furbe.com.ar%2Frevista%2Fretorica-de-la-lista%2F&amp;linkname=Ret%C3%B3rica%20de%20la%20lista\" title=\"WhatsApp\" rel=\"nofollow noopener\" target=\"_blank\"><\/a><a class=\"a2a_button_twitter\" href=\"https:\/\/www.addtoany.com\/add_to\/twitter?linkurl=https%3A%2F%2Furbe.com.ar%2Frevista%2Fretorica-de-la-lista%2F&amp;linkname=Ret%C3%B3rica%20de%20la%20lista\" title=\"Twitter\" rel=\"nofollow noopener\" target=\"_blank\"><\/a><a class=\"a2a_button_email\" href=\"https:\/\/www.addtoany.com\/add_to\/email?linkurl=https%3A%2F%2Furbe.com.ar%2Frevista%2Fretorica-de-la-lista%2F&amp;linkname=Ret%C3%B3rica%20de%20la%20lista\" title=\"Email\" rel=\"nofollow noopener\" target=\"_blank\"><\/a><a class=\"a2a_button_copy_link\" href=\"https:\/\/www.addtoany.com\/add_to\/copy_link?linkurl=https%3A%2F%2Furbe.com.ar%2Frevista%2Fretorica-de-la-lista%2F&amp;linkname=Ret%C3%B3rica%20de%20la%20lista\" title=\"Copy Link\" rel=\"nofollow noopener\" target=\"_blank\"><\/a><\/div><\/div>[\/et_pb_code][\/et_pb_column][\/et_pb_row][et_pb_row use_custom_gutter=\u00bbon\u00bb gutter_width=\u00bb1&#8243; make_equal=\u00bbon\u00bb disabled_on=\u00bboff|on|on\u00bb _builder_version=\u00bb4.16&#8243; background_color=\u00bb#ffffff\u00bb custom_margin=\u00bb||||false|false\u00bb custom_padding=\u00bb0px||0px|0%|false|false\u00bb locked=\u00bboff\u00bb global_colors_info=\u00bb{}\u00bb][et_pb_column type=\u00bb4_4&#8243; _builder_version=\u00bb4.16&#8243; background_color=\u00bb#ffffff\u00bb global_colors_info=\u00bb{}\u00bb][et_pb_code disabled_on=\u00bboff|off|off\u00bb _builder_version=\u00bb4.27.5&#8243; _module_preset=\u00bbdefault\u00bb text_orientation=\u00bbcenter\u00bb width=\u00bb100%\u00bb width_tablet=\u00bb\u00bb width_phone=\u00bb100%\u00bb width_last_edited=\u00bbon|phone\u00bb max_width=\u00bb100%\u00bb max_width_tablet=\u00bb\u00bb max_width_phone=\u00bb\u00bb max_width_last_edited=\u00bbon|tablet\u00bb module_alignment=\u00bbright\u00bb custom_margin_tablet=\u00bb\u00bb custom_margin_phone=\u00bb\u00bb custom_margin_last_edited=\u00bbon|phone\u00bb module_alignment_tablet=\u00bb\u00bb module_alignment_phone=\u00bbcenter\u00bb module_alignment_last_edited=\u00bbon|desktop\u00bb global_colors_info=\u00bb{}\u00bb]<div class=\"addtoany_shortcode\"><div class=\"a2a_kit a2a_kit_size_32 addtoany_list\" data-a2a-url=\"https:\/\/urbe.com.ar\/revista\/retorica-de-la-lista\/\" data-a2a-title=\"Ret\u00f3rica de la lista\"><a class=\"a2a_button_facebook\" href=\"https:\/\/www.addtoany.com\/add_to\/facebook?linkurl=https%3A%2F%2Furbe.com.ar%2Frevista%2Fretorica-de-la-lista%2F&amp;linkname=Ret%C3%B3rica%20de%20la%20lista\" title=\"Facebook\" rel=\"nofollow noopener\" target=\"_blank\"><\/a><a class=\"a2a_button_whatsapp\" href=\"https:\/\/www.addtoany.com\/add_to\/whatsapp?linkurl=https%3A%2F%2Furbe.com.ar%2Frevista%2Fretorica-de-la-lista%2F&amp;linkname=Ret%C3%B3rica%20de%20la%20lista\" title=\"WhatsApp\" rel=\"nofollow noopener\" target=\"_blank\"><\/a><a class=\"a2a_button_twitter\" href=\"https:\/\/www.addtoany.com\/add_to\/twitter?linkurl=https%3A%2F%2Furbe.com.ar%2Frevista%2Fretorica-de-la-lista%2F&amp;linkname=Ret%C3%B3rica%20de%20la%20lista\" title=\"Twitter\" rel=\"nofollow noopener\" target=\"_blank\"><\/a><a class=\"a2a_button_email\" href=\"https:\/\/www.addtoany.com\/add_to\/email?linkurl=https%3A%2F%2Furbe.com.ar%2Frevista%2Fretorica-de-la-lista%2F&amp;linkname=Ret%C3%B3rica%20de%20la%20lista\" title=\"Email\" rel=\"nofollow noopener\" target=\"_blank\"><\/a><a class=\"a2a_button_copy_link\" href=\"https:\/\/www.addtoany.com\/add_to\/copy_link?linkurl=https%3A%2F%2Furbe.com.ar%2Frevista%2Fretorica-de-la-lista%2F&amp;linkname=Ret%C3%B3rica%20de%20la%20lista\" title=\"Copy Link\" rel=\"nofollow noopener\" target=\"_blank\"><\/a><\/div><\/div>[\/et_pb_code][\/et_pb_column][\/et_pb_row][et_pb_row _builder_version=\u00bb4.27.6&#8243; background_color=\u00bb#ffffff\u00bb width=\u00bb100%\u00bb custom_padding=\u00bb0px||3px|0px||\u00bb global_colors_info=\u00bb{}\u00bb][et_pb_column type=\u00bb4_4&#8243; _builder_version=\u00bb4.25.1&#8243; global_colors_info=\u00bb{}\u00bb][et_pb_text admin_label=\u00bbParrafo 1&#8243; _builder_version=\u00bb4.27.6&#8243; text_font=\u00bbTitillium Web||||||||\u00bb text_text_color=\u00bb#000000&#8243; text_font_size=\u00bb20px\u00bb text_line_height=\u00bb2em\u00bb custom_margin=\u00bb2%|0%|2%|0%|true|true\u00bb custom_padding=\u00bb||0px|0px||\u00bb text_font_size_tablet=\u00bb17px\u00bb text_font_size_phone=\u00bb16px\u00bb text_font_size_last_edited=\u00bbon|phone\u00bb locked=\u00bboff\u00bb inline_fonts=\u00bbRubik,Alkalami,Titillium Web\u00bb global_colors_info=\u00bb{}\u00bb]<\/p>\n<blockquote><\/blockquote>\n<p><span style=\"font-size: large;\"><i><span style=\"font-weight: 400;\">\u00abLa lista est\u00e1 en el origen de la cultura. Es parte de la historia del arte y de la literatura. \u00bfPara qu\u00e9<\/span><\/i> <i><span style=\"font-weight: 400;\">queremos la cultura?: Para hacer m\u00e1s comprensible el infinito. Tambi\u00e9n se quiere crear un orden, no<\/span><\/i> <i><span style=\"font-weight: 400;\">siempre, pero a menudo. \u00bfY c\u00f3mo, en tanto seres humanos, nos enfrentamos a lo infinito?, \u00bfc\u00f3mo se puede<\/span><\/i> <i><span style=\"font-weight: 400;\">intentar comprender lo incomprensible? A trav\u00e9s de las listas, a trav\u00e9s de cat\u00e1logos, a trav\u00e9s de colecciones<\/span><\/i> <i><span style=\"font-weight: 400;\">en los museos y a trav\u00e9s de enciclopedias y diccionarios. La lista no destruye la cultura, sino que la crea\u00bb.<\/span><\/i> <b>(Umberto Eco, <\/b><b><i>El v\u00e9rtigo de las listas<\/i><\/b><b>)<\/b><b>\u00a0<\/b><\/span><\/p>\n<p><span style=\"font-size: large;\"><i><span style=\"font-weight: 400;\">Vivir es pasar de un espacio a otro haciendo lo posible para no golpearse.<\/span><\/i> <span style=\"font-weight: 400;\">(<\/span><b>Georges Perec<\/b><b>)<\/b><\/span><\/p>\n<p><span style=\"font-size: large;\"><b><\/b><\/span><\/p>\n<p><span style=\"font-size: x-large;\"><strong>1.<\/strong><\/span><\/p>\n<p><span style=\"font-size: large;\"><strong><\/strong><\/span><\/p>\n<p><span style=\"font-weight: 400; font-size: large;\">Una ciudad es, entre otras cosas, una lista de calles. Esa lista, por un lado, tiene nombres que se suceden, uno los puede aprender de memoria; por otro, hay historias de distinta \u00edndole detr\u00e1s de esos nombres. Por ejemplo, la calle en la que vivo desde hace 8 a\u00f1os de la ciudad de C\u00f3rdoba Capital se llama Fray Mamerto Esqui\u00fa. Las que le siguen son, casualmente, todos nombres de personas:<\/span><\/p>\n<p><span style=\"font-weight: 400; font-size: large;\"><\/span><\/p>\n<p><span style=\"font-size: large;\">&#8211; F\u00e9lix Fr\u00edas\u00a0<\/span><\/p>\n<p><span style=\"font-weight: 400; font-size: large;\">&#8211; David Luque\u00a0<\/span><\/p>\n<p><span style=\"font-weight: 400; font-size: large;\">&#8211; Cnel Pringles\u00a0<\/span><\/p>\n<p><span style=\"font-weight: 400; font-size: large;\">&#8211; Jacinto R\u00edos\u00a0<\/span><\/p>\n<p><span style=\"font-weight: 400; font-size: large;\">&#8211; Viamonte\u00a0<\/span><\/p>\n<p><span style=\"font-size: large;\"><\/span><\/p>\n<p><span style=\"font-size: x-large;\"><strong>2.<\/strong><\/span><\/p>\n<p><span style=\"font-size: large;\"><\/span><\/p>\n<p><span style=\"font-size: large;\">Dice Mart\u00edn Kohan que cada batalla, cada guerra sirve para nombrar una calle, tambi\u00e9n cada gobierno, cada nobel, cada pr\u00f3cer, cada regi\u00f3n. Las ciudades hablan un idioma dislocado, abstracto, a veces. Un idioma grandilocuente, hist\u00f3rico e imponente. Pero tambi\u00e9n hablan otros: el de los barrios, los recovecos, los pasajes. Este es un idioma m\u00e1s personal, m\u00e1s concreto, no sabe de abstracciones, historiza sobre lo que acontece y no nombra lo que no pas\u00f3 all\u00ed. Entre esas dos dial\u00e9cticas, habla la ciudad. En la calle Av. Chacabuco, en C\u00f3rdoba capital hace unos meses un conductor de autom\u00f3vil se desvaneci\u00f3 y choc\u00f3 a casi 30 personas y hace unos pocos d\u00edas en la calle Roca, en Rosario, otro conductor mat\u00f3 a una madre y una hija. Las calles se definen por ese componente hist\u00f3rico que las nombra (ej. Chacabuco, la batalla, el lugar hist\u00f3rico), uno impuesto e impostado que presiona desde arriba, desde los altos mandos que lo proponen y, tambi\u00e9n, se definen por los acontecimientos de quienes no eligen los nombres para las calles pero que los usan por practicidad.\u00a0<\/span><\/p>\n<p><span style=\"font-size: large;\"><\/span><\/p>\n<p><span style=\"font-size: large;\"><\/span><span style=\"font-size: x-large;\"><strong>3.<\/strong><\/span><\/p>\n<p><span style=\"font-size: large;\"><\/span><\/p>\n<p><span style=\"font-size: large;\">Fray Mamerto Esqui\u00fa pronunci\u00f3 en 1853 un famoso discurso llamado <\/span><i style=\"font-size: large;\">El serm\u00f3n de la constituci\u00f3n<\/i><span style=\"font-size: large;\">. Sobre el final del mismo, se dice que tuvo que dejar de pronunciarlo pues el auditorio rompi\u00f3 en aplausos. En el \u00faltimo p\u00e1rrafo se lee una lista de cosas:\u00a0\u00a0<\/span><\/p>\n<p><span style=\"font-size: large;\"><\/span><\/p>\n<p><span style=\"font-weight: 400; font-size: large;\">\u201cObedeced, se\u00f1ores, sin sumisi\u00f3n no hay ley; sin leyes no hay patria, no hay verdadera libertad; existen s\u00f3lo pasiones, desorden, anarqu\u00eda, disoluci\u00f3n, guerra y males de que dios libre eternamente a la rep\u00fablica argentina; y concedi\u00e9ndonos vivir en paz, y en orden sobre la tierra, nos d\u00e9 a todos gozar en el cielo de la bienaventuranza en el padre, en el hijo y en el esp\u00edritu santo, por quien y para quien viven todas las cosas\u201d.\u00a0<\/span><\/p>\n<p><span style=\"font-weight: 400; font-size: large;\"><\/span><\/p>\n<p><span style=\"font-weight: 400; font-size: large;\">Sin leyes existen:\u00a0<\/span><\/p>\n<p><span style=\"font-weight: 400; font-size: large;\"><\/span><\/p>\n<p><span style=\"font-weight: 400; font-size: large;\">&#8211; pasiones\u00a0<\/span><\/p>\n<p><span style=\"font-weight: 400; font-size: large;\">&#8211; desorden\u00a0<\/span><\/p>\n<p><span style=\"font-weight: 400; font-size: large;\">&#8211; anarqu\u00eda\u00a0<\/span><\/p>\n<p><span style=\"font-weight: 400; font-size: large;\">&#8211; disoluci\u00f3n\u00a0<\/span><\/p>\n<p><span style=\"font-weight: 400; font-size: large;\">&#8211; guerra\u00a0<\/span><\/p>\n<p><span style=\"font-weight: 400; font-size: large;\">&#8211; males<\/span><\/p>\n<p><span style=\"font-weight: 400;\"><\/span><\/p>\n<p>[\/et_pb_text][et_pb_code _builder_version=\u00bb4.25.2&#8243; _module_preset=\u00bbdefault\u00bb text_orientation=\u00bbcenter\u00bb global_colors_info=\u00bb{}\u00bb]  <a href=\"https:\/\/www.legislatura.gob.ar\/\" target=\"_blank\" rel=\"noopener\"><!-- [et_pb_line_break_holder] -->    <img data-recalc-dims=\"1\" decoding=\"async\" src=\"https:\/\/i0.wp.com\/imgur.com\/rLjBjeU.png?w=1080&#038;ssl=1\" alt=\"Legislatura-1\"><!-- [et_pb_line_break_holder] -->  <\/a>[\/et_pb_code][et_pb_video _builder_version=\u00bb4.27.6&#8243; _module_preset=\u00bbdefault\u00bb global_colors_info=\u00bb{}\u00bb][\/et_pb_video][et_pb_text admin_label=\u00bbParrafo 1&#8243; _builder_version=\u00bb4.27.6&#8243; text_font=\u00bbTitillium Web||||||||\u00bb text_text_color=\u00bb#000000&#8243; text_font_size=\u00bb20px\u00bb text_line_height=\u00bb2em\u00bb custom_margin=\u00bb2%|0%|2%|0%|true|true\u00bb custom_padding=\u00bb||0px|0px||\u00bb text_font_size_tablet=\u00bb17px\u00bb text_font_size_phone=\u00bb16px\u00bb text_font_size_last_edited=\u00bbon|phone\u00bb locked=\u00bboff\u00bb inline_fonts=\u00bbRubik,Alkalami,Titillium Web\u00bb global_colors_info=\u00bb{}\u00bb]<\/p>\n<p><span style=\"font-size: x-large;\"><strong>4.\u00a0<\/strong><\/span><\/p>\n<p><span style=\"font-size: large;\"><span style=\"font-weight: 400;\"><\/span><\/span><span style=\"font-size: large;\"><span style=\"font-weight: 400;\">La palabra lista viene de la voz germ\u00e1nica <\/span><i><span style=\"font-weight: 400;\">Leiste <\/span><\/i><span style=\"font-weight: 400;\">que significa orilla, franja. Esqui\u00fa delimita una orilla entre la obediencia a la ley y su rechazo.\u00a0<\/span><\/span><\/p>\n<p><span style=\"font-size: x-large;\"><strong>5.<\/strong><\/span><\/p>\n<p><span style=\"font-size: large;\">Alessandro Michele hace un a\u00f1o lanz\u00f3 <a href=\"https:\/\/www.youtube.com\/watch?v=_3Crg3JW3VQ\">su primer desfile de moda de alta costura con la marca Valentino.<\/a><\/span><span style=\"font-size: large;\">\u00a0En \u00e9l, trabaja sobre el concepto de \u201clista\u201d y se inspira en el texto de Umberto Eco, <\/span><i style=\"font-size: large;\">El v\u00e9rtigo de las listas<\/i><span style=\"font-size: large;\">. En su documento de presentaci\u00f3n dice: \u201c<\/span><span style=\"font-size: large;\">La fascinaci\u00f3n por<\/span><span style=\"font-size: large;\"> <\/span><span style=\"font-size: large;\">las listas y el gusto por la enumeraci\u00f3n de cosas, personas y fen\u00f3menos han acompa\u00f1ado desde siempre la<\/span><span style=\"font-size: large;\"> <\/span><span style=\"font-size: large;\">historia de la humanidad. A pesar de su aparente sencillez, la figura ret\u00f3rica de la lista rara vez ha sido<\/span><span style=\"font-size: large;\"> p<\/span><span style=\"font-size: large;\">rofundizada por los estudiosos en relaci\u00f3n con su potencial narrativo y po\u00e9tico\u201d.<\/span><span style=\"font-size: large;\">\u00a0<\/span><\/p>\n<p><span style=\"font-size: large;\"><span style=\"font-weight: 400;\">La enumeraci\u00f3n es una figura ret\u00f3rica que, por sobre todas las cosas, imprime de ritmo al verso o la prosa.<\/span><span style=\"font-weight: 400;\"> <\/span><\/span><\/p>\n<p><strong style=\"font-size: 20px;\"><span style=\"font-size: x-large;\">6.<\/span><\/strong><span style=\"font-size: large;\"><\/span><\/p>\n<p><span style=\"font-size: large;\">Una ciudad tiene ritmo.<\/span><span style=\"font-size: large;\">\u00a0<\/span><span style=\"font-size: large;\"><\/span><\/p>\n<p><span style=\"font-size: large;\"><span style=\"font-weight: 400;\">Manhattan es una ciudad.<\/span><span style=\"font-weight: 400;\">\u00a0<\/span><\/span><\/p>\n<p><span style=\"font-size: large;\"><span style=\"font-weight: 400;\">Manhattan tiene ritmo.<\/span><span style=\"font-weight: 400;\"> <\/span><\/span><\/p>\n<p><span style=\"font-size: large;\"><\/span><\/p>\n<p><span style=\"font-size: x-large;\"><strong>7.<\/strong><\/span><\/p>\n<p><span style=\"font-size: large;\">Dice De Certeau sobre Manhattan: \u201cSobre esta escena de concreto, acero y cristal que un agua g\u00e9lida parte entre dos oc\u00e9anos (el Atl\u00e1ntico y el continente americano), los caracteres m\u00e1s grandes del globo componen una gigantesca ret\u00f3rica del exceso en el gasto y la producci\u00f3n\u201d (p. 103). El urbanista Rem Koolhaas en su libro <\/span><i style=\"font-size: large;\">Delirio de Nueva York<\/i><span style=\"font-size: large;\"> abre con una cita de Giambattista Vico en la que se\u00f1ala que es dentro de la mente humana donde deber\u00edamos buscar los principios de una naci\u00f3n, ciudad o filosof\u00eda, pues es en ella donde nacieron. <\/span><span style=\"font-size: large;\">Postula el <\/span><i style=\"font-size: large;\">manhattanismo <\/i><span style=\"font-size: large;\">como un manifiesto retroactivo de la forma de construcci\u00f3n de la<\/span><span style=\"font-size: large;\"> <\/span><span style=\"font-size: large;\">ciudad: \u201cel <\/span><i style=\"font-size: large;\">manhattanismo <\/i><span style=\"font-size: large;\">es la \u00fanica ideolog\u00eda urban\u00edstica que se ha alimentado, desde su concepci\u00f3n, de<\/span><span style=\"font-size: large;\"> <\/span><span style=\"font-size: large;\">los esplendores y las miserias de la condici\u00f3n metropolitana (la hiperdensidad) sin perder ni una sola vez su<\/span><span style=\"font-size: large;\"> <\/span><span style=\"font-size: large;\">fe en ella como fundamento de una deseable cultura moderna. La arquitectura de Manhattan es un paradigma<\/span><span style=\"font-size: large;\"> p<\/span><span style=\"font-size: large;\">ara la explotaci\u00f3n de la congesti\u00f3n\u201d (p. 8). Gay Talese explica gr\u00e1ficamente algunos h\u00e1bitos de esa multitud<\/span><span style=\"font-size: large;\"> <\/span><span style=\"font-size: large;\">que vive all\u00ed: \u201cNueva York es una ciudad para los exc\u00e9ntricos y una fuente de datos curiosos. Los<\/span><span style=\"font-size: large;\"> <\/span><span style=\"font-size: large;\">neoyorquinos se tragan cada d\u00eda 460.000 galones de cerveza, devoran 3.500.000 libras de carne y se pasan<\/span><span style=\"font-size: large;\"> p<\/span><span style=\"font-size: large;\">or los dientes 34 kil\u00f3metros de seda dental. Todos los d\u00edas mueren en Nueva York unas 250 personas, nacen<\/span><span style=\"font-size: large;\"> <\/span><span style=\"font-size: large;\">460 y 150.000 deambulan por la ciudad con ojos de vidrio o pl\u00e1stico. Dice tambi\u00e9n que hay funciones de<\/span><span style=\"font-size: large;\"> <\/span><span style=\"font-size: large;\">cine que comienzan a las 8 am pues hay personas que salen de trabajar a las 7 am\u201d. Distingue De Certeau,<\/span><span style=\"font-size: large;\"> <\/span><span style=\"font-size: large;\">dos planos citadinos, el de los caminantes, en el fragor de la acera y el del mir\u00f3n que se posa como \u00cdcaro en<\/span><span style=\"font-size: large;\"> <\/span><span style=\"font-size: large;\">las alturas: \u201cSubir a la cima del World Trade Center es separarse del dominio de la ciudad. El cuerpo ya no<\/span><span style=\"font-size: large;\"> <\/span><span style=\"font-size: large;\">est\u00e1 atado por las calles que lo llevan de un lado a otro seg\u00fan una ley an\u00f3nima; ni pose\u00eddo, jugador o pieza<\/span><span style=\"font-size: large;\"> <\/span><span style=\"font-size: large;\">del juego, por el rumor de tantas diferencias y por la nerviosidad del tr\u00e1nsito neoyorquino. El que sube all\u00e1<\/span><span style=\"font-size: large;\"> <\/span><span style=\"font-size: large;\">arriba sale de la masa que lleva y mezcla en s\u00ed misma toda identidad de autores o de espectadores. Al estar<\/span><span style=\"font-size: large;\"> <\/span><span style=\"font-size: large;\">sobre estas aguas, \u00cdcaro puede ignorar las astucias de d\u00e9dalo en m\u00f3viles laberintos sin t\u00e9rmino. Su elevaci\u00f3n<\/span><span style=\"font-size: large;\"> <\/span><span style=\"font-size: large;\">lo transforma en mir\u00f3n. Lo pone a distancia\u201d (104).<\/span><\/p>\n<p><span style=\"font-size: large;\"><\/span><\/p>\n<p><strong><span style=\"font-size: x-large;\">8.<\/span><\/strong><\/p>\n<p><span style=\"font-size: large;\"><\/span><\/p>\n<p><span style=\"font-size: large;\">Me detengo en esta \u00faltima idea, o mejor dicho, en la imagen de \u00cdcaro. \u00bfHasta d\u00f3nde se puede subir en<\/span><span style=\"font-size: large;\"> <\/span><span style=\"font-size: large;\">Manhattan sin que la altura nos maree? \u00bfQu\u00e9 tan alto podemos estar y seguir viendo lo que pasa debajo?<\/span><span style=\"font-size: large;\">\u00a0<\/span><\/p>\n<p><span style=\"font-size: large;\"><\/span><\/p>\n<p><span style=\"font-size: large;\"><span style=\"font-weight: 400;\">La marca Schiaparelli acaba de lanzar su \u00faltima colecci\u00f3n titulada: \u00cdcarus. La colecci\u00f3n de la marca de ropa<\/span> <span style=\"font-weight: 400;\">francesa se inspira en cintas de los a\u00f1os 1920 y 1930. Antes de la guerra, muchas de ellas se creaban en Lyon<\/span> <span style=\"font-weight: 400;\">y se enviaban a todo el mundo. Pero cuando Alemania invadi\u00f3 Francia, muchas de estas quedaron escondidas<\/span> <span style=\"font-weight: 400;\">y se perdieron.<\/span><span style=\"font-weight: 400;\">\u00a0<\/span><\/span><\/p>\n<p><span style=\"font-size: large;\"><span style=\"font-weight: 400;\"><\/span><\/span><\/p>\n<p><span style=\"font-size: large;\"><span style=\"font-weight: 400;\">Otra acepci\u00f3n de la palabra lista es \u201ccinta\u201d, por las cintas que decoraban los adornos. De ah\u00ed <\/span><i><span style=\"font-weight: 400;\">List\u00f3n<\/span><\/i><span style=\"font-weight: 400;\">.<\/span> <span style=\"font-weight: 400;\">Entonces, \u00bfC\u00f3mo se unen las cintas con la imagen de \u00cdcaro?<\/span><span style=\"font-weight: 400;\">\u00a0<\/span><\/span><\/p>\n<p><span style=\"font-size: large;\"><span style=\"font-weight: 400;\"><\/span><\/span><\/p>\n<p><span style=\"font-weight: 400; font-size: large;\">Dice el director creativo de Schiaparelli, Daniel Roseberry:<\/span><\/p>\n<p><span style=\"font-weight: 400; font-size: large;\"><\/span><\/p>\n<p><span style=\"font-size: large;\"><span style=\"font-weight: 400;\">\u201cLa Alta Costura aspira a alcanzar grandes alturas; promete escapar de nuestra complicada realidad. Tambi\u00e9n<\/span> <span style=\"font-weight: 400;\">nos recuerda que la perfecci\u00f3n tiene un precio. \u00bfHasta d\u00f3nde podemos llegar los modistos? Tan alto como el<\/span> <span style=\"font-weight: 400;\">sol y los dioses nos lo permitan\u201d.<\/span><span style=\"font-weight: 400;\"> <\/span><\/span><\/p>\n<p><span style=\"font-size: large;\"><\/span><\/p>\n<p><span style=\"font-size: x-large;\"><strong>9.<\/strong><\/span><\/p>\n<p><span style=\"font-size: large;\"><\/span><\/p>\n<p><span style=\"font-size: large;\">El \u00faltimo disco de Bad Bunny es un homenaje a Puerto Rico y la primera canci\u00f3n se llama \u201cNUEVAYoL\u201d.<\/span><span style=\"font-size: large;\"> <\/span><\/p>\n<p><span style=\"font-size: large;\"><\/span><\/p>\n<p><span style=\"font-size: x-large;\"><strong>10.<\/strong><\/span><\/p>\n<p><span style=\"font-size: large;\"><\/span><\/p>\n<p><span style=\"font-size: large;\">Hay una ret\u00f3rica del andar, dice De Certeau. En Isla Verde, un pueblito al sudeste de C\u00f3rdoba, donde nac\u00ed, andar era dar vueltas en moto por las pocas calles que hab\u00eda, alrededor de la plaza, frente a la iglesia, por la \u00faltima calle, lejos de la comisar\u00eda. Cada giro tiene un estilo propio. Si las grandes ciudades se mueven por la figura ret\u00f3rica de la enumeraci\u00f3n, con una vertiginosidad r\u00edtmica, los pueblos se parecen m\u00e1s a una alegor\u00eda, una alegor\u00eda de la siesta: parece que no pasa nada, pero en la quietud se est\u00e1 cocinando un infierno. <\/span><\/p>\n<p><span style=\"font-size: large;\"><\/span><\/p>\n<p><strong><span style=\"font-size: x-large;\">11.<\/span><\/strong><\/p>\n<p><span style=\"font-size: large;\"><\/span><\/p>\n<p><span style=\"font-size: large;\">Fabi\u00e1n Polosecki, en el cap\u00edtulo sobre el pueblo Rosas, del programa <\/span><i style=\"font-size: large;\">El otro lado<\/i><span style=\"font-size: large;\"> que sal\u00eda en la tele en los<\/span><span style=\"font-size: large;\"> <\/span><span style=\"font-size: large;\">90, dice:<\/span><span style=\"font-size: large;\">\u00a0<\/span><\/p>\n<p><span style=\"font-size: large;\"><\/span><\/p>\n<p><span style=\"font-size: large;\"><i><span style=\"font-weight: 400;\">\u201cMirar un pueblo chico es como mirar un \u00e1rbol. Al principio parece que no pasara nada, porque los<\/span><\/i> <i><span style=\"font-weight: 400;\">movimientos son imperceptibles. S\u00f3lo despu\u00e9s de un rato se ven las hojas, los insectos, los p\u00e1jaros, el mundo<\/span><\/i><i><span style=\"font-weight: 400;\"> s<\/span><\/i><i><span style=\"font-weight: 400;\">ecreto que encierra su aparente quietud, batallas silenciosas detr\u00e1s de la paz aparente\u201d.<\/span><\/i><i><span style=\"font-weight: 400;\"> <\/span><\/i><\/span><\/p>\n<p><span style=\"font-size: large;\"><\/span><\/p>\n<p><span style=\"font-size: x-large;\"><strong>12.<\/strong><\/span><\/p>\n<p><span style=\"font-size: large;\">La ciudad tambi\u00e9n puede ser una lista de barrios.<\/span><\/p>\n<blockquote><\/blockquote>\n<p><span style=\"font-weight: 400;\"><\/span><\/p>\n<p>[\/et_pb_text][et_pb_image src=\u00bbhttps:\/\/urbe.com.ar\/revista\/wp-content\/uploads\/2026\/03\/Ghk8Zy-WcAASM_-.jpg\u00bb title_text=\u00bbGhk8Zy-WcAASM_-\u00bb align=\u00bbcenter\u00bb _builder_version=\u00bb4.27.6&#8243; _module_preset=\u00bbdefault\u00bb global_colors_info=\u00bb{}\u00bb][\/et_pb_image][et_pb_text admin_label=\u00bbParrafo 1&#8243; _builder_version=\u00bb4.27.6&#8243; text_font=\u00bbTitillium Web||||||||\u00bb text_text_color=\u00bb#000000&#8243; text_font_size=\u00bb20px\u00bb text_line_height=\u00bb2em\u00bb custom_margin=\u00bb2%|0%|2%|0%|true|true\u00bb custom_padding=\u00bb||0px|0px||\u00bb text_font_size_tablet=\u00bb17px\u00bb text_font_size_phone=\u00bb16px\u00bb text_font_size_last_edited=\u00bbon|phone\u00bb locked=\u00bboff\u00bb inline_fonts=\u00bbRubik,Alkalami,Titillium Web\u00bb global_colors_info=\u00bb{}\u00bb]<\/p>\n<p><span style=\"font-weight: 400; font-size: large;\">Hace poco los deliverys hicieron un mapa de la ciudad de C\u00f3rdoba en donde discriminan los lugares en donde frecuentemente hay robos. Lo que m\u00e1s me gusta de este gr\u00e1fico es que la ciudad no tiene una \u201czona delictiva\u201d, sino m\u00e1s bien bloques que se incrustan o suceden entre barrios \u201cno delictivos\u201d.\u00a0<\/span><\/p>\n<p><span style=\"font-size: x-large;\"><b>13.<\/b><\/span><\/p>\n<p><span style=\"font-weight: 400; font-size: large;\">De Certeau explica que la ciudad est\u00e1 definida por operaciones: la de organizarse racionalmente, eliminando las contaminaciones f\u00edsicas, mentales y pol\u00edticas que puedan comprometerla, la de sustituci\u00f3n de las tradiciones y la historia por lo nuevo y la creaci\u00f3n de un sujeto universal y an\u00f3nimo que es la ciudad (106). Estas operaciones dan sustento a la ciudad como concepto pero son su propia condena: al mismo tiempo que se va formando, la ciudad va produciendo aquello que no quiere. En la ciudad de C\u00f3rdoba o en CABA los cementerios, por ejemplo, quedaron en el medio de la ciudad. Aquellas contaminaciones, amuralladas en el caso del Cementerio de La Recoleta, hoy son points tur\u00edsticos que se pueden visitar. La ciudad debe apropiarse de estos lugares expulsados y darles una funcionalidad si quiere mantenerlos en su ejido urbano.\u00a0<\/span><\/p>\n<p><span style=\"font-size: x-large;\"><strong>14.<\/strong><\/span><span style=\"font-weight: 400; font-size: large;\"><\/span><\/p>\n<p><span style=\"font-weight: 400; font-size: large;\">Los cementerios y las \u201czonas delictivas\u201d deben ser fagocitadas por la ciudad e integrarse a su funcionamiento, su operatoria.\u00a0<\/span><\/p>\n<p><strong><span style=\"font-size: x-large;\"><\/span><\/strong><\/p>\n<p><strong><span style=\"font-size: x-large;\">15.<\/span><\/strong><span style=\"font-weight: 400; font-size: large;\"><\/span><\/p>\n<p>\u00a0<span style=\"font-weight: 400; font-size: large;\">Hay un fen\u00f3meno \u00fanico que se da en C\u00f3rdoba y es la creaci\u00f3n de se\u00f1as con las manos que referencian a sus barrios. Carlos La Mona Jimenez crea estas se\u00f1as y sus fan\u00e1ticos las aprenden. En cada show, los espectadores le hacen esas se\u00f1as a la Mona y \u00e9l nombra a sus barrios.\u00a0<\/span><\/p>\n<p><span style=\"font-weight: 400; font-size: large;\"><\/span><\/p>\n<p><span style=\"font-weight: 400;\"><span style=\"font-size: large;\">Miguel Rep dibuj\u00f3 algunas de estas se\u00f1as:<\/span> <\/span><\/p>\n<p><span style=\"font-weight: 400;\"><\/span><\/p>\n<p>[\/et_pb_text][et_pb_image src=\u00bbhttps:\/\/urbe.com.ar\/revista\/wp-content\/uploads\/2026\/03\/Screenshot_426.png\u00bb title_text=\u00bbScreenshot_426&#8243; align=\u00bbcenter\u00bb _builder_version=\u00bb4.27.6&#8243; _module_preset=\u00bbdefault\u00bb global_colors_info=\u00bb{}\u00bb][\/et_pb_image][et_pb_text admin_label=\u00bbParrafo 1&#8243; _builder_version=\u00bb4.27.4&#8243; text_font=\u00bbTitillium Web||||||||\u00bb text_text_color=\u00bb#000000&#8243; text_font_size=\u00bb20px\u00bb text_line_height=\u00bb2em\u00bb custom_margin=\u00bb2%|0%|2%|0%|true|true\u00bb custom_padding=\u00bb||0px|0px||\u00bb text_font_size_tablet=\u00bb17px\u00bb text_font_size_phone=\u00bb16px\u00bb text_font_size_last_edited=\u00bbon|phone\u00bb locked=\u00bboff\u00bb inline_fonts=\u00bbRubik,Alkalami,Titillium Web\u00bb global_colors_info=\u00bb{}\u00bb]<\/p>\n<p><span style=\"font-size: x-large;\"><strong>16.<\/strong><\/span><\/p>\n<p><span style=\"font-size: large;\">En este video de <a href=\"https:\/\/www.youtube.com\/watch?v=jTtarDXCqwY\u00a0\">YouTube<\/a> hay otras.<\/span><\/p>\n<p><span style=\"font-size: large;\"><b><\/b><span style=\"font-size: x-large;\"><strong>17.<\/strong><\/span><\/span><\/p>\n<p><span style=\"font-size: large;\"><span style=\"font-weight: 400;\">En el libro <\/span><i><span style=\"font-weight: 400;\">Un p\u00e1jaro cruza el cielo con un grito<\/span><\/i><span style=\"font-weight: 400;\"> de Eduardo Savino, recientemente publicado por Hex\u00e1gono, los personajes se pasean por Mysims, una realidad virtual inspirada en el popular juego Los Sims pero con finalidades experimentales: los individuos son parte de un laboratorio conductual.\u00a0<\/span><\/span><\/p>\n<p><span style=\"font-weight: 400; font-size: large;\"><\/span><\/p>\n<p><span style=\"font-size: large;\"><span style=\"font-weight: 400;\">En ella se lee: <\/span><i><span style=\"font-weight: 400;\">Sal\u00eds con Gabriel despu\u00e9s del mediod\u00eda. El ritmo de la ciudad no baja a esta hora. Enormes tiendas, todas bastante similares, de paredes blancas y nombres como Carne, Banana y La tienda de todas las cosas, a ambos costados de la avenida. Edificios cubiertos de espejos como el de tu oficina.\u00a0<\/span><\/i><\/span><\/p>\n<p><span style=\"font-size: large;\"><i><span style=\"font-weight: 400;\"><\/span><\/i><\/span><\/p>\n<p><span style=\"font-size: large;\"><strong><span style=\"font-size: x-large;\">18.<\/span> <\/strong><\/span><\/p>\n<p><span style=\"font-size: large;\">Sobre Bah\u00eda Blanca hay dos libros que me llaman la atenci\u00f3n. <i>Bah\u00eda Blanca<\/i> de Mart\u00edn Kohan y <i>Manual de Lengua y Literatura VII<\/i> de Mario Ortiz. Ortiz naci\u00f3 en ese lugar, Kohan no. Kohan escribe una ficci\u00f3n sobre un profesor que pasa una estad\u00eda en la ciudad y escribe un diario \u00edntimo. Ortiz juega con un televisor roto encontrado en una calle. A trav\u00e9s de ese televisor, que no tiene el vidrio de la pantalla, se ve la realidad, un \u00e1rbol con sus hojas. El marco le da un plano, al estilo del cine, pero ya no tiene la proyecci\u00f3n que antes tuvo, ya no podemos ver Alaska ni el desierto del Sahara, ahora vemos lo que est\u00e1 inmediatamente detr\u00e1s del electrodom\u00e9stico. Alaska es real, pero el espectador ve una proyecci\u00f3n. El \u00e1rbol del patio de la casa de Ortiz, tambi\u00e9n. La visi\u00f3n de Kohan sobre Bah\u00eda Blanca, \u00bfes lo que es Alaska al espectador del documental? <\/span><\/p>\n<p><span style=\"font-size: large;\"><\/span><\/p>\n<p><span style=\"font-size: large;\"><strong><span style=\"font-size: x-large;\">19.<\/span> <\/strong><\/span><\/p>\n<p><span style=\"font-size: large;\">Disfruto mucho mirando las p\u00e1ginas de Ig denominadas \u201cobserved\u201d, Shangaiobserved, rusiaobserved, cordobaobservd, etc. En ellas se coleccionan un sinf\u00edn de videos observacionales sobre las locaciones, la mayor\u00eda son rarezas, pero en esas rarezas se deja ver el estado actual de la calle. <\/span><\/p>\n<p><span style=\"font-size: large;\"><strong><\/strong><\/span><\/p>\n<p><span style=\"font-size: large;\"><strong><span style=\"font-size: x-large;\">20.<\/span> <\/strong><\/span><\/p>\n<p><span style=\"font-size: large;\">Umberto Eco dice que se distinguen dos tipos de listas, la po\u00e9tica y la pr\u00e1ctica. Las enciclopedias forman parte de esta \u00faltima. Silvia Molloy piensa a Buenos Aires como un \u201carchivo literario\u201d en el que su topograf\u00eda est\u00e1 compuesta por citas que forman una gran enciclopedia. Dice Molloy que pretend\u00eda dar un seminario con esta idea, pero que a veces hay ideas que es mejor no llevarlas a la pr\u00e1ctica. <\/span><\/p>\n<p><span style=\"font-size: large;\"><\/span><\/p>\n<p><span style=\"font-size: large;\"><strong><span style=\"font-size: x-large;\">21.<\/span> <\/strong><\/span><\/p>\n<p><span style=\"font-size: large;\"><\/span><\/p>\n<p><span style=\"font-size: large;\">\u201cEl viajero conoce todas estas bellezas porque las ha visto ya en otras ciudades\u201d, escribe Calvino en <i>Las<\/i> <i>ciudades invisibles<\/i>. Pienso en Borges, en sus dobles, los espejos que aterran a los personajes Borges y Bioy en el inicio de <i>Tl\u00f6n, Uqbar, Orbis Tertius. <\/i>Para Freud lo ominoso est\u00e1 en los parecidos, en verse en un otro fuera de nosotros, en ver lo familiar proyectado en otra cosa, en otra persona. El viajero conoce todas las bellezas \u00bfo todas las pesadillas? porque las ha visto ya en otros sue\u00f1os. <\/span><\/p>\n<p><span style=\"font-size: large;\"><\/span><\/p>\n<p><span style=\"font-size: large;\"><strong><span style=\"font-size: x-large;\">22.<\/span> <\/strong><\/span><\/p>\n<p><span style=\"font-size: large;\"><\/span><\/p>\n<p><span style=\"font-size: large;\">Alan Pauls habla de \u201cZonas s\u00edntomas\u201d, lugares cr\u00edticos de una ciudad, lugares en donde nos perdemos pero que nos conectan con nuestra infancia, \u201cnos devuelven a una especie de estado infantil\u201d. Lugares donde \u201cperdemos discernimiento, nos atolondramos, desfallece hasta nuestra motricidad\u201d. Son lugares peligrosos, lugares donde ocurren los accidentes. Yo tuve un solo episodio curioso en C\u00f3rdoba de este tipo, en el puente Maldonado, uno que conecta Yapey\u00fa, San Vicente y Maldonado, un lugar un tanto peligroso por el que cruzaba cada tarde de 2018. Iba mandando audios de whatsapp con amigos, me iba a encontrar con ellos en Rosario. Una moto me cruz\u00f3 en la vereda y su chofer me manote\u00f3 el celular. La mala suerte de \u00e9l (y la buena m\u00eda) hizo que este se cayera y no me lo pudiera robar. <\/span><\/p>\n<p><span style=\"font-size: large;\"><\/span><\/p>\n<p><span style=\"font-size: large;\"><strong><span style=\"font-size: x-large;\">23.<\/span> <\/strong><\/span><\/p>\n<p><span style=\"font-size: large;\"><\/span><\/p>\n<p><span style=\"font-size: large;\">El historiador de la moda y el arte Giorgio Riello sostiene que la moda comenz\u00f3 con la salida de la Edad Media y el comienzo del Renacimiento, cuando la poblaci\u00f3n se fue del campo a las ciudades. Durante la sociedad Feudal la vestimenta era funcional a las labores del campo. Con la vida citadina, las personas comenzaron a vestirse para ser observados en la v\u00eda p\u00fablica, para distinguirse del otro. <\/span><\/p>\n<p><span style=\"font-size: large;\"><i><\/i><\/span><\/p>\n<p><span style=\"font-size: large;\"><strong><span style=\"font-size: x-large;\">24.<\/span> <\/strong><\/span><\/p>\n<p><span style=\"font-size: large;\"><i><\/i><\/span><\/p>\n<p><span style=\"font-size: large;\"><i>E<\/i><i>stas dos dimensiones coexisten a menudo, concertando citas secretas. Como nos recuerda Bernard S\u00e8ve \u00abla lista<\/i><i> p<\/i><i>one orden e incita a la dispersi\u00f3n al mismo tiempo; la lista es indiferentemente cerrada y abierta, est\u00e1tica y<\/i> <i>din\u00e1mica, finita e infinita, ordenada y desordenada, sin dejar nunca de ser una lista\u00bb. Por esa duplicidad, al ser a<\/i> <i>la vez instrumento de orden y fuente de desorientaci\u00f3n, la lista genera arrebato y desconcierto.<\/i> <b>Alessandro Michele <\/b><\/span><\/p>\n<p><span style=\"font-size: large;\"><\/span><\/p>\n<p><span style=\"font-size: large;\"><strong><span style=\"font-size: x-large;\">25.<\/span> <\/strong><\/span><\/p>\n<p><span style=\"font-size: large;\"><\/span><\/p>\n<p><span style=\"font-size: large;\">En el agujero negro del Aleph de Borges se ve una lista de cosas que, siguiendo la l\u00f3gica de Pablo Katchadjian, podr\u00eda ordenarse as\u00ed:<\/span><\/p>\n<p><span style=\"font-size: large;\">a) Vi el populoso mar, <br \/><\/span><span style=\"font-size: large;\">b) vi el alba y la tarde, <br \/><\/span><span style=\"font-size: large;\">c) vi las muchedumbres de Am\u00e9rica, <br \/><\/span><span style=\"font-size: large;\">d) vi una plateada telara\u00f1a en el centro de una negra pir\u00e1mide, <br \/><\/span><span style=\"font-size: large;\">e) vi un laberinto roto (era Londres), <br \/><\/span><span style=\"font-size: large;\">f) vi interminables ojos inmediatos escrut\u00e1ndose en m\u00ed como en un espejo, <br \/><\/span><span style=\"font-size: large;\">g) vi todos los espejos del planeta y ninguno me reflej\u00f3, <br \/><\/span><span style=\"font-size: large;\">h) vi en un traspatio de la calle Soler las mismas baldosas que hace treinta a\u00f1os<br \/><\/span><span style=\"font-size: large;\">i) vi en el zagu\u00e1n de una casa en Fray Bentos, <br \/><\/span><span style=\"font-size: large;\">j) vi racimos, nieve, tabaco, vetas de metal, vapor de agua, <br \/><\/span><span style=\"font-size: large;\">k) vi convexos desiertos ecuatoriales y cada uno de sus granos de arena, <br \/><\/span><span style=\"font-size: large;\">l) vi en Inverness a una mujer que no olvidar\u00e9, <br \/><\/span><span style=\"font-size: large;\">m) vi la violenta cabellera, el altivo cuerpo, <br \/><\/span><span style=\"font-size: large;\">n) vi un c\u00e1ncer de pecho, <br \/><\/span><span style=\"font-size: large;\">o) vi un c\u00edrculo de tierra seca en una vereda, donde antes hubo un \u00e1rbol, <br \/><\/span><span style=\"font-size: large;\">p) vi una quinta de Adrogu\u00e9, un ejemplar de la primera versi\u00f3n inglesa de Plinio, la de Philemont Holland, <br \/><\/span><span style=\"font-size: large;\">q) vi a un tiempo cada letra de cada p\u00e1gina (de chico yo sol\u00eda maravillarme de que las letras de un volumen cerrado no se mezclaran y perdieran en el decurso de la noche), <br \/><\/span><span style=\"font-size: large;\">r) vi la noche y el d\u00eda contempor\u00e1neo, <br \/><\/span><span style=\"font-size: large;\">s) vi un poniente en Quer\u00e9taro que parec\u00eda reflejar el color de una rosa en Bengala,<br \/>t) vi mi dormitorio sin nadie, <br \/><\/span><span style=\"font-size: large;\">u) vi en un gabinete de Alkmaar un globo terr\u00e1queo entre dos espejos que lo multiplicaban sin fin,<br \/>v) vi caballos de crin arremolinada, en una playa del Mar Caspio en el alba, <br \/><\/span><span style=\"font-size: large;\">w) vi la delicada osadura de una mano, <br \/><\/span><span style=\"font-size: large;\">x) vi a los sobrevivientes de una batalla, enviando tarjetas postales, <br \/><\/span><span style=\"font-size: large;\">y) vi en un escaparate de Mirzapur una baraja espa\u00f1ola, <br \/><\/span><span style=\"font-size: large;\">z) vi las sombras oblicuas de unos helechos en el suelo de un invern\u00e1culo, <br \/><\/span><span style=\"font-size: large;\">aa) vi tigres, \u00e9mbolos, bisontes, marejadas y ej\u00e9rcitos, <br \/><\/span><span style=\"font-size: large;\">bb) vi todas las hormigas que hay en la tierra, <br \/><\/span><span style=\"font-size: large;\">cc) vi un astrolabio persa, <br \/><\/span><span style=\"font-size: large;\">dd) vi en un caj\u00f3n del escritorio (y la letra me hizo temblar) cartas obscenas, incre\u00edbles, precisas, que Beatriz hab\u00eda dirigido a Carlos Argentino,<br \/><\/span><span style=\"font-size: 20px;\">ee) vi un adorado monumento en la Chacarita,<br \/><\/span><span style=\"font-size: large;\">ff) vi la reliquia atroz de lo que deliciosamente hab\u00eda sido Beatriz Viterbo, <br \/><\/span><span style=\"font-size: large;\">gg) vi la circulaci\u00f3n de mi propia sangre, <br \/><\/span><span style=\"font-size: large;\">hh) vi el engranaje del amor y la modificaci\u00f3n de la muerte, <br \/><\/span><span style=\"font-size: large;\">ii) vi el Aleph, desde todos los puntos, <br \/><\/span><span style=\"font-size: large;\">jj) vi en el Aleph la tierra, vi mi cara y mis v\u00edsceras, <br \/><\/span><span style=\"font-size: large;\">kk) vi tu cara,<br \/><\/span><span style=\"font-size: large;\">ll) y sent\u00ed v\u00e9rtigo <br \/><\/span><span style=\"font-size: large;\">mm) y llor\u00e9, porque mis ojos hab\u00edan visto ese objeto secreto y conjetural, cuyo nombre usurpan los hombres, pero que ning\u00fan hombre ha mirado: el inconcebible universo. <\/span><\/p>\n<p><strong style=\"font-size: large;\"><span style=\"font-size: x-large;\">26.<\/span><\/strong><\/p>\n<p><span style=\"font-size: large;\"><span style=\"font-weight: 400;\">Homero clasifica los comandantes que atacar\u00e1n Troya para identificarlos, conocerlos en el canto II de la <\/span><i><span style=\"font-weight: 400;\">Il\u00edada<\/span><\/i><span style=\"font-weight: 400;\">. Las listas pueden servir para conocer mejor las cosas, los animales, los lugares. Una lista con 1186 naves, \u00bfordena? <\/span><\/span><\/p>\n<p><span style=\"font-size: large;\"><\/span><\/p>\n<p><span style=\"font-size: large;\"><strong><span style=\"font-size: x-large;\">27.<\/span> <\/strong><\/span><\/p>\n<p><span style=\"font-size: large;\"><\/span><\/p>\n<p><span style=\"font-size: large;\">En <i>Las ciudades y el deseo 3<\/i> de Calvino se lee:\u00a0<\/span><\/p>\n<p><span style=\"font-size: large;\"><i><span style=\"font-weight: 400;\">\u201cTal vez el imperio, pens\u00f3 Kublai, no es m\u00e1s que un zodiaco de fantasmas de la mente.<\/span><\/i><i><span style=\"font-weight: 400;\"> \u2014<\/span><\/i><i><span style=\"font-weight: 400;\">El d\u00eda en el cual conozca todos los emblemas \u2014le pregunt\u00f3 a Marco\u2014, \u00bfpodr\u00e9 poseer al fin mi imperio?<\/span><\/i><i><span style=\"font-weight: 400;\"> E<\/span><\/i><i><span style=\"font-weight: 400;\">l veneciano respondi\u00f3:<\/span><\/i><i><span style=\"font-weight: 400;\">\u00a0<\/span><\/i><\/span><\/p>\n<p><span style=\"font-size: large;\"><i><span style=\"font-weight: 400;\">\u2014<\/span><\/i><i><span style=\"font-weight: 400;\">Majestad, no lo creas. <\/span><\/i><b><i>Ese d\u00eda ser\u00e1s t\u00fa mismo un emblema entre los emblemas.<\/i><\/b><b><i>\u201d<\/i><\/b><\/span><\/p>\n<p><span style=\"font-size: large;\"><\/span><\/p>\n<p><span style=\"font-size: large;\"><strong><span style=\"font-size: x-large;\">28.<\/span> <\/strong><\/span><\/p>\n<p><span style=\"font-size: large;\"><\/span><\/p>\n<p><span style=\"font-size: large;\">Calvino me lleva a Plat\u00f3n y su cr\u00edtica a la escritura en el Fedro. En ella el fil\u00f3sofo postula que la escritura da\u00f1ar\u00e1 la memoria pues no la usaremos m\u00e1s para retener los conocimientos. Memorizar \u201ctodos los emblemas\u201d es de por s\u00ed un emblema para Kublai Kan. Lo que no supo Plat\u00f3n es que con la escritura se pod\u00edan hacer m\u00e1s cosas que retener. <\/span><\/p>\n<p><span style=\"font-size: large;\"><\/span><\/p>\n<p><span style=\"font-size: large;\"><strong><span style=\"font-size: x-large;\">29.<\/span> <\/strong><\/span><\/p>\n<p><span style=\"font-size: large;\"><\/span><\/p>\n<p><span style=\"font-size: large;\">Borges clasifica animales en <i>E<\/i><i>l idioma anal\u00edtico de John Wilkins<\/i>, \u00bfpara ordenarlos?<\/span><\/p>\n<p><span style=\"font-size: large;\"><\/span><\/p>\n<p><span style=\"font-size: large;\"><strong><span style=\"font-size: x-large;\">30.<\/span> <\/strong><\/span><\/p>\n<p><span style=\"font-size: large;\"><\/span><\/p>\n<p><span style=\"font-size: large;\">Hay otro Wilkins, el autor de la canci\u00f3n Sopa de caracol: https:\/\/www.youtube.com\/watch?v=NAsWFmIFIbM. Tiene un castillo en Tanti, en las sierras de C\u00f3rdoba. Pas\u00e9 mil veces por su fachada y lo \u00fanico que sab\u00eda de \u00e9l era que se llamaba \u201cEl castillo de Wilkins\u201d. Casualmente estaba buscando informaci\u00f3n sobre el m\u00fasico y me apareci\u00f3 una nota que le hacen en su castillo:https:\/\/www.youtube.com\/watch?v=CWfqvGgwUgA. Todo este tiempo teniendo un nombre y nunca pudiendo asociarlo a una figura, a una persona. <\/span><\/p>\n<p><span style=\"font-size: large;\"><\/span><\/p>\n<p><span style=\"font-size: large;\"><strong><span style=\"font-size: x-large;\">31.<\/span> <\/strong><\/span><\/p>\n<p><span style=\"font-size: large;\"><\/span><\/p>\n<p><span style=\"font-size: large;\">El desfile de moda Clones de Balenciaga, dirigido por Demna Gvasalia es la \u201canti lista\u201d: <a href=\"https:\/\/elpais.com\/smoda\/moda\/balanciaga-primavera-2022-clones-desfile.html\">https:\/\/elpais.com\/smoda\/moda\/balanciaga-primavera-2022-clones-desfile.html<\/a>. En \u00e9l se suceden una serie de modelos creados digitalmente, que no se distinguen uno del otro. S\u00ed, var\u00edan sus ropas pero sus rostros no. Se especula con que el desfile fue un montaje 99% digital y que la \u00fanica que desfil\u00f3 fue la modelo fetiche de la marca Eliza Douglas y que el resto son copias de ella. El desfile comienza con esta frase:\u00a0<\/span><\/p>\n<p><span style=\"font-weight: 400; font-size: large;\"><\/span><\/p>\n<p><span style=\"font-size: large;\"><span style=\"font-weight: 400;\">\u201c<\/span><span style=\"font-weight: 400;\">Vemos nuestro mundo a trav\u00e9s de un filtro: perfeccionado, pulido, conformado, retocado con Photoshop. Ya<\/span> <span style=\"font-weight: 400;\">no desciframos entre in\u00e9dito y alterado, genuino y falso, tangible y conceptual, realidad y ficci\u00f3n, falso y<\/span> <span style=\"font-weight: 400;\">deepfake. La tecnolog\u00eda crea realidades e identidades alternativas, un mundo de clones digitales\u201d.<\/span><span style=\"font-weight: 400;\"> <\/span><\/span><\/p>\n<p><span style=\"font-size: large;\"><\/span><\/p>\n<p><span style=\"font-size: large;\"><strong><span style=\"font-size: x-large;\">32.<\/span> <\/strong><\/span><\/p>\n<p><span style=\"font-size: large;\"><\/span><\/p>\n<p><span style=\"font-size: large;\">Hay tres libros que hablan de Ohio:\u00a0<\/span><\/p>\n<p><span style=\"font-size: large;\"><span style=\"font-weight: 400;\">1) <\/span><i><span style=\"font-weight: 400;\">Knockemstiff <\/span><\/i><span style=\"font-weight: 400;\">de Donald Ray Pollock<\/span><span style=\"font-weight: 400;\">\u00a0<\/span><\/span><\/p>\n<p><span style=\"font-size: large;\"><span style=\"font-weight: 400;\">2) <\/span><i><span style=\"font-weight: 400;\">Winesburg<\/span><\/i><span style=\"font-weight: 400;\">, Ohio de Sherwood Anderson<\/span><span style=\"font-weight: 400;\">\u00a0<\/span><\/span><\/p>\n<p><span style=\"font-size: large;\"><span style=\"font-weight: 400;\">3) <\/span><i><span style=\"font-weight: 400;\">La guerra humana,<\/span><\/i><span style=\"font-weight: 400;\"> de Noah Cicero<\/span><span style=\"font-weight: 400;\"> <\/span><\/span><\/p>\n<p><span style=\"font-size: large;\"><\/span><\/p>\n<p><span style=\"font-size: large;\"><strong><span style=\"font-size: x-large;\">33.<\/span> <\/strong><\/span><\/p>\n<p><span style=\"font-size: large;\"><\/span><\/p>\n<p><span style=\"font-size: large;\">Georges Perec escribi\u00f3 <i>Je me souviens <\/i>en el a\u00f1o 1978 inspirado en <i>I remember <\/i>de Joe Brainard, escrito en 1970. Mart\u00edn Kohan escribi\u00f3 <i>Me acuerdo <\/i>en 2020 y comienza con una cita que involucra a ambos:\u00a0<\/span><\/p>\n<p><span style=\"font-size: large;\"><span style=\"font-weight: 400;\">\u201cUn libro digno de ser copiado<\/span><span style=\"font-weight: 400;\">\u201d. <\/span><span style=\"font-weight: 400;\">Georges Perec sobre <\/span><i><span style=\"font-weight: 400;\">I remember<\/span><\/i><span style=\"font-weight: 400;\"> de Joe Brainard<\/span><span style=\"font-weight: 400;\"> <\/span><\/span><\/p>\n<p><span style=\"font-size: large;\"><\/span><\/p>\n<p><span style=\"font-size: large;\"><strong><span style=\"font-size: x-large;\">34.<\/span> <\/strong><\/span><\/p>\n<p><span style=\"font-size: large;\"><\/span><\/p>\n<p><span style=\"font-size: large;\">En C\u00f3rdoba lo cotidiano es la noche. No es una ciudad muy linda de d\u00eda, tiene pocos parques y pocas plazas, pocos \u00e1rboles en las avenidas y poca vegetaci\u00f3n a orillas del r\u00edo. La intendencia de Mart\u00edn Llaryora, es cierto, mejor\u00f3 un poco esto, aunque salir en enero a las 3 de la tarde es casi imposible. Sin embargo, la noche es lo que a todos atrapa. La cantidad de bares, clubes nocturnos, discotecas y bailes de cuarteto es incre\u00edble.<\/span><\/p>\n<p><span style=\"font-weight: 400;\"><\/span><\/p>\n<p>[\/et_pb_text][et_pb_image src=\u00bbhttps:\/\/urbe.com.ar\/revista\/wp-content\/uploads\/2023\/05\/WhatsApp-Image-2023-03-13-at-16.37.45.jpeg\u00bb title_text=\u00bbWhatsApp Image 2023-03-13 at 16.37.45&#8243; align=\u00bbcenter\u00bb _builder_version=\u00bb4.27.5&#8243; _module_preset=\u00bbdefault\u00bb custom_margin=\u00bb3%||3%||true|false\u00bb global_colors_info=\u00bb{}\u00bb][\/et_pb_image][et_pb_text admin_label=\u00bbParrafo 1&#8243; _builder_version=\u00bb4.27.6&#8243; text_font=\u00bbTitillium Web||||||||\u00bb text_text_color=\u00bb#000000&#8243; text_font_size=\u00bb20px\u00bb text_line_height=\u00bb2em\u00bb custom_margin=\u00bb2%|0%|2%|0%|true|true\u00bb custom_padding=\u00bb||0px|0px||\u00bb text_font_size_tablet=\u00bb17px\u00bb text_font_size_phone=\u00bb16px\u00bb text_font_size_last_edited=\u00bbon|phone\u00bb locked=\u00bboff\u00bb inline_fonts=\u00bbRubik,Alkalami,Titillium Web\u00bb global_colors_info=\u00bb{}\u00bb]<\/p>\n<p><strong><span style=\"font-size: x-large;\">35. <\/span><\/strong><\/p>\n<p><span style=\"font-size: large;\">Los eventos cuarteteros se dan de lunes a lunes, de enero a enero, dir\u00eda Rodrigo. No hay d\u00eda de la semana en que no haya bailes y, durante los fines de semana, hay hasta 5 en simult\u00e1neo.\u00a0<\/span><\/p>\n<p><span style=\"font-size: large;\"><\/span><\/p>\n<p><span style=\"font-weight: 400; font-size: large;\">Existen dos tipos de bailes:\u00a0<\/span><\/p>\n<p><span style=\"font-weight: 400; font-size: large;\"><\/span><\/p>\n<ol>\n<ol>\n<li><span style=\"font-weight: 400; font-size: large;\">a) los ocasionales\u00a0<\/span><\/li>\n<li><span style=\"font-weight: 400; font-size: large;\">b) los cl\u00e1sicos. <\/span><\/li>\n<\/ol>\n<\/ol>\n<p>\u00a0Los primeros son aquellos que hace un artista en un lugar itinerante. Los segundos son aquellos invariables: un d\u00eda, un lugar y un artista fijos se repiten eternamente. Por ejemplo, Ulises Bueno (hermano de Rodrigo) tuvo su cl\u00e1sico de viernes en La Morocha, un baile en pleno centro, en Maip\u00fa 355. Durante todo 2018 y 2019, los viernes Ulises hac\u00eda su cl\u00e1sico. Otro cl\u00e1sico, que perdura hasta el d\u00eda de hoy y que viene de antes de la pandemia, es el lunes de La Banda de Carlitos en La Morocha o en Casablanca (Los Andes 39). A ese tambi\u00e9n fui, por supuesto.\u00a0<\/p>\n<p><span style=\"font-size: large;\"><\/span><\/p>\n<p><span style=\"font-weight: 400; font-size: large;\"><\/span><\/p>\n<p><span style=\"font-weight: 400; font-size: large;\">Los d\u00edas martes siempre (desde hace m\u00e1s de 10 a\u00f1os) tuvo su cl\u00e1sico Cachumba en La Jungla (Mitre 153) aunque Monada tuvo su cl\u00e1sico (apenas dos a\u00f1os seguidos) de martes en La Sala del Rey (Humberto Primo 439).<\/span><\/p>\n<p><span style=\"font-weight: 400; font-size: large;\"><\/span><\/p>\n<p><span style=\"font-size: large;\"><span style=\"font-weight: 400;\">Los mi\u00e9rcoles tiene su cl\u00e1sico Dami\u00e1n C\u00f3rdoba, aunque suele cambiar de locaci\u00f3n, pero siempre los mi\u00e9rcoles. Otra cantante que tiene su cl\u00e1sico los mi\u00e9rcoles es Magui Olave, en la Sala del Rey. Los jueves el cl\u00e1sico desde hace dos a\u00f1os es de <\/span><span style=\"font-weight: 400;\">DesaKTa2<\/span><span style=\"font-weight: 400;\">, tambi\u00e9n en la Sala del Rey y los viernes el cl\u00e1sico es El loco Amato en Estadio Atenas (Alejandro Aguado 687) desde que la Mona no hace m\u00e1s su cl\u00e1sico Sargento Cabral.\u00a0<\/span><\/span><\/p>\n<p><span style=\"font-size: large;\"><span style=\"font-weight: 400;\"><\/span><\/span><\/p>\n<p><span style=\"font-size: large;\"><span style=\"font-weight: 400;\">Los s\u00e1bados, actualmente, los cl\u00e1sicos se reparten entre varias bandas: Q Lokura en La plaza de la m\u00fasica (Mestre y Mendoza), La Banda de Carlitos en el Estadio del Centro (Santa Fe al 500), <\/span><span style=\"font-weight: 400;\">DesaKTa2 <\/span><span style=\"font-weight: 400;\">en la Sala del Rey. Los d\u00edas s\u00e1bados siempre fluct\u00faan y hacen su cl\u00e1sico las bandas del momento. Y los domingos tambi\u00e9n es un d\u00eda que fluct\u00faa mucho: tuvieron su cl\u00e1sico Dami\u00e1n C\u00f3rdoba, Cachumba, Monada, etc.<\/span><\/span><\/p>\n<p><span style=\"font-size: large;\"><\/span><\/p>\n<p><span style=\"font-size: large;\">Por lo general, los cl\u00e1sicos ocurren los d\u00edas de semana. Las bandas se apropian de un d\u00eda en especial y tienen a sus fieles seguidores. Muchas bandas reinan durante a\u00f1os y a\u00f1os en sus cl\u00e1sicos. En cambio, los fines de semana, van cambiando. De todos modos, como mencion\u00e9 antes, una fija es el cl\u00e1sico de el Loco Amato los viernes y fue siempre La Mona en El Sargento Cabral (Sargento Cabral y Jun\u00edn) ese mismo d\u00eda.<\/span><\/p>\n<p><span style=\"font-size: large;\"><\/span><\/p>\n<p><span style=\"font-size: large;\">Hay mucha gente que cuenta haber ido sin faltar durante 15 a\u00f1os a uno u otro cl\u00e1sico, sobre todo a los de la Mona en el Sargento. En lo que respecta a m\u00ed, nunca segu\u00ed a un solo grupo de manera fija pero s\u00ed repet\u00ed muchos bailes de Cachumba en un lugar que se llamaba Viejo Molino y que quedaba a la vuelta de mi casa. <\/span><\/p>\n<p><span style=\"font-size: large;\"><\/span><\/p>\n<p><strong><span style=\"font-size: x-large;\">36. <\/span><\/strong><\/p>\n<p><span style=\"font-size: large;\"><\/span><\/p>\n<p><span style=\"font-size: large;\">Otra cosa buena que tiene la ciudad es que est\u00e1 muy cerca de las sierras. Ac\u00e1 va una lista de pueblos y ciudades que est\u00e1n sobre la ruta 38:\u00a0<\/span><\/p>\n<p><span style=\"font-size: large;\"><\/span><\/p>\n<p><span style=\"font-weight: 400; font-size: large;\">&#8211; Villa Carlos Paz\u00a0<\/span><\/p>\n<p><span style=\"font-weight: 400; font-size: large;\">&#8211; Bialet Mass\u00e9\u00a0<\/span><\/p>\n<p><span style=\"font-weight: 400; font-size: large;\">&#8211; Santa Mar\u00eda de Punilla\u00a0<\/span><\/p>\n<p><span style=\"font-weight: 400; font-size: large;\">&#8211; Cosqu\u00edn\u00a0<\/span><\/p>\n<p><span style=\"font-weight: 400; font-size: large;\">&#8211; Tanti (donde vive Wilkins)\u00a0<\/span><\/p>\n<p><span style=\"font-weight: 400; font-size: large;\">&#8211; Valle Hermoso\u00a0<\/span><\/p>\n<p><span style=\"font-weight: 400; font-size: large;\">&#8211; La Falda\u00a0<\/span><\/p>\n<p><span style=\"font-weight: 400; font-size: large;\">&#8211; Huerta Grande\u00a0<\/span><\/p>\n<p><span style=\"font-weight: 400; font-size: large;\">&#8211; Villa Giardino\u00a0<\/span><\/p>\n<p><span style=\"font-weight: 400; font-size: large;\">&#8211; La Cumbre\u00a0<\/span><\/p>\n<p><span style=\"font-weight: 400; font-size: large;\">&#8211; Cruz grande\u00a0<\/span><\/p>\n<p><span style=\"font-weight: 400; font-size: large;\">&#8211; Los cocos\u00a0<\/span><\/p>\n<p><span style=\"font-weight: 400; font-size: large;\">&#8211; Dolores\u00a0<\/span><\/p>\n<p><span style=\"font-weight: 400; font-size: large;\">&#8211; Capilla del Monte\u00a0<\/span><\/p>\n<p><span style=\"font-weight: 400; font-size: large;\">&#8211; Escobas\u00a0<\/span><\/p>\n<p><span style=\"font-weight: 400; font-size: large;\">&#8211; Los Sauces\u00a0<\/span><\/p>\n<p><span style=\"font-weight: 400; font-size: large;\">&#8211; Cruz del eje\u00a0<\/span><\/p>\n<p><span style=\"font-weight: 400; font-size: large;\">&#8211; Villa de Soto\u00a0<\/span><\/p>\n<p><span style=\"font-weight: 400; font-size: large;\">&#8211; Pichanas\u00a0<\/span><\/p>\n<p><span style=\"font-weight: 400; font-size: large;\">&#8211; Tuclame\u00a0<\/span><\/p>\n<p><span style=\"font-weight: 400; font-size: large;\">&#8211; Iglesia Vieja <\/span><\/p>\n<p><span style=\"font-size: large;\"><\/span><\/p>\n<p><strong><span style=\"font-size: x-large;\">37. <\/span><\/strong><\/p>\n<p><span style=\"font-size: large;\"><\/span><\/p>\n<p><span style=\"font-size: large;\">Mc Luhan anota en el libro <\/span><i style=\"font-size: large;\">El medio es el masaje<\/i><span style=\"font-size: large;\">:\u00a0<\/span><\/p>\n<p><span style=\"font-size: large;\"><\/span><\/p>\n<p><span style=\"font-size: large;\"><i><span style=\"font-weight: 400;\">El circuito el\u00e9ctrico ha demolido el r\u00e9gimen de \u00abtiempo\u00bb y \u00abespacio\u00bb, y vuelca sobre nosotros, al instante y continuamente, las preocupaciones de todos los otros hombres. Ha reconstruido el di\u00e1logo en escala global. Su mensaje es el Cambio Total, que acaba con el parroquialismo ps\u00edquico, social y econ\u00f3mico y pol\u00edtico. Los viejos agrupamientos c\u00edvicos, estatales y nacionales ya no funcionan. Nada podr\u00eda estar m\u00e1s alejado del esp\u00edritu de la nueva tecnolog\u00eda que \u00abun lugar para cada cosa y cada cosa en su lugar\u00bb. Usted ya no puede irse a casa. <\/span><\/i><\/span><\/p>\n<p><span style=\"font-size: large;\"><\/span><\/p>\n<p><strong><span style=\"font-size: x-large;\">38. <\/span><\/strong><\/p>\n<p><span style=\"font-size: large;\"><\/span><\/p>\n<p><span style=\"font-size: large;\">Resalto:\u00a0<\/span><\/p>\n<p><span style=\"font-size: large;\"><\/span><\/p>\n<p><span style=\"font-size: large;\"><b><i>Usted ya no puede irse a casa.<\/i><\/b><\/span><\/p>\n<p><span style=\"font-size: large;\"><b><i><\/i><\/b><\/span><\/p>\n<p><span style=\"font-size: large;\"><span style=\"font-weight: 400;\">Dice Stenislav Lem en su libro <\/span><i><span style=\"font-weight: 400;\">Congreso de futurolog\u00eda<\/span><\/i><span style=\"font-weight: 400;\">:\u00a0<\/span><\/span><\/p>\n<p><span style=\"font-size: large;\"><span style=\"font-weight: 400;\"><\/span><\/span><\/p>\n<p><span style=\"font-size: large;\"><b><i>Ya no me tientan los viajes porque no hay donde volver.\u00a0<\/i><\/b><\/span><\/p>\n<p><span style=\"font-size: large;\"><b><i><\/i><\/b><\/span><\/p>\n<p><strong><span style=\"font-size: x-large;\">39. <\/span><\/strong><\/p>\n<p><span style=\"font-size: large;\"><\/span><\/p>\n<p><span style=\"font-size: large;\">El tango \u201cNada\u201d de <\/span><span style=\"font-size: large;\">Jose Dames y Horacio Sanguinetti dice:<\/span><span style=\"font-size: large;\">\u00a0<\/span><\/p>\n<p><span style=\"font-size: large;\"><i><span style=\"font-weight: 400;\">N<\/span><\/i><i><span style=\"font-weight: 400;\">ada, nada queda en tu casa natal<\/span><\/i><i><span style=\"font-weight: 400;\">\u00a0<\/span><\/i><\/span><\/p>\n<p><span style=\"font-size: large;\"><i><span style=\"font-weight: 400;\">Solo telara\u00f1as que teje el yuyal<\/span><\/i><i><span style=\"font-weight: 400;\">\u00a0<\/span><\/i><\/span><\/p>\n<p><span style=\"font-size: large;\"><i><span style=\"font-weight: 400;\">Y el rosal tampoco existe<\/span><\/i><i><span style=\"font-weight: 400;\">\u00a0<\/span><\/i><\/span><\/p>\n<p><span style=\"font-size: large;\"><i><span style=\"font-weight: 400;\">Y es seguro que se ha muerto al irte t\u00fa<\/span><\/i><i><span style=\"font-weight: 400;\">\u00a0<\/span><\/i><\/span><\/p>\n<p><span style=\"font-size: large;\"><i><span style=\"font-weight: 400;\">Todo es una cruz<\/span><\/i><i><span style=\"font-weight: 400;\">\u00a0<\/span><\/i><\/span><\/p>\n<p><span style=\"font-size: large;\"><i><span style=\"font-weight: 400;\"><\/span><\/i><\/span><\/p>\n<p><span style=\"font-size: large;\"><span style=\"font-weight: 400;\">A la versi\u00f3n cantada por Julio Sosa la usaron para la pel\u00edcula argentina de Sci Fi <\/span><i><span style=\"font-weight: 400;\">La son\u00e1mbula<\/span><\/i><span style=\"font-weight: 400;\">, cuyo gui\u00f3n escribi\u00f3 Ricardo Piglia. En el final de la pel\u00edcula, el personaje principal hab\u00eda estado en un sue\u00f1o y logra salir de \u00e9l y volver al mundo real. Suena la canci\u00f3n.\u00a0<\/span><\/span><\/p>\n<p><span style=\"font-weight: 400;\"><\/span><\/p>\n<p>[\/et_pb_text][et_pb_image src=\u00bbhttps:\/\/urbe.com.ar\/revista\/wp-content\/uploads\/2026\/03\/Screenshot_427.png\u00bb title_text=\u00bbScreenshot_427&#8243; align=\u00bbcenter\u00bb _builder_version=\u00bb4.27.6&#8243; _module_preset=\u00bbdefault\u00bb global_colors_info=\u00bb{}\u00bb][\/et_pb_image][et_pb_text admin_label=\u00bbParrafo 1&#8243; _builder_version=\u00bb4.27.6&#8243; text_font=\u00bbTitillium Web||||||||\u00bb text_text_color=\u00bb#000000&#8243; text_font_size=\u00bb20px\u00bb text_line_height=\u00bb2em\u00bb custom_margin=\u00bb2%|0%|2%|0%|true|true\u00bb custom_padding=\u00bb||0px|0px||\u00bb text_font_size_tablet=\u00bb17px\u00bb text_font_size_phone=\u00bb16px\u00bb text_font_size_last_edited=\u00bbon|phone\u00bb locked=\u00bboff\u00bb inline_fonts=\u00bbRubik,Alkalami,Titillium Web\u00bb global_colors_info=\u00bb{}\u00bb]<\/p>\n<p><span style=\"font-size: x-large;\"><strong>40.<\/strong><\/span><\/p>\n<p><span style=\"font-size: large;\">El libro Ficciones de Borges son dos libros:<\/span><\/p>\n<p><span style=\"font-size: large;\">a) El jard\u00edn de senderos que se bifurcan (1941) <\/span><br \/><span style=\"font-size: large;\">b) Artificios (1944)<\/span><\/p>\n<p><span style=\"font-size: large;\">A mi edici\u00f3n le hice algunas anotaciones que reproduzco ac\u00e1:<\/span><\/p>\n<p><span style=\"font-size: large;\">El primer libro est\u00e1 compuesto por los cuentos:<\/span><\/p>\n<p><span style=\"font-size: large;\">a) Tl\u00f6n, Uqbar, Orbis Tertius: se reflexiona sobre los dobles mediante la imagen del espejo y la enciclopedia. Al comienzo est\u00e1n los personajes Borges y Bioy discutiendo sobre la ejecuci\u00f3n de una novela en primera persona cuando ven un espejo y, reflejados en \u00e9l, a ellos dos. Reflexionaron sobre lo abominable de los espejos y esa reflexi\u00f3n los llev\u00f3 a Uqbar, ciudad de la que se habla en una reimpresi\u00f3n de Anglo-American Cyclopaedia. Esa noche consultaron una reimpresi\u00f3n que hab\u00eda en la casa donde estaban y le faltaban 4 p\u00e1ginas (el art\u00edculo sobre Uqbar). Luego Bioy consulta en otra que estaba completa. El planteo del cuento versa sobre la copia y el original, lo real y lo proyectado en el espejo, la reimpresi\u00f3n de una enciclopedia, los mundos paralelos y superpuestos. Una enciclopedia es un objeto que clasifica, crea una lista, a decir de Eco, dentro de esa lista hay muchas entradas, una de esas entradas tiene a Uqbar y dentro de Uqbar est\u00e1 una regi\u00f3n ficticia llamada Tlon. <\/span><br \/><span style=\"font-size: large;\">b) El acercamiento a Almot\u00e1sim: nada. <\/span><br \/><span style=\"font-size: large;\">c) Pierre Menard, el autor del quijote: El personaje quiere volver a escribir p\u00e1gina por p\u00e1gina, letra por letra, el quijote, pero sin copiarlo. Quiere vivir la vida de Cervantes y que en ese vivir le vaya \u201csaliendo\u201d escribir la novela. En el medio del cuento hay una graciosa lista sobre la obra de Menard.<\/span><br \/><span style=\"font-size: large;\">d) Las ruinas circulares: relata un sue\u00f1o dentro de otro. <\/span><br \/><span style=\"font-size: large;\">e) La loter\u00eda de Babilonia: un mundo alternativo con reglas particulares. <\/span><br \/><span style=\"font-size: large;\">f) Examen de la obra de Herbert Quain: un libro dentro de otro libro. <\/span><br \/><span style=\"font-size: large;\">g) La biblioteca de Babel: El mundo infinito est\u00e1 dentro de otro finito, como un espejo que espeja a otro. <\/span><br \/><span style=\"font-size: large;\">h) El jard\u00edn de los senderos que se bifurcan: nada. <\/span><br \/><span style=\"font-size: large;\">Del segundo anot\u00e9 esto: <\/span><br \/><span style=\"font-size: large;\">a) Funes el memorioso: un tipo que recuerda todo tal cual sucedi\u00f3. Se desdobla la experiencia en el relato. Mundos paralelos que se tocan. <\/span><br \/><span style=\"font-size: large;\">b) La forma de la espada: La historia real contada desde otra perspectiva. <\/span><br \/><span style=\"font-size: large;\">c) Tema del traidor y del h\u00e9roe: La reflexi\u00f3n previa al cuento se incorpora al cuento. d) La muerte y la br\u00fajula: En un mismo caso policial se conjugan diferentes mundos que le obsesionan a Borges: jud\u00edo, hist\u00f3rico, orillero, perfecto. Es parecido a la pel\u00edcula Seven de David Fincher. e) El milagro secreto: Mundo del sue\u00f1o + mundo de la obra literaria + mundo real. f) Tres versiones de Judas: nada. <\/span><br \/><span style=\"font-size: large;\">g) El fin: El fin alternativo es m\u00e1s real que el fin real. <\/span><br \/><span style=\"font-size: large;\">h) La secta del F\u00e9nix: nada. <\/span><br \/><span style=\"font-size: large;\">i) El sur: Dos mundos, dos linajes, dos destinos en un mismo hombre.<\/span><\/p>\n<p><span style=\"font-size: large;\"><\/span><\/p>\n<p><strong><span style=\"font-size: x-large;\">41.<\/span><\/strong><\/p>\n<p><span style=\"font-size: large;\">La pel\u00edcula Copia certificada de Abbas Kiarostami reflexiona, al comienzo, a trav\u00e9s de su personaje principal, un escritor famoso, sobre el valor de la copia frente al original. Este defiende la copia y tiene discusiones con una seguidora suya. Durante toda la pel\u00edcula se muestran como una pareja de toda la vida que recorre una ciudad. La pel\u00edcula reflexiona de dos maneras sobre lo real y lo que se desprende de ello, sobre c\u00f3mo las apariencias pueden ser tan reales.<\/span><\/p>\n<p><span style=\"font-weight: 400;\"><\/span><\/p>\n<p>[\/et_pb_text][et_pb_image src=\u00bbhttps:\/\/urbe.com.ar\/revista\/wp-content\/uploads\/2026\/03\/Screenshot_428.png\u00bb title_text=\u00bbScreenshot_428&#8243; align=\u00bbcenter\u00bb _builder_version=\u00bb4.27.6&#8243; _module_preset=\u00bbdefault\u00bb global_colors_info=\u00bb{}\u00bb][\/et_pb_image][et_pb_text admin_label=\u00bbParrafo 1&#8243; _builder_version=\u00bb4.27.6&#8243; text_font=\u00bbTitillium Web||||||||\u00bb text_text_color=\u00bb#000000&#8243; text_font_size=\u00bb20px\u00bb text_line_height=\u00bb2em\u00bb custom_margin=\u00bb2%|0%|2%|0%|true|true\u00bb custom_padding=\u00bb||0px|0px||\u00bb text_font_size_tablet=\u00bb17px\u00bb text_font_size_phone=\u00bb16px\u00bb text_font_size_last_edited=\u00bbon|phone\u00bb locked=\u00bboff\u00bb inline_fonts=\u00bbRubik,Alkalami,Titillium Web\u00bb global_colors_info=\u00bb{}\u00bb]<\/p>\n<p><span style=\"font-size: x-large;\"><strong>42.<\/strong><\/span><\/p>\n<p><span style=\"font-size: large;\">Una vez camin\u00e9 por la ciudad de C\u00f3rdoba con una persona que reci\u00e9n conoc\u00eda y fingimos ser una pareja de a\u00f1os. Fuimos a ver la pel\u00edcula El nacional de Alejandro Hartmann al cineclub municipal Hugo del Carril. Al salir discutimos sobre el colegio donde mandar\u00edamos a nuestro hijo cuando creciera. Yo dec\u00eda que a un Ipem (escuela p\u00fablica com\u00fan) y ella al Mariano Moreno (Escuela p\u00fablica universitaria).<\/span><\/p>\n<p><span style=\"font-size: large;\"><\/span><\/p>\n<p><span style=\"font-size: x-large;\"><strong>43.<\/strong><\/span><\/p>\n<p><span style=\"font-size: large;\">Con ella llegamos a hacer una Playlist de spotify, se llama Locura y maldad en honor a un tema de reggaeton que estaba de moda en ese momento. A\u00fan la conservo en mi biblioteca junto a otras que luego fui creando. La \u00faltima es una que une canciones de Tan bi\u00f3nica y Airbag. Las playlist son el paisaje sonoro de nuestra \u00e9poca. Las canciones del verano nos recuerdan a lugares, personas. Me gustan los versos de Miranda que dicen: \u201cEl CD que hab\u00edamos compilado para hacer el amor,\/ ayer fue mi disco favorito\/ y hoy es lo m\u00e1s triste que o\u00ed\u201d.<\/span><\/p>\n<p><span style=\"font-size: large;\"><\/span><\/p>\n<p><span style=\"font-size: x-large;\"><strong>44.<\/strong><\/span><\/p>\n<p><span style=\"font-size: large;\"><\/span><\/p>\n<p><span style=\"font-size: large;\">En el cap\u00edtulo Algoritmos creativos del podcast Solaris de Jorge Carri\u00f3n se postula lo siguiente: el siglo XXI puede haber comenzado en el 2001, con el atentado a las torres gemelas, en el 2019, con la pandemia del virus Sars cov 19, o en 1997 con la derrota de Garty Kasparov en manos de la inteligencia artificial Deeper Blue. \u00bfDe qu\u00e9 depende esto? De lo que suceda de ahora en m\u00e1s en el siglo. Si ponderan las pandemias, localizaremos el comienzo en 2019; si ponderan las restantes, ser\u00e1n los otros a\u00f1os mencionados. Gilbert cita a Barenboim y dice: \u201cla historia, al igual que la m\u00fasica, se mueve en el tiempo. Un solo evento puede cambiar no s\u00f3lo c\u00f3mo nos acercamos al futuro, sino c\u00f3mo vemos el pasado. En m\u00fasica esto ocurre cuando una presi\u00f3n vertical s\u00fabita se coloca en la progresi\u00f3n horizontal, haciendo imposible que esta contin\u00fae como antes\u201d. Esa es la cuesti\u00f3n: el evento (la nota musical) que cambia el devenir del presente es quien define c\u00f3mo veremos el futuro y c\u00f3mo veremos el pasado. Si el encadenamiento de acontecimientos est\u00e1 determinado por la m\u00fasica vir\u00f3sica (o viral), asistiremos a un concierto qu\u00edmico\/biol\u00f3gico, si las tensiones pol\u00edticas mundiales est\u00e1n determinadas por ataques fugaces, r\u00e1pidos y aislados, la m\u00fasica sonar\u00e1 a terrorismo y, por \u00faltimo, si los desarrollos computacionales prosperan, el concierto tendr\u00e1 robots superando humanos. Lo importante aqu\u00ed es pensar la historia como una l\u00ednea de tiempo, donde los acontecimientos son notas y la configuraci\u00f3n musical va cambiando de ritmo.<\/span><\/p>\n<p><span style=\"font-size: large;\"><\/span><\/p>\n<p><span style=\"font-size: x-large;\"><strong>45.<\/strong> <\/span><br \/><span style=\"font-size: large;\"><\/span><\/p>\n<p><span style=\"font-size: large;\">Javier Aduriz escribi\u00f3 este poema: <\/span><br \/><span style=\"font-size: large;\">\u00bfO\u00eds el r\u00edo? <\/span><br \/><span style=\"font-size: large;\">\u00bfO\u00eds el r\u00edo, Okusai? No est\u00e1 lejos. <\/span><br \/><span style=\"font-size: large;\">Tiene el sonido ambiguo de la vida. <\/span><br \/><span style=\"font-size: large;\">Son como cascotitos limpi\u00e1ndose <\/span><br \/><span style=\"font-size: large;\">con la corriente, algo m\u00faltiple. <\/span><br \/><span style=\"font-size: large;\">Prest\u00e1 atenci\u00f3n. Detr\u00e1s del ruido <\/span><br \/><span style=\"font-size: large;\">se ve el nacimiento rudo de las cosas, <\/span><br \/><span style=\"font-size: large;\">eso \u00edntimo, desesperado, casi, casi <\/span><br \/><span style=\"font-size: large;\">enorme en su notoria nimiedad. <\/span><br \/><span style=\"font-size: large;\">\u00bfO\u00eds, Okusai? \u00bfVes? No necesito <\/span><br \/><span style=\"font-size: large;\">que me pongas esa cara de tintorero <\/span><br \/><span style=\"font-size: large;\">feliz. Dejate ir nom\u00e1s, un poco. <\/span><br \/><span style=\"font-size: large;\">\u00bfO vinimos nada m\u00e1s que para esto?<\/span><br \/><span style=\"font-size: large;\">Me detengo en la segunda estrofa, especialmente en estos versos: \u201cDetr\u00e1s del ruido\/ se ve el nacimiento rudo de las cosas,\u201d. <\/span><br \/><span style=\"font-size: large;\">En ellos se supone que las cosas, y por extensi\u00f3n, los hechos tienen su sonido. El Cyborg Neil Harbisson puede escuchar los colores y ver los sonidos a trav\u00e9s de un sistema de percepci\u00f3n que convierte vibraciones en im\u00e1genes mediante una antena enchufada en la cabeza. Advierte que los discursos de Hitler son coloridos y los de Obama de los m\u00e1s aburridos. <\/span><br \/><span style=\"font-size: large;\">Murakami coincide con Neil Harbisson, necesit\u00f3 de la m\u00fasica para ser novelista, para encadenar las palabras, darles ritmo. <\/span><br \/><span style=\"font-size: large;\">Pero m\u00e1s all\u00e1 de la experiencia del escritor, el curso de los acontecimientos requiere de un curso del relato. La historia del siglo XXI no comienza ni en el a\u00f1o 97, ni en el 19 ni en el 01. El relato de la historia, con su musicalidad propia, le imprime a los acontecimientos una melod\u00eda especial. El relato vendr\u00eda a ser una especie de armon\u00eda que encierra ese ritmo. Dice Murakami que la armon\u00eda son \u201clos sonidos mentales que sostienen las palabras\u201d. Las palabras, los acontecimientos, se entremezclan a un encadenamiento r\u00edtmico que los va relacionando. Dice Leila Guerriero: \u00abPorque esto es periodismo y tampoco hay relaci\u00f3n entre el coraje necesario para tocar un crescendo y el que hace falta para guiar a un lector hacia el centro donde, como una angustia lejana, como una enfermedad antigua, late la semilla de una historia\u201d. Me detengo en \u201cguiar al lector hacia (&#8230;) donde late la semilla de la historia\u201d.<\/span><\/p>\n<p><span style=\"font-size: large;\"><\/span><\/p>\n<p><span style=\"font-size: x-large;\"><strong>46.<\/strong><\/span><\/p>\n<p><span style=\"font-size: large;\">Dice Jorge Carri\u00f3n en su otro podcast Ecos, en su cap\u00edtulo El paisaje sonoro del capital: \u201cdesde que nos levantamos hasta que nos acostamos, escuchamos el sonido de nuestros dispositivos, comenzamos con un despertador y se suceden los audiologos de las apps, m\u00fasica, notificaciones, etc\u201d. Her\u00e1clito del siglo XXI, \u00bfpensar\u00e1 que escuchando este sonido https:\/\/www.youtube.com\/watch?v=GV3HUDMQ-F8 se accede al logos y as\u00ed al cosmos? El cosmos del siglo XXI, sensible y despojado de trascendencia, se parece a un concierto de propagandas y llamados de atenci\u00f3n a nuestra atenci\u00f3n. En la conclusi\u00f3n del texto de Gilbert se lee una cita de Pottier que sintetiza esta idea: \u201clas grandes fechas hist\u00f3ricas ofician de imanes de la m\u00fasica: atraen grupos, canciones, discos, palabras, les dan nuevas significaciones, orientaciones, impulsos (&#8230;)\u201d. El podcast Las raras se especializa en paisajes sonoros. En su serie Te busco se combina el relato de b\u00fasqueda del chofer que choc\u00f3 a la personaje principal en 2003. El oyente se sumerge en un ambiente en el que sonidos de calles, hospitales, polic\u00eda, departamentos p\u00fablicos y entrevistas se combinan para dar cauce a un relato. En ocasiones se habla del apuro de la personaje por encontrar un dato, en otras se escucha el ruido de las llaves, el descenso por las escaleras, el arranque del auto, su marcha r\u00e1pida hacia el destino.<\/span><\/p>\n<p><span style=\"font-weight: 400;\"><\/span><\/p>\n<p>[\/et_pb_text][et_pb_image src=\u00bbhttps:\/\/urbe.com.ar\/revista\/wp-content\/uploads\/2026\/03\/Screenshot_428.png\u00bb title_text=\u00bbScreenshot_428&#8243; align=\u00bbcenter\u00bb _builder_version=\u00bb4.27.6&#8243; _module_preset=\u00bbdefault\u00bb global_colors_info=\u00bb{}\u00bb][\/et_pb_image][et_pb_text admin_label=\u00bbParrafo 1&#8243; _builder_version=\u00bb4.27.6&#8243; text_font=\u00bbTitillium Web||||||||\u00bb text_text_color=\u00bb#000000&#8243; text_font_size=\u00bb20px\u00bb text_line_height=\u00bb2em\u00bb custom_margin=\u00bb2%|0%|2%|0%|true|true\u00bb custom_padding=\u00bb||0px|0px||\u00bb text_font_size_tablet=\u00bb17px\u00bb text_font_size_phone=\u00bb16px\u00bb text_font_size_last_edited=\u00bbon|phone\u00bb locked=\u00bboff\u00bb inline_fonts=\u00bbRubik,Alkalami,Titillium Web\u00bb global_colors_info=\u00bb{}\u00bb]<\/p>\n<p><span style=\"font-size: x-large;\"><strong>47.<\/strong><\/span><\/p>\n<p><span style=\"font-size: large;\">El silenciero de Antonio Di Benedetto es toda una oda a los ambientes sonoros. Lucrecia Martel en Zama trata de traducir al lenguaje cinematogr\u00e1fico la sonoridad que el novelista crea con palabras. El tratamiento que se le da al sonido es particular. Se lee: <\/span><br \/><span style=\"font-size: large;\">&#8211; \u201cHa mencionado el invasor m\u00e1s nuevo y ese todav\u00eda nos descoloca\u201d, refiri\u00e9ndose al televisor. &#8211; \u201cSacude algunas peque\u00f1eces igual que si fueran sonajeros, esperando sus voces interiores\u201d, sobre los objetos del hogar. <\/span><br \/><span style=\"font-size: large;\">&#8211; \u201cPero hoy llegaron y ah\u00ed est\u00e1n, invisibles y sonoros, descargando sus hierros y chapas de cinc\u201d, sobre los trabajadores del taller. <\/span><br \/><span style=\"font-size: large;\">&#8211; \u201cAdentro s\u00f3lo est\u00e1n mi madre y los benignos ruidos dom\u00e9sticos\u201d.<\/span><\/p>\n<p><span style=\"font-size: large;\"><\/span><\/p>\n<p><span style=\"font-size: x-large;\"><strong>48.<\/strong><\/span><\/p>\n<p><span style=\"font-size: large;\">La colecci\u00f3n Vertigineux de Valentino y Michele tiene 48 prendas. Cada una es una lista de detalles interminables, una sintaxis que yuxtapone signos de todas las \u00e9pocas, texturas disonantes, costuras expuestas, geometr\u00edas desbordantes y nudos relacionales de signos que la cultura fabric\u00f3 a lo largo de la historia. https:\/\/www.valentino.com\/es-ar\/collections\/valentino-vertigineux-haute-couture-2025-show\/explore-the-loo ks. Detr\u00e1s de la pasarela se ve una lista de sucesos, fil\u00f3sofos, fechas, celebrities, ideas, conceptos y, al final, una sucesi\u00f3n de etc\u00e9teras casi infinitos.<\/span><\/p>\n<p><span style=\"font-weight: 400;\"><\/span><\/p>\n<p>[\/et_pb_text][et_pb_blog fullwidth=\u00bboff\u00bb posts_number=\u00bb3&#8243; include_categories=\u00bbcurrent\u00bb meta_date=\u00bbj M,Y\u00bb excerpt_length=\u00bb80&#8243; show_author=\u00bboff\u00bb show_categories=\u00bboff\u00bb show_pagination=\u00bboff\u00bb masonry_tile_background_color=\u00bb#FFFFFF\u00bb disabled_on=\u00bbon|off|off\u00bb module_class=\u00bbpa-blog \u00bb _builder_version=\u00bb4.25.1&#8243; header_font=\u00bb|700|||||||\u00bb header_text_color=\u00bb#FFFFFF\u00bb header_font_size=\u00bb20px\u00bb body_font=\u00bb|600|||||||\u00bb body_text_color=\u00bb#FFFFFF\u00bb meta_text_color=\u00bb#FFFFFF\u00bb read_more_text_color=\u00bb#FFFFFF\u00bb background_color=\u00bb#FFFFFF\u00bb min_height=\u00bb100px\u00bb custom_margin=\u00bb0px||0%||false|false\u00bb custom_margin_tablet=\u00bb0%||||false|false\u00bb custom_margin_phone=\u00bb\u00bb custom_margin_last_edited=\u00bbon|desktop\u00bb custom_padding=\u00bb||0px|||\u00bb header_text_shadow_style=\u00bbpreset3&#8243; header_text_shadow_color=\u00bb#000000&#8243; body_text_shadow_style=\u00bbpreset3&#8243; body_text_shadow_color=\u00bb#000000&#8243; meta_text_shadow_style=\u00bbpreset3&#8243; meta_text_shadow_color=\u00bb#000000&#8243; border_color_all_image=\u00bb#FFFFFF\u00bb border_width_top_image=\u00bb2px\u00bb text_shadow_style=\u00bbpreset3&#8243; text_shadow_blur_strength=\u00bb0.54em\u00bb text_shadow_color=\u00bb#000000&#8243; global_colors_info=\u00bb{}\u00bb][\/et_pb_blog][et_pb_image src=\u00bbhttps:\/\/urbe.com.ar\/revista\/wp-content\/uploads\/2023\/05\/banner-escritores-copy.jpg\u00bb title_text=\u00bbbanner escritores copy\u00bb _builder_version=\u00bb4.21.0&#8243; _module_preset=\u00bbdefault\u00bb custom_margin=\u00bb15%||||false|false\u00bb global_colors_info=\u00bb{}\u00bb][\/et_pb_image][\/et_pb_column][\/et_pb_row][\/et_pb_section]<\/p>\n","protected":false},"excerpt":{"rendered":"<p>Por <b>Nicol\u00e1s Ghigonetto<\/b><\/p>\n","protected":false},"author":10,"featured_media":12191,"comment_status":"closed","ping_status":"closed","sticky":false,"template":"","format":"standard","meta":{"_et_pb_use_builder":"on","_et_pb_old_content":"","_et_gb_content_width":"1080","_jetpack_memberships_contains_paid_content":false,"footnotes":""},"categories":[33],"tags":[],"class_list":["post-12176","post","type-post","status-publish","format-standard","has-post-thumbnail","hentry","category-artificios-artificios"],"yoast_head":"<!-- This site is optimized with the Yoast SEO plugin v27.5 - https:\/\/yoast.com\/product\/yoast-seo-wordpress\/ -->\n<title>Ret\u00f3rica de la lista - Revista Urbe<\/title>\n<meta name=\"robots\" content=\"index, follow, max-snippet:-1, max-image-preview:large, max-video-preview:-1\" \/>\n<link rel=\"canonical\" href=\"https:\/\/urbe.com.ar\/revista\/retorica-de-la-lista\/\" \/>\n<meta property=\"og:locale\" content=\"es_ES\" \/>\n<meta property=\"og:type\" content=\"article\" \/>\n<meta property=\"og:title\" content=\"Ret\u00f3rica de la lista - Revista Urbe\" \/>\n<meta property=\"og:description\" content=\"Por Nicol\u00e1s Ghigonetto\" \/>\n<meta property=\"og:url\" content=\"https:\/\/urbe.com.ar\/revista\/retorica-de-la-lista\/\" \/>\n<meta property=\"og:site_name\" content=\"Revista Urbe\" \/>\n<meta property=\"article:published_time\" content=\"2026-03-07T10:00:00+00:00\" \/>\n<meta property=\"article:modified_time\" content=\"2026-03-07T22:13:01+00:00\" \/>\n<meta property=\"og:image\" content=\"https:\/\/urbe.com.ar\/revista\/wp-content\/uploads\/2026\/03\/miniatura-copia-2-1024x922.webp\" \/>\n\t<meta property=\"og:image:width\" content=\"1024\" \/>\n\t<meta property=\"og:image:height\" content=\"922\" \/>\n\t<meta property=\"og:image:type\" content=\"image\/webp\" \/>\n<meta name=\"author\" content=\"Alejo Bernhardt\" \/>\n<meta name=\"twitter:card\" content=\"summary_large_image\" \/>\n<meta name=\"twitter:creator\" content=\"@Revistaurbe_\" \/>\n<meta name=\"twitter:site\" content=\"@Revistaurbe_\" \/>\n<meta name=\"twitter:label1\" content=\"Escrito por\" \/>\n\t<meta name=\"twitter:data1\" content=\"Alejo Bernhardt\" \/>\n\t<meta name=\"twitter:label2\" content=\"Tiempo de lectura\" \/>\n\t<meta name=\"twitter:data2\" content=\"36 minutos\" \/>\n<script type=\"application\/ld+json\" class=\"yoast-schema-graph\">{\"@context\":\"https:\\\/\\\/schema.org\",\"@graph\":[{\"@type\":\"Article\",\"@id\":\"https:\\\/\\\/urbe.com.ar\\\/revista\\\/retorica-de-la-lista\\\/#article\",\"isPartOf\":{\"@id\":\"https:\\\/\\\/urbe.com.ar\\\/revista\\\/retorica-de-la-lista\\\/\"},\"author\":{\"name\":\"Alejo Bernhardt\",\"@id\":\"https:\\\/\\\/urbe.com.ar\\\/revista\\\/#\\\/schema\\\/person\\\/4ddcf051fa628850264f4c6d61f63ee2\"},\"headline\":\"Ret\u00f3rica de la lista\",\"datePublished\":\"2026-03-07T10:00:00+00:00\",\"dateModified\":\"2026-03-07T22:13:01+00:00\",\"mainEntityOfPage\":{\"@id\":\"https:\\\/\\\/urbe.com.ar\\\/revista\\\/retorica-de-la-lista\\\/\"},\"wordCount\":8230,\"image\":{\"@id\":\"https:\\\/\\\/urbe.com.ar\\\/revista\\\/retorica-de-la-lista\\\/#primaryimage\"},\"thumbnailUrl\":\"https:\\\/\\\/i0.wp.com\\\/urbe.com.ar\\\/revista\\\/wp-content\\\/uploads\\\/2026\\\/03\\\/miniatura-copia-2.webp?fit=2551%2C2297&ssl=1\",\"articleSection\":[\"ARTIFICIOS\"],\"inLanguage\":\"es\"},{\"@type\":\"WebPage\",\"@id\":\"https:\\\/\\\/urbe.com.ar\\\/revista\\\/retorica-de-la-lista\\\/\",\"url\":\"https:\\\/\\\/urbe.com.ar\\\/revista\\\/retorica-de-la-lista\\\/\",\"name\":\"Ret\u00f3rica de la lista - Revista Urbe\",\"isPartOf\":{\"@id\":\"https:\\\/\\\/urbe.com.ar\\\/revista\\\/#website\"},\"primaryImageOfPage\":{\"@id\":\"https:\\\/\\\/urbe.com.ar\\\/revista\\\/retorica-de-la-lista\\\/#primaryimage\"},\"image\":{\"@id\":\"https:\\\/\\\/urbe.com.ar\\\/revista\\\/retorica-de-la-lista\\\/#primaryimage\"},\"thumbnailUrl\":\"https:\\\/\\\/i0.wp.com\\\/urbe.com.ar\\\/revista\\\/wp-content\\\/uploads\\\/2026\\\/03\\\/miniatura-copia-2.webp?fit=2551%2C2297&ssl=1\",\"datePublished\":\"2026-03-07T10:00:00+00:00\",\"dateModified\":\"2026-03-07T22:13:01+00:00\",\"author\":{\"@id\":\"https:\\\/\\\/urbe.com.ar\\\/revista\\\/#\\\/schema\\\/person\\\/4ddcf051fa628850264f4c6d61f63ee2\"},\"breadcrumb\":{\"@id\":\"https:\\\/\\\/urbe.com.ar\\\/revista\\\/retorica-de-la-lista\\\/#breadcrumb\"},\"inLanguage\":\"es\",\"potentialAction\":[{\"@type\":\"ReadAction\",\"target\":[\"https:\\\/\\\/urbe.com.ar\\\/revista\\\/retorica-de-la-lista\\\/\"]}]},{\"@type\":\"ImageObject\",\"inLanguage\":\"es\",\"@id\":\"https:\\\/\\\/urbe.com.ar\\\/revista\\\/retorica-de-la-lista\\\/#primaryimage\",\"url\":\"https:\\\/\\\/i0.wp.com\\\/urbe.com.ar\\\/revista\\\/wp-content\\\/uploads\\\/2026\\\/03\\\/miniatura-copia-2.webp?fit=2551%2C2297&ssl=1\",\"contentUrl\":\"https:\\\/\\\/i0.wp.com\\\/urbe.com.ar\\\/revista\\\/wp-content\\\/uploads\\\/2026\\\/03\\\/miniatura-copia-2.webp?fit=2551%2C2297&ssl=1\",\"width\":2551,\"height\":2297},{\"@type\":\"BreadcrumbList\",\"@id\":\"https:\\\/\\\/urbe.com.ar\\\/revista\\\/retorica-de-la-lista\\\/#breadcrumb\",\"itemListElement\":[{\"@type\":\"ListItem\",\"position\":1,\"name\":\"Portada\",\"item\":\"https:\\\/\\\/urbe.com.ar\\\/revista\\\/\"},{\"@type\":\"ListItem\",\"position\":2,\"name\":\"Ret\u00f3rica de la lista\"}]},{\"@type\":\"WebSite\",\"@id\":\"https:\\\/\\\/urbe.com.ar\\\/revista\\\/#website\",\"url\":\"https:\\\/\\\/urbe.com.ar\\\/revista\\\/\",\"name\":\"Revista Urbe\",\"description\":\"\",\"potentialAction\":[{\"@type\":\"SearchAction\",\"target\":{\"@type\":\"EntryPoint\",\"urlTemplate\":\"https:\\\/\\\/urbe.com.ar\\\/revista\\\/?s={search_term_string}\"},\"query-input\":{\"@type\":\"PropertyValueSpecification\",\"valueRequired\":true,\"valueName\":\"search_term_string\"}}],\"inLanguage\":\"es\"},{\"@type\":\"Person\",\"@id\":\"https:\\\/\\\/urbe.com.ar\\\/revista\\\/#\\\/schema\\\/person\\\/4ddcf051fa628850264f4c6d61f63ee2\",\"name\":\"Alejo Bernhardt\",\"image\":{\"@type\":\"ImageObject\",\"inLanguage\":\"es\",\"@id\":\"https:\\\/\\\/secure.gravatar.com\\\/avatar\\\/e17892015a0b2fe0e47a8387056c05584647b09de53f1ac00adae78b2f4fb443?s=96&d=mm&r=g\",\"url\":\"https:\\\/\\\/secure.gravatar.com\\\/avatar\\\/e17892015a0b2fe0e47a8387056c05584647b09de53f1ac00adae78b2f4fb443?s=96&d=mm&r=g\",\"contentUrl\":\"https:\\\/\\\/secure.gravatar.com\\\/avatar\\\/e17892015a0b2fe0e47a8387056c05584647b09de53f1ac00adae78b2f4fb443?s=96&d=mm&r=g\",\"caption\":\"Alejo Bernhardt\"},\"url\":\"https:\\\/\\\/urbe.com.ar\\\/revista\\\/author\\\/alejo-bernhardt\\\/\"}]}<\/script>\n<!-- \/ Yoast SEO plugin. -->","yoast_head_json":{"title":"Ret\u00f3rica de la lista - Revista Urbe","robots":{"index":"index","follow":"follow","max-snippet":"max-snippet:-1","max-image-preview":"max-image-preview:large","max-video-preview":"max-video-preview:-1"},"canonical":"https:\/\/urbe.com.ar\/revista\/retorica-de-la-lista\/","og_locale":"es_ES","og_type":"article","og_title":"Ret\u00f3rica de la lista - Revista Urbe","og_description":"Por Nicol\u00e1s Ghigonetto","og_url":"https:\/\/urbe.com.ar\/revista\/retorica-de-la-lista\/","og_site_name":"Revista Urbe","article_published_time":"2026-03-07T10:00:00+00:00","article_modified_time":"2026-03-07T22:13:01+00:00","og_image":[{"width":1024,"height":922,"url":"https:\/\/urbe.com.ar\/revista\/wp-content\/uploads\/2026\/03\/miniatura-copia-2-1024x922.webp","type":"image\/webp"}],"author":"Alejo Bernhardt","twitter_card":"summary_large_image","twitter_creator":"@Revistaurbe_","twitter_site":"@Revistaurbe_","twitter_misc":{"Escrito por":"Alejo Bernhardt","Tiempo de lectura":"36 minutos"},"schema":{"@context":"https:\/\/schema.org","@graph":[{"@type":"Article","@id":"https:\/\/urbe.com.ar\/revista\/retorica-de-la-lista\/#article","isPartOf":{"@id":"https:\/\/urbe.com.ar\/revista\/retorica-de-la-lista\/"},"author":{"name":"Alejo Bernhardt","@id":"https:\/\/urbe.com.ar\/revista\/#\/schema\/person\/4ddcf051fa628850264f4c6d61f63ee2"},"headline":"Ret\u00f3rica de la lista","datePublished":"2026-03-07T10:00:00+00:00","dateModified":"2026-03-07T22:13:01+00:00","mainEntityOfPage":{"@id":"https:\/\/urbe.com.ar\/revista\/retorica-de-la-lista\/"},"wordCount":8230,"image":{"@id":"https:\/\/urbe.com.ar\/revista\/retorica-de-la-lista\/#primaryimage"},"thumbnailUrl":"https:\/\/i0.wp.com\/urbe.com.ar\/revista\/wp-content\/uploads\/2026\/03\/miniatura-copia-2.webp?fit=2551%2C2297&ssl=1","articleSection":["ARTIFICIOS"],"inLanguage":"es"},{"@type":"WebPage","@id":"https:\/\/urbe.com.ar\/revista\/retorica-de-la-lista\/","url":"https:\/\/urbe.com.ar\/revista\/retorica-de-la-lista\/","name":"Ret\u00f3rica de la lista - Revista Urbe","isPartOf":{"@id":"https:\/\/urbe.com.ar\/revista\/#website"},"primaryImageOfPage":{"@id":"https:\/\/urbe.com.ar\/revista\/retorica-de-la-lista\/#primaryimage"},"image":{"@id":"https:\/\/urbe.com.ar\/revista\/retorica-de-la-lista\/#primaryimage"},"thumbnailUrl":"https:\/\/i0.wp.com\/urbe.com.ar\/revista\/wp-content\/uploads\/2026\/03\/miniatura-copia-2.webp?fit=2551%2C2297&ssl=1","datePublished":"2026-03-07T10:00:00+00:00","dateModified":"2026-03-07T22:13:01+00:00","author":{"@id":"https:\/\/urbe.com.ar\/revista\/#\/schema\/person\/4ddcf051fa628850264f4c6d61f63ee2"},"breadcrumb":{"@id":"https:\/\/urbe.com.ar\/revista\/retorica-de-la-lista\/#breadcrumb"},"inLanguage":"es","potentialAction":[{"@type":"ReadAction","target":["https:\/\/urbe.com.ar\/revista\/retorica-de-la-lista\/"]}]},{"@type":"ImageObject","inLanguage":"es","@id":"https:\/\/urbe.com.ar\/revista\/retorica-de-la-lista\/#primaryimage","url":"https:\/\/i0.wp.com\/urbe.com.ar\/revista\/wp-content\/uploads\/2026\/03\/miniatura-copia-2.webp?fit=2551%2C2297&ssl=1","contentUrl":"https:\/\/i0.wp.com\/urbe.com.ar\/revista\/wp-content\/uploads\/2026\/03\/miniatura-copia-2.webp?fit=2551%2C2297&ssl=1","width":2551,"height":2297},{"@type":"BreadcrumbList","@id":"https:\/\/urbe.com.ar\/revista\/retorica-de-la-lista\/#breadcrumb","itemListElement":[{"@type":"ListItem","position":1,"name":"Portada","item":"https:\/\/urbe.com.ar\/revista\/"},{"@type":"ListItem","position":2,"name":"Ret\u00f3rica de la lista"}]},{"@type":"WebSite","@id":"https:\/\/urbe.com.ar\/revista\/#website","url":"https:\/\/urbe.com.ar\/revista\/","name":"Revista Urbe","description":"","potentialAction":[{"@type":"SearchAction","target":{"@type":"EntryPoint","urlTemplate":"https:\/\/urbe.com.ar\/revista\/?s={search_term_string}"},"query-input":{"@type":"PropertyValueSpecification","valueRequired":true,"valueName":"search_term_string"}}],"inLanguage":"es"},{"@type":"Person","@id":"https:\/\/urbe.com.ar\/revista\/#\/schema\/person\/4ddcf051fa628850264f4c6d61f63ee2","name":"Alejo Bernhardt","image":{"@type":"ImageObject","inLanguage":"es","@id":"https:\/\/secure.gravatar.com\/avatar\/e17892015a0b2fe0e47a8387056c05584647b09de53f1ac00adae78b2f4fb443?s=96&d=mm&r=g","url":"https:\/\/secure.gravatar.com\/avatar\/e17892015a0b2fe0e47a8387056c05584647b09de53f1ac00adae78b2f4fb443?s=96&d=mm&r=g","contentUrl":"https:\/\/secure.gravatar.com\/avatar\/e17892015a0b2fe0e47a8387056c05584647b09de53f1ac00adae78b2f4fb443?s=96&d=mm&r=g","caption":"Alejo Bernhardt"},"url":"https:\/\/urbe.com.ar\/revista\/author\/alejo-bernhardt\/"}]}},"jetpack_featured_media_url":"https:\/\/i0.wp.com\/urbe.com.ar\/revista\/wp-content\/uploads\/2026\/03\/miniatura-copia-2.webp?fit=2551%2C2297&ssl=1","jetpack_sharing_enabled":true,"_links":{"self":[{"href":"https:\/\/urbe.com.ar\/revista\/wp-json\/wp\/v2\/posts\/12176","targetHints":{"allow":["GET"]}}],"collection":[{"href":"https:\/\/urbe.com.ar\/revista\/wp-json\/wp\/v2\/posts"}],"about":[{"href":"https:\/\/urbe.com.ar\/revista\/wp-json\/wp\/v2\/types\/post"}],"author":[{"embeddable":true,"href":"https:\/\/urbe.com.ar\/revista\/wp-json\/wp\/v2\/users\/10"}],"replies":[{"embeddable":true,"href":"https:\/\/urbe.com.ar\/revista\/wp-json\/wp\/v2\/comments?post=12176"}],"version-history":[{"count":11,"href":"https:\/\/urbe.com.ar\/revista\/wp-json\/wp\/v2\/posts\/12176\/revisions"}],"predecessor-version":[{"id":12202,"href":"https:\/\/urbe.com.ar\/revista\/wp-json\/wp\/v2\/posts\/12176\/revisions\/12202"}],"wp:featuredmedia":[{"embeddable":true,"href":"https:\/\/urbe.com.ar\/revista\/wp-json\/wp\/v2\/media\/12191"}],"wp:attachment":[{"href":"https:\/\/urbe.com.ar\/revista\/wp-json\/wp\/v2\/media?parent=12176"}],"wp:term":[{"taxonomy":"category","embeddable":true,"href":"https:\/\/urbe.com.ar\/revista\/wp-json\/wp\/v2\/categories?post=12176"},{"taxonomy":"post_tag","embeddable":true,"href":"https:\/\/urbe.com.ar\/revista\/wp-json\/wp\/v2\/tags?post=12176"}],"curies":[{"name":"wp","href":"https:\/\/api.w.org\/{rel}","templated":true}]}}