{"id":12165,"date":"2026-03-04T14:54:53","date_gmt":"2026-03-04T14:54:53","guid":{"rendered":"https:\/\/urbe.com.ar\/revista\/?p=12165"},"modified":"2026-03-04T14:54:54","modified_gmt":"2026-03-04T14:54:54","slug":"novela-para-algun-dia","status":"publish","type":"post","link":"https:\/\/urbe.com.ar\/revista\/novela-para-algun-dia\/","title":{"rendered":"Novela para alg\u00fan d\u00eda"},"content":{"rendered":"\n[et_pb_section fb_built=\u00bb1&#8243; disabled_on=\u00bbon|on|on\u00bb _builder_version=\u00bb4.20.0&#8243; disabled=\u00bbon\u00bb global_colors_info=\u00bb{}\u00bb][et_pb_row _builder_version=\u00bb4.27.0&#8243; global_colors_info=\u00bb{}\u00bb][et_pb_column type=\u00bb4_4&#8243; _builder_version=\u00bb4.18.0&#8243; global_colors_info=\u00bb{}\u00bb][et_pb_text disabled_on=\u00bbon|on|on\u00bb _builder_version=\u00bb4.27.5&#8243; text_font=\u00bbTitillium Web||||||||\u00bb custom_padding=\u00bb||28px|||\u00bb disabled=\u00bbon\u00bb global_colors_info=\u00bb{}\u00bb]<p><strong>Manuel Duarte<\/strong> |\u00a0Este texto es un ensayo hipot\u00e9tico sobre una novela ficticia e imaginaria; o una s\u00e1tira del mundo literario y sus automatismos para liberar a la novela de todo lo que en el presente la encarcela. En lugar de rese\u00f1ar un texto que existe, propone suponer un libro futuro y, desde esa conjetura, deducir las condiciones de la literatura en el presente.<\/p>[\/et_pb_text][\/et_pb_column][\/et_pb_row][\/et_pb_section][et_pb_section fb_built=\u00bb1&#8243; _builder_version=\u00bb4.25.1&#8243; _module_preset=\u00bbdefault\u00bb global_colors_info=\u00bb{}\u00bb][et_pb_row _builder_version=\u00bb4.25.1&#8243; background_color=\u00bb#ffffff\u00bb background_enable_image=\u00bboff\u00bb custom_margin=\u00bb40px||20px||false|false\u00bb custom_padding=\u00bb12px|0px|12px|0px|true|true\u00bb border_color_left=\u00bb#F2AF46&#8243; global_colors_info=\u00bb{}\u00bb][et_pb_column type=\u00bb4_4&#8243; _builder_version=\u00bb4.25.1&#8243; global_colors_info=\u00bb{}\u00bb][et_pb_text _builder_version=\u00bb4.27.6&#8243; text_font=\u00bbTitillium Web|600|||||||\u00bb text_text_color=\u00bb#000000&#8243; text_font_size=\u00bb18px\u00bb header_text_align=\u00bbcenter\u00bb header_font_size=\u00bb35px\u00bb background_color=\u00bbRGBA(255,255,255,0)\u00bb background_layout=\u00bbdark\u00bb custom_margin=\u00bb2%|0%|2%|0%|true|true\u00bb custom_padding=\u00bb||3px|0px|false|false\u00bb border_color_all=\u00bb#F2AF46&#8243; global_colors_info=\u00bb{}\u00bb]<p style=\"text-align: center;\"><strong>Artificios<\/strong><\/p>[\/et_pb_text][et_pb_text _builder_version=\u00bb4.27.6&#8243; text_font=\u00bbTitillium Web|300|||||||\u00bb text_text_color=\u00bb#000000&#8243; text_line_height=\u00bb1.4em\u00bb header_font=\u00bb|700||on|||||\u00bb header_text_align=\u00bbleft\u00bb header_text_color=\u00bb#272727&#8243; header_font_size=\u00bb4em\u00bb background_color=\u00bbRGBA(255,255,255,0)\u00bb background_enable_image=\u00bboff\u00bb background_size=\u00bbstretch\u00bb width=\u00bb100%\u00bb module_alignment=\u00bbleft\u00bb min_height=\u00bb71px\u00bb custom_margin=\u00bb3%|0%|3%|0%|true|true\u00bb custom_padding=\u00bb|0%|0px|0%|false|true\u00bb hover_enabled=\u00bb0&#8243; global_colors_info=\u00bb{}\u00bb sticky_enabled=\u00bb0&#8243;]<h1 style=\"text-align: center;\">Novela para alg\u00fan d\u00eda<\/h1>[\/et_pb_text][et_pb_text admin_label=\u00bbParrafo 1&#8243; _builder_version=\u00bb4.27.4&#8243; text_font=\u00bbTitillium Web||||||||\u00bb text_text_color=\u00bb#000000&#8243; text_font_size=\u00bb20px\u00bb text_line_height=\u00bb2em\u00bb custom_margin=\u00bb2%|0%|2%|0%|true|true\u00bb custom_padding=\u00bb||0px|||\u00bb text_font_size_tablet=\u00bb17px\u00bb text_font_size_phone=\u00bb16px\u00bb text_font_size_last_edited=\u00bbon|phone\u00bb locked=\u00bboff\u00bb inline_fonts=\u00bbRubik,Alkalami,Titillium Web\u00bb global_colors_info=\u00bb{}\u00bb]<div class=\"\" data-block=\"true\" data-editor=\"fd8ss\" data-offset-key=\"4uv8o-0-0\">\n<div data-offset-key=\"4uv8o-0-0\" class=\"public-DraftStyleDefault-block public-DraftStyleDefault-ltr\" style=\"text-align: center;\">\n<div data-offset-key=\"4uv8o-0-0\" class=\"public-DraftStyleDefault-block public-DraftStyleDefault-ltr\">\n<p>Este texto es un ensayo hipot\u00e9tico sobre una novela ficticia e imaginaria; o una s\u00e1tira del mundo literario y sus automatismos para liberar a la novela de todo lo que en el presente la encarcela. En lugar de rese\u00f1ar un texto que existe, propone suponer un libro futuro y, desde esa conjetura, deducir las condiciones de la literatura en el presente.<\/p>\n<\/div>\n<\/div>\n<\/div>\n<div class=\"\" data-block=\"true\" data-editor=\"fd8ss\" data-offset-key=\"5shq2-0-0\" style=\"text-align: center;\"><\/div>[\/et_pb_text][et_pb_text _builder_version=\u00bb4.27.5&#8243; text_font=\u00bbTitillium Web||||||||\u00bb text_text_color=\u00bb#000000&#8243; text_font_size=\u00bb18px\u00bb header_text_align=\u00bbcenter\u00bb header_text_color=\u00bb#057E7E\u00bb header_font_size=\u00bb35px\u00bb text_orientation=\u00bbjustified\u00bb custom_margin=\u00bb2%|0%|2%|0%|true|true\u00bb custom_padding=\u00bb|||0px|false|false\u00bb border_color_left=\u00bb#F2AF46&#8243; global_colors_info=\u00bb{}\u00bb]<p style=\"text-align: center;\">Por <strong>Manuel Duarte<\/strong><br \/><span style=\"font-size: medium;\">04 de marzo de 2026<\/span><\/p>[\/et_pb_text][et_pb_image src=\u00bbhttps:\/\/urbe.com.ar\/revista\/wp-content\/uploads\/2026\/03\/baner.webp\u00bb title_text=\u00bbbaner\u00bb align=\u00bbcenter\u00bb disabled_on=\u00bboff|off|off\u00bb _builder_version=\u00bb4.27.6&#8243; background_enable_image=\u00bboff\u00bb custom_margin=\u00bb5%|0%|5%|0%|true|true\u00bb custom_margin_tablet=\u00bb\u00bb custom_margin_phone=\u00bb6%|0%|6%|0%|true|true\u00bb custom_margin_last_edited=\u00bbon|phone\u00bb hover_enabled=\u00bb0&#8243; global_colors_info=\u00bb{}\u00bb sticky_enabled=\u00bb0&#8243;][\/et_pb_image][\/et_pb_column][\/et_pb_row][et_pb_row column_structure=\u00bb1_2,1_2&#8243; use_custom_gutter=\u00bbon\u00bb gutter_width=\u00bb1&#8243; make_equal=\u00bbon\u00bb disabled_on=\u00bbon|off|off\u00bb _builder_version=\u00bb4.16&#8243; background_color=\u00bb#ffffff\u00bb custom_margin=\u00bb||||false|false\u00bb custom_padding=\u00bb0px||0px|0%|false|false\u00bb locked=\u00bboff\u00bb global_colors_info=\u00bb{}\u00bb][et_pb_column type=\u00bb1_2&#8243; _builder_version=\u00bb4.16&#8243; background_color=\u00bb#ffffff\u00bb custom_css_main_element=\u00bbwidth: 60% !important;\u00bb global_colors_info=\u00bb{}\u00bb][\/et_pb_column][et_pb_column type=\u00bb1_2&#8243; _builder_version=\u00bb4.16&#8243; custom_css_main_element=\u00bb||width: 40% !important;||margin: auto;||display: flex;||flex-direction: column;||justify-content: center;\u00bb global_colors_info=\u00bb{}\u00bb][et_pb_code _builder_version=\u00bb4.16&#8243; text_orientation=\u00bbcenter\u00bb module_alignment=\u00bbcenter\u00bb custom_margin=\u00bb2%||2%||true|false\u00bb custom_padding=\u00bb|6.7%||6.7%|false|true\u00bb global_colors_info=\u00bb{}\u00bb]<div class=\"addtoany_shortcode\"><div class=\"a2a_kit a2a_kit_size_32 addtoany_list\" data-a2a-url=\"https:\/\/urbe.com.ar\/revista\/novela-para-algun-dia\/\" data-a2a-title=\"Novela para alg\u00fan d\u00eda\"><a class=\"a2a_button_facebook\" href=\"https:\/\/www.addtoany.com\/add_to\/facebook?linkurl=https%3A%2F%2Furbe.com.ar%2Frevista%2Fnovela-para-algun-dia%2F&amp;linkname=Novela%20para%20alg%C3%BAn%20d%C3%ADa\" title=\"Facebook\" rel=\"nofollow noopener\" target=\"_blank\"><\/a><a class=\"a2a_button_whatsapp\" href=\"https:\/\/www.addtoany.com\/add_to\/whatsapp?linkurl=https%3A%2F%2Furbe.com.ar%2Frevista%2Fnovela-para-algun-dia%2F&amp;linkname=Novela%20para%20alg%C3%BAn%20d%C3%ADa\" title=\"WhatsApp\" rel=\"nofollow noopener\" target=\"_blank\"><\/a><a class=\"a2a_button_twitter\" href=\"https:\/\/www.addtoany.com\/add_to\/twitter?linkurl=https%3A%2F%2Furbe.com.ar%2Frevista%2Fnovela-para-algun-dia%2F&amp;linkname=Novela%20para%20alg%C3%BAn%20d%C3%ADa\" title=\"Twitter\" rel=\"nofollow noopener\" target=\"_blank\"><\/a><a class=\"a2a_button_email\" href=\"https:\/\/www.addtoany.com\/add_to\/email?linkurl=https%3A%2F%2Furbe.com.ar%2Frevista%2Fnovela-para-algun-dia%2F&amp;linkname=Novela%20para%20alg%C3%BAn%20d%C3%ADa\" title=\"Email\" rel=\"nofollow noopener\" target=\"_blank\"><\/a><a class=\"a2a_button_copy_link\" href=\"https:\/\/www.addtoany.com\/add_to\/copy_link?linkurl=https%3A%2F%2Furbe.com.ar%2Frevista%2Fnovela-para-algun-dia%2F&amp;linkname=Novela%20para%20alg%C3%BAn%20d%C3%ADa\" title=\"Copy Link\" rel=\"nofollow noopener\" target=\"_blank\"><\/a><\/div><\/div>[\/et_pb_code][\/et_pb_column][\/et_pb_row][et_pb_row use_custom_gutter=\u00bbon\u00bb gutter_width=\u00bb1&#8243; make_equal=\u00bbon\u00bb disabled_on=\u00bboff|on|on\u00bb _builder_version=\u00bb4.16&#8243; background_color=\u00bb#ffffff\u00bb custom_margin=\u00bb||||false|false\u00bb custom_padding=\u00bb0px||0px|0%|false|false\u00bb locked=\u00bboff\u00bb global_colors_info=\u00bb{}\u00bb][et_pb_column type=\u00bb4_4&#8243; _builder_version=\u00bb4.16&#8243; background_color=\u00bb#ffffff\u00bb global_colors_info=\u00bb{}\u00bb][et_pb_code disabled_on=\u00bboff|off|off\u00bb _builder_version=\u00bb4.27.5&#8243; _module_preset=\u00bbdefault\u00bb text_orientation=\u00bbcenter\u00bb width=\u00bb100%\u00bb width_tablet=\u00bb\u00bb width_phone=\u00bb100%\u00bb width_last_edited=\u00bbon|phone\u00bb max_width=\u00bb100%\u00bb max_width_tablet=\u00bb\u00bb max_width_phone=\u00bb\u00bb max_width_last_edited=\u00bbon|tablet\u00bb module_alignment=\u00bbright\u00bb custom_margin_tablet=\u00bb\u00bb custom_margin_phone=\u00bb\u00bb custom_margin_last_edited=\u00bbon|phone\u00bb module_alignment_tablet=\u00bb\u00bb module_alignment_phone=\u00bbcenter\u00bb module_alignment_last_edited=\u00bbon|desktop\u00bb global_colors_info=\u00bb{}\u00bb]<div class=\"addtoany_shortcode\"><div class=\"a2a_kit a2a_kit_size_32 addtoany_list\" data-a2a-url=\"https:\/\/urbe.com.ar\/revista\/novela-para-algun-dia\/\" data-a2a-title=\"Novela para alg\u00fan d\u00eda\"><a class=\"a2a_button_facebook\" href=\"https:\/\/www.addtoany.com\/add_to\/facebook?linkurl=https%3A%2F%2Furbe.com.ar%2Frevista%2Fnovela-para-algun-dia%2F&amp;linkname=Novela%20para%20alg%C3%BAn%20d%C3%ADa\" title=\"Facebook\" rel=\"nofollow noopener\" target=\"_blank\"><\/a><a class=\"a2a_button_whatsapp\" href=\"https:\/\/www.addtoany.com\/add_to\/whatsapp?linkurl=https%3A%2F%2Furbe.com.ar%2Frevista%2Fnovela-para-algun-dia%2F&amp;linkname=Novela%20para%20alg%C3%BAn%20d%C3%ADa\" title=\"WhatsApp\" rel=\"nofollow noopener\" target=\"_blank\"><\/a><a class=\"a2a_button_twitter\" href=\"https:\/\/www.addtoany.com\/add_to\/twitter?linkurl=https%3A%2F%2Furbe.com.ar%2Frevista%2Fnovela-para-algun-dia%2F&amp;linkname=Novela%20para%20alg%C3%BAn%20d%C3%ADa\" title=\"Twitter\" rel=\"nofollow noopener\" target=\"_blank\"><\/a><a class=\"a2a_button_email\" href=\"https:\/\/www.addtoany.com\/add_to\/email?linkurl=https%3A%2F%2Furbe.com.ar%2Frevista%2Fnovela-para-algun-dia%2F&amp;linkname=Novela%20para%20alg%C3%BAn%20d%C3%ADa\" title=\"Email\" rel=\"nofollow noopener\" target=\"_blank\"><\/a><a class=\"a2a_button_copy_link\" href=\"https:\/\/www.addtoany.com\/add_to\/copy_link?linkurl=https%3A%2F%2Furbe.com.ar%2Frevista%2Fnovela-para-algun-dia%2F&amp;linkname=Novela%20para%20alg%C3%BAn%20d%C3%ADa\" title=\"Copy Link\" rel=\"nofollow noopener\" target=\"_blank\"><\/a><\/div><\/div>[\/et_pb_code][\/et_pb_column][\/et_pb_row][et_pb_row _builder_version=\u00bb4.25.1&#8243; background_color=\u00bb#ffffff\u00bb width=\u00bb100%\u00bb custom_padding=\u00bb0px||3px|0px||\u00bb global_colors_info=\u00bb{}\u00bb][et_pb_column type=\u00bb4_4&#8243; _builder_version=\u00bb4.25.1&#8243; global_colors_info=\u00bb{}\u00bb][et_pb_text admin_label=\u00bbParrafo 1&#8243; _builder_version=\u00bb4.27.4&#8243; text_font=\u00bbTitillium Web||||||||\u00bb text_text_color=\u00bb#000000&#8243; text_font_size=\u00bb20px\u00bb text_line_height=\u00bb2em\u00bb custom_margin=\u00bb2%|0%|2%|0%|true|true\u00bb custom_padding=\u00bb||0px|0px||\u00bb text_font_size_tablet=\u00bb17px\u00bb text_font_size_phone=\u00bb16px\u00bb text_font_size_last_edited=\u00bbon|phone\u00bb locked=\u00bboff\u00bb inline_fonts=\u00bbRubik,Alkalami,Titillium Web\u00bb global_colors_info=\u00bb{}\u00bb]<blockquote><\/blockquote>\n<h1><span style=\"font-size: x-large;\"><strong>Un encuentro fortuito y desafortunado con las herramientas de la \u00e9poca<\/strong><\/span><\/h1>\n<p><span style=\"font-size: x-large;\"><strong><\/strong><\/span><\/p>\n<p><span style=\"font-weight: 400; font-size: large;\">Vamos a empezar por el principio: nadie sabe bien qu\u00e9 hacer con la \u00e9poca. Es rara, y mucha gente dijo muchas cosas pero que todav\u00eda no logramos entender del todo o que parecen delirios de gente que toma mucha falopa y lee muchos manuales de la CIA. \u00bfGuerras psicol\u00f3gicas? \u00bfHiperrealidad? \u00bfRepresentaciones intencionales que operan vectorialmente? Un embrollo rar\u00edsimo, un canon europeo y extra\u00f1o y una realidad que parece constantemente ajena. Vamos a intentar, ahora, resolver algunos de esos problemas.<\/span><\/p>\n<p><span style=\"font-weight: 400;\"><\/span><\/p>[\/et_pb_text][et_pb_video src=\u00bbhttps:\/\/urbe.com.ar\/revista\/wp-content\/uploads\/2026\/03\/Secuencia-01.mp4&#8243; _builder_version=\u00bb4.27.6&#8243; _module_preset=\u00bbdefault\u00bb global_colors_info=\u00bb{}\u00bb][\/et_pb_video][et_pb_video _builder_version=\u00bb4.27.6&#8243; _module_preset=\u00bbdefault\u00bb global_colors_info=\u00bb{}\u00bb][\/et_pb_video][et_pb_text admin_label=\u00bbParrafo 1&#8243; _builder_version=\u00bb4.27.4&#8243; text_font=\u00bbTitillium Web||||||||\u00bb text_text_color=\u00bb#000000&#8243; text_font_size=\u00bb20px\u00bb text_line_height=\u00bb2em\u00bb custom_margin=\u00bb2%|0%|2%|0%|true|true\u00bb custom_padding=\u00bb||0px|0px||\u00bb text_font_size_tablet=\u00bb17px\u00bb text_font_size_phone=\u00bb16px\u00bb text_font_size_last_edited=\u00bbon|phone\u00bb locked=\u00bboff\u00bb inline_fonts=\u00bbRubik,Alkalami,Titillium Web\u00bb global_colors_info=\u00bb{}\u00bb]<p><span style=\"font-size: large;\"><span style=\"font-size: large;\">Alg\u00fan d\u00eda habr\u00e1, finalmente, obra de la suerte o el azar, una novela que encontraremos sola, sol\u00edsima, sin nada, nadie alrededor; una cuya soledad sea propiedad intr\u00ednseca de ella misma y no un favor nuestro. Nada nuestro. Una novela, entonces, a la que bien haremos en dejar as\u00ed, all\u00e1, lejitos, casi que intacta, porque la novela ser\u00e1 lo que deba ser sin necesitarnos para ser. Ni papel, ni editores, ni lectores.\u00a0<\/span><\/span><\/p>\n<p><span style=\"font-size: large;\"><span style=\"font-size: large;\"><\/span><\/span><\/p>\n<p><span style=\"font-size: large;\"><span style=\"font-size: large;\">Una novela que, por dejarla tranquila, no se transforme en \u201cnovela tranquila\u201d, porque alg\u00fan d\u00eda habr\u00e1 una novela a la que cueste imputar temperamento o emociones o cuerpo o personalidad, seg\u00fan nuestros propios conceptos de temperamento, emoci\u00f3n y cuerpo y personalidad. La literatura principi\u00f3 el d\u00eda en que alguien imagin\u00f3 el origen del mundo y se mand\u00f3 a contarlo en honor a esa intuici\u00f3n, sin esperar a que naciera alg\u00fan griego y le definiera \u201cmundo\u201d, \u201corigen\u201d, \u201cintuici\u00f3n\u201d o \u201cimaginaci\u00f3n\u201d. Y alg\u00fan d\u00eda habr\u00e1 una novela que sin saberlo recupere ese d\u00eda y sin quererlo reinicie universalmente la escritura, resetee globalmente la cognici\u00f3n humana. O al menos la cognici\u00f3n griega, que se pavonea universal.\u00a0<\/span><\/span><\/p>\n<p><span style=\"font-size: large;\"><span style=\"font-size: large;\"><\/span><\/span><\/p>\n<p><span style=\"font-size: large;\"><span style=\"font-size: large;\">Una novela que sea novela sin novelista. Y no con autor an\u00f3nimo, sino ins\u00edpido, et\u00e9reo, desmaterial. Una novela de la que nadie concluya que \u201cno existen los novelistas, sino los hablados por La Narrativa\u201d; que por tanto no separe la obra del autor porque el autor encu\u00e9ntrese intangible. Una novela acaso narrada por Lo Inexistente y escrita por \u00e1grafos, entes pre-verbales, analfabetos\u2026 con suerte una novela escrita por perros. Perros que usen nuestras palabras por pura cuesti\u00f3n de modales o de solidaridad mam\u00edfera para con nosotros, y que para nosotros esa solidaridad se adivine inexplicable. Y ante lo inexplicable no hagamos juicios de valor sobre lo susceptible o no de explicaci\u00f3n. Una novela no es el mejor amigo del hombre. Tampoco el enemigo, ni un amigo suplente o de segundo rango.\u00a0<\/span><\/span><\/p>\n<p><span style=\"font-size: large;\"><span style=\"font-size: large;\"><\/span><\/span><\/p>\n<p><span style=\"font-size: large;\"><span style=\"font-size: large;\">Pero que por favor la novela no suscriba a ninguna teor\u00eda de la muerte del autor, ni de la \u00e9tica del anonimato, ni del Creador como Conducto de la Sagrada Inspiraci\u00f3n.\u00a0 Una novela que no sea deudora de ninguna teor\u00eda, \u00e9tica, sistema o teorema. Y que eso no la vuelva m\u00edstica, tampoco irresponsable. Y que de ser deudora y de ser irresponsable lo sea en secreto secretismo.\u00a0<\/span><\/span><\/p>\n<p><span style=\"font-size: large;\"><span style=\"font-size: large;\"><\/span><\/span><\/p>\n<p><span style=\"font-size: large;\"><span style=\"font-size: large;\">Una novela sin p\u00fablico; le\u00edda pero sin lectores o con lectores irreales, falsos, nimios, lectores conjeturales, sin sustancia o nacidos con materia negativa. Una novela que separe la obra del lector por nulificaci\u00f3n de \u00e9ste por obra de aquella.\u00a0<\/span><\/span><\/p>\n<p><span style=\"font-size: large;\"><span style=\"font-size: large;\"><\/span><\/span><\/p>\n<p><span style=\"font-size: large;\"><span style=\"font-size: large;\">Una novela salvaguardada merced a una sofisticada e invisible tecnolog\u00eda de seguridad, dise\u00f1ada por ella misma, que la vuelva por completo inmune a la fotograf\u00eda y a la imagen y a la viralizaci\u00f3n de la imagen porque el simple intento de querer fotografiarla implique la explosi\u00f3n semiautom\u00e1tica de la c\u00e1mara, el usuario y la familia del usuario (en el sentido m\u00e1s amplio de familia y usuario).\u00a0<\/span><\/span><\/p>\n<p><span style=\"font-size: large;\"><span style=\"font-size: large;\"><\/span><\/span><\/p>\n<p><span style=\"font-size: large;\"><span style=\"font-size: large;\">De suerte que alg\u00fan d\u00eda habr\u00e1 una novela que no quepa en ninguna red social porque ni siquiera sea susceptible de caber en lo Social, a condici\u00f3n de tampoco caber en lo Individual, lo Natural y lo etc. y etc. Una novela que no forme comunidad ni individuo ni nada entremedio. F\u00f3bica al grupo de lectura y a la lectura solitaria. O sea al\u00e9rgica a cualquier grupo, incluso a Los Solitarios, que se creen sin grupo pero tambi\u00e9n constituyen uno solo que arrogante y atomizado.\u00a0<\/span><\/span><\/p>\n<blockquote><\/blockquote>\n<p><span style=\"font-weight: 400;\"><\/span><\/p>[\/et_pb_text][et_pb_code _builder_version=\u00bb4.25.2&#8243; _module_preset=\u00bbdefault\u00bb text_orientation=\u00bbcenter\u00bb global_colors_info=\u00bb{}\u00bb]  <a href=\"https:\/\/www.legislatura.gob.ar\/\" target=\"_blank\" rel=\"noopener\"><!-- [et_pb_line_break_holder] -->    <img data-recalc-dims=\"1\" decoding=\"async\" src=\"https:\/\/i0.wp.com\/imgur.com\/rLjBjeU.png?w=1080&#038;ssl=1\" alt=\"Legislatura-1\"><!-- [et_pb_line_break_holder] -->  <\/a>[\/et_pb_code][et_pb_text admin_label=\u00bbParrafo 1&#8243; _builder_version=\u00bb4.27.4&#8243; text_font=\u00bbTitillium Web||||||||\u00bb text_text_color=\u00bb#000000&#8243; text_font_size=\u00bb20px\u00bb text_line_height=\u00bb2em\u00bb custom_margin=\u00bb2%|0%|2%|0%|true|true\u00bb custom_padding=\u00bb||0px|0px||\u00bb text_font_size_tablet=\u00bb17px\u00bb text_font_size_phone=\u00bb16px\u00bb text_font_size_last_edited=\u00bbon|phone\u00bb locked=\u00bboff\u00bb inline_fonts=\u00bbRubik,Alkalami,Titillium Web\u00bb global_colors_info=\u00bb{}\u00bb]<p><span style=\"font-size: large;\">Una novela sin texto ni contexto, sin influencias, descendientes o ascendencias; carente de fuentes y de inspiraci\u00f3n y de fuentes de inspiraci\u00f3n. Por primera vez en la historia, inclasificable. Pero depresivamente inclasificable, porque la falta de clasificaci\u00f3n es al cabo una clasificaci\u00f3n feliz. La felicidad hace sentido; la depresi\u00f3n no lo tiene. Una novela a la que solo le interese existir porque desprecie hacer sentido, incluso ese sentido deslactosado que es el \u201csinsentido\u201d. Ergo, una novela inclasificable que no suscriba a ning\u00fan grupete de novelas inclasificables o raras o extra\u00f1as o weirds, new weirds, old weirds, trash weirds. Una novela que sea una novela y no mucho m\u00e1s ni mucho menos.\u00a0<\/span><\/p>\n<p><span style=\"font-size: large;\"><\/span><\/p>\n<p><span style=\"font-size: large;\">Pero una novela que reh\u00fase decir: \u201c\u00a1no importa el tema, sino la forma!\u201d; \u201c\u00a1\u00a1no importa el qu\u00e9, sino el c\u00f3mo!!\u201d; \u201c\u00a1\u00a1\u00a1el \u2018tema\u2019 de la novela es la propia novela!!!\u201d. Y que se autoobligue a elegir entre la vida y la obra, el trabajo y el talento, la emoci\u00f3n y el intelecto y etc. y etc. y Dios quiera nunca nos enteremos el veredicto. Pero que exista. Que exista Dios y la novela y el veredicto y una novela que aborrezca militar el punto medio: que no diga un poquito de esto, otro poquito de aquello; \u201cyo pongo todo en la licuadora, y despu\u00e9s veo\u201d.\u00a0<\/span><\/p>\n<p><span style=\"font-size: large;\"><\/span><\/p>\n<p><span style=\"font-size: large;\">Una novela que carezca de perspectiva. Que sea Lo Absoluto, es decir, por vez primera una novela que no analice, no haga ciencia. Y que de hacer ciencia haga \u201cficci\u00f3n de ciencia\u201d m\u00e1s que ciencia ficci\u00f3n. Es decir que la haga sin batallar contra el realismo o a lo sumo sin publicitar esa batalla. Porque los versados en ciencia ficci\u00f3n son al cabo m\u00e1s realistas que los realistas. Lo opuesto al realismo no es lo fant\u00e1stico o lo maravilloso sino lo incoherente, lo il\u00f3gico, la lectura inveros\u00edmil. Y los cientististas de ficci\u00f3n aman la coherencia, la l\u00f3gica, la verosimilitud. Incluso la autobiograf\u00eda. Solo que sazonan todo con cyborgs, hackers y marcianos varios.\u00a0<\/span><\/p>\n<p><span style=\"font-weight: 400;\"><\/span><\/p>[\/et_pb_text][et_pb_image _builder_version=\u00bb4.27.6&#8243; _module_preset=\u00bbdefault\u00bb title_text=\u00bbScreenshot_425&#8243; src=\u00bbhttps:\/\/urbe.com.ar\/revista\/wp-content\/uploads\/2026\/03\/Screenshot_425.png\u00bb hover_enabled=\u00bb0&#8243; sticky_enabled=\u00bb0&#8243; align=\u00bbcenter\u00bb][\/et_pb_image][et_pb_text admin_label=\u00bbParrafo 1&#8243; _builder_version=\u00bb4.27.4&#8243; text_font=\u00bbTitillium Web||||||||\u00bb text_text_color=\u00bb#000000&#8243; text_font_size=\u00bb20px\u00bb text_line_height=\u00bb2em\u00bb custom_margin=\u00bb2%|0%|2%|0%|true|true\u00bb custom_padding=\u00bb||0px|0px||\u00bb text_font_size_tablet=\u00bb17px\u00bb text_font_size_phone=\u00bb16px\u00bb text_font_size_last_edited=\u00bbon|phone\u00bb locked=\u00bboff\u00bb inline_fonts=\u00bbRubik,Alkalami,Titillium Web\u00bb global_colors_info=\u00bb{}\u00bb]<p><span style=\"font-size: large;\">Una novela de extensi\u00f3n indistinta, acaso variable seg\u00fan antojo del clima. Sea mamotreto, sea brevecita. \u00bfQu\u00e9 es el tiempo? La novela no lo sabr\u00e1. \u00bfQu\u00e9 es el riesgo? Tampoco lo sabr\u00e1. Pero har\u00e1 a su intuici\u00f3n que ni al tiempo ni al riesgo les quepa medida, y menos que menos en cantidad de p\u00e1ginas. O quiz\u00e1s s\u00ed. Qui\u00e9n sabe. La novela tampoco lo sabe. Una novela no debe saber.\u00a0<\/span><\/p>\n<p><span style=\"font-size: large;\"><\/span><\/p>\n<p><span style=\"font-size: large;\">\u201cNo saber\u201d no es ignorancia. La ignorancia es defecto moral de quien ignora. Pero hay un no-saber sin defectos, sin moral. Toda novela tiene moral, pero no lo debe saber. Y no saberlo no la vuelve ignorante.\u00a0<\/span><\/p>\n<p><span style=\"font-size: large;\"><\/span><\/p>\n<p><span style=\"font-size: large;\">Una novela cuyo inasible autor se niegue a decir: \u201clo primero que vino fue una imagen; un nombre, un personaje, el cabello de una mujer\u2026\u201d, porque alg\u00fan d\u00eda habr\u00e1 una novela sin \u201cmateria prima\u201d por la cual entrevistar. Una novela por tanto inintrevistable, y que de ser entrevistada se autoprohiba contestar: \u201cno me siento c\u00f3moda con ning\u00fan \u2018ismo\u201d; \u201cmi verdadero protagonista es el lenguaje\u201d; \u201cla literatura no debe explicar, sino sugerir\u201d.<\/span><\/p>\n<p><span style=\"font-size: large;\"><\/span><\/p>\n<p><span style=\"font-size: large;\">\u00a1Bienaventurada la novela que alg\u00fan d\u00eda no pueda descomponerse en herramientas ni desarmarse en aspectos! \u00a1Una novela desaspectada! \u00a1De narrador ni impotente ni omnipotente: oblicuo y epil\u00e9ptico!\u00a0<\/span><\/p>\n<p><span style=\"font-size: large;\"><\/span><\/p>\n<p><span style=\"font-size: large;\">Una novela cuyos personajes no cumplan \u201cfunciones\u201d, o sea, que los pobrecitos no vengan al mundo a ser microfonitos para que el autor discursee a trav\u00e9s de ellos cuanta pavada existencialista se le cruce por la cabeza o el dedo gordo del pie. Pero tampoco una novela cuyos personajes \u201cvivan\u201d, tengan \u201cvida propia\u201d, puesto que es de dominio p\u00fablico lo dificultoso y poco recomendable que es introducir seres de carne y hueso a vivir entres p\u00e1ginas que a priori nunca consienten tener el mismo tama\u00f1o que los vivos en cuesti\u00f3n. Lo que tienen los personajes no es vida sino inexistencia propia. Es lo \u00fanico que tienen. Y lo m\u00e1s hermoso, lo m\u00e1s preciado.\u00a0<\/span><\/p>\n<p><span style=\"font-size: large;\"><\/span><\/p>\n<p><span style=\"font-size: large;\">Y alg\u00fan d\u00eda habr\u00e1 una novela que d\u00e9 libertad de acci\u00f3n e inacci\u00f3n a sus personajes; que a antojo puedan entrar o salir de la novela, y lo mismo ser o no ser personajes seg\u00fan lo disponga el \u00e1nimo que los predisponga. Una novela de poblaci\u00f3n din\u00e1mica, que tenga tantos personajes como lectores habr\u00e1 de contar, de suerte que el n\u00famero de personajes constituya una cifra abierta que aumente o desaumente conforme la novela gane o pierda lecturas.\u00a0<\/span><\/p>\n<p><span style=\"font-size: large;\"><\/span><\/p>\n<p><span style=\"font-size: large;\">Una novela que nunca comience. No por infinitud de pr\u00f3logos sino por perpetuos finales, de modo que la novela solo sepa terminar sin haber comenzado. Porque alg\u00fan d\u00eda habr\u00e1 una novela compuesta y descompuesta de puros finales y finales puros, donde a cada final le siga otro, y cada nuevo final no har\u00e1 del final precedente un comienzo, porque la relaci\u00f3n entre finales ser\u00e1 siempre entre finales autoconclusivos. Finales que tampoco ser\u00e1n \u201calternativos\u201d, porque aquello supondr\u00eda que un final es El final y los dem\u00e1s finales, versiones subsidiarias del final definitivo. O sea, alg\u00fan d\u00eda habr\u00e1 una novela sin nostalgia de s\u00ed misma.\u00a0<\/span><\/p>\n<p><span style=\"font-size: large;\"><\/span><\/p>\n<p><span style=\"font-size: large;\">Una novela desatendida en eso de destacar por \u201cno parecer una novela\u201d, por \u201chaber tirado por la borda los procedimientos formales del g\u00e9nero\u201d. Porque alg\u00fan d\u00eda habr\u00e1 una novela sin ninguna borda a su alrededor por la cual tirar procedimientos o cosa alguna; procedimientos que por otra parte ignora, y su discurrir ni por asomo dar\u00e1 lugar a decir: \u201caunque esto sea una locura, hay m\u00e9todo en ello\u201d.<\/span><\/p>\n<p><span style=\"font-size: large;\"><\/span><\/p>\n<p><span style=\"font-size: large;\">Porque alg\u00fan d\u00eda habr\u00e1 una novela que aunque le\u00edda en todo el mundo no se pueda decir que se lee en todo el mundo puesto que aborda Los Grandes Temas de la Condici\u00f3n Humana: La Vida, La Muerte, El Amor, La Milanesa.\u00a0<\/span><\/p>\n<p><span style=\"font-weight: 400;\"><\/span><\/p>[\/et_pb_text][et_pb_image src=\u00bbhttps:\/\/urbe.com.ar\/revista\/wp-content\/uploads\/2023\/05\/WhatsApp-Image-2023-03-13-at-16.37.45.jpeg\u00bb title_text=\u00bbWhatsApp Image 2023-03-13 at 16.37.45&#8243; align=\u00bbcenter\u00bb _builder_version=\u00bb4.27.5&#8243; _module_preset=\u00bbdefault\u00bb custom_margin=\u00bb3%||3%||true|false\u00bb global_colors_info=\u00bb{}\u00bb][\/et_pb_image][et_pb_text admin_label=\u00bbParrafo 1&#8243; _builder_version=\u00bb4.27.4&#8243; text_font=\u00bbTitillium Web||||||||\u00bb text_text_color=\u00bb#000000&#8243; text_font_size=\u00bb20px\u00bb text_line_height=\u00bb2em\u00bb custom_margin=\u00bb2%|0%|2%|0%|true|true\u00bb custom_padding=\u00bb||0px|0px||\u00bb text_font_size_tablet=\u00bb17px\u00bb text_font_size_phone=\u00bb16px\u00bb text_font_size_last_edited=\u00bbon|phone\u00bb locked=\u00bboff\u00bb inline_fonts=\u00bbRubik,Alkalami,Titillium Web\u00bb global_colors_info=\u00bb{}\u00bb]<p><span style=\"font-size: large;\"><span style=\"font-size: large;\">Una novela que de querer moverse veloz lo haga sin culpa epocal, visto que la aceleraci\u00f3n se ha vuelto de derecha. En cambio el golf, un retiro espiritual y mi t\u00edo Jorgito (que es rengo) por contraste de velocidad supuestamente se antojan insurgentes, anti-sistema, la cima de la sublevaci\u00f3n temporal. Pero alg\u00fan d\u00eda habr\u00e1 una novela que denoste el golf. El golf y el psicoan\u00e1lisis cultural.\u00a0<\/span><\/span><\/p>\n<p><span style=\"font-size: large;\"><span style=\"font-size: large;\"><\/span><\/span><\/p>\n<p><span style=\"font-size: large;\"><span style=\"font-size: large;\">Una novela que desquicie a los psicoanalistas por enfrentarlos al hecho de no poder diagnosticar a los personajes, porque los personajes son personajes, o sea representaciones, y no pacientes. Alg\u00fan d\u00eda habr\u00e1 una novela que por primera vez no sea mandada a terapia por rarita.\u00a0<\/span><\/span><\/p>\n<p><span style=\"font-size: large;\"><span style=\"font-size: large;\"><\/span><\/span><\/p>\n<p><span style=\"font-size: large;\"><span style=\"font-size: large;\">Quien est\u00e9 triste y busque profundizar o contrariar su tristeza, no leer\u00e1 esta novela, ni con suerte ninguna otra. Para ello existe la m\u00fasica y el cine. Alg\u00fan d\u00eda habr\u00e1 una novela a la que no podamos ponerle encima ninguno de nuestros estados de \u00e1nimo, porque ya suficiente tendr\u00e1 la novela con bancarse los suyos, que por lo dem\u00e1s no se sabr\u00e1 si existen porque alg\u00fan d\u00eda habr\u00e1 una novela que sea una novela y no una Expresi\u00f3n.\u00a0<\/span><\/span><\/p>\n<p><span style=\"font-size: large;\"><span style=\"font-size: large;\"><\/span><\/span><\/p>\n<p><span style=\"font-size: large;\"><span style=\"font-size: large;\">Una novela que eche por tierra y mar y cielo toda la literatura sensitiva y su joroba monta\u00f1esa de kilom\u00e9tricas descripciones sensoriales. Siendo tan rico el olor a frito de la torta frita, \u00bfpor qu\u00e9 uno acudir\u00eda a buscar el goce nasal de la fritura adentro de una novela y no fuera? Alg\u00fan d\u00eda habr\u00e1 una novela que bien sepa que una pintura es superior a la pintura escrita, la m\u00fasica superior a la escritura musicada, y que comer una torta frita es groseramente superior a imaginar su ingesta. Que tanto habiendo en una novela para imaginar, nos d\u00e9 a la imaginaci\u00f3n algo m\u00e1s que lo que el cuerpo permita y reconozca. Porque el cuerpo siempre es la base, pero solo la base.\u00a0<\/span><\/span><\/p>\n<p><span style=\"font-size: large;\"><span style=\"font-size: large;\"><\/span><\/span><\/p>\n<p><span style=\"font-size: large;\"><span style=\"font-size: large;\">Al cabo una novela de la que sea un bochorno, una especulaci\u00f3n rid\u00edcula, una hip\u00f3tesis mezquina sugerir su existencia. Porque la novela, sin ser futurista, <\/span><\/span><span style=\"font-size: large;\"><span style=\"font-size: large;\">pertenece al futuro, al futuro de verdad y no al futuro, tanto m\u00e1s chato, que proyectamos en el presente. Entonces: alg\u00fan d\u00eda habr\u00eda una novela. Y ya.<\/span><\/span><\/p>\n<p>&nbsp;<\/p>\n<p><span style=\"font-weight: 400;\"><\/span><\/p>[\/et_pb_text][et_pb_blog fullwidth=\u00bboff\u00bb posts_number=\u00bb3&#8243; include_categories=\u00bbcurrent\u00bb meta_date=\u00bbj M,Y\u00bb excerpt_length=\u00bb80&#8243; show_author=\u00bboff\u00bb show_categories=\u00bboff\u00bb show_pagination=\u00bboff\u00bb masonry_tile_background_color=\u00bb#FFFFFF\u00bb disabled_on=\u00bbon|off|off\u00bb module_class=\u00bbpa-blog \u00bb _builder_version=\u00bb4.25.1&#8243; header_font=\u00bb|700|||||||\u00bb header_text_color=\u00bb#FFFFFF\u00bb header_font_size=\u00bb20px\u00bb body_font=\u00bb|600|||||||\u00bb body_text_color=\u00bb#FFFFFF\u00bb meta_text_color=\u00bb#FFFFFF\u00bb read_more_text_color=\u00bb#FFFFFF\u00bb background_color=\u00bb#FFFFFF\u00bb min_height=\u00bb100px\u00bb custom_margin=\u00bb0px||0%||false|false\u00bb custom_margin_tablet=\u00bb0%||||false|false\u00bb custom_margin_phone=\u00bb\u00bb custom_margin_last_edited=\u00bbon|desktop\u00bb custom_padding=\u00bb||0px|||\u00bb header_text_shadow_style=\u00bbpreset3&#8243; header_text_shadow_color=\u00bb#000000&#8243; body_text_shadow_style=\u00bbpreset3&#8243; body_text_shadow_color=\u00bb#000000&#8243; meta_text_shadow_style=\u00bbpreset3&#8243; meta_text_shadow_color=\u00bb#000000&#8243; border_color_all_image=\u00bb#FFFFFF\u00bb border_width_top_image=\u00bb2px\u00bb text_shadow_style=\u00bbpreset3&#8243; text_shadow_blur_strength=\u00bb0.54em\u00bb text_shadow_color=\u00bb#000000&#8243; global_colors_info=\u00bb{}\u00bb][\/et_pb_blog][et_pb_image src=\u00bbhttps:\/\/urbe.com.ar\/revista\/wp-content\/uploads\/2023\/05\/banner-escritores-copy.jpg\u00bb title_text=\u00bbbanner escritores copy\u00bb _builder_version=\u00bb4.21.0&#8243; _module_preset=\u00bbdefault\u00bb custom_margin=\u00bb15%||||false|false\u00bb global_colors_info=\u00bb{}\u00bb][\/et_pb_image][\/et_pb_column][\/et_pb_row][\/et_pb_section]\n","protected":false},"excerpt":{"rendered":"<p>Por <b>Manuel Duarte<\/b><\/p>\n","protected":false},"author":10,"featured_media":12166,"comment_status":"closed","ping_status":"closed","sticky":false,"template":"","format":"standard","meta":{"_et_pb_use_builder":"on","_et_pb_old_content":"","_et_gb_content_width":"1080","_jetpack_memberships_contains_paid_content":false,"footnotes":""},"categories":[33],"tags":[],"class_list":["post-12165","post","type-post","status-publish","format-standard","has-post-thumbnail","hentry","category-artificios-artificios"],"yoast_head":"<!-- This site is optimized with the Yoast SEO plugin v27.5 - https:\/\/yoast.com\/product\/yoast-seo-wordpress\/ -->\n<title>Novela para alg\u00fan d\u00eda - Revista Urbe<\/title>\n<meta name=\"robots\" content=\"index, follow, max-snippet:-1, max-image-preview:large, max-video-preview:-1\" \/>\n<link rel=\"canonical\" href=\"https:\/\/urbe.com.ar\/revista\/novela-para-algun-dia\/\" \/>\n<meta property=\"og:locale\" content=\"es_ES\" \/>\n<meta property=\"og:type\" content=\"article\" \/>\n<meta property=\"og:title\" content=\"Novela para alg\u00fan d\u00eda - Revista Urbe\" \/>\n<meta property=\"og:description\" content=\"Por Manuel Duarte\" \/>\n<meta property=\"og:url\" content=\"https:\/\/urbe.com.ar\/revista\/novela-para-algun-dia\/\" \/>\n<meta property=\"og:site_name\" content=\"Revista Urbe\" \/>\n<meta property=\"article:published_time\" content=\"2026-03-04T14:54:53+00:00\" \/>\n<meta property=\"article:modified_time\" content=\"2026-03-04T14:54:54+00:00\" \/>\n<meta property=\"og:image\" content=\"https:\/\/urbe.com.ar\/revista\/wp-content\/uploads\/2026\/03\/miniatura-copia-1-1024x922.webp\" \/>\n\t<meta property=\"og:image:width\" content=\"1024\" \/>\n\t<meta property=\"og:image:height\" content=\"922\" \/>\n\t<meta property=\"og:image:type\" content=\"image\/webp\" \/>\n<meta name=\"author\" content=\"Alejo Bernhardt\" \/>\n<meta name=\"twitter:card\" content=\"summary_large_image\" \/>\n<meta name=\"twitter:creator\" content=\"@Revistaurbe_\" \/>\n<meta name=\"twitter:site\" content=\"@Revistaurbe_\" \/>\n<meta name=\"twitter:label1\" content=\"Escrito por\" \/>\n\t<meta name=\"twitter:data1\" content=\"Alejo Bernhardt\" \/>\n\t<meta name=\"twitter:label2\" content=\"Tiempo de lectura\" \/>\n\t<meta name=\"twitter:data2\" content=\"12 minutos\" \/>\n<script type=\"application\/ld+json\" class=\"yoast-schema-graph\">{\"@context\":\"https:\\\/\\\/schema.org\",\"@graph\":[{\"@type\":\"Article\",\"@id\":\"https:\\\/\\\/urbe.com.ar\\\/revista\\\/novela-para-algun-dia\\\/#article\",\"isPartOf\":{\"@id\":\"https:\\\/\\\/urbe.com.ar\\\/revista\\\/novela-para-algun-dia\\\/\"},\"author\":{\"name\":\"Alejo Bernhardt\",\"@id\":\"https:\\\/\\\/urbe.com.ar\\\/revista\\\/#\\\/schema\\\/person\\\/4ddcf051fa628850264f4c6d61f63ee2\"},\"headline\":\"Novela para alg\u00fan d\u00eda\",\"datePublished\":\"2026-03-04T14:54:53+00:00\",\"dateModified\":\"2026-03-04T14:54:54+00:00\",\"mainEntityOfPage\":{\"@id\":\"https:\\\/\\\/urbe.com.ar\\\/revista\\\/novela-para-algun-dia\\\/\"},\"wordCount\":3573,\"image\":{\"@id\":\"https:\\\/\\\/urbe.com.ar\\\/revista\\\/novela-para-algun-dia\\\/#primaryimage\"},\"thumbnailUrl\":\"https:\\\/\\\/i0.wp.com\\\/urbe.com.ar\\\/revista\\\/wp-content\\\/uploads\\\/2026\\\/03\\\/miniatura-copia-1.webp?fit=2551%2C2297&ssl=1\",\"articleSection\":[\"ARTIFICIOS\"],\"inLanguage\":\"es\"},{\"@type\":\"WebPage\",\"@id\":\"https:\\\/\\\/urbe.com.ar\\\/revista\\\/novela-para-algun-dia\\\/\",\"url\":\"https:\\\/\\\/urbe.com.ar\\\/revista\\\/novela-para-algun-dia\\\/\",\"name\":\"Novela para alg\u00fan d\u00eda - Revista Urbe\",\"isPartOf\":{\"@id\":\"https:\\\/\\\/urbe.com.ar\\\/revista\\\/#website\"},\"primaryImageOfPage\":{\"@id\":\"https:\\\/\\\/urbe.com.ar\\\/revista\\\/novela-para-algun-dia\\\/#primaryimage\"},\"image\":{\"@id\":\"https:\\\/\\\/urbe.com.ar\\\/revista\\\/novela-para-algun-dia\\\/#primaryimage\"},\"thumbnailUrl\":\"https:\\\/\\\/i0.wp.com\\\/urbe.com.ar\\\/revista\\\/wp-content\\\/uploads\\\/2026\\\/03\\\/miniatura-copia-1.webp?fit=2551%2C2297&ssl=1\",\"datePublished\":\"2026-03-04T14:54:53+00:00\",\"dateModified\":\"2026-03-04T14:54:54+00:00\",\"author\":{\"@id\":\"https:\\\/\\\/urbe.com.ar\\\/revista\\\/#\\\/schema\\\/person\\\/4ddcf051fa628850264f4c6d61f63ee2\"},\"breadcrumb\":{\"@id\":\"https:\\\/\\\/urbe.com.ar\\\/revista\\\/novela-para-algun-dia\\\/#breadcrumb\"},\"inLanguage\":\"es\",\"potentialAction\":[{\"@type\":\"ReadAction\",\"target\":[\"https:\\\/\\\/urbe.com.ar\\\/revista\\\/novela-para-algun-dia\\\/\"]}]},{\"@type\":\"ImageObject\",\"inLanguage\":\"es\",\"@id\":\"https:\\\/\\\/urbe.com.ar\\\/revista\\\/novela-para-algun-dia\\\/#primaryimage\",\"url\":\"https:\\\/\\\/i0.wp.com\\\/urbe.com.ar\\\/revista\\\/wp-content\\\/uploads\\\/2026\\\/03\\\/miniatura-copia-1.webp?fit=2551%2C2297&ssl=1\",\"contentUrl\":\"https:\\\/\\\/i0.wp.com\\\/urbe.com.ar\\\/revista\\\/wp-content\\\/uploads\\\/2026\\\/03\\\/miniatura-copia-1.webp?fit=2551%2C2297&ssl=1\",\"width\":2551,\"height\":2297},{\"@type\":\"BreadcrumbList\",\"@id\":\"https:\\\/\\\/urbe.com.ar\\\/revista\\\/novela-para-algun-dia\\\/#breadcrumb\",\"itemListElement\":[{\"@type\":\"ListItem\",\"position\":1,\"name\":\"Portada\",\"item\":\"https:\\\/\\\/urbe.com.ar\\\/revista\\\/\"},{\"@type\":\"ListItem\",\"position\":2,\"name\":\"Novela para alg\u00fan d\u00eda\"}]},{\"@type\":\"WebSite\",\"@id\":\"https:\\\/\\\/urbe.com.ar\\\/revista\\\/#website\",\"url\":\"https:\\\/\\\/urbe.com.ar\\\/revista\\\/\",\"name\":\"Revista Urbe\",\"description\":\"\",\"potentialAction\":[{\"@type\":\"SearchAction\",\"target\":{\"@type\":\"EntryPoint\",\"urlTemplate\":\"https:\\\/\\\/urbe.com.ar\\\/revista\\\/?s={search_term_string}\"},\"query-input\":{\"@type\":\"PropertyValueSpecification\",\"valueRequired\":true,\"valueName\":\"search_term_string\"}}],\"inLanguage\":\"es\"},{\"@type\":\"Person\",\"@id\":\"https:\\\/\\\/urbe.com.ar\\\/revista\\\/#\\\/schema\\\/person\\\/4ddcf051fa628850264f4c6d61f63ee2\",\"name\":\"Alejo Bernhardt\",\"image\":{\"@type\":\"ImageObject\",\"inLanguage\":\"es\",\"@id\":\"https:\\\/\\\/secure.gravatar.com\\\/avatar\\\/e17892015a0b2fe0e47a8387056c05584647b09de53f1ac00adae78b2f4fb443?s=96&d=mm&r=g\",\"url\":\"https:\\\/\\\/secure.gravatar.com\\\/avatar\\\/e17892015a0b2fe0e47a8387056c05584647b09de53f1ac00adae78b2f4fb443?s=96&d=mm&r=g\",\"contentUrl\":\"https:\\\/\\\/secure.gravatar.com\\\/avatar\\\/e17892015a0b2fe0e47a8387056c05584647b09de53f1ac00adae78b2f4fb443?s=96&d=mm&r=g\",\"caption\":\"Alejo Bernhardt\"},\"url\":\"https:\\\/\\\/urbe.com.ar\\\/revista\\\/author\\\/alejo-bernhardt\\\/\"}]}<\/script>\n<!-- \/ Yoast SEO plugin. -->","yoast_head_json":{"title":"Novela para alg\u00fan d\u00eda - Revista Urbe","robots":{"index":"index","follow":"follow","max-snippet":"max-snippet:-1","max-image-preview":"max-image-preview:large","max-video-preview":"max-video-preview:-1"},"canonical":"https:\/\/urbe.com.ar\/revista\/novela-para-algun-dia\/","og_locale":"es_ES","og_type":"article","og_title":"Novela para alg\u00fan d\u00eda - Revista Urbe","og_description":"Por Manuel Duarte","og_url":"https:\/\/urbe.com.ar\/revista\/novela-para-algun-dia\/","og_site_name":"Revista Urbe","article_published_time":"2026-03-04T14:54:53+00:00","article_modified_time":"2026-03-04T14:54:54+00:00","og_image":[{"width":1024,"height":922,"url":"https:\/\/urbe.com.ar\/revista\/wp-content\/uploads\/2026\/03\/miniatura-copia-1-1024x922.webp","type":"image\/webp"}],"author":"Alejo Bernhardt","twitter_card":"summary_large_image","twitter_creator":"@Revistaurbe_","twitter_site":"@Revistaurbe_","twitter_misc":{"Escrito por":"Alejo Bernhardt","Tiempo de lectura":"12 minutos"},"schema":{"@context":"https:\/\/schema.org","@graph":[{"@type":"Article","@id":"https:\/\/urbe.com.ar\/revista\/novela-para-algun-dia\/#article","isPartOf":{"@id":"https:\/\/urbe.com.ar\/revista\/novela-para-algun-dia\/"},"author":{"name":"Alejo Bernhardt","@id":"https:\/\/urbe.com.ar\/revista\/#\/schema\/person\/4ddcf051fa628850264f4c6d61f63ee2"},"headline":"Novela para alg\u00fan d\u00eda","datePublished":"2026-03-04T14:54:53+00:00","dateModified":"2026-03-04T14:54:54+00:00","mainEntityOfPage":{"@id":"https:\/\/urbe.com.ar\/revista\/novela-para-algun-dia\/"},"wordCount":3573,"image":{"@id":"https:\/\/urbe.com.ar\/revista\/novela-para-algun-dia\/#primaryimage"},"thumbnailUrl":"https:\/\/i0.wp.com\/urbe.com.ar\/revista\/wp-content\/uploads\/2026\/03\/miniatura-copia-1.webp?fit=2551%2C2297&ssl=1","articleSection":["ARTIFICIOS"],"inLanguage":"es"},{"@type":"WebPage","@id":"https:\/\/urbe.com.ar\/revista\/novela-para-algun-dia\/","url":"https:\/\/urbe.com.ar\/revista\/novela-para-algun-dia\/","name":"Novela para alg\u00fan d\u00eda - Revista Urbe","isPartOf":{"@id":"https:\/\/urbe.com.ar\/revista\/#website"},"primaryImageOfPage":{"@id":"https:\/\/urbe.com.ar\/revista\/novela-para-algun-dia\/#primaryimage"},"image":{"@id":"https:\/\/urbe.com.ar\/revista\/novela-para-algun-dia\/#primaryimage"},"thumbnailUrl":"https:\/\/i0.wp.com\/urbe.com.ar\/revista\/wp-content\/uploads\/2026\/03\/miniatura-copia-1.webp?fit=2551%2C2297&ssl=1","datePublished":"2026-03-04T14:54:53+00:00","dateModified":"2026-03-04T14:54:54+00:00","author":{"@id":"https:\/\/urbe.com.ar\/revista\/#\/schema\/person\/4ddcf051fa628850264f4c6d61f63ee2"},"breadcrumb":{"@id":"https:\/\/urbe.com.ar\/revista\/novela-para-algun-dia\/#breadcrumb"},"inLanguage":"es","potentialAction":[{"@type":"ReadAction","target":["https:\/\/urbe.com.ar\/revista\/novela-para-algun-dia\/"]}]},{"@type":"ImageObject","inLanguage":"es","@id":"https:\/\/urbe.com.ar\/revista\/novela-para-algun-dia\/#primaryimage","url":"https:\/\/i0.wp.com\/urbe.com.ar\/revista\/wp-content\/uploads\/2026\/03\/miniatura-copia-1.webp?fit=2551%2C2297&ssl=1","contentUrl":"https:\/\/i0.wp.com\/urbe.com.ar\/revista\/wp-content\/uploads\/2026\/03\/miniatura-copia-1.webp?fit=2551%2C2297&ssl=1","width":2551,"height":2297},{"@type":"BreadcrumbList","@id":"https:\/\/urbe.com.ar\/revista\/novela-para-algun-dia\/#breadcrumb","itemListElement":[{"@type":"ListItem","position":1,"name":"Portada","item":"https:\/\/urbe.com.ar\/revista\/"},{"@type":"ListItem","position":2,"name":"Novela para alg\u00fan d\u00eda"}]},{"@type":"WebSite","@id":"https:\/\/urbe.com.ar\/revista\/#website","url":"https:\/\/urbe.com.ar\/revista\/","name":"Revista Urbe","description":"","potentialAction":[{"@type":"SearchAction","target":{"@type":"EntryPoint","urlTemplate":"https:\/\/urbe.com.ar\/revista\/?s={search_term_string}"},"query-input":{"@type":"PropertyValueSpecification","valueRequired":true,"valueName":"search_term_string"}}],"inLanguage":"es"},{"@type":"Person","@id":"https:\/\/urbe.com.ar\/revista\/#\/schema\/person\/4ddcf051fa628850264f4c6d61f63ee2","name":"Alejo Bernhardt","image":{"@type":"ImageObject","inLanguage":"es","@id":"https:\/\/secure.gravatar.com\/avatar\/e17892015a0b2fe0e47a8387056c05584647b09de53f1ac00adae78b2f4fb443?s=96&d=mm&r=g","url":"https:\/\/secure.gravatar.com\/avatar\/e17892015a0b2fe0e47a8387056c05584647b09de53f1ac00adae78b2f4fb443?s=96&d=mm&r=g","contentUrl":"https:\/\/secure.gravatar.com\/avatar\/e17892015a0b2fe0e47a8387056c05584647b09de53f1ac00adae78b2f4fb443?s=96&d=mm&r=g","caption":"Alejo Bernhardt"},"url":"https:\/\/urbe.com.ar\/revista\/author\/alejo-bernhardt\/"}]}},"jetpack_featured_media_url":"https:\/\/i0.wp.com\/urbe.com.ar\/revista\/wp-content\/uploads\/2026\/03\/miniatura-copia-1.webp?fit=2551%2C2297&ssl=1","jetpack_sharing_enabled":true,"_links":{"self":[{"href":"https:\/\/urbe.com.ar\/revista\/wp-json\/wp\/v2\/posts\/12165","targetHints":{"allow":["GET"]}}],"collection":[{"href":"https:\/\/urbe.com.ar\/revista\/wp-json\/wp\/v2\/posts"}],"about":[{"href":"https:\/\/urbe.com.ar\/revista\/wp-json\/wp\/v2\/types\/post"}],"author":[{"embeddable":true,"href":"https:\/\/urbe.com.ar\/revista\/wp-json\/wp\/v2\/users\/10"}],"replies":[{"embeddable":true,"href":"https:\/\/urbe.com.ar\/revista\/wp-json\/wp\/v2\/comments?post=12165"}],"version-history":[{"count":3,"href":"https:\/\/urbe.com.ar\/revista\/wp-json\/wp\/v2\/posts\/12165\/revisions"}],"predecessor-version":[{"id":12173,"href":"https:\/\/urbe.com.ar\/revista\/wp-json\/wp\/v2\/posts\/12165\/revisions\/12173"}],"wp:featuredmedia":[{"embeddable":true,"href":"https:\/\/urbe.com.ar\/revista\/wp-json\/wp\/v2\/media\/12166"}],"wp:attachment":[{"href":"https:\/\/urbe.com.ar\/revista\/wp-json\/wp\/v2\/media?parent=12165"}],"wp:term":[{"taxonomy":"category","embeddable":true,"href":"https:\/\/urbe.com.ar\/revista\/wp-json\/wp\/v2\/categories?post=12165"},{"taxonomy":"post_tag","embeddable":true,"href":"https:\/\/urbe.com.ar\/revista\/wp-json\/wp\/v2\/tags?post=12165"}],"curies":[{"name":"wp","href":"https:\/\/api.w.org\/{rel}","templated":true}]}}