{"id":11413,"date":"2025-08-28T15:28:56","date_gmt":"2025-08-28T15:28:56","guid":{"rendered":"https:\/\/urbe.com.ar\/revista\/?p=11413"},"modified":"2025-08-28T15:28:57","modified_gmt":"2025-08-28T15:28:57","slug":"del-sufrimiento-a-las-flores","status":"publish","type":"post","link":"https:\/\/urbe.com.ar\/revista\/del-sufrimiento-a-las-flores\/","title":{"rendered":"Del sufrimiento a las flores"},"content":{"rendered":"\n[et_pb_section fb_built=\u00bb1&#8243; disabled_on=\u00bbon|on|on\u00bb _builder_version=\u00bb4.20.0&#8243; disabled=\u00bbon\u00bb global_colors_info=\u00bb{}\u00bb][et_pb_row _builder_version=\u00bb4.27.0&#8243; global_colors_info=\u00bb{}\u00bb][et_pb_column type=\u00bb4_4&#8243; _builder_version=\u00bb4.18.0&#8243; global_colors_info=\u00bb{}\u00bb][et_pb_text disabled_on=\u00bbon|on|on\u00bb _builder_version=\u00bb4.27.4&#8243; text_font=\u00bbTitillium Web||||||||\u00bb custom_padding=\u00bb||28px|||\u00bb disabled=\u00bbon\u00bb global_colors_info=\u00bb{}\u00bb]<p><b>Facundo Calv\u00f3<\/b> | <span style=\"font-size: 14px; text-align: center;\">\u00bfQu\u00e9 es el sufrimiento? <\/span><span style=\"font-weight: 400;\">Este ensayo aborda el sufrimiento desde distintos abordajes te\u00f3ricos y autores, construyendo una mirada que busca transformarlo.<\/span><\/p>[\/et_pb_text][\/et_pb_column][\/et_pb_row][\/et_pb_section][et_pb_section fb_built=\u00bb1&#8243; _builder_version=\u00bb4.25.1&#8243; _module_preset=\u00bbdefault\u00bb global_colors_info=\u00bb{}\u00bb][et_pb_row _builder_version=\u00bb4.25.1&#8243; background_color=\u00bb#ffffff\u00bb background_enable_image=\u00bboff\u00bb custom_margin=\u00bb40px||20px||false|false\u00bb custom_padding=\u00bb12px|0px|12px|0px|true|true\u00bb border_color_left=\u00bb#F2AF46&#8243; global_colors_info=\u00bb{}\u00bb][et_pb_column type=\u00bb4_4&#8243; _builder_version=\u00bb4.25.1&#8243; global_colors_info=\u00bb{}\u00bb][et_pb_text _builder_version=\u00bb4.27.4&#8243; text_font=\u00bbTitillium Web|600|||||||\u00bb text_text_color=\u00bb#000000&#8243; text_font_size=\u00bb18px\u00bb header_text_align=\u00bbcenter\u00bb header_font_size=\u00bb35px\u00bb background_color=\u00bbRGBA(255,255,255,0)\u00bb background_layout=\u00bbdark\u00bb custom_margin=\u00bb2%|0%|2%|0%|true|true\u00bb custom_padding=\u00bb|||0px|false|false\u00bb hover_enabled=\u00bb0&#8243; border_color_all=\u00bb#F2AF46&#8243; global_colors_info=\u00bb{}\u00bb sticky_enabled=\u00bb0&#8243;]<p style=\"text-align: center;\"><strong>Artificios<\/strong><\/p>[\/et_pb_text][et_pb_text _builder_version=\u00bb4.27.4&#8243; text_font=\u00bbTitillium Web|300|||||||\u00bb text_text_color=\u00bb#000000&#8243; text_line_height=\u00bb1.4em\u00bb header_font=\u00bb|700||on|||||\u00bb header_text_align=\u00bbleft\u00bb header_text_color=\u00bb#272727&#8243; header_font_size=\u00bb4em\u00bb background_color=\u00bbRGBA(255,255,255,0)\u00bb background_enable_image=\u00bboff\u00bb background_size=\u00bbstretch\u00bb width=\u00bb100%\u00bb module_alignment=\u00bbleft\u00bb min_height=\u00bb71px\u00bb custom_margin=\u00bb3%|0%|3%|0%|true|true\u00bb custom_padding=\u00bb|0%|0px|0%|false|true\u00bb global_colors_info=\u00bb{}\u00bb]<h1 style=\"text-align: center;\">Del sufrimiento a las flores<\/h1>[\/et_pb_text][et_pb_text admin_label=\u00bbParrafo 1&#8243; _builder_version=\u00bb4.27.4&#8243; text_font=\u00bbTitillium Web||||||||\u00bb text_text_color=\u00bb#000000&#8243; text_font_size=\u00bb20px\u00bb text_line_height=\u00bb2em\u00bb custom_margin=\u00bb2%|0%|2%|0%|true|true\u00bb custom_padding=\u00bb||0px|||\u00bb text_font_size_tablet=\u00bb17px\u00bb text_font_size_phone=\u00bb16px\u00bb text_font_size_last_edited=\u00bbon|phone\u00bb locked=\u00bboff\u00bb inline_fonts=\u00bbRubik,Alkalami,Titillium Web\u00bb global_colors_info=\u00bb{}\u00bb]<div class=\"\" data-block=\"true\" data-editor=\"fd8ss\" data-offset-key=\"4uv8o-0-0\">\n<div data-offset-key=\"4uv8o-0-0\" class=\"public-DraftStyleDefault-block public-DraftStyleDefault-ltr\" style=\"text-align: center;\">\n<div data-offset-key=\"4uv8o-0-0\" class=\"public-DraftStyleDefault-block public-DraftStyleDefault-ltr\">\n<p>\u00bfQu\u00e9 es el sufrimiento? <span style=\"font-weight: 400;\">Este ensayo aborda el sufrimiento desde distintos abordajes te\u00f3ricos y autores, construyendo una mirada que busca transformarlo. <\/span><\/p>\n<\/div>\n<\/div>\n<\/div>\n<div class=\"\" data-block=\"true\" data-editor=\"fd8ss\" data-offset-key=\"5shq2-0-0\" style=\"text-align: center;\"><\/div>[\/et_pb_text][et_pb_text _builder_version=\u00bb4.27.4&#8243; text_font=\u00bbTitillium Web||||||||\u00bb text_text_color=\u00bb#000000&#8243; text_font_size=\u00bb18px\u00bb header_text_align=\u00bbcenter\u00bb header_text_color=\u00bb#057E7E\u00bb header_font_size=\u00bb35px\u00bb text_orientation=\u00bbjustified\u00bb custom_margin=\u00bb2%|0%|2%|0%|true|true\u00bb custom_padding=\u00bb|||0px|false|false\u00bb border_color_left=\u00bb#F2AF46&#8243; global_colors_info=\u00bb{}\u00bb]<p style=\"text-align: center;\">Por <strong>Facundo Calv\u00f3<\/strong><br \/><span style=\"font-size: medium;\">28 de agosto de 2025<\/span><\/p>[\/et_pb_text][et_pb_image src=\u00bbhttps:\/\/urbe.com.ar\/revista\/wp-content\/uploads\/2025\/08\/banner_web-6.webp\u00bb title_text=\u00bbbanner_web\u00bb align=\u00bbcenter\u00bb disabled_on=\u00bboff|off|off\u00bb _builder_version=\u00bb4.27.4&#8243; background_enable_image=\u00bboff\u00bb custom_margin=\u00bb5%|0%|5%|0%|true|true\u00bb custom_margin_tablet=\u00bb\u00bb custom_margin_phone=\u00bb6%|0%|6%|0%|true|true\u00bb custom_margin_last_edited=\u00bbon|phone\u00bb hover_enabled=\u00bb0&#8243; global_colors_info=\u00bb{}\u00bb sticky_enabled=\u00bb0&#8243;][\/et_pb_image][\/et_pb_column][\/et_pb_row][et_pb_row column_structure=\u00bb1_2,1_2&#8243; use_custom_gutter=\u00bbon\u00bb gutter_width=\u00bb1&#8243; make_equal=\u00bbon\u00bb disabled_on=\u00bbon|off|off\u00bb _builder_version=\u00bb4.16&#8243; background_color=\u00bb#ffffff\u00bb custom_margin=\u00bb||||false|false\u00bb custom_padding=\u00bb0px||0px|0%|false|false\u00bb locked=\u00bboff\u00bb global_colors_info=\u00bb{}\u00bb][et_pb_column type=\u00bb1_2&#8243; _builder_version=\u00bb4.16&#8243; background_color=\u00bb#ffffff\u00bb custom_css_main_element=\u00bbwidth: 60% !important;\u00bb global_colors_info=\u00bb{}\u00bb][\/et_pb_column][et_pb_column type=\u00bb1_2&#8243; _builder_version=\u00bb4.16&#8243; custom_css_main_element=\u00bb||width: 40% !important;||margin: auto;||display: flex;||flex-direction: column;||justify-content: center;\u00bb global_colors_info=\u00bb{}\u00bb][et_pb_code _builder_version=\u00bb4.16&#8243; text_orientation=\u00bbcenter\u00bb module_alignment=\u00bbcenter\u00bb custom_margin=\u00bb2%||2%||true|false\u00bb custom_padding=\u00bb|6.7%||6.7%|false|true\u00bb global_colors_info=\u00bb{}\u00bb]<div class=\"addtoany_shortcode\"><div class=\"a2a_kit a2a_kit_size_32 addtoany_list\" data-a2a-url=\"https:\/\/urbe.com.ar\/revista\/del-sufrimiento-a-las-flores\/\" data-a2a-title=\"Del sufrimiento a las flores\"><a class=\"a2a_button_facebook\" href=\"https:\/\/www.addtoany.com\/add_to\/facebook?linkurl=https%3A%2F%2Furbe.com.ar%2Frevista%2Fdel-sufrimiento-a-las-flores%2F&amp;linkname=Del%20sufrimiento%20a%20las%20flores\" title=\"Facebook\" rel=\"nofollow noopener\" target=\"_blank\"><\/a><a class=\"a2a_button_whatsapp\" href=\"https:\/\/www.addtoany.com\/add_to\/whatsapp?linkurl=https%3A%2F%2Furbe.com.ar%2Frevista%2Fdel-sufrimiento-a-las-flores%2F&amp;linkname=Del%20sufrimiento%20a%20las%20flores\" title=\"WhatsApp\" rel=\"nofollow noopener\" target=\"_blank\"><\/a><a class=\"a2a_button_twitter\" href=\"https:\/\/www.addtoany.com\/add_to\/twitter?linkurl=https%3A%2F%2Furbe.com.ar%2Frevista%2Fdel-sufrimiento-a-las-flores%2F&amp;linkname=Del%20sufrimiento%20a%20las%20flores\" title=\"Twitter\" rel=\"nofollow noopener\" target=\"_blank\"><\/a><a class=\"a2a_button_email\" href=\"https:\/\/www.addtoany.com\/add_to\/email?linkurl=https%3A%2F%2Furbe.com.ar%2Frevista%2Fdel-sufrimiento-a-las-flores%2F&amp;linkname=Del%20sufrimiento%20a%20las%20flores\" title=\"Email\" rel=\"nofollow noopener\" target=\"_blank\"><\/a><a class=\"a2a_button_copy_link\" href=\"https:\/\/www.addtoany.com\/add_to\/copy_link?linkurl=https%3A%2F%2Furbe.com.ar%2Frevista%2Fdel-sufrimiento-a-las-flores%2F&amp;linkname=Del%20sufrimiento%20a%20las%20flores\" title=\"Copy Link\" rel=\"nofollow noopener\" target=\"_blank\"><\/a><\/div><\/div>[\/et_pb_code][\/et_pb_column][\/et_pb_row][et_pb_row use_custom_gutter=\u00bbon\u00bb gutter_width=\u00bb1&#8243; make_equal=\u00bbon\u00bb disabled_on=\u00bboff|on|on\u00bb _builder_version=\u00bb4.16&#8243; background_color=\u00bb#ffffff\u00bb custom_margin=\u00bb||||false|false\u00bb custom_padding=\u00bb0px||0px|0%|false|false\u00bb locked=\u00bboff\u00bb global_colors_info=\u00bb{}\u00bb][et_pb_column type=\u00bb4_4&#8243; _builder_version=\u00bb4.16&#8243; background_color=\u00bb#ffffff\u00bb global_colors_info=\u00bb{}\u00bb][et_pb_code disabled_on=\u00bboff|off|off\u00bb _builder_version=\u00bb4.16&#8243; _module_preset=\u00bbdefault\u00bb text_orientation=\u00bbcenter\u00bb width=\u00bb100%\u00bb width_tablet=\u00bb\u00bb width_phone=\u00bb100%\u00bb width_last_edited=\u00bbon|phone\u00bb max_width=\u00bb100%\u00bb max_width_tablet=\u00bb\u00bb max_width_phone=\u00bb\u00bb max_width_last_edited=\u00bbon|tablet\u00bb module_alignment=\u00bbright\u00bb custom_margin_tablet=\u00bb\u00bb custom_margin_phone=\u00bb\u00bb custom_margin_last_edited=\u00bbon|phone\u00bb module_alignment_tablet=\u00bb\u00bb module_alignment_phone=\u00bbcenter\u00bb module_alignment_last_edited=\u00bbon|desktop\u00bb global_colors_info=\u00bb{}\u00bb]<div class=\"addtoany_shortcode\"><div class=\"a2a_kit a2a_kit_size_32 addtoany_list\" data-a2a-url=\"https:\/\/urbe.com.ar\/revista\/del-sufrimiento-a-las-flores\/\" data-a2a-title=\"Del sufrimiento a las flores\"><a class=\"a2a_button_facebook\" href=\"https:\/\/www.addtoany.com\/add_to\/facebook?linkurl=https%3A%2F%2Furbe.com.ar%2Frevista%2Fdel-sufrimiento-a-las-flores%2F&amp;linkname=Del%20sufrimiento%20a%20las%20flores\" title=\"Facebook\" rel=\"nofollow noopener\" target=\"_blank\"><\/a><a class=\"a2a_button_whatsapp\" href=\"https:\/\/www.addtoany.com\/add_to\/whatsapp?linkurl=https%3A%2F%2Furbe.com.ar%2Frevista%2Fdel-sufrimiento-a-las-flores%2F&amp;linkname=Del%20sufrimiento%20a%20las%20flores\" title=\"WhatsApp\" rel=\"nofollow noopener\" target=\"_blank\"><\/a><a class=\"a2a_button_twitter\" href=\"https:\/\/www.addtoany.com\/add_to\/twitter?linkurl=https%3A%2F%2Furbe.com.ar%2Frevista%2Fdel-sufrimiento-a-las-flores%2F&amp;linkname=Del%20sufrimiento%20a%20las%20flores\" title=\"Twitter\" rel=\"nofollow noopener\" target=\"_blank\"><\/a><a class=\"a2a_button_email\" href=\"https:\/\/www.addtoany.com\/add_to\/email?linkurl=https%3A%2F%2Furbe.com.ar%2Frevista%2Fdel-sufrimiento-a-las-flores%2F&amp;linkname=Del%20sufrimiento%20a%20las%20flores\" title=\"Email\" rel=\"nofollow noopener\" target=\"_blank\"><\/a><a class=\"a2a_button_copy_link\" href=\"https:\/\/www.addtoany.com\/add_to\/copy_link?linkurl=https%3A%2F%2Furbe.com.ar%2Frevista%2Fdel-sufrimiento-a-las-flores%2F&amp;linkname=Del%20sufrimiento%20a%20las%20flores\" title=\"Copy Link\" rel=\"nofollow noopener\" target=\"_blank\"><\/a><\/div><\/div>[\/et_pb_code][\/et_pb_column][\/et_pb_row][et_pb_row _builder_version=\u00bb4.25.1&#8243; background_color=\u00bb#ffffff\u00bb width=\u00bb100%\u00bb custom_padding=\u00bb0px||3px|0px||\u00bb global_colors_info=\u00bb{}\u00bb][et_pb_column type=\u00bb4_4&#8243; _builder_version=\u00bb4.25.1&#8243; global_colors_info=\u00bb{}\u00bb][et_pb_text admin_label=\u00bbParrafo 1&#8243; _builder_version=\u00bb4.27.4&#8243; text_font=\u00bbTitillium Web||||||||\u00bb text_text_color=\u00bb#000000&#8243; text_font_size=\u00bb20px\u00bb text_line_height=\u00bb2em\u00bb custom_margin=\u00bb2%|0%|2%|0%|true|true\u00bb custom_padding=\u00bb||0px|0px||\u00bb text_font_size_tablet=\u00bb17px\u00bb text_font_size_phone=\u00bb16px\u00bb text_font_size_last_edited=\u00bbon|phone\u00bb locked=\u00bboff\u00bb inline_fonts=\u00bbRubik,Alkalami,Titillium Web\u00bb global_colors_info=\u00bb{}\u00bb]<blockquote><\/blockquote>\n<p><span style=\"font-size: large;\"><span style=\"font-weight: 400;\">Est\u00e1 a punto de leer un ensayo, un texto que se toma licencias,<\/span> <span style=\"font-weight: 400;\">entrene la apertura a la experiencia o d\u00e9jelo-<\/span><\/span><\/p>\n<p><span style=\"font-size: large;\"><span style=\"font-weight: 400;\"><\/span><\/span><\/p>\n<p style=\"text-align: right;\"><span style=\"font-size: large;\"><i><span style=\"font-weight: 400;\">\u201cSi una planta se estuviera marchitando, no le diagnosticar\u00edamos el s\u00edndrome de la<\/span><\/i> <i><span style=\"font-weight: 400;\">planta marchita, sino que cambiar\u00edamos sus condiciones. Sin embargo, cuando los<\/span><\/i> <i><span style=\"font-weight: 400;\">seres humanos sufrimos en condiciones inhabitables, nos dicen que algo anda mal<\/span><\/i> <i><span style=\"font-weight: 400;\">con nosotros y se espera que sigamos adelante.\u201d <\/span><\/i><span style=\"font-weight: 400;\">(Sanah Ahsan)<\/span><\/span><\/p>\n<p><b style=\"font-size: large; color: #333333; text-align: left;\"><\/b><\/p>\n<p><span style=\"font-size: x-large;\"><b style=\"color: #333333; text-align: left;\">I. Sufrir: doler y apasionarse<\/b><\/span><\/p>\n<p style=\"text-align: right;\"><span style=\"font-size: large;\"><b><\/b><\/span><\/p>\n<p><span style=\"font-size: large;\"><span style=\"font-weight: 400;\">El sufrimiento es una experiencia universal, motivo por el cual diversas culturas han buscado expresarlo a trav\u00e9s de m\u00faltiples lenguajes y met\u00e1foras: <\/span><i><span style=\"font-weight: 400;\">duhkha<\/span><\/i><span style=\"font-weight: 400;\">, <\/span><i><span style=\"font-weight: 400;\">alam<\/span><\/i><span style=\"font-weight: 400;\">, <\/span><i><span style=\"font-weight: 400;\">tsaar<\/span><\/i><span style=\"font-weight: 400;\">, <\/span><i><span style=\"font-weight: 400;\">dard<\/span><\/i><span style=\"font-weight: 400;\">, <\/span><i><span style=\"font-weight: 400;\">schmerz<\/span><\/i><span style=\"font-weight: 400;\">, <\/span><i><span style=\"font-weight: 400;\">sofferenza<\/span><\/i><span style=\"font-weight: 400;\">. En castellano, t\u00e9rminos como sufrir, penar, doler, achacar, padecer y pesar, evidencian la polisemia del dolor. La RAE define \u201csufrir\u201d como sentir f\u00edsicamente un da\u00f1o, un dolor, una enfermedad o un castigo; sin embargo, tambi\u00e9n implica sostener, resistir, tolerar, apasionarse y contenerse. Ante la insuficiencia del llanto, el grito, las n\u00e1useas o las palpitaciones, estas palabras se convierten en otro intento de explicarnos ante los dem\u00e1s.<\/span><\/span><\/p>\n<p><span style=\"font-size: large;\"><span style=\"font-weight: 400;\"><\/span><\/span><\/p>\n<p><span style=\"font-size: large;\"><span style=\"font-weight: 400;\">Emiliano Exposto, autor de obras como \u201cTeor\u00eda cr\u00edtica de la salud mental: hac\u00eda una pol\u00edtica de los sintom\u00e1ticos\u201d, plantea que desenmara\u00f1ar lo pol\u00edtico en el sufrimiento \u2013y viceversa\u2013 nos ayuda a elaborar estrategias de vida. En nuestro momento hist\u00f3rico singular, el dolor se configura como un fen\u00f3meno de encuentro, resistencia y elaboraci\u00f3n. Se impone un modelo aprior\u00edstico que determina qu\u00e9 es el sufrimiento y qu\u00e9 debemos hacer ante \u00e9l. La noci\u00f3n de <\/span><i><span style=\"font-weight: 400;\">sofferenza <\/span><\/i><span style=\"font-weight: 400;\">\u2013lo que debe ser padecido y experimentado\u2013 establece una relaci\u00f3n directa con la identidad propia y ajena. Campod\u00f3nico, investigador de la Universidad Nacional de La Plata, sugiere que, al reestructurarse el concepto de Estado, tambi\u00e9n se reconfigura el de salud mental; as\u00ed, lo que entendemos por sufrir se moldea en los tropezones y saltos derivados de las cambiantes condiciones pol\u00edticas de vida. En la era del realismo capitalista, el sujeto se auto-explota, y el dolor se convierte en condici\u00f3n indispensable para que la maquinaria de la reproducci\u00f3n social funcione. La frustraci\u00f3n con el propio cuerpo, el futuro, el mundo y las relaciones interpersonales favorece al consumo irreflexivo e inel\u00e1stico. Es expresamente el sufrimiento como extractivismo emocional lo que alimenta la \u00fanica rueda que gira; los mercados ya no solucionan necesidades, las crean centrados en la pena, la angustia, la sobreadaptaci\u00f3n, la soledad y cualquier estado del que deseemos salir <\/span><i><span style=\"font-weight: 400;\">r\u00e1pido<\/span><\/i><span style=\"font-weight: 400;\">. Un ejemplo es lo que sucede con la industria de la felicidad, como estudian el psic\u00f3logo espa\u00f1ol Edgar Cabanas y la Soci\u00f3loga franco-israel\u00ed Eva Illouz, donde las imposiciones de c\u00f3mo debe verse y sentirse una vida feliz se defienden (o m\u00e1s bien atacan) desde todos los campos de poder tales como la ciencia, las instituciones <\/span><span style=\"font-weight: 400;\"><\/span><\/span><span style=\"font-size: large;\"><span style=\"font-weight: 400;\"><\/span><\/span><span style=\"font-weight: 400; font-size: large;\">p\u00fablicas y los mercados, consumiendo a sus consumidores en la insatisfacci\u00f3n continua por no ser lo suficientemente felices que deber\u00edan ser.<\/span><\/p>\n<p><span style=\"font-weight: 400; font-size: large;\"><\/span><\/p>\n<p style=\"text-align: right;\"><span style=\"font-size: large;\"><i><span style=\"font-weight: 400;\">\u201cel contextualismo tiene una base sint\u00e9tica: el todo es b\u00e1sico y las partes son derivadas.\u201d<\/span><\/i><\/span><\/p>\n<p style=\"text-align: right;\"><span style=\"font-size: large;\"><span style=\"font-weight: 400;\">(Granados y Ruiz)<\/span><\/span><\/p>\n<p><span style=\"font-size: large;\"><span style=\"font-weight: 400;\"><\/span><\/span><\/p>\n<p style=\"text-align: left;\"><span style=\"font-size: large;\"><span style=\"font-weight: 400;\">Entender la conducta <\/span><i><span style=\"font-weight: 400;\">sufrir <\/span><\/i><span style=\"font-weight: 400;\">requiere reflexionar sobre su agencia y sentido partiendo de lo pragm\u00e1tico. Sufrir, para el contextualismo funcional, es una acci\u00f3n-en-contexto. Un comportamiento, seg\u00fan el equipo de investigaci\u00f3n en psicoterapia que integran Daniela Granados y Francisco J. Ruiz, es indisociable de los eventos hist\u00f3ricos y situacionales porque es a partir de ellos que puede ser comprendido y explicado. A su vez, el <\/span><i><span style=\"font-weight: 400;\">sufrimiento <\/span><\/i><span style=\"font-weight: 400;\">como categor\u00eda no existe, existe <\/span><i><span style=\"font-weight: 400;\">ella sufre; <\/span><\/i><span style=\"font-weight: 400;\">no hay sustantivos, hay verbos. Buscamos alejarnos de la forma para otorgarle identidad a cada dolor. Nuestro esfuerzo es darnos lugar a entender el comportamiento como fen\u00f3meno relacional, es decir, como un emergente particular pero posible debido al encuentro entre otros fen\u00f3menos.<\/span><\/span><\/p>\n<p><span style=\"font-weight: 400;\"><\/span><\/p>[\/et_pb_text][et_pb_code _builder_version=\u00bb4.25.2&#8243; _module_preset=\u00bbdefault\u00bb text_orientation=\u00bbcenter\u00bb global_colors_info=\u00bb{}\u00bb]  <a href=\"https:\/\/www.legislatura.gob.ar\/\" target=\"_blank\" rel=\"noopener\"><!-- [et_pb_line_break_holder] -->    <img data-recalc-dims=\"1\" decoding=\"async\" src=\"https:\/\/i0.wp.com\/imgur.com\/rLjBjeU.png?w=1080&#038;ssl=1\" alt=\"Legislatura-1\"><!-- [et_pb_line_break_holder] -->  <\/a>[\/et_pb_code][et_pb_text admin_label=\u00bbParrafo 1&#8243; _builder_version=\u00bb4.27.4&#8243; text_font=\u00bbTitillium Web||||||||\u00bb text_text_color=\u00bb#000000&#8243; text_font_size=\u00bb20px\u00bb text_line_height=\u00bb2em\u00bb custom_margin=\u00bb2%|0%|2%|0%|true|true\u00bb custom_padding=\u00bb||0px|0px||\u00bb text_font_size_tablet=\u00bb17px\u00bb text_font_size_phone=\u00bb16px\u00bb text_font_size_last_edited=\u00bbon|phone\u00bb locked=\u00bboff\u00bb inline_fonts=\u00bbRubik,Alkalami,Titillium Web\u00bb global_colors_info=\u00bb{}\u00bb]<blockquote><\/blockquote>\n<h1><span style=\"font-size: x-large;\"><b>II. Del c\u00f3mo nos hablamos al c\u00f3mo nos tratamos: narrativas a \u00e9ticas<\/b><\/span><span style=\"font-size: large;\"><b><\/b><\/span><\/h1>\n<p><span style=\"font-size: large;\"><b><\/b><\/span><\/p>\n<p style=\"text-align: right;\"><span style=\"font-size: large;\"><span style=\"font-weight: 400;\">\u201c<\/span><i><span style=\"font-weight: 400;\">deidad incorp\u00f3rea no localizada; es la tierra en un sentido profundo, metaf\u00edsico. <\/span><\/i><\/span><i style=\"font-size: large;\">Es lo de abajo, pero no el suelo o la tierra geol\u00f3gica, as\u00ed como el cielo cristiano tampoco es el cielo cosmogr\u00e1fico.\u201d<\/i><\/p>\n<p style=\"text-align: right;\"><i style=\"font-size: large;\">(<\/i><span style=\"font-size: large;\">Merlino y Rabey<\/span><i style=\"font-size: large;\">)<\/i><\/p>\n<p><i style=\"font-size: large;\"><\/i><\/p>\n<p><span style=\"font-size: large;\"><span style=\"font-weight: 400;\">El sufrimiento se enra\u00edza de forma diferente seg\u00fan las pr\u00e1cticas antropol\u00f3gicas. En Jujuy, provincia del norte andino argentino, la tradici\u00f3n oral se enriquece de met\u00e1foras que explican el mundo a trav\u00e9s de la fenomenolog\u00eda del <\/span><i><span style=\"font-weight: 400;\">pathos <\/span><\/i><span style=\"font-weight: 400;\">y la naturaleza. Historias como la de Coquena, esp\u00edritu originario que castiga a quienes cazan por avaricia; la leyenda de La Salamanca, cueva que act\u00faa como antesala al infierno y atrapa a los lujuriosos; y la veneraci\u00f3n a la Pachamama (o <\/span><i><span style=\"font-weight: 400;\">mamita<\/span><\/i><span style=\"font-weight: 400;\">) \u2013deidad que representa la Tierra en su sentido profundo y metaf\u00edsico, es decir, m\u00e1s que \u201clo de abajo\u201d\u2013 constituyen la base de una \u00e9tica del cuidado hacia la bioesfera. Estas narraciones, que valoran r\u00edos, cascadas, lagos, montes, \u00e1rboles, flores y toda la espesura animal, invitan a celebrar y proteger la divergencia. Las festividades se realizan en entornos naturales, donde se rinde tributo a esencias omnipresentes con la esperanza de transformar un suelo arrasado en campos f\u00e9rtiles.<\/span><\/span><\/p>\n<p><span style=\"font-size: large;\"><span style=\"font-weight: 400;\"><\/span><\/span><\/p>\n<p><span style=\"font-size: large;\"><span style=\"font-weight: 400;\">Para la conocida antrop\u00f3loga Margaret Mead, el primer signo civilizatorio fue el cuidado de un hueso roto, tratado en comunidad. Esta idea tan popular subraya que la atenci\u00f3n y el sost\u00e9n a un integrante del grupo son fundamentales para preservar, defender y mantener la vida en comunidad. Haudricourt, etnobot\u00e1nico franc\u00e9s, al analizar t\u00e9cnicas alimentarias en diversas sociedades, teoriz\u00f3 una asociaci\u00f3n rec\u00edproca entre gestos culturales, la naturaleza y el cuerpo, demostrando que la forma en que cada pueblo cultiva la tierra revela su \u00e9tica, valores, esperanzas y dolores. Las tradiciones orales pre-globalistas, al transmitir por ejemplo conocimientos sobre la obtenci\u00f3n del ma\u00edz, el arroz u otros cultivos, permiten<\/span><span style=\"font-weight: 400;\"><br \/><\/span><\/span><\/p>\n<p><span style=\"font-size: large;\"><span style=\"font-weight: 400;\"><\/span><\/span><\/p>\n<p><span style=\"font-weight: 400; font-size: large;\">entender tanto los sue\u00f1os como los miedos de un pueblo. Es m\u00e1s, ese tipo de conocimiento nos ayuda hasta a predecir su futuro, acaso pr\u00f3spero, acaso autodestruido.<\/span><\/p>\n<p><b style=\"font-size: large; color: #333333;\"><\/b><\/p>\n<p><span style=\"font-size: x-large;\"><b style=\"color: #333333;\">III. Hacia una bio\u00e9tica narrativa: La posibilidad de transformar el sufrimiento<\/b><\/span><\/p>\n<p><b style=\"font-size: large; color: #333333;\"><\/b><\/p>\n<p style=\"text-align: right;\"><span style=\"font-size: large;\"><i><span style=\"font-weight: 400;\">\u201cEn lugar de considerar que es responsabilidad de cada individuo resolver su <\/span><\/i><\/span><i style=\"font-size: large;\">propio malestar psicol\u00f3gico, es decir, en lugar de aceptar la enorme privatizaci\u00f3n del estr\u00e9s que ha tenido lugar en los \u00faltimos treinta a\u00f1os, debemos preguntarnos: <\/i><i style=\"font-size: large;\">\u00bfc\u00f3mo se ha vuelto aceptable que tanta gente, y especialmente tantos j\u00f3venes, est\u00e9 enferma?\u201d<\/i><\/p>\n<p style=\"text-align: right;\"><span style=\"font-size: large;\">(Mark Fisher)<\/span><\/p>\n<p><span style=\"font-weight: 400; font-size: large;\"><\/span><\/p>\n<p><span style=\"font-weight: 400; font-size: large;\">Vivimos inmersos en un contrato social que no comprendemos del todo; esperamos que las cosas sucedan sin intervenir, lo que hace que el sufrimiento se reduzca a una experiencia aislada. Somos seres dial\u00f3gicos en el sentido del conductismo radical, somos una parte de m\u00faltiples pero a la vez simples contingencias. Olvidarnos de que pertenecemos a algo mayor, cuando las narrativas no parten de una \u00e9tica co-construida, hace que el dolor se vuelva crueldad. La transformaci\u00f3n de este escenario melanc\u00f3lico y violento puede encontrar posibilidad en entrenar la capacidad de apreciar la lentitud de las flores al crecer y reconocer los gestos de ternura necesarios en la co-vivencia con los animales. Replicar las l\u00f3gicas del micelio \u2013la red de interconexiones del reino fungi\u2013 nos ense\u00f1a que cuidar la tierra para que otros puedan habitarla es, en esencia, el acto de esperanza m\u00e1s necesario. Como escuch\u00e9 decir a Ana Tonon, fonoaudi\u00f3loga ecoling\u00fc\u00edstica, este encuentro natural debe ser \u201cbiodivergente\u201d, es decir, abierto, plural, compasivo para todas las formas de vida. Garantizar una bio\u00e9tica narrativa, popular y accesible es el camino para contrarrestar la crueldad y la ignorancia; es cerrar la puerta a aquellos que, sin comprender la complejidad del dolor, imponen pr\u00e1cticas que terminan en la deshumanizaci\u00f3n.<\/span><\/p>\n<p><span style=\"font-weight: 400; font-size: large;\"><\/span><\/p>\n<p><span style=\"font-weight: 400; font-size: large;\">El sufrimiento es un fen\u00f3meno emergente de lo pol\u00edtico en nosotros y nosotros en lo pol\u00edtico, conocer su marco cultural y \u00e9tico, escuchar las narrativas pero sobre todo co-construir el mundo que habitamos es urgente para sobrevivir.<\/span><\/p>\n<p><span style=\"font-weight: 400; font-size: large;\"><\/span><\/p>\n<p style=\"text-align: right;\"><span style=\"font-size: large;\"><i><span style=\"font-weight: 400;\">estas palabras est\u00e1n listas para compostarse, <\/span><\/i><\/span><span style=\"font-size: large;\"><i><span style=\"font-weight: 400;\">ser abono de lo que vendr\u00e1.<\/span><\/i><\/span><\/p>\n<p><span style=\"font-weight: 400;\"><\/span><\/p>[\/et_pb_text][et_pb_image src=\u00bbhttps:\/\/urbe.com.ar\/revista\/wp-content\/uploads\/2023\/05\/WhatsApp-Image-2023-03-13-at-16.37.45.jpeg\u00bb title_text=\u00bbWhatsApp Image 2023-03-13 at 16.37.45&#8243; align=\u00bbcenter\u00bb _builder_version=\u00bb4.26.0&#8243; _module_preset=\u00bbdefault\u00bb custom_margin=\u00bb3%||3%||true|false\u00bb global_colors_info=\u00bb{}\u00bb][\/et_pb_image][et_pb_blog fullwidth=\u00bboff\u00bb posts_number=\u00bb3&#8243; include_categories=\u00bbcurrent\u00bb meta_date=\u00bbj M,Y\u00bb excerpt_length=\u00bb80&#8243; show_author=\u00bboff\u00bb show_categories=\u00bboff\u00bb show_pagination=\u00bboff\u00bb masonry_tile_background_color=\u00bb#FFFFFF\u00bb disabled_on=\u00bbon|off|off\u00bb module_class=\u00bbpa-blog \u00bb _builder_version=\u00bb4.25.1&#8243; header_font=\u00bb|700|||||||\u00bb header_text_color=\u00bb#FFFFFF\u00bb header_font_size=\u00bb20px\u00bb body_font=\u00bb|600|||||||\u00bb body_text_color=\u00bb#FFFFFF\u00bb meta_text_color=\u00bb#FFFFFF\u00bb read_more_text_color=\u00bb#FFFFFF\u00bb background_color=\u00bb#FFFFFF\u00bb min_height=\u00bb100px\u00bb custom_margin=\u00bb0px||0%||false|false\u00bb custom_margin_tablet=\u00bb0%||||false|false\u00bb custom_margin_phone=\u00bb\u00bb custom_margin_last_edited=\u00bbon|desktop\u00bb custom_padding=\u00bb||0px|||\u00bb header_text_shadow_style=\u00bbpreset3&#8243; header_text_shadow_color=\u00bb#000000&#8243; body_text_shadow_style=\u00bbpreset3&#8243; body_text_shadow_color=\u00bb#000000&#8243; meta_text_shadow_style=\u00bbpreset3&#8243; meta_text_shadow_color=\u00bb#000000&#8243; border_color_all_image=\u00bb#FFFFFF\u00bb border_width_top_image=\u00bb2px\u00bb text_shadow_style=\u00bbpreset3&#8243; text_shadow_blur_strength=\u00bb0.54em\u00bb text_shadow_color=\u00bb#000000&#8243; global_colors_info=\u00bb{}\u00bb][\/et_pb_blog][et_pb_image src=\u00bbhttps:\/\/urbe.com.ar\/revista\/wp-content\/uploads\/2023\/05\/banner-escritores-copy.jpg\u00bb title_text=\u00bbbanner escritores copy\u00bb _builder_version=\u00bb4.21.0&#8243; _module_preset=\u00bbdefault\u00bb custom_margin=\u00bb15%||||false|false\u00bb global_colors_info=\u00bb{}\u00bb][\/et_pb_image][\/et_pb_column][\/et_pb_row][\/et_pb_section]\n","protected":false},"excerpt":{"rendered":"<p>Por <b>Facundo Calv\u00f3<\/b><\/p>\n","protected":false},"author":10,"featured_media":11418,"comment_status":"closed","ping_status":"closed","sticky":false,"template":"","format":"standard","meta":{"_et_pb_use_builder":"on","_et_pb_old_content":"","_et_gb_content_width":"1080","_jetpack_memberships_contains_paid_content":false,"footnotes":""},"categories":[33],"tags":[],"class_list":["post-11413","post","type-post","status-publish","format-standard","has-post-thumbnail","hentry","category-artificios-artificios"],"yoast_head":"<!-- This site is optimized with the Yoast SEO plugin v27.5 - https:\/\/yoast.com\/product\/yoast-seo-wordpress\/ -->\n<title>Del sufrimiento a las flores - Revista Urbe<\/title>\n<meta name=\"robots\" content=\"index, follow, max-snippet:-1, max-image-preview:large, max-video-preview:-1\" \/>\n<link rel=\"canonical\" href=\"https:\/\/urbe.com.ar\/revista\/del-sufrimiento-a-las-flores\/\" \/>\n<meta property=\"og:locale\" content=\"es_ES\" \/>\n<meta property=\"og:type\" content=\"article\" \/>\n<meta property=\"og:title\" content=\"Del sufrimiento a las flores - Revista Urbe\" \/>\n<meta property=\"og:description\" content=\"Por Facundo Calv\u00f3\" \/>\n<meta property=\"og:url\" content=\"https:\/\/urbe.com.ar\/revista\/del-sufrimiento-a-las-flores\/\" \/>\n<meta property=\"og:site_name\" content=\"Revista Urbe\" \/>\n<meta property=\"article:published_time\" content=\"2025-08-28T15:28:56+00:00\" \/>\n<meta property=\"article:modified_time\" content=\"2025-08-28T15:28:57+00:00\" \/>\n<meta property=\"og:image\" content=\"https:\/\/urbe.com.ar\/revista\/wp-content\/uploads\/2025\/08\/miniatura-4-1024x922.webp\" \/>\n\t<meta property=\"og:image:width\" content=\"1024\" \/>\n\t<meta property=\"og:image:height\" content=\"922\" \/>\n\t<meta property=\"og:image:type\" content=\"image\/webp\" \/>\n<meta name=\"author\" content=\"Alejo Bernhardt\" \/>\n<meta name=\"twitter:card\" content=\"summary_large_image\" \/>\n<meta name=\"twitter:creator\" content=\"@Revistaurbe_\" \/>\n<meta name=\"twitter:site\" content=\"@Revistaurbe_\" \/>\n<meta name=\"twitter:label1\" content=\"Escrito por\" \/>\n\t<meta name=\"twitter:data1\" content=\"Alejo Bernhardt\" \/>\n\t<meta name=\"twitter:label2\" content=\"Tiempo de lectura\" \/>\n\t<meta name=\"twitter:data2\" content=\"8 minutos\" \/>\n<script type=\"application\/ld+json\" class=\"yoast-schema-graph\">{\"@context\":\"https:\\\/\\\/schema.org\",\"@graph\":[{\"@type\":\"Article\",\"@id\":\"https:\\\/\\\/urbe.com.ar\\\/revista\\\/del-sufrimiento-a-las-flores\\\/#article\",\"isPartOf\":{\"@id\":\"https:\\\/\\\/urbe.com.ar\\\/revista\\\/del-sufrimiento-a-las-flores\\\/\"},\"author\":{\"name\":\"Alejo Bernhardt\",\"@id\":\"https:\\\/\\\/urbe.com.ar\\\/revista\\\/#\\\/schema\\\/person\\\/4ddcf051fa628850264f4c6d61f63ee2\"},\"headline\":\"Del sufrimiento a las flores\",\"datePublished\":\"2025-08-28T15:28:56+00:00\",\"dateModified\":\"2025-08-28T15:28:57+00:00\",\"mainEntityOfPage\":{\"@id\":\"https:\\\/\\\/urbe.com.ar\\\/revista\\\/del-sufrimiento-a-las-flores\\\/\"},\"wordCount\":2485,\"image\":{\"@id\":\"https:\\\/\\\/urbe.com.ar\\\/revista\\\/del-sufrimiento-a-las-flores\\\/#primaryimage\"},\"thumbnailUrl\":\"https:\\\/\\\/i0.wp.com\\\/urbe.com.ar\\\/revista\\\/wp-content\\\/uploads\\\/2025\\\/08\\\/miniatura-4.webp?fit=2551%2C2297&ssl=1\",\"articleSection\":[\"ARTIFICIOS\"],\"inLanguage\":\"es\"},{\"@type\":\"WebPage\",\"@id\":\"https:\\\/\\\/urbe.com.ar\\\/revista\\\/del-sufrimiento-a-las-flores\\\/\",\"url\":\"https:\\\/\\\/urbe.com.ar\\\/revista\\\/del-sufrimiento-a-las-flores\\\/\",\"name\":\"Del sufrimiento a las flores - Revista Urbe\",\"isPartOf\":{\"@id\":\"https:\\\/\\\/urbe.com.ar\\\/revista\\\/#website\"},\"primaryImageOfPage\":{\"@id\":\"https:\\\/\\\/urbe.com.ar\\\/revista\\\/del-sufrimiento-a-las-flores\\\/#primaryimage\"},\"image\":{\"@id\":\"https:\\\/\\\/urbe.com.ar\\\/revista\\\/del-sufrimiento-a-las-flores\\\/#primaryimage\"},\"thumbnailUrl\":\"https:\\\/\\\/i0.wp.com\\\/urbe.com.ar\\\/revista\\\/wp-content\\\/uploads\\\/2025\\\/08\\\/miniatura-4.webp?fit=2551%2C2297&ssl=1\",\"datePublished\":\"2025-08-28T15:28:56+00:00\",\"dateModified\":\"2025-08-28T15:28:57+00:00\",\"author\":{\"@id\":\"https:\\\/\\\/urbe.com.ar\\\/revista\\\/#\\\/schema\\\/person\\\/4ddcf051fa628850264f4c6d61f63ee2\"},\"breadcrumb\":{\"@id\":\"https:\\\/\\\/urbe.com.ar\\\/revista\\\/del-sufrimiento-a-las-flores\\\/#breadcrumb\"},\"inLanguage\":\"es\",\"potentialAction\":[{\"@type\":\"ReadAction\",\"target\":[\"https:\\\/\\\/urbe.com.ar\\\/revista\\\/del-sufrimiento-a-las-flores\\\/\"]}]},{\"@type\":\"ImageObject\",\"inLanguage\":\"es\",\"@id\":\"https:\\\/\\\/urbe.com.ar\\\/revista\\\/del-sufrimiento-a-las-flores\\\/#primaryimage\",\"url\":\"https:\\\/\\\/i0.wp.com\\\/urbe.com.ar\\\/revista\\\/wp-content\\\/uploads\\\/2025\\\/08\\\/miniatura-4.webp?fit=2551%2C2297&ssl=1\",\"contentUrl\":\"https:\\\/\\\/i0.wp.com\\\/urbe.com.ar\\\/revista\\\/wp-content\\\/uploads\\\/2025\\\/08\\\/miniatura-4.webp?fit=2551%2C2297&ssl=1\",\"width\":2551,\"height\":2297},{\"@type\":\"BreadcrumbList\",\"@id\":\"https:\\\/\\\/urbe.com.ar\\\/revista\\\/del-sufrimiento-a-las-flores\\\/#breadcrumb\",\"itemListElement\":[{\"@type\":\"ListItem\",\"position\":1,\"name\":\"Portada\",\"item\":\"https:\\\/\\\/urbe.com.ar\\\/revista\\\/\"},{\"@type\":\"ListItem\",\"position\":2,\"name\":\"Del sufrimiento a las flores\"}]},{\"@type\":\"WebSite\",\"@id\":\"https:\\\/\\\/urbe.com.ar\\\/revista\\\/#website\",\"url\":\"https:\\\/\\\/urbe.com.ar\\\/revista\\\/\",\"name\":\"Revista Urbe\",\"description\":\"\",\"potentialAction\":[{\"@type\":\"SearchAction\",\"target\":{\"@type\":\"EntryPoint\",\"urlTemplate\":\"https:\\\/\\\/urbe.com.ar\\\/revista\\\/?s={search_term_string}\"},\"query-input\":{\"@type\":\"PropertyValueSpecification\",\"valueRequired\":true,\"valueName\":\"search_term_string\"}}],\"inLanguage\":\"es\"},{\"@type\":\"Person\",\"@id\":\"https:\\\/\\\/urbe.com.ar\\\/revista\\\/#\\\/schema\\\/person\\\/4ddcf051fa628850264f4c6d61f63ee2\",\"name\":\"Alejo Bernhardt\",\"image\":{\"@type\":\"ImageObject\",\"inLanguage\":\"es\",\"@id\":\"https:\\\/\\\/secure.gravatar.com\\\/avatar\\\/e17892015a0b2fe0e47a8387056c05584647b09de53f1ac00adae78b2f4fb443?s=96&d=mm&r=g\",\"url\":\"https:\\\/\\\/secure.gravatar.com\\\/avatar\\\/e17892015a0b2fe0e47a8387056c05584647b09de53f1ac00adae78b2f4fb443?s=96&d=mm&r=g\",\"contentUrl\":\"https:\\\/\\\/secure.gravatar.com\\\/avatar\\\/e17892015a0b2fe0e47a8387056c05584647b09de53f1ac00adae78b2f4fb443?s=96&d=mm&r=g\",\"caption\":\"Alejo Bernhardt\"},\"url\":\"https:\\\/\\\/urbe.com.ar\\\/revista\\\/author\\\/alejo-bernhardt\\\/\"}]}<\/script>\n<!-- \/ Yoast SEO plugin. -->","yoast_head_json":{"title":"Del sufrimiento a las flores - Revista Urbe","robots":{"index":"index","follow":"follow","max-snippet":"max-snippet:-1","max-image-preview":"max-image-preview:large","max-video-preview":"max-video-preview:-1"},"canonical":"https:\/\/urbe.com.ar\/revista\/del-sufrimiento-a-las-flores\/","og_locale":"es_ES","og_type":"article","og_title":"Del sufrimiento a las flores - Revista Urbe","og_description":"Por Facundo Calv\u00f3","og_url":"https:\/\/urbe.com.ar\/revista\/del-sufrimiento-a-las-flores\/","og_site_name":"Revista Urbe","article_published_time":"2025-08-28T15:28:56+00:00","article_modified_time":"2025-08-28T15:28:57+00:00","og_image":[{"width":1024,"height":922,"url":"https:\/\/urbe.com.ar\/revista\/wp-content\/uploads\/2025\/08\/miniatura-4-1024x922.webp","type":"image\/webp"}],"author":"Alejo Bernhardt","twitter_card":"summary_large_image","twitter_creator":"@Revistaurbe_","twitter_site":"@Revistaurbe_","twitter_misc":{"Escrito por":"Alejo Bernhardt","Tiempo de lectura":"8 minutos"},"schema":{"@context":"https:\/\/schema.org","@graph":[{"@type":"Article","@id":"https:\/\/urbe.com.ar\/revista\/del-sufrimiento-a-las-flores\/#article","isPartOf":{"@id":"https:\/\/urbe.com.ar\/revista\/del-sufrimiento-a-las-flores\/"},"author":{"name":"Alejo Bernhardt","@id":"https:\/\/urbe.com.ar\/revista\/#\/schema\/person\/4ddcf051fa628850264f4c6d61f63ee2"},"headline":"Del sufrimiento a las flores","datePublished":"2025-08-28T15:28:56+00:00","dateModified":"2025-08-28T15:28:57+00:00","mainEntityOfPage":{"@id":"https:\/\/urbe.com.ar\/revista\/del-sufrimiento-a-las-flores\/"},"wordCount":2485,"image":{"@id":"https:\/\/urbe.com.ar\/revista\/del-sufrimiento-a-las-flores\/#primaryimage"},"thumbnailUrl":"https:\/\/i0.wp.com\/urbe.com.ar\/revista\/wp-content\/uploads\/2025\/08\/miniatura-4.webp?fit=2551%2C2297&ssl=1","articleSection":["ARTIFICIOS"],"inLanguage":"es"},{"@type":"WebPage","@id":"https:\/\/urbe.com.ar\/revista\/del-sufrimiento-a-las-flores\/","url":"https:\/\/urbe.com.ar\/revista\/del-sufrimiento-a-las-flores\/","name":"Del sufrimiento a las flores - Revista Urbe","isPartOf":{"@id":"https:\/\/urbe.com.ar\/revista\/#website"},"primaryImageOfPage":{"@id":"https:\/\/urbe.com.ar\/revista\/del-sufrimiento-a-las-flores\/#primaryimage"},"image":{"@id":"https:\/\/urbe.com.ar\/revista\/del-sufrimiento-a-las-flores\/#primaryimage"},"thumbnailUrl":"https:\/\/i0.wp.com\/urbe.com.ar\/revista\/wp-content\/uploads\/2025\/08\/miniatura-4.webp?fit=2551%2C2297&ssl=1","datePublished":"2025-08-28T15:28:56+00:00","dateModified":"2025-08-28T15:28:57+00:00","author":{"@id":"https:\/\/urbe.com.ar\/revista\/#\/schema\/person\/4ddcf051fa628850264f4c6d61f63ee2"},"breadcrumb":{"@id":"https:\/\/urbe.com.ar\/revista\/del-sufrimiento-a-las-flores\/#breadcrumb"},"inLanguage":"es","potentialAction":[{"@type":"ReadAction","target":["https:\/\/urbe.com.ar\/revista\/del-sufrimiento-a-las-flores\/"]}]},{"@type":"ImageObject","inLanguage":"es","@id":"https:\/\/urbe.com.ar\/revista\/del-sufrimiento-a-las-flores\/#primaryimage","url":"https:\/\/i0.wp.com\/urbe.com.ar\/revista\/wp-content\/uploads\/2025\/08\/miniatura-4.webp?fit=2551%2C2297&ssl=1","contentUrl":"https:\/\/i0.wp.com\/urbe.com.ar\/revista\/wp-content\/uploads\/2025\/08\/miniatura-4.webp?fit=2551%2C2297&ssl=1","width":2551,"height":2297},{"@type":"BreadcrumbList","@id":"https:\/\/urbe.com.ar\/revista\/del-sufrimiento-a-las-flores\/#breadcrumb","itemListElement":[{"@type":"ListItem","position":1,"name":"Portada","item":"https:\/\/urbe.com.ar\/revista\/"},{"@type":"ListItem","position":2,"name":"Del sufrimiento a las flores"}]},{"@type":"WebSite","@id":"https:\/\/urbe.com.ar\/revista\/#website","url":"https:\/\/urbe.com.ar\/revista\/","name":"Revista Urbe","description":"","potentialAction":[{"@type":"SearchAction","target":{"@type":"EntryPoint","urlTemplate":"https:\/\/urbe.com.ar\/revista\/?s={search_term_string}"},"query-input":{"@type":"PropertyValueSpecification","valueRequired":true,"valueName":"search_term_string"}}],"inLanguage":"es"},{"@type":"Person","@id":"https:\/\/urbe.com.ar\/revista\/#\/schema\/person\/4ddcf051fa628850264f4c6d61f63ee2","name":"Alejo Bernhardt","image":{"@type":"ImageObject","inLanguage":"es","@id":"https:\/\/secure.gravatar.com\/avatar\/e17892015a0b2fe0e47a8387056c05584647b09de53f1ac00adae78b2f4fb443?s=96&d=mm&r=g","url":"https:\/\/secure.gravatar.com\/avatar\/e17892015a0b2fe0e47a8387056c05584647b09de53f1ac00adae78b2f4fb443?s=96&d=mm&r=g","contentUrl":"https:\/\/secure.gravatar.com\/avatar\/e17892015a0b2fe0e47a8387056c05584647b09de53f1ac00adae78b2f4fb443?s=96&d=mm&r=g","caption":"Alejo Bernhardt"},"url":"https:\/\/urbe.com.ar\/revista\/author\/alejo-bernhardt\/"}]}},"jetpack_featured_media_url":"https:\/\/i0.wp.com\/urbe.com.ar\/revista\/wp-content\/uploads\/2025\/08\/miniatura-4.webp?fit=2551%2C2297&ssl=1","jetpack_sharing_enabled":true,"_links":{"self":[{"href":"https:\/\/urbe.com.ar\/revista\/wp-json\/wp\/v2\/posts\/11413","targetHints":{"allow":["GET"]}}],"collection":[{"href":"https:\/\/urbe.com.ar\/revista\/wp-json\/wp\/v2\/posts"}],"about":[{"href":"https:\/\/urbe.com.ar\/revista\/wp-json\/wp\/v2\/types\/post"}],"author":[{"embeddable":true,"href":"https:\/\/urbe.com.ar\/revista\/wp-json\/wp\/v2\/users\/10"}],"replies":[{"embeddable":true,"href":"https:\/\/urbe.com.ar\/revista\/wp-json\/wp\/v2\/comments?post=11413"}],"version-history":[{"count":3,"href":"https:\/\/urbe.com.ar\/revista\/wp-json\/wp\/v2\/posts\/11413\/revisions"}],"predecessor-version":[{"id":11419,"href":"https:\/\/urbe.com.ar\/revista\/wp-json\/wp\/v2\/posts\/11413\/revisions\/11419"}],"wp:featuredmedia":[{"embeddable":true,"href":"https:\/\/urbe.com.ar\/revista\/wp-json\/wp\/v2\/media\/11418"}],"wp:attachment":[{"href":"https:\/\/urbe.com.ar\/revista\/wp-json\/wp\/v2\/media?parent=11413"}],"wp:term":[{"taxonomy":"category","embeddable":true,"href":"https:\/\/urbe.com.ar\/revista\/wp-json\/wp\/v2\/categories?post=11413"},{"taxonomy":"post_tag","embeddable":true,"href":"https:\/\/urbe.com.ar\/revista\/wp-json\/wp\/v2\/tags?post=11413"}],"curies":[{"name":"wp","href":"https:\/\/api.w.org\/{rel}","templated":true}]}}