{"id":11394,"date":"2025-08-23T08:00:31","date_gmt":"2025-08-23T08:00:31","guid":{"rendered":"https:\/\/urbe.com.ar\/revista\/?p=11394"},"modified":"2025-08-23T15:26:30","modified_gmt":"2025-08-23T15:26:30","slug":"milanesa-de-alambre","status":"publish","type":"post","link":"https:\/\/urbe.com.ar\/revista\/milanesa-de-alambre\/","title":{"rendered":"Milanesa de alambre"},"content":{"rendered":"<p>[et_pb_section fb_built=\u00bb1&#8243; disabled_on=\u00bbon|on|on\u00bb _builder_version=\u00bb4.20.0&#8243; disabled=\u00bbon\u00bb global_colors_info=\u00bb{}\u00bb][et_pb_row _builder_version=\u00bb4.27.0&#8243; global_colors_info=\u00bb{}\u00bb][et_pb_column type=\u00bb4_4&#8243; _builder_version=\u00bb4.18.0&#8243; global_colors_info=\u00bb{}\u00bb][et_pb_text disabled_on=\u00bbon|on|on\u00bb _builder_version=\u00bb4.27.4&#8243; text_font=\u00bbTitillium Web||||||||\u00bb custom_padding=\u00bb||28px|||\u00bb hover_enabled=\u00bb0&#8243; disabled=\u00bbon\u00bb global_colors_info=\u00bb{}\u00bb sticky_enabled=\u00bb0&#8243;]<\/p>\n<p><b>Ian Cordeiro<\/b> | <span style=\"font-weight: 400;\">En el under porte\u00f1o existe una movida ciberg\u00f3tica, post-postpunk, de electr\u00f3nica industrial y pesada. A este extra\u00f1o submundo pertenece Carne (@carneenrac), el objeto de esta cr\u00f3nica-rese\u00f1a. Escribiendo sobre una fecha, Ian Cordeiro piensa las derivada de la experimentaci\u00f3n electr\u00f3nica en el presente. <\/span><\/p>\n<p>[\/et_pb_text][\/et_pb_column][\/et_pb_row][\/et_pb_section][et_pb_section fb_built=\u00bb1&#8243; _builder_version=\u00bb4.25.1&#8243; _module_preset=\u00bbdefault\u00bb global_colors_info=\u00bb{}\u00bb][et_pb_row _builder_version=\u00bb4.25.1&#8243; background_color=\u00bb#ffffff\u00bb background_enable_image=\u00bboff\u00bb custom_margin=\u00bb40px||20px||false|false\u00bb custom_padding=\u00bb12px|0px|12px|0px|true|true\u00bb border_color_left=\u00bb#F2AF46&#8243; global_colors_info=\u00bb{}\u00bb][et_pb_column type=\u00bb4_4&#8243; _builder_version=\u00bb4.25.1&#8243; global_colors_info=\u00bb{}\u00bb][et_pb_text _builder_version=\u00bb4.27.4&#8243; text_font=\u00bbTitillium Web|600|||||||\u00bb text_text_color=\u00bb#000000&#8243; text_font_size=\u00bb18px\u00bb header_text_align=\u00bbcenter\u00bb header_font_size=\u00bb35px\u00bb background_color=\u00bbRGBA(255,255,255,0)\u00bb background_layout=\u00bbdark\u00bb custom_margin=\u00bb2%|0%|2%|0%|true|true\u00bb custom_padding=\u00bb|||0px|false|false\u00bb border_color_all=\u00bb#F2AF46&#8243; global_colors_info=\u00bb{}\u00bb]<\/p>\n<p style=\"text-align: center;\"><strong>M\u00fasica<\/strong><\/p>\n<p>[\/et_pb_text][et_pb_text _builder_version=\u00bb4.27.4&#8243; text_font=\u00bbTitillium Web|300|||||||\u00bb text_text_color=\u00bb#000000&#8243; text_line_height=\u00bb1.4em\u00bb header_font=\u00bb|700||on|||||\u00bb header_text_align=\u00bbleft\u00bb header_text_color=\u00bb#272727&#8243; header_font_size=\u00bb4em\u00bb background_color=\u00bbRGBA(255,255,255,0)\u00bb background_enable_image=\u00bboff\u00bb background_size=\u00bbstretch\u00bb width=\u00bb100%\u00bb module_alignment=\u00bbleft\u00bb min_height=\u00bb71px\u00bb custom_margin=\u00bb3%|0%|3%|0%|true|true\u00bb custom_padding=\u00bb|0%|0px|0%|false|true\u00bb global_colors_info=\u00bb{}\u00bb]<\/p>\n<h1 style=\"text-align: center;\">Milanesa de alambre<\/h1>\n<p>[\/et_pb_text][et_pb_text admin_label=\u00bbParrafo 1&#8243; _builder_version=\u00bb4.27.4&#8243; text_font=\u00bbTitillium Web||||||||\u00bb text_text_color=\u00bb#000000&#8243; text_font_size=\u00bb20px\u00bb text_line_height=\u00bb2em\u00bb custom_margin=\u00bb2%|0%|2%|0%|true|true\u00bb custom_padding=\u00bb||0px|||\u00bb text_font_size_tablet=\u00bb17px\u00bb text_font_size_phone=\u00bb16px\u00bb text_font_size_last_edited=\u00bbon|phone\u00bb locked=\u00bboff\u00bb inline_fonts=\u00bbRubik,Alkalami,Titillium Web\u00bb global_colors_info=\u00bb{}\u00bb]<\/p>\n<div class=\"\" data-block=\"true\" data-editor=\"fd8ss\" data-offset-key=\"4uv8o-0-0\">\n<div data-offset-key=\"4uv8o-0-0\" class=\"public-DraftStyleDefault-block public-DraftStyleDefault-ltr\" style=\"text-align: center;\">\n<div data-offset-key=\"4uv8o-0-0\" class=\"public-DraftStyleDefault-block public-DraftStyleDefault-ltr\"><span style=\"font-weight: 400;\">En el under porte\u00f1o existe una movida ciberg\u00f3tica, post-postpunk, de electr\u00f3nica industrial y pesada. A este extra\u00f1o submundo pertenece Carne (@carneenrac), el objeto de esta cr\u00f3nica-rese\u00f1a. Escribiendo sobre una fecha, Ian Cordeiro piensa las derivada de la experimentaci\u00f3n electr\u00f3nica en el presente. <\/span><\/div>\n<\/div>\n<\/div>\n<div class=\"\" data-block=\"true\" data-editor=\"fd8ss\" data-offset-key=\"5shq2-0-0\" style=\"text-align: center;\"><\/div>\n<p>[\/et_pb_text][et_pb_text _builder_version=\u00bb4.27.4&#8243; text_font=\u00bbTitillium Web||||||||\u00bb text_text_color=\u00bb#000000&#8243; text_font_size=\u00bb18px\u00bb header_text_align=\u00bbcenter\u00bb header_text_color=\u00bb#057E7E\u00bb header_font_size=\u00bb35px\u00bb text_orientation=\u00bbjustified\u00bb custom_margin=\u00bb2%|0%|2%|0%|true|true\u00bb custom_padding=\u00bb|||0px|false|false\u00bb border_color_left=\u00bb#F2AF46&#8243; global_colors_info=\u00bb{}\u00bb]<\/p>\n<p style=\"text-align: center;\">Por <b>Ian Cordeiro<\/b><br \/><span style=\"font-size: medium;\">23 de agosto de 2025<\/span><\/p>\n<p>[\/et_pb_text][et_pb_image src=\u00bbhttps:\/\/urbe.com.ar\/revista\/wp-content\/uploads\/2025\/08\/miniatura-3.webp\u00bb title_text=\u00bbminiatura\u00bb align=\u00bbcenter\u00bb disabled_on=\u00bboff|off|off\u00bb _builder_version=\u00bb4.27.4&#8243; background_enable_image=\u00bboff\u00bb custom_margin=\u00bb5%|0%|5%|0%|true|true\u00bb custom_margin_tablet=\u00bb\u00bb custom_margin_phone=\u00bb6%|0%|6%|0%|true|true\u00bb custom_margin_last_edited=\u00bbon|phone\u00bb global_colors_info=\u00bb{}\u00bb][\/et_pb_image][\/et_pb_column][\/et_pb_row][et_pb_row column_structure=\u00bb1_2,1_2&#8243; use_custom_gutter=\u00bbon\u00bb gutter_width=\u00bb1&#8243; make_equal=\u00bbon\u00bb disabled_on=\u00bbon|off|off\u00bb _builder_version=\u00bb4.16&#8243; background_color=\u00bb#ffffff\u00bb custom_margin=\u00bb||||false|false\u00bb custom_padding=\u00bb0px||0px|0%|false|false\u00bb locked=\u00bboff\u00bb global_colors_info=\u00bb{}\u00bb][et_pb_column type=\u00bb1_2&#8243; _builder_version=\u00bb4.16&#8243; background_color=\u00bb#ffffff\u00bb custom_css_main_element=\u00bbwidth: 60% !important;\u00bb global_colors_info=\u00bb{}\u00bb][\/et_pb_column][et_pb_column type=\u00bb1_2&#8243; _builder_version=\u00bb4.16&#8243; custom_css_main_element=\u00bb||width: 40% !important;||margin: auto;||display: flex;||flex-direction: column;||justify-content: center;\u00bb global_colors_info=\u00bb{}\u00bb][et_pb_code _builder_version=\u00bb4.16&#8243; text_orientation=\u00bbcenter\u00bb module_alignment=\u00bbcenter\u00bb custom_margin=\u00bb2%||2%||true|false\u00bb custom_padding=\u00bb|6.7%||6.7%|false|true\u00bb global_colors_info=\u00bb{}\u00bb]<div class=\"addtoany_shortcode\"><div class=\"a2a_kit a2a_kit_size_32 addtoany_list\" data-a2a-url=\"https:\/\/urbe.com.ar\/revista\/milanesa-de-alambre\/\" data-a2a-title=\"Milanesa de alambre\"><a class=\"a2a_button_facebook\" href=\"https:\/\/www.addtoany.com\/add_to\/facebook?linkurl=https%3A%2F%2Furbe.com.ar%2Frevista%2Fmilanesa-de-alambre%2F&amp;linkname=Milanesa%20de%20alambre\" title=\"Facebook\" rel=\"nofollow noopener\" target=\"_blank\"><\/a><a class=\"a2a_button_whatsapp\" href=\"https:\/\/www.addtoany.com\/add_to\/whatsapp?linkurl=https%3A%2F%2Furbe.com.ar%2Frevista%2Fmilanesa-de-alambre%2F&amp;linkname=Milanesa%20de%20alambre\" title=\"WhatsApp\" rel=\"nofollow noopener\" target=\"_blank\"><\/a><a class=\"a2a_button_twitter\" href=\"https:\/\/www.addtoany.com\/add_to\/twitter?linkurl=https%3A%2F%2Furbe.com.ar%2Frevista%2Fmilanesa-de-alambre%2F&amp;linkname=Milanesa%20de%20alambre\" title=\"Twitter\" rel=\"nofollow noopener\" target=\"_blank\"><\/a><a class=\"a2a_button_email\" href=\"https:\/\/www.addtoany.com\/add_to\/email?linkurl=https%3A%2F%2Furbe.com.ar%2Frevista%2Fmilanesa-de-alambre%2F&amp;linkname=Milanesa%20de%20alambre\" title=\"Email\" rel=\"nofollow noopener\" target=\"_blank\"><\/a><a class=\"a2a_button_copy_link\" href=\"https:\/\/www.addtoany.com\/add_to\/copy_link?linkurl=https%3A%2F%2Furbe.com.ar%2Frevista%2Fmilanesa-de-alambre%2F&amp;linkname=Milanesa%20de%20alambre\" title=\"Copy Link\" rel=\"nofollow noopener\" target=\"_blank\"><\/a><\/div><\/div>[\/et_pb_code][\/et_pb_column][\/et_pb_row][et_pb_row use_custom_gutter=\u00bbon\u00bb gutter_width=\u00bb1&#8243; make_equal=\u00bbon\u00bb disabled_on=\u00bboff|on|on\u00bb _builder_version=\u00bb4.16&#8243; background_color=\u00bb#ffffff\u00bb custom_margin=\u00bb||||false|false\u00bb custom_padding=\u00bb0px||0px|0%|false|false\u00bb locked=\u00bboff\u00bb global_colors_info=\u00bb{}\u00bb][et_pb_column type=\u00bb4_4&#8243; _builder_version=\u00bb4.16&#8243; background_color=\u00bb#ffffff\u00bb global_colors_info=\u00bb{}\u00bb][et_pb_code disabled_on=\u00bboff|off|off\u00bb _builder_version=\u00bb4.16&#8243; _module_preset=\u00bbdefault\u00bb text_orientation=\u00bbcenter\u00bb width=\u00bb100%\u00bb width_tablet=\u00bb\u00bb width_phone=\u00bb100%\u00bb width_last_edited=\u00bbon|phone\u00bb max_width=\u00bb100%\u00bb max_width_tablet=\u00bb\u00bb max_width_phone=\u00bb\u00bb max_width_last_edited=\u00bbon|tablet\u00bb module_alignment=\u00bbright\u00bb custom_margin_tablet=\u00bb\u00bb custom_margin_phone=\u00bb\u00bb custom_margin_last_edited=\u00bbon|phone\u00bb module_alignment_tablet=\u00bb\u00bb module_alignment_phone=\u00bbcenter\u00bb module_alignment_last_edited=\u00bbon|desktop\u00bb global_colors_info=\u00bb{}\u00bb]<div class=\"addtoany_shortcode\"><div class=\"a2a_kit a2a_kit_size_32 addtoany_list\" data-a2a-url=\"https:\/\/urbe.com.ar\/revista\/milanesa-de-alambre\/\" data-a2a-title=\"Milanesa de alambre\"><a class=\"a2a_button_facebook\" href=\"https:\/\/www.addtoany.com\/add_to\/facebook?linkurl=https%3A%2F%2Furbe.com.ar%2Frevista%2Fmilanesa-de-alambre%2F&amp;linkname=Milanesa%20de%20alambre\" title=\"Facebook\" rel=\"nofollow noopener\" target=\"_blank\"><\/a><a class=\"a2a_button_whatsapp\" href=\"https:\/\/www.addtoany.com\/add_to\/whatsapp?linkurl=https%3A%2F%2Furbe.com.ar%2Frevista%2Fmilanesa-de-alambre%2F&amp;linkname=Milanesa%20de%20alambre\" title=\"WhatsApp\" rel=\"nofollow noopener\" target=\"_blank\"><\/a><a class=\"a2a_button_twitter\" href=\"https:\/\/www.addtoany.com\/add_to\/twitter?linkurl=https%3A%2F%2Furbe.com.ar%2Frevista%2Fmilanesa-de-alambre%2F&amp;linkname=Milanesa%20de%20alambre\" title=\"Twitter\" rel=\"nofollow noopener\" target=\"_blank\"><\/a><a class=\"a2a_button_email\" href=\"https:\/\/www.addtoany.com\/add_to\/email?linkurl=https%3A%2F%2Furbe.com.ar%2Frevista%2Fmilanesa-de-alambre%2F&amp;linkname=Milanesa%20de%20alambre\" title=\"Email\" rel=\"nofollow noopener\" target=\"_blank\"><\/a><a class=\"a2a_button_copy_link\" href=\"https:\/\/www.addtoany.com\/add_to\/copy_link?linkurl=https%3A%2F%2Furbe.com.ar%2Frevista%2Fmilanesa-de-alambre%2F&amp;linkname=Milanesa%20de%20alambre\" title=\"Copy Link\" rel=\"nofollow noopener\" target=\"_blank\"><\/a><\/div><\/div>[\/et_pb_code][\/et_pb_column][\/et_pb_row][et_pb_row _builder_version=\u00bb4.25.1&#8243; background_color=\u00bb#ffffff\u00bb width=\u00bb100%\u00bb custom_padding=\u00bb0px||3px|0px||\u00bb global_colors_info=\u00bb{}\u00bb][et_pb_column type=\u00bb4_4&#8243; _builder_version=\u00bb4.25.1&#8243; global_colors_info=\u00bb{}\u00bb][et_pb_text admin_label=\u00bbParrafo 1&#8243; _builder_version=\u00bb4.27.4&#8243; text_font=\u00bbTitillium Web||||||||\u00bb text_text_color=\u00bb#000000&#8243; text_font_size=\u00bb20px\u00bb text_line_height=\u00bb2em\u00bb custom_margin=\u00bb2%|0%|2%|0%|true|true\u00bb custom_padding=\u00bb||0px|0px||\u00bb text_font_size_tablet=\u00bb17px\u00bb text_font_size_phone=\u00bb16px\u00bb text_font_size_last_edited=\u00bbon|phone\u00bb locked=\u00bboff\u00bb inline_fonts=\u00bbRubik,Alkalami,Titillium Web\u00bb global_colors_info=\u00bb{}\u00bb]<\/p>\n<blockquote><\/blockquote>\n<p style=\"text-align: right;\"><span style=\"font-weight: 400; font-size: large;\">\u201cLos art\u00edculos son a bajo precio, pero est\u00e1n hechos de carne humana\u201d\u00a0<\/span><\/p>\n<p style=\"text-align: right;\"><span style=\"font-size: large;\"><span style=\"font-weight: 400;\">(John Stuart Mill, <\/span><i><span style=\"font-weight: 400;\">Sophisms of free trade<\/span><\/i><span style=\"font-weight: 400;\">, Londres, 1850)<\/span><\/span><\/p>\n<p style=\"text-align: right;\"><span style=\"font-size: large;\"><span style=\"font-weight: 400;\"><\/span><\/span><\/p>\n<p><span style=\"font-size: large;\"><span style=\"font-weight: 400;\">El Portal. Fr\u00eda noche en el barrio del Abasto. Se congrega medio centenar de g\u00f3ticos, darks, y otros extra\u00f1os vestidos de negro. Son atra\u00eddos por una fecha de m\u00fasica principalmente electr\u00f3nica, aunque durante la noche en varios momentos se quiebra el concepto sint\u00e9tico para dar paso a los falibles instrumentos ejecutados por humanos. Se entiende por el line up: Teg Dat, Lngchps, Forobardera, Sangre, Autodefensa, Carne. Esto es parte del panorama porte\u00f1o en las \u00faltimas d\u00e9cadas, artistas <\/span><i><span style=\"font-weight: 400;\">cyborg<\/span><\/i><span style=\"font-weight: 400;\">, que sintetizan pr\u00e1cticas anal\u00f3gicas y digitales invitando al p\u00fablico a entrar en un trance no del todo bailable, no plenamente escuchable.\u00a0<\/span><\/span><\/p>\n<p><span style=\"font-size: large;\"><span style=\"font-weight: 400;\"><\/span><\/span><\/p>\n<p><span style=\"font-weight: 400; font-size: large;\">M\u00e1s ac\u00e1 de la calidad hipn\u00f3tica de todas las presentaciones, qued\u00e9 imantado por la propuesta de Carne. La presentaci\u00f3n me puso los pelos de punta. Electricidad est\u00e1tica o\u00a0 se\u00f1al inconfundible de que algo pasa y hay que prestar atenci\u00f3n.\u00a0<\/span><\/p>\n<p><span style=\"font-weight: 400; font-size: large;\"><\/span><\/p>\n<p><span style=\"font-size: large;\"><span style=\"font-weight: 400;\">Base industrial en <\/span><i><span style=\"font-weight: 400;\">loop<\/span><\/i><span style=\"font-weight: 400;\">. Juega con las pausas, produciendo silencios inc\u00f3modos. El cantante no para de hablar, pero no habla con el p\u00fablico. Las palabras se entienden poco. Monologa y repite, a la manera de un personaje entra\u00f1able, que podr\u00eda ser aut\u00f3mata o neurodivergente, quien se sabe s\u00f3lo pero acompa\u00f1ado. Las bases de bajo, a cargo de Tomas Buron, forman una red m\u00e1ntrica y algo aterrorizante. Recuerdan a las primeras composiciones de Tom\u00e1s Nochteff, en aquel Dios de los 90, ya perimido (aunque no somos nosotros quienes lo hemos matado). Entra la guitarra. Son notas de blues de <\/span><i><span style=\"font-weight: 400;\">garage<\/span><\/i><span style=\"font-weight: 400;\"> latosas, chillantes y cruelmente distorsionadas, en un juego que, aunque ruidoso, no sacrifica la comprensi\u00f3n, pues cuenta una historia. Recuerda a la viola de La Londe de Primus. La cabeza se va. Uno piensa en vaqueros, sombreros de paja, lazos y armas largas, toros mec\u00e1nicos dif\u00edciles de montar.\u00a0<\/span><\/span><\/p>\n<p><span style=\"font-size: large;\"><span style=\"font-weight: 400;\"><\/span><\/span><\/p>\n<p><span style=\"font-size: large;\"><span style=\"font-weight: 400;\">Hay elementos de lo m\u00e1s duro del trip hop en la infraestructura formada por el enganche del bajo y la m\u00e1quina de ritmos. Larga composici\u00f3n formada por bucles. Retroalimentaci\u00f3n. Tambi\u00e9n remite a Nine Inch Nails, a Ministry. En uno de sus cuatro EPs editados, reconocen otra influencia en el <\/span><i><span style=\"font-weight: 400;\">cover <\/span><\/i><span style=\"font-weight: 400;\">de D<\/span><i><span style=\"font-weight: 400;\">on&#8217;t Do As You&#8217;re Told<\/span><\/i><span style=\"font-weight: 400;\"> de Throbbing Gristle, aquella agrupaci\u00f3n inglesa de vanguardia industrial encabezada por Genesis P-Orridge en los a\u00f1os 70. Uno piensa ahora en exterminadores robots y un ritmo humano roto por los sue\u00f1os de la industrializaci\u00f3n.<\/span><\/span><\/p>\n<p><span style=\"font-weight: 400;\"><\/span><\/p>\n<p>[\/et_pb_text][et_pb_image src=\u00bbhttps:\/\/urbe.com.ar\/revista\/wp-content\/uploads\/2025\/08\/Screenshot_305.png\u00bb title_text=\u00bbScreenshot_305&#8243; align=\u00bbcenter\u00bb _builder_version=\u00bb4.27.4&#8243; _module_preset=\u00bbdefault\u00bb global_colors_info=\u00bb{}\u00bb][\/et_pb_image][et_pb_code _builder_version=\u00bb4.25.2&#8243; _module_preset=\u00bbdefault\u00bb text_orientation=\u00bbcenter\u00bb global_colors_info=\u00bb{}\u00bb]  <a href=\"https:\/\/www.legislatura.gob.ar\/\" target=\"_blank\" rel=\"noopener\"><!-- [et_pb_line_break_holder] -->    <img data-recalc-dims=\"1\" decoding=\"async\" src=\"https:\/\/i0.wp.com\/imgur.com\/rLjBjeU.png?w=1080&#038;ssl=1\" alt=\"Legislatura-1\"><!-- [et_pb_line_break_holder] -->  <\/a>[\/et_pb_code][et_pb_text admin_label=\u00bbParrafo 1&#8243; _builder_version=\u00bb4.27.4&#8243; text_font=\u00bbTitillium Web||||||||\u00bb text_text_color=\u00bb#000000&#8243; text_font_size=\u00bb20px\u00bb text_line_height=\u00bb2em\u00bb custom_margin=\u00bb2%|0%|2%|0%|true|true\u00bb custom_padding=\u00bb||0px|0px||\u00bb text_font_size_tablet=\u00bb17px\u00bb text_font_size_phone=\u00bb16px\u00bb text_font_size_last_edited=\u00bbon|phone\u00bb locked=\u00bboff\u00bb inline_fonts=\u00bbRubik,Alkalami,Titillium Web\u00bb global_colors_info=\u00bb{}\u00bb]<\/p>\n<blockquote><\/blockquote>\n<p><span style=\"font-size: large;\"><span style=\"font-weight: 400;\">Pero con la entrada de la voz de Julio Nusdeo, la tierra tira. No hay armon\u00eda, es un recitado <\/span><i><span style=\"font-weight: 400;\">cool<\/span><\/i><span style=\"font-weight: 400;\"> a la manera de la parla de los actores del viejo cine argentino. Ya no estamos en la frontera del <\/span><i><span style=\"font-weight: 400;\">far west<\/span><\/i><span style=\"font-weight: 400;\">, sino otra m\u00e1s cercana, quiz\u00e1s la de la zona sur del conurbano bonaerense, y un paisaje que no por haber perdido su entramado fabril, es abandonado por <\/span><a href=\"https:\/\/www.lanacion.com.ar\/conversaciones-de-domingo\/la-instalacion-que-condensa-la-investigacion-de-una-artista-sobre-la-ex-fabrica-de-jabones-el-nid27072025\/\"><span style=\"font-weight: 400;\">aquellos esqueletos<\/span><\/a><span style=\"font-weight: 400;\">. De hecho los invoca, o los lleva dentro. Se escucha en Vuelta 1332, canci\u00f3n que da nombre al EP hom\u00f3nimo, lanzado en 2023: <\/span><i><span style=\"font-weight: 400;\">llevo a mis antepasados incrustados en el lomo \/ como leonardo favio pero entre posverdad y el morbo<\/span><\/i><span style=\"font-weight: 400;\">. Las voces del pasado resuenan como eco e invaden terror\u00edficas nuestros sue\u00f1os.\u00a0<\/span><\/span><\/p>\n<p><span style=\"font-size: large;\"><span style=\"font-weight: 400;\"><\/span><\/span><\/p>\n<p><span style=\"font-size: large;\"><span style=\"font-weight: 400;\">Es que es parad\u00f3jica la pervivencia de un g\u00e9nero como el industrial en una sociedad que se pretende o se cree post-industrial. Desde los a\u00f1os 80 la masificaci\u00f3n y abaratamiento de las m\u00e1quinas de ritmos, sintetizadores y dem\u00e1s aparatos permiten la explosi\u00f3n de nuevos g\u00e9neros (En su Bandcamp, los Carne se reconocen herederos: <\/span><i><span style=\"font-weight: 400;\">son <\/span><\/i><span style=\"font-weight: 400;\">dos humanos y un Pocket Operator, sintetizador de bolsillo barato y masivo). Hoy, el ruido de las f\u00e1bricas ya no es parte cotidiana ni determinante de la vida de las mayor\u00edas sociales, pero esos sonidos quedan como fantasmas o residuos.\u00a0<\/span><\/span><\/p>\n<p><span style=\"font-size: large;\"><span style=\"font-weight: 400;\"><\/span><\/span><\/p>\n<p><span style=\"font-size: large;\"><span style=\"font-weight: 400;\">Nuestro pa\u00eds supo tener una capacidad e imaginaci\u00f3n t\u00e9cnica envidiable. Y Julio juega con eso. Se lo pregunta, lo sufre: en Calentamiento, parte del EP \u201cEnrac\u201d (2021) grita <\/span><i><span style=\"font-weight: 400;\">Lo imprim\u00eds o no queda registro \/ lo perd\u00e9s y no ten\u00e9s registro<\/span><\/i><span style=\"font-weight: 400;\">. Lo sabemos con El Eternauta, pero tambi\u00e9n con las cartas que enviaban los inventores, <\/span><i><span style=\"font-weight: 400;\">self made mans (o womans)<\/span><\/i><span style=\"font-weight: 400;\"> a Juan Peron con motivo de una consulta p\u00fablica para reformar la constituci\u00f3n (<\/span><a href=\"https:\/\/www.agenciatss.com.ar\/cartas-a-peron-los-inventos-del-pueblo\/\"><span style=\"font-weight: 400;\">https:\/\/www.agenciatss.com.ar\/cartas-a-peron-los-inventos-del-pueblo\/<\/span><\/a><span style=\"font-weight: 400;\">). \u00bfQu\u00e9 hacemos con los saberes t\u00e9cnicos y las maneras de ser que nos legaron nuestros abuelos? Seguir haciendo y escuchando industrial en el segundo cuarto del siglo XXI nos habla de una preocupaci\u00f3n de \u00e9poca.<\/span><\/span><\/p>\n<p><span style=\"font-size: large;\"><span style=\"font-weight: 400;\"><\/span><\/span><\/p>\n<p><span style=\"font-weight: 400; font-size: large;\">A la tercera canci\u00f3n se rompe una cuerda. \u201cVan a tener que fum\u00e1rsela\u201d, Julio rompe el hermetismo y habla con el p\u00fablico. Se tira en el piso y empieza a cambiarla. Tom\u00e1s dibuja unas l\u00edneas de bajo de Sabbath, se nota que hizo la tarea. Son 4, o 5 minutos de homenaje improvisado al reciente fallecido Ozzy Osbourne, \u00edcono y h\u00e9roe para todos los que estamos en El Portal. Julio vuelve. Posiblemente la guitarra se desafine continuamente luego del estallido de la cuerda, demasiado tensionada. Los del p\u00fablico no nos damos cuenta, no es eso lo que importa.\u00a0<\/span><\/p>\n<p><span style=\"font-weight: 400;\"><\/span><\/p>\n<p>[\/et_pb_text][et_pb_image src=\u00bbhttps:\/\/urbe.com.ar\/revista\/wp-content\/uploads\/2023\/05\/WhatsApp-Image-2023-03-13-at-16.37.45.jpeg\u00bb title_text=\u00bbWhatsApp Image 2023-03-13 at 16.37.45&#8243; align=\u00bbcenter\u00bb _builder_version=\u00bb4.26.0&#8243; _module_preset=\u00bbdefault\u00bb custom_margin=\u00bb3%||3%||true|false\u00bb global_colors_info=\u00bb{}\u00bb][\/et_pb_image][et_pb_image src=\u00bbhttps:\/\/urbe.com.ar\/revista\/wp-content\/uploads\/2025\/08\/Screenshot_302.png\u00bb title_text=\u00bbScreenshot_302&#8243; align=\u00bbcenter\u00bb _builder_version=\u00bb4.27.4&#8243; _module_preset=\u00bbdefault\u00bb global_colors_info=\u00bb{}\u00bb][\/et_pb_image][et_pb_text admin_label=\u00bbParrafo 1&#8243; _builder_version=\u00bb4.27.4&#8243; text_font=\u00bbTitillium Web||||||||\u00bb text_text_color=\u00bb#000000&#8243; text_font_size=\u00bb20px\u00bb text_line_height=\u00bb2em\u00bb custom_margin=\u00bb2%|0%|2%|0%|true|true\u00bb custom_padding=\u00bb||0px|0px||\u00bb text_font_size_tablet=\u00bb17px\u00bb text_font_size_phone=\u00bb16px\u00bb text_font_size_last_edited=\u00bbon|phone\u00bb locked=\u00bboff\u00bb inline_fonts=\u00bbRubik,Alkalami,Titillium Web\u00bb global_colors_info=\u00bb{}\u00bb]<\/p>\n<blockquote><\/blockquote>\n<p><span style=\"font-size: large;\"><span style=\"font-weight: 400;\">Este d\u00fao de m\u00fasica industrial toma su nombre de <\/span><i><span style=\"font-weight: 400;\">Carne<\/span><\/i><span style=\"font-weight: 400;\"> (1968), una pel\u00edcula protagonizada por Isabel \u201cla Coca\u201d Sarli y dirigida por Armando Bo. Podr\u00eda decirse que el tema de esta pel\u00edcula es el del <\/span><i><span style=\"font-weight: 400;\">cuerpo como cosa<\/span><\/i><span style=\"font-weight: 400;\">. Delicia (Sarli) es una trabajadora de uno de los frigor\u00edficos de zona sur de Buenos Aires, presumiblemente Avellaneda. Novia con Antonio (Victor Bo), quien adem\u00e1s de supervisor del frigor\u00edfico es pintor: en privado, ella es su modelo. Esto es un secreto a voces. Ellos se prometen no contarlo, pero todos en la f\u00e1brica lo saben. Delicia camina por las v\u00edas, desde su casa hasta el trabajo. Es deseada y acosada por los obreros del frigor\u00edfico, subordinados de Antonio. Sufrir\u00e1, entonces, la hostilidad constante de El Macho (Romualdo Quiroga) y otros obreros -presionados por su propia participaci\u00f3n en la cofrad\u00eda masculina, por otra parte-, al punto de ser secuestrada en un cami\u00f3n transportador con una leyenda que dice \u201ccarne en tr\u00e1nsito\u201d. La met\u00e1fora no es muy compleja, Delicia es para ellos un pedazo de carne. No es una pel\u00edcula de horror, no es insoportable. Tampoco es un film de denuncia. Parece m\u00e1s un intento pop -con escenas presentadas con filtros azules o rojos- de reivindicar el amor rom\u00e1ntico como fuerza virtuosa capaz de torcer o de hacer olvidar un mundo de violencia. Por supuesto no es un intento muy convincente porque no logra borrar de nuestras cabezas la mundanidad de la <\/span><i><span style=\"font-weight: 400;\">carne sobre la carne<\/span><\/i><span style=\"font-weight: 400;\"> y el matadero.\u00a0<\/span><\/span><\/p>\n<p><span style=\"font-size: large;\"><span style=\"font-weight: 400;\"><\/span><\/span><\/p>\n<p><span style=\"font-size: large;\"><span style=\"font-weight: 400;\">El EP <\/span><i><span style=\"font-weight: 400;\">Vuelta 1322 <\/span><\/i><span style=\"font-weight: 400;\">(2022) empieza con una breve introducci\u00f3n de un minuto: es <\/span><i><span style=\"font-weight: 400;\">Carne \u00b468<\/span><\/i><span style=\"font-weight: 400;\">, una versi\u00f3n industrial de la canci\u00f3n que forma parte de la banda sonora compuesta por Ubriaco, Mor\u00edn y Bo. Cierra con la voz de la Coca, que dice \u201cya no puedo m\u00e1s\u201d, e inicia el disco con <\/span><i><span style=\"font-weight: 400;\">Entender o dormir<\/span><\/i><span style=\"font-weight: 400;\">, el eje vertebrador es apocal\u00edptico y presentista. No hay letras claras ni cristalinas, es una l\u00edrica fragmentaria, de im\u00e1genes que dan lugar a ser completadas por la imaginaci\u00f3n.<\/span><\/span><\/p>\n<p><span style=\"font-size: large;\"><span style=\"font-weight: 400;\"><\/span><\/span><\/p>\n<p><span style=\"font-size: large;\"><span style=\"font-weight: 400;\">En Carne se puede intuir un programa de investigaci\u00f3n, que se comprueba al prestar atenci\u00f3n al perfil de sus integrantes. Julio Nusdeo, adem\u00e1s de guitarrista y voz, es \u201cperiodista y <\/span><i><span style=\"font-weight: 400;\">ruidista\u201d<\/span><\/i><span style=\"font-weight: 400;\">. En 2021 condujo <\/span><i><span style=\"font-weight: 400;\">Cient\u00edfices del Desag\u00fce<\/span><\/i><span style=\"font-weight: 400;\">, un proyecto de divulgaci\u00f3n t\u00e9cnica\/cient\u00edfica sobre el sonido, enmarcado en el Centro de Arte Sonoro, uno de los museos pertenecientes a Cultura del Gobierno Nacional. En este programa de radio, que hoy puede ser escuchado como podcast, se intercalan el relato del locutor, con las artes del noisero, la selecci\u00f3n de m\u00fasica electr\u00f3nica y las entrevistas con algunos personajes del ambiente. Tom\u00e1s Buron, por otra parte, es bajista en el d\u00fao, pero tambi\u00e9n forma parte de otros muchos proyectos musicales, como Motormutante, Caravanas y Cromosomas Memoria, su proyecto personal. Fue la figura principal de los Adrenal\u00ednicos Moretones y es dise\u00f1ador de numerosas piezas gr\u00e1ficas en sus proyectos, combinando fotograf\u00edas e ilustraciones con colores vibrantes y fondos negros con t\u00e9cnicas de collage digital.\u00a0\u00a0<\/span><\/span><\/p>\n<p><span style=\"font-size: large;\"><span style=\"font-weight: 400;\"><\/span><\/span><\/p>\n<p><span style=\"font-size: large;\"><span style=\"font-weight: 400;\">Entre las preguntas del presente, relacionadas a nuestra incapacidad de poner l\u00edmites claros entre ficci\u00f3n y realidad, entre referentes reales y verdades definibles, se entremezclan otras relacionadas a la capacidad de producir esas verdades, de ser art\u00edfices de hechos comprobables. \u00bfLo somos? <\/span><i><span style=\"font-weight: 400;\">De la imaginaci\u00f3n, brota maquinaci\u00f3n. <\/span><\/i><span style=\"font-weight: 400;\">\u00bfCu\u00e1l es la relaci\u00f3n entre cuerpo org\u00e1nico y dispositivos t\u00e9cnicos? \u00bfHay l\u00edmites tajantes o es una frontera difusa? No se trata ya de un problema de orden te\u00f3rico, sino pr\u00e1ctico. S\u00f3lo se puede saber haciendo.<\/span><\/span><\/p>\n<p><span style=\"font-size: large;\"><span style=\"font-weight: 400;\"><\/span><\/span><\/p>\n<p><span style=\"font-size: large;\"><span style=\"font-weight: 400;\">Carne construye un yo l\u00edrico ambiguo, a veces persona, a veces robot.<\/span> <span style=\"font-weight: 400;\">El instrumento, la herramienta o la m\u00e1quina, son extensiones contradictorias del mismo cuerpo humano. De artefactos inventados para facilitar la carga del trabajo a entes que subordinan a los seres humanos para alimentar a la voraz espiral de la ganancia. Si hubo algo como un ser humano, este se volvi\u00f3 ap\u00e9ndice de la m\u00e1quina y la m\u00e1quina se volvi\u00f3 parte del cuerpo, cada vez en mayor medida. La experiencia se transforma a medida que se amalgaman circuitos y cuerpo. Si en la vieja medicina laboral se hablaba de fatiga, hoy hablamos de <\/span><i><span style=\"font-weight: 400;\">burnout<\/span><\/i><span style=\"font-weight: 400;\">: como un cableado que se sobrecarga de tensi\u00f3n. \u00bfQu\u00e9 hacemos con nuestro cuerpo-m\u00e1quina? Ensayar una respuesta punki: <\/span><i><span style=\"font-weight: 400;\">Al loop interno discontinuar \/ Brindar en mi funeral \/ Quemar el chip, sin poder resetear m\u00e1s \/ Conexi\u00f3n fatal \/ Sin\u00e1psis d\u00e9bil, fritura cerebral \/ Corporativo suero directo enchufado a un circuito reventado \/ A mi envase brutalizar.<\/span><\/i><\/span><\/p>\n<p><span style=\"font-weight: 400;\"><\/span><\/p>\n<p>[\/et_pb_text][et_pb_blog fullwidth=\u00bboff\u00bb posts_number=\u00bb3&#8243; include_categories=\u00bbcurrent\u00bb meta_date=\u00bbj M,Y\u00bb excerpt_length=\u00bb80&#8243; show_author=\u00bboff\u00bb show_categories=\u00bboff\u00bb show_pagination=\u00bboff\u00bb masonry_tile_background_color=\u00bb#FFFFFF\u00bb disabled_on=\u00bbon|off|off\u00bb module_class=\u00bbpa-blog \u00bb _builder_version=\u00bb4.25.1&#8243; header_font=\u00bb|700|||||||\u00bb header_text_color=\u00bb#FFFFFF\u00bb header_font_size=\u00bb20px\u00bb body_font=\u00bb|600|||||||\u00bb body_text_color=\u00bb#FFFFFF\u00bb meta_text_color=\u00bb#FFFFFF\u00bb read_more_text_color=\u00bb#FFFFFF\u00bb background_color=\u00bb#FFFFFF\u00bb min_height=\u00bb100px\u00bb custom_margin=\u00bb0px||0%||false|false\u00bb custom_margin_tablet=\u00bb0%||||false|false\u00bb custom_margin_phone=\u00bb\u00bb custom_margin_last_edited=\u00bbon|desktop\u00bb custom_padding=\u00bb||0px|||\u00bb header_text_shadow_style=\u00bbpreset3&#8243; header_text_shadow_color=\u00bb#000000&#8243; body_text_shadow_style=\u00bbpreset3&#8243; body_text_shadow_color=\u00bb#000000&#8243; meta_text_shadow_style=\u00bbpreset3&#8243; meta_text_shadow_color=\u00bb#000000&#8243; border_color_all_image=\u00bb#FFFFFF\u00bb border_width_top_image=\u00bb2px\u00bb text_shadow_style=\u00bbpreset3&#8243; text_shadow_blur_strength=\u00bb0.54em\u00bb text_shadow_color=\u00bb#000000&#8243; global_colors_info=\u00bb{}\u00bb][\/et_pb_blog][et_pb_image src=\u00bbhttps:\/\/urbe.com.ar\/revista\/wp-content\/uploads\/2023\/05\/banner-escritores-copy.jpg\u00bb title_text=\u00bbbanner escritores copy\u00bb _builder_version=\u00bb4.21.0&#8243; _module_preset=\u00bbdefault\u00bb custom_margin=\u00bb15%||||false|false\u00bb global_colors_info=\u00bb{}\u00bb][\/et_pb_image][\/et_pb_column][\/et_pb_row][\/et_pb_section]<\/p>\n","protected":false},"excerpt":{"rendered":"<p>Por <b>Ian Cordeiro<\/b><\/p>\n","protected":false},"author":10,"featured_media":11400,"comment_status":"closed","ping_status":"closed","sticky":false,"template":"","format":"standard","meta":{"_et_pb_use_builder":"on","_et_pb_old_content":"","_et_gb_content_width":"1080","_jetpack_memberships_contains_paid_content":false,"footnotes":""},"categories":[26],"tags":[],"class_list":["post-11394","post","type-post","status-publish","format-standard","has-post-thumbnail","hentry","category-musica"],"yoast_head":"<!-- This site is optimized with the Yoast SEO plugin v27.5 - https:\/\/yoast.com\/product\/yoast-seo-wordpress\/ -->\n<title>Milanesa de alambre - Revista Urbe<\/title>\n<meta name=\"robots\" content=\"index, follow, max-snippet:-1, max-image-preview:large, max-video-preview:-1\" \/>\n<link rel=\"canonical\" href=\"https:\/\/urbe.com.ar\/revista\/milanesa-de-alambre\/\" \/>\n<meta property=\"og:locale\" content=\"es_ES\" \/>\n<meta property=\"og:type\" content=\"article\" \/>\n<meta property=\"og:title\" content=\"Milanesa de alambre - Revista Urbe\" \/>\n<meta property=\"og:description\" content=\"Por Ian Cordeiro\" \/>\n<meta property=\"og:url\" content=\"https:\/\/urbe.com.ar\/revista\/milanesa-de-alambre\/\" \/>\n<meta property=\"og:site_name\" content=\"Revista Urbe\" \/>\n<meta property=\"article:published_time\" content=\"2025-08-23T08:00:31+00:00\" \/>\n<meta property=\"article:modified_time\" content=\"2025-08-23T15:26:30+00:00\" \/>\n<meta property=\"og:image\" content=\"https:\/\/urbe.com.ar\/revista\/wp-content\/uploads\/2025\/08\/miniaturaweb--1024x922.webp\" \/>\n\t<meta property=\"og:image:width\" content=\"1024\" \/>\n\t<meta property=\"og:image:height\" content=\"922\" \/>\n\t<meta property=\"og:image:type\" content=\"image\/webp\" \/>\n<meta name=\"author\" content=\"Alejo Bernhardt\" \/>\n<meta name=\"twitter:card\" content=\"summary_large_image\" \/>\n<meta name=\"twitter:creator\" content=\"@Revistaurbe_\" \/>\n<meta name=\"twitter:site\" content=\"@Revistaurbe_\" \/>\n<meta name=\"twitter:label1\" content=\"Escrito por\" \/>\n\t<meta name=\"twitter:data1\" content=\"Alejo Bernhardt\" \/>\n\t<meta name=\"twitter:label2\" content=\"Tiempo de lectura\" \/>\n\t<meta name=\"twitter:data2\" content=\"10 minutos\" \/>\n<script type=\"application\/ld+json\" class=\"yoast-schema-graph\">{\"@context\":\"https:\\\/\\\/schema.org\",\"@graph\":[{\"@type\":\"Article\",\"@id\":\"https:\\\/\\\/urbe.com.ar\\\/revista\\\/milanesa-de-alambre\\\/#article\",\"isPartOf\":{\"@id\":\"https:\\\/\\\/urbe.com.ar\\\/revista\\\/milanesa-de-alambre\\\/\"},\"author\":{\"name\":\"Alejo Bernhardt\",\"@id\":\"https:\\\/\\\/urbe.com.ar\\\/revista\\\/#\\\/schema\\\/person\\\/4ddcf051fa628850264f4c6d61f63ee2\"},\"headline\":\"Milanesa de alambre\",\"datePublished\":\"2025-08-23T08:00:31+00:00\",\"dateModified\":\"2025-08-23T15:26:30+00:00\",\"mainEntityOfPage\":{\"@id\":\"https:\\\/\\\/urbe.com.ar\\\/revista\\\/milanesa-de-alambre\\\/\"},\"wordCount\":2975,\"image\":{\"@id\":\"https:\\\/\\\/urbe.com.ar\\\/revista\\\/milanesa-de-alambre\\\/#primaryimage\"},\"thumbnailUrl\":\"https:\\\/\\\/i0.wp.com\\\/urbe.com.ar\\\/revista\\\/wp-content\\\/uploads\\\/2025\\\/08\\\/miniaturaweb-.webp?fit=2551%2C2297&ssl=1\",\"articleSection\":[\"M\u00daSICA\"],\"inLanguage\":\"es\"},{\"@type\":\"WebPage\",\"@id\":\"https:\\\/\\\/urbe.com.ar\\\/revista\\\/milanesa-de-alambre\\\/\",\"url\":\"https:\\\/\\\/urbe.com.ar\\\/revista\\\/milanesa-de-alambre\\\/\",\"name\":\"Milanesa de alambre - Revista Urbe\",\"isPartOf\":{\"@id\":\"https:\\\/\\\/urbe.com.ar\\\/revista\\\/#website\"},\"primaryImageOfPage\":{\"@id\":\"https:\\\/\\\/urbe.com.ar\\\/revista\\\/milanesa-de-alambre\\\/#primaryimage\"},\"image\":{\"@id\":\"https:\\\/\\\/urbe.com.ar\\\/revista\\\/milanesa-de-alambre\\\/#primaryimage\"},\"thumbnailUrl\":\"https:\\\/\\\/i0.wp.com\\\/urbe.com.ar\\\/revista\\\/wp-content\\\/uploads\\\/2025\\\/08\\\/miniaturaweb-.webp?fit=2551%2C2297&ssl=1\",\"datePublished\":\"2025-08-23T08:00:31+00:00\",\"dateModified\":\"2025-08-23T15:26:30+00:00\",\"author\":{\"@id\":\"https:\\\/\\\/urbe.com.ar\\\/revista\\\/#\\\/schema\\\/person\\\/4ddcf051fa628850264f4c6d61f63ee2\"},\"breadcrumb\":{\"@id\":\"https:\\\/\\\/urbe.com.ar\\\/revista\\\/milanesa-de-alambre\\\/#breadcrumb\"},\"inLanguage\":\"es\",\"potentialAction\":[{\"@type\":\"ReadAction\",\"target\":[\"https:\\\/\\\/urbe.com.ar\\\/revista\\\/milanesa-de-alambre\\\/\"]}]},{\"@type\":\"ImageObject\",\"inLanguage\":\"es\",\"@id\":\"https:\\\/\\\/urbe.com.ar\\\/revista\\\/milanesa-de-alambre\\\/#primaryimage\",\"url\":\"https:\\\/\\\/i0.wp.com\\\/urbe.com.ar\\\/revista\\\/wp-content\\\/uploads\\\/2025\\\/08\\\/miniaturaweb-.webp?fit=2551%2C2297&ssl=1\",\"contentUrl\":\"https:\\\/\\\/i0.wp.com\\\/urbe.com.ar\\\/revista\\\/wp-content\\\/uploads\\\/2025\\\/08\\\/miniaturaweb-.webp?fit=2551%2C2297&ssl=1\",\"width\":2551,\"height\":2297},{\"@type\":\"BreadcrumbList\",\"@id\":\"https:\\\/\\\/urbe.com.ar\\\/revista\\\/milanesa-de-alambre\\\/#breadcrumb\",\"itemListElement\":[{\"@type\":\"ListItem\",\"position\":1,\"name\":\"Portada\",\"item\":\"https:\\\/\\\/urbe.com.ar\\\/revista\\\/\"},{\"@type\":\"ListItem\",\"position\":2,\"name\":\"Milanesa de alambre\"}]},{\"@type\":\"WebSite\",\"@id\":\"https:\\\/\\\/urbe.com.ar\\\/revista\\\/#website\",\"url\":\"https:\\\/\\\/urbe.com.ar\\\/revista\\\/\",\"name\":\"Revista Urbe\",\"description\":\"\",\"potentialAction\":[{\"@type\":\"SearchAction\",\"target\":{\"@type\":\"EntryPoint\",\"urlTemplate\":\"https:\\\/\\\/urbe.com.ar\\\/revista\\\/?s={search_term_string}\"},\"query-input\":{\"@type\":\"PropertyValueSpecification\",\"valueRequired\":true,\"valueName\":\"search_term_string\"}}],\"inLanguage\":\"es\"},{\"@type\":\"Person\",\"@id\":\"https:\\\/\\\/urbe.com.ar\\\/revista\\\/#\\\/schema\\\/person\\\/4ddcf051fa628850264f4c6d61f63ee2\",\"name\":\"Alejo Bernhardt\",\"image\":{\"@type\":\"ImageObject\",\"inLanguage\":\"es\",\"@id\":\"https:\\\/\\\/secure.gravatar.com\\\/avatar\\\/e17892015a0b2fe0e47a8387056c05584647b09de53f1ac00adae78b2f4fb443?s=96&d=mm&r=g\",\"url\":\"https:\\\/\\\/secure.gravatar.com\\\/avatar\\\/e17892015a0b2fe0e47a8387056c05584647b09de53f1ac00adae78b2f4fb443?s=96&d=mm&r=g\",\"contentUrl\":\"https:\\\/\\\/secure.gravatar.com\\\/avatar\\\/e17892015a0b2fe0e47a8387056c05584647b09de53f1ac00adae78b2f4fb443?s=96&d=mm&r=g\",\"caption\":\"Alejo Bernhardt\"},\"url\":\"https:\\\/\\\/urbe.com.ar\\\/revista\\\/author\\\/alejo-bernhardt\\\/\"}]}<\/script>\n<!-- \/ Yoast SEO plugin. -->","yoast_head_json":{"title":"Milanesa de alambre - Revista Urbe","robots":{"index":"index","follow":"follow","max-snippet":"max-snippet:-1","max-image-preview":"max-image-preview:large","max-video-preview":"max-video-preview:-1"},"canonical":"https:\/\/urbe.com.ar\/revista\/milanesa-de-alambre\/","og_locale":"es_ES","og_type":"article","og_title":"Milanesa de alambre - Revista Urbe","og_description":"Por Ian Cordeiro","og_url":"https:\/\/urbe.com.ar\/revista\/milanesa-de-alambre\/","og_site_name":"Revista Urbe","article_published_time":"2025-08-23T08:00:31+00:00","article_modified_time":"2025-08-23T15:26:30+00:00","og_image":[{"width":1024,"height":922,"url":"https:\/\/urbe.com.ar\/revista\/wp-content\/uploads\/2025\/08\/miniaturaweb--1024x922.webp","type":"image\/webp"}],"author":"Alejo Bernhardt","twitter_card":"summary_large_image","twitter_creator":"@Revistaurbe_","twitter_site":"@Revistaurbe_","twitter_misc":{"Escrito por":"Alejo Bernhardt","Tiempo de lectura":"10 minutos"},"schema":{"@context":"https:\/\/schema.org","@graph":[{"@type":"Article","@id":"https:\/\/urbe.com.ar\/revista\/milanesa-de-alambre\/#article","isPartOf":{"@id":"https:\/\/urbe.com.ar\/revista\/milanesa-de-alambre\/"},"author":{"name":"Alejo Bernhardt","@id":"https:\/\/urbe.com.ar\/revista\/#\/schema\/person\/4ddcf051fa628850264f4c6d61f63ee2"},"headline":"Milanesa de alambre","datePublished":"2025-08-23T08:00:31+00:00","dateModified":"2025-08-23T15:26:30+00:00","mainEntityOfPage":{"@id":"https:\/\/urbe.com.ar\/revista\/milanesa-de-alambre\/"},"wordCount":2975,"image":{"@id":"https:\/\/urbe.com.ar\/revista\/milanesa-de-alambre\/#primaryimage"},"thumbnailUrl":"https:\/\/i0.wp.com\/urbe.com.ar\/revista\/wp-content\/uploads\/2025\/08\/miniaturaweb-.webp?fit=2551%2C2297&ssl=1","articleSection":["M\u00daSICA"],"inLanguage":"es"},{"@type":"WebPage","@id":"https:\/\/urbe.com.ar\/revista\/milanesa-de-alambre\/","url":"https:\/\/urbe.com.ar\/revista\/milanesa-de-alambre\/","name":"Milanesa de alambre - Revista Urbe","isPartOf":{"@id":"https:\/\/urbe.com.ar\/revista\/#website"},"primaryImageOfPage":{"@id":"https:\/\/urbe.com.ar\/revista\/milanesa-de-alambre\/#primaryimage"},"image":{"@id":"https:\/\/urbe.com.ar\/revista\/milanesa-de-alambre\/#primaryimage"},"thumbnailUrl":"https:\/\/i0.wp.com\/urbe.com.ar\/revista\/wp-content\/uploads\/2025\/08\/miniaturaweb-.webp?fit=2551%2C2297&ssl=1","datePublished":"2025-08-23T08:00:31+00:00","dateModified":"2025-08-23T15:26:30+00:00","author":{"@id":"https:\/\/urbe.com.ar\/revista\/#\/schema\/person\/4ddcf051fa628850264f4c6d61f63ee2"},"breadcrumb":{"@id":"https:\/\/urbe.com.ar\/revista\/milanesa-de-alambre\/#breadcrumb"},"inLanguage":"es","potentialAction":[{"@type":"ReadAction","target":["https:\/\/urbe.com.ar\/revista\/milanesa-de-alambre\/"]}]},{"@type":"ImageObject","inLanguage":"es","@id":"https:\/\/urbe.com.ar\/revista\/milanesa-de-alambre\/#primaryimage","url":"https:\/\/i0.wp.com\/urbe.com.ar\/revista\/wp-content\/uploads\/2025\/08\/miniaturaweb-.webp?fit=2551%2C2297&ssl=1","contentUrl":"https:\/\/i0.wp.com\/urbe.com.ar\/revista\/wp-content\/uploads\/2025\/08\/miniaturaweb-.webp?fit=2551%2C2297&ssl=1","width":2551,"height":2297},{"@type":"BreadcrumbList","@id":"https:\/\/urbe.com.ar\/revista\/milanesa-de-alambre\/#breadcrumb","itemListElement":[{"@type":"ListItem","position":1,"name":"Portada","item":"https:\/\/urbe.com.ar\/revista\/"},{"@type":"ListItem","position":2,"name":"Milanesa de alambre"}]},{"@type":"WebSite","@id":"https:\/\/urbe.com.ar\/revista\/#website","url":"https:\/\/urbe.com.ar\/revista\/","name":"Revista Urbe","description":"","potentialAction":[{"@type":"SearchAction","target":{"@type":"EntryPoint","urlTemplate":"https:\/\/urbe.com.ar\/revista\/?s={search_term_string}"},"query-input":{"@type":"PropertyValueSpecification","valueRequired":true,"valueName":"search_term_string"}}],"inLanguage":"es"},{"@type":"Person","@id":"https:\/\/urbe.com.ar\/revista\/#\/schema\/person\/4ddcf051fa628850264f4c6d61f63ee2","name":"Alejo Bernhardt","image":{"@type":"ImageObject","inLanguage":"es","@id":"https:\/\/secure.gravatar.com\/avatar\/e17892015a0b2fe0e47a8387056c05584647b09de53f1ac00adae78b2f4fb443?s=96&d=mm&r=g","url":"https:\/\/secure.gravatar.com\/avatar\/e17892015a0b2fe0e47a8387056c05584647b09de53f1ac00adae78b2f4fb443?s=96&d=mm&r=g","contentUrl":"https:\/\/secure.gravatar.com\/avatar\/e17892015a0b2fe0e47a8387056c05584647b09de53f1ac00adae78b2f4fb443?s=96&d=mm&r=g","caption":"Alejo Bernhardt"},"url":"https:\/\/urbe.com.ar\/revista\/author\/alejo-bernhardt\/"}]}},"jetpack_featured_media_url":"https:\/\/i0.wp.com\/urbe.com.ar\/revista\/wp-content\/uploads\/2025\/08\/miniaturaweb-.webp?fit=2551%2C2297&ssl=1","jetpack_sharing_enabled":true,"_links":{"self":[{"href":"https:\/\/urbe.com.ar\/revista\/wp-json\/wp\/v2\/posts\/11394","targetHints":{"allow":["GET"]}}],"collection":[{"href":"https:\/\/urbe.com.ar\/revista\/wp-json\/wp\/v2\/posts"}],"about":[{"href":"https:\/\/urbe.com.ar\/revista\/wp-json\/wp\/v2\/types\/post"}],"author":[{"embeddable":true,"href":"https:\/\/urbe.com.ar\/revista\/wp-json\/wp\/v2\/users\/10"}],"replies":[{"embeddable":true,"href":"https:\/\/urbe.com.ar\/revista\/wp-json\/wp\/v2\/comments?post=11394"}],"version-history":[{"count":4,"href":"https:\/\/urbe.com.ar\/revista\/wp-json\/wp\/v2\/posts\/11394\/revisions"}],"predecessor-version":[{"id":11402,"href":"https:\/\/urbe.com.ar\/revista\/wp-json\/wp\/v2\/posts\/11394\/revisions\/11402"}],"wp:featuredmedia":[{"embeddable":true,"href":"https:\/\/urbe.com.ar\/revista\/wp-json\/wp\/v2\/media\/11400"}],"wp:attachment":[{"href":"https:\/\/urbe.com.ar\/revista\/wp-json\/wp\/v2\/media?parent=11394"}],"wp:term":[{"taxonomy":"category","embeddable":true,"href":"https:\/\/urbe.com.ar\/revista\/wp-json\/wp\/v2\/categories?post=11394"},{"taxonomy":"post_tag","embeddable":true,"href":"https:\/\/urbe.com.ar\/revista\/wp-json\/wp\/v2\/tags?post=11394"}],"curies":[{"name":"wp","href":"https:\/\/api.w.org\/{rel}","templated":true}]}}