{"id":10876,"date":"2025-04-24T04:25:23","date_gmt":"2025-04-24T04:25:23","guid":{"rendered":"https:\/\/urbe.com.ar\/revista\/?p=10876"},"modified":"2025-04-24T04:25:24","modified_gmt":"2025-04-24T04:25:24","slug":"ruido-criollo-4-entrevista-a-olivia-milberg","status":"publish","type":"post","link":"https:\/\/urbe.com.ar\/revista\/ruido-criollo-4-entrevista-a-olivia-milberg\/","title":{"rendered":"Ruido Criollo #4: Entrevista a Olivia Milberg"},"content":{"rendered":"\n[et_pb_section fb_built=\u00bb1&#8243; disabled_on=\u00bbon|on|on\u00bb _builder_version=\u00bb4.20.0&#8243; disabled=\u00bbon\u00bb global_colors_info=\u00bb{}\u00bb][et_pb_row _builder_version=\u00bb4.27.0&#8243; global_colors_info=\u00bb{}\u00bb][et_pb_column type=\u00bb4_4&#8243; _builder_version=\u00bb4.18.0&#8243; global_colors_info=\u00bb{}\u00bb][et_pb_text disabled_on=\u00bbon|on|on\u00bb _builder_version=\u00bb4.27.4&#8243; text_font=\u00bbTitillium Web||||||||\u00bb custom_padding=\u00bb||28px|||\u00bb disabled=\u00bbon\u00bb global_colors_info=\u00bb{}\u00bb]<b>M\u00e1ximo Cant\u00f3n<\/b> | Olivia Milberg es poeta y tallerista. Public\u00f3 los libros Lobo de mar, por A\u00f1osluz Editora, y Cuarenta gotas diluidas en dos dedos de agua, por Promesa Editorial. Lleva adelante talleres donde explora las posibilidades sonoras de la escritura, entre otras cosas.[\/et_pb_text][\/et_pb_column][\/et_pb_row][\/et_pb_section][et_pb_section fb_built=\u00bb1&#8243; _builder_version=\u00bb4.25.1&#8243; _module_preset=\u00bbdefault\u00bb global_colors_info=\u00bb{}\u00bb][et_pb_row _builder_version=\u00bb4.25.1&#8243; background_color=\u00bb#ffffff\u00bb background_enable_image=\u00bboff\u00bb custom_margin=\u00bb40px||20px||false|false\u00bb custom_padding=\u00bb12px|0px|12px|0px|true|true\u00bb border_color_left=\u00bb#F2AF46&#8243; global_colors_info=\u00bb{}\u00bb][et_pb_column type=\u00bb4_4&#8243; _builder_version=\u00bb4.25.1&#8243; global_colors_info=\u00bb{}\u00bb][et_pb_text _builder_version=\u00bb4.27.4&#8243; text_font=\u00bbTitillium Web|600|||||||\u00bb text_text_color=\u00bb#000000&#8243; text_font_size=\u00bb18px\u00bb header_text_align=\u00bbcenter\u00bb header_font_size=\u00bb35px\u00bb background_color=\u00bbRGBA(255,255,255,0)\u00bb background_layout=\u00bbdark\u00bb custom_margin=\u00bb2%|0%|2%|0%|true|true\u00bb custom_padding=\u00bb|||0px|false|false\u00bb border_color_all=\u00bb#F2AF46&#8243; global_colors_info=\u00bb{}\u00bb]<p style=\"text-align: center;\"><strong>M\u00fasica<\/strong><\/p>[\/et_pb_text][et_pb_text _builder_version=\u00bb4.27.4&#8243; text_font=\u00bbTitillium Web|300|||||||\u00bb text_text_color=\u00bb#000000&#8243; text_line_height=\u00bb1.4em\u00bb header_font=\u00bb|700||on|||||\u00bb header_text_align=\u00bbleft\u00bb header_text_color=\u00bb#272727&#8243; header_font_size=\u00bb4em\u00bb background_color=\u00bbRGBA(255,255,255,0)\u00bb background_enable_image=\u00bboff\u00bb background_size=\u00bbstretch\u00bb width=\u00bb100%\u00bb module_alignment=\u00bbleft\u00bb min_height=\u00bb71px\u00bb custom_margin=\u00bb3%|0%|3%|0%|true|true\u00bb custom_padding=\u00bb|0%|0px|0%|false|true\u00bb global_colors_info=\u00bb{}\u00bb]<h1 style=\"text-align: center;\">Ruido criollo #4: Olivia Milberg<\/h1>[\/et_pb_text][et_pb_text admin_label=\u00bbParrafo 1&#8243; _builder_version=\u00bb4.27.4&#8243; text_font=\u00bbTitillium Web||||||||\u00bb text_text_color=\u00bb#000000&#8243; text_font_size=\u00bb20px\u00bb text_line_height=\u00bb2em\u00bb custom_margin=\u00bb2%|0%|2%|0%|true|true\u00bb custom_padding=\u00bb||0px|||\u00bb text_font_size_tablet=\u00bb17px\u00bb text_font_size_phone=\u00bb16px\u00bb text_font_size_last_edited=\u00bbon|phone\u00bb locked=\u00bboff\u00bb inline_fonts=\u00bbRubik,Alkalami,Titillium Web\u00bb global_colors_info=\u00bb{}\u00bb]<div class=\"\" data-block=\"true\" data-editor=\"fd8ss\" data-offset-key=\"4uv8o-0-0\">\n<div data-offset-key=\"4uv8o-0-0\" class=\"public-DraftStyleDefault-block public-DraftStyleDefault-ltr\" style=\"text-align: center;\">\n\nOlivia Milberg es poeta y tallerista. Public\u00f3 los libros Lobo de mar, por A\u00f1osluz Editora, y Cuarenta gotas diluidas en dos dedos de agua, por Promesa Editorial. Lleva adelante talleres donde explora las posibilidades sonoras de la escritura, entre otras cosas.\n\n\n<\/div>\n<\/div>\n<div class=\"\" data-block=\"true\" data-editor=\"fd8ss\" data-offset-key=\"5shq2-0-0\" style=\"text-align: center;\"><\/div>[\/et_pb_text][et_pb_text _builder_version=\u00bb4.27.4&#8243; text_font=\u00bbTitillium Web||||||||\u00bb text_text_color=\u00bb#000000&#8243; text_font_size=\u00bb18px\u00bb header_text_align=\u00bbcenter\u00bb header_text_color=\u00bb#057E7E\u00bb header_font_size=\u00bb35px\u00bb text_orientation=\u00bbjustified\u00bb custom_margin=\u00bb2%|0%|2%|0%|true|true\u00bb custom_padding=\u00bb|||0px|false|false\u00bb border_color_left=\u00bb#F2AF46&#8243; global_colors_info=\u00bb{}\u00bb]<p style=\"text-align: center;\">Por <b>M\u00e1ximo Cant\u00f3n<\/b><br \/><span style=\"font-size: medium;\">24 de abril de 2025<\/span><\/p>[\/et_pb_text][et_pb_image src=\u00bbhttps:\/\/urbe.com.ar\/revista\/wp-content\/uploads\/2025\/04\/miniatura-.webp\u00bb title_text=\u00bbminiatura\u00bb disabled_on=\u00bboff|off|off\u00bb _builder_version=\u00bb4.27.4&#8243; background_enable_image=\u00bboff\u00bb custom_margin=\u00bb5%|0%|5%|0%|true|true\u00bb custom_margin_tablet=\u00bb\u00bb custom_margin_phone=\u00bb6%|0%|6%|0%|true|true\u00bb custom_margin_last_edited=\u00bbon|phone\u00bb hover_enabled=\u00bb0&#8243; global_colors_info=\u00bb{}\u00bb sticky_enabled=\u00bb0&#8243;][\/et_pb_image][\/et_pb_column][\/et_pb_row][et_pb_row column_structure=\u00bb1_2,1_2&#8243; use_custom_gutter=\u00bbon\u00bb gutter_width=\u00bb1&#8243; make_equal=\u00bbon\u00bb disabled_on=\u00bbon|off|off\u00bb _builder_version=\u00bb4.16&#8243; background_color=\u00bb#ffffff\u00bb custom_margin=\u00bb||||false|false\u00bb custom_padding=\u00bb0px||0px|0%|false|false\u00bb locked=\u00bboff\u00bb global_colors_info=\u00bb{}\u00bb][et_pb_column type=\u00bb1_2&#8243; _builder_version=\u00bb4.16&#8243; background_color=\u00bb#ffffff\u00bb custom_css_main_element=\u00bbwidth: 60% !important;\u00bb global_colors_info=\u00bb{}\u00bb][\/et_pb_column][et_pb_column type=\u00bb1_2&#8243; _builder_version=\u00bb4.16&#8243; custom_css_main_element=\u00bb||width: 40% !important;||margin: auto;||display: flex;||flex-direction: column;||justify-content: center;\u00bb global_colors_info=\u00bb{}\u00bb][et_pb_code _builder_version=\u00bb4.16&#8243; text_orientation=\u00bbcenter\u00bb module_alignment=\u00bbcenter\u00bb custom_margin=\u00bb2%||2%||true|false\u00bb custom_padding=\u00bb|6.7%||6.7%|false|true\u00bb global_colors_info=\u00bb{}\u00bb]<div class=\"addtoany_shortcode\"><div class=\"a2a_kit a2a_kit_size_32 addtoany_list\" data-a2a-url=\"https:\/\/urbe.com.ar\/revista\/ruido-criollo-4-entrevista-a-olivia-milberg\/\" data-a2a-title=\"Ruido Criollo #4: Entrevista a Olivia Milberg\"><a class=\"a2a_button_facebook\" href=\"https:\/\/www.addtoany.com\/add_to\/facebook?linkurl=https%3A%2F%2Furbe.com.ar%2Frevista%2Fruido-criollo-4-entrevista-a-olivia-milberg%2F&amp;linkname=Ruido%20Criollo%20%234%3A%20Entrevista%20a%20Olivia%20Milberg\" title=\"Facebook\" rel=\"nofollow noopener\" target=\"_blank\"><\/a><a class=\"a2a_button_whatsapp\" href=\"https:\/\/www.addtoany.com\/add_to\/whatsapp?linkurl=https%3A%2F%2Furbe.com.ar%2Frevista%2Fruido-criollo-4-entrevista-a-olivia-milberg%2F&amp;linkname=Ruido%20Criollo%20%234%3A%20Entrevista%20a%20Olivia%20Milberg\" title=\"WhatsApp\" rel=\"nofollow noopener\" target=\"_blank\"><\/a><a class=\"a2a_button_twitter\" href=\"https:\/\/www.addtoany.com\/add_to\/twitter?linkurl=https%3A%2F%2Furbe.com.ar%2Frevista%2Fruido-criollo-4-entrevista-a-olivia-milberg%2F&amp;linkname=Ruido%20Criollo%20%234%3A%20Entrevista%20a%20Olivia%20Milberg\" title=\"Twitter\" rel=\"nofollow noopener\" target=\"_blank\"><\/a><a class=\"a2a_button_email\" href=\"https:\/\/www.addtoany.com\/add_to\/email?linkurl=https%3A%2F%2Furbe.com.ar%2Frevista%2Fruido-criollo-4-entrevista-a-olivia-milberg%2F&amp;linkname=Ruido%20Criollo%20%234%3A%20Entrevista%20a%20Olivia%20Milberg\" title=\"Email\" rel=\"nofollow noopener\" target=\"_blank\"><\/a><a class=\"a2a_button_copy_link\" href=\"https:\/\/www.addtoany.com\/add_to\/copy_link?linkurl=https%3A%2F%2Furbe.com.ar%2Frevista%2Fruido-criollo-4-entrevista-a-olivia-milberg%2F&amp;linkname=Ruido%20Criollo%20%234%3A%20Entrevista%20a%20Olivia%20Milberg\" title=\"Copy Link\" rel=\"nofollow noopener\" target=\"_blank\"><\/a><\/div><\/div>[\/et_pb_code][\/et_pb_column][\/et_pb_row][et_pb_row use_custom_gutter=\u00bbon\u00bb gutter_width=\u00bb1&#8243; make_equal=\u00bbon\u00bb disabled_on=\u00bboff|on|on\u00bb _builder_version=\u00bb4.16&#8243; background_color=\u00bb#ffffff\u00bb custom_margin=\u00bb||||false|false\u00bb custom_padding=\u00bb0px||0px|0%|false|false\u00bb locked=\u00bboff\u00bb global_colors_info=\u00bb{}\u00bb][et_pb_column type=\u00bb4_4&#8243; _builder_version=\u00bb4.16&#8243; background_color=\u00bb#ffffff\u00bb global_colors_info=\u00bb{}\u00bb][et_pb_code disabled_on=\u00bboff|off|off\u00bb _builder_version=\u00bb4.16&#8243; _module_preset=\u00bbdefault\u00bb text_orientation=\u00bbcenter\u00bb width=\u00bb100%\u00bb width_tablet=\u00bb\u00bb width_phone=\u00bb100%\u00bb width_last_edited=\u00bbon|phone\u00bb max_width=\u00bb100%\u00bb max_width_tablet=\u00bb\u00bb max_width_phone=\u00bb\u00bb max_width_last_edited=\u00bbon|tablet\u00bb module_alignment=\u00bbright\u00bb custom_margin_tablet=\u00bb\u00bb custom_margin_phone=\u00bb\u00bb custom_margin_last_edited=\u00bbon|phone\u00bb module_alignment_tablet=\u00bb\u00bb module_alignment_phone=\u00bbcenter\u00bb module_alignment_last_edited=\u00bbon|desktop\u00bb global_colors_info=\u00bb{}\u00bb]<div class=\"addtoany_shortcode\"><div class=\"a2a_kit a2a_kit_size_32 addtoany_list\" data-a2a-url=\"https:\/\/urbe.com.ar\/revista\/ruido-criollo-4-entrevista-a-olivia-milberg\/\" data-a2a-title=\"Ruido Criollo #4: Entrevista a Olivia Milberg\"><a class=\"a2a_button_facebook\" href=\"https:\/\/www.addtoany.com\/add_to\/facebook?linkurl=https%3A%2F%2Furbe.com.ar%2Frevista%2Fruido-criollo-4-entrevista-a-olivia-milberg%2F&amp;linkname=Ruido%20Criollo%20%234%3A%20Entrevista%20a%20Olivia%20Milberg\" title=\"Facebook\" rel=\"nofollow noopener\" target=\"_blank\"><\/a><a class=\"a2a_button_whatsapp\" href=\"https:\/\/www.addtoany.com\/add_to\/whatsapp?linkurl=https%3A%2F%2Furbe.com.ar%2Frevista%2Fruido-criollo-4-entrevista-a-olivia-milberg%2F&amp;linkname=Ruido%20Criollo%20%234%3A%20Entrevista%20a%20Olivia%20Milberg\" title=\"WhatsApp\" rel=\"nofollow noopener\" target=\"_blank\"><\/a><a class=\"a2a_button_twitter\" href=\"https:\/\/www.addtoany.com\/add_to\/twitter?linkurl=https%3A%2F%2Furbe.com.ar%2Frevista%2Fruido-criollo-4-entrevista-a-olivia-milberg%2F&amp;linkname=Ruido%20Criollo%20%234%3A%20Entrevista%20a%20Olivia%20Milberg\" title=\"Twitter\" rel=\"nofollow noopener\" target=\"_blank\"><\/a><a class=\"a2a_button_email\" href=\"https:\/\/www.addtoany.com\/add_to\/email?linkurl=https%3A%2F%2Furbe.com.ar%2Frevista%2Fruido-criollo-4-entrevista-a-olivia-milberg%2F&amp;linkname=Ruido%20Criollo%20%234%3A%20Entrevista%20a%20Olivia%20Milberg\" title=\"Email\" rel=\"nofollow noopener\" target=\"_blank\"><\/a><a class=\"a2a_button_copy_link\" href=\"https:\/\/www.addtoany.com\/add_to\/copy_link?linkurl=https%3A%2F%2Furbe.com.ar%2Frevista%2Fruido-criollo-4-entrevista-a-olivia-milberg%2F&amp;linkname=Ruido%20Criollo%20%234%3A%20Entrevista%20a%20Olivia%20Milberg\" title=\"Copy Link\" rel=\"nofollow noopener\" target=\"_blank\"><\/a><\/div><\/div>[\/et_pb_code][\/et_pb_column][\/et_pb_row][et_pb_row _builder_version=\u00bb4.25.1&#8243; background_color=\u00bb#ffffff\u00bb width=\u00bb100%\u00bb custom_padding=\u00bb0px||3px|0px||\u00bb global_colors_info=\u00bb{}\u00bb][et_pb_column type=\u00bb4_4&#8243; _builder_version=\u00bb4.25.1&#8243; global_colors_info=\u00bb{}\u00bb][et_pb_text admin_label=\u00bbParrafo 1&#8243; _builder_version=\u00bb4.27.0&#8243; text_font=\u00bbTitillium Web||||||||\u00bb text_text_color=\u00bb#000000&#8243; text_font_size=\u00bb20px\u00bb text_line_height=\u00bb2em\u00bb custom_margin=\u00bb2%|0%|2%|0%|true|true\u00bb custom_padding=\u00bb||0px|0px||\u00bb text_font_size_tablet=\u00bb17px\u00bb text_font_size_phone=\u00bb16px\u00bb text_font_size_last_edited=\u00bbon|phone\u00bb locked=\u00bboff\u00bb inline_fonts=\u00bbRubik,Alkalami,Titillium Web\u00bb global_colors_info=\u00bb{}\u00bb]<p>Ruido Criollo es una serie de entrevistas que intentan cartografiar el sonido nacional hablando con sus trabajadores. \u00bfPor quie\u0301nes sonamos como sonamos? \u00bfTenemos una tradicio\u0301n sonora?<\/p>\n<p>Olivia Milberg es poeta y tallerista. Public\u00f3 los libros Lobo de mar, por A\u00f1osluz Editora, y Cuarenta gotas diluidas en dos dedos de agua, por Promesa Editorial. Lleva adelante talleres donde explora las posibilidades sonoras de la escritura, entre otras cosas.<\/p>\n<p><span style=\"font-weight: 400;\"><\/span><\/p>[\/et_pb_text][et_pb_code _builder_version=\u00bb4.25.2&#8243; _module_preset=\u00bbdefault\u00bb text_orientation=\u00bbcenter\u00bb global_colors_info=\u00bb{}\u00bb]  <a href=\"https:\/\/www.legislatura.gob.ar\/\" target=\"_blank\" rel=\"noopener\"><!-- [et_pb_line_break_holder] -->    <img data-recalc-dims=\"1\" decoding=\"async\" src=\"https:\/\/i0.wp.com\/imgur.com\/rLjBjeU.png?w=1080&#038;ssl=1\" alt=\"Legislatura-1\"><!-- [et_pb_line_break_holder] -->  <\/a>[\/et_pb_code][et_pb_text admin_label=\u00bbParrafo 1&#8243; _builder_version=\u00bb4.27.0&#8243; text_font=\u00bbTitillium Web||||||||\u00bb text_text_color=\u00bb#000000&#8243; text_font_size=\u00bb20px\u00bb text_line_height=\u00bb2em\u00bb custom_margin=\u00bb2%|0%|2%|0%|true|true\u00bb custom_padding=\u00bb||0px|0px||\u00bb text_font_size_tablet=\u00bb17px\u00bb text_font_size_phone=\u00bb16px\u00bb text_font_size_last_edited=\u00bbon|phone\u00bb locked=\u00bboff\u00bb inline_fonts=\u00bbRubik,Alkalami,Titillium Web\u00bb global_colors_info=\u00bb{}\u00bb]<p><b><\/b><\/p>\n<p><b>\u00bfC\u00f3mo empieza tu relaci\u00f3n con el sonido como herramienta?<\/b><\/p>\n<p><b><\/b><\/p>\n<p><span style=\"font-weight: 400;\">Mi pap\u00e1 es m\u00fasico, as\u00ed que cuando era chica hab\u00eda siempre mucha m\u00fasica, mucha gente improvisando en mi casa. Hab\u00eda siempre reuni\u00f3n, era un punto de encuentro. Y cuando apareci\u00f3 <\/span><i><span style=\"font-weight: 400;\">Popstars <\/span><\/i><span style=\"font-weight: 400;\">en la tele, hac\u00edamos <\/span><i><span style=\"font-weight: 400;\">Popstars<\/span><\/i><span style=\"font-weight: 400;\">.<\/span><\/p>\n<p><span style=\"font-weight: 400;\"><\/span><\/p>\n<p><b>\u00bfQu\u00e9 era?<\/b><\/p>\n<p><b><\/b><\/p>\n<p><span style=\"font-weight: 400;\">Era un reality que era un concurso donde las chicas se presentaban, hac\u00edan audiciones, iban pasando instancias y vos ve\u00edas como ellas iban quedando y pasando y finalmente terminaba en Bandana. Despu\u00e9s hicieron el de chicos con Mambr\u00fa, pero tuvo menos \u00e9xito.\u00a0<\/span><\/p>\n<p><span style=\"font-weight: 400;\"><\/span><\/p>\n<p><span style=\"font-weight: 400;\">Pero con el <\/span><i><span style=\"font-weight: 400;\">Popstars <\/span><\/i><span style=\"font-weight: 400;\">de las Bandana, en mi escuela jug\u00e1bamos todo el d\u00eda al <\/span><i><span style=\"font-weight: 400;\">Popstars. <\/span><\/i><span style=\"font-weight: 400;\">Hac\u00edamos audiciones entre nosotras, nos pon\u00edamos puntaje. Ah\u00ed empec\u00e9 a cantar un mont\u00f3n y empec\u00e9 a ir a clases de canto.\u00a0<\/span><\/p>\n<p><span style=\"font-weight: 400;\"><\/span><\/p>\n<p><b>\u00bfCu\u00e1l era tu canci\u00f3n de audici\u00f3n?<\/b><span style=\"font-weight: 400;\">\u00a0<\/span><\/p>\n<p><span style=\"font-weight: 400;\"><\/span><\/p>\n<p><span style=\"font-weight: 400;\">No s\u00e9, lo que se cantara en ese momento. Supongo que las de las Bandanas me gustar\u00edan, me gustaba un mont\u00f3n Shakira, Britney, ese repertorio. Tambi\u00e9n como mi pap\u00e1 era m\u00fasico ten\u00eda unas cosas muy de <\/span><i><span style=\"font-weight: 400;\">loser<\/span><\/i><span style=\"font-weight: 400;\">, tipo Oli es un viejo que ca\u00eda la audici\u00f3n de las <\/span><i><span style=\"font-weight: 400;\">Popstars <\/span><\/i><span style=\"font-weight: 400;\">en joda y cantaba, no s\u00e9, tipo Djavan (risas).\u00a0<\/span><\/p>\n<p><span style=\"font-weight: 400;\"><\/span><\/p>\n<p><span style=\"font-weight: 400;\">Ah\u00ed empec\u00e9 a tomar clases de canto, de m\u00fasica\u00a0 y de alguna cosa m\u00e1s de una mirada creativa con el sonido con Pepa Vivanco. Ella era profe en la EMPA y ten\u00eda a\u00f1os laburando con chicos y adolescentes. Era una masa, un amor total.<\/span><\/p>\n<p><span style=\"font-weight: 400;\"><\/span><\/p>\n<p><span style=\"font-weight: 400;\">Y me qued\u00e9 un rato con la m\u00fasica, pero lo que me pas\u00f3 en relaci\u00f3n al trabajo de la m\u00fasica y el trabajo con el sonido, creo es que no pude con la m\u00fasica hacer un trabajo tan creativo.<\/span><\/p>\n<p><span style=\"font-weight: 400;\"><\/span><\/p>\n<p><span style=\"font-weight: 400;\">Aprend\u00ed, estudi\u00e9 mucho canto, estudi\u00e9 Fedora, estudi\u00e9 todas esas cosas del cuerpo y del movimiento, estudi\u00e9 mucho canto con la l\u00ednea de Rabine, un mont\u00f3n. \u00c9l tiene una t\u00e9cnica que se llama canto funcional y trabaja un mont\u00f3n con la salud vocal. Yo me enganch\u00e9 mucho con ese lado. Y nunca pude\u2026 o sea, yo la m\u00fasica la dej\u00e9 porque nunca pude componer para m\u00ed.\u00a0<\/span><\/p>\n<p><span style=\"font-weight: 400;\"><\/span><\/p>\n<p><span style=\"font-weight: 400;\">Me gustaba cantar entonces interpretaba y cantaba en bandas y tambi\u00e9n labur\u00e9 con m\u00fasica en el proyecto de Orquesta Infanto-Juvenil del MTE. Digo, me relacion\u00e9 con la m\u00fasica de un mont\u00f3n de formas, pero creo que ah\u00ed hab\u00eda algo con lo creativo que se me escapaba. En un momento se me pas\u00f3 la calentura con la m\u00fasica, me desenamor\u00e9, me desenganch\u00e9, y paralelamente siempre le\u00ed bastante. No desde siempre porque me cost\u00f3 mucho aprender a leer a m\u00ed, de ni\u00f1a me cost\u00f3 y lo odiaba y me daba much\u00edsimo trabajo y le\u00eda muy mal en voz alta, entonces me daba mucha verg\u00fcenza. Me han dicho que soy disl\u00e9xica, mi pap\u00e1 es disl\u00e9xico, as\u00ed que puede ser. Capaz despu\u00e9s le\u00ed bastante como por venganza de eso, como que una vez que lo conquist\u00e9 le\u00ed sin parar. Y me encanta leer, me encanta leer en voz alta, pero de chica lo sufr\u00eda un mont\u00f3n, sobre todo sufr\u00eda que: \u201cche, ten\u00e9s once a\u00f1os y le\u00e9s como el orto, amiga. \u00bfQu\u00e9 le pasa? Qu\u00e9 boluda\u201d. (Risas)<\/span><\/p>\n<p><span style=\"font-weight: 400;\"><\/span><\/p>\n<p><span style=\"font-weight: 400;\">Despu\u00e9s agarrar un libro en mi casa y leerlo me daba tanto trabajo que me generaba rechazo. Creo que ah\u00ed lamentablemente algo de la verg\u00fcenza oper\u00f3 positivamente. Fue por la v\u00eda de la verg\u00fcenza, pero fue como \u201ctengo que practicar esto\u201d\u00a0 y ah\u00ed me recontra enganch\u00e9 leyendo. A partir de ah\u00ed le\u00ed un mont\u00f3n sin tomar tanto las riendas de escribir. Parecido a lo que me pasaba con la m\u00fasica, yo le\u00eda lo de los dem\u00e1s, no trabajaba tanto en producir lo propio.<\/span><\/p>\n<p><span style=\"font-weight: 400;\"><\/span><\/p>\n<p><b>Este momento de lectura \u00bfEs de lectura de narrativa o es ya de poes\u00eda?<\/b><\/p>\n<p><b><\/b><\/p>\n<p><span style=\"font-weight: 400;\">En su momento le\u00eda m\u00e1s narrativa, la poes\u00eda vino un poco despu\u00e9s. Y la poes\u00eda me habilit\u00f3 mucho la producci\u00f3n, la escritura. Cuando empec\u00e9 a leer poes\u00eda empec\u00e9 a escribir.<\/span><\/p>\n<p><span style=\"font-weight: 400;\"><\/span><\/p>\n<p><span style=\"font-weight: 400;\">Y empec\u00e9 a escribir furiosamente en un momento en el que me romp\u00ed una pierna.<\/span><\/p>\n<p><span style=\"font-weight: 400;\"><\/span><\/p>\n<p><span style=\"font-weight: 400;\">Me estaba colando al recital de los Chemical Brothers\u00a0 en un predio que se llamaba Al R\u00edo que hab\u00eda en Vicente L\u00f3pez. Ahora est\u00e1 diferente el predio, pero en ese momento, que el vial costero no estaba del todo terminado de construir, hab\u00eda unos espacios grandes de pastizal, de bald\u00edo, y hab\u00eda un gran play\u00f3n de estacionamiento vac\u00edo donde hac\u00edan festivales. Estaba en la calle con un amigo tomando una birra y se nos ocurri\u00f3 colarnos por ese lugar, encontramos un agujero en la cerca del pastizal y nos mandamos por ah\u00ed. Atravesando el pastizal me ca\u00ed en una zanja de desagote del r\u00edo y me romp\u00ed la tibia en cuatro, el peron\u00e9, me cort\u00e9 todos los ligamentos y hubo desarmamiento en la tibia, con lo cual hubo que reconstruirla. Estuve un a\u00f1o en reposo.\u00a0<\/span><\/p>\n<p><span style=\"font-weight: 400;\"><\/span><\/p>\n<p><span style=\"font-weight: 400;\">Me qued\u00f3 un l\u00edo b\u00e1rbaro en el pie, me qued\u00f3 un a\u00f1o que tuve que suspender much\u00edsimos planes y estuve obligada al reposo. Empec\u00e9 a escribir un mont\u00f3n en ese momento.<\/span><\/p>\n<p><span style=\"font-weight: 400;\"><\/span><\/p>\n<p><span style=\"font-weight: 400;\">Empec\u00e9 a leer con otra intensidad y con otra forma, cuando est\u00e1s escribiendo le\u00e9s con atenci\u00f3n a otras cosas. Las cosas que leo porque pienso que me van a ayudar a escribir las analizo un poco m\u00e1s, las analizo en su construcci\u00f3n tambi\u00e9n \u00bfQu\u00e9 es lo que me gusta de este texto? \u00bfQu\u00e9 recurso est\u00e1 poniendo o qu\u00e9 hay ah\u00ed?<\/span><\/p>\n<p><span style=\"font-weight: 400;\"><\/span><\/p>\n<p><span style=\"font-weight: 400;\">Y a veces no es una cosa tan clara como un recurso o una construcci\u00f3n, a veces son sensaciones. Si lees por placer o para chusmear que est\u00e1 haciendo tal o lo que sea, capaz que le das m\u00e1s derecho, te deslizas m\u00e1s por el texto.<\/span><span style=\"font-weight: 400;\"><\/span><\/p>\n<p><span style=\"font-weight: 400;\"><\/span><\/p>\n<p><b>\u00bfSe te traslada a otras cosas, a la m\u00fasica, las pel\u00edculas, esa manera de leer o se te queda en tu propio terreno?<\/b><\/p>\n<p><b><\/b><\/p>\n<p><span style=\"font-weight: 400;\">Lo tengo m\u00e1s en mi propio terreno que en otros, pero tambi\u00e9n se traslada. Tambi\u00e9n se traslada porque excepto que escribas sobre escribir, que es todo un universo enorme que no es el que a m\u00ed m\u00e1s me interesa, est\u00e1s escribiendo sobre cosas que pasan en la vida. Parece muy amplio lo que estoy diciendo, pero al fin y al cabo es una forma de mirar, es un <\/span><i><span style=\"font-weight: 400;\">c\u00f3mo voy a decir esto que pasa<\/span><\/i><span style=\"font-weight: 400;\">, qu\u00e9 palabras construyen este universo. Entonces eso que vos constru\u00eds muchas veces no viene de la literatura.<\/span><\/p>\n<p><span style=\"font-weight: 400;\"><\/span><\/p>\n<p><b>Este momento de primer contacto que me estabas contando es bastante aislado, vos con una pierna rota en tu casa. \u00bfHay un momento donde sal\u00eds a encontrarte con otra gente que estaba escribiendo, leyendo?\u00a0<\/b><\/p>\n<p><b><\/b><\/p>\n<p><span style=\"font-weight: 400;\">Re. En talleres, en la carrera de Artes de la Escritura en la UNA, en lecturas. Empec\u00e9 a escuchar lo que estaban haciendo otros. En lo que vos est\u00e1s pregunt\u00e1ndote por el sonido, creo que en las lecturas hay algo s\u00faper interesante, que es escuchar lo que est\u00e1n haciendo los otros y no necesariamente leer lo que est\u00e1n haciendo los otros. Escuchar lo que est\u00e1 haciendo alguien que por ah\u00ed no te comprar\u00edas el libro o no tiene un libro para que vos te compres o lo que sea, pero igual te est\u00e1 te est\u00e1 poniendo ah\u00ed algo de lo que hace. Y con qui\u00e9n podes dialogar despu\u00e9s tambi\u00e9n. Despu\u00e9s empec\u00e9 a hacer lecturas en mi casa.<\/span><\/p>\n<p><span style=\"font-weight: 400;\"><\/span><\/p>\n<p><b>Hay un salto ah\u00ed<\/b><span style=\"font-weight: 400;\">.<\/span><\/p>\n<p><span style=\"font-weight: 400;\"><\/span><\/p>\n<p><span style=\"font-weight: 400;\">S\u00ed, pero no s\u00e9 si fue un salto. No s\u00e9 si fue tanto un salto como s\u00ed una cosa que pas\u00f3 naturalmente. De leer y comentar, de escribir y querer que alguien te lea y te diga qu\u00e9 le pareci\u00f3, de la necesidad de dialogar. Empez\u00e1s a dialogar con gente, te empez\u00e1s a hacer amigues y despu\u00e9s los invit\u00e1s a comer a tu casa y termin\u00e1s leyendo y despu\u00e9s: \u201cche, armamos una lectura y que vengan tambi\u00e9n tus amigues\u201d.\u00a0 Es una cosa que para m\u00ed es muy natural, a las lecturas que hacemos en casa viene la gente que yo quiero y con la que yo dialogo, no viene la gente que leo necesariamente. Entonces viene a leer esa persona que puede ser mi amiga o puede ser alguien que viene a mi taller o puede ser alguien con quien yo hago cl\u00ednica o puede ser el novio de mi amigo. Gente que forma parte de mi de mi mapa afectivo. Es m\u00e1s una cosa de abrir la casa a una sociabilidad y que nos escuchemos.<\/span><b> \u00bfQu\u00e9 pasa con esas personas con las que cenamos, salimos a bailar, nos vamos de vacaciones, nos cruzamos en eventos? \u00bfQu\u00e9 hacen despu\u00e9s con todo eso que compartimos, con las cosas que pensamos juntos? Bueno, vuelven a su casa y escriben algo.\u00a0\u00a0<\/b><\/p>\n<p><b><\/b><\/p>\n<p><span style=\"font-weight: 400;\">Darnos ese momento de escuchar qu\u00e9 hacen esas personas con las que compartimos sociabilidad cuando est\u00e1n en soledad y produciendo.<\/span><\/p>\n<p><span style=\"font-weight: 400;\"><\/span><\/p>\n<p><b>\u00bfA vos te cambi\u00f3 mucho tu forma de escribir el hecho de estar haci\u00e9ndola en tu casa a hacerla circulando dentro de ese mundo de gente que te escuchaba?<\/b><span style=\"font-weight: 400;\">\u00a0<\/span><\/p>\n<p><span style=\"font-weight: 400;\"><\/span><\/p>\n<p><span style=\"font-weight: 400;\">S\u00ed. Yo nunca estuve muy sola escribiendo igual, no soy una persona muy solitaria en general. Existe esa imagen, existe esa idea de la persona sola escribiendo. Yo no la habito tanto porque a m\u00ed me cuesta mucho, pero de verdad. No es una cosa que digo tipo porque \u201chay que hacer alianzas comunitarias\u201d y no s\u00e9 qu\u00e9. O sea, me cuesta mucho pensar sola, posta. Me doy cuenta de un mont\u00f3n de cosas conversando.<\/span><\/p>\n<p><span style=\"font-weight: 400;\"><\/span><\/p>\n<p><span style=\"font-weight: 400;\">Entonces, cuando yo escribo algo ya se lo quiero mandar a alguien a ver qu\u00e9 dice, y tambi\u00e9n soy lectora de mucha gente. Hay mucha gente que me manda textos y que yo les comento y me re gusta meter mano adem\u00e1s y me gusta que me metan mano\u2026 (risas) en el texto.<\/span><\/p>\n<p><span style=\"font-weight: 400;\"><\/span><\/p>\n<p><span style=\"font-weight: 400;\">Me aburro sola. Leer sola s\u00ed es algo que hago mucho m\u00e1s que escribir.\u00a0<\/span><\/p>\n<p><span style=\"font-weight: 400;\"><\/span><\/p>\n<p><span style=\"font-weight: 400;\">Me encanta leer y comentar tambi\u00e9n, pero creo que es un 90% lo que leo sola y un 10% lo que comparto. Adem\u00e1s la gente me presta libros, me recomienda cosas y yo no las leo muchas veces. Tengo mi agenda y siento que esa no est\u00e1 tan compartida.<\/span><\/p>\n<p><span style=\"font-weight: 400;\"><\/span><\/p>\n<p><span style=\"font-weight: 400;\">En cambio, cuando escribo estoy ansiosa. Enseguida quiero mostrarlo, que alguien me diga algo, o lo llevo a una lectura, lo pruebo. Alguien me va a decir algo, aunque sea una careteada, aunque sea que me digan, \u00abAy, qu\u00e9 lindo\u201d. No importa, es alguien que escuch\u00f3. Simplemente saber que alguien escucha ya me hace editar en vivo. Editar en vivo obviamente es escribir en vivo, entonces siento que escribir lo hago muy poco sola. Bueno, ahora escribo con Pilar (Otero) a cuatro manos directamente. Mis textos no los escribo sola y adem\u00e1s intento escribir con otros.<\/span><\/p>\n<p><span style=\"font-weight: 400;\"><\/span><\/p>\n<p><b>Sobre empezar a leer poes\u00eda \u00bfQu\u00e9 lees? \u00bfDe qu\u00e9 est\u00e1n hablando? \u00bfQu\u00e9 es lo que te llama la atenci\u00f3n?<\/b><span style=\"font-weight: 400;\">\u00a0<\/span><\/p>\n<p><span style=\"font-weight: 400;\"><\/span><\/p>\n<p><span style=\"font-weight: 400;\">Siento que <\/span><b>me enamor\u00e9 mucho de textos muy sonoros y muy opacos. De repente me pareci\u00f3 que la poes\u00eda ten\u00eda una zona incre\u00edble que eran textos que me daba placer pasarlos por la lengua, m\u00e1s como si me los comiera que como si estuviera leyendo algo o entendiendo<\/b><span style=\"font-weight: 400;\">. Hab\u00eda un mont\u00f3n de poes\u00eda que yo no entend\u00eda nada por d\u00f3nde entrarle, pero me gustaba decirla en voz alta, c\u00f3mo sonaba, qu\u00e9 se repet\u00eda. Me gustaba no entender tambi\u00e9n. Despu\u00e9s la relaci\u00f3n con el entender me fue cambiando, al principio era \u201cqu\u00e9 placer esto, puedo leer\u201d.<\/span><\/p>\n<p><span style=\"font-weight: 400;\"><\/span><\/p>\n<p><span style=\"font-weight: 400;\">En ese momento, por ejemplo, me encantaba Bustriazo Ortiz y me aprend\u00eda los poemas de memoria. Es un pampeano que escribe unas cosas que dec\u00eds \u201c\u00bfqu\u00e9 chota dice esto?\u201d, inventa palabras y tiene un universo muy poco transparente, en el borde de lo que comunica y lo que no. No te digo ilegible, porque no, pero casi. Fascinada con Gertrude Stein tambi\u00e9n, otra que est\u00e1 de las chapas. Usa la lengua de una manera muy alejada de c\u00f3mo la usamos para comunicarnos, para traer un mensaje y d\u00e1rtelo. Muy lejos de un uso pr\u00e1ctico del lenguaje.<\/span><\/p>\n<p><span style=\"font-weight: 400;\"><\/span><\/p>\n<p><span style=\"font-weight: 400;\">Eso al principio me fascin\u00f3 porque entr\u00e9 en una de \u201cvengo usando el lenguaje por un carril mega estrecho super l\u00edmpido, ordenado, transparente, ahora lo voy a hacer concha\u201d. La posibilidad de armar nubarrones de avispas. Una cosa que se mueve, que significa una cosa si leo desde ac\u00e1 y otra cosa desde all\u00e1.<\/span><\/p>\n<p><span style=\"font-weight: 400;\"><\/span><\/p>\n<p><span style=\"font-weight: 400;\">Esa excitaci\u00f3n que me daba ese tipo de textos la sigo teniendo, pero fui encontr\u00e1ndole tambi\u00e9n el gusto a autores que trabajan el lenguaje con distorsiones m\u00e1s peque\u00f1as, cositas m\u00e1s sutiles en esa direcci\u00f3n.<\/span><\/p>\n<p><span style=\"font-weight: 400;\"><\/span><\/p>\n<p><span style=\"font-weight: 400;\">Tambi\u00e9n porque me fui enamorando mucho del corte de verso. Me parece que encontr\u00e9 en el corte de verso algo mucho m\u00e1s extendido en la poes\u00eda que las po\u00e9ticas que est\u00e1n paradas en un borde respecto de lo comunicable y lo que no se no comunica. El corte de verso me daba algo m\u00e1s sutil.<\/span><\/p>\n<p><span style=\"font-weight: 400;\"><\/span><\/p>\n<p><b>\u00bfQuer\u00e9s explicar a qu\u00e9 te refer\u00eds?<\/b><\/p>\n<p><b><\/b><\/p>\n<p><span style=\"font-weight: 400;\">Los textos que no son poes\u00eda se ordenan con un criterio normado, gramatical, sint\u00e1ctico. El punto, la coma, el punto y coma, la may\u00fascula. Todos esas herramientas, toda la puntuaci\u00f3n, son herramientas r\u00edtmicas y mel\u00f3dicas. Uno puede tener un texto muy musical trabajando con esas herramientas, pero siempre dentro de los l\u00edmites de la gram\u00e1tica. Vos igual no vas a poner la coma en cualquier lado, vas a tener que dejarla con las reglas del juego de la gram\u00e1tica. Ah\u00ed ten\u00e9s una normativa ordenando.<\/span><\/p>\n<p><span style=\"font-weight: 400;\"><\/span><\/p>\n<p><span style=\"font-weight: 400;\">Lo que te da el verso libre es la posibilidad de hacer una pausa que no tiene nada que ver con ninguna norma ni con ninguna bajada de nada. Entonces, vos pod\u00e9s meter una pausa en donde vos necesites esa pausa. Y esa pausa es r\u00edtmica, es mel\u00f3dica, es conceptual tambi\u00e9n. Es una suspensi\u00f3n.<\/span><\/p>\n<p><span style=\"font-weight: 400;\"><\/span><\/p>\n<p><span style=\"font-weight: 400;\">Puede ser mil cosas. Puede significar de cu\u00e1ntas maneras se te ocurra que vos pod\u00e9s armar un sistema con eso. Entonces, para m\u00ed, <\/span><b>la posibilidad de pausar por fuera de una l\u00f3gica, de una norma, me parece fabulosa. Me parece suficiente<\/b><span style=\"font-weight: 400;\">. Me parece suficiente para escribir as\u00ed y para leer eso. Hay algo ah\u00ed que no le tiene que rendir cuentas a ninguna regla de nada m\u00e1s que a lo que vos pongas a funcionar. Y lo que vos pones a funcionar puede ser puede ser el criterio que sea, porque me chupa un huevo, porque para m\u00ed ah\u00ed va.<\/span><\/p>\n<p><span style=\"font-weight: 400;\"><\/span><\/p>\n<p><b>Hay algo entre que esa herramienta tiene voltaje controlado y lo de las distorsiones peque\u00f1as.\u00a0 El corte de verso es una herramienta que puede ser usada para hacer cosas muy extra\u00f1as o muy peque\u00f1itas.<\/b><span style=\"font-weight: 400;\">\u00a0<\/span><\/p>\n<p><span style=\"font-weight: 400;\"><\/span><\/p>\n<p><span style=\"font-weight: 400;\">Totalmente, pero para m\u00ed hay algo en el corte de verso que, al rev\u00e9s que estos juegos opacos, logra comunicar m\u00e1s que la puntuaci\u00f3n. Porque es expresivo el corte de verso, hay una comunicaci\u00f3n m\u00e1s profunda que si no estuviera.<\/span><\/p>\n<p><span style=\"font-weight: 400;\"><\/span><\/p>\n<p><b>Te hab\u00eda le\u00eddo que hablabas de que el significado y el sonido de la palabra no son lo mismo y que el sonido tiene otras virtudes.<\/b><span style=\"font-weight: 400;\">\u00a0<\/span><\/p>\n<p><span style=\"font-weight: 400;\"><\/span><\/p>\n<p><span style=\"font-weight: 400;\">S\u00ed. O sea, el significado sem\u00e1ntico de la palabra, lo que esa palabra significa para un diccionario, y el sonido de la palabra, en principio van por carriles separados. Lo t\u00edpico de Saussure, que te dicen: \u00abbueno, \u00e1rbol suena \u00e1rbol y por otro lado un \u00e1rbol es un \u00e1rbol con un tronco, la copa y todo eso\u201d. Por ejemplo, ayer estaba tratando de escribir un poema y me encontr\u00e9 con un mont\u00f3n de palabras buen\u00edsimas tipo <\/span><i><span style=\"font-weight: 400;\">chasquido<\/span><\/i><span style=\"font-weight: 400;\">, <\/span><i><span style=\"font-weight: 400;\">crujido<\/span><\/i><span style=\"font-weight: 400;\">, que no van por carriles separados. <\/span><i><span style=\"font-weight: 400;\">Chasquido<\/span><\/i><span style=\"font-weight: 400;\"> podr\u00edas ser casi una onomatopeya. Entonces, con pinzas esto de que va por carriles separados. Pero <\/span><b>el sonido empuja el sentido de lo que estamos escribiendo. Si no, nos quedamos en unas lecturas muy mentales, muy conceptuales, como si no nos entraran por la oreja, por el ojo, como si no hubiera un efecto som\u00e1tico en escuchar algo, en decirlo.<\/b><\/p>\n<p><b><\/b><\/p>\n<p><span style=\"font-weight: 400;\">Como si no nos preocupara, cuando escribimos, armar sonoridades interesantes. Es algo que en cualquier correcci\u00f3n, la m\u00e1s b\u00e1sica, alguien te va a decir, \u00abNo, mira, esto es cacof\u00f3nico, sacalo.\u00bb Y bueno, eso es una una gentileza para con qui\u00e9n te va a leer, ponerle algo lindo en la oreja.<\/span><\/p>\n<p><span style=\"font-weight: 400;\"><\/span><\/p>\n<p><b>Entonces, hay muchos niveles en donde los textos significan. Uno es esta especie de danza de conceptos que se arma, otro es esa m\u00fasica que tienen las palabras, c\u00f3mo suenan, c\u00f3mo suenan entre s\u00ed, en qu\u00e9 sonidos insisten, d\u00f3nde no, qu\u00e9 acentuaciones.<\/b><\/p>\n<p><b><\/b><\/p>\n<p><b>Como todo eso arma una m\u00fasica que puede ser m\u00e1s fluida, m\u00e1s trancada, puede ser trancada y tener humor como los trabalenguas<\/b><span style=\"font-weight: 400;\">. Por ejemplo, \u201ctres tristes tigres tragan trigo en un trigal\u201d, ah\u00ed lo gracioso es que se te enriede la lengua. Tambi\u00e9n es gracioso que haya tres tristes tigres.<\/span><\/p>\n<p><span style=\"font-weight: 400;\"><\/span><\/p>\n<p><span style=\"font-weight: 400;\">Pero la imagen de que los tres tigres est\u00e1n tristes en un trigal existe porque existe la \u201ctr\u201d. Si no, no existe. Se le ocurre a alguien porque la sugiri\u00f3 el sonido. El sonido muchas veces trae im\u00e1genes incre\u00edbles.<\/span><\/p>\n<p><span style=\"font-weight: 400;\"><\/span><\/p>\n<p><span style=\"font-weight: 400;\">Despu\u00e9s est\u00e1n todas las estructuras gramaticales con las que pensamos y lo que esperamos que pase en una frase, todo eso tambi\u00e9n opera un mont\u00f3n. Si yo te digo \u201ccada vez que me sirvo agua\u201d, vos necesit\u00e1s, esper\u00e1s, que yo te diga algo m\u00e1s, porque si lo corto ah\u00ed te re cagu\u00e9, te dej\u00e9 pedaleando en el aire. Todo eso opera al mismo tiempo en un texto y sobre todo creo yo en la poes\u00eda.<\/span><\/p>\n<p><span style=\"font-weight: 400;\"><\/span><\/p>\n<p><b>\u00bfTe importa decir la verdad?<\/b><\/p>\n<p><b><\/b><\/p>\n<p><span style=\"font-weight: 400;\">Me interesa mucho m\u00e1s la construcci\u00f3n de un veros\u00edmil que los hechos de la realidad. Una vez mi vieja me llam\u00f3 para decirme que hab\u00eda le\u00eddo unos poemas m\u00edos que hab\u00edan salido en una antolog\u00eda y me dijo, \u00abvos sos una mentirosa.\u00bb Y yo tipo \u201co sea, s\u00ed. \u00a1Pero me form\u00e9, mam\u00e1!\u201d.<\/span><\/p>\n<p><span style=\"font-weight: 400;\"><\/span><\/p>\n<p><b>A veces mintiendo, es decir, armando unas im\u00e1genes o contando hechos que no sucedieron como los est\u00e1s contando, se expresa m\u00e1s f\u00e1cilmente algo que quer\u00e9s poner sobre la mesa, que si te contara las cosas como son.<\/b><\/p>\n<p><b><\/b><\/p>\n<p><span style=\"font-weight: 400;\">A veces las cosas como son no se entienden, generalmente no se entienden. Entonces no, la fidelidad a c\u00f3mo pasaron las cosas, no me interesa.<\/span><\/p>\n<p><span style=\"font-weight: 400;\"><\/span><\/p>\n<p><span style=\"font-weight: 400;\">Hoy estaba dando una cl\u00ednica y vino una persona con un texto. La escena era un cumplea\u00f1os y todos los nenes se re\u00edan y \u00e9l pon\u00eda en el poema \u201cy yo ten\u00eda los dientes picados\u00bb, entre otras cosas. Despu\u00e9s me dijo, \u00abno, Olivia, es que yo no ten\u00eda los dientes picados en realidad.\u00bb Y yo le digo \u00abno, no importa. Si vos no te pod\u00edas re\u00edr porque te daba verg\u00fcenza re\u00edrte, bueno, ten\u00edas los dientes picados\u201d. El que se quede con la superficialidad de que si los dientes estaban picados o no estaban picados, all\u00e1 esa persona. Que si las caries o no las caries, eso es un problema para el dentista. No para el lector.\u00a0<\/span><\/p>\n<p><span style=\"font-weight: 400;\"><\/span><\/p>\n<p><a href=\"https:\/\/revistaelcocodrilo.com\/cinco-poemas-de-olivia-milberg\/\"><b><i>Gato por libre<\/i><\/b><\/a><b> es un poema tuyo<\/b> <b>que es una especie de halago a la duda<\/b> <b>\u00bfc\u00f3mo opera eso en este universo?<\/b><\/p>\n<p><b><\/b><\/p>\n<p><span style=\"font-weight: 400;\">Bueno, me parece buen\u00edsimo traerlo a cuento de esto, es un poco eso y tambi\u00e9n a la confusi\u00f3n. A la duda, a la posibilidad de que nos vendan gato por liebre, de vender gato por liebre. La reivindicaci\u00f3n de mi derecho a vender gato por liebre cuando escribo (risas).<\/span><\/p>\n<p><span style=\"font-weight: 400;\"><\/span><\/p>\n<p><span style=\"font-weight: 400;\">A dudar y a dudar de lo que veo en un primer vistazo. Vos ves una liebre en primer vistazo y bueno, segundo vistazo es un gato, tercer vistazo eras vos en el espejo, cuarto vistazo, podemos seguir. Esa cosa desanclada de la imagen y del sentido me parece celebrable.\u00a0<\/span><\/p>\n<p><span style=\"font-weight: 400;\"><\/span><\/p>\n<p><b>Me gustar\u00eda hablar de internet, de varias cosas. Me interes\u00f3 mucho esto que hablabas de lo veros\u00edmil y lo real, que tiene mucho que ver con la forma en la que internet fue interviniendo en el lenguaje \u00bfC\u00f3mo lo ves vos eso?<\/b><\/p>\n<p><b><\/b><\/p>\n<p><span style=\"font-weight: 400;\">A ver, ac\u00e1 me pongo m\u00e1s ordenada que antes. Hay \u00e1mbitos y \u00e1mbitos, hay pactos y pactos. Cuando vos est\u00e1s leyendo una nota que se presenta como una nota period\u00edstica y lo que est\u00e1 diciendo es b\u00e1sicamente un bolazo, ah\u00ed hay una una traici\u00f3n al pacto porque uno espera de una nota period\u00edstica que s\u00ed le informe. Ya sabemos, con todas las distancias, la subjetividad y tal, pero hechos de la realidad, \u00bfno? Entonces, una <\/span><i><span style=\"font-weight: 400;\">fake news <\/span><\/i><span style=\"font-weight: 400;\">me parece que es una traici\u00f3n, ah\u00ed no me parece divertido como en un poema.\u00a0<\/span><\/p>\n<p><span style=\"font-weight: 400;\"><\/span><\/p>\n<p><span style=\"font-weight: 400;\">Siendo usuarios de una red hay m\u00e1s grises. Creo que tambi\u00e9n depende de en qu\u00e9 red social tenemos m\u00e1s permitidas las ficciones que en otras. En Twitter, por ejemplo, me parece que hay muchos usuarios que son claramente una construcci\u00f3n de un personaje aunque partamos de esa base en todas las redes.<\/span><\/p>\n<p><span style=\"font-weight: 400;\"><\/span><\/p>\n<p><span style=\"font-weight: 400;\">Tambi\u00e9n es importante que hoy por hoy participando de redes sociales ya tenemos bastante claro \u2013muches de nosotres, no s\u00e9 si es transversal generacionalmente\u2013 que ah\u00ed hay una construcci\u00f3n y entonces nos podemos divertir un poco con eso.\u00a0<\/span><\/p>\n<p><span style=\"font-weight: 400;\"><\/span><\/p>\n<p><span style=\"font-weight: 400;\">Despu\u00e9s sobre c\u00f3mo afecta al lenguaje, que pasa con internet como pasaba antes con otras cosas, lo que creo es que nos ha dado ciertos moldes. O sea, hay muchos modismos que son de internet pero eso no me interesa tanto, lo que me interesa es que, por ejemplo, yo tengo muchas amigas que usan mucho Twitter y ellas me hablan en <\/span><i><span style=\"font-weight: 400;\">tweet<\/span><\/i><span style=\"font-weight: 400;\">. Por un lado un molde puede ser como un soneto que dentro de \u00e9l se te pueden ocurrir cosas locas porque me da un espacio para rellenar y despu\u00e9s hay otra parte que es \u201camiga no est\u00e1s pudiendo pensar por fuera del molde\u201d. Eso lo observo, no s\u00e9 bien qu\u00e9 pienso de eso pero s\u00ed lo puedo reconocer. Gente que habla en <\/span><i><span style=\"font-weight: 400;\">tweet<\/span><\/i><span style=\"font-weight: 400;\"> y que piensa en <\/span><i><span style=\"font-weight: 400;\">tweet<\/span><\/i><span style=\"font-weight: 400;\">, probablemente. No lo s\u00e9, no me puedo meter en sus cabezas pero hay algo moldeado ah\u00ed.<\/span><\/p>\n<p><span style=\"font-weight: 400;\"><\/span><\/p>\n<p><b>La poes\u00eda tiene, creo yo, una relaci\u00f3n bastante \u00edntima \u00faltimamente con Instagram y con un tipo de poes\u00eda que difunde mucho, una manera de difundirla. En relaci\u00f3n a eso \u00bfqu\u00e9 pens\u00e1s?<\/b><\/p>\n<p><b><\/b><\/p>\n<p><span style=\"font-weight: 400;\">Voy a pensar ahora mientras hablamos, porque no tengo algo tan elaborado. Creo por un lado que hay una relaci\u00f3n que es an\u00e1loga a lo que habl\u00e1bamos de Twitter y con c\u00f3mo habla la gente.<\/span><\/p>\n<p><span style=\"font-weight: 400;\"><\/span><\/p>\n<p><span style=\"font-weight: 400;\">Por ah\u00ed hay gente que empez\u00f3 a escribir poes\u00eda con ese formato o que escribe, no s\u00e9 si empez\u00f3, adecuada ese formato. No lo conozco tanto ese terreno.<\/span><\/p>\n<p><span style=\"font-weight: 400;\"><\/span><\/p>\n<p><span style=\"font-weight: 400;\">A m\u00ed, particularmente, como usuaria de Instagram me costar\u00eda leer poes\u00eda <\/span><i><span style=\"font-weight: 400;\">scrolleando<\/span><\/i><span style=\"font-weight: 400;\">, pero como me cuesta leer cualquier cosa <\/span><i><span style=\"font-weight: 400;\">scrolleando <\/span><\/i><span style=\"font-weight: 400;\">y sin embargo lo hago. Consumo noticias <\/span><i><span style=\"font-weight: 400;\">scrolleando <\/span><\/i><span style=\"font-weight: 400;\">y a veces son noticias importantes y terribles y las consumo <\/span><i><span style=\"font-weight: 400;\">scrolleando <\/span><\/i><span style=\"font-weight: 400;\">y tambi\u00e9n veo que hacen mis amigues con un segundo de una <\/span><i><span style=\"font-weight: 400;\">story<\/span><\/i><span style=\"font-weight: 400;\">. Es una mediaci\u00f3n con la vida a veces.<\/span><\/p>\n<p><span style=\"font-weight: 400;\"><\/span><\/p>\n<p><span style=\"font-weight: 400;\">Pienso que la poes\u00eda puede entrar en ese reparto, pienso que no es la mejor manera ni de saber en qu\u00e9 andan tus amigues, ni de ponerte en tema con el genocidio de Palestina, ni de leer poes\u00eda. S\u00ed me parece una herramienta para los flyers. Una cosa r\u00e1pida, tal d\u00eda a tal hora y pasar afuera. Todo lo que es un poco m\u00e1s profundo que la info de un flyer a m\u00ed se me complica, es demasiado veloz.<\/span><\/p>\n<p><span style=\"font-weight: 400;\"><\/span><\/p>\n<p><b>He escuchado una acusaci\u00f3n o idea dar vueltas y es que se puso muy de moda la poes\u00eda del yo \u00bfVos qu\u00e9 pens\u00e1s de eso?<\/b><\/p>\n<p><b><\/b><\/p>\n<p><span style=\"font-weight: 400;\">Se pusieron muy de moda las escrituras del yo en general, en la poes\u00eda y en la narrativa, en todo el arco de la ficci\u00f3n. A m\u00ed me parece que no se pueden englobar a todas las escrituras en las que hay un <\/span><i><span style=\"font-weight: 400;\">yo <\/span><\/i><span style=\"font-weight: 400;\">implicado, mostrando una subjetividad, un <\/span><i><span style=\"font-weight: 400;\">yo <\/span><\/i><span style=\"font-weight: 400;\">que se podr\u00eda relacionar con el\u00a0 autor, como que hacen el mismo movimiento.<\/span><\/p>\n<p><span style=\"font-weight: 400;\"><\/span><\/p>\n<p><span style=\"font-weight: 400;\">Creo que hay algunas escrituras que hacen algo muy interesante con el <\/span><i><span style=\"font-weight: 400;\">yo, <\/span><\/i><span style=\"font-weight: 400;\">muy interesante con ese registro subjetivo, y que pueden hacer una reflexi\u00f3n desde ah\u00ed.<\/span><\/p>\n<p><span style=\"font-weight: 400;\"><\/span><\/p>\n<p><span style=\"font-weight: 400;\">Despu\u00e9s hay otras que s\u00ed responden a esta cosa de hacer el show de la propia propia vida, que eso s\u00ed es m\u00e1s similar a algo que nos pasa en redes, nos pasa en otros \u00e1mbitos. Hacer el show de la propia vida no est\u00e1 bueno.<\/span><\/p>\n<p><span style=\"font-weight: 400;\"><\/span><\/p>\n<p><span style=\"font-weight: 400;\">Depende de quien sea ese <\/span><i><span style=\"font-weight: 400;\">yo<\/span><\/i><span style=\"font-weight: 400;\">, no es todo lo mismo si digo \u201cyo y mi vida, vean y pasen, soy una chica cis blanca de Nu\u00f1ez o soy una trava negra migrante de La Boca\u201d. Son <\/span><i><span style=\"font-weight: 400;\">yos<\/span><\/i><span style=\"font-weight: 400;\"> que se relacionan con el mundo de formas diferentes y no digo que necesariamente una de esas dos posibilidades sea interesante y la otra no. Pero s\u00ed digo que no son todos lo mismo y que se los tacha como \u201cah, literatura del yo otra vez\u201d y ser\u00eda interesante ver qu\u00e9 hace esa literatura con ponerse en c\u00e1mara.<\/span><\/p>\n<p><span style=\"font-weight: 400;\"><\/span><\/p>\n<p><span style=\"font-weight: 400;\">Hay algo en las literaturas del yo que es muy potente, que es la posibilidad de un camino hacia la intimidad y que vale la pena recorrer. Es distinta la intimidad que hacer el espect\u00e1culo.<\/span><\/p>\n<p><span style=\"font-weight: 400;\"><\/span><\/p>\n<p><b>\u00bfC\u00f3mo es la distinci\u00f3n?<\/b><\/p>\n<p><b><\/b><\/p>\n<p><span style=\"font-weight: 400;\">Desde la intimidad podemos conectarnos emocionalmente de una forma. Y el espect\u00e1culo no nos conecta de la misma manera.<\/span><\/p>\n<p><span style=\"font-weight: 400;\"><\/span><\/p>\n<p><span style=\"font-weight: 400;\">Hay una forma egoc\u00e9ntrica de posicionar al <\/span><i><span style=\"font-weight: 400;\">yo <\/span><\/i><span style=\"font-weight: 400;\">que creo que no que no est\u00e1 buena porque no est\u00e1 bueno relacionarnos con nada poni\u00e9ndonos en el centro del universo. Nadie es el centro del universo, entonces cuando digo espect\u00e1culo me refiero a ponernos en ese lugar.<\/span><\/p>\n<p><span style=\"font-weight: 400;\"><\/span><\/p>\n<p><span style=\"font-weight: 400;\">Si el <\/span><i><span style=\"font-weight: 400;\">yo <\/span><\/i><span style=\"font-weight: 400;\">est\u00e1 en el centro por una cuesti\u00f3n egoc\u00e9ntrica, se cae y eso pasa mucho. Tambi\u00e9n pienso que hay un enviciamiento muy fuerte con el <\/span><i><span style=\"font-weight: 400;\">yo <\/span><\/i><span style=\"font-weight: 400;\">desde lo que habl\u00e1bamos de las redes hasta, ac\u00e1 capaz alguien me va a montar en un huevo, cosas como la astrolog\u00eda, la revoluci\u00f3n solar, h\u00e1blame de m\u00ed, de m\u00ed, de m\u00ed, de m\u00ed, de los astros para m\u00ed. No estoy diciendo que la astrolog\u00eda no sea v\u00e1lida, pero hay una forma de consumir eso que es <\/span><i><span style=\"font-weight: 400;\">h\u00e1blame de m\u00ed<\/span><\/i><span style=\"font-weight: 400;\">.<\/span><\/p>\n<p><span style=\"font-weight: 400;\"><\/span><\/p>\n<p><span style=\"font-weight: 400;\">Eso me impresiona. Sobre todo cuando ese \u201cm\u00ed\u201d es \u201cyo sola\u201d. Cuando me ubico en un lugar que incluye a otros, yo no estoy en el centro. Nunca. Entonces ah\u00ed est\u00e1 el problema, me parece. Cuando el <\/span><i><span style=\"font-weight: 400;\">yo <\/span><\/i><span style=\"font-weight: 400;\">abre un camino para la intimidad, ah\u00ed hay una una posibilidad de conectar emocionalmente diferente en ese sentido.<\/span><\/p>\n<p><span style=\"font-weight: 400;\"><\/span><\/p>\n<p><span style=\"font-weight: 400;\">Despu\u00e9s s\u00ed veo, por ejemplo, que a m\u00ed me llegan textos de gente que quiere corregir y publicar su diario \u00edntimo. Ya en una reflexi\u00f3n m\u00e1s liviana, pero \u00bfa qui\u00e9n le importa? Si vos sos una persona ordinaria con una vida ordinaria. La gente quiere leer el diario de Marilyn Monroe porque Marilyn Monroe era una figura p\u00fablica, entonces si despu\u00e9s tiene una vida ordinaria, cosa que no creo, eso nos interesa.<\/span><\/p>\n<p><span style=\"font-weight: 400;\"><\/span><\/p>\n<p><span style=\"font-weight: 400;\">Si vos sos un an\u00f3nimo pero te dedic\u00e1s a estudiar las profundidades marinas como nadie, sos un an\u00f3nimo, pero tu vida es extraordinaria, me interesa. Hay mucha gente que viene y me acerca su diario \u00edntimo para publicar desde lo ordinario y ah\u00ed tambi\u00e9n hay una cosa del yo en el centro, \u00bfno? \u201cYo voy a publicar mi intimidad\u201d. Bueno, ni idea (risas). Situar un poco al <\/span><i><span style=\"font-weight: 400;\">yo<\/span><\/i><span style=\"font-weight: 400;\">, \u00bfPor qu\u00e9 pens\u00e1s que es interesante esto? No porque tenga que ser excepcional \u00bfQui\u00e9n sos antes de empezar a hablar de vos? \u00bfVos en relaci\u00f3n con qu\u00e9? Tambi\u00e9n puede ser <\/span><i><span style=\"font-weight: 400;\">yo y los s\u00e1ndwiches de miga<\/span><\/i><span style=\"font-weight: 400;\">, porque soy una fan\u00e1tica y una conocedora y capaz que me dedico a cualquier otra cosa, pero la verdad que mi relaci\u00f3n con el s\u00e1ndwich de miga vale la pena ser contada y re. Re, por ah\u00ed ten\u00e9s una mirada nueva para aportar sobre el s\u00e1ndwich de miga y bienvenido sea. Pero bueno, enmarcar un poquito el <\/span><i><span style=\"font-weight: 400;\">yo <\/span><\/i><span style=\"font-weight: 400;\">antes de tir\u00e1rselo por la cabeza a todos los dem\u00e1s.<\/span><\/p>\n<p><span style=\"font-weight: 400;\"><\/span><\/p>\n<p><b>Me hac\u00eda acordar esto de la astrolog\u00eda, el tipo de persona que lo recibe y la que lo va a buscar, a esto de ser tu propio jefe y laburar en vos mismo. M\u00e1s all\u00e1 de que sean cosas muy distintas apelan a un mismo instinto.\u00a0<\/b><\/p>\n<p><b><\/b><\/p>\n<p><span style=\"font-weight: 400;\">S\u00ed, s\u00ed. Hacer un <\/span><i><span style=\"font-weight: 400;\">yo <\/span><\/i><span style=\"font-weight: 400;\">central todo el tiempo. Independiente de los dem\u00e1s, independiente de un contexto. Ah\u00ed se cae. Soy independiente de los dem\u00e1s, soy independiente de un contexto, no estoy poniendo el <\/span><i><span style=\"font-weight: 400;\">yo <\/span><\/i><span style=\"font-weight: 400;\">en relaci\u00f3n a una cosa, bye. No ten\u00e9s nada que decir. No tengo nada que escuchar de lo que vas a decir.<\/span><\/p>\n<p><span style=\"font-weight: 400;\"><\/span><\/p>\n<p><b>Tengo dos \u00faltimas preguntas. La primera, \u00bfvos te ubic\u00e1s dentro de una tradici\u00f3n de poetas?<\/b><\/p>\n<p><b><\/b><\/p>\n<p><span style=\"font-weight: 400;\">No como una tradici\u00f3n o un movimiento est\u00e9tico o una escuela. S\u00ed puedo encontrar filiaciones con poetas que a m\u00ed me interesan. Es que son miles, pero bueno, a ver, voy a nombrar algunos.<\/span><\/p>\n<p><span style=\"font-weight: 400;\"><\/span><\/p>\n<p><span style=\"font-weight: 400;\">Personas que me han hecho entender el ritmo y el sonido como lo entiendo, por ejemplo, Mirta Rosenberg, por ejemplo, Gertrude Stein, que la mencionamos hace un rato. Igual no escribo al modo de Gertrude Stein, pero algo de eso pregon\u00f3 muy fuerte en m\u00ed y me posibilit\u00f3 algo. Yo me muevo 1 cm y ella se va 20 millones de kil\u00f3metros, pero la conciencia de que hay 20 millones de kil\u00f3metros m\u00e1s all\u00e1 me la ha dado en parte Gertrude Stein. Me la ha dado Nestor Perlongher tambi\u00e9n, en otra zona.<\/span><\/p>\n<p><span style=\"font-weight: 400;\"><\/span><\/p>\n<p><span style=\"font-weight: 400;\">Parte de lo que habl\u00e1bamos del veros\u00edmil no realista y algo de narrar en el poema, me lo ha dado mucho la Marosa di Giorgio.<\/span><\/p>\n<p><span style=\"font-weight: 400;\"><\/span><\/p>\n<p><span style=\"font-weight: 400;\"><\/span><\/p>\n<p><span style=\"font-weight: 400;\">Algo de c\u00f3mo pensar al <\/span><i><span style=\"font-weight: 400;\">yo<\/span><\/i><span style=\"font-weight: 400;\">, por ejemplo, que me interesa, lo tiene Anne Carson, que tiene una cosa muy ensay\u00edstica en su poes\u00eda. Hay un <\/span><i><span style=\"font-weight: 400;\">yo <\/span><\/i><span style=\"font-weight: 400;\">muy implicado, pero es un <\/span><i><span style=\"font-weight: 400;\">yo <\/span><\/i><span style=\"font-weight: 400;\">que est\u00e1 pensando siempre su experiencia en relaci\u00f3n a otra cosa, a una lectura, a una relaci\u00f3n del yo con algo. En el caso de Anne Carson siempre es un objeto literario, el m\u00edo no necesariamente. Me est\u00e1 aportando un mont\u00f3n ahora desde la lectura y desde el conversar de poes\u00eda Andi Nachon.<\/span><\/p>\n<p><span style=\"font-weight: 400;\"><\/span><\/p>\n<p><span style=\"font-weight: 400;\"><\/span><\/p>\n<p><span style=\"font-weight: 400;\">Escribo con Pilar Otero, con lo cual ah\u00ed ya estamos contagi\u00e1ndonos y trafic\u00e1ndonos un mont\u00f3n de cosas entre las dos.\u00a0<\/span><\/p>\n<p><span style=\"font-weight: 400;\"><\/span><\/p>\n<p><span style=\"font-weight: 400;\"><\/span><\/p>\n<p><span style=\"font-weight: 400;\">Con Andrea Franco escribimos muy distinto, pero nos leemos entre nosotras y nos comentamos entre nosotras y eso yo creo que me educ\u00f3 la mano, un mont\u00f3n.<\/span><\/p>\n<p><span style=\"font-weight: 400;\"><\/span><\/p>\n<p><span style=\"font-weight: 400;\"><\/span><\/p>\n<p><span style=\"font-weight: 400;\">Arturo Carrera es una persona que me ha ayudado a hacer peque\u00f1os focos y grandes alejamientos. Los poemas ensay\u00edsticos de Mario Montalbetti me abrieron zonas tambi\u00e9n que me interesan. Pienso en Gambarotta. Hace poco me fascin\u00e9 por c\u00f3mo me re\u00eda con Fer Laguna.\u00a0<\/span><span style=\"font-weight: 400;\"><\/span><\/p>\n<p><span style=\"font-weight: 400;\"><\/span><\/p>\n<p><b>\u00bfPor qui\u00e9nes sonamos como sonamos?<\/b><b><\/b><\/p>\n<p><b><\/b><\/p>\n<p><span style=\"font-weight: 400;\">Por las bocinas, los p\u00e1jaros, el rumor constante de las heladeras, por la tele argentina desde la d\u00e9cada del 50 para ac\u00e1, por las pel\u00edculas dobladas al espa\u00f1ol neutro, por el tonito de las maestras de jard\u00edn, por lxs migrantes, por la conquista, por las lenguas originarias vivas y por las muertas, por la globalizaci\u00f3n, por el amaneramiento gay, porque no queremos sonar femeninas, por Madonna, Eva, Diana Bellessi, Nestor Perlongher y el encabalgamiento, porque queremos disimular, porque queremos aparentar, por Atahualpa Yupanqui, por Nelly Omar, por moda, por haber usado <\/span><i><span style=\"font-weight: 400;\">brackets<\/span><\/i><span style=\"font-weight: 400;\">, por tendencia al endecas\u00edlabo, por rencor a la rima. Por bailar al lado del parlante, por miedo al silencio, por cansancio, por el polvo, por la humedad, por la puna, porque estamos en crisis, porque estamos emocionadxs, por las contracturas y el bruxismo.<\/span><\/p>\n<ol start=\"40\"><\/ol>\n<p><span style=\"font-weight: 400;\"><\/span><\/p>[\/et_pb_text][et_pb_image src=\u00bbhttps:\/\/urbe.com.ar\/revista\/wp-content\/uploads\/2023\/05\/WhatsApp-Image-2023-03-13-at-16.37.45.jpeg\u00bb title_text=\u00bbWhatsApp Image 2023-03-13 at 16.37.45&#8243; align=\u00bbcenter\u00bb _builder_version=\u00bb4.26.0&#8243; _module_preset=\u00bbdefault\u00bb custom_margin=\u00bb3%||3%||true|false\u00bb global_colors_info=\u00bb{}\u00bb][\/et_pb_image][et_pb_blog fullwidth=\u00bboff\u00bb posts_number=\u00bb3&#8243; include_categories=\u00bbcurrent\u00bb meta_date=\u00bbj M,Y\u00bb excerpt_length=\u00bb80&#8243; show_author=\u00bboff\u00bb show_categories=\u00bboff\u00bb show_pagination=\u00bboff\u00bb masonry_tile_background_color=\u00bb#FFFFFF\u00bb disabled_on=\u00bbon|off|off\u00bb module_class=\u00bbpa-blog \u00bb _builder_version=\u00bb4.25.1&#8243; header_font=\u00bb|700|||||||\u00bb header_text_color=\u00bb#FFFFFF\u00bb header_font_size=\u00bb20px\u00bb body_font=\u00bb|600|||||||\u00bb body_text_color=\u00bb#FFFFFF\u00bb meta_text_color=\u00bb#FFFFFF\u00bb read_more_text_color=\u00bb#FFFFFF\u00bb background_color=\u00bb#FFFFFF\u00bb min_height=\u00bb100px\u00bb custom_margin=\u00bb0px||0%||false|false\u00bb custom_margin_tablet=\u00bb0%||||false|false\u00bb custom_margin_phone=\u00bb\u00bb custom_margin_last_edited=\u00bbon|desktop\u00bb custom_padding=\u00bb||0px|||\u00bb header_text_shadow_style=\u00bbpreset3&#8243; header_text_shadow_color=\u00bb#000000&#8243; body_text_shadow_style=\u00bbpreset3&#8243; body_text_shadow_color=\u00bb#000000&#8243; meta_text_shadow_style=\u00bbpreset3&#8243; meta_text_shadow_color=\u00bb#000000&#8243; border_color_all_image=\u00bb#FFFFFF\u00bb border_width_top_image=\u00bb2px\u00bb text_shadow_style=\u00bbpreset3&#8243; text_shadow_blur_strength=\u00bb0.54em\u00bb text_shadow_color=\u00bb#000000&#8243; global_colors_info=\u00bb{}\u00bb][\/et_pb_blog][et_pb_image src=\u00bbhttps:\/\/urbe.com.ar\/revista\/wp-content\/uploads\/2023\/05\/banner-escritores-copy.jpg\u00bb title_text=\u00bbbanner escritores copy\u00bb _builder_version=\u00bb4.21.0&#8243; _module_preset=\u00bbdefault\u00bb custom_margin=\u00bb15%||||false|false\u00bb global_colors_info=\u00bb{}\u00bb][\/et_pb_image][\/et_pb_column][\/et_pb_row][\/et_pb_section]\n","protected":false},"excerpt":{"rendered":"<p>Por <b>M\u00e1ximo Cant\u00f3n<\/b><\/p>\n","protected":false},"author":10,"featured_media":10881,"comment_status":"closed","ping_status":"closed","sticky":false,"template":"","format":"standard","meta":{"_et_pb_use_builder":"on","_et_pb_old_content":"","_et_gb_content_width":"1080","_jetpack_memberships_contains_paid_content":false,"footnotes":""},"categories":[26],"tags":[],"class_list":["post-10876","post","type-post","status-publish","format-standard","has-post-thumbnail","hentry","category-musica"],"yoast_head":"<!-- This site is optimized with the Yoast SEO plugin v27.5 - https:\/\/yoast.com\/product\/yoast-seo-wordpress\/ -->\n<title>Ruido Criollo #4: Entrevista a Olivia Milberg - Revista Urbe<\/title>\n<meta name=\"robots\" content=\"index, follow, max-snippet:-1, max-image-preview:large, max-video-preview:-1\" \/>\n<link rel=\"canonical\" href=\"https:\/\/urbe.com.ar\/revista\/ruido-criollo-4-entrevista-a-olivia-milberg\/\" \/>\n<meta property=\"og:locale\" content=\"es_ES\" \/>\n<meta property=\"og:type\" content=\"article\" \/>\n<meta property=\"og:title\" content=\"Ruido Criollo #4: Entrevista a Olivia Milberg - Revista Urbe\" \/>\n<meta property=\"og:description\" content=\"Por M\u00e1ximo Cant\u00f3n\" \/>\n<meta property=\"og:url\" content=\"https:\/\/urbe.com.ar\/revista\/ruido-criollo-4-entrevista-a-olivia-milberg\/\" \/>\n<meta property=\"og:site_name\" content=\"Revista Urbe\" \/>\n<meta property=\"article:published_time\" content=\"2025-04-24T04:25:23+00:00\" \/>\n<meta property=\"article:modified_time\" content=\"2025-04-24T04:25:24+00:00\" \/>\n<meta property=\"og:image\" content=\"https:\/\/urbe.com.ar\/revista\/wp-content\/uploads\/2025\/04\/miniatura--1024x922.webp\" \/>\n\t<meta property=\"og:image:width\" content=\"1024\" \/>\n\t<meta property=\"og:image:height\" content=\"922\" \/>\n\t<meta property=\"og:image:type\" content=\"image\/webp\" \/>\n<meta name=\"author\" content=\"Alejo Bernhardt\" \/>\n<meta name=\"twitter:card\" content=\"summary_large_image\" \/>\n<meta name=\"twitter:creator\" content=\"@Revistaurbe_\" \/>\n<meta name=\"twitter:site\" content=\"@Revistaurbe_\" \/>\n<meta name=\"twitter:label1\" content=\"Escrito por\" \/>\n\t<meta name=\"twitter:data1\" content=\"Alejo Bernhardt\" \/>\n\t<meta name=\"twitter:label2\" content=\"Tiempo de lectura\" \/>\n\t<meta name=\"twitter:data2\" content=\"26 minutos\" \/>\n<script type=\"application\/ld+json\" class=\"yoast-schema-graph\">{\"@context\":\"https:\\\/\\\/schema.org\",\"@graph\":[{\"@type\":\"Article\",\"@id\":\"https:\\\/\\\/urbe.com.ar\\\/revista\\\/ruido-criollo-4-entrevista-a-olivia-milberg\\\/#article\",\"isPartOf\":{\"@id\":\"https:\\\/\\\/urbe.com.ar\\\/revista\\\/ruido-criollo-4-entrevista-a-olivia-milberg\\\/\"},\"author\":{\"name\":\"Alejo Bernhardt\",\"@id\":\"https:\\\/\\\/urbe.com.ar\\\/revista\\\/#\\\/schema\\\/person\\\/4ddcf051fa628850264f4c6d61f63ee2\"},\"headline\":\"Ruido Criollo #4: Entrevista a Olivia Milberg\",\"datePublished\":\"2025-04-24T04:25:23+00:00\",\"dateModified\":\"2025-04-24T04:25:24+00:00\",\"mainEntityOfPage\":{\"@id\":\"https:\\\/\\\/urbe.com.ar\\\/revista\\\/ruido-criollo-4-entrevista-a-olivia-milberg\\\/\"},\"wordCount\":6765,\"image\":{\"@id\":\"https:\\\/\\\/urbe.com.ar\\\/revista\\\/ruido-criollo-4-entrevista-a-olivia-milberg\\\/#primaryimage\"},\"thumbnailUrl\":\"https:\\\/\\\/i0.wp.com\\\/urbe.com.ar\\\/revista\\\/wp-content\\\/uploads\\\/2025\\\/04\\\/miniatura-.webp?fit=2551%2C2297&ssl=1\",\"articleSection\":[\"M\u00daSICA\"],\"inLanguage\":\"es\"},{\"@type\":\"WebPage\",\"@id\":\"https:\\\/\\\/urbe.com.ar\\\/revista\\\/ruido-criollo-4-entrevista-a-olivia-milberg\\\/\",\"url\":\"https:\\\/\\\/urbe.com.ar\\\/revista\\\/ruido-criollo-4-entrevista-a-olivia-milberg\\\/\",\"name\":\"Ruido Criollo #4: Entrevista a Olivia Milberg - Revista Urbe\",\"isPartOf\":{\"@id\":\"https:\\\/\\\/urbe.com.ar\\\/revista\\\/#website\"},\"primaryImageOfPage\":{\"@id\":\"https:\\\/\\\/urbe.com.ar\\\/revista\\\/ruido-criollo-4-entrevista-a-olivia-milberg\\\/#primaryimage\"},\"image\":{\"@id\":\"https:\\\/\\\/urbe.com.ar\\\/revista\\\/ruido-criollo-4-entrevista-a-olivia-milberg\\\/#primaryimage\"},\"thumbnailUrl\":\"https:\\\/\\\/i0.wp.com\\\/urbe.com.ar\\\/revista\\\/wp-content\\\/uploads\\\/2025\\\/04\\\/miniatura-.webp?fit=2551%2C2297&ssl=1\",\"datePublished\":\"2025-04-24T04:25:23+00:00\",\"dateModified\":\"2025-04-24T04:25:24+00:00\",\"author\":{\"@id\":\"https:\\\/\\\/urbe.com.ar\\\/revista\\\/#\\\/schema\\\/person\\\/4ddcf051fa628850264f4c6d61f63ee2\"},\"breadcrumb\":{\"@id\":\"https:\\\/\\\/urbe.com.ar\\\/revista\\\/ruido-criollo-4-entrevista-a-olivia-milberg\\\/#breadcrumb\"},\"inLanguage\":\"es\",\"potentialAction\":[{\"@type\":\"ReadAction\",\"target\":[\"https:\\\/\\\/urbe.com.ar\\\/revista\\\/ruido-criollo-4-entrevista-a-olivia-milberg\\\/\"]}]},{\"@type\":\"ImageObject\",\"inLanguage\":\"es\",\"@id\":\"https:\\\/\\\/urbe.com.ar\\\/revista\\\/ruido-criollo-4-entrevista-a-olivia-milberg\\\/#primaryimage\",\"url\":\"https:\\\/\\\/i0.wp.com\\\/urbe.com.ar\\\/revista\\\/wp-content\\\/uploads\\\/2025\\\/04\\\/miniatura-.webp?fit=2551%2C2297&ssl=1\",\"contentUrl\":\"https:\\\/\\\/i0.wp.com\\\/urbe.com.ar\\\/revista\\\/wp-content\\\/uploads\\\/2025\\\/04\\\/miniatura-.webp?fit=2551%2C2297&ssl=1\",\"width\":2551,\"height\":2297},{\"@type\":\"BreadcrumbList\",\"@id\":\"https:\\\/\\\/urbe.com.ar\\\/revista\\\/ruido-criollo-4-entrevista-a-olivia-milberg\\\/#breadcrumb\",\"itemListElement\":[{\"@type\":\"ListItem\",\"position\":1,\"name\":\"Portada\",\"item\":\"https:\\\/\\\/urbe.com.ar\\\/revista\\\/\"},{\"@type\":\"ListItem\",\"position\":2,\"name\":\"Ruido Criollo #4: Entrevista a Olivia Milberg\"}]},{\"@type\":\"WebSite\",\"@id\":\"https:\\\/\\\/urbe.com.ar\\\/revista\\\/#website\",\"url\":\"https:\\\/\\\/urbe.com.ar\\\/revista\\\/\",\"name\":\"Revista Urbe\",\"description\":\"\",\"potentialAction\":[{\"@type\":\"SearchAction\",\"target\":{\"@type\":\"EntryPoint\",\"urlTemplate\":\"https:\\\/\\\/urbe.com.ar\\\/revista\\\/?s={search_term_string}\"},\"query-input\":{\"@type\":\"PropertyValueSpecification\",\"valueRequired\":true,\"valueName\":\"search_term_string\"}}],\"inLanguage\":\"es\"},{\"@type\":\"Person\",\"@id\":\"https:\\\/\\\/urbe.com.ar\\\/revista\\\/#\\\/schema\\\/person\\\/4ddcf051fa628850264f4c6d61f63ee2\",\"name\":\"Alejo Bernhardt\",\"image\":{\"@type\":\"ImageObject\",\"inLanguage\":\"es\",\"@id\":\"https:\\\/\\\/secure.gravatar.com\\\/avatar\\\/e17892015a0b2fe0e47a8387056c05584647b09de53f1ac00adae78b2f4fb443?s=96&d=mm&r=g\",\"url\":\"https:\\\/\\\/secure.gravatar.com\\\/avatar\\\/e17892015a0b2fe0e47a8387056c05584647b09de53f1ac00adae78b2f4fb443?s=96&d=mm&r=g\",\"contentUrl\":\"https:\\\/\\\/secure.gravatar.com\\\/avatar\\\/e17892015a0b2fe0e47a8387056c05584647b09de53f1ac00adae78b2f4fb443?s=96&d=mm&r=g\",\"caption\":\"Alejo Bernhardt\"},\"url\":\"https:\\\/\\\/urbe.com.ar\\\/revista\\\/author\\\/alejo-bernhardt\\\/\"}]}<\/script>\n<!-- \/ Yoast SEO plugin. -->","yoast_head_json":{"title":"Ruido Criollo #4: Entrevista a Olivia Milberg - Revista Urbe","robots":{"index":"index","follow":"follow","max-snippet":"max-snippet:-1","max-image-preview":"max-image-preview:large","max-video-preview":"max-video-preview:-1"},"canonical":"https:\/\/urbe.com.ar\/revista\/ruido-criollo-4-entrevista-a-olivia-milberg\/","og_locale":"es_ES","og_type":"article","og_title":"Ruido Criollo #4: Entrevista a Olivia Milberg - Revista Urbe","og_description":"Por M\u00e1ximo Cant\u00f3n","og_url":"https:\/\/urbe.com.ar\/revista\/ruido-criollo-4-entrevista-a-olivia-milberg\/","og_site_name":"Revista Urbe","article_published_time":"2025-04-24T04:25:23+00:00","article_modified_time":"2025-04-24T04:25:24+00:00","og_image":[{"width":1024,"height":922,"url":"https:\/\/urbe.com.ar\/revista\/wp-content\/uploads\/2025\/04\/miniatura--1024x922.webp","type":"image\/webp"}],"author":"Alejo Bernhardt","twitter_card":"summary_large_image","twitter_creator":"@Revistaurbe_","twitter_site":"@Revistaurbe_","twitter_misc":{"Escrito por":"Alejo Bernhardt","Tiempo de lectura":"26 minutos"},"schema":{"@context":"https:\/\/schema.org","@graph":[{"@type":"Article","@id":"https:\/\/urbe.com.ar\/revista\/ruido-criollo-4-entrevista-a-olivia-milberg\/#article","isPartOf":{"@id":"https:\/\/urbe.com.ar\/revista\/ruido-criollo-4-entrevista-a-olivia-milberg\/"},"author":{"name":"Alejo Bernhardt","@id":"https:\/\/urbe.com.ar\/revista\/#\/schema\/person\/4ddcf051fa628850264f4c6d61f63ee2"},"headline":"Ruido Criollo #4: Entrevista a Olivia Milberg","datePublished":"2025-04-24T04:25:23+00:00","dateModified":"2025-04-24T04:25:24+00:00","mainEntityOfPage":{"@id":"https:\/\/urbe.com.ar\/revista\/ruido-criollo-4-entrevista-a-olivia-milberg\/"},"wordCount":6765,"image":{"@id":"https:\/\/urbe.com.ar\/revista\/ruido-criollo-4-entrevista-a-olivia-milberg\/#primaryimage"},"thumbnailUrl":"https:\/\/i0.wp.com\/urbe.com.ar\/revista\/wp-content\/uploads\/2025\/04\/miniatura-.webp?fit=2551%2C2297&ssl=1","articleSection":["M\u00daSICA"],"inLanguage":"es"},{"@type":"WebPage","@id":"https:\/\/urbe.com.ar\/revista\/ruido-criollo-4-entrevista-a-olivia-milberg\/","url":"https:\/\/urbe.com.ar\/revista\/ruido-criollo-4-entrevista-a-olivia-milberg\/","name":"Ruido Criollo #4: Entrevista a Olivia Milberg - Revista Urbe","isPartOf":{"@id":"https:\/\/urbe.com.ar\/revista\/#website"},"primaryImageOfPage":{"@id":"https:\/\/urbe.com.ar\/revista\/ruido-criollo-4-entrevista-a-olivia-milberg\/#primaryimage"},"image":{"@id":"https:\/\/urbe.com.ar\/revista\/ruido-criollo-4-entrevista-a-olivia-milberg\/#primaryimage"},"thumbnailUrl":"https:\/\/i0.wp.com\/urbe.com.ar\/revista\/wp-content\/uploads\/2025\/04\/miniatura-.webp?fit=2551%2C2297&ssl=1","datePublished":"2025-04-24T04:25:23+00:00","dateModified":"2025-04-24T04:25:24+00:00","author":{"@id":"https:\/\/urbe.com.ar\/revista\/#\/schema\/person\/4ddcf051fa628850264f4c6d61f63ee2"},"breadcrumb":{"@id":"https:\/\/urbe.com.ar\/revista\/ruido-criollo-4-entrevista-a-olivia-milberg\/#breadcrumb"},"inLanguage":"es","potentialAction":[{"@type":"ReadAction","target":["https:\/\/urbe.com.ar\/revista\/ruido-criollo-4-entrevista-a-olivia-milberg\/"]}]},{"@type":"ImageObject","inLanguage":"es","@id":"https:\/\/urbe.com.ar\/revista\/ruido-criollo-4-entrevista-a-olivia-milberg\/#primaryimage","url":"https:\/\/i0.wp.com\/urbe.com.ar\/revista\/wp-content\/uploads\/2025\/04\/miniatura-.webp?fit=2551%2C2297&ssl=1","contentUrl":"https:\/\/i0.wp.com\/urbe.com.ar\/revista\/wp-content\/uploads\/2025\/04\/miniatura-.webp?fit=2551%2C2297&ssl=1","width":2551,"height":2297},{"@type":"BreadcrumbList","@id":"https:\/\/urbe.com.ar\/revista\/ruido-criollo-4-entrevista-a-olivia-milberg\/#breadcrumb","itemListElement":[{"@type":"ListItem","position":1,"name":"Portada","item":"https:\/\/urbe.com.ar\/revista\/"},{"@type":"ListItem","position":2,"name":"Ruido Criollo #4: Entrevista a Olivia Milberg"}]},{"@type":"WebSite","@id":"https:\/\/urbe.com.ar\/revista\/#website","url":"https:\/\/urbe.com.ar\/revista\/","name":"Revista Urbe","description":"","potentialAction":[{"@type":"SearchAction","target":{"@type":"EntryPoint","urlTemplate":"https:\/\/urbe.com.ar\/revista\/?s={search_term_string}"},"query-input":{"@type":"PropertyValueSpecification","valueRequired":true,"valueName":"search_term_string"}}],"inLanguage":"es"},{"@type":"Person","@id":"https:\/\/urbe.com.ar\/revista\/#\/schema\/person\/4ddcf051fa628850264f4c6d61f63ee2","name":"Alejo Bernhardt","image":{"@type":"ImageObject","inLanguage":"es","@id":"https:\/\/secure.gravatar.com\/avatar\/e17892015a0b2fe0e47a8387056c05584647b09de53f1ac00adae78b2f4fb443?s=96&d=mm&r=g","url":"https:\/\/secure.gravatar.com\/avatar\/e17892015a0b2fe0e47a8387056c05584647b09de53f1ac00adae78b2f4fb443?s=96&d=mm&r=g","contentUrl":"https:\/\/secure.gravatar.com\/avatar\/e17892015a0b2fe0e47a8387056c05584647b09de53f1ac00adae78b2f4fb443?s=96&d=mm&r=g","caption":"Alejo Bernhardt"},"url":"https:\/\/urbe.com.ar\/revista\/author\/alejo-bernhardt\/"}]}},"jetpack_featured_media_url":"https:\/\/i0.wp.com\/urbe.com.ar\/revista\/wp-content\/uploads\/2025\/04\/miniatura-.webp?fit=2551%2C2297&ssl=1","jetpack_sharing_enabled":true,"_links":{"self":[{"href":"https:\/\/urbe.com.ar\/revista\/wp-json\/wp\/v2\/posts\/10876","targetHints":{"allow":["GET"]}}],"collection":[{"href":"https:\/\/urbe.com.ar\/revista\/wp-json\/wp\/v2\/posts"}],"about":[{"href":"https:\/\/urbe.com.ar\/revista\/wp-json\/wp\/v2\/types\/post"}],"author":[{"embeddable":true,"href":"https:\/\/urbe.com.ar\/revista\/wp-json\/wp\/v2\/users\/10"}],"replies":[{"embeddable":true,"href":"https:\/\/urbe.com.ar\/revista\/wp-json\/wp\/v2\/comments?post=10876"}],"version-history":[{"count":4,"href":"https:\/\/urbe.com.ar\/revista\/wp-json\/wp\/v2\/posts\/10876\/revisions"}],"predecessor-version":[{"id":10883,"href":"https:\/\/urbe.com.ar\/revista\/wp-json\/wp\/v2\/posts\/10876\/revisions\/10883"}],"wp:featuredmedia":[{"embeddable":true,"href":"https:\/\/urbe.com.ar\/revista\/wp-json\/wp\/v2\/media\/10881"}],"wp:attachment":[{"href":"https:\/\/urbe.com.ar\/revista\/wp-json\/wp\/v2\/media?parent=10876"}],"wp:term":[{"taxonomy":"category","embeddable":true,"href":"https:\/\/urbe.com.ar\/revista\/wp-json\/wp\/v2\/categories?post=10876"},{"taxonomy":"post_tag","embeddable":true,"href":"https:\/\/urbe.com.ar\/revista\/wp-json\/wp\/v2\/tags?post=10876"}],"curies":[{"name":"wp","href":"https:\/\/api.w.org\/{rel}","templated":true}]}}