{"id":10645,"date":"2025-02-05T13:34:29","date_gmt":"2025-02-05T13:34:29","guid":{"rendered":"https:\/\/urbe.com.ar\/revista\/?p=10645"},"modified":"2025-02-11T14:06:03","modified_gmt":"2025-02-11T14:06:03","slug":"el-fin-de-la-derrota-abrir-el-futuro","status":"publish","type":"post","link":"https:\/\/urbe.com.ar\/revista\/el-fin-de-la-derrota-abrir-el-futuro\/","title":{"rendered":"El fin de la derrota: abrir el futuro"},"content":{"rendered":"\n[et_pb_section fb_built=\u00bb1&#8243; disabled_on=\u00bbon|on|on\u00bb _builder_version=\u00bb4.20.0&#8243; disabled=\u00bbon\u00bb global_colors_info=\u00bb{}\u00bb][et_pb_row _builder_version=\u00bb4.27.0&#8243; global_colors_info=\u00bb{}\u00bb][et_pb_column type=\u00bb4_4&#8243; _builder_version=\u00bb4.18.0&#8243; global_colors_info=\u00bb{}\u00bb][et_pb_text disabled_on=\u00bbon|on|on\u00bb _builder_version=\u00bb4.27.4&#8243; text_font=\u00bbTitillium Web||||||||\u00bb custom_padding=\u00bb||28px|||\u00bb hover_enabled=\u00bb0&#8243; disabled=\u00bbon\u00bb global_colors_info=\u00bb{}\u00bb sticky_enabled=\u00bb0&#8243;]<b>Alejo Di Risio<\/b> | Hace m\u00e1s de un a\u00f1o que la extrema derecha lleg\u00f3 al poder y, entre tanta ejecuci\u00f3n, a\u00fan no hay reacci\u00f3n. Entre diagn\u00f3sticos y derrotismo, la pregunta sigue en el aire: \u00bfC\u00f3mo se construye una respuesta? \u00bfCu\u00e1l es el rumbo que va a tomar la indignaci\u00f3n? \u00bfQui\u00e9nes seremos cuando la historia\u00a0vuelva\u00a0a\u00a0girar?[\/et_pb_text][\/et_pb_column][\/et_pb_row][\/et_pb_section][et_pb_section fb_built=\u00bb1&#8243; _builder_version=\u00bb4.25.1&#8243; _module_preset=\u00bbdefault\u00bb global_colors_info=\u00bb{}\u00bb][et_pb_row _builder_version=\u00bb4.25.1&#8243; background_color=\u00bb#ffffff\u00bb background_enable_image=\u00bboff\u00bb custom_margin=\u00bb40px||20px||false|false\u00bb custom_padding=\u00bb12px|0px|12px|0px|true|true\u00bb border_color_left=\u00bb#F2AF46&#8243; global_colors_info=\u00bb{}\u00bb][et_pb_column type=\u00bb4_4&#8243; _builder_version=\u00bb4.25.1&#8243; global_colors_info=\u00bb{}\u00bb][et_pb_text _builder_version=\u00bb4.27.4&#8243; text_font=\u00bbTitillium Web|600|||||||\u00bb text_text_color=\u00bb#000000&#8243; text_font_size=\u00bb18px\u00bb header_text_align=\u00bbcenter\u00bb header_font_size=\u00bb35px\u00bb background_color=\u00bbRGBA(255,255,255,0)\u00bb background_layout=\u00bbdark\u00bb custom_margin=\u00bb2%|0%|2%|0%|true|true\u00bb custom_padding=\u00bb|||0px|false|false\u00bb hover_enabled=\u00bb0&#8243; border_color_all=\u00bb#F2AF46&#8243; global_colors_info=\u00bb{}\u00bb sticky_enabled=\u00bb0&#8243;]<p style=\"text-align: center;\"><strong>Pol\u00edtica<\/strong><\/p>[\/et_pb_text][et_pb_text _builder_version=\u00bb4.27.4&#8243; text_font=\u00bbTitillium Web|300|||||||\u00bb text_text_color=\u00bb#000000&#8243; text_line_height=\u00bb1.4em\u00bb header_font=\u00bb|700||on|||||\u00bb header_text_align=\u00bbleft\u00bb header_text_color=\u00bb#272727&#8243; header_font_size=\u00bb4em\u00bb background_color=\u00bbRGBA(255,255,255,0)\u00bb background_enable_image=\u00bboff\u00bb background_size=\u00bbstretch\u00bb width=\u00bb100%\u00bb module_alignment=\u00bbleft\u00bb min_height=\u00bb71px\u00bb custom_margin=\u00bb3%|0%|3%|0%|true|true\u00bb custom_padding=\u00bb|0%|0px|0%|false|true\u00bb global_colors_info=\u00bb{}\u00bb]<h1 style=\"text-align: center;\">EL FIN DE LA DERROTA: ABRIR EL FUTURO<\/h1>[\/et_pb_text][et_pb_text admin_label=\u00bbParrafo 1&#8243; _builder_version=\u00bb4.27.2&#8243; text_font=\u00bbTitillium Web||||||||\u00bb text_text_color=\u00bb#000000&#8243; text_font_size=\u00bb20px\u00bb text_line_height=\u00bb2em\u00bb custom_margin=\u00bb2%|0%|2%|0%|true|true\u00bb custom_padding=\u00bb||0px|||\u00bb text_font_size_tablet=\u00bb17px\u00bb text_font_size_phone=\u00bb16px\u00bb text_font_size_last_edited=\u00bbon|phone\u00bb locked=\u00bboff\u00bb inline_fonts=\u00bbRubik,Alkalami,Titillium Web\u00bb global_colors_info=\u00bb{}\u00bb]<div class=\"\" data-block=\"true\" data-editor=\"fd8ss\" data-offset-key=\"4uv8o-0-0\">\n<div data-offset-key=\"4uv8o-0-0\" class=\"public-DraftStyleDefault-block public-DraftStyleDefault-ltr\" style=\"text-align: center;\">Hace m\u00e1s de un a\u00f1o que la extrema derecha lleg\u00f3 al poder y, entre tanta ejecuci\u00f3n, a\u00fan no hay reacci\u00f3n. Entre diagn\u00f3sticos y derrotismo, la pregunta sigue en el aire: \u00bfC\u00f3mo se construye una respuesta? \u00bfCu\u00e1l es el rumbo que va a tomar la indignaci\u00f3n? \u00bfQui\u00e9nes seremos cuando la historia\u00a0vuelva\u00a0a\u00a0girar?<\/div>\n<\/div>\n<div class=\"\" data-block=\"true\" data-editor=\"fd8ss\" data-offset-key=\"5shq2-0-0\" style=\"text-align: center;\"><\/div>[\/et_pb_text][et_pb_text _builder_version=\u00bb4.27.4&#8243; text_font=\u00bbTitillium Web||||||||\u00bb text_text_color=\u00bb#000000&#8243; text_font_size=\u00bb18px\u00bb header_text_align=\u00bbcenter\u00bb header_text_color=\u00bb#057E7E\u00bb header_font_size=\u00bb35px\u00bb text_orientation=\u00bbjustified\u00bb custom_margin=\u00bb2%|0%|2%|0%|true|true\u00bb custom_padding=\u00bb|||0px|false|false\u00bb border_color_left=\u00bb#F2AF46&#8243; global_colors_info=\u00bb{}\u00bb]<p style=\"text-align: center;\">Por <b>Alejo Di Risio<\/b><br \/><span style=\"font-size: medium;\">05 de febrero de 2025<\/span><\/p>[\/et_pb_text][et_pb_image src=\u00bbhttps:\/\/urbe.com.ar\/revista\/wp-content\/uploads\/2025\/02\/banner-web.png\u00bb title_text=\u00bbbanner-web\u00bb disabled_on=\u00bboff|off|off\u00bb _builder_version=\u00bb4.27.4&#8243; background_enable_image=\u00bboff\u00bb custom_margin=\u00bb5%|0%|5%|0%|true|true\u00bb custom_margin_tablet=\u00bb\u00bb custom_margin_phone=\u00bb6%|0%|6%|0%|true|true\u00bb custom_margin_last_edited=\u00bbon|phone\u00bb hover_enabled=\u00bb0&#8243; global_colors_info=\u00bb{}\u00bb sticky_enabled=\u00bb0&#8243;][\/et_pb_image][\/et_pb_column][\/et_pb_row][et_pb_row column_structure=\u00bb1_2,1_2&#8243; use_custom_gutter=\u00bbon\u00bb gutter_width=\u00bb1&#8243; make_equal=\u00bbon\u00bb disabled_on=\u00bbon|off|off\u00bb _builder_version=\u00bb4.16&#8243; background_color=\u00bb#ffffff\u00bb custom_margin=\u00bb||||false|false\u00bb custom_padding=\u00bb0px||0px|0%|false|false\u00bb locked=\u00bboff\u00bb global_colors_info=\u00bb{}\u00bb][et_pb_column type=\u00bb1_2&#8243; _builder_version=\u00bb4.16&#8243; background_color=\u00bb#ffffff\u00bb custom_css_main_element=\u00bbwidth: 60% !important;\u00bb global_colors_info=\u00bb{}\u00bb][\/et_pb_column][et_pb_column type=\u00bb1_2&#8243; _builder_version=\u00bb4.16&#8243; custom_css_main_element=\u00bb||width: 40% !important;||margin: auto;||display: flex;||flex-direction: column;||justify-content: center;\u00bb global_colors_info=\u00bb{}\u00bb][et_pb_code _builder_version=\u00bb4.16&#8243; text_orientation=\u00bbcenter\u00bb module_alignment=\u00bbcenter\u00bb custom_margin=\u00bb2%||2%||true|false\u00bb custom_padding=\u00bb|6.7%||6.7%|false|true\u00bb global_colors_info=\u00bb{}\u00bb]<div class=\"addtoany_shortcode\"><div class=\"a2a_kit a2a_kit_size_32 addtoany_list\" data-a2a-url=\"https:\/\/urbe.com.ar\/revista\/el-fin-de-la-derrota-abrir-el-futuro\/\" data-a2a-title=\"El fin de la derrota: abrir el futuro\"><a class=\"a2a_button_facebook\" href=\"https:\/\/www.addtoany.com\/add_to\/facebook?linkurl=https%3A%2F%2Furbe.com.ar%2Frevista%2Fel-fin-de-la-derrota-abrir-el-futuro%2F&amp;linkname=El%20fin%20de%20la%20derrota%3A%20abrir%20el%20futuro\" title=\"Facebook\" rel=\"nofollow noopener\" target=\"_blank\"><\/a><a class=\"a2a_button_whatsapp\" href=\"https:\/\/www.addtoany.com\/add_to\/whatsapp?linkurl=https%3A%2F%2Furbe.com.ar%2Frevista%2Fel-fin-de-la-derrota-abrir-el-futuro%2F&amp;linkname=El%20fin%20de%20la%20derrota%3A%20abrir%20el%20futuro\" title=\"WhatsApp\" rel=\"nofollow noopener\" target=\"_blank\"><\/a><a class=\"a2a_button_twitter\" href=\"https:\/\/www.addtoany.com\/add_to\/twitter?linkurl=https%3A%2F%2Furbe.com.ar%2Frevista%2Fel-fin-de-la-derrota-abrir-el-futuro%2F&amp;linkname=El%20fin%20de%20la%20derrota%3A%20abrir%20el%20futuro\" title=\"Twitter\" rel=\"nofollow noopener\" target=\"_blank\"><\/a><a class=\"a2a_button_email\" href=\"https:\/\/www.addtoany.com\/add_to\/email?linkurl=https%3A%2F%2Furbe.com.ar%2Frevista%2Fel-fin-de-la-derrota-abrir-el-futuro%2F&amp;linkname=El%20fin%20de%20la%20derrota%3A%20abrir%20el%20futuro\" title=\"Email\" rel=\"nofollow noopener\" target=\"_blank\"><\/a><a class=\"a2a_button_copy_link\" href=\"https:\/\/www.addtoany.com\/add_to\/copy_link?linkurl=https%3A%2F%2Furbe.com.ar%2Frevista%2Fel-fin-de-la-derrota-abrir-el-futuro%2F&amp;linkname=El%20fin%20de%20la%20derrota%3A%20abrir%20el%20futuro\" title=\"Copy Link\" rel=\"nofollow noopener\" target=\"_blank\"><\/a><\/div><\/div>[\/et_pb_code][\/et_pb_column][\/et_pb_row][et_pb_row use_custom_gutter=\u00bbon\u00bb gutter_width=\u00bb1&#8243; make_equal=\u00bbon\u00bb disabled_on=\u00bboff|on|on\u00bb _builder_version=\u00bb4.16&#8243; background_color=\u00bb#ffffff\u00bb custom_margin=\u00bb||||false|false\u00bb custom_padding=\u00bb0px||0px|0%|false|false\u00bb locked=\u00bboff\u00bb global_colors_info=\u00bb{}\u00bb][et_pb_column type=\u00bb4_4&#8243; _builder_version=\u00bb4.16&#8243; background_color=\u00bb#ffffff\u00bb global_colors_info=\u00bb{}\u00bb][et_pb_code disabled_on=\u00bboff|off|off\u00bb _builder_version=\u00bb4.16&#8243; _module_preset=\u00bbdefault\u00bb text_orientation=\u00bbcenter\u00bb width=\u00bb100%\u00bb width_tablet=\u00bb\u00bb width_phone=\u00bb100%\u00bb width_last_edited=\u00bbon|phone\u00bb max_width=\u00bb100%\u00bb max_width_tablet=\u00bb\u00bb max_width_phone=\u00bb\u00bb max_width_last_edited=\u00bbon|tablet\u00bb module_alignment=\u00bbright\u00bb custom_margin_tablet=\u00bb\u00bb custom_margin_phone=\u00bb\u00bb custom_margin_last_edited=\u00bbon|phone\u00bb module_alignment_tablet=\u00bb\u00bb module_alignment_phone=\u00bbcenter\u00bb module_alignment_last_edited=\u00bbon|desktop\u00bb global_colors_info=\u00bb{}\u00bb]<div class=\"addtoany_shortcode\"><div class=\"a2a_kit a2a_kit_size_32 addtoany_list\" data-a2a-url=\"https:\/\/urbe.com.ar\/revista\/el-fin-de-la-derrota-abrir-el-futuro\/\" data-a2a-title=\"El fin de la derrota: abrir el futuro\"><a class=\"a2a_button_facebook\" href=\"https:\/\/www.addtoany.com\/add_to\/facebook?linkurl=https%3A%2F%2Furbe.com.ar%2Frevista%2Fel-fin-de-la-derrota-abrir-el-futuro%2F&amp;linkname=El%20fin%20de%20la%20derrota%3A%20abrir%20el%20futuro\" title=\"Facebook\" rel=\"nofollow noopener\" target=\"_blank\"><\/a><a class=\"a2a_button_whatsapp\" href=\"https:\/\/www.addtoany.com\/add_to\/whatsapp?linkurl=https%3A%2F%2Furbe.com.ar%2Frevista%2Fel-fin-de-la-derrota-abrir-el-futuro%2F&amp;linkname=El%20fin%20de%20la%20derrota%3A%20abrir%20el%20futuro\" title=\"WhatsApp\" rel=\"nofollow noopener\" target=\"_blank\"><\/a><a class=\"a2a_button_twitter\" href=\"https:\/\/www.addtoany.com\/add_to\/twitter?linkurl=https%3A%2F%2Furbe.com.ar%2Frevista%2Fel-fin-de-la-derrota-abrir-el-futuro%2F&amp;linkname=El%20fin%20de%20la%20derrota%3A%20abrir%20el%20futuro\" title=\"Twitter\" rel=\"nofollow noopener\" target=\"_blank\"><\/a><a class=\"a2a_button_email\" href=\"https:\/\/www.addtoany.com\/add_to\/email?linkurl=https%3A%2F%2Furbe.com.ar%2Frevista%2Fel-fin-de-la-derrota-abrir-el-futuro%2F&amp;linkname=El%20fin%20de%20la%20derrota%3A%20abrir%20el%20futuro\" title=\"Email\" rel=\"nofollow noopener\" target=\"_blank\"><\/a><a class=\"a2a_button_copy_link\" href=\"https:\/\/www.addtoany.com\/add_to\/copy_link?linkurl=https%3A%2F%2Furbe.com.ar%2Frevista%2Fel-fin-de-la-derrota-abrir-el-futuro%2F&amp;linkname=El%20fin%20de%20la%20derrota%3A%20abrir%20el%20futuro\" title=\"Copy Link\" rel=\"nofollow noopener\" target=\"_blank\"><\/a><\/div><\/div>[\/et_pb_code][\/et_pb_column][\/et_pb_row][et_pb_row _builder_version=\u00bb4.25.1&#8243; background_color=\u00bb#ffffff\u00bb width=\u00bb100%\u00bb custom_padding=\u00bb0px||3px|0px||\u00bb global_colors_info=\u00bb{}\u00bb][et_pb_column type=\u00bb4_4&#8243; _builder_version=\u00bb4.25.1&#8243; global_colors_info=\u00bb{}\u00bb][et_pb_text admin_label=\u00bbParrafo 1&#8243; _builder_version=\u00bb4.27.0&#8243; text_font=\u00bbTitillium Web||||||||\u00bb text_text_color=\u00bb#000000&#8243; text_font_size=\u00bb20px\u00bb text_line_height=\u00bb2em\u00bb custom_margin=\u00bb2%|0%|2%|0%|true|true\u00bb custom_padding=\u00bb||0px|0px||\u00bb text_font_size_tablet=\u00bb17px\u00bb text_font_size_phone=\u00bb16px\u00bb text_font_size_last_edited=\u00bbon|phone\u00bb locked=\u00bboff\u00bb inline_fonts=\u00bbRubik,Alkalami,Titillium Web\u00bb global_colors_info=\u00bb{}\u00bb]<p><span style=\"font-size: large;\"><b>ELLOS\u00a0<\/b><\/span><\/p>\n<p><span style=\"font-weight: 400; font-size: large;\"><\/span><\/p>\n<p><span style=\"font-weight: 400; font-size: large;\">Hace m\u00e1s de un a\u00f1o que la extrema derecha lleg\u00f3 al poder en Argentina. A pesar de que pasa el tiempo, todav\u00eda estamos de cara. Sorpresa, caretas, sin entender. Las hip\u00f3tesis y teor\u00edas sobre por qu\u00e9 llegamos ac\u00e1 siguen resonando. En las pantallas, en las conversaciones y en las roscas suenan variaciones de las mismas preguntas \u00bfC\u00f3mo fue que llegamos hasta ac\u00e1? \u00bfVamos a poder salir? \u00bfCu\u00e1nto falta?\u00a0<\/span><\/p>\n<p><span style=\"font-weight: 400; font-size: large;\"><\/span><\/p>\n<p><span style=\"font-weight: 400; font-size: large;\"><\/span><\/p>\n<p><span style=\"font-weight: 400; font-size: large;\">Que si fue la inflaci\u00f3n o los incels. Que si es #TendenciaMundial. Los medios normalizaron, los streamers banalizaron. La mano del Partido Militar. Fue la crisis, esa que ya ni sabemos desde hace cu\u00e1nto viene y que tampoco entendemos bien c\u00f3mo ser\u00eda su final. Fue alg\u00fan gato de los que Alberto llev\u00f3 a la casta rosada. Fue ese gato an\u00f3nimo que quiso que le digan elle. Fue el mismo gato de siempre. Sobr\u00f3 kirchnerismo. Falt\u00f3 Cristina. Falt\u00f3 kirchnerismo. Fueron (los) tibios, fueron los gorilas. Falt\u00f3 territorio, calle y\/o tik tok. Eran los porte\u00f1os; son los cordobeses, ser\u00e1n los venezolanos. Todas las anteriores.\u00a0<\/span><\/p>\n<p><span style=\"font-weight: 400; font-size: large;\"><\/span><\/p>\n<p><span style=\"font-weight: 400; font-size: large;\"><\/span><\/p>\n<p><span style=\"font-size: large;\"><span style=\"font-weight: 400;\">Y mientras tanto la derecha ejecuta. Extrema, ultra, gritona, ruidosa, rabiosa. Boluda y violenta: satura y sobreinforma. Te invita a pelear, pero si acept\u00e1s corre. Cryptotinchos que sue\u00f1an con emanciparse de la vida mula porque no quieren laburar. Quieren ser <\/span><i><span style=\"font-weight: 400;\">influencers, brokers, traders, grinders, chads. <\/span><\/i><span style=\"font-weight: 400;\">No demandan la precariedad que Argentina les oferta. Desean la emancipaci\u00f3n, aman la guita y esforzarse por ella, pero odian pensarse como trabajadores. Impugnan jubilarse y odian aportar. Saben que la guerra entre capital y trabajo la gan\u00f3 el capital. Para los problemas del capitalismo tard\u00edo, proponen dejar atr\u00e1s a la democracia. Fascismo para pocos, antes que desigualdad para muchos. Estafa piramidal antes que escasez.<\/span><\/span><\/p>\n<p><span style=\"font-size: large;\"><span style=\"font-weight: 400;\"><\/span><\/span><\/p>\n<p><span style=\"font-size: large;\"><span style=\"font-weight: 400;\"><\/span><\/span><\/p>\n<p><span style=\"font-weight: 400; font-size: large;\">Modelos de masculinidad pusil\u00e1nime, fr\u00e1gil. Necesitaban que se validara su dolor, que les confesaran que era real, que les dieran un abrazo y les dijeran que no es su culpa. Se pensaron v\u00edctimas cuando el feminismo los moraliz\u00f3, y apostaron por tierra arrasada antes que ser el \u00faltimo orej\u00f3n. Prefirieron creer que no eran ellos, sino que era Soros. Culpan al DNI no binarix de no haber alcanzado a tener su guarida fiscal. Compensan impotencia pol\u00edtica con venganza financiera. Parece que estuvieran a punto de componer un movimiento, pero son s\u00f3lo muchos individuos. Se piensan solos, autosuficientes, flashean Lobo de Wall Street. Luchan y luchar\u00e1n por su derecho inalienable a devenir Marcos Galperin.\u00a0<\/span><\/p>\n<p><span style=\"font-weight: 400; font-size: large;\"><\/span><\/p>\n<p><span style=\"font-weight: 400; font-size: large;\"><\/span><\/p>\n<p><span style=\"font-weight: 400; font-size: large;\">El Estado al cual le exigimos, al cual definimos como responsable, hoy, nos odia. Este \u00faltimo a\u00f1o se institucionaliz\u00f3 el desprecio por las banderas de la pol\u00edtica. Enarbolan la de la escuela de Chicago, santificando a una econom\u00eda abstracta e irreal como superior. Exorcizan la sensaci\u00f3n de fracaso, de rezago. Microdosean odio para rellenar resentimiento. Disfrazan pol\u00edtica de identidad.<\/span><\/p>\n<p><b style=\"font-size: large;\"><\/b><\/p>\n<p><b style=\"font-size: large;\"><\/b><\/p>\n<p><b style=\"font-size: large;\"><\/b><\/p>\n<p><b style=\"font-size: large;\"><\/b><\/p>\n<p><b style=\"font-size: large;\">\u00bfNOSOTRXS?<\/b><\/p>\n<p><b style=\"font-size: large;\"><\/b><\/p>\n<p><span style=\"font-weight: 400; font-size: large;\">En la selva, lo que no se mueve se muere. O se convierte en presa o muere de hambre. Parece haber estabilidad. Hay hambre.<\/span><\/p>\n<p><span style=\"font-weight: 400; font-size: large;\"><\/span><\/p>\n<p><span style=\"font-weight: 400; font-size: large;\">Los primeros meses hubo un desfile medi\u00e1tico de or\u00e1culos colapsistas. Pero esto no se cay\u00f3 por su propio peso, dio para m\u00e1s y no hubo estallido.\u00a0 Despu\u00e9s de los idus de marzo, la sensaci\u00f3n de que se pod\u00eda batallar gente gritona de redes con gente gritona de redes perdi\u00f3 \u00edmpetu. Pregonar verdades mesi\u00e1nicas no funcion\u00f3. Hubo m\u00e1s sensaci\u00f3n de desamparo, de soledad. Derrotismo y desmovilizaci\u00f3n. La confirmaci\u00f3n de que no hab\u00eda una reacci\u00f3n inmediata invit\u00f3 a asumir el duelo de lo quedaba atr\u00e1s. Pasamos de discutir ingreso universal b\u00e1sico a ver en vivo c\u00f3mo esterilizan la potencia estatal. C\u00f3mo desfinancian el paisaje de instituciones, personas y conocimientos conocido como Estado. Todo edificio se puede reconstruir, y toda instituci\u00f3n restituir. Pero para nuevas instituciones se necesitan nuevos planos de obra.\u00a0<\/span><\/p>\n<p><span style=\"font-weight: 400; font-size: large;\"><\/span><\/p>\n<p><span style=\"font-weight: 400; font-size: large;\">Desestabiliza lo que d\u00e1bamos por asumido, nos deja derrotados, desahuciados. El regodeo de la crueldad nos toma por sorpresa. No el de un pu\u00f1adito de gritones y pusil\u00e1nimes, sino el de la tribuna que los festeja. Duele.\u00a0<\/span><\/p>\n<p><span style=\"font-weight: 400; font-size: large;\"><\/span><\/p>\n<p><span style=\"font-weight: 400; font-size: large;\">Tal vez la mayor herida es la social, la sensible. Que confiaba que el pueblo argentino ten\u00eda la paz social inscripta como acuerdo com\u00fan. Que exist\u00eda en la voluntad popular un horizonte compartido de bienestar, de igualdad. Con instituciones que, con todas sus falencias, fueran construyendo cada vez m\u00e1s esa sociedad. Pero no es s\u00f3lo la econom\u00eda lo que est\u00e1 en crisis, es el entramado de valores sociales \u00bfHay un nosotrxs?<\/span><\/p>\n<p><span style=\"font-weight: 400; font-size: large;\"><\/span><\/p>\n<p><span style=\"font-weight: 400; font-size: large;\">Cada vez m\u00e1s trabajadorxs no se identifican como tales, ni con sus compatriotas. A veces ni siquiera quienes tienen mejoras materiales con paritarias se identifican en las luchas colectivas. Se las ve parte de una estructura a la cual no quieren abonar ni pertenecer. Las entienden parte de una pol\u00edtica, que no representa, y por ende no convoca.\u00a0<\/span><\/p>\n<p><span style=\"font-weight: 400; font-size: large;\"><\/span><\/p>\n<p><span style=\"font-size: large;\"><span style=\"font-weight: 400;\">Con la toxificaci\u00f3n de las redes, la provocaci\u00f3n se ha algoritmizado. Nos llevan a\u00f1os de TikTok de ventaja y el gen militante se come todas las pelotas. Sin granjas de bots, publicidad, o presupuesto \u00bfC\u00f3mo se renueva la potencia pol\u00edtica desde lo micro? \u00bfCuando finalmente se reorganice lo popular, habr\u00e1 oposici\u00f3n consolidada? \u00bfHasta d\u00f3nde la llevamos? \u00bfA cuantxs les va a pintar la salida solitaria de <\/span><i><span style=\"font-weight: 400;\">luigimangionearla<\/span><\/i><span style=\"font-weight: 400;\">? \u00bfc\u00f3mo retomar la beligerancia sin convertirse en un promotor de las hostilidades? \u00bfTenemos un derecho a la violencia? La democracia no la ejerce nadie, no se cuida sola. Funciona por oposici\u00f3n de intereses \u00bfQui\u00e9n va a emerger antagonista a la extrema derecha como ordenador del sistema pol\u00edtico?\u00a0<\/span><\/span><\/p>\n<p><span style=\"font-size: large;\"><span style=\"font-weight: 400;\"><\/span><\/span><\/p>\n<p><span style=\"font-weight: 400; font-size: large;\">Esos resortes de la institucionalidad democr\u00e1tica \u00bfest\u00e1n aqu\u00ed con nosotrxs? \u00bfO en el Congreso que no lo iba a dejar? Al principio la calle respiraba odio, y ellos parasitan indignaci\u00f3n. Libran una guerra santa contra un Estado ineficiente, pero no culpable. Aunque mucha de la indignaci\u00f3n es compartida: nos prometieron que con democracia se com\u00eda, se educaba y se curaba. Pero los descargos de ira que vimos fueron err\u00e1ticos. Algunos brotes, algunos fusibles. Pero sueltos, atomizados, fundamentalmente individuales. En f\u00edsica, cuando las mol\u00e9culas vibran para lados distintos, aumenta la temperatura de un objeto, pero este no se mueve. Y as\u00ed estuvimos, quietos y calientes. Si al menos explot\u00e1ramos juntxs habr\u00eda 2001. Pero implotar en soledad no aglutina, no convoca, ni genera comunidad. La voluntad de dosmilunearla parece quedar en el pasado.\u00a0<\/span><\/p>\n<p><span style=\"font-weight: 400; font-size: large;\"><\/span><\/p>\n<p><span style=\"font-weight: 400; font-size: large;\">Tardamos, pero entendimos. La extrema derecha, sus formas, pr\u00e1cticas y la identidad que pregonan, est\u00e1n plantadas. No se la combatir\u00e1 con amor, ni diplomacia. La informaci\u00f3n y los datos no atraviesan el griter\u00edo de insultos, y nos invitan a que nos convirtamos en v\u00edctimas antes que en antagonistas. Cap\u00edtulo aparte para periodistas y medios que insisten con prestar micr\u00f3fono a argumentos fascistoides sin poder contextualizarlos como tales. Antes dec\u00edamos \u201cal fascismo no se lo discute, se lo combate\u201d. Ahora diremos \u201cno alimentar al troll\u201d.\u00a0<\/span><\/p>\n<p><span style=\"font-weight: 400; font-size: large;\"><\/span><\/p>\n<p><span style=\"font-size: large;\"><span style=\"font-weight: 400;\">Pero es esa indignaci\u00f3n ca\u00f3tica y err\u00e1tica la que la extrema derecha sabe capitalizar mejor que nadie. La aspira como un chute y la canaliza a su favor. Deslegitima, denigra, contesta, <\/span><i><span style=\"font-weight: 400;\">baitea<\/span><\/i><span style=\"font-weight: 400;\">. Sabe que la falta de visi\u00f3n com\u00fan, deja la individualidad ca\u00f3tica a merced. Y de la falta de planificaci\u00f3n del pueblo se benefician quienes m\u00e1s planifican. Los que m\u00e1s que nadie aman al Estado, que lo seducen y le vac\u00edan las arcas. El poder real.\u00a0<\/span><\/span><\/p>\n<p><span style=\"font-size: large;\"><span style=\"font-weight: 400;\"><\/span><\/span><\/p>\n<p><span style=\"font-weight: 400; font-size: large;\">Las cuentas entraron en rojo, las puteadas se disiparon. Defender lo que todav\u00eda es motivo de orgullo, se combina con indignaci\u00f3n por sus ofensivas \u00bfCu\u00e1nta de la indignaci\u00f3n que fogoneamos sigue capitalizando la extrema derecha? \u00bfQui\u00e9n cosecha la potencia pol\u00edtica cuando suenan las cacerolas? Empujar gente al borde del estallido s\u00f3lo deja una direcci\u00f3n para avanzar. Y ellos se alimentan de los microestallidos, de lo desorganizado. En la marea de individuos pueden gobernar, dirigir la ira de unos contra otros.\u00a0<\/span><\/p>\n<p><span style=\"font-weight: 400; font-size: large;\"><\/span><\/p>\n<p><span style=\"font-weight: 400; font-size: large;\">Cuanto menos solos estamos, menos miedo tenemos. Hay potencia pol\u00edtica en el pueblo y en lo popular, s\u00f3lo que estuvo descansando, esperando, craneando. Pero termin\u00f3 de duelar la expectativa de un cambio radical, de la \u00e9pica de una resistencia. Ahora quiere activar y busca d\u00f3nde.\u00a0<\/span><\/p>\n<p><span style=\"font-weight: 400; font-size: large;\"><\/span><\/p>\n<p><span style=\"font-weight: 400; font-size: large;\">Huele a sed de acci\u00f3n. Las militancias silvestres asoman la cabeza, buscan rumbo, expanden campo de acci\u00f3n. Se buscan referentes, liderazgos, mariscales, bastones \u00bfQu\u00e9 puede darle rumbo a la sed que fluye por las capilaridades subterr\u00e1neas? <\/span><\/p>\n<p><b style=\"font-size: large;\"><\/b><\/p>\n<p><b style=\"font-size: large;\"><\/b><\/p>\n<p><b style=\"font-size: large;\"><\/b><\/p>\n<p><b style=\"font-size: large;\"><\/b><\/p>\n<p><b style=\"font-size: large;\">DEVENIR ANTAGONISTAS, SER ENEMIGOS<\/b><span style=\"font-size: large;\"><b><\/b><\/span><\/p>\n<p><b style=\"font-size: large;\"><\/b><\/p>\n<p><span style=\"font-weight: 400; font-size: large;\">Hay procesos llegando a su final. La sensaci\u00f3n es de cambio de \u00e9poca. Hubo angustias que se hicieron carne en los cuerpos, en las cuentas bancarias, en quienes fingieron cordura. Pero los cuerpos sanan, se recomponen, procesan. La derrota no se borra, pero la sensaci\u00f3n de derrotismo si. Pensamos que la cat\u00e1strofe pol\u00edtica era el final, pero no hay final. El futuro es infinito.<\/span><\/p>\n<p><span style=\"font-weight: 400; font-size: large;\"><\/span><\/p>\n<p><span style=\"font-weight: 400; font-size: large;\">Poco se ha resistido con aguante, m\u00e1s con resignaci\u00f3n. Pocas trincheras, muchos repliegues. Las redes se debilitan, pero las comunidades salen a buscar solidaridad. Si ellos son la reacci\u00f3n al feminismo \u00bfc\u00f3mo va a ser la reacci\u00f3n a la reacci\u00f3n al feminismo?. Pareciera que despu\u00e9s de la derrota, el derrotismo tambi\u00e9n est\u00e1 llegando a su final. Devenir antagonistas a la ultraderecha. Que no haya una respuesta a ellos, sino que construyamos una ofensiva nuestra.<\/span><\/p>\n<p><span style=\"font-weight: 400; font-size: large;\"><\/span><\/p>\n<p><span style=\"font-weight: 400; font-size: large;\">Venimos de un a\u00f1o de puro diagn\u00f3stico y pocas respuestas. Hab\u00eda que construir el rompecabezas, que abordar la multidimensionalidad, los pliegues. Fall\u00f3 la comunicaci\u00f3n, no hay duda. Los efectos especiales no te salvan de un mal guion. Fall\u00f3 la capacidad de la pol\u00edtica para transformar las vidas de las personas. Y s\u00f3lo ellos se radicalizaron, de este lado no hay ultras, ni siquiera un rumbo com\u00fan. Los manuales de pol\u00edtica cl\u00e1sica no explican c\u00f3mo recorrer los actuales territorios digitales-subjetivos-pol\u00edticos. Insistir con correrse a la derecha para prevenir que llegue la derecha no interpela.\u00a0<\/span><\/p>\n<p><span style=\"font-weight: 400; font-size: large;\"><\/span><\/p>\n<p><span style=\"font-weight: 400; font-size: large;\">\u00bfY la dirigencia a qui\u00e9n dirige? \u00bfDesde qu\u00e9 palacio es que \u201cbaja\u201d al territorio? \u00bfEst\u00e1 hecha de moral esa altura que los separa? \u00bfSon acad\u00e9micos esos escalones que los elevan del territorio? Si piensan que no son de ac\u00e1, gobiernen sus oficinas de Puerto Madero. No importa cu\u00e1nto se recorra, siempre se es visitante donde no se habita. No pensarse dentro del pa\u00eds los acerca m\u00e1s a quienes se creen due\u00f1os de un pa\u00eds que odian. No ignoren, ni renieguen. Vengan, ac\u00e1 estamos, traiganse una sillita, les prestamos la reposera. Permitan el arraigo, hagan amistades. Construyan comunidad, necesitamos componernos como enemigos.<\/span><\/p>\n<p><span style=\"font-weight: 400; font-size: large;\"><\/span><\/p>\n<p><span style=\"font-weight: 400; font-size: large;\">Si la moral progresista fracas\u00f3, indign\u00f3, ofendi\u00f3 \u00bfdesde d\u00f3nde construimos \u00e9ticas que construyan bienestar colectivo? Me perdonen, pero la bandera de que vivamos bien, todxs, vidas plenas, felices, gozosas, no la pienso bajar. Aunque fuera cierto que se puede ser feliz en soledad, ni pienso intentarlo. Necesitamos m\u00e1s im\u00e1genes de futuro que nos puedan hacer salir de este presente. Derrotar esa invisible barrera que bloquea pensamiento y acci\u00f3n de la que hablaba Mark Fisher. La comunidad puede ser un gran acto inicial de insurrecci\u00f3n ante tanto terror.<\/span><\/p>\n<p><span style=\"font-weight: 400; font-size: large;\"><\/span><\/p>\n<p><span style=\"font-weight: 400; font-size: large;\">No quiero que pisen el pasto, quiero que recorran los pastizales. Que los sientan propios, que los quieran proteger y reproducir. Su parquizado color verde country no pincha, gasta agua, est\u00e1 fumigado. No permite que nuevas hierbas asomen cuando m\u00e1s las necesitamos. En nuestro ecosistema de representaciones, las nativas son orgullo, nunca yuyo. Las nuevas referencias que ordenen, que nucleen, que permitan salir de la recuperaci\u00f3n a la potencia pol\u00edtica, que la empujen a devenir y componerse antagonista de las fuerzas que nos vienen a destruir. Combatir activamente la resignaci\u00f3n que nos lleva a la autodestrucci\u00f3n. La pulsi\u00f3n de colapso s\u00f3lo lo acelera.\u00a0<\/span><\/p>\n<p><span style=\"font-weight: 400; font-size: large;\"><\/span><\/p>\n<p><span style=\"font-weight: 400; font-size: large;\">Declararnos enemigos. De lo que ellos representan, de la resignaci\u00f3n, de lo que deshumaniza y ataca. Encarnar antagonismos conscientes, colectivos, radicales. Combatir al odio, desterrar la crueldad.<\/span><span style=\"font-size: large;\"><span style=\"font-weight: 400;\"> <\/span><\/span><\/p>\n<p><span style=\"font-weight: 400;\"><\/span><\/p>[\/et_pb_text][et_pb_code _builder_version=\u00bb4.25.2&#8243; _module_preset=\u00bbdefault\u00bb text_orientation=\u00bbcenter\u00bb global_colors_info=\u00bb{}\u00bb]  <a href=\"https:\/\/www.legislatura.gob.ar\/\" target=\"_blank\" rel=\"noopener\"><!-- [et_pb_line_break_holder] -->    <img data-recalc-dims=\"1\" decoding=\"async\" src=\"https:\/\/i0.wp.com\/imgur.com\/rLjBjeU.png?w=1080&#038;ssl=1\" alt=\"Legislatura-1\"><!-- [et_pb_line_break_holder] -->  <\/a>[\/et_pb_code][et_pb_text admin_label=\u00bbParrafo 1&#8243; _builder_version=\u00bb4.27.0&#8243; text_font=\u00bbTitillium Web||||||||\u00bb text_text_color=\u00bb#000000&#8243; text_font_size=\u00bb20px\u00bb text_line_height=\u00bb2em\u00bb custom_margin=\u00bb2%|0%|2%|0%|true|true\u00bb custom_padding=\u00bb||0px|0px||\u00bb text_font_size_tablet=\u00bb17px\u00bb text_font_size_phone=\u00bb16px\u00bb text_font_size_last_edited=\u00bbon|phone\u00bb locked=\u00bboff\u00bb inline_fonts=\u00bbRubik,Alkalami,Titillium Web\u00bb global_colors_info=\u00bb{}\u00bb]<p><span style=\"font-size: large;\"><b>CONSTRUIR COMUNIDAD, HACER FUTUROS<\/b><\/span><span style=\"font-size: large;\"><b><\/b><\/span><\/p>\n<p><span style=\"font-size: large;\"><b><\/b><\/span><\/p>\n<p><span style=\"font-size: large;\"><b><\/b><span style=\"font-weight: 400;\">Fogonear indignaci\u00f3n y denuncia construye la expectativa y la esperanza de que el cambio va a suceder. Si la percepci\u00f3n de la importancia del diagn\u00f3stico fuera suficiente para que alguien tomara cartas en el asunto \u00bfPero quien? \u00bfNo les pasa que extra\u00f1an la esperanza?\u00a0<\/span><\/span><span style=\"font-weight: 400; font-size: large;\"><\/span><\/p>\n<p><span style=\"font-size: large;\"><span style=\"font-weight: 400;\"><\/span><\/span><\/p>\n<p><span style=\"font-weight: 400; font-size: large;\">Si seguimos fogoneando, un d\u00eda nos vamos a despertar entre cenizas. Con capacidad de antagonizar con adversarios, pero a\u00fan m\u00e1s con capacidad de acci\u00f3n antes que la renuncia. Abandonar el derrotismo colectivo, pasar a nuevas formas de acci\u00f3n militante con los horizontes colectivos en el centro. Descartar vieja indignaci\u00f3n para ir hacia los objetivos de las dirigencias aisladas. Sanar es necesario, fundamental. Incluso dir\u00eda que es deseable por encima de todo lo dem\u00e1s. Pero ir a terapia no cura una crisis de angustia. Sanar es lento. Necesita tiempo, dedicaci\u00f3n, riego.<\/span><\/p>\n<p><span style=\"font-weight: 400; font-size: large;\"><\/span><\/p>\n<p><span style=\"font-weight: 400; font-size: large;\">Del otro lado tienen armas y finanzas, bots y trolls. Llevan ventaja en redes, en la macro. Cosechar nuestra potencia pol\u00edtica tiene, ante todo, que ofrecer una visi\u00f3n com\u00fan, una salida, una promesa. Nuevos pactos de futuro cargados de bienestar y plenitud, de justicia y esperanza. No resignarse a ser lo menos malo. Que puedan alentar y avivar esas chispas de micromilitancia por fuera de twitter. Llevarle una porci\u00f3n de postre al vecinx, discutir con el taxista, escuchar, bajarle el volumen al odio. Escuchar, escuchar, entender y escuchar un poco m\u00e1s. Preguntar de nuevo. Buscar, que el diagn\u00f3stico nos agarre haciendo.\u00a0<\/span><span style=\"font-weight: 400; font-size: large;\"><\/span><\/p>\n<p><span style=\"font-weight: 400; font-size: large;\"><\/span><\/p>\n<p><span style=\"font-weight: 400; font-size: large;\">\u00bfD\u00f3nde encontrar y construir plataformas comunes de despegue? Los valores que puedan lograr conexiones comunes, compartidas, con lo comunitario, con lo organizacional. C\u00f3mo recomponerse de quienes se sienten traicionadxs por las instituciones, por la pol\u00edtica, por la sociedad. Las borrosas distinciones entre Estado, democracia, instituciones o capitalismo hace que las heridas de las promesas rotas las paguen todas las anteriores.\u00a0<\/span><span style=\"font-weight: 400; font-size: large;\"><\/span><\/p>\n<p><span style=\"font-weight: 400; font-size: large;\"><\/span><\/p>\n<p><span style=\"font-size: large;\"><span style=\"font-weight: 400;\">Sindicatos, organizaciones sociales, partidos, referencias, micromilitancias \u00bfC\u00f3mo canalizar esa potencia pol\u00edtica hacia adelante? El palacio manda a la calle a hacer autocr\u00edtica, pero la legitimidad est\u00e1 en las casas, no en el <\/span><i><span style=\"font-weight: 400;\">think tank. <\/span><\/i><span style=\"font-weight: 400;\">Los ritmos algor\u00edtmicos destruyen el pensamiento estrat\u00e9gico. Somos <\/span><i><span style=\"font-weight: 400;\">baiteables<\/span><\/i><span style=\"font-weight: 400;\">, queremos defender lo que atacan, hay agendas que no podemos ignorar. Un loop que se retroalimenta, su barrera que bloquea con ruido pensamiento, acci\u00f3n, organizaci\u00f3n.\u00a0<\/span><\/span><span style=\"font-size: large;\"><span style=\"font-weight: 400;\"><\/span><\/span><\/p>\n<p><span style=\"font-size: large;\"><span style=\"font-weight: 400;\"><\/span><\/span><\/p>\n<p><span style=\"font-weight: 400; font-size: large;\">Dise\u00f1ar y delinear la forma de las organizaciones que puedan representar y ejercer esa representaci\u00f3n se vuelve una tarea profundamente pol\u00edtica \u00bfQu\u00e9 queremos y qu\u00e9 podemos reconstruir de los territorios estatales arrasados? \u00bfCu\u00e1les son las nuevas estatalidades por emerger a la altura de los contextos de policrisis? Llenarnos de respuestas, de rumbos, de nortes y futuros a la altura de las necesidades y deseos de cada comunidad, de cada amistad, de cada expectativa.\u00a0<\/span><span style=\"font-weight: 400; font-size: large;\"><\/span><\/p>\n<p><span style=\"font-weight: 400; font-size: large;\"><\/span><\/p>\n<p><span style=\"font-weight: 400; font-size: large;\">Deleuze dice que la amistad pod\u00eda basarse en el sentido de habitar en com\u00fan, de tener en com\u00fan. No solamente ideas y temporalidades sino lenguajes y visiones \u00bfPor qu\u00e9 se dice tanto\u201d mis amigxs me salvaron la vida\u201d? Porque nos dieron en la vida el regalo de sentirse en comunidad. La sensaci\u00f3n de no estar solxs contra el mundo, cuando hab\u00eda distancias culturales entre dos generaciones que eran m\u00e1s culturales que ideol\u00f3gicas \u00bfqu\u00e9 comunidades habitamos hoy que tengan futuros y horizontes en com\u00fan? En la amistad y sus lenguajes existe una plataforma para atravesar una realidad absurda, para creernos capaces de transformarla.<\/span><span style=\"font-weight: 400; font-size: large;\"><\/span><\/p>\n<p><span style=\"font-weight: 400; font-size: large;\"><\/span><\/p>\n<p><span style=\"font-weight: 400; font-size: large;\">Crear conciencia no alcanza. Fuimos criados para habitar un mundo que ya no existe; bajo paradigmas de praxis pol\u00edtico-culturales que ya no describen la realidad.\u00a0 Motorizar la voluntad popular requiere articulaci\u00f3n y sincron\u00eda de las potencias pol\u00edticas. Ante una ofensiva hiperindividualista e hiperfinanciarizada, hay oportunidad en apostar por rumbos colectivos y desfinanciarizados. Construir y fomentar comunidades no mediadas por el poder financiero que puedan crecer evitando la embestida. Que fomenten la potencia pol\u00edtica de las micromilitancias en materialidades inscriptas por fuera de lo coyuntural. De grandes valores ordenadores que hoy no asoman, pero que la enorme capacidad del campo nacional y popular busca activamente. En simult\u00e1neo, fortalecer las redes comunitarias, de cuidados, organizaci\u00f3n que construyen capacidad colectiva de acci\u00f3n.\u00a0<\/span><span style=\"font-weight: 400; font-size: large;\"><\/span><\/p>\n<p><span style=\"font-weight: 400; font-size: large;\"><\/span><\/p>\n<p><span style=\"font-size: large;\"><span style=\"font-weight: 400;\">La voluntad de las micromilitancias que exist\u00edan en campa\u00f1a todav\u00eda est\u00e1 ah\u00ed. \u00bfAcaso s\u00f3lo el miedo a la cat\u00e1strofe por venir logr\u00f3 destrabar una imaginaci\u00f3n militante? Activaciones silvestres que crearon oportunidades inesperadas de intervenci\u00f3n social. Con las urnas abiertas la potencia pol\u00edtica demostr\u00f3 existencia, fluy\u00f3, apost\u00f3. Si eso fue posible sin expectativas por el mal menor.\u00a0 Sobrevivir, salvar a la democracia, proteger al Estado. Hab\u00eda una causa por la cual luchar, un rumbo com\u00fan. Y puede haber nuevos <\/span><i><span style=\"font-weight: 400;\">para qu\u00e9 <\/span><\/i><span style=\"font-weight: 400;\">de la militancia y el <\/span><i><span style=\"font-weight: 400;\">hacia d\u00f3nde<\/span><\/i><span style=\"font-weight: 400;\"> \u00bfCu\u00e1nto podr\u00eda lograr esa potencia si emergieran horizontes ambiciosos y radicales de bienestar?<\/span><\/span><\/p>\n<ol start=\"40\"><\/ol>\n<p><span style=\"font-weight: 400;\"><\/span><\/p>[\/et_pb_text][et_pb_image src=\u00bbhttps:\/\/urbe.com.ar\/revista\/wp-content\/uploads\/2023\/05\/WhatsApp-Image-2023-03-13-at-16.37.45.jpeg\u00bb title_text=\u00bbWhatsApp Image 2023-03-13 at 16.37.45&#8243; align=\u00bbcenter\u00bb _builder_version=\u00bb4.26.0&#8243; _module_preset=\u00bbdefault\u00bb custom_margin=\u00bb3%||3%||true|false\u00bb global_colors_info=\u00bb{}\u00bb][\/et_pb_image][et_pb_blog fullwidth=\u00bboff\u00bb posts_number=\u00bb3&#8243; include_categories=\u00bbcurrent\u00bb meta_date=\u00bbj M,Y\u00bb excerpt_length=\u00bb80&#8243; show_author=\u00bboff\u00bb show_categories=\u00bboff\u00bb show_pagination=\u00bboff\u00bb masonry_tile_background_color=\u00bb#FFFFFF\u00bb disabled_on=\u00bbon|off|off\u00bb module_class=\u00bbpa-blog \u00bb _builder_version=\u00bb4.25.1&#8243; header_font=\u00bb|700|||||||\u00bb header_text_color=\u00bb#FFFFFF\u00bb header_font_size=\u00bb20px\u00bb body_font=\u00bb|600|||||||\u00bb body_text_color=\u00bb#FFFFFF\u00bb meta_text_color=\u00bb#FFFFFF\u00bb read_more_text_color=\u00bb#FFFFFF\u00bb background_color=\u00bb#FFFFFF\u00bb min_height=\u00bb100px\u00bb custom_margin=\u00bb0px||0%||false|false\u00bb custom_margin_tablet=\u00bb0%||||false|false\u00bb custom_margin_phone=\u00bb\u00bb custom_margin_last_edited=\u00bbon|desktop\u00bb custom_padding=\u00bb||0px|||\u00bb header_text_shadow_style=\u00bbpreset3&#8243; header_text_shadow_color=\u00bb#000000&#8243; body_text_shadow_style=\u00bbpreset3&#8243; body_text_shadow_color=\u00bb#000000&#8243; meta_text_shadow_style=\u00bbpreset3&#8243; meta_text_shadow_color=\u00bb#000000&#8243; border_color_all_image=\u00bb#FFFFFF\u00bb border_width_top_image=\u00bb2px\u00bb text_shadow_style=\u00bbpreset3&#8243; text_shadow_blur_strength=\u00bb0.54em\u00bb text_shadow_color=\u00bb#000000&#8243; global_colors_info=\u00bb{}\u00bb][\/et_pb_blog][et_pb_image src=\u00bbhttps:\/\/urbe.com.ar\/revista\/wp-content\/uploads\/2023\/05\/banner-escritores-copy.jpg\u00bb title_text=\u00bbbanner escritores copy\u00bb _builder_version=\u00bb4.21.0&#8243; _module_preset=\u00bbdefault\u00bb custom_margin=\u00bb15%||||false|false\u00bb global_colors_info=\u00bb{}\u00bb][\/et_pb_image][\/et_pb_column][\/et_pb_row][\/et_pb_section]\n","protected":false},"excerpt":{"rendered":"<p>Por Alejo Di Risio<\/p>\n","protected":false},"author":10,"featured_media":10653,"comment_status":"closed","ping_status":"closed","sticky":false,"template":"","format":"standard","meta":{"_et_pb_use_builder":"on","_et_pb_old_content":"","_et_gb_content_width":"1080","_jetpack_memberships_contains_paid_content":false,"footnotes":""},"categories":[29],"tags":[],"class_list":["post-10645","post","type-post","status-publish","format-standard","has-post-thumbnail","hentry","category-politica"],"yoast_head":"<!-- This site is optimized with the Yoast SEO plugin v27.5 - https:\/\/yoast.com\/product\/yoast-seo-wordpress\/ -->\n<title>El fin de la derrota: abrir el futuro - Revista Urbe<\/title>\n<meta name=\"robots\" content=\"index, follow, max-snippet:-1, max-image-preview:large, max-video-preview:-1\" \/>\n<link rel=\"canonical\" href=\"https:\/\/urbe.com.ar\/revista\/el-fin-de-la-derrota-abrir-el-futuro\/\" \/>\n<meta property=\"og:locale\" content=\"es_ES\" \/>\n<meta property=\"og:type\" content=\"article\" \/>\n<meta property=\"og:title\" content=\"El fin de la derrota: abrir el futuro - Revista Urbe\" \/>\n<meta property=\"og:description\" content=\"Por Alejo Di Risio\" \/>\n<meta property=\"og:url\" content=\"https:\/\/urbe.com.ar\/revista\/el-fin-de-la-derrota-abrir-el-futuro\/\" \/>\n<meta property=\"og:site_name\" content=\"Revista Urbe\" \/>\n<meta property=\"article:published_time\" content=\"2025-02-05T13:34:29+00:00\" \/>\n<meta property=\"article:modified_time\" content=\"2025-02-11T14:06:03+00:00\" \/>\n<meta property=\"og:image\" content=\"https:\/\/urbe.com.ar\/revista\/wp-content\/uploads\/2025\/02\/miniatura-1024x922.jpg\" \/>\n\t<meta property=\"og:image:width\" content=\"1024\" \/>\n\t<meta property=\"og:image:height\" content=\"922\" \/>\n\t<meta property=\"og:image:type\" content=\"image\/jpeg\" \/>\n<meta name=\"author\" content=\"Alejo Bernhardt\" \/>\n<meta name=\"twitter:card\" content=\"summary_large_image\" \/>\n<meta name=\"twitter:creator\" content=\"@Revistaurbe_\" \/>\n<meta name=\"twitter:site\" content=\"@Revistaurbe_\" \/>\n<meta name=\"twitter:label1\" content=\"Escrito por\" \/>\n\t<meta name=\"twitter:data1\" content=\"Alejo Bernhardt\" \/>\n\t<meta name=\"twitter:label2\" content=\"Tiempo de lectura\" \/>\n\t<meta name=\"twitter:data2\" content=\"15 minutos\" \/>\n<script type=\"application\/ld+json\" class=\"yoast-schema-graph\">{\"@context\":\"https:\\\/\\\/schema.org\",\"@graph\":[{\"@type\":\"Article\",\"@id\":\"https:\\\/\\\/urbe.com.ar\\\/revista\\\/el-fin-de-la-derrota-abrir-el-futuro\\\/#article\",\"isPartOf\":{\"@id\":\"https:\\\/\\\/urbe.com.ar\\\/revista\\\/el-fin-de-la-derrota-abrir-el-futuro\\\/\"},\"author\":{\"name\":\"Alejo Bernhardt\",\"@id\":\"https:\\\/\\\/urbe.com.ar\\\/revista\\\/#\\\/schema\\\/person\\\/4ddcf051fa628850264f4c6d61f63ee2\"},\"headline\":\"El fin de la derrota: abrir el futuro\",\"datePublished\":\"2025-02-05T13:34:29+00:00\",\"dateModified\":\"2025-02-11T14:06:03+00:00\",\"mainEntityOfPage\":{\"@id\":\"https:\\\/\\\/urbe.com.ar\\\/revista\\\/el-fin-de-la-derrota-abrir-el-futuro\\\/\"},\"wordCount\":4088,\"image\":{\"@id\":\"https:\\\/\\\/urbe.com.ar\\\/revista\\\/el-fin-de-la-derrota-abrir-el-futuro\\\/#primaryimage\"},\"thumbnailUrl\":\"https:\\\/\\\/i0.wp.com\\\/urbe.com.ar\\\/revista\\\/wp-content\\\/uploads\\\/2025\\\/02\\\/miniatura.jpg?fit=2551%2C2297&ssl=1\",\"articleSection\":[\"POL\u00cdTICA\"],\"inLanguage\":\"es\"},{\"@type\":\"WebPage\",\"@id\":\"https:\\\/\\\/urbe.com.ar\\\/revista\\\/el-fin-de-la-derrota-abrir-el-futuro\\\/\",\"url\":\"https:\\\/\\\/urbe.com.ar\\\/revista\\\/el-fin-de-la-derrota-abrir-el-futuro\\\/\",\"name\":\"El fin de la derrota: abrir el futuro - Revista Urbe\",\"isPartOf\":{\"@id\":\"https:\\\/\\\/urbe.com.ar\\\/revista\\\/#website\"},\"primaryImageOfPage\":{\"@id\":\"https:\\\/\\\/urbe.com.ar\\\/revista\\\/el-fin-de-la-derrota-abrir-el-futuro\\\/#primaryimage\"},\"image\":{\"@id\":\"https:\\\/\\\/urbe.com.ar\\\/revista\\\/el-fin-de-la-derrota-abrir-el-futuro\\\/#primaryimage\"},\"thumbnailUrl\":\"https:\\\/\\\/i0.wp.com\\\/urbe.com.ar\\\/revista\\\/wp-content\\\/uploads\\\/2025\\\/02\\\/miniatura.jpg?fit=2551%2C2297&ssl=1\",\"datePublished\":\"2025-02-05T13:34:29+00:00\",\"dateModified\":\"2025-02-11T14:06:03+00:00\",\"author\":{\"@id\":\"https:\\\/\\\/urbe.com.ar\\\/revista\\\/#\\\/schema\\\/person\\\/4ddcf051fa628850264f4c6d61f63ee2\"},\"breadcrumb\":{\"@id\":\"https:\\\/\\\/urbe.com.ar\\\/revista\\\/el-fin-de-la-derrota-abrir-el-futuro\\\/#breadcrumb\"},\"inLanguage\":\"es\",\"potentialAction\":[{\"@type\":\"ReadAction\",\"target\":[\"https:\\\/\\\/urbe.com.ar\\\/revista\\\/el-fin-de-la-derrota-abrir-el-futuro\\\/\"]}]},{\"@type\":\"ImageObject\",\"inLanguage\":\"es\",\"@id\":\"https:\\\/\\\/urbe.com.ar\\\/revista\\\/el-fin-de-la-derrota-abrir-el-futuro\\\/#primaryimage\",\"url\":\"https:\\\/\\\/i0.wp.com\\\/urbe.com.ar\\\/revista\\\/wp-content\\\/uploads\\\/2025\\\/02\\\/miniatura.jpg?fit=2551%2C2297&ssl=1\",\"contentUrl\":\"https:\\\/\\\/i0.wp.com\\\/urbe.com.ar\\\/revista\\\/wp-content\\\/uploads\\\/2025\\\/02\\\/miniatura.jpg?fit=2551%2C2297&ssl=1\",\"width\":2551,\"height\":2297},{\"@type\":\"BreadcrumbList\",\"@id\":\"https:\\\/\\\/urbe.com.ar\\\/revista\\\/el-fin-de-la-derrota-abrir-el-futuro\\\/#breadcrumb\",\"itemListElement\":[{\"@type\":\"ListItem\",\"position\":1,\"name\":\"Portada\",\"item\":\"https:\\\/\\\/urbe.com.ar\\\/revista\\\/\"},{\"@type\":\"ListItem\",\"position\":2,\"name\":\"El fin de la derrota: abrir el futuro\"}]},{\"@type\":\"WebSite\",\"@id\":\"https:\\\/\\\/urbe.com.ar\\\/revista\\\/#website\",\"url\":\"https:\\\/\\\/urbe.com.ar\\\/revista\\\/\",\"name\":\"Revista Urbe\",\"description\":\"\",\"potentialAction\":[{\"@type\":\"SearchAction\",\"target\":{\"@type\":\"EntryPoint\",\"urlTemplate\":\"https:\\\/\\\/urbe.com.ar\\\/revista\\\/?s={search_term_string}\"},\"query-input\":{\"@type\":\"PropertyValueSpecification\",\"valueRequired\":true,\"valueName\":\"search_term_string\"}}],\"inLanguage\":\"es\"},{\"@type\":\"Person\",\"@id\":\"https:\\\/\\\/urbe.com.ar\\\/revista\\\/#\\\/schema\\\/person\\\/4ddcf051fa628850264f4c6d61f63ee2\",\"name\":\"Alejo Bernhardt\",\"image\":{\"@type\":\"ImageObject\",\"inLanguage\":\"es\",\"@id\":\"https:\\\/\\\/secure.gravatar.com\\\/avatar\\\/e17892015a0b2fe0e47a8387056c05584647b09de53f1ac00adae78b2f4fb443?s=96&d=mm&r=g\",\"url\":\"https:\\\/\\\/secure.gravatar.com\\\/avatar\\\/e17892015a0b2fe0e47a8387056c05584647b09de53f1ac00adae78b2f4fb443?s=96&d=mm&r=g\",\"contentUrl\":\"https:\\\/\\\/secure.gravatar.com\\\/avatar\\\/e17892015a0b2fe0e47a8387056c05584647b09de53f1ac00adae78b2f4fb443?s=96&d=mm&r=g\",\"caption\":\"Alejo Bernhardt\"},\"url\":\"https:\\\/\\\/urbe.com.ar\\\/revista\\\/author\\\/alejo-bernhardt\\\/\"}]}<\/script>\n<!-- \/ Yoast SEO plugin. -->","yoast_head_json":{"title":"El fin de la derrota: abrir el futuro - Revista Urbe","robots":{"index":"index","follow":"follow","max-snippet":"max-snippet:-1","max-image-preview":"max-image-preview:large","max-video-preview":"max-video-preview:-1"},"canonical":"https:\/\/urbe.com.ar\/revista\/el-fin-de-la-derrota-abrir-el-futuro\/","og_locale":"es_ES","og_type":"article","og_title":"El fin de la derrota: abrir el futuro - Revista Urbe","og_description":"Por Alejo Di Risio","og_url":"https:\/\/urbe.com.ar\/revista\/el-fin-de-la-derrota-abrir-el-futuro\/","og_site_name":"Revista Urbe","article_published_time":"2025-02-05T13:34:29+00:00","article_modified_time":"2025-02-11T14:06:03+00:00","og_image":[{"width":1024,"height":922,"url":"https:\/\/urbe.com.ar\/revista\/wp-content\/uploads\/2025\/02\/miniatura-1024x922.jpg","type":"image\/jpeg"}],"author":"Alejo Bernhardt","twitter_card":"summary_large_image","twitter_creator":"@Revistaurbe_","twitter_site":"@Revistaurbe_","twitter_misc":{"Escrito por":"Alejo Bernhardt","Tiempo de lectura":"15 minutos"},"schema":{"@context":"https:\/\/schema.org","@graph":[{"@type":"Article","@id":"https:\/\/urbe.com.ar\/revista\/el-fin-de-la-derrota-abrir-el-futuro\/#article","isPartOf":{"@id":"https:\/\/urbe.com.ar\/revista\/el-fin-de-la-derrota-abrir-el-futuro\/"},"author":{"name":"Alejo Bernhardt","@id":"https:\/\/urbe.com.ar\/revista\/#\/schema\/person\/4ddcf051fa628850264f4c6d61f63ee2"},"headline":"El fin de la derrota: abrir el futuro","datePublished":"2025-02-05T13:34:29+00:00","dateModified":"2025-02-11T14:06:03+00:00","mainEntityOfPage":{"@id":"https:\/\/urbe.com.ar\/revista\/el-fin-de-la-derrota-abrir-el-futuro\/"},"wordCount":4088,"image":{"@id":"https:\/\/urbe.com.ar\/revista\/el-fin-de-la-derrota-abrir-el-futuro\/#primaryimage"},"thumbnailUrl":"https:\/\/i0.wp.com\/urbe.com.ar\/revista\/wp-content\/uploads\/2025\/02\/miniatura.jpg?fit=2551%2C2297&ssl=1","articleSection":["POL\u00cdTICA"],"inLanguage":"es"},{"@type":"WebPage","@id":"https:\/\/urbe.com.ar\/revista\/el-fin-de-la-derrota-abrir-el-futuro\/","url":"https:\/\/urbe.com.ar\/revista\/el-fin-de-la-derrota-abrir-el-futuro\/","name":"El fin de la derrota: abrir el futuro - Revista Urbe","isPartOf":{"@id":"https:\/\/urbe.com.ar\/revista\/#website"},"primaryImageOfPage":{"@id":"https:\/\/urbe.com.ar\/revista\/el-fin-de-la-derrota-abrir-el-futuro\/#primaryimage"},"image":{"@id":"https:\/\/urbe.com.ar\/revista\/el-fin-de-la-derrota-abrir-el-futuro\/#primaryimage"},"thumbnailUrl":"https:\/\/i0.wp.com\/urbe.com.ar\/revista\/wp-content\/uploads\/2025\/02\/miniatura.jpg?fit=2551%2C2297&ssl=1","datePublished":"2025-02-05T13:34:29+00:00","dateModified":"2025-02-11T14:06:03+00:00","author":{"@id":"https:\/\/urbe.com.ar\/revista\/#\/schema\/person\/4ddcf051fa628850264f4c6d61f63ee2"},"breadcrumb":{"@id":"https:\/\/urbe.com.ar\/revista\/el-fin-de-la-derrota-abrir-el-futuro\/#breadcrumb"},"inLanguage":"es","potentialAction":[{"@type":"ReadAction","target":["https:\/\/urbe.com.ar\/revista\/el-fin-de-la-derrota-abrir-el-futuro\/"]}]},{"@type":"ImageObject","inLanguage":"es","@id":"https:\/\/urbe.com.ar\/revista\/el-fin-de-la-derrota-abrir-el-futuro\/#primaryimage","url":"https:\/\/i0.wp.com\/urbe.com.ar\/revista\/wp-content\/uploads\/2025\/02\/miniatura.jpg?fit=2551%2C2297&ssl=1","contentUrl":"https:\/\/i0.wp.com\/urbe.com.ar\/revista\/wp-content\/uploads\/2025\/02\/miniatura.jpg?fit=2551%2C2297&ssl=1","width":2551,"height":2297},{"@type":"BreadcrumbList","@id":"https:\/\/urbe.com.ar\/revista\/el-fin-de-la-derrota-abrir-el-futuro\/#breadcrumb","itemListElement":[{"@type":"ListItem","position":1,"name":"Portada","item":"https:\/\/urbe.com.ar\/revista\/"},{"@type":"ListItem","position":2,"name":"El fin de la derrota: abrir el futuro"}]},{"@type":"WebSite","@id":"https:\/\/urbe.com.ar\/revista\/#website","url":"https:\/\/urbe.com.ar\/revista\/","name":"Revista Urbe","description":"","potentialAction":[{"@type":"SearchAction","target":{"@type":"EntryPoint","urlTemplate":"https:\/\/urbe.com.ar\/revista\/?s={search_term_string}"},"query-input":{"@type":"PropertyValueSpecification","valueRequired":true,"valueName":"search_term_string"}}],"inLanguage":"es"},{"@type":"Person","@id":"https:\/\/urbe.com.ar\/revista\/#\/schema\/person\/4ddcf051fa628850264f4c6d61f63ee2","name":"Alejo Bernhardt","image":{"@type":"ImageObject","inLanguage":"es","@id":"https:\/\/secure.gravatar.com\/avatar\/e17892015a0b2fe0e47a8387056c05584647b09de53f1ac00adae78b2f4fb443?s=96&d=mm&r=g","url":"https:\/\/secure.gravatar.com\/avatar\/e17892015a0b2fe0e47a8387056c05584647b09de53f1ac00adae78b2f4fb443?s=96&d=mm&r=g","contentUrl":"https:\/\/secure.gravatar.com\/avatar\/e17892015a0b2fe0e47a8387056c05584647b09de53f1ac00adae78b2f4fb443?s=96&d=mm&r=g","caption":"Alejo Bernhardt"},"url":"https:\/\/urbe.com.ar\/revista\/author\/alejo-bernhardt\/"}]}},"jetpack_featured_media_url":"https:\/\/i0.wp.com\/urbe.com.ar\/revista\/wp-content\/uploads\/2025\/02\/miniatura.jpg?fit=2551%2C2297&ssl=1","jetpack_sharing_enabled":true,"_links":{"self":[{"href":"https:\/\/urbe.com.ar\/revista\/wp-json\/wp\/v2\/posts\/10645","targetHints":{"allow":["GET"]}}],"collection":[{"href":"https:\/\/urbe.com.ar\/revista\/wp-json\/wp\/v2\/posts"}],"about":[{"href":"https:\/\/urbe.com.ar\/revista\/wp-json\/wp\/v2\/types\/post"}],"author":[{"embeddable":true,"href":"https:\/\/urbe.com.ar\/revista\/wp-json\/wp\/v2\/users\/10"}],"replies":[{"embeddable":true,"href":"https:\/\/urbe.com.ar\/revista\/wp-json\/wp\/v2\/comments?post=10645"}],"version-history":[{"count":5,"href":"https:\/\/urbe.com.ar\/revista\/wp-json\/wp\/v2\/posts\/10645\/revisions"}],"predecessor-version":[{"id":10660,"href":"https:\/\/urbe.com.ar\/revista\/wp-json\/wp\/v2\/posts\/10645\/revisions\/10660"}],"wp:featuredmedia":[{"embeddable":true,"href":"https:\/\/urbe.com.ar\/revista\/wp-json\/wp\/v2\/media\/10653"}],"wp:attachment":[{"href":"https:\/\/urbe.com.ar\/revista\/wp-json\/wp\/v2\/media?parent=10645"}],"wp:term":[{"taxonomy":"category","embeddable":true,"href":"https:\/\/urbe.com.ar\/revista\/wp-json\/wp\/v2\/categories?post=10645"},{"taxonomy":"post_tag","embeddable":true,"href":"https:\/\/urbe.com.ar\/revista\/wp-json\/wp\/v2\/tags?post=10645"}],"curies":[{"name":"wp","href":"https:\/\/api.w.org\/{rel}","templated":true}]}}