{"id":10621,"date":"2025-02-02T12:53:15","date_gmt":"2025-02-02T12:53:15","guid":{"rendered":"https:\/\/urbe.com.ar\/revista\/?p=10621"},"modified":"2025-02-02T16:03:24","modified_gmt":"2025-02-02T16:03:24","slug":"sexo-muerte-disidencia","status":"publish","type":"post","link":"https:\/\/urbe.com.ar\/revista\/sexo-muerte-disidencia\/","title":{"rendered":"Sexo, muerte, disidencia"},"content":{"rendered":"<p>[et_pb_section fb_built=\u00bb1&#8243; disabled_on=\u00bbon|on|on\u00bb _builder_version=\u00bb4.27.4&#8243; disabled=\u00bbon\u00bb global_colors_info=\u00bb{}\u00bb][et_pb_row _builder_version=\u00bb4.27.4&#8243; global_colors_info=\u00bb{}\u00bb][et_pb_column type=\u00bb4_4&#8243; _builder_version=\u00bb4.18.0&#8243; global_colors_info=\u00bb{}\u00bb][et_pb_text disabled_on=\u00bbon|on|on\u00bb _builder_version=\u00bb4.27.4&#8243; text_font=\u00bbTitillium Web||||||||\u00bb custom_padding=\u00bb||28px|||\u00bb disabled=\u00bbon\u00bb global_colors_info=\u00bb{}\u00bb]<\/p>\n<p><b>Dante Sabatto<\/b> | \u00bfEn qu\u00e9 disienten las disidencias? \u00bfA qu\u00e9 le dicen que no? Este es un ensayo, un intento de volver a pensar un problema viejo: el de la relaci\u00f3n entre sexualidad y negatividad. \u00bfC\u00f3mo salir de los m\u00e1rgenes de la resistencia y pensar, otra vez, una vida nueva? \u00bfC\u00f3mo enfrentar un discurso mataputos?<\/p>\n<p>[\/et_pb_text][\/et_pb_column][\/et_pb_row][\/et_pb_section][et_pb_section fb_built=\u00bb1&#8243; _builder_version=\u00bb4.27.4&#8243; _module_preset=\u00bbdefault\u00bb global_colors_info=\u00bb{}\u00bb][et_pb_row _builder_version=\u00bb4.25.1&#8243; background_color=\u00bb#ffffff\u00bb background_enable_image=\u00bboff\u00bb custom_margin=\u00bb40px||20px||false|false\u00bb custom_padding=\u00bb12px|0px|12px|0px|true|true\u00bb border_color_left=\u00bb#F2AF46&#8243; global_colors_info=\u00bb{}\u00bb][et_pb_column type=\u00bb4_4&#8243; _builder_version=\u00bb4.25.1&#8243; global_colors_info=\u00bb{}\u00bb][et_pb_text _builder_version=\u00bb4.27.4&#8243; text_font=\u00bbTitillium Web|600|||||||\u00bb text_text_color=\u00bb#000000&#8243; text_font_size=\u00bb18px\u00bb header_text_align=\u00bbcenter\u00bb header_font_size=\u00bb35px\u00bb background_color=\u00bbRGBA(255,255,255,0)\u00bb background_layout=\u00bbdark\u00bb custom_margin=\u00bb2%|0%|2%|0%|true|true\u00bb custom_padding=\u00bb|||0px|false|false\u00bb hover_enabled=\u00bb0&#8243; border_color_all=\u00bb#F2AF46&#8243; global_colors_info=\u00bb{}\u00bb sticky_enabled=\u00bb0&#8243;]<\/p>\n<p style=\"text-align: center;\"><strong>Feminismo<\/strong><\/p>\n<p>[\/et_pb_text][et_pb_text _builder_version=\u00bb4.27.4&#8243; text_font=\u00bbTitillium Web|300|||||||\u00bb text_text_color=\u00bb#000000&#8243; text_line_height=\u00bb1.4em\u00bb header_font=\u00bb|700||on|||||\u00bb header_text_align=\u00bbleft\u00bb header_text_color=\u00bb#272727&#8243; header_font_size=\u00bb4em\u00bb background_color=\u00bbRGBA(255,255,255,0)\u00bb background_enable_image=\u00bboff\u00bb background_size=\u00bbstretch\u00bb width=\u00bb100%\u00bb module_alignment=\u00bbleft\u00bb min_height=\u00bb71px\u00bb custom_margin=\u00bb3%|0%|3%|0%|true|true\u00bb custom_padding=\u00bb|0%|0px|0%|false|true\u00bb global_colors_info=\u00bb{}\u00bb]<\/p>\n<h1 style=\"text-align: center;\">sexo, muerte, disidencia<\/h1>\n<p>[\/et_pb_text][et_pb_text admin_label=\u00bbParrafo 1&#8243; _builder_version=\u00bb4.27.2&#8243; text_font=\u00bbTitillium Web||||||||\u00bb text_text_color=\u00bb#000000&#8243; text_font_size=\u00bb20px\u00bb text_line_height=\u00bb2em\u00bb custom_margin=\u00bb2%|0%|2%|0%|true|true\u00bb custom_padding=\u00bb||0px|||\u00bb text_font_size_tablet=\u00bb17px\u00bb text_font_size_phone=\u00bb16px\u00bb text_font_size_last_edited=\u00bbon|phone\u00bb locked=\u00bboff\u00bb inline_fonts=\u00bbRubik,Alkalami,Titillium Web\u00bb global_colors_info=\u00bb{}\u00bb]<\/p>\n<div class=\"\" data-block=\"true\" data-editor=\"fd8ss\" data-offset-key=\"4uv8o-0-0\">\n<div data-offset-key=\"4uv8o-0-0\" class=\"public-DraftStyleDefault-block public-DraftStyleDefault-ltr\" style=\"text-align: center;\">\u00bfEn qu\u00e9 disienten las disidencias? \u00bfA qu\u00e9 le dicen que no? Este es un ensayo, un intento de volver a pensar un problema viejo: el de la relaci\u00f3n entre sexualidad y negatividad. \u00bfC\u00f3mo salir de los m\u00e1rgenes de la resistencia y pensar, otra vez, una vida nueva? \u00bfC\u00f3mo enfrentar un discurso mataputos?<\/div>\n<\/div>\n<div class=\"\" data-block=\"true\" data-editor=\"fd8ss\" data-offset-key=\"5shq2-0-0\" style=\"text-align: center;\"><\/div>\n<p>[\/et_pb_text][et_pb_text _builder_version=\u00bb4.27.4&#8243; text_font=\u00bbTitillium Web||||||||\u00bb text_text_color=\u00bb#000000&#8243; text_font_size=\u00bb18px\u00bb header_text_align=\u00bbcenter\u00bb header_text_color=\u00bb#057E7E\u00bb header_font_size=\u00bb35px\u00bb text_orientation=\u00bbjustified\u00bb custom_margin=\u00bb2%|0%|2%|0%|true|true\u00bb custom_padding=\u00bb|||0px|false|false\u00bb border_color_left=\u00bb#F2AF46&#8243; global_colors_info=\u00bb{}\u00bb]<\/p>\n<p style=\"text-align: center;\">Por <b>Dante Sabatto<\/b><br \/><span style=\"font-size: medium;\">2 de febrero de 2025<\/span><\/p>\n<p>[\/et_pb_text][et_pb_image src=\u00bbhttps:\/\/urbe.com.ar\/revista\/wp-content\/uploads\/2025\/02\/sexo-muerte-disidencia-web.png\u00bb title_text=\u00bbsexo muerte disidencia web\u00bb disabled_on=\u00bboff|off|off\u00bb _builder_version=\u00bb4.27.4&#8243; background_enable_image=\u00bboff\u00bb custom_margin=\u00bb5%|0%|5%|0%|true|true\u00bb custom_margin_tablet=\u00bb\u00bb custom_margin_phone=\u00bb6%|0%|6%|0%|true|true\u00bb custom_margin_last_edited=\u00bbon|phone\u00bb global_colors_info=\u00bb{}\u00bb][\/et_pb_image][\/et_pb_column][\/et_pb_row][et_pb_row column_structure=\u00bb1_2,1_2&#8243; use_custom_gutter=\u00bbon\u00bb gutter_width=\u00bb1&#8243; make_equal=\u00bbon\u00bb disabled_on=\u00bbon|off|off\u00bb _builder_version=\u00bb4.27.4&#8243; background_color=\u00bb#ffffff\u00bb custom_margin=\u00bb||||false|false\u00bb custom_padding=\u00bb0px||0px|0%|false|false\u00bb locked=\u00bboff\u00bb global_colors_info=\u00bb{}\u00bb][et_pb_column type=\u00bb1_2&#8243; _builder_version=\u00bb4.16&#8243; background_color=\u00bb#ffffff\u00bb custom_css_main_element=\u00bbwidth: 60% !important;\u00bb global_colors_info=\u00bb{}\u00bb][\/et_pb_column][et_pb_column type=\u00bb1_2&#8243; _builder_version=\u00bb4.16&#8243; custom_css_main_element=\u00bb||width: 40% !important;||margin: auto;||display: flex;||flex-direction: column;||justify-content: center;\u00bb global_colors_info=\u00bb{}\u00bb][et_pb_code _builder_version=\u00bb4.16&#8243; text_orientation=\u00bbcenter\u00bb module_alignment=\u00bbcenter\u00bb custom_margin=\u00bb2%||2%||true|false\u00bb custom_padding=\u00bb|6.7%||6.7%|false|true\u00bb global_colors_info=\u00bb{}\u00bb]<div class=\"addtoany_shortcode\"><div class=\"a2a_kit a2a_kit_size_32 addtoany_list\" data-a2a-url=\"https:\/\/urbe.com.ar\/revista\/sexo-muerte-disidencia\/\" data-a2a-title=\"Sexo, muerte, disidencia\"><a class=\"a2a_button_facebook\" href=\"https:\/\/www.addtoany.com\/add_to\/facebook?linkurl=https%3A%2F%2Furbe.com.ar%2Frevista%2Fsexo-muerte-disidencia%2F&amp;linkname=Sexo%2C%20muerte%2C%20disidencia\" title=\"Facebook\" rel=\"nofollow noopener\" target=\"_blank\"><\/a><a class=\"a2a_button_whatsapp\" href=\"https:\/\/www.addtoany.com\/add_to\/whatsapp?linkurl=https%3A%2F%2Furbe.com.ar%2Frevista%2Fsexo-muerte-disidencia%2F&amp;linkname=Sexo%2C%20muerte%2C%20disidencia\" title=\"WhatsApp\" rel=\"nofollow noopener\" target=\"_blank\"><\/a><a class=\"a2a_button_twitter\" href=\"https:\/\/www.addtoany.com\/add_to\/twitter?linkurl=https%3A%2F%2Furbe.com.ar%2Frevista%2Fsexo-muerte-disidencia%2F&amp;linkname=Sexo%2C%20muerte%2C%20disidencia\" title=\"Twitter\" rel=\"nofollow noopener\" target=\"_blank\"><\/a><a class=\"a2a_button_email\" href=\"https:\/\/www.addtoany.com\/add_to\/email?linkurl=https%3A%2F%2Furbe.com.ar%2Frevista%2Fsexo-muerte-disidencia%2F&amp;linkname=Sexo%2C%20muerte%2C%20disidencia\" title=\"Email\" rel=\"nofollow noopener\" target=\"_blank\"><\/a><a class=\"a2a_button_copy_link\" href=\"https:\/\/www.addtoany.com\/add_to\/copy_link?linkurl=https%3A%2F%2Furbe.com.ar%2Frevista%2Fsexo-muerte-disidencia%2F&amp;linkname=Sexo%2C%20muerte%2C%20disidencia\" title=\"Copy Link\" rel=\"nofollow noopener\" target=\"_blank\"><\/a><\/div><\/div>[\/et_pb_code][\/et_pb_column][\/et_pb_row][et_pb_row use_custom_gutter=\u00bbon\u00bb gutter_width=\u00bb1&#8243; make_equal=\u00bbon\u00bb disabled_on=\u00bboff|on|on\u00bb _builder_version=\u00bb4.16&#8243; background_color=\u00bb#ffffff\u00bb custom_margin=\u00bb||||false|false\u00bb custom_padding=\u00bb0px||0px|0%|false|false\u00bb locked=\u00bboff\u00bb global_colors_info=\u00bb{}\u00bb][et_pb_column type=\u00bb4_4&#8243; _builder_version=\u00bb4.16&#8243; background_color=\u00bb#ffffff\u00bb global_colors_info=\u00bb{}\u00bb][et_pb_code disabled_on=\u00bboff|off|off\u00bb _builder_version=\u00bb4.16&#8243; _module_preset=\u00bbdefault\u00bb text_orientation=\u00bbcenter\u00bb width=\u00bb100%\u00bb width_tablet=\u00bb\u00bb width_phone=\u00bb100%\u00bb width_last_edited=\u00bbon|phone\u00bb max_width=\u00bb100%\u00bb max_width_tablet=\u00bb\u00bb max_width_phone=\u00bb\u00bb max_width_last_edited=\u00bbon|tablet\u00bb module_alignment=\u00bbright\u00bb custom_margin_tablet=\u00bb\u00bb custom_margin_phone=\u00bb\u00bb custom_margin_last_edited=\u00bbon|phone\u00bb module_alignment_tablet=\u00bb\u00bb module_alignment_phone=\u00bbcenter\u00bb module_alignment_last_edited=\u00bbon|desktop\u00bb global_colors_info=\u00bb{}\u00bb]<div class=\"addtoany_shortcode\"><div class=\"a2a_kit a2a_kit_size_32 addtoany_list\" data-a2a-url=\"https:\/\/urbe.com.ar\/revista\/sexo-muerte-disidencia\/\" data-a2a-title=\"Sexo, muerte, disidencia\"><a class=\"a2a_button_facebook\" href=\"https:\/\/www.addtoany.com\/add_to\/facebook?linkurl=https%3A%2F%2Furbe.com.ar%2Frevista%2Fsexo-muerte-disidencia%2F&amp;linkname=Sexo%2C%20muerte%2C%20disidencia\" title=\"Facebook\" rel=\"nofollow noopener\" target=\"_blank\"><\/a><a class=\"a2a_button_whatsapp\" href=\"https:\/\/www.addtoany.com\/add_to\/whatsapp?linkurl=https%3A%2F%2Furbe.com.ar%2Frevista%2Fsexo-muerte-disidencia%2F&amp;linkname=Sexo%2C%20muerte%2C%20disidencia\" title=\"WhatsApp\" rel=\"nofollow noopener\" target=\"_blank\"><\/a><a class=\"a2a_button_twitter\" href=\"https:\/\/www.addtoany.com\/add_to\/twitter?linkurl=https%3A%2F%2Furbe.com.ar%2Frevista%2Fsexo-muerte-disidencia%2F&amp;linkname=Sexo%2C%20muerte%2C%20disidencia\" title=\"Twitter\" rel=\"nofollow noopener\" target=\"_blank\"><\/a><a class=\"a2a_button_email\" href=\"https:\/\/www.addtoany.com\/add_to\/email?linkurl=https%3A%2F%2Furbe.com.ar%2Frevista%2Fsexo-muerte-disidencia%2F&amp;linkname=Sexo%2C%20muerte%2C%20disidencia\" title=\"Email\" rel=\"nofollow noopener\" target=\"_blank\"><\/a><a class=\"a2a_button_copy_link\" href=\"https:\/\/www.addtoany.com\/add_to\/copy_link?linkurl=https%3A%2F%2Furbe.com.ar%2Frevista%2Fsexo-muerte-disidencia%2F&amp;linkname=Sexo%2C%20muerte%2C%20disidencia\" title=\"Copy Link\" rel=\"nofollow noopener\" target=\"_blank\"><\/a><\/div><\/div>[\/et_pb_code][\/et_pb_column][\/et_pb_row][et_pb_row _builder_version=\u00bb4.27.4&#8243; background_color=\u00bb#ffffff\u00bb width=\u00bb100%\u00bb custom_padding=\u00bb0px||3px|0px||\u00bb global_colors_info=\u00bb{}\u00bb][et_pb_column type=\u00bb4_4&#8243; _builder_version=\u00bb4.25.1&#8243; global_colors_info=\u00bb{}\u00bb][et_pb_text admin_label=\u00bbParrafo 1&#8243; _builder_version=\u00bb4.27.0&#8243; text_font=\u00bbTitillium Web||||||||\u00bb text_text_color=\u00bb#000000&#8243; text_font_size=\u00bb20px\u00bb text_line_height=\u00bb2em\u00bb custom_margin=\u00bb2%|0%|2%|0%|true|true\u00bb custom_padding=\u00bb||0px|0px||\u00bb text_font_size_tablet=\u00bb17px\u00bb text_font_size_phone=\u00bb16px\u00bb text_font_size_last_edited=\u00bbon|phone\u00bb locked=\u00bboff\u00bb inline_fonts=\u00bbRubik,Alkalami,Titillium Web\u00bb global_colors_info=\u00bb{}\u00bb]<\/p>\n<p>Desde el Foro Econ\u00f3mico Mundial, desde el n\u00facleo est\u00fapido del poder, desde la corte donde los emperadores caminan desnudos sin pudor, se cierne sobre nosotres una sombra. Es la misma sombra de siempre. El discurso del presidente opera con una l\u00f3gica perversa: su estructura es la del mamarracho, su contenido es un enchastre, una superposici\u00f3n de lugares comunes cuya misma profusi\u00f3n denuncia su objetivo. Propagar la paranoia. Es un discurso sin ausencias, sin huecos, total. Es un discurso perverso sobre la perversi\u00f3n. Asocia homosexualidad con pedofilia, transexualidad con depravaci\u00f3n. Las palabras no son dichas, sino disparadas. Ya conocemos el discurso mataputos.<\/p>\n<p>El sexo da de qu\u00e9 hablar, siempre. Es la principal (casi la \u00fanica) tesis de Foucault en el primer volumen de su Historia de la Sexualidad: que m\u00e1s que represi\u00f3n y silencio, este tema produce una multiplicidad infinita de palabras. Esos discursos pertenecen a diversos \u00f3rdenes: m\u00e9dico y jur\u00eddico, por supuesto; humor\u00edstico, con facilidad; po\u00e9tico, cuando la er\u00f3tica se escribe; performativo, cuando se susurra; fascista, cuando se combate.<\/p>\n<p>La sexualidad genera debate, lo que es curioso, porque su ejercicio no est\u00e1 tan vinculado al habla. La lengua suele destinarse m\u00e1s bien a otros fines. Solemos creer, sin embargo, que hay algo de la gram\u00e1tica de los cuerpos que se puede traducir a la gram\u00e1tica de las palabras; incluso, que se debe. Se vuelve necesario persuadir sobre lo que deber\u00eda ser evidente: la existencia de una pluralidad de sexos, que s\u00f3lo parcialmente se vuelven distinguibles bajo la forma de identidades, nombres, categor\u00edas.<\/p>\n<p>Esta pasi\u00f3n discursiva no es s\u00f3lo propia del campo normativo (las instituciones) ni del encuentro entre este y el campo anormal (nosotres). Dentro de ese espacio siempre indefinido que s\u00f3lo por error se puede describir como \u201cun\u201d colectivo, los debates son igualmente persistentes. M\u00e1s a\u00fan cuando se trata de un problema estrat\u00e9gico y de car\u00e1cter existencial.<\/p>\n<p><span style=\"font-weight: 400;\"><\/span><\/p>\n<p>[\/et_pb_text][et_pb_image src=\u00bbhttps:\/\/urbe.com.ar\/revista\/wp-content\/uploads\/2025\/02\/bandera1.png\u00bb title_text=\u00bbbandera1&#8243; align=\u00bbcenter\u00bb _builder_version=\u00bb4.27.4&#8243; _module_preset=\u00bbdefault\u00bb global_colors_info=\u00bb{}\u00bb][\/et_pb_image][et_pb_text admin_label=\u00bbParrafo 1&#8243; _builder_version=\u00bb4.27.4&#8243; text_font=\u00bbTitillium Web||||||||\u00bb text_text_color=\u00bb#000000&#8243; text_font_size=\u00bb20px\u00bb text_line_height=\u00bb2em\u00bb custom_margin=\u00bb2%|0%|2%|0%|true|true\u00bb custom_padding=\u00bb||0px|0px||\u00bb text_font_size_tablet=\u00bb17px\u00bb text_font_size_phone=\u00bb16px\u00bb text_font_size_last_edited=\u00bbon|phone\u00bb locked=\u00bboff\u00bb inline_fonts=\u00bbRubik,Alkalami,Titillium Web\u00bb global_colors_info=\u00bb{}\u00bb]<\/p>\n<p>Una caracter\u00edstica de la \u00e9poca es la creciente desaparici\u00f3n de los espacios cerrados donde estas discusiones puedan llevarse a cabo. No es una caracter\u00edstica metaf\u00edsica, sino material, t\u00e9cnicamente mediada y socialmente instanciada. Si alguna vez existi\u00f3 la posibilidad de que una conversaci\u00f3n fuera tenida con cierta certeza de estar al resguardo de otros o\u00eddos, esa posibilidad hoy se encuentra clausurada. Eso vuelve a todo discurso necesariamente t\u00e1ctico, en el sentido de que ingresa por la fuerza a un campo que siempre es de batalla. En estas condiciones, hablar de algo tan \u00edntimo como el sexo, el g\u00e9nero, el deseo, se vuelve infinitamente problem\u00e1tico.<\/p>\n<p>Mientras tanto, el presidente da un discurso mataputos. Es televisado. Su cr\u00edtica es televisada. La cr\u00edtica de su cr\u00edtica es televisada. Todo se habla en los mismos tonos, como si se tratara de un chisme, de una an\u00e9cdota menor.<\/p>\n<p>No es secreto el mecanismo en torno al cual gira el discurso del presidente. Es antiqu\u00edsimo, remanido, es una que sabemos todes. Lo nombramos como \u201cmataputos\u201d con precisi\u00f3n y sin \u00e1nimo clickbaitero. Es el discurso que asocia dos elementos: la sexualidad y la muerte. Ese es siempre el Problema, con Pe may\u00fascula: la ruta que conecta el coraz\u00f3n del deseo con el fin de la vida.\u00a0<\/p>\n<p>\u00bfEn qu\u00e9 disienten las disidencias? \u00bfA qu\u00e9 decimos que no? \u00bfY a qui\u00e9nes alcanza ese no? \u00bfPor qu\u00e9 es un problema que alguien desee, que alguien se oriente, que alguien elija, que alguien descubra que es?<\/p>\n<p><span style=\"background-color: #ffffff; font-size: 20px;\">M\u00e1s expl\u00edcitamente, la filosof\u00eda conoce como uno de sus temas esenciales la pregunta \u00bfpor qu\u00e9 obedecer? Bien: \u00bfpor qu\u00e9 desobedecer a aquello que la sexualidad normativa demanda? \u00bfPor qu\u00e9 desobedecer a la heteronorma? \u00bfPor qu\u00e9 desobedecer al m\u00e9dico que vio y midi\u00f3 un cuerpo y pronunci\u00f3 un sexog\u00e9nero? Y, lo que es m\u00e1s interesante, m\u00e1s er\u00f3ticamente atractivo y pol\u00edticamente activo: \u00bfc\u00f3mo hacerlo? \u00bfC\u00f3mo desobedecer? \u00bfCon responsabilidad, o con pasi\u00f3n, o con duda, o solos, o acompa\u00f1ados, o en p\u00fablico, o en secreto, o con orgullo, o con verg\u00fcenza, o como podamos, o como debamos, o como deseemos?<\/span><\/p>\n<p style=\"font-size: 20px; background-color: #ffffff;\">Estas preguntas son t\u00e1cticas. Definen un Problema en dos dimensiones: espacial y temporal. Quisi\u00e9ramos pensar este Problema; decirlo y hacerlo hablar y hablar de \u00e9l. A sabiendas de que las palabras no ser\u00e1n suficientes.<\/p>\n<p>&nbsp;<\/p>\n<p>[\/et_pb_text][et_pb_image src=\u00bbhttps:\/\/urbe.com.ar\/revista\/wp-content\/uploads\/2025\/02\/bandera2.png\u00bb title_text=\u00bbbandera2&#8243; align=\u00bbcenter\u00bb _builder_version=\u00bb4.27.4&#8243; _module_preset=\u00bbdefault\u00bb global_colors_info=\u00bb{}\u00bb][\/et_pb_image][et_pb_text admin_label=\u00bbParrafo 1&#8243; _builder_version=\u00bb4.27.4&#8243; text_font=\u00bbTitillium Web||||||||\u00bb text_text_color=\u00bb#000000&#8243; text_font_size=\u00bb20px\u00bb text_line_height=\u00bb2em\u00bb custom_margin=\u00bb2%|0%|2%|0%|true|true\u00bb custom_padding=\u00bb||0px|0px||\u00bb text_font_size_tablet=\u00bb17px\u00bb text_font_size_phone=\u00bb16px\u00bb text_font_size_last_edited=\u00bbon|phone\u00bb locked=\u00bboff\u00bb inline_fonts=\u00bbRubik,Alkalami,Titillium Web\u00bb global_colors_info=\u00bb{}\u00bb]<\/p>\n<h1><strong><span style=\"font-size: 20px;\">\u00a0<\/span>El Espacio<\/strong><\/h1>\n<blockquote>\n<p>\u201c\u00bfQui\u00e9n de ustedes es un puto integrado?\u201d<\/p>\n<p>Carlos Correas en <em>Ha Muerto un Puto<\/em><\/p>\n<\/blockquote>\n<p>Los discursos sobre el sexo comparten mucho con la topolog\u00eda. No deber\u00eda sorprender: es una disciplina que tiene entre sus categor\u00edas anal\u00edticas centrales el agujero. La sexualidad, adem\u00e1s, ocupa un lugar peculiar en la disposici\u00f3n de las cosas. Por un lado, est\u00e1 en el centro, en la medida en que su ejercicio es un componente inextricable de la reproducci\u00f3n social; y\u00a0 esto ya es problem\u00e1tico, en tanto esta no es ya su \u00fanica funci\u00f3n, y mucho menos la m\u00e1s frecuente. Por otro lado, requiere cierta econom\u00eda del secreto o la discreci\u00f3n: s\u00f3lo algunas partes de la sexualidad pueden ser desplegadas en p\u00fablico.<\/p>\n<p>Esta complejidad se prolifera cuando pluralizamos el t\u00e9rmino y hablamos de sexualidades. \u00bfC\u00f3mo ser\u00eda el mapeo cognitivo del deseo sexual? \u00bfEs la heterosexualidad una \u00fanica Cosa, un monolito? \u00bfEs todo lo que se encuentra fuera de ella lo mismo? \u00bfEs la frontera herm\u00e9tica o porosa? Desde el inicio: la heterosexualidad es una sexualidad que casi no se reconoce como tal; el t\u00e9rmino s\u00f3lo aparece cuando hay Muchas.\u00a0<\/p>\n<p>[\/et_pb_text][et_pb_code _builder_version=\u00bb4.25.2&#8243; _module_preset=\u00bbdefault\u00bb text_orientation=\u00bbcenter\u00bb global_colors_info=\u00bb{}\u00bb]  <a href=\"https:\/\/www.legislatura.gob.ar\/\" target=\"_blank\" rel=\"noopener\"><!-- [et_pb_line_break_holder] -->    <img data-recalc-dims=\"1\" decoding=\"async\" src=\"https:\/\/i0.wp.com\/imgur.com\/rLjBjeU.png?w=1080&#038;ssl=1\" alt=\"Legislatura-1\"><!-- [et_pb_line_break_holder] -->  <\/a>[\/et_pb_code][et_pb_image src=\u00bbhttps:\/\/urbe.com.ar\/revista\/wp-content\/uploads\/2025\/02\/bandera3.png\u00bb title_text=\u00bbbandera3&#8243; align=\u00bbcenter\u00bb _builder_version=\u00bb4.27.4&#8243; _module_preset=\u00bbdefault\u00bb global_colors_info=\u00bb{}\u00bb][\/et_pb_image][et_pb_text admin_label=\u00bbParrafo 1&#8243; _builder_version=\u00bb4.27.0&#8243; text_font=\u00bbTitillium Web||||||||\u00bb text_text_color=\u00bb#000000&#8243; text_font_size=\u00bb20px\u00bb text_line_height=\u00bb2em\u00bb custom_margin=\u00bb2%|0%|2%|0%|true|true\u00bb custom_padding=\u00bb||0px|0px||\u00bb text_font_size_tablet=\u00bb17px\u00bb text_font_size_phone=\u00bb16px\u00bb text_font_size_last_edited=\u00bbon|phone\u00bb locked=\u00bboff\u00bb inline_fonts=\u00bbRubik,Alkalami,Titillium Web\u00bb global_colors_info=\u00bb{}\u00bb]<\/p>\n<div class=\"et_fb_editing_enabled et-module-fa2114f0-5009-4e6d-b7d4-cb564959ae78 et_pb_text et_pb_module ui-sortable et_pb_text_7 et-animated--vb et_pb_text_align_left et_pb_bg_layout_light\" data-address=\"1.3.0.4\" dynamic=\"[object Object]\" matching=\"[object Object]\" parent_slug=\"et_pb_column\" theme_builder_suffix=\"\" wp_editor_suffix=\"\" wrapper_settings=\"[object Object]\" _key=\"fa2114f0-5009-4e6d-b7d4-cb564959ae78\">\n<div class=\"et_pb_text_inner\">\n<div data-shortcode-id=\"1.3.0.4-1736708856106\" data-quickaccess-editable=\"yes\" class=\"et-fb-popover-tinymce\">\n<div class=\"mce-content-body\" contenteditable=\"true\" style=\"position: relative;\">\n<p>Dentro del campo de la diversidad, este problema se ha planteado bajo el nombre del problema de la asimilaci\u00f3n, la integraci\u00f3n, la diferencia. Existen argumentos muy serios sobre la posibilidad de mantener un estricto aislamiento, una profilaxis social. Este separatismo es caracter\u00edstico de algunas tendencias del feminismo de la segunda ola, por ejemplo. No es sorprendente hoy ver rehabilitados los textos de autoras como Andrea Dworkin, que, pese a no ejercerlo expl\u00edcitamente, se ha convertido en la santa patrona del feminismo \u201cradical\u201d transf\u00f3bico. Son posturas militantes, pero casi militaristas; pragm\u00e1ticas, en el sentido de que la sexualidad aparece como un ejercicio consciente, desligado del deseo. Sus contactos criptofascistas, transodio mediante, no deber\u00edan sorprender.<\/p>\n<p>Pero esta no es la \u00fanica forma de insistir sobre la diferencia. Con una modulaci\u00f3n completamente opuesta (acad\u00e9mica, queer), pero una orientaci\u00f3n compartida (revolucionaria), es la concepci\u00f3n que han explorado autores como Lauren Berlant, Leo Bersani y, paradigm\u00e1ticamente, Lee Edelman. Sus textos son pol\u00e9micas contra un diagn\u00f3stico: el de un asimilacionismo gay, una integraci\u00f3n de sectores LGBT dentro de la Vida Normal. La asimilaci\u00f3n se asocia muchas veces a las conquistas: matrimonio igualitario, adopci\u00f3n, reconocimiento legal de la identidad de g\u00e9nero. Los debate sobre estos temas son complejos y m\u00e1s profundos de lo que parece: en el caso de la adopci\u00f3n por parte de parejas del mismo g\u00e9nero, su objetivo es evidente. Pero, \u00bfes necesario que el Estado me identifique con una X en mi Documento? \u00bfQu\u00e9 gano con eso, comparado con lo que pierdo (la posibilidad de que no me se\u00f1alen si no lo quiero?\u00a0<\/p>\n<p>Radicalmente antidial\u00e9ctico, Edelman propone en un libro titulado No Future, y subtitulado \u201cteor\u00eda queer y pulsi\u00f3n de muerte\u201d, que la asimilaci\u00f3n no es posible. Ni siquiera que no es deseable, sino directamente imposible. La homosexualidad, necesariamente irreproductiva, no ser\u00e1 nunca completamente capturada por el dispositivo normativo. (Nos encontramos aqu\u00ed con nuestra amiga, la Muerte, bajo el ropaje de la pulsi\u00f3n.)<\/p>\n<\/div>\n<\/div>\n<\/div>\n<\/div>\n<div class=\"et-module-31528379-5c85-44d3-b0b3-e17240cf8a5d et_pb_image et_pb_module ui-sortable et_pb_image_3 et-animated--vb\" data-address=\"1.3.0.5\" dynamic=\"[object Object]\" matching=\"[object Object]\" parent_slug=\"et_pb_column\" theme_builder_suffix=\"\" wp_editor_suffix=\"\" wrapper_settings=\"[object Object]\" _key=\"31528379-5c85-44d3-b0b3-e17240cf8a5d\"><\/div>\n<p><span style=\"font-weight: 400;\"><\/span><\/p>\n<p>[\/et_pb_text][et_pb_image src=\u00bbhttps:\/\/urbe.com.ar\/revista\/wp-content\/uploads\/2025\/02\/bandera4.png\u00bb title_text=\u00bbbandera4&#8243; align=\u00bbcenter\u00bb _builder_version=\u00bb4.27.4&#8243; _module_preset=\u00bbdefault\u00bb global_colors_info=\u00bb{}\u00bb][\/et_pb_image][et_pb_image src=\u00bbhttps:\/\/urbe.com.ar\/revista\/wp-content\/uploads\/2023\/05\/WhatsApp-Image-2023-03-13-at-16.37.45.jpeg\u00bb title_text=\u00bbWhatsApp Image 2023-03-13 at 16.37.45&#8243; align=\u00bbcenter\u00bb _builder_version=\u00bb4.26.0&#8243; _module_preset=\u00bbdefault\u00bb custom_margin=\u00bb3%||3%||true|false\u00bb global_colors_info=\u00bb{}\u00bb][\/et_pb_image][et_pb_text admin_label=\u00bbParrafo 1&#8243; _builder_version=\u00bb4.27.4&#8243; text_font=\u00bbTitillium Web||||||||\u00bb text_text_color=\u00bb#000000&#8243; text_font_size=\u00bb20px\u00bb text_line_height=\u00bb2em\u00bb min_height=\u00bb757px\u00bb custom_margin=\u00bb2%|0%|2%|0%|true|true\u00bb custom_padding=\u00bb||0px|0px||\u00bb text_font_size_tablet=\u00bb17px\u00bb text_font_size_phone=\u00bb16px\u00bb text_font_size_last_edited=\u00bbon|phone\u00bb locked=\u00bboff\u00bb inline_fonts=\u00bbRubik,Alkalami,Titillium Web\u00bb global_colors_info=\u00bb{}\u00bb]<\/p>\n<div class=\"et_fb_editing_enabled et-module-fa2114f0-5009-4e6d-b7d4-cb564959ae78 et_pb_text et_pb_module ui-sortable et_pb_text_7 et-animated--vb et_pb_text_align_left et_pb_bg_layout_light\" data-address=\"1.3.0.4\" dynamic=\"[object Object]\" matching=\"[object Object]\" parent_slug=\"et_pb_column\" theme_builder_suffix=\"\" wp_editor_suffix=\"\" wrapper_settings=\"[object Object]\" _key=\"fa2114f0-5009-4e6d-b7d4-cb564959ae78\">\n<div class=\"et_pb_text_inner\">\n<div data-shortcode-id=\"1.3.0.4-1736708856106\" data-quickaccess-editable=\"yes\" class=\"et-fb-popover-tinymce\">\n<div class=\"mce-content-body\" contenteditable=\"true\" style=\"position: relative;\">\n<p>Creemos que estas lecturas subestiman la capacidad de subsunci\u00f3n de la Vida Normal. Pero es f\u00e1cil burlarse de esas posiciones, y no es nuestro objetivo hacerlo, por dos motivos. El primero es que consideramos, en espejo, que las posturas \u201casimilacionistas\u201d (si vale llamarlas as\u00ed) sobreestiman la capacidad de subsunci\u00f3n de la Vida Normal. El segundo motivo es que encontramos crecientemente persuasivos los llamados a una separaci\u00f3n, ante el certero incremento de la violencia. (Imaginamos, en todo caso, una separaci\u00f3n t\u00e1ctica, no ontol\u00f3gicamente determinada). Y, sin embargo, las condiciones de la \u00e9poca hacen que esta separaci\u00f3n sea crecientemente improbable.<\/p>\n<p>No por nada el discurso del presidente apunta sobre dos casos puntuales: una pareja de varones gays, por un lado; personas trans, por el otro. Los dos extremos del continuo: quienes m\u00e1s reconocimiento han ganado, quienes cuentan con mayores privilegios, mayores conexiones con el mundo h\u00e9tero, mayor paz. Y, a la vez, el chivo expiatorio del fascismo tard\u00edo, quienes tienen menor expectativa de vida, mayores riesgos, a quienes les quedan mayores dolores. El presidente los nombra a los dos. No quiere que se salve nadie.<\/p>\n<p>En s\u00edntesis: la integraci\u00f3n o la separaci\u00f3n no son destinos, sino disposiciones temporales, contingentes, en lucha. \u00bfQu\u00e9 conviene? Quiz\u00e1s bifurcar nuestras vidas un poco m\u00e1s. Habilitar la posibilidad de ocupar posiciones diferenciadas en momentos diversos. Encontrar estrategias que nos hagan m\u00e1s visibles, cuando lo deseamos; pero menos visibles, cuando lo necesitamos. Eso no implica, desde ning\u00fan punto de vista, \u201cvolver al cl\u00f3set\u201d; sino, justamente, eliminar su l\u00f3gica binaria de puertas abiertas o cerradas.\u00a0<\/p>\n<\/div>\n<\/div>\n<\/div>\n<\/div>\n<div class=\"et-module-31528379-5c85-44d3-b0b3-e17240cf8a5d et_pb_image et_pb_module ui-sortable et_pb_image_3 et-animated--vb\" data-address=\"1.3.0.5\" dynamic=\"[object Object]\" matching=\"[object Object]\" parent_slug=\"et_pb_column\" theme_builder_suffix=\"\" wp_editor_suffix=\"\" wrapper_settings=\"[object Object]\" _key=\"31528379-5c85-44d3-b0b3-e17240cf8a5d\"><\/div>\n<p><span style=\"font-weight: 400;\"><\/span><\/p>\n<p>[\/et_pb_text][et_pb_image src=\u00bbhttps:\/\/urbe.com.ar\/revista\/wp-content\/uploads\/2025\/02\/bandera5.png\u00bb title_text=\u00bbbandera5&#8243; align=\u00bbcenter\u00bb _builder_version=\u00bb4.27.4&#8243; _module_preset=\u00bbdefault\u00bb global_colors_info=\u00bb{}\u00bb][\/et_pb_image][et_pb_text admin_label=\u00bbParrafo 1&#8243; _builder_version=\u00bb4.27.4&#8243; text_font=\u00bbTitillium Web||||||||\u00bb text_text_color=\u00bb#000000&#8243; text_font_size=\u00bb20px\u00bb text_line_height=\u00bb2em\u00bb min_height=\u00bb757px\u00bb custom_margin=\u00bb2%|0%|2%|0%|true|true\u00bb custom_padding=\u00bb||0px|0px||\u00bb text_font_size_tablet=\u00bb17px\u00bb text_font_size_phone=\u00bb16px\u00bb text_font_size_last_edited=\u00bbon|phone\u00bb locked=\u00bboff\u00bb inline_fonts=\u00bbRubik,Alkalami,Titillium Web\u00bb global_colors_info=\u00bb{}\u00bb]<\/p>\n<div class=\"et_fb_editing_enabled et-module-fa2114f0-5009-4e6d-b7d4-cb564959ae78 et_pb_text et_pb_module ui-sortable et_pb_text_7 et-animated--vb et_pb_text_align_left et_pb_bg_layout_light\" data-address=\"1.3.0.4\" dynamic=\"[object Object]\" matching=\"[object Object]\" parent_slug=\"et_pb_column\" theme_builder_suffix=\"\" wp_editor_suffix=\"\" wrapper_settings=\"[object Object]\" _key=\"fa2114f0-5009-4e6d-b7d4-cb564959ae78\">\n<div class=\"et_pb_text_inner\">\n<div data-shortcode-id=\"1.3.0.4-1736708856106\" data-quickaccess-editable=\"yes\" class=\"et-fb-popover-tinymce\">\n<div class=\"mce-content-body\" contenteditable=\"true\" style=\"position: relative;\">\n<blockquote><\/blockquote>\n<h1><strong>El Tiempo<\/strong><\/h1>\n<blockquote>\n<p><span style=\"font-family: inherit; font-size: 20px;\">\u201c\u00bfQu\u00e9 hay que hacer? Hay que hacer fuga.\u201d<br \/><\/span><span style=\"font-family: inherit; font-weight: normal;\">Marlene Wayar en <em>Travesti. Una teor\u00eda lo suficientemente buena<\/em><\/span><\/p>\n<p><span style=\"font-family: inherit; font-weight: normal;\"><em><\/em><\/span><\/p>\n<p>&nbsp;<\/p>\n<\/blockquote>\n<p>El planteo de Edelman, en el libro citado, no es espacial, sino m\u00e1s precisamente temporal. El texto est\u00e1 escrito a comienzos de siglo, y plantea una equivalencia entre familia y heterosexualidad que, ya para ese momento, estaba quedando desactualizada. Pero la familia persiste como problema. Es, de hecho, el n\u00facleo del discurso del presidente, que reitera el mito fundante de la fobia sexual: que los padres abusen a sus hijos. El discurso ubica dentro del campo de la diversidad sexual lo que en realidad corresponde a la familia como instituci\u00f3n social donde se produce una infinita gama de abusos y violencias.<\/p>\n<p>Cuando pensamos en este problema salimos de lo topol\u00f3gico, de la disposici\u00f3n de los cuerpos en el espacio, y entramos en lo cronol\u00f3gico. En el modo en que unos cuerpos engendran a otros. Porque el deseo no es pura presencia, pura descarga instant\u00e1nea que se agota y muere; puede contener, en cambio, deseo de su sostenibilidad, de su reproducci\u00f3n, o incluso deseo de otros deseos, deseo de establecer las condiciones para seguir deseando o para volver a desear.<\/p>\n<p>Todos los problemas de la topolog\u00eda queer se pueden volver a escribir como problemas de la temporalidad. Tomemos el caso de la Utop\u00eda Queer de Jos\u00e9 Esteban Mu\u00f1oz, un ensayo sobre la cultura del cruising, o lo que en estas tierras se conoce como yire. Esas formas del sexo p\u00fablico caracterizaron a las disidencias sexualidades durante mucho tiempo, y lo siguen haciendo en determinados contextos (pensamos, por ejemplo, en el territorio que compone Camila Sosa Villada en Las Malas). Se puede ver con facilidad su condicionamiento espacial: c\u00f3mo ciertos sectores son desplazados a los m\u00e1rgenes, las periferias, los sitios t\u00e1citos. Sin embargo, el problema que plantea Mu\u00f1oz es referido al porvenir: \u00bftiene sentido imaginar como deseables esas mismas formas, a las que llegamos por obligaci\u00f3n?<\/p>\n<\/div>\n<\/div>\n<\/div>\n<\/div>\n<div class=\"et-module-31528379-5c85-44d3-b0b3-e17240cf8a5d et_pb_image et_pb_module ui-sortable et_pb_image_3 et-animated--vb\" data-address=\"1.3.0.5\" dynamic=\"[object Object]\" matching=\"[object Object]\" parent_slug=\"et_pb_column\" theme_builder_suffix=\"\" wp_editor_suffix=\"\" wrapper_settings=\"[object Object]\" _key=\"31528379-5c85-44d3-b0b3-e17240cf8a5d\"><\/div>\n<p><span style=\"font-weight: 400;\"><\/span><\/p>\n<p>[\/et_pb_text][et_pb_image src=\u00bbhttps:\/\/urbe.com.ar\/revista\/wp-content\/uploads\/2025\/02\/bandera6.png\u00bb title_text=\u00bbbandera6&#8243; align=\u00bbcenter\u00bb _builder_version=\u00bb4.27.4&#8243; _module_preset=\u00bbdefault\u00bb global_colors_info=\u00bb{}\u00bb][\/et_pb_image][et_pb_text admin_label=\u00bbParrafo 1&#8243; _builder_version=\u00bb4.27.4&#8243; text_font=\u00bbTitillium Web||||||||\u00bb text_text_color=\u00bb#000000&#8243; text_font_size=\u00bb20px\u00bb text_line_height=\u00bb2em\u00bb custom_margin=\u00bb9.8%|0%|9.8%|0%|true|true\u00bb custom_padding=\u00bb||0px|0px||\u00bb text_font_size_tablet=\u00bb17px\u00bb text_font_size_phone=\u00bb16px\u00bb text_font_size_last_edited=\u00bbon|phone\u00bb locked=\u00bboff\u00bb inline_fonts=\u00bbRubik,Alkalami,Titillium Web\u00bb global_colors_info=\u00bb{}\u00bb]<\/p>\n<div class=\"et_fb_editing_enabled et-module-fa2114f0-5009-4e6d-b7d4-cb564959ae78 et_pb_text et_pb_module ui-sortable et_pb_text_7 et-animated--vb et_pb_text_align_left et_pb_bg_layout_light\" data-address=\"1.3.0.4\" dynamic=\"[object Object]\" matching=\"[object Object]\" parent_slug=\"et_pb_column\" theme_builder_suffix=\"\" wp_editor_suffix=\"\" wrapper_settings=\"[object Object]\" _key=\"fa2114f0-5009-4e6d-b7d4-cb564959ae78\">\n<div class=\"et_pb_text_inner\">\n<div data-shortcode-id=\"1.3.0.4-1736708856106\" data-quickaccess-editable=\"yes\" class=\"et-fb-popover-tinymce\">\n<div class=\"mce-content-body\" contenteditable=\"true\" style=\"position: relative;\">\n<p>En virtud, es el mismo problema que, en pol\u00edtica, ocupa a los debates sobre el tercermundismo y las tradiciones de los sectores populares: \u00bfes necesario, siempre y en todo lugar, defenderlas, a\u00fan cuando eso implique caer en un conservadurismo? Pero, \u00bfqu\u00e9 alternativa tenemos? \u00bfSon lo suficientemente fuertes las prefiguras de \u201cotros\u201d futuros, \u201cotras\u201d familias, \u201cotras\u201d sexualidades? \u00bfO es demasiado fuerte el peso del futuro como destino, ya determinado, con los l\u00edmites ya marcados?<\/p>\n<p>La pregunta, sin embargo, puede ampliarse: \u00bfhay futuro para la sexualidad? No para la disidente, sino para toda. Un reciente art\u00edculo de Ana Seresin introdujo el t\u00e9rmino \u201cheteropesimismo\u201d para referirse a una cierta desafecci\u00f3n con respecto a la heterosexualidad de parte de personas que la ejercen. Es, en cierto sentido, la versi\u00f3n liberal del pesimismo de Andrea Dworkin: que toda relaci\u00f3n entre mujeres y varones (\u00bfcisg\u00e9nero?) es necesariamente imposici\u00f3n, dominio. Y sin embargo, valdr\u00eda la pena preguntarse si el heteropesimismo debe ser rechazado en su totalidad como patol\u00f3gico o si puede ser reactivo, dir\u00eda Edelman, en su potencia cr\u00edtica: como rechazo de la necesidad, la normalidad, del modelo familiar tradicional. Y lo mismo puede decirse de la identificaci\u00f3n sexogen\u00e9rica.<\/p>\n<p>Querr\u00edamos decir, con Mu\u00f1oz, que hay futuros, una pluralidad de futuros, futuridades quiz\u00e1s. Sabemos que a veces lo cr\u00edtico y lo dist\u00f3pico se confunden; que lo ut\u00f3pico parece ingenuo, y lo pesimista parece patol\u00f3gico. En lugar de afirmar una de estas posibles relaciones con el futuro, preferir\u00edamos celebrar el deseo de futuros para nosotres.<\/p>\n<p>El discurso mataputos que cobra fuerza es, en relaci\u00f3n al tiempo, estrictamente totalitario. Si concibe la existencia de un campo virtual de posibilidades, es para obturar todas salvo una. En el campo de la sexualidad, esto resulta evidente: implica la asignaci\u00f3n coercitiva, para cada cuerpo, de un g\u00e9nero, una sexualidad y una forma de ejercerla. Esto es un empobrecimiento infinito de la potencia realmente existente (\u00a1incluso de la heterosexualidad!). Esa cancelaci\u00f3n del futuro debe ser combatida por todos los medios. Todos.<\/p>\n<\/div>\n<\/div>\n<\/div>\n<\/div>\n<div class=\"et-module-31528379-5c85-44d3-b0b3-e17240cf8a5d et_pb_image et_pb_module ui-sortable et_pb_image_3 et-animated--vb\" data-address=\"1.3.0.5\" dynamic=\"[object Object]\" matching=\"[object Object]\" parent_slug=\"et_pb_column\" theme_builder_suffix=\"\" wp_editor_suffix=\"\" wrapper_settings=\"[object Object]\" _key=\"31528379-5c85-44d3-b0b3-e17240cf8a5d\"><\/div>\n<p><span style=\"font-weight: 400;\"><\/span><\/p>\n<p>[\/et_pb_text][et_pb_image src=\u00bbhttps:\/\/urbe.com.ar\/revista\/wp-content\/uploads\/2025\/02\/bandera7.png\u00bb title_text=\u00bbbandera7&#8243; align=\u00bbcenter\u00bb _builder_version=\u00bb4.27.4&#8243; _module_preset=\u00bbdefault\u00bb global_colors_info=\u00bb{}\u00bb][\/et_pb_image][et_pb_text admin_label=\u00bbParrafo 1&#8243; _builder_version=\u00bb4.27.4&#8243; text_font=\u00bbTitillium Web||||||||\u00bb text_text_color=\u00bb#000000&#8243; text_font_size=\u00bb20px\u00bb text_line_height=\u00bb2em\u00bb min_height=\u00bb757px\u00bb custom_margin=\u00bb2%|0%|2%|0%|true|true\u00bb custom_padding=\u00bb||0px|0px||\u00bb text_font_size_tablet=\u00bb17px\u00bb text_font_size_phone=\u00bb16px\u00bb text_font_size_last_edited=\u00bbon|phone\u00bb locked=\u00bboff\u00bb inline_fonts=\u00bbRubik,Alkalami,Titillium Web\u00bb global_colors_info=\u00bb{}\u00bb]<\/p>\n<div class=\"et_fb_editing_enabled et-module-fa2114f0-5009-4e6d-b7d4-cb564959ae78 et_pb_text et_pb_module ui-sortable et_pb_text_7 et-animated--vb et_pb_text_align_left et_pb_bg_layout_light\" data-address=\"1.3.0.4\" dynamic=\"[object Object]\" matching=\"[object Object]\" parent_slug=\"et_pb_column\" theme_builder_suffix=\"\" wp_editor_suffix=\"\" wrapper_settings=\"[object Object]\" _key=\"fa2114f0-5009-4e6d-b7d4-cb564959ae78\">\n<div class=\"et_pb_text_inner\">\n<div data-shortcode-id=\"1.3.0.4-1736708856106\" data-quickaccess-editable=\"yes\" class=\"et-fb-popover-tinymce\">\n<div class=\"mce-content-body\" contenteditable=\"true\" style=\"position: relative;\">\n<h1><strong>La Negatividad<\/strong><\/h1>\n<p>El Problema del que intentamos hablar, que intentamos hacer hablar en estos p\u00e1rrafos, no es otro que el problema de la negatividad. La sexualidad es un terreno id\u00f3neo para pensar esto, porque habilita tanto una negaci\u00f3n (de un cierto deber ser, por un cierto desear) como una afirmaci\u00f3n (de su propia potencia deseante). Es un problema ineludible de estos tiempos tard\u00edos, porque es un problema inmediatamente vinculado al de la violencia y la imposici\u00f3n autoritaria .<\/p>\n<p>No quisimos resolver, dar respuestas certeras; de todos modos, no las tenemos. No queremos inventar nada, ni hace falta; s\u00f3lo permanecer radicalmente leales al principio que nos ha convocado siempre: la solidaridad.<\/p>\n<p>Nuestro objetivo es pensar en la urgencia sin urgencia, sin someternos a la demanda de la urgencia. Los riesgos que ella trae son muy elevados: cuando te persiguen, tropez\u00e1s m\u00e1s f\u00e1cil; cuando te torturan, delat\u00e1s a todo el mundo. El incremento de la violencia puede tentarnos con algunas supuestas soluciones: enfrentarnos entre nosotres, o bien reducirnos a la resistencia callada, o incluso transigir en todo con tal de sobrevivir. Contra todas estas ideas, queremos resaltar s\u00f3lo un principio t\u00e1ctico: que persista algo as\u00ed como una agencia, algo as\u00ed como una potencia. Y que todos los esfuerzos apunten a aumentarla. Eso podr\u00e1 querer decir, en ciertos terrenos, ganar autonom\u00eda; en otros, conformar alianzas. La pol\u00edtica, de ella se trata, es un arte de disponer cuerpos. Hay que hacerlo con cuidado, con miedo, con dudas, pero hacerlo.<\/p>\n<\/div>\n<\/div>\n<\/div>\n<\/div>\n<div class=\"et-module-31528379-5c85-44d3-b0b3-e17240cf8a5d et_pb_image et_pb_module ui-sortable et_pb_image_3 et-animated--vb\" data-address=\"1.3.0.5\" dynamic=\"[object Object]\" matching=\"[object Object]\" parent_slug=\"et_pb_column\" theme_builder_suffix=\"\" wp_editor_suffix=\"\" wrapper_settings=\"[object Object]\" _key=\"31528379-5c85-44d3-b0b3-e17240cf8a5d\"><\/div>\n<p><span style=\"font-weight: 400;\"><\/span><\/p>\n<p>[\/et_pb_text][et_pb_image src=\u00bbhttps:\/\/urbe.com.ar\/revista\/wp-content\/uploads\/2025\/02\/bandera8.png\u00bb title_text=\u00bbbandera8&#8243; align=\u00bbcenter\u00bb _builder_version=\u00bb4.27.4&#8243; _module_preset=\u00bbdefault\u00bb global_colors_info=\u00bb{}\u00bb][\/et_pb_image][et_pb_text admin_label=\u00bbParrafo 1&#8243; _builder_version=\u00bb4.27.0&#8243; text_font=\u00bbTitillium Web||||||||\u00bb text_text_color=\u00bb#000000&#8243; text_font_size=\u00bb20px\u00bb text_line_height=\u00bb2em\u00bb custom_margin=\u00bb2%|0%|2%|0%|true|true\u00bb custom_padding=\u00bb||0px|0px||\u00bb text_font_size_tablet=\u00bb17px\u00bb text_font_size_phone=\u00bb16px\u00bb text_font_size_last_edited=\u00bbon|phone\u00bb locked=\u00bboff\u00bb inline_fonts=\u00bbRubik,Alkalami,Titillium Web\u00bb global_colors_info=\u00bb{}\u00bb][\/et_pb_text][et_pb_blog fullwidth=\u00bboff\u00bb posts_number=\u00bb3&#8243; include_categories=\u00bbcurrent\u00bb meta_date=\u00bbj M,Y\u00bb excerpt_length=\u00bb80&#8243; show_author=\u00bboff\u00bb show_categories=\u00bboff\u00bb show_pagination=\u00bboff\u00bb masonry_tile_background_color=\u00bb#FFFFFF\u00bb disabled_on=\u00bbon|off|off\u00bb module_class=\u00bbpa-blog \u00bb _builder_version=\u00bb4.25.1&#8243; header_font=\u00bb|700|||||||\u00bb header_text_color=\u00bb#FFFFFF\u00bb header_font_size=\u00bb20px\u00bb body_font=\u00bb|600|||||||\u00bb body_text_color=\u00bb#FFFFFF\u00bb meta_text_color=\u00bb#FFFFFF\u00bb read_more_text_color=\u00bb#FFFFFF\u00bb background_color=\u00bb#FFFFFF\u00bb min_height=\u00bb100px\u00bb custom_margin=\u00bb0px||0%||false|false\u00bb custom_margin_tablet=\u00bb0%||||false|false\u00bb custom_margin_phone=\u00bb\u00bb custom_margin_last_edited=\u00bbon|desktop\u00bb custom_padding=\u00bb||0px|||\u00bb header_text_shadow_style=\u00bbpreset3&#8243; header_text_shadow_color=\u00bb#000000&#8243; body_text_shadow_style=\u00bbpreset3&#8243; body_text_shadow_color=\u00bb#000000&#8243; meta_text_shadow_style=\u00bbpreset3&#8243; meta_text_shadow_color=\u00bb#000000&#8243; border_color_all_image=\u00bb#FFFFFF\u00bb border_width_top_image=\u00bb2px\u00bb text_shadow_style=\u00bbpreset3&#8243; text_shadow_blur_strength=\u00bb0.54em\u00bb text_shadow_color=\u00bb#000000&#8243; global_colors_info=\u00bb{}\u00bb][\/et_pb_blog][et_pb_image src=\u00bbhttps:\/\/urbe.com.ar\/revista\/wp-content\/uploads\/2023\/05\/banner-escritores-copy.jpg\u00bb title_text=\u00bbbanner escritores copy\u00bb _builder_version=\u00bb4.21.0&#8243; _module_preset=\u00bbdefault\u00bb custom_margin=\u00bb15%||||false|false\u00bb global_colors_info=\u00bb{}\u00bb][\/et_pb_image][\/et_pb_column][\/et_pb_row][\/et_pb_section]<\/p>\n","protected":false},"excerpt":{"rendered":"<p>Por <b>Dante Sabatto<\/b><\/p>\n","protected":false},"author":12,"featured_media":10622,"comment_status":"closed","ping_status":"closed","sticky":false,"template":"","format":"standard","meta":{"_et_pb_use_builder":"on","_et_pb_old_content":"","_et_gb_content_width":"1080","_jetpack_memberships_contains_paid_content":false,"footnotes":""},"categories":[8],"tags":[],"class_list":["post-10621","post","type-post","status-publish","format-standard","has-post-thumbnail","hentry","category-feminismo"],"yoast_head":"<!-- This site is optimized with the Yoast SEO plugin v27.4 - https:\/\/yoast.com\/product\/yoast-seo-wordpress\/ -->\n<title>Sexo, muerte, disidencia - Revista Urbe<\/title>\n<meta name=\"robots\" content=\"index, follow, max-snippet:-1, max-image-preview:large, max-video-preview:-1\" \/>\n<link rel=\"canonical\" href=\"https:\/\/urbe.com.ar\/revista\/sexo-muerte-disidencia\/\" \/>\n<meta property=\"og:locale\" content=\"es_ES\" \/>\n<meta property=\"og:type\" content=\"article\" \/>\n<meta property=\"og:title\" content=\"Sexo, muerte, disidencia - Revista Urbe\" \/>\n<meta property=\"og:description\" content=\"Por Dante Sabatto\" \/>\n<meta property=\"og:url\" content=\"https:\/\/urbe.com.ar\/revista\/sexo-muerte-disidencia\/\" \/>\n<meta property=\"og:site_name\" content=\"Revista Urbe\" \/>\n<meta property=\"article:published_time\" content=\"2025-02-02T12:53:15+00:00\" \/>\n<meta property=\"article:modified_time\" content=\"2025-02-02T16:03:24+00:00\" \/>\n<meta property=\"og:image\" content=\"https:\/\/urbe.com.ar\/revista\/wp-content\/uploads\/2025\/02\/sexo-muerte-disidencia-web.png\" \/>\n\t<meta property=\"og:image:width\" content=\"1080\" \/>\n\t<meta property=\"og:image:height\" content=\"953\" \/>\n\t<meta property=\"og:image:type\" content=\"image\/png\" \/>\n<meta name=\"author\" content=\"Dante Sabatto\" \/>\n<meta name=\"twitter:card\" content=\"summary_large_image\" \/>\n<meta name=\"twitter:creator\" content=\"@Revistaurbe_\" \/>\n<meta name=\"twitter:site\" content=\"@Revistaurbe_\" \/>\n<meta name=\"twitter:label1\" content=\"Escrito por\" \/>\n\t<meta name=\"twitter:data1\" content=\"Dante Sabatto\" \/>\n\t<meta name=\"twitter:label2\" content=\"Tiempo de lectura\" \/>\n\t<meta name=\"twitter:data2\" content=\"12 minutos\" \/>\n<script type=\"application\/ld+json\" class=\"yoast-schema-graph\">{\"@context\":\"https:\\\/\\\/schema.org\",\"@graph\":[{\"@type\":\"Article\",\"@id\":\"https:\\\/\\\/urbe.com.ar\\\/revista\\\/sexo-muerte-disidencia\\\/#article\",\"isPartOf\":{\"@id\":\"https:\\\/\\\/urbe.com.ar\\\/revista\\\/sexo-muerte-disidencia\\\/\"},\"author\":{\"name\":\"Dante Sabatto\",\"@id\":\"https:\\\/\\\/urbe.com.ar\\\/revista\\\/#\\\/schema\\\/person\\\/7d74fe34497d3bf56b8acdbaa3c3c465\"},\"headline\":\"Sexo, muerte, disidencia\",\"datePublished\":\"2025-02-02T12:53:15+00:00\",\"dateModified\":\"2025-02-02T16:03:24+00:00\",\"mainEntityOfPage\":{\"@id\":\"https:\\\/\\\/urbe.com.ar\\\/revista\\\/sexo-muerte-disidencia\\\/\"},\"wordCount\":4391,\"image\":{\"@id\":\"https:\\\/\\\/urbe.com.ar\\\/revista\\\/sexo-muerte-disidencia\\\/#primaryimage\"},\"thumbnailUrl\":\"https:\\\/\\\/i0.wp.com\\\/urbe.com.ar\\\/revista\\\/wp-content\\\/uploads\\\/2025\\\/02\\\/sexo-muerte-disidencia-web.png?fit=1080%2C953&ssl=1\",\"articleSection\":[\"FEMINISMO\"],\"inLanguage\":\"es\"},{\"@type\":\"WebPage\",\"@id\":\"https:\\\/\\\/urbe.com.ar\\\/revista\\\/sexo-muerte-disidencia\\\/\",\"url\":\"https:\\\/\\\/urbe.com.ar\\\/revista\\\/sexo-muerte-disidencia\\\/\",\"name\":\"Sexo, muerte, disidencia - Revista Urbe\",\"isPartOf\":{\"@id\":\"https:\\\/\\\/urbe.com.ar\\\/revista\\\/#website\"},\"primaryImageOfPage\":{\"@id\":\"https:\\\/\\\/urbe.com.ar\\\/revista\\\/sexo-muerte-disidencia\\\/#primaryimage\"},\"image\":{\"@id\":\"https:\\\/\\\/urbe.com.ar\\\/revista\\\/sexo-muerte-disidencia\\\/#primaryimage\"},\"thumbnailUrl\":\"https:\\\/\\\/i0.wp.com\\\/urbe.com.ar\\\/revista\\\/wp-content\\\/uploads\\\/2025\\\/02\\\/sexo-muerte-disidencia-web.png?fit=1080%2C953&ssl=1\",\"datePublished\":\"2025-02-02T12:53:15+00:00\",\"dateModified\":\"2025-02-02T16:03:24+00:00\",\"author\":{\"@id\":\"https:\\\/\\\/urbe.com.ar\\\/revista\\\/#\\\/schema\\\/person\\\/7d74fe34497d3bf56b8acdbaa3c3c465\"},\"breadcrumb\":{\"@id\":\"https:\\\/\\\/urbe.com.ar\\\/revista\\\/sexo-muerte-disidencia\\\/#breadcrumb\"},\"inLanguage\":\"es\",\"potentialAction\":[{\"@type\":\"ReadAction\",\"target\":[\"https:\\\/\\\/urbe.com.ar\\\/revista\\\/sexo-muerte-disidencia\\\/\"]}]},{\"@type\":\"ImageObject\",\"inLanguage\":\"es\",\"@id\":\"https:\\\/\\\/urbe.com.ar\\\/revista\\\/sexo-muerte-disidencia\\\/#primaryimage\",\"url\":\"https:\\\/\\\/i0.wp.com\\\/urbe.com.ar\\\/revista\\\/wp-content\\\/uploads\\\/2025\\\/02\\\/sexo-muerte-disidencia-web.png?fit=1080%2C953&ssl=1\",\"contentUrl\":\"https:\\\/\\\/i0.wp.com\\\/urbe.com.ar\\\/revista\\\/wp-content\\\/uploads\\\/2025\\\/02\\\/sexo-muerte-disidencia-web.png?fit=1080%2C953&ssl=1\",\"width\":1080,\"height\":953},{\"@type\":\"BreadcrumbList\",\"@id\":\"https:\\\/\\\/urbe.com.ar\\\/revista\\\/sexo-muerte-disidencia\\\/#breadcrumb\",\"itemListElement\":[{\"@type\":\"ListItem\",\"position\":1,\"name\":\"Portada\",\"item\":\"https:\\\/\\\/urbe.com.ar\\\/revista\\\/\"},{\"@type\":\"ListItem\",\"position\":2,\"name\":\"Sexo, muerte, disidencia\"}]},{\"@type\":\"WebSite\",\"@id\":\"https:\\\/\\\/urbe.com.ar\\\/revista\\\/#website\",\"url\":\"https:\\\/\\\/urbe.com.ar\\\/revista\\\/\",\"name\":\"Revista Urbe\",\"description\":\"\",\"potentialAction\":[{\"@type\":\"SearchAction\",\"target\":{\"@type\":\"EntryPoint\",\"urlTemplate\":\"https:\\\/\\\/urbe.com.ar\\\/revista\\\/?s={search_term_string}\"},\"query-input\":{\"@type\":\"PropertyValueSpecification\",\"valueRequired\":true,\"valueName\":\"search_term_string\"}}],\"inLanguage\":\"es\"},{\"@type\":\"Person\",\"@id\":\"https:\\\/\\\/urbe.com.ar\\\/revista\\\/#\\\/schema\\\/person\\\/7d74fe34497d3bf56b8acdbaa3c3c465\",\"name\":\"Dante Sabatto\",\"image\":{\"@type\":\"ImageObject\",\"inLanguage\":\"es\",\"@id\":\"https:\\\/\\\/secure.gravatar.com\\\/avatar\\\/2077097869e17a262eb8d0e6f2f1895aac0bca61b8051a6673fcdb82c80c2378?s=96&d=mm&r=g\",\"url\":\"https:\\\/\\\/secure.gravatar.com\\\/avatar\\\/2077097869e17a262eb8d0e6f2f1895aac0bca61b8051a6673fcdb82c80c2378?s=96&d=mm&r=g\",\"contentUrl\":\"https:\\\/\\\/secure.gravatar.com\\\/avatar\\\/2077097869e17a262eb8d0e6f2f1895aac0bca61b8051a6673fcdb82c80c2378?s=96&d=mm&r=g\",\"caption\":\"Dante Sabatto\"},\"url\":\"https:\\\/\\\/urbe.com.ar\\\/revista\\\/author\\\/dante-sabatto\\\/\"}]}<\/script>\n<!-- \/ Yoast SEO plugin. -->","yoast_head_json":{"title":"Sexo, muerte, disidencia - Revista Urbe","robots":{"index":"index","follow":"follow","max-snippet":"max-snippet:-1","max-image-preview":"max-image-preview:large","max-video-preview":"max-video-preview:-1"},"canonical":"https:\/\/urbe.com.ar\/revista\/sexo-muerte-disidencia\/","og_locale":"es_ES","og_type":"article","og_title":"Sexo, muerte, disidencia - Revista Urbe","og_description":"Por Dante Sabatto","og_url":"https:\/\/urbe.com.ar\/revista\/sexo-muerte-disidencia\/","og_site_name":"Revista Urbe","article_published_time":"2025-02-02T12:53:15+00:00","article_modified_time":"2025-02-02T16:03:24+00:00","og_image":[{"width":1080,"height":953,"url":"https:\/\/urbe.com.ar\/revista\/wp-content\/uploads\/2025\/02\/sexo-muerte-disidencia-web.png","type":"image\/png"}],"author":"Dante Sabatto","twitter_card":"summary_large_image","twitter_creator":"@Revistaurbe_","twitter_site":"@Revistaurbe_","twitter_misc":{"Escrito por":"Dante Sabatto","Tiempo de lectura":"12 minutos"},"schema":{"@context":"https:\/\/schema.org","@graph":[{"@type":"Article","@id":"https:\/\/urbe.com.ar\/revista\/sexo-muerte-disidencia\/#article","isPartOf":{"@id":"https:\/\/urbe.com.ar\/revista\/sexo-muerte-disidencia\/"},"author":{"name":"Dante Sabatto","@id":"https:\/\/urbe.com.ar\/revista\/#\/schema\/person\/7d74fe34497d3bf56b8acdbaa3c3c465"},"headline":"Sexo, muerte, disidencia","datePublished":"2025-02-02T12:53:15+00:00","dateModified":"2025-02-02T16:03:24+00:00","mainEntityOfPage":{"@id":"https:\/\/urbe.com.ar\/revista\/sexo-muerte-disidencia\/"},"wordCount":4391,"image":{"@id":"https:\/\/urbe.com.ar\/revista\/sexo-muerte-disidencia\/#primaryimage"},"thumbnailUrl":"https:\/\/i0.wp.com\/urbe.com.ar\/revista\/wp-content\/uploads\/2025\/02\/sexo-muerte-disidencia-web.png?fit=1080%2C953&ssl=1","articleSection":["FEMINISMO"],"inLanguage":"es"},{"@type":"WebPage","@id":"https:\/\/urbe.com.ar\/revista\/sexo-muerte-disidencia\/","url":"https:\/\/urbe.com.ar\/revista\/sexo-muerte-disidencia\/","name":"Sexo, muerte, disidencia - Revista Urbe","isPartOf":{"@id":"https:\/\/urbe.com.ar\/revista\/#website"},"primaryImageOfPage":{"@id":"https:\/\/urbe.com.ar\/revista\/sexo-muerte-disidencia\/#primaryimage"},"image":{"@id":"https:\/\/urbe.com.ar\/revista\/sexo-muerte-disidencia\/#primaryimage"},"thumbnailUrl":"https:\/\/i0.wp.com\/urbe.com.ar\/revista\/wp-content\/uploads\/2025\/02\/sexo-muerte-disidencia-web.png?fit=1080%2C953&ssl=1","datePublished":"2025-02-02T12:53:15+00:00","dateModified":"2025-02-02T16:03:24+00:00","author":{"@id":"https:\/\/urbe.com.ar\/revista\/#\/schema\/person\/7d74fe34497d3bf56b8acdbaa3c3c465"},"breadcrumb":{"@id":"https:\/\/urbe.com.ar\/revista\/sexo-muerte-disidencia\/#breadcrumb"},"inLanguage":"es","potentialAction":[{"@type":"ReadAction","target":["https:\/\/urbe.com.ar\/revista\/sexo-muerte-disidencia\/"]}]},{"@type":"ImageObject","inLanguage":"es","@id":"https:\/\/urbe.com.ar\/revista\/sexo-muerte-disidencia\/#primaryimage","url":"https:\/\/i0.wp.com\/urbe.com.ar\/revista\/wp-content\/uploads\/2025\/02\/sexo-muerte-disidencia-web.png?fit=1080%2C953&ssl=1","contentUrl":"https:\/\/i0.wp.com\/urbe.com.ar\/revista\/wp-content\/uploads\/2025\/02\/sexo-muerte-disidencia-web.png?fit=1080%2C953&ssl=1","width":1080,"height":953},{"@type":"BreadcrumbList","@id":"https:\/\/urbe.com.ar\/revista\/sexo-muerte-disidencia\/#breadcrumb","itemListElement":[{"@type":"ListItem","position":1,"name":"Portada","item":"https:\/\/urbe.com.ar\/revista\/"},{"@type":"ListItem","position":2,"name":"Sexo, muerte, disidencia"}]},{"@type":"WebSite","@id":"https:\/\/urbe.com.ar\/revista\/#website","url":"https:\/\/urbe.com.ar\/revista\/","name":"Revista Urbe","description":"","potentialAction":[{"@type":"SearchAction","target":{"@type":"EntryPoint","urlTemplate":"https:\/\/urbe.com.ar\/revista\/?s={search_term_string}"},"query-input":{"@type":"PropertyValueSpecification","valueRequired":true,"valueName":"search_term_string"}}],"inLanguage":"es"},{"@type":"Person","@id":"https:\/\/urbe.com.ar\/revista\/#\/schema\/person\/7d74fe34497d3bf56b8acdbaa3c3c465","name":"Dante Sabatto","image":{"@type":"ImageObject","inLanguage":"es","@id":"https:\/\/secure.gravatar.com\/avatar\/2077097869e17a262eb8d0e6f2f1895aac0bca61b8051a6673fcdb82c80c2378?s=96&d=mm&r=g","url":"https:\/\/secure.gravatar.com\/avatar\/2077097869e17a262eb8d0e6f2f1895aac0bca61b8051a6673fcdb82c80c2378?s=96&d=mm&r=g","contentUrl":"https:\/\/secure.gravatar.com\/avatar\/2077097869e17a262eb8d0e6f2f1895aac0bca61b8051a6673fcdb82c80c2378?s=96&d=mm&r=g","caption":"Dante Sabatto"},"url":"https:\/\/urbe.com.ar\/revista\/author\/dante-sabatto\/"}]}},"jetpack_featured_media_url":"https:\/\/i0.wp.com\/urbe.com.ar\/revista\/wp-content\/uploads\/2025\/02\/sexo-muerte-disidencia-web.png?fit=1080%2C953&ssl=1","jetpack_sharing_enabled":true,"_links":{"self":[{"href":"https:\/\/urbe.com.ar\/revista\/wp-json\/wp\/v2\/posts\/10621","targetHints":{"allow":["GET"]}}],"collection":[{"href":"https:\/\/urbe.com.ar\/revista\/wp-json\/wp\/v2\/posts"}],"about":[{"href":"https:\/\/urbe.com.ar\/revista\/wp-json\/wp\/v2\/types\/post"}],"author":[{"embeddable":true,"href":"https:\/\/urbe.com.ar\/revista\/wp-json\/wp\/v2\/users\/12"}],"replies":[{"embeddable":true,"href":"https:\/\/urbe.com.ar\/revista\/wp-json\/wp\/v2\/comments?post=10621"}],"version-history":[{"count":8,"href":"https:\/\/urbe.com.ar\/revista\/wp-json\/wp\/v2\/posts\/10621\/revisions"}],"predecessor-version":[{"id":10644,"href":"https:\/\/urbe.com.ar\/revista\/wp-json\/wp\/v2\/posts\/10621\/revisions\/10644"}],"wp:featuredmedia":[{"embeddable":true,"href":"https:\/\/urbe.com.ar\/revista\/wp-json\/wp\/v2\/media\/10622"}],"wp:attachment":[{"href":"https:\/\/urbe.com.ar\/revista\/wp-json\/wp\/v2\/media?parent=10621"}],"wp:term":[{"taxonomy":"category","embeddable":true,"href":"https:\/\/urbe.com.ar\/revista\/wp-json\/wp\/v2\/categories?post=10621"},{"taxonomy":"post_tag","embeddable":true,"href":"https:\/\/urbe.com.ar\/revista\/wp-json\/wp\/v2\/tags?post=10621"}],"curies":[{"name":"wp","href":"https:\/\/api.w.org\/{rel}","templated":true}]}}