{"id":10570,"date":"2025-01-18T11:00:00","date_gmt":"2025-01-18T11:00:00","guid":{"rendered":"https:\/\/urbe.com.ar\/revista\/?p=10570"},"modified":"2025-01-16T14:55:00","modified_gmt":"2025-01-16T14:55:00","slug":"brat-remix-summer","status":"publish","type":"post","link":"https:\/\/urbe.com.ar\/revista\/brat-remix-summer\/","title":{"rendered":"brat\/remix summer"},"content":{"rendered":"\n[et_pb_section fb_built=\u00bb1&#8243; disabled_on=\u00bbon|on|on\u00bb _builder_version=\u00bb4.27.4&#8243; disabled=\u00bbon\u00bb global_colors_info=\u00bb{}\u00bb][et_pb_row _builder_version=\u00bb4.27.4&#8243; global_colors_info=\u00bb{}\u00bb][et_pb_column type=\u00bb4_4&#8243; _builder_version=\u00bb4.18.0&#8243; global_colors_info=\u00bb{}\u00bb][et_pb_text disabled_on=\u00bbon|on|on\u00bb _builder_version=\u00bb4.27.4&#8243; text_font=\u00bbTitillium Web||||||||\u00bb custom_padding=\u00bb||28px|||\u00bb disabled=\u00bbon\u00bb global_colors_info=\u00bb{}\u00bb]<p><b>Don In\u00e9s Yasuda<\/b> | BRAT, de Charli xcx, sali\u00f3 en junio de 2024, en pleno verano del hemisferio norte. Ahora que esa estaci\u00f3n lleg\u00f3 a nuestras tierras, tenemos nuestro propio brat summer. Don In\u00e9s Yasuda lo celebra con un ensayo sobre los remixes del disco pop m\u00e1s ic\u00f3nico de los \u00faltimos a\u00f1os: una indagaci\u00f3n sobre la hauntolog\u00eda de la fiesta.<\/p>[\/et_pb_text][\/et_pb_column][\/et_pb_row][\/et_pb_section][et_pb_section fb_built=\u00bb1&#8243; _builder_version=\u00bb4.27.4&#8243; _module_preset=\u00bbdefault\u00bb global_colors_info=\u00bb{}\u00bb][et_pb_row _builder_version=\u00bb4.25.1&#8243; background_color=\u00bb#ffffff\u00bb background_enable_image=\u00bboff\u00bb custom_margin=\u00bb40px||20px||false|false\u00bb custom_padding=\u00bb12px|0px|12px|0px|true|true\u00bb border_color_left=\u00bb#F2AF46&#8243; global_colors_info=\u00bb{}\u00bb][et_pb_column type=\u00bb4_4&#8243; _builder_version=\u00bb4.25.1&#8243; global_colors_info=\u00bb{}\u00bb][et_pb_text _builder_version=\u00bb4.27.4&#8243; text_font=\u00bbTitillium Web|600|||||||\u00bb text_text_color=\u00bb#000000&#8243; text_font_size=\u00bb18px\u00bb header_text_align=\u00bbcenter\u00bb header_font_size=\u00bb35px\u00bb background_color=\u00bbRGBA(255,255,255,0)\u00bb background_layout=\u00bbdark\u00bb custom_margin=\u00bb2%|0%|2%|0%|true|true\u00bb custom_padding=\u00bb|||0px|false|false\u00bb hover_enabled=\u00bb0&#8243; border_color_all=\u00bb#F2AF46&#8243; global_colors_info=\u00bb{}\u00bb sticky_enabled=\u00bb0&#8243;]<p style=\"text-align: center;\"><strong>M\u00fasica<\/strong><\/p>[\/et_pb_text][et_pb_text _builder_version=\u00bb4.27.2&#8243; text_font=\u00bbTitillium Web|300|||||||\u00bb text_text_color=\u00bb#000000&#8243; text_line_height=\u00bb1.4em\u00bb header_font=\u00bb|700||on|||||\u00bb header_text_align=\u00bbleft\u00bb header_text_color=\u00bb#272727&#8243; header_font_size=\u00bb4em\u00bb background_color=\u00bbRGBA(255,255,255,0)\u00bb background_enable_image=\u00bboff\u00bb background_size=\u00bbstretch\u00bb width=\u00bb100%\u00bb module_alignment=\u00bbleft\u00bb min_height=\u00bb71px\u00bb custom_margin=\u00bb3%|0%|3%|0%|true|true\u00bb custom_padding=\u00bb|0%|0px|0%|false|true\u00bb global_colors_info=\u00bb{}\u00bb]<h1 style=\"text-align: center;\">brat\/remix summer<\/h1>[\/et_pb_text][et_pb_text admin_label=\u00bbParrafo 1&#8243; _builder_version=\u00bb4.27.2&#8243; text_font=\u00bbTitillium Web||||||||\u00bb text_text_color=\u00bb#000000&#8243; text_font_size=\u00bb20px\u00bb text_line_height=\u00bb2em\u00bb custom_margin=\u00bb2%|0%|2%|0%|true|true\u00bb custom_padding=\u00bb||0px|||\u00bb text_font_size_tablet=\u00bb17px\u00bb text_font_size_phone=\u00bb16px\u00bb text_font_size_last_edited=\u00bbon|phone\u00bb locked=\u00bboff\u00bb inline_fonts=\u00bbRubik,Alkalami,Titillium Web\u00bb global_colors_info=\u00bb{}\u00bb]<div class=\"\" data-block=\"true\" data-editor=\"fd8ss\" data-offset-key=\"4uv8o-0-0\">\n<div data-offset-key=\"4uv8o-0-0\" class=\"public-DraftStyleDefault-block public-DraftStyleDefault-ltr\" style=\"text-align: center;\">BRAT, de Charli xcx, sali\u00f3 en junio de 2024, en pleno verano del hemisferio norte. Ahora que esa estaci\u00f3n lleg\u00f3 a nuestras tierras, tenemos nuestro propio brat summer. Don In\u00e9s Yasuda lo celebra con un ensayo sobre los remixes del disco pop m\u00e1s ic\u00f3nico de los \u00faltimos a\u00f1os: una indagaci\u00f3n sobre la hauntolog\u00eda de la fiesta.<\/div>\n<\/div>\n<div class=\"\" data-block=\"true\" data-editor=\"fd8ss\" data-offset-key=\"5shq2-0-0\" style=\"text-align: center;\"><\/div>[\/et_pb_text][et_pb_text _builder_version=\u00bb4.27.4&#8243; text_font=\u00bbTitillium Web||||||||\u00bb text_text_color=\u00bb#000000&#8243; text_font_size=\u00bb18px\u00bb header_text_align=\u00bbcenter\u00bb header_text_color=\u00bb#057E7E\u00bb header_font_size=\u00bb35px\u00bb text_orientation=\u00bbjustified\u00bb custom_margin=\u00bb2%|0%|2%|0%|true|true\u00bb custom_padding=\u00bb|||0px|false|false\u00bb border_color_left=\u00bb#F2AF46&#8243; global_colors_info=\u00bb{}\u00bb]<p style=\"text-align: center;\">Por <b>Don In\u00e9s Yasuda<\/b><br \/><span style=\"font-size: medium;\">18 de enero de 2024<\/span><\/p>[\/et_pb_text][et_pb_image src=\u00bbhttps:\/\/urbe.com.ar\/revista\/wp-content\/uploads\/2025\/01\/brat-remix-summer-web.png\u00bb title_text=\u00bbbrat remix summer web\u00bb disabled_on=\u00bboff|off|off\u00bb _builder_version=\u00bb4.27.4&#8243; background_enable_image=\u00bboff\u00bb custom_margin=\u00bb5%|0%|5%|0%|true|true\u00bb custom_margin_tablet=\u00bb\u00bb custom_margin_phone=\u00bb6%|0%|6%|0%|true|true\u00bb custom_margin_last_edited=\u00bbon|phone\u00bb hover_enabled=\u00bb0&#8243; global_colors_info=\u00bb{}\u00bb sticky_enabled=\u00bb0&#8243;][\/et_pb_image][\/et_pb_column][\/et_pb_row][et_pb_row column_structure=\u00bb1_2,1_2&#8243; use_custom_gutter=\u00bbon\u00bb gutter_width=\u00bb1&#8243; make_equal=\u00bbon\u00bb disabled_on=\u00bbon|off|off\u00bb _builder_version=\u00bb4.27.4&#8243; background_color=\u00bb#ffffff\u00bb custom_margin=\u00bb||||false|false\u00bb custom_padding=\u00bb0px||0px|0%|false|false\u00bb locked=\u00bboff\u00bb global_colors_info=\u00bb{}\u00bb][et_pb_column type=\u00bb1_2&#8243; _builder_version=\u00bb4.16&#8243; background_color=\u00bb#ffffff\u00bb custom_css_main_element=\u00bbwidth: 60% !important;\u00bb global_colors_info=\u00bb{}\u00bb][\/et_pb_column][et_pb_column type=\u00bb1_2&#8243; _builder_version=\u00bb4.16&#8243; custom_css_main_element=\u00bb||width: 40% !important;||margin: auto;||display: flex;||flex-direction: column;||justify-content: center;\u00bb global_colors_info=\u00bb{}\u00bb][et_pb_code _builder_version=\u00bb4.16&#8243; text_orientation=\u00bbcenter\u00bb module_alignment=\u00bbcenter\u00bb custom_margin=\u00bb2%||2%||true|false\u00bb custom_padding=\u00bb|6.7%||6.7%|false|true\u00bb global_colors_info=\u00bb{}\u00bb]<div class=\"addtoany_shortcode\"><div class=\"a2a_kit a2a_kit_size_32 addtoany_list\" data-a2a-url=\"https:\/\/urbe.com.ar\/revista\/brat-remix-summer\/\" data-a2a-title=\"brat\/remix summer\"><a class=\"a2a_button_facebook\" href=\"https:\/\/www.addtoany.com\/add_to\/facebook?linkurl=https%3A%2F%2Furbe.com.ar%2Frevista%2Fbrat-remix-summer%2F&amp;linkname=brat%2Fremix%20summer\" title=\"Facebook\" rel=\"nofollow noopener\" target=\"_blank\"><\/a><a class=\"a2a_button_whatsapp\" href=\"https:\/\/www.addtoany.com\/add_to\/whatsapp?linkurl=https%3A%2F%2Furbe.com.ar%2Frevista%2Fbrat-remix-summer%2F&amp;linkname=brat%2Fremix%20summer\" title=\"WhatsApp\" rel=\"nofollow noopener\" target=\"_blank\"><\/a><a class=\"a2a_button_twitter\" href=\"https:\/\/www.addtoany.com\/add_to\/twitter?linkurl=https%3A%2F%2Furbe.com.ar%2Frevista%2Fbrat-remix-summer%2F&amp;linkname=brat%2Fremix%20summer\" title=\"Twitter\" rel=\"nofollow noopener\" target=\"_blank\"><\/a><a class=\"a2a_button_email\" href=\"https:\/\/www.addtoany.com\/add_to\/email?linkurl=https%3A%2F%2Furbe.com.ar%2Frevista%2Fbrat-remix-summer%2F&amp;linkname=brat%2Fremix%20summer\" title=\"Email\" rel=\"nofollow noopener\" target=\"_blank\"><\/a><a class=\"a2a_button_copy_link\" href=\"https:\/\/www.addtoany.com\/add_to\/copy_link?linkurl=https%3A%2F%2Furbe.com.ar%2Frevista%2Fbrat-remix-summer%2F&amp;linkname=brat%2Fremix%20summer\" title=\"Copy Link\" rel=\"nofollow noopener\" target=\"_blank\"><\/a><\/div><\/div>[\/et_pb_code][\/et_pb_column][\/et_pb_row][et_pb_row use_custom_gutter=\u00bbon\u00bb gutter_width=\u00bb1&#8243; make_equal=\u00bbon\u00bb disabled_on=\u00bboff|on|on\u00bb _builder_version=\u00bb4.16&#8243; background_color=\u00bb#ffffff\u00bb custom_margin=\u00bb||||false|false\u00bb custom_padding=\u00bb0px||0px|0%|false|false\u00bb locked=\u00bboff\u00bb global_colors_info=\u00bb{}\u00bb][et_pb_column type=\u00bb4_4&#8243; _builder_version=\u00bb4.16&#8243; background_color=\u00bb#ffffff\u00bb global_colors_info=\u00bb{}\u00bb][et_pb_code disabled_on=\u00bboff|off|off\u00bb _builder_version=\u00bb4.16&#8243; _module_preset=\u00bbdefault\u00bb text_orientation=\u00bbcenter\u00bb width=\u00bb100%\u00bb width_tablet=\u00bb\u00bb width_phone=\u00bb100%\u00bb width_last_edited=\u00bbon|phone\u00bb max_width=\u00bb100%\u00bb max_width_tablet=\u00bb\u00bb max_width_phone=\u00bb\u00bb max_width_last_edited=\u00bbon|tablet\u00bb module_alignment=\u00bbright\u00bb custom_margin_tablet=\u00bb\u00bb custom_margin_phone=\u00bb\u00bb custom_margin_last_edited=\u00bbon|phone\u00bb module_alignment_tablet=\u00bb\u00bb module_alignment_phone=\u00bbcenter\u00bb module_alignment_last_edited=\u00bbon|desktop\u00bb global_colors_info=\u00bb{}\u00bb]<div class=\"addtoany_shortcode\"><div class=\"a2a_kit a2a_kit_size_32 addtoany_list\" data-a2a-url=\"https:\/\/urbe.com.ar\/revista\/brat-remix-summer\/\" data-a2a-title=\"brat\/remix summer\"><a class=\"a2a_button_facebook\" href=\"https:\/\/www.addtoany.com\/add_to\/facebook?linkurl=https%3A%2F%2Furbe.com.ar%2Frevista%2Fbrat-remix-summer%2F&amp;linkname=brat%2Fremix%20summer\" title=\"Facebook\" rel=\"nofollow noopener\" target=\"_blank\"><\/a><a class=\"a2a_button_whatsapp\" href=\"https:\/\/www.addtoany.com\/add_to\/whatsapp?linkurl=https%3A%2F%2Furbe.com.ar%2Frevista%2Fbrat-remix-summer%2F&amp;linkname=brat%2Fremix%20summer\" title=\"WhatsApp\" rel=\"nofollow noopener\" target=\"_blank\"><\/a><a class=\"a2a_button_twitter\" href=\"https:\/\/www.addtoany.com\/add_to\/twitter?linkurl=https%3A%2F%2Furbe.com.ar%2Frevista%2Fbrat-remix-summer%2F&amp;linkname=brat%2Fremix%20summer\" title=\"Twitter\" rel=\"nofollow noopener\" target=\"_blank\"><\/a><a class=\"a2a_button_email\" href=\"https:\/\/www.addtoany.com\/add_to\/email?linkurl=https%3A%2F%2Furbe.com.ar%2Frevista%2Fbrat-remix-summer%2F&amp;linkname=brat%2Fremix%20summer\" title=\"Email\" rel=\"nofollow noopener\" target=\"_blank\"><\/a><a class=\"a2a_button_copy_link\" href=\"https:\/\/www.addtoany.com\/add_to\/copy_link?linkurl=https%3A%2F%2Furbe.com.ar%2Frevista%2Fbrat-remix-summer%2F&amp;linkname=brat%2Fremix%20summer\" title=\"Copy Link\" rel=\"nofollow noopener\" target=\"_blank\"><\/a><\/div><\/div>[\/et_pb_code][\/et_pb_column][\/et_pb_row][et_pb_row _builder_version=\u00bb4.27.4&#8243; background_color=\u00bb#ffffff\u00bb width=\u00bb100%\u00bb custom_padding=\u00bb0px||3px|0px||\u00bb global_colors_info=\u00bb{}\u00bb][et_pb_column type=\u00bb4_4&#8243; _builder_version=\u00bb4.25.1&#8243; global_colors_info=\u00bb{}\u00bb][et_pb_text admin_label=\u00bbParrafo 1&#8243; _builder_version=\u00bb4.27.0&#8243; text_font=\u00bbTitillium Web||||||||\u00bb text_text_color=\u00bb#000000&#8243; text_font_size=\u00bb20px\u00bb text_line_height=\u00bb2em\u00bb custom_margin=\u00bb2%|0%|2%|0%|true|true\u00bb custom_padding=\u00bb||0px|0px||\u00bb text_font_size_tablet=\u00bb17px\u00bb text_font_size_phone=\u00bb16px\u00bb text_font_size_last_edited=\u00bbon|phone\u00bb locked=\u00bboff\u00bb inline_fonts=\u00bbRubik,Alkalami,Titillium Web\u00bb global_colors_info=\u00bb{}\u00bb]<p style=\"text-align: justify;\"><span style=\"font-weight: 300;\">El siguiente escrito es un despliegue de mis reflexiones en torno a <\/span><span style=\"font-weight: 300; color: #8ace00;\"><strong>BRAT<\/strong> <\/span><span style=\"font-weight: 300;\">(2024) de la artista pop brit\u00e1nica Charli xcx. M\u00e1s espec\u00edficamente, al v\u00ednculo que se establece entre el \u00e1lbum <\/span><b><i>BRAT<\/i><\/b><span style=\"font-weight: 300;\"> con su versi\u00f3n r\u00e9mix, <\/span><b><i>brat and it\u2019s completely different but also still brat<\/i><\/b><span style=\"font-weight: 300;\">.\u00a0<\/span><\/p>\n<p style=\"text-align: justify;\"><b><i>BRAT<\/i><\/b><span style=\"font-weight: 300;\"> sali\u00f3 en junio de 2024 y fue un albumazo inmediato. En su manifiesto, la artista habla de <span style=\"font-weight: 300; color: #8ace00;\"><strong>BRAT<\/strong> <\/span><\/span><span style=\"font-weight: 300;\">como un proyecto global que debe \u201cCULTIVAR EL DESEO, CAOS Y DESTRUCCI\u00d3N\u201d. A nivel musical, es la reafirmaci\u00f3n de que nos enfrentamos a un <\/span><a href=\"https:\/\/dantesabatto.digitalpress.blog\/apocalipsis-hyperpop-o-el-fin-del-fin-del-fin\/\"><span style=\"font-weight: 300;\">apocalipsis hyperpop<\/span><\/a><span style=\"font-weight: 300;\"> y, lejos de encontrarnos con ruinas, lo que explota ante nuestros ojos es m\u00e1s complicado. En discusiones con un amigo, reiteramos varias veces en el a\u00f1o c\u00f3mo <span style=\"font-weight: 300; color: #8ace00;\"><strong>BRAT<\/strong> <\/span><\/span><span style=\"font-weight: 300;\">se siente -como nunca sentimos en nuestras vidas atravesadas por una industria cultural del capitalismo tard\u00edo- un verdadero evento cultural-musical.\u00a0<\/span><\/p>\n<p style=\"text-align: justify;\"><span style=\"font-weight: 300;\">En <\/span><b><i>BRAT<\/i><\/b><span style=\"font-weight: 300;\">, Charli\u00a0 asienta su posicionamiento como diva pop, reina de la fiesta en la totalidad del espacio (<\/span><i><span style=\"font-weight: 300;\">360<\/span><\/i><span style=\"font-weight: 300;\">) y el tiempo (<\/span><i><span style=\"font-weight: 300;\">365<\/span><\/i><span style=\"font-weight: 300;\">). Ella es la personificaci\u00f3n profunda de la joda en todos sus estad\u00edos, desde sus momentos \u00e1lgidos de euforia y celebraci\u00f3n hasta la exposici\u00f3n expl\u00edcita de su crisis interna. Esta aparece tanto a nivel existencial con ella misma -como en \u201c<\/span><i><span style=\"font-weight: 300;\">i might say something stupid\u201d<\/span><\/i><span style=\"font-weight: 300;\"> o \u201c<\/span><i><span style=\"font-weight: 300;\">i think about it all the time\u201d-<\/span><\/i><span style=\"font-weight: 300;\"> como con otras personas con las que se siente conflictuada desde su envidia, resentimiento, confusi\u00f3n o culpa -como \u201c<\/span><i><span style=\"font-weight: 300;\">Sympathy is a knife\u201d<\/span><\/i><span style=\"font-weight: 300;\">,<\/span><i><span style=\"font-weight: 300;\"> \u201cGirl, so confusing\u201d<\/span><\/i><span style=\"font-weight: 300;\">,<\/span><i><span style=\"font-weight: 300;\"> \u201cApple\u201d <\/span><\/i><span style=\"font-weight: 300;\">y<\/span><i><span style=\"font-weight: 300;\"> \u201cSo I\u201d-<\/span><\/i><span style=\"font-weight: 300;\">.\u00a0<\/span><\/p>\n<p style=\"text-align: justify;\"><span style=\"font-weight: 300;\">Conceptualmente, <\/span><a href=\"https:\/\/web.archive.org\/web\/20240613152016\/https:\/\/xenogothic.com\/2024\/06\/12\/the-return-of-party-hauntology-notes-on-brat\/\"><span style=\"font-weight: 300;\">Mattie Colquhoun<\/span><\/a><span style=\"font-weight: 300;\"> la ha definido como una extensi\u00f3n de aquello que Mark Fisher denomin\u00f3 \u00abhauntolog\u00eda de la fiesta\u00bb [<\/span><i><span style=\"font-weight: 300;\">Party hauntology]<\/span><\/i><span style=\"font-weight: 300;\">, una \u201cfascinante cr\u00edtica al capitalismo, aunque sin dientes\u201d en la que se exponen las miserias del hedonismo del estado permanente de <\/span><i><span style=\"font-weight: 300;\">joda<\/span><\/i><span style=\"font-weight: 300;\"> que trae la fama; la imposibilidad de que el sue\u00f1o del superestrellato evite quitar el sentimiento de que <\/span><i><span style=\"font-weight: 300;\">algo falta<\/span><\/i><span style=\"font-weight: 300;\"> dentro de un sentir de la miseria colectiva. Fisher argumenta que esta \u00abhauntolog\u00eda de la fiesta\u00bb, tem\u00e1tica y est\u00e9tica en ciertos artistas del siglo XXI, refleja una nostalgia melanc\u00f3lica, el anhelo de una <\/span><i><span style=\"font-weight: 300;\">cosa <\/span><\/i><span style=\"font-weight: 300;\">que la fama hizo que estas estrellas perdieran. Esta cosa ser\u00eda la disoluci\u00f3n de la identidad -y las miserias de tener que exponerse como cara, cuerpo, vida y producto- dentro del colectivo, una desidentificaci\u00f3n que se habilitaba, por ejemplo, en la pista de baile de m\u00fasica rave en los noventas. El objetivo de la m\u00fasica electr\u00f3nica en esa \u00e9poca era el escapismo de las miserias en la disoluci\u00f3n colectiva de la m\u00fasica y los cuerpos. En la \u00abhauntolog\u00eda de la fiesta\u00bb vemos las consecuencias de una neurosis del artista \u201cpop\u201d afectado por la exaltaci\u00f3n de su persona como parte de su producci\u00f3n art\u00edstica, la identidad se refuerza en el rostro que construye, en la identificaci\u00f3n de fan\u00e1ticos con su \u201cmensaje\u201d y, en consecuencia, la \u00fanica forma de identidad est\u00e1 no ya en lo colectivo, sino en el individualismo. Este fen\u00f3meno se ve reforzado por las caracter\u00edsticas de una industria cultural y musical en un contexto globalizado en donde internet y las redes sociales habilitan que el rostro, el individuo, la marca, est\u00e9n en todos lados y todo el tiempo. Es en ese sentido que Charli no es solo una diva, sino una diva pop del siglo XXI, signada por la sintomatolog\u00eda de lo que ello implica. Con el avance de la globalizaci\u00f3n como punto central en el mercado y la industria cultural, la relaci\u00f3n entre artista y el \u201cpop\u201d -y todas las implicancias que podemos sacar de lo que entendemos como \u201cpopular\u201d a nivel social, cultural, pol\u00edtico y comercial- se muestran en un hurac\u00e1n de sonidos y referencias que hacen de <span style=\"font-weight: 300; color: #8ace00;\"><strong>BRAT<\/strong><\/span><\/span><span style=\"font-weight: 300;\">\u00a0el centro de un momento cultural concreto.\u00a0<\/span><\/p>\n<p style=\"text-align: justify;\"><span style=\"font-weight: 300;\">En esa l\u00ednea, <\/span><b><i>brat remix<\/i><\/b><span style=\"font-weight: 300;\"> -que sali\u00f3 cuatro meses despu\u00e9s, en octubre, con el final del verano yanki-, se asienta como contracara c\u00edclica de <\/span><b><i>BRAT<\/i><\/b><span style=\"font-weight: 300;\">, con reversiones de todas las canciones del \u00e1lbum original y dos de las canciones extra, incluyendo intervenciones de m\u00faltiples artistas en cada uno de los temas. En el hemisferio norte, marca el final del <\/span><span style=\"color: #8ace00;\"><strong><i>brat summer<\/i><\/strong><\/span><span style=\"font-weight: 300;\">, iniciando su momento de de(sen)cantamiento. As\u00ed, <\/span><b><i>brat remix<\/i><\/b><span style=\"font-weight: 300;\"> se posiciona como un eclipse de <\/span><b><i>BRAT<\/i><\/b><span style=\"font-weight: 300;\">, donde se establece un di\u00e1logo no solo entre Charli con otrxs artistas, sino, tambi\u00e9n entre los dos \u00e1lbumes, transformando nuestra comprensi\u00f3n de <span style=\"font-weight: 300; color: #8ace00;\"><strong>BRAT<\/strong> <\/span><\/span><span style=\"font-weight: 300;\">como un fen\u00f3meno cultural concreto.<\/span><\/p>\n<p style=\"text-align: justify;\">\u00a0<\/p>\n<h1 style=\"text-align: justify;\"><b>365 PARTY GIRL [bumpin\u2019 that]<\/b><\/h1>\n<p style=\"text-align: justify;\"><span style=\"font-weight: 300;\">Podemos distinguir diferentes decisiones art\u00edsticas que toma Charli en su \u00e1lbum remix, permiti\u00e9ndonos agrupar las canciones tanto desde lo estil\u00edstico como desde lo tem\u00e1tico. El eje sobre el cual orbitan ambos temas son, esencialmente, la figura de Charli como \u00ab365 PARTY GIRL\u00bb, verso que se repita tras una serie de enumeraciones en la canci\u00f3n final de <\/span><b><i>BRAT<\/i><\/b><span style=\"font-weight: 300;\"> y que se reitera en un beat mucho m\u00e1s agresivo en los remixes \u201c<\/span><i><span style=\"font-weight: 300;\">club classics featuring bb trickz<\/span><\/i><span style=\"font-weight: 300;\">\u201d y \u201c<\/span><i><span style=\"font-weight: 300;\">365 featuring shygirl<\/span><\/i><span style=\"font-weight: 300;\">\u201d. Ambas canciones terminan con una reiteraci\u00f3n del n\u00famero \u201c365\u201d, aludiendo a las partes m\u00e1s agitadas y violentas de la m\u00fasica electr\u00f3nica. <\/span><\/p>\n<p><span style=\"font-weight: 400;\"><\/span><\/p>[\/et_pb_text][et_pb_video _builder_version=\u00bb4.27.4&#8243; _module_preset=\u00bbdefault\u00bb hover_enabled=\u00bb0&#8243; sticky_enabled=\u00bb0&#8243; src=\u00bbhttps:\/\/www.youtube.com\/watch?v=oslpP-s_w4E\u00bb][\/et_pb_video][et_pb_text admin_label=\u00bbParrafo 1&#8243; _builder_version=\u00bb4.27.4&#8243; text_font=\u00bbTitillium Web||||||||\u00bb text_text_color=\u00bb#000000&#8243; text_font_size=\u00bb20px\u00bb text_line_height=\u00bb2em\u00bb custom_margin=\u00bb2%|0%|2%|0%|true|true\u00bb custom_padding=\u00bb||0px|0px||\u00bb hover_enabled=\u00bb0&#8243; text_font_size_tablet=\u00bb17px\u00bb text_font_size_phone=\u00bb16px\u00bb text_font_size_last_edited=\u00bbon|phone\u00bb locked=\u00bboff\u00bb inline_fonts=\u00bbRubik,Alkalami,Titillium Web\u00bb global_colors_info=\u00bb{}\u00bb sticky_enabled=\u00bb0&#8243;]<p style=\"text-align: justify;\"><span style=\"font-weight: 300;\">Si continuamos la lectura de Mattie Colquhoun sobre <\/span><b><i>BRAT<\/i><\/b><span style=\"font-weight: 300;\"> como extensi\u00f3n de una \u00abhauntolog\u00eda de la fiesta\u00bb y lo llevamos a <\/span><b><i>brat remix<\/i><\/b><span style=\"font-weight: 300;\">, la tem\u00e1tica de la 365 PARTY GIRL expuesta musicalmente en ambas canciones invoca sonoramente la satisfacci\u00f3n del deseo de disoluci\u00f3n de la identidad en el colectivo capturado por la m\u00fasica electr\u00f3nica rave de los noventas. Lo que subyace a la joda es que permite un escapismo de la miseria del individualismo psicol\u00f3gico, a partir de la disoluci\u00f3n de la identidad en el trance del underground, de donde provienen los or\u00edgenes de la carrera de Charli. La despersonalizaci\u00f3n o desintegraci\u00f3n del individuo se reitera como un mantra, una oda a la joda. Y en el caso de <span style=\"font-weight: 300; color: #8ace00;\"><strong>BRAT<\/strong><\/span><\/span><span style=\"font-weight: 300;\">, establece una yuxtaposici\u00f3n de subjetividades colectivas e individuales, entre ella como la PARTY GIRL con las miserias del siglo XXI y las alusiones musicales a la disoluci\u00f3n colectiva del rave en su repetici\u00f3n agresiva y alienante. La distinci\u00f3n en d\u00f3nde comienza ella y donde est\u00e1 la pista de baile con la masa fiestera -\u00bfhasta qu\u00e9 punto ella es ella por esa masa?- es poco clara. A ello hay que sumarle que, para Charli, la exaltaci\u00f3n de la diva tambi\u00e9n se extiende, necesariamente, a su <\/span><i><span style=\"font-weight: 300;\">clique<\/span><\/i><span style=\"font-weight: 300;\">. <\/span><span style=\"font-weight: 300;\">(<\/span><span style=\"font-weight: 300;\">Esta es una caracter\u00edstica ya establecida en la carrera musical de Charli, con \u00e1lbumes fuertemente colaborativos con artistas de diferentes espacios, como <\/span><a href=\"https:\/\/youtube.com\/playlist?list=OLAK5uy_nkh3tYPGN8_J8Y59szYq4eS8K0JQhzQWc&amp;si=LGF_yP6PS9eCyB50\"><i><span style=\"font-weight: 300;\">POP 2<\/span><\/i><\/a><span style=\"font-weight: 300;\"> (2017) y <\/span><a href=\"https:\/\/www.youtube.com\/watch?v=eoSVXeRvMEU&amp;list=OLAK5uy_nGD0yeMJGZc-4cQE-yr5XZzhfxPXEny0g&amp;index=2\"><i><span style=\"font-weight: 300;\">Charli<\/span><\/i><\/a> <span style=\"font-weight: 300;\">(2019), siendo sus ejemplos, al igual que su contraparte de aislamiento pand\u00e9mico, <\/span><a href=\"https:\/\/youtu.be\/8JmKWI44xD8?si=p_Zr1ct1AOV8X0gE\"><i><span style=\"font-weight: 300;\">how im feeling now<\/span><\/i><\/a><span style=\"font-weight: 300;\"> (2020) en donde expresa cu\u00e1nto extra\u00f1a la ausencia de sus amistades: <\/span><i><span style=\"font-weight: 300;\">i\u2019m next level, so legit, with all my clique [&#8230;] i miss them every night, i miss them by my side<\/span><\/i><span style=\"font-weight: 300;\">.)<\/span><\/p>\n<p style=\"text-align: justify;\"><span style=\"font-weight: 300;\">En ese sentido, \u00ab365 PARTY GIRL\u00bb es un concepto central en <span style=\"font-weight: 300; color: #8ace00;\"><strong>BRAT<\/strong> <\/span><\/span><span style=\"font-weight: 300;\">como fen\u00f3meno cultural, del cual derivan las m\u00faltiples facetas que Charli busca expresar tanto de la joda como de ella misma como la subjetividad de la diva pop del siglo XXI: disuelta en la joda pero en el centro, extendida por sus amistades pero en competencia constante, gozando del estrellato pero encerrada en el ba\u00f1o contemplando el baj\u00f3n. Ella, la 365 PARTY GIRL, vive todos los estad\u00edos personales y colectivos de la joda, la idolatra y en ese proceso se idoliza a ella misma y su vida. Los momentos de melancol\u00eda y nostalgia combinados con la abrasividad repetitiva de la m\u00fasica electr\u00f3nica resaltan la disoluci\u00f3n totalizante de la fiesta que hace de su forma de diva una desintegraci\u00f3n y reintegraci\u00f3n constante que la hace omnipresente &#8211;<\/span><i><span style=\"font-weight: 300;\">i\u2019m everywhere, i\u2019m so julia-ah-ah-ah-aah<\/span><\/i><span style=\"font-weight: 300;\">-.<\/span><\/p>\n<p style=\"text-align: justify;\"><span style=\"font-size: 20px;\">\u00a0<\/span><\/p>\n<h1 style=\"text-align: justify;\"><b>necesito mis huellas en todo [i need my fingerprints on everything]<\/b><\/h1>\n<p style=\"text-align: justify;\"><span style=\"font-weight: 300;\">Hay una tem\u00e1tica que aparece expl\u00edcitamente en <\/span><b><i>brat remix<\/i><\/b> <span style=\"font-weight: 300;\">que en <\/span><b><i>BRAT<\/i><\/b><span style=\"font-weight: 300;\"> solo es impl\u00edcita, que es la cuesti\u00f3n del trabajo. Y, claro, acabamos de decir que <span style=\"font-weight: 300; color: #8ace00;\"><strong>BRAT<\/strong><\/span><\/span><span style=\"font-weight: 300;\">\u00a0tiene, como concepto central, el de la joda los 365 d\u00edas del a\u00f1o. Sin embargo, vemos que en canciones como \u201c<\/span><i><span style=\"font-weight: 300;\">everything is romantic featuring caroline polachek<\/span><\/i><span style=\"font-weight: 300;\">\u201d, \u201c<\/span><i><span style=\"font-weight: 300;\">b2b featuring tinashe<\/span><\/i><span style=\"font-weight: 300;\">\u201d y \u201c<\/span><i><span style=\"font-weight: 300;\">i think about it all the time featuring bon iver<\/span><\/i><span style=\"font-weight: 300;\">\u201d se repite la palabra \u201c<\/span><i><span style=\"font-weight: 300;\">work<\/span><\/i><span style=\"font-weight: 300;\">\u201d de forma tal que te hace dar cuenta que es una palabra que en el \u00e1lbum original no apareci\u00f3.<\/span><\/p>\n<p style=\"text-align: justify;\"><b><i>brat remix<\/i><\/b><span style=\"font-weight: 300;\"> nos presenta lo que lxs seguidorxs de Charli xcx ya sabemos, que es la forma en la cual Charli se desvive trabajando en su carrera. Desde la cantidad de m\u00fasica que produce en un tiempo abismalmente corto de tiempo -estamos hablando de dos \u00e1lbumes que saco este mismo a\u00f1o, sin mencionar el ritmo que maneja desde la adolescencia- hasta la memoria de haberla roto en el Primavera Sound Argentina en 2022 con fiebre, es una artista cuya est\u00e9tica de diva no excluye ni oculta su adicci\u00f3n al trabajo. Y si bien, como dije, esto est\u00e1 siempre impl\u00edcito en la imagen que Charli construye de s\u00ed misma, en <\/span><b><i>brat remix<\/i><\/b><span style=\"font-weight: 300;\"> aparece expl\u00edcitamente.<\/span><\/p>\n<p style=\"text-align: justify;\"><span style=\"font-size: 20px;\"><span style=\"font-weight: 300;\">Tal vez la m\u00e1s contundente sea \u201c<\/span><i><span style=\"font-weight: 300;\">everything is romantic featuring caroline polachek<\/span><\/i><span style=\"font-weight: 300;\">\u201d. En la misma, Caroline abre con una repetici\u00f3n progresiva de la frase \u201cfall in love again and again\u201d -verso cuya repetici\u00f3n constitu\u00eda el cierre de <\/span><i><span style=\"font-weight: 300;\">everything is romantic<\/span><\/i><span style=\"font-weight: 300;\">, estableciendo as\u00ed el paralelismo con la original- y, tras una serie de enumeraciones de su entorno, habla sobre c\u00f3mo recibe una llamada de Charli desde Tokio -lo que ya anticipa el car\u00e1cter n\u00f3made pero lujoso de la artista-. A partir de all\u00ed, ambas artistas entablan una conversaci\u00f3n en la cual Charli le expresa que necesita distraerse [<\/span><i><span style=\"font-weight: 300;\">shut off my brain<\/span><\/i><span style=\"font-weight: 300;\">] porque \u201cest\u00e1 pensando en el trabajo todo el tiempo\u201d [<\/span><i><span style=\"font-weight: 300;\">i\u2019m thinking \u2018bout work all the time<\/span><\/i><span style=\"font-weight: 300;\">], a lo que Caroline le responde \u201ces como que est\u00e1s viviendo el sue\u00f1o, pero no viviendo tu vida\u201d [<\/span><i><span style=\"font-weight: 300;\">it\u2019s like you\u2019re living the dream, but you\u2019re not living your life<\/span><\/i><span style=\"font-weight: 300;\">]. La separaci\u00f3n entre sue\u00f1o y vida que enuncia Caroline Polachek transparenta el estado de crisis que constituye la neurosis de la <span style=\"font-weight: 300; color: #8ace00;\"><strong>BRAT<\/strong><\/span><\/span><span style=\"font-weight: 300;\">. Una fragmentaci\u00f3n en la subjetividad de ella, de su propia vida, producto de la disoluci\u00f3n material entre joda y trabajo.<\/span> <\/span><\/p>[\/et_pb_text][et_pb_video _builder_version=\u00bb4.27.4&#8243; _module_preset=\u00bbdefault\u00bb hover_enabled=\u00bb0&#8243; sticky_enabled=\u00bb0&#8243; src=\u00bbhttps:\/\/www.youtube.com\/watch?v=99dsnI6M-a4&#038;list=PL-2HG0C5jJQE-D-1odtlA47fbP7oCg62e&#038;index=7&#038;pp=iAQB8AUB\u00bb][\/et_pb_video][et_pb_code _builder_version=\u00bb4.25.2&#8243; _module_preset=\u00bbdefault\u00bb text_orientation=\u00bbcenter\u00bb global_colors_info=\u00bb{}\u00bb]  <a href=\"https:\/\/www.legislatura.gob.ar\/\" target=\"_blank\" rel=\"noopener\"><!-- [et_pb_line_break_holder] -->    <img data-recalc-dims=\"1\" decoding=\"async\" src=\"https:\/\/i0.wp.com\/imgur.com\/rLjBjeU.png?w=1080&#038;ssl=1\" alt=\"Legislatura-1\"><!-- [et_pb_line_break_holder] -->  <\/a>[\/et_pb_code][et_pb_text admin_label=\u00bbParrafo 1&#8243; _builder_version=\u00bb4.27.4&#8243; text_font=\u00bbTitillium Web||||||||\u00bb text_text_color=\u00bb#000000&#8243; text_font_size=\u00bb20px\u00bb text_line_height=\u00bb2em\u00bb custom_margin=\u00bb2%|0%|2%|0%|true|true\u00bb custom_padding=\u00bb||0px|0px||\u00bb hover_enabled=\u00bb0&#8243; text_font_size_tablet=\u00bb17px\u00bb text_font_size_phone=\u00bb16px\u00bb text_font_size_last_edited=\u00bbon|phone\u00bb locked=\u00bboff\u00bb inline_fonts=\u00bbRubik,Alkalami,Titillium Web\u00bb global_colors_info=\u00bb{}\u00bb sticky_enabled=\u00bb0&#8243;]<p style=\"text-align: justify;\"><span style=\"font-weight: 300;\">El problema no es, como s\u00ed lo es en <\/span><b><i>BRAT<\/i><\/b><span style=\"font-weight: 300;\">, la fama en s\u00ed. El extra\u00f1ar un estad\u00edo previo donde no exist\u00eda el autocontrol vigilante sobre el cuerpo, el malestar de las competencias (sobre todo entre mujeres) en la industria cultural, el s\u00edndrome del impostor, son todas cosas que ya aparec\u00edan en el \u00e1lbum original con respecto a la fama. (Los temas centrales, en estos casos, son \u201c<\/span><i><span style=\"font-weight: 300;\">sympathy is a knife<\/span><\/i><span style=\"font-weight: 300;\">\u201d, \u201crewind\u201d y \u201c<\/span><i><span style=\"font-weight: 300;\">girl, so confusing<\/span><\/i><span style=\"font-weight: 300;\">\u201d, al igual que sus respectivos remixes con Ariana Grande, Bladee y Lorde. En el caso de <\/span><b>sympathy is a knife remix<\/b><span style=\"font-weight: 300;\">, se resalta ya no solo la competencia con otras artistas mujeres, sino la imposibilidad de confiar en nadie debido a la fama. Es la disoluci\u00f3n absoluta de los lazos en donde el triunfo en la carrera lleva al deseo ajeno de tu fracaso. En <\/span><b>rewind remix<\/b><span style=\"font-weight: 300;\">, Charli alude al estad\u00edo mental de los efectos de la fama y competencia, sinti\u00e9ndose deprimida cuando no ve su cara en la prensa, hace que no se reconozca y \u201ca veces, solo quiere levantarse muerta\u201d.)<\/span><\/p>\n<p style=\"text-align: justify;\"><span style=\"font-weight: 300;\">Pero ac\u00e1 aparece algo m\u00e1s que Caroline vincula con la fama y vida de la diva pop, de la 365 PARTY GIRL: la imposibilidad de parar. Esto se reitera en \u201c<\/span><i><span style=\"font-weight: 300;\">i think about it all the time featuring bon iver<\/span><\/i><span style=\"font-weight: 300;\">\u201d. Si en la original nos encontramos con el dilema de la artista sobre su carrera y la maternidad, el \u00e9nfasis del r\u00e9mix est\u00e1 en el miedo de perder el tiempo. Esto aparece no s\u00f3lo a partir del uso de la repetici\u00f3n (al comienzo repitiendo \u201c<\/span><i><span style=\"font-weight: 300;\">Time, Time T-Time, Time<\/span><\/i><span style=\"font-weight: 300;\">\u201d y despu\u00e9s diciendo \u201c<\/span><i><span style=\"font-weight: 300;\">Scared to run out of time<\/span><\/i><span style=\"font-weight: 300;\">\u201d y \u201c<\/span><i><span style=\"font-weight: 300;\">I\u2019m so scared<\/span><\/i><span style=\"font-weight: 300;\">\u201d). Pero, adem\u00e1s, esta cuesti\u00f3n del temor al perder el tiempo fundamenta la neurosis que imposibilita la posibilidad de poder dejar de trabajar. Como <\/span><b>everything is romantic remix<\/b><span style=\"font-weight: 300;\">, trae a colaci\u00f3n esta disoluci\u00f3n completa entre trabajo y vida personal a partir de la relaci\u00f3n rom\u00e1ntica. En <\/span><b>i think about it all the time remix<\/b><span style=\"font-weight: 300;\">, como contracara de su original, ya no se teme perder el tiempo \u201cbiol\u00f3gico\u201d de poder tener un hijo, sino que revuelve sobre la angustia obsesiva de perder el tiempo que podr\u00eda dedicarse al trabajo: \u201c<\/span><i><span style=\"font-weight: 300;\">hay tanta culpa involucrada cuando dejamos de trabajar \/ porque no se supone que deber\u00edas parar cuando las cosas empiezan a funcionar<\/span><\/i><span style=\"font-weight: 300;\">\u201d. Tanto Charli como su prometido, otro artista musical, ven su relaci\u00f3n personal completamente atravesada por la incapacidad de separarse del trabajo.<\/span><\/p>\n<p style=\"text-align: justify;\"><span style=\"font-weight: 300;\">Estos temas impactan dentro de <\/span><b>brat remix<\/b><span style=\"font-weight: 300;\"> porque revelan una faceta inseparable dentro de la totalidad de la \u00ab365 PARTY GIRL\u00bb que es la <span style=\"font-weight: 300; color: #8ace00;\"><strong>brat<\/strong><\/span><\/span><span style=\"font-weight: 300;\">. Aquella diva omnipresente, cuya gracia es estar \u201cen todas\u201d, la posiciona en un lugar de absoluto control y autovigilancia en donde la exaltaci\u00f3n de su individualismo es crucial. Su obsesi\u00f3n deriva en adicci\u00f3n al momento en que termina haciendo que su impulso por \u201ctener sus huellas en todos lados\u201d [<\/span><i><span style=\"font-weight: 300;\">i need my fingerprints on everything<\/span><\/i><span style=\"font-weight: 300;\">] sea una condici\u00f3n necesaria para producir o crear. Pero esto se debe a que esa creaci\u00f3n, es, al final del d\u00eda, un trabajo que se enajena en la industria musical y, en ese proceso, el estar en todos lados de ese proceso la hace indistinguible e inseparable de esa misma alienaci\u00f3n. Solo puede seguir.<\/span><\/p>\n<p style=\"text-align: justify;\"><span style=\"color: #8ace00;\"><b>Si en BRAT la tem\u00e1tica se centra en torno a las facetas personalidad fiestera y de diva pop Charli XCX, su \u00e1lbum remix nos revela que este estado de \u00ab365 PARTY GIRL\u00bb es, muy expl\u00edcitamente, un estado de trabajo permanente.<\/b><\/span><\/p>\n<p style=\"text-align: justify;\"><\/p>\n<h1 style=\"text-align: justify;\"><b><i>that<\/i><\/b><b> life [yeah, we work hard, yeah]<\/b><\/h1>\n<p style=\"text-align: justify;\"><span style=\"font-weight: 300;\">Ser\u00eda un grave error pensar que, a fin de cuentas, <span style=\"font-weight: 300; color: #8ace00;\"><strong>BRAT<\/strong> <\/span><\/span><span style=\"font-weight: 300;\">es solamente sobre las miserias del trabajo incluso para la artista. Una compulsi\u00f3n sin escapatoria autom\u00e1tica o, peor a\u00fan, voluntaria. No solo porque el \u00e1lbum hace un fuerte hincapi\u00e9 tem\u00e1tico y estil\u00edstico de otras facetas m\u00e1s celebratorias sino porque, adem\u00e1s, centrarse en la melancol\u00eda y la miseria es ignorar que son elementos inseparables de un fen\u00f3meno cultural m\u00e1s complejo que atraviesa la subjetividad del capitalismo tard\u00edo, en donde el deseo juega un rol central. Para tener una visi\u00f3n m\u00e1s global del trabajo en <span style=\"font-weight: 300; color: #8ace00;\"><strong>BRAT<\/strong><\/span><\/span><span style=\"font-weight: 300;\">, es preciso ver los juegos y di\u00e1logos que aparecen y complejizan la forma en la que aparece ese trabajo.<\/span><\/p>\n<p style=\"text-align: justify;\"><span style=\"font-weight: 300;\">Una canci\u00f3n que describe en qu\u00e9 consiste este trabajo que Charli hace todo el tiempo es \u201cb2b featuring tinashe\u201d, tema que cambia radicalmente del original. Si este era sobre las vueltas y volteretas de una relaci\u00f3n -o su rechazo a las mismas por parte de un ex que la dej\u00f3 por otra- el remix es sobre las vueltas y volteretas en su carrera como diva pop. Con un <\/span><i><span style=\"font-weight: 300;\">beat<\/span><\/i><span style=\"font-weight: 300;\"> super activo y optimista -francamente ligero y divertido- la artista dice en la primera estrofa c\u00f3mo \u201c<\/span><i><span style=\"font-weight: 300;\">[viaj\u00f3] a quince pa\u00edses en cuatro d\u00edas<\/span><\/i><span style=\"font-weight: 300;\">\u201d y que \u201c<\/span><i><span style=\"font-weight: 300;\">cuando sale del escenario, [se queda] en el set sacando fotos hasta las horas a.m<\/span><\/i><span style=\"font-weight: 300;\">\u201d lo que vuelve a referenciar el car\u00e1cter workah\u00f3lico de Charli pero desde un tono (musical) m\u00e1s alegre. Lo que le sigue es la afirmaci\u00f3n de que \u201c<\/span><i><span style=\"font-weight: 300;\">est\u00e1 cansada pero lo ama y no se est\u00e1 quejando<\/span><\/i><span style=\"font-weight: 300;\">\u201d. A mi me gusta leer un doble significado que le sigue -el cual es preciso leerlo en el ingl\u00e9s original- en el cual podemos entrever esta relaci\u00f3n m\u00e1s completa del trabajo de la <span style=\"font-weight: 300; color: #8ace00;\"><strong>BRAT<\/strong><\/span><\/span><span style=\"font-weight: 300;\">: <\/span><i><span style=\"font-weight: 300;\">\u201coh shit, i kinda made it<\/span><\/i><span style=\"font-weight: 300;\">\u201d. Por un lado, podemos leer esto como un \u201clo logr\u00e9\u201d, una ruptura del verso anterior y un jactarse de su status. Acaba de enumerar c\u00f3mo el laburo constante da como frutos de su triunfo como diva, de marcar su presencia. Por otro lado, como verso que le sigue a que \u201cno se est\u00e1 quejando\u201d tras haber dicho que \u201cestaba cansada\u201d tambi\u00e9n puede leerse como una continuaci\u00f3n de su pensamiento anterior, un desliz de conciencia de que \u201cuh, ups. de hecho me acabo de quejar\u201d. Un freno moment\u00e1neo en una cadena de triunfos en donde igual no solo no puede parar -como visto anteriormente- pero ante un tono positivo no <\/span><i><span style=\"font-weight: 300;\">quiere<\/span><\/i><span style=\"font-weight: 300;\"> tampoco. Junto con Tinashe, celebran el status que fueron construyendo \u201cdesde abajo\u201d, en una narrativa de opulencia merecida por el trabajo constante que han puesto a llegar a donde est\u00e1n. En otras palabras, el trabajo en <span style=\"font-weight: 300; color: #8ace00;\"><strong>BRAT<\/strong> <\/span><\/span><span style=\"font-weight: 300;\">tambi\u00e9n tiene incorporada <\/span><i><span style=\"font-weight: 300;\">esa<\/span><\/i><span style=\"font-weight: 300;\"> vida.<\/span><\/p>\n<p style=\"text-align: justify;\"><span style=\"font-weight: 300;\">\u201c<\/span><i><span style=\"font-weight: 300;\">von dutch ag cook remix featuring addison rae<\/span><\/i><span style=\"font-weight: 300;\">\u201d es el primer tema de <\/span><b>brat remix<\/b><span style=\"font-weight: 300;\"> que sali\u00f3 al p\u00fablico. El remix no cambia mucho tem\u00e1ticamente: es sobre la obsesi\u00f3n hacia Charli (y Addison) que tienen sus <\/span><i><span style=\"font-weight: 300;\">haters<\/span><\/i><span style=\"font-weight: 300;\">, lo que resalta su car\u00e1cter de estrellas que est\u00e1n viviendo <\/span><i><span style=\"font-weight: 300;\">esa<\/span><\/i><span style=\"font-weight: 300;\"> vida mientras el resto se entierra en su envidia. Cl\u00e1sico tema que asienta su status de diva pop. Si en <\/span><b><i>BRAT<\/i><\/b><span style=\"font-weight: 300;\"> el \u00e9nfasis est\u00e1 en la obsesi\u00f3n de sus <\/span><i><span style=\"font-weight: 300;\">haters<\/span><\/i><span style=\"font-weight: 300;\">, los celos hacia su fama y relevancia como artista POP (pop), la balanza de <\/span><b>von dutch remix<\/b><span style=\"font-weight: 300;\"> se da en torno a \u201cthat life\u201d [<\/span><i><span style=\"font-weight: 300;\">esa<\/span><\/i><span style=\"font-weight: 300;\"> vida], lo que se repite varias veces por ambas artistas, en lugar de ser solo el verso de apertura del estribillo, como en la canci\u00f3n original. Sigue habiendo un goce contra lxs envidiosxs, pero el centro ya no son estxs sino el objeto de su envidia: \u201c<\/span><i><span style=\"font-weight: 300;\">esa<\/span><\/i><span style=\"font-weight: 300;\"> vida\u201d.\u00a0<\/span><\/p>\n<p style=\"text-align: justify;\"><\/p>[\/et_pb_text][et_pb_video _builder_version=\u00bb4.27.4&#8243; _module_preset=\u00bbdefault\u00bb hover_enabled=\u00bb0&#8243; sticky_enabled=\u00bb0&#8243; src=\u00bbhttps:\/\/www.youtube.com\/watch?v=mD5O1RzJeVI&#038;list=PL-2HG0C5jJQE-D-1odtlA47fbP7oCg62e&#038;index=6&#038;pp=iAQB8AUB\u00bb][\/et_pb_video][et_pb_text admin_label=\u00bbParrafo 1&#8243; _builder_version=\u00bb4.27.4&#8243; text_font=\u00bbTitillium Web||||||||\u00bb text_text_color=\u00bb#000000&#8243; text_font_size=\u00bb20px\u00bb text_line_height=\u00bb2em\u00bb custom_margin=\u00bb2%|0%|2%|0%|true|true\u00bb custom_padding=\u00bb||0px|0px||\u00bb hover_enabled=\u00bb0&#8243; text_font_size_tablet=\u00bb17px\u00bb text_font_size_phone=\u00bb16px\u00bb text_font_size_last_edited=\u00bbon|phone\u00bb locked=\u00bboff\u00bb inline_fonts=\u00bbRubik,Alkalami,Titillium Web\u00bb global_colors_info=\u00bb{}\u00bb sticky_enabled=\u00bb0&#8243;]<p style=\"text-align: justify;\"><i><span style=\"font-weight: 300;\">Esa<\/span><\/i><span style=\"font-weight: 300;\"> vida es la objetivizaci\u00f3n de la vida de la estrella apta para el consumo masivo. Un consumo que se da a trav\u00e9s de redes, noticias y el mismo producto cultural -que, en este caso, es la m\u00fasica-. Pero la m\u00fasica puede ser lo de menos. Esa vida es la ropa, la gente, el evento, \u201cestar en todas\u201d. Es ser objeto de culto, es \u201cpasarla bien\u201d, la ausencia de miserias mundanas. Es una ilusi\u00f3n, el fino arte de comprender la mentalidad colectiva y sus deseos para finalmente poder manufacturar visualmente un producto que satisfaga el deseo de interacci\u00f3n -like, compartir, comentar y seguir-. <\/span><i><span style=\"font-weight: 300;\">Esa<\/span><\/i><span style=\"font-weight: 300;\"> vida la tiene <\/span><i><span style=\"font-weight: 300;\">esa <\/span><\/i><span style=\"font-weight: 300;\">chica que est\u00e1 \u201cpor encima\u201d.<\/span><\/p>\n<p style=\"text-align: justify;\"><span style=\"font-weight: 300;\">Cuando sali\u00f3 <\/span><b>von dutch remix<\/b><span style=\"font-weight: 300;\">, honestamente, no le prest\u00e9 mucha atenci\u00f3n. \u00a1No estando \u201c<\/span><i><span style=\"font-weight: 300;\">von dutch<\/span><\/i><span style=\"font-weight: 300;\">\u201d ah\u00ed! Sin embargo, dentro de la l\u00f3gica del \u00e1lbum remix empec\u00e9 a disfrutar el rol narrativo -en serio- que ocupa y la sutileza utilizada para transformar el significado de <span style=\"font-weight: 300; color: #8ace00;\"><strong>BRAT<\/strong><\/span><\/span><i><span style=\"font-weight: 300;\">.<\/span><\/i><span style=\"font-weight: 300;\"> Lo que cambia es el \u00e9nfasis en cada canci\u00f3n y, como consecuencia, afecta la relaci\u00f3n con la canci\u00f3n que le sigue.<\/span><\/p>\n<p style=\"text-align: justify;\"><\/p>\n<h1 style=\"text-align: justify;\"><b>everything is romantic. [<\/b><b><i>\u00bfright?<\/i><\/b><b>]<\/b><\/h1>\n<p style=\"text-align: justify;\"><span style=\"font-weight: 300;\">Quiero finalizar esta nota volviendo -b2b- a la canci\u00f3n que me abri\u00f3 la pregunta sobre el trabajo en <span style=\"font-weight: 300; color: #8ace00;\"><strong>BRAT<\/strong><\/span><\/span><span style=\"font-weight: 300;\">, que es <\/span><b>everything is romantic remix<\/b><span style=\"font-weight: 300;\">. Anticipo, sin embargo, una serie de \u201cpreguntas o reflexiones finales\u201d a nivel general porque prefiero cerrar anti-clim\u00e1ticamente con un an\u00e1lisis centrado en la canci\u00f3n m\u00e1s que el \u00e1lbum o el fen\u00f3meno de forma global. Al final de su nota, Mattie Colquhoun dice \u201cla <span style=\"font-weight: 300; color: #8ace00;\"><strong>brat<\/strong>\u00a0<\/span><\/span><span style=\"font-weight: 300;\">se porta mal porque no puede tener lo que quiere, \u00bfquien no se siente como una brat en estos momentos?\u201d, vincul\u00e1ndolo al contexto m\u00e1s general de la crisis cultural en el capitalismo tard\u00edo y, m\u00e1s espec\u00edficamente, a la relaci\u00f3n entre el actual contexto pol\u00edtico de avances neoliberales y gobiernos de derecha con el evento cultural que brat encapsul\u00f3 -el art\u00edculo de Mattie fue anterior a que <\/span><a href=\"https:\/\/x.com\/charli_xcx\/status\/1815182384066707861\"><span style=\"font-weight: 300;\">Charli tuiteara muy cringemente sobre la campa\u00f1a electoral yanki<\/span><\/a><span style=\"font-weight: 300;\">-. En latinoam\u00e9rica, termina el a\u00f1o <span style=\"font-weight: 300; color: #8ace00;\"><strong>BRAT<\/strong> <\/span><\/span><span style=\"font-weight: 300;\">pero comienza nuestro propio <span style=\"font-weight: 300; color: #8ace00;\"><strong><em>brat summer<\/em><\/strong><\/span><\/span><span style=\"font-weight: 300;\">. Con el bagaje del \u00e1lbum remix y entendiendo las pretenciones globales -digitales- del \u00e1lbum, nuestro <span style=\"font-weight: 300; color: #8ace00;\"><strong><em>brat summer con extra sudor sudaca<\/em><\/strong><\/span><\/span><span style=\"font-weight: 300;\">\u00a0<\/span><span style=\"font-weight: 300;\">nos trae no solamente la pregunta sobre qu\u00e9 deseamos, qu\u00e9 hacemos al no obtenerlo, sino si en su mismo proceso las cosas pueden, siquiera, ser rom\u00e1nticas.<\/span><\/p>\n<p style=\"text-align: justify;\"><span style=\"font-weight: 300;\">Ahora s\u00ed, rebobinemos -rewind- a <\/span><b>everything is romantic remix<\/b><span style=\"font-weight: 300;\">. En el di\u00e1logo entre Charli y Caroline, cuando Charli le confiesa que est\u00e1 en una crisis donde necesita tener sus huellas en todos lados y, por ende, no puede dejar de trabajar, podemos presenciar una progresiva espiral de angustia con una enumeraci\u00f3n de preguntas y ansiedades -\u201d\u00bfestoy en una reca\u00edda? \u00bfestoy yendo atr\u00e1s en el tiempo? \u00bfperd\u00ed mi perspectiva?\u201d-. Cl\u00e1sicas preguntas de una persona en crisis que precisa de una persona externa para que la ancle en una realidad que ya no es capaz de interpretar y situarse por su cuenta. La expresi\u00f3n de su estado mental en crisis culmina con el verso final, en donde solo queda su voz: <\/span><i><span style=\"font-weight: 300;\">todo sigue siendo rom\u00e1ntico \u00bfno?<\/span><\/i><\/p>\n<p style=\"text-align: justify;\"><span style=\"font-weight: 300;\">En la canci\u00f3n original, la respuesta es s\u00ed. La enumeraci\u00f3n de cosas mundanas y lujosas, la enumeraci\u00f3n de im\u00e1genes corrientes y repetitivas, manifiestan que la totalidad de la realidad es, de hecho, rom\u00e1ntica. Pero el remix pone en crisis esa tesis con la explicitaci\u00f3n de la duda en donde antes hab\u00eda seguridad. Todo da a entender, en ese momento, que no. Claramente no.<\/span><\/p>\n<p style=\"text-align: justify;\"><span style=\"font-weight: 300;\">Y sin embargo, al final de la canci\u00f3n, se repite una estructura paralela al verso inicial de Caroline. Se pone los auriculares, todo cambia, Charli la llama desde un set de fotos: \u201cvivir <\/span><i><span style=\"font-weight: 300;\">esa vida<\/span><\/i><span style=\"font-weight: 300;\"> es rom\u00e1ntico, \u00bfno?\u201d. Las notas finales se sienten nuevamente rom\u00e1nticas. La crisis pas\u00f3, pero \u00bfrealmente pas\u00f3? Es preciso notar, en relaci\u00f3n a la canci\u00f3n anterior en el \u00e1lbum,<\/span><b> von dutch remix<\/b><span style=\"font-weight: 300;\">, que lo que la hace volver a su estad\u00edo de romance es la menci\u00f3n de <\/span><i><span style=\"font-weight: 300;\">esa<\/span><\/i><span style=\"font-weight: 300;\"> vida, que tanto fue celebrada minutos antes de la crisis y vuelta al orden. En lo personal, me da una sensaci\u00f3n esperanzadora pero, a la vez, siniestra, en donde aquella vida se siente no como una superaci\u00f3n sino como una sedaci\u00f3n. Pero lo que no logro saber -ni podr\u00e9 saber- es qu\u00e9 es lo que entonces busca expresar Charli en la pregunta m\u00e1s importante para nuestro propio <span style=\"font-weight: 300; color: #8ace00;\"><strong><em>brat summer latinoamericano<\/em><\/strong><\/span><\/span><span style=\"font-weight: 300;\">, \u00bfpuede todo seguir siendo rom\u00e1ntico?<\/span><\/p>\n<p style=\"text-align: justify;\"><\/p>[\/et_pb_text][et_pb_image src=\u00bbhttps:\/\/urbe.com.ar\/revista\/wp-content\/uploads\/2023\/05\/WhatsApp-Image-2023-03-13-at-16.37.45.jpeg\u00bb title_text=\u00bbWhatsApp Image 2023-03-13 at 16.37.45&#8243; align=\u00bbcenter\u00bb _builder_version=\u00bb4.26.0&#8243; _module_preset=\u00bbdefault\u00bb custom_margin=\u00bb3%||3%||true|false\u00bb global_colors_info=\u00bb{}\u00bb][\/et_pb_image][et_pb_text admin_label=\u00bbParrafo 1&#8243; _builder_version=\u00bb4.27.0&#8243; text_font=\u00bbTitillium Web||||||||\u00bb text_text_color=\u00bb#000000&#8243; text_font_size=\u00bb20px\u00bb text_line_height=\u00bb2em\u00bb custom_margin=\u00bb2%|0%|2%|0%|true|true\u00bb custom_padding=\u00bb||0px|0px||\u00bb text_font_size_tablet=\u00bb17px\u00bb text_font_size_phone=\u00bb16px\u00bb text_font_size_last_edited=\u00bbon|phone\u00bb locked=\u00bboff\u00bb inline_fonts=\u00bbRubik,Alkalami,Titillium Web\u00bb global_colors_info=\u00bb{}\u00bb][\/et_pb_text][et_pb_blog fullwidth=\u00bboff\u00bb posts_number=\u00bb3&#8243; include_categories=\u00bbcurrent\u00bb meta_date=\u00bbj M,Y\u00bb excerpt_length=\u00bb80&#8243; show_author=\u00bboff\u00bb show_categories=\u00bboff\u00bb show_pagination=\u00bboff\u00bb masonry_tile_background_color=\u00bb#FFFFFF\u00bb disabled_on=\u00bbon|off|off\u00bb module_class=\u00bbpa-blog \u00bb _builder_version=\u00bb4.25.1&#8243; header_font=\u00bb|700|||||||\u00bb header_text_color=\u00bb#FFFFFF\u00bb header_font_size=\u00bb20px\u00bb body_font=\u00bb|600|||||||\u00bb body_text_color=\u00bb#FFFFFF\u00bb meta_text_color=\u00bb#FFFFFF\u00bb read_more_text_color=\u00bb#FFFFFF\u00bb background_color=\u00bb#FFFFFF\u00bb min_height=\u00bb100px\u00bb custom_margin=\u00bb0px||0%||false|false\u00bb custom_margin_tablet=\u00bb0%||||false|false\u00bb custom_margin_phone=\u00bb\u00bb custom_margin_last_edited=\u00bbon|desktop\u00bb custom_padding=\u00bb||0px|||\u00bb header_text_shadow_style=\u00bbpreset3&#8243; header_text_shadow_color=\u00bb#000000&#8243; body_text_shadow_style=\u00bbpreset3&#8243; body_text_shadow_color=\u00bb#000000&#8243; meta_text_shadow_style=\u00bbpreset3&#8243; meta_text_shadow_color=\u00bb#000000&#8243; border_color_all_image=\u00bb#FFFFFF\u00bb border_width_top_image=\u00bb2px\u00bb text_shadow_style=\u00bbpreset3&#8243; text_shadow_blur_strength=\u00bb0.54em\u00bb text_shadow_color=\u00bb#000000&#8243; global_colors_info=\u00bb{}\u00bb][\/et_pb_blog][et_pb_image src=\u00bbhttps:\/\/urbe.com.ar\/revista\/wp-content\/uploads\/2023\/05\/banner-escritores-copy.jpg\u00bb title_text=\u00bbbanner escritores copy\u00bb _builder_version=\u00bb4.21.0&#8243; _module_preset=\u00bbdefault\u00bb custom_margin=\u00bb15%||||false|false\u00bb global_colors_info=\u00bb{}\u00bb][\/et_pb_image][\/et_pb_column][\/et_pb_row][\/et_pb_section]\n","protected":false},"excerpt":{"rendered":"<p>Por <b>Don In\u00e9s Yasuda<\/b><\/p>\n","protected":false},"author":12,"featured_media":10571,"comment_status":"closed","ping_status":"closed","sticky":false,"template":"","format":"standard","meta":{"_et_pb_use_builder":"on","_et_pb_old_content":"","_et_gb_content_width":"1080","_jetpack_memberships_contains_paid_content":false,"footnotes":""},"categories":[26],"tags":[],"class_list":["post-10570","post","type-post","status-publish","format-standard","has-post-thumbnail","hentry","category-musica"],"yoast_head":"<!-- This site is optimized with the Yoast SEO plugin v27.5 - https:\/\/yoast.com\/product\/yoast-seo-wordpress\/ -->\n<title>brat\/remix summer - Revista Urbe<\/title>\n<meta name=\"robots\" content=\"index, follow, max-snippet:-1, max-image-preview:large, max-video-preview:-1\" \/>\n<link rel=\"canonical\" href=\"https:\/\/urbe.com.ar\/revista\/brat-remix-summer\/\" \/>\n<meta property=\"og:locale\" content=\"es_ES\" \/>\n<meta property=\"og:type\" content=\"article\" \/>\n<meta property=\"og:title\" content=\"brat\/remix summer - Revista Urbe\" \/>\n<meta property=\"og:description\" content=\"Por Don In\u00e9s Yasuda\" \/>\n<meta property=\"og:url\" content=\"https:\/\/urbe.com.ar\/revista\/brat-remix-summer\/\" \/>\n<meta property=\"og:site_name\" content=\"Revista Urbe\" \/>\n<meta property=\"article:published_time\" content=\"2025-01-18T11:00:00+00:00\" \/>\n<meta property=\"og:image\" content=\"https:\/\/i0.wp.com\/urbe.com.ar\/revista\/wp-content\/uploads\/2025\/01\/brat-remix-summer-web.png?fit=1080%2C960&ssl=1\" \/>\n\t<meta property=\"og:image:width\" content=\"1080\" \/>\n\t<meta property=\"og:image:height\" content=\"960\" \/>\n\t<meta property=\"og:image:type\" content=\"image\/png\" \/>\n<meta name=\"author\" content=\"Dante Sabatto\" \/>\n<meta name=\"twitter:card\" content=\"summary_large_image\" \/>\n<meta name=\"twitter:creator\" content=\"@Revistaurbe_\" \/>\n<meta name=\"twitter:site\" content=\"@Revistaurbe_\" \/>\n<meta name=\"twitter:label1\" content=\"Escrito por\" \/>\n\t<meta name=\"twitter:data1\" content=\"Dante Sabatto\" \/>\n\t<meta name=\"twitter:label2\" content=\"Tiempo de lectura\" \/>\n\t<meta name=\"twitter:data2\" content=\"19 minutos\" \/>\n<script type=\"application\/ld+json\" class=\"yoast-schema-graph\">{\"@context\":\"https:\\\/\\\/schema.org\",\"@graph\":[{\"@type\":\"Article\",\"@id\":\"https:\\\/\\\/urbe.com.ar\\\/revista\\\/brat-remix-summer\\\/#article\",\"isPartOf\":{\"@id\":\"https:\\\/\\\/urbe.com.ar\\\/revista\\\/brat-remix-summer\\\/\"},\"author\":{\"name\":\"Dante Sabatto\",\"@id\":\"https:\\\/\\\/urbe.com.ar\\\/revista\\\/#\\\/schema\\\/person\\\/7d74fe34497d3bf56b8acdbaa3c3c465\"},\"headline\":\"brat\\\/remix summer\",\"datePublished\":\"2025-01-18T11:00:00+00:00\",\"mainEntityOfPage\":{\"@id\":\"https:\\\/\\\/urbe.com.ar\\\/revista\\\/brat-remix-summer\\\/\"},\"wordCount\":5324,\"image\":{\"@id\":\"https:\\\/\\\/urbe.com.ar\\\/revista\\\/brat-remix-summer\\\/#primaryimage\"},\"thumbnailUrl\":\"https:\\\/\\\/i0.wp.com\\\/urbe.com.ar\\\/revista\\\/wp-content\\\/uploads\\\/2025\\\/01\\\/brat-remix-summer-web.png?fit=1080%2C960&ssl=1\",\"articleSection\":[\"M\u00daSICA\"],\"inLanguage\":\"es\"},{\"@type\":\"WebPage\",\"@id\":\"https:\\\/\\\/urbe.com.ar\\\/revista\\\/brat-remix-summer\\\/\",\"url\":\"https:\\\/\\\/urbe.com.ar\\\/revista\\\/brat-remix-summer\\\/\",\"name\":\"brat\\\/remix summer - Revista Urbe\",\"isPartOf\":{\"@id\":\"https:\\\/\\\/urbe.com.ar\\\/revista\\\/#website\"},\"primaryImageOfPage\":{\"@id\":\"https:\\\/\\\/urbe.com.ar\\\/revista\\\/brat-remix-summer\\\/#primaryimage\"},\"image\":{\"@id\":\"https:\\\/\\\/urbe.com.ar\\\/revista\\\/brat-remix-summer\\\/#primaryimage\"},\"thumbnailUrl\":\"https:\\\/\\\/i0.wp.com\\\/urbe.com.ar\\\/revista\\\/wp-content\\\/uploads\\\/2025\\\/01\\\/brat-remix-summer-web.png?fit=1080%2C960&ssl=1\",\"datePublished\":\"2025-01-18T11:00:00+00:00\",\"author\":{\"@id\":\"https:\\\/\\\/urbe.com.ar\\\/revista\\\/#\\\/schema\\\/person\\\/7d74fe34497d3bf56b8acdbaa3c3c465\"},\"breadcrumb\":{\"@id\":\"https:\\\/\\\/urbe.com.ar\\\/revista\\\/brat-remix-summer\\\/#breadcrumb\"},\"inLanguage\":\"es\",\"potentialAction\":[{\"@type\":\"ReadAction\",\"target\":[\"https:\\\/\\\/urbe.com.ar\\\/revista\\\/brat-remix-summer\\\/\"]}]},{\"@type\":\"ImageObject\",\"inLanguage\":\"es\",\"@id\":\"https:\\\/\\\/urbe.com.ar\\\/revista\\\/brat-remix-summer\\\/#primaryimage\",\"url\":\"https:\\\/\\\/i0.wp.com\\\/urbe.com.ar\\\/revista\\\/wp-content\\\/uploads\\\/2025\\\/01\\\/brat-remix-summer-web.png?fit=1080%2C960&ssl=1\",\"contentUrl\":\"https:\\\/\\\/i0.wp.com\\\/urbe.com.ar\\\/revista\\\/wp-content\\\/uploads\\\/2025\\\/01\\\/brat-remix-summer-web.png?fit=1080%2C960&ssl=1\",\"width\":1080,\"height\":960},{\"@type\":\"BreadcrumbList\",\"@id\":\"https:\\\/\\\/urbe.com.ar\\\/revista\\\/brat-remix-summer\\\/#breadcrumb\",\"itemListElement\":[{\"@type\":\"ListItem\",\"position\":1,\"name\":\"Portada\",\"item\":\"https:\\\/\\\/urbe.com.ar\\\/revista\\\/\"},{\"@type\":\"ListItem\",\"position\":2,\"name\":\"brat\\\/remix summer\"}]},{\"@type\":\"WebSite\",\"@id\":\"https:\\\/\\\/urbe.com.ar\\\/revista\\\/#website\",\"url\":\"https:\\\/\\\/urbe.com.ar\\\/revista\\\/\",\"name\":\"Revista Urbe\",\"description\":\"\",\"potentialAction\":[{\"@type\":\"SearchAction\",\"target\":{\"@type\":\"EntryPoint\",\"urlTemplate\":\"https:\\\/\\\/urbe.com.ar\\\/revista\\\/?s={search_term_string}\"},\"query-input\":{\"@type\":\"PropertyValueSpecification\",\"valueRequired\":true,\"valueName\":\"search_term_string\"}}],\"inLanguage\":\"es\"},{\"@type\":\"Person\",\"@id\":\"https:\\\/\\\/urbe.com.ar\\\/revista\\\/#\\\/schema\\\/person\\\/7d74fe34497d3bf56b8acdbaa3c3c465\",\"name\":\"Dante Sabatto\",\"image\":{\"@type\":\"ImageObject\",\"inLanguage\":\"es\",\"@id\":\"https:\\\/\\\/secure.gravatar.com\\\/avatar\\\/2077097869e17a262eb8d0e6f2f1895aac0bca61b8051a6673fcdb82c80c2378?s=96&d=mm&r=g\",\"url\":\"https:\\\/\\\/secure.gravatar.com\\\/avatar\\\/2077097869e17a262eb8d0e6f2f1895aac0bca61b8051a6673fcdb82c80c2378?s=96&d=mm&r=g\",\"contentUrl\":\"https:\\\/\\\/secure.gravatar.com\\\/avatar\\\/2077097869e17a262eb8d0e6f2f1895aac0bca61b8051a6673fcdb82c80c2378?s=96&d=mm&r=g\",\"caption\":\"Dante Sabatto\"},\"url\":\"https:\\\/\\\/urbe.com.ar\\\/revista\\\/author\\\/dante-sabatto\\\/\"}]}<\/script>\n<!-- \/ Yoast SEO plugin. -->","yoast_head_json":{"title":"brat\/remix summer - Revista Urbe","robots":{"index":"index","follow":"follow","max-snippet":"max-snippet:-1","max-image-preview":"max-image-preview:large","max-video-preview":"max-video-preview:-1"},"canonical":"https:\/\/urbe.com.ar\/revista\/brat-remix-summer\/","og_locale":"es_ES","og_type":"article","og_title":"brat\/remix summer - Revista Urbe","og_description":"Por Don In\u00e9s Yasuda","og_url":"https:\/\/urbe.com.ar\/revista\/brat-remix-summer\/","og_site_name":"Revista Urbe","article_published_time":"2025-01-18T11:00:00+00:00","og_image":[{"width":1080,"height":960,"url":"https:\/\/i0.wp.com\/urbe.com.ar\/revista\/wp-content\/uploads\/2025\/01\/brat-remix-summer-web.png?fit=1080%2C960&ssl=1","type":"image\/png"}],"author":"Dante Sabatto","twitter_card":"summary_large_image","twitter_creator":"@Revistaurbe_","twitter_site":"@Revistaurbe_","twitter_misc":{"Escrito por":"Dante Sabatto","Tiempo de lectura":"19 minutos"},"schema":{"@context":"https:\/\/schema.org","@graph":[{"@type":"Article","@id":"https:\/\/urbe.com.ar\/revista\/brat-remix-summer\/#article","isPartOf":{"@id":"https:\/\/urbe.com.ar\/revista\/brat-remix-summer\/"},"author":{"name":"Dante Sabatto","@id":"https:\/\/urbe.com.ar\/revista\/#\/schema\/person\/7d74fe34497d3bf56b8acdbaa3c3c465"},"headline":"brat\/remix summer","datePublished":"2025-01-18T11:00:00+00:00","mainEntityOfPage":{"@id":"https:\/\/urbe.com.ar\/revista\/brat-remix-summer\/"},"wordCount":5324,"image":{"@id":"https:\/\/urbe.com.ar\/revista\/brat-remix-summer\/#primaryimage"},"thumbnailUrl":"https:\/\/i0.wp.com\/urbe.com.ar\/revista\/wp-content\/uploads\/2025\/01\/brat-remix-summer-web.png?fit=1080%2C960&ssl=1","articleSection":["M\u00daSICA"],"inLanguage":"es"},{"@type":"WebPage","@id":"https:\/\/urbe.com.ar\/revista\/brat-remix-summer\/","url":"https:\/\/urbe.com.ar\/revista\/brat-remix-summer\/","name":"brat\/remix summer - Revista Urbe","isPartOf":{"@id":"https:\/\/urbe.com.ar\/revista\/#website"},"primaryImageOfPage":{"@id":"https:\/\/urbe.com.ar\/revista\/brat-remix-summer\/#primaryimage"},"image":{"@id":"https:\/\/urbe.com.ar\/revista\/brat-remix-summer\/#primaryimage"},"thumbnailUrl":"https:\/\/i0.wp.com\/urbe.com.ar\/revista\/wp-content\/uploads\/2025\/01\/brat-remix-summer-web.png?fit=1080%2C960&ssl=1","datePublished":"2025-01-18T11:00:00+00:00","author":{"@id":"https:\/\/urbe.com.ar\/revista\/#\/schema\/person\/7d74fe34497d3bf56b8acdbaa3c3c465"},"breadcrumb":{"@id":"https:\/\/urbe.com.ar\/revista\/brat-remix-summer\/#breadcrumb"},"inLanguage":"es","potentialAction":[{"@type":"ReadAction","target":["https:\/\/urbe.com.ar\/revista\/brat-remix-summer\/"]}]},{"@type":"ImageObject","inLanguage":"es","@id":"https:\/\/urbe.com.ar\/revista\/brat-remix-summer\/#primaryimage","url":"https:\/\/i0.wp.com\/urbe.com.ar\/revista\/wp-content\/uploads\/2025\/01\/brat-remix-summer-web.png?fit=1080%2C960&ssl=1","contentUrl":"https:\/\/i0.wp.com\/urbe.com.ar\/revista\/wp-content\/uploads\/2025\/01\/brat-remix-summer-web.png?fit=1080%2C960&ssl=1","width":1080,"height":960},{"@type":"BreadcrumbList","@id":"https:\/\/urbe.com.ar\/revista\/brat-remix-summer\/#breadcrumb","itemListElement":[{"@type":"ListItem","position":1,"name":"Portada","item":"https:\/\/urbe.com.ar\/revista\/"},{"@type":"ListItem","position":2,"name":"brat\/remix summer"}]},{"@type":"WebSite","@id":"https:\/\/urbe.com.ar\/revista\/#website","url":"https:\/\/urbe.com.ar\/revista\/","name":"Revista Urbe","description":"","potentialAction":[{"@type":"SearchAction","target":{"@type":"EntryPoint","urlTemplate":"https:\/\/urbe.com.ar\/revista\/?s={search_term_string}"},"query-input":{"@type":"PropertyValueSpecification","valueRequired":true,"valueName":"search_term_string"}}],"inLanguage":"es"},{"@type":"Person","@id":"https:\/\/urbe.com.ar\/revista\/#\/schema\/person\/7d74fe34497d3bf56b8acdbaa3c3c465","name":"Dante Sabatto","image":{"@type":"ImageObject","inLanguage":"es","@id":"https:\/\/secure.gravatar.com\/avatar\/2077097869e17a262eb8d0e6f2f1895aac0bca61b8051a6673fcdb82c80c2378?s=96&d=mm&r=g","url":"https:\/\/secure.gravatar.com\/avatar\/2077097869e17a262eb8d0e6f2f1895aac0bca61b8051a6673fcdb82c80c2378?s=96&d=mm&r=g","contentUrl":"https:\/\/secure.gravatar.com\/avatar\/2077097869e17a262eb8d0e6f2f1895aac0bca61b8051a6673fcdb82c80c2378?s=96&d=mm&r=g","caption":"Dante Sabatto"},"url":"https:\/\/urbe.com.ar\/revista\/author\/dante-sabatto\/"}]}},"jetpack_featured_media_url":"https:\/\/i0.wp.com\/urbe.com.ar\/revista\/wp-content\/uploads\/2025\/01\/brat-remix-summer-web.png?fit=1080%2C960&ssl=1","jetpack_sharing_enabled":true,"_links":{"self":[{"href":"https:\/\/urbe.com.ar\/revista\/wp-json\/wp\/v2\/posts\/10570","targetHints":{"allow":["GET"]}}],"collection":[{"href":"https:\/\/urbe.com.ar\/revista\/wp-json\/wp\/v2\/posts"}],"about":[{"href":"https:\/\/urbe.com.ar\/revista\/wp-json\/wp\/v2\/types\/post"}],"author":[{"embeddable":true,"href":"https:\/\/urbe.com.ar\/revista\/wp-json\/wp\/v2\/users\/12"}],"replies":[{"embeddable":true,"href":"https:\/\/urbe.com.ar\/revista\/wp-json\/wp\/v2\/comments?post=10570"}],"version-history":[{"count":13,"href":"https:\/\/urbe.com.ar\/revista\/wp-json\/wp\/v2\/posts\/10570\/revisions"}],"predecessor-version":[{"id":10592,"href":"https:\/\/urbe.com.ar\/revista\/wp-json\/wp\/v2\/posts\/10570\/revisions\/10592"}],"wp:featuredmedia":[{"embeddable":true,"href":"https:\/\/urbe.com.ar\/revista\/wp-json\/wp\/v2\/media\/10571"}],"wp:attachment":[{"href":"https:\/\/urbe.com.ar\/revista\/wp-json\/wp\/v2\/media?parent=10570"}],"wp:term":[{"taxonomy":"category","embeddable":true,"href":"https:\/\/urbe.com.ar\/revista\/wp-json\/wp\/v2\/categories?post=10570"},{"taxonomy":"post_tag","embeddable":true,"href":"https:\/\/urbe.com.ar\/revista\/wp-json\/wp\/v2\/tags?post=10570"}],"curies":[{"name":"wp","href":"https:\/\/api.w.org\/{rel}","templated":true}]}}