{"id":10454,"date":"2024-12-06T16:04:14","date_gmt":"2024-12-06T16:04:14","guid":{"rendered":"https:\/\/urbe.com.ar\/revista\/?p=10454"},"modified":"2024-12-06T16:04:19","modified_gmt":"2024-12-06T16:04:19","slug":"la-consagracion-de-la-cultura-anti-woke","status":"publish","type":"post","link":"https:\/\/urbe.com.ar\/revista\/la-consagracion-de-la-cultura-anti-woke\/","title":{"rendered":"La consagraci\u00f3n de la cultura anti-woke"},"content":{"rendered":"\n[et_pb_section fb_built=\u00bb1&#8243; disabled_on=\u00bbon|on|on\u00bb _builder_version=\u00bb4.20.0&#8243; disabled=\u00bbon\u00bb global_colors_info=\u00bb{}\u00bb][et_pb_row _builder_version=\u00bb4.27.0&#8243; global_colors_info=\u00bb{}\u00bb][et_pb_column type=\u00bb4_4&#8243; _builder_version=\u00bb4.18.0&#8243; global_colors_info=\u00bb{}\u00bb][et_pb_text disabled_on=\u00bbon|on|on\u00bb _builder_version=\u00bb4.27.4&#8243; text_font=\u00bbTitillium Web||||||||\u00bb custom_padding=\u00bb||28px|||\u00bb disabled=\u00bbon\u00bb global_colors_info=\u00bb{}\u00bb]<b>Pedro Vuisso<\/b>\u00a0| Este art\u00edculo parte de la victoria de un Trump que vuelve recargado, a la vanguardia de una nueva ofensiva contra el progresismo, y se pregunta qu\u00e9 ha ocurrido culturalmente en estos 8 a\u00f1os. La batalla cultural se ha desarrollado en los campos de la pol\u00edtica, el marketing y las redes sociales: \u00bfc\u00f3mo puede seguir?[\/et_pb_text][\/et_pb_column][\/et_pb_row][\/et_pb_section][et_pb_section fb_built=\u00bb1&#8243; _builder_version=\u00bb4.25.1&#8243; _module_preset=\u00bbdefault\u00bb global_colors_info=\u00bb{}\u00bb][et_pb_row _builder_version=\u00bb4.25.1&#8243; background_color=\u00bb#ffffff\u00bb background_enable_image=\u00bboff\u00bb custom_margin=\u00bb40px||20px||false|false\u00bb custom_padding=\u00bb12px|0px|12px|0px|true|true\u00bb border_color_left=\u00bb#F2AF46&#8243; global_colors_info=\u00bb{}\u00bb][et_pb_column type=\u00bb4_4&#8243; _builder_version=\u00bb4.25.1&#8243; global_colors_info=\u00bb{}\u00bb][et_pb_text _builder_version=\u00bb4.27.4&#8243; text_font=\u00bbTitillium Web|600|||||||\u00bb text_text_color=\u00bb#000000&#8243; text_font_size=\u00bb18px\u00bb header_text_align=\u00bbcenter\u00bb header_font_size=\u00bb35px\u00bb background_color=\u00bbRGBA(255,255,255,0)\u00bb background_layout=\u00bbdark\u00bb custom_margin=\u00bb2%|0%|2%|0%|true|true\u00bb custom_padding=\u00bb|||0px|false|false\u00bb border_color_all=\u00bb#F2AF46&#8243; global_colors_info=\u00bb{}\u00bb]<p style=\"text-align: center;\"><strong>Internacional<\/strong><\/p>[\/et_pb_text][et_pb_text _builder_version=\u00bb4.27.2&#8243; text_font=\u00bbTitillium Web|300|||||||\u00bb text_text_color=\u00bb#000000&#8243; text_line_height=\u00bb1.4em\u00bb header_font=\u00bb|700||on|||||\u00bb header_text_align=\u00bbleft\u00bb header_text_color=\u00bb#272727&#8243; header_font_size=\u00bb4em\u00bb background_color=\u00bbRGBA(255,255,255,0)\u00bb background_enable_image=\u00bboff\u00bb background_size=\u00bbstretch\u00bb width=\u00bb100%\u00bb module_alignment=\u00bbleft\u00bb min_height=\u00bb71px\u00bb custom_margin=\u00bb3%|0%|3%|0%|true|true\u00bb custom_padding=\u00bb|0%|0px|0%|false|true\u00bb global_colors_info=\u00bb{}\u00bb]<h1 style=\"text-align: center;\">La consagraci\u00f3n de la cultura anti-woke<\/h1>[\/et_pb_text][et_pb_text admin_label=\u00bbParrafo 1&#8243; _builder_version=\u00bb4.27.4&#8243; text_font=\u00bbTitillium Web||||||||\u00bb text_text_color=\u00bb#000000&#8243; text_font_size=\u00bb20px\u00bb text_line_height=\u00bb2em\u00bb custom_margin=\u00bb2%|0%|2%|0%|true|true\u00bb custom_padding=\u00bb||0px|||\u00bb text_font_size_tablet=\u00bb17px\u00bb text_font_size_phone=\u00bb16px\u00bb text_font_size_last_edited=\u00bbon|phone\u00bb locked=\u00bboff\u00bb inline_fonts=\u00bbRubik,Alkalami,Titillium Web\u00bb global_colors_info=\u00bb{}\u00bb]<div class=\"\" data-block=\"true\" data-editor=\"fd8ss\" data-offset-key=\"4uv8o-0-0\">\n<div data-offset-key=\"4uv8o-0-0\" class=\"public-DraftStyleDefault-block public-DraftStyleDefault-ltr\" style=\"text-align: center;\">Este art\u00edculo parte de la victoria de un Trump que vuelve recargado, a la vanguardia de una nueva ofensiva contra el progresismo, y se pregunta qu\u00e9 ha ocurrido culturalmente en estos 8 a\u00f1os. La batalla cultural se ha desarrollado en los campos de la pol\u00edtica, el marketing y las redes sociales: \u00bfc\u00f3mo puede seguir?<\/div>\n<\/div>\n<div class=\"\" data-block=\"true\" data-editor=\"fd8ss\" data-offset-key=\"5shq2-0-0\" style=\"text-align: center;\"><\/div>[\/et_pb_text][et_pb_text _builder_version=\u00bb4.27.4&#8243; text_font=\u00bbTitillium Web||||||||\u00bb text_text_color=\u00bb#000000&#8243; text_font_size=\u00bb18px\u00bb header_text_align=\u00bbcenter\u00bb header_text_color=\u00bb#057E7E\u00bb header_font_size=\u00bb35px\u00bb text_orientation=\u00bbjustified\u00bb custom_margin=\u00bb2%|0%|2%|0%|true|true\u00bb custom_padding=\u00bb|||0px|false|false\u00bb border_color_left=\u00bb#F2AF46&#8243; global_colors_info=\u00bb{}\u00bb]<p style=\"text-align: center;\">Por <b>Pedro Vuisso<\/b><br \/><span style=\"font-size: medium;\">06 de diciembre de 2024<\/span><\/p>[\/et_pb_text][et_pb_image src=\u00bbhttps:\/\/urbe.com.ar\/revista\/wp-content\/uploads\/2024\/12\/portada-woke.png\u00bb title_text=\u00bbportada woke\u00bb disabled_on=\u00bboff|off|off\u00bb _builder_version=\u00bb4.27.4&#8243; background_enable_image=\u00bboff\u00bb custom_margin=\u00bb5%|0%|5%|0%|true|true\u00bb custom_margin_tablet=\u00bb\u00bb custom_margin_phone=\u00bb6%|0%|6%|0%|true|true\u00bb custom_margin_last_edited=\u00bbon|phone\u00bb hover_enabled=\u00bb0&#8243; global_colors_info=\u00bb{}\u00bb sticky_enabled=\u00bb0&#8243;][\/et_pb_image][\/et_pb_column][\/et_pb_row][et_pb_row column_structure=\u00bb1_2,1_2&#8243; use_custom_gutter=\u00bbon\u00bb gutter_width=\u00bb1&#8243; make_equal=\u00bbon\u00bb disabled_on=\u00bbon|off|off\u00bb _builder_version=\u00bb4.16&#8243; background_color=\u00bb#ffffff\u00bb custom_margin=\u00bb||||false|false\u00bb custom_padding=\u00bb0px||0px|0%|false|false\u00bb locked=\u00bboff\u00bb global_colors_info=\u00bb{}\u00bb][et_pb_column type=\u00bb1_2&#8243; _builder_version=\u00bb4.16&#8243; background_color=\u00bb#ffffff\u00bb custom_css_main_element=\u00bbwidth: 60% !important;\u00bb global_colors_info=\u00bb{}\u00bb][\/et_pb_column][et_pb_column type=\u00bb1_2&#8243; _builder_version=\u00bb4.16&#8243; custom_css_main_element=\u00bb||width: 40% !important;||margin: auto;||display: flex;||flex-direction: column;||justify-content: center;\u00bb global_colors_info=\u00bb{}\u00bb][et_pb_code _builder_version=\u00bb4.16&#8243; text_orientation=\u00bbcenter\u00bb module_alignment=\u00bbcenter\u00bb custom_margin=\u00bb2%||2%||true|false\u00bb custom_padding=\u00bb|6.7%||6.7%|false|true\u00bb global_colors_info=\u00bb{}\u00bb]<div class=\"addtoany_shortcode\"><div class=\"a2a_kit a2a_kit_size_32 addtoany_list\" data-a2a-url=\"https:\/\/urbe.com.ar\/revista\/la-consagracion-de-la-cultura-anti-woke\/\" data-a2a-title=\"La consagraci\u00f3n de la cultura anti-woke\"><a class=\"a2a_button_facebook\" href=\"https:\/\/www.addtoany.com\/add_to\/facebook?linkurl=https%3A%2F%2Furbe.com.ar%2Frevista%2Fla-consagracion-de-la-cultura-anti-woke%2F&amp;linkname=La%20consagraci%C3%B3n%20de%20la%20cultura%20anti-woke\" title=\"Facebook\" rel=\"nofollow noopener\" target=\"_blank\"><\/a><a class=\"a2a_button_whatsapp\" href=\"https:\/\/www.addtoany.com\/add_to\/whatsapp?linkurl=https%3A%2F%2Furbe.com.ar%2Frevista%2Fla-consagracion-de-la-cultura-anti-woke%2F&amp;linkname=La%20consagraci%C3%B3n%20de%20la%20cultura%20anti-woke\" title=\"WhatsApp\" rel=\"nofollow noopener\" target=\"_blank\"><\/a><a class=\"a2a_button_twitter\" href=\"https:\/\/www.addtoany.com\/add_to\/twitter?linkurl=https%3A%2F%2Furbe.com.ar%2Frevista%2Fla-consagracion-de-la-cultura-anti-woke%2F&amp;linkname=La%20consagraci%C3%B3n%20de%20la%20cultura%20anti-woke\" title=\"Twitter\" rel=\"nofollow noopener\" target=\"_blank\"><\/a><a class=\"a2a_button_email\" href=\"https:\/\/www.addtoany.com\/add_to\/email?linkurl=https%3A%2F%2Furbe.com.ar%2Frevista%2Fla-consagracion-de-la-cultura-anti-woke%2F&amp;linkname=La%20consagraci%C3%B3n%20de%20la%20cultura%20anti-woke\" title=\"Email\" rel=\"nofollow noopener\" target=\"_blank\"><\/a><a class=\"a2a_button_copy_link\" href=\"https:\/\/www.addtoany.com\/add_to\/copy_link?linkurl=https%3A%2F%2Furbe.com.ar%2Frevista%2Fla-consagracion-de-la-cultura-anti-woke%2F&amp;linkname=La%20consagraci%C3%B3n%20de%20la%20cultura%20anti-woke\" title=\"Copy Link\" rel=\"nofollow noopener\" target=\"_blank\"><\/a><\/div><\/div>[\/et_pb_code][\/et_pb_column][\/et_pb_row][et_pb_row use_custom_gutter=\u00bbon\u00bb gutter_width=\u00bb1&#8243; make_equal=\u00bbon\u00bb disabled_on=\u00bboff|on|on\u00bb _builder_version=\u00bb4.16&#8243; background_color=\u00bb#ffffff\u00bb custom_margin=\u00bb||||false|false\u00bb custom_padding=\u00bb0px||0px|0%|false|false\u00bb locked=\u00bboff\u00bb global_colors_info=\u00bb{}\u00bb][et_pb_column type=\u00bb4_4&#8243; _builder_version=\u00bb4.16&#8243; background_color=\u00bb#ffffff\u00bb global_colors_info=\u00bb{}\u00bb][et_pb_code disabled_on=\u00bboff|off|off\u00bb _builder_version=\u00bb4.16&#8243; _module_preset=\u00bbdefault\u00bb text_orientation=\u00bbcenter\u00bb width=\u00bb100%\u00bb width_tablet=\u00bb\u00bb width_phone=\u00bb100%\u00bb width_last_edited=\u00bbon|phone\u00bb max_width=\u00bb100%\u00bb max_width_tablet=\u00bb\u00bb max_width_phone=\u00bb\u00bb max_width_last_edited=\u00bbon|tablet\u00bb module_alignment=\u00bbright\u00bb custom_margin_tablet=\u00bb\u00bb custom_margin_phone=\u00bb\u00bb custom_margin_last_edited=\u00bbon|phone\u00bb module_alignment_tablet=\u00bb\u00bb module_alignment_phone=\u00bbcenter\u00bb module_alignment_last_edited=\u00bbon|desktop\u00bb global_colors_info=\u00bb{}\u00bb]<div class=\"addtoany_shortcode\"><div class=\"a2a_kit a2a_kit_size_32 addtoany_list\" data-a2a-url=\"https:\/\/urbe.com.ar\/revista\/la-consagracion-de-la-cultura-anti-woke\/\" data-a2a-title=\"La consagraci\u00f3n de la cultura anti-woke\"><a class=\"a2a_button_facebook\" href=\"https:\/\/www.addtoany.com\/add_to\/facebook?linkurl=https%3A%2F%2Furbe.com.ar%2Frevista%2Fla-consagracion-de-la-cultura-anti-woke%2F&amp;linkname=La%20consagraci%C3%B3n%20de%20la%20cultura%20anti-woke\" title=\"Facebook\" rel=\"nofollow noopener\" target=\"_blank\"><\/a><a class=\"a2a_button_whatsapp\" href=\"https:\/\/www.addtoany.com\/add_to\/whatsapp?linkurl=https%3A%2F%2Furbe.com.ar%2Frevista%2Fla-consagracion-de-la-cultura-anti-woke%2F&amp;linkname=La%20consagraci%C3%B3n%20de%20la%20cultura%20anti-woke\" title=\"WhatsApp\" rel=\"nofollow noopener\" target=\"_blank\"><\/a><a class=\"a2a_button_twitter\" href=\"https:\/\/www.addtoany.com\/add_to\/twitter?linkurl=https%3A%2F%2Furbe.com.ar%2Frevista%2Fla-consagracion-de-la-cultura-anti-woke%2F&amp;linkname=La%20consagraci%C3%B3n%20de%20la%20cultura%20anti-woke\" title=\"Twitter\" rel=\"nofollow noopener\" target=\"_blank\"><\/a><a class=\"a2a_button_email\" href=\"https:\/\/www.addtoany.com\/add_to\/email?linkurl=https%3A%2F%2Furbe.com.ar%2Frevista%2Fla-consagracion-de-la-cultura-anti-woke%2F&amp;linkname=La%20consagraci%C3%B3n%20de%20la%20cultura%20anti-woke\" title=\"Email\" rel=\"nofollow noopener\" target=\"_blank\"><\/a><a class=\"a2a_button_copy_link\" href=\"https:\/\/www.addtoany.com\/add_to\/copy_link?linkurl=https%3A%2F%2Furbe.com.ar%2Frevista%2Fla-consagracion-de-la-cultura-anti-woke%2F&amp;linkname=La%20consagraci%C3%B3n%20de%20la%20cultura%20anti-woke\" title=\"Copy Link\" rel=\"nofollow noopener\" target=\"_blank\"><\/a><\/div><\/div>[\/et_pb_code][\/et_pb_column][\/et_pb_row][et_pb_row _builder_version=\u00bb4.25.1&#8243; background_color=\u00bb#ffffff\u00bb width=\u00bb100%\u00bb custom_padding=\u00bb0px||3px|0px||\u00bb global_colors_info=\u00bb{}\u00bb][et_pb_column type=\u00bb4_4&#8243; _builder_version=\u00bb4.25.1&#8243; global_colors_info=\u00bb{}\u00bb][et_pb_text admin_label=\u00bbParrafo 1&#8243; _builder_version=\u00bb4.27.0&#8243; text_font=\u00bbTitillium Web||||||||\u00bb text_text_color=\u00bb#000000&#8243; text_font_size=\u00bb20px\u00bb text_line_height=\u00bb2em\u00bb custom_margin=\u00bb2%|0%|2%|0%|true|true\u00bb custom_padding=\u00bb||0px|0px||\u00bb text_font_size_tablet=\u00bb17px\u00bb text_font_size_phone=\u00bb16px\u00bb text_font_size_last_edited=\u00bbon|phone\u00bb locked=\u00bboff\u00bb inline_fonts=\u00bbRubik,Alkalami,Titillium Web\u00bb global_colors_info=\u00bb{}\u00bb]<p><span style=\"font-weight: 400; font-size: large;\">La victoria de Trump confirma ante la opini\u00f3n p\u00fablica mundial y las \u00e9lites econ\u00f3micas y sociales que existe un movimiento, heterog\u00e9neo pero con rasgos definidos, que vino para quedarse. Si cuando gan\u00f3 Trump por primera vez hab\u00eda elementos para pensar que el ascenso republicano era un fen\u00f3meno epis\u00f3dico, fortuito o el trastabillamiento de una Historia cuya orientaci\u00f3n ya estaba clara, ocho a\u00f1os despu\u00e9s esa sospecha se desvaneci\u00f3 en el aire. Trump vuelve a ganar en 2024 con mucha mayor contundencia. Se consagra como el candidato m\u00e1s votado por los latinos, el candidato m\u00e1s votado por los sectores con menor nivel educativo formal y consigue incluso mayor\u00eda entre las mujeres blancas.<\/span><\/p>\n<p><span style=\"font-weight: 400; font-size: large;\"><\/span><\/p>\n<p><span style=\"font-size: large;\"><span style=\"font-weight: 400;\">Me interesa no tanto hacer una lectura de estos elementos en s\u00ed mismos, sino analizar cu\u00e1l es el horizonte interpretativo que se configura en las diferentes capas de la sociedad a partir de esta novedad. No se trata de lo que <\/span><i><span style=\"font-weight: 400;\">dicen<\/span><\/i><span style=\"font-weight: 400;\"> estos datos, sino de lo que <\/span><i><span style=\"font-weight: 400;\">se dice<\/span><\/i><span style=\"font-weight: 400;\"> sobre ellos. Recordemos que en 2012 Obama gana con m\u00e1s del 70 porciento de los votos latinos. Con estos n\u00fameros en mano y la migraci\u00f3n latina en expansi\u00f3n los dem\u00f3cratas se aseguraban ganar elecciones de forma indefinida. Parec\u00eda una certeza para todo el arco pol\u00edtico. Como la identidad demogr\u00e1fica no es un destino, los cambios culturales nos devuelven otra imagen. Hoy la fotograf\u00eda que se instal\u00f3 es la de una mayor\u00eda republicana diversa, policlasista y multirracial. Y todo esto se dio sin que Trump, su conductor, cediera ni un mil\u00edmetro en su discurso racista, xen\u00f3fobo, mis\u00f3gino y tr\u00e1nsfobo.\u00a0<\/span><\/span><\/p>\n<p><span style=\"font-size: large;\"><span style=\"font-weight: 400;\"><\/span><\/span><\/p>\n<p><span style=\"font-weight: 400; font-size: large;\">\u00bfEs acaso esta imagen fidedigna? Seguramente haya m\u00e1s pliegos y complejidades ocultas que no llegan a ser alcanzados por esta figura. Existen vigorosos movimientos progresistas entre el universo latino o entre las mujeres blancas, que son sumamente reactivos y combativos frente al discurso trumpista.<\/span><\/p>\n<p><span style=\"font-weight: 400; font-size: large;\"><\/span><\/p>\n<p><span style=\"font-size: large;\"><span style=\"font-weight: 400;\">A\u00fan as\u00ed la sociedad no puede ser pensada como una forma plana que cambia internamente, sino que adopta formas desdobladas (encuestas, medios de comunicaci\u00f3n, redes sociales, patrones de consumo) para dialogar consigo misma. Yendo un paso m\u00e1s all\u00e1, podr\u00edamos decir que las encuestas, o m\u00e1s bien aquello que decanta de las encuestas (sus interpretaciones medi\u00e1ticas, por dar un ejemplo), no representan la opini\u00f3n p\u00fablica sino que la sustituyen, tendiendo a disolver la complejidad de lo social. Seg\u00fan Fisher, quien en <\/span><i><span style=\"font-weight: 400;\">Constructos Flatline <\/span><\/i><span style=\"font-weight: 400;\">recupera a Baudrillard, se trata de ficciones que \u201creemplazan una escena social que ha sido cibernetizada minuciosamente\u201d. Por eso se puede afirmar que los j\u00f3venes votan a Milei, los pobres al peronismo y los latinos a Trump. Porque lo dicen las encuestas.<\/span><\/span><\/p>\n<p><span style=\"font-size: large;\"><span style=\"font-weight: 400;\"><\/span><\/span><\/p>\n<p><span style=\"font-size: large;\"><span style=\"font-weight: 400;\">Entonces, \u00bfqu\u00e9 <\/span><i><span style=\"font-weight: 400;\">se dice<\/span><\/i><span style=\"font-weight: 400;\"> en la sociedad, en el mercado y en la pol\u00edtica sobre la victoria de Trump?<\/span><\/span><\/p>\n<p><span style=\"font-size: large;\"><span style=\"font-weight: 400;\"><\/span><\/span><\/p>\n<p><span style=\"font-size: large;\"><span style=\"font-weight: 400;\"><\/span><\/span><\/p>\n<p><span style=\"font-size: large;\"><span style=\"font-weight: 400;\"><\/span><\/span><\/p>\n<p><span style=\"font-size: large;\"><b>Wokismo\/Anti-wokismo<\/b><\/span><\/p>\n<p><span style=\"font-size: large;\"><b><\/b><\/span><\/p>\n<p><span style=\"font-size: large;\"><span style=\"font-weight: 400;\">Recientemente el algoritmo de YouTube me obsequi\u00f3 la presentaci\u00f3n de los White Stripes en Saturday Night Live, usina de actores y comediantes hollywoodenses, que tocaron en 2002 una versi\u00f3n inmejorable de Dead Leaves and the Dirty Ground. Como si se tratara de un sue\u00f1o donde los personajes que uno aloja en su memoria se entrecruzan de forma caprichosa quien presenta a los artistas es John McCain, senador republicano que perdi\u00f3 en 2008 contra Obama. Podemos suponer que su participaci\u00f3n fue parte de una estrategia de instalaci\u00f3n, probablemente orientada a ablandar la imagen del senador entre el p\u00fablico joven o algo por el estilo. Mi extra\u00f1amiento al verlo a McCain, compartida por otros en los comentarios al video en YouTube\u00b9<\/span><span style=\"font-weight: 400;\">, tiene que ver con que si alg\u00fan senador republicano quisiera hacer lo mismo hoy en d\u00eda, no s\u00f3lo no mejorar\u00eda su imagen entre los j\u00f3venes, sino que recibir\u00eda un rechazo de la base republicana que probablemente lo dejar\u00eda en una posici\u00f3n de paria. Lo que McCain no sab\u00eda, y hoy todo pol\u00edtico sabe, es que estaba participando de un mecanismo <\/span><i><span style=\"font-weight: 400;\">woke\u00b2<\/span><\/i><span style=\"font-weight: 400;\"> de propagaci\u00f3n ideol\u00f3gica liberal.<\/span><\/span><\/p>\n<p><span style=\"font-size: large;\"><span style=\"font-weight: 400;\"><\/span><\/span><\/p>\n<p style=\"text-align: left;\"><span style=\"font-size: large;\"><span style=\"font-weight: 400;\">La expansi\u00f3n del concepto de <\/span><i><span style=\"font-weight: 400;\">woke<\/span><\/i><span style=\"font-weight: 400;\"> como categor\u00eda anal\u00edtica ha impactado en el desarrollo de estudios de audiencias, mercado o electorales y queda a la par de otras categor\u00edas demogr\u00e1ficas como \u201clatinos\u201d, \u201cmujeres blancas\u201d o \u201ctrabajadores blancos de bajos estudios\u201d.<\/span><\/span><\/p>\n<ol start=\"40\"><\/ol>\n<p><span style=\"font-weight: 400;\"><\/span><\/p>[\/et_pb_text][et_pb_text _builder_version=\u00bb4.27.4&#8243; text_font=\u00bbTitillium Web||||||||\u00bb text_text_color=\u00bb#000000&#8243; text_font_size=\u00bb17px\u00bb text_line_height=\u00bb1.5em\u00bb min_height=\u00bb17.5px\u00bb custom_margin=\u00bb2.5%|0%|2.5%|0%|true|true\u00bb custom_padding=\u00bb||0px|9px|false|false\u00bb text_font_size_tablet=\u00bb17px\u00bb text_font_size_phone=\u00bb16px\u00bb text_font_size_last_edited=\u00bbon|phone\u00bb border_width_left=\u00bb2px\u00bb border_color_left=\u00bb#272727&#8243; global_colors_info=\u00bb{}\u00bb]<p><span style=\"font-size: small;\">\u00b9 \u201cJohn McCain was one of the last things I expected to see when I clicked on this video\u201d acota<\/span><br \/><span style=\"font-size: small;\"> @austinglover4030 en el comentario m\u00e1s likeado del video.<\/span><br \/><span style=\"font-size: small;\"> \u00b2 https:\/\/es.wikipedia.org\/wiki\/Woke<\/span><\/p>[\/et_pb_text][et_pb_code _builder_version=\u00bb4.25.2&#8243; _module_preset=\u00bbdefault\u00bb text_orientation=\u00bbcenter\u00bb global_colors_info=\u00bb{}\u00bb]  <a href=\"https:\/\/www.legislatura.gob.ar\/\" target=\"_blank\" rel=\"noopener\"><!-- [et_pb_line_break_holder] -->    <img data-recalc-dims=\"1\" decoding=\"async\" src=\"https:\/\/i0.wp.com\/imgur.com\/rLjBjeU.png?w=1080&#038;ssl=1\" alt=\"Legislatura-1\"><!-- [et_pb_line_break_holder] -->  <\/a>[\/et_pb_code][et_pb_text admin_label=\u00bbParrafo 1&#8243; _builder_version=\u00bb4.27.0&#8243; text_font=\u00bbTitillium Web||||||||\u00bb text_text_color=\u00bb#000000&#8243; text_font_size=\u00bb20px\u00bb text_line_height=\u00bb2em\u00bb custom_margin=\u00bb2%|0%|2%|0%|true|true\u00bb custom_padding=\u00bb||0px|0px||\u00bb text_font_size_tablet=\u00bb17px\u00bb text_font_size_phone=\u00bb16px\u00bb text_font_size_last_edited=\u00bbon|phone\u00bb locked=\u00bboff\u00bb inline_fonts=\u00bbRubik,Alkalami,Titillium Web\u00bb global_colors_info=\u00bb{}\u00bb]<p><span style=\"font-size: large;\"><span style=\"font-weight: 400;\">Sobre este concepto caben dos aclaraciones. En primer lugar, y por si alguno estaba desprevenido, es una idea contorneada y definida por su polo opuesto, el <\/span><i><span style=\"font-weight: 400;\">anti-woke<\/span><\/i><span style=\"font-weight: 400;\">. Esto no es nuevo, en la historia del pensamiento ha ocurrido muchas veces que un concepto cobra fuerza y es popularizado por sus enemigos. En segundo lugar, esto no quiere decir que lo <\/span><i><span style=\"font-weight: 400;\">woke<\/span><\/i><span style=\"font-weight: 400;\"> sea una invenci\u00f3n ex nihilo del campo <\/span><i><span style=\"font-weight: 400;\">anti-woke<\/span><\/i><span style=\"font-weight: 400;\">. Existen tendencias culturales que se inscriben dentro de lo <\/span><i><span style=\"font-weight: 400;\">woke<\/span><\/i><span style=\"font-weight: 400;\"> y personas que participan de estas tendencias, pero no se puede obviar que quienes han trabajado con m\u00e1s firmeza en torno a este concepto lo han hecho con fines cr\u00edticos\u00b3<\/span><span style=\"font-weight: 400;\">.\u00a0Al emplear el concepto estamos invocando los usos y sentidos que imprimieron sobre \u00e9l sus detractores.<\/span><\/span><\/p>\n<p><span style=\"font-size: large;\"><span style=\"font-weight: 400;\"><\/span><\/span><\/p>\n<p><span style=\"font-size: large;\"><span style=\"font-weight: 400;\"><\/span><\/span><\/p>\n<p><span style=\"font-size: large;\"><span style=\"font-weight: 400;\"><\/span><\/span><\/p>\n<p><span style=\"font-size: large;\"><b>Anti-wokismo desencadenado<\/b><\/span><\/p>\n<p><span style=\"font-size: large;\"><b><\/b><\/span><\/p>\n<p><span style=\"font-size: large;\"><span style=\"font-weight: 400;\">Las agencias de publicidad, Disney y otros fabricantes de productos culturales han hecho uso de la materia prima que ha surgido desde los movimientos de la diversidad de g\u00e9nero, sexual, racial, el ecologismo, etc. Incorporaron estos elementos para vender sus productos, fortaleciendo en ciertos sentidos a estas expresiones pol\u00edtico-culturales. Sin ir m\u00e1s lejos, hace muchos a\u00f1os las Marchas del Orgullo de todo el mundo son publicitadas por grandes marcas que eligen embanderarse en sus consignas a cambio de aprobaci\u00f3n. Qu\u00e9 ganan y qu\u00e9 pierden los movimientos pol\u00edticos, como puede ser el LGBT+, en esta relaci\u00f3n con el mercado son motivos de debate. Lo que est\u00e1 claro es que es un gesto que sistem\u00e1ticamente el mercado ha venido sosteniendo, demostrando enorme permeabilidad a la emergencia de nuevas expresiones sociales que puedan ser empleadas como formas de construir los distintos posicionamientos de marca. Hern\u00e1n Vanoli menciona esta innovaci\u00f3n en el mundo de las marcas en su libro <\/span><i><span style=\"font-weight: 400;\">El amor por la literatura en tiempo de algoritmos<\/span><\/i><span style=\"font-weight: 400;\">: \u201cCuando ni la pol\u00edtica ni la religi\u00f3n son capaces de generar sentido en las espectrales clases medias, las marcas proponen proyectos \u00e9tico-pol\u00edticos que pueden alcanzar ribetes trascendentes sobre la base de pr\u00e1cticas cotidianas.\u201d\u00a0<\/span><\/span><\/p>\n<p><span style=\"font-size: large;\"><span style=\"font-weight: 400;\"><\/span><\/span><\/p>\n<p><span style=\"font-size: large;\"><span style=\"font-weight: 400;\">Los influencers, consultores, relacionistas p\u00fablicos y las distintas personalidades que habitan la industria de la comunicaci\u00f3n encontraron en el progresismo cultural un producto con el que posicionar a las marcas, temerosas por quedar eclipsadas por el sinf\u00edn de productos que circulan en internet. En algunos casos han sido muy exitosos en su trabajo, en otros el rechazo del conservadurismo social fue tal que devino en boicots a las marcas que impactaron en las ventas. El caso m\u00e1s emblem\u00e1tico se dio en 2023 cuando Budweiser, una cerveza vinculada al universo varonil blanco y patriotero norteamericano, incorpor\u00f3 a una influencer trans en su promoci\u00f3n. Comunicadores y pol\u00edticos republicanos se montaron en la campa\u00f1a #GoWokeGoBroke promoviendo el rechazo a Budweiser. No se trataba simplemente de que la marca retornara a su cauce tradicional, sino que buscaban disciplinar a las futuras agencias de marketing para que no fueran por el camino de lo <\/span><i><span style=\"font-weight: 400;\">woke.<\/span><\/i><\/span><\/p>\n<ol start=\"40\"><\/ol>\n<p><span style=\"font-weight: 400;\"><\/span><\/p>[\/et_pb_text][et_pb_text _builder_version=\u00bb4.27.4&#8243; text_font=\u00bbTitillium Web||||||||\u00bb text_text_color=\u00bb#000000&#8243; text_font_size=\u00bb17px\u00bb text_line_height=\u00bb1.5em\u00bb min_height=\u00bb17.5px\u00bb custom_margin=\u00bb2.5%|0%|2.5%|0%|true|true\u00bb custom_padding=\u00bb||0px|9px|false|false\u00bb text_font_size_tablet=\u00bb17px\u00bb text_font_size_phone=\u00bb16px\u00bb text_font_size_last_edited=\u00bbon|phone\u00bb border_width_left=\u00bb2px\u00bb border_color_left=\u00bb#272727&#8243; global_colors_info=\u00bb{}\u00bb]<p><span style=\"font-size: small;\">\u00b3 <span style=\"font-weight: 400;\">Nancy Fraser, una figura cr\u00edtica desde la izquierda de los movimientos identitarios que bien podr\u00edan etiquetarse como<\/span><i><span style=\"font-weight: 400;\"> woke<\/span><\/i><span style=\"font-weight: 400;\">, adopt\u00f3 el concepto \u201cneoliberalismo progresista\u201d, tomando distancia de la vertiente <\/span><i><span style=\"font-weight: 400;\">anti-woke.<\/span><\/i><\/span><\/p>[\/et_pb_text][et_pb_image src=\u00bbhttps:\/\/urbe.com.ar\/revista\/wp-content\/uploads\/2024\/11\/Screenshot_164.png\u00bb title_text=\u00bbScreenshot_164&#8243; align=\u00bbcenter\u00bb _builder_version=\u00bb4.27.3&#8243; _module_preset=\u00bbdefault\u00bb global_colors_info=\u00bb{}\u00bb][\/et_pb_image][et_pb_image src=\u00bbhttps:\/\/urbe.com.ar\/revista\/wp-content\/uploads\/2023\/05\/WhatsApp-Image-2023-03-13-at-16.37.45.jpeg\u00bb title_text=\u00bbWhatsApp Image 2023-03-13 at 16.37.45&#8243; align=\u00bbcenter\u00bb _builder_version=\u00bb4.26.0&#8243; _module_preset=\u00bbdefault\u00bb custom_margin=\u00bb3%||3%||true|false\u00bb global_colors_info=\u00bb{}\u00bb][\/et_pb_image][et_pb_text admin_label=\u00bbParrafo 1&#8243; _builder_version=\u00bb4.27.0&#8243; text_font=\u00bbTitillium Web||||||||\u00bb text_text_color=\u00bb#000000&#8243; text_font_size=\u00bb20px\u00bb text_line_height=\u00bb2em\u00bb custom_margin=\u00bb2%|0%|2%|0%|true|true\u00bb custom_padding=\u00bb||0px|0px||\u00bb text_font_size_tablet=\u00bb17px\u00bb text_font_size_phone=\u00bb16px\u00bb text_font_size_last_edited=\u00bbon|phone\u00bb locked=\u00bboff\u00bb inline_fonts=\u00bbRubik,Alkalami,Titillium Web\u00bb global_colors_info=\u00bb{}\u00bb]<p><span style=\"font-size: large;\"><span style=\"font-weight: 400;\">\u00bfC\u00f3mo leer\u00e1n estas mismas agencias de marketing, que vienen de sufrir el castigo por haber intentado ser inclusivas, la victoria de la coalici\u00f3n social trumpista? Probablemente intenten colocar productos que se adapten al nuevo <\/span><i><span style=\"font-weight: 400;\">statement<\/span><\/i><span style=\"font-weight: 400;\"> cultural <\/span><i><span style=\"font-weight: 400;\">anti-woke<\/span><\/i><span style=\"font-weight: 400;\"> o adopten pol\u00edticas acordes al nuevo mundo que perciben en ascenso. Desconocemos hasta d\u00f3nde llegar\u00e1n las innovaciones de una cultura <\/span><i><span style=\"font-weight: 400;\">anti-woke<\/span><\/i><span style=\"font-weight: 400;\"> desencadenada pero podemos imaginar relacionistas humanos intentando captar talentos con ofertas de horarios flexibles, homeoffice y una oficina con ba\u00f1os que distingan el g\u00e9nero de hombres y mujeres. O un sinf\u00edn de productos orientados a mujeres que se pasean por aplicaciones de citas conociendo a hombres insulsos mientras aspiran a ser tradwives. O series y pel\u00edculas que, como ya lo hizo Sound of Freedom en 2023, conecten con un p\u00fablico comprometido con la causa conservadora lo suficiente como para mirar una pel\u00edcula ins\u00edpida y financiarla con tal de que \u201cel mensaje se difunda\u201d<\/span><span style=\"font-weight: 400;\">.<\/span><\/span><\/p>\n<p><span style=\"font-size: large;\"><span style=\"font-weight: 400;\"><\/span><\/span><\/p>\n<p><span style=\"font-weight: 400; font-size: large;\">Seguramente haya muchos m\u00e1s ejemplos como estos y posiblemente con lo que nos encontremos en los pr\u00f3ximos a\u00f1os sea m\u00e1s sofisticado que estas expresiones toscas que enumer\u00e9. Ser\u00e1 tarea de los agentes de la monstruosa y ampl\u00edsima industria de la comunicaci\u00f3n delinear buena parte de las pol\u00edticas culturales del futuro. El caso de Budweiser o el \u00e9xito de Sound of Freedom marcaron un derrotero posible. La victoria de Trump, y la forma en que se cristaliza la opini\u00f3n p\u00fablica a partir de esta elecci\u00f3n, eleva esa apuesta a otro nivel.<\/span><\/p>\n<ol start=\"40\"><\/ol>\n<p><span style=\"font-weight: 400;\"><\/span><\/p>[\/et_pb_text][et_pb_text _builder_version=\u00bb4.27.4&#8243; text_font=\u00bbTitillium Web||||||||\u00bb text_text_color=\u00bb#000000&#8243; text_font_size=\u00bb17px\u00bb text_line_height=\u00bb1.5em\u00bb min_height=\u00bb17.5px\u00bb custom_margin=\u00bb2.5%|0%|2.5%|0%|true|true\u00bb custom_padding=\u00bb||0px|9px|false|false\u00bb text_font_size_tablet=\u00bb17px\u00bb text_font_size_phone=\u00bb16px\u00bb text_font_size_last_edited=\u00bbon|phone\u00bb border_width_left=\u00bb2px\u00bb border_color_left=\u00bb#272727&#8243; global_colors_info=\u00bb{}\u00bb]<p><span style=\"font-size: small;\">\u2074 <span style=\"font-weight: 400;\">A prop\u00f3sito de esta pel\u00edcula y su exitosa estrategia de marketing recomiendo el videoensayo \u201cSound of Freedom an the shape of modern propaganda\u201d https:\/\/youtu.be\/k5jkQsHuaWA?si=Txm7Ok8NuJRlkVs_<\/span><\/span><\/p>[\/et_pb_text][et_pb_blog fullwidth=\u00bboff\u00bb posts_number=\u00bb3&#8243; include_categories=\u00bbcurrent\u00bb meta_date=\u00bbj M,Y\u00bb excerpt_length=\u00bb80&#8243; show_author=\u00bboff\u00bb show_categories=\u00bboff\u00bb show_pagination=\u00bboff\u00bb masonry_tile_background_color=\u00bb#FFFFFF\u00bb disabled_on=\u00bbon|off|off\u00bb module_class=\u00bbpa-blog \u00bb _builder_version=\u00bb4.25.1&#8243; header_font=\u00bb|700|||||||\u00bb header_text_color=\u00bb#FFFFFF\u00bb header_font_size=\u00bb20px\u00bb body_font=\u00bb|600|||||||\u00bb body_text_color=\u00bb#FFFFFF\u00bb meta_text_color=\u00bb#FFFFFF\u00bb read_more_text_color=\u00bb#FFFFFF\u00bb background_color=\u00bb#FFFFFF\u00bb min_height=\u00bb100px\u00bb custom_margin=\u00bb0px||0%||false|false\u00bb custom_margin_tablet=\u00bb0%||||false|false\u00bb custom_margin_phone=\u00bb\u00bb custom_margin_last_edited=\u00bbon|desktop\u00bb custom_padding=\u00bb||0px|||\u00bb header_text_shadow_style=\u00bbpreset3&#8243; header_text_shadow_color=\u00bb#000000&#8243; body_text_shadow_style=\u00bbpreset3&#8243; body_text_shadow_color=\u00bb#000000&#8243; meta_text_shadow_style=\u00bbpreset3&#8243; meta_text_shadow_color=\u00bb#000000&#8243; border_color_all_image=\u00bb#FFFFFF\u00bb border_width_top_image=\u00bb2px\u00bb text_shadow_style=\u00bbpreset3&#8243; text_shadow_blur_strength=\u00bb0.54em\u00bb text_shadow_color=\u00bb#000000&#8243; global_colors_info=\u00bb{}\u00bb][\/et_pb_blog][et_pb_image src=\u00bbhttps:\/\/urbe.com.ar\/revista\/wp-content\/uploads\/2023\/05\/banner-escritores-copy.jpg\u00bb title_text=\u00bbbanner escritores copy\u00bb _builder_version=\u00bb4.21.0&#8243; _module_preset=\u00bbdefault\u00bb custom_margin=\u00bb15%||||false|false\u00bb global_colors_info=\u00bb{}\u00bb][\/et_pb_image][\/et_pb_column][\/et_pb_row][\/et_pb_section]\n","protected":false},"excerpt":{"rendered":"<p>Por <b>Pedro Vuisso<\/b><\/p>\n","protected":false},"author":10,"featured_media":10458,"comment_status":"closed","ping_status":"closed","sticky":false,"template":"","format":"standard","meta":{"_et_pb_use_builder":"on","_et_pb_old_content":"","_et_gb_content_width":"1080","_jetpack_memberships_contains_paid_content":false,"footnotes":""},"categories":[33],"tags":[],"class_list":["post-10454","post","type-post","status-publish","format-standard","has-post-thumbnail","hentry","category-artificios-artificios"],"yoast_head":"<!-- This site is optimized with the Yoast SEO plugin v27.5 - https:\/\/yoast.com\/product\/yoast-seo-wordpress\/ -->\n<title>La consagraci\u00f3n de la cultura anti-woke - Revista Urbe<\/title>\n<meta name=\"robots\" content=\"index, follow, max-snippet:-1, max-image-preview:large, max-video-preview:-1\" \/>\n<link rel=\"canonical\" href=\"https:\/\/urbe.com.ar\/revista\/la-consagracion-de-la-cultura-anti-woke\/\" \/>\n<meta property=\"og:locale\" content=\"es_ES\" \/>\n<meta property=\"og:type\" content=\"article\" \/>\n<meta property=\"og:title\" content=\"La consagraci\u00f3n de la cultura anti-woke - Revista Urbe\" \/>\n<meta property=\"og:description\" content=\"Por Pedro Vuisso\" \/>\n<meta property=\"og:url\" content=\"https:\/\/urbe.com.ar\/revista\/la-consagracion-de-la-cultura-anti-woke\/\" \/>\n<meta property=\"og:site_name\" content=\"Revista Urbe\" \/>\n<meta property=\"article:published_time\" content=\"2024-12-06T16:04:14+00:00\" \/>\n<meta property=\"article:modified_time\" content=\"2024-12-06T16:04:19+00:00\" \/>\n<meta property=\"og:image\" content=\"https:\/\/urbe.com.ar\/revista\/wp-content\/uploads\/2024\/12\/portada-woke.png\" \/>\n\t<meta property=\"og:image:width\" content=\"1080\" \/>\n\t<meta property=\"og:image:height\" content=\"838\" \/>\n\t<meta property=\"og:image:type\" content=\"image\/png\" \/>\n<meta name=\"author\" content=\"Alejo Bernhardt\" \/>\n<meta name=\"twitter:card\" content=\"summary_large_image\" \/>\n<meta name=\"twitter:creator\" content=\"@Revistaurbe_\" \/>\n<meta name=\"twitter:site\" content=\"@Revistaurbe_\" \/>\n<meta name=\"twitter:label1\" content=\"Escrito por\" \/>\n\t<meta name=\"twitter:data1\" content=\"Alejo Bernhardt\" \/>\n\t<meta name=\"twitter:label2\" content=\"Tiempo de lectura\" \/>\n\t<meta name=\"twitter:data2\" content=\"10 minutos\" \/>\n<script type=\"application\/ld+json\" class=\"yoast-schema-graph\">{\"@context\":\"https:\\\/\\\/schema.org\",\"@graph\":[{\"@type\":\"Article\",\"@id\":\"https:\\\/\\\/urbe.com.ar\\\/revista\\\/la-consagracion-de-la-cultura-anti-woke\\\/#article\",\"isPartOf\":{\"@id\":\"https:\\\/\\\/urbe.com.ar\\\/revista\\\/la-consagracion-de-la-cultura-anti-woke\\\/\"},\"author\":{\"name\":\"Alejo Bernhardt\",\"@id\":\"https:\\\/\\\/urbe.com.ar\\\/revista\\\/#\\\/schema\\\/person\\\/4ddcf051fa628850264f4c6d61f63ee2\"},\"headline\":\"La consagraci\u00f3n de la cultura anti-woke\",\"datePublished\":\"2024-12-06T16:04:14+00:00\",\"dateModified\":\"2024-12-06T16:04:19+00:00\",\"mainEntityOfPage\":{\"@id\":\"https:\\\/\\\/urbe.com.ar\\\/revista\\\/la-consagracion-de-la-cultura-anti-woke\\\/\"},\"wordCount\":3061,\"image\":{\"@id\":\"https:\\\/\\\/urbe.com.ar\\\/revista\\\/la-consagracion-de-la-cultura-anti-woke\\\/#primaryimage\"},\"thumbnailUrl\":\"https:\\\/\\\/i0.wp.com\\\/urbe.com.ar\\\/revista\\\/wp-content\\\/uploads\\\/2024\\\/12\\\/portada-woke.png?fit=1080%2C838&ssl=1\",\"articleSection\":[\"ARTIFICIOS\"],\"inLanguage\":\"es\"},{\"@type\":\"WebPage\",\"@id\":\"https:\\\/\\\/urbe.com.ar\\\/revista\\\/la-consagracion-de-la-cultura-anti-woke\\\/\",\"url\":\"https:\\\/\\\/urbe.com.ar\\\/revista\\\/la-consagracion-de-la-cultura-anti-woke\\\/\",\"name\":\"La consagraci\u00f3n de la cultura anti-woke - Revista Urbe\",\"isPartOf\":{\"@id\":\"https:\\\/\\\/urbe.com.ar\\\/revista\\\/#website\"},\"primaryImageOfPage\":{\"@id\":\"https:\\\/\\\/urbe.com.ar\\\/revista\\\/la-consagracion-de-la-cultura-anti-woke\\\/#primaryimage\"},\"image\":{\"@id\":\"https:\\\/\\\/urbe.com.ar\\\/revista\\\/la-consagracion-de-la-cultura-anti-woke\\\/#primaryimage\"},\"thumbnailUrl\":\"https:\\\/\\\/i0.wp.com\\\/urbe.com.ar\\\/revista\\\/wp-content\\\/uploads\\\/2024\\\/12\\\/portada-woke.png?fit=1080%2C838&ssl=1\",\"datePublished\":\"2024-12-06T16:04:14+00:00\",\"dateModified\":\"2024-12-06T16:04:19+00:00\",\"author\":{\"@id\":\"https:\\\/\\\/urbe.com.ar\\\/revista\\\/#\\\/schema\\\/person\\\/4ddcf051fa628850264f4c6d61f63ee2\"},\"breadcrumb\":{\"@id\":\"https:\\\/\\\/urbe.com.ar\\\/revista\\\/la-consagracion-de-la-cultura-anti-woke\\\/#breadcrumb\"},\"inLanguage\":\"es\",\"potentialAction\":[{\"@type\":\"ReadAction\",\"target\":[\"https:\\\/\\\/urbe.com.ar\\\/revista\\\/la-consagracion-de-la-cultura-anti-woke\\\/\"]}]},{\"@type\":\"ImageObject\",\"inLanguage\":\"es\",\"@id\":\"https:\\\/\\\/urbe.com.ar\\\/revista\\\/la-consagracion-de-la-cultura-anti-woke\\\/#primaryimage\",\"url\":\"https:\\\/\\\/i0.wp.com\\\/urbe.com.ar\\\/revista\\\/wp-content\\\/uploads\\\/2024\\\/12\\\/portada-woke.png?fit=1080%2C838&ssl=1\",\"contentUrl\":\"https:\\\/\\\/i0.wp.com\\\/urbe.com.ar\\\/revista\\\/wp-content\\\/uploads\\\/2024\\\/12\\\/portada-woke.png?fit=1080%2C838&ssl=1\",\"width\":1080,\"height\":838},{\"@type\":\"BreadcrumbList\",\"@id\":\"https:\\\/\\\/urbe.com.ar\\\/revista\\\/la-consagracion-de-la-cultura-anti-woke\\\/#breadcrumb\",\"itemListElement\":[{\"@type\":\"ListItem\",\"position\":1,\"name\":\"Portada\",\"item\":\"https:\\\/\\\/urbe.com.ar\\\/revista\\\/\"},{\"@type\":\"ListItem\",\"position\":2,\"name\":\"La consagraci\u00f3n de la cultura anti-woke\"}]},{\"@type\":\"WebSite\",\"@id\":\"https:\\\/\\\/urbe.com.ar\\\/revista\\\/#website\",\"url\":\"https:\\\/\\\/urbe.com.ar\\\/revista\\\/\",\"name\":\"Revista Urbe\",\"description\":\"\",\"potentialAction\":[{\"@type\":\"SearchAction\",\"target\":{\"@type\":\"EntryPoint\",\"urlTemplate\":\"https:\\\/\\\/urbe.com.ar\\\/revista\\\/?s={search_term_string}\"},\"query-input\":{\"@type\":\"PropertyValueSpecification\",\"valueRequired\":true,\"valueName\":\"search_term_string\"}}],\"inLanguage\":\"es\"},{\"@type\":\"Person\",\"@id\":\"https:\\\/\\\/urbe.com.ar\\\/revista\\\/#\\\/schema\\\/person\\\/4ddcf051fa628850264f4c6d61f63ee2\",\"name\":\"Alejo Bernhardt\",\"image\":{\"@type\":\"ImageObject\",\"inLanguage\":\"es\",\"@id\":\"https:\\\/\\\/secure.gravatar.com\\\/avatar\\\/e17892015a0b2fe0e47a8387056c05584647b09de53f1ac00adae78b2f4fb443?s=96&d=mm&r=g\",\"url\":\"https:\\\/\\\/secure.gravatar.com\\\/avatar\\\/e17892015a0b2fe0e47a8387056c05584647b09de53f1ac00adae78b2f4fb443?s=96&d=mm&r=g\",\"contentUrl\":\"https:\\\/\\\/secure.gravatar.com\\\/avatar\\\/e17892015a0b2fe0e47a8387056c05584647b09de53f1ac00adae78b2f4fb443?s=96&d=mm&r=g\",\"caption\":\"Alejo Bernhardt\"},\"url\":\"https:\\\/\\\/urbe.com.ar\\\/revista\\\/author\\\/alejo-bernhardt\\\/\"}]}<\/script>\n<!-- \/ Yoast SEO plugin. -->","yoast_head_json":{"title":"La consagraci\u00f3n de la cultura anti-woke - Revista Urbe","robots":{"index":"index","follow":"follow","max-snippet":"max-snippet:-1","max-image-preview":"max-image-preview:large","max-video-preview":"max-video-preview:-1"},"canonical":"https:\/\/urbe.com.ar\/revista\/la-consagracion-de-la-cultura-anti-woke\/","og_locale":"es_ES","og_type":"article","og_title":"La consagraci\u00f3n de la cultura anti-woke - Revista Urbe","og_description":"Por Pedro Vuisso","og_url":"https:\/\/urbe.com.ar\/revista\/la-consagracion-de-la-cultura-anti-woke\/","og_site_name":"Revista Urbe","article_published_time":"2024-12-06T16:04:14+00:00","article_modified_time":"2024-12-06T16:04:19+00:00","og_image":[{"width":1080,"height":838,"url":"https:\/\/urbe.com.ar\/revista\/wp-content\/uploads\/2024\/12\/portada-woke.png","type":"image\/png"}],"author":"Alejo Bernhardt","twitter_card":"summary_large_image","twitter_creator":"@Revistaurbe_","twitter_site":"@Revistaurbe_","twitter_misc":{"Escrito por":"Alejo Bernhardt","Tiempo de lectura":"10 minutos"},"schema":{"@context":"https:\/\/schema.org","@graph":[{"@type":"Article","@id":"https:\/\/urbe.com.ar\/revista\/la-consagracion-de-la-cultura-anti-woke\/#article","isPartOf":{"@id":"https:\/\/urbe.com.ar\/revista\/la-consagracion-de-la-cultura-anti-woke\/"},"author":{"name":"Alejo Bernhardt","@id":"https:\/\/urbe.com.ar\/revista\/#\/schema\/person\/4ddcf051fa628850264f4c6d61f63ee2"},"headline":"La consagraci\u00f3n de la cultura anti-woke","datePublished":"2024-12-06T16:04:14+00:00","dateModified":"2024-12-06T16:04:19+00:00","mainEntityOfPage":{"@id":"https:\/\/urbe.com.ar\/revista\/la-consagracion-de-la-cultura-anti-woke\/"},"wordCount":3061,"image":{"@id":"https:\/\/urbe.com.ar\/revista\/la-consagracion-de-la-cultura-anti-woke\/#primaryimage"},"thumbnailUrl":"https:\/\/i0.wp.com\/urbe.com.ar\/revista\/wp-content\/uploads\/2024\/12\/portada-woke.png?fit=1080%2C838&ssl=1","articleSection":["ARTIFICIOS"],"inLanguage":"es"},{"@type":"WebPage","@id":"https:\/\/urbe.com.ar\/revista\/la-consagracion-de-la-cultura-anti-woke\/","url":"https:\/\/urbe.com.ar\/revista\/la-consagracion-de-la-cultura-anti-woke\/","name":"La consagraci\u00f3n de la cultura anti-woke - Revista Urbe","isPartOf":{"@id":"https:\/\/urbe.com.ar\/revista\/#website"},"primaryImageOfPage":{"@id":"https:\/\/urbe.com.ar\/revista\/la-consagracion-de-la-cultura-anti-woke\/#primaryimage"},"image":{"@id":"https:\/\/urbe.com.ar\/revista\/la-consagracion-de-la-cultura-anti-woke\/#primaryimage"},"thumbnailUrl":"https:\/\/i0.wp.com\/urbe.com.ar\/revista\/wp-content\/uploads\/2024\/12\/portada-woke.png?fit=1080%2C838&ssl=1","datePublished":"2024-12-06T16:04:14+00:00","dateModified":"2024-12-06T16:04:19+00:00","author":{"@id":"https:\/\/urbe.com.ar\/revista\/#\/schema\/person\/4ddcf051fa628850264f4c6d61f63ee2"},"breadcrumb":{"@id":"https:\/\/urbe.com.ar\/revista\/la-consagracion-de-la-cultura-anti-woke\/#breadcrumb"},"inLanguage":"es","potentialAction":[{"@type":"ReadAction","target":["https:\/\/urbe.com.ar\/revista\/la-consagracion-de-la-cultura-anti-woke\/"]}]},{"@type":"ImageObject","inLanguage":"es","@id":"https:\/\/urbe.com.ar\/revista\/la-consagracion-de-la-cultura-anti-woke\/#primaryimage","url":"https:\/\/i0.wp.com\/urbe.com.ar\/revista\/wp-content\/uploads\/2024\/12\/portada-woke.png?fit=1080%2C838&ssl=1","contentUrl":"https:\/\/i0.wp.com\/urbe.com.ar\/revista\/wp-content\/uploads\/2024\/12\/portada-woke.png?fit=1080%2C838&ssl=1","width":1080,"height":838},{"@type":"BreadcrumbList","@id":"https:\/\/urbe.com.ar\/revista\/la-consagracion-de-la-cultura-anti-woke\/#breadcrumb","itemListElement":[{"@type":"ListItem","position":1,"name":"Portada","item":"https:\/\/urbe.com.ar\/revista\/"},{"@type":"ListItem","position":2,"name":"La consagraci\u00f3n de la cultura anti-woke"}]},{"@type":"WebSite","@id":"https:\/\/urbe.com.ar\/revista\/#website","url":"https:\/\/urbe.com.ar\/revista\/","name":"Revista Urbe","description":"","potentialAction":[{"@type":"SearchAction","target":{"@type":"EntryPoint","urlTemplate":"https:\/\/urbe.com.ar\/revista\/?s={search_term_string}"},"query-input":{"@type":"PropertyValueSpecification","valueRequired":true,"valueName":"search_term_string"}}],"inLanguage":"es"},{"@type":"Person","@id":"https:\/\/urbe.com.ar\/revista\/#\/schema\/person\/4ddcf051fa628850264f4c6d61f63ee2","name":"Alejo Bernhardt","image":{"@type":"ImageObject","inLanguage":"es","@id":"https:\/\/secure.gravatar.com\/avatar\/e17892015a0b2fe0e47a8387056c05584647b09de53f1ac00adae78b2f4fb443?s=96&d=mm&r=g","url":"https:\/\/secure.gravatar.com\/avatar\/e17892015a0b2fe0e47a8387056c05584647b09de53f1ac00adae78b2f4fb443?s=96&d=mm&r=g","contentUrl":"https:\/\/secure.gravatar.com\/avatar\/e17892015a0b2fe0e47a8387056c05584647b09de53f1ac00adae78b2f4fb443?s=96&d=mm&r=g","caption":"Alejo Bernhardt"},"url":"https:\/\/urbe.com.ar\/revista\/author\/alejo-bernhardt\/"}]}},"jetpack_featured_media_url":"https:\/\/i0.wp.com\/urbe.com.ar\/revista\/wp-content\/uploads\/2024\/12\/portada-woke.png?fit=1080%2C838&ssl=1","jetpack_sharing_enabled":true,"_links":{"self":[{"href":"https:\/\/urbe.com.ar\/revista\/wp-json\/wp\/v2\/posts\/10454","targetHints":{"allow":["GET"]}}],"collection":[{"href":"https:\/\/urbe.com.ar\/revista\/wp-json\/wp\/v2\/posts"}],"about":[{"href":"https:\/\/urbe.com.ar\/revista\/wp-json\/wp\/v2\/types\/post"}],"author":[{"embeddable":true,"href":"https:\/\/urbe.com.ar\/revista\/wp-json\/wp\/v2\/users\/10"}],"replies":[{"embeddable":true,"href":"https:\/\/urbe.com.ar\/revista\/wp-json\/wp\/v2\/comments?post=10454"}],"version-history":[{"count":6,"href":"https:\/\/urbe.com.ar\/revista\/wp-json\/wp\/v2\/posts\/10454\/revisions"}],"predecessor-version":[{"id":10463,"href":"https:\/\/urbe.com.ar\/revista\/wp-json\/wp\/v2\/posts\/10454\/revisions\/10463"}],"wp:featuredmedia":[{"embeddable":true,"href":"https:\/\/urbe.com.ar\/revista\/wp-json\/wp\/v2\/media\/10458"}],"wp:attachment":[{"href":"https:\/\/urbe.com.ar\/revista\/wp-json\/wp\/v2\/media?parent=10454"}],"wp:term":[{"taxonomy":"category","embeddable":true,"href":"https:\/\/urbe.com.ar\/revista\/wp-json\/wp\/v2\/categories?post=10454"},{"taxonomy":"post_tag","embeddable":true,"href":"https:\/\/urbe.com.ar\/revista\/wp-json\/wp\/v2\/tags?post=10454"}],"curies":[{"name":"wp","href":"https:\/\/api.w.org\/{rel}","templated":true}]}}