{"id":10316,"date":"2024-10-09T14:29:13","date_gmt":"2024-10-09T14:29:13","guid":{"rendered":"https:\/\/urbe.com.ar\/revista\/?p=10316"},"modified":"2024-10-10T15:29:47","modified_gmt":"2024-10-10T15:29:47","slug":"metodo-dialecto","status":"publish","type":"post","link":"https:\/\/urbe.com.ar\/revista\/metodo-dialecto\/","title":{"rendered":"M\u00e9todo Dialecto"},"content":{"rendered":"\n[et_pb_section fb_built=\u00bb1&#8243; disabled_on=\u00bbon|on|on\u00bb _builder_version=\u00bb4.20.0&#8243; disabled=\u00bbon\u00bb global_colors_info=\u00bb{}\u00bb][et_pb_row _builder_version=\u00bb4.27.0&#8243; global_colors_info=\u00bb{}\u00bb][et_pb_column type=\u00bb4_4&#8243; _builder_version=\u00bb4.18.0&#8243; global_colors_info=\u00bb{}\u00bb][et_pb_text disabled_on=\u00bbon|on|on\u00bb _builder_version=\u00bb4.27.2&#8243; text_font=\u00bbTitillium Web||||||||\u00bb custom_padding=\u00bb||28px|||\u00bb disabled=\u00bbon\u00bb global_colors_info=\u00bb{}\u00bb]<b>Facundo Rocca<\/b> | \u00bfC\u00f3mo se conversa sobre filosof\u00eda? \u00bfCon qu\u00e9 palabras? \u00bfC\u00f3mo se construye un lenguaje compartido para hablar? Esta nota nos comparte algunas intuiciones: quiz\u00e1s no es tan importante preservar la exactitud sem\u00e1ntica como lograr atravesar jutnxs el terreno de problemas que nos convocan.[\/et_pb_text][\/et_pb_column][\/et_pb_row][\/et_pb_section][et_pb_section fb_built=\u00bb1&#8243; _builder_version=\u00bb4.25.1&#8243; _module_preset=\u00bbdefault\u00bb global_colors_info=\u00bb{}\u00bb][et_pb_row _builder_version=\u00bb4.25.1&#8243; background_color=\u00bb#ffffff\u00bb background_enable_image=\u00bboff\u00bb custom_margin=\u00bb40px||20px||false|false\u00bb custom_padding=\u00bb12px|0px|12px|0px|true|true\u00bb border_color_left=\u00bb#F2AF46&#8243; global_colors_info=\u00bb{}\u00bb][et_pb_column type=\u00bb4_4&#8243; _builder_version=\u00bb4.25.1&#8243; global_colors_info=\u00bb{}\u00bb][et_pb_text _builder_version=\u00bb4.27.0&#8243; text_font=\u00bbTitillium Web|600|||||||\u00bb text_text_color=\u00bb#000000&#8243; text_font_size=\u00bb18px\u00bb header_text_align=\u00bbcenter\u00bb header_font_size=\u00bb35px\u00bb background_color=\u00bbRGBA(255,255,255,0)\u00bb background_layout=\u00bbdark\u00bb custom_margin=\u00bb2%|0%|2%|0%|true|true\u00bb custom_padding=\u00bb|||0px|false|false\u00bb border_color_all=\u00bb#F2AF46&#8243; global_colors_info=\u00bb{}\u00bb]<p style=\"text-align: center;\"><strong>Artificios<\/strong><\/p>[\/et_pb_text][et_pb_text _builder_version=\u00bb4.27.2&#8243; text_font=\u00bbTitillium Web|300|||||||\u00bb text_text_color=\u00bb#000000&#8243; text_line_height=\u00bb1.4em\u00bb header_font=\u00bb|700||on|||||\u00bb header_text_align=\u00bbleft\u00bb header_text_color=\u00bb#272727&#8243; header_font_size=\u00bb4em\u00bb background_color=\u00bbRGBA(255,255,255,0)\u00bb background_enable_image=\u00bboff\u00bb background_size=\u00bbstretch\u00bb width=\u00bb100%\u00bb module_alignment=\u00bbleft\u00bb min_height=\u00bb71px\u00bb custom_margin=\u00bb3%|0%|3%|0%|true|true\u00bb custom_padding=\u00bb|0%|0px|0%|false|true\u00bb hover_enabled=\u00bb0&#8243; global_colors_info=\u00bb{}\u00bb sticky_enabled=\u00bb0&#8243;]<h1 style=\"text-align: center;\"><b>M\u00e9todo DIALeCtO<\/b><\/h1>[\/et_pb_text][et_pb_text admin_label=\u00bbParrafo 1&#8243; _builder_version=\u00bb4.27.2&#8243; text_font=\u00bbTitillium Web||||||||\u00bb text_text_color=\u00bb#000000&#8243; text_font_size=\u00bb20px\u00bb text_line_height=\u00bb2em\u00bb custom_margin=\u00bb2%|0%|2%|0%|true|true\u00bb custom_padding=\u00bb||0px|||\u00bb text_font_size_tablet=\u00bb17px\u00bb text_font_size_phone=\u00bb16px\u00bb text_font_size_last_edited=\u00bbon|phone\u00bb locked=\u00bboff\u00bb inline_fonts=\u00bbRubik,Alkalami,Titillium Web\u00bb global_colors_info=\u00bb{}\u00bb]<div class=\"\" data-block=\"true\" data-editor=\"fd8ss\" data-offset-key=\"4uv8o-0-0\">\n<div data-offset-key=\"4uv8o-0-0\" class=\"public-DraftStyleDefault-block public-DraftStyleDefault-ltr\" style=\"text-align: center;\">\u00bfC\u00f3mo se conversa sobre filosof\u00eda? \u00bfCon qu\u00e9 palabras? \u00bfC\u00f3mo se construye un lenguaje compartido para hablar? Esta nota nos comparte algunas intuiciones: quiz\u00e1s no es tan importante preservar la exactitud sem\u00e1ntica como lograr atravesar jutnxs el terreno de problemas que nos convocan.<\/div>\n<\/div>\n<div class=\"\" data-block=\"true\" data-editor=\"fd8ss\" data-offset-key=\"5shq2-0-0\" style=\"text-align: center;\"><\/div>[\/et_pb_text][et_pb_text _builder_version=\u00bb4.27.2&#8243; text_font=\u00bbTitillium Web||||||||\u00bb text_text_color=\u00bb#000000&#8243; text_font_size=\u00bb18px\u00bb header_text_align=\u00bbcenter\u00bb header_text_color=\u00bb#057E7E\u00bb header_font_size=\u00bb35px\u00bb text_orientation=\u00bbjustified\u00bb custom_margin=\u00bb2%|0%|2%|0%|true|true\u00bb custom_padding=\u00bb|||0px|false|false\u00bb border_color_left=\u00bb#F2AF46&#8243; global_colors_info=\u00bb{}\u00bb]<p style=\"text-align: center;\">Por <b>Facundo Rocca<\/b><br \/><span style=\"font-size: medium;\">10 de octubre de 2024<\/span><\/p>[\/et_pb_text][et_pb_image src=\u00bbhttps:\/\/urbe.com.ar\/revista\/wp-content\/uploads\/2024\/10\/banner-web.png\u00bb title_text=\u00bbbanner-web\u00bb disabled_on=\u00bboff|off|off\u00bb _builder_version=\u00bb4.27.2&#8243; background_enable_image=\u00bboff\u00bb custom_margin=\u00bb5%|0%|5%|0%|true|true\u00bb custom_margin_tablet=\u00bb\u00bb custom_margin_phone=\u00bb6%|0%|6%|0%|true|true\u00bb custom_margin_last_edited=\u00bbon|phone\u00bb global_colors_info=\u00bb{}\u00bb][\/et_pb_image][\/et_pb_column][\/et_pb_row][et_pb_row column_structure=\u00bb1_2,1_2&#8243; use_custom_gutter=\u00bbon\u00bb gutter_width=\u00bb1&#8243; make_equal=\u00bbon\u00bb disabled_on=\u00bbon|off|off\u00bb _builder_version=\u00bb4.16&#8243; background_color=\u00bb#ffffff\u00bb custom_margin=\u00bb||||false|false\u00bb custom_padding=\u00bb0px||0px|0%|false|false\u00bb locked=\u00bboff\u00bb global_colors_info=\u00bb{}\u00bb][et_pb_column type=\u00bb1_2&#8243; _builder_version=\u00bb4.16&#8243; background_color=\u00bb#ffffff\u00bb custom_css_main_element=\u00bbwidth: 60% !important;\u00bb global_colors_info=\u00bb{}\u00bb][\/et_pb_column][et_pb_column type=\u00bb1_2&#8243; _builder_version=\u00bb4.16&#8243; custom_css_main_element=\u00bb||width: 40% !important;||margin: auto;||display: flex;||flex-direction: column;||justify-content: center;\u00bb global_colors_info=\u00bb{}\u00bb][et_pb_code _builder_version=\u00bb4.16&#8243; text_orientation=\u00bbcenter\u00bb module_alignment=\u00bbcenter\u00bb custom_margin=\u00bb2%||2%||true|false\u00bb custom_padding=\u00bb|6.7%||6.7%|false|true\u00bb global_colors_info=\u00bb{}\u00bb]<div class=\"addtoany_shortcode\"><div class=\"a2a_kit a2a_kit_size_32 addtoany_list\" data-a2a-url=\"https:\/\/urbe.com.ar\/revista\/metodo-dialecto\/\" data-a2a-title=\"M\u00e9todo Dialecto\"><a class=\"a2a_button_facebook\" href=\"https:\/\/www.addtoany.com\/add_to\/facebook?linkurl=https%3A%2F%2Furbe.com.ar%2Frevista%2Fmetodo-dialecto%2F&amp;linkname=M%C3%A9todo%20Dialecto\" title=\"Facebook\" rel=\"nofollow noopener\" target=\"_blank\"><\/a><a class=\"a2a_button_whatsapp\" href=\"https:\/\/www.addtoany.com\/add_to\/whatsapp?linkurl=https%3A%2F%2Furbe.com.ar%2Frevista%2Fmetodo-dialecto%2F&amp;linkname=M%C3%A9todo%20Dialecto\" title=\"WhatsApp\" rel=\"nofollow noopener\" target=\"_blank\"><\/a><a class=\"a2a_button_twitter\" href=\"https:\/\/www.addtoany.com\/add_to\/twitter?linkurl=https%3A%2F%2Furbe.com.ar%2Frevista%2Fmetodo-dialecto%2F&amp;linkname=M%C3%A9todo%20Dialecto\" title=\"Twitter\" rel=\"nofollow noopener\" target=\"_blank\"><\/a><a class=\"a2a_button_email\" href=\"https:\/\/www.addtoany.com\/add_to\/email?linkurl=https%3A%2F%2Furbe.com.ar%2Frevista%2Fmetodo-dialecto%2F&amp;linkname=M%C3%A9todo%20Dialecto\" title=\"Email\" rel=\"nofollow noopener\" target=\"_blank\"><\/a><a class=\"a2a_button_copy_link\" href=\"https:\/\/www.addtoany.com\/add_to\/copy_link?linkurl=https%3A%2F%2Furbe.com.ar%2Frevista%2Fmetodo-dialecto%2F&amp;linkname=M%C3%A9todo%20Dialecto\" title=\"Copy Link\" rel=\"nofollow noopener\" target=\"_blank\"><\/a><\/div><\/div>[\/et_pb_code][\/et_pb_column][\/et_pb_row][et_pb_row use_custom_gutter=\u00bbon\u00bb gutter_width=\u00bb1&#8243; make_equal=\u00bbon\u00bb disabled_on=\u00bboff|on|on\u00bb _builder_version=\u00bb4.16&#8243; background_color=\u00bb#ffffff\u00bb custom_margin=\u00bb||||false|false\u00bb custom_padding=\u00bb0px||0px|0%|false|false\u00bb locked=\u00bboff\u00bb global_colors_info=\u00bb{}\u00bb][et_pb_column type=\u00bb4_4&#8243; _builder_version=\u00bb4.16&#8243; background_color=\u00bb#ffffff\u00bb global_colors_info=\u00bb{}\u00bb][et_pb_code disabled_on=\u00bboff|off|off\u00bb _builder_version=\u00bb4.16&#8243; _module_preset=\u00bbdefault\u00bb text_orientation=\u00bbcenter\u00bb width=\u00bb100%\u00bb width_tablet=\u00bb\u00bb width_phone=\u00bb100%\u00bb width_last_edited=\u00bbon|phone\u00bb max_width=\u00bb100%\u00bb max_width_tablet=\u00bb\u00bb max_width_phone=\u00bb\u00bb max_width_last_edited=\u00bbon|tablet\u00bb module_alignment=\u00bbright\u00bb custom_margin_tablet=\u00bb\u00bb custom_margin_phone=\u00bb\u00bb custom_margin_last_edited=\u00bbon|phone\u00bb module_alignment_tablet=\u00bb\u00bb module_alignment_phone=\u00bbcenter\u00bb module_alignment_last_edited=\u00bbon|desktop\u00bb global_colors_info=\u00bb{}\u00bb]<div class=\"addtoany_shortcode\"><div class=\"a2a_kit a2a_kit_size_32 addtoany_list\" data-a2a-url=\"https:\/\/urbe.com.ar\/revista\/metodo-dialecto\/\" data-a2a-title=\"M\u00e9todo Dialecto\"><a class=\"a2a_button_facebook\" href=\"https:\/\/www.addtoany.com\/add_to\/facebook?linkurl=https%3A%2F%2Furbe.com.ar%2Frevista%2Fmetodo-dialecto%2F&amp;linkname=M%C3%A9todo%20Dialecto\" title=\"Facebook\" rel=\"nofollow noopener\" target=\"_blank\"><\/a><a class=\"a2a_button_whatsapp\" href=\"https:\/\/www.addtoany.com\/add_to\/whatsapp?linkurl=https%3A%2F%2Furbe.com.ar%2Frevista%2Fmetodo-dialecto%2F&amp;linkname=M%C3%A9todo%20Dialecto\" title=\"WhatsApp\" rel=\"nofollow noopener\" target=\"_blank\"><\/a><a class=\"a2a_button_twitter\" href=\"https:\/\/www.addtoany.com\/add_to\/twitter?linkurl=https%3A%2F%2Furbe.com.ar%2Frevista%2Fmetodo-dialecto%2F&amp;linkname=M%C3%A9todo%20Dialecto\" title=\"Twitter\" rel=\"nofollow noopener\" target=\"_blank\"><\/a><a class=\"a2a_button_email\" href=\"https:\/\/www.addtoany.com\/add_to\/email?linkurl=https%3A%2F%2Furbe.com.ar%2Frevista%2Fmetodo-dialecto%2F&amp;linkname=M%C3%A9todo%20Dialecto\" title=\"Email\" rel=\"nofollow noopener\" target=\"_blank\"><\/a><a class=\"a2a_button_copy_link\" href=\"https:\/\/www.addtoany.com\/add_to\/copy_link?linkurl=https%3A%2F%2Furbe.com.ar%2Frevista%2Fmetodo-dialecto%2F&amp;linkname=M%C3%A9todo%20Dialecto\" title=\"Copy Link\" rel=\"nofollow noopener\" target=\"_blank\"><\/a><\/div><\/div>[\/et_pb_code][\/et_pb_column][\/et_pb_row][et_pb_row _builder_version=\u00bb4.25.1&#8243; background_color=\u00bb#ffffff\u00bb width=\u00bb100%\u00bb custom_padding=\u00bb0px||3px|0px||\u00bb global_colors_info=\u00bb{}\u00bb][et_pb_column type=\u00bb4_4&#8243; _builder_version=\u00bb4.25.1&#8243; global_colors_info=\u00bb{}\u00bb][et_pb_image title_text=\u00bbWhatsApp Image 2024-10-07 at 15.42.49&#8243; align=\u00bbcenter\u00bb _builder_version=\u00bb4.27.2&#8243; _module_preset=\u00bbdefault\u00bb hover_enabled=\u00bb0&#8243; global_colors_info=\u00bb{}\u00bb sticky_enabled=\u00bb0&#8243;][\/et_pb_image][et_pb_text _builder_version=\u00bb4.27.2&#8243; text_font=\u00bbTitillium Web||||||||\u00bb text_text_color=\u00bb#000000&#8243; text_font_size=\u00bb17px\u00bb text_line_height=\u00bb1.5em\u00bb min_height=\u00bb17.5px\u00bb custom_margin=\u00bb2.5%|0%|2.5%|0%|true|true\u00bb custom_padding=\u00bb||0px|9px|false|false\u00bb text_font_size_tablet=\u00bb17px\u00bb text_font_size_phone=\u00bb16px\u00bb text_font_size_last_edited=\u00bbon|phone\u00bb border_width_left=\u00bb2px\u00bb border_color_left=\u00bb#272727&#8243; global_colors_info=\u00bb{}\u00bb][\/et_pb_text][et_pb_text admin_label=\u00bbParrafo 1&#8243; _builder_version=\u00bb4.27.0&#8243; text_font=\u00bbTitillium Web||||||||\u00bb text_text_color=\u00bb#000000&#8243; text_font_size=\u00bb20px\u00bb text_line_height=\u00bb2em\u00bb custom_margin=\u00bb2%|0%|2%|0%|true|true\u00bb custom_padding=\u00bb||0px|0px||\u00bb text_font_size_tablet=\u00bb17px\u00bb text_font_size_phone=\u00bb16px\u00bb text_font_size_last_edited=\u00bbon|phone\u00bb locked=\u00bboff\u00bb inline_fonts=\u00bbRubik,Alkalami,Titillium Web\u00bb global_colors_info=\u00bb{}\u00bb]<p><span style=\"font-weight: 400; font-size: large;\">En uno de los primeros encuentros de un seminario, Luc\u00eda, una estudiante, pregunt\u00f3 si yo cre\u00eda que lo que and\u00e1bamos intentando pensar \u2013\u00bfhay salida del encierro textualista de la teor\u00eda?; \u00bfcu\u00e1l es, si acaso es s\u00f3lo una?; \u00bfes, a su vez, deseable?\u2013 se pod\u00eda hacer desde la filosof\u00eda de Gilbert Simondon.\u00a0<\/span><\/p>\n<p><span style=\"font-weight: 400; font-size: large;\"><\/span><\/p>\n<p><span style=\"font-weight: 400; font-size: large;\">Lo que parec\u00eda preocuparle, creo, era si su lenguaje disponible, su tradici\u00f3n te\u00f3rica, los nombres propios y los conceptos respectivos con que le gusta pensar algunas cosas tendr\u00eda lugar en la escena te\u00f3rica que yo estaba intentando balizar en la clase.\u00a0<\/span><\/p>\n<p><span style=\"font-weight: 400; font-size: large;\"><\/span><\/p>\n<p><span style=\"font-size: large;\"><span style=\"font-weight: 400;\">Yo, que no soy fluido en <\/span><i><span style=\"font-weight: 400;\">simondon\u00e9s<\/span><\/i><span style=\"font-weight: 400;\">, me encontr\u00e9, m\u00e1s de una vez, disfrutando de escuchar a \u2013y de pensar con\u2013 no pocas simondonianas y simondonianos que, sin embargo, usaban unos cuantos t\u00e9rminos \u2013<\/span><i><span style=\"font-weight: 400;\">tecnicismos<\/span><\/i><span style=\"font-weight: 400;\">: nunca mejor dicho\u2013 que se me escapaban completamente. \u00bfQu\u00e9 podr\u00e1 <\/span><i><span style=\"font-weight: 400;\">querer decir<\/span><\/i><span style=\"font-weight: 400;\"> allagam\u00e1tica? No importaba: era mejor intentar entender qu\u00e9 estaban <\/span><i><span style=\"font-weight: 400;\">queriendo pensar<\/span><\/i><span style=\"font-weight: 400;\"> con esa palabra.\u00a0<\/span><\/span><\/p>\n<p><span style=\"font-size: large;\"><span style=\"font-weight: 400;\"><\/span><\/span><\/p>\n<p><span style=\"font-size: large;\"><span style=\"font-weight: 400;\">Entonces, Simondon s\u00ed, le respondo a Luc\u00eda. Sospecho \u2013s\u00f3lo puedo sospechar\u2013 que hablar <\/span><i><span style=\"font-weight: 400;\">en simondoniano<\/span><\/i><span style=\"font-weight: 400;\"> de estas cosas puede funcionar. Su intuici\u00f3n funciona, me parece, en este terreno.\u00a0<\/span><\/span><\/p>\n<p><span style=\"font-size: large;\"><span style=\"font-weight: 400;\"><\/span><\/span><\/p>\n<p><span style=\"font-weight: 400; font-size: large;\">Aunque tambi\u00e9n le digo que s\u00f3lo tengo para sumarle otras intuiciones. Ninguna certeza sobre la precisi\u00f3n de los tecnicismos simondonianos, o sobre c\u00f3mo correlacionan con exactitud en los puntos del mapa de la escena contempor\u00e1nea de la teor\u00eda (hecho, por otra parte, de una cartograf\u00eda inestable y ella misma sospechosa) por el que intento moverme, y en el que les invit\u00e9 a acompa\u00f1arme en ese rato que compartimos.<\/span><\/p>\n<p><span style=\"font-weight: 400; font-size: large;\"><\/span><\/p>\n<p><span style=\"font-size: large;\"><span style=\"font-weight: 400;\">Pero dici\u00e9ndole esto entiendo, yo, algo fundamental: s\u00ed, el idioma simondoniano de Luc\u00eda, aunque yo no lo hable, es v\u00e1lido <\/span><i><span style=\"font-weight: 400;\">ac\u00e1<\/span><\/i><span style=\"font-weight: 400;\">, no s\u00f3lo porque sospecho que comparte problemas que nos son comunes, sino, simplemente, porque es el que tiene.<\/span><\/span><\/p>\n<p><span style=\"font-size: large;\"><span style=\"font-weight: 400;\"><\/span><\/span><\/p>\n<p><span style=\"font-size: large;\"><span style=\"font-weight: 400;\">Quiero decir, lo digo: todas, todos pensamos con el lenguaje <\/span><i><span style=\"font-weight: 400;\">singular<\/span><\/i><span style=\"font-weight: 400;\"> que tenemos. El que encontramos, el que pudimos armar, como resultado de un variable compuesto de decisi\u00f3n, contingencia, afinidad y disponibilidad. Se sabe: nadie elige su lengua materna. Pero, en alg\u00fan sentido, tampoco elegimos el dialecto de nuestras <\/span><i><span style=\"font-weight: 400;\">alma mater<\/span><\/i><span style=\"font-weight: 400;\">. Ah\u00ed donde nuestra curiosidad se hizo de algunos saberes, en aquellos sitios donde encontramos un intolerable y naci\u00f3 una zona de nuestra subjetivaci\u00f3n pol\u00edtica, ah\u00ed donde pusimos la atenci\u00f3n o nos pusimos a hacer algo, ya hab\u00eda gente hablando de eso (y de la vida) de alguna manera. La aprendimos. Hicimos, a veces, todav\u00eda algo m\u00e1s: la transformamos un poco, le agregamos algo que escuchamos en otro lado. Incluso la usamos po\u00e9ticamente: fabulamos. Otras veces la hablamos incluso de formas m\u00e1s peculiares, entre unos pocos, en secreto: en esos c\u00f3digos de la amistad, del amor o de la conjura militante.<\/span><\/span><\/p>\n<p><span style=\"font-size: large;\"><span style=\"font-weight: 400;\"><\/span><\/span><\/p>\n<p><span style=\"font-weight: 400; font-size: large;\">De una forma u otra, esa era la lengua que hab\u00eda, esa es la que tenemos. No alcanza, pero el remedio no es que asumamos estar a distancia de alg\u00fan grado cero del pensamiento. No aprendimos el dialecto equivocado, no nos falta la lengua verdadera de la Teor\u00eda que estar\u00eda siempre en otra parte, que ser\u00eda siempre de otro. El Otro s\u00f3lo tiene otro dialecto. Igual de idiosincr\u00e1tico, igual de fallido, igual de contaminado de tanta casualidad como el nuestro.<\/span><\/p>\n<p><span style=\"font-weight: 400; font-size: large;\"><\/span><\/p>\n<p><span style=\"font-size: large;\"><span style=\"font-weight: 400;\">Entonces, lo \u00fanico com\u00fan no es la lengua disponible o por venir, sino los problemas y el terreno movedizo en el que estamos. O <\/span><i><span style=\"font-weight: 400;\">este <\/span><\/i><span style=\"font-weight: 400;\">terreno con sus problemas, este campo vectorial de desplazamientos en las cosas y en nuestras ideas. Este mundo de cambio clim\u00e1tico y estos cambios clim\u00e1ticos en nuestro pensamiento. Mejor hablemos de eso, con las palabras que tengamos, sean cuales sean.\u00a0<\/span><\/span><\/p>\n<p><span style=\"font-size: large;\"><span style=\"font-weight: 400;\"><\/span><\/span><\/p>\n<p><span style=\"font-size: large;\"><span style=\"font-weight: 400;\">Porque en este mundo de crisis, no tenemos tiempo para decidir definitivamente sobre el mejor idioma, o para inventar un nuevo lenguaje global, sistem\u00e1tico y purificado. No hay tiempo para un <\/span><i><span style=\"font-weight: 400;\">esperanto <\/span><\/i><span style=\"font-weight: 400;\">de la teor\u00eda. Tampoco para el advenimiento de un verdadero profeta que nos ense\u00f1e, por fin, el lenguaje divino y universal de las cosas: la forma sagrada de leer la palabra exacta y encontrar el sentido originario.<\/span><\/span><\/p>\n<p><span style=\"font-size: large;\"><span style=\"font-weight: 400;\"><\/span><\/span><\/p>\n<p><span style=\"font-size: large;\"><span style=\"font-weight: 400;\">Hay, por otra parte, en el territorio del pensamiento, suficientes espacios para esa espera, para esos ritos, para esos sacramentos del lenguaje. Monasterios centenarios o milenarios donde se guarda el <\/span><i><span style=\"font-weight: 400;\">canon <\/span><\/i><span style=\"font-weight: 400;\">y otras cosas serias; tolder\u00edas de tribus m\u00e1s o menos extendidas, m\u00e1s o menos novedosas, que adoran a uno u otro t\u00f3tem con rostro de pensador franc\u00e9s o alem\u00e1n y, a veces, quiz\u00e1s del sur global (\u00a1hay incluso cultos matrilineales con diosas y ancianas venerables!); prisiones disciplinares donde se le hace producir valores al saber; y ciudadelas amuralladas, paranoicas, levantando todav\u00eda m\u00e1s alto los muros para renegar de la inundaci\u00f3n inminente de sus certezas: espacios, de alguna manera, donde algunos se sienten seguros. Con la seguridad de que est\u00e1n en lugares donde no se habla en dialecto, sino como corresponde o se deber\u00eda. Demasiado convencidos, quiz\u00e1s no de la univocidad del lenguaje, pero s\u00ed de la posibilidad de un lenguaje, a resguardar o construir, mucho m\u00e1s adecuado que otros.\u00a0<\/span><\/span><\/p>\n<p><span style=\"font-size: large;\"><span style=\"font-weight: 400;\"><\/span><\/span><\/p>\n<p><span style=\"font-weight: 400; font-size: large;\">Salir del encierro textualista y narcisista del lenguaje quiere decir en principio esto: abandonar ese refugio de la peque\u00f1a diferencia, esa tonada que, muy segura de s\u00ed misma, se cree lengua universal.<\/span><\/p>\n<p><span style=\"font-weight: 400; font-size: large;\"><\/span><\/p>\n<p><span style=\"font-weight: 400; font-size: large;\">El paisaje de los problemas contempor\u00e1neos es precisamente todo ese enorme espacio abierto y accidentado que est\u00e1 afuera, en el medio. Entre los monasterios, las tolder\u00edas, las prisiones y las fortalezas de la teor\u00eda, las cosas: el espesor abigarrado del mundo.<\/span><\/p>\n<p><span style=\"font-weight: 400; font-size: large;\"><\/span><\/p>\n<p><span style=\"font-weight: 400; font-size: large;\">Ah\u00ed, en la aventura de \u201chacer teor\u00eda a campo abierto\u201d \u2013como le escuch\u00e9 decir algunas veces a Facundo N. Martin\u2013, nos encontramos quienes por alguna raz\u00f3n u otra quisimos, pudimos o tuvimos que salir a las tierras exteriores. Ah\u00ed descubrimos un paisaje profuso de cosas sugerentes para el pensamiento y de m\u00faltiples focos de incendio que, tal vez desde lejos, o desde lo alto, no se aprecian en su aut\u00e9ntica belleza ni se sienten en su evidente magnitud.<\/span><\/p>\n<p><span style=\"font-weight: 400; font-size: large;\"><\/span><\/p>\n<p><span style=\"font-weight: 400; font-size: large;\">Mientras algunos sue\u00f1an con purificar al fin su lengua de cualquier acento o marca de localismo y, sobre todo, con enmudecer los modos equivocados de hablar de los dem\u00e1s, muchas cosas preciosas se queman. Se queman en serio: sin met\u00e1fora, en la literalidad del incendio y la cat\u00e1strofe.<\/span><\/p>\n<p><span style=\"font-weight: 400; font-size: large;\"><\/span><\/p>\n<p><span style=\"font-weight: 400; font-size: large;\">Ese territorio prendido fuego de problemas y de ideas era el espacio por donde ya circulaban los desertores, los que se aburrieron de todo eso que pasaba adentro, los enviados diplom\u00e1ticos, los herejes, los mercaderes de ideas, los exiliados, los fugitivos, no pocos profetas en b\u00fasqueda de creyentes, las partidas de caza que intentan atrapar algo de realidad para llevar de vuelta a esas fortalezas hechas tan s\u00f3lo de palabras, los paseantes, los vagabundos, los entusiastas de la naturaleza, las cuadrillas policiales persiguiendo a los pr\u00f3fugos de los glosarios.\u00a0<\/span><\/p>\n<p><span style=\"font-weight: 400; font-size: large;\"><\/span><\/p>\n<p><span style=\"font-size: large;\"><span style=\"font-weight: 400;\">En ese terreno de desplazamientos se producen, inevitablemente, encuentros. Ah\u00ed vamos aprendiendo, mal, siempre mal, algo de los l\u00e9xicos y la jerga de los otros. Lo hacemos porque encontramos problemas comunes, asuntos que resolver. En la premura de esas cosas, no hay tiempo para esperar una traducci\u00f3n simult\u00e1nea perfecta o para la invenci\u00f3n arquitect\u00f3nica de un lenguaje universal sobre la planicie convulsionada del mundo. \u00bfQui\u00e9n podr\u00eda querer reconstruir la Torre de Babel cuando la vida est\u00e1 en riesgo o la tierra se rompe? Por eso en los campamentos, en las encrucijadas, armamos lo que podemos: formas precarias de traducci\u00f3n, dialectos comunes improvisados, lenguas <\/span><i><span style=\"font-weight: 400;\">pidgin<\/span><\/i><span style=\"font-weight: 400;\">; a veces, lenguajes no verbales: gestos, se\u00f1as.\u00a0<\/span><\/span><\/p>\n<p><span style=\"font-size: large;\"><span style=\"font-weight: 400;\"><\/span><\/span><\/p>\n<p><span style=\"font-weight: 400; font-size: large;\">As\u00ed, descubrimos que los problemas son un mejor criterio de rigurosidad que la sintaxis. Preferimos ser exigidos por las cosas y no por los diccionarios o los monjes de la gram\u00e1tica.<\/span><\/p>\n<p><span style=\"font-weight: 400; font-size: large;\"><\/span><\/p>\n<p><span style=\"font-weight: 400; font-size: large;\">Toda esa charlataner\u00eda y gesticulaci\u00f3n en el campo abierto de la teor\u00eda produce, sin dudas, malentendidos, ruido, rupturas en la comunicaci\u00f3n y, a veces, muchas veces, conflictos. Mucho m\u00e1s cuando no s\u00f3lo usamos nombres distintos para las mismas cosas, sino cuando, en no pocas oportunidades, la misma existencia de las cosas \u2013las que vemos y de las que estamos seguros que son o se hacen de determinadas maneras\u2013 es lo que est\u00e1 en cuesti\u00f3n.\u00a0<\/span><\/p>\n<p><span style=\"font-weight: 400; font-size: large;\"><\/span><\/p>\n<p><span style=\"font-weight: 400; font-size: large;\">Entre el ruido se nos abre as\u00ed, sin embargo, la posibilidad de hacer verdaderamente, al fin, cosas con palabras, con los dem\u00e1s, y con las urgencias del mundo.<\/span><\/p>\n<p><span style=\"font-weight: 400; font-size: large;\"><\/span><\/p>\n<p><span style=\"font-size: large;\"><span style=\"font-weight: 400;\">Es en este campo abierto donde no encuentro \u00fanicamente a quienes hacen palabras\u00a0 <\/span><i><span style=\"font-weight: 400;\">simondonianas <\/span><\/i><span style=\"font-weight: 400;\">con las cosas, sino tambi\u00e9n a aquellas derridianas que quieren intentar leer una planta o una piedra y recuperar un protocolo de lectura sobre la prosa del mundo; a posestructuralistas en busca, en vez de <\/span><i><span style=\"font-weight: 400;\">corpus<\/span><\/i><span style=\"font-weight: 400;\">, de cuerpo (\u00a1con \u00f3rganos!); a los marxistas que salieron furtivos de la ciudadela de la teor\u00eda s\u00f3lo social con un plan para hacer volar por los aires un oleoducto y redescubrieron una materia viva y unos artefactos que no cuadran en la gram\u00e1tica del materialismo hist\u00f3rico; algunas cuantas ling\u00fcistas con ganas de seguir los rastros del signo, siempre escurridizo, incluso hasta el coraz\u00f3n salvaje de la selva; y a no pocas feministas decididas a abrirse las entra\u00f1as, ir m\u00e1s all\u00e1 de la piel y hacer comunidades no con \u201chembras humanas\u201d, sino tambi\u00e9n, y sobre todo, con biotecnomujeres, animales, monstruos y otros bichos: mis amigas y mis amigos, en definitiva, con quienes, aunque muchas veces no hable el mismo idioma, hablo incesantemente.\u00a0<\/span><\/span><\/p>\n<p><span style=\"font-size: large;\"><span style=\"font-weight: 400;\"><\/span><\/span><\/p>\n<p><span style=\"font-weight: 400; font-size: large;\">Un corolario al paseo por el campo te\u00f3rico: la ense\u00f1anza de la teor\u00eda no puede ser un curso de idioma. Una clase es un fracaso cuando se transforma en un intento de curso acelerado en la lengua del profesor que la imparte, ya sea porque est\u00e9 muy seguro de que su palabra es la lengua al fin verdadera y no un dialecto posible \u2013entre otros\u2013 con el que pensar algunas cosas, ya sea porque tal certeza sea supuesta por el auditorio.\u00a0<\/span><\/p>\n<p><span style=\"font-weight: 400; font-size: large;\"><\/span><\/p>\n<p><span style=\"font-weight: 400; font-size: large;\">Algo mucho mejor sucede, por el contrario, cuando una clase se levanta como un campamento en el territorio de lo que importa, como una delimitaci\u00f3n precaria de un espacio de problemas comunes donde alguien, algunas, algunos se hacen responsables del trabajo (a veces tedioso; muchas, tenso; usualmente conflictivo y no siempre eficaz) de sostener la traducci\u00f3n infinita entre las palabras con las que cada persona llega a sentarse, con otras, alrededor de una urgencia encendida.\u00a0<\/span><\/p>\n<ol start=\"40\"><\/ol>\n<p><span style=\"font-weight: 400;\"><\/span><\/p>[\/et_pb_text][et_pb_code _builder_version=\u00bb4.25.2&#8243; _module_preset=\u00bbdefault\u00bb text_orientation=\u00bbcenter\u00bb global_colors_info=\u00bb{}\u00bb]  <a href=\"https:\/\/www.legislatura.gob.ar\/\" target=\"_blank\" rel=\"noopener\"><!-- [et_pb_line_break_holder] -->    <img data-recalc-dims=\"1\" decoding=\"async\" src=\"https:\/\/i0.wp.com\/imgur.com\/rLjBjeU.png?w=1080&#038;ssl=1\" alt=\"Legislatura-1\"><!-- [et_pb_line_break_holder] -->  <\/a>[\/et_pb_code][et_pb_image src=\u00bbhttps:\/\/urbe.com.ar\/revista\/wp-content\/uploads\/2023\/05\/WhatsApp-Image-2023-03-13-at-16.37.45.jpeg\u00bb title_text=\u00bbWhatsApp Image 2023-03-13 at 16.37.45&#8243; align=\u00bbcenter\u00bb _builder_version=\u00bb4.26.0&#8243; _module_preset=\u00bbdefault\u00bb custom_margin=\u00bb3%||3%||true|false\u00bb global_colors_info=\u00bb{}\u00bb][\/et_pb_image][et_pb_blog fullwidth=\u00bboff\u00bb posts_number=\u00bb3&#8243; include_categories=\u00bbcurrent\u00bb meta_date=\u00bbj M,Y\u00bb excerpt_length=\u00bb80&#8243; show_author=\u00bboff\u00bb show_categories=\u00bboff\u00bb show_pagination=\u00bboff\u00bb masonry_tile_background_color=\u00bb#FFFFFF\u00bb disabled_on=\u00bbon|off|off\u00bb module_class=\u00bbpa-blog \u00bb _builder_version=\u00bb4.25.1&#8243; header_font=\u00bb|700|||||||\u00bb header_text_color=\u00bb#FFFFFF\u00bb header_font_size=\u00bb20px\u00bb body_font=\u00bb|600|||||||\u00bb body_text_color=\u00bb#FFFFFF\u00bb meta_text_color=\u00bb#FFFFFF\u00bb read_more_text_color=\u00bb#FFFFFF\u00bb background_color=\u00bb#FFFFFF\u00bb min_height=\u00bb100px\u00bb custom_margin=\u00bb0px||0%||false|false\u00bb custom_margin_tablet=\u00bb0%||||false|false\u00bb custom_margin_phone=\u00bb\u00bb custom_margin_last_edited=\u00bbon|desktop\u00bb custom_padding=\u00bb||0px|||\u00bb header_text_shadow_style=\u00bbpreset3&#8243; header_text_shadow_color=\u00bb#000000&#8243; body_text_shadow_style=\u00bbpreset3&#8243; body_text_shadow_color=\u00bb#000000&#8243; meta_text_shadow_style=\u00bbpreset3&#8243; meta_text_shadow_color=\u00bb#000000&#8243; border_color_all_image=\u00bb#FFFFFF\u00bb border_width_top_image=\u00bb2px\u00bb text_shadow_style=\u00bbpreset3&#8243; text_shadow_blur_strength=\u00bb0.54em\u00bb text_shadow_color=\u00bb#000000&#8243; global_colors_info=\u00bb{}\u00bb][\/et_pb_blog][et_pb_image src=\u00bbhttps:\/\/urbe.com.ar\/revista\/wp-content\/uploads\/2023\/05\/banner-escritores-copy.jpg\u00bb title_text=\u00bbbanner escritores copy\u00bb _builder_version=\u00bb4.21.0&#8243; _module_preset=\u00bbdefault\u00bb custom_margin=\u00bb15%||||false|false\u00bb global_colors_info=\u00bb{}\u00bb][\/et_pb_image][\/et_pb_column][\/et_pb_row][\/et_pb_section]\n","protected":false},"excerpt":{"rendered":"<p>Por <b>Facundo Rocca<\/b><\/p>\n","protected":false},"author":10,"featured_media":10321,"comment_status":"closed","ping_status":"closed","sticky":false,"template":"","format":"standard","meta":{"_et_pb_use_builder":"on","_et_pb_old_content":"","_et_gb_content_width":"1080","_jetpack_memberships_contains_paid_content":false,"footnotes":""},"categories":[33],"tags":[],"class_list":["post-10316","post","type-post","status-publish","format-standard","has-post-thumbnail","hentry","category-artificios-artificios"],"yoast_head":"<!-- This site is optimized with the Yoast SEO plugin v27.5 - https:\/\/yoast.com\/product\/yoast-seo-wordpress\/ -->\n<title>M\u00e9todo Dialecto - Revista Urbe<\/title>\n<meta name=\"robots\" content=\"index, follow, max-snippet:-1, max-image-preview:large, max-video-preview:-1\" \/>\n<link rel=\"canonical\" href=\"https:\/\/urbe.com.ar\/revista\/metodo-dialecto\/\" \/>\n<meta property=\"og:locale\" content=\"es_ES\" \/>\n<meta property=\"og:type\" content=\"article\" \/>\n<meta property=\"og:title\" content=\"M\u00e9todo Dialecto - Revista Urbe\" \/>\n<meta property=\"og:description\" content=\"Por Facundo Rocca\" \/>\n<meta property=\"og:url\" content=\"https:\/\/urbe.com.ar\/revista\/metodo-dialecto\/\" \/>\n<meta property=\"og:site_name\" content=\"Revista Urbe\" \/>\n<meta property=\"article:published_time\" content=\"2024-10-09T14:29:13+00:00\" \/>\n<meta property=\"article:modified_time\" content=\"2024-10-10T15:29:47+00:00\" \/>\n<meta property=\"og:image\" content=\"https:\/\/urbe.com.ar\/revista\/wp-content\/uploads\/2024\/10\/miniatura-copia-2-1024x922.jpg\" \/>\n\t<meta property=\"og:image:width\" content=\"1024\" \/>\n\t<meta property=\"og:image:height\" content=\"922\" \/>\n\t<meta property=\"og:image:type\" content=\"image\/jpeg\" \/>\n<meta name=\"author\" content=\"Alejo Bernhardt\" \/>\n<meta name=\"twitter:card\" content=\"summary_large_image\" \/>\n<meta name=\"twitter:creator\" content=\"@Revistaurbe_\" \/>\n<meta name=\"twitter:site\" content=\"@Revistaurbe_\" \/>\n<meta name=\"twitter:label1\" content=\"Escrito por\" \/>\n\t<meta name=\"twitter:data1\" content=\"Alejo Bernhardt\" \/>\n\t<meta name=\"twitter:label2\" content=\"Tiempo de lectura\" \/>\n\t<meta name=\"twitter:data2\" content=\"10 minutos\" \/>\n<script type=\"application\/ld+json\" class=\"yoast-schema-graph\">{\"@context\":\"https:\\\/\\\/schema.org\",\"@graph\":[{\"@type\":\"Article\",\"@id\":\"https:\\\/\\\/urbe.com.ar\\\/revista\\\/metodo-dialecto\\\/#article\",\"isPartOf\":{\"@id\":\"https:\\\/\\\/urbe.com.ar\\\/revista\\\/metodo-dialecto\\\/\"},\"author\":{\"name\":\"Alejo Bernhardt\",\"@id\":\"https:\\\/\\\/urbe.com.ar\\\/revista\\\/#\\\/schema\\\/person\\\/4ddcf051fa628850264f4c6d61f63ee2\"},\"headline\":\"M\u00e9todo Dialecto\",\"datePublished\":\"2024-10-09T14:29:13+00:00\",\"dateModified\":\"2024-10-10T15:29:47+00:00\",\"mainEntityOfPage\":{\"@id\":\"https:\\\/\\\/urbe.com.ar\\\/revista\\\/metodo-dialecto\\\/\"},\"wordCount\":2980,\"image\":{\"@id\":\"https:\\\/\\\/urbe.com.ar\\\/revista\\\/metodo-dialecto\\\/#primaryimage\"},\"thumbnailUrl\":\"https:\\\/\\\/i0.wp.com\\\/urbe.com.ar\\\/revista\\\/wp-content\\\/uploads\\\/2024\\\/10\\\/miniatura-copia-2.jpg?fit=2551%2C2297&ssl=1\",\"articleSection\":[\"ARTIFICIOS\"],\"inLanguage\":\"es\"},{\"@type\":\"WebPage\",\"@id\":\"https:\\\/\\\/urbe.com.ar\\\/revista\\\/metodo-dialecto\\\/\",\"url\":\"https:\\\/\\\/urbe.com.ar\\\/revista\\\/metodo-dialecto\\\/\",\"name\":\"M\u00e9todo Dialecto - Revista Urbe\",\"isPartOf\":{\"@id\":\"https:\\\/\\\/urbe.com.ar\\\/revista\\\/#website\"},\"primaryImageOfPage\":{\"@id\":\"https:\\\/\\\/urbe.com.ar\\\/revista\\\/metodo-dialecto\\\/#primaryimage\"},\"image\":{\"@id\":\"https:\\\/\\\/urbe.com.ar\\\/revista\\\/metodo-dialecto\\\/#primaryimage\"},\"thumbnailUrl\":\"https:\\\/\\\/i0.wp.com\\\/urbe.com.ar\\\/revista\\\/wp-content\\\/uploads\\\/2024\\\/10\\\/miniatura-copia-2.jpg?fit=2551%2C2297&ssl=1\",\"datePublished\":\"2024-10-09T14:29:13+00:00\",\"dateModified\":\"2024-10-10T15:29:47+00:00\",\"author\":{\"@id\":\"https:\\\/\\\/urbe.com.ar\\\/revista\\\/#\\\/schema\\\/person\\\/4ddcf051fa628850264f4c6d61f63ee2\"},\"breadcrumb\":{\"@id\":\"https:\\\/\\\/urbe.com.ar\\\/revista\\\/metodo-dialecto\\\/#breadcrumb\"},\"inLanguage\":\"es\",\"potentialAction\":[{\"@type\":\"ReadAction\",\"target\":[\"https:\\\/\\\/urbe.com.ar\\\/revista\\\/metodo-dialecto\\\/\"]}]},{\"@type\":\"ImageObject\",\"inLanguage\":\"es\",\"@id\":\"https:\\\/\\\/urbe.com.ar\\\/revista\\\/metodo-dialecto\\\/#primaryimage\",\"url\":\"https:\\\/\\\/i0.wp.com\\\/urbe.com.ar\\\/revista\\\/wp-content\\\/uploads\\\/2024\\\/10\\\/miniatura-copia-2.jpg?fit=2551%2C2297&ssl=1\",\"contentUrl\":\"https:\\\/\\\/i0.wp.com\\\/urbe.com.ar\\\/revista\\\/wp-content\\\/uploads\\\/2024\\\/10\\\/miniatura-copia-2.jpg?fit=2551%2C2297&ssl=1\",\"width\":2551,\"height\":2297},{\"@type\":\"BreadcrumbList\",\"@id\":\"https:\\\/\\\/urbe.com.ar\\\/revista\\\/metodo-dialecto\\\/#breadcrumb\",\"itemListElement\":[{\"@type\":\"ListItem\",\"position\":1,\"name\":\"Portada\",\"item\":\"https:\\\/\\\/urbe.com.ar\\\/revista\\\/\"},{\"@type\":\"ListItem\",\"position\":2,\"name\":\"M\u00e9todo Dialecto\"}]},{\"@type\":\"WebSite\",\"@id\":\"https:\\\/\\\/urbe.com.ar\\\/revista\\\/#website\",\"url\":\"https:\\\/\\\/urbe.com.ar\\\/revista\\\/\",\"name\":\"Revista Urbe\",\"description\":\"\",\"potentialAction\":[{\"@type\":\"SearchAction\",\"target\":{\"@type\":\"EntryPoint\",\"urlTemplate\":\"https:\\\/\\\/urbe.com.ar\\\/revista\\\/?s={search_term_string}\"},\"query-input\":{\"@type\":\"PropertyValueSpecification\",\"valueRequired\":true,\"valueName\":\"search_term_string\"}}],\"inLanguage\":\"es\"},{\"@type\":\"Person\",\"@id\":\"https:\\\/\\\/urbe.com.ar\\\/revista\\\/#\\\/schema\\\/person\\\/4ddcf051fa628850264f4c6d61f63ee2\",\"name\":\"Alejo Bernhardt\",\"image\":{\"@type\":\"ImageObject\",\"inLanguage\":\"es\",\"@id\":\"https:\\\/\\\/secure.gravatar.com\\\/avatar\\\/e17892015a0b2fe0e47a8387056c05584647b09de53f1ac00adae78b2f4fb443?s=96&d=mm&r=g\",\"url\":\"https:\\\/\\\/secure.gravatar.com\\\/avatar\\\/e17892015a0b2fe0e47a8387056c05584647b09de53f1ac00adae78b2f4fb443?s=96&d=mm&r=g\",\"contentUrl\":\"https:\\\/\\\/secure.gravatar.com\\\/avatar\\\/e17892015a0b2fe0e47a8387056c05584647b09de53f1ac00adae78b2f4fb443?s=96&d=mm&r=g\",\"caption\":\"Alejo Bernhardt\"},\"url\":\"https:\\\/\\\/urbe.com.ar\\\/revista\\\/author\\\/alejo-bernhardt\\\/\"}]}<\/script>\n<!-- \/ Yoast SEO plugin. -->","yoast_head_json":{"title":"M\u00e9todo Dialecto - Revista Urbe","robots":{"index":"index","follow":"follow","max-snippet":"max-snippet:-1","max-image-preview":"max-image-preview:large","max-video-preview":"max-video-preview:-1"},"canonical":"https:\/\/urbe.com.ar\/revista\/metodo-dialecto\/","og_locale":"es_ES","og_type":"article","og_title":"M\u00e9todo Dialecto - Revista Urbe","og_description":"Por Facundo Rocca","og_url":"https:\/\/urbe.com.ar\/revista\/metodo-dialecto\/","og_site_name":"Revista Urbe","article_published_time":"2024-10-09T14:29:13+00:00","article_modified_time":"2024-10-10T15:29:47+00:00","og_image":[{"width":1024,"height":922,"url":"https:\/\/urbe.com.ar\/revista\/wp-content\/uploads\/2024\/10\/miniatura-copia-2-1024x922.jpg","type":"image\/jpeg"}],"author":"Alejo Bernhardt","twitter_card":"summary_large_image","twitter_creator":"@Revistaurbe_","twitter_site":"@Revistaurbe_","twitter_misc":{"Escrito por":"Alejo Bernhardt","Tiempo de lectura":"10 minutos"},"schema":{"@context":"https:\/\/schema.org","@graph":[{"@type":"Article","@id":"https:\/\/urbe.com.ar\/revista\/metodo-dialecto\/#article","isPartOf":{"@id":"https:\/\/urbe.com.ar\/revista\/metodo-dialecto\/"},"author":{"name":"Alejo Bernhardt","@id":"https:\/\/urbe.com.ar\/revista\/#\/schema\/person\/4ddcf051fa628850264f4c6d61f63ee2"},"headline":"M\u00e9todo Dialecto","datePublished":"2024-10-09T14:29:13+00:00","dateModified":"2024-10-10T15:29:47+00:00","mainEntityOfPage":{"@id":"https:\/\/urbe.com.ar\/revista\/metodo-dialecto\/"},"wordCount":2980,"image":{"@id":"https:\/\/urbe.com.ar\/revista\/metodo-dialecto\/#primaryimage"},"thumbnailUrl":"https:\/\/i0.wp.com\/urbe.com.ar\/revista\/wp-content\/uploads\/2024\/10\/miniatura-copia-2.jpg?fit=2551%2C2297&ssl=1","articleSection":["ARTIFICIOS"],"inLanguage":"es"},{"@type":"WebPage","@id":"https:\/\/urbe.com.ar\/revista\/metodo-dialecto\/","url":"https:\/\/urbe.com.ar\/revista\/metodo-dialecto\/","name":"M\u00e9todo Dialecto - Revista Urbe","isPartOf":{"@id":"https:\/\/urbe.com.ar\/revista\/#website"},"primaryImageOfPage":{"@id":"https:\/\/urbe.com.ar\/revista\/metodo-dialecto\/#primaryimage"},"image":{"@id":"https:\/\/urbe.com.ar\/revista\/metodo-dialecto\/#primaryimage"},"thumbnailUrl":"https:\/\/i0.wp.com\/urbe.com.ar\/revista\/wp-content\/uploads\/2024\/10\/miniatura-copia-2.jpg?fit=2551%2C2297&ssl=1","datePublished":"2024-10-09T14:29:13+00:00","dateModified":"2024-10-10T15:29:47+00:00","author":{"@id":"https:\/\/urbe.com.ar\/revista\/#\/schema\/person\/4ddcf051fa628850264f4c6d61f63ee2"},"breadcrumb":{"@id":"https:\/\/urbe.com.ar\/revista\/metodo-dialecto\/#breadcrumb"},"inLanguage":"es","potentialAction":[{"@type":"ReadAction","target":["https:\/\/urbe.com.ar\/revista\/metodo-dialecto\/"]}]},{"@type":"ImageObject","inLanguage":"es","@id":"https:\/\/urbe.com.ar\/revista\/metodo-dialecto\/#primaryimage","url":"https:\/\/i0.wp.com\/urbe.com.ar\/revista\/wp-content\/uploads\/2024\/10\/miniatura-copia-2.jpg?fit=2551%2C2297&ssl=1","contentUrl":"https:\/\/i0.wp.com\/urbe.com.ar\/revista\/wp-content\/uploads\/2024\/10\/miniatura-copia-2.jpg?fit=2551%2C2297&ssl=1","width":2551,"height":2297},{"@type":"BreadcrumbList","@id":"https:\/\/urbe.com.ar\/revista\/metodo-dialecto\/#breadcrumb","itemListElement":[{"@type":"ListItem","position":1,"name":"Portada","item":"https:\/\/urbe.com.ar\/revista\/"},{"@type":"ListItem","position":2,"name":"M\u00e9todo Dialecto"}]},{"@type":"WebSite","@id":"https:\/\/urbe.com.ar\/revista\/#website","url":"https:\/\/urbe.com.ar\/revista\/","name":"Revista Urbe","description":"","potentialAction":[{"@type":"SearchAction","target":{"@type":"EntryPoint","urlTemplate":"https:\/\/urbe.com.ar\/revista\/?s={search_term_string}"},"query-input":{"@type":"PropertyValueSpecification","valueRequired":true,"valueName":"search_term_string"}}],"inLanguage":"es"},{"@type":"Person","@id":"https:\/\/urbe.com.ar\/revista\/#\/schema\/person\/4ddcf051fa628850264f4c6d61f63ee2","name":"Alejo Bernhardt","image":{"@type":"ImageObject","inLanguage":"es","@id":"https:\/\/secure.gravatar.com\/avatar\/e17892015a0b2fe0e47a8387056c05584647b09de53f1ac00adae78b2f4fb443?s=96&d=mm&r=g","url":"https:\/\/secure.gravatar.com\/avatar\/e17892015a0b2fe0e47a8387056c05584647b09de53f1ac00adae78b2f4fb443?s=96&d=mm&r=g","contentUrl":"https:\/\/secure.gravatar.com\/avatar\/e17892015a0b2fe0e47a8387056c05584647b09de53f1ac00adae78b2f4fb443?s=96&d=mm&r=g","caption":"Alejo Bernhardt"},"url":"https:\/\/urbe.com.ar\/revista\/author\/alejo-bernhardt\/"}]}},"jetpack_featured_media_url":"https:\/\/i0.wp.com\/urbe.com.ar\/revista\/wp-content\/uploads\/2024\/10\/miniatura-copia-2.jpg?fit=2551%2C2297&ssl=1","jetpack_sharing_enabled":true,"_links":{"self":[{"href":"https:\/\/urbe.com.ar\/revista\/wp-json\/wp\/v2\/posts\/10316","targetHints":{"allow":["GET"]}}],"collection":[{"href":"https:\/\/urbe.com.ar\/revista\/wp-json\/wp\/v2\/posts"}],"about":[{"href":"https:\/\/urbe.com.ar\/revista\/wp-json\/wp\/v2\/types\/post"}],"author":[{"embeddable":true,"href":"https:\/\/urbe.com.ar\/revista\/wp-json\/wp\/v2\/users\/10"}],"replies":[{"embeddable":true,"href":"https:\/\/urbe.com.ar\/revista\/wp-json\/wp\/v2\/comments?post=10316"}],"version-history":[{"count":9,"href":"https:\/\/urbe.com.ar\/revista\/wp-json\/wp\/v2\/posts\/10316\/revisions"}],"predecessor-version":[{"id":10332,"href":"https:\/\/urbe.com.ar\/revista\/wp-json\/wp\/v2\/posts\/10316\/revisions\/10332"}],"wp:featuredmedia":[{"embeddable":true,"href":"https:\/\/urbe.com.ar\/revista\/wp-json\/wp\/v2\/media\/10321"}],"wp:attachment":[{"href":"https:\/\/urbe.com.ar\/revista\/wp-json\/wp\/v2\/media?parent=10316"}],"wp:term":[{"taxonomy":"category","embeddable":true,"href":"https:\/\/urbe.com.ar\/revista\/wp-json\/wp\/v2\/categories?post=10316"},{"taxonomy":"post_tag","embeddable":true,"href":"https:\/\/urbe.com.ar\/revista\/wp-json\/wp\/v2\/tags?post=10316"}],"curies":[{"name":"wp","href":"https:\/\/api.w.org\/{rel}","templated":true}]}}